{"id":999,"date":"2013-03-21T12:19:37","date_gmt":"2013-03-21T12:19:37","guid":{"rendered":""},"modified":"2020-04-06T22:05:58","modified_gmt":"2020-04-06T20:05:58","slug":"nisi-mesimi-ne-shkollat-e-kishes-sone-per-here-te-pare-hapet-gjimnazi-protagonistet-ne-tirane","status":"publish","type":"post","link":"https:\/\/orthodoxalbania.org\/2020\/2013\/03\/21\/nisi-mesimi-ne-shkollat-e-kishes-sone-per-here-te-pare-hapet-gjimnazi-protagonistet-ne-tirane\/","title":{"rendered":"Nisi m\u00ebsimi n\u00eb shkollat e Kish\u00ebs son\u00eb, p\u00ebr her\u00eb t\u00eb par\u00eb hapet gjimnazi \u201cProtagonist\u00ebt\u201d n\u00eb Tiran\u00eb. (10 Shtator 2012)"},"content":{"rendered":"<div style=\"text-align: justify;\">\n\t<span style=\"color:#000000;\"><span style=\"font-family: tahoma,geneva,sans-serif;\"><span style=\"font-size: 12px;\"><img class=\"lazyload\" decoding=\"async\" src=\"data:image\/gif;base64,R0lGODlhAQABAAAAACH5BAEKAAEALAAAAAABAAEAAAICTAEAOw==\" data-orig-src=\"https:\/\/lh5.googleusercontent.com\/-jmpdRXzBwq0\/UK9HX9vSRrI\/AAAAAAAABK8\/blqQItjPiTw\/s640\/P1010014.JPG\" style=\"width: 300px; height: 225px; border-width: 1px; border-style: solid; margin: 10px; float: left;\" \/>&nbsp;&nbsp;&nbsp; N\u00eb 10 shtator nisi dita e par\u00eb e shkoll\u00ebs me entuziazmin e nx\u00ebn\u00ebsve dhe mobilizimin e m\u00ebsuesve. Sipas informacioneve q\u00eb kemi marr\u00eb nga drejtuesit e k\u00ebtyre shkollave m\u00ebsuam se stafi ka punuar me p\u00ebrkushtim p\u00ebr p\u00ebrshtatjen me program bashk\u00ebkohor m\u00ebsimdh\u00ebnieje, nd\u00ebrkoh\u00eb q\u00eb k\u00ebt\u00eb vit do stimulohen edhe m\u00eb shum\u00eb nx\u00ebn\u00ebsit p\u00ebr t\u00eb qen\u00eb m\u00eb krijues n\u00eb t\u00eb gjitha veprimtarit\u00eb, p\u00ebr t\u00eb rritur edhe m\u00eb shum\u00eb standardin dhe cil\u00ebsin\u00eb e rezultateve. Numri i regjistrimeve edhe p\u00ebr k\u00ebt\u00eb vit ka qen\u00eb i k\u00ebnaqsh\u00ebm.&nbsp; Nx\u00ebn\u00ebsit e t\u00eb gjitha shkollave t\u00eb Kish\u00ebs son\u00eb jan\u00eb pajisur me t\u00eb gjith\u00eb librat dhe mjetet didaktike, duke pasur kushte shum\u00eb t\u00eb mira, me kabinete t\u00eb rregulluara dhe klasa me parametra moderne. N\u00eb vitin e tet\u00eb t\u00eb funksionimit, shkolla 9 vje\u00e7are shqiptaro-greke \u201cFrym\u00eb Dashurie\u201d, pran\u00eb kish\u00ebs s\u00eb sh\u00ebn Gjergjit, Durr\u00ebs, sivjet ka risi laboratorin e fizik\u00ebs dhe kimis\u00eb, q\u00eb \u00e7elen p\u00ebr her\u00eb t\u00eb par\u00eb n\u00eb funksionim t\u00eb m\u00ebsimdh\u00ebnies.Shkolla e mesme kishtare \u201cKryqi i Nderuar\u201d n\u00eb Sukth t\u00eb Durr\u00ebs, ka shtuar numrin e kompjuterave n\u00eb laboratorin e informatik\u00ebs, nd\u00ebrkoh\u00eb q\u00eb p\u00ebr l\u00ebnd\u00ebn e kimis\u00eb \u00ebsht\u00eb marr\u00eb baz\u00eb e ve\u00e7ant\u00eb materiale.<\/span><\/span><\/span><\/div>\n<div style=\"text-align: justify;\">\n\t<br \/>\n\t<span style=\"color:#000000;\"><span style=\"font-family: tahoma,geneva,sans-serif;\"><span style=\"font-size: 12px;\">&nbsp;&nbsp;&nbsp; Shkolla e mesme profesionale \u201cApostull Pavli\u201d, n\u00eb fshatin Mesopotam t\u00eb Delvin\u00ebs, sivjet pati prurje t\u00eb shumta nga emigracioni, ku t\u00eb rinj t\u00eb kthyer n\u00eb Shqip\u00ebri si rezultat i kriz\u00ebs ekonomike n\u00eb Greqi, kan\u00eb nisur studimet n\u00eb k\u00ebt\u00eb institucion edukues t\u00eb Kish\u00ebs son\u00eb.<\/span><\/span><\/span><\/div>\n<div style=\"text-align: justify;\">\n\t<br \/>\n\t<span style=\"color:#000000;\"><span style=\"font-family: tahoma,geneva,sans-serif;\"><span style=\"font-size: 12px;\">&nbsp;&nbsp;&nbsp; Lajmi m\u00eb i ve\u00e7ant\u00eb vjen nga shkolla shqiptaro-amerikane \u201cProtagonist\u00ebt\u201d n\u00eb Tiran\u00eb, e cila p\u00ebr her\u00eb t\u00eb par\u00eb \u00e7eli gjimnazin, n\u00eb vazhdim\u00ebsi t\u00eb p\u00ebrvoj\u00ebs zinxhirr dhe disavje\u00e7are t\u00eb shkoll\u00ebs 9-vje\u00e7are. Deri tani ka interes t\u00eb lart\u00eb t\u00eb nx\u00ebn\u00ebsve p\u00ebr t\u00eb frekuentuar vitin e par\u00eb. Edhe shkollat e tjera t\u00eb themeluara n\u00ebn p\u00ebrkujdesjen dhe mb\u00ebshtetjen e gjithanshme t\u00eb Kryepiskopit Anastas i hap\u00ebn dyert p\u00ebr nx\u00ebn\u00ebsit me t\u00eb gjitha pajisjet didaktike dhe stafin profesional.&nbsp;<\/span><\/span><\/span><\/div>\n<div style=\"text-align: justify;\">\n\t<br \/>\n\t<span style=\"color:#000000;\"><span style=\"font-family: tahoma,geneva,sans-serif;\"><span style=\"font-size: 12px;\">&nbsp;&nbsp;&nbsp; Kisha jon\u00eb e Shenjt\u00eb Orthodhokse i kushton shum\u00eb r\u00ebnd\u00ebsi misionit edukues p\u00ebr t\u00eb gjitha grupmoshat. Me ndihm\u00ebn dhe fondet e mbledhura nga Kryepiskopi Anastas, n\u00eb t\u00eb gjith\u00eb Shqip\u00ebrin\u00eb nd\u00ebr vite jan\u00eb hapur shkolla t\u00eb ndryshme, ku vlen t\u00eb p\u00ebrmendim: shkoll\u00ebn 9-vje\u00e7are dhe liceun shqiptaro-amerikan \u201cProtagonist\u00ebt\u201d, n\u00eb Tiran\u00eb, shkolla tjet\u00ebr 9 vje\u00e7are shqiptaro-greke \u201cFrym\u00eb Dashurie\u201d, pran\u00eb kish\u00ebs s\u00eb sh\u00ebn Gjergjit, Durr\u00ebs dhe Gjirokast\u00ebr, shkolla e mesme kishtare \u201cKryqi i Nderuar\u201d n\u00eb Gjirokast\u00ebr dhe n\u00eb Sukth t\u00eb Durr\u00ebs, shkolla e mesme profesionale \u201cApostull Pavli\u201d, n\u00eb fshatin Mesopotam t\u00eb Delvin\u00ebs.<\/span><\/span><\/span><\/div>\n<div style=\"text-align: right;\">\n<p>\t<span style=\"color:#000000;\"><span style=\"font-family: tahoma,geneva,sans-serif;\"><span style=\"font-size: 12px;\"><strong>&nbsp;Isidor Koti<\/strong><\/span><\/span><\/span><\/div>\n<div style=\"text-align: justify;\">\n\t<span style=\"color:#000000;\"><span style=\"font-family: tahoma,geneva,sans-serif;\"><span style=\"font-size: 12px;\"><img class=\"lazyload\" decoding=\"async\" src=\"data:image\/gif;base64,R0lGODlhAQABAAAAACH5BAEKAAEALAAAAAABAAEAAAICTAEAOw==\" data-orig-src=\"https:\/\/lh6.googleusercontent.com\/-q--3FgNRzZk\/UK9HY26DyTI\/AAAAAAAABLM\/-Z9n9H8d0QQ\/s640\/P1010023.JPG\" style=\"width: 600px; height: 450px; border-width: 1px; border-style: solid; margin: 10px; float: left;\" \/><\/span><\/span><\/span><\/p>\n<p>\t&nbsp;<\/p><\/div>\n","protected":false},"excerpt":{"rendered":"<p>&nbsp;&nbsp;&nbsp; N\u00eb 10 shtator nisi dita e par\u00eb e shkoll\u00ebs me entuziazmin e nx\u00ebn\u00ebsve dhe mobilizimin e m\u00ebsuesve. Sipas informacioneve q\u00eb kemi marr\u00eb nga drejtuesit e k\u00ebtyre shkollave m\u00ebsuam se stafi ka punuar me p\u00ebrkushtim p\u00ebr p\u00ebrshtatjen me program bashk\u00ebkohor m\u00ebsimdh\u00ebnieje, nd\u00ebrkoh\u00eb q\u00eb k\u00ebt\u00eb vit do stimulohen edhe m\u00eb shum\u00eb nx\u00ebn\u00ebsit p\u00ebr t\u00eb qen\u00eb m\u00eb krijues n\u00eb t\u00eb gjitha veprimtarit\u00eb, p\u00ebr t\u00eb rritur edhe m\u00eb<\/p>\n","protected":false},"author":1,"featured_media":0,"comment_status":"open","ping_status":"open","sticky":false,"template":"","format":"standard","meta":{"_acf_changed":false,"pagelayer_contact_templates":[],"_pagelayer_content":"","inline_featured_image":false,"fifu_image_url":"","fifu_image_alt":"","footnotes":""},"categories":[108],"tags":[142,175,196,212],"class_list":["post-999","post","type-post","status-publish","format-standard","hentry","category-lajme","tag-142","tag-institucione-parashkollore-te-kishes-orthodhokse","tag-tirane","tag-lajme-d27"],"acf":[],"yoast_head":"<!-- This site is optimized with the Yoast SEO plugin v27.2 - https:\/\/yoast.com\/product\/yoast-seo-wordpress\/ -->\n<title>Nisi m\u00ebsimi n\u00eb shkollat e Kish\u00ebs son\u00eb, p\u00ebr her\u00eb t\u00eb par\u00eb hapet gjimnazi \u201cProtagonist\u00ebt\u201d n\u00eb Tiran\u00eb. (10 Shtator 2012) - Kisha Orthodh\u03bfkse Autoqefale e Shqip\u00ebris\u00eb<\/title>\n<meta name=\"robots\" content=\"index, follow, max-snippet:-1, max-image-preview:large, max-video-preview:-1\" \/>\n<link rel=\"canonical\" href=\"https:\/\/orthodoxalbania.org\/2020\/2013\/03\/21\/nisi-mesimi-ne-shkollat-e-kishes-sone-per-here-te-pare-hapet-gjimnazi-protagonistet-ne-tirane\/\" \/>\n<meta property=\"og:locale\" content=\"en_US\" \/>\n<meta property=\"og:type\" content=\"article\" \/>\n<meta property=\"og:title\" content=\"Nisi m\u00ebsimi n\u00eb shkollat e Kish\u00ebs son\u00eb, p\u00ebr her\u00eb t\u00eb par\u00eb hapet gjimnazi \u201cProtagonist\u00ebt\u201d n\u00eb Tiran\u00eb. (10 Shtator 2012) - Kisha Orthodh\u03bfkse Autoqefale e Shqip\u00ebris\u00eb\" \/>\n<meta property=\"og:description\" content=\"&nbsp;&nbsp;&nbsp; N\u00eb 10 shtator nisi dita e par\u00eb e shkoll\u00ebs me entuziazmin e nx\u00ebn\u00ebsve dhe mobilizimin e m\u00ebsuesve. Sipas informacioneve q\u00eb kemi marr\u00eb nga drejtuesit e k\u00ebtyre shkollave m\u00ebsuam se stafi ka punuar me p\u00ebrkushtim p\u00ebr p\u00ebrshtatjen me program bashk\u00ebkohor m\u00ebsimdh\u00ebnieje, nd\u00ebrkoh\u00eb q\u00eb k\u00ebt\u00eb vit do stimulohen edhe m\u00eb shum\u00eb nx\u00ebn\u00ebsit p\u00ebr t\u00eb qen\u00eb m\u00eb krijues n\u00eb t\u00eb gjitha veprimtarit\u00eb, p\u00ebr t\u00eb rritur edhe m\u00eb\" \/>\n<meta property=\"og:url\" content=\"https:\/\/orthodoxalbania.org\/2020\/2013\/03\/21\/nisi-mesimi-ne-shkollat-e-kishes-sone-per-here-te-pare-hapet-gjimnazi-protagonistet-ne-tirane\/\" \/>\n<meta property=\"og:site_name\" content=\"Kisha Orthodh\u03bfkse Autoqefale e Shqip\u00ebris\u00eb\" \/>\n<meta property=\"article:publisher\" content=\"https:\/\/www.facebook.com\/koash1991\" \/>\n<meta property=\"article:published_time\" content=\"2013-03-21T12:19:37+00:00\" \/>\n<meta property=\"article:modified_time\" content=\"2020-04-06T20:05:58+00:00\" \/>\n<meta property=\"og:image\" content=\"https:\/\/lh5.googleusercontent.com\/-jmpdRXzBwq0\/UK9HX9vSRrI\/AAAAAAAABK8\/blqQItjPiTw\/s640\/P1010014.JPG\" \/>\n<meta name=\"author\" content=\"Kisha Orthodhokse\" \/>\n<meta name=\"twitter:card\" content=\"summary_large_image\" \/>\n<meta name=\"twitter:label1\" content=\"Written by\" \/>\n\t<meta name=\"twitter:data1\" content=\"Kisha Orthodhokse\" \/>\n\t<meta name=\"twitter:label2\" content=\"Est. reading time\" \/>\n\t<meta name=\"twitter:data2\" content=\"2 minutes\" \/>\n<script type=\"application\/ld+json\" class=\"yoast-schema-graph\">{\"@context\":\"https:\/\/schema.org\",\"@graph\":[{\"@type\":\"Article\",\"@id\":\"https:\/\/orthodoxalbania.org\/2020\/2013\/03\/21\/nisi-mesimi-ne-shkollat-e-kishes-sone-per-here-te-pare-hapet-gjimnazi-protagonistet-ne-tirane\/#article\",\"isPartOf\":{\"@id\":\"https:\/\/orthodoxalbania.org\/2020\/2013\/03\/21\/nisi-mesimi-ne-shkollat-e-kishes-sone-per-here-te-pare-hapet-gjimnazi-protagonistet-ne-tirane\/\"},\"author\":{\"name\":\"Kisha Orthodhokse\",\"@id\":\"https:\/\/orthodoxalbania.org\/2020\/#\/schema\/person\/0c387634a7063ac612d7ed9ce71c7e86\"},\"headline\":\"Nisi m\u00ebsimi n\u00eb shkollat e Kish\u00ebs son\u00eb, p\u00ebr her\u00eb t\u00eb par\u00eb hapet gjimnazi \u201cProtagonist\u00ebt\u201d n\u00eb Tiran\u00eb. (10 Shtator 2012)\",\"datePublished\":\"2013-03-21T12:19:37+00:00\",\"dateModified\":\"2020-04-06T20:05:58+00:00\",\"mainEntityOfPage\":{\"@id\":\"https:\/\/orthodoxalbania.org\/2020\/2013\/03\/21\/nisi-mesimi-ne-shkollat-e-kishes-sone-per-here-te-pare-hapet-gjimnazi-protagonistet-ne-tirane\/\"},\"wordCount\":501,\"commentCount\":0,\"publisher\":{\"@id\":\"https:\/\/orthodoxalbania.org\/2020\/#organization\"},\"image\":{\"@id\":\"https:\/\/orthodoxalbania.org\/2020\/2013\/03\/21\/nisi-mesimi-ne-shkollat-e-kishes-sone-per-here-te-pare-hapet-gjimnazi-protagonistet-ne-tirane\/#primaryimage\"},\"thumbnailUrl\":\"https:\/\/lh5.googleusercontent.com\/-jmpdRXzBwq0\/UK9HX9vSRrI\/AAAAAAAABK8\/blqQItjPiTw\/s640\/P1010014.JPG\",\"keywords\":[\"2012\",\"Institucione Parashkollore t\u00eb Kish\u00ebs Orthodhokse\",\"Kryepiskopata Tiran\u00eb\",\"lajme\"],\"articleSection\":[\"Lajme\"],\"inLanguage\":\"en-US\"},{\"@type\":\"WebPage\",\"@id\":\"https:\/\/orthodoxalbania.org\/2020\/2013\/03\/21\/nisi-mesimi-ne-shkollat-e-kishes-sone-per-here-te-pare-hapet-gjimnazi-protagonistet-ne-tirane\/\",\"url\":\"https:\/\/orthodoxalbania.org\/2020\/2013\/03\/21\/nisi-mesimi-ne-shkollat-e-kishes-sone-per-here-te-pare-hapet-gjimnazi-protagonistet-ne-tirane\/\",\"name\":\"Nisi m\u00ebsimi n\u00eb shkollat e Kish\u00ebs son\u00eb, p\u00ebr her\u00eb t\u00eb par\u00eb hapet gjimnazi \u201cProtagonist\u00ebt\u201d n\u00eb Tiran\u00eb. (10 Shtator 2012) - Kisha Orthodh\u03bfkse Autoqefale e Shqip\u00ebris\u00eb\",\"isPartOf\":{\"@id\":\"https:\/\/orthodoxalbania.org\/2020\/#website\"},\"primaryImageOfPage\":{\"@id\":\"https:\/\/orthodoxalbania.org\/2020\/2013\/03\/21\/nisi-mesimi-ne-shkollat-e-kishes-sone-per-here-te-pare-hapet-gjimnazi-protagonistet-ne-tirane\/#primaryimage\"},\"image\":{\"@id\":\"https:\/\/orthodoxalbania.org\/2020\/2013\/03\/21\/nisi-mesimi-ne-shkollat-e-kishes-sone-per-here-te-pare-hapet-gjimnazi-protagonistet-ne-tirane\/#primaryimage\"},\"thumbnailUrl\":\"https:\/\/lh5.googleusercontent.com\/-jmpdRXzBwq0\/UK9HX9vSRrI\/AAAAAAAABK8\/blqQItjPiTw\/s640\/P1010014.JPG\",\"datePublished\":\"2013-03-21T12:19:37+00:00\",\"dateModified\":\"2020-04-06T20:05:58+00:00\",\"breadcrumb\":{\"@id\":\"https:\/\/orthodoxalbania.org\/2020\/2013\/03\/21\/nisi-mesimi-ne-shkollat-e-kishes-sone-per-here-te-pare-hapet-gjimnazi-protagonistet-ne-tirane\/#breadcrumb\"},\"inLanguage\":\"en-US\",\"potentialAction\":[{\"@type\":\"ReadAction\",\"target\":[\"https:\/\/orthodoxalbania.org\/2020\/2013\/03\/21\/nisi-mesimi-ne-shkollat-e-kishes-sone-per-here-te-pare-hapet-gjimnazi-protagonistet-ne-tirane\/\"]}]},{\"@type\":\"ImageObject\",\"inLanguage\":\"en-US\",\"@id\":\"https:\/\/orthodoxalbania.org\/2020\/2013\/03\/21\/nisi-mesimi-ne-shkollat-e-kishes-sone-per-here-te-pare-hapet-gjimnazi-protagonistet-ne-tirane\/#primaryimage\",\"url\":\"https:\/\/lh5.googleusercontent.com\/-jmpdRXzBwq0\/UK9HX9vSRrI\/AAAAAAAABK8\/blqQItjPiTw\/s640\/P1010014.JPG\",\"contentUrl\":\"https:\/\/lh5.googleusercontent.com\/-jmpdRXzBwq0\/UK9HX9vSRrI\/AAAAAAAABK8\/blqQItjPiTw\/s640\/P1010014.JPG\"},{\"@type\":\"BreadcrumbList\",\"@id\":\"https:\/\/orthodoxalbania.org\/2020\/2013\/03\/21\/nisi-mesimi-ne-shkollat-e-kishes-sone-per-here-te-pare-hapet-gjimnazi-protagonistet-ne-tirane\/#breadcrumb\",\"itemListElement\":[{\"@type\":\"ListItem\",\"position\":1,\"name\":\"Home\",\"item\":\"https:\/\/orthodoxalbania.org\/2020\/\"},{\"@type\":\"ListItem\",\"position\":2,\"name\":\"Nisi m\u00ebsimi n\u00eb shkollat e Kish\u00ebs son\u00eb, p\u00ebr her\u00eb t\u00eb par\u00eb hapet gjimnazi \u201cProtagonist\u00ebt\u201d n\u00eb Tiran\u00eb. (10 Shtator 2012)\"}]},{\"@type\":\"WebSite\",\"@id\":\"https:\/\/orthodoxalbania.org\/2020\/#website\",\"url\":\"https:\/\/orthodoxalbania.org\/2020\/\",\"name\":\"Kisha Orthodh\u03bfkse Autoqefale e Shqip\u00ebris\u00eb\",\"description\":\"Fqja Zyrtare e Kish\u00ebs Orthodhokse Autoqefale e Shqip\u00ebris\u00eb me lajmet edhe informacionet zyrtare p\u00ebr struktur\u00ebn edhe veprimtarin e saj.\",\"publisher\":{\"@id\":\"https:\/\/orthodoxalbania.org\/2020\/#organization\"},\"potentialAction\":[{\"@type\":\"SearchAction\",\"target\":{\"@type\":\"EntryPoint\",\"urlTemplate\":\"https:\/\/orthodoxalbania.org\/2020\/?s={search_term_string}\"},\"query-input\":{\"@type\":\"PropertyValueSpecification\",\"valueRequired\":true,\"valueName\":\"search_term_string\"}}],\"inLanguage\":\"en-US\"},{\"@type\":\"Organization\",\"@id\":\"https:\/\/orthodoxalbania.org\/2020\/#organization\",\"name\":\"Kisha Orthodhokse Autoqefale e Shqip\u00ebris\u00eb\",\"url\":\"https:\/\/orthodoxalbania.org\/2020\/\",\"logo\":{\"@type\":\"ImageObject\",\"inLanguage\":\"en-US\",\"@id\":\"https:\/\/orthodoxalbania.org\/2020\/#\/schema\/logo\/image\/\",\"url\":\"https:\/\/orthodoxalbania.org\/2020\/wp-content\/uploads\/2020\/05\/albania.jpeg\",\"contentUrl\":\"https:\/\/orthodoxalbania.org\/2020\/wp-content\/uploads\/2020\/05\/albania.jpeg\",\"width\":540,\"height\":540,\"caption\":\"Kisha Orthodhokse Autoqefale e Shqip\u00ebris\u00eb\"},\"image\":{\"@id\":\"https:\/\/orthodoxalbania.org\/2020\/#\/schema\/logo\/image\/\"},\"sameAs\":[\"https:\/\/www.facebook.com\/koash1991\"]},{\"@type\":\"Person\",\"@id\":\"https:\/\/orthodoxalbania.org\/2020\/#\/schema\/person\/0c387634a7063ac612d7ed9ce71c7e86\",\"name\":\"Kisha Orthodhokse\",\"image\":{\"@type\":\"ImageObject\",\"inLanguage\":\"en-US\",\"@id\":\"https:\/\/secure.gravatar.com\/avatar\/596e7c417251e30f2fbb9c00e026fce61a695a00e51c889caded71c96cbbdde5?s=96&d=mm&r=g\",\"url\":\"https:\/\/secure.gravatar.com\/avatar\/596e7c417251e30f2fbb9c00e026fce61a695a00e51c889caded71c96cbbdde5?s=96&d=mm&r=g\",\"contentUrl\":\"https:\/\/secure.gravatar.com\/avatar\/596e7c417251e30f2fbb9c00e026fce61a695a00e51c889caded71c96cbbdde5?s=96&d=mm&r=g\",\"caption\":\"Kisha Orthodhokse\"}}]}<\/script>\n<!-- \/ Yoast SEO plugin. -->","yoast_head_json":{"title":"Nisi m\u00ebsimi n\u00eb shkollat e Kish\u00ebs son\u00eb, p\u00ebr her\u00eb t\u00eb par\u00eb hapet gjimnazi \u201cProtagonist\u00ebt\u201d n\u00eb Tiran\u00eb. (10 Shtator 2012) - Kisha Orthodh\u03bfkse Autoqefale e Shqip\u00ebris\u00eb","robots":{"index":"index","follow":"follow","max-snippet":"max-snippet:-1","max-image-preview":"max-image-preview:large","max-video-preview":"max-video-preview:-1"},"canonical":"https:\/\/orthodoxalbania.org\/2020\/2013\/03\/21\/nisi-mesimi-ne-shkollat-e-kishes-sone-per-here-te-pare-hapet-gjimnazi-protagonistet-ne-tirane\/","og_locale":"en_US","og_type":"article","og_title":"Nisi m\u00ebsimi n\u00eb shkollat e Kish\u00ebs son\u00eb, p\u00ebr her\u00eb t\u00eb par\u00eb hapet gjimnazi \u201cProtagonist\u00ebt\u201d n\u00eb Tiran\u00eb. (10 Shtator 2012) - Kisha Orthodh\u03bfkse Autoqefale e Shqip\u00ebris\u00eb","og_description":"&nbsp;&nbsp;&nbsp; N\u00eb 10 shtator nisi dita e par\u00eb e shkoll\u00ebs me entuziazmin e nx\u00ebn\u00ebsve dhe mobilizimin e m\u00ebsuesve. Sipas informacioneve q\u00eb kemi marr\u00eb nga drejtuesit e k\u00ebtyre shkollave m\u00ebsuam se stafi ka punuar me p\u00ebrkushtim p\u00ebr p\u00ebrshtatjen me program bashk\u00ebkohor m\u00ebsimdh\u00ebnieje, nd\u00ebrkoh\u00eb q\u00eb k\u00ebt\u00eb vit do stimulohen edhe m\u00eb shum\u00eb nx\u00ebn\u00ebsit p\u00ebr t\u00eb qen\u00eb m\u00eb krijues n\u00eb t\u00eb gjitha veprimtarit\u00eb, p\u00ebr t\u00eb rritur edhe m\u00eb","og_url":"https:\/\/orthodoxalbania.org\/2020\/2013\/03\/21\/nisi-mesimi-ne-shkollat-e-kishes-sone-per-here-te-pare-hapet-gjimnazi-protagonistet-ne-tirane\/","og_site_name":"Kisha Orthodh\u03bfkse Autoqefale e Shqip\u00ebris\u00eb","article_publisher":"https:\/\/www.facebook.com\/koash1991","article_published_time":"2013-03-21T12:19:37+00:00","article_modified_time":"2020-04-06T20:05:58+00:00","og_image":[{"url":"https:\/\/lh5.googleusercontent.com\/-jmpdRXzBwq0\/UK9HX9vSRrI\/AAAAAAAABK8\/blqQItjPiTw\/s640\/P1010014.JPG","type":"","width":"","height":""}],"author":"Kisha Orthodhokse","twitter_card":"summary_large_image","twitter_misc":{"Written by":"Kisha Orthodhokse","Est. reading time":"2 minutes"},"schema":{"@context":"https:\/\/schema.org","@graph":[{"@type":"Article","@id":"https:\/\/orthodoxalbania.org\/2020\/2013\/03\/21\/nisi-mesimi-ne-shkollat-e-kishes-sone-per-here-te-pare-hapet-gjimnazi-protagonistet-ne-tirane\/#article","isPartOf":{"@id":"https:\/\/orthodoxalbania.org\/2020\/2013\/03\/21\/nisi-mesimi-ne-shkollat-e-kishes-sone-per-here-te-pare-hapet-gjimnazi-protagonistet-ne-tirane\/"},"author":{"name":"Kisha Orthodhokse","@id":"https:\/\/orthodoxalbania.org\/2020\/#\/schema\/person\/0c387634a7063ac612d7ed9ce71c7e86"},"headline":"Nisi m\u00ebsimi n\u00eb shkollat e Kish\u00ebs son\u00eb, p\u00ebr her\u00eb t\u00eb par\u00eb hapet gjimnazi \u201cProtagonist\u00ebt\u201d n\u00eb Tiran\u00eb. (10 Shtator 2012)","datePublished":"2013-03-21T12:19:37+00:00","dateModified":"2020-04-06T20:05:58+00:00","mainEntityOfPage":{"@id":"https:\/\/orthodoxalbania.org\/2020\/2013\/03\/21\/nisi-mesimi-ne-shkollat-e-kishes-sone-per-here-te-pare-hapet-gjimnazi-protagonistet-ne-tirane\/"},"wordCount":501,"commentCount":0,"publisher":{"@id":"https:\/\/orthodoxalbania.org\/2020\/#organization"},"image":{"@id":"https:\/\/orthodoxalbania.org\/2020\/2013\/03\/21\/nisi-mesimi-ne-shkollat-e-kishes-sone-per-here-te-pare-hapet-gjimnazi-protagonistet-ne-tirane\/#primaryimage"},"thumbnailUrl":"https:\/\/lh5.googleusercontent.com\/-jmpdRXzBwq0\/UK9HX9vSRrI\/AAAAAAAABK8\/blqQItjPiTw\/s640\/P1010014.JPG","keywords":["2012","Institucione Parashkollore t\u00eb Kish\u00ebs Orthodhokse","Kryepiskopata Tiran\u00eb","lajme"],"articleSection":["Lajme"],"inLanguage":"en-US"},{"@type":"WebPage","@id":"https:\/\/orthodoxalbania.org\/2020\/2013\/03\/21\/nisi-mesimi-ne-shkollat-e-kishes-sone-per-here-te-pare-hapet-gjimnazi-protagonistet-ne-tirane\/","url":"https:\/\/orthodoxalbania.org\/2020\/2013\/03\/21\/nisi-mesimi-ne-shkollat-e-kishes-sone-per-here-te-pare-hapet-gjimnazi-protagonistet-ne-tirane\/","name":"Nisi m\u00ebsimi n\u00eb shkollat e Kish\u00ebs son\u00eb, p\u00ebr her\u00eb t\u00eb par\u00eb hapet gjimnazi \u201cProtagonist\u00ebt\u201d n\u00eb Tiran\u00eb. (10 Shtator 2012) - Kisha Orthodh\u03bfkse Autoqefale e Shqip\u00ebris\u00eb","isPartOf":{"@id":"https:\/\/orthodoxalbania.org\/2020\/#website"},"primaryImageOfPage":{"@id":"https:\/\/orthodoxalbania.org\/2020\/2013\/03\/21\/nisi-mesimi-ne-shkollat-e-kishes-sone-per-here-te-pare-hapet-gjimnazi-protagonistet-ne-tirane\/#primaryimage"},"image":{"@id":"https:\/\/orthodoxalbania.org\/2020\/2013\/03\/21\/nisi-mesimi-ne-shkollat-e-kishes-sone-per-here-te-pare-hapet-gjimnazi-protagonistet-ne-tirane\/#primaryimage"},"thumbnailUrl":"https:\/\/lh5.googleusercontent.com\/-jmpdRXzBwq0\/UK9HX9vSRrI\/AAAAAAAABK8\/blqQItjPiTw\/s640\/P1010014.JPG","datePublished":"2013-03-21T12:19:37+00:00","dateModified":"2020-04-06T20:05:58+00:00","breadcrumb":{"@id":"https:\/\/orthodoxalbania.org\/2020\/2013\/03\/21\/nisi-mesimi-ne-shkollat-e-kishes-sone-per-here-te-pare-hapet-gjimnazi-protagonistet-ne-tirane\/#breadcrumb"},"inLanguage":"en-US","potentialAction":[{"@type":"ReadAction","target":["https:\/\/orthodoxalbania.org\/2020\/2013\/03\/21\/nisi-mesimi-ne-shkollat-e-kishes-sone-per-here-te-pare-hapet-gjimnazi-protagonistet-ne-tirane\/"]}]},{"@type":"ImageObject","inLanguage":"en-US","@id":"https:\/\/orthodoxalbania.org\/2020\/2013\/03\/21\/nisi-mesimi-ne-shkollat-e-kishes-sone-per-here-te-pare-hapet-gjimnazi-protagonistet-ne-tirane\/#primaryimage","url":"https:\/\/lh5.googleusercontent.com\/-jmpdRXzBwq0\/UK9HX9vSRrI\/AAAAAAAABK8\/blqQItjPiTw\/s640\/P1010014.JPG","contentUrl":"https:\/\/lh5.googleusercontent.com\/-jmpdRXzBwq0\/UK9HX9vSRrI\/AAAAAAAABK8\/blqQItjPiTw\/s640\/P1010014.JPG"},{"@type":"BreadcrumbList","@id":"https:\/\/orthodoxalbania.org\/2020\/2013\/03\/21\/nisi-mesimi-ne-shkollat-e-kishes-sone-per-here-te-pare-hapet-gjimnazi-protagonistet-ne-tirane\/#breadcrumb","itemListElement":[{"@type":"ListItem","position":1,"name":"Home","item":"https:\/\/orthodoxalbania.org\/2020\/"},{"@type":"ListItem","position":2,"name":"Nisi m\u00ebsimi n\u00eb shkollat e Kish\u00ebs son\u00eb, p\u00ebr her\u00eb t\u00eb par\u00eb hapet gjimnazi \u201cProtagonist\u00ebt\u201d n\u00eb Tiran\u00eb. (10 Shtator 2012)"}]},{"@type":"WebSite","@id":"https:\/\/orthodoxalbania.org\/2020\/#website","url":"https:\/\/orthodoxalbania.org\/2020\/","name":"Kisha Orthodh\u03bfkse Autoqefale e Shqip\u00ebris\u00eb","description":"Fqja Zyrtare e Kish\u00ebs Orthodhokse Autoqefale e Shqip\u00ebris\u00eb me lajmet edhe informacionet zyrtare p\u00ebr struktur\u00ebn edhe veprimtarin e saj.","publisher":{"@id":"https:\/\/orthodoxalbania.org\/2020\/#organization"},"potentialAction":[{"@type":"SearchAction","target":{"@type":"EntryPoint","urlTemplate":"https:\/\/orthodoxalbania.org\/2020\/?s={search_term_string}"},"query-input":{"@type":"PropertyValueSpecification","valueRequired":true,"valueName":"search_term_string"}}],"inLanguage":"en-US"},{"@type":"Organization","@id":"https:\/\/orthodoxalbania.org\/2020\/#organization","name":"Kisha Orthodhokse Autoqefale e Shqip\u00ebris\u00eb","url":"https:\/\/orthodoxalbania.org\/2020\/","logo":{"@type":"ImageObject","inLanguage":"en-US","@id":"https:\/\/orthodoxalbania.org\/2020\/#\/schema\/logo\/image\/","url":"https:\/\/orthodoxalbania.org\/2020\/wp-content\/uploads\/2020\/05\/albania.jpeg","contentUrl":"https:\/\/orthodoxalbania.org\/2020\/wp-content\/uploads\/2020\/05\/albania.jpeg","width":540,"height":540,"caption":"Kisha Orthodhokse Autoqefale e Shqip\u00ebris\u00eb"},"image":{"@id":"https:\/\/orthodoxalbania.org\/2020\/#\/schema\/logo\/image\/"},"sameAs":["https:\/\/www.facebook.com\/koash1991"]},{"@type":"Person","@id":"https:\/\/orthodoxalbania.org\/2020\/#\/schema\/person\/0c387634a7063ac612d7ed9ce71c7e86","name":"Kisha Orthodhokse","image":{"@type":"ImageObject","inLanguage":"en-US","@id":"https:\/\/secure.gravatar.com\/avatar\/596e7c417251e30f2fbb9c00e026fce61a695a00e51c889caded71c96cbbdde5?s=96&d=mm&r=g","url":"https:\/\/secure.gravatar.com\/avatar\/596e7c417251e30f2fbb9c00e026fce61a695a00e51c889caded71c96cbbdde5?s=96&d=mm&r=g","contentUrl":"https:\/\/secure.gravatar.com\/avatar\/596e7c417251e30f2fbb9c00e026fce61a695a00e51c889caded71c96cbbdde5?s=96&d=mm&r=g","caption":"Kisha Orthodhokse"}}]}},"_links":{"self":[{"href":"https:\/\/orthodoxalbania.org\/2020\/wp-json\/wp\/v2\/posts\/999","targetHints":{"allow":["GET"]}}],"collection":[{"href":"https:\/\/orthodoxalbania.org\/2020\/wp-json\/wp\/v2\/posts"}],"about":[{"href":"https:\/\/orthodoxalbania.org\/2020\/wp-json\/wp\/v2\/types\/post"}],"author":[{"embeddable":true,"href":"https:\/\/orthodoxalbania.org\/2020\/wp-json\/wp\/v2\/users\/1"}],"replies":[{"embeddable":true,"href":"https:\/\/orthodoxalbania.org\/2020\/wp-json\/wp\/v2\/comments?post=999"}],"version-history":[{"count":1,"href":"https:\/\/orthodoxalbania.org\/2020\/wp-json\/wp\/v2\/posts\/999\/revisions"}],"predecessor-version":[{"id":15295,"href":"https:\/\/orthodoxalbania.org\/2020\/wp-json\/wp\/v2\/posts\/999\/revisions\/15295"}],"wp:attachment":[{"href":"https:\/\/orthodoxalbania.org\/2020\/wp-json\/wp\/v2\/media?parent=999"}],"wp:term":[{"taxonomy":"category","embeddable":true,"href":"https:\/\/orthodoxalbania.org\/2020\/wp-json\/wp\/v2\/categories?post=999"},{"taxonomy":"post_tag","embeddable":true,"href":"https:\/\/orthodoxalbania.org\/2020\/wp-json\/wp\/v2\/tags?post=999"}],"curies":[{"name":"wp","href":"https:\/\/api.w.org\/{rel}","templated":true}]}}