{"id":998,"date":"2013-03-21T10:16:24","date_gmt":"2013-03-21T10:16:24","guid":{"rendered":""},"modified":"2020-04-06T22:31:57","modified_gmt":"2020-04-06T20:31:57","slug":"nisen-veprimtarite-te-qendra-studentore","status":"publish","type":"post","link":"https:\/\/orthodoxalbania.org\/2020\/2013\/03\/21\/nisen-veprimtarite-te-qendra-studentore\/","title":{"rendered":"Nis\u00ebn veprimtarit\u00eb te Qendra Studentore. (Tetor 2011)"},"content":{"rendered":"<div style=\"text-align: justify;\"><span style=\"font-family: tahoma,geneva,sans-serif;\"><span style=\"font-size: 12px;\"><span style=\"color: #000000;\">&nbsp;<img decoding=\"async\" class=\"lazyload HAa Eha\" style=\"height: 228px; width: 304px; border-width: 1px; border-style: solid; margin: 10px; float: left;\" alt=\"\" src=\"data:image\/gif;base64,R0lGODlhAQABAAAAACH5BAEKAAEALAAAAAABAAEAAAICTAEAOw==\" data-orig-src=\"https:\/\/lh5.googleusercontent.com\/-c0kJQcmrvZE\/VARFVLWMFuI\/AAAAAAAACk0\/ptQIAo1k5JE\/w600-h450-no\/3_600x450.JPG\" \/> &nbsp;<span class=\"style10\"> <\/span>Bashk\u00eb me nisjen e vitit t\u00eb ri akademik 2011-2012, filloi veprimtarit\u00eb edhe Qendra Studentore e Kish\u00ebs Orthodhokse Autoqefale t\u00eb Shqip\u00ebris\u00eb. \u00c7do dit\u00eb kjo qend\u00ebr \u00ebsht\u00eb n\u00eb sh\u00ebrbim t\u00eb student\u00ebve t\u00eb Tiran\u00ebs, p\u00ebr t\u00eb cil\u00ebt ofrohen materiale shpirt\u00ebrore dhe sociale,&nbsp; m\u00ebsime pag\u00ebzimi, sall\u00eb studimi me bibliotek\u00eb t\u00eb pasur, sall\u00eb kompjuteri, filma dhe shum\u00eb veprimtari t\u00eb tjera shpirt\u00ebrore dhe edukative.<\/span><\/span><\/span><\/div>\n<div style=\"text-align: justify;\"> <span style=\"font-family: tahoma,geneva,sans-serif;\"><span style=\"font-size: 12px;\"><span style=\"color: #000000;\">&nbsp;<span class=\"style10\">&nbsp;&nbsp; <\/span>Aktivitetet nisin t\u00eb mart\u00ebn me bised\u00ebn shpirt\u00ebrore, ku klerik\u00eb ose teolog\u00eb mbajn\u00eb referate me tematika t\u00eb ndryshme, q\u00eb student\u00ebt t\u00eb m\u00ebsojn\u00eb t\u00eb jetojn\u00eb \u00e7do dit\u00eb sipas porosive t\u00eb Krijuesit. Gjat\u00eb dit\u00ebve t\u00eb tjera kryhen sh\u00ebrbesa lutjeje, punime artizanale, trajnime dhe m\u00ebsim i gjuh\u00ebve t\u00eb huaja. Gjithashtu, nj\u00eb mund\u00ebsi e mir\u00eb p\u00ebr t\u00eb shk\u00ebmbyer lajm\u00ebrime dhe mesazhe shpirt\u00ebrore \u00ebsht\u00eb edhe faqja e re e Facebook-ut \u201cStudent\u00ebt Orthodhoks\u00eb\u201d.&nbsp;<\/span><\/span><\/span><\/div>\n<div style=\"text-align: justify;\"> <span style=\"font-family: tahoma,geneva,sans-serif;\"><span style=\"font-size: 12px;\"><span style=\"color: #000000;\">&nbsp;&nbsp;&nbsp;&nbsp; N\u00eb m\u00ebnyr\u00eb t\u00eb p\u00ebrmbledhur, m\u00eb posht\u00eb paraqiten aktivitetet javore dhe periodike t\u00eb Qendr\u00ebs.<\/span><\/span><\/span><\/div>\n<div style=\"text-align: justify;\">&nbsp;<\/div>\n<div style=\"text-align: justify;\">&nbsp;<\/div>\n<div style=\"text-align: justify;\">&nbsp;<\/div>\n<div style=\"text-align: justify;\">&nbsp;<\/div>\n<div style=\"text-align: justify;\">&nbsp;<\/div>\n<div style=\"text-align: justify;\">&nbsp;<\/div>\n<div style=\"text-align: center;\"><span style=\"color: #b22222;\"><strong><span style=\"font-family: tahoma,geneva,sans-serif;\"><span style=\"font-size: 12px;\">Aktivitete javore<\/span><\/span><\/strong><\/span><\/div>\n<div style=\"text-align: center;\">&nbsp;<\/div>\n<div style=\"text-align: center;\"><span style=\"font-family: tahoma,geneva,sans-serif;\"><span style=\"font-size: 12px;\"><span style=\"color: #006400;\"><strong>&nbsp;&nbsp;&nbsp;&nbsp; \u00c7do t\u00eb mart\u00eb, ora 17:00 \u2013 <\/strong><\/span><span style=\"color: #000000;\"><em>Trajnime, punime artizanale, sh\u00ebrbesa t\u00eb ndryshme etj.<\/em><\/span><\/span><\/span><\/div>\n<div style=\"text-align: center;\"><span style=\"font-family: tahoma,geneva,sans-serif;\"><span style=\"font-size: 12px;\"><span style=\"color: #000000;\"><strong>&nbsp;&nbsp;&nbsp;&nbsp;<\/strong><\/span><span style=\"color: #006400;\"><strong> \u00c7do t\u00eb m\u00ebrkur\u00eb, ora 17:00 <\/strong><em>\u2013 <\/em><\/span><span style=\"color: #000000;\"><strong>&nbsp;<\/strong><em>P\u00ebrmir\u00ebsojm\u00eb gjuh\u00ebn angleze.<\/em><\/span><\/span><\/span><\/div>\n<div style=\"text-align: center;\"><span style=\"font-family: tahoma,geneva,sans-serif;\"><span style=\"font-size: 12px;\"><span style=\"color: #006400;\"><strong>&nbsp;&nbsp;&nbsp;&nbsp; \u00c7do t\u00eb enjte, ora 17:00 \u2013 <\/strong><\/span><span style=\"color: #000000;\"><em>Referate t\u00eb ndryshme.<span id=\"cke_bm_336E\" style=\"display: none;\"><\/span><\/em><\/span><\/span><\/span><\/div>\n<div><span style=\"font-family: tahoma,geneva,sans-serif;\"><span style=\"font-size: 12px;\"><span style=\"color: #000000;\"><strong><em>&nbsp;<\/em><\/strong><\/span><\/span><\/span><\/div>\n<div style=\"text-align: center;\"><span style=\"color: #b22222;\"><span style=\"font-family: tahoma,geneva,sans-serif;\"><span style=\"font-size: 12px;\"><strong><span style=\"text-decoration: underline;\">Aktivitete periodike<\/span><\/strong><\/span><\/span><\/span><\/div>\n<div style=\"text-align: center;\">&nbsp;<\/div>\n<div style=\"text-align: center;\"><span style=\"color: #006400;\"><span style=\"font-family: tahoma,geneva,sans-serif;\"><span style=\"font-size: 12px;\"><strong>Disa t\u00eb shtuna gjat\u00eb vitit , ora 8:00&nbsp; <\/strong><\/span><\/span><\/span><\/div>\n<div style=\"text-align: center;\">&nbsp;<\/div>\n<div style=\"text-align: center;\"><span style=\"font-family: tahoma,geneva,sans-serif;\"><span style=\"font-size: 12px;\"><span style=\"color: #000000;\">&#8211; <em>Liturgji Hyjnore,<\/em><br \/> <em>aktivitete sportive<\/em><br \/> <em>&nbsp;punime artizanale.<\/em><\/span><\/span><\/span><\/div>\n<div>&nbsp;<\/div>\n<div style=\"text-align: center;\"><span style=\"color: #b22222;\"><span style=\"font-family: tahoma,geneva,sans-serif;\"><span style=\"font-size: 12px;\"><strong><span style=\"text-decoration: underline;\">Aktivitete vjetore<\/span><\/strong><\/span><\/span><\/span><\/div>\n<div style=\"text-align: center;\">&nbsp;<\/div>\n<div style=\"text-align: center;\"><span style=\"font-family: tahoma,geneva,sans-serif;\"><span style=\"font-size: 12px;\"><span style=\"color: #006400;\"><strong>&nbsp;&nbsp;&nbsp; Workshope&nbsp; <\/strong><\/span><span style=\"color: #000000;\">(pun\u00eb n\u00eb grup) \u2013 <em>programe nj\u00ebditore p\u00ebr <\/em><\/span><span style=\"color: #006400;\"><em><strong><span style=\"text-decoration: underline;\">rritje kapacitetesh<\/span><\/strong><\/em><\/span><span style=\"color: #000000;\"><em> dhe forcim komuniteti.<\/em><\/span><\/span><\/span><\/div>\n<div style=\"text-align: center;\"><span style=\"color: #006400;\"><span style=\"font-family: tahoma,geneva,sans-serif;\"><span style=\"font-size: 12px;\"><strong>&nbsp;&nbsp;&nbsp; Trajnime me tema t\u00eb ndryshme sociale<\/strong><\/span><\/span><\/span><\/div>\n<div style=\"text-align: center;\"><span style=\"font-family: tahoma,geneva,sans-serif;\"><span style=\"font-size: 12px;\"><span style=\"color: #006400;\"><strong>&nbsp;&nbsp;&nbsp; Pelegrinazhe dhe Sh\u00ebrbim <\/strong><\/span><span style=\"color: #000000;\"><strong><em>\u2013 <\/em><\/strong><em>Njohim, kultur\u00ebn dhe historin\u00eb e vendin ton\u00eb dhe ofrojm\u00eb sh\u00ebrbime n\u00eb vendet q\u00eb vizitojm\u00eb.<\/em><\/span><\/span><\/span><\/div>\n<div style=\"text-align: center;\"><span style=\"font-family: tahoma,geneva,sans-serif;\"><span style=\"font-size: 12px;\"><span style=\"color: #006400;\"><strong>&nbsp;&nbsp;&nbsp; Takime Studentore<\/strong><\/span><span style=\"color: #000000;\"><strong> \u2013 <\/strong><em>programe nj\u00ebditore me veprimtari t\u00eb ndryshme<\/em><\/span><\/span><\/span><\/div>\n<div style=\"text-align: center;\">&nbsp;<\/div>\n<div style=\"text-align: center;\">&nbsp;<\/div>\n<div style=\"text-align: left;\">&nbsp;<\/div>\n<table style=\"margin-right: auto; margin-left: auto;\">\n<tbody>\n<tr>\n<td style=\"text-align: justify;\">\n<div><span style=\"font-family: tahoma,geneva,sans-serif;\"><span style=\"font-size: 12px;\"><span style=\"color: #000000;\"><img decoding=\"async\" class=\"lazyload HAa Eha\" style=\"height: 227px; width: 340px; border-width: 1px; border-style: solid; margin: 10px;\" alt=\"\" src=\"data:image\/gif;base64,R0lGODlhAQABAAAAACH5BAEKAAEALAAAAAABAAEAAAICTAEAOw==\" data-orig-src=\"https:\/\/lh5.googleusercontent.com\/-P-I0-tf-G_U\/VARGEwKCa0I\/AAAAAAAACmA\/wq8NU885jDE\/w600-h400-no\/6_600x400.JPG\" \/><\/span><\/span><\/span><\/div>\n<\/td>\n<td style=\"text-align: justify;\">\n<div><span style=\"font-family: tahoma,geneva,sans-serif;\"><span style=\"font-size: 12px;\"><span style=\"color: #000000;\"><img decoding=\"async\" class=\"lazyload HAa Eha\" style=\"border-width: 1px; border-style: solid; margin: 10px;\" alt=\"\" src=\"data:image\/svg+xml,%3Csvg%20xmlns%3D%27http%3A%2F%2Fwww.w3.org%2F2000%2Fsvg%27%20width%3D%27344%27%20height%3D%27225%27%20viewBox%3D%270%200%20344%20225%27%3E%3Crect%20width%3D%27344%27%20height%3D%27225%27%20fill-opacity%3D%220%22%2F%3E%3C%2Fsvg%3E\" data-orig-src=\"https:\/\/lh4.googleusercontent.com\/-W7kyoI-U8sY\/VARGGwWaG7I\/AAAAAAAAClw\/jSPaUnJQ2YQ\/w600-h450-no\/dreka%2B25%2Bmars%2B2011%2B(1)_600x450.JPG\" height=\"225\" width=\"344\" \/><\/span><\/span><\/span><\/div>\n<\/td>\n<\/tr>\n<tr>\n<td style=\"text-align: justify;\">\n<div><span style=\"font-family: tahoma,geneva,sans-serif;\"><span style=\"font-size: 12px;\"><span style=\"color: #000000;\"><img decoding=\"async\" class=\"lazyload HAa Eha\" style=\"height: 255px; width: 340px; border-width: 1px; border-style: solid; margin: 10px;\" alt=\"\" src=\"data:image\/gif;base64,R0lGODlhAQABAAAAACH5BAEKAAEALAAAAAABAAEAAAICTAEAOw==\" data-orig-src=\"https:\/\/lh3.googleusercontent.com\/-Nxrdg72Yzfc\/VARGE9i35zI\/AAAAAAAAClM\/yT1oq1c9Gss\/w600-h450-no\/IMG_1820_600x450.jpg\" \/><\/span><\/span><\/span><\/div>\n<\/td>\n<td style=\"text-align: justify;\">\n<div><span style=\"font-family: tahoma,geneva,sans-serif;\"><span style=\"font-size: 12px;\"><span style=\"color: #000000;\"><img decoding=\"async\" class=\"lazyload HAa Eha\" style=\"height: 255px; width: 340px; border-width: 1px; border-style: solid; margin: 10px;\" alt=\"\" src=\"data:image\/gif;base64,R0lGODlhAQABAAAAACH5BAEKAAEALAAAAAABAAEAAAICTAEAOw==\" data-orig-src=\"https:\/\/lh3.googleusercontent.com\/-8wJpOJFayA0\/VARGEyhXs4I\/AAAAAAAAClU\/PTNr-WXeAy4\/w600-h450-no\/IMG_1925_600x450.jpg\" \/><\/span><\/span><\/span><\/div>\n<\/td>\n<\/tr>\n<tr>\n<td style=\"text-align: justify;\">\n<div><span style=\"font-family: tahoma,geneva,sans-serif;\"><span style=\"font-size: 12px;\"><span style=\"color: #000000;\"><img decoding=\"async\" class=\"lazyload HAa Eha\" style=\"height: 255px; width: 340px; border-width: 1px; border-style: solid; margin: 10px;\" alt=\"\" src=\"data:image\/gif;base64,R0lGODlhAQABAAAAACH5BAEKAAEALAAAAAABAAEAAAICTAEAOw==\" data-orig-src=\"https:\/\/lh4.googleusercontent.com\/-bONOin1vTFE\/VARGFsYhy6I\/AAAAAAAACmE\/UzWaUiDqjQU\/w600-h450-no\/IMG_1954_600x450.jpg\" \/><\/span><\/span><\/span><\/div>\n<\/td>\n<td style=\"text-align: justify;\">\n<div><span style=\"font-family: tahoma,geneva,sans-serif;\"><span style=\"font-size: 12px;\"><span style=\"color: #000000;\"><img decoding=\"async\" class=\"lazyload HAa Eha\" style=\"height: 255px; width: 340px; border-width: 1px; border-style: solid; margin: 10px;\" alt=\"\" src=\"data:image\/gif;base64,R0lGODlhAQABAAAAACH5BAEKAAEALAAAAAABAAEAAAICTAEAOw==\" data-orig-src=\"https:\/\/lh4.googleusercontent.com\/-0Mce4wbXgL8\/VARGFhtt8VI\/AAAAAAAAClc\/bVF49P7z_T0\/w600-h450-no\/IMG_2022_600x450.jpg\" \/><\/span><\/span><\/span><\/div>\n<\/td>\n<\/tr>\n<tr>\n<td style=\"text-align: justify;\">\n<div><span style=\"font-family: tahoma,geneva,sans-serif;\"><span style=\"font-size: 12px;\"><span style=\"color: #000000;\"><img decoding=\"async\" class=\"lazyload HAa Eha\" style=\"height: 255px; width: 340px; border-width: 1px; border-style: solid; margin: 10px;\" alt=\"\" src=\"data:image\/gif;base64,R0lGODlhAQABAAAAACH5BAEKAAEALAAAAAABAAEAAAICTAEAOw==\" data-orig-src=\"https:\/\/lh3.googleusercontent.com\/-mrIye4TdN6U\/VARGGFiCi4I\/AAAAAAAACl4\/mOCLRIe65Q8\/w600-h450-no\/IMG_2054_600x450.jpg\" \/><\/span><\/span><\/span><\/div>\n<\/td>\n<td style=\"text-align: justify;\">\n<div><span style=\"font-family: tahoma,geneva,sans-serif;\"><span style=\"font-size: 12px;\"><span style=\"color: #000000;\"><img decoding=\"async\" class=\"lazyload HAa Eha\" style=\"height: 255px; width: 340px; border-width: 1px; border-style: solid; margin: 10px;\" alt=\"\" src=\"data:image\/gif;base64,R0lGODlhAQABAAAAACH5BAEKAAEALAAAAAABAAEAAAICTAEAOw==\" data-orig-src=\"https:\/\/lh6.googleusercontent.com\/-IUVEwnZSfsk\/VARGGqFzuhI\/AAAAAAAACls\/0aLsruD3-h4\/w600-h450-no\/IMG_3493_600x450.jpg\" \/><\/span><\/span><\/span><\/div>\n<\/td>\n<\/tr>\n<tr>\n<td style=\"text-align: justify;\">\n<div><span style=\"font-family: tahoma,geneva,sans-serif;\"><span style=\"font-size: 12px;\"><span style=\"color: #000000;\"><img decoding=\"async\" class=\"lazyload HAa Eha\" style=\"height: 255px; width: 340px; border-width: 1px; border-style: solid; margin: 10px;\" alt=\"\" src=\"data:image\/gif;base64,R0lGODlhAQABAAAAACH5BAEKAAEALAAAAAABAAEAAAICTAEAOw==\" data-orig-src=\"https:\/\/lh3.googleusercontent.com\/-qARg7Lce9ko\/VARHj393r2I\/AAAAAAAACmc\/bPnatG8P8m0\/w600-h450-no\/shkoder%2Bprill%2B2011%2B(41)_600x450.JPG\" \/><\/span><\/span><\/span><\/div>\n<\/td>\n<td style=\"text-align: justify;\">\n<div><span style=\"font-family: tahoma,geneva,sans-serif;\"><span style=\"font-size: 12px;\"><span style=\"color: #000000;\"><img decoding=\"async\" class=\"lazyload HAa Eha\" style=\"height: 255px; width: 340px; border-width: 1px; border-style: solid; margin: 10px;\" alt=\"\" src=\"data:image\/gif;base64,R0lGODlhAQABAAAAACH5BAEKAAEALAAAAAABAAEAAAICTAEAOw==\" data-orig-src=\"https:\/\/lh4.googleusercontent.com\/-D4mzDj6tIXw\/VARHj0r63HI\/AAAAAAAACmg\/a5BnLtqv4C0\/w600-h450-no\/shkoder%2Bprill%2B2011%2B(117)_600x450.JPG\" \/><\/span><\/span><\/span><\/div>\n<\/td>\n<\/tr>\n<\/tbody>\n<\/table>\n","protected":false},"excerpt":{"rendered":"<p>&nbsp; &nbsp; Bashk\u00eb me nisjen e vitit t\u00eb ri akademik 2011-2012, filloi veprimtarit\u00eb edhe Qendra Studentore e Kish\u00ebs Orthodhokse Autoqefale t\u00eb Shqip\u00ebris\u00eb. \u00c7do dit\u00eb kjo qend\u00ebr \u00ebsht\u00eb n\u00eb sh\u00ebrbim t\u00eb student\u00ebve t\u00eb Tiran\u00ebs, p\u00ebr t\u00eb cil\u00ebt ofrohen materiale shpirt\u00ebrore dhe sociale,&nbsp; m\u00ebsime pag\u00ebzimi, sall\u00eb studimi me bibliotek\u00eb t\u00eb pasur, sall\u00eb kompjuteri, filma dhe shum\u00eb veprimtari t\u00eb tjera shpirt\u00ebrore dhe edukative. &nbsp;&nbsp;&nbsp; Aktivitetet nisin t\u00eb mart\u00ebn<\/p>\n","protected":false},"author":1,"featured_media":0,"comment_status":"open","ping_status":"open","sticky":false,"template":"","format":"standard","meta":{"_acf_changed":false,"pagelayer_contact_templates":[],"_pagelayer_content":"","inline_featured_image":false,"fifu_image_url":"","fifu_image_alt":"","footnotes":""},"categories":[108],"tags":[143,154,196,212],"class_list":["post-998","post","type-post","status-publish","format-standard","hentry","category-lajme","tag-143","tag-aktivitete","tag-tirane","tag-lajme-d27"],"acf":[],"yoast_head":"<!-- This site is optimized with the Yoast SEO plugin v27.2 - https:\/\/yoast.com\/product\/yoast-seo-wordpress\/ -->\n<title>Nis\u00ebn veprimtarit\u00eb te Qendra Studentore. (Tetor 2011) - Kisha Orthodh\u03bfkse Autoqefale e Shqip\u00ebris\u00eb<\/title>\n<meta name=\"robots\" content=\"index, follow, max-snippet:-1, max-image-preview:large, max-video-preview:-1\" \/>\n<link rel=\"canonical\" href=\"https:\/\/orthodoxalbania.org\/2020\/2013\/03\/21\/nisen-veprimtarite-te-qendra-studentore\/\" \/>\n<meta property=\"og:locale\" content=\"en_US\" \/>\n<meta property=\"og:type\" content=\"article\" \/>\n<meta property=\"og:title\" content=\"Nis\u00ebn veprimtarit\u00eb te Qendra Studentore. (Tetor 2011) - Kisha Orthodh\u03bfkse Autoqefale e Shqip\u00ebris\u00eb\" \/>\n<meta property=\"og:description\" content=\"&nbsp; &nbsp; Bashk\u00eb me nisjen e vitit t\u00eb ri akademik 2011-2012, filloi veprimtarit\u00eb edhe Qendra Studentore e Kish\u00ebs Orthodhokse Autoqefale t\u00eb Shqip\u00ebris\u00eb. \u00c7do dit\u00eb kjo qend\u00ebr \u00ebsht\u00eb n\u00eb sh\u00ebrbim t\u00eb student\u00ebve t\u00eb Tiran\u00ebs, p\u00ebr t\u00eb cil\u00ebt ofrohen materiale shpirt\u00ebrore dhe sociale,&nbsp; m\u00ebsime pag\u00ebzimi, sall\u00eb studimi me bibliotek\u00eb t\u00eb pasur, sall\u00eb kompjuteri, filma dhe shum\u00eb veprimtari t\u00eb tjera shpirt\u00ebrore dhe edukative. &nbsp;&nbsp;&nbsp; Aktivitetet nisin t\u00eb mart\u00ebn\" \/>\n<meta property=\"og:url\" content=\"https:\/\/orthodoxalbania.org\/2020\/2013\/03\/21\/nisen-veprimtarite-te-qendra-studentore\/\" \/>\n<meta property=\"og:site_name\" content=\"Kisha Orthodh\u03bfkse Autoqefale e Shqip\u00ebris\u00eb\" \/>\n<meta property=\"article:publisher\" content=\"https:\/\/www.facebook.com\/koash1991\" \/>\n<meta property=\"article:published_time\" content=\"2013-03-21T10:16:24+00:00\" \/>\n<meta property=\"article:modified_time\" content=\"2020-04-06T20:31:57+00:00\" \/>\n<meta property=\"og:image\" content=\"https:\/\/lh5.googleusercontent.com\/-c0kJQcmrvZE\/VARFVLWMFuI\/AAAAAAAACk0\/ptQIAo1k5JE\/w600-h450-no\/3_600x450.JPG\" \/>\n<meta name=\"author\" content=\"Kisha Orthodhokse\" \/>\n<meta name=\"twitter:card\" content=\"summary_large_image\" \/>\n<meta name=\"twitter:label1\" content=\"Written by\" \/>\n\t<meta name=\"twitter:data1\" content=\"Kisha Orthodhokse\" \/>\n\t<meta name=\"twitter:label2\" content=\"Est. reading time\" \/>\n\t<meta name=\"twitter:data2\" content=\"2 minutes\" \/>\n<script type=\"application\/ld+json\" class=\"yoast-schema-graph\">{\"@context\":\"https:\/\/schema.org\",\"@graph\":[{\"@type\":\"Article\",\"@id\":\"https:\/\/orthodoxalbania.org\/2020\/2013\/03\/21\/nisen-veprimtarite-te-qendra-studentore\/#article\",\"isPartOf\":{\"@id\":\"https:\/\/orthodoxalbania.org\/2020\/2013\/03\/21\/nisen-veprimtarite-te-qendra-studentore\/\"},\"author\":{\"name\":\"Kisha Orthodhokse\",\"@id\":\"https:\/\/orthodoxalbania.org\/2020\/#\/schema\/person\/0c387634a7063ac612d7ed9ce71c7e86\"},\"headline\":\"Nis\u00ebn veprimtarit\u00eb te Qendra Studentore. (Tetor 2011)\",\"datePublished\":\"2013-03-21T10:16:24+00:00\",\"dateModified\":\"2020-04-06T20:31:57+00:00\",\"mainEntityOfPage\":{\"@id\":\"https:\/\/orthodoxalbania.org\/2020\/2013\/03\/21\/nisen-veprimtarite-te-qendra-studentore\/\"},\"wordCount\":326,\"commentCount\":0,\"publisher\":{\"@id\":\"https:\/\/orthodoxalbania.org\/2020\/#organization\"},\"image\":{\"@id\":\"https:\/\/orthodoxalbania.org\/2020\/2013\/03\/21\/nisen-veprimtarite-te-qendra-studentore\/#primaryimage\"},\"thumbnailUrl\":\"https:\/\/lh5.googleusercontent.com\/-c0kJQcmrvZE\/VARFVLWMFuI\/AAAAAAAACk0\/ptQIAo1k5JE\/w600-h450-no\/3_600x450.JPG\",\"keywords\":[\"2011\",\"Aktivitete\",\"Kryepiskopata Tiran\u00eb\",\"lajme\"],\"articleSection\":[\"Lajme\"],\"inLanguage\":\"en-US\"},{\"@type\":\"WebPage\",\"@id\":\"https:\/\/orthodoxalbania.org\/2020\/2013\/03\/21\/nisen-veprimtarite-te-qendra-studentore\/\",\"url\":\"https:\/\/orthodoxalbania.org\/2020\/2013\/03\/21\/nisen-veprimtarite-te-qendra-studentore\/\",\"name\":\"Nis\u00ebn veprimtarit\u00eb te Qendra Studentore. (Tetor 2011) - Kisha Orthodh\u03bfkse Autoqefale e Shqip\u00ebris\u00eb\",\"isPartOf\":{\"@id\":\"https:\/\/orthodoxalbania.org\/2020\/#website\"},\"primaryImageOfPage\":{\"@id\":\"https:\/\/orthodoxalbania.org\/2020\/2013\/03\/21\/nisen-veprimtarite-te-qendra-studentore\/#primaryimage\"},\"image\":{\"@id\":\"https:\/\/orthodoxalbania.org\/2020\/2013\/03\/21\/nisen-veprimtarite-te-qendra-studentore\/#primaryimage\"},\"thumbnailUrl\":\"https:\/\/lh5.googleusercontent.com\/-c0kJQcmrvZE\/VARFVLWMFuI\/AAAAAAAACk0\/ptQIAo1k5JE\/w600-h450-no\/3_600x450.JPG\",\"datePublished\":\"2013-03-21T10:16:24+00:00\",\"dateModified\":\"2020-04-06T20:31:57+00:00\",\"breadcrumb\":{\"@id\":\"https:\/\/orthodoxalbania.org\/2020\/2013\/03\/21\/nisen-veprimtarite-te-qendra-studentore\/#breadcrumb\"},\"inLanguage\":\"en-US\",\"potentialAction\":[{\"@type\":\"ReadAction\",\"target\":[\"https:\/\/orthodoxalbania.org\/2020\/2013\/03\/21\/nisen-veprimtarite-te-qendra-studentore\/\"]}]},{\"@type\":\"ImageObject\",\"inLanguage\":\"en-US\",\"@id\":\"https:\/\/orthodoxalbania.org\/2020\/2013\/03\/21\/nisen-veprimtarite-te-qendra-studentore\/#primaryimage\",\"url\":\"https:\/\/lh5.googleusercontent.com\/-c0kJQcmrvZE\/VARFVLWMFuI\/AAAAAAAACk0\/ptQIAo1k5JE\/w600-h450-no\/3_600x450.JPG\",\"contentUrl\":\"https:\/\/lh5.googleusercontent.com\/-c0kJQcmrvZE\/VARFVLWMFuI\/AAAAAAAACk0\/ptQIAo1k5JE\/w600-h450-no\/3_600x450.JPG\"},{\"@type\":\"BreadcrumbList\",\"@id\":\"https:\/\/orthodoxalbania.org\/2020\/2013\/03\/21\/nisen-veprimtarite-te-qendra-studentore\/#breadcrumb\",\"itemListElement\":[{\"@type\":\"ListItem\",\"position\":1,\"name\":\"Home\",\"item\":\"https:\/\/orthodoxalbania.org\/2020\/\"},{\"@type\":\"ListItem\",\"position\":2,\"name\":\"Nis\u00ebn veprimtarit\u00eb te Qendra Studentore. (Tetor 2011)\"}]},{\"@type\":\"WebSite\",\"@id\":\"https:\/\/orthodoxalbania.org\/2020\/#website\",\"url\":\"https:\/\/orthodoxalbania.org\/2020\/\",\"name\":\"Kisha Orthodh\u03bfkse Autoqefale e Shqip\u00ebris\u00eb\",\"description\":\"Fqja Zyrtare e Kish\u00ebs Orthodhokse Autoqefale e Shqip\u00ebris\u00eb me lajmet edhe informacionet zyrtare p\u00ebr struktur\u00ebn edhe veprimtarin e saj.\",\"publisher\":{\"@id\":\"https:\/\/orthodoxalbania.org\/2020\/#organization\"},\"potentialAction\":[{\"@type\":\"SearchAction\",\"target\":{\"@type\":\"EntryPoint\",\"urlTemplate\":\"https:\/\/orthodoxalbania.org\/2020\/?s={search_term_string}\"},\"query-input\":{\"@type\":\"PropertyValueSpecification\",\"valueRequired\":true,\"valueName\":\"search_term_string\"}}],\"inLanguage\":\"en-US\"},{\"@type\":\"Organization\",\"@id\":\"https:\/\/orthodoxalbania.org\/2020\/#organization\",\"name\":\"Kisha Orthodhokse Autoqefale e Shqip\u00ebris\u00eb\",\"url\":\"https:\/\/orthodoxalbania.org\/2020\/\",\"logo\":{\"@type\":\"ImageObject\",\"inLanguage\":\"en-US\",\"@id\":\"https:\/\/orthodoxalbania.org\/2020\/#\/schema\/logo\/image\/\",\"url\":\"https:\/\/orthodoxalbania.org\/2020\/wp-content\/uploads\/2020\/05\/albania.jpeg\",\"contentUrl\":\"https:\/\/orthodoxalbania.org\/2020\/wp-content\/uploads\/2020\/05\/albania.jpeg\",\"width\":540,\"height\":540,\"caption\":\"Kisha Orthodhokse Autoqefale e Shqip\u00ebris\u00eb\"},\"image\":{\"@id\":\"https:\/\/orthodoxalbania.org\/2020\/#\/schema\/logo\/image\/\"},\"sameAs\":[\"https:\/\/www.facebook.com\/koash1991\"]},{\"@type\":\"Person\",\"@id\":\"https:\/\/orthodoxalbania.org\/2020\/#\/schema\/person\/0c387634a7063ac612d7ed9ce71c7e86\",\"name\":\"Kisha Orthodhokse\",\"image\":{\"@type\":\"ImageObject\",\"inLanguage\":\"en-US\",\"@id\":\"https:\/\/secure.gravatar.com\/avatar\/596e7c417251e30f2fbb9c00e026fce61a695a00e51c889caded71c96cbbdde5?s=96&d=mm&r=g\",\"url\":\"https:\/\/secure.gravatar.com\/avatar\/596e7c417251e30f2fbb9c00e026fce61a695a00e51c889caded71c96cbbdde5?s=96&d=mm&r=g\",\"contentUrl\":\"https:\/\/secure.gravatar.com\/avatar\/596e7c417251e30f2fbb9c00e026fce61a695a00e51c889caded71c96cbbdde5?s=96&d=mm&r=g\",\"caption\":\"Kisha Orthodhokse\"}}]}<\/script>\n<!-- \/ Yoast SEO plugin. -->","yoast_head_json":{"title":"Nis\u00ebn veprimtarit\u00eb te Qendra Studentore. (Tetor 2011) - Kisha Orthodh\u03bfkse Autoqefale e Shqip\u00ebris\u00eb","robots":{"index":"index","follow":"follow","max-snippet":"max-snippet:-1","max-image-preview":"max-image-preview:large","max-video-preview":"max-video-preview:-1"},"canonical":"https:\/\/orthodoxalbania.org\/2020\/2013\/03\/21\/nisen-veprimtarite-te-qendra-studentore\/","og_locale":"en_US","og_type":"article","og_title":"Nis\u00ebn veprimtarit\u00eb te Qendra Studentore. (Tetor 2011) - Kisha Orthodh\u03bfkse Autoqefale e Shqip\u00ebris\u00eb","og_description":"&nbsp; &nbsp; Bashk\u00eb me nisjen e vitit t\u00eb ri akademik 2011-2012, filloi veprimtarit\u00eb edhe Qendra Studentore e Kish\u00ebs Orthodhokse Autoqefale t\u00eb Shqip\u00ebris\u00eb. \u00c7do dit\u00eb kjo qend\u00ebr \u00ebsht\u00eb n\u00eb sh\u00ebrbim t\u00eb student\u00ebve t\u00eb Tiran\u00ebs, p\u00ebr t\u00eb cil\u00ebt ofrohen materiale shpirt\u00ebrore dhe sociale,&nbsp; m\u00ebsime pag\u00ebzimi, sall\u00eb studimi me bibliotek\u00eb t\u00eb pasur, sall\u00eb kompjuteri, filma dhe shum\u00eb veprimtari t\u00eb tjera shpirt\u00ebrore dhe edukative. &nbsp;&nbsp;&nbsp; Aktivitetet nisin t\u00eb mart\u00ebn","og_url":"https:\/\/orthodoxalbania.org\/2020\/2013\/03\/21\/nisen-veprimtarite-te-qendra-studentore\/","og_site_name":"Kisha Orthodh\u03bfkse Autoqefale e Shqip\u00ebris\u00eb","article_publisher":"https:\/\/www.facebook.com\/koash1991","article_published_time":"2013-03-21T10:16:24+00:00","article_modified_time":"2020-04-06T20:31:57+00:00","og_image":[{"url":"https:\/\/lh5.googleusercontent.com\/-c0kJQcmrvZE\/VARFVLWMFuI\/AAAAAAAACk0\/ptQIAo1k5JE\/w600-h450-no\/3_600x450.JPG","type":"","width":"","height":""}],"author":"Kisha Orthodhokse","twitter_card":"summary_large_image","twitter_misc":{"Written by":"Kisha Orthodhokse","Est. reading time":"2 minutes"},"schema":{"@context":"https:\/\/schema.org","@graph":[{"@type":"Article","@id":"https:\/\/orthodoxalbania.org\/2020\/2013\/03\/21\/nisen-veprimtarite-te-qendra-studentore\/#article","isPartOf":{"@id":"https:\/\/orthodoxalbania.org\/2020\/2013\/03\/21\/nisen-veprimtarite-te-qendra-studentore\/"},"author":{"name":"Kisha Orthodhokse","@id":"https:\/\/orthodoxalbania.org\/2020\/#\/schema\/person\/0c387634a7063ac612d7ed9ce71c7e86"},"headline":"Nis\u00ebn veprimtarit\u00eb te Qendra Studentore. (Tetor 2011)","datePublished":"2013-03-21T10:16:24+00:00","dateModified":"2020-04-06T20:31:57+00:00","mainEntityOfPage":{"@id":"https:\/\/orthodoxalbania.org\/2020\/2013\/03\/21\/nisen-veprimtarite-te-qendra-studentore\/"},"wordCount":326,"commentCount":0,"publisher":{"@id":"https:\/\/orthodoxalbania.org\/2020\/#organization"},"image":{"@id":"https:\/\/orthodoxalbania.org\/2020\/2013\/03\/21\/nisen-veprimtarite-te-qendra-studentore\/#primaryimage"},"thumbnailUrl":"https:\/\/lh5.googleusercontent.com\/-c0kJQcmrvZE\/VARFVLWMFuI\/AAAAAAAACk0\/ptQIAo1k5JE\/w600-h450-no\/3_600x450.JPG","keywords":["2011","Aktivitete","Kryepiskopata Tiran\u00eb","lajme"],"articleSection":["Lajme"],"inLanguage":"en-US"},{"@type":"WebPage","@id":"https:\/\/orthodoxalbania.org\/2020\/2013\/03\/21\/nisen-veprimtarite-te-qendra-studentore\/","url":"https:\/\/orthodoxalbania.org\/2020\/2013\/03\/21\/nisen-veprimtarite-te-qendra-studentore\/","name":"Nis\u00ebn veprimtarit\u00eb te Qendra Studentore. (Tetor 2011) - Kisha Orthodh\u03bfkse Autoqefale e Shqip\u00ebris\u00eb","isPartOf":{"@id":"https:\/\/orthodoxalbania.org\/2020\/#website"},"primaryImageOfPage":{"@id":"https:\/\/orthodoxalbania.org\/2020\/2013\/03\/21\/nisen-veprimtarite-te-qendra-studentore\/#primaryimage"},"image":{"@id":"https:\/\/orthodoxalbania.org\/2020\/2013\/03\/21\/nisen-veprimtarite-te-qendra-studentore\/#primaryimage"},"thumbnailUrl":"https:\/\/lh5.googleusercontent.com\/-c0kJQcmrvZE\/VARFVLWMFuI\/AAAAAAAACk0\/ptQIAo1k5JE\/w600-h450-no\/3_600x450.JPG","datePublished":"2013-03-21T10:16:24+00:00","dateModified":"2020-04-06T20:31:57+00:00","breadcrumb":{"@id":"https:\/\/orthodoxalbania.org\/2020\/2013\/03\/21\/nisen-veprimtarite-te-qendra-studentore\/#breadcrumb"},"inLanguage":"en-US","potentialAction":[{"@type":"ReadAction","target":["https:\/\/orthodoxalbania.org\/2020\/2013\/03\/21\/nisen-veprimtarite-te-qendra-studentore\/"]}]},{"@type":"ImageObject","inLanguage":"en-US","@id":"https:\/\/orthodoxalbania.org\/2020\/2013\/03\/21\/nisen-veprimtarite-te-qendra-studentore\/#primaryimage","url":"https:\/\/lh5.googleusercontent.com\/-c0kJQcmrvZE\/VARFVLWMFuI\/AAAAAAAACk0\/ptQIAo1k5JE\/w600-h450-no\/3_600x450.JPG","contentUrl":"https:\/\/lh5.googleusercontent.com\/-c0kJQcmrvZE\/VARFVLWMFuI\/AAAAAAAACk0\/ptQIAo1k5JE\/w600-h450-no\/3_600x450.JPG"},{"@type":"BreadcrumbList","@id":"https:\/\/orthodoxalbania.org\/2020\/2013\/03\/21\/nisen-veprimtarite-te-qendra-studentore\/#breadcrumb","itemListElement":[{"@type":"ListItem","position":1,"name":"Home","item":"https:\/\/orthodoxalbania.org\/2020\/"},{"@type":"ListItem","position":2,"name":"Nis\u00ebn veprimtarit\u00eb te Qendra Studentore. (Tetor 2011)"}]},{"@type":"WebSite","@id":"https:\/\/orthodoxalbania.org\/2020\/#website","url":"https:\/\/orthodoxalbania.org\/2020\/","name":"Kisha Orthodh\u03bfkse Autoqefale e Shqip\u00ebris\u00eb","description":"Fqja Zyrtare e Kish\u00ebs Orthodhokse Autoqefale e Shqip\u00ebris\u00eb me lajmet edhe informacionet zyrtare p\u00ebr struktur\u00ebn edhe veprimtarin e saj.","publisher":{"@id":"https:\/\/orthodoxalbania.org\/2020\/#organization"},"potentialAction":[{"@type":"SearchAction","target":{"@type":"EntryPoint","urlTemplate":"https:\/\/orthodoxalbania.org\/2020\/?s={search_term_string}"},"query-input":{"@type":"PropertyValueSpecification","valueRequired":true,"valueName":"search_term_string"}}],"inLanguage":"en-US"},{"@type":"Organization","@id":"https:\/\/orthodoxalbania.org\/2020\/#organization","name":"Kisha Orthodhokse Autoqefale e Shqip\u00ebris\u00eb","url":"https:\/\/orthodoxalbania.org\/2020\/","logo":{"@type":"ImageObject","inLanguage":"en-US","@id":"https:\/\/orthodoxalbania.org\/2020\/#\/schema\/logo\/image\/","url":"https:\/\/orthodoxalbania.org\/2020\/wp-content\/uploads\/2020\/05\/albania.jpeg","contentUrl":"https:\/\/orthodoxalbania.org\/2020\/wp-content\/uploads\/2020\/05\/albania.jpeg","width":540,"height":540,"caption":"Kisha Orthodhokse Autoqefale e Shqip\u00ebris\u00eb"},"image":{"@id":"https:\/\/orthodoxalbania.org\/2020\/#\/schema\/logo\/image\/"},"sameAs":["https:\/\/www.facebook.com\/koash1991"]},{"@type":"Person","@id":"https:\/\/orthodoxalbania.org\/2020\/#\/schema\/person\/0c387634a7063ac612d7ed9ce71c7e86","name":"Kisha Orthodhokse","image":{"@type":"ImageObject","inLanguage":"en-US","@id":"https:\/\/secure.gravatar.com\/avatar\/596e7c417251e30f2fbb9c00e026fce61a695a00e51c889caded71c96cbbdde5?s=96&d=mm&r=g","url":"https:\/\/secure.gravatar.com\/avatar\/596e7c417251e30f2fbb9c00e026fce61a695a00e51c889caded71c96cbbdde5?s=96&d=mm&r=g","contentUrl":"https:\/\/secure.gravatar.com\/avatar\/596e7c417251e30f2fbb9c00e026fce61a695a00e51c889caded71c96cbbdde5?s=96&d=mm&r=g","caption":"Kisha Orthodhokse"}}]}},"_links":{"self":[{"href":"https:\/\/orthodoxalbania.org\/2020\/wp-json\/wp\/v2\/posts\/998","targetHints":{"allow":["GET"]}}],"collection":[{"href":"https:\/\/orthodoxalbania.org\/2020\/wp-json\/wp\/v2\/posts"}],"about":[{"href":"https:\/\/orthodoxalbania.org\/2020\/wp-json\/wp\/v2\/types\/post"}],"author":[{"embeddable":true,"href":"https:\/\/orthodoxalbania.org\/2020\/wp-json\/wp\/v2\/users\/1"}],"replies":[{"embeddable":true,"href":"https:\/\/orthodoxalbania.org\/2020\/wp-json\/wp\/v2\/comments?post=998"}],"version-history":[{"count":1,"href":"https:\/\/orthodoxalbania.org\/2020\/wp-json\/wp\/v2\/posts\/998\/revisions"}],"predecessor-version":[{"id":15358,"href":"https:\/\/orthodoxalbania.org\/2020\/wp-json\/wp\/v2\/posts\/998\/revisions\/15358"}],"wp:attachment":[{"href":"https:\/\/orthodoxalbania.org\/2020\/wp-json\/wp\/v2\/media?parent=998"}],"wp:term":[{"taxonomy":"category","embeddable":true,"href":"https:\/\/orthodoxalbania.org\/2020\/wp-json\/wp\/v2\/categories?post=998"},{"taxonomy":"post_tag","embeddable":true,"href":"https:\/\/orthodoxalbania.org\/2020\/wp-json\/wp\/v2\/tags?post=998"}],"curies":[{"name":"wp","href":"https:\/\/api.w.org\/{rel}","templated":true}]}}