{"id":997,"date":"2013-03-21T10:17:03","date_gmt":"2013-03-21T10:17:03","guid":{"rendered":""},"modified":"2020-04-06T22:31:57","modified_gmt":"2020-04-06T20:31:57","slug":"nisen-veprimtarite-katekiste-ne-enorite-e-kryepiskopates-2011","status":"publish","type":"post","link":"https:\/\/orthodoxalbania.org\/2020\/2013\/03\/21\/nisen-veprimtarite-katekiste-ne-enorite-e-kryepiskopates-2011\/","title":{"rendered":"Nis\u00ebn veprimtarit\u00eb katekiste n\u00eb enorit\u00eb e Kryepiskopat\u00ebs. (2011)"},"content":{"rendered":"<div style=\"text-align: justify;\"><span style=\"color: #000000;\"><span style=\"font-family: tahoma,geneva,sans-serif;\"><span style=\"font-size: 12px;\"><span class=\"style10\"><img decoding=\"async\" class=\"lazyload HAa Eha\" style=\"height: 188px; width: 250px; border-width: 1px; border-style: solid; margin: 10px; float: left;\" alt=\"\" src=\"data:image\/gif;base64,R0lGODlhAQABAAAAACH5BAEKAAEALAAAAAABAAEAAAICTAEAOw==\" data-orig-src=\"https:\/\/lh5.googleusercontent.com\/-Zt9SCbLq4r8\/VK-V0Pgw7iI\/AAAAAAAAKmw\/tpXzQFGIJek\/w640-h480-no\/foto%2B1.jpg\" \/>&nbsp;&nbsp;&nbsp; Zyra e Katekizmit e Kryepiskopat\u00ebs s\u00eb Shenjt\u00eb, me bekimin e Krepiskopit Anastas dhe me mbik\u00ebqyrjen baritore t\u00eb Episkopit t\u00eb Apolonis\u00eb, Hir\u00ebsi Nikoll\u00ebs, filloi aktivitetin e katekizmit n\u00eb sezonin e ri 2011-2012, n\u00eb Tiran\u00eb, Elbasan, Librazhd, Peqin, Kavaj\u00eb, Durr\u00ebs dhe zonat p\u00ebrreth.<\/span><\/span><\/span><\/span><\/div>\n<div style=\"text-align: justify;\"> <span style=\"color: #000000;\"><span style=\"font-family: tahoma,geneva,sans-serif;\"><span style=\"font-size: 12px;\"><span class=\"style10\">&nbsp;&nbsp; Katekist\u00ebt aktualisht punojn\u00eb n\u00eb rreth 20 zona, duke takuar \u00e7do jav\u00eb 800 katikumen\u00eb t\u00eb moshave t\u00eb ndryshme, si t\u00eb rinj ashtu edhe t\u00eb rritur. Kat\u00ebr klerik\u00eb dhe gjasht\u00eb laik\u00eb, t\u00eb cil\u00ebt kan\u00eb studiuar n\u00eb Akademin\u00eb Theologjike Orthodhokse, shp\u00ebrndahen n\u00ebp\u00ebr t\u00eb gjitha zonat p\u00ebr t\u00eb p\u00ebrhapur fjal\u00ebn e Per\u00ebndis\u00eb dhe p\u00ebr t\u00eb afruar njer\u00ebzit pran\u00eb besimit.<\/span><\/span><\/span><\/span><\/div>\n<div style=\"text-align: justify;\"> <span style=\"color: #000000;\"><span style=\"font-family: tahoma,geneva,sans-serif;\"><span style=\"font-size: 12px;\"><span class=\"style10\">&nbsp;&nbsp;&nbsp; Zyra p\u00ebrballon nj\u00eb pun\u00eb t\u00eb vazhdueshme p\u00ebr kryerjen gjithnj\u00eb e m\u00eb cil\u00ebsore dhe zgjerimin e m\u00ebsimit t\u00eb katekizmit besimit orthodhoks, duke i dh\u00ebn\u00eb r\u00ebnd\u00ebsi kualifikimit t\u00eb vazhduesh\u00ebm t\u00eb \u00e7do katekisti dhe duke nxjerr\u00eb materiale t\u00eb reja p\u00ebr t\u00eb qen\u00eb m\u00eb af\u00ebr katikumen\u00ebve, p.sh p\u00ebrkthimi i librave, emisione n\u00eb radion \u201cNgjallja\u201d etj.<\/span><\/span><\/span><\/span><\/div>\n<div style=\"text-align: justify;\"> <span style=\"color: #000000;\"><span style=\"font-family: tahoma,geneva,sans-serif;\"><span style=\"font-size: 12px;\"><span class=\"style10\">&nbsp; &nbsp; Aktualisht po kryhet nj\u00eb pun\u00eb intensive p\u00ebr nxjerrjen e disa filmave dokumentar\u00eb me DVD, si ato t\u00eb dubluara, por edhe prodhime t\u00eb vet\u00eb stafit. S\u00eb shpejti, kjo Zyr\u00eb do nxjerr\u00eb n\u00eb qarkullim serin\u00eb me 10 dokumentar\u00eb filmik\u00eb, ku jepet nj\u00eb ndihm\u00eb e madhe p\u00ebr t\u00eb gjith\u00eb ata q\u00eb duan t\u00eb ken\u00eb njohuri mbi Besimin e Krishter\u00eb Orthodhoks. <\/span><\/span><\/span><\/span><\/div>\n<div style=\"text-align: justify;\">&nbsp;<\/div>\n<div class=\"style10\"><span style=\"color: #000000;\"><span style=\"font-family: tahoma,geneva,sans-serif;\"><span style=\"font-size: 12px;\"><strong>Isidor Koti<\/strong><\/span><\/span><\/span><\/div>\n<div class=\"style10\">&nbsp;<\/div>\n<p><img decoding=\"async\" class=\"lazyload HAa Eha\" style=\"height: 300px; width: 400px; border-width: 1px; border-style: solid; margin: 10px auto; display: block;\" alt=\"\" src=\"data:image\/gif;base64,R0lGODlhAQABAAAAACH5BAEKAAEALAAAAAABAAEAAAICTAEAOw==\" data-orig-src=\"https:\/\/lh5.googleusercontent.com\/-Zt9SCbLq4r8\/VK-V0Pgw7iI\/AAAAAAAAKmw\/tpXzQFGIJek\/w640-h480-no\/foto%2B1.jpg\" \/><\/p>\n<p><img decoding=\"async\" class=\"lazyload HAa Eha\" style=\"height: 300px; width: 400px; border-width: 1px; border-style: solid; margin: 10px auto; display: block;\" alt=\"\" src=\"data:image\/gif;base64,R0lGODlhAQABAAAAACH5BAEKAAEALAAAAAABAAEAAAICTAEAOw==\" data-orig-src=\"https:\/\/lh3.googleusercontent.com\/-NYauxaMtYqE\/VK-V0ZF5nPI\/AAAAAAAAKmo\/ehjLxU8txvI\/w640-h480-no\/foto%2B3.jpg\" \/><\/p>\n<p><img decoding=\"async\" class=\"lazyload HAa Eha\" style=\"height: 300px; width: 400px; border-width: 1px; border-style: solid; margin: 10px auto; display: block;\" alt=\"\" src=\"data:image\/gif;base64,R0lGODlhAQABAAAAACH5BAEKAAEALAAAAAABAAEAAAICTAEAOw==\" data-orig-src=\"https:\/\/lh3.googleusercontent.com\/-Rm0la8En4v8\/VK-V0qVk8xI\/AAAAAAAAKmk\/WoVq-CyN2VE\/w640-h480-no\/foto%2B4.jpg\" \/><\/p>\n<p><img decoding=\"async\" class=\"lazyload HAa Eha\" style=\"height: 300px; width: 400px; border-width: 1px; border-style: solid; margin: 10px auto; display: block;\" alt=\"\" src=\"data:image\/gif;base64,R0lGODlhAQABAAAAACH5BAEKAAEALAAAAAABAAEAAAICTAEAOw==\" data-orig-src=\"https:\/\/lh5.googleusercontent.com\/-JtdmXpRuBZo\/VK-V1NGMfjI\/AAAAAAAAKmY\/cJKdHY2WRN8\/w640-h480-no\/foto%2B5.jpg\" \/><\/p>\n<p><img decoding=\"async\" class=\"lazyload HAa Eha\" style=\"height: 300px; width: 400px; border-width: 1px; border-style: solid; margin: 10px auto; display: block;\" alt=\"\" src=\"data:image\/gif;base64,R0lGODlhAQABAAAAACH5BAEKAAEALAAAAAABAAEAAAICTAEAOw==\" data-orig-src=\"https:\/\/lh4.googleusercontent.com\/2IZvXl0npp-1cMkAaovX9Sc3vnQ5zQBACnHF1RCTIcI=w720-h540-no\" \/><\/p>\n<p><img decoding=\"async\" class=\"lazyload HAa Eha\" style=\"height: 300px; width: 400px; border-width: 1px; border-style: solid; margin: 10px auto; display: block;\" alt=\"\" src=\"data:image\/gif;base64,R0lGODlhAQABAAAAACH5BAEKAAEALAAAAAABAAEAAAICTAEAOw==\" data-orig-src=\"https:\/\/lh6.googleusercontent.com\/-rKnBU16oGqw\/VK-V1_PhWTI\/AAAAAAAAKmg\/9iDPFR6DbBY\/w768-h576-no\/foto%2B7.jpg\" \/><\/p>\n<p>&nbsp;<\/p>\n","protected":false},"excerpt":{"rendered":"<p>&nbsp;&nbsp;&nbsp; Zyra e Katekizmit e Kryepiskopat\u00ebs s\u00eb Shenjt\u00eb, me bekimin e Krepiskopit Anastas dhe me mbik\u00ebqyrjen baritore t\u00eb Episkopit t\u00eb Apolonis\u00eb, Hir\u00ebsi Nikoll\u00ebs, filloi aktivitetin e katekizmit n\u00eb sezonin e ri 2011-2012, n\u00eb Tiran\u00eb, Elbasan, Librazhd, Peqin, Kavaj\u00eb, Durr\u00ebs dhe zonat p\u00ebrreth. &nbsp;&nbsp; Katekist\u00ebt aktualisht punojn\u00eb n\u00eb rreth 20 zona, duke takuar \u00e7do jav\u00eb 800 katikumen\u00eb t\u00eb moshave t\u00eb ndryshme, si t\u00eb rinj ashtu edhe<\/p>\n","protected":false},"author":1,"featured_media":0,"comment_status":"open","ping_status":"open","sticky":false,"template":"","format":"standard","meta":{"_acf_changed":false,"pagelayer_contact_templates":[],"_pagelayer_content":"","inline_featured_image":false,"fifu_image_url":"","fifu_image_alt":"","footnotes":""},"categories":[108],"tags":[143,154,196,212],"class_list":["post-997","post","type-post","status-publish","format-standard","hentry","category-lajme","tag-143","tag-aktivitete","tag-tirane","tag-lajme-d27"],"acf":[],"yoast_head":"<!-- This site is optimized with the Yoast SEO plugin v27.2 - https:\/\/yoast.com\/product\/yoast-seo-wordpress\/ -->\n<title>Nis\u00ebn veprimtarit\u00eb katekiste n\u00eb enorit\u00eb e Kryepiskopat\u00ebs. (2011) - Kisha Orthodh\u03bfkse Autoqefale e Shqip\u00ebris\u00eb<\/title>\n<meta name=\"robots\" content=\"index, follow, max-snippet:-1, max-image-preview:large, max-video-preview:-1\" \/>\n<link rel=\"canonical\" href=\"https:\/\/orthodoxalbania.org\/2020\/2013\/03\/21\/nisen-veprimtarite-katekiste-ne-enorite-e-kryepiskopates-2011\/\" \/>\n<meta property=\"og:locale\" content=\"en_US\" \/>\n<meta property=\"og:type\" content=\"article\" \/>\n<meta property=\"og:title\" content=\"Nis\u00ebn veprimtarit\u00eb katekiste n\u00eb enorit\u00eb e Kryepiskopat\u00ebs. (2011) - Kisha Orthodh\u03bfkse Autoqefale e Shqip\u00ebris\u00eb\" \/>\n<meta property=\"og:description\" content=\"&nbsp;&nbsp;&nbsp; Zyra e Katekizmit e Kryepiskopat\u00ebs s\u00eb Shenjt\u00eb, me bekimin e Krepiskopit Anastas dhe me mbik\u00ebqyrjen baritore t\u00eb Episkopit t\u00eb Apolonis\u00eb, Hir\u00ebsi Nikoll\u00ebs, filloi aktivitetin e katekizmit n\u00eb sezonin e ri 2011-2012, n\u00eb Tiran\u00eb, Elbasan, Librazhd, Peqin, Kavaj\u00eb, Durr\u00ebs dhe zonat p\u00ebrreth. &nbsp;&nbsp; Katekist\u00ebt aktualisht punojn\u00eb n\u00eb rreth 20 zona, duke takuar \u00e7do jav\u00eb 800 katikumen\u00eb t\u00eb moshave t\u00eb ndryshme, si t\u00eb rinj ashtu edhe\" \/>\n<meta property=\"og:url\" content=\"https:\/\/orthodoxalbania.org\/2020\/2013\/03\/21\/nisen-veprimtarite-katekiste-ne-enorite-e-kryepiskopates-2011\/\" \/>\n<meta property=\"og:site_name\" content=\"Kisha Orthodh\u03bfkse Autoqefale e Shqip\u00ebris\u00eb\" \/>\n<meta property=\"article:publisher\" content=\"https:\/\/www.facebook.com\/koash1991\" \/>\n<meta property=\"article:published_time\" content=\"2013-03-21T10:17:03+00:00\" \/>\n<meta property=\"article:modified_time\" content=\"2020-04-06T20:31:57+00:00\" \/>\n<meta property=\"og:image\" content=\"https:\/\/lh5.googleusercontent.com\/-Zt9SCbLq4r8\/VK-V0Pgw7iI\/AAAAAAAAKmw\/tpXzQFGIJek\/w640-h480-no\/foto%2B1.jpg\" \/>\n<meta name=\"author\" content=\"Kisha Orthodhokse\" \/>\n<meta name=\"twitter:card\" content=\"summary_large_image\" \/>\n<meta name=\"twitter:label1\" content=\"Written by\" \/>\n\t<meta name=\"twitter:data1\" content=\"Kisha Orthodhokse\" \/>\n\t<meta name=\"twitter:label2\" content=\"Est. reading time\" \/>\n\t<meta name=\"twitter:data2\" content=\"1 minute\" \/>\n<script type=\"application\/ld+json\" class=\"yoast-schema-graph\">{\"@context\":\"https:\/\/schema.org\",\"@graph\":[{\"@type\":\"Article\",\"@id\":\"https:\/\/orthodoxalbania.org\/2020\/2013\/03\/21\/nisen-veprimtarite-katekiste-ne-enorite-e-kryepiskopates-2011\/#article\",\"isPartOf\":{\"@id\":\"https:\/\/orthodoxalbania.org\/2020\/2013\/03\/21\/nisen-veprimtarite-katekiste-ne-enorite-e-kryepiskopates-2011\/\"},\"author\":{\"name\":\"Kisha Orthodhokse\",\"@id\":\"https:\/\/orthodoxalbania.org\/2020\/#\/schema\/person\/0c387634a7063ac612d7ed9ce71c7e86\"},\"headline\":\"Nis\u00ebn veprimtarit\u00eb katekiste n\u00eb enorit\u00eb e Kryepiskopat\u00ebs. (2011)\",\"datePublished\":\"2013-03-21T10:17:03+00:00\",\"dateModified\":\"2020-04-06T20:31:57+00:00\",\"mainEntityOfPage\":{\"@id\":\"https:\/\/orthodoxalbania.org\/2020\/2013\/03\/21\/nisen-veprimtarite-katekiste-ne-enorite-e-kryepiskopates-2011\/\"},\"wordCount\":258,\"commentCount\":0,\"publisher\":{\"@id\":\"https:\/\/orthodoxalbania.org\/2020\/#organization\"},\"image\":{\"@id\":\"https:\/\/orthodoxalbania.org\/2020\/2013\/03\/21\/nisen-veprimtarite-katekiste-ne-enorite-e-kryepiskopates-2011\/#primaryimage\"},\"thumbnailUrl\":\"https:\/\/lh5.googleusercontent.com\/-Zt9SCbLq4r8\/VK-V0Pgw7iI\/AAAAAAAAKmw\/tpXzQFGIJek\/w640-h480-no\/foto%2B1.jpg\",\"keywords\":[\"2011\",\"Aktivitete\",\"Kryepiskopata Tiran\u00eb\",\"lajme\"],\"articleSection\":[\"Lajme\"],\"inLanguage\":\"en-US\"},{\"@type\":\"WebPage\",\"@id\":\"https:\/\/orthodoxalbania.org\/2020\/2013\/03\/21\/nisen-veprimtarite-katekiste-ne-enorite-e-kryepiskopates-2011\/\",\"url\":\"https:\/\/orthodoxalbania.org\/2020\/2013\/03\/21\/nisen-veprimtarite-katekiste-ne-enorite-e-kryepiskopates-2011\/\",\"name\":\"Nis\u00ebn veprimtarit\u00eb katekiste n\u00eb enorit\u00eb e Kryepiskopat\u00ebs. (2011) - Kisha Orthodh\u03bfkse Autoqefale e Shqip\u00ebris\u00eb\",\"isPartOf\":{\"@id\":\"https:\/\/orthodoxalbania.org\/2020\/#website\"},\"primaryImageOfPage\":{\"@id\":\"https:\/\/orthodoxalbania.org\/2020\/2013\/03\/21\/nisen-veprimtarite-katekiste-ne-enorite-e-kryepiskopates-2011\/#primaryimage\"},\"image\":{\"@id\":\"https:\/\/orthodoxalbania.org\/2020\/2013\/03\/21\/nisen-veprimtarite-katekiste-ne-enorite-e-kryepiskopates-2011\/#primaryimage\"},\"thumbnailUrl\":\"https:\/\/lh5.googleusercontent.com\/-Zt9SCbLq4r8\/VK-V0Pgw7iI\/AAAAAAAAKmw\/tpXzQFGIJek\/w640-h480-no\/foto%2B1.jpg\",\"datePublished\":\"2013-03-21T10:17:03+00:00\",\"dateModified\":\"2020-04-06T20:31:57+00:00\",\"breadcrumb\":{\"@id\":\"https:\/\/orthodoxalbania.org\/2020\/2013\/03\/21\/nisen-veprimtarite-katekiste-ne-enorite-e-kryepiskopates-2011\/#breadcrumb\"},\"inLanguage\":\"en-US\",\"potentialAction\":[{\"@type\":\"ReadAction\",\"target\":[\"https:\/\/orthodoxalbania.org\/2020\/2013\/03\/21\/nisen-veprimtarite-katekiste-ne-enorite-e-kryepiskopates-2011\/\"]}]},{\"@type\":\"ImageObject\",\"inLanguage\":\"en-US\",\"@id\":\"https:\/\/orthodoxalbania.org\/2020\/2013\/03\/21\/nisen-veprimtarite-katekiste-ne-enorite-e-kryepiskopates-2011\/#primaryimage\",\"url\":\"https:\/\/lh5.googleusercontent.com\/-Zt9SCbLq4r8\/VK-V0Pgw7iI\/AAAAAAAAKmw\/tpXzQFGIJek\/w640-h480-no\/foto%2B1.jpg\",\"contentUrl\":\"https:\/\/lh5.googleusercontent.com\/-Zt9SCbLq4r8\/VK-V0Pgw7iI\/AAAAAAAAKmw\/tpXzQFGIJek\/w640-h480-no\/foto%2B1.jpg\"},{\"@type\":\"BreadcrumbList\",\"@id\":\"https:\/\/orthodoxalbania.org\/2020\/2013\/03\/21\/nisen-veprimtarite-katekiste-ne-enorite-e-kryepiskopates-2011\/#breadcrumb\",\"itemListElement\":[{\"@type\":\"ListItem\",\"position\":1,\"name\":\"Home\",\"item\":\"https:\/\/orthodoxalbania.org\/2020\/\"},{\"@type\":\"ListItem\",\"position\":2,\"name\":\"Nis\u00ebn veprimtarit\u00eb katekiste n\u00eb enorit\u00eb e Kryepiskopat\u00ebs. (2011)\"}]},{\"@type\":\"WebSite\",\"@id\":\"https:\/\/orthodoxalbania.org\/2020\/#website\",\"url\":\"https:\/\/orthodoxalbania.org\/2020\/\",\"name\":\"Kisha Orthodh\u03bfkse Autoqefale e Shqip\u00ebris\u00eb\",\"description\":\"Fqja Zyrtare e Kish\u00ebs Orthodhokse Autoqefale e Shqip\u00ebris\u00eb me lajmet edhe informacionet zyrtare p\u00ebr struktur\u00ebn edhe veprimtarin e saj.\",\"publisher\":{\"@id\":\"https:\/\/orthodoxalbania.org\/2020\/#organization\"},\"potentialAction\":[{\"@type\":\"SearchAction\",\"target\":{\"@type\":\"EntryPoint\",\"urlTemplate\":\"https:\/\/orthodoxalbania.org\/2020\/?s={search_term_string}\"},\"query-input\":{\"@type\":\"PropertyValueSpecification\",\"valueRequired\":true,\"valueName\":\"search_term_string\"}}],\"inLanguage\":\"en-US\"},{\"@type\":\"Organization\",\"@id\":\"https:\/\/orthodoxalbania.org\/2020\/#organization\",\"name\":\"Kisha Orthodhokse Autoqefale e Shqip\u00ebris\u00eb\",\"url\":\"https:\/\/orthodoxalbania.org\/2020\/\",\"logo\":{\"@type\":\"ImageObject\",\"inLanguage\":\"en-US\",\"@id\":\"https:\/\/orthodoxalbania.org\/2020\/#\/schema\/logo\/image\/\",\"url\":\"https:\/\/orthodoxalbania.org\/2020\/wp-content\/uploads\/2020\/05\/albania.jpeg\",\"contentUrl\":\"https:\/\/orthodoxalbania.org\/2020\/wp-content\/uploads\/2020\/05\/albania.jpeg\",\"width\":540,\"height\":540,\"caption\":\"Kisha Orthodhokse Autoqefale e Shqip\u00ebris\u00eb\"},\"image\":{\"@id\":\"https:\/\/orthodoxalbania.org\/2020\/#\/schema\/logo\/image\/\"},\"sameAs\":[\"https:\/\/www.facebook.com\/koash1991\"]},{\"@type\":\"Person\",\"@id\":\"https:\/\/orthodoxalbania.org\/2020\/#\/schema\/person\/0c387634a7063ac612d7ed9ce71c7e86\",\"name\":\"Kisha Orthodhokse\",\"image\":{\"@type\":\"ImageObject\",\"inLanguage\":\"en-US\",\"@id\":\"https:\/\/secure.gravatar.com\/avatar\/596e7c417251e30f2fbb9c00e026fce61a695a00e51c889caded71c96cbbdde5?s=96&d=mm&r=g\",\"url\":\"https:\/\/secure.gravatar.com\/avatar\/596e7c417251e30f2fbb9c00e026fce61a695a00e51c889caded71c96cbbdde5?s=96&d=mm&r=g\",\"contentUrl\":\"https:\/\/secure.gravatar.com\/avatar\/596e7c417251e30f2fbb9c00e026fce61a695a00e51c889caded71c96cbbdde5?s=96&d=mm&r=g\",\"caption\":\"Kisha Orthodhokse\"}}]}<\/script>\n<!-- \/ Yoast SEO plugin. -->","yoast_head_json":{"title":"Nis\u00ebn veprimtarit\u00eb katekiste n\u00eb enorit\u00eb e Kryepiskopat\u00ebs. (2011) - Kisha Orthodh\u03bfkse Autoqefale e Shqip\u00ebris\u00eb","robots":{"index":"index","follow":"follow","max-snippet":"max-snippet:-1","max-image-preview":"max-image-preview:large","max-video-preview":"max-video-preview:-1"},"canonical":"https:\/\/orthodoxalbania.org\/2020\/2013\/03\/21\/nisen-veprimtarite-katekiste-ne-enorite-e-kryepiskopates-2011\/","og_locale":"en_US","og_type":"article","og_title":"Nis\u00ebn veprimtarit\u00eb katekiste n\u00eb enorit\u00eb e Kryepiskopat\u00ebs. (2011) - Kisha Orthodh\u03bfkse Autoqefale e Shqip\u00ebris\u00eb","og_description":"&nbsp;&nbsp;&nbsp; Zyra e Katekizmit e Kryepiskopat\u00ebs s\u00eb Shenjt\u00eb, me bekimin e Krepiskopit Anastas dhe me mbik\u00ebqyrjen baritore t\u00eb Episkopit t\u00eb Apolonis\u00eb, Hir\u00ebsi Nikoll\u00ebs, filloi aktivitetin e katekizmit n\u00eb sezonin e ri 2011-2012, n\u00eb Tiran\u00eb, Elbasan, Librazhd, Peqin, Kavaj\u00eb, Durr\u00ebs dhe zonat p\u00ebrreth. &nbsp;&nbsp; Katekist\u00ebt aktualisht punojn\u00eb n\u00eb rreth 20 zona, duke takuar \u00e7do jav\u00eb 800 katikumen\u00eb t\u00eb moshave t\u00eb ndryshme, si t\u00eb rinj ashtu edhe","og_url":"https:\/\/orthodoxalbania.org\/2020\/2013\/03\/21\/nisen-veprimtarite-katekiste-ne-enorite-e-kryepiskopates-2011\/","og_site_name":"Kisha Orthodh\u03bfkse Autoqefale e Shqip\u00ebris\u00eb","article_publisher":"https:\/\/www.facebook.com\/koash1991","article_published_time":"2013-03-21T10:17:03+00:00","article_modified_time":"2020-04-06T20:31:57+00:00","og_image":[{"url":"https:\/\/lh5.googleusercontent.com\/-Zt9SCbLq4r8\/VK-V0Pgw7iI\/AAAAAAAAKmw\/tpXzQFGIJek\/w640-h480-no\/foto%2B1.jpg","type":"","width":"","height":""}],"author":"Kisha Orthodhokse","twitter_card":"summary_large_image","twitter_misc":{"Written by":"Kisha Orthodhokse","Est. reading time":"1 minute"},"schema":{"@context":"https:\/\/schema.org","@graph":[{"@type":"Article","@id":"https:\/\/orthodoxalbania.org\/2020\/2013\/03\/21\/nisen-veprimtarite-katekiste-ne-enorite-e-kryepiskopates-2011\/#article","isPartOf":{"@id":"https:\/\/orthodoxalbania.org\/2020\/2013\/03\/21\/nisen-veprimtarite-katekiste-ne-enorite-e-kryepiskopates-2011\/"},"author":{"name":"Kisha Orthodhokse","@id":"https:\/\/orthodoxalbania.org\/2020\/#\/schema\/person\/0c387634a7063ac612d7ed9ce71c7e86"},"headline":"Nis\u00ebn veprimtarit\u00eb katekiste n\u00eb enorit\u00eb e Kryepiskopat\u00ebs. (2011)","datePublished":"2013-03-21T10:17:03+00:00","dateModified":"2020-04-06T20:31:57+00:00","mainEntityOfPage":{"@id":"https:\/\/orthodoxalbania.org\/2020\/2013\/03\/21\/nisen-veprimtarite-katekiste-ne-enorite-e-kryepiskopates-2011\/"},"wordCount":258,"commentCount":0,"publisher":{"@id":"https:\/\/orthodoxalbania.org\/2020\/#organization"},"image":{"@id":"https:\/\/orthodoxalbania.org\/2020\/2013\/03\/21\/nisen-veprimtarite-katekiste-ne-enorite-e-kryepiskopates-2011\/#primaryimage"},"thumbnailUrl":"https:\/\/lh5.googleusercontent.com\/-Zt9SCbLq4r8\/VK-V0Pgw7iI\/AAAAAAAAKmw\/tpXzQFGIJek\/w640-h480-no\/foto%2B1.jpg","keywords":["2011","Aktivitete","Kryepiskopata Tiran\u00eb","lajme"],"articleSection":["Lajme"],"inLanguage":"en-US"},{"@type":"WebPage","@id":"https:\/\/orthodoxalbania.org\/2020\/2013\/03\/21\/nisen-veprimtarite-katekiste-ne-enorite-e-kryepiskopates-2011\/","url":"https:\/\/orthodoxalbania.org\/2020\/2013\/03\/21\/nisen-veprimtarite-katekiste-ne-enorite-e-kryepiskopates-2011\/","name":"Nis\u00ebn veprimtarit\u00eb katekiste n\u00eb enorit\u00eb e Kryepiskopat\u00ebs. (2011) - Kisha Orthodh\u03bfkse Autoqefale e Shqip\u00ebris\u00eb","isPartOf":{"@id":"https:\/\/orthodoxalbania.org\/2020\/#website"},"primaryImageOfPage":{"@id":"https:\/\/orthodoxalbania.org\/2020\/2013\/03\/21\/nisen-veprimtarite-katekiste-ne-enorite-e-kryepiskopates-2011\/#primaryimage"},"image":{"@id":"https:\/\/orthodoxalbania.org\/2020\/2013\/03\/21\/nisen-veprimtarite-katekiste-ne-enorite-e-kryepiskopates-2011\/#primaryimage"},"thumbnailUrl":"https:\/\/lh5.googleusercontent.com\/-Zt9SCbLq4r8\/VK-V0Pgw7iI\/AAAAAAAAKmw\/tpXzQFGIJek\/w640-h480-no\/foto%2B1.jpg","datePublished":"2013-03-21T10:17:03+00:00","dateModified":"2020-04-06T20:31:57+00:00","breadcrumb":{"@id":"https:\/\/orthodoxalbania.org\/2020\/2013\/03\/21\/nisen-veprimtarite-katekiste-ne-enorite-e-kryepiskopates-2011\/#breadcrumb"},"inLanguage":"en-US","potentialAction":[{"@type":"ReadAction","target":["https:\/\/orthodoxalbania.org\/2020\/2013\/03\/21\/nisen-veprimtarite-katekiste-ne-enorite-e-kryepiskopates-2011\/"]}]},{"@type":"ImageObject","inLanguage":"en-US","@id":"https:\/\/orthodoxalbania.org\/2020\/2013\/03\/21\/nisen-veprimtarite-katekiste-ne-enorite-e-kryepiskopates-2011\/#primaryimage","url":"https:\/\/lh5.googleusercontent.com\/-Zt9SCbLq4r8\/VK-V0Pgw7iI\/AAAAAAAAKmw\/tpXzQFGIJek\/w640-h480-no\/foto%2B1.jpg","contentUrl":"https:\/\/lh5.googleusercontent.com\/-Zt9SCbLq4r8\/VK-V0Pgw7iI\/AAAAAAAAKmw\/tpXzQFGIJek\/w640-h480-no\/foto%2B1.jpg"},{"@type":"BreadcrumbList","@id":"https:\/\/orthodoxalbania.org\/2020\/2013\/03\/21\/nisen-veprimtarite-katekiste-ne-enorite-e-kryepiskopates-2011\/#breadcrumb","itemListElement":[{"@type":"ListItem","position":1,"name":"Home","item":"https:\/\/orthodoxalbania.org\/2020\/"},{"@type":"ListItem","position":2,"name":"Nis\u00ebn veprimtarit\u00eb katekiste n\u00eb enorit\u00eb e Kryepiskopat\u00ebs. (2011)"}]},{"@type":"WebSite","@id":"https:\/\/orthodoxalbania.org\/2020\/#website","url":"https:\/\/orthodoxalbania.org\/2020\/","name":"Kisha Orthodh\u03bfkse Autoqefale e Shqip\u00ebris\u00eb","description":"Fqja Zyrtare e Kish\u00ebs Orthodhokse Autoqefale e Shqip\u00ebris\u00eb me lajmet edhe informacionet zyrtare p\u00ebr struktur\u00ebn edhe veprimtarin e saj.","publisher":{"@id":"https:\/\/orthodoxalbania.org\/2020\/#organization"},"potentialAction":[{"@type":"SearchAction","target":{"@type":"EntryPoint","urlTemplate":"https:\/\/orthodoxalbania.org\/2020\/?s={search_term_string}"},"query-input":{"@type":"PropertyValueSpecification","valueRequired":true,"valueName":"search_term_string"}}],"inLanguage":"en-US"},{"@type":"Organization","@id":"https:\/\/orthodoxalbania.org\/2020\/#organization","name":"Kisha Orthodhokse Autoqefale e Shqip\u00ebris\u00eb","url":"https:\/\/orthodoxalbania.org\/2020\/","logo":{"@type":"ImageObject","inLanguage":"en-US","@id":"https:\/\/orthodoxalbania.org\/2020\/#\/schema\/logo\/image\/","url":"https:\/\/orthodoxalbania.org\/2020\/wp-content\/uploads\/2020\/05\/albania.jpeg","contentUrl":"https:\/\/orthodoxalbania.org\/2020\/wp-content\/uploads\/2020\/05\/albania.jpeg","width":540,"height":540,"caption":"Kisha Orthodhokse Autoqefale e Shqip\u00ebris\u00eb"},"image":{"@id":"https:\/\/orthodoxalbania.org\/2020\/#\/schema\/logo\/image\/"},"sameAs":["https:\/\/www.facebook.com\/koash1991"]},{"@type":"Person","@id":"https:\/\/orthodoxalbania.org\/2020\/#\/schema\/person\/0c387634a7063ac612d7ed9ce71c7e86","name":"Kisha Orthodhokse","image":{"@type":"ImageObject","inLanguage":"en-US","@id":"https:\/\/secure.gravatar.com\/avatar\/596e7c417251e30f2fbb9c00e026fce61a695a00e51c889caded71c96cbbdde5?s=96&d=mm&r=g","url":"https:\/\/secure.gravatar.com\/avatar\/596e7c417251e30f2fbb9c00e026fce61a695a00e51c889caded71c96cbbdde5?s=96&d=mm&r=g","contentUrl":"https:\/\/secure.gravatar.com\/avatar\/596e7c417251e30f2fbb9c00e026fce61a695a00e51c889caded71c96cbbdde5?s=96&d=mm&r=g","caption":"Kisha Orthodhokse"}}]}},"_links":{"self":[{"href":"https:\/\/orthodoxalbania.org\/2020\/wp-json\/wp\/v2\/posts\/997","targetHints":{"allow":["GET"]}}],"collection":[{"href":"https:\/\/orthodoxalbania.org\/2020\/wp-json\/wp\/v2\/posts"}],"about":[{"href":"https:\/\/orthodoxalbania.org\/2020\/wp-json\/wp\/v2\/types\/post"}],"author":[{"embeddable":true,"href":"https:\/\/orthodoxalbania.org\/2020\/wp-json\/wp\/v2\/users\/1"}],"replies":[{"embeddable":true,"href":"https:\/\/orthodoxalbania.org\/2020\/wp-json\/wp\/v2\/comments?post=997"}],"version-history":[{"count":1,"href":"https:\/\/orthodoxalbania.org\/2020\/wp-json\/wp\/v2\/posts\/997\/revisions"}],"predecessor-version":[{"id":15356,"href":"https:\/\/orthodoxalbania.org\/2020\/wp-json\/wp\/v2\/posts\/997\/revisions\/15356"}],"wp:attachment":[{"href":"https:\/\/orthodoxalbania.org\/2020\/wp-json\/wp\/v2\/media?parent=997"}],"wp:term":[{"taxonomy":"category","embeddable":true,"href":"https:\/\/orthodoxalbania.org\/2020\/wp-json\/wp\/v2\/categories?post=997"},{"taxonomy":"post_tag","embeddable":true,"href":"https:\/\/orthodoxalbania.org\/2020\/wp-json\/wp\/v2\/tags?post=997"}],"curies":[{"name":"wp","href":"https:\/\/api.w.org\/{rel}","templated":true}]}}