{"id":996,"date":"2013-03-21T10:14:34","date_gmt":"2013-03-21T10:14:34","guid":{"rendered":""},"modified":"2020-04-06T22:31:58","modified_gmt":"2020-04-06T20:31:58","slug":"nis-viti-i-ri-shkollor-2011-2012-ne-akademine-teologjike-ngjallja-e-krishtit","status":"publish","type":"post","link":"https:\/\/orthodoxalbania.org\/2020\/2013\/03\/21\/nis-viti-i-ri-shkollor-2011-2012-ne-akademine-teologjike-ngjallja-e-krishtit\/","title":{"rendered":"Nis viti i ri shkollor 2011-2012 n\u00eb Akademin\u00eb Teologjike &#8220;Ngjallja e Krishtit&#8221;."},"content":{"rendered":"<div class=\"style10\" style=\"text-align: justify;\"><span style=\"color: #000000;\"><span style=\"font-family: tahoma,geneva,sans-serif;\"><span style=\"font-size: 12px;\"><img decoding=\"async\" class=\"lazyload HAa Eha\" style=\"height: 251px; width: 335px; border-width: 1px; border-style: solid; margin: 10px; float: left;\" alt=\"\" src=\"data:image\/gif;base64,R0lGODlhAQABAAAAACH5BAEKAAEALAAAAAABAAEAAAICTAEAOw==\" data-orig-src=\"https:\/\/lh4.googleusercontent.com\/-I7a3S9XmSe0\/VARAbJrsk_I\/AAAAAAAACjA\/VeaojTiIxkE\/w720-h540-no\/1%2B-.jpg\" \/>&nbsp; &nbsp; M\u00eb dat\u00ebn 3 tetor, Akademia Teologjike &#8220;Ngjallja e Krishtit&#8221; nisi vitin e ri akademik 2011-2012. &nbsp;K\u00ebt\u00eb vit u ul\u00ebn p\u00ebr her\u00eb t\u00eb par\u00eb n\u00eb bankat e k\u00ebsaj shkolle 14 student\u00eb t\u00eb rinj.<\/span><\/span><\/span><\/div>\n<div class=\"style10\" style=\"text-align: justify;\"> <span style=\"color: #000000;\"><span style=\"font-family: tahoma,geneva,sans-serif;\"><span style=\"font-size: 12px;\">&nbsp; &nbsp; Dita e par\u00eb e shkoll\u00ebs nisi me sh\u00ebrbes\u00ebn e Ajazm\u00ebs, p\u00ebr nj\u00eb fillim t\u00eb mbar\u00eb t\u00eb vitit akademik, p\u00ebr p\u00ebrparimin intelektual dhe shpirt\u00ebror. Sh\u00ebrbesa lut\u00ebsore u kryesua nga N\u00ebndrejtori i Akademis\u00eb Teologjike, Hir\u00ebsia e Tij, Episkopi i Apollonis\u00eb, Imzot Nikolla. N\u00eb t\u00eb merrnin pjes\u00eb pedagog\u00eb, student\u00eb dhe punonj\u00ebs t\u00eb administrat\u00ebs.<\/span><\/span><\/span><\/div>\n<div class=\"style10\" style=\"text-align: justify;\"> <span style=\"color: #000000;\"><span style=\"font-family: tahoma,geneva,sans-serif;\"><span style=\"font-size: 12px;\">&nbsp;&nbsp;&nbsp; N\u00eb fjalimin e rastit, Hir\u00ebsia Nikolla, pas urimeve t\u00eb p\u00ebrzem\u00ebrta q\u00eb p\u00ebrcolli p\u00ebr student\u00ebt e rinj dhe p\u00ebr t\u00eb gjith\u00eb pjes\u00ebtar\u00ebt e k\u00ebsaj Akademie, nd\u00ebr t\u00eb tjera theksoi: \u201cDuke ju p\u00ebrcjell\u00eb fjal\u00ebt e Fortlumturis\u00eb s\u00eb Tij Kryepiskopit Anastas ju them se Akademia Teologjike \u00ebsht\u00eb nga t\u00eb paktat shkolla ku m\u00ebsohet p\u00ebr Per\u00ebndin\u00eb. Jo vet\u00ebm kaq, por m\u00eb e r\u00ebnd\u00ebsishmja \u00ebsht\u00eb se jo vet\u00ebm m\u00ebsohet, por edhe jetohet me Per\u00ebndin\u00eb. Ve\u00e7antia e k\u00ebsaj Akademie \u00ebsht\u00eb se nd\u00ebrthuret dija me jet\u00ebn shpirt\u00ebrore, gj\u00eb e cila konsiston n\u00eb p\u00ebrpjekjen dhe p\u00ebrgjegj\u00ebsin\u00eb p\u00ebr t\u00eb vendosur secili nga nj\u00eb gur n\u00eb k\u00ebt\u00eb themel q\u00eb \u00ebsht\u00eb Akademia Teologjike\u201d. <img decoding=\"async\" class=\"lazyload HAa Eha\" style=\"height: 234px; width: 312px; border-width: 1px; border-style: solid; margin: 10px; float: right;\" alt=\"\" src=\"data:image\/gif;base64,R0lGODlhAQABAAAAACH5BAEKAAEALAAAAAABAAEAAAICTAEAOw==\" data-orig-src=\"https:\/\/lh3.googleusercontent.com\/-icb1-8NfueE\/VARAbT6QFvI\/AAAAAAAACjE\/5JKZbP12e6M\/w720-h540-no\/2.jpg\" \/><\/span><\/span><\/span><\/div>\n<div class=\"style10\" style=\"text-align: justify;\"> <span style=\"color: #000000;\"><span style=\"font-family: tahoma,geneva,sans-serif;\"><span style=\"font-size: 12px;\">&nbsp; &nbsp; Studimet n\u00eb k\u00ebt\u00eb Akademi zhvillohen n\u00eb nj\u00eb cik\u00ebl m\u00ebsimdh\u00ebnieje prej 4 vjet\u00ebsh, duke iu dh\u00ebn\u00eb mund\u00ebsi student\u00ebve t\u00eb marrin nj\u00eb formim sa m\u00eb t\u00eb plot\u00eb teologjik dhe t\u00eb p\u00ebrgatiten p\u00ebr t\u00eb qen\u00eb bashk\u00ebpun\u00ebtor\u00eb n\u00eb jet\u00ebn dhe veprimtarin\u00eb e Kish\u00ebs Orthodhokse. Akademia Teologjike ka nisur funksionimin e saj n\u00eb shkurt t\u00eb vitit 1992 si Seminar Hieratik-Teologjik, \u00ebsht\u00eb institucioni m\u00eb i lart\u00eb arsimor teologjik n\u00eb Shqip\u00ebri, themeluar n\u00ebn p\u00ebrkujdesjen, financimin dhe mb\u00ebshtetjen e gjithanshme t\u00eb Kryepiskopit Anastas.<\/span><\/span><\/span><\/div>\n<div class=\"style10\" style=\"text-align: justify;\">&nbsp;<\/div>\n<div class=\"style10\" style=\"text-align: justify;\">&nbsp;<\/div>\n<div class=\"style10\" style=\"text-align: justify;\">&nbsp;<\/div>\n<div class=\"style10\" style=\"text-align: justify;\">&nbsp;<\/div>\n<p><img decoding=\"async\" class=\"lazyload HAa Eha\" style=\"height: 242px; width: 322px; border-width: 1px; border-style: solid; margin: 10px auto; display: block;\" alt=\"\" src=\"data:image\/gif;base64,R0lGODlhAQABAAAAACH5BAEKAAEALAAAAAABAAEAAAICTAEAOw==\" data-orig-src=\"https:\/\/lh4.googleusercontent.com\/--he4IWqjTSI\/VARAbUOdTNI\/AAAAAAAACjU\/61mNb89SXi4\/w720-h540-no\/3.jpg\" \/><img decoding=\"async\" class=\"lazyload HAa Eha\" style=\"height: 242px; width: 322px; border-width: 1px; border-style: solid; margin: 10px auto; display: block;\" alt=\"\" src=\"data:image\/gif;base64,R0lGODlhAQABAAAAACH5BAEKAAEALAAAAAABAAEAAAICTAEAOw==\" data-orig-src=\"https:\/\/lh5.googleusercontent.com\/-o_uOHBJxykE\/VARAbyp3rvI\/AAAAAAAACjQ\/Ycvx-Ts32gQ\/w400-h300-no\/Akademia%2B1.jpg\" \/><\/p>\n","protected":false},"excerpt":{"rendered":"<p>&nbsp; &nbsp; M\u00eb dat\u00ebn 3 tetor, Akademia Teologjike &#8220;Ngjallja e Krishtit&#8221; nisi vitin e ri akademik 2011-2012. &nbsp;K\u00ebt\u00eb vit u ul\u00ebn p\u00ebr her\u00eb t\u00eb par\u00eb n\u00eb bankat e k\u00ebsaj shkolle 14 student\u00eb t\u00eb rinj. &nbsp; &nbsp; Dita e par\u00eb e shkoll\u00ebs nisi me sh\u00ebrbes\u00ebn e Ajazm\u00ebs, p\u00ebr nj\u00eb fillim t\u00eb mbar\u00eb t\u00eb vitit akademik, p\u00ebr p\u00ebrparimin intelektual dhe shpirt\u00ebror. Sh\u00ebrbesa lut\u00ebsore u kryesua nga N\u00ebndrejtori<\/p>\n","protected":false},"author":1,"featured_media":0,"comment_status":"open","ping_status":"open","sticky":false,"template":"","format":"standard","meta":{"_acf_changed":false,"pagelayer_contact_templates":[],"_pagelayer_content":"","inline_featured_image":false,"fifu_image_url":"","fifu_image_alt":"","footnotes":""},"categories":[108],"tags":[143,169,196,212],"class_list":["post-996","post","type-post","status-publish","format-standard","hentry","category-lajme","tag-143","tag-akademia-teologjike","tag-tirane","tag-lajme-d27"],"acf":[],"yoast_head":"<!-- This site is optimized with the Yoast SEO plugin v27.2 - https:\/\/yoast.com\/product\/yoast-seo-wordpress\/ -->\n<title>Nis viti i ri shkollor 2011-2012 n\u00eb Akademin\u00eb Teologjike &quot;Ngjallja e Krishtit&quot;. - Kisha Orthodh\u03bfkse Autoqefale e Shqip\u00ebris\u00eb<\/title>\n<meta name=\"robots\" content=\"index, follow, max-snippet:-1, max-image-preview:large, max-video-preview:-1\" \/>\n<link rel=\"canonical\" href=\"https:\/\/orthodoxalbania.org\/2020\/2013\/03\/21\/nis-viti-i-ri-shkollor-2011-2012-ne-akademine-teologjike-ngjallja-e-krishtit\/\" \/>\n<meta property=\"og:locale\" content=\"en_US\" \/>\n<meta property=\"og:type\" content=\"article\" \/>\n<meta property=\"og:title\" content=\"Nis viti i ri shkollor 2011-2012 n\u00eb Akademin\u00eb Teologjike &quot;Ngjallja e Krishtit&quot;. - Kisha Orthodh\u03bfkse Autoqefale e Shqip\u00ebris\u00eb\" \/>\n<meta property=\"og:description\" content=\"&nbsp; &nbsp; M\u00eb dat\u00ebn 3 tetor, Akademia Teologjike &#8220;Ngjallja e Krishtit&#8221; nisi vitin e ri akademik 2011-2012. &nbsp;K\u00ebt\u00eb vit u ul\u00ebn p\u00ebr her\u00eb t\u00eb par\u00eb n\u00eb bankat e k\u00ebsaj shkolle 14 student\u00eb t\u00eb rinj. &nbsp; &nbsp; Dita e par\u00eb e shkoll\u00ebs nisi me sh\u00ebrbes\u00ebn e Ajazm\u00ebs, p\u00ebr nj\u00eb fillim t\u00eb mbar\u00eb t\u00eb vitit akademik, p\u00ebr p\u00ebrparimin intelektual dhe shpirt\u00ebror. Sh\u00ebrbesa lut\u00ebsore u kryesua nga N\u00ebndrejtori\" \/>\n<meta property=\"og:url\" content=\"https:\/\/orthodoxalbania.org\/2020\/2013\/03\/21\/nis-viti-i-ri-shkollor-2011-2012-ne-akademine-teologjike-ngjallja-e-krishtit\/\" \/>\n<meta property=\"og:site_name\" content=\"Kisha Orthodh\u03bfkse Autoqefale e Shqip\u00ebris\u00eb\" \/>\n<meta property=\"article:publisher\" content=\"https:\/\/www.facebook.com\/koash1991\" \/>\n<meta property=\"article:published_time\" content=\"2013-03-21T10:14:34+00:00\" \/>\n<meta property=\"article:modified_time\" content=\"2020-04-06T20:31:58+00:00\" \/>\n<meta property=\"og:image\" content=\"https:\/\/lh4.googleusercontent.com\/-I7a3S9XmSe0\/VARAbJrsk_I\/AAAAAAAACjA\/VeaojTiIxkE\/w720-h540-no\/1%2B-.jpg\" \/>\n<meta name=\"author\" content=\"Kisha Orthodhokse\" \/>\n<meta name=\"twitter:card\" content=\"summary_large_image\" \/>\n<meta name=\"twitter:label1\" content=\"Written by\" \/>\n\t<meta name=\"twitter:data1\" content=\"Kisha Orthodhokse\" \/>\n\t<meta name=\"twitter:label2\" content=\"Est. reading time\" \/>\n\t<meta name=\"twitter:data2\" content=\"2 minutes\" \/>\n<script type=\"application\/ld+json\" class=\"yoast-schema-graph\">{\"@context\":\"https:\/\/schema.org\",\"@graph\":[{\"@type\":\"Article\",\"@id\":\"https:\/\/orthodoxalbania.org\/2020\/2013\/03\/21\/nis-viti-i-ri-shkollor-2011-2012-ne-akademine-teologjike-ngjallja-e-krishtit\/#article\",\"isPartOf\":{\"@id\":\"https:\/\/orthodoxalbania.org\/2020\/2013\/03\/21\/nis-viti-i-ri-shkollor-2011-2012-ne-akademine-teologjike-ngjallja-e-krishtit\/\"},\"author\":{\"name\":\"Kisha Orthodhokse\",\"@id\":\"https:\/\/orthodoxalbania.org\/2020\/#\/schema\/person\/0c387634a7063ac612d7ed9ce71c7e86\"},\"headline\":\"Nis viti i ri shkollor 2011-2012 n\u00eb Akademin\u00eb Teologjike &#8220;Ngjallja e Krishtit&#8221;.\",\"datePublished\":\"2013-03-21T10:14:34+00:00\",\"dateModified\":\"2020-04-06T20:31:58+00:00\",\"mainEntityOfPage\":{\"@id\":\"https:\/\/orthodoxalbania.org\/2020\/2013\/03\/21\/nis-viti-i-ri-shkollor-2011-2012-ne-akademine-teologjike-ngjallja-e-krishtit\/\"},\"wordCount\":350,\"commentCount\":0,\"publisher\":{\"@id\":\"https:\/\/orthodoxalbania.org\/2020\/#organization\"},\"image\":{\"@id\":\"https:\/\/orthodoxalbania.org\/2020\/2013\/03\/21\/nis-viti-i-ri-shkollor-2011-2012-ne-akademine-teologjike-ngjallja-e-krishtit\/#primaryimage\"},\"thumbnailUrl\":\"https:\/\/lh4.googleusercontent.com\/-I7a3S9XmSe0\/VARAbJrsk_I\/AAAAAAAACjA\/VeaojTiIxkE\/w720-h540-no\/1%2B-.jpg\",\"keywords\":[\"2011\",\"Akademia Teologjike\",\"Kryepiskopata Tiran\u00eb\",\"lajme\"],\"articleSection\":[\"Lajme\"],\"inLanguage\":\"en-US\"},{\"@type\":\"WebPage\",\"@id\":\"https:\/\/orthodoxalbania.org\/2020\/2013\/03\/21\/nis-viti-i-ri-shkollor-2011-2012-ne-akademine-teologjike-ngjallja-e-krishtit\/\",\"url\":\"https:\/\/orthodoxalbania.org\/2020\/2013\/03\/21\/nis-viti-i-ri-shkollor-2011-2012-ne-akademine-teologjike-ngjallja-e-krishtit\/\",\"name\":\"Nis viti i ri shkollor 2011-2012 n\u00eb Akademin\u00eb Teologjike \\\"Ngjallja e Krishtit\\\". - Kisha Orthodh\u03bfkse Autoqefale e Shqip\u00ebris\u00eb\",\"isPartOf\":{\"@id\":\"https:\/\/orthodoxalbania.org\/2020\/#website\"},\"primaryImageOfPage\":{\"@id\":\"https:\/\/orthodoxalbania.org\/2020\/2013\/03\/21\/nis-viti-i-ri-shkollor-2011-2012-ne-akademine-teologjike-ngjallja-e-krishtit\/#primaryimage\"},\"image\":{\"@id\":\"https:\/\/orthodoxalbania.org\/2020\/2013\/03\/21\/nis-viti-i-ri-shkollor-2011-2012-ne-akademine-teologjike-ngjallja-e-krishtit\/#primaryimage\"},\"thumbnailUrl\":\"https:\/\/lh4.googleusercontent.com\/-I7a3S9XmSe0\/VARAbJrsk_I\/AAAAAAAACjA\/VeaojTiIxkE\/w720-h540-no\/1%2B-.jpg\",\"datePublished\":\"2013-03-21T10:14:34+00:00\",\"dateModified\":\"2020-04-06T20:31:58+00:00\",\"breadcrumb\":{\"@id\":\"https:\/\/orthodoxalbania.org\/2020\/2013\/03\/21\/nis-viti-i-ri-shkollor-2011-2012-ne-akademine-teologjike-ngjallja-e-krishtit\/#breadcrumb\"},\"inLanguage\":\"en-US\",\"potentialAction\":[{\"@type\":\"ReadAction\",\"target\":[\"https:\/\/orthodoxalbania.org\/2020\/2013\/03\/21\/nis-viti-i-ri-shkollor-2011-2012-ne-akademine-teologjike-ngjallja-e-krishtit\/\"]}]},{\"@type\":\"ImageObject\",\"inLanguage\":\"en-US\",\"@id\":\"https:\/\/orthodoxalbania.org\/2020\/2013\/03\/21\/nis-viti-i-ri-shkollor-2011-2012-ne-akademine-teologjike-ngjallja-e-krishtit\/#primaryimage\",\"url\":\"https:\/\/lh4.googleusercontent.com\/-I7a3S9XmSe0\/VARAbJrsk_I\/AAAAAAAACjA\/VeaojTiIxkE\/w720-h540-no\/1%2B-.jpg\",\"contentUrl\":\"https:\/\/lh4.googleusercontent.com\/-I7a3S9XmSe0\/VARAbJrsk_I\/AAAAAAAACjA\/VeaojTiIxkE\/w720-h540-no\/1%2B-.jpg\"},{\"@type\":\"BreadcrumbList\",\"@id\":\"https:\/\/orthodoxalbania.org\/2020\/2013\/03\/21\/nis-viti-i-ri-shkollor-2011-2012-ne-akademine-teologjike-ngjallja-e-krishtit\/#breadcrumb\",\"itemListElement\":[{\"@type\":\"ListItem\",\"position\":1,\"name\":\"Home\",\"item\":\"https:\/\/orthodoxalbania.org\/2020\/\"},{\"@type\":\"ListItem\",\"position\":2,\"name\":\"Nis viti i ri shkollor 2011-2012 n\u00eb Akademin\u00eb Teologjike &#8220;Ngjallja e Krishtit&#8221;.\"}]},{\"@type\":\"WebSite\",\"@id\":\"https:\/\/orthodoxalbania.org\/2020\/#website\",\"url\":\"https:\/\/orthodoxalbania.org\/2020\/\",\"name\":\"Kisha Orthodh\u03bfkse Autoqefale e Shqip\u00ebris\u00eb\",\"description\":\"Fqja Zyrtare e Kish\u00ebs Orthodhokse Autoqefale e Shqip\u00ebris\u00eb me lajmet edhe informacionet zyrtare p\u00ebr struktur\u00ebn edhe veprimtarin e saj.\",\"publisher\":{\"@id\":\"https:\/\/orthodoxalbania.org\/2020\/#organization\"},\"potentialAction\":[{\"@type\":\"SearchAction\",\"target\":{\"@type\":\"EntryPoint\",\"urlTemplate\":\"https:\/\/orthodoxalbania.org\/2020\/?s={search_term_string}\"},\"query-input\":{\"@type\":\"PropertyValueSpecification\",\"valueRequired\":true,\"valueName\":\"search_term_string\"}}],\"inLanguage\":\"en-US\"},{\"@type\":\"Organization\",\"@id\":\"https:\/\/orthodoxalbania.org\/2020\/#organization\",\"name\":\"Kisha Orthodhokse Autoqefale e Shqip\u00ebris\u00eb\",\"url\":\"https:\/\/orthodoxalbania.org\/2020\/\",\"logo\":{\"@type\":\"ImageObject\",\"inLanguage\":\"en-US\",\"@id\":\"https:\/\/orthodoxalbania.org\/2020\/#\/schema\/logo\/image\/\",\"url\":\"https:\/\/orthodoxalbania.org\/2020\/wp-content\/uploads\/2020\/05\/albania.jpeg\",\"contentUrl\":\"https:\/\/orthodoxalbania.org\/2020\/wp-content\/uploads\/2020\/05\/albania.jpeg\",\"width\":540,\"height\":540,\"caption\":\"Kisha Orthodhokse Autoqefale e Shqip\u00ebris\u00eb\"},\"image\":{\"@id\":\"https:\/\/orthodoxalbania.org\/2020\/#\/schema\/logo\/image\/\"},\"sameAs\":[\"https:\/\/www.facebook.com\/koash1991\"]},{\"@type\":\"Person\",\"@id\":\"https:\/\/orthodoxalbania.org\/2020\/#\/schema\/person\/0c387634a7063ac612d7ed9ce71c7e86\",\"name\":\"Kisha Orthodhokse\",\"image\":{\"@type\":\"ImageObject\",\"inLanguage\":\"en-US\",\"@id\":\"https:\/\/secure.gravatar.com\/avatar\/596e7c417251e30f2fbb9c00e026fce61a695a00e51c889caded71c96cbbdde5?s=96&d=mm&r=g\",\"url\":\"https:\/\/secure.gravatar.com\/avatar\/596e7c417251e30f2fbb9c00e026fce61a695a00e51c889caded71c96cbbdde5?s=96&d=mm&r=g\",\"contentUrl\":\"https:\/\/secure.gravatar.com\/avatar\/596e7c417251e30f2fbb9c00e026fce61a695a00e51c889caded71c96cbbdde5?s=96&d=mm&r=g\",\"caption\":\"Kisha Orthodhokse\"}}]}<\/script>\n<!-- \/ Yoast SEO plugin. -->","yoast_head_json":{"title":"Nis viti i ri shkollor 2011-2012 n\u00eb Akademin\u00eb Teologjike \"Ngjallja e Krishtit\". - Kisha Orthodh\u03bfkse Autoqefale e Shqip\u00ebris\u00eb","robots":{"index":"index","follow":"follow","max-snippet":"max-snippet:-1","max-image-preview":"max-image-preview:large","max-video-preview":"max-video-preview:-1"},"canonical":"https:\/\/orthodoxalbania.org\/2020\/2013\/03\/21\/nis-viti-i-ri-shkollor-2011-2012-ne-akademine-teologjike-ngjallja-e-krishtit\/","og_locale":"en_US","og_type":"article","og_title":"Nis viti i ri shkollor 2011-2012 n\u00eb Akademin\u00eb Teologjike \"Ngjallja e Krishtit\". - Kisha Orthodh\u03bfkse Autoqefale e Shqip\u00ebris\u00eb","og_description":"&nbsp; &nbsp; M\u00eb dat\u00ebn 3 tetor, Akademia Teologjike &#8220;Ngjallja e Krishtit&#8221; nisi vitin e ri akademik 2011-2012. &nbsp;K\u00ebt\u00eb vit u ul\u00ebn p\u00ebr her\u00eb t\u00eb par\u00eb n\u00eb bankat e k\u00ebsaj shkolle 14 student\u00eb t\u00eb rinj. &nbsp; &nbsp; Dita e par\u00eb e shkoll\u00ebs nisi me sh\u00ebrbes\u00ebn e Ajazm\u00ebs, p\u00ebr nj\u00eb fillim t\u00eb mbar\u00eb t\u00eb vitit akademik, p\u00ebr p\u00ebrparimin intelektual dhe shpirt\u00ebror. Sh\u00ebrbesa lut\u00ebsore u kryesua nga N\u00ebndrejtori","og_url":"https:\/\/orthodoxalbania.org\/2020\/2013\/03\/21\/nis-viti-i-ri-shkollor-2011-2012-ne-akademine-teologjike-ngjallja-e-krishtit\/","og_site_name":"Kisha Orthodh\u03bfkse Autoqefale e Shqip\u00ebris\u00eb","article_publisher":"https:\/\/www.facebook.com\/koash1991","article_published_time":"2013-03-21T10:14:34+00:00","article_modified_time":"2020-04-06T20:31:58+00:00","og_image":[{"url":"https:\/\/lh4.googleusercontent.com\/-I7a3S9XmSe0\/VARAbJrsk_I\/AAAAAAAACjA\/VeaojTiIxkE\/w720-h540-no\/1%2B-.jpg","type":"","width":"","height":""}],"author":"Kisha Orthodhokse","twitter_card":"summary_large_image","twitter_misc":{"Written by":"Kisha Orthodhokse","Est. reading time":"2 minutes"},"schema":{"@context":"https:\/\/schema.org","@graph":[{"@type":"Article","@id":"https:\/\/orthodoxalbania.org\/2020\/2013\/03\/21\/nis-viti-i-ri-shkollor-2011-2012-ne-akademine-teologjike-ngjallja-e-krishtit\/#article","isPartOf":{"@id":"https:\/\/orthodoxalbania.org\/2020\/2013\/03\/21\/nis-viti-i-ri-shkollor-2011-2012-ne-akademine-teologjike-ngjallja-e-krishtit\/"},"author":{"name":"Kisha Orthodhokse","@id":"https:\/\/orthodoxalbania.org\/2020\/#\/schema\/person\/0c387634a7063ac612d7ed9ce71c7e86"},"headline":"Nis viti i ri shkollor 2011-2012 n\u00eb Akademin\u00eb Teologjike &#8220;Ngjallja e Krishtit&#8221;.","datePublished":"2013-03-21T10:14:34+00:00","dateModified":"2020-04-06T20:31:58+00:00","mainEntityOfPage":{"@id":"https:\/\/orthodoxalbania.org\/2020\/2013\/03\/21\/nis-viti-i-ri-shkollor-2011-2012-ne-akademine-teologjike-ngjallja-e-krishtit\/"},"wordCount":350,"commentCount":0,"publisher":{"@id":"https:\/\/orthodoxalbania.org\/2020\/#organization"},"image":{"@id":"https:\/\/orthodoxalbania.org\/2020\/2013\/03\/21\/nis-viti-i-ri-shkollor-2011-2012-ne-akademine-teologjike-ngjallja-e-krishtit\/#primaryimage"},"thumbnailUrl":"https:\/\/lh4.googleusercontent.com\/-I7a3S9XmSe0\/VARAbJrsk_I\/AAAAAAAACjA\/VeaojTiIxkE\/w720-h540-no\/1%2B-.jpg","keywords":["2011","Akademia Teologjike","Kryepiskopata Tiran\u00eb","lajme"],"articleSection":["Lajme"],"inLanguage":"en-US"},{"@type":"WebPage","@id":"https:\/\/orthodoxalbania.org\/2020\/2013\/03\/21\/nis-viti-i-ri-shkollor-2011-2012-ne-akademine-teologjike-ngjallja-e-krishtit\/","url":"https:\/\/orthodoxalbania.org\/2020\/2013\/03\/21\/nis-viti-i-ri-shkollor-2011-2012-ne-akademine-teologjike-ngjallja-e-krishtit\/","name":"Nis viti i ri shkollor 2011-2012 n\u00eb Akademin\u00eb Teologjike \"Ngjallja e Krishtit\". - Kisha Orthodh\u03bfkse Autoqefale e Shqip\u00ebris\u00eb","isPartOf":{"@id":"https:\/\/orthodoxalbania.org\/2020\/#website"},"primaryImageOfPage":{"@id":"https:\/\/orthodoxalbania.org\/2020\/2013\/03\/21\/nis-viti-i-ri-shkollor-2011-2012-ne-akademine-teologjike-ngjallja-e-krishtit\/#primaryimage"},"image":{"@id":"https:\/\/orthodoxalbania.org\/2020\/2013\/03\/21\/nis-viti-i-ri-shkollor-2011-2012-ne-akademine-teologjike-ngjallja-e-krishtit\/#primaryimage"},"thumbnailUrl":"https:\/\/lh4.googleusercontent.com\/-I7a3S9XmSe0\/VARAbJrsk_I\/AAAAAAAACjA\/VeaojTiIxkE\/w720-h540-no\/1%2B-.jpg","datePublished":"2013-03-21T10:14:34+00:00","dateModified":"2020-04-06T20:31:58+00:00","breadcrumb":{"@id":"https:\/\/orthodoxalbania.org\/2020\/2013\/03\/21\/nis-viti-i-ri-shkollor-2011-2012-ne-akademine-teologjike-ngjallja-e-krishtit\/#breadcrumb"},"inLanguage":"en-US","potentialAction":[{"@type":"ReadAction","target":["https:\/\/orthodoxalbania.org\/2020\/2013\/03\/21\/nis-viti-i-ri-shkollor-2011-2012-ne-akademine-teologjike-ngjallja-e-krishtit\/"]}]},{"@type":"ImageObject","inLanguage":"en-US","@id":"https:\/\/orthodoxalbania.org\/2020\/2013\/03\/21\/nis-viti-i-ri-shkollor-2011-2012-ne-akademine-teologjike-ngjallja-e-krishtit\/#primaryimage","url":"https:\/\/lh4.googleusercontent.com\/-I7a3S9XmSe0\/VARAbJrsk_I\/AAAAAAAACjA\/VeaojTiIxkE\/w720-h540-no\/1%2B-.jpg","contentUrl":"https:\/\/lh4.googleusercontent.com\/-I7a3S9XmSe0\/VARAbJrsk_I\/AAAAAAAACjA\/VeaojTiIxkE\/w720-h540-no\/1%2B-.jpg"},{"@type":"BreadcrumbList","@id":"https:\/\/orthodoxalbania.org\/2020\/2013\/03\/21\/nis-viti-i-ri-shkollor-2011-2012-ne-akademine-teologjike-ngjallja-e-krishtit\/#breadcrumb","itemListElement":[{"@type":"ListItem","position":1,"name":"Home","item":"https:\/\/orthodoxalbania.org\/2020\/"},{"@type":"ListItem","position":2,"name":"Nis viti i ri shkollor 2011-2012 n\u00eb Akademin\u00eb Teologjike &#8220;Ngjallja e Krishtit&#8221;."}]},{"@type":"WebSite","@id":"https:\/\/orthodoxalbania.org\/2020\/#website","url":"https:\/\/orthodoxalbania.org\/2020\/","name":"Kisha Orthodh\u03bfkse Autoqefale e Shqip\u00ebris\u00eb","description":"Fqja Zyrtare e Kish\u00ebs Orthodhokse Autoqefale e Shqip\u00ebris\u00eb me lajmet edhe informacionet zyrtare p\u00ebr struktur\u00ebn edhe veprimtarin e saj.","publisher":{"@id":"https:\/\/orthodoxalbania.org\/2020\/#organization"},"potentialAction":[{"@type":"SearchAction","target":{"@type":"EntryPoint","urlTemplate":"https:\/\/orthodoxalbania.org\/2020\/?s={search_term_string}"},"query-input":{"@type":"PropertyValueSpecification","valueRequired":true,"valueName":"search_term_string"}}],"inLanguage":"en-US"},{"@type":"Organization","@id":"https:\/\/orthodoxalbania.org\/2020\/#organization","name":"Kisha Orthodhokse Autoqefale e Shqip\u00ebris\u00eb","url":"https:\/\/orthodoxalbania.org\/2020\/","logo":{"@type":"ImageObject","inLanguage":"en-US","@id":"https:\/\/orthodoxalbania.org\/2020\/#\/schema\/logo\/image\/","url":"https:\/\/orthodoxalbania.org\/2020\/wp-content\/uploads\/2020\/05\/albania.jpeg","contentUrl":"https:\/\/orthodoxalbania.org\/2020\/wp-content\/uploads\/2020\/05\/albania.jpeg","width":540,"height":540,"caption":"Kisha Orthodhokse Autoqefale e Shqip\u00ebris\u00eb"},"image":{"@id":"https:\/\/orthodoxalbania.org\/2020\/#\/schema\/logo\/image\/"},"sameAs":["https:\/\/www.facebook.com\/koash1991"]},{"@type":"Person","@id":"https:\/\/orthodoxalbania.org\/2020\/#\/schema\/person\/0c387634a7063ac612d7ed9ce71c7e86","name":"Kisha Orthodhokse","image":{"@type":"ImageObject","inLanguage":"en-US","@id":"https:\/\/secure.gravatar.com\/avatar\/596e7c417251e30f2fbb9c00e026fce61a695a00e51c889caded71c96cbbdde5?s=96&d=mm&r=g","url":"https:\/\/secure.gravatar.com\/avatar\/596e7c417251e30f2fbb9c00e026fce61a695a00e51c889caded71c96cbbdde5?s=96&d=mm&r=g","contentUrl":"https:\/\/secure.gravatar.com\/avatar\/596e7c417251e30f2fbb9c00e026fce61a695a00e51c889caded71c96cbbdde5?s=96&d=mm&r=g","caption":"Kisha Orthodhokse"}}]}},"_links":{"self":[{"href":"https:\/\/orthodoxalbania.org\/2020\/wp-json\/wp\/v2\/posts\/996","targetHints":{"allow":["GET"]}}],"collection":[{"href":"https:\/\/orthodoxalbania.org\/2020\/wp-json\/wp\/v2\/posts"}],"about":[{"href":"https:\/\/orthodoxalbania.org\/2020\/wp-json\/wp\/v2\/types\/post"}],"author":[{"embeddable":true,"href":"https:\/\/orthodoxalbania.org\/2020\/wp-json\/wp\/v2\/users\/1"}],"replies":[{"embeddable":true,"href":"https:\/\/orthodoxalbania.org\/2020\/wp-json\/wp\/v2\/comments?post=996"}],"version-history":[{"count":1,"href":"https:\/\/orthodoxalbania.org\/2020\/wp-json\/wp\/v2\/posts\/996\/revisions"}],"predecessor-version":[{"id":15361,"href":"https:\/\/orthodoxalbania.org\/2020\/wp-json\/wp\/v2\/posts\/996\/revisions\/15361"}],"wp:attachment":[{"href":"https:\/\/orthodoxalbania.org\/2020\/wp-json\/wp\/v2\/media?parent=996"}],"wp:term":[{"taxonomy":"category","embeddable":true,"href":"https:\/\/orthodoxalbania.org\/2020\/wp-json\/wp\/v2\/categories?post=996"},{"taxonomy":"post_tag","embeddable":true,"href":"https:\/\/orthodoxalbania.org\/2020\/wp-json\/wp\/v2\/tags?post=996"}],"curies":[{"name":"wp","href":"https:\/\/api.w.org\/{rel}","templated":true}]}}