{"id":995,"date":"2009-03-13T09:59:13","date_gmt":"2009-03-13T09:59:13","guid":{"rendered":""},"modified":"2020-04-06T22:35:13","modified_gmt":"2020-04-06T20:35:13","slug":"nis-viti-i-ri-shkollor-2009-2010-ne-akademine-teologjike","status":"publish","type":"post","link":"https:\/\/orthodoxalbania.org\/2020\/2009\/03\/13\/nis-viti-i-ri-shkollor-2009-2010-ne-akademine-teologjike\/","title":{"rendered":"Nis viti i ri shkollor 2009-2010 n\u00eb Akademin\u00eb Teologjike. (2009)"},"content":{"rendered":"<p style=\"text-align: justify;\">&nbsp;<\/p>\n<div style=\"text-align: justify;\"><span style=\"color: #000000;\"><span style=\"font-family: tahoma,geneva,sans-serif;\"><span style=\"font-size: 12px;\">&nbsp;<img decoding=\"async\" class=\"lazyload HAa Eha\" style=\"height: 252px; width: 448px; float: left; border-width: 1px; border-style: solid; margin: 10px;\" alt=\"\" src=\"data:image\/gif;base64,R0lGODlhAQABAAAAACH5BAEKAAEALAAAAAABAAEAAAICTAEAOw==\" data-orig-src=\"https:\/\/lh3.googleusercontent.com\/-eYcHuWulaFc\/U_xT5YdPTUI\/AAAAAAAABD0\/FKGpwSIoGeo\/w448-h252-no\/m1.jpg\" \/>&nbsp;&nbsp;&nbsp; Filloi viti i ri akademik 2009-2010 n\u00eb Akademin\u00eb Teologjike \u201cNgjallja e Krishtit\u201d. Bashk\u00eb m\u00eb student\u00ebt, pedagog\u00ebt dhe stafin e shkoll\u00ebs, dit\u00ebn e par\u00eb mori pjes\u00eb edhe Kryepiskopi Anastas p\u00ebr t\u00eb kryer sh\u00ebrbes\u00ebn e Ajazm\u00ebs. Ai bekoi nisjen e vitit t\u00eb ri akademik n\u00eb k\u00ebt\u00eb institucion themelor t\u00eb Kish\u00ebs son\u00eb, duke motivuar student\u00ebt p\u00ebr p\u00ebrparim intelektual dhe n\u00eb ve\u00e7anti shpirt\u00ebror.<\/span><\/span><\/span><\/div>\n<div style=\"text-align: justify;\"> <span style=\"color: #000000;\"><span style=\"font-family: tahoma,geneva,sans-serif;\"><span style=\"font-size: 12px;\">&nbsp;&nbsp;&nbsp; \u201cAkademia Teologjike \u00ebsht\u00eb nj\u00eb hir i madh q\u00eb na \u00ebsht\u00eb dhuruar ne dhe n\u00eb m\u00ebnyr\u00eb t\u00eb ve\u00e7ant\u00eb student\u00ebve, ndaj ka r\u00ebnd\u00ebsi q\u00eb ta vendosim n\u00eb p\u00ebrdorim k\u00ebt\u00eb hir dhe duhet t\u00eb b\u00ebhemi t\u00eb denj\u00eb q\u00eb ta l\u00ebm\u00eb t\u00eb veproj\u00eb brenda zemrave tona. Ju student\u00eb keni mund\u00ebsin\u00eb t\u00eb p\u00ebrkushtoheni n\u00eb studimet tuaja dhe t\u00eb m\u00ebsoni n\u00eb m\u00ebnyr\u00ebn e sakt\u00eb teologjin\u00eb orthodhokse q\u00eb \u00ebsht\u00eb nj\u00eb oqean shum\u00eb i madh. Kushtojini r\u00ebnd\u00ebsi jet\u00ebs s\u00eb p\u00ebrbashk\u00ebt n\u00eb Akademi, sepse nuk duhet t\u00eb m\u00ebsoni vet\u00ebm disa t\u00eb v\u00ebrteta t\u00eb intelektit, por t\u00eb kultivoni marr\u00ebdh\u00ebnien v\u00ebllaz\u00ebrore. Me mir\u00ebsjellje, me dashuri, pa hipokrizi, me fjal\u00ebn e s\u00eb v\u00ebrtet\u00ebs, me d\u00eblir\u00ebsi dhe me Shpirtin e Shenjt\u2026 kjo \u00ebsht\u00eb p\u00ebrpar\u00ebsia e Akademis\u00eb Teologjike. Per\u00ebndia nuk \u00ebsht\u00eb nj\u00eb m\u00ebsues i pacaktuar. Fryma e korrekt\u00ebsis\u00eb, e t\u00eb nx\u00ebnit<img decoding=\"async\" class=\"lazyload HAa Eha\" style=\"height: 252px; width: 448px; border-width: 1px; border-style: solid; margin: 10px; float: right;\" alt=\"\" src=\"data:image\/gif;base64,R0lGODlhAQABAAAAACH5BAEKAAEALAAAAAABAAEAAAICTAEAOw==\" data-orig-src=\"https:\/\/lh6.googleusercontent.com\/-nKXMcfW9NDI\/U_xT5eVqV3I\/AAAAAAAABDs\/97wY2aI5Bmk\/w448-h252-no\/m2.jpg\" \/> dhe sakrific\u00ebs t\u2019ju shoq\u00ebroj\u00eb gjat\u00eb k\u00ebtij viti p\u00ebr tu afruar me Per\u00ebndin\u00eb\u201d- tha Kryepiskopi n\u00eb urimin e tij.<\/span><\/span><\/span><\/div>\n<div style=\"text-align: justify;\"> <span style=\"color: #000000;\"><span style=\"font-family: tahoma,geneva,sans-serif;\"><span style=\"font-size: 12px;\">&nbsp;&nbsp; Student\u00ebt vijn\u00eb nga lokalitete t\u00eb ndryshme t\u00eb vendit dhe ndjekin ciklin 4-vje\u00e7ar t\u00eb studimeve. Mirsen Rusha nga Fieri \u00ebsht\u00eb nj\u00eb nd\u00ebr student\u00ebt e vitit t\u00eb par\u00eb dhe kur e pyet\u00ebm se \u00e7far\u00eb e motivoi ardhjen e tij n\u00eb Akademi, ai u p\u00ebrgjigj: \u201cKam ardhur t\u00eb b\u00ebhem njeri i Zotit dhe t\u00eb ndjek rrug\u00ebn e Tij. Pres t\u00eb m\u00ebsoj shum\u00eb rreth besimit dhe mistereve t\u00eb Kish\u00ebs\u201d. Nd\u00ebrsa Kristi Xhaferri ka vitin e fundit t\u00eb studimeve dhe jo vet\u00ebm i uron suksese koleg\u00ebve t\u00eb tij t\u00eb vitit t\u00eb par\u00eb, por edhe i motivon ata: \u201cN\u00eb Akademi keni p\u00ebr t\u00eb njohur dhe jetuar Per\u00ebndin\u00eb, si n\u00eb asnj\u00eb vend tjet\u00ebr\u201d.<\/span><\/span><\/span><\/div>\n<div style=\"text-align: justify;\"> <span style=\"color: #000000;\"><span style=\"font-family: tahoma,geneva,sans-serif;\"><span style=\"font-size: 12px;\">&nbsp;&nbsp;&nbsp; P\u00ebrgjat\u00eb vitit, student\u00ebt do t\u00eb jen\u00eb pjes\u00ebmarr\u00ebs dhe organizator\u00eb t\u00eb shum\u00eb aktiviteteve brenda dhe jasht\u00eb Akademis\u00eb. Nga kjo shkoll\u00eb kan\u00eb dal\u00eb disa breza klerik\u00ebsh dhe kuadrosh kishtar\u00eb, t\u00eb cil\u00ebt kan\u00eb role t\u00eb r\u00ebnd\u00ebsishme n\u00eb shum\u00eb institucione kishtare, duke dh\u00ebn\u00eb nj\u00eb kontribut t\u00eb \u00e7muar n\u00eb zhvillimin e Kish\u00ebs son\u00eb.<\/span><\/span><\/span><\/div>\n<div style=\"text-align: justify;\">&nbsp;<\/div>\n<div style=\"text-align: justify;\">&nbsp;<\/div>\n<div style=\"text-align: justify;\">&nbsp;<\/div>\n<div style=\"text-align: justify;\">&nbsp;<\/div>\n<table style=\"width: 961px; height: 561px;\" border=\"0\">\n<tbody>\n<tr>\n<td style=\"text-align: justify;\">\n<div><span style=\"color: #000000;\"><span style=\"font-family: tahoma,geneva,sans-serif;\"><span style=\"font-size: 12px;\"><img decoding=\"async\" class=\"lazyload HAa Eha\" style=\"height: 252px; width: 448px; border-width: 1px; border-style: solid; display: block; margin-left: auto; margin-right: auto;\" alt=\"\" src=\"data:image\/gif;base64,R0lGODlhAQABAAAAACH5BAEKAAEALAAAAAABAAEAAAICTAEAOw==\" data-orig-src=\"https:\/\/lh3.googleusercontent.com\/-38OyUAf4VBA\/U_xT5B58W3I\/AAAAAAAABEM\/aqYdk9oY3JE\/w448-h252-no\/m3.jpg\" \/><\/span><\/span><\/span><\/div>\n<\/td>\n<td style=\"text-align: justify;\">\n<div><span style=\"color: #000000;\"><span style=\"font-family: tahoma,geneva,sans-serif;\"><span style=\"font-size: 12px;\"><img decoding=\"async\" class=\"lazyload HAa Eha\" style=\"height: 252px; width: 448px; border-width: 1px; border-style: solid; margin: 10px auto; display: block;\" alt=\"\" src=\"data:image\/gif;base64,R0lGODlhAQABAAAAACH5BAEKAAEALAAAAAABAAEAAAICTAEAOw==\" data-orig-src=\"https:\/\/lh4.googleusercontent.com\/-aZq2_c7pDoc\/U_xT5i3DDpI\/AAAAAAAABD8\/wavXmMc8DdM\/w448-h252-no\/m4.jpg\" \/><\/span><\/span><\/span><\/div>\n<\/td>\n<\/tr>\n<tr>\n<td style=\"text-align: justify;\">\n<div><span style=\"color: #000000;\"><span style=\"font-family: tahoma,geneva,sans-serif;\"><span style=\"font-size: 12px;\"><img decoding=\"async\" class=\"lazyload HAa Eha\" style=\"border-width: 1px; border-style: solid; margin: 10px auto; display: block;\" alt=\"\" src=\"data:image\/gif;base64,R0lGODlhAQABAAAAACH5BAEKAAEALAAAAAABAAEAAAICTAEAOw==\" data-orig-src=\"https:\/\/lh5.googleusercontent.com\/-ucETvFqoOYI\/U_xT69UbI7I\/AAAAAAAABEI\/8zSlPnxSJRs\/w448-h252-no\/m5.jpg\" \/><\/span><\/span><\/span><\/div>\n<\/td>\n<td style=\"text-align: justify;\">\n<div><span style=\"color: #000000;\"><span style=\"font-family: tahoma,geneva,sans-serif;\"><span style=\"font-size: 12px;\"><img decoding=\"async\" class=\"lazyload HAa Eha\" style=\"border-width: 1px; border-style: solid; margin: 10px auto; display: block;\" alt=\"\" src=\"data:image\/gif;base64,R0lGODlhAQABAAAAACH5BAEKAAEALAAAAAABAAEAAAICTAEAOw==\" data-orig-src=\"https:\/\/lh3.googleusercontent.com\/-KCqnjd9TH1k\/U_xT7F84lmI\/AAAAAAAABEQ\/YHkoHRZN4Tc\/w448-h252-no\/m6.jpg\" \/><\/span><\/span><\/span><\/div>\n<\/td>\n<\/tr>\n<\/tbody>\n<\/table>\n<div class=\"style7\" style=\"text-align: justify;\"><span style=\"color: #000000;\"><span style=\"font-family: tahoma,geneva,sans-serif;\"><span style=\"font-size: 12px;\">Isidor Koti<\/span><\/span><\/span><\/div>\n","protected":false},"excerpt":{"rendered":"<p>&nbsp; &nbsp;&nbsp;&nbsp;&nbsp; Filloi viti i ri akademik 2009-2010 n\u00eb Akademin\u00eb Teologjike \u201cNgjallja e Krishtit\u201d. Bashk\u00eb m\u00eb student\u00ebt, pedagog\u00ebt dhe stafin e shkoll\u00ebs, dit\u00ebn e par\u00eb mori pjes\u00eb edhe Kryepiskopi Anastas p\u00ebr t\u00eb kryer sh\u00ebrbes\u00ebn e Ajazm\u00ebs. Ai bekoi nisjen e vitit t\u00eb ri akademik n\u00eb k\u00ebt\u00eb institucion themelor t\u00eb Kish\u00ebs son\u00eb, duke motivuar student\u00ebt p\u00ebr p\u00ebrparim intelektual dhe n\u00eb ve\u00e7anti shpirt\u00ebror. &nbsp;&nbsp;&nbsp; \u201cAkademia Teologjike \u00ebsht\u00eb<\/p>\n","protected":false},"author":1,"featured_media":0,"comment_status":"open","ping_status":"open","sticky":false,"template":"","format":"standard","meta":{"_acf_changed":false,"pagelayer_contact_templates":[],"_pagelayer_content":"","inline_featured_image":false,"fifu_image_url":"","fifu_image_alt":"","footnotes":""},"categories":[108],"tags":[145,169,196,212],"class_list":["post-995","post","type-post","status-publish","format-standard","hentry","category-lajme","tag-145","tag-akademia-teologjike","tag-tirane","tag-lajme-d27"],"acf":[],"yoast_head":"<!-- This site is optimized with the Yoast SEO plugin v27.2 - https:\/\/yoast.com\/product\/yoast-seo-wordpress\/ -->\n<title>Nis viti i ri shkollor 2009-2010 n\u00eb Akademin\u00eb Teologjike. (2009) - Kisha Orthodh\u03bfkse Autoqefale e Shqip\u00ebris\u00eb<\/title>\n<meta name=\"robots\" content=\"index, follow, max-snippet:-1, max-image-preview:large, max-video-preview:-1\" \/>\n<link rel=\"canonical\" href=\"https:\/\/orthodoxalbania.org\/2020\/2009\/03\/13\/nis-viti-i-ri-shkollor-2009-2010-ne-akademine-teologjike\/\" \/>\n<meta property=\"og:locale\" content=\"en_US\" \/>\n<meta property=\"og:type\" content=\"article\" \/>\n<meta property=\"og:title\" content=\"Nis viti i ri shkollor 2009-2010 n\u00eb Akademin\u00eb Teologjike. (2009) - Kisha Orthodh\u03bfkse Autoqefale e Shqip\u00ebris\u00eb\" \/>\n<meta property=\"og:description\" content=\"&nbsp; &nbsp;&nbsp;&nbsp;&nbsp; Filloi viti i ri akademik 2009-2010 n\u00eb Akademin\u00eb Teologjike \u201cNgjallja e Krishtit\u201d. Bashk\u00eb m\u00eb student\u00ebt, pedagog\u00ebt dhe stafin e shkoll\u00ebs, dit\u00ebn e par\u00eb mori pjes\u00eb edhe Kryepiskopi Anastas p\u00ebr t\u00eb kryer sh\u00ebrbes\u00ebn e Ajazm\u00ebs. Ai bekoi nisjen e vitit t\u00eb ri akademik n\u00eb k\u00ebt\u00eb institucion themelor t\u00eb Kish\u00ebs son\u00eb, duke motivuar student\u00ebt p\u00ebr p\u00ebrparim intelektual dhe n\u00eb ve\u00e7anti shpirt\u00ebror. &nbsp;&nbsp;&nbsp; \u201cAkademia Teologjike \u00ebsht\u00eb\" \/>\n<meta property=\"og:url\" content=\"https:\/\/orthodoxalbania.org\/2020\/2009\/03\/13\/nis-viti-i-ri-shkollor-2009-2010-ne-akademine-teologjike\/\" \/>\n<meta property=\"og:site_name\" content=\"Kisha Orthodh\u03bfkse Autoqefale e Shqip\u00ebris\u00eb\" \/>\n<meta property=\"article:publisher\" content=\"https:\/\/www.facebook.com\/koash1991\" \/>\n<meta property=\"article:published_time\" content=\"2009-03-13T09:59:13+00:00\" \/>\n<meta property=\"article:modified_time\" content=\"2020-04-06T20:35:13+00:00\" \/>\n<meta property=\"og:image\" content=\"https:\/\/lh3.googleusercontent.com\/-eYcHuWulaFc\/U_xT5YdPTUI\/AAAAAAAABD0\/FKGpwSIoGeo\/w448-h252-no\/m1.jpg\" \/>\n<meta name=\"author\" content=\"Kisha Orthodhokse\" \/>\n<meta name=\"twitter:card\" content=\"summary_large_image\" \/>\n<meta name=\"twitter:label1\" content=\"Written by\" \/>\n\t<meta name=\"twitter:data1\" content=\"Kisha Orthodhokse\" \/>\n\t<meta name=\"twitter:label2\" content=\"Est. reading time\" \/>\n\t<meta name=\"twitter:data2\" content=\"2 minutes\" \/>\n<script type=\"application\/ld+json\" class=\"yoast-schema-graph\">{\"@context\":\"https:\/\/schema.org\",\"@graph\":[{\"@type\":\"Article\",\"@id\":\"https:\/\/orthodoxalbania.org\/2020\/2009\/03\/13\/nis-viti-i-ri-shkollor-2009-2010-ne-akademine-teologjike\/#article\",\"isPartOf\":{\"@id\":\"https:\/\/orthodoxalbania.org\/2020\/2009\/03\/13\/nis-viti-i-ri-shkollor-2009-2010-ne-akademine-teologjike\/\"},\"author\":{\"name\":\"Kisha Orthodhokse\",\"@id\":\"https:\/\/orthodoxalbania.org\/2020\/#\/schema\/person\/0c387634a7063ac612d7ed9ce71c7e86\"},\"headline\":\"Nis viti i ri shkollor 2009-2010 n\u00eb Akademin\u00eb Teologjike. (2009)\",\"datePublished\":\"2009-03-13T09:59:13+00:00\",\"dateModified\":\"2020-04-06T20:35:13+00:00\",\"mainEntityOfPage\":{\"@id\":\"https:\/\/orthodoxalbania.org\/2020\/2009\/03\/13\/nis-viti-i-ri-shkollor-2009-2010-ne-akademine-teologjike\/\"},\"wordCount\":472,\"commentCount\":0,\"publisher\":{\"@id\":\"https:\/\/orthodoxalbania.org\/2020\/#organization\"},\"image\":{\"@id\":\"https:\/\/orthodoxalbania.org\/2020\/2009\/03\/13\/nis-viti-i-ri-shkollor-2009-2010-ne-akademine-teologjike\/#primaryimage\"},\"thumbnailUrl\":\"https:\/\/lh3.googleusercontent.com\/-eYcHuWulaFc\/U_xT5YdPTUI\/AAAAAAAABD0\/FKGpwSIoGeo\/w448-h252-no\/m1.jpg\",\"keywords\":[\"2009\",\"Akademia Teologjike\",\"Kryepiskopata Tiran\u00eb\",\"lajme\"],\"articleSection\":[\"Lajme\"],\"inLanguage\":\"en-US\"},{\"@type\":\"WebPage\",\"@id\":\"https:\/\/orthodoxalbania.org\/2020\/2009\/03\/13\/nis-viti-i-ri-shkollor-2009-2010-ne-akademine-teologjike\/\",\"url\":\"https:\/\/orthodoxalbania.org\/2020\/2009\/03\/13\/nis-viti-i-ri-shkollor-2009-2010-ne-akademine-teologjike\/\",\"name\":\"Nis viti i ri shkollor 2009-2010 n\u00eb Akademin\u00eb Teologjike. (2009) - Kisha Orthodh\u03bfkse Autoqefale e Shqip\u00ebris\u00eb\",\"isPartOf\":{\"@id\":\"https:\/\/orthodoxalbania.org\/2020\/#website\"},\"primaryImageOfPage\":{\"@id\":\"https:\/\/orthodoxalbania.org\/2020\/2009\/03\/13\/nis-viti-i-ri-shkollor-2009-2010-ne-akademine-teologjike\/#primaryimage\"},\"image\":{\"@id\":\"https:\/\/orthodoxalbania.org\/2020\/2009\/03\/13\/nis-viti-i-ri-shkollor-2009-2010-ne-akademine-teologjike\/#primaryimage\"},\"thumbnailUrl\":\"https:\/\/lh3.googleusercontent.com\/-eYcHuWulaFc\/U_xT5YdPTUI\/AAAAAAAABD0\/FKGpwSIoGeo\/w448-h252-no\/m1.jpg\",\"datePublished\":\"2009-03-13T09:59:13+00:00\",\"dateModified\":\"2020-04-06T20:35:13+00:00\",\"breadcrumb\":{\"@id\":\"https:\/\/orthodoxalbania.org\/2020\/2009\/03\/13\/nis-viti-i-ri-shkollor-2009-2010-ne-akademine-teologjike\/#breadcrumb\"},\"inLanguage\":\"en-US\",\"potentialAction\":[{\"@type\":\"ReadAction\",\"target\":[\"https:\/\/orthodoxalbania.org\/2020\/2009\/03\/13\/nis-viti-i-ri-shkollor-2009-2010-ne-akademine-teologjike\/\"]}]},{\"@type\":\"ImageObject\",\"inLanguage\":\"en-US\",\"@id\":\"https:\/\/orthodoxalbania.org\/2020\/2009\/03\/13\/nis-viti-i-ri-shkollor-2009-2010-ne-akademine-teologjike\/#primaryimage\",\"url\":\"https:\/\/lh3.googleusercontent.com\/-eYcHuWulaFc\/U_xT5YdPTUI\/AAAAAAAABD0\/FKGpwSIoGeo\/w448-h252-no\/m1.jpg\",\"contentUrl\":\"https:\/\/lh3.googleusercontent.com\/-eYcHuWulaFc\/U_xT5YdPTUI\/AAAAAAAABD0\/FKGpwSIoGeo\/w448-h252-no\/m1.jpg\"},{\"@type\":\"BreadcrumbList\",\"@id\":\"https:\/\/orthodoxalbania.org\/2020\/2009\/03\/13\/nis-viti-i-ri-shkollor-2009-2010-ne-akademine-teologjike\/#breadcrumb\",\"itemListElement\":[{\"@type\":\"ListItem\",\"position\":1,\"name\":\"Home\",\"item\":\"https:\/\/orthodoxalbania.org\/2020\/\"},{\"@type\":\"ListItem\",\"position\":2,\"name\":\"Nis viti i ri shkollor 2009-2010 n\u00eb Akademin\u00eb Teologjike. (2009)\"}]},{\"@type\":\"WebSite\",\"@id\":\"https:\/\/orthodoxalbania.org\/2020\/#website\",\"url\":\"https:\/\/orthodoxalbania.org\/2020\/\",\"name\":\"Kisha Orthodh\u03bfkse Autoqefale e Shqip\u00ebris\u00eb\",\"description\":\"Fqja Zyrtare e Kish\u00ebs Orthodhokse Autoqefale e Shqip\u00ebris\u00eb me lajmet edhe informacionet zyrtare p\u00ebr struktur\u00ebn edhe veprimtarin e saj.\",\"publisher\":{\"@id\":\"https:\/\/orthodoxalbania.org\/2020\/#organization\"},\"potentialAction\":[{\"@type\":\"SearchAction\",\"target\":{\"@type\":\"EntryPoint\",\"urlTemplate\":\"https:\/\/orthodoxalbania.org\/2020\/?s={search_term_string}\"},\"query-input\":{\"@type\":\"PropertyValueSpecification\",\"valueRequired\":true,\"valueName\":\"search_term_string\"}}],\"inLanguage\":\"en-US\"},{\"@type\":\"Organization\",\"@id\":\"https:\/\/orthodoxalbania.org\/2020\/#organization\",\"name\":\"Kisha Orthodhokse Autoqefale e Shqip\u00ebris\u00eb\",\"url\":\"https:\/\/orthodoxalbania.org\/2020\/\",\"logo\":{\"@type\":\"ImageObject\",\"inLanguage\":\"en-US\",\"@id\":\"https:\/\/orthodoxalbania.org\/2020\/#\/schema\/logo\/image\/\",\"url\":\"https:\/\/orthodoxalbania.org\/2020\/wp-content\/uploads\/2020\/05\/albania.jpeg\",\"contentUrl\":\"https:\/\/orthodoxalbania.org\/2020\/wp-content\/uploads\/2020\/05\/albania.jpeg\",\"width\":540,\"height\":540,\"caption\":\"Kisha Orthodhokse Autoqefale e Shqip\u00ebris\u00eb\"},\"image\":{\"@id\":\"https:\/\/orthodoxalbania.org\/2020\/#\/schema\/logo\/image\/\"},\"sameAs\":[\"https:\/\/www.facebook.com\/koash1991\"]},{\"@type\":\"Person\",\"@id\":\"https:\/\/orthodoxalbania.org\/2020\/#\/schema\/person\/0c387634a7063ac612d7ed9ce71c7e86\",\"name\":\"Kisha Orthodhokse\",\"image\":{\"@type\":\"ImageObject\",\"inLanguage\":\"en-US\",\"@id\":\"https:\/\/secure.gravatar.com\/avatar\/596e7c417251e30f2fbb9c00e026fce61a695a00e51c889caded71c96cbbdde5?s=96&d=mm&r=g\",\"url\":\"https:\/\/secure.gravatar.com\/avatar\/596e7c417251e30f2fbb9c00e026fce61a695a00e51c889caded71c96cbbdde5?s=96&d=mm&r=g\",\"contentUrl\":\"https:\/\/secure.gravatar.com\/avatar\/596e7c417251e30f2fbb9c00e026fce61a695a00e51c889caded71c96cbbdde5?s=96&d=mm&r=g\",\"caption\":\"Kisha Orthodhokse\"}}]}<\/script>\n<!-- \/ Yoast SEO plugin. -->","yoast_head_json":{"title":"Nis viti i ri shkollor 2009-2010 n\u00eb Akademin\u00eb Teologjike. (2009) - Kisha Orthodh\u03bfkse Autoqefale e Shqip\u00ebris\u00eb","robots":{"index":"index","follow":"follow","max-snippet":"max-snippet:-1","max-image-preview":"max-image-preview:large","max-video-preview":"max-video-preview:-1"},"canonical":"https:\/\/orthodoxalbania.org\/2020\/2009\/03\/13\/nis-viti-i-ri-shkollor-2009-2010-ne-akademine-teologjike\/","og_locale":"en_US","og_type":"article","og_title":"Nis viti i ri shkollor 2009-2010 n\u00eb Akademin\u00eb Teologjike. (2009) - Kisha Orthodh\u03bfkse Autoqefale e Shqip\u00ebris\u00eb","og_description":"&nbsp; &nbsp;&nbsp;&nbsp;&nbsp; Filloi viti i ri akademik 2009-2010 n\u00eb Akademin\u00eb Teologjike \u201cNgjallja e Krishtit\u201d. Bashk\u00eb m\u00eb student\u00ebt, pedagog\u00ebt dhe stafin e shkoll\u00ebs, dit\u00ebn e par\u00eb mori pjes\u00eb edhe Kryepiskopi Anastas p\u00ebr t\u00eb kryer sh\u00ebrbes\u00ebn e Ajazm\u00ebs. Ai bekoi nisjen e vitit t\u00eb ri akademik n\u00eb k\u00ebt\u00eb institucion themelor t\u00eb Kish\u00ebs son\u00eb, duke motivuar student\u00ebt p\u00ebr p\u00ebrparim intelektual dhe n\u00eb ve\u00e7anti shpirt\u00ebror. &nbsp;&nbsp;&nbsp; \u201cAkademia Teologjike \u00ebsht\u00eb","og_url":"https:\/\/orthodoxalbania.org\/2020\/2009\/03\/13\/nis-viti-i-ri-shkollor-2009-2010-ne-akademine-teologjike\/","og_site_name":"Kisha Orthodh\u03bfkse Autoqefale e Shqip\u00ebris\u00eb","article_publisher":"https:\/\/www.facebook.com\/koash1991","article_published_time":"2009-03-13T09:59:13+00:00","article_modified_time":"2020-04-06T20:35:13+00:00","og_image":[{"url":"https:\/\/lh3.googleusercontent.com\/-eYcHuWulaFc\/U_xT5YdPTUI\/AAAAAAAABD0\/FKGpwSIoGeo\/w448-h252-no\/m1.jpg","type":"","width":"","height":""}],"author":"Kisha Orthodhokse","twitter_card":"summary_large_image","twitter_misc":{"Written by":"Kisha Orthodhokse","Est. reading time":"2 minutes"},"schema":{"@context":"https:\/\/schema.org","@graph":[{"@type":"Article","@id":"https:\/\/orthodoxalbania.org\/2020\/2009\/03\/13\/nis-viti-i-ri-shkollor-2009-2010-ne-akademine-teologjike\/#article","isPartOf":{"@id":"https:\/\/orthodoxalbania.org\/2020\/2009\/03\/13\/nis-viti-i-ri-shkollor-2009-2010-ne-akademine-teologjike\/"},"author":{"name":"Kisha Orthodhokse","@id":"https:\/\/orthodoxalbania.org\/2020\/#\/schema\/person\/0c387634a7063ac612d7ed9ce71c7e86"},"headline":"Nis viti i ri shkollor 2009-2010 n\u00eb Akademin\u00eb Teologjike. (2009)","datePublished":"2009-03-13T09:59:13+00:00","dateModified":"2020-04-06T20:35:13+00:00","mainEntityOfPage":{"@id":"https:\/\/orthodoxalbania.org\/2020\/2009\/03\/13\/nis-viti-i-ri-shkollor-2009-2010-ne-akademine-teologjike\/"},"wordCount":472,"commentCount":0,"publisher":{"@id":"https:\/\/orthodoxalbania.org\/2020\/#organization"},"image":{"@id":"https:\/\/orthodoxalbania.org\/2020\/2009\/03\/13\/nis-viti-i-ri-shkollor-2009-2010-ne-akademine-teologjike\/#primaryimage"},"thumbnailUrl":"https:\/\/lh3.googleusercontent.com\/-eYcHuWulaFc\/U_xT5YdPTUI\/AAAAAAAABD0\/FKGpwSIoGeo\/w448-h252-no\/m1.jpg","keywords":["2009","Akademia Teologjike","Kryepiskopata Tiran\u00eb","lajme"],"articleSection":["Lajme"],"inLanguage":"en-US"},{"@type":"WebPage","@id":"https:\/\/orthodoxalbania.org\/2020\/2009\/03\/13\/nis-viti-i-ri-shkollor-2009-2010-ne-akademine-teologjike\/","url":"https:\/\/orthodoxalbania.org\/2020\/2009\/03\/13\/nis-viti-i-ri-shkollor-2009-2010-ne-akademine-teologjike\/","name":"Nis viti i ri shkollor 2009-2010 n\u00eb Akademin\u00eb Teologjike. (2009) - Kisha Orthodh\u03bfkse Autoqefale e Shqip\u00ebris\u00eb","isPartOf":{"@id":"https:\/\/orthodoxalbania.org\/2020\/#website"},"primaryImageOfPage":{"@id":"https:\/\/orthodoxalbania.org\/2020\/2009\/03\/13\/nis-viti-i-ri-shkollor-2009-2010-ne-akademine-teologjike\/#primaryimage"},"image":{"@id":"https:\/\/orthodoxalbania.org\/2020\/2009\/03\/13\/nis-viti-i-ri-shkollor-2009-2010-ne-akademine-teologjike\/#primaryimage"},"thumbnailUrl":"https:\/\/lh3.googleusercontent.com\/-eYcHuWulaFc\/U_xT5YdPTUI\/AAAAAAAABD0\/FKGpwSIoGeo\/w448-h252-no\/m1.jpg","datePublished":"2009-03-13T09:59:13+00:00","dateModified":"2020-04-06T20:35:13+00:00","breadcrumb":{"@id":"https:\/\/orthodoxalbania.org\/2020\/2009\/03\/13\/nis-viti-i-ri-shkollor-2009-2010-ne-akademine-teologjike\/#breadcrumb"},"inLanguage":"en-US","potentialAction":[{"@type":"ReadAction","target":["https:\/\/orthodoxalbania.org\/2020\/2009\/03\/13\/nis-viti-i-ri-shkollor-2009-2010-ne-akademine-teologjike\/"]}]},{"@type":"ImageObject","inLanguage":"en-US","@id":"https:\/\/orthodoxalbania.org\/2020\/2009\/03\/13\/nis-viti-i-ri-shkollor-2009-2010-ne-akademine-teologjike\/#primaryimage","url":"https:\/\/lh3.googleusercontent.com\/-eYcHuWulaFc\/U_xT5YdPTUI\/AAAAAAAABD0\/FKGpwSIoGeo\/w448-h252-no\/m1.jpg","contentUrl":"https:\/\/lh3.googleusercontent.com\/-eYcHuWulaFc\/U_xT5YdPTUI\/AAAAAAAABD0\/FKGpwSIoGeo\/w448-h252-no\/m1.jpg"},{"@type":"BreadcrumbList","@id":"https:\/\/orthodoxalbania.org\/2020\/2009\/03\/13\/nis-viti-i-ri-shkollor-2009-2010-ne-akademine-teologjike\/#breadcrumb","itemListElement":[{"@type":"ListItem","position":1,"name":"Home","item":"https:\/\/orthodoxalbania.org\/2020\/"},{"@type":"ListItem","position":2,"name":"Nis viti i ri shkollor 2009-2010 n\u00eb Akademin\u00eb Teologjike. (2009)"}]},{"@type":"WebSite","@id":"https:\/\/orthodoxalbania.org\/2020\/#website","url":"https:\/\/orthodoxalbania.org\/2020\/","name":"Kisha Orthodh\u03bfkse Autoqefale e Shqip\u00ebris\u00eb","description":"Fqja Zyrtare e Kish\u00ebs Orthodhokse Autoqefale e Shqip\u00ebris\u00eb me lajmet edhe informacionet zyrtare p\u00ebr struktur\u00ebn edhe veprimtarin e saj.","publisher":{"@id":"https:\/\/orthodoxalbania.org\/2020\/#organization"},"potentialAction":[{"@type":"SearchAction","target":{"@type":"EntryPoint","urlTemplate":"https:\/\/orthodoxalbania.org\/2020\/?s={search_term_string}"},"query-input":{"@type":"PropertyValueSpecification","valueRequired":true,"valueName":"search_term_string"}}],"inLanguage":"en-US"},{"@type":"Organization","@id":"https:\/\/orthodoxalbania.org\/2020\/#organization","name":"Kisha Orthodhokse Autoqefale e Shqip\u00ebris\u00eb","url":"https:\/\/orthodoxalbania.org\/2020\/","logo":{"@type":"ImageObject","inLanguage":"en-US","@id":"https:\/\/orthodoxalbania.org\/2020\/#\/schema\/logo\/image\/","url":"https:\/\/orthodoxalbania.org\/2020\/wp-content\/uploads\/2020\/05\/albania.jpeg","contentUrl":"https:\/\/orthodoxalbania.org\/2020\/wp-content\/uploads\/2020\/05\/albania.jpeg","width":540,"height":540,"caption":"Kisha Orthodhokse Autoqefale e Shqip\u00ebris\u00eb"},"image":{"@id":"https:\/\/orthodoxalbania.org\/2020\/#\/schema\/logo\/image\/"},"sameAs":["https:\/\/www.facebook.com\/koash1991"]},{"@type":"Person","@id":"https:\/\/orthodoxalbania.org\/2020\/#\/schema\/person\/0c387634a7063ac612d7ed9ce71c7e86","name":"Kisha Orthodhokse","image":{"@type":"ImageObject","inLanguage":"en-US","@id":"https:\/\/secure.gravatar.com\/avatar\/596e7c417251e30f2fbb9c00e026fce61a695a00e51c889caded71c96cbbdde5?s=96&d=mm&r=g","url":"https:\/\/secure.gravatar.com\/avatar\/596e7c417251e30f2fbb9c00e026fce61a695a00e51c889caded71c96cbbdde5?s=96&d=mm&r=g","contentUrl":"https:\/\/secure.gravatar.com\/avatar\/596e7c417251e30f2fbb9c00e026fce61a695a00e51c889caded71c96cbbdde5?s=96&d=mm&r=g","caption":"Kisha Orthodhokse"}}]}},"_links":{"self":[{"href":"https:\/\/orthodoxalbania.org\/2020\/wp-json\/wp\/v2\/posts\/995","targetHints":{"allow":["GET"]}}],"collection":[{"href":"https:\/\/orthodoxalbania.org\/2020\/wp-json\/wp\/v2\/posts"}],"about":[{"href":"https:\/\/orthodoxalbania.org\/2020\/wp-json\/wp\/v2\/types\/post"}],"author":[{"embeddable":true,"href":"https:\/\/orthodoxalbania.org\/2020\/wp-json\/wp\/v2\/users\/1"}],"replies":[{"embeddable":true,"href":"https:\/\/orthodoxalbania.org\/2020\/wp-json\/wp\/v2\/comments?post=995"}],"version-history":[{"count":1,"href":"https:\/\/orthodoxalbania.org\/2020\/wp-json\/wp\/v2\/posts\/995\/revisions"}],"predecessor-version":[{"id":15623,"href":"https:\/\/orthodoxalbania.org\/2020\/wp-json\/wp\/v2\/posts\/995\/revisions\/15623"}],"wp:attachment":[{"href":"https:\/\/orthodoxalbania.org\/2020\/wp-json\/wp\/v2\/media?parent=995"}],"wp:term":[{"taxonomy":"category","embeddable":true,"href":"https:\/\/orthodoxalbania.org\/2020\/wp-json\/wp\/v2\/categories?post=995"},{"taxonomy":"post_tag","embeddable":true,"href":"https:\/\/orthodoxalbania.org\/2020\/wp-json\/wp\/v2\/tags?post=995"}],"curies":[{"name":"wp","href":"https:\/\/api.w.org\/{rel}","templated":true}]}}