{"id":993,"date":"2013-03-21T09:08:38","date_gmt":"2013-03-21T09:08:38","guid":{"rendered":""},"modified":"2020-04-06T22:32:11","modified_gmt":"2020-04-06T20:32:11","slug":"nis-turi-i-ekspozites-doreshkrime-bizantine-dhe-pasbizantine-ne-shqiperi-ndalesa-e-pare-ne-korce","status":"publish","type":"post","link":"https:\/\/orthodoxalbania.org\/2020\/2013\/03\/21\/nis-turi-i-ekspozites-doreshkrime-bizantine-dhe-pasbizantine-ne-shqiperi-ndalesa-e-pare-ne-korce\/","title":{"rendered":"Nis turi i ekspozit\u00ebs &#8220;Dor\u00ebshkrime Bizantine dhe Pasbizantine n\u00eb Shqip\u00ebri&#8221;, ndalesa e par\u00eb n\u00eb Kor\u00e7\u00eb. (7 Janar 2011)"},"content":{"rendered":"<div class=\"style10\" style=\"text-align: justify;\">\n\t<span style=\"color:#000000;\"><span style=\"font-family: tahoma,geneva,sans-serif;\"><span style=\"font-size: 12px;\"><img decoding=\"async\" class=\"lazyload HAa Eha\" src=\"data:image\/gif;base64,R0lGODlhAQABAAAAACH5BAEKAAEALAAAAAABAAEAAAICTAEAOw==\" data-orig-src=\"https:\/\/lh5.googleusercontent.com\/-V0lBG4jc9dQ\/VAA6v-mdkFI\/AAAAAAAAB6k\/2CYaPMotE1g\/w600-h450-no\/100_6533.JPG\" style=\"height: 179px; width: 238px; border-width: 1px; border-style: solid; margin: 10px; float: left;\" \/> &nbsp; &nbsp; Pas suksesit t\u00eb shk\u00eblqyer q\u00eb pati \u00e7elja p\u00ebr her\u00eb t\u00eb par\u00eb n\u00eb Kryeqytet e ekspozit\u00ebs &#8220;Dor\u00ebshkrime Bizantine dhe Pasbizantine n\u00eb Shqip\u00ebri&#8221;, nisi cikli sh\u00ebtit\u00ebs n\u00eb qytetet kryesore t\u00eb Shqip\u00ebris\u00eb me q\u00ebllim njohjen e publikut t\u00eb gjer\u00eb me k\u00ebto thesare. N\u00eb dat\u00ebn 7 janar, n\u00eb Kor\u00e7\u00eb, u b\u00eb \u00e7elsja zyrtare e k\u00ebsaj ekspozite n\u00eb mjediset e Qendr\u00ebs Kulturore \u201cVangjush Miho\u201d. Ajo u organizua nga Drejtoria e P\u00ebrgjithshme e Arkivave, Fakulteti i Historis\u00eb dhe i Filologjis\u00eb-Departamenti i Historis\u00eb i Universitetit t\u00eb Tiran\u00ebs, Mitropolia e Hirshme e Kor\u00e7\u00ebs, Bashkia Kor\u00e7\u00eb dhe Prefektura e Qarkut Kor\u00e7\u00eb. Mbik\u00ebqyrja shkencore e k\u00ebsaj veprimtarie u krye nga historiani\/paleografi Andi (Andrea) Rembeci dhe arkivisti\/paleografi z. Sokol Cunga.<\/span><\/span><\/span><\/div>\n<div class=\"style10\" style=\"text-align: justify;\">\n\t<br \/>\n\t<span style=\"color:#000000;\"><span style=\"font-family: tahoma,geneva,sans-serif;\"><span style=\"font-size: 12px;\">&nbsp;&nbsp;&nbsp; T\u00eb pranish\u00ebm n\u00eb k\u00ebt\u00eb ekspozit\u00eb ishin prof. dr. Nevila Nika, Drejtore e Drejtoris\u00eb s\u00eb P\u00ebrgjithshme t\u00eb Arkivave Shqiptare, prof. dr. Valentina Duka, zv\/dekane e Fakultetit t\u00eb Historis\u00eb dhe Filologjis\u00eb s\u00eb Universitetit t\u00eb Tiran\u00ebs,&nbsp; imzot Joan Pelushi, Mitropolit i Kor\u00e7\u00ebs, z. Andrea Mano, Prefekt i Qarkut Kor\u00e7\u00eb, z. Sotiraq Filo, n\u00ebnkryetar i Bashkis\u00eb s\u00eb Kor\u00e7\u00ebs, p\u00ebrfaq\u00ebsues t\u00eb komuniteteve fetare, p\u00ebrfaq\u00ebsues t\u00eb pushtetit vendor, historian\u00eb, intelektual t\u00eb njohur, klerik\u00eb etj. <\/span><\/span><\/span><\/div>\n<div class=\"style10\" style=\"text-align: justify;\">\n\t<span style=\"color:#000000;\"><span style=\"font-family: tahoma,geneva,sans-serif;\"><span style=\"font-size: 12px;\"><img decoding=\"async\" class=\"lazyload HAa Eha\" src=\"data:image\/gif;base64,R0lGODlhAQABAAAAACH5BAEKAAEALAAAAAABAAEAAAICTAEAOw==\" data-orig-src=\"https:\/\/lh6.googleusercontent.com\/-Z2pmaDZejgg\/VAA6v282m6I\/AAAAAAAAB6M\/awkMWFZqkOM\/w600-h450-no\/100_6525.JPG\" style=\"height: 206px; width: 274px; border-width: 1px; border-style: solid; margin: 10px; float: right;\" \/><br \/>\n\t&nbsp;&nbsp;&nbsp; E para i p\u00ebrsh\u00ebndeti t\u00eb pranishmit drejtorja e Arkivit Qendror Shtet\u00ebror, Nevila Nika, e cila e cil\u00ebsoi k\u00ebt\u00eb ekspozit\u00eb si dritare njohjeje me paraardh\u00ebsit tan\u00eb. Sipas saj, \u201cPafund\u00ebsia e materialeve dokumentare q\u00eb flasin p\u00ebr Kor\u00e7\u00ebs, ku renditen edhe kodik\u00ebt e Mitropolis\u00eb s\u00eb Kor\u00e7\u00ebs, jan\u00eb nj\u00eb pasuri kulturore q\u00eb mb\u00ebrrin tek ne brez pas brezi. K\u00ebto libra jan\u00eb d\u00ebshmi e gjall\u00eb e nivelit arsimor dhe kulturor t\u00eb paraardh\u00ebsve, dikur e p\u00ebrdorur n\u00eb \u00e7do dit\u00eb t\u00eb jet\u00ebs s\u00eb tyre. Le t\u2019i soditim, t\u2019i \u00e7mojm\u00eb dhe le t\u2019ua l\u00ebm\u00eb me respekt trash\u00ebgimi pasardh\u00ebsve tan\u00eb, ashtu si\u00e7 i mor\u00ebm nga paraardh\u00ebsit\u201d.<\/span><\/span><\/span><\/div>\n<div class=\"style10\" style=\"text-align: justify;\">\n\t<br \/>\n\t<span style=\"color:#000000;\"><span style=\"font-family: tahoma,geneva,sans-serif;\"><span style=\"font-size: 12px;\">&nbsp; &nbsp; N\u00eb vijim, fjal\u00ebn p\u00ebrsh\u00ebndet\u00ebse e mbajti zv\/dekanja e Fakultetit t\u00eb Historis\u00eb dhe Filologjis\u00eb t\u00eb Universitetit t\u00eb Tiran\u00ebs, znj. Duka, e cila theksoi r\u00ebnd\u00ebsin\u00eb q\u00eb kishte \u00e7elja e nj\u00eb ekspozite t\u00eb till\u00eb n\u00eb Kor\u00e7\u00eb. Nd\u00ebr t\u00eb tjera ajo shtoi: \u201cKjo ekspozit\u00eb shfaq vler\u00ebn e jasht\u00ebzakonshme q\u00eb mbartin k\u00ebto d\u00ebshmi shum\u00ebshekullore p\u00ebr historin\u00eb e popullit ton\u00eb, q\u00eb nga perandor\u00ebt e par\u00eb bizantin\u00eb e deri tek patrik\u00ebt e fuqish\u00ebm q\u00eb ushtronin veprimtarin\u00eb e tyre brenda Perandoris\u00eb Osmane; \u00e7el nj\u00eb dritare njohjeje me t\u00eb shkuar\u00ebn kulturore t\u00eb trevave mesjetare t\u00eb Shqip\u00ebris\u00eb dhe depoziton nj\u00eb d\u00ebshmi shum\u00eb t\u00eb vyer p\u00ebr kontributin dhe rolin aktiv t\u00eb Shqip\u00ebris\u00eb n\u00eb zhvillimin kulturor\u201d.<\/span><\/span><\/span><\/div>\n<div class=\"style10\" style=\"text-align: justify;\">\n\t<br \/>\n\t<span style=\"color:#000000;\"><span style=\"font-family: tahoma,geneva,sans-serif;\"><span style=\"font-size: 12px;\">&nbsp; &nbsp; M\u00eb pas t\u00eb pranishmit i p\u00ebrsh\u00ebndeti Mitropoliti i Kor\u00e7\u00ebs, Hir\u00ebsi Joan Pelushi, i cili nd\u00ebr t\u00eb tjera theksoi se \u201cnj\u00eb ekspozit\u00eb mbi historin\u00eb e s\u00eb kaluar\u00ebs b\u00ebhet si n\u00eb funksion t\u00eb s\u00eb tashmes, ashtu edhe n\u00eb at\u00eb t\u00eb s\u00eb ardhmes, sepse vet\u00ebm duke u njohur mir\u00eb me t\u00eb kaluar\u00ebn ne mund t\u00eb kuptojm\u00eb t\u00eb tashmen dhe mund t\u00eb nd\u00ebrtojm\u00eb t\u00eb ardhmen&#8230; Studimi i k\u00ebtyre dor\u00ebshkrimeve, ashtu si i \u00e7do aspekti t\u00eb historis\u00eb, duhet t\u00eb paraqes\u00eb realitetin ashtu si\u00e7 \u00ebsht\u00eb, me t\u00ebr\u00eb bukurin\u00eb, madh\u00ebshtin\u00eb dhe dob\u00ebsit\u00eb q\u00eb ato mund t\u00eb ken\u00eb\u201d &#8230; \u201cKam p\u00ebrshtypjen q\u00eb shpeshher\u00eb, kur flitet rreth k\u00ebtyre dor\u00ebshkrimeve nuk \u00ebsht\u00eb dh\u00ebn\u00eb nj\u00eb informacion i plot\u00eb&#8230; \u00cbsht\u00eb folur shum\u00eb pak p\u00ebr autor\u00ebt, qofshin edhe anonim, akoma edhe m\u00eb pak p\u00ebr frym\u00ebn q\u00eb i frym\u00ebzonte ata si edhe p\u00ebr ambientin e tyre fetaro-kulturor ku ata jetonin. Kisha Orthodhokse, e cila ishte krijuesja e k\u00ebtyre, p\u00ebr arsye t\u00eb ndryshme, p\u00ebrmendet fare pak ose aspak, duke l\u00ebn\u00eb pothuajse n\u00eb hije&#8230; Jam i g\u00ebzuar, sepse koh\u00ebt e fundit shihet nj\u00eb qasje m\u00eb realiste dhe m\u00eb shkencore ndaj tyre\u201d.<\/span><\/span><\/span><\/div>\n<div class=\"style10\" style=\"text-align: justify;\">\n\t<span style=\"color:#000000;\"><span style=\"font-family: tahoma,geneva,sans-serif;\"><span style=\"font-size: 12px;\"><img decoding=\"async\" class=\"lazyload HAa Eha\" src=\"data:image\/gif;base64,R0lGODlhAQABAAAAACH5BAEKAAEALAAAAAABAAEAAAICTAEAOw==\" data-orig-src=\"https:\/\/lh6.googleusercontent.com\/-heSv-M9uqmw\/VAA6wVdMi5I\/AAAAAAAAB6c\/iQNh1tSxjF8\/w600-h450-no\/100_6549.JPG\" style=\"height: 158px; width: 210px; border-width: 1px; border-style: solid; margin: 10px; float: right;\" \/><br \/>\n\t<img decoding=\"async\" class=\"lazyload HAa Eha\" src=\"data:image\/gif;base64,R0lGODlhAQABAAAAACH5BAEKAAEALAAAAAABAAEAAAICTAEAOw==\" data-orig-src=\"https:\/\/lh6.googleusercontent.com\/-lVcJQzwp2uQ\/VAA6vkJmQWI\/AAAAAAAAB6o\/RsG5uJEbYnw\/w600-h800-no\/100_6519.JPG\" style=\"height: 167px; width: 125px; border-width: 1px; border-style: solid; margin: 10px; float: left;\" \/> &nbsp;&nbsp;&nbsp; Fjala e p\u00ebrsh\u00ebndetjes s\u00eb radh\u00ebs iu dha Prefektit t\u00eb Kor\u00e7\u00ebs, z. Andrea Mano, i cili i p\u00ebrsh\u00ebndeti t\u00eb pranishmit duke n\u00ebnvizuar se \u201cp\u00ebr publikun e gjer\u00eb ekspozita e dor\u00ebshkrimeve bizantine dhe pasbizantine \u00ebsht\u00eb nj\u00eb pjes\u00eb e asaj vet\u00ebdije t\u00eb prekshme t\u00eb shqiptar\u00ebve q\u00eb na b\u00ebn t\u00eb ndjehemi krenar\u00eb p\u00ebr t\u00eb shkuar\u00ebn. Kor\u00e7ar\u00ebt, n\u00eb ve\u00e7anti, me plot t\u00eb drejt\u00eb mund t\u00eb krenohen p\u00ebr kontributin q\u00eb kan\u00eb dh\u00ebn\u00eb paraardh\u00ebsit e tyre n\u00eb zhvillimin shoq\u00ebror, kulturor dhe historik t\u00eb Shqip\u00ebris\u00eb\u201d. Pasi p\u00ebrmendi si shembull r\u00ebnd\u00ebsin\u00eb e madhe historike q\u00eb paraqet Kodiku i Kor\u00e7\u00ebs dhe Selasforit, ai p\u00ebrfundoi duke th\u00ebn\u00eb: \u201cSi Prefekt i Qarkut t\u00eb Kor\u00e7\u00ebs dhe si qytetar i saj, vler\u00ebsoj hapjen e k\u00ebsaj ekspozite dhe kam besim se Kor\u00e7a do t\u00eb vazhdoj\u00eb t\u00eb kontribuoj\u00eb n\u00eb fush\u00ebn e kultur\u00ebs edhe nd\u00ebr brezat q\u00eb do t\u00eb vijn\u00eb\u201d.<\/span><\/span><\/span><\/div>\n<div class=\"style10\" style=\"text-align: justify;\">\n\t<br \/>\n\t<span style=\"color:#000000;\"><span style=\"font-family: tahoma,geneva,sans-serif;\"><span style=\"font-size: 12px;\">&nbsp;&nbsp;&nbsp; N\u00eb em\u00ebr t\u00eb Kryetarit t\u00eb Bashkis\u00eb s\u00eb Kor\u00e7\u00ebs, z. Niko Peleshit, \u00e7eljen e ekspozit\u00ebs e p\u00ebrsh\u00ebndeti n\u00ebnkryetari i Bashkis\u00eb s\u00eb Kor\u00e7\u00ebs, z. Sotiraq Filo, i cili shprehu r\u00ebnd\u00ebsin\u00eb e k\u00ebsaj veprimtarie kushtuar vlerave t\u00eb besimit dhe dijes. Ai shtoi: \u201cSi enciklopedi t\u00eb v\u00ebrteta t\u00eb mendimit t\u00eb krishter\u00eb, kodik\u00ebt e Shqip\u00ebris\u00eb jan\u00eb p\u00ebrmendore t\u00eb kultur\u00ebs dhe qytet\u00ebrimit n\u00eb trevat tona dhe mbajn\u00eb vul\u00ebn e hap\u00ebsir\u00ebs, ku kan\u00eb jetuar shqiptar\u00ebt dhe t\u00eb par\u00ebt e tyre&#8230;. K\u00ebta libra t\u00eb vjet\u00ebr, ofrojn\u00eb nj\u00eb model t\u00eb rrug\u00ebs, n\u00ebp\u00ebr t\u00eb cil\u00ebn eci krishterimi n\u00eb vendin ton\u00eb dhe tregojn\u00eb sesi u transmetua besimi dhe dija nga nj\u00ebra gjenerat\u00eb n\u00eb tjetr\u00ebn. Roli i Kish\u00ebs Ortodokse n\u00eb Shqip\u00ebri p\u00ebr k\u00ebt\u00eb proces \u00ebsht\u00eb i paz\u00ebvend\u00ebsuesh\u00ebm\u201d.<\/span><\/span><\/span><\/div>\n<div class=\"style10\" style=\"text-align: justify;\">\n\t<br \/>\n\t<span style=\"color:#000000;\"><span style=\"font-family: tahoma,geneva,sans-serif;\"><span style=\"font-size: 12px;\">&nbsp;&nbsp;&nbsp;&nbsp; M\u00eb pas, t\u00eb pranishmit vizituan ekspozit\u00ebn, e cila do t\u00eb q\u00ebndroj\u00eb e hapur p\u00ebr t\u00eb gjith\u00eb ata q\u00eb duan ta vizitojn\u00eb deri n\u00eb 15 janar.<\/span><\/span><\/span><\/div>\n<div class=\"style10\" style=\"text-align: justify;\">\n\t<br \/>\n\t<span style=\"color:#000000;\"><span style=\"font-family: tahoma,geneva,sans-serif;\"><span style=\"font-size: 12px;\">&nbsp; &nbsp; N\u00eb t\u00eb u paraqit\u00ebn n\u00eb penale fotografike 54 kodik\u00eb, q\u00eb i p\u00ebrkasin periudh\u00ebs s\u00eb historike nga shek. VI deri n\u00eb shek. XVIII. Nd\u00ebr to spikatnin dhe dy kodik\u00ebt<img decoding=\"async\" class=\"lazyload HAa Eha\" src=\"data:image\/gif;base64,R0lGODlhAQABAAAAACH5BAEKAAEALAAAAAABAAEAAAICTAEAOw==\" data-orig-src=\"https:\/\/lh5.googleusercontent.com\/-k39fXxKgKVM\/VAA6xPyjrtI\/AAAAAAAAB6g\/wZ9tpsqfNAE\/w600-h800-no\/100_6571.JPG\" style=\"height: 165px; width: 124px; border-width: 1px; border-style: solid; margin: 10px; float: right;\" \/> e njohur, Beratinus Purpureus 1 dhe Beratinus Purpureus 2, pjes\u00eb e Regjistrit t\u00eb Kujtes\u00ebs Bot\u00ebrore t\u00eb UNESKO-s, t\u00eb cil\u00ebt shoq\u00ebroheshin edhe nga maketet dhe faksimilet e tyre.<\/span><\/span><\/span><\/div>\n<div class=\"style10\" style=\"text-align: justify;\">\n\t<br \/>\n\t<span style=\"color:#000000;\"><span style=\"font-family: tahoma,geneva,sans-serif;\"><span style=\"font-size: 12px;\"><img decoding=\"async\" class=\"lazyload HAa Eha\" height=\"148\" src=\"data:image\/svg+xml,%3Csvg%20xmlns%3D%27http%3A%2F%2Fwww.w3.org%2F2000%2Fsvg%27%20width%3D%27197%27%20height%3D%27148%27%20viewBox%3D%270%200%20197%20148%27%3E%3Crect%20width%3D%27197%27%20height%3D%27148%27%20fill-opacity%3D%220%22%2F%3E%3C%2Fsvg%3E\" data-orig-src=\"https:\/\/lh4.googleusercontent.com\/-goiatMmj4AI\/VAA6wyi4SRI\/AAAAAAAAB6Y\/3Wva-smuEAM\/w600-h450-no\/100_6561.JPG\" style=\"border-width: 1px; border-style: solid; margin: 10px; float: left;\" width=\"197\" \/> &nbsp;&nbsp;&nbsp; Pasditen e k\u00ebsaj dite, n\u00eb ambientet e universitetit t\u00eb Kor\u00e7\u00ebs \u201cFan S. Noli\u201d u zhvillua nj\u00eb takim shkencor mbi t\u00eb nj\u00ebjt\u00ebn tem\u00eb. N\u00eb k\u00ebt\u00eb takim t\u00eb pranish\u00ebm ishin rektori i Universitetit t\u00eb Kor\u00e7\u00ebs, z. Gjergji Mero, profesor\u00eb nga vendi dhe t\u00eb huaj, studiues, intelektual\u00eb, p\u00ebrfaq\u00ebsues t\u00eb komuniteteve fetare, t\u00eb pushtetit vendor, klerik\u00eb dhe student\u00eb. Gjat\u00eb zhvillimit t\u00eb k\u00ebtij takimi shkencor u mbajt\u00ebn referate t\u00eb ndryshme, q\u00eb hodh\u00ebn drit\u00eb mbi nj\u00eb pjes\u00eb t\u00eb vyer t\u00eb historis\u00eb dhe tradit\u00ebs s\u00eb pasur kulturore t\u00eb krishter\u00eb n\u00eb vendin ton\u00eb, konkretisht me historin\u00eb dhe tradit\u00ebn e dor\u00ebshkrimeve bizantine dhe pasbizantine, vler\u00ebn e tyre shum\u00ebdimensionale si burime historike dhe ve\u00e7antit\u00eb artistike t\u00eb ato mbartin.<\/span><\/span><\/span><\/div>\n<div class=\"style10\" style=\"text-align: justify;\">\n\t<br \/>\n\t<span style=\"color:#000000;\"><span style=\"font-family: tahoma,geneva,sans-serif;\"><span style=\"font-size: 12px;\">&nbsp; &nbsp; Veprimtari t\u00eb k\u00ebsaj natyre kan\u00eb p\u00ebr q\u00ebllim njohjen e studiuesve dhe e publikut t\u00eb gjer\u00eb me nj\u00eb pjes\u00eb t\u00eb vyer t\u00eb historis\u00eb dhe tradit\u00ebs s\u00eb pasur kulturore t\u00eb vendin ton\u00eb, e cila \u00ebsht\u00eb krijuar kultivuar dhe sjell\u00eb p\u00ebrgjat\u00eb shekujve nga t\u00eb krishter\u00ebt orthodhoks\u00eb dhe q\u00eb sot ruhen n\u00eb AQSh. <\/span><\/span><\/span><\/div>\n","protected":false},"excerpt":{"rendered":"<p>&nbsp; &nbsp; Pas suksesit t\u00eb shk\u00eblqyer q\u00eb pati \u00e7elja p\u00ebr her\u00eb t\u00eb par\u00eb n\u00eb Kryeqytet e ekspozit\u00ebs &#8220;Dor\u00ebshkrime Bizantine dhe Pasbizantine n\u00eb Shqip\u00ebri&#8221;, nisi cikli sh\u00ebtit\u00ebs n\u00eb qytetet kryesore t\u00eb Shqip\u00ebris\u00eb me q\u00ebllim njohjen e publikut t\u00eb gjer\u00eb me k\u00ebto thesare. N\u00eb dat\u00ebn 7 janar, n\u00eb Kor\u00e7\u00eb, u b\u00eb \u00e7elsja zyrtare e k\u00ebsaj ekspozite n\u00eb mjediset e Qendr\u00ebs Kulturore \u201cVangjush Miho\u201d. Ajo u organizua nga<\/p>\n","protected":false},"author":1,"featured_media":0,"comment_status":"open","ping_status":"open","sticky":false,"template":"","format":"standard","meta":{"_acf_changed":false,"pagelayer_contact_templates":[],"_pagelayer_content":"","inline_featured_image":false,"fifu_image_url":"","fifu_image_alt":"","footnotes":""},"categories":[108],"tags":[143,153,196,212,181],"class_list":["post-993","post","type-post","status-publish","format-standard","hentry","category-lajme","tag-143","tag-deklarata-njoftime-zyrtare-d75","tag-tirane","tag-lajme-d27","tag-korce"],"acf":[],"yoast_head":"<!-- This site is optimized with the Yoast SEO plugin v27.2 - https:\/\/yoast.com\/product\/yoast-seo-wordpress\/ -->\n<title>Nis turi i ekspozit\u00ebs &quot;Dor\u00ebshkrime Bizantine dhe Pasbizantine n\u00eb Shqip\u00ebri&quot;, ndalesa e par\u00eb n\u00eb Kor\u00e7\u00eb. (7 Janar 2011) - Kisha Orthodh\u03bfkse Autoqefale e Shqip\u00ebris\u00eb<\/title>\n<meta name=\"robots\" content=\"index, follow, max-snippet:-1, max-image-preview:large, max-video-preview:-1\" \/>\n<link rel=\"canonical\" href=\"https:\/\/orthodoxalbania.org\/2020\/2013\/03\/21\/nis-turi-i-ekspozites-doreshkrime-bizantine-dhe-pasbizantine-ne-shqiperi-ndalesa-e-pare-ne-korce\/\" \/>\n<meta property=\"og:locale\" content=\"en_US\" \/>\n<meta property=\"og:type\" content=\"article\" \/>\n<meta property=\"og:title\" content=\"Nis turi i ekspozit\u00ebs &quot;Dor\u00ebshkrime Bizantine dhe Pasbizantine n\u00eb Shqip\u00ebri&quot;, ndalesa e par\u00eb n\u00eb Kor\u00e7\u00eb. (7 Janar 2011) - Kisha Orthodh\u03bfkse Autoqefale e Shqip\u00ebris\u00eb\" \/>\n<meta property=\"og:description\" content=\"&nbsp; &nbsp; Pas suksesit t\u00eb shk\u00eblqyer q\u00eb pati \u00e7elja p\u00ebr her\u00eb t\u00eb par\u00eb n\u00eb Kryeqytet e ekspozit\u00ebs &#8220;Dor\u00ebshkrime Bizantine dhe Pasbizantine n\u00eb Shqip\u00ebri&#8221;, nisi cikli sh\u00ebtit\u00ebs n\u00eb qytetet kryesore t\u00eb Shqip\u00ebris\u00eb me q\u00ebllim njohjen e publikut t\u00eb gjer\u00eb me k\u00ebto thesare. N\u00eb dat\u00ebn 7 janar, n\u00eb Kor\u00e7\u00eb, u b\u00eb \u00e7elsja zyrtare e k\u00ebsaj ekspozite n\u00eb mjediset e Qendr\u00ebs Kulturore \u201cVangjush Miho\u201d. Ajo u organizua nga\" \/>\n<meta property=\"og:url\" content=\"https:\/\/orthodoxalbania.org\/2020\/2013\/03\/21\/nis-turi-i-ekspozites-doreshkrime-bizantine-dhe-pasbizantine-ne-shqiperi-ndalesa-e-pare-ne-korce\/\" \/>\n<meta property=\"og:site_name\" content=\"Kisha Orthodh\u03bfkse Autoqefale e Shqip\u00ebris\u00eb\" \/>\n<meta property=\"article:publisher\" content=\"https:\/\/www.facebook.com\/koash1991\" \/>\n<meta property=\"article:published_time\" content=\"2013-03-21T09:08:38+00:00\" \/>\n<meta property=\"article:modified_time\" content=\"2020-04-06T20:32:11+00:00\" \/>\n<meta property=\"og:image\" content=\"https:\/\/lh5.googleusercontent.com\/-V0lBG4jc9dQ\/VAA6v-mdkFI\/AAAAAAAAB6k\/2CYaPMotE1g\/w600-h450-no\/100_6533.JPG\" \/>\n<meta name=\"author\" content=\"Kisha Orthodhokse\" \/>\n<meta name=\"twitter:card\" content=\"summary_large_image\" \/>\n<meta name=\"twitter:label1\" content=\"Written by\" \/>\n\t<meta name=\"twitter:data1\" content=\"Kisha Orthodhokse\" \/>\n\t<meta name=\"twitter:label2\" content=\"Est. reading time\" \/>\n\t<meta name=\"twitter:data2\" content=\"6 minutes\" \/>\n<script type=\"application\/ld+json\" class=\"yoast-schema-graph\">{\"@context\":\"https:\/\/schema.org\",\"@graph\":[{\"@type\":\"Article\",\"@id\":\"https:\/\/orthodoxalbania.org\/2020\/2013\/03\/21\/nis-turi-i-ekspozites-doreshkrime-bizantine-dhe-pasbizantine-ne-shqiperi-ndalesa-e-pare-ne-korce\/#article\",\"isPartOf\":{\"@id\":\"https:\/\/orthodoxalbania.org\/2020\/2013\/03\/21\/nis-turi-i-ekspozites-doreshkrime-bizantine-dhe-pasbizantine-ne-shqiperi-ndalesa-e-pare-ne-korce\/\"},\"author\":{\"name\":\"Kisha Orthodhokse\",\"@id\":\"https:\/\/orthodoxalbania.org\/2020\/#\/schema\/person\/0c387634a7063ac612d7ed9ce71c7e86\"},\"headline\":\"Nis turi i ekspozit\u00ebs &#8220;Dor\u00ebshkrime Bizantine dhe Pasbizantine n\u00eb Shqip\u00ebri&#8221;, ndalesa e par\u00eb n\u00eb Kor\u00e7\u00eb. (7 Janar 2011)\",\"datePublished\":\"2013-03-21T09:08:38+00:00\",\"dateModified\":\"2020-04-06T20:32:11+00:00\",\"mainEntityOfPage\":{\"@id\":\"https:\/\/orthodoxalbania.org\/2020\/2013\/03\/21\/nis-turi-i-ekspozites-doreshkrime-bizantine-dhe-pasbizantine-ne-shqiperi-ndalesa-e-pare-ne-korce\/\"},\"wordCount\":1300,\"commentCount\":0,\"publisher\":{\"@id\":\"https:\/\/orthodoxalbania.org\/2020\/#organization\"},\"image\":{\"@id\":\"https:\/\/orthodoxalbania.org\/2020\/2013\/03\/21\/nis-turi-i-ekspozites-doreshkrime-bizantine-dhe-pasbizantine-ne-shqiperi-ndalesa-e-pare-ne-korce\/#primaryimage\"},\"thumbnailUrl\":\"https:\/\/lh5.googleusercontent.com\/-V0lBG4jc9dQ\/VAA6v-mdkFI\/AAAAAAAAB6k\/2CYaPMotE1g\/w600-h450-no\/100_6533.JPG\",\"keywords\":[\"2011\",\"Deklarata - Njoftime Zyrtare\",\"Kryepiskopata Tiran\u00eb\",\"lajme\",\"Mitropolia Kor\u00e7\u00eb\"],\"articleSection\":[\"Lajme\"],\"inLanguage\":\"en-US\"},{\"@type\":\"WebPage\",\"@id\":\"https:\/\/orthodoxalbania.org\/2020\/2013\/03\/21\/nis-turi-i-ekspozites-doreshkrime-bizantine-dhe-pasbizantine-ne-shqiperi-ndalesa-e-pare-ne-korce\/\",\"url\":\"https:\/\/orthodoxalbania.org\/2020\/2013\/03\/21\/nis-turi-i-ekspozites-doreshkrime-bizantine-dhe-pasbizantine-ne-shqiperi-ndalesa-e-pare-ne-korce\/\",\"name\":\"Nis turi i ekspozit\u00ebs \\\"Dor\u00ebshkrime Bizantine dhe Pasbizantine n\u00eb Shqip\u00ebri\\\", ndalesa e par\u00eb n\u00eb Kor\u00e7\u00eb. (7 Janar 2011) - Kisha Orthodh\u03bfkse Autoqefale e Shqip\u00ebris\u00eb\",\"isPartOf\":{\"@id\":\"https:\/\/orthodoxalbania.org\/2020\/#website\"},\"primaryImageOfPage\":{\"@id\":\"https:\/\/orthodoxalbania.org\/2020\/2013\/03\/21\/nis-turi-i-ekspozites-doreshkrime-bizantine-dhe-pasbizantine-ne-shqiperi-ndalesa-e-pare-ne-korce\/#primaryimage\"},\"image\":{\"@id\":\"https:\/\/orthodoxalbania.org\/2020\/2013\/03\/21\/nis-turi-i-ekspozites-doreshkrime-bizantine-dhe-pasbizantine-ne-shqiperi-ndalesa-e-pare-ne-korce\/#primaryimage\"},\"thumbnailUrl\":\"https:\/\/lh5.googleusercontent.com\/-V0lBG4jc9dQ\/VAA6v-mdkFI\/AAAAAAAAB6k\/2CYaPMotE1g\/w600-h450-no\/100_6533.JPG\",\"datePublished\":\"2013-03-21T09:08:38+00:00\",\"dateModified\":\"2020-04-06T20:32:11+00:00\",\"breadcrumb\":{\"@id\":\"https:\/\/orthodoxalbania.org\/2020\/2013\/03\/21\/nis-turi-i-ekspozites-doreshkrime-bizantine-dhe-pasbizantine-ne-shqiperi-ndalesa-e-pare-ne-korce\/#breadcrumb\"},\"inLanguage\":\"en-US\",\"potentialAction\":[{\"@type\":\"ReadAction\",\"target\":[\"https:\/\/orthodoxalbania.org\/2020\/2013\/03\/21\/nis-turi-i-ekspozites-doreshkrime-bizantine-dhe-pasbizantine-ne-shqiperi-ndalesa-e-pare-ne-korce\/\"]}]},{\"@type\":\"ImageObject\",\"inLanguage\":\"en-US\",\"@id\":\"https:\/\/orthodoxalbania.org\/2020\/2013\/03\/21\/nis-turi-i-ekspozites-doreshkrime-bizantine-dhe-pasbizantine-ne-shqiperi-ndalesa-e-pare-ne-korce\/#primaryimage\",\"url\":\"https:\/\/lh5.googleusercontent.com\/-V0lBG4jc9dQ\/VAA6v-mdkFI\/AAAAAAAAB6k\/2CYaPMotE1g\/w600-h450-no\/100_6533.JPG\",\"contentUrl\":\"https:\/\/lh5.googleusercontent.com\/-V0lBG4jc9dQ\/VAA6v-mdkFI\/AAAAAAAAB6k\/2CYaPMotE1g\/w600-h450-no\/100_6533.JPG\"},{\"@type\":\"BreadcrumbList\",\"@id\":\"https:\/\/orthodoxalbania.org\/2020\/2013\/03\/21\/nis-turi-i-ekspozites-doreshkrime-bizantine-dhe-pasbizantine-ne-shqiperi-ndalesa-e-pare-ne-korce\/#breadcrumb\",\"itemListElement\":[{\"@type\":\"ListItem\",\"position\":1,\"name\":\"Home\",\"item\":\"https:\/\/orthodoxalbania.org\/2020\/\"},{\"@type\":\"ListItem\",\"position\":2,\"name\":\"Nis turi i ekspozit\u00ebs &#8220;Dor\u00ebshkrime Bizantine dhe Pasbizantine n\u00eb Shqip\u00ebri&#8221;, ndalesa e par\u00eb n\u00eb Kor\u00e7\u00eb. (7 Janar 2011)\"}]},{\"@type\":\"WebSite\",\"@id\":\"https:\/\/orthodoxalbania.org\/2020\/#website\",\"url\":\"https:\/\/orthodoxalbania.org\/2020\/\",\"name\":\"Kisha Orthodh\u03bfkse Autoqefale e Shqip\u00ebris\u00eb\",\"description\":\"Fqja Zyrtare e Kish\u00ebs Orthodhokse Autoqefale e Shqip\u00ebris\u00eb me lajmet edhe informacionet zyrtare p\u00ebr struktur\u00ebn edhe veprimtarin e saj.\",\"publisher\":{\"@id\":\"https:\/\/orthodoxalbania.org\/2020\/#organization\"},\"potentialAction\":[{\"@type\":\"SearchAction\",\"target\":{\"@type\":\"EntryPoint\",\"urlTemplate\":\"https:\/\/orthodoxalbania.org\/2020\/?s={search_term_string}\"},\"query-input\":{\"@type\":\"PropertyValueSpecification\",\"valueRequired\":true,\"valueName\":\"search_term_string\"}}],\"inLanguage\":\"en-US\"},{\"@type\":\"Organization\",\"@id\":\"https:\/\/orthodoxalbania.org\/2020\/#organization\",\"name\":\"Kisha Orthodhokse Autoqefale e Shqip\u00ebris\u00eb\",\"url\":\"https:\/\/orthodoxalbania.org\/2020\/\",\"logo\":{\"@type\":\"ImageObject\",\"inLanguage\":\"en-US\",\"@id\":\"https:\/\/orthodoxalbania.org\/2020\/#\/schema\/logo\/image\/\",\"url\":\"https:\/\/orthodoxalbania.org\/2020\/wp-content\/uploads\/2020\/05\/albania.jpeg\",\"contentUrl\":\"https:\/\/orthodoxalbania.org\/2020\/wp-content\/uploads\/2020\/05\/albania.jpeg\",\"width\":540,\"height\":540,\"caption\":\"Kisha Orthodhokse Autoqefale e Shqip\u00ebris\u00eb\"},\"image\":{\"@id\":\"https:\/\/orthodoxalbania.org\/2020\/#\/schema\/logo\/image\/\"},\"sameAs\":[\"https:\/\/www.facebook.com\/koash1991\"]},{\"@type\":\"Person\",\"@id\":\"https:\/\/orthodoxalbania.org\/2020\/#\/schema\/person\/0c387634a7063ac612d7ed9ce71c7e86\",\"name\":\"Kisha Orthodhokse\",\"image\":{\"@type\":\"ImageObject\",\"inLanguage\":\"en-US\",\"@id\":\"https:\/\/secure.gravatar.com\/avatar\/596e7c417251e30f2fbb9c00e026fce61a695a00e51c889caded71c96cbbdde5?s=96&d=mm&r=g\",\"url\":\"https:\/\/secure.gravatar.com\/avatar\/596e7c417251e30f2fbb9c00e026fce61a695a00e51c889caded71c96cbbdde5?s=96&d=mm&r=g\",\"contentUrl\":\"https:\/\/secure.gravatar.com\/avatar\/596e7c417251e30f2fbb9c00e026fce61a695a00e51c889caded71c96cbbdde5?s=96&d=mm&r=g\",\"caption\":\"Kisha Orthodhokse\"}}]}<\/script>\n<!-- \/ Yoast SEO plugin. -->","yoast_head_json":{"title":"Nis turi i ekspozit\u00ebs \"Dor\u00ebshkrime Bizantine dhe Pasbizantine n\u00eb Shqip\u00ebri\", ndalesa e par\u00eb n\u00eb Kor\u00e7\u00eb. (7 Janar 2011) - Kisha Orthodh\u03bfkse Autoqefale e Shqip\u00ebris\u00eb","robots":{"index":"index","follow":"follow","max-snippet":"max-snippet:-1","max-image-preview":"max-image-preview:large","max-video-preview":"max-video-preview:-1"},"canonical":"https:\/\/orthodoxalbania.org\/2020\/2013\/03\/21\/nis-turi-i-ekspozites-doreshkrime-bizantine-dhe-pasbizantine-ne-shqiperi-ndalesa-e-pare-ne-korce\/","og_locale":"en_US","og_type":"article","og_title":"Nis turi i ekspozit\u00ebs \"Dor\u00ebshkrime Bizantine dhe Pasbizantine n\u00eb Shqip\u00ebri\", ndalesa e par\u00eb n\u00eb Kor\u00e7\u00eb. (7 Janar 2011) - Kisha Orthodh\u03bfkse Autoqefale e Shqip\u00ebris\u00eb","og_description":"&nbsp; &nbsp; Pas suksesit t\u00eb shk\u00eblqyer q\u00eb pati \u00e7elja p\u00ebr her\u00eb t\u00eb par\u00eb n\u00eb Kryeqytet e ekspozit\u00ebs &#8220;Dor\u00ebshkrime Bizantine dhe Pasbizantine n\u00eb Shqip\u00ebri&#8221;, nisi cikli sh\u00ebtit\u00ebs n\u00eb qytetet kryesore t\u00eb Shqip\u00ebris\u00eb me q\u00ebllim njohjen e publikut t\u00eb gjer\u00eb me k\u00ebto thesare. N\u00eb dat\u00ebn 7 janar, n\u00eb Kor\u00e7\u00eb, u b\u00eb \u00e7elsja zyrtare e k\u00ebsaj ekspozite n\u00eb mjediset e Qendr\u00ebs Kulturore \u201cVangjush Miho\u201d. Ajo u organizua nga","og_url":"https:\/\/orthodoxalbania.org\/2020\/2013\/03\/21\/nis-turi-i-ekspozites-doreshkrime-bizantine-dhe-pasbizantine-ne-shqiperi-ndalesa-e-pare-ne-korce\/","og_site_name":"Kisha Orthodh\u03bfkse Autoqefale e Shqip\u00ebris\u00eb","article_publisher":"https:\/\/www.facebook.com\/koash1991","article_published_time":"2013-03-21T09:08:38+00:00","article_modified_time":"2020-04-06T20:32:11+00:00","og_image":[{"url":"https:\/\/lh5.googleusercontent.com\/-V0lBG4jc9dQ\/VAA6v-mdkFI\/AAAAAAAAB6k\/2CYaPMotE1g\/w600-h450-no\/100_6533.JPG","type":"","width":"","height":""}],"author":"Kisha Orthodhokse","twitter_card":"summary_large_image","twitter_misc":{"Written by":"Kisha Orthodhokse","Est. reading time":"6 minutes"},"schema":{"@context":"https:\/\/schema.org","@graph":[{"@type":"Article","@id":"https:\/\/orthodoxalbania.org\/2020\/2013\/03\/21\/nis-turi-i-ekspozites-doreshkrime-bizantine-dhe-pasbizantine-ne-shqiperi-ndalesa-e-pare-ne-korce\/#article","isPartOf":{"@id":"https:\/\/orthodoxalbania.org\/2020\/2013\/03\/21\/nis-turi-i-ekspozites-doreshkrime-bizantine-dhe-pasbizantine-ne-shqiperi-ndalesa-e-pare-ne-korce\/"},"author":{"name":"Kisha Orthodhokse","@id":"https:\/\/orthodoxalbania.org\/2020\/#\/schema\/person\/0c387634a7063ac612d7ed9ce71c7e86"},"headline":"Nis turi i ekspozit\u00ebs &#8220;Dor\u00ebshkrime Bizantine dhe Pasbizantine n\u00eb Shqip\u00ebri&#8221;, ndalesa e par\u00eb n\u00eb Kor\u00e7\u00eb. (7 Janar 2011)","datePublished":"2013-03-21T09:08:38+00:00","dateModified":"2020-04-06T20:32:11+00:00","mainEntityOfPage":{"@id":"https:\/\/orthodoxalbania.org\/2020\/2013\/03\/21\/nis-turi-i-ekspozites-doreshkrime-bizantine-dhe-pasbizantine-ne-shqiperi-ndalesa-e-pare-ne-korce\/"},"wordCount":1300,"commentCount":0,"publisher":{"@id":"https:\/\/orthodoxalbania.org\/2020\/#organization"},"image":{"@id":"https:\/\/orthodoxalbania.org\/2020\/2013\/03\/21\/nis-turi-i-ekspozites-doreshkrime-bizantine-dhe-pasbizantine-ne-shqiperi-ndalesa-e-pare-ne-korce\/#primaryimage"},"thumbnailUrl":"https:\/\/lh5.googleusercontent.com\/-V0lBG4jc9dQ\/VAA6v-mdkFI\/AAAAAAAAB6k\/2CYaPMotE1g\/w600-h450-no\/100_6533.JPG","keywords":["2011","Deklarata - Njoftime Zyrtare","Kryepiskopata Tiran\u00eb","lajme","Mitropolia Kor\u00e7\u00eb"],"articleSection":["Lajme"],"inLanguage":"en-US"},{"@type":"WebPage","@id":"https:\/\/orthodoxalbania.org\/2020\/2013\/03\/21\/nis-turi-i-ekspozites-doreshkrime-bizantine-dhe-pasbizantine-ne-shqiperi-ndalesa-e-pare-ne-korce\/","url":"https:\/\/orthodoxalbania.org\/2020\/2013\/03\/21\/nis-turi-i-ekspozites-doreshkrime-bizantine-dhe-pasbizantine-ne-shqiperi-ndalesa-e-pare-ne-korce\/","name":"Nis turi i ekspozit\u00ebs \"Dor\u00ebshkrime Bizantine dhe Pasbizantine n\u00eb Shqip\u00ebri\", ndalesa e par\u00eb n\u00eb Kor\u00e7\u00eb. (7 Janar 2011) - Kisha Orthodh\u03bfkse Autoqefale e Shqip\u00ebris\u00eb","isPartOf":{"@id":"https:\/\/orthodoxalbania.org\/2020\/#website"},"primaryImageOfPage":{"@id":"https:\/\/orthodoxalbania.org\/2020\/2013\/03\/21\/nis-turi-i-ekspozites-doreshkrime-bizantine-dhe-pasbizantine-ne-shqiperi-ndalesa-e-pare-ne-korce\/#primaryimage"},"image":{"@id":"https:\/\/orthodoxalbania.org\/2020\/2013\/03\/21\/nis-turi-i-ekspozites-doreshkrime-bizantine-dhe-pasbizantine-ne-shqiperi-ndalesa-e-pare-ne-korce\/#primaryimage"},"thumbnailUrl":"https:\/\/lh5.googleusercontent.com\/-V0lBG4jc9dQ\/VAA6v-mdkFI\/AAAAAAAAB6k\/2CYaPMotE1g\/w600-h450-no\/100_6533.JPG","datePublished":"2013-03-21T09:08:38+00:00","dateModified":"2020-04-06T20:32:11+00:00","breadcrumb":{"@id":"https:\/\/orthodoxalbania.org\/2020\/2013\/03\/21\/nis-turi-i-ekspozites-doreshkrime-bizantine-dhe-pasbizantine-ne-shqiperi-ndalesa-e-pare-ne-korce\/#breadcrumb"},"inLanguage":"en-US","potentialAction":[{"@type":"ReadAction","target":["https:\/\/orthodoxalbania.org\/2020\/2013\/03\/21\/nis-turi-i-ekspozites-doreshkrime-bizantine-dhe-pasbizantine-ne-shqiperi-ndalesa-e-pare-ne-korce\/"]}]},{"@type":"ImageObject","inLanguage":"en-US","@id":"https:\/\/orthodoxalbania.org\/2020\/2013\/03\/21\/nis-turi-i-ekspozites-doreshkrime-bizantine-dhe-pasbizantine-ne-shqiperi-ndalesa-e-pare-ne-korce\/#primaryimage","url":"https:\/\/lh5.googleusercontent.com\/-V0lBG4jc9dQ\/VAA6v-mdkFI\/AAAAAAAAB6k\/2CYaPMotE1g\/w600-h450-no\/100_6533.JPG","contentUrl":"https:\/\/lh5.googleusercontent.com\/-V0lBG4jc9dQ\/VAA6v-mdkFI\/AAAAAAAAB6k\/2CYaPMotE1g\/w600-h450-no\/100_6533.JPG"},{"@type":"BreadcrumbList","@id":"https:\/\/orthodoxalbania.org\/2020\/2013\/03\/21\/nis-turi-i-ekspozites-doreshkrime-bizantine-dhe-pasbizantine-ne-shqiperi-ndalesa-e-pare-ne-korce\/#breadcrumb","itemListElement":[{"@type":"ListItem","position":1,"name":"Home","item":"https:\/\/orthodoxalbania.org\/2020\/"},{"@type":"ListItem","position":2,"name":"Nis turi i ekspozit\u00ebs &#8220;Dor\u00ebshkrime Bizantine dhe Pasbizantine n\u00eb Shqip\u00ebri&#8221;, ndalesa e par\u00eb n\u00eb Kor\u00e7\u00eb. (7 Janar 2011)"}]},{"@type":"WebSite","@id":"https:\/\/orthodoxalbania.org\/2020\/#website","url":"https:\/\/orthodoxalbania.org\/2020\/","name":"Kisha Orthodh\u03bfkse Autoqefale e Shqip\u00ebris\u00eb","description":"Fqja Zyrtare e Kish\u00ebs Orthodhokse Autoqefale e Shqip\u00ebris\u00eb me lajmet edhe informacionet zyrtare p\u00ebr struktur\u00ebn edhe veprimtarin e saj.","publisher":{"@id":"https:\/\/orthodoxalbania.org\/2020\/#organization"},"potentialAction":[{"@type":"SearchAction","target":{"@type":"EntryPoint","urlTemplate":"https:\/\/orthodoxalbania.org\/2020\/?s={search_term_string}"},"query-input":{"@type":"PropertyValueSpecification","valueRequired":true,"valueName":"search_term_string"}}],"inLanguage":"en-US"},{"@type":"Organization","@id":"https:\/\/orthodoxalbania.org\/2020\/#organization","name":"Kisha Orthodhokse Autoqefale e Shqip\u00ebris\u00eb","url":"https:\/\/orthodoxalbania.org\/2020\/","logo":{"@type":"ImageObject","inLanguage":"en-US","@id":"https:\/\/orthodoxalbania.org\/2020\/#\/schema\/logo\/image\/","url":"https:\/\/orthodoxalbania.org\/2020\/wp-content\/uploads\/2020\/05\/albania.jpeg","contentUrl":"https:\/\/orthodoxalbania.org\/2020\/wp-content\/uploads\/2020\/05\/albania.jpeg","width":540,"height":540,"caption":"Kisha Orthodhokse Autoqefale e Shqip\u00ebris\u00eb"},"image":{"@id":"https:\/\/orthodoxalbania.org\/2020\/#\/schema\/logo\/image\/"},"sameAs":["https:\/\/www.facebook.com\/koash1991"]},{"@type":"Person","@id":"https:\/\/orthodoxalbania.org\/2020\/#\/schema\/person\/0c387634a7063ac612d7ed9ce71c7e86","name":"Kisha Orthodhokse","image":{"@type":"ImageObject","inLanguage":"en-US","@id":"https:\/\/secure.gravatar.com\/avatar\/596e7c417251e30f2fbb9c00e026fce61a695a00e51c889caded71c96cbbdde5?s=96&d=mm&r=g","url":"https:\/\/secure.gravatar.com\/avatar\/596e7c417251e30f2fbb9c00e026fce61a695a00e51c889caded71c96cbbdde5?s=96&d=mm&r=g","contentUrl":"https:\/\/secure.gravatar.com\/avatar\/596e7c417251e30f2fbb9c00e026fce61a695a00e51c889caded71c96cbbdde5?s=96&d=mm&r=g","caption":"Kisha Orthodhokse"}}]}},"_links":{"self":[{"href":"https:\/\/orthodoxalbania.org\/2020\/wp-json\/wp\/v2\/posts\/993","targetHints":{"allow":["GET"]}}],"collection":[{"href":"https:\/\/orthodoxalbania.org\/2020\/wp-json\/wp\/v2\/posts"}],"about":[{"href":"https:\/\/orthodoxalbania.org\/2020\/wp-json\/wp\/v2\/types\/post"}],"author":[{"embeddable":true,"href":"https:\/\/orthodoxalbania.org\/2020\/wp-json\/wp\/v2\/users\/1"}],"replies":[{"embeddable":true,"href":"https:\/\/orthodoxalbania.org\/2020\/wp-json\/wp\/v2\/comments?post=993"}],"version-history":[{"count":1,"href":"https:\/\/orthodoxalbania.org\/2020\/wp-json\/wp\/v2\/posts\/993\/revisions"}],"predecessor-version":[{"id":15422,"href":"https:\/\/orthodoxalbania.org\/2020\/wp-json\/wp\/v2\/posts\/993\/revisions\/15422"}],"wp:attachment":[{"href":"https:\/\/orthodoxalbania.org\/2020\/wp-json\/wp\/v2\/media?parent=993"}],"wp:term":[{"taxonomy":"category","embeddable":true,"href":"https:\/\/orthodoxalbania.org\/2020\/wp-json\/wp\/v2\/categories?post=993"},{"taxonomy":"post_tag","embeddable":true,"href":"https:\/\/orthodoxalbania.org\/2020\/wp-json\/wp\/v2\/tags?post=993"}],"curies":[{"name":"wp","href":"https:\/\/api.w.org\/{rel}","templated":true}]}}