{"id":987,"date":"2015-03-09T08:22:43","date_gmt":"2015-03-09T08:22:43","guid":{"rendered":""},"modified":"2020-04-06T22:02:17","modified_gmt":"2020-04-06T20:02:17","slug":"deklarat-gjirokaster","status":"publish","type":"post","link":"https:\/\/orthodoxalbania.org\/2020\/2015\/03\/09\/deklarat-gjirokaster\/","title":{"rendered":"Nga protesta e klerit t\u00eb Mitropolis\u00eb s\u00eb Gjirokastr\u00ebs"},"content":{"rendered":"<p><span style=\"font-size: 12pt; font-family: helvetica;\"><\/span><\/p>\n<p> <\/p>\n<p><span style=\"font-size: 12pt; font-family: helvetica;\"><\/span><\/p>\n<p style=\"text-align: center;\"><span style=\"color: #000000; font-size: 12pt; font-family: helvetica;\"><strong>NGA PROTESTA<\/strong><strong> E KLERIT T\u00cb MITROPOLIS\u00cb S\u00cb GJIROKASTR\u00cbS<\/strong><\/span><\/p>\n<p style=\"text-align: center;\"><span style=\"color: #000000; font-size: 12pt; font-family: helvetica;\"><strong>P\u00cbR PROVOKIMIN N\u00cb KISH\u00cbN KATEDRALE \u201cNGJALLJA E KRISHTIT\u201d, N\u00cb TIRAN\u00cb<\/strong><\/span><\/p>\n<p style=\"text-align: center;\">&nbsp;<\/p>\n<p style=\"text-align: justify;\"><span style=\"color: #000000; font-size: 12pt; font-family: helvetica;\">&nbsp;&nbsp;&nbsp; Ne, klerik\u00ebt e Mitropolis\u00eb s\u00eb Shenjt\u00eb t\u00eb Gjirokastr\u00ebs, n\u00eb em\u00ebr edhe t\u00eb enorive n\u00eb t\u00eb cilat sh\u00ebrbejm\u00eb, bashkojm\u00eb z\u00ebrin ton\u00eb t\u00eb protest\u00ebs p\u00ebr provokimin shum\u00eb t\u00eb r\u00ebnd\u00eb n\u00eb d\u00ebm t\u00eb Kish\u00ebs son\u00eb. Ajo q\u00eb u b\u00eb, duke shkelur pron\u00ebn e Kish\u00ebs s\u00eb Hirshme Katedrale t\u00eb Ngjalljes s\u00eb Krishtit, nuk \u00ebsht\u00eb \u00e7\u00ebshtje vet\u00ebm e pak metrave truall.<\/span><\/p>\n<p style=\"text-align: justify;\"><span style=\"color: #000000; font-size: 12pt; font-family: helvetica;\">&nbsp;&nbsp;&nbsp; Nuk \u00ebsht\u00eb i rast\u00ebsish\u00ebm zgjedhja e objektivit. N\u00eb zem\u00ebr t\u00eb Kryeqytetit dhe n\u00eb mes t\u00eb Kreshm\u00ebs s\u00eb Madhe. B\u00ebhet fjal\u00eb p\u00ebr mentalitete t\u00eb cilat nuk kemi asnj\u00eb predispozicion t\u2019i pranojm\u00eb pa protestuar.<\/span><\/p>\n<p style=\"text-align: justify;\"><span style=\"color: #000000; font-size: 12pt; font-family: helvetica;\">&nbsp;&nbsp;&nbsp;&nbsp; Me po t\u00eb nj\u00ebjt\u00ebn sjellje acaruese po p\u00ebrballemi edhe gjat\u00eb k\u00ebtyre dit\u00ebve n\u00eb Gjirokast\u00ebr, n\u00eb Enorin\u00eb e Kryeengj\u00ebjve, n\u00eb lagjen Varrosh.<\/span><\/p>\n<p style=\"text-align: justify;\"><span style=\"color: #000000; font-size: 12pt; font-family: helvetica;\">&nbsp;&nbsp;&nbsp; Ne klerik\u00ebt dhe besimtar\u00ebt Orthodhoks\u00eb jemi t\u00eb bashkuar rreth Kryepiskopit ton\u00eb Anastas p\u00ebr t\u00eb denoncuar k\u00ebto akte abuzimi dhe nj\u00ebher\u00ebsh t\u00eb paralajm\u00ebrojm\u00eb se p\u00ebrb\u00ebjn\u00eb n\u00eb thelb minim t\u00eb bashkekzistenc\u00ebs paq\u00ebsore.<\/span><\/p>\n<p style=\"text-align: justify;\"><span style=\"color: #000000; font-size: 12pt; font-family: helvetica;\">&nbsp;&nbsp;&nbsp; Nuk kemi p\u00ebr ta nd\u00ebrprer\u00eb protest\u00ebn ton\u00eb, sepse shteti na ka borxh shum\u00eb, tep\u00ebr shum\u00eb. Jet\u00ebt e v\u00ebllez\u00ebrve tani prift\u00ebrinj q\u00eb u ekzekutuan nga regjimi i m\u00ebparsh\u00ebm, vlerat e paz\u00ebvend\u00ebsueshme t\u00eb t\u00eb shenjtave q\u00eb u grabit\u00ebn n\u00eb kishat tona, vet\u00eb kishat q\u00eb na i rr\u00ebzuan nga themelet apo i p\u00ebrdhos\u00ebn, pasurin\u00eb e paluajtshme t\u00eb manastireve tona q\u00eb ende nuk po na e dor\u00ebzojn\u00eb. Le t\u00eb mos shtohen edhe t\u00eb tjera episode.<\/span><\/p>\n<p style=\"text-align: justify;\">&nbsp;<\/p>\n<p style=\"text-align: right;\"><span style=\"color: #000000; font-size: 12pt; font-family: helvetica;\"><strong>Gjirokast\u00ebr, m\u00eb 5 mars 2015<\/strong><\/span><\/p>\n<p><span style=\"font-size: 12pt; font-family: helvetica;\"><\/span><\/p>\n","protected":false},"excerpt":{"rendered":"<p>NGA PROTESTA E KLERIT T\u00cb MITROPOLIS\u00cb S\u00cb GJIROKASTR\u00cbS P\u00cbR PROVOKIMIN N\u00cb KISH\u00cbN KATEDRALE \u201cNGJALLJA E KRISHTIT\u201d, N\u00cb TIRAN\u00cb &nbsp; &nbsp;&nbsp;&nbsp; Ne, klerik\u00ebt e Mitropolis\u00eb s\u00eb Shenjt\u00eb t\u00eb Gjirokastr\u00ebs, n\u00eb em\u00ebr edhe t\u00eb enorive n\u00eb t\u00eb cilat sh\u00ebrbejm\u00eb, bashkojm\u00eb z\u00ebrin ton\u00eb t\u00eb protest\u00ebs p\u00ebr provokimin shum\u00eb t\u00eb r\u00ebnd\u00eb n\u00eb d\u00ebm t\u00eb Kish\u00ebs son\u00eb. Ajo q\u00eb u b\u00eb, duke shkelur pron\u00ebn e Kish\u00ebs s\u00eb Hirshme Katedrale t\u00eb<\/p>\n","protected":false},"author":1,"featured_media":988,"comment_status":"open","ping_status":"open","sticky":false,"template":"","format":"standard","meta":{"_acf_changed":false,"pagelayer_contact_templates":[],"_pagelayer_content":"","inline_featured_image":false,"fifu_image_url":"","fifu_image_alt":"","footnotes":""},"categories":[108],"tags":[139,153,212,198,203],"class_list":["post-987","post","type-post","status-publish","format-standard","has-post-thumbnail","hentry","category-lajme","tag-139","tag-deklarata-njoftime-zyrtare-d75","tag-lajme-d27","tag-gjirokaster","tag-pergjigje-ndaj-akuzave"],"acf":[],"yoast_head":"<!-- This site is optimized with the Yoast SEO plugin v27.2 - https:\/\/yoast.com\/product\/yoast-seo-wordpress\/ -->\n<title>Nga protesta e klerit t\u00eb Mitropolis\u00eb s\u00eb Gjirokastr\u00ebs - Kisha Orthodh\u03bfkse Autoqefale e Shqip\u00ebris\u00eb<\/title>\n<meta name=\"robots\" content=\"index, follow, max-snippet:-1, max-image-preview:large, max-video-preview:-1\" \/>\n<link rel=\"canonical\" href=\"https:\/\/orthodoxalbania.org\/2020\/2015\/03\/09\/deklarat-gjirokaster\/\" \/>\n<meta property=\"og:locale\" content=\"en_US\" \/>\n<meta property=\"og:type\" content=\"article\" \/>\n<meta property=\"og:title\" content=\"Nga protesta e klerit t\u00eb Mitropolis\u00eb s\u00eb Gjirokastr\u00ebs - Kisha Orthodh\u03bfkse Autoqefale e Shqip\u00ebris\u00eb\" \/>\n<meta property=\"og:description\" content=\"NGA PROTESTA E KLERIT T\u00cb MITROPOLIS\u00cb S\u00cb GJIROKASTR\u00cbS P\u00cbR PROVOKIMIN N\u00cb KISH\u00cbN KATEDRALE \u201cNGJALLJA E KRISHTIT\u201d, N\u00cb TIRAN\u00cb &nbsp; &nbsp;&nbsp;&nbsp; Ne, klerik\u00ebt e Mitropolis\u00eb s\u00eb Shenjt\u00eb t\u00eb Gjirokastr\u00ebs, n\u00eb em\u00ebr edhe t\u00eb enorive n\u00eb t\u00eb cilat sh\u00ebrbejm\u00eb, bashkojm\u00eb z\u00ebrin ton\u00eb t\u00eb protest\u00ebs p\u00ebr provokimin shum\u00eb t\u00eb r\u00ebnd\u00eb n\u00eb d\u00ebm t\u00eb Kish\u00ebs son\u00eb. Ajo q\u00eb u b\u00eb, duke shkelur pron\u00ebn e Kish\u00ebs s\u00eb Hirshme Katedrale t\u00eb\" \/>\n<meta property=\"og:url\" content=\"https:\/\/orthodoxalbania.org\/2020\/2015\/03\/09\/deklarat-gjirokaster\/\" \/>\n<meta property=\"og:site_name\" content=\"Kisha Orthodh\u03bfkse Autoqefale e Shqip\u00ebris\u00eb\" \/>\n<meta property=\"article:publisher\" content=\"https:\/\/www.facebook.com\/koash1991\" \/>\n<meta property=\"article:published_time\" content=\"2015-03-09T08:22:43+00:00\" \/>\n<meta property=\"article:modified_time\" content=\"2020-04-06T20:02:17+00:00\" \/>\n<meta property=\"og:image\" content=\"https:\/\/orthodoxalbania.org\/2020\/wp-content\/uploads\/2020\/04\/kisha.jpg\" \/>\n\t<meta property=\"og:image:width\" content=\"150\" \/>\n\t<meta property=\"og:image:height\" content=\"150\" \/>\n\t<meta property=\"og:image:type\" content=\"image\/jpeg\" \/>\n<meta name=\"author\" content=\"Kisha Orthodhokse\" \/>\n<meta name=\"twitter:card\" content=\"summary_large_image\" \/>\n<meta name=\"twitter:label1\" content=\"Written by\" \/>\n\t<meta name=\"twitter:data1\" content=\"Kisha Orthodhokse\" \/>\n\t<meta name=\"twitter:label2\" content=\"Est. reading time\" \/>\n\t<meta name=\"twitter:data2\" content=\"2 minutes\" \/>\n<script type=\"application\/ld+json\" class=\"yoast-schema-graph\">{\"@context\":\"https:\/\/schema.org\",\"@graph\":[{\"@type\":\"Article\",\"@id\":\"https:\/\/orthodoxalbania.org\/2020\/2015\/03\/09\/deklarat-gjirokaster\/#article\",\"isPartOf\":{\"@id\":\"https:\/\/orthodoxalbania.org\/2020\/2015\/03\/09\/deklarat-gjirokaster\/\"},\"author\":{\"name\":\"Kisha Orthodhokse\",\"@id\":\"https:\/\/orthodoxalbania.org\/2020\/#\/schema\/person\/0c387634a7063ac612d7ed9ce71c7e86\"},\"headline\":\"Nga protesta e klerit t\u00eb Mitropolis\u00eb s\u00eb Gjirokastr\u00ebs\",\"datePublished\":\"2015-03-09T08:22:43+00:00\",\"dateModified\":\"2020-04-06T20:02:17+00:00\",\"mainEntityOfPage\":{\"@id\":\"https:\/\/orthodoxalbania.org\/2020\/2015\/03\/09\/deklarat-gjirokaster\/\"},\"wordCount\":317,\"commentCount\":0,\"publisher\":{\"@id\":\"https:\/\/orthodoxalbania.org\/2020\/#organization\"},\"image\":{\"@id\":\"https:\/\/orthodoxalbania.org\/2020\/2015\/03\/09\/deklarat-gjirokaster\/#primaryimage\"},\"thumbnailUrl\":\"https:\/\/orthodoxalbania.org\/2020\/wp-content\/uploads\/2020\/04\/kisha.jpg\",\"keywords\":[\"2015\",\"Deklarata - Njoftime Zyrtare\",\"lajme\",\"Mitropolia Gjirokast\u00ebr\",\"P\u00ebrgjigje ndaj akuzave\"],\"articleSection\":[\"Lajme\"],\"inLanguage\":\"en-US\"},{\"@type\":\"WebPage\",\"@id\":\"https:\/\/orthodoxalbania.org\/2020\/2015\/03\/09\/deklarat-gjirokaster\/\",\"url\":\"https:\/\/orthodoxalbania.org\/2020\/2015\/03\/09\/deklarat-gjirokaster\/\",\"name\":\"Nga protesta e klerit t\u00eb Mitropolis\u00eb s\u00eb Gjirokastr\u00ebs - Kisha Orthodh\u03bfkse Autoqefale e Shqip\u00ebris\u00eb\",\"isPartOf\":{\"@id\":\"https:\/\/orthodoxalbania.org\/2020\/#website\"},\"primaryImageOfPage\":{\"@id\":\"https:\/\/orthodoxalbania.org\/2020\/2015\/03\/09\/deklarat-gjirokaster\/#primaryimage\"},\"image\":{\"@id\":\"https:\/\/orthodoxalbania.org\/2020\/2015\/03\/09\/deklarat-gjirokaster\/#primaryimage\"},\"thumbnailUrl\":\"https:\/\/orthodoxalbania.org\/2020\/wp-content\/uploads\/2020\/04\/kisha.jpg\",\"datePublished\":\"2015-03-09T08:22:43+00:00\",\"dateModified\":\"2020-04-06T20:02:17+00:00\",\"breadcrumb\":{\"@id\":\"https:\/\/orthodoxalbania.org\/2020\/2015\/03\/09\/deklarat-gjirokaster\/#breadcrumb\"},\"inLanguage\":\"en-US\",\"potentialAction\":[{\"@type\":\"ReadAction\",\"target\":[\"https:\/\/orthodoxalbania.org\/2020\/2015\/03\/09\/deklarat-gjirokaster\/\"]}]},{\"@type\":\"ImageObject\",\"inLanguage\":\"en-US\",\"@id\":\"https:\/\/orthodoxalbania.org\/2020\/2015\/03\/09\/deklarat-gjirokaster\/#primaryimage\",\"url\":\"https:\/\/orthodoxalbania.org\/2020\/wp-content\/uploads\/2020\/04\/kisha.jpg\",\"contentUrl\":\"https:\/\/orthodoxalbania.org\/2020\/wp-content\/uploads\/2020\/04\/kisha.jpg\",\"width\":150,\"height\":150},{\"@type\":\"BreadcrumbList\",\"@id\":\"https:\/\/orthodoxalbania.org\/2020\/2015\/03\/09\/deklarat-gjirokaster\/#breadcrumb\",\"itemListElement\":[{\"@type\":\"ListItem\",\"position\":1,\"name\":\"Home\",\"item\":\"https:\/\/orthodoxalbania.org\/2020\/\"},{\"@type\":\"ListItem\",\"position\":2,\"name\":\"Nga protesta e klerit t\u00eb Mitropolis\u00eb s\u00eb Gjirokastr\u00ebs\"}]},{\"@type\":\"WebSite\",\"@id\":\"https:\/\/orthodoxalbania.org\/2020\/#website\",\"url\":\"https:\/\/orthodoxalbania.org\/2020\/\",\"name\":\"Kisha Orthodh\u03bfkse Autoqefale e Shqip\u00ebris\u00eb\",\"description\":\"Fqja Zyrtare e Kish\u00ebs Orthodhokse Autoqefale e Shqip\u00ebris\u00eb me lajmet edhe informacionet zyrtare p\u00ebr struktur\u00ebn edhe veprimtarin e saj.\",\"publisher\":{\"@id\":\"https:\/\/orthodoxalbania.org\/2020\/#organization\"},\"potentialAction\":[{\"@type\":\"SearchAction\",\"target\":{\"@type\":\"EntryPoint\",\"urlTemplate\":\"https:\/\/orthodoxalbania.org\/2020\/?s={search_term_string}\"},\"query-input\":{\"@type\":\"PropertyValueSpecification\",\"valueRequired\":true,\"valueName\":\"search_term_string\"}}],\"inLanguage\":\"en-US\"},{\"@type\":\"Organization\",\"@id\":\"https:\/\/orthodoxalbania.org\/2020\/#organization\",\"name\":\"Kisha Orthodhokse Autoqefale e Shqip\u00ebris\u00eb\",\"url\":\"https:\/\/orthodoxalbania.org\/2020\/\",\"logo\":{\"@type\":\"ImageObject\",\"inLanguage\":\"en-US\",\"@id\":\"https:\/\/orthodoxalbania.org\/2020\/#\/schema\/logo\/image\/\",\"url\":\"https:\/\/orthodoxalbania.org\/2020\/wp-content\/uploads\/2020\/05\/albania.jpeg\",\"contentUrl\":\"https:\/\/orthodoxalbania.org\/2020\/wp-content\/uploads\/2020\/05\/albania.jpeg\",\"width\":540,\"height\":540,\"caption\":\"Kisha Orthodhokse Autoqefale e Shqip\u00ebris\u00eb\"},\"image\":{\"@id\":\"https:\/\/orthodoxalbania.org\/2020\/#\/schema\/logo\/image\/\"},\"sameAs\":[\"https:\/\/www.facebook.com\/koash1991\"]},{\"@type\":\"Person\",\"@id\":\"https:\/\/orthodoxalbania.org\/2020\/#\/schema\/person\/0c387634a7063ac612d7ed9ce71c7e86\",\"name\":\"Kisha Orthodhokse\",\"image\":{\"@type\":\"ImageObject\",\"inLanguage\":\"en-US\",\"@id\":\"https:\/\/secure.gravatar.com\/avatar\/596e7c417251e30f2fbb9c00e026fce61a695a00e51c889caded71c96cbbdde5?s=96&d=mm&r=g\",\"url\":\"https:\/\/secure.gravatar.com\/avatar\/596e7c417251e30f2fbb9c00e026fce61a695a00e51c889caded71c96cbbdde5?s=96&d=mm&r=g\",\"contentUrl\":\"https:\/\/secure.gravatar.com\/avatar\/596e7c417251e30f2fbb9c00e026fce61a695a00e51c889caded71c96cbbdde5?s=96&d=mm&r=g\",\"caption\":\"Kisha Orthodhokse\"}}]}<\/script>\n<!-- \/ Yoast SEO plugin. -->","yoast_head_json":{"title":"Nga protesta e klerit t\u00eb Mitropolis\u00eb s\u00eb Gjirokastr\u00ebs - Kisha Orthodh\u03bfkse Autoqefale e Shqip\u00ebris\u00eb","robots":{"index":"index","follow":"follow","max-snippet":"max-snippet:-1","max-image-preview":"max-image-preview:large","max-video-preview":"max-video-preview:-1"},"canonical":"https:\/\/orthodoxalbania.org\/2020\/2015\/03\/09\/deklarat-gjirokaster\/","og_locale":"en_US","og_type":"article","og_title":"Nga protesta e klerit t\u00eb Mitropolis\u00eb s\u00eb Gjirokastr\u00ebs - Kisha Orthodh\u03bfkse Autoqefale e Shqip\u00ebris\u00eb","og_description":"NGA PROTESTA E KLERIT T\u00cb MITROPOLIS\u00cb S\u00cb GJIROKASTR\u00cbS P\u00cbR PROVOKIMIN N\u00cb KISH\u00cbN KATEDRALE \u201cNGJALLJA E KRISHTIT\u201d, N\u00cb TIRAN\u00cb &nbsp; &nbsp;&nbsp;&nbsp; Ne, klerik\u00ebt e Mitropolis\u00eb s\u00eb Shenjt\u00eb t\u00eb Gjirokastr\u00ebs, n\u00eb em\u00ebr edhe t\u00eb enorive n\u00eb t\u00eb cilat sh\u00ebrbejm\u00eb, bashkojm\u00eb z\u00ebrin ton\u00eb t\u00eb protest\u00ebs p\u00ebr provokimin shum\u00eb t\u00eb r\u00ebnd\u00eb n\u00eb d\u00ebm t\u00eb Kish\u00ebs son\u00eb. Ajo q\u00eb u b\u00eb, duke shkelur pron\u00ebn e Kish\u00ebs s\u00eb Hirshme Katedrale t\u00eb","og_url":"https:\/\/orthodoxalbania.org\/2020\/2015\/03\/09\/deklarat-gjirokaster\/","og_site_name":"Kisha Orthodh\u03bfkse Autoqefale e Shqip\u00ebris\u00eb","article_publisher":"https:\/\/www.facebook.com\/koash1991","article_published_time":"2015-03-09T08:22:43+00:00","article_modified_time":"2020-04-06T20:02:17+00:00","og_image":[{"width":150,"height":150,"url":"https:\/\/orthodoxalbania.org\/2020\/wp-content\/uploads\/2020\/04\/kisha.jpg","type":"image\/jpeg"}],"author":"Kisha Orthodhokse","twitter_card":"summary_large_image","twitter_misc":{"Written by":"Kisha Orthodhokse","Est. reading time":"2 minutes"},"schema":{"@context":"https:\/\/schema.org","@graph":[{"@type":"Article","@id":"https:\/\/orthodoxalbania.org\/2020\/2015\/03\/09\/deklarat-gjirokaster\/#article","isPartOf":{"@id":"https:\/\/orthodoxalbania.org\/2020\/2015\/03\/09\/deklarat-gjirokaster\/"},"author":{"name":"Kisha Orthodhokse","@id":"https:\/\/orthodoxalbania.org\/2020\/#\/schema\/person\/0c387634a7063ac612d7ed9ce71c7e86"},"headline":"Nga protesta e klerit t\u00eb Mitropolis\u00eb s\u00eb Gjirokastr\u00ebs","datePublished":"2015-03-09T08:22:43+00:00","dateModified":"2020-04-06T20:02:17+00:00","mainEntityOfPage":{"@id":"https:\/\/orthodoxalbania.org\/2020\/2015\/03\/09\/deklarat-gjirokaster\/"},"wordCount":317,"commentCount":0,"publisher":{"@id":"https:\/\/orthodoxalbania.org\/2020\/#organization"},"image":{"@id":"https:\/\/orthodoxalbania.org\/2020\/2015\/03\/09\/deklarat-gjirokaster\/#primaryimage"},"thumbnailUrl":"https:\/\/orthodoxalbania.org\/2020\/wp-content\/uploads\/2020\/04\/kisha.jpg","keywords":["2015","Deklarata - Njoftime Zyrtare","lajme","Mitropolia Gjirokast\u00ebr","P\u00ebrgjigje ndaj akuzave"],"articleSection":["Lajme"],"inLanguage":"en-US"},{"@type":"WebPage","@id":"https:\/\/orthodoxalbania.org\/2020\/2015\/03\/09\/deklarat-gjirokaster\/","url":"https:\/\/orthodoxalbania.org\/2020\/2015\/03\/09\/deklarat-gjirokaster\/","name":"Nga protesta e klerit t\u00eb Mitropolis\u00eb s\u00eb Gjirokastr\u00ebs - Kisha Orthodh\u03bfkse Autoqefale e Shqip\u00ebris\u00eb","isPartOf":{"@id":"https:\/\/orthodoxalbania.org\/2020\/#website"},"primaryImageOfPage":{"@id":"https:\/\/orthodoxalbania.org\/2020\/2015\/03\/09\/deklarat-gjirokaster\/#primaryimage"},"image":{"@id":"https:\/\/orthodoxalbania.org\/2020\/2015\/03\/09\/deklarat-gjirokaster\/#primaryimage"},"thumbnailUrl":"https:\/\/orthodoxalbania.org\/2020\/wp-content\/uploads\/2020\/04\/kisha.jpg","datePublished":"2015-03-09T08:22:43+00:00","dateModified":"2020-04-06T20:02:17+00:00","breadcrumb":{"@id":"https:\/\/orthodoxalbania.org\/2020\/2015\/03\/09\/deklarat-gjirokaster\/#breadcrumb"},"inLanguage":"en-US","potentialAction":[{"@type":"ReadAction","target":["https:\/\/orthodoxalbania.org\/2020\/2015\/03\/09\/deklarat-gjirokaster\/"]}]},{"@type":"ImageObject","inLanguage":"en-US","@id":"https:\/\/orthodoxalbania.org\/2020\/2015\/03\/09\/deklarat-gjirokaster\/#primaryimage","url":"https:\/\/orthodoxalbania.org\/2020\/wp-content\/uploads\/2020\/04\/kisha.jpg","contentUrl":"https:\/\/orthodoxalbania.org\/2020\/wp-content\/uploads\/2020\/04\/kisha.jpg","width":150,"height":150},{"@type":"BreadcrumbList","@id":"https:\/\/orthodoxalbania.org\/2020\/2015\/03\/09\/deklarat-gjirokaster\/#breadcrumb","itemListElement":[{"@type":"ListItem","position":1,"name":"Home","item":"https:\/\/orthodoxalbania.org\/2020\/"},{"@type":"ListItem","position":2,"name":"Nga protesta e klerit t\u00eb Mitropolis\u00eb s\u00eb Gjirokastr\u00ebs"}]},{"@type":"WebSite","@id":"https:\/\/orthodoxalbania.org\/2020\/#website","url":"https:\/\/orthodoxalbania.org\/2020\/","name":"Kisha Orthodh\u03bfkse Autoqefale e Shqip\u00ebris\u00eb","description":"Fqja Zyrtare e Kish\u00ebs Orthodhokse Autoqefale e Shqip\u00ebris\u00eb me lajmet edhe informacionet zyrtare p\u00ebr struktur\u00ebn edhe veprimtarin e saj.","publisher":{"@id":"https:\/\/orthodoxalbania.org\/2020\/#organization"},"potentialAction":[{"@type":"SearchAction","target":{"@type":"EntryPoint","urlTemplate":"https:\/\/orthodoxalbania.org\/2020\/?s={search_term_string}"},"query-input":{"@type":"PropertyValueSpecification","valueRequired":true,"valueName":"search_term_string"}}],"inLanguage":"en-US"},{"@type":"Organization","@id":"https:\/\/orthodoxalbania.org\/2020\/#organization","name":"Kisha Orthodhokse Autoqefale e Shqip\u00ebris\u00eb","url":"https:\/\/orthodoxalbania.org\/2020\/","logo":{"@type":"ImageObject","inLanguage":"en-US","@id":"https:\/\/orthodoxalbania.org\/2020\/#\/schema\/logo\/image\/","url":"https:\/\/orthodoxalbania.org\/2020\/wp-content\/uploads\/2020\/05\/albania.jpeg","contentUrl":"https:\/\/orthodoxalbania.org\/2020\/wp-content\/uploads\/2020\/05\/albania.jpeg","width":540,"height":540,"caption":"Kisha Orthodhokse Autoqefale e Shqip\u00ebris\u00eb"},"image":{"@id":"https:\/\/orthodoxalbania.org\/2020\/#\/schema\/logo\/image\/"},"sameAs":["https:\/\/www.facebook.com\/koash1991"]},{"@type":"Person","@id":"https:\/\/orthodoxalbania.org\/2020\/#\/schema\/person\/0c387634a7063ac612d7ed9ce71c7e86","name":"Kisha Orthodhokse","image":{"@type":"ImageObject","inLanguage":"en-US","@id":"https:\/\/secure.gravatar.com\/avatar\/596e7c417251e30f2fbb9c00e026fce61a695a00e51c889caded71c96cbbdde5?s=96&d=mm&r=g","url":"https:\/\/secure.gravatar.com\/avatar\/596e7c417251e30f2fbb9c00e026fce61a695a00e51c889caded71c96cbbdde5?s=96&d=mm&r=g","contentUrl":"https:\/\/secure.gravatar.com\/avatar\/596e7c417251e30f2fbb9c00e026fce61a695a00e51c889caded71c96cbbdde5?s=96&d=mm&r=g","caption":"Kisha Orthodhokse"}}]}},"_links":{"self":[{"href":"https:\/\/orthodoxalbania.org\/2020\/wp-json\/wp\/v2\/posts\/987","targetHints":{"allow":["GET"]}}],"collection":[{"href":"https:\/\/orthodoxalbania.org\/2020\/wp-json\/wp\/v2\/posts"}],"about":[{"href":"https:\/\/orthodoxalbania.org\/2020\/wp-json\/wp\/v2\/types\/post"}],"author":[{"embeddable":true,"href":"https:\/\/orthodoxalbania.org\/2020\/wp-json\/wp\/v2\/users\/1"}],"replies":[{"embeddable":true,"href":"https:\/\/orthodoxalbania.org\/2020\/wp-json\/wp\/v2\/comments?post=987"}],"version-history":[{"count":1,"href":"https:\/\/orthodoxalbania.org\/2020\/wp-json\/wp\/v2\/posts\/987\/revisions"}],"predecessor-version":[{"id":15025,"href":"https:\/\/orthodoxalbania.org\/2020\/wp-json\/wp\/v2\/posts\/987\/revisions\/15025"}],"wp:featuredmedia":[{"embeddable":true,"href":"https:\/\/orthodoxalbania.org\/2020\/wp-json\/wp\/v2\/media\/988"}],"wp:attachment":[{"href":"https:\/\/orthodoxalbania.org\/2020\/wp-json\/wp\/v2\/media?parent=987"}],"wp:term":[{"taxonomy":"category","embeddable":true,"href":"https:\/\/orthodoxalbania.org\/2020\/wp-json\/wp\/v2\/categories?post=987"},{"taxonomy":"post_tag","embeddable":true,"href":"https:\/\/orthodoxalbania.org\/2020\/wp-json\/wp\/v2\/tags?post=987"}],"curies":[{"name":"wp","href":"https:\/\/api.w.org\/{rel}","templated":true}]}}