{"id":986,"date":"2013-03-20T13:03:52","date_gmt":"2013-03-20T13:03:52","guid":{"rendered":""},"modified":"2020-04-06T22:32:19","modified_gmt":"2020-04-06T20:32:19","slug":"nga-paragjykimi-tek-shpifja-korca-i-pergjigjet-z-kristo-frasheri","status":"publish","type":"post","link":"https:\/\/orthodoxalbania.org\/2020\/2013\/03\/20\/nga-paragjykimi-tek-shpifja-korca-i-pergjigjet-z-kristo-frasheri\/","title":{"rendered":"Nga Paragjykimi tek Shpifja, Kor\u00e7a i p\u00ebrgjigjet z. Kristo Frash\u00ebri. (Shtator 2010)"},"content":{"rendered":"<div style=\"text-align: justify;\">\n\t<span style=\"color:#000000;\"><span style=\"font-family: tahoma,geneva,sans-serif;\"><span style=\"font-size: 12px;\">&nbsp;&nbsp;&nbsp; Kushdo e mban mend mir\u00eb se gjat\u00eb viteve 90, gazeta t\u00eb ndryshme t\u00eb shtypit shqiptar dhe Mas Medias, p\u00ebrgjith\u00ebsisht, kan\u00eb qen\u00eb tejet t\u00eb mbushura me artikuj, pronocime dhe daklarata q\u00eb n\u00eb qend\u00ebr t\u00eb tyre kishin Kryepeshkopin Anastas t\u00eb Kish\u00ebs Orthodhokse Autoqefale te Shqip\u00ebris\u00eb, artikuj me tema t\u00ebr\u00ebsisht bajate deri t\u00eb neveritshme, me autor\u00eb shpesh pseudointelektual\u00eb, pseudopatriot\u00eb dhe mbi t\u00eb gjitha dashakeq\u00eb ndaj Besimit Orthodhoks. P\u00ebrgjith\u00ebsisht kudo flitej p\u00ebr kal\u00eb troje, p\u00ebr gj\u00ebm\u00ebn e madhe q\u00eb e kishte gjetur Kish\u00ebn Orthodhokse, q\u00eb n\u00eb krye t\u00eb saj kishte nj\u00eb Kryepeshkop, m\u00ebkati i vet\u00ebm i t\u00eb cilit ishte p\u00ebrkat\u00ebsia etnike. Ky ishte elementi kryesor dhe i vet\u00ebm i aludimit mbi shum\u00eb&nbsp; t\u00eb k\u00ebqija q\u00eb do ta gjenin kombin ton\u00eb dhe Kish\u00ebn Orthodhokse. Shum\u00eb nga artikuj shkruesit apo edhe organizator\u00ebt e ndonj\u00eb tubimi mjeran, sot pothuajse jan\u00eb harruar dhe megjith\u00ebse n\u00eb at\u00eb koh\u00eb mund t\u00eb konsideroheshin edhe si potenciale n\u00eb efi\u00e7enc\u00eb apo edhe n\u00eb pritje p\u00ebr politik\u00ebn dhe shoq\u00ebrin\u00eb shqiptare sot nuk po d\u00ebgjohen m\u00eb. <\/span><\/span><\/span><\/div>\n<div style=\"text-align: justify;\">\n\t&nbsp;<\/div>\n<div style=\"text-align: justify;\">\n\t<span style=\"color:#000000;\"><span style=\"font-family: tahoma,geneva,sans-serif;\"><span style=\"font-size: 12px;\">&nbsp;&nbsp;&nbsp; Paralelisht me k\u00ebto z\u00ebra n\u00eb mbrojtje t\u00eb vepr\u00ebs s\u00eb hir\u00ebsis\u00eb s\u00eb tij Anastas, u ngrit\u00ebn mij\u00ebra besimtar\u00eb, intelektual\u00eb dhe njer\u00ebz t\u00eb thjesht\u00eb pavar\u00ebsisht p\u00ebrkat\u00ebsis\u00eb fetare. Me kalimin e koh\u00ebs kur gjykat\u00ebsi m\u00eb i drejt\u00eb, koha, me d\u00ebshmimtar\u00eb veprat e hir\u00ebsis\u00eb s\u00eb tij, ju dhan\u00eb atyre t\u00eb drejt\u00eb, konsiderohet keqdash\u00ebse pa asnj\u00eb justifikim risjellja e temave t\u00eb tilla n\u00eb v\u00ebmendje t\u00eb publikut shqiptar. T\u00eb vjen v\u00ebrtet \u00e7udi kur lexon artikujt e botuara n\u00eb \u201cGazeta Shqiptare\u201dn\u00eb m\u00ebnyr\u00eb t\u00eb nj\u00ebpasnj\u00ebshme t\u00eb zotit Kristo Frash\u00ebri, kund\u00ebr kryepeshkopit Anastas. Nuk kemi nd\u00ebrmend t\u00eb ndalemi tek akuzat q\u00eb u botuan n\u00eb to, pasi n\u00eb m\u00ebnyr\u00eb p\u00ebrbledh\u00ebse, tep\u00ebr t\u00eb sinqert\u00eb dhe me v\u00ebrtetsi, mor\u00ebn nj\u00eb p\u00ebrgjigje ekselente nga kryepeshkopi. Ajo q\u00eb na b\u00ebn p\u00ebrshtypje dhe na fyen ne si besimtar\u00eb orthodhoks\u00eb t\u00eb nj\u00eb Kishe tep\u00ebr t\u00eb konsoliduar, inekzistente m\u00eb par\u00eb dhe tashm\u00eb me autoritet dhe reputacion nd\u00ebrkomb\u00ebtar, fal\u00eb kryepeshkopit, \u00ebsht\u00eb fakti se megjith\u00ebse faza e par\u00eb e mosnjohjes dhe e paragjykimit deri diku ndoshta t\u00eb justifikuar p\u00ebr Kryepeshkopin Anastas ka kaluar dhe veprat kan\u00eb treguar t\u00eb kund\u00ebrt\u00ebn\u00eb e atyre q\u00eb u shkruan p\u00ebr vite me rradh\u00eb, p\u00ebrs\u00ebri v\u00ebrejm\u00eb t\u00eb g\u00ebloj\u00eb prirja p\u00ebr t\u00eb denigruar figur\u00ebn e kryebariut ton\u00eb. <\/span><\/span><\/span><\/div>\n<div style=\"text-align: justify;\">\n\t&nbsp;<\/div>\n<div style=\"text-align: justify;\">\n\t<span style=\"color:#000000;\"><span style=\"font-family: tahoma,geneva,sans-serif;\"><span style=\"font-size: 12px;\">&nbsp;&nbsp;&nbsp; Shum\u00eb prej nesh u ndodh\u00ebm n\u00eb Kish\u00ebn e Tiran\u00ebs, at\u00eb dit\u00eb t\u00eb madhe t\u00eb 2 Gushtit 1992, t\u00eb Fron\u00ebzimit t\u00eb Hir\u00ebsis\u00eb s\u00eb tij, kishim shkuar atje t\u00eb gjith\u00eb ne kor\u00e7ar\u00ebt q\u00eb p\u00ebr dhjetvje\u00e7ar\u00eb t\u00eb t\u00ebr\u00eb, kishim mbajtur t\u00eb gjall\u00eb besimin, duke p\u00ebrfaq\u00ebsuar ata qindra gjysh\u00ebr, gjyshe e prind\u00ebr, q\u00eb dit\u00ebn ta ruanin t\u00eb gjall\u00eb besimin tek Kisha Orthodhokse dhe q\u00eb fshehurazi na e kishin p\u00ebrcjell\u00eb duke krijuar gjithmon\u00eb gjat\u00eb viteve t\u00eb egra t\u00eb diktatur\u00ebs shoq\u00ebrin\u00eb e t\u00eb krishter\u00ebve n\u00eb qytetin e Kor\u00e7\u00ebs. T\u00eb gjith\u00eb ne atje nj\u00ebz\u00ebri b\u00ebrtit\u00ebm Aksios dhe mbyt\u00ebm britm\u00ebn e ngath\u00ebt dhe djall\u00ebzore t\u00eb disa njer\u00ebzve t\u00eb pap\u00ebrgjegjsh\u00ebm q\u00eb vet\u00ebm at\u00eb dit\u00eb ndoshta pan\u00eb der\u00ebn e kish\u00ebs, pasi as m\u00eb p\u00ebrpara nuk e kishin par\u00eb dhe as besoj ta ken\u00eb par\u00eb m\u00eb q\u00eb at\u00eb dit\u00eb, p\u00ebr faktin e thjesht\u00eb se ose i p\u00ebrkisnin besimeve t\u00eb tjera, dhe jan\u00eb pinjoll\u00eb t\u00eb atyre q\u00eb realisht kan\u00eb fituar titullin me b\u00ebmat e tyre t\u00eb luftonj\u00ebsve t\u00eb Orthodhoksis\u00eb, ose ishin ateist\u00eb q\u00eb asnj\u00ebher\u00eb nuk kishin treguar ndonj\u00eb interes p\u00ebr besimin. <\/span><\/span><\/span><\/div>\n<div style=\"text-align: justify;\">\n\t&nbsp;<\/div>\n<div style=\"text-align: justify;\">\n\t<span style=\"color:#000000;\"><span style=\"font-family: tahoma,geneva,sans-serif;\"><span style=\"font-size: 12px;\">&nbsp;&nbsp;&nbsp; \u00c7do i krishter i mir\u00eb \u00ebsht\u00eb edhe patriot i mir\u00eb, por jo vet\u00ebm kaq, p\u00ebrderisa beson tek jeta e p\u00ebrtejshme duhet s\u00eb pari q\u00eb t\u00eb aspiroj\u00eb atdheun e p\u00ebrbashk\u00ebt t\u00eb t\u00eb drejt\u00ebve q\u00eb \u00ebsht\u00eb n\u00eb qiell af\u00ebr Zotit, kjo \u00ebsht\u00eb arsyeja q\u00eb gj\u00ebrat duhet t\u00eb thuhen si\u00e7 jan\u00eb dhe jo t\u00eb gjymtohen. Pik\u00ebrisht ata qindra z\u00ebra q\u00eb pohuan denj\u00ebsin\u00eb e Kryepeshkopit Anastas, donin p\u00ebrparimin e Kish\u00ebs dhe t\u00eb Besimit, koha tregoi se kishin t\u00eb drejt\u00eb, denj\u00ebsia e tij u sprovua n\u00eb kalvarin e gjat\u00eb t\u00eb ringritjes s\u00eb gjith\u00e7kaje q\u00eb kishte t\u00eb b\u00ebnte me besimin si dhe me kontributin e tij t\u00eb pa\u00e7muar n\u00eb momentet m\u00eb de\u00e7izive q\u00eb kaloi vendi dhe populli yn\u00eb. Na habit fakti se tema bajate t\u00eb trajtuara 18 vjet m\u00eb par\u00eb me baz\u00eb paragjykimin dhe shpifjen rivijn\u00eb n\u00eb v\u00ebmendje t\u00eb lexuesit n\u00ebp\u00ebrmjet citimeve tuaja duke u b\u00ebr\u00eb ofenduese. Kjo tregon se p\u00ebrs\u00ebri segmente t\u00eb er\u00ebta jan\u00eb v\u00ebn\u00eb n\u00eb efi\u00e7enc\u00eb kund\u00ebr besimit, sepse nuk e kuptojm\u00eb dot se si edhe sot mbas 18 vjet\u00ebsh arrihet t\u00eb deformohet \u00e7do fakt dhe t\u00eb trumbetohet gjoja jokanonizmi i atij q\u00eb ngriti e rikrijoi Kish\u00ebn ton\u00eb Orthodhokse me tre mitropolit\u00eb shqiptar\u00eb dhe nj\u00eb arvanit, q\u00eb ndoshta do parap\u00eblqenit ta quanit edhe at\u00eb t\u00eb huaj. Nuk dim\u00eb ndonj\u00eb patriot t\u00eb mir\u00eb, shqiptar me gjak t\u00eb kulluar nd\u00ebr politikan\u00eb apo edhe intelektual\u00eb q\u00eb p\u00ebrve\u00e7 fjal\u00ebve t\u00eb ket\u00eb b\u00ebr\u00eb di\u00e7ka realisht p\u00ebr popullin dhe v\u00ebndin e vuajtur, n\u00eb k\u00ebto 20 vjet, di\u00e7ka q\u00eb ti sh\u00ebrbej\u00eb nj\u00eb popullate apo qoft\u00eb edhe nj\u00eb komuniteti t\u00eb caktuar, pa ndonj\u00eb p\u00ebrfitim, pa u b\u00ebr\u00eb milioner nga hi\u00e7i, nuk dim\u00eb bile as ndonj\u00eb patriot shqiptar t\u00eb zjarrt\u00eb t\u00eb diaspor\u00ebs t\u00eb ket\u00eb v\u00ebn\u00eb qoft\u00eb edhe nj\u00eb tjegull n\u00eb ndonj\u00eb kish\u00eb t\u00eb vendit, apo t\u00eb ofronte sh\u00ebrbimet e tij t\u00eb p\u00ebrhershme k\u00ebtu. <\/span><\/span><\/span><\/div>\n<div style=\"text-align: justify;\">\n\t&nbsp;<\/div>\n<div style=\"text-align: justify;\">\n\t<span style=\"color:#000000;\"><span style=\"font-family: tahoma,geneva,sans-serif;\"><span style=\"font-size: 12px;\">&nbsp;&nbsp;&nbsp; P\u00ebrkundrazi \u00ebsht\u00eb ky i \u201chuaj\u201d q\u00eb diti ta ringrinte dhe ti jepte nj\u00eb autoritet q\u00eb kurr\u00eb nuk e ka pasur n\u00eb aren\u00ebn nd\u00ebrkomb\u00ebtare Kish\u00ebs son\u00eb Orthodhokse dhe p\u00ebr pasoj\u00eb vendit ton\u00eb. Ky i \u201chuaj\u201d dor\u00ebzoi qindra prift\u00ebrinj shqiptar\u00eb, t\u00eb arsimuar n\u00eb shkoll\u00ebn teologjike shqiptare q\u00eb me aq mundim e ngriti q\u00eb me ardhjen e tij k\u00ebtu, ky i \u201chuaj\u201d ringriti kishat tona t\u00eb shkat\u00ebrruara kudo edhe n\u00eb P\u00ebrmet, kisha e sh\u00ebn Maris\u00eb atje duhet t\u00eb funksionoj\u00eb, b\u00ebhet fjal\u00eb p\u00ebr nj\u00eb kish\u00eb historike p\u00ebr t\u00eb cil\u00ebn flet edhe Kodiku i Shenjt\u00eb i Mitropolis\u00eb s\u00eb Kor\u00e7\u00ebs. E pra, restaurimi i vlerave nuk mund t\u00eb quhet sakrilegj apo krim komb\u00ebtar, e kund\u00ebrta kthimi i sht\u00ebpis\u00eb s\u00eb Zotit n\u00eb vat\u00ebr culture, ka qen\u00eb nj\u00eb veprim i turpsh\u00ebm dhe kur e drejta e Zotit vihet n\u00eb vend nga njeriu ju p\u00ebrpiqeni t\u00eb faj\u00ebsoni. Pra puna dhe jo guna \u00ebsht\u00eb ajo q\u00eb p\u00ebrcakton nj\u00eb njeri, kualitetin dhe predispozicionin e tij. Mendojm\u00eb se t\u00eb flas\u00ebsh me gjuh\u00ebn e fillimit t\u00eb vitit 90 p\u00ebr nj\u00eb figur\u00eb tep\u00ebr t\u00eb nderuar \u00ebsht\u00eb nj\u00eb anakroniz\u00ebm dhe nj\u00eb dashakeq\u00ebsi. Kryepeshkopi Anastas i duhet Kish\u00ebs son\u00eb Orthodhokse dhe do t\u00eb q\u00ebndroj\u00eb Kryebari shpirt\u00ebror deri n\u00eb fund p\u00ebrderisa at\u00eb e duan dhe e vler\u00ebsojn\u00eb ata q\u00eb p\u00ebrb\u00ebjn\u00eb realisht grigj\u00ebn e Kish\u00ebs Orthodhokse Autoqefale t\u00eb Shqip\u00ebris\u00eb, pavar\u00ebsisht p\u00ebrkat\u00ebsis\u00eb s\u00eb tyre etnike. Nga p\u00ebrvoja e baltologjis\u00eb t\u00eb viteve 90, kemi kuptuar se n\u00eb sh\u00ebnjest\u00ebr t\u00eb goditjeve nuk \u00ebsht\u00eb aspak ai, por Besimi dhe Kisha jon\u00eb Orthodhokse e ringritur prej tij. K\u00ebt\u00eb gj\u00eb e di kushdo, tashm\u00eb m\u00eb tep\u00ebr se at\u00ebher\u00eb kur u nd\u00ebrtuan edhe ligje p\u00ebr ekstradimin e tij, mjafton t\u00eb kujtojm\u00eb rezultatin e votimeve p\u00ebr Referendumin n\u00eb vitin 1994, kur t\u00eb pakt\u00ebn n\u00eb qytetin e Kor\u00e7\u00ebs t\u00eb krishter\u00eb dhe myslyman\u00eb, t\u00eb majt\u00eb dhe t\u00eb djatht\u00eb, votuan kund\u00ebr, vet\u00ebm p\u00ebr arsye t\u00eb nenit q\u00eb rrezikonte q\u00ebndrimin e hir\u00ebsis\u00eb s\u00eb tij n\u00eb krye t\u00eb Kish\u00ebs Orthodhokse Autoqefale Shqiptare. <\/span><\/span><\/span><\/div>\n<div style=\"text-align: justify;\">\n\t&nbsp;<\/div>\n<div style=\"text-align: justify;\">\n\t<span style=\"color:#000000;\"><span style=\"font-family: tahoma,geneva,sans-serif;\"><span style=\"font-size: 12px;\">&nbsp;&nbsp;&nbsp; Koha tregoi se ata kishin t\u00eb drejt\u00eb n\u00eb k\u00ebt\u00eb pik\u00eb, tashm\u00eb kur kan\u00eb kaluar kaq vjet qysh at\u00ebher\u00eb dhe Institucioni i Kish\u00ebs Orthodhokse Autoqefale ka qen\u00eb n\u00eb vend nj\u00eb faktor paqeje, mir\u00ebkuptimi, ndihme dhe shprese p\u00ebr t\u00eb gjith\u00eb popullin ton\u00eb, dhe kjo fal\u00eb kryepeshkopit Anastas. Simpatia e at\u00ebhershme ndaj personit t\u00eb tij \u00ebsht\u00eb kthyer n\u00eb nj\u00eb bindje t\u00eb thell\u00eb p\u00ebrsa i p\u00ebrket misionit t\u00eb tij t\u00eb vet\u00ebm q\u00eb kryen k\u00ebtu, atij t\u00eb kryebariut shpirt\u00ebror. Pavar\u00ebsisht keqinterpretimeve, apo marrjes jasht\u00eb kontekstit t\u00eb prononcimeve t\u00eb tij, n\u00eb k\u00ebt\u00eb rast nga ana e nj\u00eb historiani, dielli nuk mbulohet me shosh\u00eb. Kryepeshkopi yn\u00eb \u00ebsht\u00eb kanonik tep\u00ebr i p\u00eblqyer nga grigja e tij dhe i pa t\u00eb met\u00eb n\u00eb misionin q\u00eb i \u00ebsht\u00eb ngarkuar. Esht\u00eb e palejueshme zoti historian q\u00eb njer\u00ebzit t\u00eb sh\u00ebrbejn\u00eb si valvola t\u00eb shfryrjes s\u00eb urrejtjes apo racizmit, p\u00ebr veprime apo situate q\u00eb fabrikohen tjet\u00ebrkund dhe akoma m\u00eb e pafalshme, kur vala godit\u00ebse e atij q\u00eb sh\u00ebrben si valvol ju drejtohet figurave t\u00eb nderuara dhe aspak t\u00eb kompromentuara. P\u00ebr ta p\u00ebrmbyllur na lejoni t\u00eb p\u00ebrdorim fjal\u00ebt e nj\u00eb kleriku orthodhoks t\u00eb Amerik\u00ebs m\u00eb par\u00eb mosbesues ndaj misionit dhe figur\u00ebs s\u00eb Krepeshkopit Anastas, i cili mbasi pa vepr\u00ebn e nd\u00ebrtuar prej tij n\u00eb Shqip\u00ebri tha se po t\u00eb ishte gjall\u00eb Fan Noli do t\u00eb thonte se n\u00eb personin e kryepeshkopit Anastas, Kisha jon\u00eb Orthodhokse Autoqefale Shqiptare p\u00ebrjetoi d\u00ebshirat dhe aspiratat e saj. <\/span><\/span><\/span><\/div>\n<div style=\"text-align: right;\">\n\t&nbsp;<\/div>\n<div style=\"text-align: right;\">\n\t&nbsp;<\/div>\n<div style=\"text-align: right;\">\n\t<span style=\"color:#000000;\"><span style=\"font-family: tahoma,geneva,sans-serif;\"><span style=\"font-size: 12px;\"><strong>DR.Vasil Tushi, DR.Pirro Gjan\u00e7i, Vangjush Themeli<\/strong><br \/>\n\t<strong>PR.Jonela Spaho, PR.Ilda Lubonja. <\/strong><\/span><\/span><\/span><\/div>\n","protected":false},"excerpt":{"rendered":"<p>&nbsp;&nbsp;&nbsp; Kushdo e mban mend mir\u00eb se gjat\u00eb viteve 90, gazeta t\u00eb ndryshme t\u00eb shtypit shqiptar dhe Mas Medias, p\u00ebrgjith\u00ebsisht, kan\u00eb qen\u00eb tejet t\u00eb mbushura me artikuj, pronocime dhe daklarata q\u00eb n\u00eb qend\u00ebr t\u00eb tyre kishin Kryepeshkopin Anastas t\u00eb Kish\u00ebs Orthodhokse Autoqefale te Shqip\u00ebris\u00eb, artikuj me tema t\u00ebr\u00ebsisht bajate deri t\u00eb neveritshme, me autor\u00eb shpesh pseudointelektual\u00eb, pseudopatriot\u00eb dhe mbi t\u00eb gjitha dashakeq\u00eb ndaj Besimit Orthodhoks.<\/p>\n","protected":false},"author":1,"featured_media":0,"comment_status":"open","ping_status":"open","sticky":false,"template":"","format":"standard","meta":{"_acf_changed":false,"pagelayer_contact_templates":[],"_pagelayer_content":"","inline_featured_image":false,"fifu_image_url":"","fifu_image_alt":"","footnotes":""},"categories":[108],"tags":[144,153,212,181,203],"class_list":["post-986","post","type-post","status-publish","format-standard","hentry","category-lajme","tag-144","tag-deklarata-njoftime-zyrtare-d75","tag-lajme-d27","tag-korce","tag-pergjigje-ndaj-akuzave"],"acf":[],"yoast_head":"<!-- This site is optimized with the Yoast SEO plugin v27.2 - https:\/\/yoast.com\/product\/yoast-seo-wordpress\/ -->\n<title>Nga Paragjykimi tek Shpifja, Kor\u00e7a i p\u00ebrgjigjet z. Kristo Frash\u00ebri. (Shtator 2010) - Kisha Orthodh\u03bfkse Autoqefale e Shqip\u00ebris\u00eb<\/title>\n<meta name=\"robots\" content=\"index, follow, max-snippet:-1, max-image-preview:large, max-video-preview:-1\" \/>\n<link rel=\"canonical\" href=\"https:\/\/orthodoxalbania.org\/2020\/2013\/03\/20\/nga-paragjykimi-tek-shpifja-korca-i-pergjigjet-z-kristo-frasheri\/\" \/>\n<meta property=\"og:locale\" content=\"en_US\" \/>\n<meta property=\"og:type\" content=\"article\" \/>\n<meta property=\"og:title\" content=\"Nga Paragjykimi tek Shpifja, Kor\u00e7a i p\u00ebrgjigjet z. Kristo Frash\u00ebri. (Shtator 2010) - Kisha Orthodh\u03bfkse Autoqefale e Shqip\u00ebris\u00eb\" \/>\n<meta property=\"og:description\" content=\"&nbsp;&nbsp;&nbsp; Kushdo e mban mend mir\u00eb se gjat\u00eb viteve 90, gazeta t\u00eb ndryshme t\u00eb shtypit shqiptar dhe Mas Medias, p\u00ebrgjith\u00ebsisht, kan\u00eb qen\u00eb tejet t\u00eb mbushura me artikuj, pronocime dhe daklarata q\u00eb n\u00eb qend\u00ebr t\u00eb tyre kishin Kryepeshkopin Anastas t\u00eb Kish\u00ebs Orthodhokse Autoqefale te Shqip\u00ebris\u00eb, artikuj me tema t\u00ebr\u00ebsisht bajate deri t\u00eb neveritshme, me autor\u00eb shpesh pseudointelektual\u00eb, pseudopatriot\u00eb dhe mbi t\u00eb gjitha dashakeq\u00eb ndaj Besimit Orthodhoks.\" \/>\n<meta property=\"og:url\" content=\"https:\/\/orthodoxalbania.org\/2020\/2013\/03\/20\/nga-paragjykimi-tek-shpifja-korca-i-pergjigjet-z-kristo-frasheri\/\" \/>\n<meta property=\"og:site_name\" content=\"Kisha Orthodh\u03bfkse Autoqefale e Shqip\u00ebris\u00eb\" \/>\n<meta property=\"article:publisher\" content=\"https:\/\/www.facebook.com\/koash1991\" \/>\n<meta property=\"article:published_time\" content=\"2013-03-20T13:03:52+00:00\" \/>\n<meta property=\"article:modified_time\" content=\"2020-04-06T20:32:19+00:00\" \/>\n<meta property=\"og:image\" content=\"https:\/\/orthodoxalbania.org\/2020\/wp-content\/uploads\/2021\/02\/LogoLastALb-200.png\" \/>\n\t<meta property=\"og:image:width\" content=\"200\" \/>\n\t<meta property=\"og:image:height\" content=\"172\" \/>\n\t<meta property=\"og:image:type\" content=\"image\/png\" \/>\n<meta name=\"author\" content=\"Kisha Orthodhokse\" \/>\n<meta name=\"twitter:card\" content=\"summary_large_image\" \/>\n<meta name=\"twitter:label1\" content=\"Written by\" \/>\n\t<meta name=\"twitter:data1\" content=\"Kisha Orthodhokse\" \/>\n\t<meta name=\"twitter:label2\" content=\"Est. reading time\" \/>\n\t<meta name=\"twitter:data2\" content=\"8 minutes\" \/>\n<script type=\"application\/ld+json\" class=\"yoast-schema-graph\">{\"@context\":\"https:\/\/schema.org\",\"@graph\":[{\"@type\":\"Article\",\"@id\":\"https:\/\/orthodoxalbania.org\/2020\/2013\/03\/20\/nga-paragjykimi-tek-shpifja-korca-i-pergjigjet-z-kristo-frasheri\/#article\",\"isPartOf\":{\"@id\":\"https:\/\/orthodoxalbania.org\/2020\/2013\/03\/20\/nga-paragjykimi-tek-shpifja-korca-i-pergjigjet-z-kristo-frasheri\/\"},\"author\":{\"name\":\"Kisha Orthodhokse\",\"@id\":\"https:\/\/orthodoxalbania.org\/2020\/#\/schema\/person\/0c387634a7063ac612d7ed9ce71c7e86\"},\"headline\":\"Nga Paragjykimi tek Shpifja, Kor\u00e7a i p\u00ebrgjigjet z. Kristo Frash\u00ebri. (Shtator 2010)\",\"datePublished\":\"2013-03-20T13:03:52+00:00\",\"dateModified\":\"2020-04-06T20:32:19+00:00\",\"mainEntityOfPage\":{\"@id\":\"https:\/\/orthodoxalbania.org\/2020\/2013\/03\/20\/nga-paragjykimi-tek-shpifja-korca-i-pergjigjet-z-kristo-frasheri\/\"},\"wordCount\":1656,\"commentCount\":0,\"publisher\":{\"@id\":\"https:\/\/orthodoxalbania.org\/2020\/#organization\"},\"keywords\":[\"2010\",\"Deklarata - Njoftime Zyrtare\",\"lajme\",\"Mitropolia Kor\u00e7\u00eb\",\"P\u00ebrgjigje ndaj akuzave\"],\"articleSection\":[\"Lajme\"],\"inLanguage\":\"en-US\"},{\"@type\":\"WebPage\",\"@id\":\"https:\/\/orthodoxalbania.org\/2020\/2013\/03\/20\/nga-paragjykimi-tek-shpifja-korca-i-pergjigjet-z-kristo-frasheri\/\",\"url\":\"https:\/\/orthodoxalbania.org\/2020\/2013\/03\/20\/nga-paragjykimi-tek-shpifja-korca-i-pergjigjet-z-kristo-frasheri\/\",\"name\":\"Nga Paragjykimi tek Shpifja, Kor\u00e7a i p\u00ebrgjigjet z. Kristo Frash\u00ebri. (Shtator 2010) - Kisha Orthodh\u03bfkse Autoqefale e Shqip\u00ebris\u00eb\",\"isPartOf\":{\"@id\":\"https:\/\/orthodoxalbania.org\/2020\/#website\"},\"datePublished\":\"2013-03-20T13:03:52+00:00\",\"dateModified\":\"2020-04-06T20:32:19+00:00\",\"breadcrumb\":{\"@id\":\"https:\/\/orthodoxalbania.org\/2020\/2013\/03\/20\/nga-paragjykimi-tek-shpifja-korca-i-pergjigjet-z-kristo-frasheri\/#breadcrumb\"},\"inLanguage\":\"en-US\",\"potentialAction\":[{\"@type\":\"ReadAction\",\"target\":[\"https:\/\/orthodoxalbania.org\/2020\/2013\/03\/20\/nga-paragjykimi-tek-shpifja-korca-i-pergjigjet-z-kristo-frasheri\/\"]}]},{\"@type\":\"BreadcrumbList\",\"@id\":\"https:\/\/orthodoxalbania.org\/2020\/2013\/03\/20\/nga-paragjykimi-tek-shpifja-korca-i-pergjigjet-z-kristo-frasheri\/#breadcrumb\",\"itemListElement\":[{\"@type\":\"ListItem\",\"position\":1,\"name\":\"Home\",\"item\":\"https:\/\/orthodoxalbania.org\/2020\/\"},{\"@type\":\"ListItem\",\"position\":2,\"name\":\"Nga Paragjykimi tek Shpifja, Kor\u00e7a i p\u00ebrgjigjet z. Kristo Frash\u00ebri. (Shtator 2010)\"}]},{\"@type\":\"WebSite\",\"@id\":\"https:\/\/orthodoxalbania.org\/2020\/#website\",\"url\":\"https:\/\/orthodoxalbania.org\/2020\/\",\"name\":\"Kisha Orthodh\u03bfkse Autoqefale e Shqip\u00ebris\u00eb\",\"description\":\"Fqja Zyrtare e Kish\u00ebs Orthodhokse Autoqefale e Shqip\u00ebris\u00eb me lajmet edhe informacionet zyrtare p\u00ebr struktur\u00ebn edhe veprimtarin e saj.\",\"publisher\":{\"@id\":\"https:\/\/orthodoxalbania.org\/2020\/#organization\"},\"potentialAction\":[{\"@type\":\"SearchAction\",\"target\":{\"@type\":\"EntryPoint\",\"urlTemplate\":\"https:\/\/orthodoxalbania.org\/2020\/?s={search_term_string}\"},\"query-input\":{\"@type\":\"PropertyValueSpecification\",\"valueRequired\":true,\"valueName\":\"search_term_string\"}}],\"inLanguage\":\"en-US\"},{\"@type\":\"Organization\",\"@id\":\"https:\/\/orthodoxalbania.org\/2020\/#organization\",\"name\":\"Kisha Orthodhokse Autoqefale e Shqip\u00ebris\u00eb\",\"url\":\"https:\/\/orthodoxalbania.org\/2020\/\",\"logo\":{\"@type\":\"ImageObject\",\"inLanguage\":\"en-US\",\"@id\":\"https:\/\/orthodoxalbania.org\/2020\/#\/schema\/logo\/image\/\",\"url\":\"https:\/\/orthodoxalbania.org\/2020\/wp-content\/uploads\/2020\/05\/albania.jpeg\",\"contentUrl\":\"https:\/\/orthodoxalbania.org\/2020\/wp-content\/uploads\/2020\/05\/albania.jpeg\",\"width\":540,\"height\":540,\"caption\":\"Kisha Orthodhokse Autoqefale e Shqip\u00ebris\u00eb\"},\"image\":{\"@id\":\"https:\/\/orthodoxalbania.org\/2020\/#\/schema\/logo\/image\/\"},\"sameAs\":[\"https:\/\/www.facebook.com\/koash1991\"]},{\"@type\":\"Person\",\"@id\":\"https:\/\/orthodoxalbania.org\/2020\/#\/schema\/person\/0c387634a7063ac612d7ed9ce71c7e86\",\"name\":\"Kisha Orthodhokse\",\"image\":{\"@type\":\"ImageObject\",\"inLanguage\":\"en-US\",\"@id\":\"https:\/\/secure.gravatar.com\/avatar\/596e7c417251e30f2fbb9c00e026fce61a695a00e51c889caded71c96cbbdde5?s=96&d=mm&r=g\",\"url\":\"https:\/\/secure.gravatar.com\/avatar\/596e7c417251e30f2fbb9c00e026fce61a695a00e51c889caded71c96cbbdde5?s=96&d=mm&r=g\",\"contentUrl\":\"https:\/\/secure.gravatar.com\/avatar\/596e7c417251e30f2fbb9c00e026fce61a695a00e51c889caded71c96cbbdde5?s=96&d=mm&r=g\",\"caption\":\"Kisha Orthodhokse\"}}]}<\/script>\n<!-- \/ Yoast SEO plugin. -->","yoast_head_json":{"title":"Nga Paragjykimi tek Shpifja, Kor\u00e7a i p\u00ebrgjigjet z. Kristo Frash\u00ebri. (Shtator 2010) - Kisha Orthodh\u03bfkse Autoqefale e Shqip\u00ebris\u00eb","robots":{"index":"index","follow":"follow","max-snippet":"max-snippet:-1","max-image-preview":"max-image-preview:large","max-video-preview":"max-video-preview:-1"},"canonical":"https:\/\/orthodoxalbania.org\/2020\/2013\/03\/20\/nga-paragjykimi-tek-shpifja-korca-i-pergjigjet-z-kristo-frasheri\/","og_locale":"en_US","og_type":"article","og_title":"Nga Paragjykimi tek Shpifja, Kor\u00e7a i p\u00ebrgjigjet z. Kristo Frash\u00ebri. (Shtator 2010) - Kisha Orthodh\u03bfkse Autoqefale e Shqip\u00ebris\u00eb","og_description":"&nbsp;&nbsp;&nbsp; Kushdo e mban mend mir\u00eb se gjat\u00eb viteve 90, gazeta t\u00eb ndryshme t\u00eb shtypit shqiptar dhe Mas Medias, p\u00ebrgjith\u00ebsisht, kan\u00eb qen\u00eb tejet t\u00eb mbushura me artikuj, pronocime dhe daklarata q\u00eb n\u00eb qend\u00ebr t\u00eb tyre kishin Kryepeshkopin Anastas t\u00eb Kish\u00ebs Orthodhokse Autoqefale te Shqip\u00ebris\u00eb, artikuj me tema t\u00ebr\u00ebsisht bajate deri t\u00eb neveritshme, me autor\u00eb shpesh pseudointelektual\u00eb, pseudopatriot\u00eb dhe mbi t\u00eb gjitha dashakeq\u00eb ndaj Besimit Orthodhoks.","og_url":"https:\/\/orthodoxalbania.org\/2020\/2013\/03\/20\/nga-paragjykimi-tek-shpifja-korca-i-pergjigjet-z-kristo-frasheri\/","og_site_name":"Kisha Orthodh\u03bfkse Autoqefale e Shqip\u00ebris\u00eb","article_publisher":"https:\/\/www.facebook.com\/koash1991","article_published_time":"2013-03-20T13:03:52+00:00","article_modified_time":"2020-04-06T20:32:19+00:00","og_image":[{"width":200,"height":172,"url":"https:\/\/orthodoxalbania.org\/2020\/wp-content\/uploads\/2021\/02\/LogoLastALb-200.png","type":"image\/png"}],"author":"Kisha Orthodhokse","twitter_card":"summary_large_image","twitter_misc":{"Written by":"Kisha Orthodhokse","Est. reading time":"8 minutes"},"schema":{"@context":"https:\/\/schema.org","@graph":[{"@type":"Article","@id":"https:\/\/orthodoxalbania.org\/2020\/2013\/03\/20\/nga-paragjykimi-tek-shpifja-korca-i-pergjigjet-z-kristo-frasheri\/#article","isPartOf":{"@id":"https:\/\/orthodoxalbania.org\/2020\/2013\/03\/20\/nga-paragjykimi-tek-shpifja-korca-i-pergjigjet-z-kristo-frasheri\/"},"author":{"name":"Kisha Orthodhokse","@id":"https:\/\/orthodoxalbania.org\/2020\/#\/schema\/person\/0c387634a7063ac612d7ed9ce71c7e86"},"headline":"Nga Paragjykimi tek Shpifja, Kor\u00e7a i p\u00ebrgjigjet z. Kristo Frash\u00ebri. (Shtator 2010)","datePublished":"2013-03-20T13:03:52+00:00","dateModified":"2020-04-06T20:32:19+00:00","mainEntityOfPage":{"@id":"https:\/\/orthodoxalbania.org\/2020\/2013\/03\/20\/nga-paragjykimi-tek-shpifja-korca-i-pergjigjet-z-kristo-frasheri\/"},"wordCount":1656,"commentCount":0,"publisher":{"@id":"https:\/\/orthodoxalbania.org\/2020\/#organization"},"keywords":["2010","Deklarata - Njoftime Zyrtare","lajme","Mitropolia Kor\u00e7\u00eb","P\u00ebrgjigje ndaj akuzave"],"articleSection":["Lajme"],"inLanguage":"en-US"},{"@type":"WebPage","@id":"https:\/\/orthodoxalbania.org\/2020\/2013\/03\/20\/nga-paragjykimi-tek-shpifja-korca-i-pergjigjet-z-kristo-frasheri\/","url":"https:\/\/orthodoxalbania.org\/2020\/2013\/03\/20\/nga-paragjykimi-tek-shpifja-korca-i-pergjigjet-z-kristo-frasheri\/","name":"Nga Paragjykimi tek Shpifja, Kor\u00e7a i p\u00ebrgjigjet z. Kristo Frash\u00ebri. (Shtator 2010) - Kisha Orthodh\u03bfkse Autoqefale e Shqip\u00ebris\u00eb","isPartOf":{"@id":"https:\/\/orthodoxalbania.org\/2020\/#website"},"datePublished":"2013-03-20T13:03:52+00:00","dateModified":"2020-04-06T20:32:19+00:00","breadcrumb":{"@id":"https:\/\/orthodoxalbania.org\/2020\/2013\/03\/20\/nga-paragjykimi-tek-shpifja-korca-i-pergjigjet-z-kristo-frasheri\/#breadcrumb"},"inLanguage":"en-US","potentialAction":[{"@type":"ReadAction","target":["https:\/\/orthodoxalbania.org\/2020\/2013\/03\/20\/nga-paragjykimi-tek-shpifja-korca-i-pergjigjet-z-kristo-frasheri\/"]}]},{"@type":"BreadcrumbList","@id":"https:\/\/orthodoxalbania.org\/2020\/2013\/03\/20\/nga-paragjykimi-tek-shpifja-korca-i-pergjigjet-z-kristo-frasheri\/#breadcrumb","itemListElement":[{"@type":"ListItem","position":1,"name":"Home","item":"https:\/\/orthodoxalbania.org\/2020\/"},{"@type":"ListItem","position":2,"name":"Nga Paragjykimi tek Shpifja, Kor\u00e7a i p\u00ebrgjigjet z. Kristo Frash\u00ebri. (Shtator 2010)"}]},{"@type":"WebSite","@id":"https:\/\/orthodoxalbania.org\/2020\/#website","url":"https:\/\/orthodoxalbania.org\/2020\/","name":"Kisha Orthodh\u03bfkse Autoqefale e Shqip\u00ebris\u00eb","description":"Fqja Zyrtare e Kish\u00ebs Orthodhokse Autoqefale e Shqip\u00ebris\u00eb me lajmet edhe informacionet zyrtare p\u00ebr struktur\u00ebn edhe veprimtarin e saj.","publisher":{"@id":"https:\/\/orthodoxalbania.org\/2020\/#organization"},"potentialAction":[{"@type":"SearchAction","target":{"@type":"EntryPoint","urlTemplate":"https:\/\/orthodoxalbania.org\/2020\/?s={search_term_string}"},"query-input":{"@type":"PropertyValueSpecification","valueRequired":true,"valueName":"search_term_string"}}],"inLanguage":"en-US"},{"@type":"Organization","@id":"https:\/\/orthodoxalbania.org\/2020\/#organization","name":"Kisha Orthodhokse Autoqefale e Shqip\u00ebris\u00eb","url":"https:\/\/orthodoxalbania.org\/2020\/","logo":{"@type":"ImageObject","inLanguage":"en-US","@id":"https:\/\/orthodoxalbania.org\/2020\/#\/schema\/logo\/image\/","url":"https:\/\/orthodoxalbania.org\/2020\/wp-content\/uploads\/2020\/05\/albania.jpeg","contentUrl":"https:\/\/orthodoxalbania.org\/2020\/wp-content\/uploads\/2020\/05\/albania.jpeg","width":540,"height":540,"caption":"Kisha Orthodhokse Autoqefale e Shqip\u00ebris\u00eb"},"image":{"@id":"https:\/\/orthodoxalbania.org\/2020\/#\/schema\/logo\/image\/"},"sameAs":["https:\/\/www.facebook.com\/koash1991"]},{"@type":"Person","@id":"https:\/\/orthodoxalbania.org\/2020\/#\/schema\/person\/0c387634a7063ac612d7ed9ce71c7e86","name":"Kisha Orthodhokse","image":{"@type":"ImageObject","inLanguage":"en-US","@id":"https:\/\/secure.gravatar.com\/avatar\/596e7c417251e30f2fbb9c00e026fce61a695a00e51c889caded71c96cbbdde5?s=96&d=mm&r=g","url":"https:\/\/secure.gravatar.com\/avatar\/596e7c417251e30f2fbb9c00e026fce61a695a00e51c889caded71c96cbbdde5?s=96&d=mm&r=g","contentUrl":"https:\/\/secure.gravatar.com\/avatar\/596e7c417251e30f2fbb9c00e026fce61a695a00e51c889caded71c96cbbdde5?s=96&d=mm&r=g","caption":"Kisha Orthodhokse"}}]}},"_links":{"self":[{"href":"https:\/\/orthodoxalbania.org\/2020\/wp-json\/wp\/v2\/posts\/986","targetHints":{"allow":["GET"]}}],"collection":[{"href":"https:\/\/orthodoxalbania.org\/2020\/wp-json\/wp\/v2\/posts"}],"about":[{"href":"https:\/\/orthodoxalbania.org\/2020\/wp-json\/wp\/v2\/types\/post"}],"author":[{"embeddable":true,"href":"https:\/\/orthodoxalbania.org\/2020\/wp-json\/wp\/v2\/users\/1"}],"replies":[{"embeddable":true,"href":"https:\/\/orthodoxalbania.org\/2020\/wp-json\/wp\/v2\/comments?post=986"}],"version-history":[{"count":1,"href":"https:\/\/orthodoxalbania.org\/2020\/wp-json\/wp\/v2\/posts\/986\/revisions"}],"predecessor-version":[{"id":15463,"href":"https:\/\/orthodoxalbania.org\/2020\/wp-json\/wp\/v2\/posts\/986\/revisions\/15463"}],"wp:attachment":[{"href":"https:\/\/orthodoxalbania.org\/2020\/wp-json\/wp\/v2\/media?parent=986"}],"wp:term":[{"taxonomy":"category","embeddable":true,"href":"https:\/\/orthodoxalbania.org\/2020\/wp-json\/wp\/v2\/categories?post=986"},{"taxonomy":"post_tag","embeddable":true,"href":"https:\/\/orthodoxalbania.org\/2020\/wp-json\/wp\/v2\/tags?post=986"}],"curies":[{"name":"wp","href":"https:\/\/api.w.org\/{rel}","templated":true}]}}