{"id":979,"date":"2008-02-26T00:00:00","date_gmt":"2008-02-26T00:00:00","guid":{"rendered":""},"modified":"2020-04-06T22:35:15","modified_gmt":"2020-04-06T20:35:15","slug":"nenshkruhet-marreveshja-e-bashkepunimit-mes-qeverise-shqiptare-dhe-komuniteteve-fetare-2008","status":"publish","type":"post","link":"https:\/\/orthodoxalbania.org\/2020\/2008\/02\/26\/nenshkruhet-marreveshja-e-bashkepunimit-mes-qeverise-shqiptare-dhe-komuniteteve-fetare-2008\/","title":{"rendered":"N\u00ebnshkruhet marr\u00ebveshja e bashk\u00ebpunimit mes qeveris\u00eb shqiptare dhe komuniteteve fetare. (2008)"},"content":{"rendered":"<div>&nbsp;<\/div>\n<div><img decoding=\"async\" class=\"lazyload HAa Eha\" style=\"border-width: 1px; border-style: solid; margin: 10px auto; height: 225px; width: 300px; display: block;\" alt=\"\" src=\"data:image\/gif;base64,R0lGODlhAQABAAAAACH5BAEKAAEALAAAAAABAAEAAAICTAEAOw==\" data-orig-src=\"https:\/\/lh6.googleusercontent.com\/-DG_0w6YqW1U\/VJKLh3lLomI\/AAAAAAAAIXY\/mONFE4Z_qTI\/w448-h336-no\/1%2Bne%2Bball%2Bmbi%2Btekst%2B.JPG\" \/><\/div>\n<div><img decoding=\"async\" class=\"lazyload HAa Eha\" style=\"border-width: 1px; border-style: solid; margin: 10px auto; height: 186px; width: 300px; display: block;\" alt=\"\" src=\"data:image\/gif;base64,R0lGODlhAQABAAAAACH5BAEKAAEALAAAAAABAAEAAAICTAEAOw==\" data-orig-src=\"https:\/\/lh4.googleusercontent.com\/-yp2K6Ji6Nbc\/VJKLiIUbvvI\/AAAAAAAAIXk\/1p_QTQoeORk\/w448-h278-no\/2%2Bne%2Bball%2Bmbi%2Btekst%2B.JPG\" \/><img decoding=\"async\" class=\"lazyload HAa Eha\" style=\"border-width: 1px; border-style: solid; margin: 10px auto; height: 225px; width: 300px; display: block;\" alt=\"\" src=\"data:image\/gif;base64,R0lGODlhAQABAAAAACH5BAEKAAEALAAAAAABAAEAAAICTAEAOw==\" data-orig-src=\"https:\/\/lh5.googleusercontent.com\/-ewJmYYqz3MY\/VJKLi19mn8I\/AAAAAAAAIX4\/Y_I016xkxnc\/w448-h336-no\/3%2Bne%2Bball%2Bmbi%2Btekst%2B.JPG\" \/><\/div>\n<div style=\"text-align: center;\">&nbsp;<\/div>\n<div style=\"text-align: center;\"><span style=\"color: #b22222;\"><strong><span style=\"font-family: tahoma,geneva,sans-serif;\"><span style=\"font-size: 12px;\"><em><span class=\"style20\">N\u00eb ceremonin\u00eb e n\u00ebnshkrimit t\u00eb marr\u00ebveshjes, <\/span><\/em><\/span><\/span><\/strong><\/span><\/div>\n<div style=\"text-align: center;\"><span style=\"color: #b22222;\"><strong><span style=\"font-family: tahoma,geneva,sans-serif;\"><span style=\"font-size: 12px;\"><span class=\"style20\"><em>firm\u00ebn p\u00ebr Kish\u00ebn Orthodhokse Autoqefale t\u00eb Shqip\u00ebris\u00eb e vuri Kryepiskopi Anastas<\/em> <\/span><\/span><\/span><\/strong><\/span><\/div>\n<div style=\"text-align: justify;\"><span style=\"color: #b22222;\"><span style=\"font-family: tahoma,geneva,sans-serif;\"><span style=\"font-size: 12px;\"><strong>&nbsp;&nbsp;&nbsp;&nbsp;&nbsp;<\/strong><\/span><\/span><\/span><br \/> <span style=\"color: #000000;\"><span style=\"font-family: tahoma,geneva,sans-serif;\"><span style=\"font-size: 12px;\"> &nbsp; &nbsp; Qeveria shqiptare ka firmosur nj\u00eb marr\u00ebveshje historike me komunitetet fetare tradicionale n\u00eb vend me Komunitetin Musliman, Kish\u00ebn Orthodhokse Autoqefale t\u00eb Shqip\u00ebris\u00eb dhe Komunitetin Musliman Bektashi. Kujtojm\u00eb se marr\u00ebveshja mes Qeveris\u00eb Shqiptare dhe Kish\u00ebs Romano Katolike \u00ebsht\u00eb firmosur m\u00eb par\u00eb, n\u00eb vitin 2002.<\/span><\/span><\/span><\/div>\n<div style=\"text-align: justify;\">&nbsp;<\/div>\n<div style=\"text-align: justify;\"><span style=\"color: #000000;\"><span style=\"font-family: tahoma,geneva,sans-serif;\"><span style=\"font-size: 12px;\"><img decoding=\"async\" class=\"lazyload HAa Eha\" style=\"border-width: 1px; border-style: solid; margin: 10px; float: left;\" alt=\"\" src=\"data:image\/svg+xml,%3Csvg%20xmlns%3D%27http%3A%2F%2Fwww.w3.org%2F2000%2Fsvg%27%20width%3D%27263%27%20height%3D%27188%27%20viewBox%3D%270%200%20263%20188%27%3E%3Crect%20width%3D%27263%27%20height%3D%27188%27%20fill-opacity%3D%220%22%2F%3E%3C%2Fsvg%3E\" data-orig-src=\"https:\/\/lh4.googleusercontent.com\/-9d52n3HQSaE\/VJKLh8_2c5I\/AAAAAAAAIYE\/tUunVXPN3TQ\/w448-h320-no\/1.JPG\" height=\"188\" width=\"263\" \/>&nbsp;&nbsp;&nbsp; N\u00eb baz\u00eb t\u00eb k\u00ebsaj marr\u00ebveshjeje, shteti respekton pavar\u00ebsin\u00eb e komuniteteve fetare p\u00ebr t\u2019u organizuar dhe p\u00ebr t\u00eb ushtruar veprimtarin\u00eb e tyre, si dhe p\u00ebr t\u00eb administruar pasurin\u00eb q\u00eb zot\u00ebron n\u00eb baz\u00eb t\u00eb parimeve, rregullave, traditave dhe statutit t\u00eb tyre. Qeveria angazhohet t\u2019i p\u00ebrjashtoj\u00eb ato nga taksat, nd\u00ebrsa merr p\u00ebrsip\u00ebr t\u00eb p\u00ebrshpejtoj\u00eb pun\u00ebn p\u00ebr rikthimin dhe kompensimin e pronave p\u00ebr k\u00ebto komunitete.<br \/> <\/span><\/span><\/span><\/div>\n<div style=\"text-align: justify;\">&nbsp;<\/div>\n<div style=\"text-align: justify;\"><span style=\"color: #000000;\"><span style=\"font-family: tahoma,geneva,sans-serif;\"><span style=\"font-size: 12px;\">&nbsp;&nbsp;&nbsp; P\u00ebr n\u00ebnshkrimin e k\u00ebsaj marr\u00ebveshje, n\u00eb dat\u00eb 24 Tetor, n\u00eb hotel \u201cTirana Internacional\u201d n\u00eb Kryeqytet, u zhvillua nj\u00eb ceremoni e posa\u00e7me nga Ministria e Kultur\u00ebs, me pjes\u00ebmarrjen e Kryeministrit z. Sali Berisha, Kryepiskopit t\u00eb Kish\u00ebs Orthodhokse Autoqefale t\u00eb Shqip\u00ebris\u00eb, Fortlumturis\u00eb s\u00eb Tij Anastasit, Kryetarit t\u00eb Komunitetit Musliman, z. Haxhi Selim Mu\u00e7a, Kryegjyshit t\u00eb Kryegjyshat\u00ebs Bot\u00ebrore t\u00eb Bektashinjve, Haxhi Dede Reshat Bardhi dhe Arqipeshkvi i Tiran\u00ebs dhe Durr\u00ebsit, Imzot Rrok Mirdita. N\u00eb ceremoni ishin t\u00eb ftuar edhe personalitete t\u00eb tjera t\u00eb politik\u00ebs, t\u00eb kultur\u00ebs, t\u00eb komuniteteve fetare, t\u00eb p\u00ebrfaq\u00ebsive diplomatike n\u00eb vend si dhe p\u00ebrfaq\u00ebsues t\u00eb medias.<br \/> <\/span><\/span><\/span><\/div>\n<div style=\"text-align: justify;\">&nbsp;<\/div>\n<div style=\"text-align: justify;\"><span style=\"color: #000000;\"><span style=\"font-family: tahoma,geneva,sans-serif;\"><span style=\"font-size: 12px;\"><img decoding=\"async\" class=\"lazyload HAa Eha\" style=\"border-width: 1px; border-style: solid; margin: 10px; float: right;\" alt=\"\" src=\"data:image\/gif;base64,R0lGODlhAQABAAAAACH5BAEKAAEALAAAAAABAAEAAAICTAEAOw==\" data-orig-src=\"https:\/\/lh6.googleusercontent.com\/-iWewNcVnv90\/VJKLioY0umI\/AAAAAAAAIYI\/2IiEMxJXzzA\/w448-h336-no\/2.JPG\" \/>&nbsp; Nga komuniteti i krishter\u00eb orthodhoks merrnin pjes\u00eb bashk\u00eb me KryepiskopinAnastas edhe Mitropoliti i Beratit, Hir\u00ebsi Ignati, Mitropoliti i Gjirokastr\u00ebs, Hir\u00ebsi Dhimitri, Episkopi i Apollonis\u00eb, Hir\u00ebsi Nikolla, Episkopi i Kruj\u00ebs, Hir\u00ebsi Andoni, klerik\u00eb dhe besimtar\u00eb.<br \/> &nbsp;&nbsp;&nbsp;&nbsp;&nbsp;&nbsp;&nbsp;&nbsp;&nbsp;&nbsp;&nbsp;&nbsp;&nbsp;&nbsp;&nbsp;&nbsp;&nbsp;&nbsp;&nbsp;&nbsp;&nbsp;&nbsp;&nbsp;&nbsp;&nbsp;&nbsp;&nbsp;&nbsp;&nbsp;&nbsp;&nbsp;&nbsp;&nbsp;&nbsp;&nbsp;&nbsp;&nbsp;&nbsp;&nbsp;&nbsp;&nbsp;&nbsp;&nbsp;&nbsp;&nbsp;&nbsp;&nbsp;&nbsp;&nbsp;&nbsp;&nbsp;&nbsp;&nbsp;&nbsp;&nbsp;&nbsp;&nbsp;&nbsp;&nbsp;&nbsp;&nbsp;&nbsp;&nbsp;&nbsp;&nbsp;&nbsp;&nbsp;&nbsp;&nbsp;&nbsp;&nbsp;&nbsp;&nbsp;&nbsp;&nbsp;&nbsp;&nbsp;&nbsp;&nbsp;&nbsp;&nbsp;&nbsp;&nbsp;&nbsp;&nbsp;&nbsp;&nbsp;&nbsp;&nbsp;&nbsp;&nbsp;&nbsp;&nbsp;&nbsp;&nbsp;&nbsp;&nbsp;&nbsp;&nbsp;&nbsp;&nbsp;&nbsp;&nbsp;<br \/> &nbsp;&nbsp;&nbsp;&nbsp;&nbsp;&nbsp;&nbsp;&nbsp;&nbsp;&nbsp;&nbsp;&nbsp;&nbsp;&nbsp;&nbsp;&nbsp;&nbsp;&nbsp;&nbsp;&nbsp;&nbsp;&nbsp;&nbsp;&nbsp;&nbsp;&nbsp;&nbsp;&nbsp;&nbsp;&nbsp;&nbsp;&nbsp;&nbsp;&nbsp;&nbsp;&nbsp;&nbsp;&nbsp;&nbsp;&nbsp;&nbsp;&nbsp;&nbsp;&nbsp;&nbsp;&nbsp;&nbsp;&nbsp;&nbsp;&nbsp;&nbsp;&nbsp;&nbsp;&nbsp;&nbsp;<\/span><\/span><\/span><span style=\"font-family: tahoma,geneva,sans-serif;\"><span style=\"font-size: 12px;\"><strong><span class=\"style22\">&nbsp;&nbsp;&nbsp;<span style=\"color: #b22222;\"><span class=\"style21\">&nbsp;&nbsp;<\/span><\/span><\/span><\/strong><\/span><\/span><\/div>\n<div style=\"text-align: center;\"><span style=\"font-family: tahoma,geneva,sans-serif;\"><span style=\"font-size: 12px;\"><strong><span class=\"style22\"><span style=\"color: #b22222;\"><span class=\"style21\">*&nbsp;&nbsp;&nbsp; *&nbsp;&nbsp;&nbsp; *<\/span><\/span><\/span><\/strong><\/span><\/span><\/div>\n<div style=\"text-align: justify;\"> <span style=\"color: #000000;\"><span style=\"font-family: tahoma,geneva,sans-serif;\"><span style=\"font-size: 12px;\">&nbsp; &nbsp; Fortlumturia e tij,Imzot Anastasi, n\u00eb fjal\u00ebn e tij tha: \u201c<em>Kushtetuta e vitit 1998 e Republik\u00ebs s\u00eb Shqip\u00ebris\u00eb \u00ebsht\u00eb nj\u00eb nga m\u00eb t\u00eb mirat e Ballkanit, ve\u00e7an\u00ebrisht p\u00ebr sa i takon liris\u00eb fetare. N\u00eb nenin 10 t\u00eb saj, parashikohet nj\u00eb marr\u00ebveshje zyrtare midis Qeveris\u00eb dhe Komuniteteve Fetare Tradicionale, meqen\u00ebse ato p\u00ebrb\u00ebjn\u00eb thesarin kulturor dhe shpirt\u00ebror t\u00eb vendit. Megjith\u00ebse shteti \u00ebsht\u00eb laik, ai e njeh faktin se komunitetet fetare kan\u00eb nj\u00eb rol t\u00eb r\u00ebnd\u00ebsish\u00ebm n\u00eb shoq\u00ebri dhe japin kontributin e tyre, jo vet\u00ebm n\u00eb bashkekzistenc\u00ebn paq\u00ebsore fetare, por edhe n\u00eb nj\u00eb atmosfer\u00eb t\u00eb p\u00ebrgjithshme tolerance, mir\u00ebkuptimi, drejt\u00ebsie dhe paqeje. <img decoding=\"async\" class=\"lazyload HAa Eha\" style=\"border-width: 1px; border-style: solid; margin: 10px; float: left;\" alt=\"\" src=\"data:image\/svg+xml,%3Csvg%20xmlns%3D%27http%3A%2F%2Fwww.w3.org%2F2000%2Fsvg%27%20width%3D%27244%27%20height%3D%27176%27%20viewBox%3D%270%200%20244%20176%27%3E%3Crect%20width%3D%27244%27%20height%3D%27176%27%20fill-opacity%3D%220%22%2F%3E%3C%2Fsvg%3E\" data-orig-src=\"https:\/\/lh6.googleusercontent.com\/-uyzhYaDOvtA\/VJKLi7DAx0I\/AAAAAAAAIXo\/X-HB9Itov0Y\/w448-h322-no\/3.JPG\" height=\"176\" width=\"244\" \/>Prandaj ne p\u00ebrsh\u00ebndesim me k\u00ebnaq\u00ebsi dhe g\u00ebzim n\u00ebnshkrimin historik t\u00eb sot\u00ebm t\u00eb Marr\u00ebveshjes mbi \u201cRregullimin e lidhjeve t\u00eb nd\u00ebrsjella\u201d midis Qeveris\u00eb Shqiptare dhe Komuniteteve Fetare Tradicionale dhe do t\u00eb donim t\u00eb shprehnim n\u00eb em\u00ebr t\u00eb Kish\u00ebs Orthodhokse Autoqefale t\u00eb Shqip\u00ebris\u00eb, mir\u00ebnjohjen ton\u00eb p\u00ebr t\u00eb gjith\u00eb ata q\u00eb kan\u00eb kontribuar n\u00eb k\u00ebt\u00eb ngjarje t\u00eb sh\u00ebnuar. Para s\u00eb gjithash, p\u00ebr Shk\u00eblqesin\u00eb e Tij, Kryeministrin prof. Sali Berisha, p\u00ebr Kryetarin e Komitetit Shtet\u00ebror t\u00eb Feve, av. Rasim Hasanaj dhe p\u00ebr t\u00eb gjith\u00eb ata q\u00eb kan\u00eb punuar p\u00ebr finalizimin e k\u00ebsaj marr\u00ebveshjeje. Pas k\u00ebsaj ngjarjeje historike t\u00eb sh\u00ebnuar, komunitetet fetare, duke punuar n\u00eb harmoni nj\u00ebra me tjetr\u00ebn, do t\u00eb ken\u00eb m\u00eb tep\u00ebr mund\u00ebsi p\u00ebr aktivitetet dhe iniciativat e tyre, me q\u00ebllim lart\u00ebsimin e njer\u00ebzve nga ana shpirt\u00ebrore, n\u00eb m\u00ebnyr\u00eb t\u00eb ve\u00e7ant\u00eb t\u00eb t\u00eb rinjve, p\u00ebr t\u00eb b\u00ebr\u00eb nj\u00eb jet\u00eb ndershm\u00ebrie, krijimtarie dhe solidariteti. Duke u shprehur n\u00eb gjuh\u00ebn e fes\u00eb, p\u00ebr nj\u00eb jet\u00eb besimi te Per\u00ebndia, dashurie p\u00ebr t\u00eb af\u00ebrmin dhe shprese p\u00ebr t\u00eb ardhmen, duke dh\u00ebn\u00eb n\u00eb k\u00ebt\u00eb m\u00ebnyr\u00eb nj\u00eb kontribut vendimtar p\u00ebr zhvillimin e Shqip\u00ebris\u00eb, p\u00ebr progresin e p\u00ebrgjithsh\u00ebm shpirt\u00ebror dhe kulturor t\u00eb shoq\u00ebris\u00eb shqiptare<\/em>\u201d.<\/span><\/span><\/span><\/div>\n<div style=\"text-align: justify;\">&nbsp;<\/div>\n<div style=\"text-align: justify;\"><span style=\"color: #000000;\"><span style=\"font-family: tahoma,geneva,sans-serif;\"><span style=\"font-size: 12px;\">&nbsp;&nbsp;&nbsp; Kryetari i Komunitetit Musliman t\u00eb Shqip\u00ebris\u00eb, z. Haxhi Selim Mu\u00e7a tha: \u201c<em>Ky \u00ebsht\u00eb nj\u00eb eveniment i r\u00ebnd\u00ebsish\u00ebm dhe i shum\u00ebpritur n\u00eb fush\u00ebn e zhvillimit fetar n\u00eb vendin ton\u00eb. Kjo marr\u00ebveshje \u00ebsht\u00eb hartuar mbi baz\u00ebn e parimeve kushtetuese q\u00eb garantojn\u00eb lirin\u00eb e shfaqjes dhe t\u00eb ushtrimit t\u00eb fes\u00eb dhe t\u00eb bindjeve fetare. Ajo rregullon \u00e7\u00ebshtje t\u00eb njohjes si dhe marr\u00ebdh\u00ebnieve t\u00eb bashk\u00ebpunimit midis shtetit dhe komuniteteve fetare n\u00eb t\u00eb mir\u00eb t\u00eb shoq\u00ebris\u00eb shqiptare&#8230;<\/em> \u201d<\/span><\/span><\/span><\/div>\n<div style=\"text-align: justify;\">&nbsp;<\/div>\n<div style=\"text-align: justify;\"><span style=\"color: #000000;\"><span style=\"font-family: tahoma,geneva,sans-serif;\"><span style=\"font-size: 12px;\">&nbsp;<img decoding=\"async\" class=\"lazyload HAa Eha\" style=\"border-width: 1px; border-style: solid; margin: 10px; float: right;\" alt=\"\" src=\"data:image\/svg+xml,%3Csvg%20xmlns%3D%27http%3A%2F%2Fwww.w3.org%2F2000%2Fsvg%27%20width%3D%27260%27%20height%3D%27195%27%20viewBox%3D%270%200%20260%20195%27%3E%3Crect%20width%3D%27260%27%20height%3D%27195%27%20fill-opacity%3D%220%22%2F%3E%3C%2Fsvg%3E\" data-orig-src=\"https:\/\/lh3.googleusercontent.com\/-iEALnoBjE30\/VJKLjZUe0YI\/AAAAAAAAIX8\/VvaYsFvPzqA\/w448-h336-no\/4.JPG\" height=\"195\" width=\"260\" \/>&nbsp;&nbsp; Nd\u00ebrsa Kryegjyshi bot\u00ebror i bektashinjve Haxhi Dede Reshat Bardhi, n\u00eb fjal\u00ebn e tij tha: \u201c<em>Jam i lumtur, sepse 41 vjet m\u00eb par\u00eb kur shteti i diktatur\u00ebs s\u00eb urryer u v\u00ebrsul me kazma, lopata p\u00ebr t\u00eb prishur teqet\u00eb, xhamit\u00eb, kishat, \u00ebsht\u00eb e v\u00ebshtir\u00eb t\u00eb sjellin nd\u00ebr mend nj\u00eb dit\u00eb t\u00eb till\u00eb historike. Emocionet vijn\u00eb vetvetiu kur sheh mir\u00ebkuptimin, kujdesin dhe ndihm\u00ebn e pakursyer t\u00eb shtetit p\u00ebr besimtar\u00ebt e vet. Kjo marr\u00ebveshje \u00ebsht\u00eb nj\u00eb akt historik dhe ve\u00e7 t\u00eb tjerave do t\u00eb ruaj\u00eb t\u00eb kulluar besimin sipas deviz\u00ebs \u201cpa atdhe, nuk ka fe&#8230;<\/em>\u201d.<\/span><\/span><\/span><\/div>\n<div style=\"text-align: justify;\">&nbsp;<\/div>\n<div style=\"text-align: justify;\"><span style=\"color: #000000;\"><span style=\"font-family: tahoma,geneva,sans-serif;\"><span style=\"font-size: 12px;\">&nbsp;&nbsp;&nbsp; Arqipeshkvi i Tiran\u00ebs dhe Durr\u00ebsit, Imzot Rrok Mirdita theksoi n\u00eb fjal\u00ebn p\u00ebrsh\u00ebndet\u00ebse: \u201c<em>Uroj q\u00eb kjo marr\u00ebveshje t\u00eb mos jet\u00eb nj\u00eb akt simbolik, por nj\u00eb shprehje e qart\u00eb e vullnetit t\u00eb p\u00ebrbashk\u00ebt t\u00eb komuniteteve fetare dhe shtetit shqiptar, jo vet\u00ebm p\u00ebr \u00e7\u00ebshtjet e natyr\u00ebs ekonomike e tatimore, por p\u00ebr gjith\u00e7ka \u00e7far\u00eb \u00ebsht\u00eb e nevojshme p\u00ebr ecurin\u00eb normale t\u00eb veprimtaris\u00eb s\u00eb tyre. Uroj q\u00eb shembulli i vullnetit t\u00eb mir\u00eb p\u00ebr t\u00eb gjetur pik\u00ebtakimin dhe mir\u00ebkuptimin nga ana e komuniteteve fetare dhe qeveris\u00eb shqiptare t\u00eb gjej\u00eb shtrirje edhe n\u00eb sferat e tjera shoq\u00ebrore n\u00eb vendin ton\u00eb<\/em>\u201d.<\/p>\n<p> &nbsp;&nbsp;&nbsp;&nbsp;&nbsp;&nbsp;&nbsp;&nbsp;&nbsp;&nbsp;&nbsp;&nbsp;&nbsp;&nbsp;&nbsp;&nbsp;&nbsp;&nbsp;&nbsp;&nbsp;&nbsp;&nbsp;&nbsp;&nbsp;&nbsp;&nbsp;&nbsp;&nbsp;&nbsp;&nbsp;&nbsp;&nbsp;&nbsp;&nbsp;&nbsp;&nbsp;&nbsp;&nbsp;&nbsp;&nbsp;&nbsp;&nbsp;&nbsp;&nbsp;&nbsp;&nbsp;&nbsp;&nbsp;&nbsp;&nbsp;&nbsp;&nbsp;&nbsp;&nbsp;&nbsp;&nbsp;&nbsp;&nbsp;&nbsp;&nbsp;&nbsp;&nbsp;&nbsp;&nbsp;&nbsp;&nbsp;&nbsp;&nbsp;&nbsp;&nbsp;&nbsp;&nbsp;&nbsp;&nbsp;&nbsp;&nbsp;&nbsp;&nbsp;&nbsp;&nbsp;&nbsp;&nbsp;&nbsp;&nbsp;&nbsp;&nbsp;&nbsp;&nbsp;&nbsp;&nbsp;&nbsp;&nbsp;&nbsp;&nbsp;&nbsp;&nbsp;&nbsp;&nbsp;&nbsp;&nbsp;<\/span><\/span><\/span><strong><span style=\"color: #b22222;\"><span style=\"font-family: tahoma,geneva,sans-serif;\"><span style=\"font-size: 12px;\">&nbsp;&nbsp;&nbsp;&nbsp;<span class=\"style21\">&nbsp; <\/span><\/span><\/span><\/span><\/strong><\/div>\n<div style=\"text-align: center;\"><strong><span style=\"color: #b22222;\"><span style=\"font-family: tahoma,geneva,sans-serif;\"><span style=\"font-size: 12px;\"><span class=\"style21\"><span class=\"style22\">*&nbsp;&nbsp;&nbsp; *&nbsp;&nbsp;&nbsp; *<\/span><\/span><\/span><\/span><\/span><\/strong><\/div>\n<div style=\"text-align: justify;\"> <span style=\"color: #000000;\"><span style=\"font-family: tahoma,geneva,sans-serif;\"><span style=\"font-size: 12px;\">&nbsp;&nbsp;&nbsp; Marr\u00ebveshja parashikon hartimin e nj\u00eb ligji specifik p\u00ebr financimin e bashk\u00ebsive fetare nga shteti, duke u bazuar n\u00eb p\u00ebrvoj\u00ebn evropiane p\u00ebr mb\u00ebshtetjen eveprimtarive t\u00eb bashk\u00ebsive fetare.<\/span><\/span><\/span><\/div>\n<div style=\"text-align: justify;\"> <span style=\"color: #000000;\"><span style=\"font-family: tahoma,geneva,sans-serif;\"><span style=\"font-size: 12px;\"><img decoding=\"async\" class=\"lazyload HAa Eha\" style=\"border-width: 1px; border-style: solid; margin: 10px; float: left;\" alt=\"\" src=\"data:image\/svg+xml,%3Csvg%20xmlns%3D%27http%3A%2F%2Fwww.w3.org%2F2000%2Fsvg%27%20width%3D%27202%27%20height%3D%27151%27%20viewBox%3D%270%200%20202%20151%27%3E%3Crect%20width%3D%27202%27%20height%3D%27151%27%20fill-opacity%3D%220%22%2F%3E%3C%2Fsvg%3E\" data-orig-src=\"https:\/\/lh6.googleusercontent.com\/-OQ0p_a-SmfA\/VJKLji1I13I\/AAAAAAAAIX0\/Yp5jvhUCTJ0\/w448-h336-no\/5.JPG\" height=\"151\" width=\"202\" \/>&nbsp;&nbsp;&nbsp; Kryetari i Komitetit t\u00eb Kulteve, z. Rasim Hasanaj theksoi se n\u00eb projektligjin p\u00ebr fen\u00eb q\u00eb do t\u00eb p\u00ebrgatitet do t\u00eb gjejn\u00eb pasqyrim edhe problemet q\u00eb do t\u00eb ken\u00eb komunitetet dhe grupet e tjera fetare. \u201c<em>Kjo marr\u00ebveshje iu rikthen statusin komuniteteve fetare q\u00eb e kishin humbur n\u00eb vitin 1967. N\u00eb k\u00ebt\u00eb marr\u00ebveshje parashikohet nj\u00eb ligj specifik p\u00ebr ndihm\u00ebn financiare nga shteti ndaj komuniteteve fetare, duke u bazuar n\u00eb standardet evropiane. Objektet e kultit t\u00eb besimeve t\u00eb ndryshme do t\u00eb b\u00ebhen t\u00eb vizitueshme n\u00eb kuadrin e nj\u00eb strategjie t\u00eb zhvillimit t\u00eb turizmit fetar. Do doja t\u00eb fal\u00ebnderoja klerik\u00ebt, t\u00eb cil\u00ebt ruajn\u00eb traditat fetare t\u00eb vendit dhe harmonin\u00eb mes tyre, e njohur tashm\u00eb edhe n\u00eb bot\u00eb<\/em>\u201d \u2013 n\u00ebnvizoi z. Hasanaj.<\/span><\/span><\/span><\/div>\n<div style=\"text-align: justify;\">&nbsp;<\/div>\n<div style=\"text-align: justify;\"><span style=\"color: #000000;\"><span style=\"font-family: tahoma,geneva,sans-serif;\"><span style=\"font-size: 12px;\">&nbsp;&nbsp;&nbsp; Nd\u00ebrkoh\u00eb q\u00eb kreu i qeveris\u00eb z. Sali Berisha, e vler\u00ebsoi marr\u00ebveshjen nj\u00eb dokument historik dhe u zotua p\u00ebr zbatimin e saj dhe p\u00ebr hartimin e nj\u00eb ligji p\u00ebr financimin e tyre. \u201c<em>Marr\u00ebveshja q\u00eb ne sot firmosim me autoritetet m\u00eb t\u00eb larta fetare t\u00eb vendit sh\u00ebnon nj\u00eb kapitull t\u00eb ri n\u00eb marr\u00ebdh\u00ebniet midis shtetit shqiptar dhe besimeve fetare n\u00eb Shqip\u00ebri. Ndaj marr\u00ebveshja \u00ebsht\u00eb nj\u00eb dokument historik dhe dua t`ju garantoj ju udh\u00ebheq\u00ebsve m\u00eb t\u00eb lart\u00eb t\u00eb besimeve t\u00eb m\u00ebdha t\u00eb kombit se do t\u00eb b\u00ebj \u00e7do p\u00ebrpjekje p\u00ebr zbatimin e saj, p\u00ebr jet\u00ebsimin e saj n\u00eb interesin m\u00eb t\u00eb mir\u00eb t\u00eb vendit dhe kombit<\/em>\u201d, &#8211; tha kryeministri z. Berisha.<\/span><\/span><\/span><\/div>\n<div style=\"text-align: justify;\"> <span style=\"color: #000000;\"><span style=\"font-family: tahoma,geneva,sans-serif;\"><span style=\"font-size: 12px;\">&nbsp;&nbsp;&nbsp; Gjithashtu ai u k\u00ebrkoi ndjes\u00eb publike t\u00eb gjitha p\u00ebrfaq\u00ebsive t\u00eb komuniteteve fetare n\u00eb vend dhe t\u00eb gjith\u00eb besimtar\u00ebve, q\u00eb p\u00ebr dekada me radh\u00eb u privuan nga e drejta e besimit. \u201c<em>Nuk mund t\u00eb mos theksoj se kjo marr\u00ebveshje n\u00eb vetvete mbart detyrimin madhor t\u00eb k\u00ebtij shteti p\u00ebr t\u2019u paraqitur nj\u00eb ndjes\u00eb t\u00eb thell\u00eb, nj\u00eb falje t\u00eb gjith\u00eb atyre klerik\u00ebve shqiptar\u00eb, besimtar\u00ebve shqiptar\u00eb q\u00eb p\u00ebr besimin tek Zoti, tek e v\u00ebrteta u flijuan, u sakrifikuan, por q\u00ebndruan t\u00eb pamposhtur, pasuruan altarin e martir\u00ebve t\u00eb k\u00ebtij kombi, me vlera q\u00eb ndrisin dhe do ndrisin p\u00ebrjet\u00eb<\/em>\u201d &#8211; theksoi Berisha.<\/span><\/span><\/span><\/div>\n<div style=\"text-align: justify;\"> <span style=\"color: #000000;\"><span style=\"font-family: tahoma,geneva,sans-serif;\"><span style=\"font-size: 12px;\">&nbsp;&nbsp;&nbsp; P\u00ebrfaq\u00ebsuesit e komuniteteve fetare shpreh\u00ebn fal\u00ebnderimet e tyre ndaj qeveris\u00eb p\u00ebr ndihm\u00ebn q\u00eb u ka dh\u00ebn\u00eb atyre gjat\u00eb gjith\u00eb k\u00ebsaj kohe.<\/span><\/span><\/span><\/div>\n<div style=\"text-align: justify;\">&nbsp;<\/div>\n<div style=\"text-align: justify;\"><span style=\"color: #000000;\"><span style=\"font-family: tahoma,geneva,sans-serif;\"><span style=\"font-size: 12px;\"><strong>Isidor Koti<\/strong><\/span><\/span><\/span><\/div>\n","protected":false},"excerpt":{"rendered":"<p>&nbsp; &nbsp; N\u00eb ceremonin\u00eb e n\u00ebnshkrimit t\u00eb marr\u00ebveshjes, firm\u00ebn p\u00ebr Kish\u00ebn Orthodhokse Autoqefale t\u00eb Shqip\u00ebris\u00eb e vuri Kryepiskopi Anastas &nbsp;&nbsp;&nbsp;&nbsp;&nbsp; &nbsp; &nbsp; Qeveria shqiptare ka firmosur nj\u00eb marr\u00ebveshje historike me komunitetet fetare tradicionale n\u00eb vend me Komunitetin Musliman, Kish\u00ebn Orthodhokse Autoqefale t\u00eb Shqip\u00ebris\u00eb dhe Komunitetin Musliman Bektashi. Kujtojm\u00eb se marr\u00ebveshja mes Qeveris\u00eb Shqiptare dhe Kish\u00ebs Romano Katolike \u00ebsht\u00eb firmosur m\u00eb par\u00eb, n\u00eb vitin 2002. &nbsp;<\/p>\n","protected":false},"author":1,"featured_media":0,"comment_status":"open","ping_status":"open","sticky":false,"template":"","format":"standard","meta":{"_acf_changed":false,"pagelayer_contact_templates":[],"_pagelayer_content":"","inline_featured_image":false,"fifu_image_url":"","fifu_image_alt":"","footnotes":""},"categories":[108],"tags":[146,153,196,201,212],"class_list":["post-979","post","type-post","status-publish","format-standard","hentry","category-lajme","tag-146","tag-deklarata-njoftime-zyrtare-d75","tag-tirane","tag-kryepiskopi-anastas","tag-lajme-d27"],"acf":[],"yoast_head":"<!-- This site is optimized with the Yoast SEO plugin v27.2 - https:\/\/yoast.com\/product\/yoast-seo-wordpress\/ -->\n<title>N\u00ebnshkruhet marr\u00ebveshja e bashk\u00ebpunimit mes qeveris\u00eb shqiptare dhe komuniteteve fetare. (2008) - Kisha Orthodh\u03bfkse Autoqefale e Shqip\u00ebris\u00eb<\/title>\n<meta name=\"robots\" content=\"index, follow, max-snippet:-1, max-image-preview:large, max-video-preview:-1\" \/>\n<link rel=\"canonical\" href=\"https:\/\/orthodoxalbania.org\/2020\/2008\/02\/26\/nenshkruhet-marreveshja-e-bashkepunimit-mes-qeverise-shqiptare-dhe-komuniteteve-fetare-2008\/\" \/>\n<meta property=\"og:locale\" content=\"en_US\" \/>\n<meta property=\"og:type\" content=\"article\" \/>\n<meta property=\"og:title\" content=\"N\u00ebnshkruhet marr\u00ebveshja e bashk\u00ebpunimit mes qeveris\u00eb shqiptare dhe komuniteteve fetare. (2008) - Kisha Orthodh\u03bfkse Autoqefale e Shqip\u00ebris\u00eb\" \/>\n<meta property=\"og:description\" content=\"&nbsp; &nbsp; N\u00eb ceremonin\u00eb e n\u00ebnshkrimit t\u00eb marr\u00ebveshjes, firm\u00ebn p\u00ebr Kish\u00ebn Orthodhokse Autoqefale t\u00eb Shqip\u00ebris\u00eb e vuri Kryepiskopi Anastas &nbsp;&nbsp;&nbsp;&nbsp;&nbsp; &nbsp; &nbsp; Qeveria shqiptare ka firmosur nj\u00eb marr\u00ebveshje historike me komunitetet fetare tradicionale n\u00eb vend me Komunitetin Musliman, Kish\u00ebn Orthodhokse Autoqefale t\u00eb Shqip\u00ebris\u00eb dhe Komunitetin Musliman Bektashi. Kujtojm\u00eb se marr\u00ebveshja mes Qeveris\u00eb Shqiptare dhe Kish\u00ebs Romano Katolike \u00ebsht\u00eb firmosur m\u00eb par\u00eb, n\u00eb vitin 2002. &nbsp;\" \/>\n<meta property=\"og:url\" content=\"https:\/\/orthodoxalbania.org\/2020\/2008\/02\/26\/nenshkruhet-marreveshja-e-bashkepunimit-mes-qeverise-shqiptare-dhe-komuniteteve-fetare-2008\/\" \/>\n<meta property=\"og:site_name\" content=\"Kisha Orthodh\u03bfkse Autoqefale e Shqip\u00ebris\u00eb\" \/>\n<meta property=\"article:publisher\" content=\"https:\/\/www.facebook.com\/koash1991\" \/>\n<meta property=\"article:published_time\" content=\"2008-02-26T00:00:00+00:00\" \/>\n<meta property=\"article:modified_time\" content=\"2020-04-06T20:35:15+00:00\" \/>\n<meta property=\"og:image\" content=\"https:\/\/lh6.googleusercontent.com\/-DG_0w6YqW1U\/VJKLh3lLomI\/AAAAAAAAIXY\/mONFE4Z_qTI\/w448-h336-no\/1%2Bne%2Bball%2Bmbi%2Btekst%2B.JPG\" \/>\n<meta name=\"author\" content=\"Kisha Orthodhokse\" \/>\n<meta name=\"twitter:card\" content=\"summary_large_image\" \/>\n<meta name=\"twitter:label1\" content=\"Written by\" \/>\n\t<meta name=\"twitter:data1\" content=\"Kisha Orthodhokse\" \/>\n\t<meta name=\"twitter:label2\" content=\"Est. reading time\" \/>\n\t<meta name=\"twitter:data2\" content=\"9 minutes\" \/>\n<script type=\"application\/ld+json\" class=\"yoast-schema-graph\">{\"@context\":\"https:\/\/schema.org\",\"@graph\":[{\"@type\":\"Article\",\"@id\":\"https:\/\/orthodoxalbania.org\/2020\/2008\/02\/26\/nenshkruhet-marreveshja-e-bashkepunimit-mes-qeverise-shqiptare-dhe-komuniteteve-fetare-2008\/#article\",\"isPartOf\":{\"@id\":\"https:\/\/orthodoxalbania.org\/2020\/2008\/02\/26\/nenshkruhet-marreveshja-e-bashkepunimit-mes-qeverise-shqiptare-dhe-komuniteteve-fetare-2008\/\"},\"author\":{\"name\":\"Kisha Orthodhokse\",\"@id\":\"https:\/\/orthodoxalbania.org\/2020\/#\/schema\/person\/0c387634a7063ac612d7ed9ce71c7e86\"},\"headline\":\"N\u00ebnshkruhet marr\u00ebveshja e bashk\u00ebpunimit mes qeveris\u00eb shqiptare dhe komuniteteve fetare. (2008)\",\"datePublished\":\"2008-02-26T00:00:00+00:00\",\"dateModified\":\"2020-04-06T20:35:15+00:00\",\"mainEntityOfPage\":{\"@id\":\"https:\/\/orthodoxalbania.org\/2020\/2008\/02\/26\/nenshkruhet-marreveshja-e-bashkepunimit-mes-qeverise-shqiptare-dhe-komuniteteve-fetare-2008\/\"},\"wordCount\":1738,\"commentCount\":0,\"publisher\":{\"@id\":\"https:\/\/orthodoxalbania.org\/2020\/#organization\"},\"image\":{\"@id\":\"https:\/\/orthodoxalbania.org\/2020\/2008\/02\/26\/nenshkruhet-marreveshja-e-bashkepunimit-mes-qeverise-shqiptare-dhe-komuniteteve-fetare-2008\/#primaryimage\"},\"thumbnailUrl\":\"https:\/\/lh6.googleusercontent.com\/-DG_0w6YqW1U\/VJKLh3lLomI\/AAAAAAAAIXY\/mONFE4Z_qTI\/w448-h336-no\/1%2Bne%2Bball%2Bmbi%2Btekst%2B.JPG\",\"keywords\":[\"2008\",\"Deklarata - Njoftime Zyrtare\",\"Kryepiskopata Tiran\u00eb\",\"Kryepiskopi Anastas\",\"lajme\"],\"articleSection\":[\"Lajme\"],\"inLanguage\":\"en-US\"},{\"@type\":\"WebPage\",\"@id\":\"https:\/\/orthodoxalbania.org\/2020\/2008\/02\/26\/nenshkruhet-marreveshja-e-bashkepunimit-mes-qeverise-shqiptare-dhe-komuniteteve-fetare-2008\/\",\"url\":\"https:\/\/orthodoxalbania.org\/2020\/2008\/02\/26\/nenshkruhet-marreveshja-e-bashkepunimit-mes-qeverise-shqiptare-dhe-komuniteteve-fetare-2008\/\",\"name\":\"N\u00ebnshkruhet marr\u00ebveshja e bashk\u00ebpunimit mes qeveris\u00eb shqiptare dhe komuniteteve fetare. (2008) - Kisha Orthodh\u03bfkse Autoqefale e Shqip\u00ebris\u00eb\",\"isPartOf\":{\"@id\":\"https:\/\/orthodoxalbania.org\/2020\/#website\"},\"primaryImageOfPage\":{\"@id\":\"https:\/\/orthodoxalbania.org\/2020\/2008\/02\/26\/nenshkruhet-marreveshja-e-bashkepunimit-mes-qeverise-shqiptare-dhe-komuniteteve-fetare-2008\/#primaryimage\"},\"image\":{\"@id\":\"https:\/\/orthodoxalbania.org\/2020\/2008\/02\/26\/nenshkruhet-marreveshja-e-bashkepunimit-mes-qeverise-shqiptare-dhe-komuniteteve-fetare-2008\/#primaryimage\"},\"thumbnailUrl\":\"https:\/\/lh6.googleusercontent.com\/-DG_0w6YqW1U\/VJKLh3lLomI\/AAAAAAAAIXY\/mONFE4Z_qTI\/w448-h336-no\/1%2Bne%2Bball%2Bmbi%2Btekst%2B.JPG\",\"datePublished\":\"2008-02-26T00:00:00+00:00\",\"dateModified\":\"2020-04-06T20:35:15+00:00\",\"breadcrumb\":{\"@id\":\"https:\/\/orthodoxalbania.org\/2020\/2008\/02\/26\/nenshkruhet-marreveshja-e-bashkepunimit-mes-qeverise-shqiptare-dhe-komuniteteve-fetare-2008\/#breadcrumb\"},\"inLanguage\":\"en-US\",\"potentialAction\":[{\"@type\":\"ReadAction\",\"target\":[\"https:\/\/orthodoxalbania.org\/2020\/2008\/02\/26\/nenshkruhet-marreveshja-e-bashkepunimit-mes-qeverise-shqiptare-dhe-komuniteteve-fetare-2008\/\"]}]},{\"@type\":\"ImageObject\",\"inLanguage\":\"en-US\",\"@id\":\"https:\/\/orthodoxalbania.org\/2020\/2008\/02\/26\/nenshkruhet-marreveshja-e-bashkepunimit-mes-qeverise-shqiptare-dhe-komuniteteve-fetare-2008\/#primaryimage\",\"url\":\"https:\/\/lh6.googleusercontent.com\/-DG_0w6YqW1U\/VJKLh3lLomI\/AAAAAAAAIXY\/mONFE4Z_qTI\/w448-h336-no\/1%2Bne%2Bball%2Bmbi%2Btekst%2B.JPG\",\"contentUrl\":\"https:\/\/lh6.googleusercontent.com\/-DG_0w6YqW1U\/VJKLh3lLomI\/AAAAAAAAIXY\/mONFE4Z_qTI\/w448-h336-no\/1%2Bne%2Bball%2Bmbi%2Btekst%2B.JPG\"},{\"@type\":\"BreadcrumbList\",\"@id\":\"https:\/\/orthodoxalbania.org\/2020\/2008\/02\/26\/nenshkruhet-marreveshja-e-bashkepunimit-mes-qeverise-shqiptare-dhe-komuniteteve-fetare-2008\/#breadcrumb\",\"itemListElement\":[{\"@type\":\"ListItem\",\"position\":1,\"name\":\"Home\",\"item\":\"https:\/\/orthodoxalbania.org\/2020\/\"},{\"@type\":\"ListItem\",\"position\":2,\"name\":\"N\u00ebnshkruhet marr\u00ebveshja e bashk\u00ebpunimit mes qeveris\u00eb shqiptare dhe komuniteteve fetare. (2008)\"}]},{\"@type\":\"WebSite\",\"@id\":\"https:\/\/orthodoxalbania.org\/2020\/#website\",\"url\":\"https:\/\/orthodoxalbania.org\/2020\/\",\"name\":\"Kisha Orthodh\u03bfkse Autoqefale e Shqip\u00ebris\u00eb\",\"description\":\"Fqja Zyrtare e Kish\u00ebs Orthodhokse Autoqefale e Shqip\u00ebris\u00eb me lajmet edhe informacionet zyrtare p\u00ebr struktur\u00ebn edhe veprimtarin e saj.\",\"publisher\":{\"@id\":\"https:\/\/orthodoxalbania.org\/2020\/#organization\"},\"potentialAction\":[{\"@type\":\"SearchAction\",\"target\":{\"@type\":\"EntryPoint\",\"urlTemplate\":\"https:\/\/orthodoxalbania.org\/2020\/?s={search_term_string}\"},\"query-input\":{\"@type\":\"PropertyValueSpecification\",\"valueRequired\":true,\"valueName\":\"search_term_string\"}}],\"inLanguage\":\"en-US\"},{\"@type\":\"Organization\",\"@id\":\"https:\/\/orthodoxalbania.org\/2020\/#organization\",\"name\":\"Kisha Orthodhokse Autoqefale e Shqip\u00ebris\u00eb\",\"url\":\"https:\/\/orthodoxalbania.org\/2020\/\",\"logo\":{\"@type\":\"ImageObject\",\"inLanguage\":\"en-US\",\"@id\":\"https:\/\/orthodoxalbania.org\/2020\/#\/schema\/logo\/image\/\",\"url\":\"https:\/\/orthodoxalbania.org\/2020\/wp-content\/uploads\/2020\/05\/albania.jpeg\",\"contentUrl\":\"https:\/\/orthodoxalbania.org\/2020\/wp-content\/uploads\/2020\/05\/albania.jpeg\",\"width\":540,\"height\":540,\"caption\":\"Kisha Orthodhokse Autoqefale e Shqip\u00ebris\u00eb\"},\"image\":{\"@id\":\"https:\/\/orthodoxalbania.org\/2020\/#\/schema\/logo\/image\/\"},\"sameAs\":[\"https:\/\/www.facebook.com\/koash1991\"]},{\"@type\":\"Person\",\"@id\":\"https:\/\/orthodoxalbania.org\/2020\/#\/schema\/person\/0c387634a7063ac612d7ed9ce71c7e86\",\"name\":\"Kisha Orthodhokse\",\"image\":{\"@type\":\"ImageObject\",\"inLanguage\":\"en-US\",\"@id\":\"https:\/\/secure.gravatar.com\/avatar\/596e7c417251e30f2fbb9c00e026fce61a695a00e51c889caded71c96cbbdde5?s=96&d=mm&r=g\",\"url\":\"https:\/\/secure.gravatar.com\/avatar\/596e7c417251e30f2fbb9c00e026fce61a695a00e51c889caded71c96cbbdde5?s=96&d=mm&r=g\",\"contentUrl\":\"https:\/\/secure.gravatar.com\/avatar\/596e7c417251e30f2fbb9c00e026fce61a695a00e51c889caded71c96cbbdde5?s=96&d=mm&r=g\",\"caption\":\"Kisha Orthodhokse\"}}]}<\/script>\n<!-- \/ Yoast SEO plugin. -->","yoast_head_json":{"title":"N\u00ebnshkruhet marr\u00ebveshja e bashk\u00ebpunimit mes qeveris\u00eb shqiptare dhe komuniteteve fetare. (2008) - Kisha Orthodh\u03bfkse Autoqefale e Shqip\u00ebris\u00eb","robots":{"index":"index","follow":"follow","max-snippet":"max-snippet:-1","max-image-preview":"max-image-preview:large","max-video-preview":"max-video-preview:-1"},"canonical":"https:\/\/orthodoxalbania.org\/2020\/2008\/02\/26\/nenshkruhet-marreveshja-e-bashkepunimit-mes-qeverise-shqiptare-dhe-komuniteteve-fetare-2008\/","og_locale":"en_US","og_type":"article","og_title":"N\u00ebnshkruhet marr\u00ebveshja e bashk\u00ebpunimit mes qeveris\u00eb shqiptare dhe komuniteteve fetare. (2008) - Kisha Orthodh\u03bfkse Autoqefale e Shqip\u00ebris\u00eb","og_description":"&nbsp; &nbsp; N\u00eb ceremonin\u00eb e n\u00ebnshkrimit t\u00eb marr\u00ebveshjes, firm\u00ebn p\u00ebr Kish\u00ebn Orthodhokse Autoqefale t\u00eb Shqip\u00ebris\u00eb e vuri Kryepiskopi Anastas &nbsp;&nbsp;&nbsp;&nbsp;&nbsp; &nbsp; &nbsp; Qeveria shqiptare ka firmosur nj\u00eb marr\u00ebveshje historike me komunitetet fetare tradicionale n\u00eb vend me Komunitetin Musliman, Kish\u00ebn Orthodhokse Autoqefale t\u00eb Shqip\u00ebris\u00eb dhe Komunitetin Musliman Bektashi. Kujtojm\u00eb se marr\u00ebveshja mes Qeveris\u00eb Shqiptare dhe Kish\u00ebs Romano Katolike \u00ebsht\u00eb firmosur m\u00eb par\u00eb, n\u00eb vitin 2002. &nbsp;","og_url":"https:\/\/orthodoxalbania.org\/2020\/2008\/02\/26\/nenshkruhet-marreveshja-e-bashkepunimit-mes-qeverise-shqiptare-dhe-komuniteteve-fetare-2008\/","og_site_name":"Kisha Orthodh\u03bfkse Autoqefale e Shqip\u00ebris\u00eb","article_publisher":"https:\/\/www.facebook.com\/koash1991","article_published_time":"2008-02-26T00:00:00+00:00","article_modified_time":"2020-04-06T20:35:15+00:00","og_image":[{"url":"https:\/\/lh6.googleusercontent.com\/-DG_0w6YqW1U\/VJKLh3lLomI\/AAAAAAAAIXY\/mONFE4Z_qTI\/w448-h336-no\/1%2Bne%2Bball%2Bmbi%2Btekst%2B.JPG","type":"","width":"","height":""}],"author":"Kisha Orthodhokse","twitter_card":"summary_large_image","twitter_misc":{"Written by":"Kisha Orthodhokse","Est. reading time":"9 minutes"},"schema":{"@context":"https:\/\/schema.org","@graph":[{"@type":"Article","@id":"https:\/\/orthodoxalbania.org\/2020\/2008\/02\/26\/nenshkruhet-marreveshja-e-bashkepunimit-mes-qeverise-shqiptare-dhe-komuniteteve-fetare-2008\/#article","isPartOf":{"@id":"https:\/\/orthodoxalbania.org\/2020\/2008\/02\/26\/nenshkruhet-marreveshja-e-bashkepunimit-mes-qeverise-shqiptare-dhe-komuniteteve-fetare-2008\/"},"author":{"name":"Kisha Orthodhokse","@id":"https:\/\/orthodoxalbania.org\/2020\/#\/schema\/person\/0c387634a7063ac612d7ed9ce71c7e86"},"headline":"N\u00ebnshkruhet marr\u00ebveshja e bashk\u00ebpunimit mes qeveris\u00eb shqiptare dhe komuniteteve fetare. (2008)","datePublished":"2008-02-26T00:00:00+00:00","dateModified":"2020-04-06T20:35:15+00:00","mainEntityOfPage":{"@id":"https:\/\/orthodoxalbania.org\/2020\/2008\/02\/26\/nenshkruhet-marreveshja-e-bashkepunimit-mes-qeverise-shqiptare-dhe-komuniteteve-fetare-2008\/"},"wordCount":1738,"commentCount":0,"publisher":{"@id":"https:\/\/orthodoxalbania.org\/2020\/#organization"},"image":{"@id":"https:\/\/orthodoxalbania.org\/2020\/2008\/02\/26\/nenshkruhet-marreveshja-e-bashkepunimit-mes-qeverise-shqiptare-dhe-komuniteteve-fetare-2008\/#primaryimage"},"thumbnailUrl":"https:\/\/lh6.googleusercontent.com\/-DG_0w6YqW1U\/VJKLh3lLomI\/AAAAAAAAIXY\/mONFE4Z_qTI\/w448-h336-no\/1%2Bne%2Bball%2Bmbi%2Btekst%2B.JPG","keywords":["2008","Deklarata - Njoftime Zyrtare","Kryepiskopata Tiran\u00eb","Kryepiskopi Anastas","lajme"],"articleSection":["Lajme"],"inLanguage":"en-US"},{"@type":"WebPage","@id":"https:\/\/orthodoxalbania.org\/2020\/2008\/02\/26\/nenshkruhet-marreveshja-e-bashkepunimit-mes-qeverise-shqiptare-dhe-komuniteteve-fetare-2008\/","url":"https:\/\/orthodoxalbania.org\/2020\/2008\/02\/26\/nenshkruhet-marreveshja-e-bashkepunimit-mes-qeverise-shqiptare-dhe-komuniteteve-fetare-2008\/","name":"N\u00ebnshkruhet marr\u00ebveshja e bashk\u00ebpunimit mes qeveris\u00eb shqiptare dhe komuniteteve fetare. (2008) - Kisha Orthodh\u03bfkse Autoqefale e Shqip\u00ebris\u00eb","isPartOf":{"@id":"https:\/\/orthodoxalbania.org\/2020\/#website"},"primaryImageOfPage":{"@id":"https:\/\/orthodoxalbania.org\/2020\/2008\/02\/26\/nenshkruhet-marreveshja-e-bashkepunimit-mes-qeverise-shqiptare-dhe-komuniteteve-fetare-2008\/#primaryimage"},"image":{"@id":"https:\/\/orthodoxalbania.org\/2020\/2008\/02\/26\/nenshkruhet-marreveshja-e-bashkepunimit-mes-qeverise-shqiptare-dhe-komuniteteve-fetare-2008\/#primaryimage"},"thumbnailUrl":"https:\/\/lh6.googleusercontent.com\/-DG_0w6YqW1U\/VJKLh3lLomI\/AAAAAAAAIXY\/mONFE4Z_qTI\/w448-h336-no\/1%2Bne%2Bball%2Bmbi%2Btekst%2B.JPG","datePublished":"2008-02-26T00:00:00+00:00","dateModified":"2020-04-06T20:35:15+00:00","breadcrumb":{"@id":"https:\/\/orthodoxalbania.org\/2020\/2008\/02\/26\/nenshkruhet-marreveshja-e-bashkepunimit-mes-qeverise-shqiptare-dhe-komuniteteve-fetare-2008\/#breadcrumb"},"inLanguage":"en-US","potentialAction":[{"@type":"ReadAction","target":["https:\/\/orthodoxalbania.org\/2020\/2008\/02\/26\/nenshkruhet-marreveshja-e-bashkepunimit-mes-qeverise-shqiptare-dhe-komuniteteve-fetare-2008\/"]}]},{"@type":"ImageObject","inLanguage":"en-US","@id":"https:\/\/orthodoxalbania.org\/2020\/2008\/02\/26\/nenshkruhet-marreveshja-e-bashkepunimit-mes-qeverise-shqiptare-dhe-komuniteteve-fetare-2008\/#primaryimage","url":"https:\/\/lh6.googleusercontent.com\/-DG_0w6YqW1U\/VJKLh3lLomI\/AAAAAAAAIXY\/mONFE4Z_qTI\/w448-h336-no\/1%2Bne%2Bball%2Bmbi%2Btekst%2B.JPG","contentUrl":"https:\/\/lh6.googleusercontent.com\/-DG_0w6YqW1U\/VJKLh3lLomI\/AAAAAAAAIXY\/mONFE4Z_qTI\/w448-h336-no\/1%2Bne%2Bball%2Bmbi%2Btekst%2B.JPG"},{"@type":"BreadcrumbList","@id":"https:\/\/orthodoxalbania.org\/2020\/2008\/02\/26\/nenshkruhet-marreveshja-e-bashkepunimit-mes-qeverise-shqiptare-dhe-komuniteteve-fetare-2008\/#breadcrumb","itemListElement":[{"@type":"ListItem","position":1,"name":"Home","item":"https:\/\/orthodoxalbania.org\/2020\/"},{"@type":"ListItem","position":2,"name":"N\u00ebnshkruhet marr\u00ebveshja e bashk\u00ebpunimit mes qeveris\u00eb shqiptare dhe komuniteteve fetare. (2008)"}]},{"@type":"WebSite","@id":"https:\/\/orthodoxalbania.org\/2020\/#website","url":"https:\/\/orthodoxalbania.org\/2020\/","name":"Kisha Orthodh\u03bfkse Autoqefale e Shqip\u00ebris\u00eb","description":"Fqja Zyrtare e Kish\u00ebs Orthodhokse Autoqefale e Shqip\u00ebris\u00eb me lajmet edhe informacionet zyrtare p\u00ebr struktur\u00ebn edhe veprimtarin e saj.","publisher":{"@id":"https:\/\/orthodoxalbania.org\/2020\/#organization"},"potentialAction":[{"@type":"SearchAction","target":{"@type":"EntryPoint","urlTemplate":"https:\/\/orthodoxalbania.org\/2020\/?s={search_term_string}"},"query-input":{"@type":"PropertyValueSpecification","valueRequired":true,"valueName":"search_term_string"}}],"inLanguage":"en-US"},{"@type":"Organization","@id":"https:\/\/orthodoxalbania.org\/2020\/#organization","name":"Kisha Orthodhokse Autoqefale e Shqip\u00ebris\u00eb","url":"https:\/\/orthodoxalbania.org\/2020\/","logo":{"@type":"ImageObject","inLanguage":"en-US","@id":"https:\/\/orthodoxalbania.org\/2020\/#\/schema\/logo\/image\/","url":"https:\/\/orthodoxalbania.org\/2020\/wp-content\/uploads\/2020\/05\/albania.jpeg","contentUrl":"https:\/\/orthodoxalbania.org\/2020\/wp-content\/uploads\/2020\/05\/albania.jpeg","width":540,"height":540,"caption":"Kisha Orthodhokse Autoqefale e Shqip\u00ebris\u00eb"},"image":{"@id":"https:\/\/orthodoxalbania.org\/2020\/#\/schema\/logo\/image\/"},"sameAs":["https:\/\/www.facebook.com\/koash1991"]},{"@type":"Person","@id":"https:\/\/orthodoxalbania.org\/2020\/#\/schema\/person\/0c387634a7063ac612d7ed9ce71c7e86","name":"Kisha Orthodhokse","image":{"@type":"ImageObject","inLanguage":"en-US","@id":"https:\/\/secure.gravatar.com\/avatar\/596e7c417251e30f2fbb9c00e026fce61a695a00e51c889caded71c96cbbdde5?s=96&d=mm&r=g","url":"https:\/\/secure.gravatar.com\/avatar\/596e7c417251e30f2fbb9c00e026fce61a695a00e51c889caded71c96cbbdde5?s=96&d=mm&r=g","contentUrl":"https:\/\/secure.gravatar.com\/avatar\/596e7c417251e30f2fbb9c00e026fce61a695a00e51c889caded71c96cbbdde5?s=96&d=mm&r=g","caption":"Kisha Orthodhokse"}}]}},"_links":{"self":[{"href":"https:\/\/orthodoxalbania.org\/2020\/wp-json\/wp\/v2\/posts\/979","targetHints":{"allow":["GET"]}}],"collection":[{"href":"https:\/\/orthodoxalbania.org\/2020\/wp-json\/wp\/v2\/posts"}],"about":[{"href":"https:\/\/orthodoxalbania.org\/2020\/wp-json\/wp\/v2\/types\/post"}],"author":[{"embeddable":true,"href":"https:\/\/orthodoxalbania.org\/2020\/wp-json\/wp\/v2\/users\/1"}],"replies":[{"embeddable":true,"href":"https:\/\/orthodoxalbania.org\/2020\/wp-json\/wp\/v2\/comments?post=979"}],"version-history":[{"count":1,"href":"https:\/\/orthodoxalbania.org\/2020\/wp-json\/wp\/v2\/posts\/979\/revisions"}],"predecessor-version":[{"id":15632,"href":"https:\/\/orthodoxalbania.org\/2020\/wp-json\/wp\/v2\/posts\/979\/revisions\/15632"}],"wp:attachment":[{"href":"https:\/\/orthodoxalbania.org\/2020\/wp-json\/wp\/v2\/media?parent=979"}],"wp:term":[{"taxonomy":"category","embeddable":true,"href":"https:\/\/orthodoxalbania.org\/2020\/wp-json\/wp\/v2\/categories?post=979"},{"taxonomy":"post_tag","embeddable":true,"href":"https:\/\/orthodoxalbania.org\/2020\/wp-json\/wp\/v2\/tags?post=979"}],"curies":[{"name":"wp","href":"https:\/\/api.w.org\/{rel}","templated":true}]}}