{"id":975,"date":"2013-03-21T09:02:42","date_gmt":"2013-03-21T09:02:42","guid":{"rendered":""},"modified":"2020-04-06T22:32:12","modified_gmt":"2020-04-06T20:32:12","slug":"ne-tirane-te-rinj-orthodhokse-kryejne-vizita-krishtlindjeje-te-njerezit-ne-nevoje","status":"publish","type":"post","link":"https:\/\/orthodoxalbania.org\/2020\/2013\/03\/21\/ne-tirane-te-rinj-orthodhokse-kryejne-vizita-krishtlindjeje-te-njerezit-ne-nevoje\/","title":{"rendered":"N\u00eb Tiran\u00eb, t\u00eb rinj orthodhoks\u00eb kryejn\u00eb vizita krishtlindjeje te njer\u00ebzit n\u00eb nevoj\u00eb. (Dhjetor 2010)"},"content":{"rendered":"<div class=\"style10\" style=\"text-align: justify;\"><span style=\"color: #000000;\"><img decoding=\"async\" class=\"lazyload HAa Eha\" style=\"height: 156px; width: 208px; border-width: 1px; border-style: solid; margin: 10px; float: left;\" alt=\"\" src=\"data:image\/gif;base64,R0lGODlhAQABAAAAACH5BAEKAAEALAAAAAABAAEAAAICTAEAOw==\" data-orig-src=\"https:\/\/lh4.googleusercontent.com\/-n1atOakl9BI\/VAAyrm5KO4I\/AAAAAAAAB14\/9mfzLngWoUU\/w800-h600-no\/1.JPG\" \/><span style=\"font-family: tahoma,geneva,sans-serif;\"><span style=\"font-size: 12px;\"> &nbsp;&nbsp; N\u00eb kuad\u00ebr t\u00eb festave t\u00eb fundvitit p\u00ebrkat\u00ebsisht t\u00eb Krishtlindjeve dhe Vitit t\u00eb Ri t\u00eb rinj orthodhoks n\u00eb bashk\u00ebpunim me organizator\u00eb t\u00eb Lidhjes s\u00eb Grave Orthodhokse t\u00eb Tiran\u00ebs organizuan vizita n\u00ebp\u00ebr azile, n\u00eb sht\u00ebpi besimtar\u00ebsh q\u00eb jetojn\u00eb t\u00eb vetmuar dhe n\u00eb burgje.<\/span><\/span><\/span><\/div>\n<div class=\"style10\" style=\"text-align: justify;\"> <span style=\"color: #000000;\"><span style=\"font-family: tahoma,geneva,sans-serif;\"><span style=\"font-size: 12px;\">&nbsp;&nbsp;&nbsp; N\u00eb 18 dhjetor, vizitat e para u b\u00ebn\u00eb n\u00eb 2 azile, t\u00eb grave dhe t\u00eb burrave. &nbsp;<\/span><\/span><\/span><\/div>\n<div class=\"style10\" style=\"text-align: justify;\"> <span style=\"color: #000000;\"><span style=\"font-family: tahoma,geneva,sans-serif;\"><span style=\"font-size: 12px;\">&nbsp;&nbsp; N\u00eb 24 dhjetor n\u00eb mbr\u00ebmje disa student\u00eb orthodhoks\u00eb, n\u00eb vazhdim t\u00eb vizitave dhe p\u00ebrhapjes s\u00eb mesazhit t\u00eb ardhjes s\u00eb Krishtlindjes (kolendrave) q\u00eb kishin organizuar n\u00eb 23 dhjetor, vizituan edhe disa familje t\u00eb krishtera q\u00eb ndodheshin n\u00eb v\u00ebshtir\u00ebsi dhe t\u00eb vetmuar. Ata me k\u00ebng\u00ebt e Krishtlindjes p\u00ebrcoll\u00ebn dhe ndan\u00eb me ta dashuri, momente g\u00ebzimi dhe shprese.<\/span><\/span><\/span><\/div>\n<div class=\"style10\" style=\"text-align: justify;\"> <span style=\"color: #000000;\"><span style=\"font-family: tahoma,geneva,sans-serif;\"><span style=\"font-size: 12px;\">&nbsp;&nbsp;&nbsp; N\u00eb 29 Dhjetor organizuan vizita n\u00eb Institucionin e Riedukimit (n\u00eb burgun 325) n\u00eb Tiran\u00eb. N\u00eb k\u00ebt\u00eb burg vuajn\u00eb d\u00ebnimin rreth 90 burra dhe 60 gra. N\u00ebn drejtimin e At\u00eb Viktor B\u00ebrdufi u kryen vizita n\u00eb t\u00eb dyja burgjet, si t\u00eb burrave ashtu edhe t\u00eb grave. Gjat\u00eb k\u00ebsaj vizite u organizua kokteil dhe<img decoding=\"async\" class=\"lazyload HAa Eha\" style=\"height: 192px; width: 256px; border-width: 1px; border-style: solid; margin: 10px; float: right;\" alt=\"\" src=\"data:image\/gif;base64,R0lGODlhAQABAAAAACH5BAEKAAEALAAAAAABAAEAAAICTAEAOw==\" data-orig-src=\"https:\/\/lh3.googleusercontent.com\/-UmKcwWp3GAk\/VAAyrhJxuEI\/AAAAAAAAB18\/ndIPIpQa4LA\/w800-h600-no\/2.JPG\" \/> k\u00ebng\u00eb me mesazhin e Krishtlindjes.<br \/> S\u00eb bashku me grupin orthodhoks bashk\u00ebpunuan edhe 2 pastor\u00eb ungjillor\u00eb, t\u00eb cil\u00ebt u kujdes\u00ebn p\u00ebr dhuratat n\u00eb burgun e burrave nd\u00ebrsa Kisha jon\u00eb p\u00ebr dhuratat e grave.<\/span><\/span><\/span><\/div>\n<div class=\"style10\" style=\"text-align: justify;\"> <span style=\"color: #000000;\"><span style=\"font-family: tahoma,geneva,sans-serif;\"><span style=\"font-size: 12px;\">&nbsp;&nbsp; \u00cbsht\u00eb b\u00ebr\u00eb tashm\u00eb tradit\u00eb q\u00eb n\u00ebn kujdesin e Kryebariut t\u00eb Kish\u00ebs son\u00eb Imzot Anastasit t\u00eb organizohen vizita t\u00eb tilla n\u00ebp\u00ebr burgje, azile, familje n\u00eb nevoj\u00eb, p\u00ebr t\u00eb ndar\u00eb me ta dhe leht\u00ebsuar disi momentet e v\u00ebshtira q\u00eb kalojn\u00eb, duke u dh\u00ebn\u00eb atyre kuraj\u00eb dhe shpres\u00eb p\u00ebr nj\u00eb rehabilitim sa m\u00eb t\u00eb shpejt\u00eb.<\/span><\/span><\/span><\/div>\n<div class=\"style10\" style=\"text-align: justify;\">&nbsp;<\/div>\n<div class=\"style10\" style=\"text-align: right;\"><span style=\"color: #000000;\"><span style=\"font-family: tahoma,geneva,sans-serif;\"><span style=\"font-size: 12px;\"><strong>Joan Meni<\/strong><\/span><\/span><\/span><\/div>\n<p class=\"style10\" style=\"text-align: justify;\">&nbsp;<\/p>\n<p class=\"style10\" style=\"text-align: justify;\">&nbsp;<\/p>\n<table style=\"width: 865px; height: 1630px;\" border=\"0\">\n<tbody>\n<tr>\n<td><span style=\"color: #000000;\"><img decoding=\"async\" class=\"lazyload HAa Eha\" style=\"height: 300px; width: 400px; border-width: 1px; border-style: solid; margin: 10px auto; display: block;\" alt=\"\" src=\"data:image\/gif;base64,R0lGODlhAQABAAAAACH5BAEKAAEALAAAAAABAAEAAAICTAEAOw==\" data-orig-src=\"https:\/\/lh4.googleusercontent.com\/-6FzkPthRYQg\/VAAyrTyLmGI\/AAAAAAAAB10\/w7dQYB92j7A\/w800-h600-no\/3.JPG\" \/><\/span><\/td>\n<td><span style=\"color: #000000;\"><img decoding=\"async\" class=\"lazyload HAa Eha\" style=\"height: 300px; width: 400px; border-width: 1px; border-style: solid; margin: 10px auto; display: block;\" alt=\"\" src=\"data:image\/gif;base64,R0lGODlhAQABAAAAACH5BAEKAAEALAAAAAABAAEAAAICTAEAOw==\" data-orig-src=\"https:\/\/lh3.googleusercontent.com\/-ZcDAoG7fO28\/VAAysiy99lI\/AAAAAAAAB2I\/e0Ypyn3yO5M\/w800-h600-no\/4.JPG\" \/><\/span><\/td>\n<\/tr>\n<tr>\n<td><span style=\"color: #000000;\"><img decoding=\"async\" class=\"lazyload HAa Eha\" style=\"height: 300px; width: 400px; border-width: 1px; border-style: solid; margin: 10px auto; display: block;\" alt=\"\" src=\"data:image\/gif;base64,R0lGODlhAQABAAAAACH5BAEKAAEALAAAAAABAAEAAAICTAEAOw==\" data-orig-src=\"https:\/\/lh4.googleusercontent.com\/-e__3jenblCM\/VAAytXwtKNI\/AAAAAAAAB2M\/w4DQx14p0LI\/w800-h600-no\/5.JPG\" \/><\/span><\/td>\n<td><span style=\"color: #000000;\"><img decoding=\"async\" class=\"lazyload HAa Eha\" style=\"height: 300px; width: 400px; border-width: 1px; border-style: solid; margin: 10px auto; display: block;\" alt=\"\" src=\"data:image\/gif;base64,R0lGODlhAQABAAAAACH5BAEKAAEALAAAAAABAAEAAAICTAEAOw==\" data-orig-src=\"https:\/\/lh6.googleusercontent.com\/-p0R9llPxLuI\/VAAyuC9kO3I\/AAAAAAAAB2Y\/wQ6pQA4yTeY\/w800-h600-no\/6.JPG\" \/><\/span><\/td>\n<\/tr>\n<tr>\n<td><span style=\"color: #000000;\"><img decoding=\"async\" class=\"lazyload HAa Eha\" style=\"height: 300px; width: 400px; border-width: 1px; border-style: solid; margin: 10px auto; display: block;\" alt=\"\" src=\"data:image\/gif;base64,R0lGODlhAQABAAAAACH5BAEKAAEALAAAAAABAAEAAAICTAEAOw==\" data-orig-src=\"https:\/\/lh4.googleusercontent.com\/-r8Qyvv75uDE\/VAAyugT6F7I\/AAAAAAAAB2c\/Ra7f1dATKME\/w800-h600-no\/7.JPG\" \/><\/span><\/td>\n<td><span style=\"color: #000000;\"><img decoding=\"async\" class=\"lazyload HAa Eha\" style=\"height: 300px; width: 400px; border-width: 1px; border-style: solid; margin: 10px auto; display: block;\" alt=\"\" src=\"data:image\/gif;base64,R0lGODlhAQABAAAAACH5BAEKAAEALAAAAAABAAEAAAICTAEAOw==\" data-orig-src=\"https:\/\/lh3.googleusercontent.com\/-IwVpni2ECaY\/VAAyvTAAgSI\/AAAAAAAAB2o\/aSf0P926HP8\/w800-h600-no\/8.JPG\" \/><\/span><\/td>\n<\/tr>\n<tr>\n<td><span style=\"color: #000000;\"><img decoding=\"async\" class=\"lazyload HAa Eha\" style=\"height: 300px; width: 400px; border-width: 1px; border-style: solid; margin: 10px auto; display: block;\" alt=\"\" src=\"data:image\/gif;base64,R0lGODlhAQABAAAAACH5BAEKAAEALAAAAAABAAEAAAICTAEAOw==\" data-orig-src=\"https:\/\/lh3.googleusercontent.com\/-f4qgriqlzwE\/VAAyv3JQygI\/AAAAAAAAB20\/0L3oOjcJBJA\/w800-h600-no\/9.JPG\" \/><\/span><\/td>\n<td><span style=\"color: #000000;\"><img decoding=\"async\" class=\"lazyload HAa Eha\" style=\"height: 300px; width: 400px; border-width: 1px; border-style: solid; margin: 10px auto; display: block;\" alt=\"\" src=\"data:image\/gif;base64,R0lGODlhAQABAAAAACH5BAEKAAEALAAAAAABAAEAAAICTAEAOw==\" data-orig-src=\"https:\/\/lh3.googleusercontent.com\/-JYs4nrKgaQ8\/VAAywuPxHII\/AAAAAAAAB24\/qB32cID7SdM\/w800-h600-no\/ne%2Btekst%2B1%2B.JPG\" \/><\/span><\/td>\n<\/tr>\n<tr>\n<td><span style=\"color: #000000;\"><img decoding=\"async\" class=\"lazyload HAa Eha\" style=\"height: 300px; width: 400px; border-width: 1px; border-style: solid; margin: 10px auto; display: block;\" alt=\"\" src=\"data:image\/gif;base64,R0lGODlhAQABAAAAACH5BAEKAAEALAAAAAABAAEAAAICTAEAOw==\" data-orig-src=\"https:\/\/lh6.googleusercontent.com\/-wUwfuIRoWZc\/VAAywxzDyeI\/AAAAAAAAB28\/1snBja1peNk\/w800-h600-no\/ne%2Btekst%2B2%2B.JPG\" \/><\/span><\/td>\n<td>&nbsp;<\/td>\n<\/tr>\n<\/tbody>\n<\/table>\n","protected":false},"excerpt":{"rendered":"<p>&nbsp;&nbsp; N\u00eb kuad\u00ebr t\u00eb festave t\u00eb fundvitit p\u00ebrkat\u00ebsisht t\u00eb Krishtlindjeve dhe Vitit t\u00eb Ri t\u00eb rinj orthodhoks n\u00eb bashk\u00ebpunim me organizator\u00eb t\u00eb Lidhjes s\u00eb Grave Orthodhokse t\u00eb Tiran\u00ebs organizuan vizita n\u00ebp\u00ebr azile, n\u00eb sht\u00ebpi besimtar\u00ebsh q\u00eb jetojn\u00eb t\u00eb vetmuar dhe n\u00eb burgje. &nbsp;&nbsp;&nbsp; N\u00eb 18 dhjetor, vizitat e para u b\u00ebn\u00eb n\u00eb 2 azile, t\u00eb grave dhe t\u00eb burrave. &nbsp; &nbsp;&nbsp; N\u00eb 24 dhjetor n\u00eb<\/p>\n","protected":false},"author":1,"featured_media":0,"comment_status":"open","ping_status":"open","sticky":false,"template":"","format":"standard","meta":{"_acf_changed":false,"pagelayer_contact_templates":[],"_pagelayer_content":"","inline_featured_image":false,"fifu_image_url":"","fifu_image_alt":"","footnotes":""},"categories":[108],"tags":[144,192,196,212,176],"class_list":["post-975","post","type-post","status-publish","format-standard","hentry","category-lajme","tag-144","tag-krishtlindje","tag-tirane","tag-lajme-d27","tag-rinia-orthodhokse"],"acf":[],"yoast_head":"<!-- This site is optimized with the Yoast SEO plugin v27.2 - https:\/\/yoast.com\/product\/yoast-seo-wordpress\/ -->\n<title>N\u00eb Tiran\u00eb, t\u00eb rinj orthodhoks\u00eb kryejn\u00eb vizita krishtlindjeje te njer\u00ebzit n\u00eb nevoj\u00eb. (Dhjetor 2010) - Kisha Orthodh\u03bfkse Autoqefale e Shqip\u00ebris\u00eb<\/title>\n<meta name=\"robots\" content=\"index, follow, max-snippet:-1, max-image-preview:large, max-video-preview:-1\" \/>\n<link rel=\"canonical\" href=\"https:\/\/orthodoxalbania.org\/2020\/2013\/03\/21\/ne-tirane-te-rinj-orthodhokse-kryejne-vizita-krishtlindjeje-te-njerezit-ne-nevoje\/\" \/>\n<meta property=\"og:locale\" content=\"en_US\" \/>\n<meta property=\"og:type\" content=\"article\" \/>\n<meta property=\"og:title\" content=\"N\u00eb Tiran\u00eb, t\u00eb rinj orthodhoks\u00eb kryejn\u00eb vizita krishtlindjeje te njer\u00ebzit n\u00eb nevoj\u00eb. (Dhjetor 2010) - Kisha Orthodh\u03bfkse Autoqefale e Shqip\u00ebris\u00eb\" \/>\n<meta property=\"og:description\" content=\"&nbsp;&nbsp; N\u00eb kuad\u00ebr t\u00eb festave t\u00eb fundvitit p\u00ebrkat\u00ebsisht t\u00eb Krishtlindjeve dhe Vitit t\u00eb Ri t\u00eb rinj orthodhoks n\u00eb bashk\u00ebpunim me organizator\u00eb t\u00eb Lidhjes s\u00eb Grave Orthodhokse t\u00eb Tiran\u00ebs organizuan vizita n\u00ebp\u00ebr azile, n\u00eb sht\u00ebpi besimtar\u00ebsh q\u00eb jetojn\u00eb t\u00eb vetmuar dhe n\u00eb burgje. &nbsp;&nbsp;&nbsp; N\u00eb 18 dhjetor, vizitat e para u b\u00ebn\u00eb n\u00eb 2 azile, t\u00eb grave dhe t\u00eb burrave. &nbsp; &nbsp;&nbsp; N\u00eb 24 dhjetor n\u00eb\" \/>\n<meta property=\"og:url\" content=\"https:\/\/orthodoxalbania.org\/2020\/2013\/03\/21\/ne-tirane-te-rinj-orthodhokse-kryejne-vizita-krishtlindjeje-te-njerezit-ne-nevoje\/\" \/>\n<meta property=\"og:site_name\" content=\"Kisha Orthodh\u03bfkse Autoqefale e Shqip\u00ebris\u00eb\" \/>\n<meta property=\"article:publisher\" content=\"https:\/\/www.facebook.com\/koash1991\" \/>\n<meta property=\"article:published_time\" content=\"2013-03-21T09:02:42+00:00\" \/>\n<meta property=\"article:modified_time\" content=\"2020-04-06T20:32:12+00:00\" \/>\n<meta property=\"og:image\" content=\"https:\/\/lh4.googleusercontent.com\/-n1atOakl9BI\/VAAyrm5KO4I\/AAAAAAAAB14\/9mfzLngWoUU\/w800-h600-no\/1.JPG\" \/>\n<meta name=\"author\" content=\"Kisha Orthodhokse\" \/>\n<meta name=\"twitter:card\" content=\"summary_large_image\" \/>\n<meta name=\"twitter:label1\" content=\"Written by\" \/>\n\t<meta name=\"twitter:data1\" content=\"Kisha Orthodhokse\" \/>\n\t<meta name=\"twitter:label2\" content=\"Est. reading time\" \/>\n\t<meta name=\"twitter:data2\" content=\"1 minute\" \/>\n<script type=\"application\/ld+json\" class=\"yoast-schema-graph\">{\"@context\":\"https:\/\/schema.org\",\"@graph\":[{\"@type\":\"Article\",\"@id\":\"https:\/\/orthodoxalbania.org\/2020\/2013\/03\/21\/ne-tirane-te-rinj-orthodhokse-kryejne-vizita-krishtlindjeje-te-njerezit-ne-nevoje\/#article\",\"isPartOf\":{\"@id\":\"https:\/\/orthodoxalbania.org\/2020\/2013\/03\/21\/ne-tirane-te-rinj-orthodhokse-kryejne-vizita-krishtlindjeje-te-njerezit-ne-nevoje\/\"},\"author\":{\"name\":\"Kisha Orthodhokse\",\"@id\":\"https:\/\/orthodoxalbania.org\/2020\/#\/schema\/person\/0c387634a7063ac612d7ed9ce71c7e86\"},\"headline\":\"N\u00eb Tiran\u00eb, t\u00eb rinj orthodhoks\u00eb kryejn\u00eb vizita krishtlindjeje te njer\u00ebzit n\u00eb nevoj\u00eb. (Dhjetor 2010)\",\"datePublished\":\"2013-03-21T09:02:42+00:00\",\"dateModified\":\"2020-04-06T20:32:12+00:00\",\"mainEntityOfPage\":{\"@id\":\"https:\/\/orthodoxalbania.org\/2020\/2013\/03\/21\/ne-tirane-te-rinj-orthodhokse-kryejne-vizita-krishtlindjeje-te-njerezit-ne-nevoje\/\"},\"wordCount\":313,\"commentCount\":0,\"publisher\":{\"@id\":\"https:\/\/orthodoxalbania.org\/2020\/#organization\"},\"image\":{\"@id\":\"https:\/\/orthodoxalbania.org\/2020\/2013\/03\/21\/ne-tirane-te-rinj-orthodhokse-kryejne-vizita-krishtlindjeje-te-njerezit-ne-nevoje\/#primaryimage\"},\"thumbnailUrl\":\"https:\/\/lh4.googleusercontent.com\/-n1atOakl9BI\/VAAyrm5KO4I\/AAAAAAAAB14\/9mfzLngWoUU\/w800-h600-no\/1.JPG\",\"keywords\":[\"2010\",\"Krishtlindje\",\"Kryepiskopata Tiran\u00eb\",\"lajme\",\"Rinia Orthodhokse\"],\"articleSection\":[\"Lajme\"],\"inLanguage\":\"en-US\"},{\"@type\":\"WebPage\",\"@id\":\"https:\/\/orthodoxalbania.org\/2020\/2013\/03\/21\/ne-tirane-te-rinj-orthodhokse-kryejne-vizita-krishtlindjeje-te-njerezit-ne-nevoje\/\",\"url\":\"https:\/\/orthodoxalbania.org\/2020\/2013\/03\/21\/ne-tirane-te-rinj-orthodhokse-kryejne-vizita-krishtlindjeje-te-njerezit-ne-nevoje\/\",\"name\":\"N\u00eb Tiran\u00eb, t\u00eb rinj orthodhoks\u00eb kryejn\u00eb vizita krishtlindjeje te njer\u00ebzit n\u00eb nevoj\u00eb. (Dhjetor 2010) - Kisha Orthodh\u03bfkse Autoqefale e Shqip\u00ebris\u00eb\",\"isPartOf\":{\"@id\":\"https:\/\/orthodoxalbania.org\/2020\/#website\"},\"primaryImageOfPage\":{\"@id\":\"https:\/\/orthodoxalbania.org\/2020\/2013\/03\/21\/ne-tirane-te-rinj-orthodhokse-kryejne-vizita-krishtlindjeje-te-njerezit-ne-nevoje\/#primaryimage\"},\"image\":{\"@id\":\"https:\/\/orthodoxalbania.org\/2020\/2013\/03\/21\/ne-tirane-te-rinj-orthodhokse-kryejne-vizita-krishtlindjeje-te-njerezit-ne-nevoje\/#primaryimage\"},\"thumbnailUrl\":\"https:\/\/lh4.googleusercontent.com\/-n1atOakl9BI\/VAAyrm5KO4I\/AAAAAAAAB14\/9mfzLngWoUU\/w800-h600-no\/1.JPG\",\"datePublished\":\"2013-03-21T09:02:42+00:00\",\"dateModified\":\"2020-04-06T20:32:12+00:00\",\"breadcrumb\":{\"@id\":\"https:\/\/orthodoxalbania.org\/2020\/2013\/03\/21\/ne-tirane-te-rinj-orthodhokse-kryejne-vizita-krishtlindjeje-te-njerezit-ne-nevoje\/#breadcrumb\"},\"inLanguage\":\"en-US\",\"potentialAction\":[{\"@type\":\"ReadAction\",\"target\":[\"https:\/\/orthodoxalbania.org\/2020\/2013\/03\/21\/ne-tirane-te-rinj-orthodhokse-kryejne-vizita-krishtlindjeje-te-njerezit-ne-nevoje\/\"]}]},{\"@type\":\"ImageObject\",\"inLanguage\":\"en-US\",\"@id\":\"https:\/\/orthodoxalbania.org\/2020\/2013\/03\/21\/ne-tirane-te-rinj-orthodhokse-kryejne-vizita-krishtlindjeje-te-njerezit-ne-nevoje\/#primaryimage\",\"url\":\"https:\/\/lh4.googleusercontent.com\/-n1atOakl9BI\/VAAyrm5KO4I\/AAAAAAAAB14\/9mfzLngWoUU\/w800-h600-no\/1.JPG\",\"contentUrl\":\"https:\/\/lh4.googleusercontent.com\/-n1atOakl9BI\/VAAyrm5KO4I\/AAAAAAAAB14\/9mfzLngWoUU\/w800-h600-no\/1.JPG\"},{\"@type\":\"BreadcrumbList\",\"@id\":\"https:\/\/orthodoxalbania.org\/2020\/2013\/03\/21\/ne-tirane-te-rinj-orthodhokse-kryejne-vizita-krishtlindjeje-te-njerezit-ne-nevoje\/#breadcrumb\",\"itemListElement\":[{\"@type\":\"ListItem\",\"position\":1,\"name\":\"Home\",\"item\":\"https:\/\/orthodoxalbania.org\/2020\/\"},{\"@type\":\"ListItem\",\"position\":2,\"name\":\"N\u00eb Tiran\u00eb, t\u00eb rinj orthodhoks\u00eb kryejn\u00eb vizita krishtlindjeje te njer\u00ebzit n\u00eb nevoj\u00eb. (Dhjetor 2010)\"}]},{\"@type\":\"WebSite\",\"@id\":\"https:\/\/orthodoxalbania.org\/2020\/#website\",\"url\":\"https:\/\/orthodoxalbania.org\/2020\/\",\"name\":\"Kisha Orthodh\u03bfkse Autoqefale e Shqip\u00ebris\u00eb\",\"description\":\"Fqja Zyrtare e Kish\u00ebs Orthodhokse Autoqefale e Shqip\u00ebris\u00eb me lajmet edhe informacionet zyrtare p\u00ebr struktur\u00ebn edhe veprimtarin e saj.\",\"publisher\":{\"@id\":\"https:\/\/orthodoxalbania.org\/2020\/#organization\"},\"potentialAction\":[{\"@type\":\"SearchAction\",\"target\":{\"@type\":\"EntryPoint\",\"urlTemplate\":\"https:\/\/orthodoxalbania.org\/2020\/?s={search_term_string}\"},\"query-input\":{\"@type\":\"PropertyValueSpecification\",\"valueRequired\":true,\"valueName\":\"search_term_string\"}}],\"inLanguage\":\"en-US\"},{\"@type\":\"Organization\",\"@id\":\"https:\/\/orthodoxalbania.org\/2020\/#organization\",\"name\":\"Kisha Orthodhokse Autoqefale e Shqip\u00ebris\u00eb\",\"url\":\"https:\/\/orthodoxalbania.org\/2020\/\",\"logo\":{\"@type\":\"ImageObject\",\"inLanguage\":\"en-US\",\"@id\":\"https:\/\/orthodoxalbania.org\/2020\/#\/schema\/logo\/image\/\",\"url\":\"https:\/\/orthodoxalbania.org\/2020\/wp-content\/uploads\/2020\/05\/albania.jpeg\",\"contentUrl\":\"https:\/\/orthodoxalbania.org\/2020\/wp-content\/uploads\/2020\/05\/albania.jpeg\",\"width\":540,\"height\":540,\"caption\":\"Kisha Orthodhokse Autoqefale e Shqip\u00ebris\u00eb\"},\"image\":{\"@id\":\"https:\/\/orthodoxalbania.org\/2020\/#\/schema\/logo\/image\/\"},\"sameAs\":[\"https:\/\/www.facebook.com\/koash1991\"]},{\"@type\":\"Person\",\"@id\":\"https:\/\/orthodoxalbania.org\/2020\/#\/schema\/person\/0c387634a7063ac612d7ed9ce71c7e86\",\"name\":\"Kisha Orthodhokse\",\"image\":{\"@type\":\"ImageObject\",\"inLanguage\":\"en-US\",\"@id\":\"https:\/\/secure.gravatar.com\/avatar\/596e7c417251e30f2fbb9c00e026fce61a695a00e51c889caded71c96cbbdde5?s=96&d=mm&r=g\",\"url\":\"https:\/\/secure.gravatar.com\/avatar\/596e7c417251e30f2fbb9c00e026fce61a695a00e51c889caded71c96cbbdde5?s=96&d=mm&r=g\",\"contentUrl\":\"https:\/\/secure.gravatar.com\/avatar\/596e7c417251e30f2fbb9c00e026fce61a695a00e51c889caded71c96cbbdde5?s=96&d=mm&r=g\",\"caption\":\"Kisha Orthodhokse\"}}]}<\/script>\n<!-- \/ Yoast SEO plugin. -->","yoast_head_json":{"title":"N\u00eb Tiran\u00eb, t\u00eb rinj orthodhoks\u00eb kryejn\u00eb vizita krishtlindjeje te njer\u00ebzit n\u00eb nevoj\u00eb. (Dhjetor 2010) - Kisha Orthodh\u03bfkse Autoqefale e Shqip\u00ebris\u00eb","robots":{"index":"index","follow":"follow","max-snippet":"max-snippet:-1","max-image-preview":"max-image-preview:large","max-video-preview":"max-video-preview:-1"},"canonical":"https:\/\/orthodoxalbania.org\/2020\/2013\/03\/21\/ne-tirane-te-rinj-orthodhokse-kryejne-vizita-krishtlindjeje-te-njerezit-ne-nevoje\/","og_locale":"en_US","og_type":"article","og_title":"N\u00eb Tiran\u00eb, t\u00eb rinj orthodhoks\u00eb kryejn\u00eb vizita krishtlindjeje te njer\u00ebzit n\u00eb nevoj\u00eb. (Dhjetor 2010) - Kisha Orthodh\u03bfkse Autoqefale e Shqip\u00ebris\u00eb","og_description":"&nbsp;&nbsp; N\u00eb kuad\u00ebr t\u00eb festave t\u00eb fundvitit p\u00ebrkat\u00ebsisht t\u00eb Krishtlindjeve dhe Vitit t\u00eb Ri t\u00eb rinj orthodhoks n\u00eb bashk\u00ebpunim me organizator\u00eb t\u00eb Lidhjes s\u00eb Grave Orthodhokse t\u00eb Tiran\u00ebs organizuan vizita n\u00ebp\u00ebr azile, n\u00eb sht\u00ebpi besimtar\u00ebsh q\u00eb jetojn\u00eb t\u00eb vetmuar dhe n\u00eb burgje. &nbsp;&nbsp;&nbsp; N\u00eb 18 dhjetor, vizitat e para u b\u00ebn\u00eb n\u00eb 2 azile, t\u00eb grave dhe t\u00eb burrave. &nbsp; &nbsp;&nbsp; N\u00eb 24 dhjetor n\u00eb","og_url":"https:\/\/orthodoxalbania.org\/2020\/2013\/03\/21\/ne-tirane-te-rinj-orthodhokse-kryejne-vizita-krishtlindjeje-te-njerezit-ne-nevoje\/","og_site_name":"Kisha Orthodh\u03bfkse Autoqefale e Shqip\u00ebris\u00eb","article_publisher":"https:\/\/www.facebook.com\/koash1991","article_published_time":"2013-03-21T09:02:42+00:00","article_modified_time":"2020-04-06T20:32:12+00:00","og_image":[{"url":"https:\/\/lh4.googleusercontent.com\/-n1atOakl9BI\/VAAyrm5KO4I\/AAAAAAAAB14\/9mfzLngWoUU\/w800-h600-no\/1.JPG","type":"","width":"","height":""}],"author":"Kisha Orthodhokse","twitter_card":"summary_large_image","twitter_misc":{"Written by":"Kisha Orthodhokse","Est. reading time":"1 minute"},"schema":{"@context":"https:\/\/schema.org","@graph":[{"@type":"Article","@id":"https:\/\/orthodoxalbania.org\/2020\/2013\/03\/21\/ne-tirane-te-rinj-orthodhokse-kryejne-vizita-krishtlindjeje-te-njerezit-ne-nevoje\/#article","isPartOf":{"@id":"https:\/\/orthodoxalbania.org\/2020\/2013\/03\/21\/ne-tirane-te-rinj-orthodhokse-kryejne-vizita-krishtlindjeje-te-njerezit-ne-nevoje\/"},"author":{"name":"Kisha Orthodhokse","@id":"https:\/\/orthodoxalbania.org\/2020\/#\/schema\/person\/0c387634a7063ac612d7ed9ce71c7e86"},"headline":"N\u00eb Tiran\u00eb, t\u00eb rinj orthodhoks\u00eb kryejn\u00eb vizita krishtlindjeje te njer\u00ebzit n\u00eb nevoj\u00eb. (Dhjetor 2010)","datePublished":"2013-03-21T09:02:42+00:00","dateModified":"2020-04-06T20:32:12+00:00","mainEntityOfPage":{"@id":"https:\/\/orthodoxalbania.org\/2020\/2013\/03\/21\/ne-tirane-te-rinj-orthodhokse-kryejne-vizita-krishtlindjeje-te-njerezit-ne-nevoje\/"},"wordCount":313,"commentCount":0,"publisher":{"@id":"https:\/\/orthodoxalbania.org\/2020\/#organization"},"image":{"@id":"https:\/\/orthodoxalbania.org\/2020\/2013\/03\/21\/ne-tirane-te-rinj-orthodhokse-kryejne-vizita-krishtlindjeje-te-njerezit-ne-nevoje\/#primaryimage"},"thumbnailUrl":"https:\/\/lh4.googleusercontent.com\/-n1atOakl9BI\/VAAyrm5KO4I\/AAAAAAAAB14\/9mfzLngWoUU\/w800-h600-no\/1.JPG","keywords":["2010","Krishtlindje","Kryepiskopata Tiran\u00eb","lajme","Rinia Orthodhokse"],"articleSection":["Lajme"],"inLanguage":"en-US"},{"@type":"WebPage","@id":"https:\/\/orthodoxalbania.org\/2020\/2013\/03\/21\/ne-tirane-te-rinj-orthodhokse-kryejne-vizita-krishtlindjeje-te-njerezit-ne-nevoje\/","url":"https:\/\/orthodoxalbania.org\/2020\/2013\/03\/21\/ne-tirane-te-rinj-orthodhokse-kryejne-vizita-krishtlindjeje-te-njerezit-ne-nevoje\/","name":"N\u00eb Tiran\u00eb, t\u00eb rinj orthodhoks\u00eb kryejn\u00eb vizita krishtlindjeje te njer\u00ebzit n\u00eb nevoj\u00eb. (Dhjetor 2010) - Kisha Orthodh\u03bfkse Autoqefale e Shqip\u00ebris\u00eb","isPartOf":{"@id":"https:\/\/orthodoxalbania.org\/2020\/#website"},"primaryImageOfPage":{"@id":"https:\/\/orthodoxalbania.org\/2020\/2013\/03\/21\/ne-tirane-te-rinj-orthodhokse-kryejne-vizita-krishtlindjeje-te-njerezit-ne-nevoje\/#primaryimage"},"image":{"@id":"https:\/\/orthodoxalbania.org\/2020\/2013\/03\/21\/ne-tirane-te-rinj-orthodhokse-kryejne-vizita-krishtlindjeje-te-njerezit-ne-nevoje\/#primaryimage"},"thumbnailUrl":"https:\/\/lh4.googleusercontent.com\/-n1atOakl9BI\/VAAyrm5KO4I\/AAAAAAAAB14\/9mfzLngWoUU\/w800-h600-no\/1.JPG","datePublished":"2013-03-21T09:02:42+00:00","dateModified":"2020-04-06T20:32:12+00:00","breadcrumb":{"@id":"https:\/\/orthodoxalbania.org\/2020\/2013\/03\/21\/ne-tirane-te-rinj-orthodhokse-kryejne-vizita-krishtlindjeje-te-njerezit-ne-nevoje\/#breadcrumb"},"inLanguage":"en-US","potentialAction":[{"@type":"ReadAction","target":["https:\/\/orthodoxalbania.org\/2020\/2013\/03\/21\/ne-tirane-te-rinj-orthodhokse-kryejne-vizita-krishtlindjeje-te-njerezit-ne-nevoje\/"]}]},{"@type":"ImageObject","inLanguage":"en-US","@id":"https:\/\/orthodoxalbania.org\/2020\/2013\/03\/21\/ne-tirane-te-rinj-orthodhokse-kryejne-vizita-krishtlindjeje-te-njerezit-ne-nevoje\/#primaryimage","url":"https:\/\/lh4.googleusercontent.com\/-n1atOakl9BI\/VAAyrm5KO4I\/AAAAAAAAB14\/9mfzLngWoUU\/w800-h600-no\/1.JPG","contentUrl":"https:\/\/lh4.googleusercontent.com\/-n1atOakl9BI\/VAAyrm5KO4I\/AAAAAAAAB14\/9mfzLngWoUU\/w800-h600-no\/1.JPG"},{"@type":"BreadcrumbList","@id":"https:\/\/orthodoxalbania.org\/2020\/2013\/03\/21\/ne-tirane-te-rinj-orthodhokse-kryejne-vizita-krishtlindjeje-te-njerezit-ne-nevoje\/#breadcrumb","itemListElement":[{"@type":"ListItem","position":1,"name":"Home","item":"https:\/\/orthodoxalbania.org\/2020\/"},{"@type":"ListItem","position":2,"name":"N\u00eb Tiran\u00eb, t\u00eb rinj orthodhoks\u00eb kryejn\u00eb vizita krishtlindjeje te njer\u00ebzit n\u00eb nevoj\u00eb. (Dhjetor 2010)"}]},{"@type":"WebSite","@id":"https:\/\/orthodoxalbania.org\/2020\/#website","url":"https:\/\/orthodoxalbania.org\/2020\/","name":"Kisha Orthodh\u03bfkse Autoqefale e Shqip\u00ebris\u00eb","description":"Fqja Zyrtare e Kish\u00ebs Orthodhokse Autoqefale e Shqip\u00ebris\u00eb me lajmet edhe informacionet zyrtare p\u00ebr struktur\u00ebn edhe veprimtarin e saj.","publisher":{"@id":"https:\/\/orthodoxalbania.org\/2020\/#organization"},"potentialAction":[{"@type":"SearchAction","target":{"@type":"EntryPoint","urlTemplate":"https:\/\/orthodoxalbania.org\/2020\/?s={search_term_string}"},"query-input":{"@type":"PropertyValueSpecification","valueRequired":true,"valueName":"search_term_string"}}],"inLanguage":"en-US"},{"@type":"Organization","@id":"https:\/\/orthodoxalbania.org\/2020\/#organization","name":"Kisha Orthodhokse Autoqefale e Shqip\u00ebris\u00eb","url":"https:\/\/orthodoxalbania.org\/2020\/","logo":{"@type":"ImageObject","inLanguage":"en-US","@id":"https:\/\/orthodoxalbania.org\/2020\/#\/schema\/logo\/image\/","url":"https:\/\/orthodoxalbania.org\/2020\/wp-content\/uploads\/2020\/05\/albania.jpeg","contentUrl":"https:\/\/orthodoxalbania.org\/2020\/wp-content\/uploads\/2020\/05\/albania.jpeg","width":540,"height":540,"caption":"Kisha Orthodhokse Autoqefale e Shqip\u00ebris\u00eb"},"image":{"@id":"https:\/\/orthodoxalbania.org\/2020\/#\/schema\/logo\/image\/"},"sameAs":["https:\/\/www.facebook.com\/koash1991"]},{"@type":"Person","@id":"https:\/\/orthodoxalbania.org\/2020\/#\/schema\/person\/0c387634a7063ac612d7ed9ce71c7e86","name":"Kisha Orthodhokse","image":{"@type":"ImageObject","inLanguage":"en-US","@id":"https:\/\/secure.gravatar.com\/avatar\/596e7c417251e30f2fbb9c00e026fce61a695a00e51c889caded71c96cbbdde5?s=96&d=mm&r=g","url":"https:\/\/secure.gravatar.com\/avatar\/596e7c417251e30f2fbb9c00e026fce61a695a00e51c889caded71c96cbbdde5?s=96&d=mm&r=g","contentUrl":"https:\/\/secure.gravatar.com\/avatar\/596e7c417251e30f2fbb9c00e026fce61a695a00e51c889caded71c96cbbdde5?s=96&d=mm&r=g","caption":"Kisha Orthodhokse"}}]}},"_links":{"self":[{"href":"https:\/\/orthodoxalbania.org\/2020\/wp-json\/wp\/v2\/posts\/975","targetHints":{"allow":["GET"]}}],"collection":[{"href":"https:\/\/orthodoxalbania.org\/2020\/wp-json\/wp\/v2\/posts"}],"about":[{"href":"https:\/\/orthodoxalbania.org\/2020\/wp-json\/wp\/v2\/types\/post"}],"author":[{"embeddable":true,"href":"https:\/\/orthodoxalbania.org\/2020\/wp-json\/wp\/v2\/users\/1"}],"replies":[{"embeddable":true,"href":"https:\/\/orthodoxalbania.org\/2020\/wp-json\/wp\/v2\/comments?post=975"}],"version-history":[{"count":1,"href":"https:\/\/orthodoxalbania.org\/2020\/wp-json\/wp\/v2\/posts\/975\/revisions"}],"predecessor-version":[{"id":15428,"href":"https:\/\/orthodoxalbania.org\/2020\/wp-json\/wp\/v2\/posts\/975\/revisions\/15428"}],"wp:attachment":[{"href":"https:\/\/orthodoxalbania.org\/2020\/wp-json\/wp\/v2\/media?parent=975"}],"wp:term":[{"taxonomy":"category","embeddable":true,"href":"https:\/\/orthodoxalbania.org\/2020\/wp-json\/wp\/v2\/categories?post=975"},{"taxonomy":"post_tag","embeddable":true,"href":"https:\/\/orthodoxalbania.org\/2020\/wp-json\/wp\/v2\/tags?post=975"}],"curies":[{"name":"wp","href":"https:\/\/api.w.org\/{rel}","templated":true}]}}