{"id":973,"date":"2006-02-26T00:00:00","date_gmt":"2006-02-26T00:00:00","guid":{"rendered":""},"modified":"2020-04-06T22:41:52","modified_gmt":"2020-04-06T20:41:52","slug":"ne-nje-nga-kampet-ditore-te-kishes-sone-marrin-pjese-edhe-13-besimtare-orthodhokse-amerikane-gusht-06","status":"publish","type":"post","link":"https:\/\/orthodoxalbania.org\/2020\/2006\/02\/26\/ne-nje-nga-kampet-ditore-te-kishes-sone-marrin-pjese-edhe-13-besimtare-orthodhokse-amerikane-gusht-06\/","title":{"rendered":"N\u00eb nj\u00eb nga kampet ditore t\u00eb Kish\u00ebs son\u00eb marrin pjes\u00eb edhe 13 besimtar\u00eb orthodhoks\u00eb amerikan\u00eb. (Gusht 2006)"},"content":{"rendered":"<table id=\"AutoNumber4\" border=\"0\">\n<tbody>\n<tr>\n<td>\n<div><span style=\"color: #000000;\"><span style=\"font-family: tahoma,geneva,sans-serif;\"><span style=\"font-size: 12px;\"><img decoding=\"async\" class=\"lazyload HAa Eha\" style=\"border-width: 1px; border-style: solid; margin: 10px;\" alt=\"\" src=\"data:image\/gif;base64,R0lGODlhAQABAAAAACH5BAEKAAEALAAAAAABAAEAAAICTAEAOw==\" data-orig-src=\"https:\/\/lh5.googleusercontent.com\/-s0TXw0Hv50Q\/VIgIAjUf58I\/AAAAAAAAFuA\/5ldZIx2Xu9Y\/w370-h277-no\/untitled1.jpg\" \/><\/span><\/span><\/span><\/div>\n<\/td>\n<td>\n<div style=\"text-align: justify;\"><span style=\"color: #000000;\"><span style=\"font-family: tahoma,geneva,sans-serif;\"><span style=\"font-size: 12px;\">&nbsp;&nbsp;&nbsp;&nbsp; Ndon\u00ebse nuk jan\u00eb misionar\u00eb, Shqip\u00ebria i bashkoi n\u00eb nj\u00eb mision t\u00eb ve\u00e7ant\u00eb 13 besimtar\u00eb orthodhoks\u00eb amerikan\u00eb, t\u00eb cil\u00ebt erdh\u00ebn nga shtete t\u00eb ndryshme t\u00eb SHBA-s\u00eb. P\u00ebr dy jav\u00eb rresht q\u00ebndruan n\u00eb vendin ton\u00eb&nbsp; p\u00ebr t\u00eb drejtuar nj\u00eb kamp p\u00ebr f\u00ebmij\u00ebt n\u00eb shkoll\u00ebn shqiptaro-amerikane \u201cProtagonis\u00ebt\u201d n\u00eb Tiran\u00eb.<\/span><\/span><\/span><\/div>\n<\/td>\n<\/tr>\n<tr>\n<td>\n<div style=\"text-align: justify;\"><span style=\"color: #000000;\"><span style=\"font-family: tahoma,geneva,sans-serif;\"><span style=\"font-size: 12px;\">&nbsp;&nbsp;&nbsp;&nbsp;&nbsp; Ata i p\u00ebrkisnin t\u00eb gjitha moshave dhe profesioneve, nga 15 deri n\u00eb 80 vje\u00e7, nj\u00eb nd\u00ebrthurje brezash n\u00eb nj\u00eb mision t\u00eb p\u00ebrbashk\u00ebt. Sigurisht edhe nj\u00eb p\u00ebrvoj\u00eb e \u00e7muar p\u00ebr shum\u00eb f\u00ebmij\u00eb t\u00eb kryeqytetit, t\u00eb cil\u00ebt p\u00ebrfituan disa m\u00ebsime kryesore t\u00eb besimit orthodhoks, por edhe nj\u00eb komunikim t\u00eb avancuar p\u00ebr praktikimin e gjuh\u00ebs angleze.<\/span><\/span><\/span><\/div>\n<\/td>\n<td>\n<div><span style=\"color: #000000;\"><span style=\"font-family: tahoma,geneva,sans-serif;\"><span style=\"font-size: 12px;\"><img decoding=\"async\" class=\"lazyload HAa Eha\" style=\"border-width: 1px; border-style: solid; margin: 10px;\" alt=\"\" src=\"data:image\/gif;base64,R0lGODlhAQABAAAAACH5BAEKAAEALAAAAAABAAEAAAICTAEAOw==\" data-orig-src=\"https:\/\/lh4.googleusercontent.com\/-LKcRsPgxLGw\/VIgIA9krmOI\/AAAAAAAAFt8\/cLYLBW6N1Lg\/w370-h277-no\/untitled2.jpg\" \/><\/span><\/span><\/span><\/div>\n<\/td>\n<\/tr>\n<tr>\n<td>\n<div><span style=\"color: #000000;\"><span style=\"font-family: tahoma,geneva,sans-serif;\"><span style=\"font-size: 12px;\"><img decoding=\"async\" class=\"lazyload HAa Eha\" style=\"border-width: 1px; border-style: solid; margin: 10px;\" alt=\"\" src=\"data:image\/gif;base64,R0lGODlhAQABAAAAACH5BAEKAAEALAAAAAABAAEAAAICTAEAOw==\" data-orig-src=\"https:\/\/lh6.googleusercontent.com\/-22pEpNXeuGY\/VIgIA7RfEcI\/AAAAAAAAFt4\/9STo5ndix1g\/w370-h277-no\/untitled3.jpg\" \/><\/span><\/span><\/span><\/div>\n<\/td>\n<td>\n<div style=\"text-align: justify;\"><span style=\"color: #000000;\"><span style=\"font-family: tahoma,geneva,sans-serif;\"><span style=\"font-size: 12px;\">&nbsp;&nbsp;&nbsp;&nbsp; \u00c7do dit\u00eb n\u00eb dy jav\u00ebt e para t\u00eb muajit gusht, miqt\u00eb amerikan\u00eb kaluan nj\u00eb koh\u00eb t\u00eb k\u00ebndshme p\u00ebr 4 or\u00eb rresht me f\u00ebmij\u00ebt shqiptar\u00eb. Programi p\u00ebrmbante gjith\u00e7ka; aktivitete edukative, kulturore dhe arg\u00ebtuese, sh\u00ebtitje rreth kodrave t\u00eb liqenit artificial. Natyra e bukur p\u00ebrreth shkoll\u00ebs \u201cProtagonist\u00ebt\u201d e b\u00ebnte edhe m\u00eb brilante koh\u00ebn e k\u00ebtij kampi ditor.<\/span><\/span><\/span><\/div>\n<\/td>\n<\/tr>\n<tr>\n<td>\n<div style=\"text-align: justify;\"><span style=\"color: #000000;\"><span style=\"font-family: tahoma,geneva,sans-serif;\"><span style=\"font-size: 12px;\">&nbsp;&nbsp;&nbsp;&nbsp;&nbsp; Dit\u00ebn e fundit ishte rezervuar nj\u00eb fest\u00eb e ve\u00e7ant\u00eb nga stafi n\u00eb bashk\u00ebpunim me 40 f\u00ebmij\u00ebt e k\u00ebtij kampi . P\u00ebr m\u00eb shum\u00eb se nj\u00eb or\u00eb ata shfaq\u00ebn n\u00eb oborrin e shkoll\u00ebs \u201cProtagonist\u00ebs\u201d para prind\u00ebrv\u00eb t\u00eb f\u00ebmij\u00ebve nj\u00eb festival me k\u00ebng\u00eb, drama dhe interpretime n\u00eb shqip dhe anglisht. 13 orthodhoks\u00ebt amerikan\u00eb e p\u00ebrqendruan pun\u00ebn e tyre edhe n\u00eb sht\u00ebpin\u00eb e f\u00ebmij\u00ebve \u201cShpresa\u201d n\u00eb Sh\u00ebn Vlash t\u00eb Durr\u00ebsit.<\/span><\/span><\/span><\/div>\n<\/td>\n<td>\n<div><span style=\"color: #000000;\"><span style=\"font-family: tahoma,geneva,sans-serif;\"><span style=\"font-size: 12px;\"><img decoding=\"async\" class=\"lazyload HAa Eha\" style=\"border-width: 1px; border-style: solid; margin: 10px;\" alt=\"\" src=\"data:image\/gif;base64,R0lGODlhAQABAAAAACH5BAEKAAEALAAAAAABAAEAAAICTAEAOw==\" data-orig-src=\"https:\/\/lh4.googleusercontent.com\/-ZF0sJqo-AmU\/VIgIBNmc_oI\/AAAAAAAAFtw\/YlBG0eeLyOE\/w370-h277-no\/untitled4.jpg\" \/><\/span><\/span><\/span><\/div>\n<\/td>\n<\/tr>\n<tr>\n<td>\n<div><span style=\"color: #000000;\"><span style=\"font-family: tahoma,geneva,sans-serif;\"><span style=\"font-size: 12px;\"><img decoding=\"async\" class=\"lazyload HAa Eha\" style=\"border-width: 1px; border-style: solid; margin: 10px;\" alt=\"\" src=\"data:image\/gif;base64,R0lGODlhAQABAAAAACH5BAEKAAEALAAAAAABAAEAAAICTAEAOw==\" data-orig-src=\"https:\/\/lh6.googleusercontent.com\/-xLiXeaiFXto\/VIgIBde14gI\/AAAAAAAAFts\/LYdAqDLU4LY\/w370-h277-no\/untitled5.jpg\" \/><\/span><\/span><\/span><\/div>\n<\/td>\n<td>\n<div style=\"text-align: justify;\"><span style=\"color: #000000;\"><span style=\"font-family: tahoma,geneva,sans-serif;\"><span style=\"font-size: 12px;\">&nbsp;&nbsp;&nbsp;&nbsp; N\u00eb nj\u00eb ambient t\u00eb ngroht\u00eb familjar, f\u00ebmij\u00ebt e k\u00ebsaj sht\u00ebpie p\u00ebrjetuan momente t\u00eb paharruara. Nj\u00eb koh\u00eb e ve\u00e7ant\u00eb edhe p\u00ebr t\u00eb rinjt\u00eb orthodhoks\u00eb t\u00eb kryeqytetit, t\u00eb cil\u00ebt i prit\u00ebn ata n\u00eb nj\u00eb dark\u00eb n\u00eb sht\u00ebpin\u00eb \u201cBethlehem\u201d ku biseduan rreth veprimtarive q\u00eb organizohen nga Kisha n\u00eb Shqip\u00ebri dhe Amerik\u00eb si dhe k\u00ebnduan e k\u00ebrcyen s\u00eb bashku.<\/span><\/span><\/span><\/div>\n<\/td>\n<\/tr>\n<tr>\n<td>\n<div style=\"text-align: justify;\"><span style=\"color: #000000;\"><span style=\"font-family: tahoma,geneva,sans-serif;\"><span style=\"font-size: 12px;\">&nbsp;&nbsp;&nbsp;&nbsp; K\u00ebto dit\u00eb ishin shum\u00eb t\u00eb vlefshme edhe p\u00ebr miqt\u00eb e ardhur nga Amerika, t\u00eb cil\u00ebt fal\u00ebnderuan ideator\u00ebt dhe mikprit\u00ebsit shqiptar\u00eb, mes t\u00eb cil\u00ebve ishte edhe Kryepiskopi Anastas, i cili u p\u00ebrkujdes p\u00ebr mbar\u00ebvajtjen e k\u00ebtij kampi, por edhe p\u00ebr akomodimin dhe p\u00ebrkujdesjen e 13 bashk\u00ebpun\u00ebtor\u00ebve t\u00eb ardhur posa\u00e7\u00ebrisht p\u00ebr t\u00eb ndihmuar n\u00eb kampet q\u00eb organizon Kisha jon\u00eb.&nbsp;<\/span><\/span><\/span><\/div>\n<\/td>\n<td>\n<div><span style=\"color: #000000;\"><span style=\"font-family: tahoma,geneva,sans-serif;\"><span style=\"font-size: 12px;\"><img decoding=\"async\" class=\"lazyload HAa Eha\" style=\"border-width: 1px; border-style: solid; margin: 10px;\" alt=\"\" src=\"data:image\/gif;base64,R0lGODlhAQABAAAAACH5BAEKAAEALAAAAAABAAEAAAICTAEAOw==\" data-orig-src=\"https:\/\/lh6.googleusercontent.com\/-4k9oteyaweI\/VIgIBv6C4EI\/AAAAAAAAFt0\/pTNuHrRrYrE\/w370-h277-no\/untitled6.jpg\" \/><\/span><\/span><\/span><\/div>\n<\/td>\n<\/tr>\n<tr>\n<td>\n<div>&nbsp;<\/div>\n<\/td>\n<td>\n<div>&nbsp;<\/div>\n<\/td>\n<\/tr>\n<\/tbody>\n<\/table>\n<div style=\"margin-left: 4.5in;\"><span style=\"color: #000000;\"><span style=\"font-family: tahoma,geneva,sans-serif;\"><span style=\"font-size: 12px;\">&nbsp;&nbsp;&nbsp;&nbsp;&nbsp;&nbsp;&nbsp;&nbsp;&nbsp;&nbsp;&nbsp;&nbsp;&nbsp;&nbsp;&nbsp;&nbsp;&nbsp;&nbsp;&nbsp;&nbsp;&nbsp;&nbsp;&nbsp;&nbsp;&nbsp;&nbsp;&nbsp;&nbsp;&nbsp;&nbsp;&nbsp;&nbsp;&nbsp;&nbsp;&nbsp;&nbsp;&nbsp;&nbsp;&nbsp;&nbsp;&nbsp;&nbsp;&nbsp;&nbsp;&nbsp;&nbsp;&nbsp;&nbsp;&nbsp;&nbsp;&nbsp;&nbsp;&nbsp;&nbsp;&nbsp;&nbsp;&nbsp;&nbsp;&nbsp;&nbsp;&nbsp;&nbsp;&nbsp;&nbsp;&nbsp;&nbsp;&nbsp;&nbsp;&nbsp;&nbsp;&nbsp;&nbsp;&nbsp;&nbsp;&nbsp;&nbsp;&nbsp;&nbsp;&nbsp;&nbsp;&nbsp;&nbsp;&nbsp;&nbsp;&nbsp;&nbsp; &nbsp;&nbsp;&nbsp;<\/span><\/span><\/span><\/div>\n<div><span style=\"color: #000000;\"><span style=\"font-family: tahoma,geneva,sans-serif;\"><span style=\"font-size: 12px;\"><strong>I. Koti<\/strong><\/span><\/span><\/span><\/div>\n<div>&nbsp;<\/div>\n","protected":false},"excerpt":{"rendered":"<p>&nbsp;&nbsp;&nbsp;&nbsp; Ndon\u00ebse nuk jan\u00eb misionar\u00eb, Shqip\u00ebria i bashkoi n\u00eb nj\u00eb mision t\u00eb ve\u00e7ant\u00eb 13 besimtar\u00eb orthodhoks\u00eb amerikan\u00eb, t\u00eb cil\u00ebt erdh\u00ebn nga shtete t\u00eb ndryshme t\u00eb SHBA-s\u00eb. P\u00ebr dy jav\u00eb rresht q\u00ebndruan n\u00eb vendin ton\u00eb&nbsp; p\u00ebr t\u00eb drejtuar nj\u00eb kamp p\u00ebr f\u00ebmij\u00ebt n\u00eb shkoll\u00ebn shqiptaro-amerikane \u201cProtagonis\u00ebt\u201d n\u00eb Tiran\u00eb. &nbsp;&nbsp;&nbsp;&nbsp;&nbsp; Ata i p\u00ebrkisnin t\u00eb gjitha moshave dhe profesioneve, nga 15 deri n\u00eb 80 vje\u00e7, nj\u00eb nd\u00ebrthurje brezash<\/p>\n","protected":false},"author":1,"featured_media":0,"comment_status":"open","ping_status":"open","sticky":false,"template":"","format":"standard","meta":{"_acf_changed":false,"pagelayer_contact_templates":[],"_pagelayer_content":"","inline_featured_image":false,"fifu_image_url":"","fifu_image_alt":"","footnotes":""},"categories":[108],"tags":[148,200,196,212],"class_list":["post-973","post","type-post","status-publish","format-standard","hentry","category-lajme","tag-148","tag-kampe-verore","tag-tirane","tag-lajme-d27"],"acf":[],"yoast_head":"<!-- This site is optimized with the Yoast SEO plugin v27.2 - https:\/\/yoast.com\/product\/yoast-seo-wordpress\/ -->\n<title>N\u00eb nj\u00eb nga kampet ditore t\u00eb Kish\u00ebs son\u00eb marrin pjes\u00eb edhe 13 besimtar\u00eb orthodhoks\u00eb amerikan\u00eb. (Gusht 2006) - Kisha Orthodh\u03bfkse Autoqefale e Shqip\u00ebris\u00eb<\/title>\n<meta name=\"robots\" content=\"index, follow, max-snippet:-1, max-image-preview:large, max-video-preview:-1\" \/>\n<link rel=\"canonical\" href=\"https:\/\/orthodoxalbania.org\/2020\/2006\/02\/26\/ne-nje-nga-kampet-ditore-te-kishes-sone-marrin-pjese-edhe-13-besimtare-orthodhokse-amerikane-gusht-06\/\" \/>\n<meta property=\"og:locale\" content=\"en_US\" \/>\n<meta property=\"og:type\" content=\"article\" \/>\n<meta property=\"og:title\" content=\"N\u00eb nj\u00eb nga kampet ditore t\u00eb Kish\u00ebs son\u00eb marrin pjes\u00eb edhe 13 besimtar\u00eb orthodhoks\u00eb amerikan\u00eb. (Gusht 2006) - Kisha Orthodh\u03bfkse Autoqefale e Shqip\u00ebris\u00eb\" \/>\n<meta property=\"og:description\" content=\"&nbsp;&nbsp;&nbsp;&nbsp; Ndon\u00ebse nuk jan\u00eb misionar\u00eb, Shqip\u00ebria i bashkoi n\u00eb nj\u00eb mision t\u00eb ve\u00e7ant\u00eb 13 besimtar\u00eb orthodhoks\u00eb amerikan\u00eb, t\u00eb cil\u00ebt erdh\u00ebn nga shtete t\u00eb ndryshme t\u00eb SHBA-s\u00eb. P\u00ebr dy jav\u00eb rresht q\u00ebndruan n\u00eb vendin ton\u00eb&nbsp; p\u00ebr t\u00eb drejtuar nj\u00eb kamp p\u00ebr f\u00ebmij\u00ebt n\u00eb shkoll\u00ebn shqiptaro-amerikane \u201cProtagonis\u00ebt\u201d n\u00eb Tiran\u00eb. &nbsp;&nbsp;&nbsp;&nbsp;&nbsp; Ata i p\u00ebrkisnin t\u00eb gjitha moshave dhe profesioneve, nga 15 deri n\u00eb 80 vje\u00e7, nj\u00eb nd\u00ebrthurje brezash\" \/>\n<meta property=\"og:url\" content=\"https:\/\/orthodoxalbania.org\/2020\/2006\/02\/26\/ne-nje-nga-kampet-ditore-te-kishes-sone-marrin-pjese-edhe-13-besimtare-orthodhokse-amerikane-gusht-06\/\" \/>\n<meta property=\"og:site_name\" content=\"Kisha Orthodh\u03bfkse Autoqefale e Shqip\u00ebris\u00eb\" \/>\n<meta property=\"article:publisher\" content=\"https:\/\/www.facebook.com\/koash1991\" \/>\n<meta property=\"article:published_time\" content=\"2006-02-26T00:00:00+00:00\" \/>\n<meta property=\"article:modified_time\" content=\"2020-04-06T20:41:52+00:00\" \/>\n<meta property=\"og:image\" content=\"https:\/\/lh5.googleusercontent.com\/-s0TXw0Hv50Q\/VIgIAjUf58I\/AAAAAAAAFuA\/5ldZIx2Xu9Y\/w370-h277-no\/untitled1.jpg\" \/>\n<meta name=\"author\" content=\"Kisha Orthodhokse\" \/>\n<meta name=\"twitter:card\" content=\"summary_large_image\" \/>\n<meta name=\"twitter:label1\" content=\"Written by\" \/>\n\t<meta name=\"twitter:data1\" content=\"Kisha Orthodhokse\" \/>\n\t<meta name=\"twitter:label2\" content=\"Est. reading time\" \/>\n\t<meta name=\"twitter:data2\" content=\"3 minutes\" \/>\n<script type=\"application\/ld+json\" class=\"yoast-schema-graph\">{\"@context\":\"https:\/\/schema.org\",\"@graph\":[{\"@type\":\"Article\",\"@id\":\"https:\/\/orthodoxalbania.org\/2020\/2006\/02\/26\/ne-nje-nga-kampet-ditore-te-kishes-sone-marrin-pjese-edhe-13-besimtare-orthodhokse-amerikane-gusht-06\/#article\",\"isPartOf\":{\"@id\":\"https:\/\/orthodoxalbania.org\/2020\/2006\/02\/26\/ne-nje-nga-kampet-ditore-te-kishes-sone-marrin-pjese-edhe-13-besimtare-orthodhokse-amerikane-gusht-06\/\"},\"author\":{\"name\":\"Kisha Orthodhokse\",\"@id\":\"https:\/\/orthodoxalbania.org\/2020\/#\/schema\/person\/0c387634a7063ac612d7ed9ce71c7e86\"},\"headline\":\"N\u00eb nj\u00eb nga kampet ditore t\u00eb Kish\u00ebs son\u00eb marrin pjes\u00eb edhe 13 besimtar\u00eb orthodhoks\u00eb amerikan\u00eb. (Gusht 2006)\",\"datePublished\":\"2006-02-26T00:00:00+00:00\",\"dateModified\":\"2020-04-06T20:41:52+00:00\",\"mainEntityOfPage\":{\"@id\":\"https:\/\/orthodoxalbania.org\/2020\/2006\/02\/26\/ne-nje-nga-kampet-ditore-te-kishes-sone-marrin-pjese-edhe-13-besimtare-orthodhokse-amerikane-gusht-06\/\"},\"wordCount\":555,\"commentCount\":0,\"publisher\":{\"@id\":\"https:\/\/orthodoxalbania.org\/2020\/#organization\"},\"image\":{\"@id\":\"https:\/\/orthodoxalbania.org\/2020\/2006\/02\/26\/ne-nje-nga-kampet-ditore-te-kishes-sone-marrin-pjese-edhe-13-besimtare-orthodhokse-amerikane-gusht-06\/#primaryimage\"},\"thumbnailUrl\":\"https:\/\/lh5.googleusercontent.com\/-s0TXw0Hv50Q\/VIgIAjUf58I\/AAAAAAAAFuA\/5ldZIx2Xu9Y\/w370-h277-no\/untitled1.jpg\",\"keywords\":[\"2006\",\"Kampe verore\",\"Kryepiskopata Tiran\u00eb\",\"lajme\"],\"articleSection\":[\"Lajme\"],\"inLanguage\":\"en-US\"},{\"@type\":\"WebPage\",\"@id\":\"https:\/\/orthodoxalbania.org\/2020\/2006\/02\/26\/ne-nje-nga-kampet-ditore-te-kishes-sone-marrin-pjese-edhe-13-besimtare-orthodhokse-amerikane-gusht-06\/\",\"url\":\"https:\/\/orthodoxalbania.org\/2020\/2006\/02\/26\/ne-nje-nga-kampet-ditore-te-kishes-sone-marrin-pjese-edhe-13-besimtare-orthodhokse-amerikane-gusht-06\/\",\"name\":\"N\u00eb nj\u00eb nga kampet ditore t\u00eb Kish\u00ebs son\u00eb marrin pjes\u00eb edhe 13 besimtar\u00eb orthodhoks\u00eb amerikan\u00eb. (Gusht 2006) - Kisha Orthodh\u03bfkse Autoqefale e Shqip\u00ebris\u00eb\",\"isPartOf\":{\"@id\":\"https:\/\/orthodoxalbania.org\/2020\/#website\"},\"primaryImageOfPage\":{\"@id\":\"https:\/\/orthodoxalbania.org\/2020\/2006\/02\/26\/ne-nje-nga-kampet-ditore-te-kishes-sone-marrin-pjese-edhe-13-besimtare-orthodhokse-amerikane-gusht-06\/#primaryimage\"},\"image\":{\"@id\":\"https:\/\/orthodoxalbania.org\/2020\/2006\/02\/26\/ne-nje-nga-kampet-ditore-te-kishes-sone-marrin-pjese-edhe-13-besimtare-orthodhokse-amerikane-gusht-06\/#primaryimage\"},\"thumbnailUrl\":\"https:\/\/lh5.googleusercontent.com\/-s0TXw0Hv50Q\/VIgIAjUf58I\/AAAAAAAAFuA\/5ldZIx2Xu9Y\/w370-h277-no\/untitled1.jpg\",\"datePublished\":\"2006-02-26T00:00:00+00:00\",\"dateModified\":\"2020-04-06T20:41:52+00:00\",\"breadcrumb\":{\"@id\":\"https:\/\/orthodoxalbania.org\/2020\/2006\/02\/26\/ne-nje-nga-kampet-ditore-te-kishes-sone-marrin-pjese-edhe-13-besimtare-orthodhokse-amerikane-gusht-06\/#breadcrumb\"},\"inLanguage\":\"en-US\",\"potentialAction\":[{\"@type\":\"ReadAction\",\"target\":[\"https:\/\/orthodoxalbania.org\/2020\/2006\/02\/26\/ne-nje-nga-kampet-ditore-te-kishes-sone-marrin-pjese-edhe-13-besimtare-orthodhokse-amerikane-gusht-06\/\"]}]},{\"@type\":\"ImageObject\",\"inLanguage\":\"en-US\",\"@id\":\"https:\/\/orthodoxalbania.org\/2020\/2006\/02\/26\/ne-nje-nga-kampet-ditore-te-kishes-sone-marrin-pjese-edhe-13-besimtare-orthodhokse-amerikane-gusht-06\/#primaryimage\",\"url\":\"https:\/\/lh5.googleusercontent.com\/-s0TXw0Hv50Q\/VIgIAjUf58I\/AAAAAAAAFuA\/5ldZIx2Xu9Y\/w370-h277-no\/untitled1.jpg\",\"contentUrl\":\"https:\/\/lh5.googleusercontent.com\/-s0TXw0Hv50Q\/VIgIAjUf58I\/AAAAAAAAFuA\/5ldZIx2Xu9Y\/w370-h277-no\/untitled1.jpg\"},{\"@type\":\"BreadcrumbList\",\"@id\":\"https:\/\/orthodoxalbania.org\/2020\/2006\/02\/26\/ne-nje-nga-kampet-ditore-te-kishes-sone-marrin-pjese-edhe-13-besimtare-orthodhokse-amerikane-gusht-06\/#breadcrumb\",\"itemListElement\":[{\"@type\":\"ListItem\",\"position\":1,\"name\":\"Home\",\"item\":\"https:\/\/orthodoxalbania.org\/2020\/\"},{\"@type\":\"ListItem\",\"position\":2,\"name\":\"N\u00eb nj\u00eb nga kampet ditore t\u00eb Kish\u00ebs son\u00eb marrin pjes\u00eb edhe 13 besimtar\u00eb orthodhoks\u00eb amerikan\u00eb. (Gusht 2006)\"}]},{\"@type\":\"WebSite\",\"@id\":\"https:\/\/orthodoxalbania.org\/2020\/#website\",\"url\":\"https:\/\/orthodoxalbania.org\/2020\/\",\"name\":\"Kisha Orthodh\u03bfkse Autoqefale e Shqip\u00ebris\u00eb\",\"description\":\"Fqja Zyrtare e Kish\u00ebs Orthodhokse Autoqefale e Shqip\u00ebris\u00eb me lajmet edhe informacionet zyrtare p\u00ebr struktur\u00ebn edhe veprimtarin e saj.\",\"publisher\":{\"@id\":\"https:\/\/orthodoxalbania.org\/2020\/#organization\"},\"potentialAction\":[{\"@type\":\"SearchAction\",\"target\":{\"@type\":\"EntryPoint\",\"urlTemplate\":\"https:\/\/orthodoxalbania.org\/2020\/?s={search_term_string}\"},\"query-input\":{\"@type\":\"PropertyValueSpecification\",\"valueRequired\":true,\"valueName\":\"search_term_string\"}}],\"inLanguage\":\"en-US\"},{\"@type\":\"Organization\",\"@id\":\"https:\/\/orthodoxalbania.org\/2020\/#organization\",\"name\":\"Kisha Orthodhokse Autoqefale e Shqip\u00ebris\u00eb\",\"url\":\"https:\/\/orthodoxalbania.org\/2020\/\",\"logo\":{\"@type\":\"ImageObject\",\"inLanguage\":\"en-US\",\"@id\":\"https:\/\/orthodoxalbania.org\/2020\/#\/schema\/logo\/image\/\",\"url\":\"https:\/\/orthodoxalbania.org\/2020\/wp-content\/uploads\/2020\/05\/albania.jpeg\",\"contentUrl\":\"https:\/\/orthodoxalbania.org\/2020\/wp-content\/uploads\/2020\/05\/albania.jpeg\",\"width\":540,\"height\":540,\"caption\":\"Kisha Orthodhokse Autoqefale e Shqip\u00ebris\u00eb\"},\"image\":{\"@id\":\"https:\/\/orthodoxalbania.org\/2020\/#\/schema\/logo\/image\/\"},\"sameAs\":[\"https:\/\/www.facebook.com\/koash1991\"]},{\"@type\":\"Person\",\"@id\":\"https:\/\/orthodoxalbania.org\/2020\/#\/schema\/person\/0c387634a7063ac612d7ed9ce71c7e86\",\"name\":\"Kisha Orthodhokse\",\"image\":{\"@type\":\"ImageObject\",\"inLanguage\":\"en-US\",\"@id\":\"https:\/\/secure.gravatar.com\/avatar\/596e7c417251e30f2fbb9c00e026fce61a695a00e51c889caded71c96cbbdde5?s=96&d=mm&r=g\",\"url\":\"https:\/\/secure.gravatar.com\/avatar\/596e7c417251e30f2fbb9c00e026fce61a695a00e51c889caded71c96cbbdde5?s=96&d=mm&r=g\",\"contentUrl\":\"https:\/\/secure.gravatar.com\/avatar\/596e7c417251e30f2fbb9c00e026fce61a695a00e51c889caded71c96cbbdde5?s=96&d=mm&r=g\",\"caption\":\"Kisha Orthodhokse\"}}]}<\/script>\n<!-- \/ Yoast SEO plugin. -->","yoast_head_json":{"title":"N\u00eb nj\u00eb nga kampet ditore t\u00eb Kish\u00ebs son\u00eb marrin pjes\u00eb edhe 13 besimtar\u00eb orthodhoks\u00eb amerikan\u00eb. (Gusht 2006) - Kisha Orthodh\u03bfkse Autoqefale e Shqip\u00ebris\u00eb","robots":{"index":"index","follow":"follow","max-snippet":"max-snippet:-1","max-image-preview":"max-image-preview:large","max-video-preview":"max-video-preview:-1"},"canonical":"https:\/\/orthodoxalbania.org\/2020\/2006\/02\/26\/ne-nje-nga-kampet-ditore-te-kishes-sone-marrin-pjese-edhe-13-besimtare-orthodhokse-amerikane-gusht-06\/","og_locale":"en_US","og_type":"article","og_title":"N\u00eb nj\u00eb nga kampet ditore t\u00eb Kish\u00ebs son\u00eb marrin pjes\u00eb edhe 13 besimtar\u00eb orthodhoks\u00eb amerikan\u00eb. (Gusht 2006) - Kisha Orthodh\u03bfkse Autoqefale e Shqip\u00ebris\u00eb","og_description":"&nbsp;&nbsp;&nbsp;&nbsp; Ndon\u00ebse nuk jan\u00eb misionar\u00eb, Shqip\u00ebria i bashkoi n\u00eb nj\u00eb mision t\u00eb ve\u00e7ant\u00eb 13 besimtar\u00eb orthodhoks\u00eb amerikan\u00eb, t\u00eb cil\u00ebt erdh\u00ebn nga shtete t\u00eb ndryshme t\u00eb SHBA-s\u00eb. P\u00ebr dy jav\u00eb rresht q\u00ebndruan n\u00eb vendin ton\u00eb&nbsp; p\u00ebr t\u00eb drejtuar nj\u00eb kamp p\u00ebr f\u00ebmij\u00ebt n\u00eb shkoll\u00ebn shqiptaro-amerikane \u201cProtagonis\u00ebt\u201d n\u00eb Tiran\u00eb. &nbsp;&nbsp;&nbsp;&nbsp;&nbsp; Ata i p\u00ebrkisnin t\u00eb gjitha moshave dhe profesioneve, nga 15 deri n\u00eb 80 vje\u00e7, nj\u00eb nd\u00ebrthurje brezash","og_url":"https:\/\/orthodoxalbania.org\/2020\/2006\/02\/26\/ne-nje-nga-kampet-ditore-te-kishes-sone-marrin-pjese-edhe-13-besimtare-orthodhokse-amerikane-gusht-06\/","og_site_name":"Kisha Orthodh\u03bfkse Autoqefale e Shqip\u00ebris\u00eb","article_publisher":"https:\/\/www.facebook.com\/koash1991","article_published_time":"2006-02-26T00:00:00+00:00","article_modified_time":"2020-04-06T20:41:52+00:00","og_image":[{"url":"https:\/\/lh5.googleusercontent.com\/-s0TXw0Hv50Q\/VIgIAjUf58I\/AAAAAAAAFuA\/5ldZIx2Xu9Y\/w370-h277-no\/untitled1.jpg","type":"","width":"","height":""}],"author":"Kisha Orthodhokse","twitter_card":"summary_large_image","twitter_misc":{"Written by":"Kisha Orthodhokse","Est. reading time":"3 minutes"},"schema":{"@context":"https:\/\/schema.org","@graph":[{"@type":"Article","@id":"https:\/\/orthodoxalbania.org\/2020\/2006\/02\/26\/ne-nje-nga-kampet-ditore-te-kishes-sone-marrin-pjese-edhe-13-besimtare-orthodhokse-amerikane-gusht-06\/#article","isPartOf":{"@id":"https:\/\/orthodoxalbania.org\/2020\/2006\/02\/26\/ne-nje-nga-kampet-ditore-te-kishes-sone-marrin-pjese-edhe-13-besimtare-orthodhokse-amerikane-gusht-06\/"},"author":{"name":"Kisha Orthodhokse","@id":"https:\/\/orthodoxalbania.org\/2020\/#\/schema\/person\/0c387634a7063ac612d7ed9ce71c7e86"},"headline":"N\u00eb nj\u00eb nga kampet ditore t\u00eb Kish\u00ebs son\u00eb marrin pjes\u00eb edhe 13 besimtar\u00eb orthodhoks\u00eb amerikan\u00eb. (Gusht 2006)","datePublished":"2006-02-26T00:00:00+00:00","dateModified":"2020-04-06T20:41:52+00:00","mainEntityOfPage":{"@id":"https:\/\/orthodoxalbania.org\/2020\/2006\/02\/26\/ne-nje-nga-kampet-ditore-te-kishes-sone-marrin-pjese-edhe-13-besimtare-orthodhokse-amerikane-gusht-06\/"},"wordCount":555,"commentCount":0,"publisher":{"@id":"https:\/\/orthodoxalbania.org\/2020\/#organization"},"image":{"@id":"https:\/\/orthodoxalbania.org\/2020\/2006\/02\/26\/ne-nje-nga-kampet-ditore-te-kishes-sone-marrin-pjese-edhe-13-besimtare-orthodhokse-amerikane-gusht-06\/#primaryimage"},"thumbnailUrl":"https:\/\/lh5.googleusercontent.com\/-s0TXw0Hv50Q\/VIgIAjUf58I\/AAAAAAAAFuA\/5ldZIx2Xu9Y\/w370-h277-no\/untitled1.jpg","keywords":["2006","Kampe verore","Kryepiskopata Tiran\u00eb","lajme"],"articleSection":["Lajme"],"inLanguage":"en-US"},{"@type":"WebPage","@id":"https:\/\/orthodoxalbania.org\/2020\/2006\/02\/26\/ne-nje-nga-kampet-ditore-te-kishes-sone-marrin-pjese-edhe-13-besimtare-orthodhokse-amerikane-gusht-06\/","url":"https:\/\/orthodoxalbania.org\/2020\/2006\/02\/26\/ne-nje-nga-kampet-ditore-te-kishes-sone-marrin-pjese-edhe-13-besimtare-orthodhokse-amerikane-gusht-06\/","name":"N\u00eb nj\u00eb nga kampet ditore t\u00eb Kish\u00ebs son\u00eb marrin pjes\u00eb edhe 13 besimtar\u00eb orthodhoks\u00eb amerikan\u00eb. (Gusht 2006) - Kisha Orthodh\u03bfkse Autoqefale e Shqip\u00ebris\u00eb","isPartOf":{"@id":"https:\/\/orthodoxalbania.org\/2020\/#website"},"primaryImageOfPage":{"@id":"https:\/\/orthodoxalbania.org\/2020\/2006\/02\/26\/ne-nje-nga-kampet-ditore-te-kishes-sone-marrin-pjese-edhe-13-besimtare-orthodhokse-amerikane-gusht-06\/#primaryimage"},"image":{"@id":"https:\/\/orthodoxalbania.org\/2020\/2006\/02\/26\/ne-nje-nga-kampet-ditore-te-kishes-sone-marrin-pjese-edhe-13-besimtare-orthodhokse-amerikane-gusht-06\/#primaryimage"},"thumbnailUrl":"https:\/\/lh5.googleusercontent.com\/-s0TXw0Hv50Q\/VIgIAjUf58I\/AAAAAAAAFuA\/5ldZIx2Xu9Y\/w370-h277-no\/untitled1.jpg","datePublished":"2006-02-26T00:00:00+00:00","dateModified":"2020-04-06T20:41:52+00:00","breadcrumb":{"@id":"https:\/\/orthodoxalbania.org\/2020\/2006\/02\/26\/ne-nje-nga-kampet-ditore-te-kishes-sone-marrin-pjese-edhe-13-besimtare-orthodhokse-amerikane-gusht-06\/#breadcrumb"},"inLanguage":"en-US","potentialAction":[{"@type":"ReadAction","target":["https:\/\/orthodoxalbania.org\/2020\/2006\/02\/26\/ne-nje-nga-kampet-ditore-te-kishes-sone-marrin-pjese-edhe-13-besimtare-orthodhokse-amerikane-gusht-06\/"]}]},{"@type":"ImageObject","inLanguage":"en-US","@id":"https:\/\/orthodoxalbania.org\/2020\/2006\/02\/26\/ne-nje-nga-kampet-ditore-te-kishes-sone-marrin-pjese-edhe-13-besimtare-orthodhokse-amerikane-gusht-06\/#primaryimage","url":"https:\/\/lh5.googleusercontent.com\/-s0TXw0Hv50Q\/VIgIAjUf58I\/AAAAAAAAFuA\/5ldZIx2Xu9Y\/w370-h277-no\/untitled1.jpg","contentUrl":"https:\/\/lh5.googleusercontent.com\/-s0TXw0Hv50Q\/VIgIAjUf58I\/AAAAAAAAFuA\/5ldZIx2Xu9Y\/w370-h277-no\/untitled1.jpg"},{"@type":"BreadcrumbList","@id":"https:\/\/orthodoxalbania.org\/2020\/2006\/02\/26\/ne-nje-nga-kampet-ditore-te-kishes-sone-marrin-pjese-edhe-13-besimtare-orthodhokse-amerikane-gusht-06\/#breadcrumb","itemListElement":[{"@type":"ListItem","position":1,"name":"Home","item":"https:\/\/orthodoxalbania.org\/2020\/"},{"@type":"ListItem","position":2,"name":"N\u00eb nj\u00eb nga kampet ditore t\u00eb Kish\u00ebs son\u00eb marrin pjes\u00eb edhe 13 besimtar\u00eb orthodhoks\u00eb amerikan\u00eb. (Gusht 2006)"}]},{"@type":"WebSite","@id":"https:\/\/orthodoxalbania.org\/2020\/#website","url":"https:\/\/orthodoxalbania.org\/2020\/","name":"Kisha Orthodh\u03bfkse Autoqefale e Shqip\u00ebris\u00eb","description":"Fqja Zyrtare e Kish\u00ebs Orthodhokse Autoqefale e Shqip\u00ebris\u00eb me lajmet edhe informacionet zyrtare p\u00ebr struktur\u00ebn edhe veprimtarin e saj.","publisher":{"@id":"https:\/\/orthodoxalbania.org\/2020\/#organization"},"potentialAction":[{"@type":"SearchAction","target":{"@type":"EntryPoint","urlTemplate":"https:\/\/orthodoxalbania.org\/2020\/?s={search_term_string}"},"query-input":{"@type":"PropertyValueSpecification","valueRequired":true,"valueName":"search_term_string"}}],"inLanguage":"en-US"},{"@type":"Organization","@id":"https:\/\/orthodoxalbania.org\/2020\/#organization","name":"Kisha Orthodhokse Autoqefale e Shqip\u00ebris\u00eb","url":"https:\/\/orthodoxalbania.org\/2020\/","logo":{"@type":"ImageObject","inLanguage":"en-US","@id":"https:\/\/orthodoxalbania.org\/2020\/#\/schema\/logo\/image\/","url":"https:\/\/orthodoxalbania.org\/2020\/wp-content\/uploads\/2020\/05\/albania.jpeg","contentUrl":"https:\/\/orthodoxalbania.org\/2020\/wp-content\/uploads\/2020\/05\/albania.jpeg","width":540,"height":540,"caption":"Kisha Orthodhokse Autoqefale e Shqip\u00ebris\u00eb"},"image":{"@id":"https:\/\/orthodoxalbania.org\/2020\/#\/schema\/logo\/image\/"},"sameAs":["https:\/\/www.facebook.com\/koash1991"]},{"@type":"Person","@id":"https:\/\/orthodoxalbania.org\/2020\/#\/schema\/person\/0c387634a7063ac612d7ed9ce71c7e86","name":"Kisha Orthodhokse","image":{"@type":"ImageObject","inLanguage":"en-US","@id":"https:\/\/secure.gravatar.com\/avatar\/596e7c417251e30f2fbb9c00e026fce61a695a00e51c889caded71c96cbbdde5?s=96&d=mm&r=g","url":"https:\/\/secure.gravatar.com\/avatar\/596e7c417251e30f2fbb9c00e026fce61a695a00e51c889caded71c96cbbdde5?s=96&d=mm&r=g","contentUrl":"https:\/\/secure.gravatar.com\/avatar\/596e7c417251e30f2fbb9c00e026fce61a695a00e51c889caded71c96cbbdde5?s=96&d=mm&r=g","caption":"Kisha Orthodhokse"}}]}},"_links":{"self":[{"href":"https:\/\/orthodoxalbania.org\/2020\/wp-json\/wp\/v2\/posts\/973","targetHints":{"allow":["GET"]}}],"collection":[{"href":"https:\/\/orthodoxalbania.org\/2020\/wp-json\/wp\/v2\/posts"}],"about":[{"href":"https:\/\/orthodoxalbania.org\/2020\/wp-json\/wp\/v2\/types\/post"}],"author":[{"embeddable":true,"href":"https:\/\/orthodoxalbania.org\/2020\/wp-json\/wp\/v2\/users\/1"}],"replies":[{"embeddable":true,"href":"https:\/\/orthodoxalbania.org\/2020\/wp-json\/wp\/v2\/comments?post=973"}],"version-history":[{"count":1,"href":"https:\/\/orthodoxalbania.org\/2020\/wp-json\/wp\/v2\/posts\/973\/revisions"}],"predecessor-version":[{"id":15848,"href":"https:\/\/orthodoxalbania.org\/2020\/wp-json\/wp\/v2\/posts\/973\/revisions\/15848"}],"wp:attachment":[{"href":"https:\/\/orthodoxalbania.org\/2020\/wp-json\/wp\/v2\/media?parent=973"}],"wp:term":[{"taxonomy":"category","embeddable":true,"href":"https:\/\/orthodoxalbania.org\/2020\/wp-json\/wp\/v2\/categories?post=973"},{"taxonomy":"post_tag","embeddable":true,"href":"https:\/\/orthodoxalbania.org\/2020\/wp-json\/wp\/v2\/tags?post=973"}],"curies":[{"name":"wp","href":"https:\/\/api.w.org\/{rel}","templated":true}]}}