{"id":970,"date":"2008-02-26T00:00:00","date_gmt":"2008-02-26T00:00:00","guid":{"rendered":""},"modified":"2020-04-06T22:35:26","modified_gmt":"2020-04-06T20:35:26","slug":"nderron-jete-kryepiskopi-i-kishes-orthodhokse-autoqefale-te-greqise-fortlumturia-e-tij-kristodhuli-janar-2008","status":"publish","type":"post","link":"https:\/\/orthodoxalbania.org\/2020\/2008\/02\/26\/nderron-jete-kryepiskopi-i-kishes-orthodhokse-autoqefale-te-greqise-fortlumturia-e-tij-kristodhuli-janar-2008\/","title":{"rendered":"Nd\u00ebrron jet\u00eb Kryepiskopi i Kish\u00ebs Orthodhokse Autoqefale t\u00eb Greqis\u00eb Fortlumturia e Tij Kristodhuli. (Janar 2008)"},"content":{"rendered":"<table id=\"AutoNumber2\" border=\"0\">\n<tbody>\n<tr>\n<td>\n<div><span style=\"color: #000000;\"><span style=\"font-family: tahoma,geneva,sans-serif;\"><span style=\"font-size: 12px;\"><img decoding=\"async\" class=\"lazyload HAa Eha\" style=\"border-width: 1px; border-style: solid; margin: 10px auto; display: block;\" alt=\"\" src=\"data:image\/gif;base64,R0lGODlhAQABAAAAACH5BAEKAAEALAAAAAABAAEAAAICTAEAOw==\" data-orig-src=\"https:\/\/lh4.googleusercontent.com\/-UMO-_LWpiK0\/VI6oSgTwqJI\/AAAAAAAAHiU\/YFq48T6MabM\/w249-h344-no\/1%2B-%2Bkr%2Bgr.jpg\" \/><\/span><\/span><\/span><\/div>\n<\/td>\n<td>\n<div style=\"text-align: justify;\"><span style=\"color: #000000;\"><span style=\"font-family: tahoma,geneva,sans-serif;\"><span style=\"font-size: 12px;\">&nbsp;&nbsp;&nbsp; Pas nj\u00eb p\u00ebrpjekje t\u00eb ashp\u00ebr shum\u00eb mujore me s\u00ebmundjen e r\u00ebnd\u00eb, Kryepiskopi i Athin\u00ebs dhe i gjith\u00eb Greqis\u00eb, Kristodhuli, fjeti t\u00eb h\u00ebn\u00ebn, 28 janar 2007.<\/span><\/span><\/span><\/div>\n<\/td>\n<\/tr>\n<tr>\n<td>\n<div style=\"text-align: justify;\"><span style=\"color: #000000;\"><span style=\"font-family: tahoma,geneva,sans-serif;\"><span style=\"font-size: 12px;\">&nbsp;&nbsp;&nbsp; Mij\u00ebra njer\u00ebz, duke mos marre parasysh te ftohtin, shkuan n\u00eb Mitropoli, p\u00ebr ta nderuar dhe p\u00ebr t\u2019i dh\u00ebn\u00eb lamtumir\u00ebn e fundit Kryepiskopit Kristodhuli. Deri n\u00eb dark\u00ebn p\u00ebrpara ceremonis\u00eb mortore, mbi 300 mij\u00eb njer\u00ebz shkuan p\u00ebr ta nderuar. P\u00ebrshtypje b\u00ebri pjes\u00ebmarrja e madhe e t\u00eb rinjve.<\/span><\/span><\/span><\/div>\n<\/td>\n<td>\n<div><span style=\"color: #000000;\"><span style=\"font-family: tahoma,geneva,sans-serif;\"><span style=\"font-size: 12px;\"><img decoding=\"async\" class=\"lazyload HAa Eha\" style=\"border-width: 1px; border-style: solid; margin: 10px auto; display: block;\" alt=\"\" src=\"data:image\/gif;base64,R0lGODlhAQABAAAAACH5BAEKAAEALAAAAAABAAEAAAICTAEAOw==\" data-orig-src=\"https:\/\/lh6.googleusercontent.com\/-uSJ9KwQnBks\/VI6oS59FcwI\/AAAAAAAAHiM\/lXO5e5kEcEc\/w256-h344-no\/2%2B-%2Bkr%2Bgr.jpg\" \/><\/span><\/span><\/span><\/div>\n<\/td>\n<\/tr>\n<tr>\n<td>\n<div><span style=\"color: #000000;\"><span style=\"font-family: tahoma,geneva,sans-serif;\"><span style=\"font-size: 12px;\"><img decoding=\"async\" class=\"lazyload HAa Eha\" style=\"border-width: 1px; border-style: solid; margin: 10px auto; display: block;\" alt=\"\" src=\"data:image\/gif;base64,R0lGODlhAQABAAAAACH5BAEKAAEALAAAAAABAAEAAAICTAEAOw==\" data-orig-src=\"https:\/\/lh6.googleusercontent.com\/-EiFSKh9yM78\/VI6oSv7CdoI\/AAAAAAAAHiE\/dYey9m67FT8\/w236-h344-no\/3%2B-%2Bkr%2Bgr.jpg\" \/><\/span><\/span><\/span><\/div>\n<\/td>\n<td>\n<div style=\"text-align: justify;\"><span style=\"color: #000000;\"><span style=\"font-family: tahoma,geneva,sans-serif;\"><span style=\"font-size: 12px;\">&nbsp;&nbsp;&nbsp; Varrimi i Kryepiskopit u b\u00eb&nbsp; n\u00eb dat\u00ebn 31 janar, me nderimet e nj\u00eb udh\u00ebheq\u00ebsi shteti. Ne or\u00ebn 10:00 ne m\u00ebngjes u krye Sh\u00ebrbesa mortore e lamtumir\u00ebs se fundit, n\u00eb prani t\u00eb Patrikut Ekumenik Vartholomeu, Presidentit t\u00eb Republik\u00ebs Karol Papulias, Kosta Karamanlis me kabinetin qeveritar, Kryetari i Parlamentit etj, n\u00eb kish\u00ebn katedrale \u201cUngjill\u00ebzimi\u201d n\u00eb Athin\u00eb.<\/span><\/span><\/span><\/div>\n<\/td>\n<\/tr>\n<tr>\n<td>\n<div style=\"text-align: justify;\"><span style=\"color: #000000;\"><span style=\"font-family: tahoma,geneva,sans-serif;\"><span style=\"font-size: 12px;\">&nbsp;&nbsp;&nbsp; Gjithashtu ishin t\u00eb pranish\u00ebm edhe Primat\u00eb t\u00eb Patriarkanave dhe Kishave Orthodhokse Autoqefale dhe Autonome si t\u00eb Aleksandris\u00eb, Jerusalemit, t\u00eb Rumanis\u00eb, t\u00eb Qipros, t\u00eb Shqip\u00ebris\u00eb, t\u00eb \u00c7ekis\u00eb dhe Sllovakis\u00eb, t\u00eb Amerik\u00ebs, t\u00eb Estonis\u00eb, etj, Sekretari i P\u00ebrgjithsh\u00ebm i K\u00ebshillit Bot\u00ebror te Kishave dhe Sekretari i P\u00ebrgjithsh\u00ebm i K\u00ebshillit Evropian i Kishave, dhe p\u00ebrfaq\u00ebsi t\u00eb t\u00eb gjitha Kishave Orthodhokse dhe shum\u00eb organizmave t\u00eb saj. Merrnin pjes\u00eb gjithashtu edhe p\u00ebrfaq\u00ebsues nga Kisha Romano-Katolike, Kisha t\u00eb tjera t\u00eb krishtera: Etiopiane, Kopte, Armene, Protestante, si edhe nga Komuniteti Mysliman si dhe organizma t\u00eb tjera.<\/span><\/span><\/span><\/div>\n<\/td>\n<td>\n<div><span style=\"color: #000000;\"><span style=\"font-family: tahoma,geneva,sans-serif;\"><span style=\"font-size: 12px;\"><img decoding=\"async\" class=\"lazyload HAa Eha\" style=\"border-width: 1px; border-style: solid; margin: 10px auto; display: block;\" alt=\"\" src=\"data:image\/gif;base64,R0lGODlhAQABAAAAACH5BAEKAAEALAAAAAABAAEAAAICTAEAOw==\" data-orig-src=\"https:\/\/lh3.googleusercontent.com\/-Hqa88ZhW6OQ\/VI6oTAW1tUI\/AAAAAAAAHiI\/taY0GGJileo\/w300-h344-no\/4%2B-%2Bkr%2Bgr.jpg\" \/><\/span><\/span><\/span><\/div>\n<\/td>\n<\/tr>\n<tr>\n<td dir=\"ltr\" colspan=\"2\">\n<div style=\"text-align: justify;\"> <span style=\"color: #000000;\"><span style=\"font-family: tahoma,geneva,sans-serif;\"><span style=\"font-size: 12px;\">&nbsp;&nbsp;&nbsp; Kisha Orthodhokse Autoqefale e Shqip\u00ebris\u00eb ishte e pranishme me nj\u00eb p\u00ebrfaq\u00ebsi t\u00eb kryesuar nga Kryepiskopi Anastas Mitropoliti i Beratit Ignati dhe Episkopi i Kruj\u00ebs Andoni.<\/span><\/span><\/span><\/div>\n<div style=\"text-align: justify;\">&nbsp;<\/div>\n<div style=\"text-align: justify;\"><span style=\"color: #000000;\"><span style=\"font-family: tahoma,geneva,sans-serif;\"><span style=\"font-size: 12px;\">&nbsp;&nbsp;&nbsp; Kishin arritur nd\u00ebrkoh\u00eb edhe mjaft telegrame q\u00eb shprehnin ngush\u00ebllimet, pik\u00ebllimet e tyre si Papa Benedikti i XVI-t\u00eb, mbret\u00ebr, mbret\u00ebresha, udh\u00ebheq\u00ebs shtetesh e fetar\u00eb. Midis tyre edhe&nbsp; Kryeministri i Shqip\u00ebris\u00eb, Prof Dr. Sali Berisha drejtuar Kryeministrit t\u00eb Greqis\u00eb, z. Kosta Karamanlis, p\u00ebr ndarjen nga jeta t\u00eb Kryepiskopit Kristodhulos: \u201cI nderuar z. Karamanlis, Me hidh\u00ebrim t\u00eb thell\u00eb m\u00ebsova lajmin p\u00ebr humbjen e Kryepeshkopit Kristodhulos, i cili p\u00ebr m\u00eb se nj\u00eb dekad\u00eb udh\u00ebhoqi me devotshm\u00ebri Kish\u00ebn Ortodokse Greke. Me personalitetin e tij t\u00eb shquar dhe udh\u00ebheqjen e urt\u00eb, Kryepeshkopi Kristodhulos kontribuoi n\u00eb forcimin e rolit t\u00eb ortodoksis\u00eb n\u00eb bot\u00eb dhe e solli Kish\u00ebn Greke m\u00eb pran\u00eb realitetit modern t\u00eb dit\u00ebve ku ne jetojm\u00eb.<\/span><\/span><\/span><\/div>\n<div style=\"text-align: justify;\">&nbsp;<\/div>\n<div style=\"text-align: justify;\"><span style=\"color: #000000;\"><span style=\"font-family: tahoma,geneva,sans-serif;\"><span style=\"font-size: 12px;\">&nbsp;&nbsp;&nbsp; M\u00eb lejoni, i nderuar z. Kryeminist\u00ebr, q\u00eb n\u00eb em\u00ebr t\u00eb qeveris\u00eb shqiptare dhe n\u00eb emrin tim personal, t`u shpreh Juve dhe popullit mik grek, ngush\u00ebllimet m\u00eb t\u00eb thella dhe t\u00eb sinqerta p\u00ebr k\u00ebt\u00eb humbje t\u00eb r\u00ebnd\u00eb&#8221;.&nbsp;<\/span><\/span><\/span><\/div>\n<div style=\"text-align: justify;\"><span style=\"color: #000000;\"><span style=\"font-family: tahoma,geneva,sans-serif;\"><span style=\"font-size: 12px;\">Ceremonia e varrimit zgjati p\u00ebr disa or\u00eb, duke u ndjekur nga mij\u00ebra dashamir\u00ebs, si n\u00eb rrug\u00eb ashtu edhe n\u00ebp\u00ebr televizione.<\/span><\/span><\/span><\/div>\n<div style=\"text-align: justify;\">&nbsp;<\/div>\n<div style=\"text-align: justify;\"><span style=\"color: #000000;\"><span style=\"font-family: tahoma,geneva,sans-serif;\"><span style=\"font-size: 12px;\">&nbsp;&nbsp;&nbsp; Dit\u00eb e ardhshme do t\u00eb mblidhet Sinodi i Shenjt\u00eb n\u00eb t\u00eb cilin do t\u00eb vendos vazhdim\u00ebsin\u00eb e &nbsp;zgjedhjes s\u00eb Kryepiskopit t\u00eb ri t\u00eb Kish\u00ebs s\u00eb Greqis\u00eb.<\/span><\/span><\/span><\/div>\n<\/td>\n<\/tr>\n<\/tbody>\n<\/table>\n","protected":false},"excerpt":{"rendered":"<p>&nbsp;&nbsp;&nbsp; Pas nj\u00eb p\u00ebrpjekje t\u00eb ashp\u00ebr shum\u00eb mujore me s\u00ebmundjen e r\u00ebnd\u00eb, Kryepiskopi i Athin\u00ebs dhe i gjith\u00eb Greqis\u00eb, Kristodhuli, fjeti t\u00eb h\u00ebn\u00ebn, 28 janar 2007. &nbsp;&nbsp;&nbsp; Mij\u00ebra njer\u00ebz, duke mos marre parasysh te ftohtin, shkuan n\u00eb Mitropoli, p\u00ebr ta nderuar dhe p\u00ebr t\u2019i dh\u00ebn\u00eb lamtumir\u00ebn e fundit Kryepiskopit Kristodhuli. Deri n\u00eb dark\u00ebn p\u00ebrpara ceremonis\u00eb mortore, mbi 300 mij\u00eb njer\u00ebz shkuan p\u00ebr ta nderuar. P\u00ebrshtypje<\/p>\n","protected":false},"author":1,"featured_media":0,"comment_status":"open","ping_status":"open","sticky":false,"template":"","format":"standard","meta":{"_acf_changed":false,"pagelayer_contact_templates":[],"_pagelayer_content":"","inline_featured_image":false,"fifu_image_url":"","fifu_image_alt":"","footnotes":""},"categories":[108],"tags":[146,196,212],"class_list":["post-970","post","type-post","status-publish","format-standard","hentry","category-lajme","tag-146","tag-tirane","tag-lajme-d27"],"acf":[],"yoast_head":"<!-- This site is optimized with the Yoast SEO plugin v27.2 - https:\/\/yoast.com\/product\/yoast-seo-wordpress\/ -->\n<title>Nd\u00ebrron jet\u00eb Kryepiskopi i Kish\u00ebs Orthodhokse Autoqefale t\u00eb Greqis\u00eb Fortlumturia e Tij Kristodhuli. (Janar 2008) - Kisha Orthodh\u03bfkse Autoqefale e Shqip\u00ebris\u00eb<\/title>\n<meta name=\"robots\" content=\"index, follow, max-snippet:-1, max-image-preview:large, max-video-preview:-1\" \/>\n<link rel=\"canonical\" href=\"https:\/\/orthodoxalbania.org\/2020\/2008\/02\/26\/nderron-jete-kryepiskopi-i-kishes-orthodhokse-autoqefale-te-greqise-fortlumturia-e-tij-kristodhuli-janar-2008\/\" \/>\n<meta property=\"og:locale\" content=\"en_US\" \/>\n<meta property=\"og:type\" content=\"article\" \/>\n<meta property=\"og:title\" content=\"Nd\u00ebrron jet\u00eb Kryepiskopi i Kish\u00ebs Orthodhokse Autoqefale t\u00eb Greqis\u00eb Fortlumturia e Tij Kristodhuli. (Janar 2008) - Kisha Orthodh\u03bfkse Autoqefale e Shqip\u00ebris\u00eb\" \/>\n<meta property=\"og:description\" content=\"&nbsp;&nbsp;&nbsp; Pas nj\u00eb p\u00ebrpjekje t\u00eb ashp\u00ebr shum\u00eb mujore me s\u00ebmundjen e r\u00ebnd\u00eb, Kryepiskopi i Athin\u00ebs dhe i gjith\u00eb Greqis\u00eb, Kristodhuli, fjeti t\u00eb h\u00ebn\u00ebn, 28 janar 2007. &nbsp;&nbsp;&nbsp; Mij\u00ebra njer\u00ebz, duke mos marre parasysh te ftohtin, shkuan n\u00eb Mitropoli, p\u00ebr ta nderuar dhe p\u00ebr t\u2019i dh\u00ebn\u00eb lamtumir\u00ebn e fundit Kryepiskopit Kristodhuli. Deri n\u00eb dark\u00ebn p\u00ebrpara ceremonis\u00eb mortore, mbi 300 mij\u00eb njer\u00ebz shkuan p\u00ebr ta nderuar. P\u00ebrshtypje\" \/>\n<meta property=\"og:url\" content=\"https:\/\/orthodoxalbania.org\/2020\/2008\/02\/26\/nderron-jete-kryepiskopi-i-kishes-orthodhokse-autoqefale-te-greqise-fortlumturia-e-tij-kristodhuli-janar-2008\/\" \/>\n<meta property=\"og:site_name\" content=\"Kisha Orthodh\u03bfkse Autoqefale e Shqip\u00ebris\u00eb\" \/>\n<meta property=\"article:publisher\" content=\"https:\/\/www.facebook.com\/koash1991\" \/>\n<meta property=\"article:published_time\" content=\"2008-02-26T00:00:00+00:00\" \/>\n<meta property=\"article:modified_time\" content=\"2020-04-06T20:35:26+00:00\" \/>\n<meta property=\"og:image\" content=\"https:\/\/lh4.googleusercontent.com\/-UMO-_LWpiK0\/VI6oSgTwqJI\/AAAAAAAAHiU\/YFq48T6MabM\/w249-h344-no\/1%2B-%2Bkr%2Bgr.jpg\" \/>\n<meta name=\"author\" content=\"Kisha Orthodhokse\" \/>\n<meta name=\"twitter:card\" content=\"summary_large_image\" \/>\n<meta name=\"twitter:label1\" content=\"Written by\" \/>\n\t<meta name=\"twitter:data1\" content=\"Kisha Orthodhokse\" \/>\n\t<meta name=\"twitter:label2\" content=\"Est. reading time\" \/>\n\t<meta name=\"twitter:data2\" content=\"3 minutes\" \/>\n<script type=\"application\/ld+json\" class=\"yoast-schema-graph\">{\"@context\":\"https:\/\/schema.org\",\"@graph\":[{\"@type\":\"Article\",\"@id\":\"https:\/\/orthodoxalbania.org\/2020\/2008\/02\/26\/nderron-jete-kryepiskopi-i-kishes-orthodhokse-autoqefale-te-greqise-fortlumturia-e-tij-kristodhuli-janar-2008\/#article\",\"isPartOf\":{\"@id\":\"https:\/\/orthodoxalbania.org\/2020\/2008\/02\/26\/nderron-jete-kryepiskopi-i-kishes-orthodhokse-autoqefale-te-greqise-fortlumturia-e-tij-kristodhuli-janar-2008\/\"},\"author\":{\"name\":\"Kisha Orthodhokse\",\"@id\":\"https:\/\/orthodoxalbania.org\/2020\/#\/schema\/person\/0c387634a7063ac612d7ed9ce71c7e86\"},\"headline\":\"Nd\u00ebrron jet\u00eb Kryepiskopi i Kish\u00ebs Orthodhokse Autoqefale t\u00eb Greqis\u00eb Fortlumturia e Tij Kristodhuli. (Janar 2008)\",\"datePublished\":\"2008-02-26T00:00:00+00:00\",\"dateModified\":\"2020-04-06T20:35:26+00:00\",\"mainEntityOfPage\":{\"@id\":\"https:\/\/orthodoxalbania.org\/2020\/2008\/02\/26\/nderron-jete-kryepiskopi-i-kishes-orthodhokse-autoqefale-te-greqise-fortlumturia-e-tij-kristodhuli-janar-2008\/\"},\"wordCount\":554,\"commentCount\":0,\"publisher\":{\"@id\":\"https:\/\/orthodoxalbania.org\/2020\/#organization\"},\"image\":{\"@id\":\"https:\/\/orthodoxalbania.org\/2020\/2008\/02\/26\/nderron-jete-kryepiskopi-i-kishes-orthodhokse-autoqefale-te-greqise-fortlumturia-e-tij-kristodhuli-janar-2008\/#primaryimage\"},\"thumbnailUrl\":\"https:\/\/lh4.googleusercontent.com\/-UMO-_LWpiK0\/VI6oSgTwqJI\/AAAAAAAAHiU\/YFq48T6MabM\/w249-h344-no\/1%2B-%2Bkr%2Bgr.jpg\",\"keywords\":[\"2008\",\"Kryepiskopata Tiran\u00eb\",\"lajme\"],\"articleSection\":[\"Lajme\"],\"inLanguage\":\"en-US\"},{\"@type\":\"WebPage\",\"@id\":\"https:\/\/orthodoxalbania.org\/2020\/2008\/02\/26\/nderron-jete-kryepiskopi-i-kishes-orthodhokse-autoqefale-te-greqise-fortlumturia-e-tij-kristodhuli-janar-2008\/\",\"url\":\"https:\/\/orthodoxalbania.org\/2020\/2008\/02\/26\/nderron-jete-kryepiskopi-i-kishes-orthodhokse-autoqefale-te-greqise-fortlumturia-e-tij-kristodhuli-janar-2008\/\",\"name\":\"Nd\u00ebrron jet\u00eb Kryepiskopi i Kish\u00ebs Orthodhokse Autoqefale t\u00eb Greqis\u00eb Fortlumturia e Tij Kristodhuli. (Janar 2008) - Kisha Orthodh\u03bfkse Autoqefale e Shqip\u00ebris\u00eb\",\"isPartOf\":{\"@id\":\"https:\/\/orthodoxalbania.org\/2020\/#website\"},\"primaryImageOfPage\":{\"@id\":\"https:\/\/orthodoxalbania.org\/2020\/2008\/02\/26\/nderron-jete-kryepiskopi-i-kishes-orthodhokse-autoqefale-te-greqise-fortlumturia-e-tij-kristodhuli-janar-2008\/#primaryimage\"},\"image\":{\"@id\":\"https:\/\/orthodoxalbania.org\/2020\/2008\/02\/26\/nderron-jete-kryepiskopi-i-kishes-orthodhokse-autoqefale-te-greqise-fortlumturia-e-tij-kristodhuli-janar-2008\/#primaryimage\"},\"thumbnailUrl\":\"https:\/\/lh4.googleusercontent.com\/-UMO-_LWpiK0\/VI6oSgTwqJI\/AAAAAAAAHiU\/YFq48T6MabM\/w249-h344-no\/1%2B-%2Bkr%2Bgr.jpg\",\"datePublished\":\"2008-02-26T00:00:00+00:00\",\"dateModified\":\"2020-04-06T20:35:26+00:00\",\"breadcrumb\":{\"@id\":\"https:\/\/orthodoxalbania.org\/2020\/2008\/02\/26\/nderron-jete-kryepiskopi-i-kishes-orthodhokse-autoqefale-te-greqise-fortlumturia-e-tij-kristodhuli-janar-2008\/#breadcrumb\"},\"inLanguage\":\"en-US\",\"potentialAction\":[{\"@type\":\"ReadAction\",\"target\":[\"https:\/\/orthodoxalbania.org\/2020\/2008\/02\/26\/nderron-jete-kryepiskopi-i-kishes-orthodhokse-autoqefale-te-greqise-fortlumturia-e-tij-kristodhuli-janar-2008\/\"]}]},{\"@type\":\"ImageObject\",\"inLanguage\":\"en-US\",\"@id\":\"https:\/\/orthodoxalbania.org\/2020\/2008\/02\/26\/nderron-jete-kryepiskopi-i-kishes-orthodhokse-autoqefale-te-greqise-fortlumturia-e-tij-kristodhuli-janar-2008\/#primaryimage\",\"url\":\"https:\/\/lh4.googleusercontent.com\/-UMO-_LWpiK0\/VI6oSgTwqJI\/AAAAAAAAHiU\/YFq48T6MabM\/w249-h344-no\/1%2B-%2Bkr%2Bgr.jpg\",\"contentUrl\":\"https:\/\/lh4.googleusercontent.com\/-UMO-_LWpiK0\/VI6oSgTwqJI\/AAAAAAAAHiU\/YFq48T6MabM\/w249-h344-no\/1%2B-%2Bkr%2Bgr.jpg\"},{\"@type\":\"BreadcrumbList\",\"@id\":\"https:\/\/orthodoxalbania.org\/2020\/2008\/02\/26\/nderron-jete-kryepiskopi-i-kishes-orthodhokse-autoqefale-te-greqise-fortlumturia-e-tij-kristodhuli-janar-2008\/#breadcrumb\",\"itemListElement\":[{\"@type\":\"ListItem\",\"position\":1,\"name\":\"Home\",\"item\":\"https:\/\/orthodoxalbania.org\/2020\/\"},{\"@type\":\"ListItem\",\"position\":2,\"name\":\"Nd\u00ebrron jet\u00eb Kryepiskopi i Kish\u00ebs Orthodhokse Autoqefale t\u00eb Greqis\u00eb Fortlumturia e Tij Kristodhuli. (Janar 2008)\"}]},{\"@type\":\"WebSite\",\"@id\":\"https:\/\/orthodoxalbania.org\/2020\/#website\",\"url\":\"https:\/\/orthodoxalbania.org\/2020\/\",\"name\":\"Kisha Orthodh\u03bfkse Autoqefale e Shqip\u00ebris\u00eb\",\"description\":\"Fqja Zyrtare e Kish\u00ebs Orthodhokse Autoqefale e Shqip\u00ebris\u00eb me lajmet edhe informacionet zyrtare p\u00ebr struktur\u00ebn edhe veprimtarin e saj.\",\"publisher\":{\"@id\":\"https:\/\/orthodoxalbania.org\/2020\/#organization\"},\"potentialAction\":[{\"@type\":\"SearchAction\",\"target\":{\"@type\":\"EntryPoint\",\"urlTemplate\":\"https:\/\/orthodoxalbania.org\/2020\/?s={search_term_string}\"},\"query-input\":{\"@type\":\"PropertyValueSpecification\",\"valueRequired\":true,\"valueName\":\"search_term_string\"}}],\"inLanguage\":\"en-US\"},{\"@type\":\"Organization\",\"@id\":\"https:\/\/orthodoxalbania.org\/2020\/#organization\",\"name\":\"Kisha Orthodhokse Autoqefale e Shqip\u00ebris\u00eb\",\"url\":\"https:\/\/orthodoxalbania.org\/2020\/\",\"logo\":{\"@type\":\"ImageObject\",\"inLanguage\":\"en-US\",\"@id\":\"https:\/\/orthodoxalbania.org\/2020\/#\/schema\/logo\/image\/\",\"url\":\"https:\/\/orthodoxalbania.org\/2020\/wp-content\/uploads\/2020\/05\/albania.jpeg\",\"contentUrl\":\"https:\/\/orthodoxalbania.org\/2020\/wp-content\/uploads\/2020\/05\/albania.jpeg\",\"width\":540,\"height\":540,\"caption\":\"Kisha Orthodhokse Autoqefale e Shqip\u00ebris\u00eb\"},\"image\":{\"@id\":\"https:\/\/orthodoxalbania.org\/2020\/#\/schema\/logo\/image\/\"},\"sameAs\":[\"https:\/\/www.facebook.com\/koash1991\"]},{\"@type\":\"Person\",\"@id\":\"https:\/\/orthodoxalbania.org\/2020\/#\/schema\/person\/0c387634a7063ac612d7ed9ce71c7e86\",\"name\":\"Kisha Orthodhokse\",\"image\":{\"@type\":\"ImageObject\",\"inLanguage\":\"en-US\",\"@id\":\"https:\/\/secure.gravatar.com\/avatar\/596e7c417251e30f2fbb9c00e026fce61a695a00e51c889caded71c96cbbdde5?s=96&d=mm&r=g\",\"url\":\"https:\/\/secure.gravatar.com\/avatar\/596e7c417251e30f2fbb9c00e026fce61a695a00e51c889caded71c96cbbdde5?s=96&d=mm&r=g\",\"contentUrl\":\"https:\/\/secure.gravatar.com\/avatar\/596e7c417251e30f2fbb9c00e026fce61a695a00e51c889caded71c96cbbdde5?s=96&d=mm&r=g\",\"caption\":\"Kisha Orthodhokse\"}}]}<\/script>\n<!-- \/ Yoast SEO plugin. -->","yoast_head_json":{"title":"Nd\u00ebrron jet\u00eb Kryepiskopi i Kish\u00ebs Orthodhokse Autoqefale t\u00eb Greqis\u00eb Fortlumturia e Tij Kristodhuli. (Janar 2008) - Kisha Orthodh\u03bfkse Autoqefale e Shqip\u00ebris\u00eb","robots":{"index":"index","follow":"follow","max-snippet":"max-snippet:-1","max-image-preview":"max-image-preview:large","max-video-preview":"max-video-preview:-1"},"canonical":"https:\/\/orthodoxalbania.org\/2020\/2008\/02\/26\/nderron-jete-kryepiskopi-i-kishes-orthodhokse-autoqefale-te-greqise-fortlumturia-e-tij-kristodhuli-janar-2008\/","og_locale":"en_US","og_type":"article","og_title":"Nd\u00ebrron jet\u00eb Kryepiskopi i Kish\u00ebs Orthodhokse Autoqefale t\u00eb Greqis\u00eb Fortlumturia e Tij Kristodhuli. (Janar 2008) - Kisha Orthodh\u03bfkse Autoqefale e Shqip\u00ebris\u00eb","og_description":"&nbsp;&nbsp;&nbsp; Pas nj\u00eb p\u00ebrpjekje t\u00eb ashp\u00ebr shum\u00eb mujore me s\u00ebmundjen e r\u00ebnd\u00eb, Kryepiskopi i Athin\u00ebs dhe i gjith\u00eb Greqis\u00eb, Kristodhuli, fjeti t\u00eb h\u00ebn\u00ebn, 28 janar 2007. &nbsp;&nbsp;&nbsp; Mij\u00ebra njer\u00ebz, duke mos marre parasysh te ftohtin, shkuan n\u00eb Mitropoli, p\u00ebr ta nderuar dhe p\u00ebr t\u2019i dh\u00ebn\u00eb lamtumir\u00ebn e fundit Kryepiskopit Kristodhuli. Deri n\u00eb dark\u00ebn p\u00ebrpara ceremonis\u00eb mortore, mbi 300 mij\u00eb njer\u00ebz shkuan p\u00ebr ta nderuar. P\u00ebrshtypje","og_url":"https:\/\/orthodoxalbania.org\/2020\/2008\/02\/26\/nderron-jete-kryepiskopi-i-kishes-orthodhokse-autoqefale-te-greqise-fortlumturia-e-tij-kristodhuli-janar-2008\/","og_site_name":"Kisha Orthodh\u03bfkse Autoqefale e Shqip\u00ebris\u00eb","article_publisher":"https:\/\/www.facebook.com\/koash1991","article_published_time":"2008-02-26T00:00:00+00:00","article_modified_time":"2020-04-06T20:35:26+00:00","og_image":[{"url":"https:\/\/lh4.googleusercontent.com\/-UMO-_LWpiK0\/VI6oSgTwqJI\/AAAAAAAAHiU\/YFq48T6MabM\/w249-h344-no\/1%2B-%2Bkr%2Bgr.jpg","type":"","width":"","height":""}],"author":"Kisha Orthodhokse","twitter_card":"summary_large_image","twitter_misc":{"Written by":"Kisha Orthodhokse","Est. reading time":"3 minutes"},"schema":{"@context":"https:\/\/schema.org","@graph":[{"@type":"Article","@id":"https:\/\/orthodoxalbania.org\/2020\/2008\/02\/26\/nderron-jete-kryepiskopi-i-kishes-orthodhokse-autoqefale-te-greqise-fortlumturia-e-tij-kristodhuli-janar-2008\/#article","isPartOf":{"@id":"https:\/\/orthodoxalbania.org\/2020\/2008\/02\/26\/nderron-jete-kryepiskopi-i-kishes-orthodhokse-autoqefale-te-greqise-fortlumturia-e-tij-kristodhuli-janar-2008\/"},"author":{"name":"Kisha Orthodhokse","@id":"https:\/\/orthodoxalbania.org\/2020\/#\/schema\/person\/0c387634a7063ac612d7ed9ce71c7e86"},"headline":"Nd\u00ebrron jet\u00eb Kryepiskopi i Kish\u00ebs Orthodhokse Autoqefale t\u00eb Greqis\u00eb Fortlumturia e Tij Kristodhuli. (Janar 2008)","datePublished":"2008-02-26T00:00:00+00:00","dateModified":"2020-04-06T20:35:26+00:00","mainEntityOfPage":{"@id":"https:\/\/orthodoxalbania.org\/2020\/2008\/02\/26\/nderron-jete-kryepiskopi-i-kishes-orthodhokse-autoqefale-te-greqise-fortlumturia-e-tij-kristodhuli-janar-2008\/"},"wordCount":554,"commentCount":0,"publisher":{"@id":"https:\/\/orthodoxalbania.org\/2020\/#organization"},"image":{"@id":"https:\/\/orthodoxalbania.org\/2020\/2008\/02\/26\/nderron-jete-kryepiskopi-i-kishes-orthodhokse-autoqefale-te-greqise-fortlumturia-e-tij-kristodhuli-janar-2008\/#primaryimage"},"thumbnailUrl":"https:\/\/lh4.googleusercontent.com\/-UMO-_LWpiK0\/VI6oSgTwqJI\/AAAAAAAAHiU\/YFq48T6MabM\/w249-h344-no\/1%2B-%2Bkr%2Bgr.jpg","keywords":["2008","Kryepiskopata Tiran\u00eb","lajme"],"articleSection":["Lajme"],"inLanguage":"en-US"},{"@type":"WebPage","@id":"https:\/\/orthodoxalbania.org\/2020\/2008\/02\/26\/nderron-jete-kryepiskopi-i-kishes-orthodhokse-autoqefale-te-greqise-fortlumturia-e-tij-kristodhuli-janar-2008\/","url":"https:\/\/orthodoxalbania.org\/2020\/2008\/02\/26\/nderron-jete-kryepiskopi-i-kishes-orthodhokse-autoqefale-te-greqise-fortlumturia-e-tij-kristodhuli-janar-2008\/","name":"Nd\u00ebrron jet\u00eb Kryepiskopi i Kish\u00ebs Orthodhokse Autoqefale t\u00eb Greqis\u00eb Fortlumturia e Tij Kristodhuli. (Janar 2008) - Kisha Orthodh\u03bfkse Autoqefale e Shqip\u00ebris\u00eb","isPartOf":{"@id":"https:\/\/orthodoxalbania.org\/2020\/#website"},"primaryImageOfPage":{"@id":"https:\/\/orthodoxalbania.org\/2020\/2008\/02\/26\/nderron-jete-kryepiskopi-i-kishes-orthodhokse-autoqefale-te-greqise-fortlumturia-e-tij-kristodhuli-janar-2008\/#primaryimage"},"image":{"@id":"https:\/\/orthodoxalbania.org\/2020\/2008\/02\/26\/nderron-jete-kryepiskopi-i-kishes-orthodhokse-autoqefale-te-greqise-fortlumturia-e-tij-kristodhuli-janar-2008\/#primaryimage"},"thumbnailUrl":"https:\/\/lh4.googleusercontent.com\/-UMO-_LWpiK0\/VI6oSgTwqJI\/AAAAAAAAHiU\/YFq48T6MabM\/w249-h344-no\/1%2B-%2Bkr%2Bgr.jpg","datePublished":"2008-02-26T00:00:00+00:00","dateModified":"2020-04-06T20:35:26+00:00","breadcrumb":{"@id":"https:\/\/orthodoxalbania.org\/2020\/2008\/02\/26\/nderron-jete-kryepiskopi-i-kishes-orthodhokse-autoqefale-te-greqise-fortlumturia-e-tij-kristodhuli-janar-2008\/#breadcrumb"},"inLanguage":"en-US","potentialAction":[{"@type":"ReadAction","target":["https:\/\/orthodoxalbania.org\/2020\/2008\/02\/26\/nderron-jete-kryepiskopi-i-kishes-orthodhokse-autoqefale-te-greqise-fortlumturia-e-tij-kristodhuli-janar-2008\/"]}]},{"@type":"ImageObject","inLanguage":"en-US","@id":"https:\/\/orthodoxalbania.org\/2020\/2008\/02\/26\/nderron-jete-kryepiskopi-i-kishes-orthodhokse-autoqefale-te-greqise-fortlumturia-e-tij-kristodhuli-janar-2008\/#primaryimage","url":"https:\/\/lh4.googleusercontent.com\/-UMO-_LWpiK0\/VI6oSgTwqJI\/AAAAAAAAHiU\/YFq48T6MabM\/w249-h344-no\/1%2B-%2Bkr%2Bgr.jpg","contentUrl":"https:\/\/lh4.googleusercontent.com\/-UMO-_LWpiK0\/VI6oSgTwqJI\/AAAAAAAAHiU\/YFq48T6MabM\/w249-h344-no\/1%2B-%2Bkr%2Bgr.jpg"},{"@type":"BreadcrumbList","@id":"https:\/\/orthodoxalbania.org\/2020\/2008\/02\/26\/nderron-jete-kryepiskopi-i-kishes-orthodhokse-autoqefale-te-greqise-fortlumturia-e-tij-kristodhuli-janar-2008\/#breadcrumb","itemListElement":[{"@type":"ListItem","position":1,"name":"Home","item":"https:\/\/orthodoxalbania.org\/2020\/"},{"@type":"ListItem","position":2,"name":"Nd\u00ebrron jet\u00eb Kryepiskopi i Kish\u00ebs Orthodhokse Autoqefale t\u00eb Greqis\u00eb Fortlumturia e Tij Kristodhuli. (Janar 2008)"}]},{"@type":"WebSite","@id":"https:\/\/orthodoxalbania.org\/2020\/#website","url":"https:\/\/orthodoxalbania.org\/2020\/","name":"Kisha Orthodh\u03bfkse Autoqefale e Shqip\u00ebris\u00eb","description":"Fqja Zyrtare e Kish\u00ebs Orthodhokse Autoqefale e Shqip\u00ebris\u00eb me lajmet edhe informacionet zyrtare p\u00ebr struktur\u00ebn edhe veprimtarin e saj.","publisher":{"@id":"https:\/\/orthodoxalbania.org\/2020\/#organization"},"potentialAction":[{"@type":"SearchAction","target":{"@type":"EntryPoint","urlTemplate":"https:\/\/orthodoxalbania.org\/2020\/?s={search_term_string}"},"query-input":{"@type":"PropertyValueSpecification","valueRequired":true,"valueName":"search_term_string"}}],"inLanguage":"en-US"},{"@type":"Organization","@id":"https:\/\/orthodoxalbania.org\/2020\/#organization","name":"Kisha Orthodhokse Autoqefale e Shqip\u00ebris\u00eb","url":"https:\/\/orthodoxalbania.org\/2020\/","logo":{"@type":"ImageObject","inLanguage":"en-US","@id":"https:\/\/orthodoxalbania.org\/2020\/#\/schema\/logo\/image\/","url":"https:\/\/orthodoxalbania.org\/2020\/wp-content\/uploads\/2020\/05\/albania.jpeg","contentUrl":"https:\/\/orthodoxalbania.org\/2020\/wp-content\/uploads\/2020\/05\/albania.jpeg","width":540,"height":540,"caption":"Kisha Orthodhokse Autoqefale e Shqip\u00ebris\u00eb"},"image":{"@id":"https:\/\/orthodoxalbania.org\/2020\/#\/schema\/logo\/image\/"},"sameAs":["https:\/\/www.facebook.com\/koash1991"]},{"@type":"Person","@id":"https:\/\/orthodoxalbania.org\/2020\/#\/schema\/person\/0c387634a7063ac612d7ed9ce71c7e86","name":"Kisha Orthodhokse","image":{"@type":"ImageObject","inLanguage":"en-US","@id":"https:\/\/secure.gravatar.com\/avatar\/596e7c417251e30f2fbb9c00e026fce61a695a00e51c889caded71c96cbbdde5?s=96&d=mm&r=g","url":"https:\/\/secure.gravatar.com\/avatar\/596e7c417251e30f2fbb9c00e026fce61a695a00e51c889caded71c96cbbdde5?s=96&d=mm&r=g","contentUrl":"https:\/\/secure.gravatar.com\/avatar\/596e7c417251e30f2fbb9c00e026fce61a695a00e51c889caded71c96cbbdde5?s=96&d=mm&r=g","caption":"Kisha Orthodhokse"}}]}},"_links":{"self":[{"href":"https:\/\/orthodoxalbania.org\/2020\/wp-json\/wp\/v2\/posts\/970","targetHints":{"allow":["GET"]}}],"collection":[{"href":"https:\/\/orthodoxalbania.org\/2020\/wp-json\/wp\/v2\/posts"}],"about":[{"href":"https:\/\/orthodoxalbania.org\/2020\/wp-json\/wp\/v2\/types\/post"}],"author":[{"embeddable":true,"href":"https:\/\/orthodoxalbania.org\/2020\/wp-json\/wp\/v2\/users\/1"}],"replies":[{"embeddable":true,"href":"https:\/\/orthodoxalbania.org\/2020\/wp-json\/wp\/v2\/comments?post=970"}],"version-history":[{"count":1,"href":"https:\/\/orthodoxalbania.org\/2020\/wp-json\/wp\/v2\/posts\/970\/revisions"}],"predecessor-version":[{"id":15682,"href":"https:\/\/orthodoxalbania.org\/2020\/wp-json\/wp\/v2\/posts\/970\/revisions\/15682"}],"wp:attachment":[{"href":"https:\/\/orthodoxalbania.org\/2020\/wp-json\/wp\/v2\/media?parent=970"}],"wp:term":[{"taxonomy":"category","embeddable":true,"href":"https:\/\/orthodoxalbania.org\/2020\/wp-json\/wp\/v2\/categories?post=970"},{"taxonomy":"post_tag","embeddable":true,"href":"https:\/\/orthodoxalbania.org\/2020\/wp-json\/wp\/v2\/tags?post=970"}],"curies":[{"name":"wp","href":"https:\/\/api.w.org\/{rel}","templated":true}]}}