{"id":968,"date":"2014-08-21T11:27:06","date_gmt":"2014-08-21T11:27:06","guid":{"rendered":""},"modified":"2020-04-06T22:02:24","modified_gmt":"2020-04-06T20:02:24","slug":"nderimi-i-shqiptareve-per-shen-kozmain-eshte-i-hershem","status":"publish","type":"post","link":"https:\/\/orthodoxalbania.org\/2020\/2014\/08\/21\/nderimi-i-shqiptareve-per-shen-kozmain-eshte-i-hershem\/","title":{"rendered":"Nderimi i Sh\u00ebn Kozmait nga shqiptar\u00ebt \u00ebsht\u00eb i hersh\u00ebm"},"content":{"rendered":"<p style=\"margin: 0in; margin-bottom: .0001pt; text-align: justify; text-indent: .25in; line-height: 150%;\">\n\t<span style=\"font-family: helvetica; font-size: 12pt;\"><span style=\"color: #000000;\"><span style=\"line-height: 150%; text-indent: 0.25in;\">Pasi sulmuan Kryepiskopin Anastas, pasi sulmuan ata q\u00eb punojn\u00eb p\u00ebr Kish\u00ebn Orthodhokse Autoqefale t\u00eb Shqip\u00ebris\u00eb, pasi shpik\u00ebn gjithfar\u00eb g\u00ebnjeshtrash p\u00ebr kanonet dhe statutet orthodhokse, pasi na e deformuan historin\u00eb e besimit, tani e kan\u00eb radh\u00ebn shenjtor\u00ebt tan\u00eb. Sidomos koh\u00ebt e fundit jan\u00eb shtuar shkrimet n\u00eb disa media t\u00eb caktuara, n\u00eb t\u00eb cilat hidhet balt\u00eb mbi nj\u00eb nga shenjtor\u00ebt m\u00eb t\u00eb nderuar mes shqiptar\u00ebve dhe m\u00eb gjer\u00eb &#8211; Sh\u00ebn Kozmain (martirizuar n\u00eb 1779). <\/span><\/span><\/span><\/p>\n<p style=\"margin: 0in; margin-bottom: .0001pt; text-align: justify; text-indent: .25in; line-height: 150%;\">\n\t&nbsp;<\/p>\n<p style=\"margin: 0in; margin-bottom: .0001pt; text-align: justify; text-indent: .25in; line-height: 150%;\">\n\t<span style=\"font-family: helvetica; font-size: 12pt;\"><span style=\"color: #000000;\"><span style=\"line-height: 150%; text-indent: 0.25in;\">Nj\u00eb nga sajesat q\u00eb p\u00ebrdoren, \u00ebsht\u00eb ai se nderimi i k\u00ebtij martiri t\u00eb madh nuk ka ekzistuar mes t\u00eb krishter\u00ebve orthodhoks\u00eb shqiptar\u00eb; edhe nqs ka filluar, ka filluar pas vitit 1961, kur me vendim t\u00eb Patriarkan\u00ebs &nbsp;Ekumenike u vu n\u00eb list\u00ebn e shenjtor\u00ebve t\u00eb nderuar nga t\u00eb gjitha Kishat Orthodhokse. K\u00ebto nuk jan\u00eb v\u00ebrteta, nderimi i tij si shenjtor lokal&nbsp; nisi n\u00eb shek. XVIII, n\u00eb t\u00eb gjitha ato zona ku ai dha nj\u00eb kontribut t\u00eb jasht\u00ebzakonsh\u00ebm p\u00ebr t\u00eb zgjuar nd\u00ebrgjegjen e shtypur t\u00eb orthodhoks\u00ebve nga nata e gjat\u00eb osmane, duke frenuar duksh\u00ebm islamizimin e k\u00ebtyre trevave. K\u00ebt\u00eb e d\u00ebshmojn\u00eb nd\u00ebrgjegjja e popullit orthodhoks shqiptar, afresket e ikonat, sh\u00ebrbesa kishtare p\u00ebr shenjtorin, Manastiri i tij nd\u00ebrtuar me kujdesin e Ali Pash\u00eb Tepelen\u00ebs (1814-1815) dhe mbi t\u00eb gjitha, e d\u00ebshmon nderimi i madh i gjith\u00eb popullit edhe atij joorthodhoks, kudo ku ai predikoi.<\/span><\/span><\/span><\/p>\n<p style=\"margin: 0in; margin-bottom: .0001pt; text-align: justify; text-indent: .25in; line-height: 150%;\">\n\t&nbsp;<\/p>\n<p style=\"margin: 0in; margin-bottom: .0001pt; text-align: justify; text-indent: .25in; line-height: 150%;\">\n\t<span style=\"font-family: helvetica; font-size: 12pt;\"><span style=\"color: #000000;\">D\u00ebshmi e k\u00ebtij nderimi para vitit 1961, q\u00eb hedh posht\u00eb ato q\u00eb pretendojn\u00eb antiorthodhoks\u00ebt, mes shum\u00eb t\u00eb tjerave \u00ebsht\u00eb ajo q\u00eb kan\u00eb shkruar e botuar dy nga personalitet m\u00eb t\u00eb m\u00ebdha t\u00eb Kish\u00ebs son\u00eb: Imzot Theofan Noli dhe Kryepiskopi i par\u00eb kanonik, Fortlumturia e Tij Kristofor Kisi.<\/span><\/span><\/p>\n<p style=\"margin: 0in; margin-bottom: .0001pt; text-align: justify; text-indent: .25in; line-height: 150%;\">\n\t&nbsp;<\/p>\n<p style=\"margin: 0in; margin-bottom: .0001pt; text-align: justify; text-indent: .25in; line-height: 150%;\">\n\t<span style=\"font-family: helvetica; font-size: 12pt;\"><span style=\"color: #000000;\"><span style=\"background-image: initial; background-attachment: initial; background-size: initial; background-origin: initial; background-clip: initial; background-position: initial; background-repeat: initial;\">Imzot Theofan Noli, n\u00eb vitin 1947, n\u00eb Boston, botoi Kremtoren&nbsp;<\/span>(T\u00eb kremtet)<span style=\"line-height: 150%; text-indent: 0.25in;\">&nbsp;e Kish\u00ebs Orthodokse. N\u00eb parath\u00ebnien e tij thot\u00eb se: \u201cP\u00ebrkthimin&#8230; e kemi b\u00ebr\u00eb nga Gerqishtja, me p\u00ebrjashtimin e k\u00ebndimeve t\u00eb Sh\u00ebn Kozmait t\u00eb Beratit, t\u00eb cilin e parafrazuam nga versioni shqip i KryeHir\u00ebsis\u00eb Tij, Imzot Kristofor Kisi, Kryepeshkopit t\u00eb Shqip\u00ebris\u00eb\u201d. Dhe n\u00eb faqet 754-763 jep sh\u00ebrbes\u00ebn kishtare t\u00eb k\u00ebtij shenjtori.<\/span><\/span><\/span><\/p>\n<p style=\"margin: 0in; margin-bottom: .0001pt; text-align: justify; text-indent: .25in; line-height: 150%;\">\n\t&nbsp;<\/p>\n<p style=\"margin: 0in; margin-bottom: .0001pt; text-align: justify; text-indent: .25in; line-height: 150%;\">\n\t<span style=\"font-family: helvetica; font-size: 12pt;\"><span style=\"color: #000000;\"><span style=\"background-image: initial; background-attachment: initial; background-size: initial; background-origin: initial; background-clip: initial; background-position: initial; background-repeat: initial;\">Pra, Imzot Theofan Noli, q\u00eb n\u00eb 1947 (pra p\u00ebrpara viti 1961) e quan Sh\u00ebn Kozmai i Beratit dhe sh\u00ebrbes\u00ebn e shenjtorit e merr nga botimi i vitit 1931 t\u00eb Imzot Kristofor Kisit, i cili ka shkruar mjaft p\u00ebr Sh\u00ebn Kozmain.<\/span><\/span><\/span><\/p>\n<p style=\"margin: 0in; margin-bottom: .0001pt; text-align: justify; text-indent: .25in; line-height: 150%;\">\n\t&nbsp;<\/p>\n<p style=\"margin: 0in; margin-bottom: .0001pt; text-align: justify; text-indent: .25in; line-height: 150%;\">\n\t<span style=\"font-family: helvetica; font-size: 12pt;\"><span style=\"color: #000000;\"><span style=\"background-image: initial; background-attachment: initial; background-size: initial; background-origin: initial; background-clip: initial; background-position: initial; background-repeat: initial;\">Pra, p\u00ebr Imzot Theofan Nolin dhe Imzot Kristoforin, Sh\u00ebn Kozmai nuk ishte as antishqiptar e as &#8220;joshenjtor&#8221;, si\u00e7 trumbetojn\u00eb zot\u00ebrinjt\u00eb antiorthodhoks\u00eb.<\/span><\/span><\/span><\/p>\n<p style=\"margin: 0in; margin-bottom: .0001pt; text-align: justify; text-indent: .25in; line-height: 150%;\">\n\t&nbsp;<\/p>\n<p style=\"margin: 0in; margin-bottom: .0001pt; text-align: justify; text-indent: .25in; line-height: 150%;\">\n\t<span style=\"font-family: helvetica; font-size: 12pt;\"><span style=\"color: #000000;\"><span style=\"background-image: initial; background-attachment: initial; background-size: initial; background-origin: initial; background-clip: initial; background-position: initial; background-repeat: initial;\">M\u00eb posht\u00eb po japim tre prej disa dokumentimeve, q\u00eb tregojn\u00eb nderimin dhe hershm\u00ebrin\u00eb e k\u00ebtij nderimi mes shqiptar\u00ebve p\u00ebr Sh\u00ebn Kozmain:<\/span><\/span><\/span><\/p>\n<p style=\"margin: 0in; margin-bottom: .0001pt; text-align: justify; text-indent: .25in; line-height: 150%;\">\n\t&nbsp;<\/p>\n<p style=\"margin: 0in; margin-bottom: .0001pt; text-align: justify; text-indent: .25in; line-height: 150%;\">\n\t<span style=\"font-family: helvetica; font-size: 12pt;\"><span style=\"color: #000000;\"><span style=\"background-image: initial; background-attachment: initial; background-size: initial; background-origin: initial; background-clip: initial; background-position: initial; background-repeat: initial;\">&#8211; Fragmentet nga libri i Imzot Theofan Nolit, \u201cKremtore e Kish\u00ebs Orthodokse\u201d, Boston, 1947&nbsp;<\/span><\/span><span style=\"color: #000000;\"><span style=\"line-height: 16px;\">(Libri liturgjik q\u00eb p\u00ebrdorim sot n\u00eb kishat orthodhokse t\u00eb Shqip\u00ebris\u00eb)<\/span><\/span><\/span><\/p>\n<p style=\"margin: 0in; margin-bottom: .0001pt; text-align: justify; text-indent: .25in; line-height: 150%;\">\n\t&nbsp;<\/p>\n<p style=\"margin: 0in; margin-bottom: .0001pt; text-align: justify; text-indent: .25in; line-height: 150%;\">\n\t<span style=\"color: #000000; font-family: helvetica; font-size: 12pt;\"><span style=\"line-height: 150%; text-indent: 0.25in;\">&#8211; Kopertina e librit Imzot Kristoforit p\u00ebr sh\u00ebn Kozmain \u201cJet\u00ebshkrimi dhe akoluthia e d\u00ebshmorit t\u00eb ri dhe Isapostullit Sh\u00ebn Kozma\u201d, Kor\u00e7\u00eb 1931.<\/span><\/span><\/p>\n<p style=\"margin: 0in; margin-bottom: .0001pt; text-align: justify; text-indent: .25in; line-height: 150%;\">\n\t&nbsp;<\/p>\n<p style=\"margin: 0in; margin-bottom: .0001pt; text-align: justify; text-indent: .25in; line-height: 150%;\">\n\t<span style=\"color: #000000; font-family: helvetica; font-size: 12pt;\"><span style=\"background-image: initial; background-attachment: initial; background-size: initial; background-origin: initial; background-clip: initial; background-position: initial; background-repeat: initial;\">&#8211; Afresku i shek. XIX i shenjtorit n\u00eb Manastirin q\u00eb i dedikohet atij.&nbsp;<\/span><\/span><\/p>\n<p style=\"margin: 0in; margin-bottom: .0001pt; text-align: justify; text-indent: .25in; line-height: 150%;\">\n\t&nbsp;<\/p>\n<p style=\"margin: 0in; margin-bottom: .0001pt; text-align: justify; text-indent: .25in; line-height: 150%;\">\n\t&nbsp;<\/p>\n<p style=\"margin: 0in; margin-bottom: .0001pt; text-align: justify; text-indent: .25in; line-height: 150%;\">\n\t&nbsp;<\/p>\n<p style=\"margin: 0in; margin-bottom: .0001pt; text-align: justify; text-indent: .25in; line-height: 150%;\">\n\t&nbsp;<\/p>\n<p style=\"margin: 0in 0in 0.0001pt; text-indent: 0.25in; line-height: 150%; text-align: center;\">\n\t<span style=\"color: #b22222; font-size: 12pt; font-family: helvetica;\"><strong>&nbsp;&nbsp; <span style=\"font-size: 10pt;\">Fragmentet nga libri i Imzot Theofan Nolit, \u201cKremtore e Kish\u00ebs Orthodokse\u201d, Boston, 1947.<\/span><\/strong><\/span><\/p>\n<p style=\"margin: 0in 0in 0.0001pt; text-indent: 0.25in; line-height: 150%; text-align: center;\">\n\t&nbsp;<\/p>\n<p style=\"margin: 0in 0in 0.0001pt; text-indent: 0.25in; line-height: 150%; text-align: center;\">\n\t&nbsp;<\/p>\n<p style=\"margin: 0in 0in 0.0001pt; text-indent: 0.25in; line-height: 150%; text-align: center;\">\n\t&nbsp;<\/p>\n<p style=\"margin: 0in 0in 0.0001pt; text-indent: 0.25in; line-height: 150%;\">\n\t<span style=\"font-size: 12pt; font-family: helvetica;\"><img class=\"lazyload\" decoding=\"async\" alt=\"\" src=\"data:image\/gif;base64,R0lGODlhAQABAAAAACH5BAEKAAEALAAAAAABAAEAAAICTAEAOw==\" data-orig-src=\"https:\/\/lh6.googleusercontent.com\/-KnX6oBYo1Cw\/U_XI-wcoiVI\/AAAAAAAAB70\/fsi0IkpLydk\/w449-h766-no\/kremtore.tif\" style=\"width: 400px; border-width: 1px; border-style: solid; margin: 10px auto; height: 682px; display: block;\" \/><\/span><\/p>\n<p style=\"margin: 0in 0in 0.0001pt; text-indent: 0.25in; line-height: 150%; text-align: center;\">\n\t&nbsp;<\/p>\n<p style=\"margin: 0in 0in 0.0001pt; text-indent: 0.25in; line-height: 150%;\">\n\t<span style=\"font-size: 12pt; font-family: helvetica;\"><img class=\"lazyload\" decoding=\"async\" alt=\"\" src=\"data:image\/gif;base64,R0lGODlhAQABAAAAACH5BAEKAAEALAAAAAABAAEAAAICTAEAOw==\" data-orig-src=\"https:\/\/lh6.googleusercontent.com\/-4U4GrjQM6AA\/U_XI99b5qSI\/AAAAAAAAB7o\/6qmbR3XDZ2g\/w552-h766-no\/kremtore%2B1.tif\" style=\"width: 400px; border-width: 1px; border-style: solid; margin: 10px auto; height: 555px; display: block;\" \/><\/span><\/p>\n<p style=\"margin: 0in 0in 0.0001pt; text-indent: 0.25in; line-height: 150%; text-align: center;\">\n\t&nbsp;<\/p>\n<p style=\"margin: 0in 0in 0.0001pt; text-indent: 0.25in; line-height: 150%;\">\n\t<span style=\"font-size: 12pt; font-family: helvetica;\"><img class=\"lazyload\" decoding=\"async\" alt=\"\" src=\"data:image\/gif;base64,R0lGODlhAQABAAAAACH5BAEKAAEALAAAAAABAAEAAAICTAEAOw==\" data-orig-src=\"https:\/\/lh4.googleusercontent.com\/-_3CV7VWJvck\/U_XI9xFZg8I\/AAAAAAAAB7k\/7kO2BJWODvI\/w688-h412-no\/kremtore%2B2.tif\" style=\"height: 240px; width: 400px; border-width: 1px; border-style: solid; margin: 10px auto; display: block;\" \/><\/span><\/p>\n<p style=\"margin: 0in 0in 0.0001pt; text-indent: 0.25in; line-height: 150%;\">\n\t&nbsp;<\/p>\n<p style=\"margin: 0in 0in 0.0001pt; text-indent: 0.25in; line-height: 150%; text-align: center;\">\n\t&nbsp;<\/p>\n<p style=\"margin: 0in 0in 0.0001pt; text-indent: 0.25in; line-height: 150%; text-align: center;\">\n\t&nbsp;<\/p>\n<p style=\"margin: 0in 0in 0.0001pt; text-indent: 0.25in; line-height: 150%; text-align: center;\">\n\t<span style=\"color: #b22222; font-size: 10pt; font-family: helvetica;\"><strong>&nbsp; Kopertina e librit Imzot Kristoforit p\u00ebr sh\u00ebn Kozmain \u201cJet\u00ebshkrimi dhe akoluthia e d\u00ebshmorit t\u00eb ri dhe Isapostullit Sh\u00ebn Kozma\u201d, Kor\u00e7\u00eb 1931.<\/strong><\/span><\/p>\n<p style=\"margin: 0in 0in 0.0001pt; text-indent: 0.25in; line-height: 150%; text-align: center;\">\n\t&nbsp;<\/p>\n<p style=\"margin: 0in 0in 0.0001pt; text-indent: 0.25in; line-height: 150%; text-align: center;\">\n\t&nbsp;<\/p>\n<p style=\"margin: 0in 0in 0.0001pt; text-indent: 0.25in; line-height: 150%; text-align: center;\">\n\t&nbsp;<\/p>\n<p style=\"margin: 0in 0in 0.0001pt; text-indent: 0.25in; line-height: 150%;\">\n\t<span style=\"font-size: 12pt; font-family: helvetica;\"><img class=\"lazyload\" decoding=\"async\" alt=\"\" src=\"data:image\/gif;base64,R0lGODlhAQABAAAAACH5BAEKAAEALAAAAAABAAEAAAICTAEAOw==\" data-orig-src=\"https:\/\/lh5.googleusercontent.com\/-HiWuz1jtyhA\/U_XI8XfX1PI\/AAAAAAAAB7Q\/IhmjOYPDo6k\/w516-h765-no\/Untitled.jpg\" style=\"height: 593px; width: 400px; border-width: 1px; border-style: solid; margin: 10px auto; display: block;\" \/><\/span><\/p>\n<p style=\"margin: 0in 0in 0.0001pt; text-indent: 0.25in; line-height: 150%;\">\n\t&nbsp;<\/p>\n<p style=\"margin: 0in 0in 0.0001pt; text-indent: 0.25in; line-height: 150%;\">\n\t&nbsp;<\/p>\n<p style=\"margin: 0in 0in 0.0001pt; text-indent: 0.25in; line-height: 150%; text-align: center;\">\n\t&nbsp;<\/p>\n<p style=\"margin: 0in 0in 0.0001pt; text-indent: 0.25in; line-height: 150%; text-align: center;\">\n\t<span style=\"color: #b22222; font-size: 10pt; font-family: helvetica;\"><strong>&nbsp; Afresku i shek. XIX i shenjtorit n\u00eb Manastirin q\u00eb i dedikohet atij.&nbsp;<\/strong><\/span><\/p>\n<p style=\"margin: 0in 0in 0.0001pt; text-indent: 0.25in; line-height: 150%; text-align: center;\">\n\t&nbsp;<\/p>\n<p style=\"margin: 0in 0in 0.0001pt; text-indent: 0.25in; line-height: 150%; text-align: center;\">\n\t&nbsp;<\/p>\n<p style=\"margin: 0in 0in 0.0001pt; text-indent: 0.25in; line-height: 150%;\">\n\t<img class=\"lazyload\" decoding=\"async\" alt=\"\" src=\"data:image\/gif;base64,R0lGODlhAQABAAAAACH5BAEKAAEALAAAAAABAAEAAAICTAEAOw==\" data-orig-src=\"https:\/\/lh5.googleusercontent.com\/-Sniowb0cwZQ\/U_XPPjdAhoI\/AAAAAAAAB9E\/d7qNaQcr-so\/w524-h766-no\/shen%2BKozmai.jpg\" style=\"height: 585px; width: 400px; border-width: 1px; border-style: solid; margin: 10px auto; display: block;\" \/><\/p>\n<p style=\"margin: 0in 0in 0.0001pt; text-indent: 0.25in; line-height: 150%; text-align: center;\">\n\t&nbsp;<\/p>\n<p style=\"margin: 0in 0in 0.0001pt; text-indent: 0.25in; line-height: 150%; text-align: center;\">\n\t&nbsp;<\/p>\n","protected":false},"excerpt":{"rendered":"<p>Pasi sulmuan Kryepiskopin Anastas, pasi sulmuan ata q\u00eb punojn\u00eb p\u00ebr Kish\u00ebn Orthodhokse Autoqefale t\u00eb Shqip\u00ebris\u00eb, pasi shpik\u00ebn gjithfar\u00eb g\u00ebnjeshtrash p\u00ebr kanonet dhe statutet orthodhokse, pasi na e deformuan historin\u00eb e besimit, tani e kan\u00eb radh\u00ebn shenjtor\u00ebt tan\u00eb. Sidomos koh\u00ebt e fundit jan\u00eb shtuar shkrimet n\u00eb disa media t\u00eb caktuara, n\u00eb t\u00eb cilat hidhet balt\u00eb mbi nj\u00eb nga shenjtor\u00ebt m\u00eb t\u00eb nderuar mes shqiptar\u00ebve dhe m\u00eb<\/p>\n","protected":false},"author":5,"featured_media":969,"comment_status":"open","ping_status":"open","sticky":false,"template":"","format":"standard","meta":{"_acf_changed":false,"pagelayer_contact_templates":[],"_pagelayer_content":"","inline_featured_image":false,"fifu_image_url":"","fifu_image_alt":"","footnotes":""},"categories":[108],"tags":[140,153,196,212,203],"class_list":["post-968","post","type-post","status-publish","format-standard","has-post-thumbnail","hentry","category-lajme","tag-140","tag-deklarata-njoftime-zyrtare-d75","tag-tirane","tag-lajme-d27","tag-pergjigje-ndaj-akuzave"],"acf":[],"yoast_head":"<!-- This site is optimized with the Yoast SEO plugin v27.2 - https:\/\/yoast.com\/product\/yoast-seo-wordpress\/ -->\n<title>Nderimi i Sh\u00ebn Kozmait nga shqiptar\u00ebt \u00ebsht\u00eb i hersh\u00ebm - Kisha Orthodh\u03bfkse Autoqefale e Shqip\u00ebris\u00eb<\/title>\n<meta name=\"robots\" content=\"index, follow, max-snippet:-1, max-image-preview:large, max-video-preview:-1\" \/>\n<link rel=\"canonical\" href=\"https:\/\/orthodoxalbania.org\/2020\/2014\/08\/21\/nderimi-i-shqiptareve-per-shen-kozmain-eshte-i-hershem\/\" \/>\n<meta property=\"og:locale\" content=\"en_US\" \/>\n<meta property=\"og:type\" content=\"article\" \/>\n<meta property=\"og:title\" content=\"Nderimi i Sh\u00ebn Kozmait nga shqiptar\u00ebt \u00ebsht\u00eb i hersh\u00ebm - Kisha Orthodh\u03bfkse Autoqefale e Shqip\u00ebris\u00eb\" \/>\n<meta property=\"og:description\" content=\"Pasi sulmuan Kryepiskopin Anastas, pasi sulmuan ata q\u00eb punojn\u00eb p\u00ebr Kish\u00ebn Orthodhokse Autoqefale t\u00eb Shqip\u00ebris\u00eb, pasi shpik\u00ebn gjithfar\u00eb g\u00ebnjeshtrash p\u00ebr kanonet dhe statutet orthodhokse, pasi na e deformuan historin\u00eb e besimit, tani e kan\u00eb radh\u00ebn shenjtor\u00ebt tan\u00eb. Sidomos koh\u00ebt e fundit jan\u00eb shtuar shkrimet n\u00eb disa media t\u00eb caktuara, n\u00eb t\u00eb cilat hidhet balt\u00eb mbi nj\u00eb nga shenjtor\u00ebt m\u00eb t\u00eb nderuar mes shqiptar\u00ebve dhe m\u00eb\" \/>\n<meta property=\"og:url\" content=\"https:\/\/orthodoxalbania.org\/2020\/2014\/08\/21\/nderimi-i-shqiptareve-per-shen-kozmain-eshte-i-hershem\/\" \/>\n<meta property=\"og:site_name\" content=\"Kisha Orthodh\u03bfkse Autoqefale e Shqip\u00ebris\u00eb\" \/>\n<meta property=\"article:publisher\" content=\"https:\/\/www.facebook.com\/koash1991\" \/>\n<meta property=\"article:published_time\" content=\"2014-08-21T11:27:06+00:00\" \/>\n<meta property=\"article:modified_time\" content=\"2020-04-06T20:02:24+00:00\" \/>\n<meta property=\"og:image\" content=\"https:\/\/orthodoxalbania.org\/2020\/wp-content\/uploads\/2020\/04\/kremtore.tif\" \/>\n\t<meta property=\"og:image:width\" content=\"449\" \/>\n\t<meta property=\"og:image:height\" content=\"766\" \/>\n\t<meta property=\"og:image:type\" content=\"image\/jpeg\" \/>\n<meta name=\"author\" content=\"Administrator3\" \/>\n<meta name=\"twitter:card\" content=\"summary_large_image\" \/>\n<meta name=\"twitter:label1\" content=\"Written by\" \/>\n\t<meta name=\"twitter:data1\" content=\"Administrator3\" \/>\n\t<meta name=\"twitter:label2\" content=\"Est. reading time\" \/>\n\t<meta name=\"twitter:data2\" content=\"3 minutes\" \/>\n<script type=\"application\/ld+json\" class=\"yoast-schema-graph\">{\"@context\":\"https:\/\/schema.org\",\"@graph\":[{\"@type\":\"Article\",\"@id\":\"https:\/\/orthodoxalbania.org\/2020\/2014\/08\/21\/nderimi-i-shqiptareve-per-shen-kozmain-eshte-i-hershem\/#article\",\"isPartOf\":{\"@id\":\"https:\/\/orthodoxalbania.org\/2020\/2014\/08\/21\/nderimi-i-shqiptareve-per-shen-kozmain-eshte-i-hershem\/\"},\"author\":{\"name\":\"Administrator3\",\"@id\":\"https:\/\/orthodoxalbania.org\/2020\/#\/schema\/person\/8f81792a8d818674e96c380e1085eb43\"},\"headline\":\"Nderimi i Sh\u00ebn Kozmait nga shqiptar\u00ebt \u00ebsht\u00eb i hersh\u00ebm\",\"datePublished\":\"2014-08-21T11:27:06+00:00\",\"dateModified\":\"2020-04-06T20:02:24+00:00\",\"mainEntityOfPage\":{\"@id\":\"https:\/\/orthodoxalbania.org\/2020\/2014\/08\/21\/nderimi-i-shqiptareve-per-shen-kozmain-eshte-i-hershem\/\"},\"wordCount\":632,\"commentCount\":0,\"publisher\":{\"@id\":\"https:\/\/orthodoxalbania.org\/2020\/#organization\"},\"image\":{\"@id\":\"https:\/\/orthodoxalbania.org\/2020\/2014\/08\/21\/nderimi-i-shqiptareve-per-shen-kozmain-eshte-i-hershem\/#primaryimage\"},\"thumbnailUrl\":\"https:\/\/orthodoxalbania.org\/2020\/wp-content\/uploads\/2020\/04\/kremtore.tif\",\"keywords\":[\"2014\",\"Deklarata - Njoftime Zyrtare\",\"Kryepiskopata Tiran\u00eb\",\"lajme\",\"P\u00ebrgjigje ndaj akuzave\"],\"articleSection\":[\"Lajme\"],\"inLanguage\":\"en-US\"},{\"@type\":\"WebPage\",\"@id\":\"https:\/\/orthodoxalbania.org\/2020\/2014\/08\/21\/nderimi-i-shqiptareve-per-shen-kozmain-eshte-i-hershem\/\",\"url\":\"https:\/\/orthodoxalbania.org\/2020\/2014\/08\/21\/nderimi-i-shqiptareve-per-shen-kozmain-eshte-i-hershem\/\",\"name\":\"Nderimi i Sh\u00ebn Kozmait nga shqiptar\u00ebt \u00ebsht\u00eb i hersh\u00ebm - Kisha Orthodh\u03bfkse Autoqefale e Shqip\u00ebris\u00eb\",\"isPartOf\":{\"@id\":\"https:\/\/orthodoxalbania.org\/2020\/#website\"},\"primaryImageOfPage\":{\"@id\":\"https:\/\/orthodoxalbania.org\/2020\/2014\/08\/21\/nderimi-i-shqiptareve-per-shen-kozmain-eshte-i-hershem\/#primaryimage\"},\"image\":{\"@id\":\"https:\/\/orthodoxalbania.org\/2020\/2014\/08\/21\/nderimi-i-shqiptareve-per-shen-kozmain-eshte-i-hershem\/#primaryimage\"},\"thumbnailUrl\":\"https:\/\/orthodoxalbania.org\/2020\/wp-content\/uploads\/2020\/04\/kremtore.tif\",\"datePublished\":\"2014-08-21T11:27:06+00:00\",\"dateModified\":\"2020-04-06T20:02:24+00:00\",\"breadcrumb\":{\"@id\":\"https:\/\/orthodoxalbania.org\/2020\/2014\/08\/21\/nderimi-i-shqiptareve-per-shen-kozmain-eshte-i-hershem\/#breadcrumb\"},\"inLanguage\":\"en-US\",\"potentialAction\":[{\"@type\":\"ReadAction\",\"target\":[\"https:\/\/orthodoxalbania.org\/2020\/2014\/08\/21\/nderimi-i-shqiptareve-per-shen-kozmain-eshte-i-hershem\/\"]}]},{\"@type\":\"ImageObject\",\"inLanguage\":\"en-US\",\"@id\":\"https:\/\/orthodoxalbania.org\/2020\/2014\/08\/21\/nderimi-i-shqiptareve-per-shen-kozmain-eshte-i-hershem\/#primaryimage\",\"url\":\"https:\/\/orthodoxalbania.org\/2020\/wp-content\/uploads\/2020\/04\/kremtore.tif\",\"contentUrl\":\"https:\/\/orthodoxalbania.org\/2020\/wp-content\/uploads\/2020\/04\/kremtore.tif\",\"width\":449,\"height\":766},{\"@type\":\"BreadcrumbList\",\"@id\":\"https:\/\/orthodoxalbania.org\/2020\/2014\/08\/21\/nderimi-i-shqiptareve-per-shen-kozmain-eshte-i-hershem\/#breadcrumb\",\"itemListElement\":[{\"@type\":\"ListItem\",\"position\":1,\"name\":\"Home\",\"item\":\"https:\/\/orthodoxalbania.org\/2020\/\"},{\"@type\":\"ListItem\",\"position\":2,\"name\":\"Nderimi i Sh\u00ebn Kozmait nga shqiptar\u00ebt \u00ebsht\u00eb i hersh\u00ebm\"}]},{\"@type\":\"WebSite\",\"@id\":\"https:\/\/orthodoxalbania.org\/2020\/#website\",\"url\":\"https:\/\/orthodoxalbania.org\/2020\/\",\"name\":\"Kisha Orthodh\u03bfkse Autoqefale e Shqip\u00ebris\u00eb\",\"description\":\"Fqja Zyrtare e Kish\u00ebs Orthodhokse Autoqefale e Shqip\u00ebris\u00eb me lajmet edhe informacionet zyrtare p\u00ebr struktur\u00ebn edhe veprimtarin e saj.\",\"publisher\":{\"@id\":\"https:\/\/orthodoxalbania.org\/2020\/#organization\"},\"potentialAction\":[{\"@type\":\"SearchAction\",\"target\":{\"@type\":\"EntryPoint\",\"urlTemplate\":\"https:\/\/orthodoxalbania.org\/2020\/?s={search_term_string}\"},\"query-input\":{\"@type\":\"PropertyValueSpecification\",\"valueRequired\":true,\"valueName\":\"search_term_string\"}}],\"inLanguage\":\"en-US\"},{\"@type\":\"Organization\",\"@id\":\"https:\/\/orthodoxalbania.org\/2020\/#organization\",\"name\":\"Kisha Orthodhokse Autoqefale e Shqip\u00ebris\u00eb\",\"url\":\"https:\/\/orthodoxalbania.org\/2020\/\",\"logo\":{\"@type\":\"ImageObject\",\"inLanguage\":\"en-US\",\"@id\":\"https:\/\/orthodoxalbania.org\/2020\/#\/schema\/logo\/image\/\",\"url\":\"https:\/\/orthodoxalbania.org\/2020\/wp-content\/uploads\/2020\/05\/albania.jpeg\",\"contentUrl\":\"https:\/\/orthodoxalbania.org\/2020\/wp-content\/uploads\/2020\/05\/albania.jpeg\",\"width\":540,\"height\":540,\"caption\":\"Kisha Orthodhokse Autoqefale e Shqip\u00ebris\u00eb\"},\"image\":{\"@id\":\"https:\/\/orthodoxalbania.org\/2020\/#\/schema\/logo\/image\/\"},\"sameAs\":[\"https:\/\/www.facebook.com\/koash1991\"]},{\"@type\":\"Person\",\"@id\":\"https:\/\/orthodoxalbania.org\/2020\/#\/schema\/person\/8f81792a8d818674e96c380e1085eb43\",\"name\":\"Administrator3\",\"image\":{\"@type\":\"ImageObject\",\"inLanguage\":\"en-US\",\"@id\":\"https:\/\/secure.gravatar.com\/avatar\/f6b85b21b3f9159ff2c0d0cf50724456629c45a3e9069c9124ecd8a6cb95f6ca?s=96&d=mm&r=g\",\"url\":\"https:\/\/secure.gravatar.com\/avatar\/f6b85b21b3f9159ff2c0d0cf50724456629c45a3e9069c9124ecd8a6cb95f6ca?s=96&d=mm&r=g\",\"contentUrl\":\"https:\/\/secure.gravatar.com\/avatar\/f6b85b21b3f9159ff2c0d0cf50724456629c45a3e9069c9124ecd8a6cb95f6ca?s=96&d=mm&r=g\",\"caption\":\"Administrator3\"}}]}<\/script>\n<!-- \/ Yoast SEO plugin. -->","yoast_head_json":{"title":"Nderimi i Sh\u00ebn Kozmait nga shqiptar\u00ebt \u00ebsht\u00eb i hersh\u00ebm - Kisha Orthodh\u03bfkse Autoqefale e Shqip\u00ebris\u00eb","robots":{"index":"index","follow":"follow","max-snippet":"max-snippet:-1","max-image-preview":"max-image-preview:large","max-video-preview":"max-video-preview:-1"},"canonical":"https:\/\/orthodoxalbania.org\/2020\/2014\/08\/21\/nderimi-i-shqiptareve-per-shen-kozmain-eshte-i-hershem\/","og_locale":"en_US","og_type":"article","og_title":"Nderimi i Sh\u00ebn Kozmait nga shqiptar\u00ebt \u00ebsht\u00eb i hersh\u00ebm - Kisha Orthodh\u03bfkse Autoqefale e Shqip\u00ebris\u00eb","og_description":"Pasi sulmuan Kryepiskopin Anastas, pasi sulmuan ata q\u00eb punojn\u00eb p\u00ebr Kish\u00ebn Orthodhokse Autoqefale t\u00eb Shqip\u00ebris\u00eb, pasi shpik\u00ebn gjithfar\u00eb g\u00ebnjeshtrash p\u00ebr kanonet dhe statutet orthodhokse, pasi na e deformuan historin\u00eb e besimit, tani e kan\u00eb radh\u00ebn shenjtor\u00ebt tan\u00eb. Sidomos koh\u00ebt e fundit jan\u00eb shtuar shkrimet n\u00eb disa media t\u00eb caktuara, n\u00eb t\u00eb cilat hidhet balt\u00eb mbi nj\u00eb nga shenjtor\u00ebt m\u00eb t\u00eb nderuar mes shqiptar\u00ebve dhe m\u00eb","og_url":"https:\/\/orthodoxalbania.org\/2020\/2014\/08\/21\/nderimi-i-shqiptareve-per-shen-kozmain-eshte-i-hershem\/","og_site_name":"Kisha Orthodh\u03bfkse Autoqefale e Shqip\u00ebris\u00eb","article_publisher":"https:\/\/www.facebook.com\/koash1991","article_published_time":"2014-08-21T11:27:06+00:00","article_modified_time":"2020-04-06T20:02:24+00:00","og_image":[{"width":449,"height":766,"url":"https:\/\/orthodoxalbania.org\/2020\/wp-content\/uploads\/2020\/04\/kremtore.tif","type":"image\/jpeg"}],"author":"Administrator3","twitter_card":"summary_large_image","twitter_misc":{"Written by":"Administrator3","Est. reading time":"3 minutes"},"schema":{"@context":"https:\/\/schema.org","@graph":[{"@type":"Article","@id":"https:\/\/orthodoxalbania.org\/2020\/2014\/08\/21\/nderimi-i-shqiptareve-per-shen-kozmain-eshte-i-hershem\/#article","isPartOf":{"@id":"https:\/\/orthodoxalbania.org\/2020\/2014\/08\/21\/nderimi-i-shqiptareve-per-shen-kozmain-eshte-i-hershem\/"},"author":{"name":"Administrator3","@id":"https:\/\/orthodoxalbania.org\/2020\/#\/schema\/person\/8f81792a8d818674e96c380e1085eb43"},"headline":"Nderimi i Sh\u00ebn Kozmait nga shqiptar\u00ebt \u00ebsht\u00eb i hersh\u00ebm","datePublished":"2014-08-21T11:27:06+00:00","dateModified":"2020-04-06T20:02:24+00:00","mainEntityOfPage":{"@id":"https:\/\/orthodoxalbania.org\/2020\/2014\/08\/21\/nderimi-i-shqiptareve-per-shen-kozmain-eshte-i-hershem\/"},"wordCount":632,"commentCount":0,"publisher":{"@id":"https:\/\/orthodoxalbania.org\/2020\/#organization"},"image":{"@id":"https:\/\/orthodoxalbania.org\/2020\/2014\/08\/21\/nderimi-i-shqiptareve-per-shen-kozmain-eshte-i-hershem\/#primaryimage"},"thumbnailUrl":"https:\/\/orthodoxalbania.org\/2020\/wp-content\/uploads\/2020\/04\/kremtore.tif","keywords":["2014","Deklarata - Njoftime Zyrtare","Kryepiskopata Tiran\u00eb","lajme","P\u00ebrgjigje ndaj akuzave"],"articleSection":["Lajme"],"inLanguage":"en-US"},{"@type":"WebPage","@id":"https:\/\/orthodoxalbania.org\/2020\/2014\/08\/21\/nderimi-i-shqiptareve-per-shen-kozmain-eshte-i-hershem\/","url":"https:\/\/orthodoxalbania.org\/2020\/2014\/08\/21\/nderimi-i-shqiptareve-per-shen-kozmain-eshte-i-hershem\/","name":"Nderimi i Sh\u00ebn Kozmait nga shqiptar\u00ebt \u00ebsht\u00eb i hersh\u00ebm - Kisha Orthodh\u03bfkse Autoqefale e Shqip\u00ebris\u00eb","isPartOf":{"@id":"https:\/\/orthodoxalbania.org\/2020\/#website"},"primaryImageOfPage":{"@id":"https:\/\/orthodoxalbania.org\/2020\/2014\/08\/21\/nderimi-i-shqiptareve-per-shen-kozmain-eshte-i-hershem\/#primaryimage"},"image":{"@id":"https:\/\/orthodoxalbania.org\/2020\/2014\/08\/21\/nderimi-i-shqiptareve-per-shen-kozmain-eshte-i-hershem\/#primaryimage"},"thumbnailUrl":"https:\/\/orthodoxalbania.org\/2020\/wp-content\/uploads\/2020\/04\/kremtore.tif","datePublished":"2014-08-21T11:27:06+00:00","dateModified":"2020-04-06T20:02:24+00:00","breadcrumb":{"@id":"https:\/\/orthodoxalbania.org\/2020\/2014\/08\/21\/nderimi-i-shqiptareve-per-shen-kozmain-eshte-i-hershem\/#breadcrumb"},"inLanguage":"en-US","potentialAction":[{"@type":"ReadAction","target":["https:\/\/orthodoxalbania.org\/2020\/2014\/08\/21\/nderimi-i-shqiptareve-per-shen-kozmain-eshte-i-hershem\/"]}]},{"@type":"ImageObject","inLanguage":"en-US","@id":"https:\/\/orthodoxalbania.org\/2020\/2014\/08\/21\/nderimi-i-shqiptareve-per-shen-kozmain-eshte-i-hershem\/#primaryimage","url":"https:\/\/orthodoxalbania.org\/2020\/wp-content\/uploads\/2020\/04\/kremtore.tif","contentUrl":"https:\/\/orthodoxalbania.org\/2020\/wp-content\/uploads\/2020\/04\/kremtore.tif","width":449,"height":766},{"@type":"BreadcrumbList","@id":"https:\/\/orthodoxalbania.org\/2020\/2014\/08\/21\/nderimi-i-shqiptareve-per-shen-kozmain-eshte-i-hershem\/#breadcrumb","itemListElement":[{"@type":"ListItem","position":1,"name":"Home","item":"https:\/\/orthodoxalbania.org\/2020\/"},{"@type":"ListItem","position":2,"name":"Nderimi i Sh\u00ebn Kozmait nga shqiptar\u00ebt \u00ebsht\u00eb i hersh\u00ebm"}]},{"@type":"WebSite","@id":"https:\/\/orthodoxalbania.org\/2020\/#website","url":"https:\/\/orthodoxalbania.org\/2020\/","name":"Kisha Orthodh\u03bfkse Autoqefale e Shqip\u00ebris\u00eb","description":"Fqja Zyrtare e Kish\u00ebs Orthodhokse Autoqefale e Shqip\u00ebris\u00eb me lajmet edhe informacionet zyrtare p\u00ebr struktur\u00ebn edhe veprimtarin e saj.","publisher":{"@id":"https:\/\/orthodoxalbania.org\/2020\/#organization"},"potentialAction":[{"@type":"SearchAction","target":{"@type":"EntryPoint","urlTemplate":"https:\/\/orthodoxalbania.org\/2020\/?s={search_term_string}"},"query-input":{"@type":"PropertyValueSpecification","valueRequired":true,"valueName":"search_term_string"}}],"inLanguage":"en-US"},{"@type":"Organization","@id":"https:\/\/orthodoxalbania.org\/2020\/#organization","name":"Kisha Orthodhokse Autoqefale e Shqip\u00ebris\u00eb","url":"https:\/\/orthodoxalbania.org\/2020\/","logo":{"@type":"ImageObject","inLanguage":"en-US","@id":"https:\/\/orthodoxalbania.org\/2020\/#\/schema\/logo\/image\/","url":"https:\/\/orthodoxalbania.org\/2020\/wp-content\/uploads\/2020\/05\/albania.jpeg","contentUrl":"https:\/\/orthodoxalbania.org\/2020\/wp-content\/uploads\/2020\/05\/albania.jpeg","width":540,"height":540,"caption":"Kisha Orthodhokse Autoqefale e Shqip\u00ebris\u00eb"},"image":{"@id":"https:\/\/orthodoxalbania.org\/2020\/#\/schema\/logo\/image\/"},"sameAs":["https:\/\/www.facebook.com\/koash1991"]},{"@type":"Person","@id":"https:\/\/orthodoxalbania.org\/2020\/#\/schema\/person\/8f81792a8d818674e96c380e1085eb43","name":"Administrator3","image":{"@type":"ImageObject","inLanguage":"en-US","@id":"https:\/\/secure.gravatar.com\/avatar\/f6b85b21b3f9159ff2c0d0cf50724456629c45a3e9069c9124ecd8a6cb95f6ca?s=96&d=mm&r=g","url":"https:\/\/secure.gravatar.com\/avatar\/f6b85b21b3f9159ff2c0d0cf50724456629c45a3e9069c9124ecd8a6cb95f6ca?s=96&d=mm&r=g","contentUrl":"https:\/\/secure.gravatar.com\/avatar\/f6b85b21b3f9159ff2c0d0cf50724456629c45a3e9069c9124ecd8a6cb95f6ca?s=96&d=mm&r=g","caption":"Administrator3"}}]}},"_links":{"self":[{"href":"https:\/\/orthodoxalbania.org\/2020\/wp-json\/wp\/v2\/posts\/968","targetHints":{"allow":["GET"]}}],"collection":[{"href":"https:\/\/orthodoxalbania.org\/2020\/wp-json\/wp\/v2\/posts"}],"about":[{"href":"https:\/\/orthodoxalbania.org\/2020\/wp-json\/wp\/v2\/types\/post"}],"author":[{"embeddable":true,"href":"https:\/\/orthodoxalbania.org\/2020\/wp-json\/wp\/v2\/users\/5"}],"replies":[{"embeddable":true,"href":"https:\/\/orthodoxalbania.org\/2020\/wp-json\/wp\/v2\/comments?post=968"}],"version-history":[{"count":1,"href":"https:\/\/orthodoxalbania.org\/2020\/wp-json\/wp\/v2\/posts\/968\/revisions"}],"predecessor-version":[{"id":15064,"href":"https:\/\/orthodoxalbania.org\/2020\/wp-json\/wp\/v2\/posts\/968\/revisions\/15064"}],"wp:featuredmedia":[{"embeddable":true,"href":"https:\/\/orthodoxalbania.org\/2020\/wp-json\/wp\/v2\/media\/969"}],"wp:attachment":[{"href":"https:\/\/orthodoxalbania.org\/2020\/wp-json\/wp\/v2\/media?parent=968"}],"wp:term":[{"taxonomy":"category","embeddable":true,"href":"https:\/\/orthodoxalbania.org\/2020\/wp-json\/wp\/v2\/categories?post=968"},{"taxonomy":"post_tag","embeddable":true,"href":"https:\/\/orthodoxalbania.org\/2020\/wp-json\/wp\/v2\/tags?post=968"}],"curies":[{"name":"wp","href":"https:\/\/api.w.org\/{rel}","templated":true}]}}