{"id":967,"date":"2008-02-26T00:00:00","date_gmt":"2008-02-26T00:00:00","guid":{"rendered":""},"modified":"2020-04-06T22:35:24","modified_gmt":"2020-04-06T20:35:24","slug":"ndarja-e-kekut-te-shen-vasilit-te-madh-feste-e-mesazhe-per-fillimin-e-vitit-janar-2008","status":"publish","type":"post","link":"https:\/\/orthodoxalbania.org\/2020\/2008\/02\/26\/ndarja-e-kekut-te-shen-vasilit-te-madh-feste-e-mesazhe-per-fillimin-e-vitit-janar-2008\/","title":{"rendered":"Ndarja e kekut t\u00eb Sh\u00ebn Vasilit t\u00eb Madh, fest\u00eb e mesazhe p\u00ebr fillimin e vitit. (Janar 2008)"},"content":{"rendered":"<table id=\"AutoNumber3\" border=\"0\">\n<tbody>\n<tr>\n<td rowspan=\"5\">\n<table id=\"AutoNumber4\" style=\"width: 747px; height: 1444px;\" border=\"0\">\n<tbody>\n<tr>\n<td>\n<p style=\"text-align: justify;\"><span style=\"color: #000000;\"><span style=\"font-family: tahoma,geneva,sans-serif;\"><span style=\"font-size: 12px;\">&nbsp;&nbsp;&nbsp; Traditat pasojn\u00eb nj\u00ebra \u2013 tjetr\u00ebn nga brezi n\u00eb brez. Ato marrin form\u00eb simbolike sa her\u00eb p\u00ebrcjellin mesazhe t\u00eb p\u00ebrhershme. Dashuria p\u00ebr t\u00eb af\u00ebrmin \u00ebsht\u00eb nj\u00eb fest\u00eb shpirt\u00ebrore q\u00eb shprehet edhe p\u00ebrmes k\u00ebtyre simboleve, t\u00eb cilat trash\u00ebgojn\u00eb p\u00ebrvoj\u00ebn e vyer ku gjenden rr\u00ebnj\u00ebt e besimit ton\u00eb t\u00eb krishter\u00eb orthodhoks.<\/span><\/span><\/span><\/p>\n<\/td>\n<td>\n<p style=\"text-align: center;\"><span style=\"color: #000000;\"><span style=\"font-family: tahoma,geneva,sans-serif;\"><span style=\"font-size: 12px;\"><img decoding=\"async\" class=\"lazyload HAa Eha\" style=\"border-width: 1px; border-style: solid; margin: 10px;\" alt=\"\" src=\"data:image\/gif;base64,R0lGODlhAQABAAAAACH5BAEKAAEALAAAAAABAAEAAAICTAEAOw==\" data-orig-src=\"https:\/\/lh3.googleusercontent.com\/-G6RD8667VOI\/VIvuSvf7OcI\/AAAAAAAAHRo\/mryYmWRkrHA\/w400-h300-no\/k2.jpg\" \/><\/span><\/span><\/span><\/p>\n<\/td>\n<\/tr>\n<tr>\n<td>\n<p><span style=\"color: #000000;\"><span style=\"font-family: tahoma,geneva,sans-serif;\"><span style=\"font-size: 12px;\"><img decoding=\"async\" class=\"lazyload HAa Eha\" style=\"border-width: 1px; border-style: solid; margin: 10px auto; display: block;\" alt=\"\" src=\"data:image\/svg+xml,%3Csvg%20xmlns%3D%27http%3A%2F%2Fwww.w3.org%2F2000%2Fsvg%27%20width%3D%27348%27%20height%3D%27261%27%20viewBox%3D%270%200%20348%20261%27%3E%3Crect%20width%3D%27348%27%20height%3D%27261%27%20fill-opacity%3D%220%22%2F%3E%3C%2Fsvg%3E\" data-orig-src=\"https:\/\/lh6.googleusercontent.com\/-7Sh4FNVviQE\/VIvuS2plzPI\/AAAAAAAAHR4\/Gnj2eit1JF4\/w400-h300-no\/k3.jpg\" height=\"261\" width=\"348\" \/><\/span><\/span><\/span><\/p>\n<\/td>\n<td>\n<p style=\"text-align: justify;\"><span style=\"color: #000000;\"><span style=\"font-family: tahoma,geneva,sans-serif;\"><span style=\"font-size: 12px;\">&nbsp;&nbsp; Nj\u00eb fest\u00eb e k\u00ebsaj natyre \u00ebsht\u00eb kthyer n\u00eb tradit\u00eb simbolike \u00e7do fillim viti. Sa her\u00eb nd\u00ebrrohen kalendar\u00ebt pritet me padurim nga \u00e7do mosh\u00eb \u201cndarja e kekut t\u00eb Sh\u00ebn Vasilit t\u00eb Madh\u201d, nj\u00eb tradit\u00eb e vjet\u00ebr n\u00eb vendin ton\u00eb, q\u00eb n\u00eb familje praktikohet me an\u00eb t\u00eb nj\u00eb lakrori, kula\u00e7i ose \u00ebmb\u00eblsire. N\u00eb monedh\u00ebn e fshehur brenda k\u00ebtij gatimi do t\u00eb gjendet edhe \u201cnjeriu m\u00eb me fat i vitit\u201d.<\/span><\/span><\/span><\/p>\n<p style=\"text-align: justify;\"><span style=\"color: #000000;\"><span style=\"font-family: tahoma,geneva,sans-serif;\"><span style=\"font-size: 12px;\">&nbsp;&nbsp;&nbsp;&nbsp; N\u00eb Qendr\u00ebn Studentore t\u00eb Kish\u00ebs Orthodhokse n\u00eb Tiran\u00eb ndarja e kekut t\u00eb Sh\u00ebn Vasilit t\u00eb Madh u b\u00eb n\u00eb pranin\u00eb e rreth 100 student\u00ebve, n\u00ebn drejtimin e nj\u00eb kleriku nga SHBA, i cili ka kontribuar p\u00ebr 10 vjet rresht n\u00eb Kish\u00ebn ton\u00eb, At Luka Veronis.<\/span><\/span><\/span><\/p>\n<\/td>\n<\/tr>\n<tr>\n<td>\n<p style=\"text-align: justify;\"><span style=\"color: #000000;\"><span style=\"font-family: tahoma,geneva,sans-serif;\"><span style=\"font-size: 12px;\">&nbsp;&nbsp;&nbsp; An\u00ebtaret e Lidhjes s\u00eb Grave Orthodhokse \u201cP\u00ebrhapja e Dashuris\u00eb\u201d, n\u00eb Tiran\u00eb, e zhvilluan k\u00ebt\u00eb ceremoni n\u00eb dat\u00ebn 9 janar. Pasi foli teologu Jorgo Papadhopulli, At\u00eb Aleks Ndoni ndau p\u00ebr pjes\u00ebmarr\u00ebset kekun e Sh\u00ebn Vasilit. N\u00eb fund rezultoi q\u00eb monedha ndodhej n\u00eb pjes\u00ebn q\u00eb i ishte rezervuar Krishtit. Grat\u00eb pat\u00ebn nj\u00eb g\u00ebzim t\u00eb ve\u00e7ant\u00eb pasi, sipas tyre, kjo d\u00ebshmon se \u201cPer\u00ebndia \u00ebsht\u00eb me t\u00eb gjith\u00eb ne\u201d.<\/span><\/span><\/span><\/p>\n<\/td>\n<td>\n<p><span style=\"color: #000000;\"><span style=\"font-family: tahoma,geneva,sans-serif;\"><span style=\"font-size: 12px;\"><img decoding=\"async\" class=\"lazyload HAa Eha\" style=\"border-width: 1px; border-style: solid; margin: 10px auto; display: block;\" alt=\"\" src=\"data:image\/gif;base64,R0lGODlhAQABAAAAACH5BAEKAAEALAAAAAABAAEAAAICTAEAOw==\" data-orig-src=\"https:\/\/lh4.googleusercontent.com\/-YHItzL333u4\/VIvuTDDQR7I\/AAAAAAAAHRw\/xsPN6YVGe5Q\/w400-h265-no\/k4.jpg\" \/><\/span><\/span><\/span><\/p>\n<\/td>\n<\/tr>\n<tr>\n<td>\n<p><span style=\"color: #000000;\"><span style=\"font-family: tahoma,geneva,sans-serif;\"><span style=\"font-size: 12px;\"><img decoding=\"async\" class=\"lazyload HAa Eha\" style=\"border-width: 1px; border-style: solid; margin: 10px auto; display: block;\" alt=\"\" src=\"data:image\/svg+xml,%3Csvg%20xmlns%3D%27http%3A%2F%2Fwww.w3.org%2F2000%2Fsvg%27%20width%3D%27344%27%20height%3D%27258%27%20viewBox%3D%270%200%20344%20258%27%3E%3Crect%20width%3D%27344%27%20height%3D%27258%27%20fill-opacity%3D%220%22%2F%3E%3C%2Fsvg%3E\" data-orig-src=\"https:\/\/lh3.googleusercontent.com\/-jddWiM8PJMI\/VIvuSsXXdyI\/AAAAAAAAHRs\/bRslD1XRFWc\/w400-h300-no\/k.1jpg.jpg\" height=\"258\" width=\"344\" \/><\/span><\/span><\/span><\/p>\n<\/td>\n<td>\n<p style=\"text-align: justify;\"><span style=\"color: #000000;\"><span style=\"font-family: tahoma,geneva,sans-serif;\"><span style=\"font-size: 12px;\">&nbsp;&nbsp;&nbsp; Nj\u00eb takim tjet\u00ebr, me p\u00ebrmasa edhe m\u00eb t\u00eb m\u00ebdha, u b\u00eb pasditen e 20 janarit. N\u00eb Sht\u00ebpin\u00eb e Rinis\u00eb Orthodhokse \u201cBethlehem\u201d, n\u00eb Tiran\u00eb, Kryepiskopi Anastas zhvilloi nj\u00eb takim me t\u00eb rinjt\u00eb e k\u00ebsaj Qendre, ku ndau edhe kekun e Sh\u00ebn Vasilit. Veprimtaria u hap me nj\u00eb program muzikor nga kori dhe orkestra e Radios \u201cNgjallja\u201d, q\u00eb u pasua me bised\u00ebn e Kryepiskopit me t\u00eb rinjt\u00eb.<\/span><\/span><\/span><\/p>\n<\/td>\n<\/tr>\n<tr>\n<td colspan=\"2\">\n<p style=\"text-align: justify;\"> <span style=\"color: #000000;\"><span style=\"font-family: tahoma,geneva,sans-serif;\"><span style=\"font-size: 12px;\">&nbsp;&nbsp;&nbsp; Fortlumturia e Tij u njoh me mbar\u00ebvajtjen dhe problemet e tyre n\u00eb shkoll\u00eb dhe n\u00eb mjediset e tjera shoq\u00ebrore, duke i pyetur se si ndihmojn\u00eb t\u00eb rinjt\u00eb orthodhoks\u00eb p\u00ebr t\u00eb minimizuar k\u00ebto probleme dhe \u00e7far\u00eb roli ka besimi dhe Kisha n\u00eb jet\u00ebn e tyre. Kryepiskopi tregoi histori nga rinia e tij, dha k\u00ebshilla at\u00ebrore p\u00ebr t\u00eb rinjt\u00eb e k\u00ebtij brezi dhe foli p\u00ebr r\u00ebnd\u00ebsin\u00eb q\u00eb ka jeta shpirt\u00ebrore, duke e konkretizuar me jet\u00ebn dhe veprat e Sh\u00ebn Vasilit t\u00eb Madh.<\/span><\/span><\/span><\/p>\n<p style=\"text-align: justify;\"><span style=\"color: #000000;\"><span style=\"font-family: tahoma,geneva,sans-serif;\"><span style=\"font-size: 12px;\">&nbsp;&nbsp;&nbsp; \u201cFruti i Shpirtit t\u00eb Shenjt\u00eb na b\u00ebn t\u00eb komunikojm\u00eb me t\u00eb tjer\u00ebt me zem\u00ebrgjer\u00ebsi dhe dashuri. Nuk duhet t\u00eb harrojm\u00eb asnj\u00ebher\u00eb misterin e vet\u00ebp\u00ebrmbajtjes, sepse pa t\u00eb do t\u00eb kemi probleme t\u00eb tjera. Do t\u2019ju lutesha q\u00eb t\u00eb keni besim e t\u00eb jeni t\u00eb thjesht\u00eb. Gj\u00ebja m\u00eb thelb\u00ebsore \u00ebsht\u00eb t\u00eb luteni, sepse kjo \u00ebsht\u00eb dhurata m\u00eb e \u00e7muar q\u00eb na ka dh\u00ebn\u00eb Per\u00ebndia\u201d \u2013 n\u00ebnvizoi Kryepiskopi.<\/span><\/span><\/span><\/p>\n<p style=\"text-align: justify;\">&nbsp;<\/p>\n<\/td>\n<\/tr>\n<tr>\n<td colspan=\"2\">\n<p style=\"text-align: justify;\"><span style=\"color: #000000;\"><span style=\"font-family: tahoma,geneva,sans-serif;\"><span style=\"font-size: 12px;\"><strong>Isidor&nbsp; Koti<\/strong><\/span><\/span><\/span><\/p>\n<\/td>\n<\/tr>\n<tr>\n<td colspan=\"2\">\n<p style=\"text-align: justify;\">&nbsp;<\/p>\n<\/td>\n<\/tr>\n<\/tbody>\n<\/table>\n<\/td>\n<td>\n<p style=\"text-align: justify;\">&nbsp;<\/p>\n<\/td>\n<\/tr>\n<tr>\n<td>\n<p style=\"text-align: justify;\">&nbsp;<\/p>\n<\/td>\n<\/tr>\n<tr>\n<td>\n<p style=\"text-align: justify;\">&nbsp;<\/p>\n<\/td>\n<\/tr>\n<tr>\n<td>\n<p style=\"text-align: justify;\">&nbsp;<\/p>\n<\/td>\n<\/tr>\n<tr>\n<td>\n<p style=\"text-align: justify;\">&nbsp;<\/p>\n<\/td>\n<\/tr>\n<\/tbody>\n<\/table>\n<p style=\"text-align: justify;\"><span style=\"color: #000000;\"><span style=\"font-family: tahoma,geneva,sans-serif;\"><span style=\"font-size: 12px;\">&nbsp;&nbsp;&nbsp;&nbsp;&nbsp;&nbsp;&nbsp;&nbsp;&nbsp;&nbsp;&nbsp;&nbsp;&nbsp;&nbsp;&nbsp;&nbsp;&nbsp;&nbsp;&nbsp;&nbsp;&nbsp;&nbsp;&nbsp;&nbsp;&nbsp;&nbsp;&nbsp;&nbsp;&nbsp;&nbsp;&nbsp;&nbsp;&nbsp;&nbsp;&nbsp;&nbsp;&nbsp;&nbsp;&nbsp;&nbsp;&nbsp;&nbsp;&nbsp;&nbsp;&nbsp;&nbsp;&nbsp;&nbsp;&nbsp;&nbsp;&nbsp;&nbsp;&nbsp;&nbsp;&nbsp;&nbsp;&nbsp;&nbsp;&nbsp;&nbsp;&nbsp;&nbsp;&nbsp;&nbsp;&nbsp;&nbsp;&nbsp;&nbsp;&nbsp;&nbsp;&nbsp;&nbsp;&nbsp;&nbsp;&nbsp;&nbsp;&nbsp;&nbsp;&nbsp;&nbsp;&nbsp;<\/span><\/span><\/span><\/p>\n<p>&nbsp;<\/p>\n","protected":false},"excerpt":{"rendered":"<p>&nbsp;&nbsp;&nbsp; Traditat pasojn\u00eb nj\u00ebra \u2013 tjetr\u00ebn nga brezi n\u00eb brez. Ato marrin form\u00eb simbolike sa her\u00eb p\u00ebrcjellin mesazhe t\u00eb p\u00ebrhershme. Dashuria p\u00ebr t\u00eb af\u00ebrmin \u00ebsht\u00eb nj\u00eb fest\u00eb shpirt\u00ebrore q\u00eb shprehet edhe p\u00ebrmes k\u00ebtyre simboleve, t\u00eb cilat trash\u00ebgojn\u00eb p\u00ebrvoj\u00ebn e vyer ku gjenden rr\u00ebnj\u00ebt e besimit ton\u00eb t\u00eb krishter\u00eb orthodhoks. &nbsp;&nbsp; Nj\u00eb fest\u00eb e k\u00ebsaj natyre \u00ebsht\u00eb kthyer n\u00eb tradit\u00eb simbolike \u00e7do fillim viti. Sa her\u00eb<\/p>\n","protected":false},"author":1,"featured_media":0,"comment_status":"open","ping_status":"open","sticky":false,"template":"","format":"standard","meta":{"_acf_changed":false,"pagelayer_contact_templates":[],"_pagelayer_content":"","inline_featured_image":false,"fifu_image_url":"","fifu_image_alt":"","footnotes":""},"categories":[108],"tags":[146,196,201,212],"class_list":["post-967","post","type-post","status-publish","format-standard","hentry","category-lajme","tag-146","tag-tirane","tag-kryepiskopi-anastas","tag-lajme-d27"],"acf":[],"yoast_head":"<!-- This site is optimized with the Yoast SEO plugin v27.2 - https:\/\/yoast.com\/product\/yoast-seo-wordpress\/ -->\n<title>Ndarja e kekut t\u00eb Sh\u00ebn Vasilit t\u00eb Madh, fest\u00eb e mesazhe p\u00ebr fillimin e vitit. (Janar 2008) - Kisha Orthodh\u03bfkse Autoqefale e Shqip\u00ebris\u00eb<\/title>\n<meta name=\"robots\" content=\"index, follow, max-snippet:-1, max-image-preview:large, max-video-preview:-1\" \/>\n<link rel=\"canonical\" href=\"https:\/\/orthodoxalbania.org\/2020\/2008\/02\/26\/ndarja-e-kekut-te-shen-vasilit-te-madh-feste-e-mesazhe-per-fillimin-e-vitit-janar-2008\/\" \/>\n<meta property=\"og:locale\" content=\"en_US\" \/>\n<meta property=\"og:type\" content=\"article\" \/>\n<meta property=\"og:title\" content=\"Ndarja e kekut t\u00eb Sh\u00ebn Vasilit t\u00eb Madh, fest\u00eb e mesazhe p\u00ebr fillimin e vitit. (Janar 2008) - Kisha Orthodh\u03bfkse Autoqefale e Shqip\u00ebris\u00eb\" \/>\n<meta property=\"og:description\" content=\"&nbsp;&nbsp;&nbsp; Traditat pasojn\u00eb nj\u00ebra \u2013 tjetr\u00ebn nga brezi n\u00eb brez. Ato marrin form\u00eb simbolike sa her\u00eb p\u00ebrcjellin mesazhe t\u00eb p\u00ebrhershme. Dashuria p\u00ebr t\u00eb af\u00ebrmin \u00ebsht\u00eb nj\u00eb fest\u00eb shpirt\u00ebrore q\u00eb shprehet edhe p\u00ebrmes k\u00ebtyre simboleve, t\u00eb cilat trash\u00ebgojn\u00eb p\u00ebrvoj\u00ebn e vyer ku gjenden rr\u00ebnj\u00ebt e besimit ton\u00eb t\u00eb krishter\u00eb orthodhoks. &nbsp;&nbsp; Nj\u00eb fest\u00eb e k\u00ebsaj natyre \u00ebsht\u00eb kthyer n\u00eb tradit\u00eb simbolike \u00e7do fillim viti. Sa her\u00eb\" \/>\n<meta property=\"og:url\" content=\"https:\/\/orthodoxalbania.org\/2020\/2008\/02\/26\/ndarja-e-kekut-te-shen-vasilit-te-madh-feste-e-mesazhe-per-fillimin-e-vitit-janar-2008\/\" \/>\n<meta property=\"og:site_name\" content=\"Kisha Orthodh\u03bfkse Autoqefale e Shqip\u00ebris\u00eb\" \/>\n<meta property=\"article:publisher\" content=\"https:\/\/www.facebook.com\/koash1991\" \/>\n<meta property=\"article:published_time\" content=\"2008-02-26T00:00:00+00:00\" \/>\n<meta property=\"article:modified_time\" content=\"2020-04-06T20:35:24+00:00\" \/>\n<meta property=\"og:image\" content=\"https:\/\/lh3.googleusercontent.com\/-G6RD8667VOI\/VIvuSvf7OcI\/AAAAAAAAHRo\/mryYmWRkrHA\/w400-h300-no\/k2.jpg\" \/>\n<meta name=\"author\" content=\"Kisha Orthodhokse\" \/>\n<meta name=\"twitter:card\" content=\"summary_large_image\" \/>\n<meta name=\"twitter:label1\" content=\"Written by\" \/>\n\t<meta name=\"twitter:data1\" content=\"Kisha Orthodhokse\" \/>\n\t<meta name=\"twitter:label2\" content=\"Est. reading time\" \/>\n\t<meta name=\"twitter:data2\" content=\"3 minutes\" \/>\n<script type=\"application\/ld+json\" class=\"yoast-schema-graph\">{\"@context\":\"https:\/\/schema.org\",\"@graph\":[{\"@type\":\"Article\",\"@id\":\"https:\/\/orthodoxalbania.org\/2020\/2008\/02\/26\/ndarja-e-kekut-te-shen-vasilit-te-madh-feste-e-mesazhe-per-fillimin-e-vitit-janar-2008\/#article\",\"isPartOf\":{\"@id\":\"https:\/\/orthodoxalbania.org\/2020\/2008\/02\/26\/ndarja-e-kekut-te-shen-vasilit-te-madh-feste-e-mesazhe-per-fillimin-e-vitit-janar-2008\/\"},\"author\":{\"name\":\"Kisha Orthodhokse\",\"@id\":\"https:\/\/orthodoxalbania.org\/2020\/#\/schema\/person\/0c387634a7063ac612d7ed9ce71c7e86\"},\"headline\":\"Ndarja e kekut t\u00eb Sh\u00ebn Vasilit t\u00eb Madh, fest\u00eb e mesazhe p\u00ebr fillimin e vitit. (Janar 2008)\",\"datePublished\":\"2008-02-26T00:00:00+00:00\",\"dateModified\":\"2020-04-06T20:35:24+00:00\",\"mainEntityOfPage\":{\"@id\":\"https:\/\/orthodoxalbania.org\/2020\/2008\/02\/26\/ndarja-e-kekut-te-shen-vasilit-te-madh-feste-e-mesazhe-per-fillimin-e-vitit-janar-2008\/\"},\"wordCount\":640,\"commentCount\":0,\"publisher\":{\"@id\":\"https:\/\/orthodoxalbania.org\/2020\/#organization\"},\"image\":{\"@id\":\"https:\/\/orthodoxalbania.org\/2020\/2008\/02\/26\/ndarja-e-kekut-te-shen-vasilit-te-madh-feste-e-mesazhe-per-fillimin-e-vitit-janar-2008\/#primaryimage\"},\"thumbnailUrl\":\"https:\/\/lh3.googleusercontent.com\/-G6RD8667VOI\/VIvuSvf7OcI\/AAAAAAAAHRo\/mryYmWRkrHA\/w400-h300-no\/k2.jpg\",\"keywords\":[\"2008\",\"Kryepiskopata Tiran\u00eb\",\"Kryepiskopi Anastas\",\"lajme\"],\"articleSection\":[\"Lajme\"],\"inLanguage\":\"en-US\"},{\"@type\":\"WebPage\",\"@id\":\"https:\/\/orthodoxalbania.org\/2020\/2008\/02\/26\/ndarja-e-kekut-te-shen-vasilit-te-madh-feste-e-mesazhe-per-fillimin-e-vitit-janar-2008\/\",\"url\":\"https:\/\/orthodoxalbania.org\/2020\/2008\/02\/26\/ndarja-e-kekut-te-shen-vasilit-te-madh-feste-e-mesazhe-per-fillimin-e-vitit-janar-2008\/\",\"name\":\"Ndarja e kekut t\u00eb Sh\u00ebn Vasilit t\u00eb Madh, fest\u00eb e mesazhe p\u00ebr fillimin e vitit. (Janar 2008) - Kisha Orthodh\u03bfkse Autoqefale e Shqip\u00ebris\u00eb\",\"isPartOf\":{\"@id\":\"https:\/\/orthodoxalbania.org\/2020\/#website\"},\"primaryImageOfPage\":{\"@id\":\"https:\/\/orthodoxalbania.org\/2020\/2008\/02\/26\/ndarja-e-kekut-te-shen-vasilit-te-madh-feste-e-mesazhe-per-fillimin-e-vitit-janar-2008\/#primaryimage\"},\"image\":{\"@id\":\"https:\/\/orthodoxalbania.org\/2020\/2008\/02\/26\/ndarja-e-kekut-te-shen-vasilit-te-madh-feste-e-mesazhe-per-fillimin-e-vitit-janar-2008\/#primaryimage\"},\"thumbnailUrl\":\"https:\/\/lh3.googleusercontent.com\/-G6RD8667VOI\/VIvuSvf7OcI\/AAAAAAAAHRo\/mryYmWRkrHA\/w400-h300-no\/k2.jpg\",\"datePublished\":\"2008-02-26T00:00:00+00:00\",\"dateModified\":\"2020-04-06T20:35:24+00:00\",\"breadcrumb\":{\"@id\":\"https:\/\/orthodoxalbania.org\/2020\/2008\/02\/26\/ndarja-e-kekut-te-shen-vasilit-te-madh-feste-e-mesazhe-per-fillimin-e-vitit-janar-2008\/#breadcrumb\"},\"inLanguage\":\"en-US\",\"potentialAction\":[{\"@type\":\"ReadAction\",\"target\":[\"https:\/\/orthodoxalbania.org\/2020\/2008\/02\/26\/ndarja-e-kekut-te-shen-vasilit-te-madh-feste-e-mesazhe-per-fillimin-e-vitit-janar-2008\/\"]}]},{\"@type\":\"ImageObject\",\"inLanguage\":\"en-US\",\"@id\":\"https:\/\/orthodoxalbania.org\/2020\/2008\/02\/26\/ndarja-e-kekut-te-shen-vasilit-te-madh-feste-e-mesazhe-per-fillimin-e-vitit-janar-2008\/#primaryimage\",\"url\":\"https:\/\/lh3.googleusercontent.com\/-G6RD8667VOI\/VIvuSvf7OcI\/AAAAAAAAHRo\/mryYmWRkrHA\/w400-h300-no\/k2.jpg\",\"contentUrl\":\"https:\/\/lh3.googleusercontent.com\/-G6RD8667VOI\/VIvuSvf7OcI\/AAAAAAAAHRo\/mryYmWRkrHA\/w400-h300-no\/k2.jpg\"},{\"@type\":\"BreadcrumbList\",\"@id\":\"https:\/\/orthodoxalbania.org\/2020\/2008\/02\/26\/ndarja-e-kekut-te-shen-vasilit-te-madh-feste-e-mesazhe-per-fillimin-e-vitit-janar-2008\/#breadcrumb\",\"itemListElement\":[{\"@type\":\"ListItem\",\"position\":1,\"name\":\"Home\",\"item\":\"https:\/\/orthodoxalbania.org\/2020\/\"},{\"@type\":\"ListItem\",\"position\":2,\"name\":\"Ndarja e kekut t\u00eb Sh\u00ebn Vasilit t\u00eb Madh, fest\u00eb e mesazhe p\u00ebr fillimin e vitit. (Janar 2008)\"}]},{\"@type\":\"WebSite\",\"@id\":\"https:\/\/orthodoxalbania.org\/2020\/#website\",\"url\":\"https:\/\/orthodoxalbania.org\/2020\/\",\"name\":\"Kisha Orthodh\u03bfkse Autoqefale e Shqip\u00ebris\u00eb\",\"description\":\"Fqja Zyrtare e Kish\u00ebs Orthodhokse Autoqefale e Shqip\u00ebris\u00eb me lajmet edhe informacionet zyrtare p\u00ebr struktur\u00ebn edhe veprimtarin e saj.\",\"publisher\":{\"@id\":\"https:\/\/orthodoxalbania.org\/2020\/#organization\"},\"potentialAction\":[{\"@type\":\"SearchAction\",\"target\":{\"@type\":\"EntryPoint\",\"urlTemplate\":\"https:\/\/orthodoxalbania.org\/2020\/?s={search_term_string}\"},\"query-input\":{\"@type\":\"PropertyValueSpecification\",\"valueRequired\":true,\"valueName\":\"search_term_string\"}}],\"inLanguage\":\"en-US\"},{\"@type\":\"Organization\",\"@id\":\"https:\/\/orthodoxalbania.org\/2020\/#organization\",\"name\":\"Kisha Orthodhokse Autoqefale e Shqip\u00ebris\u00eb\",\"url\":\"https:\/\/orthodoxalbania.org\/2020\/\",\"logo\":{\"@type\":\"ImageObject\",\"inLanguage\":\"en-US\",\"@id\":\"https:\/\/orthodoxalbania.org\/2020\/#\/schema\/logo\/image\/\",\"url\":\"https:\/\/orthodoxalbania.org\/2020\/wp-content\/uploads\/2020\/05\/albania.jpeg\",\"contentUrl\":\"https:\/\/orthodoxalbania.org\/2020\/wp-content\/uploads\/2020\/05\/albania.jpeg\",\"width\":540,\"height\":540,\"caption\":\"Kisha Orthodhokse Autoqefale e Shqip\u00ebris\u00eb\"},\"image\":{\"@id\":\"https:\/\/orthodoxalbania.org\/2020\/#\/schema\/logo\/image\/\"},\"sameAs\":[\"https:\/\/www.facebook.com\/koash1991\"]},{\"@type\":\"Person\",\"@id\":\"https:\/\/orthodoxalbania.org\/2020\/#\/schema\/person\/0c387634a7063ac612d7ed9ce71c7e86\",\"name\":\"Kisha Orthodhokse\",\"image\":{\"@type\":\"ImageObject\",\"inLanguage\":\"en-US\",\"@id\":\"https:\/\/secure.gravatar.com\/avatar\/596e7c417251e30f2fbb9c00e026fce61a695a00e51c889caded71c96cbbdde5?s=96&d=mm&r=g\",\"url\":\"https:\/\/secure.gravatar.com\/avatar\/596e7c417251e30f2fbb9c00e026fce61a695a00e51c889caded71c96cbbdde5?s=96&d=mm&r=g\",\"contentUrl\":\"https:\/\/secure.gravatar.com\/avatar\/596e7c417251e30f2fbb9c00e026fce61a695a00e51c889caded71c96cbbdde5?s=96&d=mm&r=g\",\"caption\":\"Kisha Orthodhokse\"}}]}<\/script>\n<!-- \/ Yoast SEO plugin. -->","yoast_head_json":{"title":"Ndarja e kekut t\u00eb Sh\u00ebn Vasilit t\u00eb Madh, fest\u00eb e mesazhe p\u00ebr fillimin e vitit. (Janar 2008) - Kisha Orthodh\u03bfkse Autoqefale e Shqip\u00ebris\u00eb","robots":{"index":"index","follow":"follow","max-snippet":"max-snippet:-1","max-image-preview":"max-image-preview:large","max-video-preview":"max-video-preview:-1"},"canonical":"https:\/\/orthodoxalbania.org\/2020\/2008\/02\/26\/ndarja-e-kekut-te-shen-vasilit-te-madh-feste-e-mesazhe-per-fillimin-e-vitit-janar-2008\/","og_locale":"en_US","og_type":"article","og_title":"Ndarja e kekut t\u00eb Sh\u00ebn Vasilit t\u00eb Madh, fest\u00eb e mesazhe p\u00ebr fillimin e vitit. (Janar 2008) - Kisha Orthodh\u03bfkse Autoqefale e Shqip\u00ebris\u00eb","og_description":"&nbsp;&nbsp;&nbsp; Traditat pasojn\u00eb nj\u00ebra \u2013 tjetr\u00ebn nga brezi n\u00eb brez. Ato marrin form\u00eb simbolike sa her\u00eb p\u00ebrcjellin mesazhe t\u00eb p\u00ebrhershme. Dashuria p\u00ebr t\u00eb af\u00ebrmin \u00ebsht\u00eb nj\u00eb fest\u00eb shpirt\u00ebrore q\u00eb shprehet edhe p\u00ebrmes k\u00ebtyre simboleve, t\u00eb cilat trash\u00ebgojn\u00eb p\u00ebrvoj\u00ebn e vyer ku gjenden rr\u00ebnj\u00ebt e besimit ton\u00eb t\u00eb krishter\u00eb orthodhoks. &nbsp;&nbsp; Nj\u00eb fest\u00eb e k\u00ebsaj natyre \u00ebsht\u00eb kthyer n\u00eb tradit\u00eb simbolike \u00e7do fillim viti. Sa her\u00eb","og_url":"https:\/\/orthodoxalbania.org\/2020\/2008\/02\/26\/ndarja-e-kekut-te-shen-vasilit-te-madh-feste-e-mesazhe-per-fillimin-e-vitit-janar-2008\/","og_site_name":"Kisha Orthodh\u03bfkse Autoqefale e Shqip\u00ebris\u00eb","article_publisher":"https:\/\/www.facebook.com\/koash1991","article_published_time":"2008-02-26T00:00:00+00:00","article_modified_time":"2020-04-06T20:35:24+00:00","og_image":[{"url":"https:\/\/lh3.googleusercontent.com\/-G6RD8667VOI\/VIvuSvf7OcI\/AAAAAAAAHRo\/mryYmWRkrHA\/w400-h300-no\/k2.jpg","type":"","width":"","height":""}],"author":"Kisha Orthodhokse","twitter_card":"summary_large_image","twitter_misc":{"Written by":"Kisha Orthodhokse","Est. reading time":"3 minutes"},"schema":{"@context":"https:\/\/schema.org","@graph":[{"@type":"Article","@id":"https:\/\/orthodoxalbania.org\/2020\/2008\/02\/26\/ndarja-e-kekut-te-shen-vasilit-te-madh-feste-e-mesazhe-per-fillimin-e-vitit-janar-2008\/#article","isPartOf":{"@id":"https:\/\/orthodoxalbania.org\/2020\/2008\/02\/26\/ndarja-e-kekut-te-shen-vasilit-te-madh-feste-e-mesazhe-per-fillimin-e-vitit-janar-2008\/"},"author":{"name":"Kisha Orthodhokse","@id":"https:\/\/orthodoxalbania.org\/2020\/#\/schema\/person\/0c387634a7063ac612d7ed9ce71c7e86"},"headline":"Ndarja e kekut t\u00eb Sh\u00ebn Vasilit t\u00eb Madh, fest\u00eb e mesazhe p\u00ebr fillimin e vitit. (Janar 2008)","datePublished":"2008-02-26T00:00:00+00:00","dateModified":"2020-04-06T20:35:24+00:00","mainEntityOfPage":{"@id":"https:\/\/orthodoxalbania.org\/2020\/2008\/02\/26\/ndarja-e-kekut-te-shen-vasilit-te-madh-feste-e-mesazhe-per-fillimin-e-vitit-janar-2008\/"},"wordCount":640,"commentCount":0,"publisher":{"@id":"https:\/\/orthodoxalbania.org\/2020\/#organization"},"image":{"@id":"https:\/\/orthodoxalbania.org\/2020\/2008\/02\/26\/ndarja-e-kekut-te-shen-vasilit-te-madh-feste-e-mesazhe-per-fillimin-e-vitit-janar-2008\/#primaryimage"},"thumbnailUrl":"https:\/\/lh3.googleusercontent.com\/-G6RD8667VOI\/VIvuSvf7OcI\/AAAAAAAAHRo\/mryYmWRkrHA\/w400-h300-no\/k2.jpg","keywords":["2008","Kryepiskopata Tiran\u00eb","Kryepiskopi Anastas","lajme"],"articleSection":["Lajme"],"inLanguage":"en-US"},{"@type":"WebPage","@id":"https:\/\/orthodoxalbania.org\/2020\/2008\/02\/26\/ndarja-e-kekut-te-shen-vasilit-te-madh-feste-e-mesazhe-per-fillimin-e-vitit-janar-2008\/","url":"https:\/\/orthodoxalbania.org\/2020\/2008\/02\/26\/ndarja-e-kekut-te-shen-vasilit-te-madh-feste-e-mesazhe-per-fillimin-e-vitit-janar-2008\/","name":"Ndarja e kekut t\u00eb Sh\u00ebn Vasilit t\u00eb Madh, fest\u00eb e mesazhe p\u00ebr fillimin e vitit. (Janar 2008) - Kisha Orthodh\u03bfkse Autoqefale e Shqip\u00ebris\u00eb","isPartOf":{"@id":"https:\/\/orthodoxalbania.org\/2020\/#website"},"primaryImageOfPage":{"@id":"https:\/\/orthodoxalbania.org\/2020\/2008\/02\/26\/ndarja-e-kekut-te-shen-vasilit-te-madh-feste-e-mesazhe-per-fillimin-e-vitit-janar-2008\/#primaryimage"},"image":{"@id":"https:\/\/orthodoxalbania.org\/2020\/2008\/02\/26\/ndarja-e-kekut-te-shen-vasilit-te-madh-feste-e-mesazhe-per-fillimin-e-vitit-janar-2008\/#primaryimage"},"thumbnailUrl":"https:\/\/lh3.googleusercontent.com\/-G6RD8667VOI\/VIvuSvf7OcI\/AAAAAAAAHRo\/mryYmWRkrHA\/w400-h300-no\/k2.jpg","datePublished":"2008-02-26T00:00:00+00:00","dateModified":"2020-04-06T20:35:24+00:00","breadcrumb":{"@id":"https:\/\/orthodoxalbania.org\/2020\/2008\/02\/26\/ndarja-e-kekut-te-shen-vasilit-te-madh-feste-e-mesazhe-per-fillimin-e-vitit-janar-2008\/#breadcrumb"},"inLanguage":"en-US","potentialAction":[{"@type":"ReadAction","target":["https:\/\/orthodoxalbania.org\/2020\/2008\/02\/26\/ndarja-e-kekut-te-shen-vasilit-te-madh-feste-e-mesazhe-per-fillimin-e-vitit-janar-2008\/"]}]},{"@type":"ImageObject","inLanguage":"en-US","@id":"https:\/\/orthodoxalbania.org\/2020\/2008\/02\/26\/ndarja-e-kekut-te-shen-vasilit-te-madh-feste-e-mesazhe-per-fillimin-e-vitit-janar-2008\/#primaryimage","url":"https:\/\/lh3.googleusercontent.com\/-G6RD8667VOI\/VIvuSvf7OcI\/AAAAAAAAHRo\/mryYmWRkrHA\/w400-h300-no\/k2.jpg","contentUrl":"https:\/\/lh3.googleusercontent.com\/-G6RD8667VOI\/VIvuSvf7OcI\/AAAAAAAAHRo\/mryYmWRkrHA\/w400-h300-no\/k2.jpg"},{"@type":"BreadcrumbList","@id":"https:\/\/orthodoxalbania.org\/2020\/2008\/02\/26\/ndarja-e-kekut-te-shen-vasilit-te-madh-feste-e-mesazhe-per-fillimin-e-vitit-janar-2008\/#breadcrumb","itemListElement":[{"@type":"ListItem","position":1,"name":"Home","item":"https:\/\/orthodoxalbania.org\/2020\/"},{"@type":"ListItem","position":2,"name":"Ndarja e kekut t\u00eb Sh\u00ebn Vasilit t\u00eb Madh, fest\u00eb e mesazhe p\u00ebr fillimin e vitit. (Janar 2008)"}]},{"@type":"WebSite","@id":"https:\/\/orthodoxalbania.org\/2020\/#website","url":"https:\/\/orthodoxalbania.org\/2020\/","name":"Kisha Orthodh\u03bfkse Autoqefale e Shqip\u00ebris\u00eb","description":"Fqja Zyrtare e Kish\u00ebs Orthodhokse Autoqefale e Shqip\u00ebris\u00eb me lajmet edhe informacionet zyrtare p\u00ebr struktur\u00ebn edhe veprimtarin e saj.","publisher":{"@id":"https:\/\/orthodoxalbania.org\/2020\/#organization"},"potentialAction":[{"@type":"SearchAction","target":{"@type":"EntryPoint","urlTemplate":"https:\/\/orthodoxalbania.org\/2020\/?s={search_term_string}"},"query-input":{"@type":"PropertyValueSpecification","valueRequired":true,"valueName":"search_term_string"}}],"inLanguage":"en-US"},{"@type":"Organization","@id":"https:\/\/orthodoxalbania.org\/2020\/#organization","name":"Kisha Orthodhokse Autoqefale e Shqip\u00ebris\u00eb","url":"https:\/\/orthodoxalbania.org\/2020\/","logo":{"@type":"ImageObject","inLanguage":"en-US","@id":"https:\/\/orthodoxalbania.org\/2020\/#\/schema\/logo\/image\/","url":"https:\/\/orthodoxalbania.org\/2020\/wp-content\/uploads\/2020\/05\/albania.jpeg","contentUrl":"https:\/\/orthodoxalbania.org\/2020\/wp-content\/uploads\/2020\/05\/albania.jpeg","width":540,"height":540,"caption":"Kisha Orthodhokse Autoqefale e Shqip\u00ebris\u00eb"},"image":{"@id":"https:\/\/orthodoxalbania.org\/2020\/#\/schema\/logo\/image\/"},"sameAs":["https:\/\/www.facebook.com\/koash1991"]},{"@type":"Person","@id":"https:\/\/orthodoxalbania.org\/2020\/#\/schema\/person\/0c387634a7063ac612d7ed9ce71c7e86","name":"Kisha Orthodhokse","image":{"@type":"ImageObject","inLanguage":"en-US","@id":"https:\/\/secure.gravatar.com\/avatar\/596e7c417251e30f2fbb9c00e026fce61a695a00e51c889caded71c96cbbdde5?s=96&d=mm&r=g","url":"https:\/\/secure.gravatar.com\/avatar\/596e7c417251e30f2fbb9c00e026fce61a695a00e51c889caded71c96cbbdde5?s=96&d=mm&r=g","contentUrl":"https:\/\/secure.gravatar.com\/avatar\/596e7c417251e30f2fbb9c00e026fce61a695a00e51c889caded71c96cbbdde5?s=96&d=mm&r=g","caption":"Kisha Orthodhokse"}}]}},"_links":{"self":[{"href":"https:\/\/orthodoxalbania.org\/2020\/wp-json\/wp\/v2\/posts\/967","targetHints":{"allow":["GET"]}}],"collection":[{"href":"https:\/\/orthodoxalbania.org\/2020\/wp-json\/wp\/v2\/posts"}],"about":[{"href":"https:\/\/orthodoxalbania.org\/2020\/wp-json\/wp\/v2\/types\/post"}],"author":[{"embeddable":true,"href":"https:\/\/orthodoxalbania.org\/2020\/wp-json\/wp\/v2\/users\/1"}],"replies":[{"embeddable":true,"href":"https:\/\/orthodoxalbania.org\/2020\/wp-json\/wp\/v2\/comments?post=967"}],"version-history":[{"count":1,"href":"https:\/\/orthodoxalbania.org\/2020\/wp-json\/wp\/v2\/posts\/967\/revisions"}],"predecessor-version":[{"id":15671,"href":"https:\/\/orthodoxalbania.org\/2020\/wp-json\/wp\/v2\/posts\/967\/revisions\/15671"}],"wp:attachment":[{"href":"https:\/\/orthodoxalbania.org\/2020\/wp-json\/wp\/v2\/media?parent=967"}],"wp:term":[{"taxonomy":"category","embeddable":true,"href":"https:\/\/orthodoxalbania.org\/2020\/wp-json\/wp\/v2\/categories?post=967"},{"taxonomy":"post_tag","embeddable":true,"href":"https:\/\/orthodoxalbania.org\/2020\/wp-json\/wp\/v2\/tags?post=967"}],"curies":[{"name":"wp","href":"https:\/\/api.w.org\/{rel}","templated":true}]}}