{"id":962,"date":"2013-03-21T11:57:34","date_gmt":"2013-03-21T11:57:34","guid":{"rendered":""},"modified":"2020-04-06T22:06:04","modified_gmt":"2020-04-06T20:06:04","slug":"mungesa-e-emrave-dhe-veprimtarive-fetare-ne-kalendaret-enciklopedik","status":"publish","type":"post","link":"https:\/\/orthodoxalbania.org\/2020\/2013\/03\/21\/mungesa-e-emrave-dhe-veprimtarive-fetare-ne-kalendaret-enciklopedik\/","title":{"rendered":"Mungesa e emrave dhe veprimtarive fetare n\u00eb kalendaret enciklopedik. (Maj 2012)"},"content":{"rendered":"<div style=\"text-align: justify;\">\n\t<span style=\"font-family:tahoma,geneva,sans-serif;\"><span style=\"font-size: 12px;\"><span style=\"color: rgb(0, 0, 0);\"><img decoding=\"async\" class=\"lazyload HAa Eha\" src=\"data:image\/gif;base64,R0lGODlhAQABAAAAACH5BAEKAAEALAAAAAABAAEAAAICTAEAOw==\" data-orig-src=\"https:\/\/lh6.googleusercontent.com\/-d0wwrNIsPhQ\/VLTgSQeSK9I\/AAAAAAAAKvM\/DenSU4pp0l4\/w398-h298-no\/calendar2.jpg\" style=\"height: 187px; width: 250px; border-width: 1px; border-style: solid; margin: 10px; float: left;\" \/>&nbsp; &nbsp; \u00c7do m\u00ebngjes, n\u00ebse keni koh\u00eb t\u00eb ndizni radion ose t\u00eb hapni televizorin, do vini re se midis shum\u00eb rubrikash, gjendet edhe kalendari enciklopedik. Fol\u00ebsi lexon me kujdes emra personalitetesh, data t\u00eb r\u00ebnd\u00ebsishme n\u00eb kujtes\u00ebn historike, ngjarje t\u00eb spikatura, etj. T\u00eb b\u00ebn p\u00ebrshtypje mungesa e v\u00ebmendjes ndaj emrave dhe veprimtarive t\u00eb r\u00ebnd\u00ebsishme fetare&nbsp; (t\u00eb cilat p\u00ebr fat t\u00eb keq nuk i kan\u00eb renditur si kontribut n\u00eb zhvillimin e vendit). S\u00eb paku, mund t\u00eb n\u00ebnvizojn\u00eb ngjarje dhe emra shum\u00eb t\u00eb njohur p\u00ebr popullin shqiptar, nga shenjtor\u00ebt dhe martir\u00ebt shqiptar\u00eb t\u00eb Kish\u00ebs son\u00eb, q\u00eb p\u00ebr fat t\u00eb mir\u00eb i kemi t\u00eb shumt\u00eb. Ne si besimtar\u00eb, i nderojm\u00eb ata n\u00eb t\u00eb kremtet e tyre, por \u00ebsht\u00eb p\u00ebr t\u00eb ardhur keq q\u00eb n\u00eb kalendar\u00ebt historik\u00eb, ata nuk p\u00ebrmenden, duke mos respektuar personalitetin e tyre shum\u00ebdimensional.&nbsp; Ka nj\u00eb arsyetim absurd nga ata q\u00eb i formulojn\u00eb k\u00ebta kalendar\u00eb enciklopedik\u00eb,&nbsp; ngaq\u00eb sipas tyre, jan\u00eb kalendar\u00eb laik\u00eb.<\/span><\/span><\/span><\/div>\n<div style=\"text-align: justify;\">\n\t<br \/>\n\t<span style=\"font-family:tahoma,geneva,sans-serif;\"><span style=\"font-size: 12px;\"><span style=\"color: rgb(0, 0, 0);\">&nbsp;&nbsp;&nbsp; Por edhe kjo tez\u00eb bie, sepse Kisha nuk nderon vet\u00ebm klerik\u00ebt, por edhe laik\u00ebt q\u00eb kan\u00eb dh\u00ebn\u00eb jet\u00ebn e tyre p\u00ebr besimin dhe p\u00ebr t\u00eb mir\u00ebn e njer\u00ebzimit. Veprimtaria e tyre sociale dhe humane \u00ebsht\u00eb respektuar nd\u00ebr breza nga populli i thjesht\u00eb, madje vazhdon ende t\u00eb jehoj\u00eb jo vet\u00ebm n\u00eb tradit\u00ebn e shkruar. P\u00ebrmendja e emrave t\u00eb tyre dhe e kontributeve q\u00eb kan\u00eb dh\u00ebn\u00eb nuk \u00ebsht\u00eb \u201cnder\u201d q\u00eb i b\u00ebhet Kish\u00ebs Orthodhokse, sepse n\u00eb t\u00eb v\u00ebrtet\u00eb Kisha dhe besnik\u00ebt e saj nuk kan\u00eb nevoj\u00eb p\u00ebr favore t\u00eb k\u00ebsaj natyre, p\u00ebrderisa i sh\u00ebrbejn\u00eb interesit t\u00eb Per\u00ebndis\u00eb dhe jo opinionit njer\u00ebzor. Por \u00ebsht\u00eb detyr\u00eb dhe p\u00ebrgjegj\u00ebsi morale dhe etike, sigurisht edhe historike e enciklopedike, q\u00eb mbar\u00eb shqiptar\u00ebt, pavar\u00ebsisht besimit fetar p\u00ebrkat\u00ebs, t\u00eb njihen me t\u00eb v\u00ebrtetat e l\u00ebna m\u00ebnjan\u00eb, me ose pa dashje.<\/span><\/span><\/span><\/div>\n<div style=\"text-align: right;\">\n\t<span style=\"font-family:tahoma,geneva,sans-serif;\"><span style=\"font-size: 12px;\"><span style=\"color: rgb(0, 0, 0);\"><strong>Isidor Koti<\/strong><\/span><\/span><\/span><\/div>\n","protected":false},"excerpt":{"rendered":"<p>&nbsp; &nbsp; \u00c7do m\u00ebngjes, n\u00ebse keni koh\u00eb t\u00eb ndizni radion ose t\u00eb hapni televizorin, do vini re se midis shum\u00eb rubrikash, gjendet edhe kalendari enciklopedik. Fol\u00ebsi lexon me kujdes emra personalitetesh, data t\u00eb r\u00ebnd\u00ebsishme n\u00eb kujtes\u00ebn historike, ngjarje t\u00eb spikatura, etj. T\u00eb b\u00ebn p\u00ebrshtypje mungesa e v\u00ebmendjes ndaj emrave dhe veprimtarive t\u00eb r\u00ebnd\u00ebsishme fetare&nbsp; (t\u00eb cilat p\u00ebr fat t\u00eb keq nuk i kan\u00eb renditur si<\/p>\n","protected":false},"author":1,"featured_media":0,"comment_status":"open","ping_status":"open","sticky":false,"template":"","format":"standard","meta":{"_acf_changed":false,"pagelayer_contact_templates":[],"_pagelayer_content":"","inline_featured_image":false,"fifu_image_url":"","fifu_image_alt":"","footnotes":""},"categories":[108],"tags":[142,196,212],"class_list":["post-962","post","type-post","status-publish","format-standard","hentry","category-lajme","tag-142","tag-tirane","tag-lajme-d27"],"acf":[],"yoast_head":"<!-- This site is optimized with the Yoast SEO plugin v27.2 - https:\/\/yoast.com\/product\/yoast-seo-wordpress\/ -->\n<title>Mungesa e emrave dhe veprimtarive fetare n\u00eb kalendaret enciklopedik. (Maj 2012) - Kisha Orthodh\u03bfkse Autoqefale e Shqip\u00ebris\u00eb<\/title>\n<meta name=\"robots\" content=\"index, follow, max-snippet:-1, max-image-preview:large, max-video-preview:-1\" \/>\n<link rel=\"canonical\" href=\"https:\/\/orthodoxalbania.org\/2020\/2013\/03\/21\/mungesa-e-emrave-dhe-veprimtarive-fetare-ne-kalendaret-enciklopedik\/\" \/>\n<meta property=\"og:locale\" content=\"en_US\" \/>\n<meta property=\"og:type\" content=\"article\" \/>\n<meta property=\"og:title\" content=\"Mungesa e emrave dhe veprimtarive fetare n\u00eb kalendaret enciklopedik. (Maj 2012) - Kisha Orthodh\u03bfkse Autoqefale e Shqip\u00ebris\u00eb\" \/>\n<meta property=\"og:description\" content=\"&nbsp; &nbsp; \u00c7do m\u00ebngjes, n\u00ebse keni koh\u00eb t\u00eb ndizni radion ose t\u00eb hapni televizorin, do vini re se midis shum\u00eb rubrikash, gjendet edhe kalendari enciklopedik. Fol\u00ebsi lexon me kujdes emra personalitetesh, data t\u00eb r\u00ebnd\u00ebsishme n\u00eb kujtes\u00ebn historike, ngjarje t\u00eb spikatura, etj. T\u00eb b\u00ebn p\u00ebrshtypje mungesa e v\u00ebmendjes ndaj emrave dhe veprimtarive t\u00eb r\u00ebnd\u00ebsishme fetare&nbsp; (t\u00eb cilat p\u00ebr fat t\u00eb keq nuk i kan\u00eb renditur si\" \/>\n<meta property=\"og:url\" content=\"https:\/\/orthodoxalbania.org\/2020\/2013\/03\/21\/mungesa-e-emrave-dhe-veprimtarive-fetare-ne-kalendaret-enciklopedik\/\" \/>\n<meta property=\"og:site_name\" content=\"Kisha Orthodh\u03bfkse Autoqefale e Shqip\u00ebris\u00eb\" \/>\n<meta property=\"article:publisher\" content=\"https:\/\/www.facebook.com\/koash1991\" \/>\n<meta property=\"article:published_time\" content=\"2013-03-21T11:57:34+00:00\" \/>\n<meta property=\"article:modified_time\" content=\"2020-04-06T20:06:04+00:00\" \/>\n<meta property=\"og:image\" content=\"https:\/\/lh6.googleusercontent.com\/-d0wwrNIsPhQ\/VLTgSQeSK9I\/AAAAAAAAKvM\/DenSU4pp0l4\/w398-h298-no\/calendar2.jpg\" \/>\n<meta name=\"author\" content=\"Kisha Orthodhokse\" \/>\n<meta name=\"twitter:card\" content=\"summary_large_image\" \/>\n<meta name=\"twitter:label1\" content=\"Written by\" \/>\n\t<meta name=\"twitter:data1\" content=\"Kisha Orthodhokse\" \/>\n\t<meta name=\"twitter:label2\" content=\"Est. reading time\" \/>\n\t<meta name=\"twitter:data2\" content=\"2 minutes\" \/>\n<script type=\"application\/ld+json\" class=\"yoast-schema-graph\">{\"@context\":\"https:\/\/schema.org\",\"@graph\":[{\"@type\":\"Article\",\"@id\":\"https:\/\/orthodoxalbania.org\/2020\/2013\/03\/21\/mungesa-e-emrave-dhe-veprimtarive-fetare-ne-kalendaret-enciklopedik\/#article\",\"isPartOf\":{\"@id\":\"https:\/\/orthodoxalbania.org\/2020\/2013\/03\/21\/mungesa-e-emrave-dhe-veprimtarive-fetare-ne-kalendaret-enciklopedik\/\"},\"author\":{\"name\":\"Kisha Orthodhokse\",\"@id\":\"https:\/\/orthodoxalbania.org\/2020\/#\/schema\/person\/0c387634a7063ac612d7ed9ce71c7e86\"},\"headline\":\"Mungesa e emrave dhe veprimtarive fetare n\u00eb kalendaret enciklopedik. (Maj 2012)\",\"datePublished\":\"2013-03-21T11:57:34+00:00\",\"dateModified\":\"2020-04-06T20:06:04+00:00\",\"mainEntityOfPage\":{\"@id\":\"https:\/\/orthodoxalbania.org\/2020\/2013\/03\/21\/mungesa-e-emrave-dhe-veprimtarive-fetare-ne-kalendaret-enciklopedik\/\"},\"wordCount\":355,\"commentCount\":0,\"publisher\":{\"@id\":\"https:\/\/orthodoxalbania.org\/2020\/#organization\"},\"image\":{\"@id\":\"https:\/\/orthodoxalbania.org\/2020\/2013\/03\/21\/mungesa-e-emrave-dhe-veprimtarive-fetare-ne-kalendaret-enciklopedik\/#primaryimage\"},\"thumbnailUrl\":\"https:\/\/lh6.googleusercontent.com\/-d0wwrNIsPhQ\/VLTgSQeSK9I\/AAAAAAAAKvM\/DenSU4pp0l4\/w398-h298-no\/calendar2.jpg\",\"keywords\":[\"2012\",\"Kryepiskopata Tiran\u00eb\",\"lajme\"],\"articleSection\":[\"Lajme\"],\"inLanguage\":\"en-US\"},{\"@type\":\"WebPage\",\"@id\":\"https:\/\/orthodoxalbania.org\/2020\/2013\/03\/21\/mungesa-e-emrave-dhe-veprimtarive-fetare-ne-kalendaret-enciklopedik\/\",\"url\":\"https:\/\/orthodoxalbania.org\/2020\/2013\/03\/21\/mungesa-e-emrave-dhe-veprimtarive-fetare-ne-kalendaret-enciklopedik\/\",\"name\":\"Mungesa e emrave dhe veprimtarive fetare n\u00eb kalendaret enciklopedik. (Maj 2012) - Kisha Orthodh\u03bfkse Autoqefale e Shqip\u00ebris\u00eb\",\"isPartOf\":{\"@id\":\"https:\/\/orthodoxalbania.org\/2020\/#website\"},\"primaryImageOfPage\":{\"@id\":\"https:\/\/orthodoxalbania.org\/2020\/2013\/03\/21\/mungesa-e-emrave-dhe-veprimtarive-fetare-ne-kalendaret-enciklopedik\/#primaryimage\"},\"image\":{\"@id\":\"https:\/\/orthodoxalbania.org\/2020\/2013\/03\/21\/mungesa-e-emrave-dhe-veprimtarive-fetare-ne-kalendaret-enciklopedik\/#primaryimage\"},\"thumbnailUrl\":\"https:\/\/lh6.googleusercontent.com\/-d0wwrNIsPhQ\/VLTgSQeSK9I\/AAAAAAAAKvM\/DenSU4pp0l4\/w398-h298-no\/calendar2.jpg\",\"datePublished\":\"2013-03-21T11:57:34+00:00\",\"dateModified\":\"2020-04-06T20:06:04+00:00\",\"breadcrumb\":{\"@id\":\"https:\/\/orthodoxalbania.org\/2020\/2013\/03\/21\/mungesa-e-emrave-dhe-veprimtarive-fetare-ne-kalendaret-enciklopedik\/#breadcrumb\"},\"inLanguage\":\"en-US\",\"potentialAction\":[{\"@type\":\"ReadAction\",\"target\":[\"https:\/\/orthodoxalbania.org\/2020\/2013\/03\/21\/mungesa-e-emrave-dhe-veprimtarive-fetare-ne-kalendaret-enciklopedik\/\"]}]},{\"@type\":\"ImageObject\",\"inLanguage\":\"en-US\",\"@id\":\"https:\/\/orthodoxalbania.org\/2020\/2013\/03\/21\/mungesa-e-emrave-dhe-veprimtarive-fetare-ne-kalendaret-enciklopedik\/#primaryimage\",\"url\":\"https:\/\/lh6.googleusercontent.com\/-d0wwrNIsPhQ\/VLTgSQeSK9I\/AAAAAAAAKvM\/DenSU4pp0l4\/w398-h298-no\/calendar2.jpg\",\"contentUrl\":\"https:\/\/lh6.googleusercontent.com\/-d0wwrNIsPhQ\/VLTgSQeSK9I\/AAAAAAAAKvM\/DenSU4pp0l4\/w398-h298-no\/calendar2.jpg\"},{\"@type\":\"BreadcrumbList\",\"@id\":\"https:\/\/orthodoxalbania.org\/2020\/2013\/03\/21\/mungesa-e-emrave-dhe-veprimtarive-fetare-ne-kalendaret-enciklopedik\/#breadcrumb\",\"itemListElement\":[{\"@type\":\"ListItem\",\"position\":1,\"name\":\"Home\",\"item\":\"https:\/\/orthodoxalbania.org\/2020\/\"},{\"@type\":\"ListItem\",\"position\":2,\"name\":\"Mungesa e emrave dhe veprimtarive fetare n\u00eb kalendaret enciklopedik. (Maj 2012)\"}]},{\"@type\":\"WebSite\",\"@id\":\"https:\/\/orthodoxalbania.org\/2020\/#website\",\"url\":\"https:\/\/orthodoxalbania.org\/2020\/\",\"name\":\"Kisha Orthodh\u03bfkse Autoqefale e Shqip\u00ebris\u00eb\",\"description\":\"Fqja Zyrtare e Kish\u00ebs Orthodhokse Autoqefale e Shqip\u00ebris\u00eb me lajmet edhe informacionet zyrtare p\u00ebr struktur\u00ebn edhe veprimtarin e saj.\",\"publisher\":{\"@id\":\"https:\/\/orthodoxalbania.org\/2020\/#organization\"},\"potentialAction\":[{\"@type\":\"SearchAction\",\"target\":{\"@type\":\"EntryPoint\",\"urlTemplate\":\"https:\/\/orthodoxalbania.org\/2020\/?s={search_term_string}\"},\"query-input\":{\"@type\":\"PropertyValueSpecification\",\"valueRequired\":true,\"valueName\":\"search_term_string\"}}],\"inLanguage\":\"en-US\"},{\"@type\":\"Organization\",\"@id\":\"https:\/\/orthodoxalbania.org\/2020\/#organization\",\"name\":\"Kisha Orthodhokse Autoqefale e Shqip\u00ebris\u00eb\",\"url\":\"https:\/\/orthodoxalbania.org\/2020\/\",\"logo\":{\"@type\":\"ImageObject\",\"inLanguage\":\"en-US\",\"@id\":\"https:\/\/orthodoxalbania.org\/2020\/#\/schema\/logo\/image\/\",\"url\":\"https:\/\/orthodoxalbania.org\/2020\/wp-content\/uploads\/2020\/05\/albania.jpeg\",\"contentUrl\":\"https:\/\/orthodoxalbania.org\/2020\/wp-content\/uploads\/2020\/05\/albania.jpeg\",\"width\":540,\"height\":540,\"caption\":\"Kisha Orthodhokse Autoqefale e Shqip\u00ebris\u00eb\"},\"image\":{\"@id\":\"https:\/\/orthodoxalbania.org\/2020\/#\/schema\/logo\/image\/\"},\"sameAs\":[\"https:\/\/www.facebook.com\/koash1991\"]},{\"@type\":\"Person\",\"@id\":\"https:\/\/orthodoxalbania.org\/2020\/#\/schema\/person\/0c387634a7063ac612d7ed9ce71c7e86\",\"name\":\"Kisha Orthodhokse\",\"image\":{\"@type\":\"ImageObject\",\"inLanguage\":\"en-US\",\"@id\":\"https:\/\/secure.gravatar.com\/avatar\/596e7c417251e30f2fbb9c00e026fce61a695a00e51c889caded71c96cbbdde5?s=96&d=mm&r=g\",\"url\":\"https:\/\/secure.gravatar.com\/avatar\/596e7c417251e30f2fbb9c00e026fce61a695a00e51c889caded71c96cbbdde5?s=96&d=mm&r=g\",\"contentUrl\":\"https:\/\/secure.gravatar.com\/avatar\/596e7c417251e30f2fbb9c00e026fce61a695a00e51c889caded71c96cbbdde5?s=96&d=mm&r=g\",\"caption\":\"Kisha Orthodhokse\"}}]}<\/script>\n<!-- \/ Yoast SEO plugin. -->","yoast_head_json":{"title":"Mungesa e emrave dhe veprimtarive fetare n\u00eb kalendaret enciklopedik. (Maj 2012) - Kisha Orthodh\u03bfkse Autoqefale e Shqip\u00ebris\u00eb","robots":{"index":"index","follow":"follow","max-snippet":"max-snippet:-1","max-image-preview":"max-image-preview:large","max-video-preview":"max-video-preview:-1"},"canonical":"https:\/\/orthodoxalbania.org\/2020\/2013\/03\/21\/mungesa-e-emrave-dhe-veprimtarive-fetare-ne-kalendaret-enciklopedik\/","og_locale":"en_US","og_type":"article","og_title":"Mungesa e emrave dhe veprimtarive fetare n\u00eb kalendaret enciklopedik. (Maj 2012) - Kisha Orthodh\u03bfkse Autoqefale e Shqip\u00ebris\u00eb","og_description":"&nbsp; &nbsp; \u00c7do m\u00ebngjes, n\u00ebse keni koh\u00eb t\u00eb ndizni radion ose t\u00eb hapni televizorin, do vini re se midis shum\u00eb rubrikash, gjendet edhe kalendari enciklopedik. Fol\u00ebsi lexon me kujdes emra personalitetesh, data t\u00eb r\u00ebnd\u00ebsishme n\u00eb kujtes\u00ebn historike, ngjarje t\u00eb spikatura, etj. T\u00eb b\u00ebn p\u00ebrshtypje mungesa e v\u00ebmendjes ndaj emrave dhe veprimtarive t\u00eb r\u00ebnd\u00ebsishme fetare&nbsp; (t\u00eb cilat p\u00ebr fat t\u00eb keq nuk i kan\u00eb renditur si","og_url":"https:\/\/orthodoxalbania.org\/2020\/2013\/03\/21\/mungesa-e-emrave-dhe-veprimtarive-fetare-ne-kalendaret-enciklopedik\/","og_site_name":"Kisha Orthodh\u03bfkse Autoqefale e Shqip\u00ebris\u00eb","article_publisher":"https:\/\/www.facebook.com\/koash1991","article_published_time":"2013-03-21T11:57:34+00:00","article_modified_time":"2020-04-06T20:06:04+00:00","og_image":[{"url":"https:\/\/lh6.googleusercontent.com\/-d0wwrNIsPhQ\/VLTgSQeSK9I\/AAAAAAAAKvM\/DenSU4pp0l4\/w398-h298-no\/calendar2.jpg","type":"","width":"","height":""}],"author":"Kisha Orthodhokse","twitter_card":"summary_large_image","twitter_misc":{"Written by":"Kisha Orthodhokse","Est. reading time":"2 minutes"},"schema":{"@context":"https:\/\/schema.org","@graph":[{"@type":"Article","@id":"https:\/\/orthodoxalbania.org\/2020\/2013\/03\/21\/mungesa-e-emrave-dhe-veprimtarive-fetare-ne-kalendaret-enciklopedik\/#article","isPartOf":{"@id":"https:\/\/orthodoxalbania.org\/2020\/2013\/03\/21\/mungesa-e-emrave-dhe-veprimtarive-fetare-ne-kalendaret-enciklopedik\/"},"author":{"name":"Kisha Orthodhokse","@id":"https:\/\/orthodoxalbania.org\/2020\/#\/schema\/person\/0c387634a7063ac612d7ed9ce71c7e86"},"headline":"Mungesa e emrave dhe veprimtarive fetare n\u00eb kalendaret enciklopedik. (Maj 2012)","datePublished":"2013-03-21T11:57:34+00:00","dateModified":"2020-04-06T20:06:04+00:00","mainEntityOfPage":{"@id":"https:\/\/orthodoxalbania.org\/2020\/2013\/03\/21\/mungesa-e-emrave-dhe-veprimtarive-fetare-ne-kalendaret-enciklopedik\/"},"wordCount":355,"commentCount":0,"publisher":{"@id":"https:\/\/orthodoxalbania.org\/2020\/#organization"},"image":{"@id":"https:\/\/orthodoxalbania.org\/2020\/2013\/03\/21\/mungesa-e-emrave-dhe-veprimtarive-fetare-ne-kalendaret-enciklopedik\/#primaryimage"},"thumbnailUrl":"https:\/\/lh6.googleusercontent.com\/-d0wwrNIsPhQ\/VLTgSQeSK9I\/AAAAAAAAKvM\/DenSU4pp0l4\/w398-h298-no\/calendar2.jpg","keywords":["2012","Kryepiskopata Tiran\u00eb","lajme"],"articleSection":["Lajme"],"inLanguage":"en-US"},{"@type":"WebPage","@id":"https:\/\/orthodoxalbania.org\/2020\/2013\/03\/21\/mungesa-e-emrave-dhe-veprimtarive-fetare-ne-kalendaret-enciklopedik\/","url":"https:\/\/orthodoxalbania.org\/2020\/2013\/03\/21\/mungesa-e-emrave-dhe-veprimtarive-fetare-ne-kalendaret-enciklopedik\/","name":"Mungesa e emrave dhe veprimtarive fetare n\u00eb kalendaret enciklopedik. (Maj 2012) - Kisha Orthodh\u03bfkse Autoqefale e Shqip\u00ebris\u00eb","isPartOf":{"@id":"https:\/\/orthodoxalbania.org\/2020\/#website"},"primaryImageOfPage":{"@id":"https:\/\/orthodoxalbania.org\/2020\/2013\/03\/21\/mungesa-e-emrave-dhe-veprimtarive-fetare-ne-kalendaret-enciklopedik\/#primaryimage"},"image":{"@id":"https:\/\/orthodoxalbania.org\/2020\/2013\/03\/21\/mungesa-e-emrave-dhe-veprimtarive-fetare-ne-kalendaret-enciklopedik\/#primaryimage"},"thumbnailUrl":"https:\/\/lh6.googleusercontent.com\/-d0wwrNIsPhQ\/VLTgSQeSK9I\/AAAAAAAAKvM\/DenSU4pp0l4\/w398-h298-no\/calendar2.jpg","datePublished":"2013-03-21T11:57:34+00:00","dateModified":"2020-04-06T20:06:04+00:00","breadcrumb":{"@id":"https:\/\/orthodoxalbania.org\/2020\/2013\/03\/21\/mungesa-e-emrave-dhe-veprimtarive-fetare-ne-kalendaret-enciklopedik\/#breadcrumb"},"inLanguage":"en-US","potentialAction":[{"@type":"ReadAction","target":["https:\/\/orthodoxalbania.org\/2020\/2013\/03\/21\/mungesa-e-emrave-dhe-veprimtarive-fetare-ne-kalendaret-enciklopedik\/"]}]},{"@type":"ImageObject","inLanguage":"en-US","@id":"https:\/\/orthodoxalbania.org\/2020\/2013\/03\/21\/mungesa-e-emrave-dhe-veprimtarive-fetare-ne-kalendaret-enciklopedik\/#primaryimage","url":"https:\/\/lh6.googleusercontent.com\/-d0wwrNIsPhQ\/VLTgSQeSK9I\/AAAAAAAAKvM\/DenSU4pp0l4\/w398-h298-no\/calendar2.jpg","contentUrl":"https:\/\/lh6.googleusercontent.com\/-d0wwrNIsPhQ\/VLTgSQeSK9I\/AAAAAAAAKvM\/DenSU4pp0l4\/w398-h298-no\/calendar2.jpg"},{"@type":"BreadcrumbList","@id":"https:\/\/orthodoxalbania.org\/2020\/2013\/03\/21\/mungesa-e-emrave-dhe-veprimtarive-fetare-ne-kalendaret-enciklopedik\/#breadcrumb","itemListElement":[{"@type":"ListItem","position":1,"name":"Home","item":"https:\/\/orthodoxalbania.org\/2020\/"},{"@type":"ListItem","position":2,"name":"Mungesa e emrave dhe veprimtarive fetare n\u00eb kalendaret enciklopedik. (Maj 2012)"}]},{"@type":"WebSite","@id":"https:\/\/orthodoxalbania.org\/2020\/#website","url":"https:\/\/orthodoxalbania.org\/2020\/","name":"Kisha Orthodh\u03bfkse Autoqefale e Shqip\u00ebris\u00eb","description":"Fqja Zyrtare e Kish\u00ebs Orthodhokse Autoqefale e Shqip\u00ebris\u00eb me lajmet edhe informacionet zyrtare p\u00ebr struktur\u00ebn edhe veprimtarin e saj.","publisher":{"@id":"https:\/\/orthodoxalbania.org\/2020\/#organization"},"potentialAction":[{"@type":"SearchAction","target":{"@type":"EntryPoint","urlTemplate":"https:\/\/orthodoxalbania.org\/2020\/?s={search_term_string}"},"query-input":{"@type":"PropertyValueSpecification","valueRequired":true,"valueName":"search_term_string"}}],"inLanguage":"en-US"},{"@type":"Organization","@id":"https:\/\/orthodoxalbania.org\/2020\/#organization","name":"Kisha Orthodhokse Autoqefale e Shqip\u00ebris\u00eb","url":"https:\/\/orthodoxalbania.org\/2020\/","logo":{"@type":"ImageObject","inLanguage":"en-US","@id":"https:\/\/orthodoxalbania.org\/2020\/#\/schema\/logo\/image\/","url":"https:\/\/orthodoxalbania.org\/2020\/wp-content\/uploads\/2020\/05\/albania.jpeg","contentUrl":"https:\/\/orthodoxalbania.org\/2020\/wp-content\/uploads\/2020\/05\/albania.jpeg","width":540,"height":540,"caption":"Kisha Orthodhokse Autoqefale e Shqip\u00ebris\u00eb"},"image":{"@id":"https:\/\/orthodoxalbania.org\/2020\/#\/schema\/logo\/image\/"},"sameAs":["https:\/\/www.facebook.com\/koash1991"]},{"@type":"Person","@id":"https:\/\/orthodoxalbania.org\/2020\/#\/schema\/person\/0c387634a7063ac612d7ed9ce71c7e86","name":"Kisha Orthodhokse","image":{"@type":"ImageObject","inLanguage":"en-US","@id":"https:\/\/secure.gravatar.com\/avatar\/596e7c417251e30f2fbb9c00e026fce61a695a00e51c889caded71c96cbbdde5?s=96&d=mm&r=g","url":"https:\/\/secure.gravatar.com\/avatar\/596e7c417251e30f2fbb9c00e026fce61a695a00e51c889caded71c96cbbdde5?s=96&d=mm&r=g","contentUrl":"https:\/\/secure.gravatar.com\/avatar\/596e7c417251e30f2fbb9c00e026fce61a695a00e51c889caded71c96cbbdde5?s=96&d=mm&r=g","caption":"Kisha Orthodhokse"}}]}},"_links":{"self":[{"href":"https:\/\/orthodoxalbania.org\/2020\/wp-json\/wp\/v2\/posts\/962","targetHints":{"allow":["GET"]}}],"collection":[{"href":"https:\/\/orthodoxalbania.org\/2020\/wp-json\/wp\/v2\/posts"}],"about":[{"href":"https:\/\/orthodoxalbania.org\/2020\/wp-json\/wp\/v2\/types\/post"}],"author":[{"embeddable":true,"href":"https:\/\/orthodoxalbania.org\/2020\/wp-json\/wp\/v2\/users\/1"}],"replies":[{"embeddable":true,"href":"https:\/\/orthodoxalbania.org\/2020\/wp-json\/wp\/v2\/comments?post=962"}],"version-history":[{"count":1,"href":"https:\/\/orthodoxalbania.org\/2020\/wp-json\/wp\/v2\/posts\/962\/revisions"}],"predecessor-version":[{"id":15321,"href":"https:\/\/orthodoxalbania.org\/2020\/wp-json\/wp\/v2\/posts\/962\/revisions\/15321"}],"wp:attachment":[{"href":"https:\/\/orthodoxalbania.org\/2020\/wp-json\/wp\/v2\/media?parent=962"}],"wp:term":[{"taxonomy":"category","embeddable":true,"href":"https:\/\/orthodoxalbania.org\/2020\/wp-json\/wp\/v2\/categories?post=962"},{"taxonomy":"post_tag","embeddable":true,"href":"https:\/\/orthodoxalbania.org\/2020\/wp-json\/wp\/v2\/tags?post=962"}],"curies":[{"name":"wp","href":"https:\/\/api.w.org\/{rel}","templated":true}]}}