{"id":959,"date":"2013-11-21T09:13:14","date_gmt":"2013-11-21T09:13:14","guid":{"rendered":""},"modified":"2020-04-06T22:05:28","modified_gmt":"2020-04-06T20:05:28","slug":"mobilizimi-i-te-rinjve-orthodhokse-me-moton-mjedisi-shtepia-jone-e-perbashket","status":"publish","type":"post","link":"https:\/\/orthodoxalbania.org\/2020\/2013\/11\/21\/mobilizimi-i-te-rinjve-orthodhokse-me-moton-mjedisi-shtepia-jone-e-perbashket\/","title":{"rendered":"Mobilizimi i t\u00eb rinjve orthodhoks\u00eb me moton \u201cMjedisi, sht\u00ebpia jon\u00eb e p\u00ebrbashk\u00ebt\u201d. (15 &#8211; 16 N\u00ebntor 2013)"},"content":{"rendered":"<div style=\"text-align: justify;\">\n\t<span style=\"font-family:tahoma,geneva,sans-serif;\"><span style=\"font-size: 12px;\"><img decoding=\"async\" class=\"lazyload HAa Eha\" src=\"data:image\/gif;base64,R0lGODlhAQABAAAAACH5BAEKAAEALAAAAAABAAEAAAICTAEAOw==\" data-orig-src=\"https:\/\/lh5.googleusercontent.com\/-lF42zx2IkOQ\/Uo3Ngh39iNI\/AAAAAAAAG4w\/wcdH0mq6MYI\/w702-h415-no\/Enviornment+14.jpg\" style=\"height: 177px; width: 300px; margin: 10px; float: left; border-width: 1px; border-style: solid;\" \/>&nbsp;&nbsp;&nbsp;<span style=\"color:#000000;\"> N\u00eb kuadrin e kontributit t\u00eb Rinis\u00eb Orthodhokse t\u00eb Shqip\u00ebris\u00eb n\u00eb jet\u00ebn komunitare, u zhvillua n\u00eb datat 15-16 n\u00ebntor 2013, n\u00eb sall\u00ebn e rinis\u00eb n\u00eb ambientet e Katedrales \u201cNgjallja e Krishtit\u201d Tiran\u00eb, trajnimi me tem\u00eb \u201cMjedisi, sht\u00ebpia jon\u00eb e p\u00ebrbashk\u00ebt\u201d. Ky trajnim u organizua n\u00eb bashk\u00ebpunim me Zyr\u00ebn Sociale \u201cDiakonia Agapes\u201d t\u00eb Kish\u00ebs Orthodhokse. N\u00eb t\u00eb mor\u00ebn pjes\u00eb t\u00eb rinj, katekist\u00eb, koordinator\u00eb dhe drejtues t\u00eb lidhjeve rinore orthodhokse nga dioqezat e vendit, bashk\u00eb me p\u00ebrfaq\u00ebsi student\u00ebsh nga Akademia Teologjike n\u00eb Durr\u00ebs.<\/span><\/span><\/span><\/div>\n<div style=\"text-align: justify;\">\n\t<br \/>\n\t<span style=\"font-family:tahoma,geneva,sans-serif;\"><span style=\"font-size: 12px;\"><span style=\"color:#000000;\">&nbsp;&nbsp;&nbsp; Kjo veprimtari \u00ebsht\u00eb pjes\u00eb e projektit \u201cT\u00eb rinjt\u00eb, duke bashk\u00ebpunuar p\u00ebr nj\u00eb t\u00eb ardhme m\u00eb t\u00eb mir\u00eb\u201d, q\u00eb po zhvillohet prej disa vitesh n\u00eb Kish\u00ebn ton\u00eb, projekt, i mb\u00ebshtetur financiarisht nga HEKS Zvic\u00ebr, q\u00eb promovon pjes\u00ebmarrjen e t\u00eb rinjve n\u00eb jet\u00ebn komunitare. Veprimtarit\u00eb kryesore t\u00eb tij konsistojn\u00eb n\u00eb trajnime dhe pun\u00eb n\u00eb grupe p\u00ebr: ngritje fondesh, ndihm\u00eb n\u00eb komunitet, mbrojtje t\u00eb mjedisit, edukimit t\u00eb t\u00eb rinjve aktiv\u00eb n\u00ebp\u00ebr grupet rinore, si dhe ndihm\u00eb n\u00eb nismat rinore p\u00ebr veprimtari p\u00ebrkat\u00ebse.<\/span><\/span><\/span><\/div>\n<div style=\"text-align: justify;\">\n\t<br \/>\n\t<span style=\"font-family:tahoma,geneva,sans-serif;\"><span style=\"font-size: 12px;\"><span style=\"color:#000000;\">&nbsp; &nbsp; N\u00eb sesionin e dat\u00ebs 15 n\u00ebntor, tema \u201cmjedisi dhe roli yn\u00eb n\u00eb bashk\u00ebveprimin krijues\u201d u nda n\u00eb dy prezantime kryesore. Prezantimi i par\u00eb u p\u00ebrqendrua n\u00eb p\u00ebrgjegj\u00ebsin\u00eb e \u00e7do t\u00eb krishteri, i cili duhet t\u00eb referoj\u00eb krijimin tek Krijuesi, Per\u00ebndia. Pjes\u00ebmarr\u00ebsit u thelluan n\u00eb \u00e7\u00ebshtjen e kriz\u00ebs ekologjike si nj\u00eb problem shpirt\u00ebror, si\u00e7 thot\u00eb edhe Mitropoliti i Pergamit, Joan Ziziula, se njeriu duhet p\u00ebrqendrohet te vetja, duke par\u00eb rolin e tij jo si zot\u00ebrues, por si parashtrues te Per\u00ebndia. \u201cVet\u00ebm kur njeriu t\u00eb m\u00ebsoj\u00eb t\u00eb b\u00ebhet kujdestar i krijes\u00ebs, vet\u00ebm at\u00ebher\u00eb ne mund t\u00eb shpresojm\u00eb t\u00eb miratojm\u00eb q\u00ebndrimin e drejt\u00eb n\u00eb zgjidhjen e problemit ekologjik, me t\u00eb cil\u00ebn p\u00ebrballemi sot\u201d. Prezantimi i dyt\u00eb ishte p\u00ebrfshirja e pjes\u00ebmarr\u00ebsve n\u00eb disa parime baz\u00eb rreth mjedisit dhe ve\u00e7an\u00ebrisht rreth edukimit t\u00eb t\u00eb rinjve dhe f\u00ebmij\u00ebve n\u00eb lidhje me t\u00eb.<\/span><\/span><\/span><\/div>\n<div style=\"text-align: justify;\">\n\t<br \/>\n\t<span style=\"font-family:tahoma,geneva,sans-serif;\"><span style=\"font-size: 12px;\"><span style=\"color:#000000;\">&nbsp;&nbsp;&nbsp; N\u00eb sesionin e dat\u00ebs 16 n\u00ebntor, t\u00eb shtun\u00ebn, programi vijoi me kuadrin e mobilizimit t\u00eb t\u00eb rinjve t\u00eb Kish\u00ebs son\u00eb p\u00ebr t\u00eb b\u00ebr\u00eb ndryshime. Dy p\u00ebrfaq\u00ebsues nga Green Line Albania erdh\u00ebn dhe prezantuan p\u00ebrpara t\u00eb rinjve orthodhoks\u00eb nism\u00ebn rinore \u201cTa pastrojm\u00eb Shqip\u00ebrin\u00eb\u201d. Pas k\u00ebtij prezantimi, t\u00eb rinjt\u00eb shpreh\u00ebn gatishm\u00ebrin\u00eb p\u00ebr t\u00eb marr\u00eb pjes\u00eb n\u00eb t\u00eb dhe, duke u ndar\u00eb n\u00eb grupe, shk\u00ebmbyen ide me q\u00ebllim realizimin dhe mobilizimin n\u00eb kuad\u00ebr t\u00eb k\u00ebsaj nisme n\u00eb vendet e tyre. Kjo nism\u00eb \u00ebsht\u00eb nj\u00eb l\u00ebvizje mbar\u00ebbot\u00ebrore p\u00ebrkushtuar dat\u00ebs 22 N\u00ebntor, ku qytetar\u00ebt e Shqip\u00ebris\u00eb marrin pjes\u00eb duke pastruar vullnetarisht vendin e tyre.<\/span><\/span><\/span><\/div>\n<div style=\"text-align: justify;\">\n\t<br \/>\n\t<span style=\"font-family:tahoma,geneva,sans-serif;\"><span style=\"font-size: 12px;\"><span style=\"color:#000000;\">&nbsp;&nbsp;&nbsp; Grupet orthodhokse vendos\u00ebn t\u00eb fillojn\u00eb pastrimin e mjediseve rreth kishave t\u00eb qyteteve apo fshatrave t\u00eb tyre. Zyra \u201cDiakonia Agapes\u201d do t\u00eb mb\u00ebshtes\u00eb k\u00ebt\u00eb nism\u00eb t\u00eb grupeve rinore me gjith\u00e7ka q\u00eb nevojitet p\u00ebr mbar\u00ebvajtjen e k\u00ebsaj veprimtarie, n\u00eb m\u00ebnyr\u00eb q\u00eb p\u00ebrpjekja e t\u00eb rinjve orthodhoks\u00eb t\u00eb jet\u00eb e suksesshme dhe t\u00eb b\u00ebhen pjes\u00eb dhe an\u00ebtar\u00eb aktiv\u00eb n\u00eb komunitet.<\/span><\/span><\/span><\/div>\n<div style=\"text-align: justify;\">\n\t<br \/>\n\t<span style=\"font-family:tahoma,geneva,sans-serif;\"><span style=\"font-size: 12px;\"><span style=\"color:#000000;\">&nbsp;&nbsp;&nbsp; Le t\u00eb shkojm\u00eb e t\u00eb mobilizohemi n\u00eb veprimtarin\u00eb rinore \u201cTa pastrojm\u00eb Shqip\u00ebrin\u00eb\u201d, si vazhdim n\u00eb p\u00ebrmbushjen e rolit ton\u00eb si kujdestar\u00eb t\u00eb krijimit.<\/span><\/span><\/span><\/div>\n<div style=\"text-align: right;\">\n<p>\t<span style=\"font-family:tahoma,geneva,sans-serif;\"><span style=\"font-size: 12px;\"><span style=\"color:#000000;\"><strong>Stefan Ritsi<\/strong><\/span><\/span><\/span><\/div>\n<div style=\"text-align: right;\">\n\t&nbsp;<\/div>\n<div style=\"text-align: right;\">\n\t&nbsp;<\/div>\n<div style=\"text-align: justify;\">\n\t<span style=\"font-family:tahoma,geneva,sans-serif;\"><span style=\"font-size: 12px;\"><strong><img decoding=\"async\" class=\"lazyload HAa Eha\" src=\"data:image\/gif;base64,R0lGODlhAQABAAAAACH5BAEKAAEALAAAAAABAAEAAAICTAEAOw==\" data-orig-src=\"https:\/\/lh5.googleusercontent.com\/-lF42zx2IkOQ\/Uo3Ngh39iNI\/AAAAAAAAG4w\/wcdH0mq6MYI\/w702-h415-no\/Enviornment+14.jpg\" style=\"height: 355px; width: 600px; margin: 10px; border-width: 1px; border-style: solid;\" \/><\/strong><\/span><\/span><\/div>\n<div style=\"text-align: justify;\">\n\t<span style=\"font-family:tahoma,geneva,sans-serif;\"><span style=\"font-size: 12px;\"><strong><img decoding=\"async\" class=\"lazyload HAa Eha\" src=\"data:image\/gif;base64,R0lGODlhAQABAAAAACH5BAEKAAEALAAAAAABAAEAAAICTAEAOw==\" data-orig-src=\"https:\/\/lh3.googleusercontent.com\/-myhH0cgCpXI\/Uo3Nb1ReTvI\/AAAAAAAAG4w\/g6_A-Sxu8dU\/w702-h433-no\/Enviornment+9.jpg\" style=\"height: 370px; width: 600px; margin: 10px; border-width: 1px; border-style: solid;\" \/><\/strong><\/span><\/span><\/p>\n<p>\t&nbsp;<\/p><\/div>\n","protected":false},"excerpt":{"rendered":"<p>&nbsp;&nbsp;&nbsp; N\u00eb kuadrin e kontributit t\u00eb Rinis\u00eb Orthodhokse t\u00eb Shqip\u00ebris\u00eb n\u00eb jet\u00ebn komunitare, u zhvillua n\u00eb datat 15-16 n\u00ebntor 2013, n\u00eb sall\u00ebn e rinis\u00eb n\u00eb ambientet e Katedrales \u201cNgjallja e Krishtit\u201d Tiran\u00eb, trajnimi me tem\u00eb \u201cMjedisi, sht\u00ebpia jon\u00eb e p\u00ebrbashk\u00ebt\u201d. Ky trajnim u organizua n\u00eb bashk\u00ebpunim me Zyr\u00ebn Sociale \u201cDiakonia Agapes\u201d t\u00eb Kish\u00ebs Orthodhokse. N\u00eb t\u00eb mor\u00ebn pjes\u00eb t\u00eb rinj, katekist\u00eb, koordinator\u00eb dhe drejtues t\u00eb<\/p>\n","protected":false},"author":1,"featured_media":0,"comment_status":"open","ping_status":"open","sticky":false,"template":"","format":"standard","meta":{"_acf_changed":false,"pagelayer_contact_templates":[],"_pagelayer_content":"","inline_featured_image":false,"fifu_image_url":"","fifu_image_alt":"","footnotes":""},"categories":[108],"tags":[141,154,196,212,176],"class_list":["post-959","post","type-post","status-publish","format-standard","hentry","category-lajme","tag-141","tag-aktivitete","tag-tirane","tag-lajme-d27","tag-rinia-orthodhokse"],"acf":[],"yoast_head":"<!-- This site is optimized with the Yoast SEO plugin v27.2 - https:\/\/yoast.com\/product\/yoast-seo-wordpress\/ -->\n<title>Mobilizimi i t\u00eb rinjve orthodhoks\u00eb me moton \u201cMjedisi, sht\u00ebpia jon\u00eb e p\u00ebrbashk\u00ebt\u201d. (15 - 16 N\u00ebntor 2013) - Kisha Orthodh\u03bfkse Autoqefale e Shqip\u00ebris\u00eb<\/title>\n<meta name=\"robots\" content=\"index, follow, max-snippet:-1, max-image-preview:large, max-video-preview:-1\" \/>\n<link rel=\"canonical\" href=\"https:\/\/orthodoxalbania.org\/2020\/2013\/11\/21\/mobilizimi-i-te-rinjve-orthodhokse-me-moton-mjedisi-shtepia-jone-e-perbashket\/\" \/>\n<meta property=\"og:locale\" content=\"en_US\" \/>\n<meta property=\"og:type\" content=\"article\" \/>\n<meta property=\"og:title\" content=\"Mobilizimi i t\u00eb rinjve orthodhoks\u00eb me moton \u201cMjedisi, sht\u00ebpia jon\u00eb e p\u00ebrbashk\u00ebt\u201d. (15 - 16 N\u00ebntor 2013) - Kisha Orthodh\u03bfkse Autoqefale e Shqip\u00ebris\u00eb\" \/>\n<meta property=\"og:description\" content=\"&nbsp;&nbsp;&nbsp; N\u00eb kuadrin e kontributit t\u00eb Rinis\u00eb Orthodhokse t\u00eb Shqip\u00ebris\u00eb n\u00eb jet\u00ebn komunitare, u zhvillua n\u00eb datat 15-16 n\u00ebntor 2013, n\u00eb sall\u00ebn e rinis\u00eb n\u00eb ambientet e Katedrales \u201cNgjallja e Krishtit\u201d Tiran\u00eb, trajnimi me tem\u00eb \u201cMjedisi, sht\u00ebpia jon\u00eb e p\u00ebrbashk\u00ebt\u201d. Ky trajnim u organizua n\u00eb bashk\u00ebpunim me Zyr\u00ebn Sociale \u201cDiakonia Agapes\u201d t\u00eb Kish\u00ebs Orthodhokse. N\u00eb t\u00eb mor\u00ebn pjes\u00eb t\u00eb rinj, katekist\u00eb, koordinator\u00eb dhe drejtues t\u00eb\" \/>\n<meta property=\"og:url\" content=\"https:\/\/orthodoxalbania.org\/2020\/2013\/11\/21\/mobilizimi-i-te-rinjve-orthodhokse-me-moton-mjedisi-shtepia-jone-e-perbashket\/\" \/>\n<meta property=\"og:site_name\" content=\"Kisha Orthodh\u03bfkse Autoqefale e Shqip\u00ebris\u00eb\" \/>\n<meta property=\"article:publisher\" content=\"https:\/\/www.facebook.com\/koash1991\" \/>\n<meta property=\"article:published_time\" content=\"2013-11-21T09:13:14+00:00\" \/>\n<meta property=\"article:modified_time\" content=\"2020-04-06T20:05:28+00:00\" \/>\n<meta property=\"og:image\" content=\"https:\/\/lh5.googleusercontent.com\/-lF42zx2IkOQ\/Uo3Ngh39iNI\/AAAAAAAAG4w\/wcdH0mq6MYI\/w702-h415-no\/Enviornment+14.jpg\" \/>\n<meta name=\"author\" content=\"Kisha Orthodhokse\" \/>\n<meta name=\"twitter:card\" content=\"summary_large_image\" \/>\n<meta name=\"twitter:label1\" content=\"Written by\" \/>\n\t<meta name=\"twitter:data1\" content=\"Kisha Orthodhokse\" \/>\n\t<meta name=\"twitter:label2\" content=\"Est. reading time\" \/>\n\t<meta name=\"twitter:data2\" content=\"3 minutes\" \/>\n<script type=\"application\/ld+json\" class=\"yoast-schema-graph\">{\"@context\":\"https:\/\/schema.org\",\"@graph\":[{\"@type\":\"Article\",\"@id\":\"https:\/\/orthodoxalbania.org\/2020\/2013\/11\/21\/mobilizimi-i-te-rinjve-orthodhokse-me-moton-mjedisi-shtepia-jone-e-perbashket\/#article\",\"isPartOf\":{\"@id\":\"https:\/\/orthodoxalbania.org\/2020\/2013\/11\/21\/mobilizimi-i-te-rinjve-orthodhokse-me-moton-mjedisi-shtepia-jone-e-perbashket\/\"},\"author\":{\"name\":\"Kisha Orthodhokse\",\"@id\":\"https:\/\/orthodoxalbania.org\/2020\/#\/schema\/person\/0c387634a7063ac612d7ed9ce71c7e86\"},\"headline\":\"Mobilizimi i t\u00eb rinjve orthodhoks\u00eb me moton \u201cMjedisi, sht\u00ebpia jon\u00eb e p\u00ebrbashk\u00ebt\u201d. (15 &#8211; 16 N\u00ebntor 2013)\",\"datePublished\":\"2013-11-21T09:13:14+00:00\",\"dateModified\":\"2020-04-06T20:05:28+00:00\",\"mainEntityOfPage\":{\"@id\":\"https:\/\/orthodoxalbania.org\/2020\/2013\/11\/21\/mobilizimi-i-te-rinjve-orthodhokse-me-moton-mjedisi-shtepia-jone-e-perbashket\/\"},\"wordCount\":609,\"commentCount\":0,\"publisher\":{\"@id\":\"https:\/\/orthodoxalbania.org\/2020\/#organization\"},\"image\":{\"@id\":\"https:\/\/orthodoxalbania.org\/2020\/2013\/11\/21\/mobilizimi-i-te-rinjve-orthodhokse-me-moton-mjedisi-shtepia-jone-e-perbashket\/#primaryimage\"},\"thumbnailUrl\":\"https:\/\/lh5.googleusercontent.com\/-lF42zx2IkOQ\/Uo3Ngh39iNI\/AAAAAAAAG4w\/wcdH0mq6MYI\/w702-h415-no\/Enviornment+14.jpg\",\"keywords\":[\"2013\",\"Aktivitete\",\"Kryepiskopata Tiran\u00eb\",\"lajme\",\"Rinia Orthodhokse\"],\"articleSection\":[\"Lajme\"],\"inLanguage\":\"en-US\"},{\"@type\":\"WebPage\",\"@id\":\"https:\/\/orthodoxalbania.org\/2020\/2013\/11\/21\/mobilizimi-i-te-rinjve-orthodhokse-me-moton-mjedisi-shtepia-jone-e-perbashket\/\",\"url\":\"https:\/\/orthodoxalbania.org\/2020\/2013\/11\/21\/mobilizimi-i-te-rinjve-orthodhokse-me-moton-mjedisi-shtepia-jone-e-perbashket\/\",\"name\":\"Mobilizimi i t\u00eb rinjve orthodhoks\u00eb me moton \u201cMjedisi, sht\u00ebpia jon\u00eb e p\u00ebrbashk\u00ebt\u201d. (15 - 16 N\u00ebntor 2013) - Kisha Orthodh\u03bfkse Autoqefale e Shqip\u00ebris\u00eb\",\"isPartOf\":{\"@id\":\"https:\/\/orthodoxalbania.org\/2020\/#website\"},\"primaryImageOfPage\":{\"@id\":\"https:\/\/orthodoxalbania.org\/2020\/2013\/11\/21\/mobilizimi-i-te-rinjve-orthodhokse-me-moton-mjedisi-shtepia-jone-e-perbashket\/#primaryimage\"},\"image\":{\"@id\":\"https:\/\/orthodoxalbania.org\/2020\/2013\/11\/21\/mobilizimi-i-te-rinjve-orthodhokse-me-moton-mjedisi-shtepia-jone-e-perbashket\/#primaryimage\"},\"thumbnailUrl\":\"https:\/\/lh5.googleusercontent.com\/-lF42zx2IkOQ\/Uo3Ngh39iNI\/AAAAAAAAG4w\/wcdH0mq6MYI\/w702-h415-no\/Enviornment+14.jpg\",\"datePublished\":\"2013-11-21T09:13:14+00:00\",\"dateModified\":\"2020-04-06T20:05:28+00:00\",\"breadcrumb\":{\"@id\":\"https:\/\/orthodoxalbania.org\/2020\/2013\/11\/21\/mobilizimi-i-te-rinjve-orthodhokse-me-moton-mjedisi-shtepia-jone-e-perbashket\/#breadcrumb\"},\"inLanguage\":\"en-US\",\"potentialAction\":[{\"@type\":\"ReadAction\",\"target\":[\"https:\/\/orthodoxalbania.org\/2020\/2013\/11\/21\/mobilizimi-i-te-rinjve-orthodhokse-me-moton-mjedisi-shtepia-jone-e-perbashket\/\"]}]},{\"@type\":\"ImageObject\",\"inLanguage\":\"en-US\",\"@id\":\"https:\/\/orthodoxalbania.org\/2020\/2013\/11\/21\/mobilizimi-i-te-rinjve-orthodhokse-me-moton-mjedisi-shtepia-jone-e-perbashket\/#primaryimage\",\"url\":\"https:\/\/lh5.googleusercontent.com\/-lF42zx2IkOQ\/Uo3Ngh39iNI\/AAAAAAAAG4w\/wcdH0mq6MYI\/w702-h415-no\/Enviornment+14.jpg\",\"contentUrl\":\"https:\/\/lh5.googleusercontent.com\/-lF42zx2IkOQ\/Uo3Ngh39iNI\/AAAAAAAAG4w\/wcdH0mq6MYI\/w702-h415-no\/Enviornment+14.jpg\"},{\"@type\":\"BreadcrumbList\",\"@id\":\"https:\/\/orthodoxalbania.org\/2020\/2013\/11\/21\/mobilizimi-i-te-rinjve-orthodhokse-me-moton-mjedisi-shtepia-jone-e-perbashket\/#breadcrumb\",\"itemListElement\":[{\"@type\":\"ListItem\",\"position\":1,\"name\":\"Home\",\"item\":\"https:\/\/orthodoxalbania.org\/2020\/\"},{\"@type\":\"ListItem\",\"position\":2,\"name\":\"Mobilizimi i t\u00eb rinjve orthodhoks\u00eb me moton \u201cMjedisi, sht\u00ebpia jon\u00eb e p\u00ebrbashk\u00ebt\u201d. (15 &#8211; 16 N\u00ebntor 2013)\"}]},{\"@type\":\"WebSite\",\"@id\":\"https:\/\/orthodoxalbania.org\/2020\/#website\",\"url\":\"https:\/\/orthodoxalbania.org\/2020\/\",\"name\":\"Kisha Orthodh\u03bfkse Autoqefale e Shqip\u00ebris\u00eb\",\"description\":\"Fqja Zyrtare e Kish\u00ebs Orthodhokse Autoqefale e Shqip\u00ebris\u00eb me lajmet edhe informacionet zyrtare p\u00ebr struktur\u00ebn edhe veprimtarin e saj.\",\"publisher\":{\"@id\":\"https:\/\/orthodoxalbania.org\/2020\/#organization\"},\"potentialAction\":[{\"@type\":\"SearchAction\",\"target\":{\"@type\":\"EntryPoint\",\"urlTemplate\":\"https:\/\/orthodoxalbania.org\/2020\/?s={search_term_string}\"},\"query-input\":{\"@type\":\"PropertyValueSpecification\",\"valueRequired\":true,\"valueName\":\"search_term_string\"}}],\"inLanguage\":\"en-US\"},{\"@type\":\"Organization\",\"@id\":\"https:\/\/orthodoxalbania.org\/2020\/#organization\",\"name\":\"Kisha Orthodhokse Autoqefale e Shqip\u00ebris\u00eb\",\"url\":\"https:\/\/orthodoxalbania.org\/2020\/\",\"logo\":{\"@type\":\"ImageObject\",\"inLanguage\":\"en-US\",\"@id\":\"https:\/\/orthodoxalbania.org\/2020\/#\/schema\/logo\/image\/\",\"url\":\"https:\/\/orthodoxalbania.org\/2020\/wp-content\/uploads\/2020\/05\/albania.jpeg\",\"contentUrl\":\"https:\/\/orthodoxalbania.org\/2020\/wp-content\/uploads\/2020\/05\/albania.jpeg\",\"width\":540,\"height\":540,\"caption\":\"Kisha Orthodhokse Autoqefale e Shqip\u00ebris\u00eb\"},\"image\":{\"@id\":\"https:\/\/orthodoxalbania.org\/2020\/#\/schema\/logo\/image\/\"},\"sameAs\":[\"https:\/\/www.facebook.com\/koash1991\"]},{\"@type\":\"Person\",\"@id\":\"https:\/\/orthodoxalbania.org\/2020\/#\/schema\/person\/0c387634a7063ac612d7ed9ce71c7e86\",\"name\":\"Kisha Orthodhokse\",\"image\":{\"@type\":\"ImageObject\",\"inLanguage\":\"en-US\",\"@id\":\"https:\/\/secure.gravatar.com\/avatar\/596e7c417251e30f2fbb9c00e026fce61a695a00e51c889caded71c96cbbdde5?s=96&d=mm&r=g\",\"url\":\"https:\/\/secure.gravatar.com\/avatar\/596e7c417251e30f2fbb9c00e026fce61a695a00e51c889caded71c96cbbdde5?s=96&d=mm&r=g\",\"contentUrl\":\"https:\/\/secure.gravatar.com\/avatar\/596e7c417251e30f2fbb9c00e026fce61a695a00e51c889caded71c96cbbdde5?s=96&d=mm&r=g\",\"caption\":\"Kisha Orthodhokse\"}}]}<\/script>\n<!-- \/ Yoast SEO plugin. -->","yoast_head_json":{"title":"Mobilizimi i t\u00eb rinjve orthodhoks\u00eb me moton \u201cMjedisi, sht\u00ebpia jon\u00eb e p\u00ebrbashk\u00ebt\u201d. (15 - 16 N\u00ebntor 2013) - Kisha Orthodh\u03bfkse Autoqefale e Shqip\u00ebris\u00eb","robots":{"index":"index","follow":"follow","max-snippet":"max-snippet:-1","max-image-preview":"max-image-preview:large","max-video-preview":"max-video-preview:-1"},"canonical":"https:\/\/orthodoxalbania.org\/2020\/2013\/11\/21\/mobilizimi-i-te-rinjve-orthodhokse-me-moton-mjedisi-shtepia-jone-e-perbashket\/","og_locale":"en_US","og_type":"article","og_title":"Mobilizimi i t\u00eb rinjve orthodhoks\u00eb me moton \u201cMjedisi, sht\u00ebpia jon\u00eb e p\u00ebrbashk\u00ebt\u201d. (15 - 16 N\u00ebntor 2013) - Kisha Orthodh\u03bfkse Autoqefale e Shqip\u00ebris\u00eb","og_description":"&nbsp;&nbsp;&nbsp; N\u00eb kuadrin e kontributit t\u00eb Rinis\u00eb Orthodhokse t\u00eb Shqip\u00ebris\u00eb n\u00eb jet\u00ebn komunitare, u zhvillua n\u00eb datat 15-16 n\u00ebntor 2013, n\u00eb sall\u00ebn e rinis\u00eb n\u00eb ambientet e Katedrales \u201cNgjallja e Krishtit\u201d Tiran\u00eb, trajnimi me tem\u00eb \u201cMjedisi, sht\u00ebpia jon\u00eb e p\u00ebrbashk\u00ebt\u201d. Ky trajnim u organizua n\u00eb bashk\u00ebpunim me Zyr\u00ebn Sociale \u201cDiakonia Agapes\u201d t\u00eb Kish\u00ebs Orthodhokse. N\u00eb t\u00eb mor\u00ebn pjes\u00eb t\u00eb rinj, katekist\u00eb, koordinator\u00eb dhe drejtues t\u00eb","og_url":"https:\/\/orthodoxalbania.org\/2020\/2013\/11\/21\/mobilizimi-i-te-rinjve-orthodhokse-me-moton-mjedisi-shtepia-jone-e-perbashket\/","og_site_name":"Kisha Orthodh\u03bfkse Autoqefale e Shqip\u00ebris\u00eb","article_publisher":"https:\/\/www.facebook.com\/koash1991","article_published_time":"2013-11-21T09:13:14+00:00","article_modified_time":"2020-04-06T20:05:28+00:00","og_image":[{"url":"https:\/\/lh5.googleusercontent.com\/-lF42zx2IkOQ\/Uo3Ngh39iNI\/AAAAAAAAG4w\/wcdH0mq6MYI\/w702-h415-no\/Enviornment+14.jpg","type":"","width":"","height":""}],"author":"Kisha Orthodhokse","twitter_card":"summary_large_image","twitter_misc":{"Written by":"Kisha Orthodhokse","Est. reading time":"3 minutes"},"schema":{"@context":"https:\/\/schema.org","@graph":[{"@type":"Article","@id":"https:\/\/orthodoxalbania.org\/2020\/2013\/11\/21\/mobilizimi-i-te-rinjve-orthodhokse-me-moton-mjedisi-shtepia-jone-e-perbashket\/#article","isPartOf":{"@id":"https:\/\/orthodoxalbania.org\/2020\/2013\/11\/21\/mobilizimi-i-te-rinjve-orthodhokse-me-moton-mjedisi-shtepia-jone-e-perbashket\/"},"author":{"name":"Kisha Orthodhokse","@id":"https:\/\/orthodoxalbania.org\/2020\/#\/schema\/person\/0c387634a7063ac612d7ed9ce71c7e86"},"headline":"Mobilizimi i t\u00eb rinjve orthodhoks\u00eb me moton \u201cMjedisi, sht\u00ebpia jon\u00eb e p\u00ebrbashk\u00ebt\u201d. (15 &#8211; 16 N\u00ebntor 2013)","datePublished":"2013-11-21T09:13:14+00:00","dateModified":"2020-04-06T20:05:28+00:00","mainEntityOfPage":{"@id":"https:\/\/orthodoxalbania.org\/2020\/2013\/11\/21\/mobilizimi-i-te-rinjve-orthodhokse-me-moton-mjedisi-shtepia-jone-e-perbashket\/"},"wordCount":609,"commentCount":0,"publisher":{"@id":"https:\/\/orthodoxalbania.org\/2020\/#organization"},"image":{"@id":"https:\/\/orthodoxalbania.org\/2020\/2013\/11\/21\/mobilizimi-i-te-rinjve-orthodhokse-me-moton-mjedisi-shtepia-jone-e-perbashket\/#primaryimage"},"thumbnailUrl":"https:\/\/lh5.googleusercontent.com\/-lF42zx2IkOQ\/Uo3Ngh39iNI\/AAAAAAAAG4w\/wcdH0mq6MYI\/w702-h415-no\/Enviornment+14.jpg","keywords":["2013","Aktivitete","Kryepiskopata Tiran\u00eb","lajme","Rinia Orthodhokse"],"articleSection":["Lajme"],"inLanguage":"en-US"},{"@type":"WebPage","@id":"https:\/\/orthodoxalbania.org\/2020\/2013\/11\/21\/mobilizimi-i-te-rinjve-orthodhokse-me-moton-mjedisi-shtepia-jone-e-perbashket\/","url":"https:\/\/orthodoxalbania.org\/2020\/2013\/11\/21\/mobilizimi-i-te-rinjve-orthodhokse-me-moton-mjedisi-shtepia-jone-e-perbashket\/","name":"Mobilizimi i t\u00eb rinjve orthodhoks\u00eb me moton \u201cMjedisi, sht\u00ebpia jon\u00eb e p\u00ebrbashk\u00ebt\u201d. (15 - 16 N\u00ebntor 2013) - Kisha Orthodh\u03bfkse Autoqefale e Shqip\u00ebris\u00eb","isPartOf":{"@id":"https:\/\/orthodoxalbania.org\/2020\/#website"},"primaryImageOfPage":{"@id":"https:\/\/orthodoxalbania.org\/2020\/2013\/11\/21\/mobilizimi-i-te-rinjve-orthodhokse-me-moton-mjedisi-shtepia-jone-e-perbashket\/#primaryimage"},"image":{"@id":"https:\/\/orthodoxalbania.org\/2020\/2013\/11\/21\/mobilizimi-i-te-rinjve-orthodhokse-me-moton-mjedisi-shtepia-jone-e-perbashket\/#primaryimage"},"thumbnailUrl":"https:\/\/lh5.googleusercontent.com\/-lF42zx2IkOQ\/Uo3Ngh39iNI\/AAAAAAAAG4w\/wcdH0mq6MYI\/w702-h415-no\/Enviornment+14.jpg","datePublished":"2013-11-21T09:13:14+00:00","dateModified":"2020-04-06T20:05:28+00:00","breadcrumb":{"@id":"https:\/\/orthodoxalbania.org\/2020\/2013\/11\/21\/mobilizimi-i-te-rinjve-orthodhokse-me-moton-mjedisi-shtepia-jone-e-perbashket\/#breadcrumb"},"inLanguage":"en-US","potentialAction":[{"@type":"ReadAction","target":["https:\/\/orthodoxalbania.org\/2020\/2013\/11\/21\/mobilizimi-i-te-rinjve-orthodhokse-me-moton-mjedisi-shtepia-jone-e-perbashket\/"]}]},{"@type":"ImageObject","inLanguage":"en-US","@id":"https:\/\/orthodoxalbania.org\/2020\/2013\/11\/21\/mobilizimi-i-te-rinjve-orthodhokse-me-moton-mjedisi-shtepia-jone-e-perbashket\/#primaryimage","url":"https:\/\/lh5.googleusercontent.com\/-lF42zx2IkOQ\/Uo3Ngh39iNI\/AAAAAAAAG4w\/wcdH0mq6MYI\/w702-h415-no\/Enviornment+14.jpg","contentUrl":"https:\/\/lh5.googleusercontent.com\/-lF42zx2IkOQ\/Uo3Ngh39iNI\/AAAAAAAAG4w\/wcdH0mq6MYI\/w702-h415-no\/Enviornment+14.jpg"},{"@type":"BreadcrumbList","@id":"https:\/\/orthodoxalbania.org\/2020\/2013\/11\/21\/mobilizimi-i-te-rinjve-orthodhokse-me-moton-mjedisi-shtepia-jone-e-perbashket\/#breadcrumb","itemListElement":[{"@type":"ListItem","position":1,"name":"Home","item":"https:\/\/orthodoxalbania.org\/2020\/"},{"@type":"ListItem","position":2,"name":"Mobilizimi i t\u00eb rinjve orthodhoks\u00eb me moton \u201cMjedisi, sht\u00ebpia jon\u00eb e p\u00ebrbashk\u00ebt\u201d. (15 &#8211; 16 N\u00ebntor 2013)"}]},{"@type":"WebSite","@id":"https:\/\/orthodoxalbania.org\/2020\/#website","url":"https:\/\/orthodoxalbania.org\/2020\/","name":"Kisha Orthodh\u03bfkse Autoqefale e Shqip\u00ebris\u00eb","description":"Fqja Zyrtare e Kish\u00ebs Orthodhokse Autoqefale e Shqip\u00ebris\u00eb me lajmet edhe informacionet zyrtare p\u00ebr struktur\u00ebn edhe veprimtarin e saj.","publisher":{"@id":"https:\/\/orthodoxalbania.org\/2020\/#organization"},"potentialAction":[{"@type":"SearchAction","target":{"@type":"EntryPoint","urlTemplate":"https:\/\/orthodoxalbania.org\/2020\/?s={search_term_string}"},"query-input":{"@type":"PropertyValueSpecification","valueRequired":true,"valueName":"search_term_string"}}],"inLanguage":"en-US"},{"@type":"Organization","@id":"https:\/\/orthodoxalbania.org\/2020\/#organization","name":"Kisha Orthodhokse Autoqefale e Shqip\u00ebris\u00eb","url":"https:\/\/orthodoxalbania.org\/2020\/","logo":{"@type":"ImageObject","inLanguage":"en-US","@id":"https:\/\/orthodoxalbania.org\/2020\/#\/schema\/logo\/image\/","url":"https:\/\/orthodoxalbania.org\/2020\/wp-content\/uploads\/2020\/05\/albania.jpeg","contentUrl":"https:\/\/orthodoxalbania.org\/2020\/wp-content\/uploads\/2020\/05\/albania.jpeg","width":540,"height":540,"caption":"Kisha Orthodhokse Autoqefale e Shqip\u00ebris\u00eb"},"image":{"@id":"https:\/\/orthodoxalbania.org\/2020\/#\/schema\/logo\/image\/"},"sameAs":["https:\/\/www.facebook.com\/koash1991"]},{"@type":"Person","@id":"https:\/\/orthodoxalbania.org\/2020\/#\/schema\/person\/0c387634a7063ac612d7ed9ce71c7e86","name":"Kisha Orthodhokse","image":{"@type":"ImageObject","inLanguage":"en-US","@id":"https:\/\/secure.gravatar.com\/avatar\/596e7c417251e30f2fbb9c00e026fce61a695a00e51c889caded71c96cbbdde5?s=96&d=mm&r=g","url":"https:\/\/secure.gravatar.com\/avatar\/596e7c417251e30f2fbb9c00e026fce61a695a00e51c889caded71c96cbbdde5?s=96&d=mm&r=g","contentUrl":"https:\/\/secure.gravatar.com\/avatar\/596e7c417251e30f2fbb9c00e026fce61a695a00e51c889caded71c96cbbdde5?s=96&d=mm&r=g","caption":"Kisha Orthodhokse"}}]}},"_links":{"self":[{"href":"https:\/\/orthodoxalbania.org\/2020\/wp-json\/wp\/v2\/posts\/959","targetHints":{"allow":["GET"]}}],"collection":[{"href":"https:\/\/orthodoxalbania.org\/2020\/wp-json\/wp\/v2\/posts"}],"about":[{"href":"https:\/\/orthodoxalbania.org\/2020\/wp-json\/wp\/v2\/types\/post"}],"author":[{"embeddable":true,"href":"https:\/\/orthodoxalbania.org\/2020\/wp-json\/wp\/v2\/users\/1"}],"replies":[{"embeddable":true,"href":"https:\/\/orthodoxalbania.org\/2020\/wp-json\/wp\/v2\/comments?post=959"}],"version-history":[{"count":1,"href":"https:\/\/orthodoxalbania.org\/2020\/wp-json\/wp\/v2\/posts\/959\/revisions"}],"predecessor-version":[{"id":15154,"href":"https:\/\/orthodoxalbania.org\/2020\/wp-json\/wp\/v2\/posts\/959\/revisions\/15154"}],"wp:attachment":[{"href":"https:\/\/orthodoxalbania.org\/2020\/wp-json\/wp\/v2\/media?parent=959"}],"wp:term":[{"taxonomy":"category","embeddable":true,"href":"https:\/\/orthodoxalbania.org\/2020\/wp-json\/wp\/v2\/categories?post=959"},{"taxonomy":"post_tag","embeddable":true,"href":"https:\/\/orthodoxalbania.org\/2020\/wp-json\/wp\/v2\/tags?post=959"}],"curies":[{"name":"wp","href":"https:\/\/api.w.org\/{rel}","templated":true}]}}