{"id":958,"date":"2013-03-21T10:04:24","date_gmt":"2013-03-21T10:04:24","guid":{"rendered":""},"modified":"2020-04-06T22:31:59","modified_gmt":"2020-04-06T20:31:59","slug":"mitropoliti-i-diokleas-kalistos-ware-takohet-me-te-rinjte-e-dioqezes-se-tiranes-2011","status":"publish","type":"post","link":"https:\/\/orthodoxalbania.org\/2020\/2013\/03\/21\/mitropoliti-i-diokleas-kalistos-ware-takohet-me-te-rinjte-e-dioqezes-se-tiranes-2011\/","title":{"rendered":"Mitropoliti i Diokleas, Kalistos Ware, takohet me t\u00eb  rinjt\u00eb e Dioqez\u00ebs s\u00eb Tiran\u00ebs. (2011)"},"content":{"rendered":"<div style=\"text-align: justify;\">\n\t<span style=\"color:#000000;\"><span style=\"font-family: tahoma,geneva,sans-serif;\"><span style=\"font-size: 12px;\">&nbsp;&nbsp;&nbsp; T\u00eb rinj orthodhoks\u00eb t\u00eb ardhur nga Elbasani, Kavaja, Durr\u00ebsi dhe Tirana, u mblodh\u00ebn n\u00eb dt. 29 shtator n\u00eb qendr\u00ebn shpirt\u00ebrore-arsimore \u201cThavor\u201d, p\u00ebr t\u00eb takuar dhe p\u00ebr t\u00eb ndjekur nga af\u00ebr dy referatet e Mitropolitit t\u00eb Diokleas, nga Britania e Madhe, Hir\u00ebsi Kalistos Ware. Pjes\u00ebmarrja e Hir\u00ebsi Kalistos konsiderohej nj\u00eb bekim i ve\u00e7ant\u00eb n\u00eb Shqip\u00ebri, pasi fjalimet e tij dhe p\u00ebrvoja shpirt\u00ebrore jan\u00eb t\u00eb njohura n\u00eb mbar\u00eb bot\u00ebn orthodhokse. &nbsp;Mitropoliti i Diokleas foli gjat\u00eb dy temave t\u00eb k\u00ebtij takimi p\u00ebr r\u00ebnd\u00ebsin\u00eb e lutjes, duke vler\u00ebsuar se lutja \u00ebsht\u00eb marr\u00ebdh\u00ebnie e p\u00ebrhershme me Per\u00ebndin\u00eb. Ai theksoi se t\u00eb lutesh do t\u00eb thot\u00eb t\u00eb q\u00ebndrosh para Per\u00ebndis\u00eb, t\u00eb jesh me mendje n\u00eb zem\u00ebr dhe t\u00eb q\u00ebndrosh derisa t\u00eb mbarosh jet\u00ebn. \u201cLutje do t\u00eb thot\u00eb t\u00eb d\u00ebgjosh Per\u00ebndin\u00eb n\u00eb nj\u00eb dialog personal. Lutja e Jisuit \u00ebsht\u00eb shum\u00eb e dobishme kur je i d\u00ebshp\u00ebruar, ose kur ke dhimbje trupore. Gjeni Jisuin n\u00eb heshtje, gjeni Jisuin kudo\u201d \u2013 tha gjat\u00eb fjalimit Mitropoliti. T\u00eb rinjt\u00eb orthodhoks\u00eb b\u00ebn\u00eb pyetje rreth p\u00ebrqendrimit dhe koh\u00ebs s\u00eb lutjes, duke u ndalur edhe tek disa probleme sociale t\u00eb koh\u00ebs, ve\u00e7an\u00ebrisht ndikimit t\u00eb teknologjis\u00eb dhe epok\u00ebs s\u00eb re t\u00eb internetit. Hir\u00ebsi Kalistos iu b\u00ebri thirrje t\u00eb rinjve t\u00eb jen\u00eb p\u00ebrzgjedh\u00ebs t\u00eb mir\u00eb dhe vigjilent\u00eb n\u00eb jet\u00ebn e tyre, duke reflektuar gjithmon\u00eb Krishtin dhe jo imazhin e bot\u00ebs.<\/span><\/span><\/span><\/div>\n<div style=\"text-align: justify;\">\n\t<br \/>\n\t<span style=\"color:#000000;\"><span style=\"font-family: tahoma,geneva,sans-serif;\"><span style=\"font-size: 12px;\">&nbsp;&nbsp;&nbsp; Pak dit\u00eb m\u00eb par\u00eb ai kishte po nj\u00eb takim t\u00eb till\u00eb edhe me punonj\u00ebsit e disa zyrave nga t\u00eb kat\u00ebr dioqezat e vendit q\u00eb merren me katekizmin e f\u00ebmij\u00ebve, t\u00eb rinjve dhe m\u00eb gjer\u00eb. <\/span><\/span><\/span><\/div>\n","protected":false},"excerpt":{"rendered":"<p>&nbsp;&nbsp;&nbsp; T\u00eb rinj orthodhoks\u00eb t\u00eb ardhur nga Elbasani, Kavaja, Durr\u00ebsi dhe Tirana, u mblodh\u00ebn n\u00eb dt. 29 shtator n\u00eb qendr\u00ebn shpirt\u00ebrore-arsimore \u201cThavor\u201d, p\u00ebr t\u00eb takuar dhe p\u00ebr t\u00eb ndjekur nga af\u00ebr dy referatet e Mitropolitit t\u00eb Diokleas, nga Britania e Madhe, Hir\u00ebsi Kalistos Ware. Pjes\u00ebmarrja e Hir\u00ebsi Kalistos konsiderohej nj\u00eb bekim i ve\u00e7ant\u00eb n\u00eb Shqip\u00ebri, pasi fjalimet e tij dhe p\u00ebrvoja shpirt\u00ebrore jan\u00eb t\u00eb njohura<\/p>\n","protected":false},"author":1,"featured_media":0,"comment_status":"open","ping_status":"open","sticky":false,"template":"","format":"standard","meta":{"_acf_changed":false,"pagelayer_contact_templates":[],"_pagelayer_content":"","inline_featured_image":false,"fifu_image_url":"","fifu_image_alt":"","footnotes":""},"categories":[108],"tags":[143,196,212,176],"class_list":["post-958","post","type-post","status-publish","format-standard","hentry","category-lajme","tag-143","tag-tirane","tag-lajme-d27","tag-rinia-orthodhokse"],"acf":[],"yoast_head":"<!-- This site is optimized with the Yoast SEO plugin v27.2 - https:\/\/yoast.com\/product\/yoast-seo-wordpress\/ -->\n<title>Mitropoliti i Diokleas, Kalistos Ware, takohet me t\u00eb rinjt\u00eb e Dioqez\u00ebs s\u00eb Tiran\u00ebs. (2011) - Kisha Orthodh\u03bfkse Autoqefale e Shqip\u00ebris\u00eb<\/title>\n<meta name=\"robots\" content=\"index, follow, max-snippet:-1, max-image-preview:large, max-video-preview:-1\" \/>\n<link rel=\"canonical\" href=\"https:\/\/orthodoxalbania.org\/2020\/2013\/03\/21\/mitropoliti-i-diokleas-kalistos-ware-takohet-me-te-rinjte-e-dioqezes-se-tiranes-2011\/\" \/>\n<meta property=\"og:locale\" content=\"en_US\" \/>\n<meta property=\"og:type\" content=\"article\" \/>\n<meta property=\"og:title\" content=\"Mitropoliti i Diokleas, Kalistos Ware, takohet me t\u00eb rinjt\u00eb e Dioqez\u00ebs s\u00eb Tiran\u00ebs. (2011) - Kisha Orthodh\u03bfkse Autoqefale e Shqip\u00ebris\u00eb\" \/>\n<meta property=\"og:description\" content=\"&nbsp;&nbsp;&nbsp; T\u00eb rinj orthodhoks\u00eb t\u00eb ardhur nga Elbasani, Kavaja, Durr\u00ebsi dhe Tirana, u mblodh\u00ebn n\u00eb dt. 29 shtator n\u00eb qendr\u00ebn shpirt\u00ebrore-arsimore \u201cThavor\u201d, p\u00ebr t\u00eb takuar dhe p\u00ebr t\u00eb ndjekur nga af\u00ebr dy referatet e Mitropolitit t\u00eb Diokleas, nga Britania e Madhe, Hir\u00ebsi Kalistos Ware. Pjes\u00ebmarrja e Hir\u00ebsi Kalistos konsiderohej nj\u00eb bekim i ve\u00e7ant\u00eb n\u00eb Shqip\u00ebri, pasi fjalimet e tij dhe p\u00ebrvoja shpirt\u00ebrore jan\u00eb t\u00eb njohura\" \/>\n<meta property=\"og:url\" content=\"https:\/\/orthodoxalbania.org\/2020\/2013\/03\/21\/mitropoliti-i-diokleas-kalistos-ware-takohet-me-te-rinjte-e-dioqezes-se-tiranes-2011\/\" \/>\n<meta property=\"og:site_name\" content=\"Kisha Orthodh\u03bfkse Autoqefale e Shqip\u00ebris\u00eb\" \/>\n<meta property=\"article:publisher\" content=\"https:\/\/www.facebook.com\/koash1991\" \/>\n<meta property=\"article:published_time\" content=\"2013-03-21T10:04:24+00:00\" \/>\n<meta property=\"article:modified_time\" content=\"2020-04-06T20:31:59+00:00\" \/>\n<meta property=\"og:image\" content=\"https:\/\/orthodoxalbania.org\/2020\/wp-content\/uploads\/2021\/02\/LogoLastALb-200.png\" \/>\n\t<meta property=\"og:image:width\" content=\"200\" \/>\n\t<meta property=\"og:image:height\" content=\"172\" \/>\n\t<meta property=\"og:image:type\" content=\"image\/png\" \/>\n<meta name=\"author\" content=\"Kisha Orthodhokse\" \/>\n<meta name=\"twitter:card\" content=\"summary_large_image\" \/>\n<meta name=\"twitter:label1\" content=\"Written by\" \/>\n\t<meta name=\"twitter:data1\" content=\"Kisha Orthodhokse\" \/>\n\t<meta name=\"twitter:label2\" content=\"Est. reading time\" \/>\n\t<meta name=\"twitter:data2\" content=\"2 minutes\" \/>\n<script type=\"application\/ld+json\" class=\"yoast-schema-graph\">{\"@context\":\"https:\/\/schema.org\",\"@graph\":[{\"@type\":\"Article\",\"@id\":\"https:\/\/orthodoxalbania.org\/2020\/2013\/03\/21\/mitropoliti-i-diokleas-kalistos-ware-takohet-me-te-rinjte-e-dioqezes-se-tiranes-2011\/#article\",\"isPartOf\":{\"@id\":\"https:\/\/orthodoxalbania.org\/2020\/2013\/03\/21\/mitropoliti-i-diokleas-kalistos-ware-takohet-me-te-rinjte-e-dioqezes-se-tiranes-2011\/\"},\"author\":{\"name\":\"Kisha Orthodhokse\",\"@id\":\"https:\/\/orthodoxalbania.org\/2020\/#\/schema\/person\/0c387634a7063ac612d7ed9ce71c7e86\"},\"headline\":\"Mitropoliti i Diokleas, Kalistos Ware, takohet me t\u00eb rinjt\u00eb e Dioqez\u00ebs s\u00eb Tiran\u00ebs. (2011)\",\"datePublished\":\"2013-03-21T10:04:24+00:00\",\"dateModified\":\"2020-04-06T20:31:59+00:00\",\"mainEntityOfPage\":{\"@id\":\"https:\/\/orthodoxalbania.org\/2020\/2013\/03\/21\/mitropoliti-i-diokleas-kalistos-ware-takohet-me-te-rinjte-e-dioqezes-se-tiranes-2011\/\"},\"wordCount\":318,\"commentCount\":0,\"publisher\":{\"@id\":\"https:\/\/orthodoxalbania.org\/2020\/#organization\"},\"keywords\":[\"2011\",\"Kryepiskopata Tiran\u00eb\",\"lajme\",\"Rinia Orthodhokse\"],\"articleSection\":[\"Lajme\"],\"inLanguage\":\"en-US\"},{\"@type\":\"WebPage\",\"@id\":\"https:\/\/orthodoxalbania.org\/2020\/2013\/03\/21\/mitropoliti-i-diokleas-kalistos-ware-takohet-me-te-rinjte-e-dioqezes-se-tiranes-2011\/\",\"url\":\"https:\/\/orthodoxalbania.org\/2020\/2013\/03\/21\/mitropoliti-i-diokleas-kalistos-ware-takohet-me-te-rinjte-e-dioqezes-se-tiranes-2011\/\",\"name\":\"Mitropoliti i Diokleas, Kalistos Ware, takohet me t\u00eb rinjt\u00eb e Dioqez\u00ebs s\u00eb Tiran\u00ebs. (2011) - Kisha Orthodh\u03bfkse Autoqefale e Shqip\u00ebris\u00eb\",\"isPartOf\":{\"@id\":\"https:\/\/orthodoxalbania.org\/2020\/#website\"},\"datePublished\":\"2013-03-21T10:04:24+00:00\",\"dateModified\":\"2020-04-06T20:31:59+00:00\",\"breadcrumb\":{\"@id\":\"https:\/\/orthodoxalbania.org\/2020\/2013\/03\/21\/mitropoliti-i-diokleas-kalistos-ware-takohet-me-te-rinjte-e-dioqezes-se-tiranes-2011\/#breadcrumb\"},\"inLanguage\":\"en-US\",\"potentialAction\":[{\"@type\":\"ReadAction\",\"target\":[\"https:\/\/orthodoxalbania.org\/2020\/2013\/03\/21\/mitropoliti-i-diokleas-kalistos-ware-takohet-me-te-rinjte-e-dioqezes-se-tiranes-2011\/\"]}]},{\"@type\":\"BreadcrumbList\",\"@id\":\"https:\/\/orthodoxalbania.org\/2020\/2013\/03\/21\/mitropoliti-i-diokleas-kalistos-ware-takohet-me-te-rinjte-e-dioqezes-se-tiranes-2011\/#breadcrumb\",\"itemListElement\":[{\"@type\":\"ListItem\",\"position\":1,\"name\":\"Home\",\"item\":\"https:\/\/orthodoxalbania.org\/2020\/\"},{\"@type\":\"ListItem\",\"position\":2,\"name\":\"Mitropoliti i Diokleas, Kalistos Ware, takohet me t\u00eb rinjt\u00eb e Dioqez\u00ebs s\u00eb Tiran\u00ebs. (2011)\"}]},{\"@type\":\"WebSite\",\"@id\":\"https:\/\/orthodoxalbania.org\/2020\/#website\",\"url\":\"https:\/\/orthodoxalbania.org\/2020\/\",\"name\":\"Kisha Orthodh\u03bfkse Autoqefale e Shqip\u00ebris\u00eb\",\"description\":\"Fqja Zyrtare e Kish\u00ebs Orthodhokse Autoqefale e Shqip\u00ebris\u00eb me lajmet edhe informacionet zyrtare p\u00ebr struktur\u00ebn edhe veprimtarin e saj.\",\"publisher\":{\"@id\":\"https:\/\/orthodoxalbania.org\/2020\/#organization\"},\"potentialAction\":[{\"@type\":\"SearchAction\",\"target\":{\"@type\":\"EntryPoint\",\"urlTemplate\":\"https:\/\/orthodoxalbania.org\/2020\/?s={search_term_string}\"},\"query-input\":{\"@type\":\"PropertyValueSpecification\",\"valueRequired\":true,\"valueName\":\"search_term_string\"}}],\"inLanguage\":\"en-US\"},{\"@type\":\"Organization\",\"@id\":\"https:\/\/orthodoxalbania.org\/2020\/#organization\",\"name\":\"Kisha Orthodhokse Autoqefale e Shqip\u00ebris\u00eb\",\"url\":\"https:\/\/orthodoxalbania.org\/2020\/\",\"logo\":{\"@type\":\"ImageObject\",\"inLanguage\":\"en-US\",\"@id\":\"https:\/\/orthodoxalbania.org\/2020\/#\/schema\/logo\/image\/\",\"url\":\"https:\/\/orthodoxalbania.org\/2020\/wp-content\/uploads\/2020\/05\/albania.jpeg\",\"contentUrl\":\"https:\/\/orthodoxalbania.org\/2020\/wp-content\/uploads\/2020\/05\/albania.jpeg\",\"width\":540,\"height\":540,\"caption\":\"Kisha Orthodhokse Autoqefale e Shqip\u00ebris\u00eb\"},\"image\":{\"@id\":\"https:\/\/orthodoxalbania.org\/2020\/#\/schema\/logo\/image\/\"},\"sameAs\":[\"https:\/\/www.facebook.com\/koash1991\"]},{\"@type\":\"Person\",\"@id\":\"https:\/\/orthodoxalbania.org\/2020\/#\/schema\/person\/0c387634a7063ac612d7ed9ce71c7e86\",\"name\":\"Kisha Orthodhokse\",\"image\":{\"@type\":\"ImageObject\",\"inLanguage\":\"en-US\",\"@id\":\"https:\/\/secure.gravatar.com\/avatar\/596e7c417251e30f2fbb9c00e026fce61a695a00e51c889caded71c96cbbdde5?s=96&d=mm&r=g\",\"url\":\"https:\/\/secure.gravatar.com\/avatar\/596e7c417251e30f2fbb9c00e026fce61a695a00e51c889caded71c96cbbdde5?s=96&d=mm&r=g\",\"contentUrl\":\"https:\/\/secure.gravatar.com\/avatar\/596e7c417251e30f2fbb9c00e026fce61a695a00e51c889caded71c96cbbdde5?s=96&d=mm&r=g\",\"caption\":\"Kisha Orthodhokse\"}}]}<\/script>\n<!-- \/ Yoast SEO plugin. -->","yoast_head_json":{"title":"Mitropoliti i Diokleas, Kalistos Ware, takohet me t\u00eb rinjt\u00eb e Dioqez\u00ebs s\u00eb Tiran\u00ebs. (2011) - Kisha Orthodh\u03bfkse Autoqefale e Shqip\u00ebris\u00eb","robots":{"index":"index","follow":"follow","max-snippet":"max-snippet:-1","max-image-preview":"max-image-preview:large","max-video-preview":"max-video-preview:-1"},"canonical":"https:\/\/orthodoxalbania.org\/2020\/2013\/03\/21\/mitropoliti-i-diokleas-kalistos-ware-takohet-me-te-rinjte-e-dioqezes-se-tiranes-2011\/","og_locale":"en_US","og_type":"article","og_title":"Mitropoliti i Diokleas, Kalistos Ware, takohet me t\u00eb rinjt\u00eb e Dioqez\u00ebs s\u00eb Tiran\u00ebs. (2011) - Kisha Orthodh\u03bfkse Autoqefale e Shqip\u00ebris\u00eb","og_description":"&nbsp;&nbsp;&nbsp; T\u00eb rinj orthodhoks\u00eb t\u00eb ardhur nga Elbasani, Kavaja, Durr\u00ebsi dhe Tirana, u mblodh\u00ebn n\u00eb dt. 29 shtator n\u00eb qendr\u00ebn shpirt\u00ebrore-arsimore \u201cThavor\u201d, p\u00ebr t\u00eb takuar dhe p\u00ebr t\u00eb ndjekur nga af\u00ebr dy referatet e Mitropolitit t\u00eb Diokleas, nga Britania e Madhe, Hir\u00ebsi Kalistos Ware. Pjes\u00ebmarrja e Hir\u00ebsi Kalistos konsiderohej nj\u00eb bekim i ve\u00e7ant\u00eb n\u00eb Shqip\u00ebri, pasi fjalimet e tij dhe p\u00ebrvoja shpirt\u00ebrore jan\u00eb t\u00eb njohura","og_url":"https:\/\/orthodoxalbania.org\/2020\/2013\/03\/21\/mitropoliti-i-diokleas-kalistos-ware-takohet-me-te-rinjte-e-dioqezes-se-tiranes-2011\/","og_site_name":"Kisha Orthodh\u03bfkse Autoqefale e Shqip\u00ebris\u00eb","article_publisher":"https:\/\/www.facebook.com\/koash1991","article_published_time":"2013-03-21T10:04:24+00:00","article_modified_time":"2020-04-06T20:31:59+00:00","og_image":[{"width":200,"height":172,"url":"https:\/\/orthodoxalbania.org\/2020\/wp-content\/uploads\/2021\/02\/LogoLastALb-200.png","type":"image\/png"}],"author":"Kisha Orthodhokse","twitter_card":"summary_large_image","twitter_misc":{"Written by":"Kisha Orthodhokse","Est. reading time":"2 minutes"},"schema":{"@context":"https:\/\/schema.org","@graph":[{"@type":"Article","@id":"https:\/\/orthodoxalbania.org\/2020\/2013\/03\/21\/mitropoliti-i-diokleas-kalistos-ware-takohet-me-te-rinjte-e-dioqezes-se-tiranes-2011\/#article","isPartOf":{"@id":"https:\/\/orthodoxalbania.org\/2020\/2013\/03\/21\/mitropoliti-i-diokleas-kalistos-ware-takohet-me-te-rinjte-e-dioqezes-se-tiranes-2011\/"},"author":{"name":"Kisha Orthodhokse","@id":"https:\/\/orthodoxalbania.org\/2020\/#\/schema\/person\/0c387634a7063ac612d7ed9ce71c7e86"},"headline":"Mitropoliti i Diokleas, Kalistos Ware, takohet me t\u00eb rinjt\u00eb e Dioqez\u00ebs s\u00eb Tiran\u00ebs. (2011)","datePublished":"2013-03-21T10:04:24+00:00","dateModified":"2020-04-06T20:31:59+00:00","mainEntityOfPage":{"@id":"https:\/\/orthodoxalbania.org\/2020\/2013\/03\/21\/mitropoliti-i-diokleas-kalistos-ware-takohet-me-te-rinjte-e-dioqezes-se-tiranes-2011\/"},"wordCount":318,"commentCount":0,"publisher":{"@id":"https:\/\/orthodoxalbania.org\/2020\/#organization"},"keywords":["2011","Kryepiskopata Tiran\u00eb","lajme","Rinia Orthodhokse"],"articleSection":["Lajme"],"inLanguage":"en-US"},{"@type":"WebPage","@id":"https:\/\/orthodoxalbania.org\/2020\/2013\/03\/21\/mitropoliti-i-diokleas-kalistos-ware-takohet-me-te-rinjte-e-dioqezes-se-tiranes-2011\/","url":"https:\/\/orthodoxalbania.org\/2020\/2013\/03\/21\/mitropoliti-i-diokleas-kalistos-ware-takohet-me-te-rinjte-e-dioqezes-se-tiranes-2011\/","name":"Mitropoliti i Diokleas, Kalistos Ware, takohet me t\u00eb rinjt\u00eb e Dioqez\u00ebs s\u00eb Tiran\u00ebs. (2011) - Kisha Orthodh\u03bfkse Autoqefale e Shqip\u00ebris\u00eb","isPartOf":{"@id":"https:\/\/orthodoxalbania.org\/2020\/#website"},"datePublished":"2013-03-21T10:04:24+00:00","dateModified":"2020-04-06T20:31:59+00:00","breadcrumb":{"@id":"https:\/\/orthodoxalbania.org\/2020\/2013\/03\/21\/mitropoliti-i-diokleas-kalistos-ware-takohet-me-te-rinjte-e-dioqezes-se-tiranes-2011\/#breadcrumb"},"inLanguage":"en-US","potentialAction":[{"@type":"ReadAction","target":["https:\/\/orthodoxalbania.org\/2020\/2013\/03\/21\/mitropoliti-i-diokleas-kalistos-ware-takohet-me-te-rinjte-e-dioqezes-se-tiranes-2011\/"]}]},{"@type":"BreadcrumbList","@id":"https:\/\/orthodoxalbania.org\/2020\/2013\/03\/21\/mitropoliti-i-diokleas-kalistos-ware-takohet-me-te-rinjte-e-dioqezes-se-tiranes-2011\/#breadcrumb","itemListElement":[{"@type":"ListItem","position":1,"name":"Home","item":"https:\/\/orthodoxalbania.org\/2020\/"},{"@type":"ListItem","position":2,"name":"Mitropoliti i Diokleas, Kalistos Ware, takohet me t\u00eb rinjt\u00eb e Dioqez\u00ebs s\u00eb Tiran\u00ebs. (2011)"}]},{"@type":"WebSite","@id":"https:\/\/orthodoxalbania.org\/2020\/#website","url":"https:\/\/orthodoxalbania.org\/2020\/","name":"Kisha Orthodh\u03bfkse Autoqefale e Shqip\u00ebris\u00eb","description":"Fqja Zyrtare e Kish\u00ebs Orthodhokse Autoqefale e Shqip\u00ebris\u00eb me lajmet edhe informacionet zyrtare p\u00ebr struktur\u00ebn edhe veprimtarin e saj.","publisher":{"@id":"https:\/\/orthodoxalbania.org\/2020\/#organization"},"potentialAction":[{"@type":"SearchAction","target":{"@type":"EntryPoint","urlTemplate":"https:\/\/orthodoxalbania.org\/2020\/?s={search_term_string}"},"query-input":{"@type":"PropertyValueSpecification","valueRequired":true,"valueName":"search_term_string"}}],"inLanguage":"en-US"},{"@type":"Organization","@id":"https:\/\/orthodoxalbania.org\/2020\/#organization","name":"Kisha Orthodhokse Autoqefale e Shqip\u00ebris\u00eb","url":"https:\/\/orthodoxalbania.org\/2020\/","logo":{"@type":"ImageObject","inLanguage":"en-US","@id":"https:\/\/orthodoxalbania.org\/2020\/#\/schema\/logo\/image\/","url":"https:\/\/orthodoxalbania.org\/2020\/wp-content\/uploads\/2020\/05\/albania.jpeg","contentUrl":"https:\/\/orthodoxalbania.org\/2020\/wp-content\/uploads\/2020\/05\/albania.jpeg","width":540,"height":540,"caption":"Kisha Orthodhokse Autoqefale e Shqip\u00ebris\u00eb"},"image":{"@id":"https:\/\/orthodoxalbania.org\/2020\/#\/schema\/logo\/image\/"},"sameAs":["https:\/\/www.facebook.com\/koash1991"]},{"@type":"Person","@id":"https:\/\/orthodoxalbania.org\/2020\/#\/schema\/person\/0c387634a7063ac612d7ed9ce71c7e86","name":"Kisha Orthodhokse","image":{"@type":"ImageObject","inLanguage":"en-US","@id":"https:\/\/secure.gravatar.com\/avatar\/596e7c417251e30f2fbb9c00e026fce61a695a00e51c889caded71c96cbbdde5?s=96&d=mm&r=g","url":"https:\/\/secure.gravatar.com\/avatar\/596e7c417251e30f2fbb9c00e026fce61a695a00e51c889caded71c96cbbdde5?s=96&d=mm&r=g","contentUrl":"https:\/\/secure.gravatar.com\/avatar\/596e7c417251e30f2fbb9c00e026fce61a695a00e51c889caded71c96cbbdde5?s=96&d=mm&r=g","caption":"Kisha Orthodhokse"}}]}},"_links":{"self":[{"href":"https:\/\/orthodoxalbania.org\/2020\/wp-json\/wp\/v2\/posts\/958","targetHints":{"allow":["GET"]}}],"collection":[{"href":"https:\/\/orthodoxalbania.org\/2020\/wp-json\/wp\/v2\/posts"}],"about":[{"href":"https:\/\/orthodoxalbania.org\/2020\/wp-json\/wp\/v2\/types\/post"}],"author":[{"embeddable":true,"href":"https:\/\/orthodoxalbania.org\/2020\/wp-json\/wp\/v2\/users\/1"}],"replies":[{"embeddable":true,"href":"https:\/\/orthodoxalbania.org\/2020\/wp-json\/wp\/v2\/comments?post=958"}],"version-history":[{"count":1,"href":"https:\/\/orthodoxalbania.org\/2020\/wp-json\/wp\/v2\/posts\/958\/revisions"}],"predecessor-version":[{"id":15365,"href":"https:\/\/orthodoxalbania.org\/2020\/wp-json\/wp\/v2\/posts\/958\/revisions\/15365"}],"wp:attachment":[{"href":"https:\/\/orthodoxalbania.org\/2020\/wp-json\/wp\/v2\/media?parent=958"}],"wp:term":[{"taxonomy":"category","embeddable":true,"href":"https:\/\/orthodoxalbania.org\/2020\/wp-json\/wp\/v2\/categories?post=958"},{"taxonomy":"post_tag","embeddable":true,"href":"https:\/\/orthodoxalbania.org\/2020\/wp-json\/wp\/v2\/tags?post=958"}],"curies":[{"name":"wp","href":"https:\/\/api.w.org\/{rel}","templated":true}]}}