{"id":957,"date":"2013-03-21T09:14:35","date_gmt":"2013-03-21T09:14:35","guid":{"rendered":""},"modified":"2020-04-06T22:32:10","modified_gmt":"2020-04-06T20:32:10","slug":"mitropoliti-i-beratit-merr-titullin-qytetar-nderi-i-selenices","status":"publish","type":"post","link":"https:\/\/orthodoxalbania.org\/2020\/2013\/03\/21\/mitropoliti-i-beratit-merr-titullin-qytetar-nderi-i-selenices\/","title":{"rendered":"Mitropoliti i Beratit merr titullin \u201cQytetar nderi\u201d i Selenic\u00ebs. (24 Shkurt 2011)"},"content":{"rendered":"<div class=\"style10\" style=\"text-align: justify;\">\n\t<span style=\"color:#000000;\"><span style=\"font-family: tahoma,geneva,sans-serif;\"><span style=\"font-size: 12px;\"><img decoding=\"async\" class=\"lazyload HAa Eha\" src=\"data:image\/gif;base64,R0lGODlhAQABAAAAACH5BAEKAAEALAAAAAABAAEAAAICTAEAOw==\" data-orig-src=\"https:\/\/lh6.googleusercontent.com\/-jPhI1URqkC8\/VABP76tZubI\/AAAAAAAACAM\/llcKhXgizzo\/w800-h600-no\/100_9164.jpg\" style=\"height: 203px; width: 270px; border-width: 1px; border-style: solid; margin: 10px; float: left;\" \/> &nbsp; &nbsp; Pas vendimit t\u00eb marr\u00eb me votim unanim t\u00eb K\u00ebshillit t\u00eb Bashkis\u00eb Selenic\u00eb, me propozim t\u00eb m\u00eb shum\u00eb se 200 qytetar\u00ebve, Hir\u00ebsia e Tij, Ignati, Mitropolit i Beratit, Vlor\u00ebs, Kanin\u00ebs dhe i gjith\u00eb Myzeqes\u00eb \u00ebsht\u00eb shpallur \u201cQytetar Nderi\u201d i Selenic\u00ebs. Dor\u00ebzimi i titullit u b\u00eb n\u00eb kish\u00ebn e Sh\u00ebn Athanasit &#8211; Selenic\u00eb, dit\u00ebn e enjte m\u00eb dat\u00eb 24 Shkurt 2011 n\u00eb or\u00ebn 10.00. N\u00eb hyrjen e kish\u00ebs t\u00eb mbushur me qytetar\u00eb dhe besimtar\u00eb, Mitropoliti u prit nga kleriku i kish\u00ebs At\u00eb Spiro Bulika, Kryetari i Bashkis\u00eb s\u00eb Selenic\u00ebs z. Ilia Seferi, Kryetari i Komun\u00ebs Armen z. Kliton Haxhiraj dhe nga Kryetari i K\u00ebshillit t\u00eb Bashkis\u00eb z. Ilia Bombaj. <\/span><\/span><\/span><\/div>\n<div class=\"style10\" style=\"text-align: justify;\">\n\t&nbsp;<\/div>\n<div class=\"style10\" style=\"text-align: justify;\">\n\t<span style=\"color:#000000;\"><span style=\"font-family: tahoma,geneva,sans-serif;\"><span style=\"font-size: 12px;\"><img decoding=\"async\" class=\"lazyload HAa Eha\" src=\"data:image\/gif;base64,R0lGODlhAQABAAAAACH5BAEKAAEALAAAAAABAAEAAAICTAEAOw==\" data-orig-src=\"https:\/\/lh4.googleusercontent.com\/-jF60WG0h708\/VABP76qvefI\/AAAAAAAACAI\/jeM7tuIm8-k\/w800-h600-no\/100_9167.jpg\" style=\"height: 128px; width: 170px; border-width: 1px; border-style: solid; margin: 10px; float: right;\" \/><\/span><\/span><\/span><\/div>\n<div class=\"style10\" style=\"text-align: justify;\">\n\t<span style=\"color:#000000;\"><span style=\"font-family: tahoma,geneva,sans-serif;\"><span style=\"font-size: 12px;\">&nbsp;&nbsp;&nbsp; Pas Dhoksologjis\u00eb s\u00eb kryer me k\u00ebt\u00eb rast \u00ebsht\u00eb ekzekutuar Hymni Komb\u00ebtar dhe m\u00eb pas e ka marr\u00eb fjal\u00ebn At\u00eb Spiro Bulika q\u00eb ju ka uruar mir\u00ebseardhjen t\u00eb pranishm\u00ebve. Kryetari i K\u00ebshillit t\u00eb Bashkis\u00eb ka lexuar vendimin e K\u00ebshillit p\u00ebr t\u00eb shpallur Qytetar Nderi Mitropolitin e Beratit dhe n\u00eb p\u00ebrfundim ai ka ftuar Kryetarin e Bashkis\u00eb q\u00eb n\u00eb em\u00ebr t\u00eb K\u00ebshillit, por edhe t\u00eb gjith\u00eb qytetar\u00ebve t\u00eb Selenic\u00ebs t\u2019i dorezonte titullin Hir\u00ebsis\u00eb. Kryetari i Bashkis\u00eb, pasi i dor\u00ebzoi titullin iu drejtua Mitropolitit duke th\u00ebn\u00eb se: &#8211; \u201cJo vet\u00ebm un\u00eb, por edhe t\u00eb gjith\u00eb qytetar\u00ebt e Selenic\u00ebs, ndjehemi t\u00eb lumtur q\u00eb ju tani jeni nj\u00eb nga ne. Jeni jo thjesht qytetar i Selenic\u00ebs por m\u00eb tep\u00ebr, jeni qytetar nderi i k\u00ebtij qyteti\u201d.M\u00eb pas \u00ebsht\u00eb lexuar nga At\u00eb Kristaq Subashi nj\u00eb p\u00ebrmbledhje e veprimtarive t\u00eb Mitropolitit, duke theksuar kontributin q\u00eb ai ka dh\u00ebn\u00eb dhe jep p\u00ebr forcimin e bashk\u00ebjetes\u00ebs midis komuniteteve fetare.T\u00eb pranishmit i p\u00ebrsh\u00ebndeti edhe Mitropoliti, duke ju shprehur falenderimet m\u00eb t\u00eb p\u00ebrzem\u00ebrta p\u00ebr nderin q\u00eb po i b\u00ebhej.<\/span><\/span><\/span><\/div>\n<div class=\"style10\" style=\"text-align: justify;\">\n\t&nbsp;<\/div>\n<div class=\"style10\" style=\"text-align: justify;\">\n\t<span style=\"color:#000000;\"><span style=\"font-family: tahoma,geneva,sans-serif;\"><span style=\"font-size: 12px;\"><strong>&nbsp;&nbsp;&nbsp; Fjala e Imzot Ignatit<\/strong><\/span><\/span><\/span><\/div>\n<div class=\"style10\" style=\"text-align: justify;\">\n\t&nbsp;<\/div>\n<div class=\"style10\" style=\"text-align: justify;\">\n\t<span style=\"color:#000000;\"><span style=\"font-family: tahoma,geneva,sans-serif;\"><span style=\"font-size: 12px;\">&nbsp;&nbsp;&nbsp; I nderuar z. Ilia, Kryetar i Bashkis\u00eb.<\/span><\/span><\/span><\/div>\n<div class=\"style10\" style=\"text-align: justify;\">\n\t&nbsp;<\/div>\n<div class=\"style10\" style=\"text-align: justify;\">\n\t<span style=\"color:#000000;\"><span style=\"font-family: tahoma,geneva,sans-serif;\"><span style=\"font-size: 12px;\">&nbsp;&nbsp;&nbsp; I nderuar z. Ilia, Kryetar i K\u00ebshillit Bashkiak t\u00eb Selenic\u00ebs.<\/span><\/span><\/span><\/div>\n<div class=\"style10\" style=\"text-align: justify;\">\n\t&nbsp;<\/div>\n<div class=\"style10\" style=\"text-align: justify;\">\n\t<span style=\"color:#000000;\"><span style=\"font-family: tahoma,geneva,sans-serif;\"><span style=\"font-size: 12px;\">&nbsp;&nbsp;&nbsp; Shum\u00eb t\u00eb respektuar klerik\u00eb dhe laik\u00eb t\u00eb pranish\u00ebm n\u00eb k\u00ebt\u00eb ceremoni solemne. Jam shum\u00eb i prekur nga d\u00ebshira Juaj e pakusht\u00ebzuar dhe e sinqert\u00eb p\u00ebr nderin e lart\u00eb q\u00eb po m\u00eb b\u00ebni, duke m\u00eb akorduar titullin \u201cQytetar Nderi\u201d i Selenic\u00ebs, i k\u00ebtij qyteti me vlera t\u00eb shumanshme. Me k\u00ebt\u00eb rast, shpreh konsideratat e mia t\u00eb \u00e7ilt\u00ebrta p\u00ebr virtytet e pamohueshme t\u00eb t\u00eb gjith\u00eb qytetar\u00ebve t\u00eb k\u00ebtij komuniteti. Disa her\u00eb e kam vizituar k\u00ebt\u00eb zon\u00eb dhe qysh n\u00eb fillim kam konstatuar me k\u00ebnaq\u00ebsi t\u00eb ve\u00e7ant\u00eb gatishm\u00ebrin\u00eb Tuaj p\u00ebr t\u00eb qen\u00eb sa m\u00eb af\u00ebr Kish\u00ebs dhe problemeve t\u00eb ndryshme t\u00eb saj. Kam ndier vazhdimisht p\u00ebrkrahjen e sinqert\u00eb t\u00eb <img decoding=\"async\" class=\"lazyload HAa Eha\" src=\"data:image\/gif;base64,R0lGODlhAQABAAAAACH5BAEKAAEALAAAAAABAAEAAAICTAEAOw==\" data-orig-src=\"https:\/\/lh4.googleusercontent.com\/-qwKn2gYd7Ks\/VABP724f-bI\/AAAAAAAACAA\/Lm7vSKG9y8g\/w800-h600-no\/100_9174.jpg\" style=\"height: 199px; width: 265px; border-width: 1px; border-style: solid; margin: 10px; float: left;\" \/>famulltarit t\u00eb k\u00ebsaj kishe, atit Spiro Bulika, i cili b\u00ebn p\u00ebrpjekje t\u00eb gjithanshme p\u00ebr t\u00eb kryer misionin e tij shpirt\u00ebror, pa iu shmangur p\u00ebr asnj\u00eb \u00e7ast v\u00ebshtir\u00ebsive t\u00eb ndryshme, por me vullnet, me p\u00ebrkushtim dhe me sakrifica ka zbatuar dhe zbaton me p\u00ebrpikm\u00ebri detyrat e ngarkuara nga Mitropolia dhe K\u00ebshilli Kishtar. \u00cbsht\u00eb sjellja e tij e hirshme, q\u00eb ka ndikuar dhe ndikon n\u00eb bashk\u00ebpunimin dhe mir\u00ebkuptimin me t\u00eb gjith\u00eb banor\u00ebt e k\u00ebsaj treve p\u00ebr t\u00eb kontribuar pozitivisht n\u00eb mbar\u00ebvajtjen dhe n\u00eb zgjidhjen sa m\u00eb mir\u00eb t\u00eb \u00e7\u00ebshtjeve t\u00eb ndryshme fetare, shoq\u00ebrore dhe kulturore q\u00eb i p\u00ebrkasin k\u00ebsaj bashk\u00ebsie qytetare. Kam v\u00ebn\u00eb re me k\u00ebnaq\u00ebsi se qytetar\u00ebt tuaj t\u00eb respektuar shprehin vullnetin e lirsh\u00ebm p\u00ebr t\u00eb bashk\u00ebpunuar n\u00eb nismat konkrete p\u00ebr p\u00ebrmir\u00ebsimin dhe zhvillimin e pand\u00ebrprer\u00eb t\u00eb jet\u00ebs suaj kishtare, qytetare, arsimore dhe kulturore. T\u00eb gjitha k\u00ebto na japin forca edhe m\u00eb t\u00eb m\u00ebdha dhe na nxisin edhe m\u00eb tej p\u00ebr t\u00eb mb\u00ebshtetur fuqimisht nj\u00ebri-tjetrin gjat\u00eb rrug\u00ebtimit ton\u00eb t\u00eb p\u00ebrbashk\u00ebt.Ju siguroj se tek ne do t\u00eb gjeni gjithmon\u00eb p\u00ebrkrahjen pa rezerva, ashtu si\u00e7 edhe ne gjejm\u00eb te Ju mb\u00ebshtetjen pa interesa, p\u00ebr t\u00eb mir\u00ebn ton\u00eb t\u00eb p\u00ebrbashk\u00ebt. E quaj m\u00ebse t\u00eb arsyeshme t\u2019Ju shpreh fal\u00ebnderimet e mia m\u00eb t\u00eb sinqerta p\u00ebr k\u00ebt\u00eb vler\u00ebsim t\u00eb ve\u00e7ant\u00eb q\u00eb po i b\u00ebni presonit tim dhe, n\u00eb t\u00eb nj\u00ebjt\u00ebn koh\u00eb, t\u2019Ju premtoj solemnisht se do t\u00eb punoj me hirin e Per\u00ebndis\u00eb p\u00ebr t\u2019i forcuar edhe m\u00eb tej lidhjet tona t\u00eb nd\u00ebrsjellta.<\/span><\/span><\/span><\/div>\n<div class=\"style10\" style=\"text-align: justify;\">\n\t&nbsp;<\/div>\n<div class=\"style10\" style=\"text-align: justify;\">\n\t<span style=\"color:#000000;\"><span style=\"font-family: tahoma,geneva,sans-serif;\"><span style=\"font-size: 12px;\">&nbsp;&nbsp;&nbsp; Ju fal\u00ebnderoj edhe nj\u00eb her\u00eb me gjith\u00eb zem\u00ebr!<\/span><\/span><\/span><\/div>\n<div class=\"style10\" style=\"text-align: justify;\">\n\t&nbsp;<\/div>\n<div style=\"text-align: right;\">\n\t<span style=\"color:#000000;\"><span style=\"font-family: tahoma,geneva,sans-serif;\"><span style=\"font-size: 12px;\"><span class=\"style10\">&nbsp;<br \/>\n\t<strong>P\u00ebrgatiti: Ilia Bulika<\/strong><\/span><\/span><\/span><\/span><\/div>\n","protected":false},"excerpt":{"rendered":"<p>&nbsp; &nbsp; Pas vendimit t\u00eb marr\u00eb me votim unanim t\u00eb K\u00ebshillit t\u00eb Bashkis\u00eb Selenic\u00eb, me propozim t\u00eb m\u00eb shum\u00eb se 200 qytetar\u00ebve, Hir\u00ebsia e Tij, Ignati, Mitropolit i Beratit, Vlor\u00ebs, Kanin\u00ebs dhe i gjith\u00eb Myzeqes\u00eb \u00ebsht\u00eb shpallur \u201cQytetar Nderi\u201d i Selenic\u00ebs. Dor\u00ebzimi i titullit u b\u00eb n\u00eb kish\u00ebn e Sh\u00ebn Athanasit &#8211; Selenic\u00eb, dit\u00ebn e enjte m\u00eb dat\u00eb 24 Shkurt 2011 n\u00eb or\u00ebn 10.00. N\u00eb<\/p>\n","protected":false},"author":1,"featured_media":0,"comment_status":"open","ping_status":"open","sticky":false,"template":"","format":"standard","meta":{"_acf_changed":false,"pagelayer_contact_templates":[],"_pagelayer_content":"","inline_featured_image":false,"fifu_image_url":"","fifu_image_alt":"","footnotes":""},"categories":[108],"tags":[143,153,212,197],"class_list":["post-957","post","type-post","status-publish","format-standard","hentry","category-lajme","tag-143","tag-deklarata-njoftime-zyrtare-d75","tag-lajme-d27","tag-berat"],"acf":[],"yoast_head":"<!-- This site is optimized with the Yoast SEO plugin v27.2 - https:\/\/yoast.com\/product\/yoast-seo-wordpress\/ -->\n<title>Mitropoliti i Beratit merr titullin \u201cQytetar nderi\u201d i Selenic\u00ebs. (24 Shkurt 2011) - Kisha Orthodh\u03bfkse Autoqefale e Shqip\u00ebris\u00eb<\/title>\n<meta name=\"robots\" content=\"index, follow, max-snippet:-1, max-image-preview:large, max-video-preview:-1\" \/>\n<link rel=\"canonical\" href=\"https:\/\/orthodoxalbania.org\/2020\/2013\/03\/21\/mitropoliti-i-beratit-merr-titullin-qytetar-nderi-i-selenices\/\" \/>\n<meta property=\"og:locale\" content=\"en_US\" \/>\n<meta property=\"og:type\" content=\"article\" \/>\n<meta property=\"og:title\" content=\"Mitropoliti i Beratit merr titullin \u201cQytetar nderi\u201d i Selenic\u00ebs. (24 Shkurt 2011) - Kisha Orthodh\u03bfkse Autoqefale e Shqip\u00ebris\u00eb\" \/>\n<meta property=\"og:description\" content=\"&nbsp; &nbsp; Pas vendimit t\u00eb marr\u00eb me votim unanim t\u00eb K\u00ebshillit t\u00eb Bashkis\u00eb Selenic\u00eb, me propozim t\u00eb m\u00eb shum\u00eb se 200 qytetar\u00ebve, Hir\u00ebsia e Tij, Ignati, Mitropolit i Beratit, Vlor\u00ebs, Kanin\u00ebs dhe i gjith\u00eb Myzeqes\u00eb \u00ebsht\u00eb shpallur \u201cQytetar Nderi\u201d i Selenic\u00ebs. Dor\u00ebzimi i titullit u b\u00eb n\u00eb kish\u00ebn e Sh\u00ebn Athanasit &#8211; Selenic\u00eb, dit\u00ebn e enjte m\u00eb dat\u00eb 24 Shkurt 2011 n\u00eb or\u00ebn 10.00. N\u00eb\" \/>\n<meta property=\"og:url\" content=\"https:\/\/orthodoxalbania.org\/2020\/2013\/03\/21\/mitropoliti-i-beratit-merr-titullin-qytetar-nderi-i-selenices\/\" \/>\n<meta property=\"og:site_name\" content=\"Kisha Orthodh\u03bfkse Autoqefale e Shqip\u00ebris\u00eb\" \/>\n<meta property=\"article:publisher\" content=\"https:\/\/www.facebook.com\/koash1991\" \/>\n<meta property=\"article:published_time\" content=\"2013-03-21T09:14:35+00:00\" \/>\n<meta property=\"article:modified_time\" content=\"2020-04-06T20:32:10+00:00\" \/>\n<meta property=\"og:image\" content=\"https:\/\/lh6.googleusercontent.com\/-jPhI1URqkC8\/VABP76tZubI\/AAAAAAAACAM\/llcKhXgizzo\/w800-h600-no\/100_9164.jpg\" \/>\n<meta name=\"author\" content=\"Kisha Orthodhokse\" \/>\n<meta name=\"twitter:card\" content=\"summary_large_image\" \/>\n<meta name=\"twitter:label1\" content=\"Written by\" \/>\n\t<meta name=\"twitter:data1\" content=\"Kisha Orthodhokse\" \/>\n\t<meta name=\"twitter:label2\" content=\"Est. reading time\" \/>\n\t<meta name=\"twitter:data2\" content=\"4 minutes\" \/>\n<script type=\"application\/ld+json\" class=\"yoast-schema-graph\">{\"@context\":\"https:\/\/schema.org\",\"@graph\":[{\"@type\":\"Article\",\"@id\":\"https:\/\/orthodoxalbania.org\/2020\/2013\/03\/21\/mitropoliti-i-beratit-merr-titullin-qytetar-nderi-i-selenices\/#article\",\"isPartOf\":{\"@id\":\"https:\/\/orthodoxalbania.org\/2020\/2013\/03\/21\/mitropoliti-i-beratit-merr-titullin-qytetar-nderi-i-selenices\/\"},\"author\":{\"name\":\"Kisha Orthodhokse\",\"@id\":\"https:\/\/orthodoxalbania.org\/2020\/#\/schema\/person\/0c387634a7063ac612d7ed9ce71c7e86\"},\"headline\":\"Mitropoliti i Beratit merr titullin \u201cQytetar nderi\u201d i Selenic\u00ebs. (24 Shkurt 2011)\",\"datePublished\":\"2013-03-21T09:14:35+00:00\",\"dateModified\":\"2020-04-06T20:32:10+00:00\",\"mainEntityOfPage\":{\"@id\":\"https:\/\/orthodoxalbania.org\/2020\/2013\/03\/21\/mitropoliti-i-beratit-merr-titullin-qytetar-nderi-i-selenices\/\"},\"wordCount\":826,\"commentCount\":0,\"publisher\":{\"@id\":\"https:\/\/orthodoxalbania.org\/2020\/#organization\"},\"image\":{\"@id\":\"https:\/\/orthodoxalbania.org\/2020\/2013\/03\/21\/mitropoliti-i-beratit-merr-titullin-qytetar-nderi-i-selenices\/#primaryimage\"},\"thumbnailUrl\":\"https:\/\/lh6.googleusercontent.com\/-jPhI1URqkC8\/VABP76tZubI\/AAAAAAAACAM\/llcKhXgizzo\/w800-h600-no\/100_9164.jpg\",\"keywords\":[\"2011\",\"Deklarata - Njoftime Zyrtare\",\"lajme\",\"Mitropolia Berat\"],\"articleSection\":[\"Lajme\"],\"inLanguage\":\"en-US\"},{\"@type\":\"WebPage\",\"@id\":\"https:\/\/orthodoxalbania.org\/2020\/2013\/03\/21\/mitropoliti-i-beratit-merr-titullin-qytetar-nderi-i-selenices\/\",\"url\":\"https:\/\/orthodoxalbania.org\/2020\/2013\/03\/21\/mitropoliti-i-beratit-merr-titullin-qytetar-nderi-i-selenices\/\",\"name\":\"Mitropoliti i Beratit merr titullin \u201cQytetar nderi\u201d i Selenic\u00ebs. (24 Shkurt 2011) - Kisha Orthodh\u03bfkse Autoqefale e Shqip\u00ebris\u00eb\",\"isPartOf\":{\"@id\":\"https:\/\/orthodoxalbania.org\/2020\/#website\"},\"primaryImageOfPage\":{\"@id\":\"https:\/\/orthodoxalbania.org\/2020\/2013\/03\/21\/mitropoliti-i-beratit-merr-titullin-qytetar-nderi-i-selenices\/#primaryimage\"},\"image\":{\"@id\":\"https:\/\/orthodoxalbania.org\/2020\/2013\/03\/21\/mitropoliti-i-beratit-merr-titullin-qytetar-nderi-i-selenices\/#primaryimage\"},\"thumbnailUrl\":\"https:\/\/lh6.googleusercontent.com\/-jPhI1URqkC8\/VABP76tZubI\/AAAAAAAACAM\/llcKhXgizzo\/w800-h600-no\/100_9164.jpg\",\"datePublished\":\"2013-03-21T09:14:35+00:00\",\"dateModified\":\"2020-04-06T20:32:10+00:00\",\"breadcrumb\":{\"@id\":\"https:\/\/orthodoxalbania.org\/2020\/2013\/03\/21\/mitropoliti-i-beratit-merr-titullin-qytetar-nderi-i-selenices\/#breadcrumb\"},\"inLanguage\":\"en-US\",\"potentialAction\":[{\"@type\":\"ReadAction\",\"target\":[\"https:\/\/orthodoxalbania.org\/2020\/2013\/03\/21\/mitropoliti-i-beratit-merr-titullin-qytetar-nderi-i-selenices\/\"]}]},{\"@type\":\"ImageObject\",\"inLanguage\":\"en-US\",\"@id\":\"https:\/\/orthodoxalbania.org\/2020\/2013\/03\/21\/mitropoliti-i-beratit-merr-titullin-qytetar-nderi-i-selenices\/#primaryimage\",\"url\":\"https:\/\/lh6.googleusercontent.com\/-jPhI1URqkC8\/VABP76tZubI\/AAAAAAAACAM\/llcKhXgizzo\/w800-h600-no\/100_9164.jpg\",\"contentUrl\":\"https:\/\/lh6.googleusercontent.com\/-jPhI1URqkC8\/VABP76tZubI\/AAAAAAAACAM\/llcKhXgizzo\/w800-h600-no\/100_9164.jpg\"},{\"@type\":\"BreadcrumbList\",\"@id\":\"https:\/\/orthodoxalbania.org\/2020\/2013\/03\/21\/mitropoliti-i-beratit-merr-titullin-qytetar-nderi-i-selenices\/#breadcrumb\",\"itemListElement\":[{\"@type\":\"ListItem\",\"position\":1,\"name\":\"Home\",\"item\":\"https:\/\/orthodoxalbania.org\/2020\/\"},{\"@type\":\"ListItem\",\"position\":2,\"name\":\"Mitropoliti i Beratit merr titullin \u201cQytetar nderi\u201d i Selenic\u00ebs. (24 Shkurt 2011)\"}]},{\"@type\":\"WebSite\",\"@id\":\"https:\/\/orthodoxalbania.org\/2020\/#website\",\"url\":\"https:\/\/orthodoxalbania.org\/2020\/\",\"name\":\"Kisha Orthodh\u03bfkse Autoqefale e Shqip\u00ebris\u00eb\",\"description\":\"Fqja Zyrtare e Kish\u00ebs Orthodhokse Autoqefale e Shqip\u00ebris\u00eb me lajmet edhe informacionet zyrtare p\u00ebr struktur\u00ebn edhe veprimtarin e saj.\",\"publisher\":{\"@id\":\"https:\/\/orthodoxalbania.org\/2020\/#organization\"},\"potentialAction\":[{\"@type\":\"SearchAction\",\"target\":{\"@type\":\"EntryPoint\",\"urlTemplate\":\"https:\/\/orthodoxalbania.org\/2020\/?s={search_term_string}\"},\"query-input\":{\"@type\":\"PropertyValueSpecification\",\"valueRequired\":true,\"valueName\":\"search_term_string\"}}],\"inLanguage\":\"en-US\"},{\"@type\":\"Organization\",\"@id\":\"https:\/\/orthodoxalbania.org\/2020\/#organization\",\"name\":\"Kisha Orthodhokse Autoqefale e Shqip\u00ebris\u00eb\",\"url\":\"https:\/\/orthodoxalbania.org\/2020\/\",\"logo\":{\"@type\":\"ImageObject\",\"inLanguage\":\"en-US\",\"@id\":\"https:\/\/orthodoxalbania.org\/2020\/#\/schema\/logo\/image\/\",\"url\":\"https:\/\/orthodoxalbania.org\/2020\/wp-content\/uploads\/2020\/05\/albania.jpeg\",\"contentUrl\":\"https:\/\/orthodoxalbania.org\/2020\/wp-content\/uploads\/2020\/05\/albania.jpeg\",\"width\":540,\"height\":540,\"caption\":\"Kisha Orthodhokse Autoqefale e Shqip\u00ebris\u00eb\"},\"image\":{\"@id\":\"https:\/\/orthodoxalbania.org\/2020\/#\/schema\/logo\/image\/\"},\"sameAs\":[\"https:\/\/www.facebook.com\/koash1991\"]},{\"@type\":\"Person\",\"@id\":\"https:\/\/orthodoxalbania.org\/2020\/#\/schema\/person\/0c387634a7063ac612d7ed9ce71c7e86\",\"name\":\"Kisha Orthodhokse\",\"image\":{\"@type\":\"ImageObject\",\"inLanguage\":\"en-US\",\"@id\":\"https:\/\/secure.gravatar.com\/avatar\/596e7c417251e30f2fbb9c00e026fce61a695a00e51c889caded71c96cbbdde5?s=96&d=mm&r=g\",\"url\":\"https:\/\/secure.gravatar.com\/avatar\/596e7c417251e30f2fbb9c00e026fce61a695a00e51c889caded71c96cbbdde5?s=96&d=mm&r=g\",\"contentUrl\":\"https:\/\/secure.gravatar.com\/avatar\/596e7c417251e30f2fbb9c00e026fce61a695a00e51c889caded71c96cbbdde5?s=96&d=mm&r=g\",\"caption\":\"Kisha Orthodhokse\"}}]}<\/script>\n<!-- \/ Yoast SEO plugin. -->","yoast_head_json":{"title":"Mitropoliti i Beratit merr titullin \u201cQytetar nderi\u201d i Selenic\u00ebs. (24 Shkurt 2011) - Kisha Orthodh\u03bfkse Autoqefale e Shqip\u00ebris\u00eb","robots":{"index":"index","follow":"follow","max-snippet":"max-snippet:-1","max-image-preview":"max-image-preview:large","max-video-preview":"max-video-preview:-1"},"canonical":"https:\/\/orthodoxalbania.org\/2020\/2013\/03\/21\/mitropoliti-i-beratit-merr-titullin-qytetar-nderi-i-selenices\/","og_locale":"en_US","og_type":"article","og_title":"Mitropoliti i Beratit merr titullin \u201cQytetar nderi\u201d i Selenic\u00ebs. (24 Shkurt 2011) - Kisha Orthodh\u03bfkse Autoqefale e Shqip\u00ebris\u00eb","og_description":"&nbsp; &nbsp; Pas vendimit t\u00eb marr\u00eb me votim unanim t\u00eb K\u00ebshillit t\u00eb Bashkis\u00eb Selenic\u00eb, me propozim t\u00eb m\u00eb shum\u00eb se 200 qytetar\u00ebve, Hir\u00ebsia e Tij, Ignati, Mitropolit i Beratit, Vlor\u00ebs, Kanin\u00ebs dhe i gjith\u00eb Myzeqes\u00eb \u00ebsht\u00eb shpallur \u201cQytetar Nderi\u201d i Selenic\u00ebs. Dor\u00ebzimi i titullit u b\u00eb n\u00eb kish\u00ebn e Sh\u00ebn Athanasit &#8211; Selenic\u00eb, dit\u00ebn e enjte m\u00eb dat\u00eb 24 Shkurt 2011 n\u00eb or\u00ebn 10.00. N\u00eb","og_url":"https:\/\/orthodoxalbania.org\/2020\/2013\/03\/21\/mitropoliti-i-beratit-merr-titullin-qytetar-nderi-i-selenices\/","og_site_name":"Kisha Orthodh\u03bfkse Autoqefale e Shqip\u00ebris\u00eb","article_publisher":"https:\/\/www.facebook.com\/koash1991","article_published_time":"2013-03-21T09:14:35+00:00","article_modified_time":"2020-04-06T20:32:10+00:00","og_image":[{"url":"https:\/\/lh6.googleusercontent.com\/-jPhI1URqkC8\/VABP76tZubI\/AAAAAAAACAM\/llcKhXgizzo\/w800-h600-no\/100_9164.jpg","type":"","width":"","height":""}],"author":"Kisha Orthodhokse","twitter_card":"summary_large_image","twitter_misc":{"Written by":"Kisha Orthodhokse","Est. reading time":"4 minutes"},"schema":{"@context":"https:\/\/schema.org","@graph":[{"@type":"Article","@id":"https:\/\/orthodoxalbania.org\/2020\/2013\/03\/21\/mitropoliti-i-beratit-merr-titullin-qytetar-nderi-i-selenices\/#article","isPartOf":{"@id":"https:\/\/orthodoxalbania.org\/2020\/2013\/03\/21\/mitropoliti-i-beratit-merr-titullin-qytetar-nderi-i-selenices\/"},"author":{"name":"Kisha Orthodhokse","@id":"https:\/\/orthodoxalbania.org\/2020\/#\/schema\/person\/0c387634a7063ac612d7ed9ce71c7e86"},"headline":"Mitropoliti i Beratit merr titullin \u201cQytetar nderi\u201d i Selenic\u00ebs. (24 Shkurt 2011)","datePublished":"2013-03-21T09:14:35+00:00","dateModified":"2020-04-06T20:32:10+00:00","mainEntityOfPage":{"@id":"https:\/\/orthodoxalbania.org\/2020\/2013\/03\/21\/mitropoliti-i-beratit-merr-titullin-qytetar-nderi-i-selenices\/"},"wordCount":826,"commentCount":0,"publisher":{"@id":"https:\/\/orthodoxalbania.org\/2020\/#organization"},"image":{"@id":"https:\/\/orthodoxalbania.org\/2020\/2013\/03\/21\/mitropoliti-i-beratit-merr-titullin-qytetar-nderi-i-selenices\/#primaryimage"},"thumbnailUrl":"https:\/\/lh6.googleusercontent.com\/-jPhI1URqkC8\/VABP76tZubI\/AAAAAAAACAM\/llcKhXgizzo\/w800-h600-no\/100_9164.jpg","keywords":["2011","Deklarata - Njoftime Zyrtare","lajme","Mitropolia Berat"],"articleSection":["Lajme"],"inLanguage":"en-US"},{"@type":"WebPage","@id":"https:\/\/orthodoxalbania.org\/2020\/2013\/03\/21\/mitropoliti-i-beratit-merr-titullin-qytetar-nderi-i-selenices\/","url":"https:\/\/orthodoxalbania.org\/2020\/2013\/03\/21\/mitropoliti-i-beratit-merr-titullin-qytetar-nderi-i-selenices\/","name":"Mitropoliti i Beratit merr titullin \u201cQytetar nderi\u201d i Selenic\u00ebs. (24 Shkurt 2011) - Kisha Orthodh\u03bfkse Autoqefale e Shqip\u00ebris\u00eb","isPartOf":{"@id":"https:\/\/orthodoxalbania.org\/2020\/#website"},"primaryImageOfPage":{"@id":"https:\/\/orthodoxalbania.org\/2020\/2013\/03\/21\/mitropoliti-i-beratit-merr-titullin-qytetar-nderi-i-selenices\/#primaryimage"},"image":{"@id":"https:\/\/orthodoxalbania.org\/2020\/2013\/03\/21\/mitropoliti-i-beratit-merr-titullin-qytetar-nderi-i-selenices\/#primaryimage"},"thumbnailUrl":"https:\/\/lh6.googleusercontent.com\/-jPhI1URqkC8\/VABP76tZubI\/AAAAAAAACAM\/llcKhXgizzo\/w800-h600-no\/100_9164.jpg","datePublished":"2013-03-21T09:14:35+00:00","dateModified":"2020-04-06T20:32:10+00:00","breadcrumb":{"@id":"https:\/\/orthodoxalbania.org\/2020\/2013\/03\/21\/mitropoliti-i-beratit-merr-titullin-qytetar-nderi-i-selenices\/#breadcrumb"},"inLanguage":"en-US","potentialAction":[{"@type":"ReadAction","target":["https:\/\/orthodoxalbania.org\/2020\/2013\/03\/21\/mitropoliti-i-beratit-merr-titullin-qytetar-nderi-i-selenices\/"]}]},{"@type":"ImageObject","inLanguage":"en-US","@id":"https:\/\/orthodoxalbania.org\/2020\/2013\/03\/21\/mitropoliti-i-beratit-merr-titullin-qytetar-nderi-i-selenices\/#primaryimage","url":"https:\/\/lh6.googleusercontent.com\/-jPhI1URqkC8\/VABP76tZubI\/AAAAAAAACAM\/llcKhXgizzo\/w800-h600-no\/100_9164.jpg","contentUrl":"https:\/\/lh6.googleusercontent.com\/-jPhI1URqkC8\/VABP76tZubI\/AAAAAAAACAM\/llcKhXgizzo\/w800-h600-no\/100_9164.jpg"},{"@type":"BreadcrumbList","@id":"https:\/\/orthodoxalbania.org\/2020\/2013\/03\/21\/mitropoliti-i-beratit-merr-titullin-qytetar-nderi-i-selenices\/#breadcrumb","itemListElement":[{"@type":"ListItem","position":1,"name":"Home","item":"https:\/\/orthodoxalbania.org\/2020\/"},{"@type":"ListItem","position":2,"name":"Mitropoliti i Beratit merr titullin \u201cQytetar nderi\u201d i Selenic\u00ebs. (24 Shkurt 2011)"}]},{"@type":"WebSite","@id":"https:\/\/orthodoxalbania.org\/2020\/#website","url":"https:\/\/orthodoxalbania.org\/2020\/","name":"Kisha Orthodh\u03bfkse Autoqefale e Shqip\u00ebris\u00eb","description":"Fqja Zyrtare e Kish\u00ebs Orthodhokse Autoqefale e Shqip\u00ebris\u00eb me lajmet edhe informacionet zyrtare p\u00ebr struktur\u00ebn edhe veprimtarin e saj.","publisher":{"@id":"https:\/\/orthodoxalbania.org\/2020\/#organization"},"potentialAction":[{"@type":"SearchAction","target":{"@type":"EntryPoint","urlTemplate":"https:\/\/orthodoxalbania.org\/2020\/?s={search_term_string}"},"query-input":{"@type":"PropertyValueSpecification","valueRequired":true,"valueName":"search_term_string"}}],"inLanguage":"en-US"},{"@type":"Organization","@id":"https:\/\/orthodoxalbania.org\/2020\/#organization","name":"Kisha Orthodhokse Autoqefale e Shqip\u00ebris\u00eb","url":"https:\/\/orthodoxalbania.org\/2020\/","logo":{"@type":"ImageObject","inLanguage":"en-US","@id":"https:\/\/orthodoxalbania.org\/2020\/#\/schema\/logo\/image\/","url":"https:\/\/orthodoxalbania.org\/2020\/wp-content\/uploads\/2020\/05\/albania.jpeg","contentUrl":"https:\/\/orthodoxalbania.org\/2020\/wp-content\/uploads\/2020\/05\/albania.jpeg","width":540,"height":540,"caption":"Kisha Orthodhokse Autoqefale e Shqip\u00ebris\u00eb"},"image":{"@id":"https:\/\/orthodoxalbania.org\/2020\/#\/schema\/logo\/image\/"},"sameAs":["https:\/\/www.facebook.com\/koash1991"]},{"@type":"Person","@id":"https:\/\/orthodoxalbania.org\/2020\/#\/schema\/person\/0c387634a7063ac612d7ed9ce71c7e86","name":"Kisha Orthodhokse","image":{"@type":"ImageObject","inLanguage":"en-US","@id":"https:\/\/secure.gravatar.com\/avatar\/596e7c417251e30f2fbb9c00e026fce61a695a00e51c889caded71c96cbbdde5?s=96&d=mm&r=g","url":"https:\/\/secure.gravatar.com\/avatar\/596e7c417251e30f2fbb9c00e026fce61a695a00e51c889caded71c96cbbdde5?s=96&d=mm&r=g","contentUrl":"https:\/\/secure.gravatar.com\/avatar\/596e7c417251e30f2fbb9c00e026fce61a695a00e51c889caded71c96cbbdde5?s=96&d=mm&r=g","caption":"Kisha Orthodhokse"}}]}},"_links":{"self":[{"href":"https:\/\/orthodoxalbania.org\/2020\/wp-json\/wp\/v2\/posts\/957","targetHints":{"allow":["GET"]}}],"collection":[{"href":"https:\/\/orthodoxalbania.org\/2020\/wp-json\/wp\/v2\/posts"}],"about":[{"href":"https:\/\/orthodoxalbania.org\/2020\/wp-json\/wp\/v2\/types\/post"}],"author":[{"embeddable":true,"href":"https:\/\/orthodoxalbania.org\/2020\/wp-json\/wp\/v2\/users\/1"}],"replies":[{"embeddable":true,"href":"https:\/\/orthodoxalbania.org\/2020\/wp-json\/wp\/v2\/comments?post=957"}],"version-history":[{"count":1,"href":"https:\/\/orthodoxalbania.org\/2020\/wp-json\/wp\/v2\/posts\/957\/revisions"}],"predecessor-version":[{"id":15416,"href":"https:\/\/orthodoxalbania.org\/2020\/wp-json\/wp\/v2\/posts\/957\/revisions\/15416"}],"wp:attachment":[{"href":"https:\/\/orthodoxalbania.org\/2020\/wp-json\/wp\/v2\/media?parent=957"}],"wp:term":[{"taxonomy":"category","embeddable":true,"href":"https:\/\/orthodoxalbania.org\/2020\/wp-json\/wp\/v2\/categories?post=957"},{"taxonomy":"post_tag","embeddable":true,"href":"https:\/\/orthodoxalbania.org\/2020\/wp-json\/wp\/v2\/tags?post=957"}],"curies":[{"name":"wp","href":"https:\/\/api.w.org\/{rel}","templated":true}]}}