{"id":956,"date":"2013-03-21T12:51:08","date_gmt":"2013-03-21T12:51:08","guid":{"rendered":""},"modified":"2020-04-06T22:05:49","modified_gmt":"2020-04-06T20:05:49","slug":"mitropolia-e-shenjte-korce-deklarate-zyrtare-ne-lidhje-me-dramen-shen-maria-e-beratit-te-z-namik-dokle","status":"publish","type":"post","link":"https:\/\/orthodoxalbania.org\/2020\/2013\/03\/21\/mitropolia-e-shenjte-korce-deklarate-zyrtare-ne-lidhje-me-dramen-shen-maria-e-beratit-te-z-namik-dokle\/","title":{"rendered":"Mitropolia e shenjt\u00eb, Korc\u00eb &#8211; Deklarat\u00eb zyrtare &#8211; N\u00eb lidhje me dram\u00ebn &#8220;Sh\u00ebn Maria e Beratit&#8221; t\u00eb z. Namik Dokle. (Janar 2013)"},"content":{"rendered":"<div style=\"text-align: center;\"><span style=\"font-size: 12px;\"><span style=\"font-family: tahoma,geneva,sans-serif;\"><strong><img decoding=\"async\" class=\"lazyload HAa Eha\" style=\"height: 143px; width: 250px; border-width: 1px; border-style: solid; margin: 10px; float: left;\" alt=\"\" src=\"data:image\/gif;base64,R0lGODlhAQABAAAAACH5BAEKAAEALAAAAAABAAEAAAICTAEAOw==\" data-orig-src=\"https:\/\/lh5.googleusercontent.com\/-O47E-BmiLmY\/VAbJgqtPJFI\/AAAAAAAACxk\/yRlEW5ZYT8Y\/w300-h171-no\/joani-300x171.jpg\" \/><span style=\"color: #b22222;\">&#8211; DEKLARATE ZYTRTARE &#8211; NE LIDHJE ME DRAMEN &#8220;SHEN MARIA E BERATIT&#8221; TE Z. NAMIK DOKLE<\/span><\/strong><span style=\"color: #b22222;\">.-&nbsp; &nbsp; &nbsp; <\/span><\/span><\/span><\/div>\n<div style=\"text-align: justify;\">&nbsp;<\/div>\n<div style=\"text-align: justify;\"><span style=\"color: #000000;\"><span style=\"font-size: 12px;\"><span style=\"font-family: tahoma,geneva,sans-serif;\">&nbsp;&nbsp;&nbsp; Kemi ndjekur me v\u00ebmendje indinjat\u00ebn e besimtar\u00ebve orthodhoks\u00eb t\u00eb Kor\u00e7\u00ebs dhe p\u00ebrcjellim edhe shqet\u00ebsimin ton\u00eb n\u00eb lidhje me dram\u00ebn \u201cSh\u00ebn Maria e Beratit\u201d. P\u00ebr komunitetin orthodhoks kjo \u00ebsht\u00eb denigruese dhe fyese, sepse denigrimi i klerik\u00ebve t\u00eb nderuar orthodhoks\u00eb, \u00ebsht\u00eb denigrim p\u00ebr t\u00eb gjith\u00eb komunitetin.&nbsp;<\/span><\/span><\/span><\/div>\n<div style=\"text-align: justify;\">&nbsp;<\/div>\n<div style=\"text-align: justify;\"><span style=\"color: #000000;\"><span style=\"font-size: 12px;\"><span style=\"font-family: tahoma,geneva,sans-serif;\">&nbsp;&nbsp;&nbsp; Komunitetet fetare n\u00eb shqip\u00ebri kan\u00eb vuajtur mbi shpatullat e tyre fyerjet, diskriminimin dhe p\u00ebrndjekjet e regjimit ateist t\u00eb shekullit q\u00eb lam\u00eb pas. Prandaj jemi t\u00eb shqet\u00ebsuar p\u00ebr vazhdimin e po t\u00eb nj\u00ebjt\u00ebs m\u00ebnyr\u00eb trajtimi t\u00eb tyre edhe sot.&nbsp;<\/span><\/span><\/span><\/div>\n<div style=\"text-align: justify;\">&nbsp;<\/div>\n<div style=\"text-align: justify;\"><span style=\"color: #000000;\"><span style=\"font-size: 12px;\"><span style=\"font-family: tahoma,geneva,sans-serif;\">&nbsp; &nbsp; Tashm\u00eb ka koh\u00eb q\u00eb besimi orthodhoks po goditet gjithandej me m\u00ebnyra t\u00eb ndryshme. Veprime t\u00eb tilla nxisin reagimin e \u00e7do besimtari, si edhe c\u00ebnojn\u00eb ruajtjen e harmonis\u00eb dhe bashk\u00ebjetes\u00ebs fetare, si vler\u00eb q\u00eb karakterizon shoq\u00ebrin\u00eb ton\u00eb. N\u00eb koh\u00ebn kur ne p\u00ebrpiqemi t\u00eb nd\u00ebrtojm\u00eb ura bashk\u00ebpunimi dhe mir\u00ebkuptimi, propagandat fyese p\u00ebr\u00e7ajn\u00eb dhe ngjallin dyshime dhe mosbesime.&nbsp;<\/span><\/span><\/span><\/div>\n<div style=\"text-align: justify;\">&nbsp;<\/div>\n<div style=\"text-align: justify;\"><span style=\"color: #000000;\"><span style=\"font-size: 12px;\"><span style=\"font-family: tahoma,geneva,sans-serif;\">&nbsp; &nbsp; Me an\u00eb t\u00eb k\u00ebsaj deklarate, protestojm\u00eb ndaj k\u00ebtyre fenomeneve dhe i drejtohemi opinionit qytetar t\u00eb Kor\u00e7\u00ebs, por edhe m\u00eb gjer\u00eb, se veprime t\u00eb tilla q\u00eb c\u00ebnojn\u00eb komunitetet e ndryshme fetare, t\u00eb q\u00ebllimshme ose jo, nuk i sh\u00ebrbejn\u00eb interesave t\u00eb qytetit, t\u00eb bashk\u00ebjetes\u00ebs fetare dhe p\u00ebrparimit t\u00eb shoqeris\u00eb shqiptare.&nbsp;<\/span><\/span><\/span><\/div>\n<div style=\"text-align: justify;\">&nbsp;<\/div>\n<div style=\"text-align: justify;\"><span style=\"color: #000000;\"><span style=\"font-size: 12px;\"><span style=\"font-family: tahoma,geneva,sans-serif;\">&nbsp;&nbsp;&nbsp; K\u00ebt\u00eb protest\u00eb e ndjejm\u00eb edhe si obligim moral ndaj paraardh\u00ebsve tan\u00eb, q\u00eb me aq mund dhe sakrifica mbajt\u00ebn t\u00eb pac\u00ebnuar n\u00eb shekuj besimin dhe moralin orthodhoks. Dhe p\u00ebr m\u00eb tep\u00ebr Kisha Orthodhokse \u00ebsht\u00eb nj\u00eb nga pjes\u00ebt m\u00eb t\u00eb sh\u00ebndosha t\u00eb shoq\u00ebris\u00eb son\u00eb, me nj\u00eb kontribut t\u00eb madh n\u00eb ruajtjen e vlerave njer\u00ebzore dhe n\u00eb ndihmes\u00ebn ndaj t\u00eb gjith\u00eb njer\u00ebzve n\u00eb nevoj\u00eb, pa dallim.<\/span><\/span><\/span><\/div>\n","protected":false},"excerpt":{"rendered":"<p>&#8211; DEKLARATE ZYTRTARE &#8211; NE LIDHJE ME DRAMEN &#8220;SHEN MARIA E BERATIT&#8221; TE Z. NAMIK DOKLE.-&nbsp; &nbsp; &nbsp; &nbsp; &nbsp;&nbsp;&nbsp; Kemi ndjekur me v\u00ebmendje indinjat\u00ebn e besimtar\u00ebve orthodhoks\u00eb t\u00eb Kor\u00e7\u00ebs dhe p\u00ebrcjellim edhe shqet\u00ebsimin ton\u00eb n\u00eb lidhje me dram\u00ebn \u201cSh\u00ebn Maria e Beratit\u201d. P\u00ebr komunitetin orthodhoks kjo \u00ebsht\u00eb denigruese dhe fyese, sepse denigrimi i klerik\u00ebve t\u00eb nderuar orthodhoks\u00eb, \u00ebsht\u00eb denigrim p\u00ebr t\u00eb gjith\u00eb komunitetin.&nbsp; &nbsp;<\/p>\n","protected":false},"author":1,"featured_media":0,"comment_status":"open","ping_status":"open","sticky":false,"template":"","format":"standard","meta":{"_acf_changed":false,"pagelayer_contact_templates":[],"_pagelayer_content":"","inline_featured_image":false,"fifu_image_url":"","fifu_image_alt":"","footnotes":""},"categories":[108],"tags":[141,212,181,203],"class_list":["post-956","post","type-post","status-publish","format-standard","hentry","category-lajme","tag-141","tag-lajme-d27","tag-korce","tag-pergjigje-ndaj-akuzave"],"acf":[],"yoast_head":"<!-- This site is optimized with the Yoast SEO plugin v27.2 - https:\/\/yoast.com\/product\/yoast-seo-wordpress\/ -->\n<title>Mitropolia e shenjt\u00eb, Korc\u00eb - Deklarat\u00eb zyrtare - N\u00eb lidhje me dram\u00ebn &quot;Sh\u00ebn Maria e Beratit&quot; t\u00eb z. Namik Dokle. (Janar 2013) - Kisha Orthodh\u03bfkse Autoqefale e Shqip\u00ebris\u00eb<\/title>\n<meta name=\"robots\" content=\"index, follow, max-snippet:-1, max-image-preview:large, max-video-preview:-1\" \/>\n<link rel=\"canonical\" href=\"https:\/\/orthodoxalbania.org\/2020\/2013\/03\/21\/mitropolia-e-shenjte-korce-deklarate-zyrtare-ne-lidhje-me-dramen-shen-maria-e-beratit-te-z-namik-dokle\/\" \/>\n<meta property=\"og:locale\" content=\"en_US\" \/>\n<meta property=\"og:type\" content=\"article\" \/>\n<meta property=\"og:title\" content=\"Mitropolia e shenjt\u00eb, Korc\u00eb - Deklarat\u00eb zyrtare - N\u00eb lidhje me dram\u00ebn &quot;Sh\u00ebn Maria e Beratit&quot; t\u00eb z. Namik Dokle. (Janar 2013) - Kisha Orthodh\u03bfkse Autoqefale e Shqip\u00ebris\u00eb\" \/>\n<meta property=\"og:description\" content=\"&#8211; DEKLARATE ZYTRTARE &#8211; NE LIDHJE ME DRAMEN &#8220;SHEN MARIA E BERATIT&#8221; TE Z. NAMIK DOKLE.-&nbsp; &nbsp; &nbsp; &nbsp; &nbsp;&nbsp;&nbsp; Kemi ndjekur me v\u00ebmendje indinjat\u00ebn e besimtar\u00ebve orthodhoks\u00eb t\u00eb Kor\u00e7\u00ebs dhe p\u00ebrcjellim edhe shqet\u00ebsimin ton\u00eb n\u00eb lidhje me dram\u00ebn \u201cSh\u00ebn Maria e Beratit\u201d. P\u00ebr komunitetin orthodhoks kjo \u00ebsht\u00eb denigruese dhe fyese, sepse denigrimi i klerik\u00ebve t\u00eb nderuar orthodhoks\u00eb, \u00ebsht\u00eb denigrim p\u00ebr t\u00eb gjith\u00eb komunitetin.&nbsp; &nbsp;\" \/>\n<meta property=\"og:url\" content=\"https:\/\/orthodoxalbania.org\/2020\/2013\/03\/21\/mitropolia-e-shenjte-korce-deklarate-zyrtare-ne-lidhje-me-dramen-shen-maria-e-beratit-te-z-namik-dokle\/\" \/>\n<meta property=\"og:site_name\" content=\"Kisha Orthodh\u03bfkse Autoqefale e Shqip\u00ebris\u00eb\" \/>\n<meta property=\"article:publisher\" content=\"https:\/\/www.facebook.com\/koash1991\" \/>\n<meta property=\"article:published_time\" content=\"2013-03-21T12:51:08+00:00\" \/>\n<meta property=\"article:modified_time\" content=\"2020-04-06T20:05:49+00:00\" \/>\n<meta property=\"og:image\" content=\"https:\/\/lh5.googleusercontent.com\/-O47E-BmiLmY\/VAbJgqtPJFI\/AAAAAAAACxk\/yRlEW5ZYT8Y\/w300-h171-no\/joani-300x171.jpg\" \/>\n<meta name=\"author\" content=\"Kisha Orthodhokse\" \/>\n<meta name=\"twitter:card\" content=\"summary_large_image\" \/>\n<meta name=\"twitter:label1\" content=\"Written by\" \/>\n\t<meta name=\"twitter:data1\" content=\"Kisha Orthodhokse\" \/>\n\t<meta name=\"twitter:label2\" content=\"Est. reading time\" \/>\n\t<meta name=\"twitter:data2\" content=\"2 minutes\" \/>\n<script type=\"application\/ld+json\" class=\"yoast-schema-graph\">{\"@context\":\"https:\/\/schema.org\",\"@graph\":[{\"@type\":\"Article\",\"@id\":\"https:\/\/orthodoxalbania.org\/2020\/2013\/03\/21\/mitropolia-e-shenjte-korce-deklarate-zyrtare-ne-lidhje-me-dramen-shen-maria-e-beratit-te-z-namik-dokle\/#article\",\"isPartOf\":{\"@id\":\"https:\/\/orthodoxalbania.org\/2020\/2013\/03\/21\/mitropolia-e-shenjte-korce-deklarate-zyrtare-ne-lidhje-me-dramen-shen-maria-e-beratit-te-z-namik-dokle\/\"},\"author\":{\"name\":\"Kisha Orthodhokse\",\"@id\":\"https:\/\/orthodoxalbania.org\/2020\/#\/schema\/person\/0c387634a7063ac612d7ed9ce71c7e86\"},\"headline\":\"Mitropolia e shenjt\u00eb, Korc\u00eb &#8211; Deklarat\u00eb zyrtare &#8211; N\u00eb lidhje me dram\u00ebn &#8220;Sh\u00ebn Maria e Beratit&#8221; t\u00eb z. Namik Dokle. (Janar 2013)\",\"datePublished\":\"2013-03-21T12:51:08+00:00\",\"dateModified\":\"2020-04-06T20:05:49+00:00\",\"mainEntityOfPage\":{\"@id\":\"https:\/\/orthodoxalbania.org\/2020\/2013\/03\/21\/mitropolia-e-shenjte-korce-deklarate-zyrtare-ne-lidhje-me-dramen-shen-maria-e-beratit-te-z-namik-dokle\/\"},\"wordCount\":364,\"commentCount\":0,\"publisher\":{\"@id\":\"https:\/\/orthodoxalbania.org\/2020\/#organization\"},\"image\":{\"@id\":\"https:\/\/orthodoxalbania.org\/2020\/2013\/03\/21\/mitropolia-e-shenjte-korce-deklarate-zyrtare-ne-lidhje-me-dramen-shen-maria-e-beratit-te-z-namik-dokle\/#primaryimage\"},\"thumbnailUrl\":\"https:\/\/lh5.googleusercontent.com\/-O47E-BmiLmY\/VAbJgqtPJFI\/AAAAAAAACxk\/yRlEW5ZYT8Y\/w300-h171-no\/joani-300x171.jpg\",\"keywords\":[\"2013\",\"lajme\",\"Mitropolia Kor\u00e7\u00eb\",\"P\u00ebrgjigje ndaj akuzave\"],\"articleSection\":[\"Lajme\"],\"inLanguage\":\"en-US\"},{\"@type\":\"WebPage\",\"@id\":\"https:\/\/orthodoxalbania.org\/2020\/2013\/03\/21\/mitropolia-e-shenjte-korce-deklarate-zyrtare-ne-lidhje-me-dramen-shen-maria-e-beratit-te-z-namik-dokle\/\",\"url\":\"https:\/\/orthodoxalbania.org\/2020\/2013\/03\/21\/mitropolia-e-shenjte-korce-deklarate-zyrtare-ne-lidhje-me-dramen-shen-maria-e-beratit-te-z-namik-dokle\/\",\"name\":\"Mitropolia e shenjt\u00eb, Korc\u00eb - Deklarat\u00eb zyrtare - N\u00eb lidhje me dram\u00ebn \\\"Sh\u00ebn Maria e Beratit\\\" t\u00eb z. Namik Dokle. (Janar 2013) - Kisha Orthodh\u03bfkse Autoqefale e Shqip\u00ebris\u00eb\",\"isPartOf\":{\"@id\":\"https:\/\/orthodoxalbania.org\/2020\/#website\"},\"primaryImageOfPage\":{\"@id\":\"https:\/\/orthodoxalbania.org\/2020\/2013\/03\/21\/mitropolia-e-shenjte-korce-deklarate-zyrtare-ne-lidhje-me-dramen-shen-maria-e-beratit-te-z-namik-dokle\/#primaryimage\"},\"image\":{\"@id\":\"https:\/\/orthodoxalbania.org\/2020\/2013\/03\/21\/mitropolia-e-shenjte-korce-deklarate-zyrtare-ne-lidhje-me-dramen-shen-maria-e-beratit-te-z-namik-dokle\/#primaryimage\"},\"thumbnailUrl\":\"https:\/\/lh5.googleusercontent.com\/-O47E-BmiLmY\/VAbJgqtPJFI\/AAAAAAAACxk\/yRlEW5ZYT8Y\/w300-h171-no\/joani-300x171.jpg\",\"datePublished\":\"2013-03-21T12:51:08+00:00\",\"dateModified\":\"2020-04-06T20:05:49+00:00\",\"breadcrumb\":{\"@id\":\"https:\/\/orthodoxalbania.org\/2020\/2013\/03\/21\/mitropolia-e-shenjte-korce-deklarate-zyrtare-ne-lidhje-me-dramen-shen-maria-e-beratit-te-z-namik-dokle\/#breadcrumb\"},\"inLanguage\":\"en-US\",\"potentialAction\":[{\"@type\":\"ReadAction\",\"target\":[\"https:\/\/orthodoxalbania.org\/2020\/2013\/03\/21\/mitropolia-e-shenjte-korce-deklarate-zyrtare-ne-lidhje-me-dramen-shen-maria-e-beratit-te-z-namik-dokle\/\"]}]},{\"@type\":\"ImageObject\",\"inLanguage\":\"en-US\",\"@id\":\"https:\/\/orthodoxalbania.org\/2020\/2013\/03\/21\/mitropolia-e-shenjte-korce-deklarate-zyrtare-ne-lidhje-me-dramen-shen-maria-e-beratit-te-z-namik-dokle\/#primaryimage\",\"url\":\"https:\/\/lh5.googleusercontent.com\/-O47E-BmiLmY\/VAbJgqtPJFI\/AAAAAAAACxk\/yRlEW5ZYT8Y\/w300-h171-no\/joani-300x171.jpg\",\"contentUrl\":\"https:\/\/lh5.googleusercontent.com\/-O47E-BmiLmY\/VAbJgqtPJFI\/AAAAAAAACxk\/yRlEW5ZYT8Y\/w300-h171-no\/joani-300x171.jpg\"},{\"@type\":\"BreadcrumbList\",\"@id\":\"https:\/\/orthodoxalbania.org\/2020\/2013\/03\/21\/mitropolia-e-shenjte-korce-deklarate-zyrtare-ne-lidhje-me-dramen-shen-maria-e-beratit-te-z-namik-dokle\/#breadcrumb\",\"itemListElement\":[{\"@type\":\"ListItem\",\"position\":1,\"name\":\"Home\",\"item\":\"https:\/\/orthodoxalbania.org\/2020\/\"},{\"@type\":\"ListItem\",\"position\":2,\"name\":\"Mitropolia e shenjt\u00eb, Korc\u00eb &#8211; Deklarat\u00eb zyrtare &#8211; N\u00eb lidhje me dram\u00ebn &#8220;Sh\u00ebn Maria e Beratit&#8221; t\u00eb z. Namik Dokle. (Janar 2013)\"}]},{\"@type\":\"WebSite\",\"@id\":\"https:\/\/orthodoxalbania.org\/2020\/#website\",\"url\":\"https:\/\/orthodoxalbania.org\/2020\/\",\"name\":\"Kisha Orthodh\u03bfkse Autoqefale e Shqip\u00ebris\u00eb\",\"description\":\"Fqja Zyrtare e Kish\u00ebs Orthodhokse Autoqefale e Shqip\u00ebris\u00eb me lajmet edhe informacionet zyrtare p\u00ebr struktur\u00ebn edhe veprimtarin e saj.\",\"publisher\":{\"@id\":\"https:\/\/orthodoxalbania.org\/2020\/#organization\"},\"potentialAction\":[{\"@type\":\"SearchAction\",\"target\":{\"@type\":\"EntryPoint\",\"urlTemplate\":\"https:\/\/orthodoxalbania.org\/2020\/?s={search_term_string}\"},\"query-input\":{\"@type\":\"PropertyValueSpecification\",\"valueRequired\":true,\"valueName\":\"search_term_string\"}}],\"inLanguage\":\"en-US\"},{\"@type\":\"Organization\",\"@id\":\"https:\/\/orthodoxalbania.org\/2020\/#organization\",\"name\":\"Kisha Orthodhokse Autoqefale e Shqip\u00ebris\u00eb\",\"url\":\"https:\/\/orthodoxalbania.org\/2020\/\",\"logo\":{\"@type\":\"ImageObject\",\"inLanguage\":\"en-US\",\"@id\":\"https:\/\/orthodoxalbania.org\/2020\/#\/schema\/logo\/image\/\",\"url\":\"https:\/\/orthodoxalbania.org\/2020\/wp-content\/uploads\/2020\/05\/albania.jpeg\",\"contentUrl\":\"https:\/\/orthodoxalbania.org\/2020\/wp-content\/uploads\/2020\/05\/albania.jpeg\",\"width\":540,\"height\":540,\"caption\":\"Kisha Orthodhokse Autoqefale e Shqip\u00ebris\u00eb\"},\"image\":{\"@id\":\"https:\/\/orthodoxalbania.org\/2020\/#\/schema\/logo\/image\/\"},\"sameAs\":[\"https:\/\/www.facebook.com\/koash1991\"]},{\"@type\":\"Person\",\"@id\":\"https:\/\/orthodoxalbania.org\/2020\/#\/schema\/person\/0c387634a7063ac612d7ed9ce71c7e86\",\"name\":\"Kisha Orthodhokse\",\"image\":{\"@type\":\"ImageObject\",\"inLanguage\":\"en-US\",\"@id\":\"https:\/\/secure.gravatar.com\/avatar\/596e7c417251e30f2fbb9c00e026fce61a695a00e51c889caded71c96cbbdde5?s=96&d=mm&r=g\",\"url\":\"https:\/\/secure.gravatar.com\/avatar\/596e7c417251e30f2fbb9c00e026fce61a695a00e51c889caded71c96cbbdde5?s=96&d=mm&r=g\",\"contentUrl\":\"https:\/\/secure.gravatar.com\/avatar\/596e7c417251e30f2fbb9c00e026fce61a695a00e51c889caded71c96cbbdde5?s=96&d=mm&r=g\",\"caption\":\"Kisha Orthodhokse\"}}]}<\/script>\n<!-- \/ Yoast SEO plugin. -->","yoast_head_json":{"title":"Mitropolia e shenjt\u00eb, Korc\u00eb - Deklarat\u00eb zyrtare - N\u00eb lidhje me dram\u00ebn \"Sh\u00ebn Maria e Beratit\" t\u00eb z. Namik Dokle. (Janar 2013) - Kisha Orthodh\u03bfkse Autoqefale e Shqip\u00ebris\u00eb","robots":{"index":"index","follow":"follow","max-snippet":"max-snippet:-1","max-image-preview":"max-image-preview:large","max-video-preview":"max-video-preview:-1"},"canonical":"https:\/\/orthodoxalbania.org\/2020\/2013\/03\/21\/mitropolia-e-shenjte-korce-deklarate-zyrtare-ne-lidhje-me-dramen-shen-maria-e-beratit-te-z-namik-dokle\/","og_locale":"en_US","og_type":"article","og_title":"Mitropolia e shenjt\u00eb, Korc\u00eb - Deklarat\u00eb zyrtare - N\u00eb lidhje me dram\u00ebn \"Sh\u00ebn Maria e Beratit\" t\u00eb z. Namik Dokle. (Janar 2013) - Kisha Orthodh\u03bfkse Autoqefale e Shqip\u00ebris\u00eb","og_description":"&#8211; DEKLARATE ZYTRTARE &#8211; NE LIDHJE ME DRAMEN &#8220;SHEN MARIA E BERATIT&#8221; TE Z. NAMIK DOKLE.-&nbsp; &nbsp; &nbsp; &nbsp; &nbsp;&nbsp;&nbsp; Kemi ndjekur me v\u00ebmendje indinjat\u00ebn e besimtar\u00ebve orthodhoks\u00eb t\u00eb Kor\u00e7\u00ebs dhe p\u00ebrcjellim edhe shqet\u00ebsimin ton\u00eb n\u00eb lidhje me dram\u00ebn \u201cSh\u00ebn Maria e Beratit\u201d. P\u00ebr komunitetin orthodhoks kjo \u00ebsht\u00eb denigruese dhe fyese, sepse denigrimi i klerik\u00ebve t\u00eb nderuar orthodhoks\u00eb, \u00ebsht\u00eb denigrim p\u00ebr t\u00eb gjith\u00eb komunitetin.&nbsp; &nbsp;","og_url":"https:\/\/orthodoxalbania.org\/2020\/2013\/03\/21\/mitropolia-e-shenjte-korce-deklarate-zyrtare-ne-lidhje-me-dramen-shen-maria-e-beratit-te-z-namik-dokle\/","og_site_name":"Kisha Orthodh\u03bfkse Autoqefale e Shqip\u00ebris\u00eb","article_publisher":"https:\/\/www.facebook.com\/koash1991","article_published_time":"2013-03-21T12:51:08+00:00","article_modified_time":"2020-04-06T20:05:49+00:00","og_image":[{"url":"https:\/\/lh5.googleusercontent.com\/-O47E-BmiLmY\/VAbJgqtPJFI\/AAAAAAAACxk\/yRlEW5ZYT8Y\/w300-h171-no\/joani-300x171.jpg","type":"","width":"","height":""}],"author":"Kisha Orthodhokse","twitter_card":"summary_large_image","twitter_misc":{"Written by":"Kisha Orthodhokse","Est. reading time":"2 minutes"},"schema":{"@context":"https:\/\/schema.org","@graph":[{"@type":"Article","@id":"https:\/\/orthodoxalbania.org\/2020\/2013\/03\/21\/mitropolia-e-shenjte-korce-deklarate-zyrtare-ne-lidhje-me-dramen-shen-maria-e-beratit-te-z-namik-dokle\/#article","isPartOf":{"@id":"https:\/\/orthodoxalbania.org\/2020\/2013\/03\/21\/mitropolia-e-shenjte-korce-deklarate-zyrtare-ne-lidhje-me-dramen-shen-maria-e-beratit-te-z-namik-dokle\/"},"author":{"name":"Kisha Orthodhokse","@id":"https:\/\/orthodoxalbania.org\/2020\/#\/schema\/person\/0c387634a7063ac612d7ed9ce71c7e86"},"headline":"Mitropolia e shenjt\u00eb, Korc\u00eb &#8211; Deklarat\u00eb zyrtare &#8211; N\u00eb lidhje me dram\u00ebn &#8220;Sh\u00ebn Maria e Beratit&#8221; t\u00eb z. Namik Dokle. (Janar 2013)","datePublished":"2013-03-21T12:51:08+00:00","dateModified":"2020-04-06T20:05:49+00:00","mainEntityOfPage":{"@id":"https:\/\/orthodoxalbania.org\/2020\/2013\/03\/21\/mitropolia-e-shenjte-korce-deklarate-zyrtare-ne-lidhje-me-dramen-shen-maria-e-beratit-te-z-namik-dokle\/"},"wordCount":364,"commentCount":0,"publisher":{"@id":"https:\/\/orthodoxalbania.org\/2020\/#organization"},"image":{"@id":"https:\/\/orthodoxalbania.org\/2020\/2013\/03\/21\/mitropolia-e-shenjte-korce-deklarate-zyrtare-ne-lidhje-me-dramen-shen-maria-e-beratit-te-z-namik-dokle\/#primaryimage"},"thumbnailUrl":"https:\/\/lh5.googleusercontent.com\/-O47E-BmiLmY\/VAbJgqtPJFI\/AAAAAAAACxk\/yRlEW5ZYT8Y\/w300-h171-no\/joani-300x171.jpg","keywords":["2013","lajme","Mitropolia Kor\u00e7\u00eb","P\u00ebrgjigje ndaj akuzave"],"articleSection":["Lajme"],"inLanguage":"en-US"},{"@type":"WebPage","@id":"https:\/\/orthodoxalbania.org\/2020\/2013\/03\/21\/mitropolia-e-shenjte-korce-deklarate-zyrtare-ne-lidhje-me-dramen-shen-maria-e-beratit-te-z-namik-dokle\/","url":"https:\/\/orthodoxalbania.org\/2020\/2013\/03\/21\/mitropolia-e-shenjte-korce-deklarate-zyrtare-ne-lidhje-me-dramen-shen-maria-e-beratit-te-z-namik-dokle\/","name":"Mitropolia e shenjt\u00eb, Korc\u00eb - Deklarat\u00eb zyrtare - N\u00eb lidhje me dram\u00ebn \"Sh\u00ebn Maria e Beratit\" t\u00eb z. Namik Dokle. (Janar 2013) - Kisha Orthodh\u03bfkse Autoqefale e Shqip\u00ebris\u00eb","isPartOf":{"@id":"https:\/\/orthodoxalbania.org\/2020\/#website"},"primaryImageOfPage":{"@id":"https:\/\/orthodoxalbania.org\/2020\/2013\/03\/21\/mitropolia-e-shenjte-korce-deklarate-zyrtare-ne-lidhje-me-dramen-shen-maria-e-beratit-te-z-namik-dokle\/#primaryimage"},"image":{"@id":"https:\/\/orthodoxalbania.org\/2020\/2013\/03\/21\/mitropolia-e-shenjte-korce-deklarate-zyrtare-ne-lidhje-me-dramen-shen-maria-e-beratit-te-z-namik-dokle\/#primaryimage"},"thumbnailUrl":"https:\/\/lh5.googleusercontent.com\/-O47E-BmiLmY\/VAbJgqtPJFI\/AAAAAAAACxk\/yRlEW5ZYT8Y\/w300-h171-no\/joani-300x171.jpg","datePublished":"2013-03-21T12:51:08+00:00","dateModified":"2020-04-06T20:05:49+00:00","breadcrumb":{"@id":"https:\/\/orthodoxalbania.org\/2020\/2013\/03\/21\/mitropolia-e-shenjte-korce-deklarate-zyrtare-ne-lidhje-me-dramen-shen-maria-e-beratit-te-z-namik-dokle\/#breadcrumb"},"inLanguage":"en-US","potentialAction":[{"@type":"ReadAction","target":["https:\/\/orthodoxalbania.org\/2020\/2013\/03\/21\/mitropolia-e-shenjte-korce-deklarate-zyrtare-ne-lidhje-me-dramen-shen-maria-e-beratit-te-z-namik-dokle\/"]}]},{"@type":"ImageObject","inLanguage":"en-US","@id":"https:\/\/orthodoxalbania.org\/2020\/2013\/03\/21\/mitropolia-e-shenjte-korce-deklarate-zyrtare-ne-lidhje-me-dramen-shen-maria-e-beratit-te-z-namik-dokle\/#primaryimage","url":"https:\/\/lh5.googleusercontent.com\/-O47E-BmiLmY\/VAbJgqtPJFI\/AAAAAAAACxk\/yRlEW5ZYT8Y\/w300-h171-no\/joani-300x171.jpg","contentUrl":"https:\/\/lh5.googleusercontent.com\/-O47E-BmiLmY\/VAbJgqtPJFI\/AAAAAAAACxk\/yRlEW5ZYT8Y\/w300-h171-no\/joani-300x171.jpg"},{"@type":"BreadcrumbList","@id":"https:\/\/orthodoxalbania.org\/2020\/2013\/03\/21\/mitropolia-e-shenjte-korce-deklarate-zyrtare-ne-lidhje-me-dramen-shen-maria-e-beratit-te-z-namik-dokle\/#breadcrumb","itemListElement":[{"@type":"ListItem","position":1,"name":"Home","item":"https:\/\/orthodoxalbania.org\/2020\/"},{"@type":"ListItem","position":2,"name":"Mitropolia e shenjt\u00eb, Korc\u00eb &#8211; Deklarat\u00eb zyrtare &#8211; N\u00eb lidhje me dram\u00ebn &#8220;Sh\u00ebn Maria e Beratit&#8221; t\u00eb z. Namik Dokle. (Janar 2013)"}]},{"@type":"WebSite","@id":"https:\/\/orthodoxalbania.org\/2020\/#website","url":"https:\/\/orthodoxalbania.org\/2020\/","name":"Kisha Orthodh\u03bfkse Autoqefale e Shqip\u00ebris\u00eb","description":"Fqja Zyrtare e Kish\u00ebs Orthodhokse Autoqefale e Shqip\u00ebris\u00eb me lajmet edhe informacionet zyrtare p\u00ebr struktur\u00ebn edhe veprimtarin e saj.","publisher":{"@id":"https:\/\/orthodoxalbania.org\/2020\/#organization"},"potentialAction":[{"@type":"SearchAction","target":{"@type":"EntryPoint","urlTemplate":"https:\/\/orthodoxalbania.org\/2020\/?s={search_term_string}"},"query-input":{"@type":"PropertyValueSpecification","valueRequired":true,"valueName":"search_term_string"}}],"inLanguage":"en-US"},{"@type":"Organization","@id":"https:\/\/orthodoxalbania.org\/2020\/#organization","name":"Kisha Orthodhokse Autoqefale e Shqip\u00ebris\u00eb","url":"https:\/\/orthodoxalbania.org\/2020\/","logo":{"@type":"ImageObject","inLanguage":"en-US","@id":"https:\/\/orthodoxalbania.org\/2020\/#\/schema\/logo\/image\/","url":"https:\/\/orthodoxalbania.org\/2020\/wp-content\/uploads\/2020\/05\/albania.jpeg","contentUrl":"https:\/\/orthodoxalbania.org\/2020\/wp-content\/uploads\/2020\/05\/albania.jpeg","width":540,"height":540,"caption":"Kisha Orthodhokse Autoqefale e Shqip\u00ebris\u00eb"},"image":{"@id":"https:\/\/orthodoxalbania.org\/2020\/#\/schema\/logo\/image\/"},"sameAs":["https:\/\/www.facebook.com\/koash1991"]},{"@type":"Person","@id":"https:\/\/orthodoxalbania.org\/2020\/#\/schema\/person\/0c387634a7063ac612d7ed9ce71c7e86","name":"Kisha Orthodhokse","image":{"@type":"ImageObject","inLanguage":"en-US","@id":"https:\/\/secure.gravatar.com\/avatar\/596e7c417251e30f2fbb9c00e026fce61a695a00e51c889caded71c96cbbdde5?s=96&d=mm&r=g","url":"https:\/\/secure.gravatar.com\/avatar\/596e7c417251e30f2fbb9c00e026fce61a695a00e51c889caded71c96cbbdde5?s=96&d=mm&r=g","contentUrl":"https:\/\/secure.gravatar.com\/avatar\/596e7c417251e30f2fbb9c00e026fce61a695a00e51c889caded71c96cbbdde5?s=96&d=mm&r=g","caption":"Kisha Orthodhokse"}}]}},"_links":{"self":[{"href":"https:\/\/orthodoxalbania.org\/2020\/wp-json\/wp\/v2\/posts\/956","targetHints":{"allow":["GET"]}}],"collection":[{"href":"https:\/\/orthodoxalbania.org\/2020\/wp-json\/wp\/v2\/posts"}],"about":[{"href":"https:\/\/orthodoxalbania.org\/2020\/wp-json\/wp\/v2\/types\/post"}],"author":[{"embeddable":true,"href":"https:\/\/orthodoxalbania.org\/2020\/wp-json\/wp\/v2\/users\/1"}],"replies":[{"embeddable":true,"href":"https:\/\/orthodoxalbania.org\/2020\/wp-json\/wp\/v2\/comments?post=956"}],"version-history":[{"count":1,"href":"https:\/\/orthodoxalbania.org\/2020\/wp-json\/wp\/v2\/posts\/956\/revisions"}],"predecessor-version":[{"id":15253,"href":"https:\/\/orthodoxalbania.org\/2020\/wp-json\/wp\/v2\/posts\/956\/revisions\/15253"}],"wp:attachment":[{"href":"https:\/\/orthodoxalbania.org\/2020\/wp-json\/wp\/v2\/media?parent=956"}],"wp:term":[{"taxonomy":"category","embeddable":true,"href":"https:\/\/orthodoxalbania.org\/2020\/wp-json\/wp\/v2\/categories?post=956"},{"taxonomy":"post_tag","embeddable":true,"href":"https:\/\/orthodoxalbania.org\/2020\/wp-json\/wp\/v2\/tags?post=956"}],"curies":[{"name":"wp","href":"https:\/\/api.w.org\/{rel}","templated":true}]}}