{"id":955,"date":"2013-03-21T13:03:19","date_gmt":"2013-03-21T13:03:19","guid":{"rendered":""},"modified":"2020-04-06T22:05:49","modified_gmt":"2020-04-06T20:05:49","slug":"mitropolia-e-shenjte-korce-sqarim-rreth-spekulimeve-per-te-ashtuquajturat-deklarata-te-mitropolise","status":"publish","type":"post","link":"https:\/\/orthodoxalbania.org\/2020\/2013\/03\/21\/mitropolia-e-shenjte-korce-sqarim-rreth-spekulimeve-per-te-ashtuquajturat-deklarata-te-mitropolise\/","title":{"rendered":"Mitropolia e shenjt\u00eb, Korc\u00eb &#8211;  Sqarim rreth spekulimeve p\u00ebr t\u00eb ashtuquajturat deklarata t\u00eb Mitropolis\u00eb. (Janar 2013)"},"content":{"rendered":"<div style=\"text-align: justify;\">\n\t&nbsp;<\/div>\n<div style=\"text-align: center;\">\n\t<span style=\"color:#b22222;\"><span style=\"font-size: 12px;\"><span style=\"font-family: tahoma,geneva,sans-serif;\"><strong>&#8211; Sqarim rreth spekulimeve p\u00ebr t\u00eb ashtuquajturat deklarata t\u00eb Mitropolis\u00eb.<\/strong> &#8211;&nbsp; <\/span><\/span><\/span><\/div>\n<div style=\"text-align: justify;\">\n\t&nbsp;<\/div>\n<p>\n\t<span style=\"font-size:12px;\"><span style=\"font-family: tahoma,geneva,sans-serif;\"><img class=\"lazyload\" decoding=\"async\" alt=\"\" src=\"data:image\/gif;base64,R0lGODlhAQABAAAAACH5BAEKAAEALAAAAAABAAEAAAICTAEAOw==\" data-orig-src=\"http:\/\/t2.gstatic.com\/images?q=tbn:ANd9GcT1_ma9nN_XQS349rr_QTE6svDKp4bJTcZ-JKSObQpcz9164Tmb_lWcXZ19\" style=\"text-align: justify; border-width: 1px; border-style: solid; margin: 10px; float: left; width: 200px; height: 187px;\" \/><\/span><\/span><\/p>\n<div style=\"text-align: justify;\">\n\t<span style=\"color:#000000;\"><span style=\"font-size: 12px;\"><span style=\"font-family: tahoma,geneva,sans-serif;\">&nbsp;&nbsp;&nbsp; Q\u00ebllimi i k\u00ebsaj deklarate \u00ebsht\u00eb p\u00ebr t\u00eb qart\u00ebsuar edhe nj\u00eb her\u00eb q\u00ebndrimin e Mitropolis\u00eb s\u00eb Kor\u00e7\u00ebs rreth spekulimeve n\u00eb disa media dhe individ\u00eb t\u00eb ndrysh\u00ebm rreth t\u00eb ashtuquajturave deklarata t\u00eb Mitropolis\u00eb n\u00eb lidhje me dram\u00ebn \u201cSh\u00ebn Maria e Beratit\u201d. E vetmja deklarat\u00eb zyrtare e Mitropolis\u00eb \u00ebsht\u00eb ajo q\u00eb u dha zyrtarisht n\u00ebp\u00ebrmjet z\u00ebdh\u00ebn\u00ebsit t\u00eb saj. \u00c7do spekulim tjet\u00ebr, i q\u00ebllimsh\u00ebm ose jo, nuk i p\u00ebrgjigjet t\u00eb v\u00ebrtet\u00ebs. Gjithashtu \u00ebsht\u00eb spekuluar me faqe t\u00eb ndryshme n\u00eb internet, t\u00eb paraqitura si faqe zyrtare t\u00eb Mitropolis\u00eb s\u00eb Kor\u00e7\u00ebs, q\u00eb n\u00eb t\u00eb v\u00ebrtet\u00eb jan\u00eb faqe individuale dhe nuk paraqesin opinionet dhe mendimet e Mitropolis\u00eb. P\u00ebr k\u00ebt\u00eb arsye k\u00ebrkojm\u00eb q\u00eb raportimet t\u00eb jen\u00eb m\u00eb t\u00eb p\u00ebrgjegjshme dhe t\u00eb mos p\u00ebrhapin konfuzion dhe pasakt\u00ebsi.<\/span><\/span><\/span><\/div>\n<div style=\"text-align: justify;\">\n\t&nbsp;<\/div>\n<div style=\"text-align: justify;\">\n\t<span style=\"color:#000000;\"><span style=\"font-size: 12px;\"><span style=\"font-family: tahoma,geneva,sans-serif;\">&nbsp;&nbsp; Gjithashtu Mitropolia e Kor\u00e7\u00ebs distancohet nga \u00e7do opinion dhe veprim q\u00eb nuk p\u00ebrcjell etik\u00ebn e krishter\u00eb dhe q\u00eb nuk respekton dinjitetin e \u00e7do njeriu, kushdo qoft\u00eb ai.<\/span><\/span><\/span><\/div>\n<div>\n\t&nbsp;<\/div>\n<div style=\"text-align: right;\">\n\t<span style=\"color:#000000;\"><span style=\"font-size: 12px;\"><span style=\"font-family: tahoma,geneva,sans-serif;\"><strong>Mitropolia e Shenjt\u00eb e Kor\u00e7\u00ebs<\/strong><\/span><\/span><\/span><\/div>\n","protected":false},"excerpt":{"rendered":"<p>&nbsp; &#8211; Sqarim rreth spekulimeve p\u00ebr t\u00eb ashtuquajturat deklarata t\u00eb Mitropolis\u00eb. &#8211;&nbsp; &nbsp; &nbsp;&nbsp;&nbsp; Q\u00ebllimi i k\u00ebsaj deklarate \u00ebsht\u00eb p\u00ebr t\u00eb qart\u00ebsuar edhe nj\u00eb her\u00eb q\u00ebndrimin e Mitropolis\u00eb s\u00eb Kor\u00e7\u00ebs rreth spekulimeve n\u00eb disa media dhe individ\u00eb t\u00eb ndrysh\u00ebm rreth t\u00eb ashtuquajturave deklarata t\u00eb Mitropolis\u00eb n\u00eb lidhje me dram\u00ebn \u201cSh\u00ebn Maria e Beratit\u201d. E vetmja deklarat\u00eb zyrtare e Mitropolis\u00eb \u00ebsht\u00eb ajo q\u00eb u dha zyrtarisht<\/p>\n","protected":false},"author":1,"featured_media":0,"comment_status":"open","ping_status":"open","sticky":false,"template":"","format":"standard","meta":{"_acf_changed":false,"pagelayer_contact_templates":[],"_pagelayer_content":"","inline_featured_image":false,"fifu_image_url":"","fifu_image_alt":"","footnotes":""},"categories":[108],"tags":[141,212,203],"class_list":["post-955","post","type-post","status-publish","format-standard","hentry","category-lajme","tag-141","tag-lajme-d27","tag-pergjigje-ndaj-akuzave"],"acf":[],"yoast_head":"<!-- This site is optimized with the Yoast SEO plugin v27.2 - https:\/\/yoast.com\/product\/yoast-seo-wordpress\/ -->\n<title>Mitropolia e shenjt\u00eb, Korc\u00eb - Sqarim rreth spekulimeve p\u00ebr t\u00eb ashtuquajturat deklarata t\u00eb Mitropolis\u00eb. (Janar 2013) - Kisha Orthodh\u03bfkse Autoqefale e Shqip\u00ebris\u00eb<\/title>\n<meta name=\"robots\" content=\"index, follow, max-snippet:-1, max-image-preview:large, max-video-preview:-1\" \/>\n<link rel=\"canonical\" href=\"https:\/\/orthodoxalbania.org\/2020\/2013\/03\/21\/mitropolia-e-shenjte-korce-sqarim-rreth-spekulimeve-per-te-ashtuquajturat-deklarata-te-mitropolise\/\" \/>\n<meta property=\"og:locale\" content=\"en_US\" \/>\n<meta property=\"og:type\" content=\"article\" \/>\n<meta property=\"og:title\" content=\"Mitropolia e shenjt\u00eb, Korc\u00eb - Sqarim rreth spekulimeve p\u00ebr t\u00eb ashtuquajturat deklarata t\u00eb Mitropolis\u00eb. (Janar 2013) - Kisha Orthodh\u03bfkse Autoqefale e Shqip\u00ebris\u00eb\" \/>\n<meta property=\"og:description\" content=\"&nbsp; &#8211; Sqarim rreth spekulimeve p\u00ebr t\u00eb ashtuquajturat deklarata t\u00eb Mitropolis\u00eb. &#8211;&nbsp; &nbsp; &nbsp;&nbsp;&nbsp; Q\u00ebllimi i k\u00ebsaj deklarate \u00ebsht\u00eb p\u00ebr t\u00eb qart\u00ebsuar edhe nj\u00eb her\u00eb q\u00ebndrimin e Mitropolis\u00eb s\u00eb Kor\u00e7\u00ebs rreth spekulimeve n\u00eb disa media dhe individ\u00eb t\u00eb ndrysh\u00ebm rreth t\u00eb ashtuquajturave deklarata t\u00eb Mitropolis\u00eb n\u00eb lidhje me dram\u00ebn \u201cSh\u00ebn Maria e Beratit\u201d. E vetmja deklarat\u00eb zyrtare e Mitropolis\u00eb \u00ebsht\u00eb ajo q\u00eb u dha zyrtarisht\" \/>\n<meta property=\"og:url\" content=\"https:\/\/orthodoxalbania.org\/2020\/2013\/03\/21\/mitropolia-e-shenjte-korce-sqarim-rreth-spekulimeve-per-te-ashtuquajturat-deklarata-te-mitropolise\/\" \/>\n<meta property=\"og:site_name\" content=\"Kisha Orthodh\u03bfkse Autoqefale e Shqip\u00ebris\u00eb\" \/>\n<meta property=\"article:publisher\" content=\"https:\/\/www.facebook.com\/koash1991\" \/>\n<meta property=\"article:published_time\" content=\"2013-03-21T13:03:19+00:00\" \/>\n<meta property=\"article:modified_time\" content=\"2020-04-06T20:05:49+00:00\" \/>\n<meta property=\"og:image\" content=\"http:\/\/t2.gstatic.com\/images?q=tbn:ANd9GcT1_ma9nN_XQS349rr_QTE6svDKp4bJTcZ-JKSObQpcz9164Tmb_lWcXZ19\" \/>\n<meta name=\"author\" content=\"Kisha Orthodhokse\" \/>\n<meta name=\"twitter:card\" content=\"summary_large_image\" \/>\n<meta name=\"twitter:label1\" content=\"Written by\" \/>\n\t<meta name=\"twitter:data1\" content=\"Kisha Orthodhokse\" \/>\n\t<meta name=\"twitter:label2\" content=\"Est. reading time\" \/>\n\t<meta name=\"twitter:data2\" content=\"1 minute\" \/>\n<script type=\"application\/ld+json\" class=\"yoast-schema-graph\">{\"@context\":\"https:\/\/schema.org\",\"@graph\":[{\"@type\":\"Article\",\"@id\":\"https:\/\/orthodoxalbania.org\/2020\/2013\/03\/21\/mitropolia-e-shenjte-korce-sqarim-rreth-spekulimeve-per-te-ashtuquajturat-deklarata-te-mitropolise\/#article\",\"isPartOf\":{\"@id\":\"https:\/\/orthodoxalbania.org\/2020\/2013\/03\/21\/mitropolia-e-shenjte-korce-sqarim-rreth-spekulimeve-per-te-ashtuquajturat-deklarata-te-mitropolise\/\"},\"author\":{\"name\":\"Kisha Orthodhokse\",\"@id\":\"https:\/\/orthodoxalbania.org\/2020\/#\/schema\/person\/0c387634a7063ac612d7ed9ce71c7e86\"},\"headline\":\"Mitropolia e shenjt\u00eb, Korc\u00eb &#8211; Sqarim rreth spekulimeve p\u00ebr t\u00eb ashtuquajturat deklarata t\u00eb Mitropolis\u00eb. (Janar 2013)\",\"datePublished\":\"2013-03-21T13:03:19+00:00\",\"dateModified\":\"2020-04-06T20:05:49+00:00\",\"mainEntityOfPage\":{\"@id\":\"https:\/\/orthodoxalbania.org\/2020\/2013\/03\/21\/mitropolia-e-shenjte-korce-sqarim-rreth-spekulimeve-per-te-ashtuquajturat-deklarata-te-mitropolise\/\"},\"wordCount\":220,\"commentCount\":0,\"publisher\":{\"@id\":\"https:\/\/orthodoxalbania.org\/2020\/#organization\"},\"image\":{\"@id\":\"https:\/\/orthodoxalbania.org\/2020\/2013\/03\/21\/mitropolia-e-shenjte-korce-sqarim-rreth-spekulimeve-per-te-ashtuquajturat-deklarata-te-mitropolise\/#primaryimage\"},\"thumbnailUrl\":\"http:\/\/t2.gstatic.com\/images?q=tbn:ANd9GcT1_ma9nN_XQS349rr_QTE6svDKp4bJTcZ-JKSObQpcz9164Tmb_lWcXZ19\",\"keywords\":[\"2013\",\"lajme\",\"P\u00ebrgjigje ndaj akuzave\"],\"articleSection\":[\"Lajme\"],\"inLanguage\":\"en-US\"},{\"@type\":\"WebPage\",\"@id\":\"https:\/\/orthodoxalbania.org\/2020\/2013\/03\/21\/mitropolia-e-shenjte-korce-sqarim-rreth-spekulimeve-per-te-ashtuquajturat-deklarata-te-mitropolise\/\",\"url\":\"https:\/\/orthodoxalbania.org\/2020\/2013\/03\/21\/mitropolia-e-shenjte-korce-sqarim-rreth-spekulimeve-per-te-ashtuquajturat-deklarata-te-mitropolise\/\",\"name\":\"Mitropolia e shenjt\u00eb, Korc\u00eb - Sqarim rreth spekulimeve p\u00ebr t\u00eb ashtuquajturat deklarata t\u00eb Mitropolis\u00eb. (Janar 2013) - Kisha Orthodh\u03bfkse Autoqefale e Shqip\u00ebris\u00eb\",\"isPartOf\":{\"@id\":\"https:\/\/orthodoxalbania.org\/2020\/#website\"},\"primaryImageOfPage\":{\"@id\":\"https:\/\/orthodoxalbania.org\/2020\/2013\/03\/21\/mitropolia-e-shenjte-korce-sqarim-rreth-spekulimeve-per-te-ashtuquajturat-deklarata-te-mitropolise\/#primaryimage\"},\"image\":{\"@id\":\"https:\/\/orthodoxalbania.org\/2020\/2013\/03\/21\/mitropolia-e-shenjte-korce-sqarim-rreth-spekulimeve-per-te-ashtuquajturat-deklarata-te-mitropolise\/#primaryimage\"},\"thumbnailUrl\":\"http:\/\/t2.gstatic.com\/images?q=tbn:ANd9GcT1_ma9nN_XQS349rr_QTE6svDKp4bJTcZ-JKSObQpcz9164Tmb_lWcXZ19\",\"datePublished\":\"2013-03-21T13:03:19+00:00\",\"dateModified\":\"2020-04-06T20:05:49+00:00\",\"breadcrumb\":{\"@id\":\"https:\/\/orthodoxalbania.org\/2020\/2013\/03\/21\/mitropolia-e-shenjte-korce-sqarim-rreth-spekulimeve-per-te-ashtuquajturat-deklarata-te-mitropolise\/#breadcrumb\"},\"inLanguage\":\"en-US\",\"potentialAction\":[{\"@type\":\"ReadAction\",\"target\":[\"https:\/\/orthodoxalbania.org\/2020\/2013\/03\/21\/mitropolia-e-shenjte-korce-sqarim-rreth-spekulimeve-per-te-ashtuquajturat-deklarata-te-mitropolise\/\"]}]},{\"@type\":\"ImageObject\",\"inLanguage\":\"en-US\",\"@id\":\"https:\/\/orthodoxalbania.org\/2020\/2013\/03\/21\/mitropolia-e-shenjte-korce-sqarim-rreth-spekulimeve-per-te-ashtuquajturat-deklarata-te-mitropolise\/#primaryimage\",\"url\":\"http:\/\/t2.gstatic.com\/images?q=tbn:ANd9GcT1_ma9nN_XQS349rr_QTE6svDKp4bJTcZ-JKSObQpcz9164Tmb_lWcXZ19\",\"contentUrl\":\"http:\/\/t2.gstatic.com\/images?q=tbn:ANd9GcT1_ma9nN_XQS349rr_QTE6svDKp4bJTcZ-JKSObQpcz9164Tmb_lWcXZ19\"},{\"@type\":\"BreadcrumbList\",\"@id\":\"https:\/\/orthodoxalbania.org\/2020\/2013\/03\/21\/mitropolia-e-shenjte-korce-sqarim-rreth-spekulimeve-per-te-ashtuquajturat-deklarata-te-mitropolise\/#breadcrumb\",\"itemListElement\":[{\"@type\":\"ListItem\",\"position\":1,\"name\":\"Home\",\"item\":\"https:\/\/orthodoxalbania.org\/2020\/\"},{\"@type\":\"ListItem\",\"position\":2,\"name\":\"Mitropolia e shenjt\u00eb, Korc\u00eb &#8211; Sqarim rreth spekulimeve p\u00ebr t\u00eb ashtuquajturat deklarata t\u00eb Mitropolis\u00eb. (Janar 2013)\"}]},{\"@type\":\"WebSite\",\"@id\":\"https:\/\/orthodoxalbania.org\/2020\/#website\",\"url\":\"https:\/\/orthodoxalbania.org\/2020\/\",\"name\":\"Kisha Orthodh\u03bfkse Autoqefale e Shqip\u00ebris\u00eb\",\"description\":\"Fqja Zyrtare e Kish\u00ebs Orthodhokse Autoqefale e Shqip\u00ebris\u00eb me lajmet edhe informacionet zyrtare p\u00ebr struktur\u00ebn edhe veprimtarin e saj.\",\"publisher\":{\"@id\":\"https:\/\/orthodoxalbania.org\/2020\/#organization\"},\"potentialAction\":[{\"@type\":\"SearchAction\",\"target\":{\"@type\":\"EntryPoint\",\"urlTemplate\":\"https:\/\/orthodoxalbania.org\/2020\/?s={search_term_string}\"},\"query-input\":{\"@type\":\"PropertyValueSpecification\",\"valueRequired\":true,\"valueName\":\"search_term_string\"}}],\"inLanguage\":\"en-US\"},{\"@type\":\"Organization\",\"@id\":\"https:\/\/orthodoxalbania.org\/2020\/#organization\",\"name\":\"Kisha Orthodhokse Autoqefale e Shqip\u00ebris\u00eb\",\"url\":\"https:\/\/orthodoxalbania.org\/2020\/\",\"logo\":{\"@type\":\"ImageObject\",\"inLanguage\":\"en-US\",\"@id\":\"https:\/\/orthodoxalbania.org\/2020\/#\/schema\/logo\/image\/\",\"url\":\"https:\/\/orthodoxalbania.org\/2020\/wp-content\/uploads\/2020\/05\/albania.jpeg\",\"contentUrl\":\"https:\/\/orthodoxalbania.org\/2020\/wp-content\/uploads\/2020\/05\/albania.jpeg\",\"width\":540,\"height\":540,\"caption\":\"Kisha Orthodhokse Autoqefale e Shqip\u00ebris\u00eb\"},\"image\":{\"@id\":\"https:\/\/orthodoxalbania.org\/2020\/#\/schema\/logo\/image\/\"},\"sameAs\":[\"https:\/\/www.facebook.com\/koash1991\"]},{\"@type\":\"Person\",\"@id\":\"https:\/\/orthodoxalbania.org\/2020\/#\/schema\/person\/0c387634a7063ac612d7ed9ce71c7e86\",\"name\":\"Kisha Orthodhokse\",\"image\":{\"@type\":\"ImageObject\",\"inLanguage\":\"en-US\",\"@id\":\"https:\/\/secure.gravatar.com\/avatar\/596e7c417251e30f2fbb9c00e026fce61a695a00e51c889caded71c96cbbdde5?s=96&d=mm&r=g\",\"url\":\"https:\/\/secure.gravatar.com\/avatar\/596e7c417251e30f2fbb9c00e026fce61a695a00e51c889caded71c96cbbdde5?s=96&d=mm&r=g\",\"contentUrl\":\"https:\/\/secure.gravatar.com\/avatar\/596e7c417251e30f2fbb9c00e026fce61a695a00e51c889caded71c96cbbdde5?s=96&d=mm&r=g\",\"caption\":\"Kisha Orthodhokse\"}}]}<\/script>\n<!-- \/ Yoast SEO plugin. -->","yoast_head_json":{"title":"Mitropolia e shenjt\u00eb, Korc\u00eb - Sqarim rreth spekulimeve p\u00ebr t\u00eb ashtuquajturat deklarata t\u00eb Mitropolis\u00eb. (Janar 2013) - Kisha Orthodh\u03bfkse Autoqefale e Shqip\u00ebris\u00eb","robots":{"index":"index","follow":"follow","max-snippet":"max-snippet:-1","max-image-preview":"max-image-preview:large","max-video-preview":"max-video-preview:-1"},"canonical":"https:\/\/orthodoxalbania.org\/2020\/2013\/03\/21\/mitropolia-e-shenjte-korce-sqarim-rreth-spekulimeve-per-te-ashtuquajturat-deklarata-te-mitropolise\/","og_locale":"en_US","og_type":"article","og_title":"Mitropolia e shenjt\u00eb, Korc\u00eb - Sqarim rreth spekulimeve p\u00ebr t\u00eb ashtuquajturat deklarata t\u00eb Mitropolis\u00eb. (Janar 2013) - Kisha Orthodh\u03bfkse Autoqefale e Shqip\u00ebris\u00eb","og_description":"&nbsp; &#8211; Sqarim rreth spekulimeve p\u00ebr t\u00eb ashtuquajturat deklarata t\u00eb Mitropolis\u00eb. &#8211;&nbsp; &nbsp; &nbsp;&nbsp;&nbsp; Q\u00ebllimi i k\u00ebsaj deklarate \u00ebsht\u00eb p\u00ebr t\u00eb qart\u00ebsuar edhe nj\u00eb her\u00eb q\u00ebndrimin e Mitropolis\u00eb s\u00eb Kor\u00e7\u00ebs rreth spekulimeve n\u00eb disa media dhe individ\u00eb t\u00eb ndrysh\u00ebm rreth t\u00eb ashtuquajturave deklarata t\u00eb Mitropolis\u00eb n\u00eb lidhje me dram\u00ebn \u201cSh\u00ebn Maria e Beratit\u201d. E vetmja deklarat\u00eb zyrtare e Mitropolis\u00eb \u00ebsht\u00eb ajo q\u00eb u dha zyrtarisht","og_url":"https:\/\/orthodoxalbania.org\/2020\/2013\/03\/21\/mitropolia-e-shenjte-korce-sqarim-rreth-spekulimeve-per-te-ashtuquajturat-deklarata-te-mitropolise\/","og_site_name":"Kisha Orthodh\u03bfkse Autoqefale e Shqip\u00ebris\u00eb","article_publisher":"https:\/\/www.facebook.com\/koash1991","article_published_time":"2013-03-21T13:03:19+00:00","article_modified_time":"2020-04-06T20:05:49+00:00","og_image":[{"url":"http:\/\/t2.gstatic.com\/images?q=tbn:ANd9GcT1_ma9nN_XQS349rr_QTE6svDKp4bJTcZ-JKSObQpcz9164Tmb_lWcXZ19","type":"","width":"","height":""}],"author":"Kisha Orthodhokse","twitter_card":"summary_large_image","twitter_misc":{"Written by":"Kisha Orthodhokse","Est. reading time":"1 minute"},"schema":{"@context":"https:\/\/schema.org","@graph":[{"@type":"Article","@id":"https:\/\/orthodoxalbania.org\/2020\/2013\/03\/21\/mitropolia-e-shenjte-korce-sqarim-rreth-spekulimeve-per-te-ashtuquajturat-deklarata-te-mitropolise\/#article","isPartOf":{"@id":"https:\/\/orthodoxalbania.org\/2020\/2013\/03\/21\/mitropolia-e-shenjte-korce-sqarim-rreth-spekulimeve-per-te-ashtuquajturat-deklarata-te-mitropolise\/"},"author":{"name":"Kisha Orthodhokse","@id":"https:\/\/orthodoxalbania.org\/2020\/#\/schema\/person\/0c387634a7063ac612d7ed9ce71c7e86"},"headline":"Mitropolia e shenjt\u00eb, Korc\u00eb &#8211; Sqarim rreth spekulimeve p\u00ebr t\u00eb ashtuquajturat deklarata t\u00eb Mitropolis\u00eb. (Janar 2013)","datePublished":"2013-03-21T13:03:19+00:00","dateModified":"2020-04-06T20:05:49+00:00","mainEntityOfPage":{"@id":"https:\/\/orthodoxalbania.org\/2020\/2013\/03\/21\/mitropolia-e-shenjte-korce-sqarim-rreth-spekulimeve-per-te-ashtuquajturat-deklarata-te-mitropolise\/"},"wordCount":220,"commentCount":0,"publisher":{"@id":"https:\/\/orthodoxalbania.org\/2020\/#organization"},"image":{"@id":"https:\/\/orthodoxalbania.org\/2020\/2013\/03\/21\/mitropolia-e-shenjte-korce-sqarim-rreth-spekulimeve-per-te-ashtuquajturat-deklarata-te-mitropolise\/#primaryimage"},"thumbnailUrl":"http:\/\/t2.gstatic.com\/images?q=tbn:ANd9GcT1_ma9nN_XQS349rr_QTE6svDKp4bJTcZ-JKSObQpcz9164Tmb_lWcXZ19","keywords":["2013","lajme","P\u00ebrgjigje ndaj akuzave"],"articleSection":["Lajme"],"inLanguage":"en-US"},{"@type":"WebPage","@id":"https:\/\/orthodoxalbania.org\/2020\/2013\/03\/21\/mitropolia-e-shenjte-korce-sqarim-rreth-spekulimeve-per-te-ashtuquajturat-deklarata-te-mitropolise\/","url":"https:\/\/orthodoxalbania.org\/2020\/2013\/03\/21\/mitropolia-e-shenjte-korce-sqarim-rreth-spekulimeve-per-te-ashtuquajturat-deklarata-te-mitropolise\/","name":"Mitropolia e shenjt\u00eb, Korc\u00eb - Sqarim rreth spekulimeve p\u00ebr t\u00eb ashtuquajturat deklarata t\u00eb Mitropolis\u00eb. (Janar 2013) - Kisha Orthodh\u03bfkse Autoqefale e Shqip\u00ebris\u00eb","isPartOf":{"@id":"https:\/\/orthodoxalbania.org\/2020\/#website"},"primaryImageOfPage":{"@id":"https:\/\/orthodoxalbania.org\/2020\/2013\/03\/21\/mitropolia-e-shenjte-korce-sqarim-rreth-spekulimeve-per-te-ashtuquajturat-deklarata-te-mitropolise\/#primaryimage"},"image":{"@id":"https:\/\/orthodoxalbania.org\/2020\/2013\/03\/21\/mitropolia-e-shenjte-korce-sqarim-rreth-spekulimeve-per-te-ashtuquajturat-deklarata-te-mitropolise\/#primaryimage"},"thumbnailUrl":"http:\/\/t2.gstatic.com\/images?q=tbn:ANd9GcT1_ma9nN_XQS349rr_QTE6svDKp4bJTcZ-JKSObQpcz9164Tmb_lWcXZ19","datePublished":"2013-03-21T13:03:19+00:00","dateModified":"2020-04-06T20:05:49+00:00","breadcrumb":{"@id":"https:\/\/orthodoxalbania.org\/2020\/2013\/03\/21\/mitropolia-e-shenjte-korce-sqarim-rreth-spekulimeve-per-te-ashtuquajturat-deklarata-te-mitropolise\/#breadcrumb"},"inLanguage":"en-US","potentialAction":[{"@type":"ReadAction","target":["https:\/\/orthodoxalbania.org\/2020\/2013\/03\/21\/mitropolia-e-shenjte-korce-sqarim-rreth-spekulimeve-per-te-ashtuquajturat-deklarata-te-mitropolise\/"]}]},{"@type":"ImageObject","inLanguage":"en-US","@id":"https:\/\/orthodoxalbania.org\/2020\/2013\/03\/21\/mitropolia-e-shenjte-korce-sqarim-rreth-spekulimeve-per-te-ashtuquajturat-deklarata-te-mitropolise\/#primaryimage","url":"http:\/\/t2.gstatic.com\/images?q=tbn:ANd9GcT1_ma9nN_XQS349rr_QTE6svDKp4bJTcZ-JKSObQpcz9164Tmb_lWcXZ19","contentUrl":"http:\/\/t2.gstatic.com\/images?q=tbn:ANd9GcT1_ma9nN_XQS349rr_QTE6svDKp4bJTcZ-JKSObQpcz9164Tmb_lWcXZ19"},{"@type":"BreadcrumbList","@id":"https:\/\/orthodoxalbania.org\/2020\/2013\/03\/21\/mitropolia-e-shenjte-korce-sqarim-rreth-spekulimeve-per-te-ashtuquajturat-deklarata-te-mitropolise\/#breadcrumb","itemListElement":[{"@type":"ListItem","position":1,"name":"Home","item":"https:\/\/orthodoxalbania.org\/2020\/"},{"@type":"ListItem","position":2,"name":"Mitropolia e shenjt\u00eb, Korc\u00eb &#8211; Sqarim rreth spekulimeve p\u00ebr t\u00eb ashtuquajturat deklarata t\u00eb Mitropolis\u00eb. (Janar 2013)"}]},{"@type":"WebSite","@id":"https:\/\/orthodoxalbania.org\/2020\/#website","url":"https:\/\/orthodoxalbania.org\/2020\/","name":"Kisha Orthodh\u03bfkse Autoqefale e Shqip\u00ebris\u00eb","description":"Fqja Zyrtare e Kish\u00ebs Orthodhokse Autoqefale e Shqip\u00ebris\u00eb me lajmet edhe informacionet zyrtare p\u00ebr struktur\u00ebn edhe veprimtarin e saj.","publisher":{"@id":"https:\/\/orthodoxalbania.org\/2020\/#organization"},"potentialAction":[{"@type":"SearchAction","target":{"@type":"EntryPoint","urlTemplate":"https:\/\/orthodoxalbania.org\/2020\/?s={search_term_string}"},"query-input":{"@type":"PropertyValueSpecification","valueRequired":true,"valueName":"search_term_string"}}],"inLanguage":"en-US"},{"@type":"Organization","@id":"https:\/\/orthodoxalbania.org\/2020\/#organization","name":"Kisha Orthodhokse Autoqefale e Shqip\u00ebris\u00eb","url":"https:\/\/orthodoxalbania.org\/2020\/","logo":{"@type":"ImageObject","inLanguage":"en-US","@id":"https:\/\/orthodoxalbania.org\/2020\/#\/schema\/logo\/image\/","url":"https:\/\/orthodoxalbania.org\/2020\/wp-content\/uploads\/2020\/05\/albania.jpeg","contentUrl":"https:\/\/orthodoxalbania.org\/2020\/wp-content\/uploads\/2020\/05\/albania.jpeg","width":540,"height":540,"caption":"Kisha Orthodhokse Autoqefale e Shqip\u00ebris\u00eb"},"image":{"@id":"https:\/\/orthodoxalbania.org\/2020\/#\/schema\/logo\/image\/"},"sameAs":["https:\/\/www.facebook.com\/koash1991"]},{"@type":"Person","@id":"https:\/\/orthodoxalbania.org\/2020\/#\/schema\/person\/0c387634a7063ac612d7ed9ce71c7e86","name":"Kisha Orthodhokse","image":{"@type":"ImageObject","inLanguage":"en-US","@id":"https:\/\/secure.gravatar.com\/avatar\/596e7c417251e30f2fbb9c00e026fce61a695a00e51c889caded71c96cbbdde5?s=96&d=mm&r=g","url":"https:\/\/secure.gravatar.com\/avatar\/596e7c417251e30f2fbb9c00e026fce61a695a00e51c889caded71c96cbbdde5?s=96&d=mm&r=g","contentUrl":"https:\/\/secure.gravatar.com\/avatar\/596e7c417251e30f2fbb9c00e026fce61a695a00e51c889caded71c96cbbdde5?s=96&d=mm&r=g","caption":"Kisha Orthodhokse"}}]}},"_links":{"self":[{"href":"https:\/\/orthodoxalbania.org\/2020\/wp-json\/wp\/v2\/posts\/955","targetHints":{"allow":["GET"]}}],"collection":[{"href":"https:\/\/orthodoxalbania.org\/2020\/wp-json\/wp\/v2\/posts"}],"about":[{"href":"https:\/\/orthodoxalbania.org\/2020\/wp-json\/wp\/v2\/types\/post"}],"author":[{"embeddable":true,"href":"https:\/\/orthodoxalbania.org\/2020\/wp-json\/wp\/v2\/users\/1"}],"replies":[{"embeddable":true,"href":"https:\/\/orthodoxalbania.org\/2020\/wp-json\/wp\/v2\/comments?post=955"}],"version-history":[{"count":1,"href":"https:\/\/orthodoxalbania.org\/2020\/wp-json\/wp\/v2\/posts\/955\/revisions"}],"predecessor-version":[{"id":15250,"href":"https:\/\/orthodoxalbania.org\/2020\/wp-json\/wp\/v2\/posts\/955\/revisions\/15250"}],"wp:attachment":[{"href":"https:\/\/orthodoxalbania.org\/2020\/wp-json\/wp\/v2\/media?parent=955"}],"wp:term":[{"taxonomy":"category","embeddable":true,"href":"https:\/\/orthodoxalbania.org\/2020\/wp-json\/wp\/v2\/categories?post=955"},{"taxonomy":"post_tag","embeddable":true,"href":"https:\/\/orthodoxalbania.org\/2020\/wp-json\/wp\/v2\/tags?post=955"}],"curies":[{"name":"wp","href":"https:\/\/api.w.org\/{rel}","templated":true}]}}