{"id":953,"date":"2007-02-26T00:00:00","date_gmt":"2007-02-26T00:00:00","guid":{"rendered":""},"modified":"2020-04-06T22:35:54","modified_gmt":"2020-04-06T20:35:54","slug":"miqesi-te-reja-me-femijet-kosovare-ne-fshatin-caralluke-te-malisheves-shtator-2007","status":"publish","type":"post","link":"https:\/\/orthodoxalbania.org\/2020\/2007\/02\/26\/miqesi-te-reja-me-femijet-kosovare-ne-fshatin-caralluke-te-malisheves-shtator-2007\/","title":{"rendered":"Miq\u00ebsi t\u00eb reja me f\u00ebmij\u00ebt kosovar\u00eb n\u00eb fshatin Caralluk\u00eb t\u00eb Malishev\u00ebs. (Shtator 2007)"},"content":{"rendered":"<div style=\"text-align: justify;\"><span style=\"color: #000000;\"><span style=\"font-family: tahoma,geneva,sans-serif;\"><span style=\"font-size: 12px;\">&nbsp;<img decoding=\"async\" class=\"lazyload HAa Eha\" style=\"height: 133px; width: 200px; border-width: 1px; border-style: solid; margin: 10px; float: left;\" alt=\"\" src=\"data:image\/gif;base64,R0lGODlhAQABAAAAACH5BAEKAAEALAAAAAABAAEAAAICTAEAOw==\" data-orig-src=\"https:\/\/lh3.googleusercontent.com\/-_AC4lysZQZQ\/VImJ8HQsEeI\/AAAAAAAAGf8\/g1b4BkeFk7s\/w400-h266-no\/pic1.jpg\" \/>&nbsp;&nbsp; P\u00ebr t\u2019iu p\u00ebrgjigjur k\u00ebrkes\u00ebs s\u00eb drejtorit t\u00eb shkoll\u00ebs \u201cImer Krasniqi\u201d z. Idriz Hoti p\u00ebr mbajtjen e nj\u00eb kampi veror, n\u00eb fund t\u00eb muajit gusht u organizua kampi \u201cMiq\u00ebsia\u201d. Disa t\u00eb rinj vullnetar\u00eb t\u00eb Kish\u00ebs Orthodhokse Autoqefale t\u00eb Shqip\u00ebris\u00eb drejtuan nj\u00eb aktivitetet t\u00eb larmish\u00ebm, t\u00eb udh\u00ebhequr nga bashk\u00ebpun\u00ebtori amerikan i Kish\u00ebs son\u00eb Nathan Hoppe dhe koordinatorja e Zyr\u00ebs s\u00eb F\u00ebmij\u00ebve znj. Gabriela Bezhani.<\/span><\/span><\/span><\/div>\n<div style=\"text-align: justify;\"><span style=\"color: #000000;\"><span style=\"font-family: tahoma,geneva,sans-serif;\"><span style=\"font-size: 12px;\">&nbsp;&nbsp;&nbsp;&nbsp;&nbsp;&nbsp;&nbsp;&nbsp;&nbsp;&nbsp;&nbsp;&nbsp;&nbsp;&nbsp;&nbsp;&nbsp;&nbsp;&nbsp;&nbsp;&nbsp;&nbsp;&nbsp;&nbsp;&nbsp;&nbsp;&nbsp;&nbsp;&nbsp; <\/span><\/span><\/span><\/div>\n<div style=\"text-align: justify;\"><span style=\"color: #000000;\"><span style=\"font-family: tahoma,geneva,sans-serif;\"><span style=\"font-size: 12px;\">&nbsp;&nbsp;&nbsp; Tema e kampit \u201cMiq\u00ebsia\u201d u zgjodh n\u00eb linj\u00eb logjike me nj\u00eb miq\u00ebsi t\u00eb krijuar vite m\u00eb par\u00eb, n\u00eb koh\u00ebn e q\u00ebndrimit n\u00eb Shqip\u00ebri t\u00eb mij\u00ebra kosovar\u00ebve.&nbsp; Kjo ishte hera e par\u00eb n\u00eb shkoll\u00ebn \u201cImer Krasniqi\u201d t\u00eb fshatit Caralluk\u00eb t\u00eb komun\u00ebs s\u00eb Malishev\u00ebs q\u00eb u zhvillua nj\u00eb kamp p\u00ebr arg\u00ebtimin e f\u00ebmij\u00ebve. Grupi q\u00eb zhvillonte kampin pati nj\u00eb mir\u00ebseardhje dhe nj\u00eb mikpritje t\u00eb mir\u00eb nga arsimtar\u00ebt e k\u00ebsaj shkolle e sidomos nga drejtori z. Idriz Hoti si edhe nga prind\u00ebrit dhe f\u00ebmij\u00ebt.<\/span><\/span><\/span><\/div>\n<div style=\"text-align: justify;\">&nbsp;<\/div>\n<div style=\"text-align: justify;\"><span style=\"color: #000000;\"><span style=\"font-family: tahoma,geneva,sans-serif;\"><span style=\"font-size: 12px;\">&nbsp;&nbsp;&nbsp; <img decoding=\"async\" class=\"lazyload HAa Eha\" style=\"height: 133px; width: 200px; border-width: 1px; border-style: solid; margin: 10px; float: right;\" alt=\"\" src=\"data:image\/gif;base64,R0lGODlhAQABAAAAACH5BAEKAAEALAAAAAABAAEAAAICTAEAOw==\" data-orig-src=\"https:\/\/lh3.googleusercontent.com\/-BOUo94I76ko\/VImJ8rqiVkI\/AAAAAAAAGgY\/q1MvhAk3iZU\/w400-h266-no\/pic4.jpg\" \/>Pati nj\u00eb pjes\u00ebmarrje masive nga f\u00ebmij\u00ebt kosovar\u00eb n\u00eb dit\u00ebt e kampit dhe num\u00ebroheshin m\u00eb shum\u00eb se 300 f\u00ebmij\u00eb. Arsimtar\u00ebt kosovar\u00eb ofruan ndihm\u00ebn e tyre duke marr\u00eb pjes\u00eb \u00e7do dit\u00eb n\u00eb aktivitete. Programi ishte zbavit\u00ebs dhe pjes\u00ebn d\u00ebrrmuese e zinin loj\u00ebrat n\u00eb grup t\u00eb vog\u00ebl dhe n\u00eb grup t\u00eb madh, puna e dor\u00ebs, loj\u00ebra sportive, humor, biseda miq\u00ebsore si edhe p\u00ebrgatitjet p\u00ebr fest\u00ebn e fundit t\u00eb veprimtaris\u00eb n\u00eb t\u00eb cil\u00ebn f\u00ebmij\u00ebt shpreh\u00ebn talentin e tyre n\u00eb k\u00ebng\u00eb, valle, pjes\u00eb humori etj.<\/span><\/span><\/span><\/div>\n<div style=\"text-align: justify;\"><span style=\"color: #000000;\"><span style=\"font-family: tahoma,geneva,sans-serif;\"><span style=\"font-size: 12px;\">&nbsp;&nbsp;&nbsp;&nbsp;&nbsp;&nbsp;&nbsp;&nbsp;&nbsp;&nbsp;&nbsp;&nbsp;&nbsp;&nbsp;&nbsp;<\/span><\/span><\/span><\/div>\n<div style=\"text-align: justify;\"><span style=\"color: #000000;\"><span style=\"font-family: tahoma,geneva,sans-serif;\"><span style=\"font-size: 12px;\"><img decoding=\"async\" class=\"lazyload HAa Eha\" style=\"border-width: 1px; border-style: solid; margin: 10px; float: left; height: 133px; width: 200px;\" alt=\"\" src=\"data:image\/gif;base64,R0lGODlhAQABAAAAACH5BAEKAAEALAAAAAABAAEAAAICTAEAOw==\" data-orig-src=\"https:\/\/lh5.googleusercontent.com\/-WtcPFwLtXNE\/VImJ8SSZSJI\/AAAAAAAAGgc\/xtctNj7wv4E\/w400-h266-no\/pic2.jpg\" \/>&nbsp;&nbsp;&nbsp; P\u00ebr t\u00eb shprehur simbolin e k\u00ebtij aktiviteti, grupi vullnetar i t\u00eb rinjve orthodhoks\u00eb dhan\u00eb nj\u00eb shfaqje duke treguar rolin e fryteve q\u00eb jan\u00eb virtytet, t\u00eb cilat p\u00ebrb\u00ebjn\u00eb edhe pem\u00ebn e miq\u00ebsis\u00eb. N\u00eb shkoll\u00eb u shp\u00ebrndan\u00eb edhe dhurata p\u00ebr f\u00ebmij\u00ebt q\u00eb u p\u00ebrgatit\u00ebn nga nj\u00eb grup miqsh orthodhoks\u00eb amerikan\u00eb t\u00eb ardhur n\u00eb vendin ton\u00eb p\u00ebr vizit\u00eb.<\/span><\/span><\/span><\/div>\n<div style=\"text-align: justify;\">&nbsp;<\/div>\n<div style=\"text-align: justify;\"><span style=\"color: #000000;\"><span style=\"font-family: tahoma,geneva,sans-serif;\"><span style=\"font-size: 12px;\">&nbsp;&nbsp;&nbsp; \u201cF\u00ebmij\u00ebt kan\u00eb mbetur t\u00eb k\u00ebnaqur nga ky aktivitet, sepse \u00ebsht\u00eb i vetmi q\u00eb organizohet gjat\u00eb vitit shkollor. Kisha d\u00ebgjuar q\u00eb prej vitesh organizohen n\u00eb komun\u00ebn ton\u00eb aktivitete nga Kisha Orthodhokse Autoqefale e Shqip\u00ebris\u00eb, prandaj b\u00ebra k\u00ebrkes\u00eb q\u00eb ky aktivitet t\u00eb kryhej edhe n\u00eb shkoll\u00ebn ton\u00eb.<\/span><\/span><\/span><\/div>\n<div style=\"text-align: justify;\"><span style=\"color: #000000;\"><span style=\"font-family: tahoma,geneva,sans-serif;\"><span style=\"font-size: 12px;\">&nbsp;&nbsp;&nbsp;&nbsp;&nbsp;&nbsp;&nbsp;&nbsp;&nbsp;&nbsp;&nbsp;&nbsp;&nbsp;&nbsp;&nbsp;<\/span><\/span><\/span><\/div>\n<div style=\"text-align: justify;\"><span style=\"color: #000000;\"><span style=\"font-family: tahoma,geneva,sans-serif;\"><span style=\"font-size: 12px;\">&nbsp;&nbsp;&nbsp; <img decoding=\"async\" class=\"lazyload HAa Eha\" style=\"border-width: 1px; border-style: solid; margin: 10px; height: 133px; width: 200px; float: right;\" alt=\"\" src=\"data:image\/gif;base64,R0lGODlhAQABAAAAACH5BAEKAAEALAAAAAABAAEAAAICTAEAOw==\" data-orig-src=\"https:\/\/lh3.googleusercontent.com\/-9Ggmkae2_j4\/VImJ9CR4NkI\/AAAAAAAAGgQ\/oqyEfWZ75ek\/w400-h266-no\/pic5.jpg\" \/>E fal\u00ebnderoj grupin e t\u00eb rinjve orthodhoks\u00eb shqiptar\u00eb dhe i mir\u00ebpresim edhe vitin tjet\u00ebr\u201d \u2013 tha drejtori i shkoll\u00ebs, z. Idriz Hoti. Dit\u00ebn e fundit, n\u00eb mbr\u00ebmjen festive me arsimtar\u00ebt e shkoll\u00ebs mori pjes\u00eb edhe kryetari i Komun\u00ebs s\u00eb Malishev\u00ebs z. Gani Krasniqi, i cili n\u00eb em\u00ebr t\u00eb banor\u00ebve t\u00eb zon\u00ebs fal\u00ebnderoi organizator\u00ebt p\u00ebr realizimin e k\u00ebtij aktiviteti.<\/span><\/span><\/span><\/div>\n<div style=\"text-align: justify;\">&nbsp;<\/div>\n<div style=\"text-align: justify;\"><span style=\"color: #000000;\"><span style=\"font-family: tahoma,geneva,sans-serif;\"><span style=\"font-size: 12px;\">&nbsp;<img decoding=\"async\" class=\"lazyload HAa Eha\" style=\"height: 133px; width: 200px; border-width: 1px; border-style: solid; margin: 10px; float: left;\" alt=\"\" src=\"data:image\/gif;base64,R0lGODlhAQABAAAAACH5BAEKAAEALAAAAAABAAEAAAICTAEAOw==\" data-orig-src=\"https:\/\/lh3.googleusercontent.com\/-VEDXE1SZU9c\/VImJ8aILZAI\/AAAAAAAAGgk\/HxJwNBhHM0A\/w400-h266-no\/pic3.jpg\" \/>&nbsp;&nbsp; Miq\u00ebsia mes t\u00eb rinjve orthodhoks\u00eb shqiptar\u00eb me f\u00ebmij\u00ebt kosovar\u00eb po ndjek nj\u00eb tradit\u00eb t\u00eb ve\u00e7ant\u00eb p\u00ebrmes organizimit t\u00eb aktiviteteve kulturore dhe edukative. P\u00ebr t\u00eb gjashtin vit me radh\u00eb, m\u00eb shum\u00eb se 100 vullnetar\u00eb jan\u00eb p\u00ebrpjekur t\u00eb&nbsp; mbjellin dhe t\u00eb kultivojn\u00eb te f\u00ebmij\u00ebt e komun\u00ebs s\u00eb Malishev\u00ebs vlerat kryesore t\u00eb shoq\u00ebris\u00eb. K\u00ebt\u00eb ver\u00eb ata organizuan m\u00eb par\u00eb edhe kat\u00ebr kampe verore q\u00eb identifikohen me emra virtytesh t\u00eb tilla si: n\u00eb Caralluk\u00eb me emrin \u201cZem\u00ebrgjer\u00ebsia\u201d, n\u00eb Malishev\u00eb me emrin \u201cShpresa\u201d, n\u00eb Banja me emrin \u201cG\u00ebzimi\u201d dhe n\u00eb Begaj me emrin \u201cMir\u00ebsia\u201d.<\/span><\/span><\/span><\/div>\n<div style=\"text-align: justify;\"><span style=\"color: #000000;\"><span style=\"font-family: tahoma,geneva,sans-serif;\"><span style=\"font-size: 12px;\">&nbsp;&nbsp;&nbsp;&nbsp;&nbsp;&nbsp;&nbsp;&nbsp;&nbsp;&nbsp;&nbsp;&nbsp;&nbsp;&nbsp;&nbsp;<\/span><\/span><\/span><\/div>\n<div style=\"text-align: justify;\"><span style=\"color: #000000;\"><span style=\"font-family: tahoma,geneva,sans-serif;\"><span style=\"font-size: 12px;\">&nbsp;&nbsp;&nbsp; M\u00eb shum\u00eb se 1500 f\u00ebmij\u00eb mor\u00ebn pjes\u00eb n\u00eb k\u00ebto veprimtari t\u00eb larmishme. Vullnetar\u00ebt e ardhur nga Shqip\u00ebria u p\u00ebrqendruan n\u00eb programe edukative p\u00ebrmes t\u00eb cilave realizuan p\u00ebrcjelljen e dijes dhe krijimtaris\u00eb te f\u00ebmij\u00ebt, duke i shnd\u00ebrruar k\u00ebshtu kampet n\u00eb nj\u00eb model t\u00eb shkollave verore.<\/span><\/span><\/span><\/div>\n<div style=\"text-align: justify;\">&nbsp;<\/div>\n<div style=\"text-align: right;\"><span style=\"color: #000000;\"><strong><span style=\"font-family: tahoma,geneva,sans-serif;\"><span style=\"font-size: 12px;\">Sofia Bregu<\/span><\/span><\/strong><\/span><\/div>\n","protected":false},"excerpt":{"rendered":"<p>&nbsp;&nbsp;&nbsp; P\u00ebr t\u2019iu p\u00ebrgjigjur k\u00ebrkes\u00ebs s\u00eb drejtorit t\u00eb shkoll\u00ebs \u201cImer Krasniqi\u201d z. Idriz Hoti p\u00ebr mbajtjen e nj\u00eb kampi veror, n\u00eb fund t\u00eb muajit gusht u organizua kampi \u201cMiq\u00ebsia\u201d. Disa t\u00eb rinj vullnetar\u00eb t\u00eb Kish\u00ebs Orthodhokse Autoqefale t\u00eb Shqip\u00ebris\u00eb drejtuan nj\u00eb aktivitetet t\u00eb larmish\u00ebm, t\u00eb udh\u00ebhequr nga bashk\u00ebpun\u00ebtori amerikan i Kish\u00ebs son\u00eb Nathan Hoppe dhe koordinatorja e Zyr\u00ebs s\u00eb F\u00ebmij\u00ebve znj. Gabriela Bezhani. &nbsp;&nbsp;&nbsp;&nbsp;&nbsp;&nbsp;&nbsp;&nbsp;&nbsp;&nbsp;&nbsp;&nbsp;&nbsp;&nbsp;&nbsp;&nbsp;&nbsp;&nbsp;&nbsp;&nbsp;&nbsp;&nbsp;&nbsp;&nbsp;&nbsp;&nbsp;&nbsp;&nbsp; &nbsp;&nbsp;&nbsp;<\/p>\n","protected":false},"author":1,"featured_media":0,"comment_status":"open","ping_status":"open","sticky":false,"template":"","format":"standard","meta":{"_acf_changed":false,"pagelayer_contact_templates":[],"_pagelayer_content":"","inline_featured_image":false,"fifu_image_url":"","fifu_image_alt":"","footnotes":""},"categories":[108],"tags":[147,196,212,156],"class_list":["post-953","post","type-post","status-publish","format-standard","hentry","category-lajme","tag-147","tag-tirane","tag-lajme-d27","tag-femijet"],"acf":[],"yoast_head":"<!-- This site is optimized with the Yoast SEO plugin v27.2 - https:\/\/yoast.com\/product\/yoast-seo-wordpress\/ -->\n<title>Miq\u00ebsi t\u00eb reja me f\u00ebmij\u00ebt kosovar\u00eb n\u00eb fshatin Caralluk\u00eb t\u00eb Malishev\u00ebs. (Shtator 2007) - Kisha Orthodh\u03bfkse Autoqefale e Shqip\u00ebris\u00eb<\/title>\n<meta name=\"robots\" content=\"index, follow, max-snippet:-1, max-image-preview:large, max-video-preview:-1\" \/>\n<link rel=\"canonical\" href=\"https:\/\/orthodoxalbania.org\/2020\/2007\/02\/26\/miqesi-te-reja-me-femijet-kosovare-ne-fshatin-caralluke-te-malisheves-shtator-2007\/\" \/>\n<meta property=\"og:locale\" content=\"en_US\" \/>\n<meta property=\"og:type\" content=\"article\" \/>\n<meta property=\"og:title\" content=\"Miq\u00ebsi t\u00eb reja me f\u00ebmij\u00ebt kosovar\u00eb n\u00eb fshatin Caralluk\u00eb t\u00eb Malishev\u00ebs. (Shtator 2007) - Kisha Orthodh\u03bfkse Autoqefale e Shqip\u00ebris\u00eb\" \/>\n<meta property=\"og:description\" content=\"&nbsp;&nbsp;&nbsp; P\u00ebr t\u2019iu p\u00ebrgjigjur k\u00ebrkes\u00ebs s\u00eb drejtorit t\u00eb shkoll\u00ebs \u201cImer Krasniqi\u201d z. Idriz Hoti p\u00ebr mbajtjen e nj\u00eb kampi veror, n\u00eb fund t\u00eb muajit gusht u organizua kampi \u201cMiq\u00ebsia\u201d. Disa t\u00eb rinj vullnetar\u00eb t\u00eb Kish\u00ebs Orthodhokse Autoqefale t\u00eb Shqip\u00ebris\u00eb drejtuan nj\u00eb aktivitetet t\u00eb larmish\u00ebm, t\u00eb udh\u00ebhequr nga bashk\u00ebpun\u00ebtori amerikan i Kish\u00ebs son\u00eb Nathan Hoppe dhe koordinatorja e Zyr\u00ebs s\u00eb F\u00ebmij\u00ebve znj. Gabriela Bezhani. &nbsp;&nbsp;&nbsp;&nbsp;&nbsp;&nbsp;&nbsp;&nbsp;&nbsp;&nbsp;&nbsp;&nbsp;&nbsp;&nbsp;&nbsp;&nbsp;&nbsp;&nbsp;&nbsp;&nbsp;&nbsp;&nbsp;&nbsp;&nbsp;&nbsp;&nbsp;&nbsp;&nbsp; &nbsp;&nbsp;&nbsp;\" \/>\n<meta property=\"og:url\" content=\"https:\/\/orthodoxalbania.org\/2020\/2007\/02\/26\/miqesi-te-reja-me-femijet-kosovare-ne-fshatin-caralluke-te-malisheves-shtator-2007\/\" \/>\n<meta property=\"og:site_name\" content=\"Kisha Orthodh\u03bfkse Autoqefale e Shqip\u00ebris\u00eb\" \/>\n<meta property=\"article:publisher\" content=\"https:\/\/www.facebook.com\/koash1991\" \/>\n<meta property=\"article:published_time\" content=\"2007-02-26T00:00:00+00:00\" \/>\n<meta property=\"article:modified_time\" content=\"2020-04-06T20:35:54+00:00\" \/>\n<meta property=\"og:image\" content=\"https:\/\/lh3.googleusercontent.com\/-_AC4lysZQZQ\/VImJ8HQsEeI\/AAAAAAAAGf8\/g1b4BkeFk7s\/w400-h266-no\/pic1.jpg\" \/>\n<meta name=\"author\" content=\"Kisha Orthodhokse\" \/>\n<meta name=\"twitter:card\" content=\"summary_large_image\" \/>\n<meta name=\"twitter:label1\" content=\"Written by\" \/>\n\t<meta name=\"twitter:data1\" content=\"Kisha Orthodhokse\" \/>\n\t<meta name=\"twitter:label2\" content=\"Est. reading time\" \/>\n\t<meta name=\"twitter:data2\" content=\"4 minutes\" \/>\n<script type=\"application\/ld+json\" class=\"yoast-schema-graph\">{\"@context\":\"https:\/\/schema.org\",\"@graph\":[{\"@type\":\"Article\",\"@id\":\"https:\/\/orthodoxalbania.org\/2020\/2007\/02\/26\/miqesi-te-reja-me-femijet-kosovare-ne-fshatin-caralluke-te-malisheves-shtator-2007\/#article\",\"isPartOf\":{\"@id\":\"https:\/\/orthodoxalbania.org\/2020\/2007\/02\/26\/miqesi-te-reja-me-femijet-kosovare-ne-fshatin-caralluke-te-malisheves-shtator-2007\/\"},\"author\":{\"name\":\"Kisha Orthodhokse\",\"@id\":\"https:\/\/orthodoxalbania.org\/2020\/#\/schema\/person\/0c387634a7063ac612d7ed9ce71c7e86\"},\"headline\":\"Miq\u00ebsi t\u00eb reja me f\u00ebmij\u00ebt kosovar\u00eb n\u00eb fshatin Caralluk\u00eb t\u00eb Malishev\u00ebs. (Shtator 2007)\",\"datePublished\":\"2007-02-26T00:00:00+00:00\",\"dateModified\":\"2020-04-06T20:35:54+00:00\",\"mainEntityOfPage\":{\"@id\":\"https:\/\/orthodoxalbania.org\/2020\/2007\/02\/26\/miqesi-te-reja-me-femijet-kosovare-ne-fshatin-caralluke-te-malisheves-shtator-2007\/\"},\"wordCount\":762,\"commentCount\":0,\"publisher\":{\"@id\":\"https:\/\/orthodoxalbania.org\/2020\/#organization\"},\"image\":{\"@id\":\"https:\/\/orthodoxalbania.org\/2020\/2007\/02\/26\/miqesi-te-reja-me-femijet-kosovare-ne-fshatin-caralluke-te-malisheves-shtator-2007\/#primaryimage\"},\"thumbnailUrl\":\"https:\/\/lh3.googleusercontent.com\/-_AC4lysZQZQ\/VImJ8HQsEeI\/AAAAAAAAGf8\/g1b4BkeFk7s\/w400-h266-no\/pic1.jpg\",\"keywords\":[\"2007\",\"Kryepiskopata Tiran\u00eb\",\"lajme\",\"Zyra e F\u00ebmij\u00ebve\"],\"articleSection\":[\"Lajme\"],\"inLanguage\":\"en-US\"},{\"@type\":\"WebPage\",\"@id\":\"https:\/\/orthodoxalbania.org\/2020\/2007\/02\/26\/miqesi-te-reja-me-femijet-kosovare-ne-fshatin-caralluke-te-malisheves-shtator-2007\/\",\"url\":\"https:\/\/orthodoxalbania.org\/2020\/2007\/02\/26\/miqesi-te-reja-me-femijet-kosovare-ne-fshatin-caralluke-te-malisheves-shtator-2007\/\",\"name\":\"Miq\u00ebsi t\u00eb reja me f\u00ebmij\u00ebt kosovar\u00eb n\u00eb fshatin Caralluk\u00eb t\u00eb Malishev\u00ebs. (Shtator 2007) - Kisha Orthodh\u03bfkse Autoqefale e Shqip\u00ebris\u00eb\",\"isPartOf\":{\"@id\":\"https:\/\/orthodoxalbania.org\/2020\/#website\"},\"primaryImageOfPage\":{\"@id\":\"https:\/\/orthodoxalbania.org\/2020\/2007\/02\/26\/miqesi-te-reja-me-femijet-kosovare-ne-fshatin-caralluke-te-malisheves-shtator-2007\/#primaryimage\"},\"image\":{\"@id\":\"https:\/\/orthodoxalbania.org\/2020\/2007\/02\/26\/miqesi-te-reja-me-femijet-kosovare-ne-fshatin-caralluke-te-malisheves-shtator-2007\/#primaryimage\"},\"thumbnailUrl\":\"https:\/\/lh3.googleusercontent.com\/-_AC4lysZQZQ\/VImJ8HQsEeI\/AAAAAAAAGf8\/g1b4BkeFk7s\/w400-h266-no\/pic1.jpg\",\"datePublished\":\"2007-02-26T00:00:00+00:00\",\"dateModified\":\"2020-04-06T20:35:54+00:00\",\"breadcrumb\":{\"@id\":\"https:\/\/orthodoxalbania.org\/2020\/2007\/02\/26\/miqesi-te-reja-me-femijet-kosovare-ne-fshatin-caralluke-te-malisheves-shtator-2007\/#breadcrumb\"},\"inLanguage\":\"en-US\",\"potentialAction\":[{\"@type\":\"ReadAction\",\"target\":[\"https:\/\/orthodoxalbania.org\/2020\/2007\/02\/26\/miqesi-te-reja-me-femijet-kosovare-ne-fshatin-caralluke-te-malisheves-shtator-2007\/\"]}]},{\"@type\":\"ImageObject\",\"inLanguage\":\"en-US\",\"@id\":\"https:\/\/orthodoxalbania.org\/2020\/2007\/02\/26\/miqesi-te-reja-me-femijet-kosovare-ne-fshatin-caralluke-te-malisheves-shtator-2007\/#primaryimage\",\"url\":\"https:\/\/lh3.googleusercontent.com\/-_AC4lysZQZQ\/VImJ8HQsEeI\/AAAAAAAAGf8\/g1b4BkeFk7s\/w400-h266-no\/pic1.jpg\",\"contentUrl\":\"https:\/\/lh3.googleusercontent.com\/-_AC4lysZQZQ\/VImJ8HQsEeI\/AAAAAAAAGf8\/g1b4BkeFk7s\/w400-h266-no\/pic1.jpg\"},{\"@type\":\"BreadcrumbList\",\"@id\":\"https:\/\/orthodoxalbania.org\/2020\/2007\/02\/26\/miqesi-te-reja-me-femijet-kosovare-ne-fshatin-caralluke-te-malisheves-shtator-2007\/#breadcrumb\",\"itemListElement\":[{\"@type\":\"ListItem\",\"position\":1,\"name\":\"Home\",\"item\":\"https:\/\/orthodoxalbania.org\/2020\/\"},{\"@type\":\"ListItem\",\"position\":2,\"name\":\"Miq\u00ebsi t\u00eb reja me f\u00ebmij\u00ebt kosovar\u00eb n\u00eb fshatin Caralluk\u00eb t\u00eb Malishev\u00ebs. (Shtator 2007)\"}]},{\"@type\":\"WebSite\",\"@id\":\"https:\/\/orthodoxalbania.org\/2020\/#website\",\"url\":\"https:\/\/orthodoxalbania.org\/2020\/\",\"name\":\"Kisha Orthodh\u03bfkse Autoqefale e Shqip\u00ebris\u00eb\",\"description\":\"Fqja Zyrtare e Kish\u00ebs Orthodhokse Autoqefale e Shqip\u00ebris\u00eb me lajmet edhe informacionet zyrtare p\u00ebr struktur\u00ebn edhe veprimtarin e saj.\",\"publisher\":{\"@id\":\"https:\/\/orthodoxalbania.org\/2020\/#organization\"},\"potentialAction\":[{\"@type\":\"SearchAction\",\"target\":{\"@type\":\"EntryPoint\",\"urlTemplate\":\"https:\/\/orthodoxalbania.org\/2020\/?s={search_term_string}\"},\"query-input\":{\"@type\":\"PropertyValueSpecification\",\"valueRequired\":true,\"valueName\":\"search_term_string\"}}],\"inLanguage\":\"en-US\"},{\"@type\":\"Organization\",\"@id\":\"https:\/\/orthodoxalbania.org\/2020\/#organization\",\"name\":\"Kisha Orthodhokse Autoqefale e Shqip\u00ebris\u00eb\",\"url\":\"https:\/\/orthodoxalbania.org\/2020\/\",\"logo\":{\"@type\":\"ImageObject\",\"inLanguage\":\"en-US\",\"@id\":\"https:\/\/orthodoxalbania.org\/2020\/#\/schema\/logo\/image\/\",\"url\":\"https:\/\/orthodoxalbania.org\/2020\/wp-content\/uploads\/2020\/05\/albania.jpeg\",\"contentUrl\":\"https:\/\/orthodoxalbania.org\/2020\/wp-content\/uploads\/2020\/05\/albania.jpeg\",\"width\":540,\"height\":540,\"caption\":\"Kisha Orthodhokse Autoqefale e Shqip\u00ebris\u00eb\"},\"image\":{\"@id\":\"https:\/\/orthodoxalbania.org\/2020\/#\/schema\/logo\/image\/\"},\"sameAs\":[\"https:\/\/www.facebook.com\/koash1991\"]},{\"@type\":\"Person\",\"@id\":\"https:\/\/orthodoxalbania.org\/2020\/#\/schema\/person\/0c387634a7063ac612d7ed9ce71c7e86\",\"name\":\"Kisha Orthodhokse\",\"image\":{\"@type\":\"ImageObject\",\"inLanguage\":\"en-US\",\"@id\":\"https:\/\/secure.gravatar.com\/avatar\/596e7c417251e30f2fbb9c00e026fce61a695a00e51c889caded71c96cbbdde5?s=96&d=mm&r=g\",\"url\":\"https:\/\/secure.gravatar.com\/avatar\/596e7c417251e30f2fbb9c00e026fce61a695a00e51c889caded71c96cbbdde5?s=96&d=mm&r=g\",\"contentUrl\":\"https:\/\/secure.gravatar.com\/avatar\/596e7c417251e30f2fbb9c00e026fce61a695a00e51c889caded71c96cbbdde5?s=96&d=mm&r=g\",\"caption\":\"Kisha Orthodhokse\"}}]}<\/script>\n<!-- \/ Yoast SEO plugin. -->","yoast_head_json":{"title":"Miq\u00ebsi t\u00eb reja me f\u00ebmij\u00ebt kosovar\u00eb n\u00eb fshatin Caralluk\u00eb t\u00eb Malishev\u00ebs. (Shtator 2007) - Kisha Orthodh\u03bfkse Autoqefale e Shqip\u00ebris\u00eb","robots":{"index":"index","follow":"follow","max-snippet":"max-snippet:-1","max-image-preview":"max-image-preview:large","max-video-preview":"max-video-preview:-1"},"canonical":"https:\/\/orthodoxalbania.org\/2020\/2007\/02\/26\/miqesi-te-reja-me-femijet-kosovare-ne-fshatin-caralluke-te-malisheves-shtator-2007\/","og_locale":"en_US","og_type":"article","og_title":"Miq\u00ebsi t\u00eb reja me f\u00ebmij\u00ebt kosovar\u00eb n\u00eb fshatin Caralluk\u00eb t\u00eb Malishev\u00ebs. (Shtator 2007) - Kisha Orthodh\u03bfkse Autoqefale e Shqip\u00ebris\u00eb","og_description":"&nbsp;&nbsp;&nbsp; P\u00ebr t\u2019iu p\u00ebrgjigjur k\u00ebrkes\u00ebs s\u00eb drejtorit t\u00eb shkoll\u00ebs \u201cImer Krasniqi\u201d z. Idriz Hoti p\u00ebr mbajtjen e nj\u00eb kampi veror, n\u00eb fund t\u00eb muajit gusht u organizua kampi \u201cMiq\u00ebsia\u201d. Disa t\u00eb rinj vullnetar\u00eb t\u00eb Kish\u00ebs Orthodhokse Autoqefale t\u00eb Shqip\u00ebris\u00eb drejtuan nj\u00eb aktivitetet t\u00eb larmish\u00ebm, t\u00eb udh\u00ebhequr nga bashk\u00ebpun\u00ebtori amerikan i Kish\u00ebs son\u00eb Nathan Hoppe dhe koordinatorja e Zyr\u00ebs s\u00eb F\u00ebmij\u00ebve znj. Gabriela Bezhani. &nbsp;&nbsp;&nbsp;&nbsp;&nbsp;&nbsp;&nbsp;&nbsp;&nbsp;&nbsp;&nbsp;&nbsp;&nbsp;&nbsp;&nbsp;&nbsp;&nbsp;&nbsp;&nbsp;&nbsp;&nbsp;&nbsp;&nbsp;&nbsp;&nbsp;&nbsp;&nbsp;&nbsp; &nbsp;&nbsp;&nbsp;","og_url":"https:\/\/orthodoxalbania.org\/2020\/2007\/02\/26\/miqesi-te-reja-me-femijet-kosovare-ne-fshatin-caralluke-te-malisheves-shtator-2007\/","og_site_name":"Kisha Orthodh\u03bfkse Autoqefale e Shqip\u00ebris\u00eb","article_publisher":"https:\/\/www.facebook.com\/koash1991","article_published_time":"2007-02-26T00:00:00+00:00","article_modified_time":"2020-04-06T20:35:54+00:00","og_image":[{"url":"https:\/\/lh3.googleusercontent.com\/-_AC4lysZQZQ\/VImJ8HQsEeI\/AAAAAAAAGf8\/g1b4BkeFk7s\/w400-h266-no\/pic1.jpg","type":"","width":"","height":""}],"author":"Kisha Orthodhokse","twitter_card":"summary_large_image","twitter_misc":{"Written by":"Kisha Orthodhokse","Est. reading time":"4 minutes"},"schema":{"@context":"https:\/\/schema.org","@graph":[{"@type":"Article","@id":"https:\/\/orthodoxalbania.org\/2020\/2007\/02\/26\/miqesi-te-reja-me-femijet-kosovare-ne-fshatin-caralluke-te-malisheves-shtator-2007\/#article","isPartOf":{"@id":"https:\/\/orthodoxalbania.org\/2020\/2007\/02\/26\/miqesi-te-reja-me-femijet-kosovare-ne-fshatin-caralluke-te-malisheves-shtator-2007\/"},"author":{"name":"Kisha Orthodhokse","@id":"https:\/\/orthodoxalbania.org\/2020\/#\/schema\/person\/0c387634a7063ac612d7ed9ce71c7e86"},"headline":"Miq\u00ebsi t\u00eb reja me f\u00ebmij\u00ebt kosovar\u00eb n\u00eb fshatin Caralluk\u00eb t\u00eb Malishev\u00ebs. (Shtator 2007)","datePublished":"2007-02-26T00:00:00+00:00","dateModified":"2020-04-06T20:35:54+00:00","mainEntityOfPage":{"@id":"https:\/\/orthodoxalbania.org\/2020\/2007\/02\/26\/miqesi-te-reja-me-femijet-kosovare-ne-fshatin-caralluke-te-malisheves-shtator-2007\/"},"wordCount":762,"commentCount":0,"publisher":{"@id":"https:\/\/orthodoxalbania.org\/2020\/#organization"},"image":{"@id":"https:\/\/orthodoxalbania.org\/2020\/2007\/02\/26\/miqesi-te-reja-me-femijet-kosovare-ne-fshatin-caralluke-te-malisheves-shtator-2007\/#primaryimage"},"thumbnailUrl":"https:\/\/lh3.googleusercontent.com\/-_AC4lysZQZQ\/VImJ8HQsEeI\/AAAAAAAAGf8\/g1b4BkeFk7s\/w400-h266-no\/pic1.jpg","keywords":["2007","Kryepiskopata Tiran\u00eb","lajme","Zyra e F\u00ebmij\u00ebve"],"articleSection":["Lajme"],"inLanguage":"en-US"},{"@type":"WebPage","@id":"https:\/\/orthodoxalbania.org\/2020\/2007\/02\/26\/miqesi-te-reja-me-femijet-kosovare-ne-fshatin-caralluke-te-malisheves-shtator-2007\/","url":"https:\/\/orthodoxalbania.org\/2020\/2007\/02\/26\/miqesi-te-reja-me-femijet-kosovare-ne-fshatin-caralluke-te-malisheves-shtator-2007\/","name":"Miq\u00ebsi t\u00eb reja me f\u00ebmij\u00ebt kosovar\u00eb n\u00eb fshatin Caralluk\u00eb t\u00eb Malishev\u00ebs. (Shtator 2007) - Kisha Orthodh\u03bfkse Autoqefale e Shqip\u00ebris\u00eb","isPartOf":{"@id":"https:\/\/orthodoxalbania.org\/2020\/#website"},"primaryImageOfPage":{"@id":"https:\/\/orthodoxalbania.org\/2020\/2007\/02\/26\/miqesi-te-reja-me-femijet-kosovare-ne-fshatin-caralluke-te-malisheves-shtator-2007\/#primaryimage"},"image":{"@id":"https:\/\/orthodoxalbania.org\/2020\/2007\/02\/26\/miqesi-te-reja-me-femijet-kosovare-ne-fshatin-caralluke-te-malisheves-shtator-2007\/#primaryimage"},"thumbnailUrl":"https:\/\/lh3.googleusercontent.com\/-_AC4lysZQZQ\/VImJ8HQsEeI\/AAAAAAAAGf8\/g1b4BkeFk7s\/w400-h266-no\/pic1.jpg","datePublished":"2007-02-26T00:00:00+00:00","dateModified":"2020-04-06T20:35:54+00:00","breadcrumb":{"@id":"https:\/\/orthodoxalbania.org\/2020\/2007\/02\/26\/miqesi-te-reja-me-femijet-kosovare-ne-fshatin-caralluke-te-malisheves-shtator-2007\/#breadcrumb"},"inLanguage":"en-US","potentialAction":[{"@type":"ReadAction","target":["https:\/\/orthodoxalbania.org\/2020\/2007\/02\/26\/miqesi-te-reja-me-femijet-kosovare-ne-fshatin-caralluke-te-malisheves-shtator-2007\/"]}]},{"@type":"ImageObject","inLanguage":"en-US","@id":"https:\/\/orthodoxalbania.org\/2020\/2007\/02\/26\/miqesi-te-reja-me-femijet-kosovare-ne-fshatin-caralluke-te-malisheves-shtator-2007\/#primaryimage","url":"https:\/\/lh3.googleusercontent.com\/-_AC4lysZQZQ\/VImJ8HQsEeI\/AAAAAAAAGf8\/g1b4BkeFk7s\/w400-h266-no\/pic1.jpg","contentUrl":"https:\/\/lh3.googleusercontent.com\/-_AC4lysZQZQ\/VImJ8HQsEeI\/AAAAAAAAGf8\/g1b4BkeFk7s\/w400-h266-no\/pic1.jpg"},{"@type":"BreadcrumbList","@id":"https:\/\/orthodoxalbania.org\/2020\/2007\/02\/26\/miqesi-te-reja-me-femijet-kosovare-ne-fshatin-caralluke-te-malisheves-shtator-2007\/#breadcrumb","itemListElement":[{"@type":"ListItem","position":1,"name":"Home","item":"https:\/\/orthodoxalbania.org\/2020\/"},{"@type":"ListItem","position":2,"name":"Miq\u00ebsi t\u00eb reja me f\u00ebmij\u00ebt kosovar\u00eb n\u00eb fshatin Caralluk\u00eb t\u00eb Malishev\u00ebs. (Shtator 2007)"}]},{"@type":"WebSite","@id":"https:\/\/orthodoxalbania.org\/2020\/#website","url":"https:\/\/orthodoxalbania.org\/2020\/","name":"Kisha Orthodh\u03bfkse Autoqefale e Shqip\u00ebris\u00eb","description":"Fqja Zyrtare e Kish\u00ebs Orthodhokse Autoqefale e Shqip\u00ebris\u00eb me lajmet edhe informacionet zyrtare p\u00ebr struktur\u00ebn edhe veprimtarin e saj.","publisher":{"@id":"https:\/\/orthodoxalbania.org\/2020\/#organization"},"potentialAction":[{"@type":"SearchAction","target":{"@type":"EntryPoint","urlTemplate":"https:\/\/orthodoxalbania.org\/2020\/?s={search_term_string}"},"query-input":{"@type":"PropertyValueSpecification","valueRequired":true,"valueName":"search_term_string"}}],"inLanguage":"en-US"},{"@type":"Organization","@id":"https:\/\/orthodoxalbania.org\/2020\/#organization","name":"Kisha Orthodhokse Autoqefale e Shqip\u00ebris\u00eb","url":"https:\/\/orthodoxalbania.org\/2020\/","logo":{"@type":"ImageObject","inLanguage":"en-US","@id":"https:\/\/orthodoxalbania.org\/2020\/#\/schema\/logo\/image\/","url":"https:\/\/orthodoxalbania.org\/2020\/wp-content\/uploads\/2020\/05\/albania.jpeg","contentUrl":"https:\/\/orthodoxalbania.org\/2020\/wp-content\/uploads\/2020\/05\/albania.jpeg","width":540,"height":540,"caption":"Kisha Orthodhokse Autoqefale e Shqip\u00ebris\u00eb"},"image":{"@id":"https:\/\/orthodoxalbania.org\/2020\/#\/schema\/logo\/image\/"},"sameAs":["https:\/\/www.facebook.com\/koash1991"]},{"@type":"Person","@id":"https:\/\/orthodoxalbania.org\/2020\/#\/schema\/person\/0c387634a7063ac612d7ed9ce71c7e86","name":"Kisha Orthodhokse","image":{"@type":"ImageObject","inLanguage":"en-US","@id":"https:\/\/secure.gravatar.com\/avatar\/596e7c417251e30f2fbb9c00e026fce61a695a00e51c889caded71c96cbbdde5?s=96&d=mm&r=g","url":"https:\/\/secure.gravatar.com\/avatar\/596e7c417251e30f2fbb9c00e026fce61a695a00e51c889caded71c96cbbdde5?s=96&d=mm&r=g","contentUrl":"https:\/\/secure.gravatar.com\/avatar\/596e7c417251e30f2fbb9c00e026fce61a695a00e51c889caded71c96cbbdde5?s=96&d=mm&r=g","caption":"Kisha Orthodhokse"}}]}},"_links":{"self":[{"href":"https:\/\/orthodoxalbania.org\/2020\/wp-json\/wp\/v2\/posts\/953","targetHints":{"allow":["GET"]}}],"collection":[{"href":"https:\/\/orthodoxalbania.org\/2020\/wp-json\/wp\/v2\/posts"}],"about":[{"href":"https:\/\/orthodoxalbania.org\/2020\/wp-json\/wp\/v2\/types\/post"}],"author":[{"embeddable":true,"href":"https:\/\/orthodoxalbania.org\/2020\/wp-json\/wp\/v2\/users\/1"}],"replies":[{"embeddable":true,"href":"https:\/\/orthodoxalbania.org\/2020\/wp-json\/wp\/v2\/comments?post=953"}],"version-history":[{"count":1,"href":"https:\/\/orthodoxalbania.org\/2020\/wp-json\/wp\/v2\/posts\/953\/revisions"}],"predecessor-version":[{"id":15796,"href":"https:\/\/orthodoxalbania.org\/2020\/wp-json\/wp\/v2\/posts\/953\/revisions\/15796"}],"wp:attachment":[{"href":"https:\/\/orthodoxalbania.org\/2020\/wp-json\/wp\/v2\/media?parent=953"}],"wp:term":[{"taxonomy":"category","embeddable":true,"href":"https:\/\/orthodoxalbania.org\/2020\/wp-json\/wp\/v2\/categories?post=953"},{"taxonomy":"post_tag","embeddable":true,"href":"https:\/\/orthodoxalbania.org\/2020\/wp-json\/wp\/v2\/tags?post=953"}],"curies":[{"name":"wp","href":"https:\/\/api.w.org\/{rel}","templated":true}]}}