{"id":951,"date":"2013-11-13T13:29:39","date_gmt":"2013-11-13T13:29:39","guid":{"rendered":""},"modified":"2020-04-06T22:05:29","modified_gmt":"2020-04-06T20:05:29","slug":"mesuesit-kosovare-dhe-shqiptare-marrin-pjese-ne-trajnimin-me-teme-teoria-e-inteligjencave-te-shumefishta-dhe-aplikimi-i-saj-ne-mesimdhenie-dhe-mesim-marrje","status":"publish","type":"post","link":"https:\/\/orthodoxalbania.org\/2020\/2013\/11\/13\/mesuesit-kosovare-dhe-shqiptare-marrin-pjese-ne-trajnimin-me-teme-teoria-e-inteligjencave-te-shumefishta-dhe-aplikimi-i-saj-ne-mesimdhenie-dhe-mesim-marrje\/","title":{"rendered":"M\u00ebsuesit kosovar\u00eb dhe shqiptar\u00eb marrin pjes\u00eb n\u00eb trajnimin me tem\u00eb: \u201cTeoria e inteligjencave t\u00eb shum\u00ebfishta dhe aplikimi i saj n\u00eb m\u00ebsimdh\u00ebnie dhe m\u00ebsim-marrje\u201d.(8-10 N\u00ebntor 2013)"},"content":{"rendered":"<div style=\"text-align: justify;\">\n\t<span style=\"font-family: tahoma,geneva,sans-serif;\"><span style=\"font-size: 12px;\"><strong><img class=\"lazyload\" decoding=\"async\" src=\"data:image\/gif;base64,R0lGODlhAQABAAAAACH5BAEKAAEALAAAAAABAAEAAAICTAEAOw==\" data-orig-src=\"https:\/\/lh4.googleusercontent.com\/-lk8Trm2ntmM\/UoN804Mff6I\/AAAAAAAAG2Q\/18GW2FXm7Y4\/w958-h636-no\/Kosova+1.JPG\" style=\"height: 199px; width: 300px; margin: 10px; float: left; border-width: 1px; border-style: solid;\" \/><\/strong><\/span><\/span><\/div>\n<div class=\"MsoNormal\" style=\"margin-bottom: 0.0001pt; text-indent: 0.5in; line-height: normal; text-align: justify;\">\n\t&nbsp;<\/div>\n<div style=\"text-align: justify;\">\n\t<span style=\"font-family:tahoma,geneva,sans-serif;\"><span style=\"font-size: 12px;\"><span style=\"color: rgb(0, 0, 0);\">&nbsp; &nbsp; Vazhdon bashk\u00ebpunimi midis t\u00eb rinjve orthodhoks\u00eb shqiptar\u00eb dhe t\u00eb rinjve kosovar\u00eb. Ky bashk\u00ebpunim vazhdon duke ndjekur nj\u00eb tradit\u00eb t\u00eb ve\u00e7ant\u00eb p\u00ebrgjat\u00eb viteve n\u00eb vijim, q\u00eb pas vitit 1999 kur erdh\u00ebn n\u00eb Shqip\u00ebri, ku Kisha Orthodhokse Autoqefale e Shqip\u00ebris\u00eb ngriti nj\u00eb program t\u00eb gjer\u00eb humanitar, duke pritur dhe ndihmuar 33 000 kosovar\u00eb dhe duke ngritur 2 kampe pritjeje. P\u00ebrve\u00e7 kampeve me natyr\u00eb edukative dhe arg\u00ebtuese me f\u00ebmij\u00ebt e familjeve kosovare \u00ebsht\u00eb realizuar edhe nj\u00eb bashk\u00ebpunim i ngusht\u00eb me m\u00ebsuesit e gjasht\u00eb prej shkollave ku zhvillohen kampe \u00e7do vit. Ata kan\u00eb pasur mund\u00ebsin\u00eb q\u00eb \u00e7do vit t\u00eb jen\u00eb pjes\u00eb e nj\u00eb trajnim mbi m\u00ebsimdh\u00ebnien bashk\u00ebkohore t\u00eb f\u00ebmij\u00ebve.<\/span><\/span><\/span><\/div>\n<div style=\"text-align: justify;\">\n\t&nbsp;<\/div>\n<div style=\"text-align: justify;\">\n\t<span style=\"font-family:tahoma,geneva,sans-serif;\"><span style=\"font-size: 12px;\"><span style=\"color: rgb(0, 0, 0);\">&nbsp; &nbsp; Tashm\u00eb \u00ebsht\u00eb viti i gjasht\u00eb q\u00eb m\u00ebsues t\u00eb shkollave 9-t\u00eb vje\u00e7are t\u00eb Komun\u00ebs s\u00eb Malishev\u00ebs vijn\u00eb n\u00eb Shqip\u00ebri, q\u00eb t\u00eb marrin pjes\u00eb n\u00eb nj\u00eb trajnim mbi m\u00ebsimdh\u00ebnien bashk\u00ebkohore t\u00eb f\u00ebmij\u00ebve. Ky trajnim zhvillohet me bekimin dhe mb\u00ebshtetjen e Kryepiskopit Anastas. K\u00ebta arsimtar\u00eb u japin m\u00ebsim f\u00ebmij\u00ebve t\u00eb shkollave 9-t\u00eb vje\u00e7are t\u00eb k\u00ebsaj komune, n\u00eb t\u00eb cil\u00ebn Kisha Orthodhokse Autoqefale e Shqip\u00ebris\u00eb zhvillon \u00e7do ver\u00eb kampe p\u00ebr f\u00ebmij\u00ebt.<\/span><\/span><\/span><\/div>\n<div style=\"text-align: justify;\">\n\t&nbsp;<\/div>\n<div style=\"text-align: justify;\">\n\t<span style=\"font-family:tahoma,geneva,sans-serif;\"><span style=\"font-size: 12px;\"><span style=\"color: rgb(0, 0, 0);\">&nbsp; &nbsp; K\u00ebt\u00eb vit trajnimi u zhvillua n\u00eb 8-10 n\u00ebntor 2013, me tem\u00eb \u201cTeoria e inteligjencave t\u00eb shum\u00ebfishta dhe aplikimi i saj n\u00eb m\u00ebsimdh\u00ebnie dhe m\u00ebsim-marrje\u201d. N\u00eb k\u00ebt\u00eb trajnim merrnin pjes\u00eb 21 m\u00ebsues nga gjasht\u00eb shkollat e Komun\u00ebs s\u00eb Malish\u00ebv\u00ebs n\u00eb Kosov\u00eb dhe 7 m\u00ebsues &nbsp;nga Shqip\u00ebria. M\u00ebsuesit nga Shqip\u00ebria ishin pjes\u00eb e kampeve verore n\u00eb Kosov\u00eb p\u00ebrgjat\u00eb ver\u00ebs. Ky trajnim u organizua nga Zyra Qendrore e F\u00ebmij\u00ebve e Kish\u00ebs Orthodhokse Autoqefale t\u00eb Shqip\u00ebris\u00eb, ku fol\u00ebs ishin Dr. Kathy Koch (permes vidios) dhe z. Nathan Hoppe.<\/span><\/span><\/span><\/div>\n<div style=\"text-align: justify;\">\n\t&nbsp;<\/div>\n<div style=\"text-align: justify;\">\n\t<span style=\"font-family:tahoma,geneva,sans-serif;\"><span style=\"font-size: 12px;\"><span style=\"color: rgb(0, 0, 0);\">&nbsp; &nbsp; N\u00eb dit\u00ebn e par\u00eb t\u00eb trajnimit u b\u00eb prezantimi i Inteligjencave t\u00eb Shum\u00ebfishta. U fol mbi tem\u00ebn se inteligjenca \u00ebsht\u00eb e shum\u00eban\u00ebshme dhe se \u00e7do njeri \u00ebsht\u00eb i pajisur me disa inteligjenca. Truri i njeriut \u00ebsht\u00eb i form\u00ebzuesh\u00ebm dhe ka veti plasticiteti. Inteligjencat mund t\u00eb formohen. Inteligjenca \u00ebsht\u00eb produkt dinamik i p\u00ebrvoj\u00ebs dhe predispozicionit gjenetik. N\u00eb dit\u00ebn e par\u00eb u fol gjithashtu edhe mbi at\u00eb se \u00e7far\u00eb implikimi kan\u00eb inteligjencat e shum\u00ebfishta dhe plasticiteti i trurit p\u00ebr pun\u00ebn ton\u00eb si m\u00ebsues dhe nx\u00ebn\u00ebs. Pas mbarimit t\u00eb seanc\u00ebs s\u00eb par\u00eb u zhvillua puna n\u00eb grup n\u00eb t\u00eb cil\u00ebn m\u00ebsuesit ndan\u00eb nj\u00ebri me tjetrin mendimet dhe p\u00ebrvojat e tyre lidhur me at\u00eb q\u00eb u fol p\u00ebrgjat\u00eb seanc\u00ebs.<\/span><\/span><\/span><\/div>\n<div style=\"text-align: justify;\">\n\t&nbsp;<\/div>\n<div style=\"text-align: justify;\">\n\t<span style=\"font-family:tahoma,geneva,sans-serif;\"><span style=\"font-size: 12px;\"><span style=\"color: rgb(0, 0, 0);\">&nbsp; &nbsp; N\u00eb dit\u00ebn e dyt\u00eb u fol mbi kapitullin e par\u00eb t\u00eb librit \u2018Si jam i zgjuar?\u2019. Znj. Kathy Koch shpjegoi se identiteti kontrollon sjelljen, dhe ajo q\u00eb u diskutua pas k\u00ebsaj ishte se n\u00ebse kjo \u00ebsht\u00eb e v\u00ebrtet\u00eb, si do t\u00eb ndikoj\u00eb kjo gj\u00eb n\u00eb pun\u00ebn ton\u00eb me nx\u00ebn\u00ebsit? Si ndryshon nx\u00ebn\u00ebsi perceptimin p\u00ebr veten n\u00ebse ngrihet pyetja Si jam i zgjuar n\u00eb vend t\u00eb pyetjes Sa i zgjuar jam? Sa m\u00eb her\u00ebt t\u00eb zgjohet nj\u00eb inteligjenc\u00eb aq m\u00eb shum\u00eb ka t\u00eb ngjar\u00eb q\u00eb do t\u00eb jet\u00eb nj\u00eb pik\u00eb e fort\u00eb p\u00ebr gjith\u00eb jet\u00ebn. Sa m\u00eb shum\u00eb inteligjenca t\u00eb p\u00ebrdorin f\u00ebmij\u00ebt s\u00eb bashku aq m\u00eb shum\u00eb efektiv\u00eb do t\u00eb jen\u00eb n\u00eb m\u00ebsim-marrje dhe zhvillim. F\u00ebmij\u00ebt shpesh kan\u00eb &nbsp;probleme sepse i p\u00ebrdorin keq pikat e tyre t\u00eb forta. K\u00ebto dhe shum\u00eb pika t\u00eb tjera u diskutuan n\u00eb lidhje me m\u00ebsimdh\u00ebnien e f\u00ebmij\u00ebve.<\/span><\/span><\/span><\/div>\n<div style=\"text-align: justify;\">\n\t&nbsp;<\/div>\n<div style=\"text-align: justify;\">\n\t<span style=\"font-family:tahoma,geneva,sans-serif;\"><span style=\"font-size: 12px;\"><span style=\"color: rgb(0, 0, 0);\">&nbsp; &nbsp; Dy dit\u00ebt e para trajnimi u zhvilluan n\u00eb Tiran\u00eb, nd\u00ebrsa dita e fundit u zhvillua n\u00eb form\u00ebn e nj\u00eb ekskursioni n\u00eb Durr\u00ebs. Ndales\u00ebn e par\u00eb e b\u00ebn\u00eb n\u00eb Manastirin e bukur t\u00eb sh\u00ebn Vlashit, ku aty u prit\u00ebn nga z. Dhimit\u00ebr Qosja, i cili u shpjegoi p\u00ebr &nbsp;infrastruktur\u00ebn e k\u00ebtij manastiri. Pjes\u00ebmarr\u00ebsit d\u00ebgjuan historin\u00eb e kish\u00ebs s\u00eb manastirit, para dhe pas komunizmit dhe ringritjen e k\u00ebtij manastiri n\u00eb vitet e demokracis\u00eb. Ata d\u00ebgjuan se &nbsp;kisha e sh\u00ebn Vlashit ishte institucioni i par\u00eb fetar q\u00eb u shemb me urdh\u00ebr t\u00eb qeveri\u00eb komuniste. Normalisht q\u00eb \u00e7donj\u00ebri u mrekullua nga pamja e bukur e k\u00ebtij manastiri dhe e natyr\u00ebs p\u00ebrreth tij.<\/span><\/span><\/span><\/div>\n<div style=\"text-align: justify;\">\n\t&nbsp;<\/div>\n<div style=\"text-align: justify;\">\n\t<span style=\"font-family:tahoma,geneva,sans-serif;\"><span style=\"font-size: 12px;\"><span style=\"color: rgb(0, 0, 0);\">&nbsp; &nbsp; Pjes\u00ebmarr\u00ebsit ishin t\u00eb ftuar t\u00eb vizitonin Sht\u00ebpin\u00eb e F\u00ebmij\u00ebve \u201cShpresa\u201d. N\u00eb k\u00ebt\u00eb sht\u00ebpi jetojn\u00eb f\u00ebmij\u00eb q\u00eb vijn\u00eb nga familje me probleme t\u00eb ndryshme dhe Kisha Orthodhokse kujdeset p\u00ebr rritjen dhe edukimin e tyre. F\u00ebmij\u00ebt paraqit\u00ebn nj\u00eb minikoncert para t\u00eb pranishm\u00ebve dhe m\u00ebsuesit ishin t\u00eb gjith\u00eb me lot n\u00eb sy nd\u00ebrsa shikonin dhe d\u00ebgjonin z\u00ebrat e bukur t\u00eb k\u00ebtyre f\u00ebmij\u00ebve q\u00eb tregonin se sa shum\u00eb jan\u00eb aft\u00ebsuar n\u00eb inteligjencat e tyre t\u00eb ndryshme. M\u00eb pas t\u00eb gjith\u00eb drekuan bashk\u00eb n\u00eb menc\u00ebn e Akademis\u00eb Theologjike ku k\u00ebnga jehoi dhe z\u00ebrat e m\u00ebsuesve kosovar\u00eb dhe shqiptar\u00eb u b\u00ebn\u00eb nj\u00eb p\u00ebr t&#8217;i k\u00ebnduar aq bukur Shqip\u00ebris\u00eb dhe Kosov\u00ebs. Pas drek\u00ebs m\u00ebsuesit vizituan bibliotek\u00ebn e pasur t\u00eb Akademis\u00eb Theologjike dhe m\u00eb pas shkuan p\u00ebr t\u00eb par\u00eb disa pjes\u00eb historik\u00eb t\u00eb qytetit t\u00eb Durr\u00ebsit.<\/span><\/span><\/span><\/div>\n<div style=\"text-align: justify;\">\n\t&nbsp;<\/div>\n<div style=\"text-align: justify;\">\n\t<span style=\"font-family:tahoma,geneva,sans-serif;\"><span style=\"font-size: 12px;\"><span style=\"color: rgb(0, 0, 0);\">&nbsp; &nbsp; Disa m\u00ebsues t\u00eb Komun\u00ebs s\u00eb Malishev\u00ebs: drejtori i shkoll\u00ebs 9-t\u00eb vje\u00e7are &#8220;Naim Frash\u00ebri&#8221;, z. Izet Shala dhe m\u00ebsuesi i po k\u00ebsaj shkolle z. Agim Telaku, m\u00ebsuesi i shkoll\u00ebs &#8220;17 Shkurti&#8221; z. Rexhep Begaj, u shpreh\u00ebn n\u00eb em\u00ebr t\u00eb t\u00eb gjith\u00eb pjes\u00ebmarr\u00ebsve, se ky trajnim ishte nj\u00eb mund\u00ebsi shum\u00eb e mir\u00eb p\u00ebr t\u2019u rritur n\u00eb dije dhe p\u00ebr t\u00eb p\u00ebrs\u00ebritur edhe nj\u00eb her\u00eb fort n\u00eb mendjen ton\u00eb inteligjencat e shumta t\u00eb f\u00ebmij\u00ebve, me t\u00eb cil\u00ebt ne punojm\u00eb. Ata i ishin mir\u00ebnjoh\u00ebs Kish\u00ebs Orthodhokse Autoqefale t\u00eb Shqip\u00ebris\u00eb dhe Kryepiskopit Anastas p\u00ebr k\u00ebt\u00eb mund\u00ebsi t\u00eb mrekullueshme. Ata nuk lan\u00eb pa p\u00ebrmendur edhe faktin se jan\u00eb nisur nga Malisheva me shum\u00eb p\u00ebrsh\u00ebndetje dhe urime p\u00ebr t\u00eb gjith\u00eb m\u00ebsuesit shqiptar\u00eb, q\u00eb cdo vit zvillojn\u00eb kampet e f\u00ebmij\u00ebve n\u00eb Kosov\u00eb, jo vet\u00ebm nga f\u00ebmij\u00ebt, por edhe nga prind\u00ebrit e tyre. Drejtori i shkoll\u00ebs &#8220;Naim Frash\u00ebri&#8221;, z. Izet Shala, theksoi se kampet ndihmojn\u00eb f\u00ebmij\u00ebt tan\u00eb t\u00eb ken\u00eb vlera n\u00eb jet\u00eb, t\u00eb aft\u00ebsohen dhe arg\u00ebtohen p\u00ebrgjat\u00eb pushimeve. &nbsp;<\/span><\/span><\/span><\/div>\n<div style=\"text-align: justify;\">\n\t&nbsp;<\/div>\n<div style=\"text-align: justify;\">\n\t&nbsp;<\/div>\n<div style=\"text-align: right;\">\n\t<span style=\"font-family:tahoma,geneva,sans-serif;\"><span style=\"font-size: 12px;\"><span style=\"color: rgb(0, 0, 0);\"><strong>&nbsp;Zyra Qendrore e F\u00ebmij\u00ebve<\/strong><\/span><\/span><\/span><\/div>\n<div style=\"text-align: justify;\">\n\t&nbsp;<\/div>\n<div style=\"text-align: justify;\">\n\t<strong style=\"font-family: tahoma, geneva, sans-serif; text-align: justify;\"><img class=\"lazyload\" decoding=\"async\" src=\"data:image\/gif;base64,R0lGODlhAQABAAAAACH5BAEKAAEALAAAAAABAAEAAAICTAEAOw==\" data-orig-src=\"https:\/\/lh4.googleusercontent.com\/-lk8Trm2ntmM\/UoN804Mff6I\/AAAAAAAAG2Q\/18GW2FXm7Y4\/w958-h636-no\/Kosova+1.JPG\" style=\"height: 398px; width: 600px; margin: 10px; border-width: 1px; border-style: solid;\" \/><\/strong><\/div>\n<div style=\"text-align: justify;\">\n\t<span style=\"font-family: tahoma,geneva,sans-serif;\"><span style=\"font-size: 12px;\"><img class=\"lazyload\" decoding=\"async\" src=\"data:image\/gif;base64,R0lGODlhAQABAAAAACH5BAEKAAEALAAAAAABAAEAAAICTAEAOw==\" data-orig-src=\"https:\/\/lh6.googleusercontent.com\/-F1djHDP-P78\/UoN87HSuc4I\/AAAAAAAAG2Q\/-YAfgH_CKgo\/w958-h636-no\/kosova2.JPG\" style=\"height: 398px; width: 600px; margin: 10px; border-width: 1px; border-style: solid;\" \/><\/span><\/span><\/div>\n<div style=\"text-align: justify;\">\n\t<span style=\"font-family: tahoma,geneva,sans-serif;\"><span style=\"font-size: 12px;\"><img class=\"lazyload\" decoding=\"async\" src=\"data:image\/gif;base64,R0lGODlhAQABAAAAACH5BAEKAAEALAAAAAABAAEAAAICTAEAOw==\" data-orig-src=\"https:\/\/lh5.googleusercontent.com\/-HMQK1WY4MV8\/UoN80r0F5JI\/AAAAAAAAG2Q\/wFAmpSbqBY8\/w958-h636-no\/kosova+5.JPG\" style=\"height: 398px; width: 600px; margin: 10px; border-width: 1px; border-style: solid;\" \/><\/span><\/span><\/div>\n<div style=\"text-align: justify;\">\n\t<span style=\"font-family: tahoma,geneva,sans-serif;\"><span style=\"font-size: 12px;\"><img class=\"lazyload\" decoding=\"async\" src=\"data:image\/gif;base64,R0lGODlhAQABAAAAACH5BAEKAAEALAAAAAABAAEAAAICTAEAOw==\" data-orig-src=\"https:\/\/lh5.googleusercontent.com\/-m25STRro218\/UoN80k4Zq4I\/AAAAAAAAG2Q\/ake_KuycnzQ\/w958-h636-no\/Kosova+8.JPG\" style=\"height: 398px; width: 600px; margin: 10px; border-width: 1px; border-style: solid;\" \/><\/span><\/span><\/div>\n<div style=\"text-align: justify;\">\n\t<span style=\"font-family: tahoma,geneva,sans-serif;\"><span style=\"font-size: 12px;\"><img class=\"lazyload\" decoding=\"async\" src=\"data:image\/gif;base64,R0lGODlhAQABAAAAACH5BAEKAAEALAAAAAABAAEAAAICTAEAOw==\" data-orig-src=\"https:\/\/lh4.googleusercontent.com\/-rll2HocbIko\/UoN86qpozJI\/AAAAAAAAG2Q\/rtvK76ijG-o\/w958-h636-no\/kosova+6.JPG\" style=\"height: 398px; width: 600px; margin: 10px; border-width: 1px; border-style: solid;\" \/><\/span><\/span><\/div>\n<div style=\"text-align: justify;\">\n\t<span style=\"font-family: tahoma,geneva,sans-serif;\"><span style=\"font-size: 12px;\"><img class=\"lazyload\" decoding=\"async\" src=\"data:image\/gif;base64,R0lGODlhAQABAAAAACH5BAEKAAEALAAAAAABAAEAAAICTAEAOw==\" data-orig-src=\"https:\/\/lh6.googleusercontent.com\/-Wbwhit1_h9Q\/UoN87SsNb5I\/AAAAAAAAG2Q\/4O-kI-gHsIs\/w958-h636-no\/kosova4.JPG\" style=\"height: 398px; width: 600px; margin: 10px; border-width: 1px; border-style: solid;\" \/><\/span><\/span><\/div>\n","protected":false},"excerpt":{"rendered":"<p>&nbsp; &nbsp; &nbsp; Vazhdon bashk\u00ebpunimi midis t\u00eb rinjve orthodhoks\u00eb shqiptar\u00eb dhe t\u00eb rinjve kosovar\u00eb. Ky bashk\u00ebpunim vazhdon duke ndjekur nj\u00eb tradit\u00eb t\u00eb ve\u00e7ant\u00eb p\u00ebrgjat\u00eb viteve n\u00eb vijim, q\u00eb pas vitit 1999 kur erdh\u00ebn n\u00eb Shqip\u00ebri, ku Kisha Orthodhokse Autoqefale e Shqip\u00ebris\u00eb ngriti nj\u00eb program t\u00eb gjer\u00eb humanitar, duke pritur dhe ndihmuar 33 000 kosovar\u00eb dhe duke ngritur 2 kampe pritjeje. P\u00ebrve\u00e7 kampeve me natyr\u00eb edukative<\/p>\n","protected":false},"author":1,"featured_media":0,"comment_status":"open","ping_status":"open","sticky":false,"template":"","format":"standard","meta":{"_acf_changed":false,"pagelayer_contact_templates":[],"_pagelayer_content":"","inline_featured_image":false,"fifu_image_url":"","fifu_image_alt":"","footnotes":""},"categories":[108],"tags":[141,196,212,164,156],"class_list":["post-951","post","type-post","status-publish","format-standard","hentry","category-lajme","tag-141","tag-tirane","tag-lajme-d27","tag-trajnime","tag-femijet"],"acf":[],"yoast_head":"<!-- This site is optimized with the Yoast SEO plugin v27.2 - https:\/\/yoast.com\/product\/yoast-seo-wordpress\/ -->\n<title>M\u00ebsuesit kosovar\u00eb dhe shqiptar\u00eb marrin pjes\u00eb n\u00eb trajnimin me tem\u00eb: \u201cTeoria e inteligjencave t\u00eb shum\u00ebfishta dhe aplikimi i saj n\u00eb m\u00ebsimdh\u00ebnie dhe m\u00ebsim-marrje\u201d.(8-10 N\u00ebntor 2013) - Kisha Orthodh\u03bfkse Autoqefale e Shqip\u00ebris\u00eb<\/title>\n<meta name=\"robots\" content=\"index, follow, max-snippet:-1, max-image-preview:large, max-video-preview:-1\" \/>\n<link rel=\"canonical\" href=\"https:\/\/orthodoxalbania.org\/2020\/2013\/11\/13\/mesuesit-kosovare-dhe-shqiptare-marrin-pjese-ne-trajnimin-me-teme-teoria-e-inteligjencave-te-shumefishta-dhe-aplikimi-i-saj-ne-mesimdhenie-dhe-mesim-marrje\/\" \/>\n<meta property=\"og:locale\" content=\"en_US\" \/>\n<meta property=\"og:type\" content=\"article\" \/>\n<meta property=\"og:title\" content=\"M\u00ebsuesit kosovar\u00eb dhe shqiptar\u00eb marrin pjes\u00eb n\u00eb trajnimin me tem\u00eb: \u201cTeoria e inteligjencave t\u00eb shum\u00ebfishta dhe aplikimi i saj n\u00eb m\u00ebsimdh\u00ebnie dhe m\u00ebsim-marrje\u201d.(8-10 N\u00ebntor 2013) - Kisha Orthodh\u03bfkse Autoqefale e Shqip\u00ebris\u00eb\" \/>\n<meta property=\"og:description\" content=\"&nbsp; &nbsp; &nbsp; Vazhdon bashk\u00ebpunimi midis t\u00eb rinjve orthodhoks\u00eb shqiptar\u00eb dhe t\u00eb rinjve kosovar\u00eb. Ky bashk\u00ebpunim vazhdon duke ndjekur nj\u00eb tradit\u00eb t\u00eb ve\u00e7ant\u00eb p\u00ebrgjat\u00eb viteve n\u00eb vijim, q\u00eb pas vitit 1999 kur erdh\u00ebn n\u00eb Shqip\u00ebri, ku Kisha Orthodhokse Autoqefale e Shqip\u00ebris\u00eb ngriti nj\u00eb program t\u00eb gjer\u00eb humanitar, duke pritur dhe ndihmuar 33 000 kosovar\u00eb dhe duke ngritur 2 kampe pritjeje. P\u00ebrve\u00e7 kampeve me natyr\u00eb edukative\" \/>\n<meta property=\"og:url\" content=\"https:\/\/orthodoxalbania.org\/2020\/2013\/11\/13\/mesuesit-kosovare-dhe-shqiptare-marrin-pjese-ne-trajnimin-me-teme-teoria-e-inteligjencave-te-shumefishta-dhe-aplikimi-i-saj-ne-mesimdhenie-dhe-mesim-marrje\/\" \/>\n<meta property=\"og:site_name\" content=\"Kisha Orthodh\u03bfkse Autoqefale e Shqip\u00ebris\u00eb\" \/>\n<meta property=\"article:publisher\" content=\"https:\/\/www.facebook.com\/koash1991\" \/>\n<meta property=\"article:published_time\" content=\"2013-11-13T13:29:39+00:00\" \/>\n<meta property=\"article:modified_time\" content=\"2020-04-06T20:05:29+00:00\" \/>\n<meta property=\"og:image\" content=\"https:\/\/lh4.googleusercontent.com\/-lk8Trm2ntmM\/UoN804Mff6I\/AAAAAAAAG2Q\/18GW2FXm7Y4\/w958-h636-no\/Kosova+1.JPG\" \/>\n<meta name=\"author\" content=\"Kisha Orthodhokse\" \/>\n<meta name=\"twitter:card\" content=\"summary_large_image\" \/>\n<meta name=\"twitter:label1\" content=\"Written by\" \/>\n\t<meta name=\"twitter:data1\" content=\"Kisha Orthodhokse\" \/>\n\t<meta name=\"twitter:label2\" content=\"Est. reading time\" \/>\n\t<meta name=\"twitter:data2\" content=\"6 minutes\" \/>\n<script type=\"application\/ld+json\" class=\"yoast-schema-graph\">{\"@context\":\"https:\/\/schema.org\",\"@graph\":[{\"@type\":\"Article\",\"@id\":\"https:\/\/orthodoxalbania.org\/2020\/2013\/11\/13\/mesuesit-kosovare-dhe-shqiptare-marrin-pjese-ne-trajnimin-me-teme-teoria-e-inteligjencave-te-shumefishta-dhe-aplikimi-i-saj-ne-mesimdhenie-dhe-mesim-marrje\/#article\",\"isPartOf\":{\"@id\":\"https:\/\/orthodoxalbania.org\/2020\/2013\/11\/13\/mesuesit-kosovare-dhe-shqiptare-marrin-pjese-ne-trajnimin-me-teme-teoria-e-inteligjencave-te-shumefishta-dhe-aplikimi-i-saj-ne-mesimdhenie-dhe-mesim-marrje\/\"},\"author\":{\"name\":\"Kisha Orthodhokse\",\"@id\":\"https:\/\/orthodoxalbania.org\/2020\/#\/schema\/person\/0c387634a7063ac612d7ed9ce71c7e86\"},\"headline\":\"M\u00ebsuesit kosovar\u00eb dhe shqiptar\u00eb marrin pjes\u00eb n\u00eb trajnimin me tem\u00eb: \u201cTeoria e inteligjencave t\u00eb shum\u00ebfishta dhe aplikimi i saj n\u00eb m\u00ebsimdh\u00ebnie dhe m\u00ebsim-marrje\u201d.(8-10 N\u00ebntor 2013)\",\"datePublished\":\"2013-11-13T13:29:39+00:00\",\"dateModified\":\"2020-04-06T20:05:29+00:00\",\"mainEntityOfPage\":{\"@id\":\"https:\/\/orthodoxalbania.org\/2020\/2013\/11\/13\/mesuesit-kosovare-dhe-shqiptare-marrin-pjese-ne-trajnimin-me-teme-teoria-e-inteligjencave-te-shumefishta-dhe-aplikimi-i-saj-ne-mesimdhenie-dhe-mesim-marrje\/\"},\"wordCount\":1188,\"commentCount\":0,\"publisher\":{\"@id\":\"https:\/\/orthodoxalbania.org\/2020\/#organization\"},\"image\":{\"@id\":\"https:\/\/orthodoxalbania.org\/2020\/2013\/11\/13\/mesuesit-kosovare-dhe-shqiptare-marrin-pjese-ne-trajnimin-me-teme-teoria-e-inteligjencave-te-shumefishta-dhe-aplikimi-i-saj-ne-mesimdhenie-dhe-mesim-marrje\/#primaryimage\"},\"thumbnailUrl\":\"https:\/\/lh4.googleusercontent.com\/-lk8Trm2ntmM\/UoN804Mff6I\/AAAAAAAAG2Q\/18GW2FXm7Y4\/w958-h636-no\/Kosova+1.JPG\",\"keywords\":[\"2013\",\"Kryepiskopata Tiran\u00eb\",\"lajme\",\"Trajnime\",\"Zyra e F\u00ebmij\u00ebve\"],\"articleSection\":[\"Lajme\"],\"inLanguage\":\"en-US\"},{\"@type\":\"WebPage\",\"@id\":\"https:\/\/orthodoxalbania.org\/2020\/2013\/11\/13\/mesuesit-kosovare-dhe-shqiptare-marrin-pjese-ne-trajnimin-me-teme-teoria-e-inteligjencave-te-shumefishta-dhe-aplikimi-i-saj-ne-mesimdhenie-dhe-mesim-marrje\/\",\"url\":\"https:\/\/orthodoxalbania.org\/2020\/2013\/11\/13\/mesuesit-kosovare-dhe-shqiptare-marrin-pjese-ne-trajnimin-me-teme-teoria-e-inteligjencave-te-shumefishta-dhe-aplikimi-i-saj-ne-mesimdhenie-dhe-mesim-marrje\/\",\"name\":\"M\u00ebsuesit kosovar\u00eb dhe shqiptar\u00eb marrin pjes\u00eb n\u00eb trajnimin me tem\u00eb: \u201cTeoria e inteligjencave t\u00eb shum\u00ebfishta dhe aplikimi i saj n\u00eb m\u00ebsimdh\u00ebnie dhe m\u00ebsim-marrje\u201d.(8-10 N\u00ebntor 2013) - Kisha Orthodh\u03bfkse Autoqefale e Shqip\u00ebris\u00eb\",\"isPartOf\":{\"@id\":\"https:\/\/orthodoxalbania.org\/2020\/#website\"},\"primaryImageOfPage\":{\"@id\":\"https:\/\/orthodoxalbania.org\/2020\/2013\/11\/13\/mesuesit-kosovare-dhe-shqiptare-marrin-pjese-ne-trajnimin-me-teme-teoria-e-inteligjencave-te-shumefishta-dhe-aplikimi-i-saj-ne-mesimdhenie-dhe-mesim-marrje\/#primaryimage\"},\"image\":{\"@id\":\"https:\/\/orthodoxalbania.org\/2020\/2013\/11\/13\/mesuesit-kosovare-dhe-shqiptare-marrin-pjese-ne-trajnimin-me-teme-teoria-e-inteligjencave-te-shumefishta-dhe-aplikimi-i-saj-ne-mesimdhenie-dhe-mesim-marrje\/#primaryimage\"},\"thumbnailUrl\":\"https:\/\/lh4.googleusercontent.com\/-lk8Trm2ntmM\/UoN804Mff6I\/AAAAAAAAG2Q\/18GW2FXm7Y4\/w958-h636-no\/Kosova+1.JPG\",\"datePublished\":\"2013-11-13T13:29:39+00:00\",\"dateModified\":\"2020-04-06T20:05:29+00:00\",\"breadcrumb\":{\"@id\":\"https:\/\/orthodoxalbania.org\/2020\/2013\/11\/13\/mesuesit-kosovare-dhe-shqiptare-marrin-pjese-ne-trajnimin-me-teme-teoria-e-inteligjencave-te-shumefishta-dhe-aplikimi-i-saj-ne-mesimdhenie-dhe-mesim-marrje\/#breadcrumb\"},\"inLanguage\":\"en-US\",\"potentialAction\":[{\"@type\":\"ReadAction\",\"target\":[\"https:\/\/orthodoxalbania.org\/2020\/2013\/11\/13\/mesuesit-kosovare-dhe-shqiptare-marrin-pjese-ne-trajnimin-me-teme-teoria-e-inteligjencave-te-shumefishta-dhe-aplikimi-i-saj-ne-mesimdhenie-dhe-mesim-marrje\/\"]}]},{\"@type\":\"ImageObject\",\"inLanguage\":\"en-US\",\"@id\":\"https:\/\/orthodoxalbania.org\/2020\/2013\/11\/13\/mesuesit-kosovare-dhe-shqiptare-marrin-pjese-ne-trajnimin-me-teme-teoria-e-inteligjencave-te-shumefishta-dhe-aplikimi-i-saj-ne-mesimdhenie-dhe-mesim-marrje\/#primaryimage\",\"url\":\"https:\/\/lh4.googleusercontent.com\/-lk8Trm2ntmM\/UoN804Mff6I\/AAAAAAAAG2Q\/18GW2FXm7Y4\/w958-h636-no\/Kosova+1.JPG\",\"contentUrl\":\"https:\/\/lh4.googleusercontent.com\/-lk8Trm2ntmM\/UoN804Mff6I\/AAAAAAAAG2Q\/18GW2FXm7Y4\/w958-h636-no\/Kosova+1.JPG\"},{\"@type\":\"BreadcrumbList\",\"@id\":\"https:\/\/orthodoxalbania.org\/2020\/2013\/11\/13\/mesuesit-kosovare-dhe-shqiptare-marrin-pjese-ne-trajnimin-me-teme-teoria-e-inteligjencave-te-shumefishta-dhe-aplikimi-i-saj-ne-mesimdhenie-dhe-mesim-marrje\/#breadcrumb\",\"itemListElement\":[{\"@type\":\"ListItem\",\"position\":1,\"name\":\"Home\",\"item\":\"https:\/\/orthodoxalbania.org\/2020\/\"},{\"@type\":\"ListItem\",\"position\":2,\"name\":\"M\u00ebsuesit kosovar\u00eb dhe shqiptar\u00eb marrin pjes\u00eb n\u00eb trajnimin me tem\u00eb: \u201cTeoria e inteligjencave t\u00eb shum\u00ebfishta dhe aplikimi i saj n\u00eb m\u00ebsimdh\u00ebnie dhe m\u00ebsim-marrje\u201d.(8-10 N\u00ebntor 2013)\"}]},{\"@type\":\"WebSite\",\"@id\":\"https:\/\/orthodoxalbania.org\/2020\/#website\",\"url\":\"https:\/\/orthodoxalbania.org\/2020\/\",\"name\":\"Kisha Orthodh\u03bfkse Autoqefale e Shqip\u00ebris\u00eb\",\"description\":\"Fqja Zyrtare e Kish\u00ebs Orthodhokse Autoqefale e Shqip\u00ebris\u00eb me lajmet edhe informacionet zyrtare p\u00ebr struktur\u00ebn edhe veprimtarin e saj.\",\"publisher\":{\"@id\":\"https:\/\/orthodoxalbania.org\/2020\/#organization\"},\"potentialAction\":[{\"@type\":\"SearchAction\",\"target\":{\"@type\":\"EntryPoint\",\"urlTemplate\":\"https:\/\/orthodoxalbania.org\/2020\/?s={search_term_string}\"},\"query-input\":{\"@type\":\"PropertyValueSpecification\",\"valueRequired\":true,\"valueName\":\"search_term_string\"}}],\"inLanguage\":\"en-US\"},{\"@type\":\"Organization\",\"@id\":\"https:\/\/orthodoxalbania.org\/2020\/#organization\",\"name\":\"Kisha Orthodhokse Autoqefale e Shqip\u00ebris\u00eb\",\"url\":\"https:\/\/orthodoxalbania.org\/2020\/\",\"logo\":{\"@type\":\"ImageObject\",\"inLanguage\":\"en-US\",\"@id\":\"https:\/\/orthodoxalbania.org\/2020\/#\/schema\/logo\/image\/\",\"url\":\"https:\/\/orthodoxalbania.org\/2020\/wp-content\/uploads\/2020\/05\/albania.jpeg\",\"contentUrl\":\"https:\/\/orthodoxalbania.org\/2020\/wp-content\/uploads\/2020\/05\/albania.jpeg\",\"width\":540,\"height\":540,\"caption\":\"Kisha Orthodhokse Autoqefale e Shqip\u00ebris\u00eb\"},\"image\":{\"@id\":\"https:\/\/orthodoxalbania.org\/2020\/#\/schema\/logo\/image\/\"},\"sameAs\":[\"https:\/\/www.facebook.com\/koash1991\"]},{\"@type\":\"Person\",\"@id\":\"https:\/\/orthodoxalbania.org\/2020\/#\/schema\/person\/0c387634a7063ac612d7ed9ce71c7e86\",\"name\":\"Kisha Orthodhokse\",\"image\":{\"@type\":\"ImageObject\",\"inLanguage\":\"en-US\",\"@id\":\"https:\/\/secure.gravatar.com\/avatar\/596e7c417251e30f2fbb9c00e026fce61a695a00e51c889caded71c96cbbdde5?s=96&d=mm&r=g\",\"url\":\"https:\/\/secure.gravatar.com\/avatar\/596e7c417251e30f2fbb9c00e026fce61a695a00e51c889caded71c96cbbdde5?s=96&d=mm&r=g\",\"contentUrl\":\"https:\/\/secure.gravatar.com\/avatar\/596e7c417251e30f2fbb9c00e026fce61a695a00e51c889caded71c96cbbdde5?s=96&d=mm&r=g\",\"caption\":\"Kisha Orthodhokse\"}}]}<\/script>\n<!-- \/ Yoast SEO plugin. -->","yoast_head_json":{"title":"M\u00ebsuesit kosovar\u00eb dhe shqiptar\u00eb marrin pjes\u00eb n\u00eb trajnimin me tem\u00eb: \u201cTeoria e inteligjencave t\u00eb shum\u00ebfishta dhe aplikimi i saj n\u00eb m\u00ebsimdh\u00ebnie dhe m\u00ebsim-marrje\u201d.(8-10 N\u00ebntor 2013) - Kisha Orthodh\u03bfkse Autoqefale e Shqip\u00ebris\u00eb","robots":{"index":"index","follow":"follow","max-snippet":"max-snippet:-1","max-image-preview":"max-image-preview:large","max-video-preview":"max-video-preview:-1"},"canonical":"https:\/\/orthodoxalbania.org\/2020\/2013\/11\/13\/mesuesit-kosovare-dhe-shqiptare-marrin-pjese-ne-trajnimin-me-teme-teoria-e-inteligjencave-te-shumefishta-dhe-aplikimi-i-saj-ne-mesimdhenie-dhe-mesim-marrje\/","og_locale":"en_US","og_type":"article","og_title":"M\u00ebsuesit kosovar\u00eb dhe shqiptar\u00eb marrin pjes\u00eb n\u00eb trajnimin me tem\u00eb: \u201cTeoria e inteligjencave t\u00eb shum\u00ebfishta dhe aplikimi i saj n\u00eb m\u00ebsimdh\u00ebnie dhe m\u00ebsim-marrje\u201d.(8-10 N\u00ebntor 2013) - Kisha Orthodh\u03bfkse Autoqefale e Shqip\u00ebris\u00eb","og_description":"&nbsp; &nbsp; &nbsp; Vazhdon bashk\u00ebpunimi midis t\u00eb rinjve orthodhoks\u00eb shqiptar\u00eb dhe t\u00eb rinjve kosovar\u00eb. Ky bashk\u00ebpunim vazhdon duke ndjekur nj\u00eb tradit\u00eb t\u00eb ve\u00e7ant\u00eb p\u00ebrgjat\u00eb viteve n\u00eb vijim, q\u00eb pas vitit 1999 kur erdh\u00ebn n\u00eb Shqip\u00ebri, ku Kisha Orthodhokse Autoqefale e Shqip\u00ebris\u00eb ngriti nj\u00eb program t\u00eb gjer\u00eb humanitar, duke pritur dhe ndihmuar 33 000 kosovar\u00eb dhe duke ngritur 2 kampe pritjeje. P\u00ebrve\u00e7 kampeve me natyr\u00eb edukative","og_url":"https:\/\/orthodoxalbania.org\/2020\/2013\/11\/13\/mesuesit-kosovare-dhe-shqiptare-marrin-pjese-ne-trajnimin-me-teme-teoria-e-inteligjencave-te-shumefishta-dhe-aplikimi-i-saj-ne-mesimdhenie-dhe-mesim-marrje\/","og_site_name":"Kisha Orthodh\u03bfkse Autoqefale e Shqip\u00ebris\u00eb","article_publisher":"https:\/\/www.facebook.com\/koash1991","article_published_time":"2013-11-13T13:29:39+00:00","article_modified_time":"2020-04-06T20:05:29+00:00","og_image":[{"url":"https:\/\/lh4.googleusercontent.com\/-lk8Trm2ntmM\/UoN804Mff6I\/AAAAAAAAG2Q\/18GW2FXm7Y4\/w958-h636-no\/Kosova+1.JPG","type":"","width":"","height":""}],"author":"Kisha Orthodhokse","twitter_card":"summary_large_image","twitter_misc":{"Written by":"Kisha Orthodhokse","Est. reading time":"6 minutes"},"schema":{"@context":"https:\/\/schema.org","@graph":[{"@type":"Article","@id":"https:\/\/orthodoxalbania.org\/2020\/2013\/11\/13\/mesuesit-kosovare-dhe-shqiptare-marrin-pjese-ne-trajnimin-me-teme-teoria-e-inteligjencave-te-shumefishta-dhe-aplikimi-i-saj-ne-mesimdhenie-dhe-mesim-marrje\/#article","isPartOf":{"@id":"https:\/\/orthodoxalbania.org\/2020\/2013\/11\/13\/mesuesit-kosovare-dhe-shqiptare-marrin-pjese-ne-trajnimin-me-teme-teoria-e-inteligjencave-te-shumefishta-dhe-aplikimi-i-saj-ne-mesimdhenie-dhe-mesim-marrje\/"},"author":{"name":"Kisha Orthodhokse","@id":"https:\/\/orthodoxalbania.org\/2020\/#\/schema\/person\/0c387634a7063ac612d7ed9ce71c7e86"},"headline":"M\u00ebsuesit kosovar\u00eb dhe shqiptar\u00eb marrin pjes\u00eb n\u00eb trajnimin me tem\u00eb: \u201cTeoria e inteligjencave t\u00eb shum\u00ebfishta dhe aplikimi i saj n\u00eb m\u00ebsimdh\u00ebnie dhe m\u00ebsim-marrje\u201d.(8-10 N\u00ebntor 2013)","datePublished":"2013-11-13T13:29:39+00:00","dateModified":"2020-04-06T20:05:29+00:00","mainEntityOfPage":{"@id":"https:\/\/orthodoxalbania.org\/2020\/2013\/11\/13\/mesuesit-kosovare-dhe-shqiptare-marrin-pjese-ne-trajnimin-me-teme-teoria-e-inteligjencave-te-shumefishta-dhe-aplikimi-i-saj-ne-mesimdhenie-dhe-mesim-marrje\/"},"wordCount":1188,"commentCount":0,"publisher":{"@id":"https:\/\/orthodoxalbania.org\/2020\/#organization"},"image":{"@id":"https:\/\/orthodoxalbania.org\/2020\/2013\/11\/13\/mesuesit-kosovare-dhe-shqiptare-marrin-pjese-ne-trajnimin-me-teme-teoria-e-inteligjencave-te-shumefishta-dhe-aplikimi-i-saj-ne-mesimdhenie-dhe-mesim-marrje\/#primaryimage"},"thumbnailUrl":"https:\/\/lh4.googleusercontent.com\/-lk8Trm2ntmM\/UoN804Mff6I\/AAAAAAAAG2Q\/18GW2FXm7Y4\/w958-h636-no\/Kosova+1.JPG","keywords":["2013","Kryepiskopata Tiran\u00eb","lajme","Trajnime","Zyra e F\u00ebmij\u00ebve"],"articleSection":["Lajme"],"inLanguage":"en-US"},{"@type":"WebPage","@id":"https:\/\/orthodoxalbania.org\/2020\/2013\/11\/13\/mesuesit-kosovare-dhe-shqiptare-marrin-pjese-ne-trajnimin-me-teme-teoria-e-inteligjencave-te-shumefishta-dhe-aplikimi-i-saj-ne-mesimdhenie-dhe-mesim-marrje\/","url":"https:\/\/orthodoxalbania.org\/2020\/2013\/11\/13\/mesuesit-kosovare-dhe-shqiptare-marrin-pjese-ne-trajnimin-me-teme-teoria-e-inteligjencave-te-shumefishta-dhe-aplikimi-i-saj-ne-mesimdhenie-dhe-mesim-marrje\/","name":"M\u00ebsuesit kosovar\u00eb dhe shqiptar\u00eb marrin pjes\u00eb n\u00eb trajnimin me tem\u00eb: \u201cTeoria e inteligjencave t\u00eb shum\u00ebfishta dhe aplikimi i saj n\u00eb m\u00ebsimdh\u00ebnie dhe m\u00ebsim-marrje\u201d.(8-10 N\u00ebntor 2013) - Kisha Orthodh\u03bfkse Autoqefale e Shqip\u00ebris\u00eb","isPartOf":{"@id":"https:\/\/orthodoxalbania.org\/2020\/#website"},"primaryImageOfPage":{"@id":"https:\/\/orthodoxalbania.org\/2020\/2013\/11\/13\/mesuesit-kosovare-dhe-shqiptare-marrin-pjese-ne-trajnimin-me-teme-teoria-e-inteligjencave-te-shumefishta-dhe-aplikimi-i-saj-ne-mesimdhenie-dhe-mesim-marrje\/#primaryimage"},"image":{"@id":"https:\/\/orthodoxalbania.org\/2020\/2013\/11\/13\/mesuesit-kosovare-dhe-shqiptare-marrin-pjese-ne-trajnimin-me-teme-teoria-e-inteligjencave-te-shumefishta-dhe-aplikimi-i-saj-ne-mesimdhenie-dhe-mesim-marrje\/#primaryimage"},"thumbnailUrl":"https:\/\/lh4.googleusercontent.com\/-lk8Trm2ntmM\/UoN804Mff6I\/AAAAAAAAG2Q\/18GW2FXm7Y4\/w958-h636-no\/Kosova+1.JPG","datePublished":"2013-11-13T13:29:39+00:00","dateModified":"2020-04-06T20:05:29+00:00","breadcrumb":{"@id":"https:\/\/orthodoxalbania.org\/2020\/2013\/11\/13\/mesuesit-kosovare-dhe-shqiptare-marrin-pjese-ne-trajnimin-me-teme-teoria-e-inteligjencave-te-shumefishta-dhe-aplikimi-i-saj-ne-mesimdhenie-dhe-mesim-marrje\/#breadcrumb"},"inLanguage":"en-US","potentialAction":[{"@type":"ReadAction","target":["https:\/\/orthodoxalbania.org\/2020\/2013\/11\/13\/mesuesit-kosovare-dhe-shqiptare-marrin-pjese-ne-trajnimin-me-teme-teoria-e-inteligjencave-te-shumefishta-dhe-aplikimi-i-saj-ne-mesimdhenie-dhe-mesim-marrje\/"]}]},{"@type":"ImageObject","inLanguage":"en-US","@id":"https:\/\/orthodoxalbania.org\/2020\/2013\/11\/13\/mesuesit-kosovare-dhe-shqiptare-marrin-pjese-ne-trajnimin-me-teme-teoria-e-inteligjencave-te-shumefishta-dhe-aplikimi-i-saj-ne-mesimdhenie-dhe-mesim-marrje\/#primaryimage","url":"https:\/\/lh4.googleusercontent.com\/-lk8Trm2ntmM\/UoN804Mff6I\/AAAAAAAAG2Q\/18GW2FXm7Y4\/w958-h636-no\/Kosova+1.JPG","contentUrl":"https:\/\/lh4.googleusercontent.com\/-lk8Trm2ntmM\/UoN804Mff6I\/AAAAAAAAG2Q\/18GW2FXm7Y4\/w958-h636-no\/Kosova+1.JPG"},{"@type":"BreadcrumbList","@id":"https:\/\/orthodoxalbania.org\/2020\/2013\/11\/13\/mesuesit-kosovare-dhe-shqiptare-marrin-pjese-ne-trajnimin-me-teme-teoria-e-inteligjencave-te-shumefishta-dhe-aplikimi-i-saj-ne-mesimdhenie-dhe-mesim-marrje\/#breadcrumb","itemListElement":[{"@type":"ListItem","position":1,"name":"Home","item":"https:\/\/orthodoxalbania.org\/2020\/"},{"@type":"ListItem","position":2,"name":"M\u00ebsuesit kosovar\u00eb dhe shqiptar\u00eb marrin pjes\u00eb n\u00eb trajnimin me tem\u00eb: \u201cTeoria e inteligjencave t\u00eb shum\u00ebfishta dhe aplikimi i saj n\u00eb m\u00ebsimdh\u00ebnie dhe m\u00ebsim-marrje\u201d.(8-10 N\u00ebntor 2013)"}]},{"@type":"WebSite","@id":"https:\/\/orthodoxalbania.org\/2020\/#website","url":"https:\/\/orthodoxalbania.org\/2020\/","name":"Kisha Orthodh\u03bfkse Autoqefale e Shqip\u00ebris\u00eb","description":"Fqja Zyrtare e Kish\u00ebs Orthodhokse Autoqefale e Shqip\u00ebris\u00eb me lajmet edhe informacionet zyrtare p\u00ebr struktur\u00ebn edhe veprimtarin e saj.","publisher":{"@id":"https:\/\/orthodoxalbania.org\/2020\/#organization"},"potentialAction":[{"@type":"SearchAction","target":{"@type":"EntryPoint","urlTemplate":"https:\/\/orthodoxalbania.org\/2020\/?s={search_term_string}"},"query-input":{"@type":"PropertyValueSpecification","valueRequired":true,"valueName":"search_term_string"}}],"inLanguage":"en-US"},{"@type":"Organization","@id":"https:\/\/orthodoxalbania.org\/2020\/#organization","name":"Kisha Orthodhokse Autoqefale e Shqip\u00ebris\u00eb","url":"https:\/\/orthodoxalbania.org\/2020\/","logo":{"@type":"ImageObject","inLanguage":"en-US","@id":"https:\/\/orthodoxalbania.org\/2020\/#\/schema\/logo\/image\/","url":"https:\/\/orthodoxalbania.org\/2020\/wp-content\/uploads\/2020\/05\/albania.jpeg","contentUrl":"https:\/\/orthodoxalbania.org\/2020\/wp-content\/uploads\/2020\/05\/albania.jpeg","width":540,"height":540,"caption":"Kisha Orthodhokse Autoqefale e Shqip\u00ebris\u00eb"},"image":{"@id":"https:\/\/orthodoxalbania.org\/2020\/#\/schema\/logo\/image\/"},"sameAs":["https:\/\/www.facebook.com\/koash1991"]},{"@type":"Person","@id":"https:\/\/orthodoxalbania.org\/2020\/#\/schema\/person\/0c387634a7063ac612d7ed9ce71c7e86","name":"Kisha Orthodhokse","image":{"@type":"ImageObject","inLanguage":"en-US","@id":"https:\/\/secure.gravatar.com\/avatar\/596e7c417251e30f2fbb9c00e026fce61a695a00e51c889caded71c96cbbdde5?s=96&d=mm&r=g","url":"https:\/\/secure.gravatar.com\/avatar\/596e7c417251e30f2fbb9c00e026fce61a695a00e51c889caded71c96cbbdde5?s=96&d=mm&r=g","contentUrl":"https:\/\/secure.gravatar.com\/avatar\/596e7c417251e30f2fbb9c00e026fce61a695a00e51c889caded71c96cbbdde5?s=96&d=mm&r=g","caption":"Kisha Orthodhokse"}}]}},"_links":{"self":[{"href":"https:\/\/orthodoxalbania.org\/2020\/wp-json\/wp\/v2\/posts\/951","targetHints":{"allow":["GET"]}}],"collection":[{"href":"https:\/\/orthodoxalbania.org\/2020\/wp-json\/wp\/v2\/posts"}],"about":[{"href":"https:\/\/orthodoxalbania.org\/2020\/wp-json\/wp\/v2\/types\/post"}],"author":[{"embeddable":true,"href":"https:\/\/orthodoxalbania.org\/2020\/wp-json\/wp\/v2\/users\/1"}],"replies":[{"embeddable":true,"href":"https:\/\/orthodoxalbania.org\/2020\/wp-json\/wp\/v2\/comments?post=951"}],"version-history":[{"count":1,"href":"https:\/\/orthodoxalbania.org\/2020\/wp-json\/wp\/v2\/posts\/951\/revisions"}],"predecessor-version":[{"id":15158,"href":"https:\/\/orthodoxalbania.org\/2020\/wp-json\/wp\/v2\/posts\/951\/revisions\/15158"}],"wp:attachment":[{"href":"https:\/\/orthodoxalbania.org\/2020\/wp-json\/wp\/v2\/media?parent=951"}],"wp:term":[{"taxonomy":"category","embeddable":true,"href":"https:\/\/orthodoxalbania.org\/2020\/wp-json\/wp\/v2\/categories?post=951"},{"taxonomy":"post_tag","embeddable":true,"href":"https:\/\/orthodoxalbania.org\/2020\/wp-json\/wp\/v2\/tags?post=951"}],"curies":[{"name":"wp","href":"https:\/\/api.w.org\/{rel}","templated":true}]}}