{"id":943,"date":"2013-05-04T11:41:08","date_gmt":"2013-05-04T11:41:08","guid":{"rendered":""},"modified":"2020-04-06T22:05:45","modified_gmt":"2020-04-06T20:05:45","slug":"pashke-2013-ngjallja-e-krishtit-fuqi-e-pashtershme-kunder-deshperimit","status":"publish","type":"post","link":"https:\/\/orthodoxalbania.org\/2020\/2013\/05\/04\/pashke-2013-ngjallja-e-krishtit-fuqi-e-pashtershme-kunder-deshperimit\/","title":{"rendered":"Mesazhi i Pashk\u00ebs 2013."},"content":{"rendered":"<p><span style=\"font-size: 12pt; font-family: georgia,palatino;\"><img decoding=\"async\" class=\"lazyload HAa Eha\" style=\"display: block; margin-left: auto; margin-right: auto;\" alt=\"\" src=\"data:image\/svg+xml,%3Csvg%20xmlns%3D%27http%3A%2F%2Fwww.w3.org%2F2000%2Fsvg%27%20width%3D%2751%27%20height%3D%2751%27%20viewBox%3D%270%200%2051%2051%27%3E%3Crect%20width%3D%2751%27%20height%3D%2751%27%20fill-opacity%3D%220%22%2F%3E%3C%2Fsvg%3E\" data-orig-src=\"https:\/\/lh3.googleusercontent.com\/-0XaSr7tg_9w\/U_NB8PwotlI\/AAAAAAAAA2g\/QXaauIV8bCc\/s577-no\/logo.png\" height=\"51\" width=\"51\" \/><\/span><\/p>\n<p style=\"text-align: center;\"><span style=\"font-size: 12pt; font-family: helvetica; color: #000000;\"><strong>KISHA ORTHODHOKSE AUTOQEFALE E SHQIP\u00cbRIS\u00cb<\/strong><\/span><\/p>\n<p style=\"text-align: center;\"> <span style=\"font-size: 12pt; font-family: helvetica;\"><span style=\"color: #800000;\"><strong>PASHK\u00cb 2013<\/strong><\/span><\/span><\/p>\n<p style=\"text-align: center;\"> <span style=\"font-size: 12pt; font-family: helvetica; color: #000000;\"><strong>NGJALLJA E KRISHTIT, FUQI E PASHTERSHME KUND\u00cbR D\u00cbSHP\u00cbRIMIT<\/strong><\/span><\/p>\n<div style=\"text-align: center;\"><span style=\"font-size: 12pt; font-family: helvetica; color: #000000;\"><strong>+Anastasi<\/strong><\/span><br \/> <span style=\"font-size: 12pt; font-family: helvetica; color: #000000;\">Kryepiskop i Tiran\u00ebs, Durr\u00ebsit dhe i Gjith\u00eb Shqip\u00ebris\u00eb<\/span><\/div>\n<div style=\"text-align: center;\">&nbsp;<\/div>\n<div style=\"text-align: center;\">&nbsp;<\/div>\n<p style=\"text-align: center;\">&nbsp;<\/p>\n<p style=\"margin-left: 2pt; text-align: justify;\"><span style=\"color: #000000; font-size: 12pt; font-family: helvetica;\">&nbsp;&nbsp;&nbsp; Klerit dhe popullit shpres\u00ebtar Orthodhoks,<\/span><\/p>\n<p style=\"margin-left: 2pt; text-align: justify;\"><span style=\"color: #000000; font-size: 12pt; font-family: helvetica;\">&nbsp;&nbsp;&nbsp; Bij t\u00eb shtrenjt\u00eb m\u00eb Zotin,<\/span><\/p>\n<p style=\"margin-left: 2pt; text-align: justify;\">&nbsp;<\/p>\n<p style=\"margin-left: 2pt; text-align: justify;\">&nbsp;<\/p>\n<p style=\"margin-left: 116pt; text-align: right;\"><span style=\"color: #000000;\"><span style=\"font-size: 12pt; font-family: helvetica;\">&#8220;Ejani t\u00eb ngaz\u00ebllohemi m\u00eb Zotin, q\u00eb d\u00ebrrmoipushtetin e vdekjes dhe ndri\u00e7oi gjinin\u00eb njer\u00ebzore&#8221;<\/span><span style=\"font-family: helvetica;\"> <\/span><\/span><\/p>\n<p style=\"margin-left: 2pt; text-align: justify;\"><span style=\"color: #000000; font-size: 12pt; font-family: helvetica;\"><strong>&nbsp;&nbsp;&nbsp; 1. <\/strong>Ftes\u00eb p\u00ebr nj\u00eb t\u00eb kremte t\u00eb t\u00ebr\u00ebndritshme na drejton sot Kisha jon\u00eb. Kjo ftes\u00eb, n\u00eb pamje t\u00eb par\u00eb duket paradoksale, se injoron realitetin, ku na mbyt nj\u00eb atmosfer\u00eb e turbullt, e mbushur me pasiguri, varf\u00ebri e shkurajim. E megjithat\u00eb, pik\u00ebrisht kjo ftes\u00eb paskale na ndihmon t\u00eb kuptojm\u00eb dhe t\u00eb pranojm\u00eb nj\u00eb realitet tjet\u00ebr.<\/span><\/p>\n<p style=\"margin-left: 2pt; text-align: justify;\"><span style=\"color: #000000; font-size: 12pt; font-family: helvetica;\">&nbsp;&nbsp;&nbsp; Sado d\u00ebshp\u00ebruese t\u00eb jen\u00eb kushtet e sotme t\u00eb jet\u00ebs, ekziston nj\u00eb lajm i g\u00ebzuesh\u00ebm i p\u00ebrjetsh\u00ebm, t\u00eb cilin Kisha e shpall gjat\u00eb t\u00eb kremtes s\u00eb Pashk\u00ebs n\u00eb m\u00ebnyr\u00eb panegjirike: Krishti d\u00ebrrmoi pushtetin e vdekjes dhe ndri\u00e7oi gjinin\u00eb njer\u00ebzore. Ky fakt ndryshoi rr\u00ebnj\u00ebsisht ecurin\u00eb e bot\u00ebs, perspektiv\u00ebn dhe dinamik\u00ebn e jet\u00ebs son\u00eb.<\/span><\/p>\n<p style=\"margin-left: 2pt; text-align: justify;\"><span style=\"color: #000000; font-size: 12pt; font-family: helvetica;\">&nbsp;&nbsp;&nbsp; Ky ngaz\u00ebllim paskal nuk kusht\u00ebzohet s\u00eb jashtmi. Ai lul\u00ebzon pavar\u00ebsisht kund\u00ebrshtive dhe sprovave n\u00eb koh\u00eb t\u00eb ndryshme. Ngjallja e Krishtit i ndri\u00e7on dhe i transformon edhe k\u00ebto. B\u00ebhet fjal\u00eb p\u00ebr di\u00e7ka unikale, q\u00eb i jep kuptim t\u00eb ri qenies njer\u00ebzore: p\u00ebr d\u00ebrrmimin e vdekjes dhe pjes\u00ebmarrjen ton\u00eb n\u00eb triumfin e Krishtit Fitimtar. &#8220;Krishti u ngjall s\u00eb vdekurish, me vdekjen vdekjen shkeli&#8221;, psalim n\u00eb m\u00ebnyr\u00eb triumfuese, &#8220;edhe t\u00eb varrosurve jet\u00ebn u fali&#8221;.<\/span><\/p>\n<p style=\"margin-left: 2pt; text-align: justify;\"><span style=\"color: #000000; font-size: 12pt; font-family: helvetica;\">&nbsp;&nbsp;&nbsp; Apostull Pavli na shpjegon: Per\u00ebndia At\u00eb e vendosi Zotin e Ngjallur &#8220;&#8230; p\u00ebrmbi \u00e7do autoritet e pushtet e fuqi e zot\u00ebrim e \u00e7do em\u00ebr q\u00eb quhet, jo vet\u00ebm n\u00eb k\u00ebt\u00eb jet\u00eb por edhe n\u00eb at\u00eb q\u00eb vjen dhe i n\u00ebnshtroi t\u00eb gjitha n\u00ebn k\u00ebmb\u00ebt e tij&#8221; (Efes.1:21-22). Edhe Kisha e Krishtit, si komunitet eukaristik i Ngjalljes, predikon misterin e madh t\u00eb besimit dhe ofron shp\u00ebtimin, kap\u00ebrcimin final t\u00eb vdekjes dhe pjes\u00ebmarrjen ton\u00eb n\u00eb jet\u00ebn e t\u00ebr\u00ebndritshme t\u00eb t\u00eb Ngjallurit.<\/span><\/p>\n<p style=\"margin-left: 2pt; text-align: justify;\"><span style=\"color: #000000; font-size: 12pt; font-family: helvetica;\">&nbsp;&nbsp;&nbsp; &#8220;Ejani&#8221; pra, &#8220;le t\u00eb ngaz\u00ebllohemi m\u00eb Zotin&#8221;, sepse ngjalljen e Krishtit e pason d\u00ebrrmimi i kompleksit q\u00eb lidhet me vdekjen, padrejt\u00ebsin\u00eb, frik\u00ebn, ankthin, g\u00ebnjeshtr\u00ebn, dhun\u00ebn. Me Ngjalljen e Tij, Krishti i p\u00ebrmbysi t\u00eb gjitha ato q\u00eb shtypin qenien njer\u00ebzore. Dhuroi fuqi p\u00ebr p\u00ebrmbysjen e tyre. P\u00ebr k\u00ebt\u00eb arsye, Ngjallja mbetet fuqia e pashtershme kund\u00ebr \u00e7do lloj d\u00ebshp\u00ebrimi.<\/span><\/p>\n<p style=\"margin-left: 2pt; text-align: justify;\"><span style=\"color: #000000; font-size: 12pt; font-family: helvetica;\">&nbsp;&nbsp;&nbsp; Sigurisht, kjo nuk do t\u00eb thot\u00eb se er\u00ebrat e vdekjes jan\u00eb zhdukur nga jeta njer\u00ebzore. Por tjet\u00ebr gj\u00eb \u00ebsht\u00eb q\u00eb shikimi yn\u00eb t\u00eb humbas\u00eb n\u00eb err\u00ebsir\u00ebn e pabesis\u00eb dhe t\u00eb padijes, n\u00eb kraterin e d\u00ebshp\u00ebrimit maksimal, duke menduar se kjo \u00ebsht\u00eb paracaktuar nga fati i jet\u00ebs dhe, krejt\u00ebsisht tjet\u00ebr \u00ebsht\u00eb t&#8217;i shikojm\u00eb problemet e jet\u00ebs, hidh\u00ebrimin, s\u00ebmundjen, shpifjen, padrejt\u00ebsin\u00eb, brenda perspektiv\u00ebs s\u00eb p\u00ebrjet\u00ebsis\u00eb me v\u00ebshtrimin nga Krishti i Ngjallur.<\/span><\/p>\n<p style=\"margin-left: 2pt; text-align: justify;\"><span style=\"color: #000000; font-size: 12pt; font-family: helvetica;\"><strong>&nbsp;&nbsp;&nbsp; 2. <\/strong>Sigurisht, nj\u00eb shikim i till\u00eb dhe kjo p\u00ebrballje e realitetit presupozon besim te Krishti, jo thjesht si m\u00ebsues dhe iniciues fetar. Besim n\u00eb Zotin e Kryq\u00ebzuar dhe t\u00eb Ngjallur, ashtu si tani, q\u00eb p\u00ebr shekuj me radh\u00eb e ka predikuar Kisha, n\u00eb Birin e Per\u00ebndis\u00eb s\u00eb Gjall\u00eb, n\u00eb Zotin e Gjith\u00ebsis\u00eb.<\/span><\/p>\n<p style=\"text-align: justify;\"><span style=\"color: #000000; font-size: 12pt; font-family: helvetica;\">&nbsp;&nbsp;&nbsp; Presupozon marr\u00ebdh\u00ebnie jet\u00ebsore me At\u00eb, rip\u00ebrt\u00ebritje t\u00eb vazhdueshme shpirt\u00ebrore. E nd\u00ebrsa marrim pjes\u00eb me t\u00ebr\u00eb shpirtin n\u00eb ngaz\u00ebllimin e Ngjalljes s\u00eb Krishtit, besimi yn\u00eb rip\u00ebrt\u00ebrihet dhe fuqizohet.<\/span><\/p>\n<p style=\"text-align: justify;\"><span style=\"color: #000000; font-size: 12pt; font-family: helvetica;\">&nbsp;&nbsp;&nbsp; Por n\u00eb t\u00eb nj\u00ebjt\u00ebn koh\u00eb, \u00ebsht\u00eb nj\u00eb rast i ve\u00e7ant\u00eb p\u00ebr t&#8217;u nd\u00ebrgjegj\u00ebsuar p\u00ebr bamir\u00ebsit\u00eb e Tij, t\u00eb njohura e t\u00eb panjohura, p\u00ebr shp\u00ebtimin nga rreziqet e ndryshme, p\u00ebr sh\u00ebrimet e mrekullueshme, p\u00ebr q\u00ebndres\u00ebn, p\u00ebr durimin me t\u00eb cilin na vesh si armatur\u00eb q\u00eb t\u00eb p\u00ebrballojm\u00eb v\u00ebshtir\u00ebsit\u00eb e jet\u00ebs.<\/span><\/p>\n<p style=\"text-align: justify;\"><span style=\"color: #000000; font-size: 12pt; font-family: helvetica;\">&nbsp;&nbsp;&nbsp; Ve\u00e7an\u00ebrisht ne, orthodhoks\u00ebt n\u00eb Shqip\u00ebri, le t\u00eb lavd\u00ebrojm\u00eb Per\u00ebndin\u00eb sepse sivjet na denj\u00ebsoi t\u00eb kremtojm\u00eb n\u00eb k\u00ebt\u00eb kish\u00eb katedrale madh\u00ebshtore, q\u00eb mban emrin &#8220;Ngjallja e Krishtit&#8221;, dhe ofron vend p\u00ebr meditim, lutje, ngush\u00ebllim dhe solidaritet.<\/span><\/p>\n<p style=\"text-align: justify;\"><span style=\"color: #000000; font-size: 12pt; font-family: helvetica;\">&nbsp;&nbsp;&nbsp; Pashka, p\u00ebr m\u00eb tep\u00ebr, \u00ebsht\u00eb nj\u00eb e kremte q\u00eb e ndiejn\u00eb dhe e shijojn\u00eb jo vet\u00ebm besimtar\u00ebt, por edhe njer\u00ebzit q\u00eb ndodhen n\u00eb k\u00ebrkim e sip\u00ebr, q\u00eb l\u00ebkunden midis besimit dhe t\u00eb besuarit t\u00eb pakt\u00eb. Zoti i Ngjallur q\u00ebndron mistikisht, me durim, p\u00ebrpara shum\u00eb zemrave t\u00eb mbyllura, i mbushur me dashuri dhe mir\u00ebkuptim p\u00ebr t\u00eb th\u00ebn\u00eb n\u00eb m\u00ebnyr\u00eb t\u00eb p\u00ebrs\u00ebritur mos kini frik\u00eb,&#8221;&#8230;. Ja un\u00eb tek jam bashk\u00eb me ju t\u00ebgjitha dit\u00ebt e jet\u00ebs suaj&#8230;&#8221;(Matth.28:20). T\u00eb gjith\u00eb sa p\u00ebrpiqeni t\u00eb jetoni Ungjillin n\u00eb fazat e v\u00ebshtira t\u00eb jet\u00ebs moderne, &#8220;ejani&#8221; t\u00eb rip\u00ebrt\u00ebrini guximin, shpres\u00ebn tuaj. Sa jeni ngurrues, sa bini n\u00eb gabime- madje edhe n\u00eb r\u00ebnie- p\u00ebrpiquni t\u00eb q\u00ebndroni brenda shoq\u00ebris\u00eb s\u00eb Kish\u00ebs, mos e humbisni fuqin\u00eb e shpirtit&#8221;askush t\u00eb mosd\u00ebshp\u00ebrohetp\u00ebr r\u00ebniet, sepse falja na buroiprej varrit Mos kini frik\u00eb vdekjen, se na \u00e7liroi prej saj vdekja e Shp\u00ebtimtarit&#8221; (Sh\u00ebn Joan Gojarti).<\/span><\/p>\n<p style=\"text-align: justify;\"><span style=\"color: #000000; font-size: 12pt; font-family: helvetica;\">&nbsp;&nbsp;&nbsp; <strong>3.<\/strong> &#8220;Ejani&#8221;pra,&#8221;let\u00ebngaz\u00ebllohemi m\u00eb Zotin&#8230; q\u00eb ndri\u00e7oigjinin\u00eb njer\u00ebzore&#8221;. Ky ngaz\u00ebllim nuk \u00ebsht\u00eb individual. \u00cbsht\u00eb gjith\u00ebp\u00ebrfshir\u00ebs p\u00ebr nga natyra. Shum\u00ebfishohet nga prania e mij\u00ebra e mij\u00ebra besimtar\u00ebve. Drita e tij shp\u00ebrndahet n\u00eb t\u00eb gjitha drejtimet, ka nj\u00eb shtrirje mbar\u00ebnjer\u00ebzore. Dhe t\u00eb gjith\u00eb sa e ndiejm\u00eb, ftohemi t\u00eb transmetojm\u00eb sigurin\u00eb dhe optimizmin p\u00ebr fitoren finale t\u00eb drejt\u00ebsis\u00eb, t\u00eb s\u00eb v\u00ebrtet\u00ebs dhe t\u00eb dashuris\u00eb- t\u00eb vet\u00eb jet\u00ebs. Drita q\u00eb nuk per\u00ebndon e Ngjalljes s\u00eb Krishtit shk\u00eblqen brenda krijimit t\u00eb duksh\u00ebm, n\u00eb mbar\u00eb bot\u00ebn. Pra, \u00e7do besimtar, ftohet ta marr\u00eb dhe ta transmetoj\u00eb drit\u00ebn paskale n\u00eb mjedisin e tij dhe t\u00eb ndihmoj\u00eb t\u00eb af\u00ebrmin ta ndez\u00eb edhe ai llambadhen e tij. Sigurisht, shum\u00eb vet\u00eb nuk e njohin ekzistenc\u00ebn e k\u00ebsaj drite n\u00eb jet\u00ebn e bot\u00ebs, por kjo nuk do t\u00eb thot\u00eb se ajo resht s\u00eb vepruari, s\u00eb ndri\u00e7uari dhe s\u00eb udh\u00ebhequri &#8220;gjinin\u00eb njer\u00ebzore&#8221;.<\/span><\/p>\n<p style=\"text-align: justify;\"><span style=\"color: #000000; font-size: 12pt; font-family: helvetica;\">&nbsp;&nbsp;&nbsp; V\u00ebllez\u00ebrit e mi, sado q\u00eb epoka jon\u00eb \u00ebsht\u00eb shpesh e err\u00ebt, e mbushur me pasiguri, hidh\u00ebrim dhe shqet\u00ebsim, t\u00eb mos e lejojm\u00eb trishtimin dhe d\u00ebshp\u00ebrimin t\u00eb sundojn\u00eb n\u00eb shpirtin ton\u00eb. P\u00ebrkundrazi, le t&#8217;i p\u00ebrgjigjemi me besim ftes\u00ebs paskale:\u00abEjani t\u00eb ngaz\u00ebllohemi m\u00eb Zotin, i cilishtypipushtetin e vdekjes dhe ndri\u00e7oigjinin\u00eb njer\u00ebzore\u00bb. Krishti i Ngjallur, d\u00ebrrmoi pushtetin e vdekjes, -na siguron e kremtjja e sotme, &#8211; dhe vazhdon t\u00eb shp\u00ebrb\u00ebj\u00eb \u00e7do frym\u00eb vdekjeprur\u00ebse frike, m\u00ebkati, s\u00ebmundjeje, padrejt\u00ebsie. Le ta fuqizojm\u00eb nj\u00ebri-tjetrin me dashurin\u00eb, besimin, optimizmin dhe solidaritetin.<\/span><\/p>\n<p style=\"text-align: justify;\"><span style=\"color: #000000; font-size: 12pt; font-family: helvetica;\">&nbsp;&nbsp;&nbsp; Krishti u ngjall! &#8211; v\u00ebllez\u00ebrit e mi. Mbi \u00e7do realitet t\u00eb dhimbsh\u00ebm, mbizot\u00ebron fakti q\u00eb Krishtit t\u00eb ngjallur iu dha \u00ab\u00e7do pushtet n\u00eb qiell dhe mbi dhe\u00bb. Ngjallja e Krishtit u ofron besimtar\u00ebve n\u00eb m\u00ebnyr\u00eb diakronike fuqin\u00eb e pashtershme kund\u00ebr d\u00ebshp\u00ebrimit.\u00abEjani, le t\u00eb ngaz\u00ebllohemi m\u00eb Zotin\u00bb.<\/span><\/p>\n<p style=\"text-align: justify;\">&nbsp;<\/p>\n<p style=\"text-align: justify;\">&nbsp;<\/p>\n<p style=\"text-align: center;\"><span style=\"font-family: helvetica; color: #000000;\"><span style=\"font-size: 12pt;\">Me t\u00eb gjith\u00eb dashurin\u00eb time m\u00eb Krishtin,<\/span><span style=\"font-size: 12pt;\"> <\/span><\/span><\/p>\n<div style=\"text-align: center;\"><span style=\"color: #000000; font-size: 12pt; font-family: helvetica;\"><strong>+Anastasi<\/strong><\/span><\/div>\n<div style=\"text-align: center;\"><span style=\"color: #000000; font-size: 12pt; font-family: helvetica;\">Kryepiskop i Tiran\u00ebs, Durr\u00ebsit dhe i Gjith\u00eb Shqip\u00ebris\u00eb<\/span><\/div>\n","protected":false},"excerpt":{"rendered":"<p>KISHA ORTHODHOKSE AUTOQEFALE E SHQIP\u00cbRIS\u00cb PASHK\u00cb 2013 NGJALLJA E KRISHTIT, FUQI E PASHTERSHME KUND\u00cbR D\u00cbSHP\u00cbRIMIT +Anastasi Kryepiskop i Tiran\u00ebs, Durr\u00ebsit dhe i Gjith\u00eb Shqip\u00ebris\u00eb &nbsp; &nbsp; &nbsp; &nbsp;&nbsp;&nbsp; Klerit dhe popullit shpres\u00ebtar Orthodhoks, &nbsp;&nbsp;&nbsp; Bij t\u00eb shtrenjt\u00eb m\u00eb Zotin, &nbsp; &nbsp; &#8220;Ejani t\u00eb ngaz\u00ebllohemi m\u00eb Zotin, q\u00eb d\u00ebrrmoipushtetin e vdekjes dhe ndri\u00e7oi gjinin\u00eb njer\u00ebzore&#8221; &nbsp;&nbsp;&nbsp; 1. Ftes\u00eb p\u00ebr nj\u00eb t\u00eb kremte t\u00eb t\u00ebr\u00ebndritshme na drejton<\/p>\n","protected":false},"author":14,"featured_media":0,"comment_status":"open","ping_status":"open","sticky":false,"template":"","format":"standard","meta":{"_acf_changed":false,"pagelayer_contact_templates":[],"_pagelayer_content":"","inline_featured_image":false,"fifu_image_url":"","fifu_image_alt":"","footnotes":""},"categories":[108],"tags":[141,196,212,152,189],"class_list":["post-943","post","type-post","status-publish","format-standard","hentry","category-lajme","tag-141","tag-tirane","tag-lajme-d27","tag-mesazhet-festive-d19","tag-pashke-2014"],"acf":[],"yoast_head":"<!-- This site is optimized with the Yoast SEO plugin v27.2 - https:\/\/yoast.com\/product\/yoast-seo-wordpress\/ -->\n<title>Mesazhi i Pashk\u00ebs 2013. - Kisha Orthodh\u03bfkse Autoqefale e Shqip\u00ebris\u00eb<\/title>\n<meta name=\"robots\" content=\"index, follow, max-snippet:-1, max-image-preview:large, max-video-preview:-1\" \/>\n<link rel=\"canonical\" href=\"https:\/\/orthodoxalbania.org\/2020\/2013\/05\/04\/pashke-2013-ngjallja-e-krishtit-fuqi-e-pashtershme-kunder-deshperimit\/\" \/>\n<meta property=\"og:locale\" content=\"en_US\" \/>\n<meta property=\"og:type\" content=\"article\" \/>\n<meta property=\"og:title\" content=\"Mesazhi i Pashk\u00ebs 2013. - Kisha Orthodh\u03bfkse Autoqefale e Shqip\u00ebris\u00eb\" \/>\n<meta property=\"og:description\" content=\"KISHA ORTHODHOKSE AUTOQEFALE E SHQIP\u00cbRIS\u00cb PASHK\u00cb 2013 NGJALLJA E KRISHTIT, FUQI E PASHTERSHME KUND\u00cbR D\u00cbSHP\u00cbRIMIT +Anastasi Kryepiskop i Tiran\u00ebs, Durr\u00ebsit dhe i Gjith\u00eb Shqip\u00ebris\u00eb &nbsp; &nbsp; &nbsp; &nbsp;&nbsp;&nbsp; Klerit dhe popullit shpres\u00ebtar Orthodhoks, &nbsp;&nbsp;&nbsp; Bij t\u00eb shtrenjt\u00eb m\u00eb Zotin, &nbsp; &nbsp; &#8220;Ejani t\u00eb ngaz\u00ebllohemi m\u00eb Zotin, q\u00eb d\u00ebrrmoipushtetin e vdekjes dhe ndri\u00e7oi gjinin\u00eb njer\u00ebzore&#8221; &nbsp;&nbsp;&nbsp; 1. Ftes\u00eb p\u00ebr nj\u00eb t\u00eb kremte t\u00eb t\u00ebr\u00ebndritshme na drejton\" \/>\n<meta property=\"og:url\" content=\"https:\/\/orthodoxalbania.org\/2020\/2013\/05\/04\/pashke-2013-ngjallja-e-krishtit-fuqi-e-pashtershme-kunder-deshperimit\/\" \/>\n<meta property=\"og:site_name\" content=\"Kisha Orthodh\u03bfkse Autoqefale e Shqip\u00ebris\u00eb\" \/>\n<meta property=\"article:publisher\" content=\"https:\/\/www.facebook.com\/koash1991\" \/>\n<meta property=\"article:published_time\" content=\"2013-05-04T11:41:08+00:00\" \/>\n<meta property=\"article:modified_time\" content=\"2020-04-06T20:05:45+00:00\" \/>\n<meta property=\"og:image\" content=\"https:\/\/lh3.googleusercontent.com\/-0XaSr7tg_9w\/U_NB8PwotlI\/AAAAAAAAA2g\/QXaauIV8bCc\/s577-no\/logo.png\" \/>\n<meta name=\"author\" content=\"neo_admin\" \/>\n<meta name=\"twitter:card\" content=\"summary_large_image\" \/>\n<meta name=\"twitter:label1\" content=\"Written by\" \/>\n\t<meta name=\"twitter:data1\" content=\"neo_admin\" \/>\n\t<meta name=\"twitter:label2\" content=\"Est. reading time\" \/>\n\t<meta name=\"twitter:data2\" content=\"7 minutes\" \/>\n<script type=\"application\/ld+json\" class=\"yoast-schema-graph\">{\"@context\":\"https:\/\/schema.org\",\"@graph\":[{\"@type\":\"Article\",\"@id\":\"https:\/\/orthodoxalbania.org\/2020\/2013\/05\/04\/pashke-2013-ngjallja-e-krishtit-fuqi-e-pashtershme-kunder-deshperimit\/#article\",\"isPartOf\":{\"@id\":\"https:\/\/orthodoxalbania.org\/2020\/2013\/05\/04\/pashke-2013-ngjallja-e-krishtit-fuqi-e-pashtershme-kunder-deshperimit\/\"},\"author\":{\"name\":\"neo_admin\",\"@id\":\"https:\/\/orthodoxalbania.org\/2020\/#\/schema\/person\/dd2bdc135b53c60d45b8bb329565cf6d\"},\"headline\":\"Mesazhi i Pashk\u00ebs 2013.\",\"datePublished\":\"2013-05-04T11:41:08+00:00\",\"dateModified\":\"2020-04-06T20:05:45+00:00\",\"mainEntityOfPage\":{\"@id\":\"https:\/\/orthodoxalbania.org\/2020\/2013\/05\/04\/pashke-2013-ngjallja-e-krishtit-fuqi-e-pashtershme-kunder-deshperimit\/\"},\"wordCount\":1333,\"commentCount\":0,\"publisher\":{\"@id\":\"https:\/\/orthodoxalbania.org\/2020\/#organization\"},\"image\":{\"@id\":\"https:\/\/orthodoxalbania.org\/2020\/2013\/05\/04\/pashke-2013-ngjallja-e-krishtit-fuqi-e-pashtershme-kunder-deshperimit\/#primaryimage\"},\"thumbnailUrl\":\"https:\/\/lh3.googleusercontent.com\/-0XaSr7tg_9w\/U_NB8PwotlI\/AAAAAAAAA2g\/QXaauIV8bCc\/s577-no\/logo.png\",\"keywords\":[\"2013\",\"Kryepiskopata Tiran\u00eb\",\"lajme\",\"Mesazhet Festive\",\"Pashk\u00eb\"],\"articleSection\":[\"Lajme\"],\"inLanguage\":\"en-US\"},{\"@type\":\"WebPage\",\"@id\":\"https:\/\/orthodoxalbania.org\/2020\/2013\/05\/04\/pashke-2013-ngjallja-e-krishtit-fuqi-e-pashtershme-kunder-deshperimit\/\",\"url\":\"https:\/\/orthodoxalbania.org\/2020\/2013\/05\/04\/pashke-2013-ngjallja-e-krishtit-fuqi-e-pashtershme-kunder-deshperimit\/\",\"name\":\"Mesazhi i Pashk\u00ebs 2013. - Kisha Orthodh\u03bfkse Autoqefale e Shqip\u00ebris\u00eb\",\"isPartOf\":{\"@id\":\"https:\/\/orthodoxalbania.org\/2020\/#website\"},\"primaryImageOfPage\":{\"@id\":\"https:\/\/orthodoxalbania.org\/2020\/2013\/05\/04\/pashke-2013-ngjallja-e-krishtit-fuqi-e-pashtershme-kunder-deshperimit\/#primaryimage\"},\"image\":{\"@id\":\"https:\/\/orthodoxalbania.org\/2020\/2013\/05\/04\/pashke-2013-ngjallja-e-krishtit-fuqi-e-pashtershme-kunder-deshperimit\/#primaryimage\"},\"thumbnailUrl\":\"https:\/\/lh3.googleusercontent.com\/-0XaSr7tg_9w\/U_NB8PwotlI\/AAAAAAAAA2g\/QXaauIV8bCc\/s577-no\/logo.png\",\"datePublished\":\"2013-05-04T11:41:08+00:00\",\"dateModified\":\"2020-04-06T20:05:45+00:00\",\"breadcrumb\":{\"@id\":\"https:\/\/orthodoxalbania.org\/2020\/2013\/05\/04\/pashke-2013-ngjallja-e-krishtit-fuqi-e-pashtershme-kunder-deshperimit\/#breadcrumb\"},\"inLanguage\":\"en-US\",\"potentialAction\":[{\"@type\":\"ReadAction\",\"target\":[\"https:\/\/orthodoxalbania.org\/2020\/2013\/05\/04\/pashke-2013-ngjallja-e-krishtit-fuqi-e-pashtershme-kunder-deshperimit\/\"]}]},{\"@type\":\"ImageObject\",\"inLanguage\":\"en-US\",\"@id\":\"https:\/\/orthodoxalbania.org\/2020\/2013\/05\/04\/pashke-2013-ngjallja-e-krishtit-fuqi-e-pashtershme-kunder-deshperimit\/#primaryimage\",\"url\":\"https:\/\/lh3.googleusercontent.com\/-0XaSr7tg_9w\/U_NB8PwotlI\/AAAAAAAAA2g\/QXaauIV8bCc\/s577-no\/logo.png\",\"contentUrl\":\"https:\/\/lh3.googleusercontent.com\/-0XaSr7tg_9w\/U_NB8PwotlI\/AAAAAAAAA2g\/QXaauIV8bCc\/s577-no\/logo.png\"},{\"@type\":\"BreadcrumbList\",\"@id\":\"https:\/\/orthodoxalbania.org\/2020\/2013\/05\/04\/pashke-2013-ngjallja-e-krishtit-fuqi-e-pashtershme-kunder-deshperimit\/#breadcrumb\",\"itemListElement\":[{\"@type\":\"ListItem\",\"position\":1,\"name\":\"Home\",\"item\":\"https:\/\/orthodoxalbania.org\/2020\/\"},{\"@type\":\"ListItem\",\"position\":2,\"name\":\"Mesazhi i Pashk\u00ebs 2013.\"}]},{\"@type\":\"WebSite\",\"@id\":\"https:\/\/orthodoxalbania.org\/2020\/#website\",\"url\":\"https:\/\/orthodoxalbania.org\/2020\/\",\"name\":\"Kisha Orthodh\u03bfkse Autoqefale e Shqip\u00ebris\u00eb\",\"description\":\"Fqja Zyrtare e Kish\u00ebs Orthodhokse Autoqefale e Shqip\u00ebris\u00eb me lajmet edhe informacionet zyrtare p\u00ebr struktur\u00ebn edhe veprimtarin e saj.\",\"publisher\":{\"@id\":\"https:\/\/orthodoxalbania.org\/2020\/#organization\"},\"potentialAction\":[{\"@type\":\"SearchAction\",\"target\":{\"@type\":\"EntryPoint\",\"urlTemplate\":\"https:\/\/orthodoxalbania.org\/2020\/?s={search_term_string}\"},\"query-input\":{\"@type\":\"PropertyValueSpecification\",\"valueRequired\":true,\"valueName\":\"search_term_string\"}}],\"inLanguage\":\"en-US\"},{\"@type\":\"Organization\",\"@id\":\"https:\/\/orthodoxalbania.org\/2020\/#organization\",\"name\":\"Kisha Orthodhokse Autoqefale e Shqip\u00ebris\u00eb\",\"url\":\"https:\/\/orthodoxalbania.org\/2020\/\",\"logo\":{\"@type\":\"ImageObject\",\"inLanguage\":\"en-US\",\"@id\":\"https:\/\/orthodoxalbania.org\/2020\/#\/schema\/logo\/image\/\",\"url\":\"https:\/\/orthodoxalbania.org\/2020\/wp-content\/uploads\/2020\/05\/albania.jpeg\",\"contentUrl\":\"https:\/\/orthodoxalbania.org\/2020\/wp-content\/uploads\/2020\/05\/albania.jpeg\",\"width\":540,\"height\":540,\"caption\":\"Kisha Orthodhokse Autoqefale e Shqip\u00ebris\u00eb\"},\"image\":{\"@id\":\"https:\/\/orthodoxalbania.org\/2020\/#\/schema\/logo\/image\/\"},\"sameAs\":[\"https:\/\/www.facebook.com\/koash1991\"]},{\"@type\":\"Person\",\"@id\":\"https:\/\/orthodoxalbania.org\/2020\/#\/schema\/person\/dd2bdc135b53c60d45b8bb329565cf6d\",\"name\":\"neo_admin\",\"image\":{\"@type\":\"ImageObject\",\"inLanguage\":\"en-US\",\"@id\":\"https:\/\/secure.gravatar.com\/avatar\/53e6cdc30765aade0129f85e5aeb50124b1d3f5bb9a70373be31e4eb328371e0?s=96&d=mm&r=g\",\"url\":\"https:\/\/secure.gravatar.com\/avatar\/53e6cdc30765aade0129f85e5aeb50124b1d3f5bb9a70373be31e4eb328371e0?s=96&d=mm&r=g\",\"contentUrl\":\"https:\/\/secure.gravatar.com\/avatar\/53e6cdc30765aade0129f85e5aeb50124b1d3f5bb9a70373be31e4eb328371e0?s=96&d=mm&r=g\",\"caption\":\"neo_admin\"}}]}<\/script>\n<!-- \/ Yoast SEO plugin. -->","yoast_head_json":{"title":"Mesazhi i Pashk\u00ebs 2013. - Kisha Orthodh\u03bfkse Autoqefale e Shqip\u00ebris\u00eb","robots":{"index":"index","follow":"follow","max-snippet":"max-snippet:-1","max-image-preview":"max-image-preview:large","max-video-preview":"max-video-preview:-1"},"canonical":"https:\/\/orthodoxalbania.org\/2020\/2013\/05\/04\/pashke-2013-ngjallja-e-krishtit-fuqi-e-pashtershme-kunder-deshperimit\/","og_locale":"en_US","og_type":"article","og_title":"Mesazhi i Pashk\u00ebs 2013. - Kisha Orthodh\u03bfkse Autoqefale e Shqip\u00ebris\u00eb","og_description":"KISHA ORTHODHOKSE AUTOQEFALE E SHQIP\u00cbRIS\u00cb PASHK\u00cb 2013 NGJALLJA E KRISHTIT, FUQI E PASHTERSHME KUND\u00cbR D\u00cbSHP\u00cbRIMIT +Anastasi Kryepiskop i Tiran\u00ebs, Durr\u00ebsit dhe i Gjith\u00eb Shqip\u00ebris\u00eb &nbsp; &nbsp; &nbsp; &nbsp;&nbsp;&nbsp; Klerit dhe popullit shpres\u00ebtar Orthodhoks, &nbsp;&nbsp;&nbsp; Bij t\u00eb shtrenjt\u00eb m\u00eb Zotin, &nbsp; &nbsp; &#8220;Ejani t\u00eb ngaz\u00ebllohemi m\u00eb Zotin, q\u00eb d\u00ebrrmoipushtetin e vdekjes dhe ndri\u00e7oi gjinin\u00eb njer\u00ebzore&#8221; &nbsp;&nbsp;&nbsp; 1. Ftes\u00eb p\u00ebr nj\u00eb t\u00eb kremte t\u00eb t\u00ebr\u00ebndritshme na drejton","og_url":"https:\/\/orthodoxalbania.org\/2020\/2013\/05\/04\/pashke-2013-ngjallja-e-krishtit-fuqi-e-pashtershme-kunder-deshperimit\/","og_site_name":"Kisha Orthodh\u03bfkse Autoqefale e Shqip\u00ebris\u00eb","article_publisher":"https:\/\/www.facebook.com\/koash1991","article_published_time":"2013-05-04T11:41:08+00:00","article_modified_time":"2020-04-06T20:05:45+00:00","og_image":[{"url":"https:\/\/lh3.googleusercontent.com\/-0XaSr7tg_9w\/U_NB8PwotlI\/AAAAAAAAA2g\/QXaauIV8bCc\/s577-no\/logo.png","type":"","width":"","height":""}],"author":"neo_admin","twitter_card":"summary_large_image","twitter_misc":{"Written by":"neo_admin","Est. reading time":"7 minutes"},"schema":{"@context":"https:\/\/schema.org","@graph":[{"@type":"Article","@id":"https:\/\/orthodoxalbania.org\/2020\/2013\/05\/04\/pashke-2013-ngjallja-e-krishtit-fuqi-e-pashtershme-kunder-deshperimit\/#article","isPartOf":{"@id":"https:\/\/orthodoxalbania.org\/2020\/2013\/05\/04\/pashke-2013-ngjallja-e-krishtit-fuqi-e-pashtershme-kunder-deshperimit\/"},"author":{"name":"neo_admin","@id":"https:\/\/orthodoxalbania.org\/2020\/#\/schema\/person\/dd2bdc135b53c60d45b8bb329565cf6d"},"headline":"Mesazhi i Pashk\u00ebs 2013.","datePublished":"2013-05-04T11:41:08+00:00","dateModified":"2020-04-06T20:05:45+00:00","mainEntityOfPage":{"@id":"https:\/\/orthodoxalbania.org\/2020\/2013\/05\/04\/pashke-2013-ngjallja-e-krishtit-fuqi-e-pashtershme-kunder-deshperimit\/"},"wordCount":1333,"commentCount":0,"publisher":{"@id":"https:\/\/orthodoxalbania.org\/2020\/#organization"},"image":{"@id":"https:\/\/orthodoxalbania.org\/2020\/2013\/05\/04\/pashke-2013-ngjallja-e-krishtit-fuqi-e-pashtershme-kunder-deshperimit\/#primaryimage"},"thumbnailUrl":"https:\/\/lh3.googleusercontent.com\/-0XaSr7tg_9w\/U_NB8PwotlI\/AAAAAAAAA2g\/QXaauIV8bCc\/s577-no\/logo.png","keywords":["2013","Kryepiskopata Tiran\u00eb","lajme","Mesazhet Festive","Pashk\u00eb"],"articleSection":["Lajme"],"inLanguage":"en-US"},{"@type":"WebPage","@id":"https:\/\/orthodoxalbania.org\/2020\/2013\/05\/04\/pashke-2013-ngjallja-e-krishtit-fuqi-e-pashtershme-kunder-deshperimit\/","url":"https:\/\/orthodoxalbania.org\/2020\/2013\/05\/04\/pashke-2013-ngjallja-e-krishtit-fuqi-e-pashtershme-kunder-deshperimit\/","name":"Mesazhi i Pashk\u00ebs 2013. - Kisha Orthodh\u03bfkse Autoqefale e Shqip\u00ebris\u00eb","isPartOf":{"@id":"https:\/\/orthodoxalbania.org\/2020\/#website"},"primaryImageOfPage":{"@id":"https:\/\/orthodoxalbania.org\/2020\/2013\/05\/04\/pashke-2013-ngjallja-e-krishtit-fuqi-e-pashtershme-kunder-deshperimit\/#primaryimage"},"image":{"@id":"https:\/\/orthodoxalbania.org\/2020\/2013\/05\/04\/pashke-2013-ngjallja-e-krishtit-fuqi-e-pashtershme-kunder-deshperimit\/#primaryimage"},"thumbnailUrl":"https:\/\/lh3.googleusercontent.com\/-0XaSr7tg_9w\/U_NB8PwotlI\/AAAAAAAAA2g\/QXaauIV8bCc\/s577-no\/logo.png","datePublished":"2013-05-04T11:41:08+00:00","dateModified":"2020-04-06T20:05:45+00:00","breadcrumb":{"@id":"https:\/\/orthodoxalbania.org\/2020\/2013\/05\/04\/pashke-2013-ngjallja-e-krishtit-fuqi-e-pashtershme-kunder-deshperimit\/#breadcrumb"},"inLanguage":"en-US","potentialAction":[{"@type":"ReadAction","target":["https:\/\/orthodoxalbania.org\/2020\/2013\/05\/04\/pashke-2013-ngjallja-e-krishtit-fuqi-e-pashtershme-kunder-deshperimit\/"]}]},{"@type":"ImageObject","inLanguage":"en-US","@id":"https:\/\/orthodoxalbania.org\/2020\/2013\/05\/04\/pashke-2013-ngjallja-e-krishtit-fuqi-e-pashtershme-kunder-deshperimit\/#primaryimage","url":"https:\/\/lh3.googleusercontent.com\/-0XaSr7tg_9w\/U_NB8PwotlI\/AAAAAAAAA2g\/QXaauIV8bCc\/s577-no\/logo.png","contentUrl":"https:\/\/lh3.googleusercontent.com\/-0XaSr7tg_9w\/U_NB8PwotlI\/AAAAAAAAA2g\/QXaauIV8bCc\/s577-no\/logo.png"},{"@type":"BreadcrumbList","@id":"https:\/\/orthodoxalbania.org\/2020\/2013\/05\/04\/pashke-2013-ngjallja-e-krishtit-fuqi-e-pashtershme-kunder-deshperimit\/#breadcrumb","itemListElement":[{"@type":"ListItem","position":1,"name":"Home","item":"https:\/\/orthodoxalbania.org\/2020\/"},{"@type":"ListItem","position":2,"name":"Mesazhi i Pashk\u00ebs 2013."}]},{"@type":"WebSite","@id":"https:\/\/orthodoxalbania.org\/2020\/#website","url":"https:\/\/orthodoxalbania.org\/2020\/","name":"Kisha Orthodh\u03bfkse Autoqefale e Shqip\u00ebris\u00eb","description":"Fqja Zyrtare e Kish\u00ebs Orthodhokse Autoqefale e Shqip\u00ebris\u00eb me lajmet edhe informacionet zyrtare p\u00ebr struktur\u00ebn edhe veprimtarin e saj.","publisher":{"@id":"https:\/\/orthodoxalbania.org\/2020\/#organization"},"potentialAction":[{"@type":"SearchAction","target":{"@type":"EntryPoint","urlTemplate":"https:\/\/orthodoxalbania.org\/2020\/?s={search_term_string}"},"query-input":{"@type":"PropertyValueSpecification","valueRequired":true,"valueName":"search_term_string"}}],"inLanguage":"en-US"},{"@type":"Organization","@id":"https:\/\/orthodoxalbania.org\/2020\/#organization","name":"Kisha Orthodhokse Autoqefale e Shqip\u00ebris\u00eb","url":"https:\/\/orthodoxalbania.org\/2020\/","logo":{"@type":"ImageObject","inLanguage":"en-US","@id":"https:\/\/orthodoxalbania.org\/2020\/#\/schema\/logo\/image\/","url":"https:\/\/orthodoxalbania.org\/2020\/wp-content\/uploads\/2020\/05\/albania.jpeg","contentUrl":"https:\/\/orthodoxalbania.org\/2020\/wp-content\/uploads\/2020\/05\/albania.jpeg","width":540,"height":540,"caption":"Kisha Orthodhokse Autoqefale e Shqip\u00ebris\u00eb"},"image":{"@id":"https:\/\/orthodoxalbania.org\/2020\/#\/schema\/logo\/image\/"},"sameAs":["https:\/\/www.facebook.com\/koash1991"]},{"@type":"Person","@id":"https:\/\/orthodoxalbania.org\/2020\/#\/schema\/person\/dd2bdc135b53c60d45b8bb329565cf6d","name":"neo_admin","image":{"@type":"ImageObject","inLanguage":"en-US","@id":"https:\/\/secure.gravatar.com\/avatar\/53e6cdc30765aade0129f85e5aeb50124b1d3f5bb9a70373be31e4eb328371e0?s=96&d=mm&r=g","url":"https:\/\/secure.gravatar.com\/avatar\/53e6cdc30765aade0129f85e5aeb50124b1d3f5bb9a70373be31e4eb328371e0?s=96&d=mm&r=g","contentUrl":"https:\/\/secure.gravatar.com\/avatar\/53e6cdc30765aade0129f85e5aeb50124b1d3f5bb9a70373be31e4eb328371e0?s=96&d=mm&r=g","caption":"neo_admin"}}]}},"_links":{"self":[{"href":"https:\/\/orthodoxalbania.org\/2020\/wp-json\/wp\/v2\/posts\/943","targetHints":{"allow":["GET"]}}],"collection":[{"href":"https:\/\/orthodoxalbania.org\/2020\/wp-json\/wp\/v2\/posts"}],"about":[{"href":"https:\/\/orthodoxalbania.org\/2020\/wp-json\/wp\/v2\/types\/post"}],"author":[{"embeddable":true,"href":"https:\/\/orthodoxalbania.org\/2020\/wp-json\/wp\/v2\/users\/14"}],"replies":[{"embeddable":true,"href":"https:\/\/orthodoxalbania.org\/2020\/wp-json\/wp\/v2\/comments?post=943"}],"version-history":[{"count":1,"href":"https:\/\/orthodoxalbania.org\/2020\/wp-json\/wp\/v2\/posts\/943\/revisions"}],"predecessor-version":[{"id":15230,"href":"https:\/\/orthodoxalbania.org\/2020\/wp-json\/wp\/v2\/posts\/943\/revisions\/15230"}],"wp:attachment":[{"href":"https:\/\/orthodoxalbania.org\/2020\/wp-json\/wp\/v2\/media?parent=943"}],"wp:term":[{"taxonomy":"category","embeddable":true,"href":"https:\/\/orthodoxalbania.org\/2020\/wp-json\/wp\/v2\/categories?post=943"},{"taxonomy":"post_tag","embeddable":true,"href":"https:\/\/orthodoxalbania.org\/2020\/wp-json\/wp\/v2\/tags?post=943"}],"curies":[{"name":"wp","href":"https:\/\/api.w.org\/{rel}","templated":true}]}}