{"id":936,"date":"2014-04-19T09:37:19","date_gmt":"2014-04-19T09:37:19","guid":{"rendered":""},"modified":"2020-04-06T22:05:17","modified_gmt":"2020-04-06T20:05:17","slug":"mesazhi-i-kryepiskopit-anastas-pashke-2014","status":"publish","type":"post","link":"https:\/\/orthodoxalbania.org\/2020\/2014\/04\/19\/mesazhi-i-kryepiskopit-anastas-pashke-2014\/","title":{"rendered":"Mesazhi i Kryepiskopit Anastas &#8211; Pashk\u00eb 2014. (19 Prill 2014)"},"content":{"rendered":"<div><span style=\"font-family: tahoma,geneva,sans-serif;\"><span style=\"font-size: 12px;\"><span style=\"color: #000000;\"><\/span><\/span><\/span><\/div>\n<div style=\"text-align: center;\"> &nbsp;<\/div>\n<div style=\"text-align: center;\">\n<p><span style=\"font-family: tahoma,geneva,sans-serif;\"><span style=\"font-size: 12px;\"><span style=\"color: #000000;\"><img class=\"lazyload\" decoding=\"async\" style=\"display: block; margin-left: auto; margin-right: auto;\" src=\"data:image\/svg+xml,%3Csvg%20xmlns%3D%27http%3A%2F%2Fwww.w3.org%2F2000%2Fsvg%27%20width%3D%2753%27%20height%3D%2753%27%20viewBox%3D%270%200%2053%2053%27%3E%3Crect%20width%3D%2753%27%20height%3D%2753%27%20fill-opacity%3D%220%22%2F%3E%3C%2Fsvg%3E\" data-orig-src=\"https:\/\/lh4.googleusercontent.com\/-p6oTSlUmOrM\/U0UABsfjknI\/AAAAAAAAATs\/zlJeoFRksRE\/s577-no\/logo.png\" height=\"53\" width=\"53\" \/><\/span><\/span><\/span><\/p>\n<\/div>\n<div style=\"text-align: center;\"><span style=\"font-family: helvetica; font-size: 12pt;\"><span style=\"color: #000000;\"><strong><em>Anastasi<\/em><\/strong><\/span><\/span> <\/div>\n<div style=\"text-align: center;\"><span style=\"font-family: helvetica; font-size: 12pt;\"><span style=\"color: #000000;\"><em>Kryepiskopii Tiran\u00ebs, Durr\u00ebsit dhe i Gjith\u00eb Shqip\u00ebris\u00eb<\/em><\/span><\/span><\/div>\n<div style=\"text-align: center;\">&nbsp;<\/div>\n<div style=\"text-align: center;\"><span style=\"font-family: helvetica; font-size: 12pt;\"><span style=\"color: #000000;\"><strong>PASHK\u00cb 2014<\/strong><\/span><\/span><\/div>\n<div style=\"text-align: center;\">&nbsp;<\/div>\n<div style=\"text-align: center;\"><span style=\"color: #b22222; font-size: 12pt; font-family: helvetica;\"><strong>ME DRIT\u00cb PASKALE T\u00cb T\u00cbR\u00cbBARDH\u00cb N\u00cb JET\u00cbN TON\u00cb<\/strong><\/span><span style=\"font-family: helvetica; font-size: 12pt;\"><\/span><\/div>\n<div style=\"text-align: center;\">&nbsp;<\/div>\n<div style=\"text-align: center;\">&nbsp;<\/div>\n<div>&nbsp;<\/div>\n<div>&nbsp;<\/div>\n<div>&nbsp;<\/div>\n<div><span style=\"font-family: helvetica; font-size: 12pt;\"><span style=\"color: #000000;\">&nbsp;&nbsp;&nbsp; Bij t\u00eb shtrenjt\u00eb m\u00eb Zotin,<\/span><\/span><\/div>\n<div>&nbsp;<\/div>\n<div style=\"margin-left: 64.35pt;\">&nbsp;<\/div>\n<div style=\"margin-left: 2in; text-align: right;\"><span style=\"font-family: helvetica; font-size: 12pt;\"><span style=\"color: #000000;\"><em>\u201cEjani t\u2019i falemi Atij q\u00eb u ngjall s\u00eb vdekurish dhe i &nbsp;<\/em><\/span><\/span><\/div>\n<div style=\"margin-left: 2in; text-align: right;\"><span style=\"font-family: helvetica; font-size: 12pt;\"><span style=\"color: #000000;\"><em>ndri\u00e7oi t\u00eb gjitha\u201d<\/em><\/span><\/span><\/div>\n<p style=\"text-align: right;\"><span style=\"font-family: helvetica; font-size: 12pt;\"><span style=\"color: #000000;\">(Pasvargje ngjall\u00ebsore t\u00eb s\u00eb Diel\u00ebs).<\/span><\/span><\/p>\n<p style=\"text-align: right;\">&nbsp;<\/p>\n<p style=\"text-align: justify;\"><span style=\"font-family: helvetica; font-size: 12pt;\"><span style=\"color: #000000;\">&nbsp;&nbsp;&nbsp; Ngjallja e Krishtit \u00ebsht\u00eb e kremte e mbushur plot e p\u00ebrplot me drit\u00eb t\u00eb t\u00ebr\u00ebshk\u00eblqyer. Ajo rrezaton val\u00eb drite n\u00eb t\u00eb gjitha drejtimet e bot\u00ebs. \u201cTani t\u00eb gjitha mbushen me drit\u00eb, qielli dhe toka, dhe t\u00eb n\u00ebndheshmet\u201d, psal Kisha jon\u00eb, dhe Sh\u00ebn Joan Damaskinoi plot\u00ebson: \u201cKjo dit\u00eb e shk\u00eblqyer dhe drit\u00ebprur\u00ebse e s\u00eb Diel\u00ebs s\u00eb shenjt\u00eb, n\u00eb t\u00eb cil\u00ebn drita e pakrijuar trup\u00ebrisht del jasht\u00eb varrit si dh\u00ebnd\u00ebr i bukur, me hijeshin\u00eb e Ngjalljes\u201d<\/span><\/span><\/p>\n<p style=\"text-align: justify;\"><span style=\"font-family: helvetica; font-size: 12pt;\"><span style=\"color: #000000;\"><strong>&nbsp;&nbsp;&nbsp; 1.<\/strong>Me Ngjalljen, mbar\u00eb krijesa p\u00ebrfton drit\u00eb t\u00eb re. Honi i m\u00ebkatit, err\u00ebsirat e padrejt\u00ebsis\u00eb, t\u00eb urrejtjes, t\u00eb g\u00ebnjeshtr\u00ebs, t\u00eb vdekjes zmbrapsen p\u00ebrpara triumfit t\u00eb t\u00eb Ngjallurit. Si\u00e7 na thot\u00eb p\u00ebrmbledhtazi Liturgjia Hyjnore e Vasilit t\u00eb Madh: \u201cKrishti pasi u ngjall t\u00eb tret\u00ebn dit\u00eb dhe i \u00e7eli \u00e7do trupi rrug\u00ebn e ngjalljes prej s\u00eb vdekurish, meq\u00eb nuk ishte e mundur t\u00eb zot\u00ebrohej prej prishjes, Kryetari i jet\u00ebs u b\u00eb fillimi i t\u00eb fjeturve, i paralinduri i t\u00eb vdekurve, q\u00eb t\u00eb jet\u00eb Ai gjith\u00e7ka, duke qen\u00eb i pari n\u00eb t\u00eb gjitha\u201d. K\u00ebt\u00eb Ngjarje unikale kremtojm\u00eb ne sot.<\/span><\/span><\/p>\n<p style=\"text-align: justify;\"><span style=\"font-family: helvetica; font-size: 12pt;\"><span style=\"color: #000000;\">&nbsp;&nbsp;&nbsp; Jisu Krishti Vet\u00eb shpalli se \u201cJam drita e bot\u00ebs\u201d (Joan. 9:5). Analogjia \u00ebsht\u00eb shum\u00eb e qart\u00eb. Drita \u00ebsht\u00eb ajo q\u00eb zbulon dhe tregon larmin\u00eb e mrekullueshme t\u00eb ngjyrave t\u00eb krijimit. Pa drit\u00ebn, e t\u00ebr\u00eb krijesa zhytet n\u00eb err\u00ebsir\u00eb t\u00eb akullt, vdekjeprur\u00ebse. Pa t\u00eb, nuk ka jet\u00eb. Drita e t\u00ebr\u00ebbardh\u00eb e Krishtit, zbulon hijeshin\u00eb shpirt\u00ebrore, bukurin\u00eb e gjith\u00ebsis\u00eb&nbsp; dhe ofron plot\u00ebsi jete, q\u00eb shtrihet n\u00eb p\u00ebrjet\u00ebsi.<\/span><\/span><\/p>\n<p style=\"text-align: justify;\"><span style=\"font-family: helvetica; font-size: 12pt;\"><span style=\"color: #000000;\">&nbsp;&nbsp;&nbsp; Pasuria e re e dijeve tona n\u00eb lidhje me drit\u00ebn natyrore, \u201cdrit\u00ebn e krijuar\u201d (sipas terminologjis\u00eb theologjike), zgjeron akoma m\u00eb tep\u00ebr simbolikat dhe ndikimet e mahnitshme t\u00eb drit\u00ebs shpirt\u00ebrore n\u00eb bot\u00eb. N\u00eb p\u00ebrgjith\u00ebsi, drita natyrore \u00ebsht\u00eb shum\u00eb familjare, por nj\u00ebkoh\u00ebsisht e pakonceptueshme. N\u00eb m\u00ebnyr\u00eb t\u00eb ngjashme, Krishti i Ngjallur vazhdon t\u00eb mbetet i njohur dhe familjar, por nj\u00ebkoh\u00ebsisht \u00ebsht\u00eb i pakonceptuesh\u00ebm e i paafruesh\u00ebm sa i takon natyr\u00ebs s\u00eb Tij hyjnore. \u201cPer\u00ebndia quhet drit\u00eb jo p\u00ebr nga esenca, por nga energjia e Tij\u201d (Sh\u00ebn Grigor Pallamai).<\/span><\/span><\/p>\n<p style=\"text-align: justify;\"><span style=\"font-family: helvetica; font-size: 12pt;\"><span style=\"color: #000000;\"><strong>&nbsp;&nbsp;&nbsp; 2.<\/strong>&nbsp; \u201cEjani t\u2019i falemi Atij q\u00eb u ngjall s\u00eb vdekurish dhe q\u00eb i ndri\u00e7oi t\u00eb gjitha\u201d. Por nuk mjafton vet\u00ebm t\u00eb kundrojm\u00eb n\u00eb m\u00ebnyr\u00eb dhoksologjike Krishtin e Ngjallur. Kisha k\u00ebshillon secilin nga ne t\u00eb marr\u00eb personalisht drit\u00ebn e Ngjalljes. \u201cEjani merrni drit\u00eb nga drita q\u00eb nuk per\u00ebndon\u201d. Q\u00eb t\u00eb ndri\u00e7ohen fytyrat dhe zemra tona, t\u00eb cilat shpesh err\u00ebsohen nga melankolia dhe d\u00ebshp\u00ebrimi, gjithnj\u00eb me nj\u00eb kusht paraprak: T\u00eb k\u00ebmb\u00ebngulim \u201cn\u00eb besim t\u00eb themelosur dhe t\u00eb patundur, duke mos luajtur nga shpresa e Ungjillit (Kol. 1:23). Sipas mas\u00ebs s\u00eb pranueshm\u00ebris\u00eb s\u00eb besimit, secili nga ne thith dhe shijon drit\u00ebn paskale jet\u00ebprur\u00ebse.<\/span><\/span><\/p>\n<p style=\"text-align: justify;\"><span style=\"font-family: helvetica; font-size: 12pt;\"><span style=\"color: #000000;\">&nbsp;&nbsp;&nbsp; \u201cSa m\u00eb shum\u00eb q\u00eb p\u00ebrparojm\u00eb drejt katharsit, pastrimit, aq m\u00eb tep\u00ebr&nbsp; shikojm\u00eb Per\u00ebndin\u00eb dhe, sa m\u00eb shum\u00eb q\u00eb e kundrojm\u00eb, aq m\u00eb tep\u00ebr e duam At\u00eb\u201d, shpjegon Sh\u00ebn Joan Damaskinoi dhe \u201csa m\u00eb shum\u00eb q\u00eb ta duam, aq m\u00eb tep\u00ebr e kuptojm\u00eb. Ai na zbulohet dhe b\u00ebhet i preksh\u00ebm, nd\u00ebrkoh\u00eb q\u00eb del pak jasht\u00eb\u201d.&nbsp;<\/span><\/span><\/p>\n<p style=\"text-align: justify;\"><span style=\"font-family: helvetica; font-size: 12pt;\"><span style=\"color: #000000;\">&nbsp;&nbsp;&nbsp; Le t\u00eb shijojm\u00eb personalisht,&nbsp; n\u00eb thell\u00ebsit\u00eb e shpirtit ton\u00eb, drit\u00ebn e t\u00ebr\u00ebbardh\u00eb shpirt\u00ebrore. Pashka nuk kufizohet n\u00eb t\u00eb shkuar\u00ebn: ajo \u00ebsht\u00eb Ngjarje q\u00eb pareshtur rip\u00ebrt\u00ebrin.<\/span><\/span><\/p>\n<p style=\"text-align: justify;\"><span style=\"font-family: helvetica; font-size: 12pt;\"><span style=\"color: #000000;\"><strong>&nbsp;&nbsp;&nbsp; 3.<\/strong>\u201cEjani t\u2019i falemi Atij q\u00eb u ngjall s\u00eb vdekurish dhe q\u00eb i ndri\u00e7oi t\u00eb gjitha\u201d. Dhe n\u00eb vijim\u00ebsi, v\u00ebllez\u00ebrit e mi, ashtu si\u00e7 transmetojm\u00eb drit\u00ebn paskale, le ta sjellim drit\u00ebn e Tij te llambadhja e shuar e t\u00eb af\u00ebrmit ton\u00eb, n\u00eb ambientin ku jetojm\u00eb ose m\u00eb gjer\u00eb, n\u00eb at\u00eb t\u00eb af\u00ebrm e shoq\u00ebror. Dhe p\u00ebr m\u00eb tep\u00ebr, le t\u00eb kontribuojm\u00eb n\u00eb detyrimin e Kish\u00ebs q\u00eb t\u00eb transmetoj\u00eb drit\u00ebn ngjall\u00ebsore n\u00eb skajet e dheut m\u00eb t\u00eb harruar, aty ku jan\u00eb b\u00ebr\u00eb m\u00eb tep\u00ebr padrejt\u00ebsi. Si dhe n\u00eb banesat luksoze t\u00eb ndri\u00e7uara fort, me drit\u00eb artificiale, atje ku banor\u00ebt e tyre jetojn\u00eb honin e vetmis\u00eb personale, t\u00eb ndasis\u00eb dhe zbraz\u00ebtis\u00eb s\u00eb brendshme, t\u00eb zhytur n\u00eb nat\u00ebn sterr\u00eb t\u00eb pasioneve t\u00eb path\u00ebna me goj\u00eb.&nbsp;&nbsp;&nbsp;<\/span><\/span><\/p>\n<p style=\"text-align: justify;\"><span style=\"font-family: helvetica; font-size: 12pt;\"><span style=\"color: #000000;\">&nbsp;&nbsp;&nbsp; Krishti k\u00ebmb\u00ebnguli q\u00eb, t\u00eb gjith\u00eb ata q\u00eb q\u00ebndrojn\u00eb n\u00eb At\u00eb, nx\u00ebn\u00ebsit e Tij t\u00eb v\u00ebrtet\u00eb, duhet t\u00eb b\u00ebhen \u201cdrit\u00eb e bot\u00ebs\u201d (Matth.5:14). Shk\u00eblqimi i drit\u00ebs shpirt\u00ebrore nuk lidhet me gjendje ekstaze (t\u00eb tipit neoplatonik, induist apo budist), por me vepra konkrete dashurie. \u201cK\u00ebshtu le t\u00eb shndris\u00eb drita juaj p\u00ebrpara njer\u00ebzve, q\u00eb t\u00eb shikojn\u00eb veprat tuaja t\u00eb mira dhe t\u00eb lavd\u00ebrojn\u00eb Atin tuaj n\u00eb qiej\u201d (Matth.5:16).&nbsp; \u00c7do besimtar-ve\u00e7an\u00ebrisht n\u00eb epoka kritike, si kjo e sotmja- ka detyrimin t\u00eb shpreh\u00eb besimin e tij me vepra dashurie ndaj t\u00eb gjith\u00ebve pa b\u00ebr\u00eb dallim, ve\u00e7an\u00ebrisht ndaj atyre q\u00eb vuajn\u00eb nga varf\u00ebria, dhimbja dhe d\u00ebshp\u00ebrimi. Drita e t\u00ebr\u00ebndritshme e Ngjalljes ka zgjuar nd\u00ebrgjegjet e shpirtrave fisnik\u00eb n\u00eb gjat\u00ebsi dhe gjer\u00ebsi t\u00eb ndryshme t\u00eb dheut, n\u00eb vazhd\u00ebn e historis\u00eb, p\u00ebr t\u2019u p\u00ebrpjekur me forc\u00eb p\u00ebr lirin\u00eb, t\u00eb v\u00ebrtet\u00ebn, pajtimin, dinjitetin e njer\u00ebzve q\u00eb iu jan\u00eb b\u00ebr\u00eb padrejt\u00ebsi.<\/span><\/span><\/p>\n<p style=\"text-align: justify;\"><span style=\"font-family: helvetica; font-size: 12pt;\"><span style=\"color: #000000;\">&nbsp;&nbsp;&nbsp; E bardha e drit\u00ebs s\u00eb natyrshme zb\u00ebrthehet, si\u00e7 dihet, n\u00eb spekt\u00ebr ngjyrash t\u00eb ndryshme. Dhe drita e t\u00ebr\u00ebbardh\u00eb e Krishtit t\u00eb Ngjallur shkrihet n\u00eb ngjyrime t\u00eb larmishme n\u00eb jet\u00eb. K\u00ebt\u00eb drit\u00eb pra, ftohemi ta rrezatojm\u00eb n\u00eb shoq\u00ebrin\u00eb ton\u00eb:<\/span><\/span><\/p>\n<p style=\"text-align: justify;\"><span style=\"font-family: helvetica; font-size: 12pt;\"><span style=\"color: #000000;\">&nbsp;&nbsp;&nbsp; Drit\u00eb paqeje me veten ton\u00eb, me ata q\u00eb ndodhen p\u00ebrreth, me t\u00ebr\u00eb bot\u00ebn.<\/span><\/span><\/p>\n<p style=\"text-align: justify;\"><span style=\"font-family: helvetica; font-size: 12pt;\"><span style=\"color: #000000;\">&nbsp;&nbsp;&nbsp; Drit\u00eb drejt\u00ebsie, duke u p\u00ebrpjekur p\u00ebr nj\u00eb shoq\u00ebri t\u00eb drejt\u00eb n\u00eb nivel lokal dhe mbar\u00ebbot\u00ebror.<\/span><\/span><\/p>\n<p style=\"text-align: justify;\"><span style=\"font-family: helvetica; font-size: 12pt;\"><span style=\"color: #000000;\">&nbsp;&nbsp;&nbsp; Drit\u00eb t\u00eb v\u00ebrtet\u00eb n\u00eb hulumtimin e historis\u00eb, n\u00eb analiz\u00ebn e realitetit social.<\/span><\/span><\/p>\n<p style=\"text-align: justify;\"><span style=\"font-family: helvetica; font-size: 12pt;\"><span style=\"color: #000000;\">&nbsp;&nbsp;&nbsp; Drit\u00eb fryme krijuese, q\u00eb inkurajon mendimin origjinal n\u00eb shkenc\u00eb, art dhe n\u00eb kultur\u00eb.<\/span><\/span><\/p>\n<p style=\"text-align: justify;\"><span style=\"font-family: helvetica; font-size: 12pt;\"><span style=\"color: #000000;\">&nbsp;&nbsp;&nbsp; Drit\u00eb shprese p\u00ebr pajtimin e njer\u00ebzve dhe t\u00eb popujve.<\/span><\/span><\/p>\n<p style=\"text-align: justify;\"><span style=\"font-family: helvetica; font-size: 12pt;\"><span style=\"color: #000000;\">&nbsp;&nbsp;&nbsp; Drit\u00eb dashurie, si\u00e7 e p\u00ebrcaktoi Krishti dhe si\u00e7 e p\u00ebrjetuan ata q\u00eb e pasuan me konsekuenc\u00eb.<\/span><\/span><\/p>\n<p style=\"text-align: justify;\"><span style=\"font-family: helvetica; font-size: 12pt;\"><span style=\"color: #000000;\">&nbsp;&nbsp;&nbsp; Drit\u00eb nga drita paskale q\u00eb nuk per\u00ebndon, q\u00eb zbulon kap\u00ebrcimin final t\u00eb m\u00ebkatit dhe t\u00eb vdekjes me fuqin\u00eb e Kryqit dhe t\u00eb Ngjalljes s\u00eb Krishtit.<\/span><\/span><\/p>\n<p style=\"text-align: justify;\">&nbsp;<\/p>\n<p style=\"text-align: center;\"><span style=\"font-family: helvetica; font-size: 12pt;\"><span style=\"color: #000000;\">*&nbsp;&nbsp;&nbsp;&nbsp;&nbsp;&nbsp;&nbsp; *<\/span><\/span><\/p>\n<p style=\"text-align: center;\">&nbsp;<\/p>\n<p style=\"text-align: justify;\"><span style=\"font-family: helvetica; font-size: 12pt;\"><span style=\"color: #000000;\">&nbsp;&nbsp;&nbsp; Kjo drit\u00eb paskale e t\u00ebr\u00ebbardh\u00eb, me t\u00eb gjitha ngjyrimet e saj, le t\u00eb na zgjoj\u00eb gjat\u00eb gjith\u00eb periudh\u00ebs s\u00eb sivjetshme paskale dhe le t\u00eb udh\u00ebheq\u00eb, besimtar\u00eb dhe bes\u00ebpak\u00eb, n\u00eb nj\u00eb p\u00ebrpjekje t\u00eb re, p\u00ebr m\u00eb shum\u00eb mir\u00ebkuptim t\u00eb nd\u00ebrsjell\u00eb, pajtim, v\u00ebllaz\u00ebrim dhe ecuri krijuese.<\/span><\/span><\/p>\n<p style=\"text-align: justify;\"><span style=\"font-family: helvetica; font-size: 12pt;\"><span style=\"color: #000000;\">&nbsp;&nbsp;&nbsp; Uroj me gjith\u00eb zem\u00ebr, t\u00eb kremtojm\u00eb Pashk\u00ebn me frym\u00eb p\u00ebrpjekjeje t\u00eb rip\u00ebrt\u00ebrir\u00eb, p\u00ebr nj\u00eb shoq\u00ebri solidariteti dhe p\u00ebrgjegj\u00ebsie t\u00eb p\u00ebrbashk\u00ebt. Krishti u Ngjall! &#8211; v\u00ebllez\u00ebrit e mi. Kjo siguri le t\u00eb ndri\u00e7oj\u00eb qenien ton\u00eb me drit\u00eb t\u00eb t\u00ebr\u00ebbardh\u00eb shprese p\u00ebr t\u00eb tashmen dhe t\u00eb ardhmen, ton\u00ebn, t\u00eb vendit ton\u00eb, t\u00eb mbar\u00eb bot\u00ebs.<\/span><\/span><\/p>\n<p style=\"text-align: justify;\">&nbsp;<\/p>\n<p style=\"text-align: justify;\">&nbsp;<\/p>\n<p style=\"text-align: center;\"><span style=\"font-family: helvetica; font-size: 12pt;\"><span style=\"color: #000000;\">Me t\u00eb gjith\u00eb dashurin\u00eb time m\u00eb Krishtin,<\/span><\/span><\/p>\n<p style=\"text-align: center;\"><span style=\"font-family: helvetica; font-size: 12pt;\"><span style=\"color: #000000;\"><strong>+Anastasi<\/strong><\/span><\/span><\/p>\n","protected":false},"excerpt":{"rendered":"<p>&nbsp; Anastasi Kryepiskopii Tiran\u00ebs, Durr\u00ebsit dhe i Gjith\u00eb Shqip\u00ebris\u00eb &nbsp; PASHK\u00cb 2014 &nbsp; ME DRIT\u00cb PASKALE T\u00cb T\u00cbR\u00cbBARDH\u00cb N\u00cb JET\u00cbN TON\u00cb &nbsp; &nbsp; &nbsp; &nbsp; &nbsp; &nbsp;&nbsp;&nbsp; Bij t\u00eb shtrenjt\u00eb m\u00eb Zotin, &nbsp; &nbsp; \u201cEjani t\u2019i falemi Atij q\u00eb u ngjall s\u00eb vdekurish dhe i &nbsp; ndri\u00e7oi t\u00eb gjitha\u201d (Pasvargje ngjall\u00ebsore t\u00eb s\u00eb Diel\u00ebs). &nbsp; &nbsp;&nbsp;&nbsp; Ngjallja e Krishtit \u00ebsht\u00eb e kremte e mbushur plot<\/p>\n","protected":false},"author":14,"featured_media":0,"comment_status":"open","ping_status":"open","sticky":false,"template":"","format":"standard","meta":{"_acf_changed":false,"pagelayer_contact_templates":[],"_pagelayer_content":"","inline_featured_image":false,"fifu_image_url":"","fifu_image_alt":"","footnotes":""},"categories":[108],"tags":[140,196,201,212,152,189],"class_list":["post-936","post","type-post","status-publish","format-standard","hentry","category-lajme","tag-140","tag-tirane","tag-kryepiskopi-anastas","tag-lajme-d27","tag-mesazhet-festive-d19","tag-pashke-2014"],"acf":[],"yoast_head":"<!-- This site is optimized with the Yoast SEO plugin v27.2 - https:\/\/yoast.com\/product\/yoast-seo-wordpress\/ -->\n<title>Mesazhi i Kryepiskopit Anastas - Pashk\u00eb 2014. (19 Prill 2014) - Kisha Orthodh\u03bfkse Autoqefale e Shqip\u00ebris\u00eb<\/title>\n<meta name=\"robots\" content=\"index, follow, max-snippet:-1, max-image-preview:large, max-video-preview:-1\" \/>\n<link rel=\"canonical\" href=\"https:\/\/orthodoxalbania.org\/2020\/2014\/04\/19\/mesazhi-i-kryepiskopit-anastas-pashke-2014\/\" \/>\n<meta property=\"og:locale\" content=\"en_US\" \/>\n<meta property=\"og:type\" content=\"article\" \/>\n<meta property=\"og:title\" content=\"Mesazhi i Kryepiskopit Anastas - Pashk\u00eb 2014. (19 Prill 2014) - Kisha Orthodh\u03bfkse Autoqefale e Shqip\u00ebris\u00eb\" \/>\n<meta property=\"og:description\" content=\"&nbsp; Anastasi Kryepiskopii Tiran\u00ebs, Durr\u00ebsit dhe i Gjith\u00eb Shqip\u00ebris\u00eb &nbsp; PASHK\u00cb 2014 &nbsp; ME DRIT\u00cb PASKALE T\u00cb T\u00cbR\u00cbBARDH\u00cb N\u00cb JET\u00cbN TON\u00cb &nbsp; &nbsp; &nbsp; &nbsp; &nbsp; &nbsp;&nbsp;&nbsp; Bij t\u00eb shtrenjt\u00eb m\u00eb Zotin, &nbsp; &nbsp; \u201cEjani t\u2019i falemi Atij q\u00eb u ngjall s\u00eb vdekurish dhe i &nbsp; ndri\u00e7oi t\u00eb gjitha\u201d (Pasvargje ngjall\u00ebsore t\u00eb s\u00eb Diel\u00ebs). &nbsp; &nbsp;&nbsp;&nbsp; Ngjallja e Krishtit \u00ebsht\u00eb e kremte e mbushur plot\" \/>\n<meta property=\"og:url\" content=\"https:\/\/orthodoxalbania.org\/2020\/2014\/04\/19\/mesazhi-i-kryepiskopit-anastas-pashke-2014\/\" \/>\n<meta property=\"og:site_name\" content=\"Kisha Orthodh\u03bfkse Autoqefale e Shqip\u00ebris\u00eb\" \/>\n<meta property=\"article:publisher\" content=\"https:\/\/www.facebook.com\/koash1991\" \/>\n<meta property=\"article:published_time\" content=\"2014-04-19T09:37:19+00:00\" \/>\n<meta property=\"article:modified_time\" content=\"2020-04-06T20:05:17+00:00\" \/>\n<meta property=\"og:image\" content=\"https:\/\/lh4.googleusercontent.com\/-p6oTSlUmOrM\/U0UABsfjknI\/AAAAAAAAATs\/zlJeoFRksRE\/s577-no\/logo.png\" \/>\n<meta name=\"author\" content=\"neo_admin\" \/>\n<meta name=\"twitter:card\" content=\"summary_large_image\" \/>\n<meta name=\"twitter:label1\" content=\"Written by\" \/>\n\t<meta name=\"twitter:data1\" content=\"neo_admin\" \/>\n\t<meta name=\"twitter:label2\" content=\"Est. reading time\" \/>\n\t<meta name=\"twitter:data2\" content=\"7 minutes\" \/>\n<script type=\"application\/ld+json\" class=\"yoast-schema-graph\">{\"@context\":\"https:\/\/schema.org\",\"@graph\":[{\"@type\":\"Article\",\"@id\":\"https:\/\/orthodoxalbania.org\/2020\/2014\/04\/19\/mesazhi-i-kryepiskopit-anastas-pashke-2014\/#article\",\"isPartOf\":{\"@id\":\"https:\/\/orthodoxalbania.org\/2020\/2014\/04\/19\/mesazhi-i-kryepiskopit-anastas-pashke-2014\/\"},\"author\":{\"name\":\"neo_admin\",\"@id\":\"https:\/\/orthodoxalbania.org\/2020\/#\/schema\/person\/dd2bdc135b53c60d45b8bb329565cf6d\"},\"headline\":\"Mesazhi i Kryepiskopit Anastas &#8211; Pashk\u00eb 2014. (19 Prill 2014)\",\"datePublished\":\"2014-04-19T09:37:19+00:00\",\"dateModified\":\"2020-04-06T20:05:17+00:00\",\"mainEntityOfPage\":{\"@id\":\"https:\/\/orthodoxalbania.org\/2020\/2014\/04\/19\/mesazhi-i-kryepiskopit-anastas-pashke-2014\/\"},\"wordCount\":1365,\"commentCount\":0,\"publisher\":{\"@id\":\"https:\/\/orthodoxalbania.org\/2020\/#organization\"},\"image\":{\"@id\":\"https:\/\/orthodoxalbania.org\/2020\/2014\/04\/19\/mesazhi-i-kryepiskopit-anastas-pashke-2014\/#primaryimage\"},\"thumbnailUrl\":\"https:\/\/lh4.googleusercontent.com\/-p6oTSlUmOrM\/U0UABsfjknI\/AAAAAAAAATs\/zlJeoFRksRE\/s577-no\/logo.png\",\"keywords\":[\"2014\",\"Kryepiskopata Tiran\u00eb\",\"Kryepiskopi Anastas\",\"lajme\",\"Mesazhet Festive\",\"Pashk\u00eb\"],\"articleSection\":[\"Lajme\"],\"inLanguage\":\"en-US\"},{\"@type\":\"WebPage\",\"@id\":\"https:\/\/orthodoxalbania.org\/2020\/2014\/04\/19\/mesazhi-i-kryepiskopit-anastas-pashke-2014\/\",\"url\":\"https:\/\/orthodoxalbania.org\/2020\/2014\/04\/19\/mesazhi-i-kryepiskopit-anastas-pashke-2014\/\",\"name\":\"Mesazhi i Kryepiskopit Anastas - Pashk\u00eb 2014. (19 Prill 2014) - Kisha Orthodh\u03bfkse Autoqefale e Shqip\u00ebris\u00eb\",\"isPartOf\":{\"@id\":\"https:\/\/orthodoxalbania.org\/2020\/#website\"},\"primaryImageOfPage\":{\"@id\":\"https:\/\/orthodoxalbania.org\/2020\/2014\/04\/19\/mesazhi-i-kryepiskopit-anastas-pashke-2014\/#primaryimage\"},\"image\":{\"@id\":\"https:\/\/orthodoxalbania.org\/2020\/2014\/04\/19\/mesazhi-i-kryepiskopit-anastas-pashke-2014\/#primaryimage\"},\"thumbnailUrl\":\"https:\/\/lh4.googleusercontent.com\/-p6oTSlUmOrM\/U0UABsfjknI\/AAAAAAAAATs\/zlJeoFRksRE\/s577-no\/logo.png\",\"datePublished\":\"2014-04-19T09:37:19+00:00\",\"dateModified\":\"2020-04-06T20:05:17+00:00\",\"breadcrumb\":{\"@id\":\"https:\/\/orthodoxalbania.org\/2020\/2014\/04\/19\/mesazhi-i-kryepiskopit-anastas-pashke-2014\/#breadcrumb\"},\"inLanguage\":\"en-US\",\"potentialAction\":[{\"@type\":\"ReadAction\",\"target\":[\"https:\/\/orthodoxalbania.org\/2020\/2014\/04\/19\/mesazhi-i-kryepiskopit-anastas-pashke-2014\/\"]}]},{\"@type\":\"ImageObject\",\"inLanguage\":\"en-US\",\"@id\":\"https:\/\/orthodoxalbania.org\/2020\/2014\/04\/19\/mesazhi-i-kryepiskopit-anastas-pashke-2014\/#primaryimage\",\"url\":\"https:\/\/lh4.googleusercontent.com\/-p6oTSlUmOrM\/U0UABsfjknI\/AAAAAAAAATs\/zlJeoFRksRE\/s577-no\/logo.png\",\"contentUrl\":\"https:\/\/lh4.googleusercontent.com\/-p6oTSlUmOrM\/U0UABsfjknI\/AAAAAAAAATs\/zlJeoFRksRE\/s577-no\/logo.png\"},{\"@type\":\"BreadcrumbList\",\"@id\":\"https:\/\/orthodoxalbania.org\/2020\/2014\/04\/19\/mesazhi-i-kryepiskopit-anastas-pashke-2014\/#breadcrumb\",\"itemListElement\":[{\"@type\":\"ListItem\",\"position\":1,\"name\":\"Home\",\"item\":\"https:\/\/orthodoxalbania.org\/2020\/\"},{\"@type\":\"ListItem\",\"position\":2,\"name\":\"Mesazhi i Kryepiskopit Anastas &#8211; Pashk\u00eb 2014. (19 Prill 2014)\"}]},{\"@type\":\"WebSite\",\"@id\":\"https:\/\/orthodoxalbania.org\/2020\/#website\",\"url\":\"https:\/\/orthodoxalbania.org\/2020\/\",\"name\":\"Kisha Orthodh\u03bfkse Autoqefale e Shqip\u00ebris\u00eb\",\"description\":\"Fqja Zyrtare e Kish\u00ebs Orthodhokse Autoqefale e Shqip\u00ebris\u00eb me lajmet edhe informacionet zyrtare p\u00ebr struktur\u00ebn edhe veprimtarin e saj.\",\"publisher\":{\"@id\":\"https:\/\/orthodoxalbania.org\/2020\/#organization\"},\"potentialAction\":[{\"@type\":\"SearchAction\",\"target\":{\"@type\":\"EntryPoint\",\"urlTemplate\":\"https:\/\/orthodoxalbania.org\/2020\/?s={search_term_string}\"},\"query-input\":{\"@type\":\"PropertyValueSpecification\",\"valueRequired\":true,\"valueName\":\"search_term_string\"}}],\"inLanguage\":\"en-US\"},{\"@type\":\"Organization\",\"@id\":\"https:\/\/orthodoxalbania.org\/2020\/#organization\",\"name\":\"Kisha Orthodhokse Autoqefale e Shqip\u00ebris\u00eb\",\"url\":\"https:\/\/orthodoxalbania.org\/2020\/\",\"logo\":{\"@type\":\"ImageObject\",\"inLanguage\":\"en-US\",\"@id\":\"https:\/\/orthodoxalbania.org\/2020\/#\/schema\/logo\/image\/\",\"url\":\"https:\/\/orthodoxalbania.org\/2020\/wp-content\/uploads\/2020\/05\/albania.jpeg\",\"contentUrl\":\"https:\/\/orthodoxalbania.org\/2020\/wp-content\/uploads\/2020\/05\/albania.jpeg\",\"width\":540,\"height\":540,\"caption\":\"Kisha Orthodhokse Autoqefale e Shqip\u00ebris\u00eb\"},\"image\":{\"@id\":\"https:\/\/orthodoxalbania.org\/2020\/#\/schema\/logo\/image\/\"},\"sameAs\":[\"https:\/\/www.facebook.com\/koash1991\"]},{\"@type\":\"Person\",\"@id\":\"https:\/\/orthodoxalbania.org\/2020\/#\/schema\/person\/dd2bdc135b53c60d45b8bb329565cf6d\",\"name\":\"neo_admin\",\"image\":{\"@type\":\"ImageObject\",\"inLanguage\":\"en-US\",\"@id\":\"https:\/\/secure.gravatar.com\/avatar\/53e6cdc30765aade0129f85e5aeb50124b1d3f5bb9a70373be31e4eb328371e0?s=96&d=mm&r=g\",\"url\":\"https:\/\/secure.gravatar.com\/avatar\/53e6cdc30765aade0129f85e5aeb50124b1d3f5bb9a70373be31e4eb328371e0?s=96&d=mm&r=g\",\"contentUrl\":\"https:\/\/secure.gravatar.com\/avatar\/53e6cdc30765aade0129f85e5aeb50124b1d3f5bb9a70373be31e4eb328371e0?s=96&d=mm&r=g\",\"caption\":\"neo_admin\"}}]}<\/script>\n<!-- \/ Yoast SEO plugin. -->","yoast_head_json":{"title":"Mesazhi i Kryepiskopit Anastas - Pashk\u00eb 2014. (19 Prill 2014) - Kisha Orthodh\u03bfkse Autoqefale e Shqip\u00ebris\u00eb","robots":{"index":"index","follow":"follow","max-snippet":"max-snippet:-1","max-image-preview":"max-image-preview:large","max-video-preview":"max-video-preview:-1"},"canonical":"https:\/\/orthodoxalbania.org\/2020\/2014\/04\/19\/mesazhi-i-kryepiskopit-anastas-pashke-2014\/","og_locale":"en_US","og_type":"article","og_title":"Mesazhi i Kryepiskopit Anastas - Pashk\u00eb 2014. (19 Prill 2014) - Kisha Orthodh\u03bfkse Autoqefale e Shqip\u00ebris\u00eb","og_description":"&nbsp; Anastasi Kryepiskopii Tiran\u00ebs, Durr\u00ebsit dhe i Gjith\u00eb Shqip\u00ebris\u00eb &nbsp; PASHK\u00cb 2014 &nbsp; ME DRIT\u00cb PASKALE T\u00cb T\u00cbR\u00cbBARDH\u00cb N\u00cb JET\u00cbN TON\u00cb &nbsp; &nbsp; &nbsp; &nbsp; &nbsp; &nbsp;&nbsp;&nbsp; Bij t\u00eb shtrenjt\u00eb m\u00eb Zotin, &nbsp; &nbsp; \u201cEjani t\u2019i falemi Atij q\u00eb u ngjall s\u00eb vdekurish dhe i &nbsp; ndri\u00e7oi t\u00eb gjitha\u201d (Pasvargje ngjall\u00ebsore t\u00eb s\u00eb Diel\u00ebs). &nbsp; &nbsp;&nbsp;&nbsp; Ngjallja e Krishtit \u00ebsht\u00eb e kremte e mbushur plot","og_url":"https:\/\/orthodoxalbania.org\/2020\/2014\/04\/19\/mesazhi-i-kryepiskopit-anastas-pashke-2014\/","og_site_name":"Kisha Orthodh\u03bfkse Autoqefale e Shqip\u00ebris\u00eb","article_publisher":"https:\/\/www.facebook.com\/koash1991","article_published_time":"2014-04-19T09:37:19+00:00","article_modified_time":"2020-04-06T20:05:17+00:00","og_image":[{"url":"https:\/\/lh4.googleusercontent.com\/-p6oTSlUmOrM\/U0UABsfjknI\/AAAAAAAAATs\/zlJeoFRksRE\/s577-no\/logo.png","type":"","width":"","height":""}],"author":"neo_admin","twitter_card":"summary_large_image","twitter_misc":{"Written by":"neo_admin","Est. reading time":"7 minutes"},"schema":{"@context":"https:\/\/schema.org","@graph":[{"@type":"Article","@id":"https:\/\/orthodoxalbania.org\/2020\/2014\/04\/19\/mesazhi-i-kryepiskopit-anastas-pashke-2014\/#article","isPartOf":{"@id":"https:\/\/orthodoxalbania.org\/2020\/2014\/04\/19\/mesazhi-i-kryepiskopit-anastas-pashke-2014\/"},"author":{"name":"neo_admin","@id":"https:\/\/orthodoxalbania.org\/2020\/#\/schema\/person\/dd2bdc135b53c60d45b8bb329565cf6d"},"headline":"Mesazhi i Kryepiskopit Anastas &#8211; Pashk\u00eb 2014. (19 Prill 2014)","datePublished":"2014-04-19T09:37:19+00:00","dateModified":"2020-04-06T20:05:17+00:00","mainEntityOfPage":{"@id":"https:\/\/orthodoxalbania.org\/2020\/2014\/04\/19\/mesazhi-i-kryepiskopit-anastas-pashke-2014\/"},"wordCount":1365,"commentCount":0,"publisher":{"@id":"https:\/\/orthodoxalbania.org\/2020\/#organization"},"image":{"@id":"https:\/\/orthodoxalbania.org\/2020\/2014\/04\/19\/mesazhi-i-kryepiskopit-anastas-pashke-2014\/#primaryimage"},"thumbnailUrl":"https:\/\/lh4.googleusercontent.com\/-p6oTSlUmOrM\/U0UABsfjknI\/AAAAAAAAATs\/zlJeoFRksRE\/s577-no\/logo.png","keywords":["2014","Kryepiskopata Tiran\u00eb","Kryepiskopi Anastas","lajme","Mesazhet Festive","Pashk\u00eb"],"articleSection":["Lajme"],"inLanguage":"en-US"},{"@type":"WebPage","@id":"https:\/\/orthodoxalbania.org\/2020\/2014\/04\/19\/mesazhi-i-kryepiskopit-anastas-pashke-2014\/","url":"https:\/\/orthodoxalbania.org\/2020\/2014\/04\/19\/mesazhi-i-kryepiskopit-anastas-pashke-2014\/","name":"Mesazhi i Kryepiskopit Anastas - Pashk\u00eb 2014. (19 Prill 2014) - Kisha Orthodh\u03bfkse Autoqefale e Shqip\u00ebris\u00eb","isPartOf":{"@id":"https:\/\/orthodoxalbania.org\/2020\/#website"},"primaryImageOfPage":{"@id":"https:\/\/orthodoxalbania.org\/2020\/2014\/04\/19\/mesazhi-i-kryepiskopit-anastas-pashke-2014\/#primaryimage"},"image":{"@id":"https:\/\/orthodoxalbania.org\/2020\/2014\/04\/19\/mesazhi-i-kryepiskopit-anastas-pashke-2014\/#primaryimage"},"thumbnailUrl":"https:\/\/lh4.googleusercontent.com\/-p6oTSlUmOrM\/U0UABsfjknI\/AAAAAAAAATs\/zlJeoFRksRE\/s577-no\/logo.png","datePublished":"2014-04-19T09:37:19+00:00","dateModified":"2020-04-06T20:05:17+00:00","breadcrumb":{"@id":"https:\/\/orthodoxalbania.org\/2020\/2014\/04\/19\/mesazhi-i-kryepiskopit-anastas-pashke-2014\/#breadcrumb"},"inLanguage":"en-US","potentialAction":[{"@type":"ReadAction","target":["https:\/\/orthodoxalbania.org\/2020\/2014\/04\/19\/mesazhi-i-kryepiskopit-anastas-pashke-2014\/"]}]},{"@type":"ImageObject","inLanguage":"en-US","@id":"https:\/\/orthodoxalbania.org\/2020\/2014\/04\/19\/mesazhi-i-kryepiskopit-anastas-pashke-2014\/#primaryimage","url":"https:\/\/lh4.googleusercontent.com\/-p6oTSlUmOrM\/U0UABsfjknI\/AAAAAAAAATs\/zlJeoFRksRE\/s577-no\/logo.png","contentUrl":"https:\/\/lh4.googleusercontent.com\/-p6oTSlUmOrM\/U0UABsfjknI\/AAAAAAAAATs\/zlJeoFRksRE\/s577-no\/logo.png"},{"@type":"BreadcrumbList","@id":"https:\/\/orthodoxalbania.org\/2020\/2014\/04\/19\/mesazhi-i-kryepiskopit-anastas-pashke-2014\/#breadcrumb","itemListElement":[{"@type":"ListItem","position":1,"name":"Home","item":"https:\/\/orthodoxalbania.org\/2020\/"},{"@type":"ListItem","position":2,"name":"Mesazhi i Kryepiskopit Anastas &#8211; Pashk\u00eb 2014. (19 Prill 2014)"}]},{"@type":"WebSite","@id":"https:\/\/orthodoxalbania.org\/2020\/#website","url":"https:\/\/orthodoxalbania.org\/2020\/","name":"Kisha Orthodh\u03bfkse Autoqefale e Shqip\u00ebris\u00eb","description":"Fqja Zyrtare e Kish\u00ebs Orthodhokse Autoqefale e Shqip\u00ebris\u00eb me lajmet edhe informacionet zyrtare p\u00ebr struktur\u00ebn edhe veprimtarin e saj.","publisher":{"@id":"https:\/\/orthodoxalbania.org\/2020\/#organization"},"potentialAction":[{"@type":"SearchAction","target":{"@type":"EntryPoint","urlTemplate":"https:\/\/orthodoxalbania.org\/2020\/?s={search_term_string}"},"query-input":{"@type":"PropertyValueSpecification","valueRequired":true,"valueName":"search_term_string"}}],"inLanguage":"en-US"},{"@type":"Organization","@id":"https:\/\/orthodoxalbania.org\/2020\/#organization","name":"Kisha Orthodhokse Autoqefale e Shqip\u00ebris\u00eb","url":"https:\/\/orthodoxalbania.org\/2020\/","logo":{"@type":"ImageObject","inLanguage":"en-US","@id":"https:\/\/orthodoxalbania.org\/2020\/#\/schema\/logo\/image\/","url":"https:\/\/orthodoxalbania.org\/2020\/wp-content\/uploads\/2020\/05\/albania.jpeg","contentUrl":"https:\/\/orthodoxalbania.org\/2020\/wp-content\/uploads\/2020\/05\/albania.jpeg","width":540,"height":540,"caption":"Kisha Orthodhokse Autoqefale e Shqip\u00ebris\u00eb"},"image":{"@id":"https:\/\/orthodoxalbania.org\/2020\/#\/schema\/logo\/image\/"},"sameAs":["https:\/\/www.facebook.com\/koash1991"]},{"@type":"Person","@id":"https:\/\/orthodoxalbania.org\/2020\/#\/schema\/person\/dd2bdc135b53c60d45b8bb329565cf6d","name":"neo_admin","image":{"@type":"ImageObject","inLanguage":"en-US","@id":"https:\/\/secure.gravatar.com\/avatar\/53e6cdc30765aade0129f85e5aeb50124b1d3f5bb9a70373be31e4eb328371e0?s=96&d=mm&r=g","url":"https:\/\/secure.gravatar.com\/avatar\/53e6cdc30765aade0129f85e5aeb50124b1d3f5bb9a70373be31e4eb328371e0?s=96&d=mm&r=g","contentUrl":"https:\/\/secure.gravatar.com\/avatar\/53e6cdc30765aade0129f85e5aeb50124b1d3f5bb9a70373be31e4eb328371e0?s=96&d=mm&r=g","caption":"neo_admin"}}]}},"_links":{"self":[{"href":"https:\/\/orthodoxalbania.org\/2020\/wp-json\/wp\/v2\/posts\/936","targetHints":{"allow":["GET"]}}],"collection":[{"href":"https:\/\/orthodoxalbania.org\/2020\/wp-json\/wp\/v2\/posts"}],"about":[{"href":"https:\/\/orthodoxalbania.org\/2020\/wp-json\/wp\/v2\/types\/post"}],"author":[{"embeddable":true,"href":"https:\/\/orthodoxalbania.org\/2020\/wp-json\/wp\/v2\/users\/14"}],"replies":[{"embeddable":true,"href":"https:\/\/orthodoxalbania.org\/2020\/wp-json\/wp\/v2\/comments?post=936"}],"version-history":[{"count":1,"href":"https:\/\/orthodoxalbania.org\/2020\/wp-json\/wp\/v2\/posts\/936\/revisions"}],"predecessor-version":[{"id":15106,"href":"https:\/\/orthodoxalbania.org\/2020\/wp-json\/wp\/v2\/posts\/936\/revisions\/15106"}],"wp:attachment":[{"href":"https:\/\/orthodoxalbania.org\/2020\/wp-json\/wp\/v2\/media?parent=936"}],"wp:term":[{"taxonomy":"category","embeddable":true,"href":"https:\/\/orthodoxalbania.org\/2020\/wp-json\/wp\/v2\/categories?post=936"},{"taxonomy":"post_tag","embeddable":true,"href":"https:\/\/orthodoxalbania.org\/2020\/wp-json\/wp\/v2\/tags?post=936"}],"curies":[{"name":"wp","href":"https:\/\/api.w.org\/{rel}","templated":true}]}}