{"id":935,"date":"2008-02-26T00:00:00","date_gmt":"2008-02-26T00:00:00","guid":{"rendered":""},"modified":"2020-04-06T22:35:17","modified_gmt":"2020-04-06T20:35:17","slug":"mesazhi-i-krishtlindjeve-2008-nga-kryepiskopi-anastas-2008","status":"publish","type":"post","link":"https:\/\/orthodoxalbania.org\/2020\/2008\/02\/26\/mesazhi-i-krishtlindjeve-2008-nga-kryepiskopi-anastas-2008\/","title":{"rendered":"MESAZHI I KRISHTLINDJEVE 2008 NGA KRYEPISKOPI ANASTAS. (2008)"},"content":{"rendered":"<p style=\"text-align: center;\"><span style=\"font-family: helvetica;\"><span style=\"font-size: 12px;\"><span style=\"color: #000000;\"><img decoding=\"async\" class=\"lazyload HAa Eha\" style=\"height: 53px; width: 53px; display: block; margin-left: auto; margin-right: auto;\" alt=\"\" src=\"data:image\/svg+xml,%3Csvg%20xmlns%3D%27http%3A%2F%2Fwww.w3.org%2F2000%2Fsvg%27%20width%3D%2753%27%20height%3D%2753%27%20viewBox%3D%270%200%2053%2053%27%3E%3Crect%20width%3D%2753%27%20height%3D%2753%27%20fill-opacity%3D%220%22%2F%3E%3C%2Fsvg%3E\" data-orig-src=\"https:\/\/lh3.googleusercontent.com\/-0XaSr7tg_9w\/U_NB8PwotlI\/AAAAAAAAA2g\/QXaauIV8bCc\/s577-no\/logo.png\" height=\"53px\" width=\"53px\" \/><\/span><\/span><\/span><\/p>\n<p style=\"text-align: center;\"><span style=\"font-family: helvetica; font-size: 12pt;\"><span style=\"color: #000000;\">Kisha Orthodhokse Autoqefale e Shqip\u00ebris\u00eb<\/span><\/span><\/p>\n<p style=\"text-align: center;\"><span style=\"font-family: helvetica; font-size: 12pt;\"><span style=\"color: #000000;\">KRISHTLINDJE 2008<\/span><\/span><\/p>\n<p style=\"text-align: center;\"><span style=\"font-family: helvetica; font-size: 12pt;\"><span style=\"color: #000000;\"><strong>\u00c7UDI!<\/strong><\/span><\/span><\/p>\n<p style=\"text-align: center;\"><span style=\"font-family: helvetica; font-size: 12pt;\"><span style=\"color: #000000;\"><strong>\u2020 Anastasi<\/strong><\/span><\/span><br \/> <span style=\"font-family: helvetica; font-size: 12pt;\"> <span style=\"color: #000000;\"><em>Kryepiskop i Tiran\u00ebs, Durr\u00ebsit dhe i gjith\u00eb Shqip\u00ebris\u00eb<\/em><\/span><\/span><\/p>\n<p style=\"text-align: center;\">&nbsp;<\/p>\n<p style=\"text-align: center;\">&nbsp;<\/p>\n<p>&nbsp;<\/p>\n<p>&nbsp;<\/p>\n<p>&nbsp;<\/p>\n<p><span style=\"font-family: helvetica; font-size: 12pt;\"><span style=\"color: #000000;\"><strong>&nbsp;&nbsp;&nbsp; <\/strong>Klerit dhe Besimtar\u00ebve shpres\u00ebtar\u00eb Orthodhoks\u00eb,<\/span><\/span><\/p>\n<p><span style=\"font-family: helvetica; font-size: 12pt;\"><span style=\"color: #000000;\">&nbsp;&nbsp;&nbsp; Bij t\u00eb shtrenjt\u00eb m\u00eb Zotin,<\/span><\/span><\/p>\n<p><span style=\"font-family: helvetica; font-size: 12pt;\"><span style=\"color: #000000;\"><strong>&nbsp;&nbsp;&nbsp;&nbsp;&nbsp; &nbsp;&nbsp;&nbsp;&nbsp;&nbsp;&nbsp;&nbsp;&nbsp;&nbsp;&nbsp;&nbsp;&nbsp;&nbsp;&nbsp;&nbsp;&nbsp;&nbsp;&nbsp;&nbsp;&nbsp;&nbsp;&nbsp;&nbsp;&nbsp;&nbsp;&nbsp;&nbsp;&nbsp;&nbsp;&nbsp;&nbsp;&nbsp;&nbsp;&nbsp;&nbsp;&nbsp;&nbsp;&nbsp;&nbsp;&nbsp;&nbsp;&nbsp;&nbsp;&nbsp;&nbsp;&nbsp;&nbsp;&nbsp;&nbsp;&nbsp;&nbsp;&nbsp;&nbsp;&nbsp;&nbsp;&nbsp;&nbsp;&nbsp;&nbsp;&nbsp;&nbsp;&nbsp;&nbsp;&nbsp;&nbsp;&nbsp;&nbsp;&nbsp;&nbsp;&nbsp;&nbsp;&nbsp;&nbsp;&nbsp;&nbsp; <\/strong><\/span><\/span><\/p>\n<p style=\"text-align: right;\"><span style=\"font-family: helvetica; font-size: 12pt;\"><strong><span style=\"color: #000000;\">\u201cFjala, i bashk\u00ebqensh\u00ebm me Atin, ngjizet prej<br \/> gjakrash virgj\u00ebror\u00eb,&#8230;, lind n\u00eb shpell\u00eb, \u00e7udi!\u201d<\/span><\/strong><\/span><\/p>\n<p style=\"text-align: right;\">&nbsp;<\/p>\n<p>&nbsp;<\/p>\n<p style=\"text-align: justify;\"><span style=\"font-family: helvetica; font-size: 12pt;\"><span style=\"color: #000000;\">&nbsp;&nbsp;&nbsp; T\u00eb gjitha sa lidhen me fest\u00ebn e Krishtlindjes habisin. \u201cFjala\u201d, i paafrueshmi dhe i pakonceptueshmi, \u201cq\u00eb ka t\u00eb qen\u00ebt nj\u00eb me Atin\u201d,&nbsp; \u201cbir njeriu\u201d b\u00ebhet, q\u00eb ta \u00e7oj\u00eb p\u00ebrfundimisht njeriun n\u00eb lart\u00ebsi t\u00eb jasht\u00ebzakonshme: n\u00eb hyjnizim. Biri i Per\u00ebndis\u00eb, duke marr\u00eb natyr\u00ebn njer\u00ebzore, \u201cq\u00eb me an\u00eb t\u00eb kungimit t\u00eb Hyjnis\u00eb t\u00eb bashk\u00ebhyjnizohet njer\u00ebzorja\u201d (Sh\u00ebn Grigori i Nis\u00ebs), i dha vler\u00eb t\u00eb habitshme \u00e7do personi njer\u00ebzor n\u00eb mbar\u00eb dhen\u00eb. E lart\u00ebsoi njeriun n\u00eb m\u00ebnyr\u00eb t\u00eb pakrahasueshme m\u00eb tep\u00ebr, nga sa \u00ebsht\u00eb p\u00ebrpjekur \u00e7far\u00ebdolloj teorie &nbsp;humaniste dhe teze ateiste.<\/span><\/span><\/p>\n<p style=\"text-align: justify;\"><span style=\"font-family: helvetica; font-size: 12pt;\"><span style=\"color: #000000;\">&nbsp;&nbsp; Kjo ngjarje kozmohistorike zhvillohet n\u00eb nj\u00eb m\u00ebnyr\u00eb t\u00eb \u00e7uditshme: N\u00ebna Virgj\u00ebresh\u00eb, pas Lindjes,&nbsp; \u201ce mb\u00ebshtolli at\u00eb me shp\u00ebrg\u00ebnj dhe e vendosi n\u00eb grazhd, sepse nuk kishte vend p\u00ebr ata atje ku kishin r\u00ebn\u00eb\u201d (Luk. 2:7). Ai q\u00eb vjen p\u00ebr t\u00eb udh\u00ebhequr gjinin\u00eb njer\u00ebzore drejt shp\u00ebtimit \u201clindet n\u00eb shpell\u00eb\u201d, mohon \u00e7do lloj forme t\u00eb bot\u00ebs s\u00eb jashtme, p\u00ebrbuz luksin, jeton nga \u00e7asti m\u00eb i par\u00eb jet\u00ebn e njer\u00ebzve t\u00eb thjesht\u00eb, t\u00eb t\u00eb p\u00ebrulurve dhe t\u00eb varf\u00ebrve, pra t\u00eb shumic\u00ebs d\u00ebrrmuese t\u00eb popullsis\u00eb s\u00eb tok\u00ebs.<\/span><\/span><\/p>\n<p style=\"text-align: justify;\"><span style=\"font-family: helvetica; font-size: 12pt;\"><span style=\"color: #000000;\">&nbsp;&nbsp;&nbsp; Por n\u00eb t\u00eb nj\u00ebjt\u00ebn koh\u00eb, Ungjillor\u00ebt zbulojn\u00eb nj\u00eb tjet\u00ebr prani t\u00eb habitshme: Rreshta engj\u00ebjsh q\u00eb k\u00ebndojn\u00eb \u201cLavdi Per\u00ebndis\u00eb n\u00eb m\u00eb t\u00eb lartat dhe mbi dhen\u00eb paqe, e mbi njer\u00ebzit mir\u00ebdashje\u201d. M\u00eb tej habit adhurimi i t\u00eb urt\u00ebve nga Lindja dhe mania paranojake e Herodit, q\u00eb k\u00ebrkon t\u00eb shfaros\u00eb Foshnj\u00ebn Hyjnore, si kund\u00ebrshtarin e tij t\u00eb ardhsh\u00ebm. Himnologjia e Kish\u00ebs son\u00eb na e tregon k\u00ebt\u00eb ngjarje mahnit\u00ebse: \u201cFjala, q\u00eb ka t\u00eb qen\u00ebt nj\u00eb me Atin, pasi u zu prej gjakrash t\u00eb d\u00eblir\u00eb virgj\u00ebror\u00eb (pasi u ngjiz n\u00eb mitr\u00ebn e Virgj\u00ebresh\u00ebs),&#8230; lind p\u00ebrs\u00ebri n\u00eb shpell\u00eb: \u00e7udi!\u201d Fjala e p\u00ebrjetshme e Per\u00ebndis\u00eb, vjen n\u00eb koh\u00ebn e k\u00ebsaj bote n\u00eb nj\u00eb m\u00ebnyr\u00eb t\u00eb panjohur m\u00eb par\u00eb, n\u00eb heshtje dhe thjesht.<\/span><\/span><\/p>\n<p style=\"text-align: justify;\"><span style=\"font-family: helvetica; font-size: 12pt;\"><span style=\"color: #000000;\">&nbsp;&nbsp;&nbsp; Ngjarja trondit\u00ebse q\u00eb ndryshoi rrjedh\u00ebn e historis\u00eb s\u00eb bot\u00ebs zhvillohet pa zhurm\u00eb, larg nga qendrat e vendimeve politike dhe ushtarake t\u00eb Perandoris\u00eb Romake, q\u00eb besonin se rregullonin fatin e planetit; larg rretheve ekonomike dhe tregtare, larg nga qarqet filozofike dhe fetare t\u00eb bot\u00ebs s\u00eb at\u00ebhershme, q\u00eb mendonin se njihnin ligjet e natyr\u00ebs apo ligjet e Per\u00ebndis\u00eb. \u201cSe k\u00ebshillat e mia nuk jan\u00eb si k\u00ebshillat tuaja, as rrug\u00ebt tuaja nuk jan\u00eb si rrug\u00ebt e mia, thot\u00eb Zoti\u201d (Isaia 55:8), ka theksuar profeti Isaia.&nbsp;<\/span><\/span><\/p>\n<p class=\"style1\" style=\"text-align: justify;\"><span style=\"font-family: helvetica; font-size: 12pt;\"><span style=\"color: #000000;\">&nbsp;&nbsp;&nbsp; T\u00eb gjitha sa kan\u00eb lidhje me Jisu Krishtin, n\u00eb pamje t\u00eb par\u00eb p\u00ebrb\u00ebjn\u00eb nj\u00eb sfid\u00eb p\u00ebr logjik\u00ebn e zakonshme. Shpesh e p\u00ebrmbysin, por p\u00ebrfundimisht e zgjerojn\u00eb horizontin e saj. Kan\u00eb nj\u00eb dinamik\u00eb t\u00eb pashtershme, nj\u00eb energji krijuese. Sa njoh\u00ebn Krishtin, sa e besuan dhe u lidh\u00ebn me an\u00eb t\u00eb dashuris\u00eb me At\u00eb, konstatojn\u00eb dhe p\u00ebrjetojn\u00eb se Per\u00ebndia Triadik, t\u00eb Cilin e zbuloi Jisui, nuk \u00ebsht\u00eb nj\u00eb fuqi e ep\u00ebrme jopersonale, statike, moskok\u00eb\u00e7ar\u00ebse, &nbsp;por \u00ebsht\u00eb Per\u00ebndia i gjall\u00eb i dashuris\u00eb, <em>Per\u00ebndia i t\u00eb papriturave<\/em>.&nbsp; Pa zhurm\u00eb, Ai \u00e7el horizonte t\u00eb reja, aty ku t\u00eb gjitha duken t\u00eb mbyllura dhe pa shpres\u00eb. Nd\u00ebrhyn me m\u00ebnyra t\u00eb pashpresuara n\u00eb rrug\u00ebtimin e njer\u00ebzimit, t\u00eb komunitetit n\u00eb t\u00eb cilin b\u00ebjm\u00eb pjes\u00eb, si edhe n\u00eb jet\u00ebn ton\u00eb personale. I jep jet\u00ebs son\u00eb zgjidhje t\u00eb papritura p\u00ebr probleme t\u00eb pazgjidhshme. Shpresa q\u00eb ofron kjo e v\u00ebrtet\u00eb n\u00eb sprova na fuqizon dhe na rip\u00ebrt\u00ebrin. Dashuria q\u00eb ajo shp\u00ebrndan, pra dalja nga egoja jon\u00eb p\u00ebr t\u00eb takuar tjetrin, shoq\u00ebrohet nga hareja dhe paqja e brendshme. Jeta \u201cm\u00eb Krishtin\u201d \u00ebsht\u00eb e mbushur me eksperienca t\u00eb mrekullueshme. B\u00ebhet fjal\u00eb p\u00ebr nj\u00eb transformim shpirt\u00ebror t\u00eb vazhduesh\u00ebm.<\/span><\/span><\/p>\n<p class=\"style1\" style=\"text-align: justify;\">&nbsp;<\/p>\n<p style=\"text-align: center;\"><span style=\"color: #b22222; font-family: helvetica; font-size: 12pt;\"><strong>*&nbsp;&nbsp; *<\/strong><\/span><\/p>\n<p style=\"text-align: center;\">&nbsp;<\/p>\n<p style=\"text-align: justify;\"><span style=\"font-family: helvetica; font-size: 12pt;\"><span style=\"color: #000000;\">&nbsp;&nbsp;&nbsp; P\u00ebrkundrazi, m\u00ebnyrat si e festojm\u00eb Krishtlindjen, n\u00eb koh\u00ebn ton\u00eb p\u00ebrb\u00ebjn\u00eb nj\u00eb \u00e7udi t\u00eb hidhur. N\u00eb vend t\u00eb thjesht\u00ebsis\u00eb dhe t\u00eb p\u00ebrul\u00ebsis\u00eb, mbizot\u00ebron luksi, t\u00eb dukurit, lakmia, d\u00ebshirimi dhe nxjerrja n\u00eb pah e pasuris\u00eb materiale, prirja marramend\u00ebse p\u00ebr k\u00ebnaq\u00ebsi, n\u00ebnvler\u00ebsimi dhe p\u00ebrbuzja e t\u00eb mirave shpirt\u00ebrore.<\/span><\/span><\/p>\n<p style=\"text-align: justify;\"><span style=\"font-family: helvetica; font-size: 12pt;\"><span style=\"color: #000000;\">&nbsp;&nbsp;&nbsp; Madje n\u00eb k\u00ebt\u00eb epok\u00eb, po e shqet\u00ebson planetin nj\u00eb tjet\u00ebr e papritur e pak\u00ebndshme: kolapsi i ekonomis\u00eb.&nbsp; Aktiviteti ekonomik i shtremb\u00ebr, q\u00eb adhuron fitimin dhe injoron e p\u00ebrbuz njeriun dhe zhvat krijes\u00ebn, \u00e7oi n\u00eb kriz\u00ebn e njohur ekonomike bot\u00ebrore, q\u00eb si nj\u00eb uragan i tmerrsh\u00ebm k\u00ebrc\u00ebnon pjes\u00ebn m\u00eb t\u00eb madhe t\u00eb vendeve t\u00eb zhvilluara dhe atyre n\u00eb zhvillim. Por kryesisht p\u00ebrfundon n\u00eb nj\u00eb mundim t\u00eb ri t\u00eb miliona njer\u00ebzve t\u00eb thjesht\u00eb dhe t\u00eb varf\u00ebr.<\/span><\/span><\/p>\n<p style=\"text-align: justify;\"><span style=\"font-family: helvetica; font-size: 12pt;\"><span style=\"color: #000000;\">&nbsp;&nbsp;&nbsp; Propozimet p\u00ebr daljen imediate nga kriza, jan\u00eb t\u00eb shumta dhe t\u00eb lavd\u00ebrueshme. Por n\u00eb nj\u00eb periudh\u00eb afatgjat\u00eb, m\u00eb n\u00eb p\u00ebrgjith\u00ebsi sprova q\u00eb kalon njer\u00ebzimi k\u00ebrkon ndryshime m\u00eb rr\u00ebnj\u00ebsore. Fjala e p\u00ebrjetshme e Per\u00ebndis\u00eb, Mish\u00ebrimin e t\u00eb Cilit ne festojm\u00eb, tregon n\u00eb m\u00ebnyr\u00eb diakronike drejtimin: Thjesht\u00ebsi dhe vet\u00ebp\u00ebrmbajtje n\u00eb jet\u00ebn personale. M\u00eb shum\u00eb reciprocitet, m\u00eb tep\u00ebr dashuri autentike dhe respekt t\u00eb v\u00ebrtet\u00eb ndaj dinjitetit t\u00eb \u00e7do personi njer\u00ebzor, kudo dhe n\u00eb \u00e7far\u00ebdolloj kushtesh q\u00eb ka lindur. Sepse merr pjes\u00eb n\u00eb natyr\u00ebn njer\u00ebzore, t\u00eb cil\u00ebn e mori dhe e lart\u00ebsoi Biri i Per\u00ebndis\u00eb. Kjo form\u00eb jetese e rinovon jet\u00ebn dhe e pasuron nga ana shpirt\u00ebrore, duke i falur asaj bukuri unike. Dhe si p\u00ebrfundim, p\u00ebrforcon drejt\u00ebsin\u00eb shoq\u00ebrore dhe krijon qytet\u00ebrimin e v\u00ebrtet\u00eb.<\/span><\/span><\/p>\n<p style=\"text-align: justify;\">&nbsp;<\/p>\n<p style=\"text-align: center;\"><span style=\"font-family: helvetica; font-size: 12pt;\"><strong><span style=\"color: #b22222;\"><span class=\"style1\">*&nbsp;&nbsp; *<\/span><\/span><\/strong><\/span><\/p>\n<p style=\"text-align: center;\">&nbsp;<\/p>\n<p style=\"text-align: justify;\"><span style=\"font-family: helvetica; font-size: 12pt;\"><span style=\"color: #000000;\">&nbsp;&nbsp;&nbsp; Le ta festojm\u00eb ardhjen e \u00c7lirimtarit dhe le t\u00eb tregojm\u00eb p\u00ebrkushtimin dhe besnik\u00ebrin\u00eb ton\u00eb ndaj Atij, <em>duke rezistuar cil\u00ebsisht <\/em>ndaj mentalitetit sundues t\u00eb lakmis\u00eb, zem\u00ebrngurt\u00ebsis\u00eb dhe abuzimit me mjedisin. K\u00ebto e kan\u00eb \u00e7uar njer\u00ebzimin n\u00eb idhujtarin\u00eb e re t\u00eb paras\u00eb, t\u00eb pasurimit t\u00eb paligjsh\u00ebm. Njeriu bashk\u00ebkohor, duke mos e v\u00ebn\u00eb n\u00eb qend\u00ebr Fjal\u00ebn e Per\u00ebndis\u00eb dhe duke p\u00ebrbuzur Per\u00ebndinjeriun, p\u00ebrfundoi n\u00eb n\u00ebnnjeri. Sa vuajm\u00eb p\u00ebr lart\u00ebsimin esencial t\u00eb shoq\u00ebris\u00eb, ftohemi t\u2019i rezistojm\u00eb k\u00ebtij mentaliteti, ngado q\u00eb t\u00eb vij\u00eb, &nbsp;ndaj kujtdo q\u00eb edhe e ushqen.<\/span><\/span><\/p>\n<p style=\"text-align: justify;\"><span style=\"font-family: helvetica; font-size: 12pt;\"><span style=\"color: #000000;\">&nbsp;&nbsp;&nbsp; Fjala e b\u00ebr\u00eb njeri e Per\u00ebndis\u00eb s\u00eb urt\u00ebsis\u00eb dhe dashuris\u00eb, le t\u00eb drejtoj\u00eb p\u00ebrdit\u00eb jet\u00ebn ton\u00eb, duke e mbushur at\u00eb me optimiz\u00ebm dhe hare, n\u00eb k\u00ebto dit\u00eb festive dhe gjat\u00eb gjith\u00eb vitit t\u00eb ardhsh\u00ebm.<\/span><\/span><\/p>\n<p><span style=\"font-family: helvetica; font-size: 12pt;\"><span style=\"color: #000000;\">&nbsp;&nbsp;&nbsp; Krishtlindje t\u00eb bekuara!<\/span><\/span><\/p>\n<p style=\"text-align: left;\"><span style=\"font-family: helvetica; font-size: 12pt;\"><span style=\"color: #000000;\">&nbsp;&nbsp;&nbsp; Me t\u00eb gjith\u00eb dashurin\u00eb time m\u00eb Krishtin<\/span><\/span><\/p>\n<p style=\"text-align: left;\">&nbsp;<\/p>\n<p style=\"text-align: center;\">&nbsp;<\/p>\n<p style=\"text-align: center;\"><span style=\"font-family: helvetica; font-size: 12pt;\"><strong><span style=\"color: #000000;\"><em>+ Anastasi<\/em><\/span><\/strong><\/span><br \/> <span style=\"font-family: helvetica; font-size: 12pt;\"> <span style=\"color: #000000;\"><em>Kryepiskop i Tiran\u00ebs, Durr\u00ebsit dhe i &nbsp;gjith\u00eb Shqip\u00ebris\u00eb<\/em><\/span><\/span><\/p>\n","protected":false},"excerpt":{"rendered":"<p>Kisha Orthodhokse Autoqefale e Shqip\u00ebris\u00eb KRISHTLINDJE 2008 \u00c7UDI! \u2020 Anastasi Kryepiskop i Tiran\u00ebs, Durr\u00ebsit dhe i gjith\u00eb Shqip\u00ebris\u00eb &nbsp; &nbsp; &nbsp; &nbsp; &nbsp; &nbsp;&nbsp;&nbsp; Klerit dhe Besimtar\u00ebve shpres\u00ebtar\u00eb Orthodhoks\u00eb, &nbsp;&nbsp;&nbsp; Bij t\u00eb shtrenjt\u00eb m\u00eb Zotin, &nbsp;&nbsp;&nbsp;&nbsp;&nbsp; &nbsp;&nbsp;&nbsp;&nbsp;&nbsp;&nbsp;&nbsp;&nbsp;&nbsp;&nbsp;&nbsp;&nbsp;&nbsp;&nbsp;&nbsp;&nbsp;&nbsp;&nbsp;&nbsp;&nbsp;&nbsp;&nbsp;&nbsp;&nbsp;&nbsp;&nbsp;&nbsp;&nbsp;&nbsp;&nbsp;&nbsp;&nbsp;&nbsp;&nbsp;&nbsp;&nbsp;&nbsp;&nbsp;&nbsp;&nbsp;&nbsp;&nbsp;&nbsp;&nbsp;&nbsp;&nbsp;&nbsp;&nbsp;&nbsp;&nbsp;&nbsp;&nbsp;&nbsp;&nbsp;&nbsp;&nbsp;&nbsp;&nbsp;&nbsp;&nbsp;&nbsp;&nbsp;&nbsp;&nbsp;&nbsp;&nbsp;&nbsp;&nbsp;&nbsp;&nbsp;&nbsp;&nbsp;&nbsp;&nbsp;&nbsp; \u201cFjala, i bashk\u00ebqensh\u00ebm me Atin, ngjizet prej gjakrash virgj\u00ebror\u00eb,&#8230;, lind n\u00eb shpell\u00eb, \u00e7udi!\u201d &nbsp; &nbsp; &nbsp;&nbsp;&nbsp; T\u00eb gjitha sa lidhen me fest\u00ebn e Krishtlindjes habisin. \u201cFjala\u201d, i paafrueshmi<\/p>\n","protected":false},"author":1,"featured_media":0,"comment_status":"open","ping_status":"open","sticky":false,"template":"","format":"standard","meta":{"_acf_changed":false,"pagelayer_contact_templates":[],"_pagelayer_content":"","inline_featured_image":false,"fifu_image_url":"","fifu_image_alt":"","footnotes":""},"categories":[108],"tags":[146,192,196,201,212,152],"class_list":["post-935","post","type-post","status-publish","format-standard","hentry","category-lajme","tag-146","tag-krishtlindje","tag-tirane","tag-kryepiskopi-anastas","tag-lajme-d27","tag-mesazhet-festive-d19"],"acf":[],"yoast_head":"<!-- This site is optimized with the Yoast SEO plugin v27.2 - https:\/\/yoast.com\/product\/yoast-seo-wordpress\/ -->\n<title>MESAZHI I KRISHTLINDJEVE 2008 NGA KRYEPISKOPI ANASTAS. (2008) - Kisha Orthodh\u03bfkse Autoqefale e Shqip\u00ebris\u00eb<\/title>\n<meta name=\"robots\" content=\"index, follow, max-snippet:-1, max-image-preview:large, max-video-preview:-1\" \/>\n<link rel=\"canonical\" href=\"https:\/\/orthodoxalbania.org\/2020\/2008\/02\/26\/mesazhi-i-krishtlindjeve-2008-nga-kryepiskopi-anastas-2008\/\" \/>\n<meta property=\"og:locale\" content=\"en_US\" \/>\n<meta property=\"og:type\" content=\"article\" \/>\n<meta property=\"og:title\" content=\"MESAZHI I KRISHTLINDJEVE 2008 NGA KRYEPISKOPI ANASTAS. (2008) - Kisha Orthodh\u03bfkse Autoqefale e Shqip\u00ebris\u00eb\" \/>\n<meta property=\"og:description\" content=\"Kisha Orthodhokse Autoqefale e Shqip\u00ebris\u00eb KRISHTLINDJE 2008 \u00c7UDI! \u2020 Anastasi Kryepiskop i Tiran\u00ebs, Durr\u00ebsit dhe i gjith\u00eb Shqip\u00ebris\u00eb &nbsp; &nbsp; &nbsp; &nbsp; &nbsp; &nbsp;&nbsp;&nbsp; Klerit dhe Besimtar\u00ebve shpres\u00ebtar\u00eb Orthodhoks\u00eb, &nbsp;&nbsp;&nbsp; Bij t\u00eb shtrenjt\u00eb m\u00eb Zotin, &nbsp;&nbsp;&nbsp;&nbsp;&nbsp; &nbsp;&nbsp;&nbsp;&nbsp;&nbsp;&nbsp;&nbsp;&nbsp;&nbsp;&nbsp;&nbsp;&nbsp;&nbsp;&nbsp;&nbsp;&nbsp;&nbsp;&nbsp;&nbsp;&nbsp;&nbsp;&nbsp;&nbsp;&nbsp;&nbsp;&nbsp;&nbsp;&nbsp;&nbsp;&nbsp;&nbsp;&nbsp;&nbsp;&nbsp;&nbsp;&nbsp;&nbsp;&nbsp;&nbsp;&nbsp;&nbsp;&nbsp;&nbsp;&nbsp;&nbsp;&nbsp;&nbsp;&nbsp;&nbsp;&nbsp;&nbsp;&nbsp;&nbsp;&nbsp;&nbsp;&nbsp;&nbsp;&nbsp;&nbsp;&nbsp;&nbsp;&nbsp;&nbsp;&nbsp;&nbsp;&nbsp;&nbsp;&nbsp;&nbsp;&nbsp;&nbsp;&nbsp;&nbsp;&nbsp;&nbsp; \u201cFjala, i bashk\u00ebqensh\u00ebm me Atin, ngjizet prej gjakrash virgj\u00ebror\u00eb,&#8230;, lind n\u00eb shpell\u00eb, \u00e7udi!\u201d &nbsp; &nbsp; &nbsp;&nbsp;&nbsp; T\u00eb gjitha sa lidhen me fest\u00ebn e Krishtlindjes habisin. \u201cFjala\u201d, i paafrueshmi\" \/>\n<meta property=\"og:url\" content=\"https:\/\/orthodoxalbania.org\/2020\/2008\/02\/26\/mesazhi-i-krishtlindjeve-2008-nga-kryepiskopi-anastas-2008\/\" \/>\n<meta property=\"og:site_name\" content=\"Kisha Orthodh\u03bfkse Autoqefale e Shqip\u00ebris\u00eb\" \/>\n<meta property=\"article:publisher\" content=\"https:\/\/www.facebook.com\/koash1991\" \/>\n<meta property=\"article:published_time\" content=\"2008-02-26T00:00:00+00:00\" \/>\n<meta property=\"article:modified_time\" content=\"2020-04-06T20:35:17+00:00\" \/>\n<meta property=\"og:image\" content=\"https:\/\/lh3.googleusercontent.com\/-0XaSr7tg_9w\/U_NB8PwotlI\/AAAAAAAAA2g\/QXaauIV8bCc\/s577-no\/logo.png\" \/>\n<meta name=\"author\" content=\"Kisha Orthodhokse\" \/>\n<meta name=\"twitter:card\" content=\"summary_large_image\" \/>\n<meta name=\"twitter:label1\" content=\"Written by\" \/>\n\t<meta name=\"twitter:data1\" content=\"Kisha Orthodhokse\" \/>\n\t<meta name=\"twitter:label2\" content=\"Est. reading time\" \/>\n\t<meta name=\"twitter:data2\" content=\"7 minutes\" \/>\n<script type=\"application\/ld+json\" class=\"yoast-schema-graph\">{\"@context\":\"https:\/\/schema.org\",\"@graph\":[{\"@type\":\"Article\",\"@id\":\"https:\/\/orthodoxalbania.org\/2020\/2008\/02\/26\/mesazhi-i-krishtlindjeve-2008-nga-kryepiskopi-anastas-2008\/#article\",\"isPartOf\":{\"@id\":\"https:\/\/orthodoxalbania.org\/2020\/2008\/02\/26\/mesazhi-i-krishtlindjeve-2008-nga-kryepiskopi-anastas-2008\/\"},\"author\":{\"name\":\"Kisha Orthodhokse\",\"@id\":\"https:\/\/orthodoxalbania.org\/2020\/#\/schema\/person\/0c387634a7063ac612d7ed9ce71c7e86\"},\"headline\":\"MESAZHI I KRISHTLINDJEVE 2008 NGA KRYEPISKOPI ANASTAS. (2008)\",\"datePublished\":\"2008-02-26T00:00:00+00:00\",\"dateModified\":\"2020-04-06T20:35:17+00:00\",\"mainEntityOfPage\":{\"@id\":\"https:\/\/orthodoxalbania.org\/2020\/2008\/02\/26\/mesazhi-i-krishtlindjeve-2008-nga-kryepiskopi-anastas-2008\/\"},\"wordCount\":1341,\"commentCount\":0,\"publisher\":{\"@id\":\"https:\/\/orthodoxalbania.org\/2020\/#organization\"},\"image\":{\"@id\":\"https:\/\/orthodoxalbania.org\/2020\/2008\/02\/26\/mesazhi-i-krishtlindjeve-2008-nga-kryepiskopi-anastas-2008\/#primaryimage\"},\"thumbnailUrl\":\"https:\/\/lh3.googleusercontent.com\/-0XaSr7tg_9w\/U_NB8PwotlI\/AAAAAAAAA2g\/QXaauIV8bCc\/s577-no\/logo.png\",\"keywords\":[\"2008\",\"Krishtlindje\",\"Kryepiskopata Tiran\u00eb\",\"Kryepiskopi Anastas\",\"lajme\",\"Mesazhet Festive\"],\"articleSection\":[\"Lajme\"],\"inLanguage\":\"en-US\"},{\"@type\":\"WebPage\",\"@id\":\"https:\/\/orthodoxalbania.org\/2020\/2008\/02\/26\/mesazhi-i-krishtlindjeve-2008-nga-kryepiskopi-anastas-2008\/\",\"url\":\"https:\/\/orthodoxalbania.org\/2020\/2008\/02\/26\/mesazhi-i-krishtlindjeve-2008-nga-kryepiskopi-anastas-2008\/\",\"name\":\"MESAZHI I KRISHTLINDJEVE 2008 NGA KRYEPISKOPI ANASTAS. (2008) - Kisha Orthodh\u03bfkse Autoqefale e Shqip\u00ebris\u00eb\",\"isPartOf\":{\"@id\":\"https:\/\/orthodoxalbania.org\/2020\/#website\"},\"primaryImageOfPage\":{\"@id\":\"https:\/\/orthodoxalbania.org\/2020\/2008\/02\/26\/mesazhi-i-krishtlindjeve-2008-nga-kryepiskopi-anastas-2008\/#primaryimage\"},\"image\":{\"@id\":\"https:\/\/orthodoxalbania.org\/2020\/2008\/02\/26\/mesazhi-i-krishtlindjeve-2008-nga-kryepiskopi-anastas-2008\/#primaryimage\"},\"thumbnailUrl\":\"https:\/\/lh3.googleusercontent.com\/-0XaSr7tg_9w\/U_NB8PwotlI\/AAAAAAAAA2g\/QXaauIV8bCc\/s577-no\/logo.png\",\"datePublished\":\"2008-02-26T00:00:00+00:00\",\"dateModified\":\"2020-04-06T20:35:17+00:00\",\"breadcrumb\":{\"@id\":\"https:\/\/orthodoxalbania.org\/2020\/2008\/02\/26\/mesazhi-i-krishtlindjeve-2008-nga-kryepiskopi-anastas-2008\/#breadcrumb\"},\"inLanguage\":\"en-US\",\"potentialAction\":[{\"@type\":\"ReadAction\",\"target\":[\"https:\/\/orthodoxalbania.org\/2020\/2008\/02\/26\/mesazhi-i-krishtlindjeve-2008-nga-kryepiskopi-anastas-2008\/\"]}]},{\"@type\":\"ImageObject\",\"inLanguage\":\"en-US\",\"@id\":\"https:\/\/orthodoxalbania.org\/2020\/2008\/02\/26\/mesazhi-i-krishtlindjeve-2008-nga-kryepiskopi-anastas-2008\/#primaryimage\",\"url\":\"https:\/\/lh3.googleusercontent.com\/-0XaSr7tg_9w\/U_NB8PwotlI\/AAAAAAAAA2g\/QXaauIV8bCc\/s577-no\/logo.png\",\"contentUrl\":\"https:\/\/lh3.googleusercontent.com\/-0XaSr7tg_9w\/U_NB8PwotlI\/AAAAAAAAA2g\/QXaauIV8bCc\/s577-no\/logo.png\"},{\"@type\":\"BreadcrumbList\",\"@id\":\"https:\/\/orthodoxalbania.org\/2020\/2008\/02\/26\/mesazhi-i-krishtlindjeve-2008-nga-kryepiskopi-anastas-2008\/#breadcrumb\",\"itemListElement\":[{\"@type\":\"ListItem\",\"position\":1,\"name\":\"Home\",\"item\":\"https:\/\/orthodoxalbania.org\/2020\/\"},{\"@type\":\"ListItem\",\"position\":2,\"name\":\"MESAZHI I KRISHTLINDJEVE 2008 NGA KRYEPISKOPI ANASTAS. (2008)\"}]},{\"@type\":\"WebSite\",\"@id\":\"https:\/\/orthodoxalbania.org\/2020\/#website\",\"url\":\"https:\/\/orthodoxalbania.org\/2020\/\",\"name\":\"Kisha Orthodh\u03bfkse Autoqefale e Shqip\u00ebris\u00eb\",\"description\":\"Fqja Zyrtare e Kish\u00ebs Orthodhokse Autoqefale e Shqip\u00ebris\u00eb me lajmet edhe informacionet zyrtare p\u00ebr struktur\u00ebn edhe veprimtarin e saj.\",\"publisher\":{\"@id\":\"https:\/\/orthodoxalbania.org\/2020\/#organization\"},\"potentialAction\":[{\"@type\":\"SearchAction\",\"target\":{\"@type\":\"EntryPoint\",\"urlTemplate\":\"https:\/\/orthodoxalbania.org\/2020\/?s={search_term_string}\"},\"query-input\":{\"@type\":\"PropertyValueSpecification\",\"valueRequired\":true,\"valueName\":\"search_term_string\"}}],\"inLanguage\":\"en-US\"},{\"@type\":\"Organization\",\"@id\":\"https:\/\/orthodoxalbania.org\/2020\/#organization\",\"name\":\"Kisha Orthodhokse Autoqefale e Shqip\u00ebris\u00eb\",\"url\":\"https:\/\/orthodoxalbania.org\/2020\/\",\"logo\":{\"@type\":\"ImageObject\",\"inLanguage\":\"en-US\",\"@id\":\"https:\/\/orthodoxalbania.org\/2020\/#\/schema\/logo\/image\/\",\"url\":\"https:\/\/orthodoxalbania.org\/2020\/wp-content\/uploads\/2020\/05\/albania.jpeg\",\"contentUrl\":\"https:\/\/orthodoxalbania.org\/2020\/wp-content\/uploads\/2020\/05\/albania.jpeg\",\"width\":540,\"height\":540,\"caption\":\"Kisha Orthodhokse Autoqefale e Shqip\u00ebris\u00eb\"},\"image\":{\"@id\":\"https:\/\/orthodoxalbania.org\/2020\/#\/schema\/logo\/image\/\"},\"sameAs\":[\"https:\/\/www.facebook.com\/koash1991\"]},{\"@type\":\"Person\",\"@id\":\"https:\/\/orthodoxalbania.org\/2020\/#\/schema\/person\/0c387634a7063ac612d7ed9ce71c7e86\",\"name\":\"Kisha Orthodhokse\",\"image\":{\"@type\":\"ImageObject\",\"inLanguage\":\"en-US\",\"@id\":\"https:\/\/secure.gravatar.com\/avatar\/596e7c417251e30f2fbb9c00e026fce61a695a00e51c889caded71c96cbbdde5?s=96&d=mm&r=g\",\"url\":\"https:\/\/secure.gravatar.com\/avatar\/596e7c417251e30f2fbb9c00e026fce61a695a00e51c889caded71c96cbbdde5?s=96&d=mm&r=g\",\"contentUrl\":\"https:\/\/secure.gravatar.com\/avatar\/596e7c417251e30f2fbb9c00e026fce61a695a00e51c889caded71c96cbbdde5?s=96&d=mm&r=g\",\"caption\":\"Kisha Orthodhokse\"}}]}<\/script>\n<!-- \/ Yoast SEO plugin. -->","yoast_head_json":{"title":"MESAZHI I KRISHTLINDJEVE 2008 NGA KRYEPISKOPI ANASTAS. (2008) - Kisha Orthodh\u03bfkse Autoqefale e Shqip\u00ebris\u00eb","robots":{"index":"index","follow":"follow","max-snippet":"max-snippet:-1","max-image-preview":"max-image-preview:large","max-video-preview":"max-video-preview:-1"},"canonical":"https:\/\/orthodoxalbania.org\/2020\/2008\/02\/26\/mesazhi-i-krishtlindjeve-2008-nga-kryepiskopi-anastas-2008\/","og_locale":"en_US","og_type":"article","og_title":"MESAZHI I KRISHTLINDJEVE 2008 NGA KRYEPISKOPI ANASTAS. (2008) - Kisha Orthodh\u03bfkse Autoqefale e Shqip\u00ebris\u00eb","og_description":"Kisha Orthodhokse Autoqefale e Shqip\u00ebris\u00eb KRISHTLINDJE 2008 \u00c7UDI! \u2020 Anastasi Kryepiskop i Tiran\u00ebs, Durr\u00ebsit dhe i gjith\u00eb Shqip\u00ebris\u00eb &nbsp; &nbsp; &nbsp; &nbsp; &nbsp; &nbsp;&nbsp;&nbsp; Klerit dhe Besimtar\u00ebve shpres\u00ebtar\u00eb Orthodhoks\u00eb, &nbsp;&nbsp;&nbsp; Bij t\u00eb shtrenjt\u00eb m\u00eb Zotin, &nbsp;&nbsp;&nbsp;&nbsp;&nbsp; &nbsp;&nbsp;&nbsp;&nbsp;&nbsp;&nbsp;&nbsp;&nbsp;&nbsp;&nbsp;&nbsp;&nbsp;&nbsp;&nbsp;&nbsp;&nbsp;&nbsp;&nbsp;&nbsp;&nbsp;&nbsp;&nbsp;&nbsp;&nbsp;&nbsp;&nbsp;&nbsp;&nbsp;&nbsp;&nbsp;&nbsp;&nbsp;&nbsp;&nbsp;&nbsp;&nbsp;&nbsp;&nbsp;&nbsp;&nbsp;&nbsp;&nbsp;&nbsp;&nbsp;&nbsp;&nbsp;&nbsp;&nbsp;&nbsp;&nbsp;&nbsp;&nbsp;&nbsp;&nbsp;&nbsp;&nbsp;&nbsp;&nbsp;&nbsp;&nbsp;&nbsp;&nbsp;&nbsp;&nbsp;&nbsp;&nbsp;&nbsp;&nbsp;&nbsp;&nbsp;&nbsp;&nbsp;&nbsp;&nbsp;&nbsp; \u201cFjala, i bashk\u00ebqensh\u00ebm me Atin, ngjizet prej gjakrash virgj\u00ebror\u00eb,&#8230;, lind n\u00eb shpell\u00eb, \u00e7udi!\u201d &nbsp; &nbsp; &nbsp;&nbsp;&nbsp; T\u00eb gjitha sa lidhen me fest\u00ebn e Krishtlindjes habisin. \u201cFjala\u201d, i paafrueshmi","og_url":"https:\/\/orthodoxalbania.org\/2020\/2008\/02\/26\/mesazhi-i-krishtlindjeve-2008-nga-kryepiskopi-anastas-2008\/","og_site_name":"Kisha Orthodh\u03bfkse Autoqefale e Shqip\u00ebris\u00eb","article_publisher":"https:\/\/www.facebook.com\/koash1991","article_published_time":"2008-02-26T00:00:00+00:00","article_modified_time":"2020-04-06T20:35:17+00:00","og_image":[{"url":"https:\/\/lh3.googleusercontent.com\/-0XaSr7tg_9w\/U_NB8PwotlI\/AAAAAAAAA2g\/QXaauIV8bCc\/s577-no\/logo.png","type":"","width":"","height":""}],"author":"Kisha Orthodhokse","twitter_card":"summary_large_image","twitter_misc":{"Written by":"Kisha Orthodhokse","Est. reading time":"7 minutes"},"schema":{"@context":"https:\/\/schema.org","@graph":[{"@type":"Article","@id":"https:\/\/orthodoxalbania.org\/2020\/2008\/02\/26\/mesazhi-i-krishtlindjeve-2008-nga-kryepiskopi-anastas-2008\/#article","isPartOf":{"@id":"https:\/\/orthodoxalbania.org\/2020\/2008\/02\/26\/mesazhi-i-krishtlindjeve-2008-nga-kryepiskopi-anastas-2008\/"},"author":{"name":"Kisha Orthodhokse","@id":"https:\/\/orthodoxalbania.org\/2020\/#\/schema\/person\/0c387634a7063ac612d7ed9ce71c7e86"},"headline":"MESAZHI I KRISHTLINDJEVE 2008 NGA KRYEPISKOPI ANASTAS. (2008)","datePublished":"2008-02-26T00:00:00+00:00","dateModified":"2020-04-06T20:35:17+00:00","mainEntityOfPage":{"@id":"https:\/\/orthodoxalbania.org\/2020\/2008\/02\/26\/mesazhi-i-krishtlindjeve-2008-nga-kryepiskopi-anastas-2008\/"},"wordCount":1341,"commentCount":0,"publisher":{"@id":"https:\/\/orthodoxalbania.org\/2020\/#organization"},"image":{"@id":"https:\/\/orthodoxalbania.org\/2020\/2008\/02\/26\/mesazhi-i-krishtlindjeve-2008-nga-kryepiskopi-anastas-2008\/#primaryimage"},"thumbnailUrl":"https:\/\/lh3.googleusercontent.com\/-0XaSr7tg_9w\/U_NB8PwotlI\/AAAAAAAAA2g\/QXaauIV8bCc\/s577-no\/logo.png","keywords":["2008","Krishtlindje","Kryepiskopata Tiran\u00eb","Kryepiskopi Anastas","lajme","Mesazhet Festive"],"articleSection":["Lajme"],"inLanguage":"en-US"},{"@type":"WebPage","@id":"https:\/\/orthodoxalbania.org\/2020\/2008\/02\/26\/mesazhi-i-krishtlindjeve-2008-nga-kryepiskopi-anastas-2008\/","url":"https:\/\/orthodoxalbania.org\/2020\/2008\/02\/26\/mesazhi-i-krishtlindjeve-2008-nga-kryepiskopi-anastas-2008\/","name":"MESAZHI I KRISHTLINDJEVE 2008 NGA KRYEPISKOPI ANASTAS. (2008) - Kisha Orthodh\u03bfkse Autoqefale e Shqip\u00ebris\u00eb","isPartOf":{"@id":"https:\/\/orthodoxalbania.org\/2020\/#website"},"primaryImageOfPage":{"@id":"https:\/\/orthodoxalbania.org\/2020\/2008\/02\/26\/mesazhi-i-krishtlindjeve-2008-nga-kryepiskopi-anastas-2008\/#primaryimage"},"image":{"@id":"https:\/\/orthodoxalbania.org\/2020\/2008\/02\/26\/mesazhi-i-krishtlindjeve-2008-nga-kryepiskopi-anastas-2008\/#primaryimage"},"thumbnailUrl":"https:\/\/lh3.googleusercontent.com\/-0XaSr7tg_9w\/U_NB8PwotlI\/AAAAAAAAA2g\/QXaauIV8bCc\/s577-no\/logo.png","datePublished":"2008-02-26T00:00:00+00:00","dateModified":"2020-04-06T20:35:17+00:00","breadcrumb":{"@id":"https:\/\/orthodoxalbania.org\/2020\/2008\/02\/26\/mesazhi-i-krishtlindjeve-2008-nga-kryepiskopi-anastas-2008\/#breadcrumb"},"inLanguage":"en-US","potentialAction":[{"@type":"ReadAction","target":["https:\/\/orthodoxalbania.org\/2020\/2008\/02\/26\/mesazhi-i-krishtlindjeve-2008-nga-kryepiskopi-anastas-2008\/"]}]},{"@type":"ImageObject","inLanguage":"en-US","@id":"https:\/\/orthodoxalbania.org\/2020\/2008\/02\/26\/mesazhi-i-krishtlindjeve-2008-nga-kryepiskopi-anastas-2008\/#primaryimage","url":"https:\/\/lh3.googleusercontent.com\/-0XaSr7tg_9w\/U_NB8PwotlI\/AAAAAAAAA2g\/QXaauIV8bCc\/s577-no\/logo.png","contentUrl":"https:\/\/lh3.googleusercontent.com\/-0XaSr7tg_9w\/U_NB8PwotlI\/AAAAAAAAA2g\/QXaauIV8bCc\/s577-no\/logo.png"},{"@type":"BreadcrumbList","@id":"https:\/\/orthodoxalbania.org\/2020\/2008\/02\/26\/mesazhi-i-krishtlindjeve-2008-nga-kryepiskopi-anastas-2008\/#breadcrumb","itemListElement":[{"@type":"ListItem","position":1,"name":"Home","item":"https:\/\/orthodoxalbania.org\/2020\/"},{"@type":"ListItem","position":2,"name":"MESAZHI I KRISHTLINDJEVE 2008 NGA KRYEPISKOPI ANASTAS. (2008)"}]},{"@type":"WebSite","@id":"https:\/\/orthodoxalbania.org\/2020\/#website","url":"https:\/\/orthodoxalbania.org\/2020\/","name":"Kisha Orthodh\u03bfkse Autoqefale e Shqip\u00ebris\u00eb","description":"Fqja Zyrtare e Kish\u00ebs Orthodhokse Autoqefale e Shqip\u00ebris\u00eb me lajmet edhe informacionet zyrtare p\u00ebr struktur\u00ebn edhe veprimtarin e saj.","publisher":{"@id":"https:\/\/orthodoxalbania.org\/2020\/#organization"},"potentialAction":[{"@type":"SearchAction","target":{"@type":"EntryPoint","urlTemplate":"https:\/\/orthodoxalbania.org\/2020\/?s={search_term_string}"},"query-input":{"@type":"PropertyValueSpecification","valueRequired":true,"valueName":"search_term_string"}}],"inLanguage":"en-US"},{"@type":"Organization","@id":"https:\/\/orthodoxalbania.org\/2020\/#organization","name":"Kisha Orthodhokse Autoqefale e Shqip\u00ebris\u00eb","url":"https:\/\/orthodoxalbania.org\/2020\/","logo":{"@type":"ImageObject","inLanguage":"en-US","@id":"https:\/\/orthodoxalbania.org\/2020\/#\/schema\/logo\/image\/","url":"https:\/\/orthodoxalbania.org\/2020\/wp-content\/uploads\/2020\/05\/albania.jpeg","contentUrl":"https:\/\/orthodoxalbania.org\/2020\/wp-content\/uploads\/2020\/05\/albania.jpeg","width":540,"height":540,"caption":"Kisha Orthodhokse Autoqefale e Shqip\u00ebris\u00eb"},"image":{"@id":"https:\/\/orthodoxalbania.org\/2020\/#\/schema\/logo\/image\/"},"sameAs":["https:\/\/www.facebook.com\/koash1991"]},{"@type":"Person","@id":"https:\/\/orthodoxalbania.org\/2020\/#\/schema\/person\/0c387634a7063ac612d7ed9ce71c7e86","name":"Kisha Orthodhokse","image":{"@type":"ImageObject","inLanguage":"en-US","@id":"https:\/\/secure.gravatar.com\/avatar\/596e7c417251e30f2fbb9c00e026fce61a695a00e51c889caded71c96cbbdde5?s=96&d=mm&r=g","url":"https:\/\/secure.gravatar.com\/avatar\/596e7c417251e30f2fbb9c00e026fce61a695a00e51c889caded71c96cbbdde5?s=96&d=mm&r=g","contentUrl":"https:\/\/secure.gravatar.com\/avatar\/596e7c417251e30f2fbb9c00e026fce61a695a00e51c889caded71c96cbbdde5?s=96&d=mm&r=g","caption":"Kisha Orthodhokse"}}]}},"_links":{"self":[{"href":"https:\/\/orthodoxalbania.org\/2020\/wp-json\/wp\/v2\/posts\/935","targetHints":{"allow":["GET"]}}],"collection":[{"href":"https:\/\/orthodoxalbania.org\/2020\/wp-json\/wp\/v2\/posts"}],"about":[{"href":"https:\/\/orthodoxalbania.org\/2020\/wp-json\/wp\/v2\/types\/post"}],"author":[{"embeddable":true,"href":"https:\/\/orthodoxalbania.org\/2020\/wp-json\/wp\/v2\/users\/1"}],"replies":[{"embeddable":true,"href":"https:\/\/orthodoxalbania.org\/2020\/wp-json\/wp\/v2\/comments?post=935"}],"version-history":[{"count":1,"href":"https:\/\/orthodoxalbania.org\/2020\/wp-json\/wp\/v2\/posts\/935\/revisions"}],"predecessor-version":[{"id":15642,"href":"https:\/\/orthodoxalbania.org\/2020\/wp-json\/wp\/v2\/posts\/935\/revisions\/15642"}],"wp:attachment":[{"href":"https:\/\/orthodoxalbania.org\/2020\/wp-json\/wp\/v2\/media?parent=935"}],"wp:term":[{"taxonomy":"category","embeddable":true,"href":"https:\/\/orthodoxalbania.org\/2020\/wp-json\/wp\/v2\/categories?post=935"},{"taxonomy":"post_tag","embeddable":true,"href":"https:\/\/orthodoxalbania.org\/2020\/wp-json\/wp\/v2\/tags?post=935"}],"curies":[{"name":"wp","href":"https:\/\/api.w.org\/{rel}","templated":true}]}}