{"id":933,"date":"2014-03-13T13:05:24","date_gmt":"2014-03-13T13:05:24","guid":{"rendered":""},"modified":"2020-04-06T22:05:20","modified_gmt":"2020-04-06T20:05:20","slug":"mbledhja-e-krereve-te-kishave-orthodhokseve-fanar-mars-6-9-2014","status":"publish","type":"post","link":"https:\/\/orthodoxalbania.org\/2020\/2014\/03\/13\/mbledhja-e-krereve-te-kishave-orthodhokseve-fanar-mars-6-9-2014\/","title":{"rendered":"Mesazhi i Krer\u00ebve t\u00eb Kishave Orthodhokse t\u00eb bot\u00ebs (Fanar, mars 6-9 2014)"},"content":{"rendered":"<div style=\"text-align: center;\">\n\t <br \/> \n<\/div>\n<div>\n<div style=\"text-align: center;\">\n\t\t<iframe allowfullscreen=\"\" frameborder=\"0\" height=\"315\" src=\"https:\/\/www.youtube.com\/embed\/Jmj-Jz6VUOU\" width=\"420\"><\/iframe><\/div>\n<div style=\"text-align: center;\">\n\t\t&nbsp;<\/div>\n<div style=\"text-align: center;\">\n\t\t<img decoding=\"async\" alt=\"\" class=\"lazyload HAa Eha\" height=\"501\" src=\"data:image\/svg+xml,%3Csvg%20xmlns%3D%27http%3A%2F%2Fwww.w3.org%2F2000%2Fsvg%27%20width%3D%27749%27%20height%3D%27501%27%20viewBox%3D%270%200%20749%20501%27%3E%3Crect%20width%3D%27749%27%20height%3D%27501%27%20fill-opacity%3D%220%22%2F%3E%3C%2Fsvg%3E\" data-orig-src=\"https:\/\/lh4.googleusercontent.com\/-yeQku0RtX7M\/VQ02U0Bs76I\/AAAAAAAAMeA\/EyukU92WIus\/w958-h639-no\/article_17135.jpg\" style=\"display: block; margin-left: auto; margin-right: auto; border: 1px solid #000000;\" width=\"749\" \/><\/div>\n<div style=\"text-align: center;\">\n\t\t&nbsp;<\/div>\n<\/div>\n<div>\n\t&nbsp;<\/div>\n<div style=\"text-align: center;\">\n\t&nbsp;<\/div>\n<p style=\"text-align: justify;\">\n\t<span style=\"color: #000000; font-size: 12pt; font-family: helvetica;\">&nbsp;&nbsp;&nbsp; N\u00eb em\u00ebr t\u00eb Atit, Birit dhe t\u00eb Shpirtit t\u00eb Shenjt\u00eb.<\/span><\/p>\n<p style=\"text-align: justify;\">\n\t<span style=\"color: #000000; font-size: 12pt; font-family: helvetica;\">&nbsp;&nbsp;&nbsp; Me an\u00eb t\u00eb hirit t\u00eb Per\u00ebndis\u00eb, krer\u00ebt e Kishave fort t\u00eb Shenjta Orthodhokse Autoqefale, p\u00ebr besimtar\u00ebt orthodhoks\u00eb anemban\u00eb dheut, p\u00ebr t\u00eb gjith\u00eb v\u00ebllez\u00ebrit tan\u00eb t\u00eb krishter\u00eb, si dhe p\u00ebr \u00e7do njeri t\u00eb vullnetit t\u00eb mir\u00eb, bekim nga Per\u00ebndia dhe p\u00ebrsh\u00ebndetje dashurie e paqeje prej nesh.<\/span><\/p>\n<p style=\"text-align: justify;\">\n\t<span style=\"color: #000000; font-size: 12pt; font-family: helvetica;\">&nbsp;&nbsp;&nbsp; \u201cFal\u00ebnderojm\u00eb Per\u00ebndin\u00eb p\u00ebrher\u00eb p\u00ebr t\u00eb gjith\u00eb ju, dhe ju kujtojm\u00eb n\u00eb faljet tona, duke kujtuar pa pushim pun\u00ebn e besimit tuaj dhe mundimin e dashuris\u00eb, dhe durimin e shpres\u00ebs n\u00eb Zotin ton\u00eb Jisu Krisht, p\u00ebrpara Per\u00ebndis\u00eb edhe Atit ton\u00eb\u201d (1 Thes. 1:2-4).<\/span><\/p>\n<p style=\"text-align: justify;\">\n\t<span style=\"color: #000000; font-size: 12pt; font-family: helvetica;\">&nbsp;&nbsp; 1. T\u00eb mbledhur me an\u00eb t\u00eb hirit t\u00eb Per\u00ebndis\u00eb s\u00eb T\u00ebr\u00ebmir\u00eb, me ftes\u00ebn e Kryepiskopit t\u00eb Konstandinopoj\u00ebs dhe Patriarkut Ekumenik, Vartholomeut n\u00eb Fanar, n\u00eb datat 6 deri m\u00eb 9 mars, diskutuam s\u00eb bashku me dashuri v\u00ebllaz\u00ebrore p\u00ebr \u00e7\u00ebshtje q\u00eb sot kan\u00eb lidhje me Kish\u00ebn ton\u00eb t\u00eb Shenjt\u00eb. Dhe duke bashk\u00ebmeshuar n\u00eb Zotin n\u00eb Kish\u00ebn e t\u00ebr\u00ebhijshme patriarkale t\u00eb Sh\u00ebn Gjergjit me rastin e s\u00eb Diel\u00ebs s\u00eb lavdishme t\u00eb Orthodhoksis\u00eb, po ju drejtojm\u00eb k\u00ebto fjal\u00eb dashurie, paqeje dhe ngush\u00ebllimi.<\/span><\/p>\n<p style=\"text-align: justify;\">\n\t<span style=\"color: #000000; font-size: 12pt; font-family: helvetica;\">&nbsp;&nbsp;&nbsp; Kisha jon\u00eb Orthodhokse Nj\u00eb, e Shenjt\u00eb, Katholike dhe Apostolike, q\u00eb ndodhet n\u00eb bot\u00eb, p\u00ebrjeton sfidat e \u00e7do epoke. Kisha e Krishtit, besnike ndaj Tradit\u00ebs s\u00eb Shenjt\u00eb, \u00ebsht\u00eb n\u00eb dialog t\u00eb vazhduesh\u00ebm me \u00e7do epok\u00eb, bashk\u00ebvuan me njer\u00ebzit dhe bashk\u00ebndan shqet\u00ebsimet e tyre. Sepse Zoti yn\u00eb \u201cJisu Krisht, \u00ebsht\u00eb i nj\u00ebjti, dje dhe sot e n\u00eb jet\u00eb t\u00eb jet\u00ebve\u201d (Hebr. 13:8-9).<\/span><\/p>\n<p style=\"text-align: justify;\">\n\t<span style=\"color: #000000; font-size: 12pt; font-family: helvetica;\">&nbsp;&nbsp; Tundimet dhe sfidat e historis\u00eb jan\u00eb t\u00eb forta ve\u00e7an\u00ebrisht n\u00eb dit\u00ebt tona dhe t\u00eb krishter\u00ebt orthodhoks\u00eb nuk mund t\u00eb q\u00ebndrojn\u00eb t\u00eb paangazhuar dhe indiferent\u00eb ndaj tyre. P\u00ebr k\u00ebt\u00eb arsye jemi mbledhur \u201cs\u00eb bashku n\u00eb nj\u00eb vend\u201d (Vep. 2:1), p\u00ebr t\u00eb reflektuar mbi problemet dhe tundimet me t\u00eb cilat p\u00ebrballet qytet\u00ebrimi sot, i cili ka \u201cjasht\u00eb luftime, p\u00ebrbrenda frik\u00eb\u201d (2 Kor. 7:5). K\u00ebto fjal\u00eb apostolike jan\u00eb t\u00eb vlefshme edhe p\u00ebr Kish\u00ebn sot.<\/span><\/p>\n<p style=\"text-align: justify;\">\n\t<span style=\"color: #000000; font-size: 12pt; font-family: helvetica;\">&nbsp;&nbsp; 2. Duke reflektuar ndaj vuajtjeve t\u00eb njer\u00ebzve sot anek\u00ebnd bot\u00ebs, shprehim mb\u00ebshtetjen p\u00ebr martirizimin dhe admirimin ton\u00eb p\u00ebr d\u00ebshmin\u00eb e t\u00eb krishter\u00ebve n\u00eb Lindjen e Mesme, Afrik\u00eb dhe n\u00eb pjes\u00eb t\u00eb tjera t\u00eb bot\u00ebs.<\/span><\/p>\n<p style=\"text-align: justify;\">\n\t<span style=\"color: #000000; font-size: 12pt; font-family: helvetica;\">&nbsp;&nbsp; Sjellim n\u00eb mendje martirizimin e dyfisht\u00eb: p\u00ebr besimin e tyre dhe p\u00ebr ruajtjen e marr\u00ebdh\u00ebnieve historike me njer\u00ebz t\u00eb bindjeve t\u00eb tjera fetare. Ne denoncojm\u00eb munges\u00ebn e paqes dhe t\u00eb stabilitetit, q\u00eb po i nxit t\u00eb krishter\u00ebt t\u00eb braktisin vendin ku Zoti yn\u00eb Jisu Krisht u lind dhe nga ku Lajmi i Mir\u00eb u p\u00ebrhap n\u00eb mbar\u00eb bot\u00ebn.<\/span><\/p>\n<p style=\"text-align: justify;\">\n\t<span style=\"color: #000000; font-size: 12pt; font-family: helvetica;\">&nbsp;&nbsp; Bashk\u00ebvuajm\u00eb me viktimat e tragjedis\u00eb n\u00eb Siri. Ne d\u00ebnojm\u00eb \u00e7do form\u00eb terrorizmi dhe fyerje t\u00eb fes\u00eb. Rr\u00ebmbimi i mitropolit\u00ebve Pav\u00ebl dhe Juhana, t\u00eb klerik\u00ebve t\u00eb tjer\u00eb, si dhe t\u00eb murgeshave t\u00eb manastirit t\u00eb Sh\u00ebn Thekl\u00ebs n\u00eb Maalula mbetet nj\u00eb plag\u00eb e hapur dhe k\u00ebrkojm\u00eb lirimin e tyre t\u00eb menj\u00ebhersh\u00ebm.<\/span><\/p>\n<p style=\"text-align: justify;\">\n\t<span style=\"color: #000000; font-size: 12pt; font-family: helvetica;\">&nbsp;&nbsp;&nbsp; U b\u00ebjm\u00eb apel t\u00eb gjitha pal\u00ebve t\u00eb angazhuara p\u00ebr ndalimin e veprimeve ushtarake, p\u00ebr lirimin e rob\u00ebrve dhe p\u00ebr vendosjen e paqes n\u00eb rajon n\u00ebp\u00ebrmjet dialogut. T\u00eb krishter\u00ebt n\u00eb Lindjen e Mesme jan\u00eb maj\u00e1 paqeje. Paqe p\u00ebr t\u00eb gjith\u00eb popujt do t\u00eb thot\u00eb paqe p\u00ebr t\u00eb krishter\u00ebt. Ne mb\u00ebshtesim Patriarkan\u00ebn e Antiokis\u00eb n\u00eb sh\u00ebrbes\u00ebn e saj shpirt\u00ebrore dhe humanitare, si dhe p\u00ebrpjekjet e saj p\u00ebr stabilizimin e rajonit dhe rikthimin e t\u00eb gjith\u00eb refugjat\u00ebve.<\/span><\/p>\n<p style=\"text-align: justify;\">\n\t<span style=\"color: #000000; font-size: 12pt; font-family: helvetica;\">&nbsp;&nbsp; 3. Ne lusim nxeht\u00ebsisht p\u00ebr negociata paq\u00ebsore dhe p\u00ebr pajtimin q\u00eb vjen si rezultat i lutjes n\u00eb kriz\u00ebn q\u00eb po ndodh n\u00eb Ukrain\u00eb. Denoncojm\u00eb k\u00ebrc\u00ebnimet e okupimit t\u00eb dhunsh\u00ebm t\u00eb manastireve dhe t\u00eb kishave t\u00eb shenjta, dhe lutemi p\u00ebr kthimin e v\u00ebllez\u00ebrve tan\u00eb q\u00eb tashm\u00eb ndodhen jasht\u00eb kungimit kishtar me Kish\u00ebn e Shenjt\u00eb.<\/span><\/p>\n<p style=\"text-align: justify;\">\n\t<span style=\"color: #000000; font-size: 12pt; font-family: helvetica;\">&nbsp;&nbsp;&nbsp; 4. Nj\u00eb k\u00ebrc\u00ebnim fondamental p\u00ebr drejt\u00ebsin\u00eb dhe paqen -si nga ana lokale ashtu dhe globalisht- \u00ebsht\u00eb kriza ekonomike. Deg\u00ebzimet e saj jan\u00eb t\u00eb dukshme n\u00eb t\u00eb gjitha shtresat e shoq\u00ebris\u00eb, ku k\u00ebrkohen vlera t\u00eb tilla si integriteti personal, solidariteti v\u00ebllaz\u00ebror dhe drejt\u00ebsia. Origjinat e k\u00ebsaj krize nuk jan\u00eb thjesht financiare. Ato jan\u00eb morale dhe shpirt\u00ebrore n\u00eb karakterin e tyre. N\u00eb vend t\u00eb konformimit me idhujt e bot\u00ebs, q\u00eb jan\u00eb pushteti, lakmia dhe hedonizmi, ne theksojm\u00eb thirrjen ton\u00eb p\u00ebr t\u00eb transformuar bot\u00ebn duke p\u00ebrqafuar principet e drejt\u00ebsis\u00eb, paqes dhe dashuris\u00eb.<\/span><\/p>\n<p style=\"text-align: justify;\">\n\t<span style=\"color: #000000; font-size: 12pt; font-family: helvetica;\">&nbsp;&nbsp;&nbsp; P\u00ebr shkak t\u00eb egoizmit dhe abuzimit me pushtetin, shum\u00eb njer\u00ebz minojn\u00eb shenjt\u00ebrin\u00eb e personit njer\u00ebzor, duke neglizhuar t\u00eb shohin fytyr\u00ebn e Per\u00ebndis\u00eb tek m\u00eb t\u00eb par\u00ebnd\u00ebsishmit e v\u00ebllez\u00ebrve dhe motrave tona (shih Matth. 25:40-45). Shum\u00eb mbeten indiferent\u00eb ndaj varf\u00ebris\u00eb, vuajtjes dhe dhun\u00ebs, t\u00eb cilat jan\u00eb b\u00ebr\u00eb plag\u00eb e qytet\u00ebrimit.<\/span><\/p>\n<p style=\"text-align: justify;\">\n\t<span style=\"color: #000000; font-size: 12pt; font-family: helvetica;\">&nbsp;&nbsp;&nbsp; 5. Kisha \u00ebsht\u00eb thirrur t\u00eb artikuloj\u00eb fjal\u00ebn e saj profetike. Ne shprehim shqet\u00ebsimin ton\u00eb t\u00eb v\u00ebrtet\u00eb rreth prirjeve lokale dhe globale q\u00eb minojn\u00eb dhe g\u00ebrryejn\u00eb principet e besimit, dinjitetin e personit njer\u00ebzor, institucionin e martes\u00ebs dhe dhurat\u00ebn e krijimit.<\/span><\/p>\n<p style=\"text-align: justify;\">\n\t<span style=\"color: #000000; font-size: 12pt; font-family: helvetica;\">&nbsp;&nbsp;&nbsp; Ne theksojm\u00eb shenjt\u00ebrin\u00eb e padiskutueshme t\u00eb jet\u00ebs njer\u00ebzore nga z\u00ebnia deri n\u00eb vdekjen natyrale. Ne njohim martes\u00ebn si bashkim t\u00eb burrit me gruan, q\u00eb reflekton bashkimin midis Krishtit dhe Kish\u00ebs s\u00eb Tij. Misioni yn\u00eb \u00ebsht\u00eb ruajtja e ambientit natyral si kujdestar\u00eb dhe jo si pronar\u00eb t\u00eb krijes\u00ebs. N\u00eb k\u00ebt\u00eb periudh\u00eb t\u00eb Kreshm\u00ebs s\u00eb Madhe, ne nxisim klerin dhe popullin ton\u00eb t\u00eb tregojn\u00eb frym\u00eb pendese, t\u00eb jetojn\u00eb past\u00ebrtin\u00eb e zemr\u00ebs, p\u00ebrul\u00ebsin\u00eb dhe faljen, duke dh\u00ebn\u00eb d\u00ebshmin\u00eb e m\u00ebsimeve p\u00ebrher\u00eb aktuale t\u00eb Zotit ton\u00eb Jisu Krishtit n\u00eb shoq\u00ebri.<\/span><\/p>\n<p style=\"text-align: justify;\">\n\t<span style=\"color: #000000; font-size: 12pt; font-family: helvetica;\">&nbsp;&nbsp;&nbsp; 6. Kjo mbledhje e krer\u00ebve \u00ebsht\u00eb nj\u00eb rast i bekuar p\u00ebr ne q\u00eb t\u00eb forcojm\u00eb unitetin ton\u00eb n\u00ebp\u00ebrmjet kungimit dhe bashk\u00ebpunimit. Ne i q\u00ebndrojm\u00eb p\u00ebrkushtimit ton\u00eb p\u00ebr r\u00ebnd\u00ebsin\u00eb e jasht\u00ebzakonshme t\u00eb sinodialitetit n\u00eb lidhje me unitetin e Kish\u00ebs. Ne ripohojm\u00eb fjal\u00ebt e Sh\u00ebn Joan Gojartit, Kryepiskopit t\u00eb Konstandinopoj\u00ebs, se \u201cemri i Kish\u00ebs nuk do t\u00eb thot\u00eb ndarje, por unitet dhe marr\u00ebveshje\u201d. Zemra jon\u00eb \u00ebsht\u00eb kthyer nga Sinodi i shum\u00ebpritur i Shenjt\u00eb dhe i Madh i Kish\u00ebs Orthodhokse, p\u00ebr t\u00eb d\u00ebshmuar unitetin e saj, si dhe p\u00ebrgjegj\u00ebsin\u00eb e p\u00ebrkujdesjen q\u00eb Kisha ka p\u00ebr bot\u00ebn bashk\u00ebkohore.<\/span><\/p>\n<p style=\"text-align: justify;\">\n\t<span style=\"color: #000000; font-size: 12pt; font-family: helvetica;\">&nbsp;&nbsp;&nbsp; Kjo Mbledhje vendosi q\u00eb puna p\u00ebrgatitore p\u00ebr Sinodin duhet t\u00eb intensifikohet. Nj\u00eb Komitet i ve\u00e7ant\u00eb nd\u00ebrorthodhoks do t\u00eb punoj\u00eb nga shtatori 2014 &nbsp;deri n\u00eb Pashk\u00ebn e Shenjt\u00eb 2015, i ndjekur nga nj\u00eb Konferenc\u00eb Parasinodike Panorthodhokse q\u00eb do t\u00eb mbahet n\u00eb gjysm\u00ebn e par\u00eb t\u00eb vitit 2015. T\u00eb gjitha vendimet, si gjat\u00eb Sinodit ashtu edhe p\u00ebrgjat\u00eb etapave parap\u00ebrgatitore t\u00eb tij, do t\u00eb merren me konsensus. Sinodi i Shenjt\u00eb dhe i Madh i Kish\u00ebs Orthodhokse do t\u00eb mblidhet nga Patriarku Ekumenik n\u00eb Konstandinopoj\u00eb n\u00eb vitin 2016, me p\u00ebrjashtim t\u00eb rasteve, n\u00ebse ndodh di\u00e7ka e papritur. Sinodi do t\u00eb kryesohet nga Patriarku Ekumenik. Bashk\u00ebv\u00ebllez\u00ebrit, krer\u00ebt e Kishave t\u00eb tjera Orthodhokse Autoqefale do t\u00eb ulen n\u00eb t\u00eb djatht\u00ebn dhe n\u00eb t\u00eb majt\u00ebn e tij.<\/span><\/p>\n<p style=\"text-align: justify;\">\n\t<span style=\"color: #000000; font-size: 12pt; font-family: helvetica;\">&nbsp;&nbsp; 7. Hierapostullimi \u00ebsht\u00eb i nd\u00ebrlidhur pandashm\u00ebrisht me unitetin. Kisha nuk jeton p\u00ebr vete, por \u00ebsht\u00eb e detyruar t\u00eb d\u00ebshmoj\u00eb dhe t\u00eb ndaj\u00eb dhuratat e Per\u00ebndis\u00eb me t\u00eb gjith\u00eb, me ata q\u00eb jan\u00eb af\u00ebr dhe larg. Duke marr\u00eb pjes\u00eb n\u00eb Fal\u00ebnderimin Hyjnor dhe duke u lutur p\u00ebr ekumenin, p\u00ebr bot\u00ebn, jemi ftuar t\u00eb vazhdojm\u00eb k\u00ebt\u00eb liturgji pas Liturgjis\u00eb Hyjnore, duke ndar\u00eb dhuratat e s\u00eb v\u00ebrtet\u00ebs dhe t\u00eb dashuris\u00eb me t\u00eb gjith\u00eb njer\u00ebzimin, n\u00eb p\u00ebrputhje me porosin\u00eb e fundit t\u00eb Zotit dhe sigurin\u00eb q\u00eb Ai na dha: \u201cShkoni pra, m\u00ebsoni t\u00eb gjitha kombet&#8230; Dhe ja, un\u00eb do t\u00eb jem me ju deri n\u00eb fund t\u00eb jet\u00ebs\u201d (Matth. 28:19-20).<\/span><\/p>\n<p style=\"text-align: justify;\">\n\t<span style=\"color: #000000; font-size: 12pt; font-family: helvetica;\">&nbsp;&nbsp; 8. Jetojm\u00eb n\u00eb nj\u00eb bot\u00eb ku multikulturalizmi dhe pluralizmi jan\u00eb realitete t\u00eb paevitueshme, t\u00eb cilat jan\u00eb n\u00eb ndryshim t\u00eb vazhduesh\u00ebm. Ne jemi t\u00eb nd\u00ebrgjegjsh\u00ebm p\u00ebr faktin se asnj\u00eb \u00e7\u00ebshtje n\u00eb koh\u00ebn ton\u00eb nuk mund t\u00eb merret n\u00eb shqyrtim apo t\u00eb zgjidhet pa iu referuar aktualitetit global, se \u00e7do lloj polarizimi midis lokales dhe ekumenikes, t\u00eb mbar\u00ebbotshmes, \u00e7on vet\u00ebm n\u00eb shtremb\u00ebrim t\u00eb m\u00ebnyr\u00ebs orthodhokse t\u00eb t\u00eb menduarit.<\/span><\/p>\n<p style=\"text-align: justify;\">\n\t<span style=\"color: #000000; font-size: 12pt; font-family: helvetica;\">&nbsp;&nbsp;&nbsp; Prandaj, edhe p\u00ebrball\u00eb z\u00ebrave t\u00eb mosmarr\u00ebveshjeve, t\u00eb ve\u00e7imeve dhe t\u00eb ndarjeve, ne jemi t\u00eb vendosur t\u00eb shpallim mesazhin e Orthodhoksis\u00eb. Ne pranojm\u00eb faktin se dialogu \u00ebsht\u00eb gjithmon\u00eb m\u00eb i mir\u00eb sesa konflikti. T\u00ebrheqja dhe izolacionizmi nuk jan\u00eb kurr\u00eb opsione. Ne riafirmojm\u00eb detyrimin ton\u00eb n\u00eb t\u00eb gjitha rastet p\u00ebr t\u00eb qen\u00eb t\u00eb hapur n\u00eb kontaktin ton\u00eb me \u201ctjetrin\u201d: me njer\u00ebz t\u00eb tjer\u00eb dhe kultura t\u00eb tjera, si edhe me t\u00eb krishter\u00eb t\u00eb tjer\u00eb dhe njer\u00ebz t\u00eb feve t\u00eb tjera.<\/span><\/p>\n<p style=\"text-align: justify;\">\n\t<span style=\"color: #000000; font-size: 12pt; font-family: helvetica;\">&nbsp;&nbsp;&nbsp; 9. P\u00ebrmbi, dhe p\u00ebrtej t\u00eb gjitha sfidave, ne shpallim Ungjillin e Per\u00ebndis\u00eb, i Cili \u201ckaq shum\u00eb e deshi bot\u00ebn\u201d saq\u00eb \u201cbanoi nd\u00ebr ne\u201d. K\u00ebshtu, ne orthodhoks\u00ebt i q\u00ebndrojm\u00eb besnik\u00eb k\u00ebsaj shprese. Pavar\u00ebsisht v\u00ebshtir\u00ebsive, megjithat\u00eb guxojm\u00eb t\u00eb shpresojm\u00eb n\u00eb \u201cPer\u00ebndin\u00eb e gjith\u00ebfuqish\u00ebm, q\u00eb \u00ebsht\u00eb, q\u00eb ishte dhe q\u00eb do t\u00eb vij\u00eb\u201d (Zbul. 1:8). Sepse ne e kemi ngulitur n\u00eb mendje se, fjala e fundit -fjala e g\u00ebzimit, dashuris\u00eb dhe e jet\u00ebs- i takon Atij, t\u00eb Cilit i p\u00ebrket t\u00ebr\u00eb lavdia, nderi dhe adhurimi n\u00eb jet\u00eb t\u00eb jet\u00ebve. Amin.&nbsp; <\/span><\/p>\n<p style=\"text-align: justify;\">\n\t<span style=\"color: #000000; font-size: 12pt; font-family: helvetica;\">Fanar, 9 mars 2014<\/span><\/p>\n<p style=\"text-align: justify;\">\n\t<span style=\"color: #000000; font-size: 12pt; font-family: helvetica;\">+ Vartholomeu i Konstandinopoj\u00ebs<\/span><\/p>\n<p style=\"text-align: justify;\">\n\t<span style=\"color: #000000; font-size: 12pt; font-family: helvetica;\">+ Theodhori i Aleksandris\u00eb<\/span><\/p>\n<p style=\"text-align: justify;\">\n\t<span style=\"color: #000000; font-size: 12pt; font-family: helvetica;\">+ Theofili i Jerusalemit<\/span><\/p>\n<p style=\"text-align: justify;\">\n\t<span style=\"color: #000000; font-size: 12pt; font-family: helvetica;\">+ Kirilli i Mosk\u00ebs<\/span><\/p>\n<p style=\"text-align: justify;\">\n\t<span style=\"color: #000000; font-size: 12pt; font-family: helvetica;\">+ Irineu i Serbis\u00eb<\/span><\/p>\n<p style=\"text-align: justify;\">\n\t<span style=\"color: #000000; font-size: 12pt; font-family: helvetica;\">+ Danieli i Rumanis\u00eb<\/span><\/p>\n<p style=\"text-align: justify;\">\n\t<span style=\"color: #000000; font-size: 12pt; font-family: helvetica;\">+ Neofiti i Bullgaris\u00eb<\/span><\/p>\n<p style=\"text-align: justify;\">\n\t<span style=\"color: #000000; font-size: 12pt; font-family: helvetica;\">+ Ilia i Gjeorgjis\u00eb<\/span><\/p>\n<p style=\"text-align: justify;\">\n\t<span style=\"color: #000000; font-size: 12pt; font-family: helvetica;\">+ Krisostomi i Qipros<\/span><\/p>\n<p style=\"text-align: justify;\">\n\t<span style=\"color: #000000; font-size: 12pt; font-family: helvetica;\">+ Jeronimi i Athin\u00ebs<\/span><\/p>\n<p style=\"text-align: justify;\">\n\t<span style=\"color: #000000; font-size: 12pt; font-family: helvetica;\">+ Sava i Varshav\u00ebs<\/span><\/p>\n<p style=\"text-align: justify;\">\n\t<span style=\"color: #000000; font-size: 12pt; font-family: helvetica;\">+ Anastasi i Tiran\u00ebs<\/span><\/p>\n<p style=\"text-align: justify;\">\n\t&nbsp;<\/p>\n<div style=\"text-align: justify;\">\n\t&nbsp;<\/div>\n<div style=\"text-align: center;\">\n\t&nbsp;<\/div>\n<div style=\"text-align: justify;\">\n\t&nbsp;<\/div>\n<div style=\"text-align: justify;\">\n\t&nbsp;<\/div>\n<div style=\"text-align: justify;\">\n\t&nbsp;<\/div>\n<div style=\"text-align: justify;\">\n\t&nbsp;<\/div>\n","protected":false},"excerpt":{"rendered":"<p>&nbsp; &nbsp; &nbsp; &nbsp; &nbsp;&nbsp;&nbsp; N\u00eb em\u00ebr t\u00eb Atit, Birit dhe t\u00eb Shpirtit t\u00eb Shenjt\u00eb. &nbsp;&nbsp;&nbsp; Me an\u00eb t\u00eb hirit t\u00eb Per\u00ebndis\u00eb, krer\u00ebt e Kishave fort t\u00eb Shenjta Orthodhokse Autoqefale, p\u00ebr besimtar\u00ebt orthodhoks\u00eb anemban\u00eb dheut, p\u00ebr t\u00eb gjith\u00eb v\u00ebllez\u00ebrit tan\u00eb t\u00eb krishter\u00eb, si dhe p\u00ebr \u00e7do njeri t\u00eb vullnetit t\u00eb mir\u00eb, bekim nga Per\u00ebndia dhe p\u00ebrsh\u00ebndetje dashurie e paqeje prej nesh. &nbsp;&nbsp;&nbsp; \u201cFal\u00ebnderojm\u00eb Per\u00ebndin\u00eb p\u00ebrher\u00eb<\/p>\n","protected":false},"author":14,"featured_media":934,"comment_status":"open","ping_status":"open","sticky":false,"template":"","format":"standard","meta":{"_acf_changed":false,"pagelayer_contact_templates":[],"_pagelayer_content":"","inline_featured_image":false,"fifu_image_url":"","fifu_image_alt":"","footnotes":""},"categories":[108],"tags":[140,153,196,212,183],"class_list":["post-933","post","type-post","status-publish","format-standard","has-post-thumbnail","hentry","category-lajme","tag-140","tag-deklarata-njoftime-zyrtare-d75","tag-tirane","tag-lajme-d27","tag-primatet-e-kishave-orthodhokse"],"acf":[],"yoast_head":"<!-- This site is optimized with the Yoast SEO plugin v27.2 - https:\/\/yoast.com\/product\/yoast-seo-wordpress\/ -->\n<title>Mesazhi i Krer\u00ebve t\u00eb Kishave Orthodhokse t\u00eb bot\u00ebs (Fanar, mars 6-9 2014) - Kisha Orthodh\u03bfkse Autoqefale e Shqip\u00ebris\u00eb<\/title>\n<meta name=\"robots\" content=\"index, follow, max-snippet:-1, max-image-preview:large, max-video-preview:-1\" \/>\n<link rel=\"canonical\" href=\"https:\/\/orthodoxalbania.org\/2020\/2014\/03\/13\/mbledhja-e-krereve-te-kishave-orthodhokseve-fanar-mars-6-9-2014\/\" \/>\n<meta property=\"og:locale\" content=\"en_US\" \/>\n<meta property=\"og:type\" content=\"article\" \/>\n<meta property=\"og:title\" content=\"Mesazhi i Krer\u00ebve t\u00eb Kishave Orthodhokse t\u00eb bot\u00ebs (Fanar, mars 6-9 2014) - Kisha Orthodh\u03bfkse Autoqefale e Shqip\u00ebris\u00eb\" \/>\n<meta property=\"og:description\" content=\"&nbsp; &nbsp; &nbsp; &nbsp; &nbsp;&nbsp;&nbsp; N\u00eb em\u00ebr t\u00eb Atit, Birit dhe t\u00eb Shpirtit t\u00eb Shenjt\u00eb. &nbsp;&nbsp;&nbsp; Me an\u00eb t\u00eb hirit t\u00eb Per\u00ebndis\u00eb, krer\u00ebt e Kishave fort t\u00eb Shenjta Orthodhokse Autoqefale, p\u00ebr besimtar\u00ebt orthodhoks\u00eb anemban\u00eb dheut, p\u00ebr t\u00eb gjith\u00eb v\u00ebllez\u00ebrit tan\u00eb t\u00eb krishter\u00eb, si dhe p\u00ebr \u00e7do njeri t\u00eb vullnetit t\u00eb mir\u00eb, bekim nga Per\u00ebndia dhe p\u00ebrsh\u00ebndetje dashurie e paqeje prej nesh. &nbsp;&nbsp;&nbsp; \u201cFal\u00ebnderojm\u00eb Per\u00ebndin\u00eb p\u00ebrher\u00eb\" \/>\n<meta property=\"og:url\" content=\"https:\/\/orthodoxalbania.org\/2020\/2014\/03\/13\/mbledhja-e-krereve-te-kishave-orthodhokseve-fanar-mars-6-9-2014\/\" \/>\n<meta property=\"og:site_name\" content=\"Kisha Orthodh\u03bfkse Autoqefale e Shqip\u00ebris\u00eb\" \/>\n<meta property=\"article:publisher\" content=\"https:\/\/www.facebook.com\/koash1991\" \/>\n<meta property=\"article:published_time\" content=\"2014-03-13T13:05:24+00:00\" \/>\n<meta property=\"article:modified_time\" content=\"2020-04-06T20:05:20+00:00\" \/>\n<meta property=\"og:image\" content=\"https:\/\/orthodoxalbania.org\/2020\/wp-content\/uploads\/2020\/04\/EBQQoAQ99LHIvh_KHVxVE2aiMwDrMiczVYt2I9IFZ64-w958-h639-no.jpg\" \/>\n\t<meta property=\"og:image:width\" content=\"150\" \/>\n\t<meta property=\"og:image:height\" content=\"150\" \/>\n\t<meta property=\"og:image:type\" content=\"image\/jpeg\" \/>\n<meta name=\"author\" content=\"neo_admin\" \/>\n<meta name=\"twitter:card\" content=\"summary_large_image\" \/>\n<meta name=\"twitter:label1\" content=\"Written by\" \/>\n\t<meta name=\"twitter:data1\" content=\"neo_admin\" \/>\n\t<meta name=\"twitter:label2\" content=\"Est. reading time\" \/>\n\t<meta name=\"twitter:data2\" content=\"9 minutes\" \/>\n<script type=\"application\/ld+json\" class=\"yoast-schema-graph\">{\"@context\":\"https:\/\/schema.org\",\"@graph\":[{\"@type\":\"Article\",\"@id\":\"https:\/\/orthodoxalbania.org\/2020\/2014\/03\/13\/mbledhja-e-krereve-te-kishave-orthodhokseve-fanar-mars-6-9-2014\/#article\",\"isPartOf\":{\"@id\":\"https:\/\/orthodoxalbania.org\/2020\/2014\/03\/13\/mbledhja-e-krereve-te-kishave-orthodhokseve-fanar-mars-6-9-2014\/\"},\"author\":{\"name\":\"neo_admin\",\"@id\":\"https:\/\/orthodoxalbania.org\/2020\/#\/schema\/person\/dd2bdc135b53c60d45b8bb329565cf6d\"},\"headline\":\"Mesazhi i Krer\u00ebve t\u00eb Kishave Orthodhokse t\u00eb bot\u00ebs (Fanar, mars 6-9 2014)\",\"datePublished\":\"2014-03-13T13:05:24+00:00\",\"dateModified\":\"2020-04-06T20:05:20+00:00\",\"mainEntityOfPage\":{\"@id\":\"https:\/\/orthodoxalbania.org\/2020\/2014\/03\/13\/mbledhja-e-krereve-te-kishave-orthodhokseve-fanar-mars-6-9-2014\/\"},\"wordCount\":1769,\"commentCount\":0,\"publisher\":{\"@id\":\"https:\/\/orthodoxalbania.org\/2020\/#organization\"},\"image\":{\"@id\":\"https:\/\/orthodoxalbania.org\/2020\/2014\/03\/13\/mbledhja-e-krereve-te-kishave-orthodhokseve-fanar-mars-6-9-2014\/#primaryimage\"},\"thumbnailUrl\":\"https:\/\/orthodoxalbania.org\/2020\/wp-content\/uploads\/2020\/04\/EBQQoAQ99LHIvh_KHVxVE2aiMwDrMiczVYt2I9IFZ64-w958-h639-no.jpg\",\"keywords\":[\"2014\",\"Deklarata - Njoftime Zyrtare\",\"Kryepiskopata Tiran\u00eb\",\"lajme\",\"Primat\u00ebt e Kishave Orthodhokse\"],\"articleSection\":[\"Lajme\"],\"inLanguage\":\"en-US\"},{\"@type\":\"WebPage\",\"@id\":\"https:\/\/orthodoxalbania.org\/2020\/2014\/03\/13\/mbledhja-e-krereve-te-kishave-orthodhokseve-fanar-mars-6-9-2014\/\",\"url\":\"https:\/\/orthodoxalbania.org\/2020\/2014\/03\/13\/mbledhja-e-krereve-te-kishave-orthodhokseve-fanar-mars-6-9-2014\/\",\"name\":\"Mesazhi i Krer\u00ebve t\u00eb Kishave Orthodhokse t\u00eb bot\u00ebs (Fanar, mars 6-9 2014) - Kisha Orthodh\u03bfkse Autoqefale e Shqip\u00ebris\u00eb\",\"isPartOf\":{\"@id\":\"https:\/\/orthodoxalbania.org\/2020\/#website\"},\"primaryImageOfPage\":{\"@id\":\"https:\/\/orthodoxalbania.org\/2020\/2014\/03\/13\/mbledhja-e-krereve-te-kishave-orthodhokseve-fanar-mars-6-9-2014\/#primaryimage\"},\"image\":{\"@id\":\"https:\/\/orthodoxalbania.org\/2020\/2014\/03\/13\/mbledhja-e-krereve-te-kishave-orthodhokseve-fanar-mars-6-9-2014\/#primaryimage\"},\"thumbnailUrl\":\"https:\/\/orthodoxalbania.org\/2020\/wp-content\/uploads\/2020\/04\/EBQQoAQ99LHIvh_KHVxVE2aiMwDrMiczVYt2I9IFZ64-w958-h639-no.jpg\",\"datePublished\":\"2014-03-13T13:05:24+00:00\",\"dateModified\":\"2020-04-06T20:05:20+00:00\",\"breadcrumb\":{\"@id\":\"https:\/\/orthodoxalbania.org\/2020\/2014\/03\/13\/mbledhja-e-krereve-te-kishave-orthodhokseve-fanar-mars-6-9-2014\/#breadcrumb\"},\"inLanguage\":\"en-US\",\"potentialAction\":[{\"@type\":\"ReadAction\",\"target\":[\"https:\/\/orthodoxalbania.org\/2020\/2014\/03\/13\/mbledhja-e-krereve-te-kishave-orthodhokseve-fanar-mars-6-9-2014\/\"]}]},{\"@type\":\"ImageObject\",\"inLanguage\":\"en-US\",\"@id\":\"https:\/\/orthodoxalbania.org\/2020\/2014\/03\/13\/mbledhja-e-krereve-te-kishave-orthodhokseve-fanar-mars-6-9-2014\/#primaryimage\",\"url\":\"https:\/\/orthodoxalbania.org\/2020\/wp-content\/uploads\/2020\/04\/EBQQoAQ99LHIvh_KHVxVE2aiMwDrMiczVYt2I9IFZ64-w958-h639-no.jpg\",\"contentUrl\":\"https:\/\/orthodoxalbania.org\/2020\/wp-content\/uploads\/2020\/04\/EBQQoAQ99LHIvh_KHVxVE2aiMwDrMiczVYt2I9IFZ64-w958-h639-no.jpg\",\"width\":150,\"height\":150},{\"@type\":\"BreadcrumbList\",\"@id\":\"https:\/\/orthodoxalbania.org\/2020\/2014\/03\/13\/mbledhja-e-krereve-te-kishave-orthodhokseve-fanar-mars-6-9-2014\/#breadcrumb\",\"itemListElement\":[{\"@type\":\"ListItem\",\"position\":1,\"name\":\"Home\",\"item\":\"https:\/\/orthodoxalbania.org\/2020\/\"},{\"@type\":\"ListItem\",\"position\":2,\"name\":\"Mesazhi i Krer\u00ebve t\u00eb Kishave Orthodhokse t\u00eb bot\u00ebs (Fanar, mars 6-9 2014)\"}]},{\"@type\":\"WebSite\",\"@id\":\"https:\/\/orthodoxalbania.org\/2020\/#website\",\"url\":\"https:\/\/orthodoxalbania.org\/2020\/\",\"name\":\"Kisha Orthodh\u03bfkse Autoqefale e Shqip\u00ebris\u00eb\",\"description\":\"Fqja Zyrtare e Kish\u00ebs Orthodhokse Autoqefale e Shqip\u00ebris\u00eb me lajmet edhe informacionet zyrtare p\u00ebr struktur\u00ebn edhe veprimtarin e saj.\",\"publisher\":{\"@id\":\"https:\/\/orthodoxalbania.org\/2020\/#organization\"},\"potentialAction\":[{\"@type\":\"SearchAction\",\"target\":{\"@type\":\"EntryPoint\",\"urlTemplate\":\"https:\/\/orthodoxalbania.org\/2020\/?s={search_term_string}\"},\"query-input\":{\"@type\":\"PropertyValueSpecification\",\"valueRequired\":true,\"valueName\":\"search_term_string\"}}],\"inLanguage\":\"en-US\"},{\"@type\":\"Organization\",\"@id\":\"https:\/\/orthodoxalbania.org\/2020\/#organization\",\"name\":\"Kisha Orthodhokse Autoqefale e Shqip\u00ebris\u00eb\",\"url\":\"https:\/\/orthodoxalbania.org\/2020\/\",\"logo\":{\"@type\":\"ImageObject\",\"inLanguage\":\"en-US\",\"@id\":\"https:\/\/orthodoxalbania.org\/2020\/#\/schema\/logo\/image\/\",\"url\":\"https:\/\/orthodoxalbania.org\/2020\/wp-content\/uploads\/2020\/05\/albania.jpeg\",\"contentUrl\":\"https:\/\/orthodoxalbania.org\/2020\/wp-content\/uploads\/2020\/05\/albania.jpeg\",\"width\":540,\"height\":540,\"caption\":\"Kisha Orthodhokse Autoqefale e Shqip\u00ebris\u00eb\"},\"image\":{\"@id\":\"https:\/\/orthodoxalbania.org\/2020\/#\/schema\/logo\/image\/\"},\"sameAs\":[\"https:\/\/www.facebook.com\/koash1991\"]},{\"@type\":\"Person\",\"@id\":\"https:\/\/orthodoxalbania.org\/2020\/#\/schema\/person\/dd2bdc135b53c60d45b8bb329565cf6d\",\"name\":\"neo_admin\",\"image\":{\"@type\":\"ImageObject\",\"inLanguage\":\"en-US\",\"@id\":\"https:\/\/secure.gravatar.com\/avatar\/53e6cdc30765aade0129f85e5aeb50124b1d3f5bb9a70373be31e4eb328371e0?s=96&d=mm&r=g\",\"url\":\"https:\/\/secure.gravatar.com\/avatar\/53e6cdc30765aade0129f85e5aeb50124b1d3f5bb9a70373be31e4eb328371e0?s=96&d=mm&r=g\",\"contentUrl\":\"https:\/\/secure.gravatar.com\/avatar\/53e6cdc30765aade0129f85e5aeb50124b1d3f5bb9a70373be31e4eb328371e0?s=96&d=mm&r=g\",\"caption\":\"neo_admin\"}}]}<\/script>\n<!-- \/ Yoast SEO plugin. -->","yoast_head_json":{"title":"Mesazhi i Krer\u00ebve t\u00eb Kishave Orthodhokse t\u00eb bot\u00ebs (Fanar, mars 6-9 2014) - Kisha Orthodh\u03bfkse Autoqefale e Shqip\u00ebris\u00eb","robots":{"index":"index","follow":"follow","max-snippet":"max-snippet:-1","max-image-preview":"max-image-preview:large","max-video-preview":"max-video-preview:-1"},"canonical":"https:\/\/orthodoxalbania.org\/2020\/2014\/03\/13\/mbledhja-e-krereve-te-kishave-orthodhokseve-fanar-mars-6-9-2014\/","og_locale":"en_US","og_type":"article","og_title":"Mesazhi i Krer\u00ebve t\u00eb Kishave Orthodhokse t\u00eb bot\u00ebs (Fanar, mars 6-9 2014) - Kisha Orthodh\u03bfkse Autoqefale e Shqip\u00ebris\u00eb","og_description":"&nbsp; &nbsp; &nbsp; &nbsp; &nbsp;&nbsp;&nbsp; N\u00eb em\u00ebr t\u00eb Atit, Birit dhe t\u00eb Shpirtit t\u00eb Shenjt\u00eb. &nbsp;&nbsp;&nbsp; Me an\u00eb t\u00eb hirit t\u00eb Per\u00ebndis\u00eb, krer\u00ebt e Kishave fort t\u00eb Shenjta Orthodhokse Autoqefale, p\u00ebr besimtar\u00ebt orthodhoks\u00eb anemban\u00eb dheut, p\u00ebr t\u00eb gjith\u00eb v\u00ebllez\u00ebrit tan\u00eb t\u00eb krishter\u00eb, si dhe p\u00ebr \u00e7do njeri t\u00eb vullnetit t\u00eb mir\u00eb, bekim nga Per\u00ebndia dhe p\u00ebrsh\u00ebndetje dashurie e paqeje prej nesh. &nbsp;&nbsp;&nbsp; \u201cFal\u00ebnderojm\u00eb Per\u00ebndin\u00eb p\u00ebrher\u00eb","og_url":"https:\/\/orthodoxalbania.org\/2020\/2014\/03\/13\/mbledhja-e-krereve-te-kishave-orthodhokseve-fanar-mars-6-9-2014\/","og_site_name":"Kisha Orthodh\u03bfkse Autoqefale e Shqip\u00ebris\u00eb","article_publisher":"https:\/\/www.facebook.com\/koash1991","article_published_time":"2014-03-13T13:05:24+00:00","article_modified_time":"2020-04-06T20:05:20+00:00","og_image":[{"width":150,"height":150,"url":"https:\/\/orthodoxalbania.org\/2020\/wp-content\/uploads\/2020\/04\/EBQQoAQ99LHIvh_KHVxVE2aiMwDrMiczVYt2I9IFZ64-w958-h639-no.jpg","type":"image\/jpeg"}],"author":"neo_admin","twitter_card":"summary_large_image","twitter_misc":{"Written by":"neo_admin","Est. reading time":"9 minutes"},"schema":{"@context":"https:\/\/schema.org","@graph":[{"@type":"Article","@id":"https:\/\/orthodoxalbania.org\/2020\/2014\/03\/13\/mbledhja-e-krereve-te-kishave-orthodhokseve-fanar-mars-6-9-2014\/#article","isPartOf":{"@id":"https:\/\/orthodoxalbania.org\/2020\/2014\/03\/13\/mbledhja-e-krereve-te-kishave-orthodhokseve-fanar-mars-6-9-2014\/"},"author":{"name":"neo_admin","@id":"https:\/\/orthodoxalbania.org\/2020\/#\/schema\/person\/dd2bdc135b53c60d45b8bb329565cf6d"},"headline":"Mesazhi i Krer\u00ebve t\u00eb Kishave Orthodhokse t\u00eb bot\u00ebs (Fanar, mars 6-9 2014)","datePublished":"2014-03-13T13:05:24+00:00","dateModified":"2020-04-06T20:05:20+00:00","mainEntityOfPage":{"@id":"https:\/\/orthodoxalbania.org\/2020\/2014\/03\/13\/mbledhja-e-krereve-te-kishave-orthodhokseve-fanar-mars-6-9-2014\/"},"wordCount":1769,"commentCount":0,"publisher":{"@id":"https:\/\/orthodoxalbania.org\/2020\/#organization"},"image":{"@id":"https:\/\/orthodoxalbania.org\/2020\/2014\/03\/13\/mbledhja-e-krereve-te-kishave-orthodhokseve-fanar-mars-6-9-2014\/#primaryimage"},"thumbnailUrl":"https:\/\/orthodoxalbania.org\/2020\/wp-content\/uploads\/2020\/04\/EBQQoAQ99LHIvh_KHVxVE2aiMwDrMiczVYt2I9IFZ64-w958-h639-no.jpg","keywords":["2014","Deklarata - Njoftime Zyrtare","Kryepiskopata Tiran\u00eb","lajme","Primat\u00ebt e Kishave Orthodhokse"],"articleSection":["Lajme"],"inLanguage":"en-US"},{"@type":"WebPage","@id":"https:\/\/orthodoxalbania.org\/2020\/2014\/03\/13\/mbledhja-e-krereve-te-kishave-orthodhokseve-fanar-mars-6-9-2014\/","url":"https:\/\/orthodoxalbania.org\/2020\/2014\/03\/13\/mbledhja-e-krereve-te-kishave-orthodhokseve-fanar-mars-6-9-2014\/","name":"Mesazhi i Krer\u00ebve t\u00eb Kishave Orthodhokse t\u00eb bot\u00ebs (Fanar, mars 6-9 2014) - Kisha Orthodh\u03bfkse Autoqefale e Shqip\u00ebris\u00eb","isPartOf":{"@id":"https:\/\/orthodoxalbania.org\/2020\/#website"},"primaryImageOfPage":{"@id":"https:\/\/orthodoxalbania.org\/2020\/2014\/03\/13\/mbledhja-e-krereve-te-kishave-orthodhokseve-fanar-mars-6-9-2014\/#primaryimage"},"image":{"@id":"https:\/\/orthodoxalbania.org\/2020\/2014\/03\/13\/mbledhja-e-krereve-te-kishave-orthodhokseve-fanar-mars-6-9-2014\/#primaryimage"},"thumbnailUrl":"https:\/\/orthodoxalbania.org\/2020\/wp-content\/uploads\/2020\/04\/EBQQoAQ99LHIvh_KHVxVE2aiMwDrMiczVYt2I9IFZ64-w958-h639-no.jpg","datePublished":"2014-03-13T13:05:24+00:00","dateModified":"2020-04-06T20:05:20+00:00","breadcrumb":{"@id":"https:\/\/orthodoxalbania.org\/2020\/2014\/03\/13\/mbledhja-e-krereve-te-kishave-orthodhokseve-fanar-mars-6-9-2014\/#breadcrumb"},"inLanguage":"en-US","potentialAction":[{"@type":"ReadAction","target":["https:\/\/orthodoxalbania.org\/2020\/2014\/03\/13\/mbledhja-e-krereve-te-kishave-orthodhokseve-fanar-mars-6-9-2014\/"]}]},{"@type":"ImageObject","inLanguage":"en-US","@id":"https:\/\/orthodoxalbania.org\/2020\/2014\/03\/13\/mbledhja-e-krereve-te-kishave-orthodhokseve-fanar-mars-6-9-2014\/#primaryimage","url":"https:\/\/orthodoxalbania.org\/2020\/wp-content\/uploads\/2020\/04\/EBQQoAQ99LHIvh_KHVxVE2aiMwDrMiczVYt2I9IFZ64-w958-h639-no.jpg","contentUrl":"https:\/\/orthodoxalbania.org\/2020\/wp-content\/uploads\/2020\/04\/EBQQoAQ99LHIvh_KHVxVE2aiMwDrMiczVYt2I9IFZ64-w958-h639-no.jpg","width":150,"height":150},{"@type":"BreadcrumbList","@id":"https:\/\/orthodoxalbania.org\/2020\/2014\/03\/13\/mbledhja-e-krereve-te-kishave-orthodhokseve-fanar-mars-6-9-2014\/#breadcrumb","itemListElement":[{"@type":"ListItem","position":1,"name":"Home","item":"https:\/\/orthodoxalbania.org\/2020\/"},{"@type":"ListItem","position":2,"name":"Mesazhi i Krer\u00ebve t\u00eb Kishave Orthodhokse t\u00eb bot\u00ebs (Fanar, mars 6-9 2014)"}]},{"@type":"WebSite","@id":"https:\/\/orthodoxalbania.org\/2020\/#website","url":"https:\/\/orthodoxalbania.org\/2020\/","name":"Kisha Orthodh\u03bfkse Autoqefale e Shqip\u00ebris\u00eb","description":"Fqja Zyrtare e Kish\u00ebs Orthodhokse Autoqefale e Shqip\u00ebris\u00eb me lajmet edhe informacionet zyrtare p\u00ebr struktur\u00ebn edhe veprimtarin e saj.","publisher":{"@id":"https:\/\/orthodoxalbania.org\/2020\/#organization"},"potentialAction":[{"@type":"SearchAction","target":{"@type":"EntryPoint","urlTemplate":"https:\/\/orthodoxalbania.org\/2020\/?s={search_term_string}"},"query-input":{"@type":"PropertyValueSpecification","valueRequired":true,"valueName":"search_term_string"}}],"inLanguage":"en-US"},{"@type":"Organization","@id":"https:\/\/orthodoxalbania.org\/2020\/#organization","name":"Kisha Orthodhokse Autoqefale e Shqip\u00ebris\u00eb","url":"https:\/\/orthodoxalbania.org\/2020\/","logo":{"@type":"ImageObject","inLanguage":"en-US","@id":"https:\/\/orthodoxalbania.org\/2020\/#\/schema\/logo\/image\/","url":"https:\/\/orthodoxalbania.org\/2020\/wp-content\/uploads\/2020\/05\/albania.jpeg","contentUrl":"https:\/\/orthodoxalbania.org\/2020\/wp-content\/uploads\/2020\/05\/albania.jpeg","width":540,"height":540,"caption":"Kisha Orthodhokse Autoqefale e Shqip\u00ebris\u00eb"},"image":{"@id":"https:\/\/orthodoxalbania.org\/2020\/#\/schema\/logo\/image\/"},"sameAs":["https:\/\/www.facebook.com\/koash1991"]},{"@type":"Person","@id":"https:\/\/orthodoxalbania.org\/2020\/#\/schema\/person\/dd2bdc135b53c60d45b8bb329565cf6d","name":"neo_admin","image":{"@type":"ImageObject","inLanguage":"en-US","@id":"https:\/\/secure.gravatar.com\/avatar\/53e6cdc30765aade0129f85e5aeb50124b1d3f5bb9a70373be31e4eb328371e0?s=96&d=mm&r=g","url":"https:\/\/secure.gravatar.com\/avatar\/53e6cdc30765aade0129f85e5aeb50124b1d3f5bb9a70373be31e4eb328371e0?s=96&d=mm&r=g","contentUrl":"https:\/\/secure.gravatar.com\/avatar\/53e6cdc30765aade0129f85e5aeb50124b1d3f5bb9a70373be31e4eb328371e0?s=96&d=mm&r=g","caption":"neo_admin"}}]}},"_links":{"self":[{"href":"https:\/\/orthodoxalbania.org\/2020\/wp-json\/wp\/v2\/posts\/933","targetHints":{"allow":["GET"]}}],"collection":[{"href":"https:\/\/orthodoxalbania.org\/2020\/wp-json\/wp\/v2\/posts"}],"about":[{"href":"https:\/\/orthodoxalbania.org\/2020\/wp-json\/wp\/v2\/types\/post"}],"author":[{"embeddable":true,"href":"https:\/\/orthodoxalbania.org\/2020\/wp-json\/wp\/v2\/users\/14"}],"replies":[{"embeddable":true,"href":"https:\/\/orthodoxalbania.org\/2020\/wp-json\/wp\/v2\/comments?post=933"}],"version-history":[{"count":1,"href":"https:\/\/orthodoxalbania.org\/2020\/wp-json\/wp\/v2\/posts\/933\/revisions"}],"predecessor-version":[{"id":15118,"href":"https:\/\/orthodoxalbania.org\/2020\/wp-json\/wp\/v2\/posts\/933\/revisions\/15118"}],"wp:featuredmedia":[{"embeddable":true,"href":"https:\/\/orthodoxalbania.org\/2020\/wp-json\/wp\/v2\/media\/934"}],"wp:attachment":[{"href":"https:\/\/orthodoxalbania.org\/2020\/wp-json\/wp\/v2\/media?parent=933"}],"wp:term":[{"taxonomy":"category","embeddable":true,"href":"https:\/\/orthodoxalbania.org\/2020\/wp-json\/wp\/v2\/categories?post=933"},{"taxonomy":"post_tag","embeddable":true,"href":"https:\/\/orthodoxalbania.org\/2020\/wp-json\/wp\/v2\/tags?post=933"}],"curies":[{"name":"wp","href":"https:\/\/api.w.org\/{rel}","templated":true}]}}