{"id":931,"date":"2013-03-21T09:18:44","date_gmt":"2013-03-21T09:18:44","guid":{"rendered":""},"modified":"2020-04-06T22:32:09","modified_gmt":"2020-04-06T20:32:09","slug":"mesazh-ngushellimi-komunitetit-bektashian-te-shqiperise","status":"publish","type":"post","link":"https:\/\/orthodoxalbania.org\/2020\/2013\/03\/21\/mesazh-ngushellimi-komunitetit-bektashian-te-shqiperise\/","title":{"rendered":"Mesazh ngush\u00ebllimi Komunitetit Bektashian t\u00eb Shqip\u00ebris\u00eb. (Prill 2011)"},"content":{"rendered":"<div class=\"style9\" style=\"text-align: center;\">\n\t<span style=\"color:#000000;\"><span style=\"font-family: tahoma,geneva,sans-serif;\"><span style=\"font-size: 12px;\"><span class=\"style12\">Mesazh ngush\u00ebllimi<\/span><\/span><\/span><\/span><\/div>\n<div class=\"style9\" style=\"text-align: center;\">\n\t<br \/>\n\t<span style=\"color:#000000;\"><span style=\"font-family: tahoma,geneva,sans-serif;\"><span style=\"font-size: 12px;\"><span class=\"style12\">Komunitetit Bektashian t\u00eb Shqip\u00ebris\u00eb<\/span><\/span><\/span><\/span><\/div>\n<div class=\"style9\" style=\"text-align: center;\">\n\t&nbsp;<\/div>\n<div align=\"justify\" class=\"style7\">\n<div align=\"center\" class=\"style10\">\n\t\t<span style=\"color:#000000;\"><span style=\"font-family: tahoma,geneva,sans-serif;\"><span style=\"font-size: 12px;\"><span class=\"style10\">Tiran\u00eb m\u00eb, 02.04.2011<\/span><\/span><\/span><\/span><\/div>\n<div align=\"center\" class=\"style10\">\n\t\t&nbsp;<\/div>\n<div class=\"style10\">\n\t\t<span style=\"color:#000000;\"><span style=\"font-family: tahoma,geneva,sans-serif;\"><span style=\"font-size: 12px;\">Me dhimbje t\u00eb madhe dhe hidh\u00ebrim t\u00eb thell\u00eb m\u00ebsuam sot se u nda nga jeta shum\u00eb i dashuri Haxhi Dede Reshat Bardhi, Kryegjysh Bot\u00ebror i Komunitetit Bektashian. I shprehim ngush\u00ebllimet m\u00eb t\u00eb ndjera dhe t\u00eb nxehta Komunitetit Bektashian, t\u00eb cilin ai e drejtoi me urt\u00ebsi dhe p\u00ebrkushtim, si dhe t\u00eb af\u00ebrmve t\u00eb tij.<\/span><\/span><\/span><\/div>\n<div class=\"style10\">\n\t\t<br \/>\n\t\t<span style=\"color:#000000;\"><span style=\"font-family: tahoma,geneva,sans-serif;\"><span style=\"font-size: 12px;\">Do t\u00eb kujtojm\u00eb gjithmon\u00eb me dashuri t\u00eb sinqert\u00eb dhe vler\u00ebsim t\u00eb ve\u00e7ant\u00eb personalitetin e tij fisnik, besimin dhe p\u00ebrkushtimin ndaj Zotit dhe popullit t\u00eb Shqip\u00ebris\u00eb. Gjithashtu, do jen\u00eb t\u00eb paharruara miq\u00ebsia dhe bashk\u00ebpunimi i ngusht\u00eb e i p\u00ebrzem\u00ebrt p\u00ebr ringritjen e besimit dhe harmonin\u00eb fetare n\u00eb vend, q\u00eb na lidh\u00ebn p\u00ebr dy dekada me radh\u00eb.<\/span><\/span><\/span><\/div>\n<div class=\"style10\">\n\t\t<br \/>\n\t\t<span style=\"color:#000000;\"><span style=\"font-family: tahoma,geneva,sans-serif;\"><span style=\"font-size: 12px;\">Kujtimi dhe trash\u00ebgimia e tij shpirt\u00ebrore jemi t\u00eb sigurt se do t\u00eb jen\u00eb gjithmon\u00eb bekim dhe burim frym\u00ebzimi p\u00ebr Komunitetin Bektashian.<\/span><\/span><\/span><\/div>\n<div class=\"style10\">\n\t\t<br \/>\n\t\t<span style=\"color:#000000;\"><span style=\"font-family: tahoma,geneva,sans-serif;\"><span style=\"font-size: 12px;\">Lutemi q\u00eb Zoti, t\u00eb cilin ai e deshi q\u00eb nga mosha f\u00ebminore, ta preh\u00eb me t\u00eb drejt\u00ebt shpirtin e tij t\u00eb zgjedhur.<\/span><\/span><\/span><\/div>\n<div class=\"style10\">\n\t\t<br \/>\n\t\t<span style=\"color:#000000;\"><span style=\"font-family: tahoma,geneva,sans-serif;\"><span style=\"font-size: 12px;\">P\u00ebr Kish\u00ebn Orthodhokse Autoqefale t\u00eb Shqip\u00ebris\u00eb<\/span><\/span><\/span><\/div>\n<div class=\"style10\">\n\t\t&nbsp;<\/div>\n<div class=\"style10\">\n\t\t&nbsp;<\/div>\n<div align=\"center\" class=\"style10\">\n\t\t<span style=\"color:#000000;\"><span style=\"font-family: tahoma,geneva,sans-serif;\"><span style=\"font-size: 12px;\"><strong>+Anastasi<\/strong><br \/>\n\t\tKryepiskopi i Tiran\u00ebs, Durr\u00ebsit dhe i gjith\u00eb Shqip\u00ebris\u00eb<\/span><\/span><\/span><\/div>\n<\/div>\n","protected":false},"excerpt":{"rendered":"<p>Mesazh ngush\u00ebllimi Komunitetit Bektashian t\u00eb Shqip\u00ebris\u00eb &nbsp; Tiran\u00eb m\u00eb, 02.04.2011 &nbsp; Me dhimbje t\u00eb madhe dhe hidh\u00ebrim t\u00eb thell\u00eb m\u00ebsuam sot se u nda nga jeta shum\u00eb i dashuri Haxhi Dede Reshat Bardhi, Kryegjysh Bot\u00ebror i Komunitetit Bektashian. I shprehim ngush\u00ebllimet m\u00eb t\u00eb ndjera dhe t\u00eb nxehta Komunitetit Bektashian, t\u00eb cilin ai e drejtoi me urt\u00ebsi dhe p\u00ebrkushtim, si dhe t\u00eb af\u00ebrmve t\u00eb tij. Do<\/p>\n","protected":false},"author":1,"featured_media":0,"comment_status":"open","ping_status":"open","sticky":false,"template":"","format":"standard","meta":{"_acf_changed":false,"pagelayer_contact_templates":[],"_pagelayer_content":"","inline_featured_image":false,"fifu_image_url":"","fifu_image_alt":"","footnotes":""},"categories":[108],"tags":[143,153,196,201,212],"class_list":["post-931","post","type-post","status-publish","format-standard","hentry","category-lajme","tag-143","tag-deklarata-njoftime-zyrtare-d75","tag-tirane","tag-kryepiskopi-anastas","tag-lajme-d27"],"acf":[],"yoast_head":"<!-- This site is optimized with the Yoast SEO plugin v27.2 - https:\/\/yoast.com\/product\/yoast-seo-wordpress\/ -->\n<title>Mesazh ngush\u00ebllimi Komunitetit Bektashian t\u00eb Shqip\u00ebris\u00eb. (Prill 2011) - Kisha Orthodh\u03bfkse Autoqefale e Shqip\u00ebris\u00eb<\/title>\n<meta name=\"robots\" content=\"index, follow, max-snippet:-1, max-image-preview:large, max-video-preview:-1\" \/>\n<link rel=\"canonical\" href=\"https:\/\/orthodoxalbania.org\/2020\/2013\/03\/21\/mesazh-ngushellimi-komunitetit-bektashian-te-shqiperise\/\" \/>\n<meta property=\"og:locale\" content=\"en_US\" \/>\n<meta property=\"og:type\" content=\"article\" \/>\n<meta property=\"og:title\" content=\"Mesazh ngush\u00ebllimi Komunitetit Bektashian t\u00eb Shqip\u00ebris\u00eb. (Prill 2011) - Kisha Orthodh\u03bfkse Autoqefale e Shqip\u00ebris\u00eb\" \/>\n<meta property=\"og:description\" content=\"Mesazh ngush\u00ebllimi Komunitetit Bektashian t\u00eb Shqip\u00ebris\u00eb &nbsp; Tiran\u00eb m\u00eb, 02.04.2011 &nbsp; Me dhimbje t\u00eb madhe dhe hidh\u00ebrim t\u00eb thell\u00eb m\u00ebsuam sot se u nda nga jeta shum\u00eb i dashuri Haxhi Dede Reshat Bardhi, Kryegjysh Bot\u00ebror i Komunitetit Bektashian. I shprehim ngush\u00ebllimet m\u00eb t\u00eb ndjera dhe t\u00eb nxehta Komunitetit Bektashian, t\u00eb cilin ai e drejtoi me urt\u00ebsi dhe p\u00ebrkushtim, si dhe t\u00eb af\u00ebrmve t\u00eb tij. Do\" \/>\n<meta property=\"og:url\" content=\"https:\/\/orthodoxalbania.org\/2020\/2013\/03\/21\/mesazh-ngushellimi-komunitetit-bektashian-te-shqiperise\/\" \/>\n<meta property=\"og:site_name\" content=\"Kisha Orthodh\u03bfkse Autoqefale e Shqip\u00ebris\u00eb\" \/>\n<meta property=\"article:publisher\" content=\"https:\/\/www.facebook.com\/koash1991\" \/>\n<meta property=\"article:published_time\" content=\"2013-03-21T09:18:44+00:00\" \/>\n<meta property=\"article:modified_time\" content=\"2020-04-06T20:32:09+00:00\" \/>\n<meta property=\"og:image\" content=\"https:\/\/orthodoxalbania.org\/2020\/wp-content\/uploads\/2021\/02\/LogoLastALb-200.png\" \/>\n\t<meta property=\"og:image:width\" content=\"200\" \/>\n\t<meta property=\"og:image:height\" content=\"172\" \/>\n\t<meta property=\"og:image:type\" content=\"image\/png\" \/>\n<meta name=\"author\" content=\"Kisha Orthodhokse\" \/>\n<meta name=\"twitter:card\" content=\"summary_large_image\" \/>\n<meta name=\"twitter:label1\" content=\"Written by\" \/>\n\t<meta name=\"twitter:data1\" content=\"Kisha Orthodhokse\" \/>\n\t<meta name=\"twitter:label2\" content=\"Est. reading time\" \/>\n\t<meta name=\"twitter:data2\" content=\"1 minute\" \/>\n<script type=\"application\/ld+json\" class=\"yoast-schema-graph\">{\"@context\":\"https:\/\/schema.org\",\"@graph\":[{\"@type\":\"Article\",\"@id\":\"https:\/\/orthodoxalbania.org\/2020\/2013\/03\/21\/mesazh-ngushellimi-komunitetit-bektashian-te-shqiperise\/#article\",\"isPartOf\":{\"@id\":\"https:\/\/orthodoxalbania.org\/2020\/2013\/03\/21\/mesazh-ngushellimi-komunitetit-bektashian-te-shqiperise\/\"},\"author\":{\"name\":\"Kisha Orthodhokse\",\"@id\":\"https:\/\/orthodoxalbania.org\/2020\/#\/schema\/person\/0c387634a7063ac612d7ed9ce71c7e86\"},\"headline\":\"Mesazh ngush\u00ebllimi Komunitetit Bektashian t\u00eb Shqip\u00ebris\u00eb. (Prill 2011)\",\"datePublished\":\"2013-03-21T09:18:44+00:00\",\"dateModified\":\"2020-04-06T20:32:09+00:00\",\"mainEntityOfPage\":{\"@id\":\"https:\/\/orthodoxalbania.org\/2020\/2013\/03\/21\/mesazh-ngushellimi-komunitetit-bektashian-te-shqiperise\/\"},\"wordCount\":219,\"commentCount\":0,\"publisher\":{\"@id\":\"https:\/\/orthodoxalbania.org\/2020\/#organization\"},\"keywords\":[\"2011\",\"Deklarata - Njoftime Zyrtare\",\"Kryepiskopata Tiran\u00eb\",\"Kryepiskopi Anastas\",\"lajme\"],\"articleSection\":[\"Lajme\"],\"inLanguage\":\"en-US\"},{\"@type\":\"WebPage\",\"@id\":\"https:\/\/orthodoxalbania.org\/2020\/2013\/03\/21\/mesazh-ngushellimi-komunitetit-bektashian-te-shqiperise\/\",\"url\":\"https:\/\/orthodoxalbania.org\/2020\/2013\/03\/21\/mesazh-ngushellimi-komunitetit-bektashian-te-shqiperise\/\",\"name\":\"Mesazh ngush\u00ebllimi Komunitetit Bektashian t\u00eb Shqip\u00ebris\u00eb. (Prill 2011) - Kisha Orthodh\u03bfkse Autoqefale e Shqip\u00ebris\u00eb\",\"isPartOf\":{\"@id\":\"https:\/\/orthodoxalbania.org\/2020\/#website\"},\"datePublished\":\"2013-03-21T09:18:44+00:00\",\"dateModified\":\"2020-04-06T20:32:09+00:00\",\"breadcrumb\":{\"@id\":\"https:\/\/orthodoxalbania.org\/2020\/2013\/03\/21\/mesazh-ngushellimi-komunitetit-bektashian-te-shqiperise\/#breadcrumb\"},\"inLanguage\":\"en-US\",\"potentialAction\":[{\"@type\":\"ReadAction\",\"target\":[\"https:\/\/orthodoxalbania.org\/2020\/2013\/03\/21\/mesazh-ngushellimi-komunitetit-bektashian-te-shqiperise\/\"]}]},{\"@type\":\"BreadcrumbList\",\"@id\":\"https:\/\/orthodoxalbania.org\/2020\/2013\/03\/21\/mesazh-ngushellimi-komunitetit-bektashian-te-shqiperise\/#breadcrumb\",\"itemListElement\":[{\"@type\":\"ListItem\",\"position\":1,\"name\":\"Home\",\"item\":\"https:\/\/orthodoxalbania.org\/2020\/\"},{\"@type\":\"ListItem\",\"position\":2,\"name\":\"Mesazh ngush\u00ebllimi Komunitetit Bektashian t\u00eb Shqip\u00ebris\u00eb. (Prill 2011)\"}]},{\"@type\":\"WebSite\",\"@id\":\"https:\/\/orthodoxalbania.org\/2020\/#website\",\"url\":\"https:\/\/orthodoxalbania.org\/2020\/\",\"name\":\"Kisha Orthodh\u03bfkse Autoqefale e Shqip\u00ebris\u00eb\",\"description\":\"Fqja Zyrtare e Kish\u00ebs Orthodhokse Autoqefale e Shqip\u00ebris\u00eb me lajmet edhe informacionet zyrtare p\u00ebr struktur\u00ebn edhe veprimtarin e saj.\",\"publisher\":{\"@id\":\"https:\/\/orthodoxalbania.org\/2020\/#organization\"},\"potentialAction\":[{\"@type\":\"SearchAction\",\"target\":{\"@type\":\"EntryPoint\",\"urlTemplate\":\"https:\/\/orthodoxalbania.org\/2020\/?s={search_term_string}\"},\"query-input\":{\"@type\":\"PropertyValueSpecification\",\"valueRequired\":true,\"valueName\":\"search_term_string\"}}],\"inLanguage\":\"en-US\"},{\"@type\":\"Organization\",\"@id\":\"https:\/\/orthodoxalbania.org\/2020\/#organization\",\"name\":\"Kisha Orthodhokse Autoqefale e Shqip\u00ebris\u00eb\",\"url\":\"https:\/\/orthodoxalbania.org\/2020\/\",\"logo\":{\"@type\":\"ImageObject\",\"inLanguage\":\"en-US\",\"@id\":\"https:\/\/orthodoxalbania.org\/2020\/#\/schema\/logo\/image\/\",\"url\":\"https:\/\/orthodoxalbania.org\/2020\/wp-content\/uploads\/2020\/05\/albania.jpeg\",\"contentUrl\":\"https:\/\/orthodoxalbania.org\/2020\/wp-content\/uploads\/2020\/05\/albania.jpeg\",\"width\":540,\"height\":540,\"caption\":\"Kisha Orthodhokse Autoqefale e Shqip\u00ebris\u00eb\"},\"image\":{\"@id\":\"https:\/\/orthodoxalbania.org\/2020\/#\/schema\/logo\/image\/\"},\"sameAs\":[\"https:\/\/www.facebook.com\/koash1991\"]},{\"@type\":\"Person\",\"@id\":\"https:\/\/orthodoxalbania.org\/2020\/#\/schema\/person\/0c387634a7063ac612d7ed9ce71c7e86\",\"name\":\"Kisha Orthodhokse\",\"image\":{\"@type\":\"ImageObject\",\"inLanguage\":\"en-US\",\"@id\":\"https:\/\/secure.gravatar.com\/avatar\/596e7c417251e30f2fbb9c00e026fce61a695a00e51c889caded71c96cbbdde5?s=96&d=mm&r=g\",\"url\":\"https:\/\/secure.gravatar.com\/avatar\/596e7c417251e30f2fbb9c00e026fce61a695a00e51c889caded71c96cbbdde5?s=96&d=mm&r=g\",\"contentUrl\":\"https:\/\/secure.gravatar.com\/avatar\/596e7c417251e30f2fbb9c00e026fce61a695a00e51c889caded71c96cbbdde5?s=96&d=mm&r=g\",\"caption\":\"Kisha Orthodhokse\"}}]}<\/script>\n<!-- \/ Yoast SEO plugin. -->","yoast_head_json":{"title":"Mesazh ngush\u00ebllimi Komunitetit Bektashian t\u00eb Shqip\u00ebris\u00eb. (Prill 2011) - Kisha Orthodh\u03bfkse Autoqefale e Shqip\u00ebris\u00eb","robots":{"index":"index","follow":"follow","max-snippet":"max-snippet:-1","max-image-preview":"max-image-preview:large","max-video-preview":"max-video-preview:-1"},"canonical":"https:\/\/orthodoxalbania.org\/2020\/2013\/03\/21\/mesazh-ngushellimi-komunitetit-bektashian-te-shqiperise\/","og_locale":"en_US","og_type":"article","og_title":"Mesazh ngush\u00ebllimi Komunitetit Bektashian t\u00eb Shqip\u00ebris\u00eb. (Prill 2011) - Kisha Orthodh\u03bfkse Autoqefale e Shqip\u00ebris\u00eb","og_description":"Mesazh ngush\u00ebllimi Komunitetit Bektashian t\u00eb Shqip\u00ebris\u00eb &nbsp; Tiran\u00eb m\u00eb, 02.04.2011 &nbsp; Me dhimbje t\u00eb madhe dhe hidh\u00ebrim t\u00eb thell\u00eb m\u00ebsuam sot se u nda nga jeta shum\u00eb i dashuri Haxhi Dede Reshat Bardhi, Kryegjysh Bot\u00ebror i Komunitetit Bektashian. I shprehim ngush\u00ebllimet m\u00eb t\u00eb ndjera dhe t\u00eb nxehta Komunitetit Bektashian, t\u00eb cilin ai e drejtoi me urt\u00ebsi dhe p\u00ebrkushtim, si dhe t\u00eb af\u00ebrmve t\u00eb tij. Do","og_url":"https:\/\/orthodoxalbania.org\/2020\/2013\/03\/21\/mesazh-ngushellimi-komunitetit-bektashian-te-shqiperise\/","og_site_name":"Kisha Orthodh\u03bfkse Autoqefale e Shqip\u00ebris\u00eb","article_publisher":"https:\/\/www.facebook.com\/koash1991","article_published_time":"2013-03-21T09:18:44+00:00","article_modified_time":"2020-04-06T20:32:09+00:00","og_image":[{"width":200,"height":172,"url":"https:\/\/orthodoxalbania.org\/2020\/wp-content\/uploads\/2021\/02\/LogoLastALb-200.png","type":"image\/png"}],"author":"Kisha Orthodhokse","twitter_card":"summary_large_image","twitter_misc":{"Written by":"Kisha Orthodhokse","Est. reading time":"1 minute"},"schema":{"@context":"https:\/\/schema.org","@graph":[{"@type":"Article","@id":"https:\/\/orthodoxalbania.org\/2020\/2013\/03\/21\/mesazh-ngushellimi-komunitetit-bektashian-te-shqiperise\/#article","isPartOf":{"@id":"https:\/\/orthodoxalbania.org\/2020\/2013\/03\/21\/mesazh-ngushellimi-komunitetit-bektashian-te-shqiperise\/"},"author":{"name":"Kisha Orthodhokse","@id":"https:\/\/orthodoxalbania.org\/2020\/#\/schema\/person\/0c387634a7063ac612d7ed9ce71c7e86"},"headline":"Mesazh ngush\u00ebllimi Komunitetit Bektashian t\u00eb Shqip\u00ebris\u00eb. (Prill 2011)","datePublished":"2013-03-21T09:18:44+00:00","dateModified":"2020-04-06T20:32:09+00:00","mainEntityOfPage":{"@id":"https:\/\/orthodoxalbania.org\/2020\/2013\/03\/21\/mesazh-ngushellimi-komunitetit-bektashian-te-shqiperise\/"},"wordCount":219,"commentCount":0,"publisher":{"@id":"https:\/\/orthodoxalbania.org\/2020\/#organization"},"keywords":["2011","Deklarata - Njoftime Zyrtare","Kryepiskopata Tiran\u00eb","Kryepiskopi Anastas","lajme"],"articleSection":["Lajme"],"inLanguage":"en-US"},{"@type":"WebPage","@id":"https:\/\/orthodoxalbania.org\/2020\/2013\/03\/21\/mesazh-ngushellimi-komunitetit-bektashian-te-shqiperise\/","url":"https:\/\/orthodoxalbania.org\/2020\/2013\/03\/21\/mesazh-ngushellimi-komunitetit-bektashian-te-shqiperise\/","name":"Mesazh ngush\u00ebllimi Komunitetit Bektashian t\u00eb Shqip\u00ebris\u00eb. (Prill 2011) - Kisha Orthodh\u03bfkse Autoqefale e Shqip\u00ebris\u00eb","isPartOf":{"@id":"https:\/\/orthodoxalbania.org\/2020\/#website"},"datePublished":"2013-03-21T09:18:44+00:00","dateModified":"2020-04-06T20:32:09+00:00","breadcrumb":{"@id":"https:\/\/orthodoxalbania.org\/2020\/2013\/03\/21\/mesazh-ngushellimi-komunitetit-bektashian-te-shqiperise\/#breadcrumb"},"inLanguage":"en-US","potentialAction":[{"@type":"ReadAction","target":["https:\/\/orthodoxalbania.org\/2020\/2013\/03\/21\/mesazh-ngushellimi-komunitetit-bektashian-te-shqiperise\/"]}]},{"@type":"BreadcrumbList","@id":"https:\/\/orthodoxalbania.org\/2020\/2013\/03\/21\/mesazh-ngushellimi-komunitetit-bektashian-te-shqiperise\/#breadcrumb","itemListElement":[{"@type":"ListItem","position":1,"name":"Home","item":"https:\/\/orthodoxalbania.org\/2020\/"},{"@type":"ListItem","position":2,"name":"Mesazh ngush\u00ebllimi Komunitetit Bektashian t\u00eb Shqip\u00ebris\u00eb. (Prill 2011)"}]},{"@type":"WebSite","@id":"https:\/\/orthodoxalbania.org\/2020\/#website","url":"https:\/\/orthodoxalbania.org\/2020\/","name":"Kisha Orthodh\u03bfkse Autoqefale e Shqip\u00ebris\u00eb","description":"Fqja Zyrtare e Kish\u00ebs Orthodhokse Autoqefale e Shqip\u00ebris\u00eb me lajmet edhe informacionet zyrtare p\u00ebr struktur\u00ebn edhe veprimtarin e saj.","publisher":{"@id":"https:\/\/orthodoxalbania.org\/2020\/#organization"},"potentialAction":[{"@type":"SearchAction","target":{"@type":"EntryPoint","urlTemplate":"https:\/\/orthodoxalbania.org\/2020\/?s={search_term_string}"},"query-input":{"@type":"PropertyValueSpecification","valueRequired":true,"valueName":"search_term_string"}}],"inLanguage":"en-US"},{"@type":"Organization","@id":"https:\/\/orthodoxalbania.org\/2020\/#organization","name":"Kisha Orthodhokse Autoqefale e Shqip\u00ebris\u00eb","url":"https:\/\/orthodoxalbania.org\/2020\/","logo":{"@type":"ImageObject","inLanguage":"en-US","@id":"https:\/\/orthodoxalbania.org\/2020\/#\/schema\/logo\/image\/","url":"https:\/\/orthodoxalbania.org\/2020\/wp-content\/uploads\/2020\/05\/albania.jpeg","contentUrl":"https:\/\/orthodoxalbania.org\/2020\/wp-content\/uploads\/2020\/05\/albania.jpeg","width":540,"height":540,"caption":"Kisha Orthodhokse Autoqefale e Shqip\u00ebris\u00eb"},"image":{"@id":"https:\/\/orthodoxalbania.org\/2020\/#\/schema\/logo\/image\/"},"sameAs":["https:\/\/www.facebook.com\/koash1991"]},{"@type":"Person","@id":"https:\/\/orthodoxalbania.org\/2020\/#\/schema\/person\/0c387634a7063ac612d7ed9ce71c7e86","name":"Kisha Orthodhokse","image":{"@type":"ImageObject","inLanguage":"en-US","@id":"https:\/\/secure.gravatar.com\/avatar\/596e7c417251e30f2fbb9c00e026fce61a695a00e51c889caded71c96cbbdde5?s=96&d=mm&r=g","url":"https:\/\/secure.gravatar.com\/avatar\/596e7c417251e30f2fbb9c00e026fce61a695a00e51c889caded71c96cbbdde5?s=96&d=mm&r=g","contentUrl":"https:\/\/secure.gravatar.com\/avatar\/596e7c417251e30f2fbb9c00e026fce61a695a00e51c889caded71c96cbbdde5?s=96&d=mm&r=g","caption":"Kisha Orthodhokse"}}]}},"_links":{"self":[{"href":"https:\/\/orthodoxalbania.org\/2020\/wp-json\/wp\/v2\/posts\/931","targetHints":{"allow":["GET"]}}],"collection":[{"href":"https:\/\/orthodoxalbania.org\/2020\/wp-json\/wp\/v2\/posts"}],"about":[{"href":"https:\/\/orthodoxalbania.org\/2020\/wp-json\/wp\/v2\/types\/post"}],"author":[{"embeddable":true,"href":"https:\/\/orthodoxalbania.org\/2020\/wp-json\/wp\/v2\/users\/1"}],"replies":[{"embeddable":true,"href":"https:\/\/orthodoxalbania.org\/2020\/wp-json\/wp\/v2\/comments?post=931"}],"version-history":[{"count":1,"href":"https:\/\/orthodoxalbania.org\/2020\/wp-json\/wp\/v2\/posts\/931\/revisions"}],"predecessor-version":[{"id":15412,"href":"https:\/\/orthodoxalbania.org\/2020\/wp-json\/wp\/v2\/posts\/931\/revisions\/15412"}],"wp:attachment":[{"href":"https:\/\/orthodoxalbania.org\/2020\/wp-json\/wp\/v2\/media?parent=931"}],"wp:term":[{"taxonomy":"category","embeddable":true,"href":"https:\/\/orthodoxalbania.org\/2020\/wp-json\/wp\/v2\/categories?post=931"},{"taxonomy":"post_tag","embeddable":true,"href":"https:\/\/orthodoxalbania.org\/2020\/wp-json\/wp\/v2\/tags?post=931"}],"curies":[{"name":"wp","href":"https:\/\/api.w.org\/{rel}","templated":true}]}}