{"id":929,"date":"2006-02-26T00:00:17","date_gmt":"2006-02-26T00:00:17","guid":{"rendered":""},"modified":"2020-04-13T00:31:30","modified_gmt":"2020-04-12T22:31:30","slug":"merry-christmas-from-tirana-s-prison-325-december-2006","status":"publish","type":"post","link":"https:\/\/orthodoxalbania.org\/2020\/en\/2006\/02\/26\/merry-christmas-from-tirana-s-prison-325-december-2006\/","title":{"rendered":"Merry Christmas from Tirana\u2019s Prison 325. (December 2006)"},"content":{"rendered":"<table id=\"AutoNumber4\" style=\"width: 677px; height: 3573px;\" border=\"0\">\n<tbody>\n<tr>\n<td>\n<p style=\"text-align: justify;\"><span style=\"color: #000000;\"><span style=\"font-family: tahoma,geneva,sans-serif;\"><span style=\"font-size: 12px;\">&nbsp;&nbsp;&nbsp; Christmas is a celebration for everyone, for the poor and the rich, a celebration for those who are happy and those who are bitter&#8230; for the free and even for the imprisoned.&nbsp; During this season it is a special blessing to be close to people, especially for those who need kindness, faith and optimism. These people can be found everywhere, in every corner of the planet, as well as in our own country.<\/span><\/span><\/span><\/p>\n<\/td>\n<td>\n<p><span style=\"color: #000000;\"><span style=\"font-family: tahoma,geneva,sans-serif;\"><span style=\"font-size: 12px;\">&nbsp;&nbsp;&nbsp; <img decoding=\"async\" class=\"lazyload HAa Eha\" style=\"border-width: 1px; border-style: solid; margin: 10px auto; display: block;\" alt=\"\" src=\"data:image\/svg+xml,%3Csvg%20xmlns%3D%27http%3A%2F%2Fwww.w3.org%2F2000%2Fsvg%27%20width%3D%27274%27%20height%3D%27206%27%20viewBox%3D%270%200%20274%20206%27%3E%3Crect%20width%3D%27274%27%20height%3D%27206%27%20fill-opacity%3D%220%22%2F%3E%3C%2Fsvg%3E\" data-orig-src=\"https:\/\/lh5.googleusercontent.com\/-07_med3Rv00\/VIgmpTjVz3I\/AAAAAAAAF0w\/z5jQ4BD2V4M\/w370-h278-no\/grate1.jpg\" height=\"206\" width=\"274\" \/><\/span><\/span><\/span><\/p>\n<\/td>\n<\/tr>\n<tr>\n<td>\n<p><span style=\"color: #000000;\"><span style=\"font-family: tahoma,geneva,sans-serif;\"><span style=\"font-size: 12px;\"><img decoding=\"async\" class=\"lazyload HAa Eha\" style=\"border-width: 1px; border-style: solid; margin: 10px auto; display: block;\" alt=\"\" src=\"data:image\/svg+xml,%3Csvg%20xmlns%3D%27http%3A%2F%2Fwww.w3.org%2F2000%2Fsvg%27%20width%3D%27252%27%20height%3D%27190%27%20viewBox%3D%270%200%20252%20190%27%3E%3Crect%20width%3D%27252%27%20height%3D%27190%27%20fill-opacity%3D%220%22%2F%3E%3C%2Fsvg%3E\" data-orig-src=\"https:\/\/lh3.googleusercontent.com\/-0OZk3gGZT_0\/VIgmp-YJtTI\/AAAAAAAAF0I\/Xb9E76uQ1Bc\/w370-h278-no\/grate2.jpg\" height=\"190\" width=\"252\" \/>&nbsp;&nbsp;&nbsp;&nbsp;&nbsp; <\/span><\/span><\/span><\/p>\n<\/td>\n<td>\n<p style=\"text-align: justify;\"><span style=\"color: #000000;\"><span style=\"font-family: tahoma,geneva,sans-serif;\"><span style=\"font-size: 12px;\">&nbsp;&nbsp;&nbsp; There are 220 prisoners in Prison 325 in Tirana. One hundred forty of these are men and 80 are women.&nbsp; For the past 10 years the Autocephalous Orthodox Church of Albania has worked together with the staff and director of this prison to help materially and spiritually and the collaboration has always been genial and effective. This activity began with Archbishop Anastasios\u2019 blessing and support, and continues&nbsp; to aid in a humane rehabilitation of the prisoners.<\/span><\/span><\/span><\/p>\n<\/td>\n<\/tr>\n<tr>\n<td>\n<p style=\"text-align: justify;\"><span style=\"color: #000000;\"><span style=\"font-family: tahoma,geneva,sans-serif;\"><span style=\"font-size: 12px;\">&nbsp;&nbsp;&nbsp; Fr. Sotir Xhaferri and Pres. Marjana took the first steps to create this collaboration which continues today with the caring service of the Orthodox Women\u2019s Office \u201cThe Spread of Love\u201d and some of the Orthodox Missionaries which help in our Church\u2019s humanitarian activities in Albania.<\/span><\/span><\/span><\/p>\n<\/td>\n<td>\n<p><span style=\"color: #000000;\"><span style=\"font-family: tahoma,geneva,sans-serif;\"><span style=\"font-size: 12px;\"><img decoding=\"async\" class=\"lazyload HAa Eha\" style=\"border-width: 1px; border-style: solid; margin: 10px auto; display: block;\" alt=\"\" src=\"data:image\/svg+xml,%3Csvg%20xmlns%3D%27http%3A%2F%2Fwww.w3.org%2F2000%2Fsvg%27%20width%3D%27273%27%20height%3D%27205%27%20viewBox%3D%270%200%20273%20205%27%3E%3Crect%20width%3D%27273%27%20height%3D%27205%27%20fill-opacity%3D%220%22%2F%3E%3C%2Fsvg%3E\" data-orig-src=\"https:\/\/lh5.googleusercontent.com\/-T1cAm4kiObw\/VIgmqPLCTaI\/AAAAAAAAF0Q\/NJpvYe37XFU\/w370-h278-no\/grate3.jpg\" height=\"205\" width=\"273\" \/>&nbsp;&nbsp;&nbsp; <\/span><\/span><\/span><\/p>\n<\/td>\n<\/tr>\n<tr>\n<td>\n<p><span style=\"color: #000000;\"><span style=\"font-family: tahoma,geneva,sans-serif;\"><span style=\"font-size: 12px;\">&nbsp;&nbsp; <img decoding=\"async\" class=\"lazyload HAa Eha\" style=\"border-width: 1px; border-style: solid; margin: 10px auto; display: block;\" alt=\"\" src=\"data:image\/svg+xml,%3Csvg%20xmlns%3D%27http%3A%2F%2Fwww.w3.org%2F2000%2Fsvg%27%20width%3D%27254%27%20height%3D%27191%27%20viewBox%3D%270%200%20254%20191%27%3E%3Crect%20width%3D%27254%27%20height%3D%27191%27%20fill-opacity%3D%220%22%2F%3E%3C%2Fsvg%3E\" data-orig-src=\"https:\/\/lh3.googleusercontent.com\/-2WOwG-bdMpc\/VIgmqV_j6JI\/AAAAAAAAF0o\/Vb-PDHKm8jI\/w370-h278-no\/grate4.jpg\" height=\"191\" width=\"254\" \/>&nbsp;&nbsp; <\/span><\/span><\/span><\/p>\n<\/td>\n<td>\n<p style=\"text-align: justify;\"><span style=\"color: #000000;\"><span style=\"font-family: tahoma,geneva,sans-serif;\"><span style=\"font-size: 12px;\">&nbsp;&nbsp;&nbsp; On Thursday before this Christmas some representatives from our church (including clergy, women, and youth) made a special visit to this prison in which they passed out presents and Christmas icons, and also spent time talking to the prisoners with warmth and spiritual friendship.<\/span><\/span><\/span><\/p>\n<\/td>\n<\/tr>\n<tr>\n<td>\n<p style=\"text-align: justify;\"><span style=\"color: #000000;\"><span style=\"font-family: tahoma,geneva,sans-serif;\"><span style=\"font-size: 12px;\">&nbsp;&nbsp;&nbsp; The leader of the Orthodox Women\u2019s Group, Ms. Rajmonda Shqevi, gave a presentation about all the work and help which our Church has given over these years, stressing the spirit of kindness, humanity and love which characterized this help.<\/span><\/span><\/span><\/p>\n<\/td>\n<td>\n<p><span style=\"color: #000000;\"><span style=\"font-family: tahoma,geneva,sans-serif;\"><span style=\"font-size: 12px;\"><img decoding=\"async\" class=\"lazyload HAa Eha\" style=\"border-width: 1px; border-style: solid; margin: 10px auto; display: block;\" alt=\"\" src=\"data:image\/svg+xml,%3Csvg%20xmlns%3D%27http%3A%2F%2Fwww.w3.org%2F2000%2Fsvg%27%20width%3D%27287%27%20height%3D%27216%27%20viewBox%3D%270%200%20287%20216%27%3E%3Crect%20width%3D%27287%27%20height%3D%27216%27%20fill-opacity%3D%220%22%2F%3E%3C%2Fsvg%3E\" data-orig-src=\"https:\/\/lh6.googleusercontent.com\/-PgP50Q8mf5k\/VIgmqrqxvoI\/AAAAAAAAF0c\/XThtxHyzYjk\/w370-h278-no\/grate5.jpg\" height=\"216\" width=\"287\" \/>&nbsp;&nbsp;&nbsp; <\/span><\/span><\/span><\/p>\n<\/td>\n<\/tr>\n<tr>\n<td>\n<p><span style=\"color: #000000;\"><span style=\"font-family: tahoma,geneva,sans-serif;\"><span style=\"font-size: 12px;\"><img decoding=\"async\" class=\"lazyload HAa Eha\" style=\"border-width: 1px; border-style: solid; margin: 10px auto; display: block;\" alt=\"\" src=\"data:image\/svg+xml,%3Csvg%20xmlns%3D%27http%3A%2F%2Fwww.w3.org%2F2000%2Fsvg%27%20width%3D%27262%27%20height%3D%27197%27%20viewBox%3D%270%200%20262%20197%27%3E%3Crect%20width%3D%27262%27%20height%3D%27197%27%20fill-opacity%3D%220%22%2F%3E%3C%2Fsvg%3E\" data-orig-src=\"https:\/\/lh5.googleusercontent.com\/-UTXa4C_zDq8\/VIgmrCamJMI\/AAAAAAAAF0k\/MJmi7UOduqI\/w370-h278-no\/grate6.jpg\" height=\"197\" width=\"262\" \/><br \/> &nbsp;&nbsp;&nbsp;&nbsp;<\/span><\/span><\/span><\/p>\n<\/td>\n<td>\n<p style=\"text-align: justify;\"><span style=\"color: #000000;\"><span style=\"font-family: tahoma,geneva,sans-serif;\"><span style=\"font-size: 12px;\">&nbsp;&nbsp;&nbsp; Ms. Rajmonda elaborated on the help our Church has given such as paying for the electricity in the women\u2019s section, contributing food and clothing, and building a greenhouse for cultivating flowers and vegetables (a gift by our church in the beginning of 2001).<\/span><\/span><\/span><\/p>\n<\/td>\n<\/tr>\n<tr>\n<td>\n<p style=\"text-align: justify;\"><span style=\"color: #000000;\"><span style=\"font-family: tahoma,geneva,sans-serif;\"><span style=\"font-size: 12px;\">&nbsp;&nbsp;&nbsp; This greenhouse has been a great financial help to the women as all the proceeds from selling their produce goes to the women prisoners.&nbsp; At the same time is has helped the prisoners in a psychological way, giving the women a place to spend time and work through some of their difficulties.<\/span><\/span><\/span><\/p>\n<\/td>\n<td>\n<p><span style=\"color: #000000;\"><span style=\"font-family: tahoma,geneva,sans-serif;\"><span style=\"font-size: 12px;\"><img decoding=\"async\" class=\"lazyload HAa Eha\" style=\"border-width: 1px; border-style: solid; margin: 10px auto; display: block;\" alt=\"\" src=\"data:image\/svg+xml,%3Csvg%20xmlns%3D%27http%3A%2F%2Fwww.w3.org%2F2000%2Fsvg%27%20width%3D%27289%27%20height%3D%27217%27%20viewBox%3D%270%200%20289%20217%27%3E%3Crect%20width%3D%27289%27%20height%3D%27217%27%20fill-opacity%3D%220%22%2F%3E%3C%2Fsvg%3E\" data-orig-src=\"https:\/\/lh3.googleusercontent.com\/-Gwk62xoV8vU\/VIgmruNWyCI\/AAAAAAAAF0s\/UhnupoEcSzg\/w370-h278-no\/grate7.jpg\" height=\"217\" width=\"289\" \/><\/span><\/span><\/span><\/p>\n<\/td>\n<\/tr>\n<tr>\n<td>\n<p><span style=\"color: #000000;\"><span style=\"font-family: tahoma,geneva,sans-serif;\"><span style=\"font-size: 12px;\"><img decoding=\"async\" class=\"lazyload HAa Eha\" style=\"border-width: 1px; border-style: solid; margin: 10px auto; display: block;\" alt=\"\" src=\"data:image\/svg+xml,%3Csvg%20xmlns%3D%27http%3A%2F%2Fwww.w3.org%2F2000%2Fsvg%27%20width%3D%27256%27%20height%3D%27193%27%20viewBox%3D%270%200%20256%20193%27%3E%3Crect%20width%3D%27256%27%20height%3D%27193%27%20fill-opacity%3D%220%22%2F%3E%3C%2Fsvg%3E\" data-orig-src=\"https:\/\/lh4.googleusercontent.com\/-HseYcqKFwjI\/VIgmo_bMxxI\/AAAAAAAAF00\/7rYs0rfDoRc\/w370-h278-no\/burrat1.jpg\" height=\"193\" width=\"256\" \/><\/span><\/span><\/span><\/p>\n<\/td>\n<td>\n<p style=\"text-align: justify;\"><span style=\"color: #000000;\"><span style=\"font-family: tahoma,geneva,sans-serif;\"><span style=\"font-size: 12px;\">&nbsp;&nbsp;&nbsp; Deacon Hector spoke about the meaning of Christmas and said, \u201cFor this holiday we give many presents to each other, but we shouldn\u2019t forget the greatest gift during this time which is the gift God gave all of us: He gave His only-begotten Son, Jesus Christ.&nbsp; Usually we think of salvation as the next life.&nbsp; But salvation begins in this time, in this life.&nbsp; Christ tells us in the Bible that \u2018The Kingdom of Heaven is within you\u2019.&nbsp;<\/span><\/span><\/span><\/p>\n<\/td>\n<\/tr>\n<tr>\n<td>\n<p style=\"text-align: justify;\"><span style=\"color: #000000;\"><span style=\"font-family: tahoma,geneva,sans-serif;\"><span style=\"font-size: 12px;\">&nbsp;&nbsp;&nbsp; The world in which we live surrounds us with evil, but one of Christ\u2019s names is Emanuel which means \u2018God is with us\u2019.&nbsp; So even in life\u2019s greatest difficulties God is with us.&nbsp; We try to live a life in Christ because when God is with us we are all filled with peace, joy and love\u201d<\/span><\/span><\/span><\/p>\n<\/td>\n<td>\n<p><span style=\"color: #000000;\"><span style=\"font-family: tahoma,geneva,sans-serif;\"><span style=\"font-size: 12px;\"><img decoding=\"async\" class=\"lazyload HAa Eha\" style=\"border-width: 1px; border-style: solid; margin: 10px auto; display: block;\" alt=\"\" src=\"data:image\/svg+xml,%3Csvg%20xmlns%3D%27http%3A%2F%2Fwww.w3.org%2F2000%2Fsvg%27%20width%3D%27295%27%20height%3D%27222%27%20viewBox%3D%270%200%20295%20222%27%3E%3Crect%20width%3D%27295%27%20height%3D%27222%27%20fill-opacity%3D%220%22%2F%3E%3C%2Fsvg%3E\" data-orig-src=\"https:\/\/lh3.googleusercontent.com\/-kbzy1f_56g4\/VIgmo-HbxII\/AAAAAAAAF08\/7sqFSYb5QDw\/w370-h278-no\/burrat2.jpg\" height=\"222\" width=\"295\" \/><\/span><\/span><\/span><\/p>\n<\/td>\n<\/tr>\n<tr>\n<td>\n<p><span style=\"color: #000000;\"><span style=\"font-family: tahoma,geneva,sans-serif;\"><span style=\"font-size: 12px;\"><img decoding=\"async\" class=\"lazyload HAa Eha\" style=\"border-width: 1px; border-style: solid; margin: 10px auto; display: block;\" alt=\"\" src=\"data:image\/svg+xml,%3Csvg%20xmlns%3D%27http%3A%2F%2Fwww.w3.org%2F2000%2Fsvg%27%20width%3D%27257%27%20height%3D%27193%27%20viewBox%3D%270%200%20257%20193%27%3E%3Crect%20width%3D%27257%27%20height%3D%27193%27%20fill-opacity%3D%220%22%2F%3E%3C%2Fsvg%3E\" data-orig-src=\"https:\/\/lh3.googleusercontent.com\/-4vWfY4hGxUk\/VIgmotO278I\/AAAAAAAAFzw\/N6FWBn7hCBo\/w370-h278-no\/burrat3.jpg\" height=\"193\" width=\"257\" \/><\/span><\/span><\/span><\/p>\n<\/td>\n<td>\n<p style=\"text-align: justify;\"><span style=\"color: #000000;\"><span style=\"font-family: tahoma,geneva,sans-serif;\"><span style=\"font-size: 12px;\">&nbsp;&nbsp;&nbsp; Hiero-deacon Asti also spoke, saying that people with the belief that God is with us also have a responsibility since they also must be with Him.&nbsp; There comes a time when people take a look at their lives, at all they have done and what they are doing now.&nbsp; And we today understand that before long a year will end and a new one will begin, which demands a new responsibility, a new vision, keeping in mind that we also should be with God and in Him and this can only be accomplished with optimism and love for life, which is a gift from God.<\/span><\/span><\/span><\/p>\n<\/td>\n<\/tr>\n<tr>\n<td>\n<p dir=\"ltr\" style=\"text-align: justify;\"><span style=\"color: #000000;\"><span style=\"font-family: tahoma,geneva,sans-serif;\"><span style=\"font-size: 12px;\">&nbsp;&nbsp;&nbsp; The men and women of this prison met the representatives from our Church with warmth and gratitude for remembering, visiting and helping them.&nbsp; You could feel the mutual love and respect and the joy in the heartfelt wish \u201cMerry Christmas and a Blessed New Year.\u201d<\/span><\/span><\/span><\/p>\n<\/td>\n<td>\n<p><span style=\"color: #000000;\"><span style=\"font-family: tahoma,geneva,sans-serif;\"><span style=\"font-size: 12px;\"><img decoding=\"async\" class=\"lazyload HAa Eha\" style=\"border-width: 1px; border-style: solid; margin: 10px auto; display: block;\" alt=\"\" src=\"data:image\/svg+xml,%3Csvg%20xmlns%3D%27http%3A%2F%2Fwww.w3.org%2F2000%2Fsvg%27%20width%3D%27269%27%20height%3D%27202%27%20viewBox%3D%270%200%20269%20202%27%3E%3Crect%20width%3D%27269%27%20height%3D%27202%27%20fill-opacity%3D%220%22%2F%3E%3C%2Fsvg%3E\" data-orig-src=\"https:\/\/lh4.googleusercontent.com\/-_T6DLXV4BRw\/VIgmpGenVkI\/AAAAAAAAFz8\/72uyiwaEb0Q\/w370-h278-no\/burrat4.jpg\" height=\"202\" width=\"269\" \/><\/span><\/span><\/span><\/p>\n<\/td>\n<\/tr>\n<tr>\n<td colspan=\"2\">\n<p>&nbsp;<\/p>\n<p>&nbsp;<\/p>\n<p><span style=\"color: #000000;\"><span style=\"font-family: tahoma,geneva,sans-serif;\"><span style=\"font-size: 12px;\"><strong>By Isidor Koti &nbsp;&amp; &nbsp;Sonila Dedja<\/strong><\/span><\/span><\/span><\/p>\n<p><span style=\"color: #000000;\"><span style=\"font-family: tahoma,geneva,sans-serif;\"><span style=\"font-size: 12px;\"><strong>Translated by Kristiana Mu\u00e7a and Georgia Gilman<\/strong><\/span><\/span><\/span><\/p>\n<\/td>\n<\/tr>\n<\/tbody>\n<\/table>\n","protected":false},"excerpt":{"rendered":"<p>&nbsp;&nbsp;&nbsp; Christmas is a celebration for everyone, for the poor and the rich, a celebration for those who are happy and those who are bitter&#8230; for the free and even for the imprisoned.&nbsp; During this season it is a special blessing to be close to people, especially for those who need kindness, faith and optimism. These people can be found everywhere, in every corner of<\/p>\n","protected":false},"author":7,"featured_media":0,"comment_status":"open","ping_status":"open","sticky":false,"template":"","format":"standard","meta":{"_acf_changed":false,"pagelayer_contact_templates":[],"_pagelayer_content":"","inline_featured_image":false,"fifu_image_url":"","fifu_image_alt":"","footnotes":""},"categories":[1455,311],"tags":[1113,1185,1832],"class_list":["post-929","post","type-post","status-publish","format-standard","hentry","category-news-en","category-news-d25","tag-2006-en","tag-events","tag-krishtlindje-en"],"acf":[],"yoast_head":"<!-- This site is optimized with the Yoast SEO plugin v27.2 - https:\/\/yoast.com\/product\/yoast-seo-wordpress\/ -->\n<title>Merry Christmas from Tirana\u2019s Prison 325. (December 2006) - Kisha Orthodh\u03bfkse Autoqefale e Shqip\u00ebris\u00eb<\/title>\n<meta name=\"robots\" content=\"index, follow, max-snippet:-1, max-image-preview:large, max-video-preview:-1\" \/>\n<link rel=\"canonical\" href=\"https:\/\/orthodoxalbania.org\/2020\/en\/2006\/02\/26\/merry-christmas-from-tirana-s-prison-325-december-2006\/\" \/>\n<meta property=\"og:locale\" content=\"en_US\" \/>\n<meta property=\"og:type\" content=\"article\" \/>\n<meta property=\"og:title\" content=\"Merry Christmas from Tirana\u2019s Prison 325. (December 2006) - Kisha Orthodh\u03bfkse Autoqefale e Shqip\u00ebris\u00eb\" \/>\n<meta property=\"og:description\" content=\"&nbsp;&nbsp;&nbsp; Christmas is a celebration for everyone, for the poor and the rich, a celebration for those who are happy and those who are bitter&#8230; for the free and even for the imprisoned.&nbsp; During this season it is a special blessing to be close to people, especially for those who need kindness, faith and optimism. These people can be found everywhere, in every corner of\" \/>\n<meta property=\"og:url\" content=\"https:\/\/orthodoxalbania.org\/2020\/en\/2006\/02\/26\/merry-christmas-from-tirana-s-prison-325-december-2006\/\" \/>\n<meta property=\"og:site_name\" content=\"Kisha Orthodh\u03bfkse Autoqefale e Shqip\u00ebris\u00eb\" \/>\n<meta property=\"article:publisher\" content=\"https:\/\/www.facebook.com\/koash1991\" \/>\n<meta property=\"article:published_time\" content=\"2006-02-26T00:00:17+00:00\" \/>\n<meta property=\"article:modified_time\" content=\"2020-04-12T22:31:30+00:00\" \/>\n<meta property=\"og:image\" content=\"https:\/\/lh5.googleusercontent.com\/-07_med3Rv00\/VIgmpTjVz3I\/AAAAAAAAF0w\/z5jQ4BD2V4M\/w370-h278-no\/grate1.jpg\" \/>\n<meta name=\"author\" content=\"Kisha Orthodhokse\" \/>\n<meta name=\"twitter:card\" content=\"summary_large_image\" \/>\n<meta name=\"twitter:label1\" content=\"Written by\" \/>\n\t<meta name=\"twitter:data1\" content=\"Kisha Orthodhokse\" \/>\n\t<meta name=\"twitter:label2\" content=\"Est. reading time\" \/>\n\t<meta name=\"twitter:data2\" content=\"4 minutes\" \/>\n<script type=\"application\/ld+json\" class=\"yoast-schema-graph\">{\"@context\":\"https:\/\/schema.org\",\"@graph\":[{\"@type\":\"Article\",\"@id\":\"https:\/\/orthodoxalbania.org\/2020\/en\/2006\/02\/26\/merry-christmas-from-tirana-s-prison-325-december-2006\/#article\",\"isPartOf\":{\"@id\":\"https:\/\/orthodoxalbania.org\/2020\/en\/2006\/02\/26\/merry-christmas-from-tirana-s-prison-325-december-2006\/\"},\"author\":{\"name\":\"Kisha Orthodhokse\",\"@id\":\"https:\/\/orthodoxalbania.org\/2020\/#\/schema\/person\/df745f942b70e045b3dc05a30211f0de\"},\"headline\":\"Merry Christmas from Tirana\u2019s Prison 325. (December 2006)\",\"datePublished\":\"2006-02-26T00:00:17+00:00\",\"dateModified\":\"2020-04-12T22:31:30+00:00\",\"mainEntityOfPage\":{\"@id\":\"https:\/\/orthodoxalbania.org\/2020\/en\/2006\/02\/26\/merry-christmas-from-tirana-s-prison-325-december-2006\/\"},\"wordCount\":751,\"commentCount\":0,\"publisher\":{\"@id\":\"https:\/\/orthodoxalbania.org\/2020\/#organization\"},\"image\":{\"@id\":\"https:\/\/orthodoxalbania.org\/2020\/en\/2006\/02\/26\/merry-christmas-from-tirana-s-prison-325-december-2006\/#primaryimage\"},\"thumbnailUrl\":\"https:\/\/lh5.googleusercontent.com\/-07_med3Rv00\/VIgmpTjVz3I\/AAAAAAAAF0w\/z5jQ4BD2V4M\/w370-h278-no\/grate1.jpg\",\"keywords\":[\"2006\",\"Events\",\"Krishtlindje\"],\"articleSection\":[\"News - \u0395\u039d\",\"News old page\"],\"inLanguage\":\"en-US\"},{\"@type\":\"WebPage\",\"@id\":\"https:\/\/orthodoxalbania.org\/2020\/en\/2006\/02\/26\/merry-christmas-from-tirana-s-prison-325-december-2006\/\",\"url\":\"https:\/\/orthodoxalbania.org\/2020\/en\/2006\/02\/26\/merry-christmas-from-tirana-s-prison-325-december-2006\/\",\"name\":\"Merry Christmas from Tirana\u2019s Prison 325. (December 2006) - Kisha Orthodh\u03bfkse Autoqefale e Shqip\u00ebris\u00eb\",\"isPartOf\":{\"@id\":\"https:\/\/orthodoxalbania.org\/2020\/#website\"},\"primaryImageOfPage\":{\"@id\":\"https:\/\/orthodoxalbania.org\/2020\/en\/2006\/02\/26\/merry-christmas-from-tirana-s-prison-325-december-2006\/#primaryimage\"},\"image\":{\"@id\":\"https:\/\/orthodoxalbania.org\/2020\/en\/2006\/02\/26\/merry-christmas-from-tirana-s-prison-325-december-2006\/#primaryimage\"},\"thumbnailUrl\":\"https:\/\/lh5.googleusercontent.com\/-07_med3Rv00\/VIgmpTjVz3I\/AAAAAAAAF0w\/z5jQ4BD2V4M\/w370-h278-no\/grate1.jpg\",\"datePublished\":\"2006-02-26T00:00:17+00:00\",\"dateModified\":\"2020-04-12T22:31:30+00:00\",\"breadcrumb\":{\"@id\":\"https:\/\/orthodoxalbania.org\/2020\/en\/2006\/02\/26\/merry-christmas-from-tirana-s-prison-325-december-2006\/#breadcrumb\"},\"inLanguage\":\"en-US\",\"potentialAction\":[{\"@type\":\"ReadAction\",\"target\":[\"https:\/\/orthodoxalbania.org\/2020\/en\/2006\/02\/26\/merry-christmas-from-tirana-s-prison-325-december-2006\/\"]}]},{\"@type\":\"ImageObject\",\"inLanguage\":\"en-US\",\"@id\":\"https:\/\/orthodoxalbania.org\/2020\/en\/2006\/02\/26\/merry-christmas-from-tirana-s-prison-325-december-2006\/#primaryimage\",\"url\":\"https:\/\/lh5.googleusercontent.com\/-07_med3Rv00\/VIgmpTjVz3I\/AAAAAAAAF0w\/z5jQ4BD2V4M\/w370-h278-no\/grate1.jpg\",\"contentUrl\":\"https:\/\/lh5.googleusercontent.com\/-07_med3Rv00\/VIgmpTjVz3I\/AAAAAAAAF0w\/z5jQ4BD2V4M\/w370-h278-no\/grate1.jpg\"},{\"@type\":\"BreadcrumbList\",\"@id\":\"https:\/\/orthodoxalbania.org\/2020\/en\/2006\/02\/26\/merry-christmas-from-tirana-s-prison-325-december-2006\/#breadcrumb\",\"itemListElement\":[{\"@type\":\"ListItem\",\"position\":1,\"name\":\"Home\",\"item\":\"https:\/\/orthodoxalbania.org\/2020\/\"},{\"@type\":\"ListItem\",\"position\":2,\"name\":\"Merry Christmas from Tirana\u2019s Prison 325. (December 2006)\"}]},{\"@type\":\"WebSite\",\"@id\":\"https:\/\/orthodoxalbania.org\/2020\/#website\",\"url\":\"https:\/\/orthodoxalbania.org\/2020\/\",\"name\":\"Kisha Orthodh\u03bfkse Autoqefale e Shqip\u00ebris\u00eb\",\"description\":\"Fqja Zyrtare e Kish\u00ebs Orthodhokse Autoqefale e Shqip\u00ebris\u00eb me lajmet edhe informacionet zyrtare p\u00ebr struktur\u00ebn edhe veprimtarin e saj.\",\"publisher\":{\"@id\":\"https:\/\/orthodoxalbania.org\/2020\/#organization\"},\"potentialAction\":[{\"@type\":\"SearchAction\",\"target\":{\"@type\":\"EntryPoint\",\"urlTemplate\":\"https:\/\/orthodoxalbania.org\/2020\/?s={search_term_string}\"},\"query-input\":{\"@type\":\"PropertyValueSpecification\",\"valueRequired\":true,\"valueName\":\"search_term_string\"}}],\"inLanguage\":\"en-US\"},{\"@type\":\"Organization\",\"@id\":\"https:\/\/orthodoxalbania.org\/2020\/#organization\",\"name\":\"Kisha Orthodhokse Autoqefale e Shqip\u00ebris\u00eb\",\"url\":\"https:\/\/orthodoxalbania.org\/2020\/\",\"logo\":{\"@type\":\"ImageObject\",\"inLanguage\":\"en-US\",\"@id\":\"https:\/\/orthodoxalbania.org\/2020\/#\/schema\/logo\/image\/\",\"url\":\"https:\/\/orthodoxalbania.org\/2020\/wp-content\/uploads\/2020\/05\/albania.jpeg\",\"contentUrl\":\"https:\/\/orthodoxalbania.org\/2020\/wp-content\/uploads\/2020\/05\/albania.jpeg\",\"width\":540,\"height\":540,\"caption\":\"Kisha Orthodhokse Autoqefale e Shqip\u00ebris\u00eb\"},\"image\":{\"@id\":\"https:\/\/orthodoxalbania.org\/2020\/#\/schema\/logo\/image\/\"},\"sameAs\":[\"https:\/\/www.facebook.com\/koash1991\"]},{\"@type\":\"Person\",\"@id\":\"https:\/\/orthodoxalbania.org\/2020\/#\/schema\/person\/df745f942b70e045b3dc05a30211f0de\",\"name\":\"Kisha Orthodhokse\",\"image\":{\"@type\":\"ImageObject\",\"inLanguage\":\"en-US\",\"@id\":\"https:\/\/secure.gravatar.com\/avatar\/2676eb8d97178435c9f691a7871595a1da6c33542dec218bce40885573150e28?s=96&d=mm&r=g\",\"url\":\"https:\/\/secure.gravatar.com\/avatar\/2676eb8d97178435c9f691a7871595a1da6c33542dec218bce40885573150e28?s=96&d=mm&r=g\",\"contentUrl\":\"https:\/\/secure.gravatar.com\/avatar\/2676eb8d97178435c9f691a7871595a1da6c33542dec218bce40885573150e28?s=96&d=mm&r=g\",\"caption\":\"Kisha Orthodhokse\"}}]}<\/script>\n<!-- \/ Yoast SEO plugin. -->","yoast_head_json":{"title":"Merry Christmas from Tirana\u2019s Prison 325. (December 2006) - Kisha Orthodh\u03bfkse Autoqefale e Shqip\u00ebris\u00eb","robots":{"index":"index","follow":"follow","max-snippet":"max-snippet:-1","max-image-preview":"max-image-preview:large","max-video-preview":"max-video-preview:-1"},"canonical":"https:\/\/orthodoxalbania.org\/2020\/en\/2006\/02\/26\/merry-christmas-from-tirana-s-prison-325-december-2006\/","og_locale":"en_US","og_type":"article","og_title":"Merry Christmas from Tirana\u2019s Prison 325. (December 2006) - Kisha Orthodh\u03bfkse Autoqefale e Shqip\u00ebris\u00eb","og_description":"&nbsp;&nbsp;&nbsp; Christmas is a celebration for everyone, for the poor and the rich, a celebration for those who are happy and those who are bitter&#8230; for the free and even for the imprisoned.&nbsp; During this season it is a special blessing to be close to people, especially for those who need kindness, faith and optimism. These people can be found everywhere, in every corner of","og_url":"https:\/\/orthodoxalbania.org\/2020\/en\/2006\/02\/26\/merry-christmas-from-tirana-s-prison-325-december-2006\/","og_site_name":"Kisha Orthodh\u03bfkse Autoqefale e Shqip\u00ebris\u00eb","article_publisher":"https:\/\/www.facebook.com\/koash1991","article_published_time":"2006-02-26T00:00:17+00:00","article_modified_time":"2020-04-12T22:31:30+00:00","og_image":[{"url":"https:\/\/lh5.googleusercontent.com\/-07_med3Rv00\/VIgmpTjVz3I\/AAAAAAAAF0w\/z5jQ4BD2V4M\/w370-h278-no\/grate1.jpg","type":"","width":"","height":""}],"author":"Kisha Orthodhokse","twitter_card":"summary_large_image","twitter_misc":{"Written by":"Kisha Orthodhokse","Est. reading time":"4 minutes"},"schema":{"@context":"https:\/\/schema.org","@graph":[{"@type":"Article","@id":"https:\/\/orthodoxalbania.org\/2020\/en\/2006\/02\/26\/merry-christmas-from-tirana-s-prison-325-december-2006\/#article","isPartOf":{"@id":"https:\/\/orthodoxalbania.org\/2020\/en\/2006\/02\/26\/merry-christmas-from-tirana-s-prison-325-december-2006\/"},"author":{"name":"Kisha Orthodhokse","@id":"https:\/\/orthodoxalbania.org\/2020\/#\/schema\/person\/df745f942b70e045b3dc05a30211f0de"},"headline":"Merry Christmas from Tirana\u2019s Prison 325. (December 2006)","datePublished":"2006-02-26T00:00:17+00:00","dateModified":"2020-04-12T22:31:30+00:00","mainEntityOfPage":{"@id":"https:\/\/orthodoxalbania.org\/2020\/en\/2006\/02\/26\/merry-christmas-from-tirana-s-prison-325-december-2006\/"},"wordCount":751,"commentCount":0,"publisher":{"@id":"https:\/\/orthodoxalbania.org\/2020\/#organization"},"image":{"@id":"https:\/\/orthodoxalbania.org\/2020\/en\/2006\/02\/26\/merry-christmas-from-tirana-s-prison-325-december-2006\/#primaryimage"},"thumbnailUrl":"https:\/\/lh5.googleusercontent.com\/-07_med3Rv00\/VIgmpTjVz3I\/AAAAAAAAF0w\/z5jQ4BD2V4M\/w370-h278-no\/grate1.jpg","keywords":["2006","Events","Krishtlindje"],"articleSection":["News - \u0395\u039d","News old page"],"inLanguage":"en-US"},{"@type":"WebPage","@id":"https:\/\/orthodoxalbania.org\/2020\/en\/2006\/02\/26\/merry-christmas-from-tirana-s-prison-325-december-2006\/","url":"https:\/\/orthodoxalbania.org\/2020\/en\/2006\/02\/26\/merry-christmas-from-tirana-s-prison-325-december-2006\/","name":"Merry Christmas from Tirana\u2019s Prison 325. (December 2006) - Kisha Orthodh\u03bfkse Autoqefale e Shqip\u00ebris\u00eb","isPartOf":{"@id":"https:\/\/orthodoxalbania.org\/2020\/#website"},"primaryImageOfPage":{"@id":"https:\/\/orthodoxalbania.org\/2020\/en\/2006\/02\/26\/merry-christmas-from-tirana-s-prison-325-december-2006\/#primaryimage"},"image":{"@id":"https:\/\/orthodoxalbania.org\/2020\/en\/2006\/02\/26\/merry-christmas-from-tirana-s-prison-325-december-2006\/#primaryimage"},"thumbnailUrl":"https:\/\/lh5.googleusercontent.com\/-07_med3Rv00\/VIgmpTjVz3I\/AAAAAAAAF0w\/z5jQ4BD2V4M\/w370-h278-no\/grate1.jpg","datePublished":"2006-02-26T00:00:17+00:00","dateModified":"2020-04-12T22:31:30+00:00","breadcrumb":{"@id":"https:\/\/orthodoxalbania.org\/2020\/en\/2006\/02\/26\/merry-christmas-from-tirana-s-prison-325-december-2006\/#breadcrumb"},"inLanguage":"en-US","potentialAction":[{"@type":"ReadAction","target":["https:\/\/orthodoxalbania.org\/2020\/en\/2006\/02\/26\/merry-christmas-from-tirana-s-prison-325-december-2006\/"]}]},{"@type":"ImageObject","inLanguage":"en-US","@id":"https:\/\/orthodoxalbania.org\/2020\/en\/2006\/02\/26\/merry-christmas-from-tirana-s-prison-325-december-2006\/#primaryimage","url":"https:\/\/lh5.googleusercontent.com\/-07_med3Rv00\/VIgmpTjVz3I\/AAAAAAAAF0w\/z5jQ4BD2V4M\/w370-h278-no\/grate1.jpg","contentUrl":"https:\/\/lh5.googleusercontent.com\/-07_med3Rv00\/VIgmpTjVz3I\/AAAAAAAAF0w\/z5jQ4BD2V4M\/w370-h278-no\/grate1.jpg"},{"@type":"BreadcrumbList","@id":"https:\/\/orthodoxalbania.org\/2020\/en\/2006\/02\/26\/merry-christmas-from-tirana-s-prison-325-december-2006\/#breadcrumb","itemListElement":[{"@type":"ListItem","position":1,"name":"Home","item":"https:\/\/orthodoxalbania.org\/2020\/"},{"@type":"ListItem","position":2,"name":"Merry Christmas from Tirana\u2019s Prison 325. (December 2006)"}]},{"@type":"WebSite","@id":"https:\/\/orthodoxalbania.org\/2020\/#website","url":"https:\/\/orthodoxalbania.org\/2020\/","name":"Kisha Orthodh\u03bfkse Autoqefale e Shqip\u00ebris\u00eb","description":"Fqja Zyrtare e Kish\u00ebs Orthodhokse Autoqefale e Shqip\u00ebris\u00eb me lajmet edhe informacionet zyrtare p\u00ebr struktur\u00ebn edhe veprimtarin e saj.","publisher":{"@id":"https:\/\/orthodoxalbania.org\/2020\/#organization"},"potentialAction":[{"@type":"SearchAction","target":{"@type":"EntryPoint","urlTemplate":"https:\/\/orthodoxalbania.org\/2020\/?s={search_term_string}"},"query-input":{"@type":"PropertyValueSpecification","valueRequired":true,"valueName":"search_term_string"}}],"inLanguage":"en-US"},{"@type":"Organization","@id":"https:\/\/orthodoxalbania.org\/2020\/#organization","name":"Kisha Orthodhokse Autoqefale e Shqip\u00ebris\u00eb","url":"https:\/\/orthodoxalbania.org\/2020\/","logo":{"@type":"ImageObject","inLanguage":"en-US","@id":"https:\/\/orthodoxalbania.org\/2020\/#\/schema\/logo\/image\/","url":"https:\/\/orthodoxalbania.org\/2020\/wp-content\/uploads\/2020\/05\/albania.jpeg","contentUrl":"https:\/\/orthodoxalbania.org\/2020\/wp-content\/uploads\/2020\/05\/albania.jpeg","width":540,"height":540,"caption":"Kisha Orthodhokse Autoqefale e Shqip\u00ebris\u00eb"},"image":{"@id":"https:\/\/orthodoxalbania.org\/2020\/#\/schema\/logo\/image\/"},"sameAs":["https:\/\/www.facebook.com\/koash1991"]},{"@type":"Person","@id":"https:\/\/orthodoxalbania.org\/2020\/#\/schema\/person\/df745f942b70e045b3dc05a30211f0de","name":"Kisha Orthodhokse","image":{"@type":"ImageObject","inLanguage":"en-US","@id":"https:\/\/secure.gravatar.com\/avatar\/2676eb8d97178435c9f691a7871595a1da6c33542dec218bce40885573150e28?s=96&d=mm&r=g","url":"https:\/\/secure.gravatar.com\/avatar\/2676eb8d97178435c9f691a7871595a1da6c33542dec218bce40885573150e28?s=96&d=mm&r=g","contentUrl":"https:\/\/secure.gravatar.com\/avatar\/2676eb8d97178435c9f691a7871595a1da6c33542dec218bce40885573150e28?s=96&d=mm&r=g","caption":"Kisha Orthodhokse"}}]}},"_links":{"self":[{"href":"https:\/\/orthodoxalbania.org\/2020\/wp-json\/wp\/v2\/posts\/929","targetHints":{"allow":["GET"]}}],"collection":[{"href":"https:\/\/orthodoxalbania.org\/2020\/wp-json\/wp\/v2\/posts"}],"about":[{"href":"https:\/\/orthodoxalbania.org\/2020\/wp-json\/wp\/v2\/types\/post"}],"author":[{"embeddable":true,"href":"https:\/\/orthodoxalbania.org\/2020\/wp-json\/wp\/v2\/users\/7"}],"replies":[{"embeddable":true,"href":"https:\/\/orthodoxalbania.org\/2020\/wp-json\/wp\/v2\/comments?post=929"}],"version-history":[{"count":1,"href":"https:\/\/orthodoxalbania.org\/2020\/wp-json\/wp\/v2\/posts\/929\/revisions"}],"predecessor-version":[{"id":18065,"href":"https:\/\/orthodoxalbania.org\/2020\/wp-json\/wp\/v2\/posts\/929\/revisions\/18065"}],"wp:attachment":[{"href":"https:\/\/orthodoxalbania.org\/2020\/wp-json\/wp\/v2\/media?parent=929"}],"wp:term":[{"taxonomy":"category","embeddable":true,"href":"https:\/\/orthodoxalbania.org\/2020\/wp-json\/wp\/v2\/categories?post=929"},{"taxonomy":"post_tag","embeddable":true,"href":"https:\/\/orthodoxalbania.org\/2020\/wp-json\/wp\/v2\/tags?post=929"}],"curies":[{"name":"wp","href":"https:\/\/api.w.org\/{rel}","templated":true}]}}