{"id":921,"date":"2009-03-13T10:28:33","date_gmt":"2009-03-13T10:28:33","guid":{"rendered":""},"modified":"2020-04-06T22:35:08","modified_gmt":"2020-04-06T20:35:08","slug":"meditojme-se-bashku-mbi-lindjen-e-shpetimtarit","status":"publish","type":"post","link":"https:\/\/orthodoxalbania.org\/2020\/2009\/03\/13\/meditojme-se-bashku-mbi-lindjen-e-shpetimtarit\/","title":{"rendered":"Meditojm\u00eb s\u00eb bashku mbi Lindjen e Shp\u00ebtimtarit. (17 Dhjetor 2009)"},"content":{"rendered":"<div class=\"style10\" style=\"text-align: justify;\"> <span style=\"color: #000000;\"><span style=\"font-family: tahoma,geneva,sans-serif;\"><span style=\"font-size: 12px;\">&nbsp;<img decoding=\"async\" class=\"lazyload HAa Eha\" style=\"height: 187px; width: 300px; border-width: 1px; border-style: solid; margin: 5px 10px; float: left;\" alt=\"\" src=\"data:image\/gif;base64,R0lGODlhAQABAAAAACH5BAEKAAEALAAAAAABAAEAAAICTAEAOw==\" data-orig-src=\"https:\/\/lh4.googleusercontent.com\/-YqCX-IcpmzI\/U_2gEDUXPyI\/AAAAAAAABVo\/kT5W4DqCaok\/w448-h279-no\/1.jpg\" \/>&nbsp;&nbsp; G\u00ebzimi i fest\u00ebs s\u00eb Lindjes s\u00eb Krishtit filloi t\u00eb mbush\u00eb ambientin e Qendr\u00ebs Studentore t\u00eb Kish\u00ebs orthodhokse q\u00eb prej fillimit t\u00eb dhjetorit. Dritat&nbsp; e shumta q\u00eb ndri\u00e7onin Qendr\u00ebn shp\u00ebrndanin qet\u00ebsisht lajmin m\u00eb t\u00eb bukur n\u00eb bot\u00eb, q\u00eb s\u00eb shpejti Drita e bot\u00ebs do t\u00eb lind\u00eb n\u00eb shpell\u00eb t\u00eb err\u00ebt.&nbsp; Dit\u00ebt pasojn\u00eb nj\u00ebra tjetr\u00ebn dhe ja, t\u00eb enjten, m\u00eb 17 Dhjetor 2009, Qendra Studentore do t\u00eb organizonte nj\u00eb takim t\u00eb ve\u00e7ant\u00eb me rastin e Lindjes s\u00eb Shp\u00ebtimtarit t\u00eb bot\u00ebs. Kjo dit\u00eb nisi me nj\u00eb bekim t\u00eb ve\u00e7ant\u00eb. Nikolla, nj\u00eb an\u00ebtar i rregullt i Qendr\u00ebs Studentore, paraditen e s\u00eb enjtes, u b\u00eb an\u00ebtar i Kish\u00ebs son\u00eb. Pag\u00ebzimi u krye nga at\u00eb Viktor B\u00ebrdufi, n\u00eb Kish\u00ebn e Ungjill\u00ebzimit, Tiran\u00eb. S\u00eb bashku me t\u00eb af\u00ebrmit e tij n\u00eb g\u00ebzim merrnin pjes\u00eb dhe miqt\u00eb e tij student\u00eb.<\/span><\/span><\/span><\/div>\n<div class=\"style10\" style=\"text-align: justify;\"> <span style=\"color: #000000;\"><span style=\"font-family: tahoma,geneva,sans-serif;\"><span style=\"font-size: 12px;\">&nbsp;&nbsp;&nbsp; Nd\u00ebrsa pasditja e s\u00eb enjtes, do t\u00eb mblidhte s\u00eb bashku rreth 70 student\u00eb p\u00ebr t\u00eb medituar mbi p\u00ebrgatitjen e ardhjes s\u00eb Shp\u00ebtimtarit. Meditimi p\u00ebrmbante shpjegime mbi kuptimin e fest\u00ebs s\u00eb Krishtlindjes, k\u00ebng\u00eb dhe himne t\u00eb ndryshme, dhe p\u00ebrgjigje t\u00eb r\u00ebnd\u00ebsishme p\u00ebr pyetjen se \u00e7far\u00eb do t\u2019i dhurojm\u00eb ne Krishtit q\u00eb po vjen t\u00eb lind\u00eb n\u00eb shpell\u00ebn e ftoht\u00eb t\u00eb Betlehemit.<\/span><\/span><\/span><\/div>\n<div class=\"style10\" style=\"text-align: justify;\"> <span style=\"color: #000000;\"><span style=\"font-family: tahoma,geneva,sans-serif;\"><span style=\"font-size: 12px;\">&nbsp;&nbsp;&nbsp; Pas meditimit, Luranti i veshur me \u201ckostumin\u201d tradicional, u shpjegoi student\u00ebve historin\u00eb e shenjtorit dhe pse ndajm\u00eb dhurata k\u00ebto dit\u00eb festive. Ky meditim u mbyll n\u00eb tingujt e urimit \u201cG\u00ebzuar Krishtlindjet\u201d. Ai i dha \u00e7do studenti nga nj\u00eb dhurat\u00eb p\u00ebr Krishtlindje, e cila p\u00ebrmbante librin \u201cMesazhe Hyjnore\u201d, Kalendarin e vog\u00ebl t\u00eb vitit 2010, nj\u00eb komboskin dhe nga nj\u00eb ikon\u00eb shenjtori. Me kuptim m\u00eb t\u00eb thell\u00eb p\u00ebr k\u00ebt\u00eb t\u00eb kremte t\u00eb madhe student\u00ebt u larguan nga Qendra studentore duke iu uruar secilit: \u201cKrishtlindje t\u00eb bekuara\u201d.<\/span><\/span><\/span><\/div>\n<div class=\"style10\" style=\"text-align: justify;\">&nbsp;<\/div>\n<div class=\"style10\" style=\"text-align: right;\"><span style=\"color: #000000;\"><span style=\"font-family: tahoma,geneva,sans-serif;\"><span style=\"font-size: 12px;\"><strong>Ana Baba<\/strong><\/span><\/span><\/span><\/div>\n<table border=\"0\">\n<tbody>\n<tr>\n<td>\n<div><span style=\"color: #000000;\"><span style=\"font-family: tahoma,geneva,sans-serif;\"><span style=\"font-size: 12px;\"><img decoding=\"async\" class=\"lazyload HAa Eha\" style=\"height: 200px; width: 300px; border-width: 1px; border-style: solid; margin: 10px;\" alt=\"\" src=\"data:image\/gif;base64,R0lGODlhAQABAAAAACH5BAEKAAEALAAAAAABAAEAAAICTAEAOw==\" data-orig-src=\"https:\/\/lh3.googleusercontent.com\/-9AAcjFyS_LA\/U_2gEAXU__I\/AAAAAAAABVw\/8N4KcouapWo\/w448-h299-no\/2.jpg\" \/><\/span><\/span><\/span><\/div>\n<\/td>\n<td>\n<div><span style=\"color: #000000;\"><span style=\"font-family: tahoma,geneva,sans-serif;\"><span style=\"font-size: 12px;\"><img decoding=\"async\" class=\"lazyload HAa Eha\" style=\"width: 300px; height: 225px; border-width: 1px; border-style: solid; margin: 10px;\" alt=\"\" src=\"data:image\/gif;base64,R0lGODlhAQABAAAAACH5BAEKAAEALAAAAAABAAEAAAICTAEAOw==\" data-orig-src=\"https:\/\/lh4.googleusercontent.com\/-Aong-iXos80\/U_2gEPBlyPI\/AAAAAAAABV0\/WLkGO2mddb4\/w448-h336-no\/3.jpg\" \/><\/span><\/span><\/span><\/div>\n<\/td>\n<\/tr>\n<tr>\n<td>\n<div><span style=\"color: #000000;\"><span style=\"font-family: tahoma,geneva,sans-serif;\"><span style=\"font-size: 12px;\"><img decoding=\"async\" class=\"lazyload HAa Eha\" style=\"height: 296px; width: 300px; border-width: 1px; border-style: solid; margin: 10px;\" alt=\"\" src=\"data:image\/gif;base64,R0lGODlhAQABAAAAACH5BAEKAAEALAAAAAABAAEAAAICTAEAOw==\" data-orig-src=\"https:\/\/lh4.googleusercontent.com\/-t8IP-VyY2bA\/U_2gFu_IV-I\/AAAAAAAABWE\/vOVwHXLiWes\/w340-h336-no\/4.jpg\" \/><\/span><\/span><\/span><\/div>\n<\/td>\n<td>\n<div><span style=\"color: #000000;\"><span style=\"font-family: tahoma,geneva,sans-serif;\"><span style=\"font-size: 12px;\"><img decoding=\"async\" class=\"lazyload HAa Eha\" style=\"height: 400px; width: 300px; border-width: 1px; border-style: solid; margin: 10px;\" alt=\"\" src=\"data:image\/gif;base64,R0lGODlhAQABAAAAACH5BAEKAAEALAAAAAABAAEAAAICTAEAOw==\" data-orig-src=\"https:\/\/lh6.googleusercontent.com\/-HGA0tkg4vhA\/U_2gFjYDu5I\/AAAAAAAABWA\/nYUe3BEcE08\/w336-h448-no\/5.jpg\" \/><\/span><\/span><\/span><\/div>\n<\/td>\n<\/tr>\n<\/tbody>\n<\/table>\n","protected":false},"excerpt":{"rendered":"<p>&nbsp;&nbsp;&nbsp; G\u00ebzimi i fest\u00ebs s\u00eb Lindjes s\u00eb Krishtit filloi t\u00eb mbush\u00eb ambientin e Qendr\u00ebs Studentore t\u00eb Kish\u00ebs orthodhokse q\u00eb prej fillimit t\u00eb dhjetorit. Dritat&nbsp; e shumta q\u00eb ndri\u00e7onin Qendr\u00ebn shp\u00ebrndanin qet\u00ebsisht lajmin m\u00eb t\u00eb bukur n\u00eb bot\u00eb, q\u00eb s\u00eb shpejti Drita e bot\u00ebs do t\u00eb lind\u00eb n\u00eb shpell\u00eb t\u00eb err\u00ebt.&nbsp; Dit\u00ebt pasojn\u00eb nj\u00ebra tjetr\u00ebn dhe ja, t\u00eb enjten, m\u00eb 17 Dhjetor 2009, Qendra Studentore do<\/p>\n","protected":false},"author":1,"featured_media":0,"comment_status":"open","ping_status":"open","sticky":false,"template":"","format":"standard","meta":{"_acf_changed":false,"pagelayer_contact_templates":[],"_pagelayer_content":"","inline_featured_image":false,"fifu_image_url":"","fifu_image_alt":"","footnotes":""},"categories":[108],"tags":[145,192,196,212],"class_list":["post-921","post","type-post","status-publish","format-standard","hentry","category-lajme","tag-145","tag-krishtlindje","tag-tirane","tag-lajme-d27"],"acf":[],"yoast_head":"<!-- This site is optimized with the Yoast SEO plugin v27.2 - https:\/\/yoast.com\/product\/yoast-seo-wordpress\/ -->\n<title>Meditojm\u00eb s\u00eb bashku mbi Lindjen e Shp\u00ebtimtarit. (17 Dhjetor 2009) - Kisha Orthodh\u03bfkse Autoqefale e Shqip\u00ebris\u00eb<\/title>\n<meta name=\"robots\" content=\"index, follow, max-snippet:-1, max-image-preview:large, max-video-preview:-1\" \/>\n<link rel=\"canonical\" href=\"https:\/\/orthodoxalbania.org\/2020\/2009\/03\/13\/meditojme-se-bashku-mbi-lindjen-e-shpetimtarit\/\" \/>\n<meta property=\"og:locale\" content=\"en_US\" \/>\n<meta property=\"og:type\" content=\"article\" \/>\n<meta property=\"og:title\" content=\"Meditojm\u00eb s\u00eb bashku mbi Lindjen e Shp\u00ebtimtarit. (17 Dhjetor 2009) - Kisha Orthodh\u03bfkse Autoqefale e Shqip\u00ebris\u00eb\" \/>\n<meta property=\"og:description\" content=\"&nbsp;&nbsp;&nbsp; G\u00ebzimi i fest\u00ebs s\u00eb Lindjes s\u00eb Krishtit filloi t\u00eb mbush\u00eb ambientin e Qendr\u00ebs Studentore t\u00eb Kish\u00ebs orthodhokse q\u00eb prej fillimit t\u00eb dhjetorit. Dritat&nbsp; e shumta q\u00eb ndri\u00e7onin Qendr\u00ebn shp\u00ebrndanin qet\u00ebsisht lajmin m\u00eb t\u00eb bukur n\u00eb bot\u00eb, q\u00eb s\u00eb shpejti Drita e bot\u00ebs do t\u00eb lind\u00eb n\u00eb shpell\u00eb t\u00eb err\u00ebt.&nbsp; Dit\u00ebt pasojn\u00eb nj\u00ebra tjetr\u00ebn dhe ja, t\u00eb enjten, m\u00eb 17 Dhjetor 2009, Qendra Studentore do\" \/>\n<meta property=\"og:url\" content=\"https:\/\/orthodoxalbania.org\/2020\/2009\/03\/13\/meditojme-se-bashku-mbi-lindjen-e-shpetimtarit\/\" \/>\n<meta property=\"og:site_name\" content=\"Kisha Orthodh\u03bfkse Autoqefale e Shqip\u00ebris\u00eb\" \/>\n<meta property=\"article:publisher\" content=\"https:\/\/www.facebook.com\/koash1991\" \/>\n<meta property=\"article:published_time\" content=\"2009-03-13T10:28:33+00:00\" \/>\n<meta property=\"article:modified_time\" content=\"2020-04-06T20:35:08+00:00\" \/>\n<meta property=\"og:image\" content=\"https:\/\/lh4.googleusercontent.com\/-YqCX-IcpmzI\/U_2gEDUXPyI\/AAAAAAAABVo\/kT5W4DqCaok\/w448-h279-no\/1.jpg\" \/>\n<meta name=\"author\" content=\"Kisha Orthodhokse\" \/>\n<meta name=\"twitter:card\" content=\"summary_large_image\" \/>\n<meta name=\"twitter:label1\" content=\"Written by\" \/>\n\t<meta name=\"twitter:data1\" content=\"Kisha Orthodhokse\" \/>\n\t<meta name=\"twitter:label2\" content=\"Est. reading time\" \/>\n\t<meta name=\"twitter:data2\" content=\"2 minutes\" \/>\n<script type=\"application\/ld+json\" class=\"yoast-schema-graph\">{\"@context\":\"https:\/\/schema.org\",\"@graph\":[{\"@type\":\"Article\",\"@id\":\"https:\/\/orthodoxalbania.org\/2020\/2009\/03\/13\/meditojme-se-bashku-mbi-lindjen-e-shpetimtarit\/#article\",\"isPartOf\":{\"@id\":\"https:\/\/orthodoxalbania.org\/2020\/2009\/03\/13\/meditojme-se-bashku-mbi-lindjen-e-shpetimtarit\/\"},\"author\":{\"name\":\"Kisha Orthodhokse\",\"@id\":\"https:\/\/orthodoxalbania.org\/2020\/#\/schema\/person\/0c387634a7063ac612d7ed9ce71c7e86\"},\"headline\":\"Meditojm\u00eb s\u00eb bashku mbi Lindjen e Shp\u00ebtimtarit. (17 Dhjetor 2009)\",\"datePublished\":\"2009-03-13T10:28:33+00:00\",\"dateModified\":\"2020-04-06T20:35:08+00:00\",\"mainEntityOfPage\":{\"@id\":\"https:\/\/orthodoxalbania.org\/2020\/2009\/03\/13\/meditojme-se-bashku-mbi-lindjen-e-shpetimtarit\/\"},\"wordCount\":344,\"commentCount\":0,\"publisher\":{\"@id\":\"https:\/\/orthodoxalbania.org\/2020\/#organization\"},\"image\":{\"@id\":\"https:\/\/orthodoxalbania.org\/2020\/2009\/03\/13\/meditojme-se-bashku-mbi-lindjen-e-shpetimtarit\/#primaryimage\"},\"thumbnailUrl\":\"https:\/\/lh4.googleusercontent.com\/-YqCX-IcpmzI\/U_2gEDUXPyI\/AAAAAAAABVo\/kT5W4DqCaok\/w448-h279-no\/1.jpg\",\"keywords\":[\"2009\",\"Krishtlindje\",\"Kryepiskopata Tiran\u00eb\",\"lajme\"],\"articleSection\":[\"Lajme\"],\"inLanguage\":\"en-US\"},{\"@type\":\"WebPage\",\"@id\":\"https:\/\/orthodoxalbania.org\/2020\/2009\/03\/13\/meditojme-se-bashku-mbi-lindjen-e-shpetimtarit\/\",\"url\":\"https:\/\/orthodoxalbania.org\/2020\/2009\/03\/13\/meditojme-se-bashku-mbi-lindjen-e-shpetimtarit\/\",\"name\":\"Meditojm\u00eb s\u00eb bashku mbi Lindjen e Shp\u00ebtimtarit. (17 Dhjetor 2009) - Kisha Orthodh\u03bfkse Autoqefale e Shqip\u00ebris\u00eb\",\"isPartOf\":{\"@id\":\"https:\/\/orthodoxalbania.org\/2020\/#website\"},\"primaryImageOfPage\":{\"@id\":\"https:\/\/orthodoxalbania.org\/2020\/2009\/03\/13\/meditojme-se-bashku-mbi-lindjen-e-shpetimtarit\/#primaryimage\"},\"image\":{\"@id\":\"https:\/\/orthodoxalbania.org\/2020\/2009\/03\/13\/meditojme-se-bashku-mbi-lindjen-e-shpetimtarit\/#primaryimage\"},\"thumbnailUrl\":\"https:\/\/lh4.googleusercontent.com\/-YqCX-IcpmzI\/U_2gEDUXPyI\/AAAAAAAABVo\/kT5W4DqCaok\/w448-h279-no\/1.jpg\",\"datePublished\":\"2009-03-13T10:28:33+00:00\",\"dateModified\":\"2020-04-06T20:35:08+00:00\",\"breadcrumb\":{\"@id\":\"https:\/\/orthodoxalbania.org\/2020\/2009\/03\/13\/meditojme-se-bashku-mbi-lindjen-e-shpetimtarit\/#breadcrumb\"},\"inLanguage\":\"en-US\",\"potentialAction\":[{\"@type\":\"ReadAction\",\"target\":[\"https:\/\/orthodoxalbania.org\/2020\/2009\/03\/13\/meditojme-se-bashku-mbi-lindjen-e-shpetimtarit\/\"]}]},{\"@type\":\"ImageObject\",\"inLanguage\":\"en-US\",\"@id\":\"https:\/\/orthodoxalbania.org\/2020\/2009\/03\/13\/meditojme-se-bashku-mbi-lindjen-e-shpetimtarit\/#primaryimage\",\"url\":\"https:\/\/lh4.googleusercontent.com\/-YqCX-IcpmzI\/U_2gEDUXPyI\/AAAAAAAABVo\/kT5W4DqCaok\/w448-h279-no\/1.jpg\",\"contentUrl\":\"https:\/\/lh4.googleusercontent.com\/-YqCX-IcpmzI\/U_2gEDUXPyI\/AAAAAAAABVo\/kT5W4DqCaok\/w448-h279-no\/1.jpg\"},{\"@type\":\"BreadcrumbList\",\"@id\":\"https:\/\/orthodoxalbania.org\/2020\/2009\/03\/13\/meditojme-se-bashku-mbi-lindjen-e-shpetimtarit\/#breadcrumb\",\"itemListElement\":[{\"@type\":\"ListItem\",\"position\":1,\"name\":\"Home\",\"item\":\"https:\/\/orthodoxalbania.org\/2020\/\"},{\"@type\":\"ListItem\",\"position\":2,\"name\":\"Meditojm\u00eb s\u00eb bashku mbi Lindjen e Shp\u00ebtimtarit. (17 Dhjetor 2009)\"}]},{\"@type\":\"WebSite\",\"@id\":\"https:\/\/orthodoxalbania.org\/2020\/#website\",\"url\":\"https:\/\/orthodoxalbania.org\/2020\/\",\"name\":\"Kisha Orthodh\u03bfkse Autoqefale e Shqip\u00ebris\u00eb\",\"description\":\"Fqja Zyrtare e Kish\u00ebs Orthodhokse Autoqefale e Shqip\u00ebris\u00eb me lajmet edhe informacionet zyrtare p\u00ebr struktur\u00ebn edhe veprimtarin e saj.\",\"publisher\":{\"@id\":\"https:\/\/orthodoxalbania.org\/2020\/#organization\"},\"potentialAction\":[{\"@type\":\"SearchAction\",\"target\":{\"@type\":\"EntryPoint\",\"urlTemplate\":\"https:\/\/orthodoxalbania.org\/2020\/?s={search_term_string}\"},\"query-input\":{\"@type\":\"PropertyValueSpecification\",\"valueRequired\":true,\"valueName\":\"search_term_string\"}}],\"inLanguage\":\"en-US\"},{\"@type\":\"Organization\",\"@id\":\"https:\/\/orthodoxalbania.org\/2020\/#organization\",\"name\":\"Kisha Orthodhokse Autoqefale e Shqip\u00ebris\u00eb\",\"url\":\"https:\/\/orthodoxalbania.org\/2020\/\",\"logo\":{\"@type\":\"ImageObject\",\"inLanguage\":\"en-US\",\"@id\":\"https:\/\/orthodoxalbania.org\/2020\/#\/schema\/logo\/image\/\",\"url\":\"https:\/\/orthodoxalbania.org\/2020\/wp-content\/uploads\/2020\/05\/albania.jpeg\",\"contentUrl\":\"https:\/\/orthodoxalbania.org\/2020\/wp-content\/uploads\/2020\/05\/albania.jpeg\",\"width\":540,\"height\":540,\"caption\":\"Kisha Orthodhokse Autoqefale e Shqip\u00ebris\u00eb\"},\"image\":{\"@id\":\"https:\/\/orthodoxalbania.org\/2020\/#\/schema\/logo\/image\/\"},\"sameAs\":[\"https:\/\/www.facebook.com\/koash1991\"]},{\"@type\":\"Person\",\"@id\":\"https:\/\/orthodoxalbania.org\/2020\/#\/schema\/person\/0c387634a7063ac612d7ed9ce71c7e86\",\"name\":\"Kisha Orthodhokse\",\"image\":{\"@type\":\"ImageObject\",\"inLanguage\":\"en-US\",\"@id\":\"https:\/\/secure.gravatar.com\/avatar\/596e7c417251e30f2fbb9c00e026fce61a695a00e51c889caded71c96cbbdde5?s=96&d=mm&r=g\",\"url\":\"https:\/\/secure.gravatar.com\/avatar\/596e7c417251e30f2fbb9c00e026fce61a695a00e51c889caded71c96cbbdde5?s=96&d=mm&r=g\",\"contentUrl\":\"https:\/\/secure.gravatar.com\/avatar\/596e7c417251e30f2fbb9c00e026fce61a695a00e51c889caded71c96cbbdde5?s=96&d=mm&r=g\",\"caption\":\"Kisha Orthodhokse\"}}]}<\/script>\n<!-- \/ Yoast SEO plugin. -->","yoast_head_json":{"title":"Meditojm\u00eb s\u00eb bashku mbi Lindjen e Shp\u00ebtimtarit. (17 Dhjetor 2009) - Kisha Orthodh\u03bfkse Autoqefale e Shqip\u00ebris\u00eb","robots":{"index":"index","follow":"follow","max-snippet":"max-snippet:-1","max-image-preview":"max-image-preview:large","max-video-preview":"max-video-preview:-1"},"canonical":"https:\/\/orthodoxalbania.org\/2020\/2009\/03\/13\/meditojme-se-bashku-mbi-lindjen-e-shpetimtarit\/","og_locale":"en_US","og_type":"article","og_title":"Meditojm\u00eb s\u00eb bashku mbi Lindjen e Shp\u00ebtimtarit. (17 Dhjetor 2009) - Kisha Orthodh\u03bfkse Autoqefale e Shqip\u00ebris\u00eb","og_description":"&nbsp;&nbsp;&nbsp; G\u00ebzimi i fest\u00ebs s\u00eb Lindjes s\u00eb Krishtit filloi t\u00eb mbush\u00eb ambientin e Qendr\u00ebs Studentore t\u00eb Kish\u00ebs orthodhokse q\u00eb prej fillimit t\u00eb dhjetorit. Dritat&nbsp; e shumta q\u00eb ndri\u00e7onin Qendr\u00ebn shp\u00ebrndanin qet\u00ebsisht lajmin m\u00eb t\u00eb bukur n\u00eb bot\u00eb, q\u00eb s\u00eb shpejti Drita e bot\u00ebs do t\u00eb lind\u00eb n\u00eb shpell\u00eb t\u00eb err\u00ebt.&nbsp; Dit\u00ebt pasojn\u00eb nj\u00ebra tjetr\u00ebn dhe ja, t\u00eb enjten, m\u00eb 17 Dhjetor 2009, Qendra Studentore do","og_url":"https:\/\/orthodoxalbania.org\/2020\/2009\/03\/13\/meditojme-se-bashku-mbi-lindjen-e-shpetimtarit\/","og_site_name":"Kisha Orthodh\u03bfkse Autoqefale e Shqip\u00ebris\u00eb","article_publisher":"https:\/\/www.facebook.com\/koash1991","article_published_time":"2009-03-13T10:28:33+00:00","article_modified_time":"2020-04-06T20:35:08+00:00","og_image":[{"url":"https:\/\/lh4.googleusercontent.com\/-YqCX-IcpmzI\/U_2gEDUXPyI\/AAAAAAAABVo\/kT5W4DqCaok\/w448-h279-no\/1.jpg","type":"","width":"","height":""}],"author":"Kisha Orthodhokse","twitter_card":"summary_large_image","twitter_misc":{"Written by":"Kisha Orthodhokse","Est. reading time":"2 minutes"},"schema":{"@context":"https:\/\/schema.org","@graph":[{"@type":"Article","@id":"https:\/\/orthodoxalbania.org\/2020\/2009\/03\/13\/meditojme-se-bashku-mbi-lindjen-e-shpetimtarit\/#article","isPartOf":{"@id":"https:\/\/orthodoxalbania.org\/2020\/2009\/03\/13\/meditojme-se-bashku-mbi-lindjen-e-shpetimtarit\/"},"author":{"name":"Kisha Orthodhokse","@id":"https:\/\/orthodoxalbania.org\/2020\/#\/schema\/person\/0c387634a7063ac612d7ed9ce71c7e86"},"headline":"Meditojm\u00eb s\u00eb bashku mbi Lindjen e Shp\u00ebtimtarit. (17 Dhjetor 2009)","datePublished":"2009-03-13T10:28:33+00:00","dateModified":"2020-04-06T20:35:08+00:00","mainEntityOfPage":{"@id":"https:\/\/orthodoxalbania.org\/2020\/2009\/03\/13\/meditojme-se-bashku-mbi-lindjen-e-shpetimtarit\/"},"wordCount":344,"commentCount":0,"publisher":{"@id":"https:\/\/orthodoxalbania.org\/2020\/#organization"},"image":{"@id":"https:\/\/orthodoxalbania.org\/2020\/2009\/03\/13\/meditojme-se-bashku-mbi-lindjen-e-shpetimtarit\/#primaryimage"},"thumbnailUrl":"https:\/\/lh4.googleusercontent.com\/-YqCX-IcpmzI\/U_2gEDUXPyI\/AAAAAAAABVo\/kT5W4DqCaok\/w448-h279-no\/1.jpg","keywords":["2009","Krishtlindje","Kryepiskopata Tiran\u00eb","lajme"],"articleSection":["Lajme"],"inLanguage":"en-US"},{"@type":"WebPage","@id":"https:\/\/orthodoxalbania.org\/2020\/2009\/03\/13\/meditojme-se-bashku-mbi-lindjen-e-shpetimtarit\/","url":"https:\/\/orthodoxalbania.org\/2020\/2009\/03\/13\/meditojme-se-bashku-mbi-lindjen-e-shpetimtarit\/","name":"Meditojm\u00eb s\u00eb bashku mbi Lindjen e Shp\u00ebtimtarit. (17 Dhjetor 2009) - Kisha Orthodh\u03bfkse Autoqefale e Shqip\u00ebris\u00eb","isPartOf":{"@id":"https:\/\/orthodoxalbania.org\/2020\/#website"},"primaryImageOfPage":{"@id":"https:\/\/orthodoxalbania.org\/2020\/2009\/03\/13\/meditojme-se-bashku-mbi-lindjen-e-shpetimtarit\/#primaryimage"},"image":{"@id":"https:\/\/orthodoxalbania.org\/2020\/2009\/03\/13\/meditojme-se-bashku-mbi-lindjen-e-shpetimtarit\/#primaryimage"},"thumbnailUrl":"https:\/\/lh4.googleusercontent.com\/-YqCX-IcpmzI\/U_2gEDUXPyI\/AAAAAAAABVo\/kT5W4DqCaok\/w448-h279-no\/1.jpg","datePublished":"2009-03-13T10:28:33+00:00","dateModified":"2020-04-06T20:35:08+00:00","breadcrumb":{"@id":"https:\/\/orthodoxalbania.org\/2020\/2009\/03\/13\/meditojme-se-bashku-mbi-lindjen-e-shpetimtarit\/#breadcrumb"},"inLanguage":"en-US","potentialAction":[{"@type":"ReadAction","target":["https:\/\/orthodoxalbania.org\/2020\/2009\/03\/13\/meditojme-se-bashku-mbi-lindjen-e-shpetimtarit\/"]}]},{"@type":"ImageObject","inLanguage":"en-US","@id":"https:\/\/orthodoxalbania.org\/2020\/2009\/03\/13\/meditojme-se-bashku-mbi-lindjen-e-shpetimtarit\/#primaryimage","url":"https:\/\/lh4.googleusercontent.com\/-YqCX-IcpmzI\/U_2gEDUXPyI\/AAAAAAAABVo\/kT5W4DqCaok\/w448-h279-no\/1.jpg","contentUrl":"https:\/\/lh4.googleusercontent.com\/-YqCX-IcpmzI\/U_2gEDUXPyI\/AAAAAAAABVo\/kT5W4DqCaok\/w448-h279-no\/1.jpg"},{"@type":"BreadcrumbList","@id":"https:\/\/orthodoxalbania.org\/2020\/2009\/03\/13\/meditojme-se-bashku-mbi-lindjen-e-shpetimtarit\/#breadcrumb","itemListElement":[{"@type":"ListItem","position":1,"name":"Home","item":"https:\/\/orthodoxalbania.org\/2020\/"},{"@type":"ListItem","position":2,"name":"Meditojm\u00eb s\u00eb bashku mbi Lindjen e Shp\u00ebtimtarit. (17 Dhjetor 2009)"}]},{"@type":"WebSite","@id":"https:\/\/orthodoxalbania.org\/2020\/#website","url":"https:\/\/orthodoxalbania.org\/2020\/","name":"Kisha Orthodh\u03bfkse Autoqefale e Shqip\u00ebris\u00eb","description":"Fqja Zyrtare e Kish\u00ebs Orthodhokse Autoqefale e Shqip\u00ebris\u00eb me lajmet edhe informacionet zyrtare p\u00ebr struktur\u00ebn edhe veprimtarin e saj.","publisher":{"@id":"https:\/\/orthodoxalbania.org\/2020\/#organization"},"potentialAction":[{"@type":"SearchAction","target":{"@type":"EntryPoint","urlTemplate":"https:\/\/orthodoxalbania.org\/2020\/?s={search_term_string}"},"query-input":{"@type":"PropertyValueSpecification","valueRequired":true,"valueName":"search_term_string"}}],"inLanguage":"en-US"},{"@type":"Organization","@id":"https:\/\/orthodoxalbania.org\/2020\/#organization","name":"Kisha Orthodhokse Autoqefale e Shqip\u00ebris\u00eb","url":"https:\/\/orthodoxalbania.org\/2020\/","logo":{"@type":"ImageObject","inLanguage":"en-US","@id":"https:\/\/orthodoxalbania.org\/2020\/#\/schema\/logo\/image\/","url":"https:\/\/orthodoxalbania.org\/2020\/wp-content\/uploads\/2020\/05\/albania.jpeg","contentUrl":"https:\/\/orthodoxalbania.org\/2020\/wp-content\/uploads\/2020\/05\/albania.jpeg","width":540,"height":540,"caption":"Kisha Orthodhokse Autoqefale e Shqip\u00ebris\u00eb"},"image":{"@id":"https:\/\/orthodoxalbania.org\/2020\/#\/schema\/logo\/image\/"},"sameAs":["https:\/\/www.facebook.com\/koash1991"]},{"@type":"Person","@id":"https:\/\/orthodoxalbania.org\/2020\/#\/schema\/person\/0c387634a7063ac612d7ed9ce71c7e86","name":"Kisha Orthodhokse","image":{"@type":"ImageObject","inLanguage":"en-US","@id":"https:\/\/secure.gravatar.com\/avatar\/596e7c417251e30f2fbb9c00e026fce61a695a00e51c889caded71c96cbbdde5?s=96&d=mm&r=g","url":"https:\/\/secure.gravatar.com\/avatar\/596e7c417251e30f2fbb9c00e026fce61a695a00e51c889caded71c96cbbdde5?s=96&d=mm&r=g","contentUrl":"https:\/\/secure.gravatar.com\/avatar\/596e7c417251e30f2fbb9c00e026fce61a695a00e51c889caded71c96cbbdde5?s=96&d=mm&r=g","caption":"Kisha Orthodhokse"}}]}},"_links":{"self":[{"href":"https:\/\/orthodoxalbania.org\/2020\/wp-json\/wp\/v2\/posts\/921","targetHints":{"allow":["GET"]}}],"collection":[{"href":"https:\/\/orthodoxalbania.org\/2020\/wp-json\/wp\/v2\/posts"}],"about":[{"href":"https:\/\/orthodoxalbania.org\/2020\/wp-json\/wp\/v2\/types\/post"}],"author":[{"embeddable":true,"href":"https:\/\/orthodoxalbania.org\/2020\/wp-json\/wp\/v2\/users\/1"}],"replies":[{"embeddable":true,"href":"https:\/\/orthodoxalbania.org\/2020\/wp-json\/wp\/v2\/comments?post=921"}],"version-history":[{"count":1,"href":"https:\/\/orthodoxalbania.org\/2020\/wp-json\/wp\/v2\/posts\/921\/revisions"}],"predecessor-version":[{"id":15600,"href":"https:\/\/orthodoxalbania.org\/2020\/wp-json\/wp\/v2\/posts\/921\/revisions\/15600"}],"wp:attachment":[{"href":"https:\/\/orthodoxalbania.org\/2020\/wp-json\/wp\/v2\/media?parent=921"}],"wp:term":[{"taxonomy":"category","embeddable":true,"href":"https:\/\/orthodoxalbania.org\/2020\/wp-json\/wp\/v2\/categories?post=921"},{"taxonomy":"post_tag","embeddable":true,"href":"https:\/\/orthodoxalbania.org\/2020\/wp-json\/wp\/v2\/tags?post=921"}],"curies":[{"name":"wp","href":"https:\/\/api.w.org\/{rel}","templated":true}]}}