{"id":920,"date":"2013-12-19T12:20:35","date_gmt":"2013-12-19T12:20:35","guid":{"rendered":""},"modified":"2020-04-06T22:05:25","modified_gmt":"2020-04-06T20:05:25","slug":"me-rastin-e-1900-vjetorit-te-martirizimit-te-shen-ignat-hyjmbajtesit","status":"publish","type":"post","link":"https:\/\/orthodoxalbania.org\/2020\/2013\/12\/19\/me-rastin-e-1900-vjetorit-te-martirizimit-te-shen-ignat-hyjmbajtesit\/","title":{"rendered":"Me rastin e 1900 &#8211; vjetorit t\u00eb martirizimit t\u00eb Sh\u00ebn Ignat Hyjmbajt\u00ebsit. (Dhjetor 2013)"},"content":{"rendered":"<div style=\"text-align: center;\">\n\t<span style=\"font-family:tahoma,geneva,sans-serif;\"><span style=\"font-size: 12px;\"><span style=\"color: rgb(0, 0, 0);\"><strong><img decoding=\"async\" class=\"lazyload HAa Eha\" src=\"data:image\/gif;base64,R0lGODlhAQABAAAAACH5BAEKAAEALAAAAAABAAEAAAICTAEAOw==\" data-orig-src=\"https:\/\/lh5.googleusercontent.com\/-s-ixRPWVdb0\/UrLpOLaDqQI\/AAAAAAAAHDQ\/jB-fuIcCqks\/w640-h446-no\/Saint+Ignatius+of+Antioch.jpg\" style=\"height: 209px; width: 300px; margin: 10px; float: left; border-width: 1px; border-style: solid;\" \/><\/strong><\/span><span style=\"color:#b22222;\"><strong>Hieromartiri i shenjt\u00eb, Ignat Hyjmbajt\u00ebsi<\/strong><\/span><\/span><\/span><\/div>\n<div style=\"text-align: justify;\">\n\t&nbsp;<\/div>\n<div style=\"text-align: justify;\">\n\t<span style=\"font-family:tahoma,geneva,sans-serif;\"><span style=\"font-size: 12px;\"><span style=\"color: rgb(0, 0, 0);\"><em>&nbsp;&nbsp;&nbsp; &#8220;Le t\u00eb vijn\u00eb mbi mua, zjarri, kryqi, eg\u00ebrsira, prerja e gjymtyr\u00ebve, bluarja e t\u00eb gjitha kockave dhe t\u00eb gjitha torturat e k\u00ebqija t\u00eb djallit, vet\u00ebm dua q\u00eb t\u00eb fitoj Jisu Krishtin (Rom. 5:3).&#8221;<\/em><\/span><\/span><\/span><\/div>\n<div style=\"text-align: justify;\">\n\t&nbsp;<\/div>\n<div style=\"text-align: justify;\">\n\t<span style=\"font-family:tahoma,geneva,sans-serif;\"><span style=\"font-size: 12px;\"><span style=\"color: rgb(0, 0, 0);\">&nbsp;&nbsp;&nbsp; Rrall\u00eb her\u00eb ndodh q\u00eb p\u00ebr nj\u00eb person kaq t\u00eb r\u00ebnd\u00ebsish\u00ebm t\u00eb njer\u00ebzimit historia na ruajti kaq pak t\u00eb dh\u00ebna biografike. Disa e kan\u00eb konsideruar personin e sh\u00ebn Ignatit si nj\u00eb yll t\u00eb madh dhe t\u00eb shndritsh\u00ebm, i cili u shfaq dhe u zhduk menj\u00ebher\u00eb. Megjith\u00ebse drejtoi mbi kat\u00ebr dekada Kish\u00ebn e Antiokis\u00eb, veprimtaria episkopale dhe kryesisht m\u00ebsimdh\u00ebnia e tij ndoshta nuk do t\u00eb njiheshin as sot n\u00ebse ai nuk do t\u00eb martirizohej. N\u00eb jav\u00ebt e fundit t\u00eb jet\u00ebs, p\u00ebrpara se t\u00eb martirizohej ai frym\u00ebzoi jet\u00ebn e komuniteteve t\u00eb krishtera, p\u00ebrgjat\u00eb rrug\u00ebs nga atdheu i tij p\u00ebr n\u00eb Rom\u00eb, dhe nj\u00ebkoh\u00ebsisht&nbsp; gjith\u00eb bot\u00ebs s\u00eb krishter\u00eb i dhuroi letrat e tij t\u00eb mbushura plot me frym\u00eb dashurie e besimi.<\/span><\/span><\/span><\/div>\n<div style=\"text-align: justify;\">\n\t&nbsp;<\/div>\n<div style=\"text-align: justify;\">\n\t<span style=\"color:#b22222;\"><span style=\"font-family: tahoma,geneva,sans-serif;\"><span style=\"font-size: 12px;\"><strong>&nbsp;&nbsp;&nbsp; 1) Prejardhja e tij<\/strong><\/span><\/span><\/span><\/div>\n<div style=\"text-align: justify;\">\n\t&nbsp;<\/div>\n<div style=\"text-align: justify;\">\n\t<span style=\"font-family:tahoma,geneva,sans-serif;\"><span style=\"font-size: 12px;\"><span style=\"color: rgb(0, 0, 0);\">&nbsp;&nbsp; T\u00eb dh\u00ebnat e pakta q\u00eb zot\u00ebrojm\u00eb p\u00ebr jet\u00ebn e tij i marrim nga letrat q\u00eb ai u drejtoi komuniteteve t\u00eb krishtera t\u00eb Azis\u00eb s\u00eb Vog\u00ebl dhe Rom\u00ebs. Fillimisht, rreth emrit t\u00eb tij &#8211; duke pasur parasysh prejardhjen e tij romake &#8211; u hodh hipoteza, e cila mbetet e pav\u00ebrtetuar, se emri Ignat vjen nga latinishtja (ignis=zjarr) dhe se u krijua n\u00eb vitet e m\u00ebpasshme. Disa hulumtues kan\u00eb shprehur mendimin se ai rridhte nga nj\u00eb familje romake e helenizuar (q\u00eb nga shek. III para Krishtit e deri n\u00eb shek. IV pas Krishtit termi i helenizuar n\u00ebnkupton ata persona q\u00eb ndjekin dhe imitojn\u00eb m\u00ebnyr\u00ebn e jetes\u00ebs, t\u00eb mendimit, dhe n\u00eb p\u00ebrgjith\u00ebsi kultur\u00ebn e pasur helene) e Antiokis\u00eb s\u00eb Siris\u00eb. Ndoshta ai kishte trash\u00ebguar nga i ati t\u00eb drejt\u00ebn e qytetarit romak. Sa i p\u00ebrket nivelit arsimor, ishte autodidakt, nuk duhet t\u00eb kishte ndonj\u00eb arsim t\u00eb ve\u00e7ant\u00eb dhe \u00e7\u2019kish m\u00ebsuar ishin fal\u00eb shoq\u00ebrimit t\u00eb tij me njer\u00ebz t\u00eb shkolluar e t\u00eb ditur. J. Gojarti thot\u00eb se Ignati ishte njohur dhe shoq\u00ebruar me Apostujt (Homeli p\u00ebr Ignatin, PG.50, 588), nd\u00ebrsa Martirologu antiokian p\u00ebrmend se ai kishte d\u00ebgjuar predikimin e ungjillor Joan Theologut. Padyshim, ndikim pozitiv pati edhe territori ku ai jetoi, duke ditur faktin se Antiokia ishte qyteti i tret\u00eb i perandoris\u00eb p\u00ebr nga popullsia, kultura, dhe r\u00ebnd\u00ebsia, si edhe qendra m\u00eb e madhe e Lindjes. Sot pranohet se Ignati ishte episkopi II i Antiokis\u00eb dhe kryeprift\u00ebria e tij zgjati rreth viteve 70-113\/4 pas Krishtit (patjet\u00ebr para vitit 118).<\/span><\/span><\/span><\/div>\n<div style=\"text-align: justify;\">\n\t&nbsp;<\/div>\n<div style=\"text-align: justify;\">\n\t<span style=\"color:#b22222;\"><span style=\"font-family: tahoma,geneva,sans-serif;\"><span style=\"font-size: 12px;\"><strong>&nbsp;&nbsp;&nbsp; 2) Arrestimi dhe martirizimi<\/strong><\/span><\/span><\/span><\/div>\n<div style=\"text-align: justify;\">\n\t&nbsp;<\/div>\n<div style=\"text-align: justify;\">\n\t<span style=\"font-family:tahoma,geneva,sans-serif;\"><span style=\"font-size: 12px;\"><span style=\"color: rgb(0, 0, 0);\">&nbsp;&nbsp;&nbsp; Pas ekspedit\u00ebs ushtarake n\u00eb krahinat e Armenis\u00eb dhe Parthis\u00eb, perandori Trajan (98-117) u gjend n\u00eb Lindje. N\u00eb fund t\u00eb vitit 113 ose n\u00eb fillim t\u00eb 114 episkopi i qytetit, Ignati, u arrestua nga autoritetet romake. Kjo d\u00ebshmohet nga Martirologu antiokian dhe ai romak. Sipas t\u00eb parit, ai fillimisht, u gjykua n\u00eb Antioki dhe m\u00eb pas, u d\u00ebnua e u ekzekutua duke e hedhur te bishat e egra n\u00eb Rom\u00eb, nd\u00ebrsa, sipas t\u00eb dytit, u gjykua dhe u d\u00ebnua n\u00eb Antioki dhe ekzekutimi i tij u krye n\u00eb Rom\u00eb. Lind pyetja pse u ekzekutua n\u00eb Rom\u00eb dhe jo n\u00eb Antioki? Arsyet q\u00eb detyruan Trajanin t\u00eb merrte k\u00ebt\u00eb vendim mund t\u2019i p\u00ebrmbledhim n\u00eb: a) Ai d\u00ebshironte t\u2019u ofronte banor\u00ebve t\u00eb Rom\u00ebs nj\u00eb spektak\u00ebl t\u00eb ve\u00e7ant\u00eb me protagonist nj\u00eb udh\u00ebheq\u00ebs t\u00eb famsh\u00ebm t\u00eb krishter\u00eb dhe b) T\u2019u jepte nj\u00eb m\u00ebsim t\u00eb rrept\u00eb frike banor\u00ebve t\u00eb Lindjes (kryesisht t\u00eb Azis\u00eb s\u00eb Vog\u00ebl dhe Greqis\u00eb), t\u00eb cil\u00ebt kishin filluar t\u00eb p\u00ebrqafonin me zell Krishterimin. P\u00ebr k\u00ebt\u00eb q\u00ebllim, ushtar\u00ebt q\u00eb e shoq\u00ebronin gjat\u00eb rrug\u00ebs, terrorizonin dhe arrestonin t\u00eb krishter\u00eb t\u00eb ndrysh\u00ebm. Por, me q\u00ebndrimin dhe vendosm\u00ebrin\u00eb e tij ai preku gjith\u00eb t\u00eb krishter\u00ebt e krahinave madje, fitoi dashamir\u00ebsin\u00eb dhe admirimin e shum\u00eb idhujtar\u00ebve.<\/span><\/span><\/span><\/div>\n<div style=\"text-align: justify;\">\n\t<br \/>\n\t<span style=\"font-family:tahoma,geneva,sans-serif;\"><span style=\"font-size: 12px;\"><span style=\"color: rgb(0, 0, 0);\">&nbsp;&nbsp;&nbsp; Ignati e nisi rrug\u00ebn e martirizimit nga deti i Siris\u00eb, i shoq\u00ebruar nga 10 ushtar\u00eb romak\u00eb dhe po aq t\u00eb d\u00ebnuar t\u00eb tjer\u00eb (Rom.5:1). M\u00eb pas zbarkoi n\u00eb bregdetin e Azis\u00eb s\u00eb Vog\u00ebl. Ushtar\u00ebt q\u00eb e shoq\u00ebronin. megjith\u00ebse ishin t\u00eb ashp\u00ebr, e lejonin (pasi i paguante) q\u00eb ai t\u00eb takohej me vizitor\u00eb t\u00eb ndrysh\u00ebm. Kur arrit\u00ebn n\u00eb qytetin e Smirn\u00ebs, ku q\u00ebndroi pak dit\u00eb, ai u mir\u00ebprit me entuziaz\u00ebm nga komuniteti dhe episkopi i saj, Polikarpi, me t\u00eb cilin pati nj\u00eb takim dhe bised\u00eb mjaft t\u00eb ngroht\u00eb. Kur m\u00ebsuan lajmin t\u00eb krishter\u00ebt e qyteteve fqinje (Efesit, Magnisis\u00eb, Tral\u00ebs) d\u00ebrguan p\u00ebrfaq\u00ebsues\u00eb t\u00eb tyre q\u00eb t\u00eb takoheshin me t\u00eb dhe t\u2019i jepnin kuraj\u00eb, mir\u00ebpo gjat\u00eb bisedave ata kuptuan nivelin e lart\u00eb shpirt\u00ebror q\u00eb ai mbartte dhe m\u00eb pas largoheshin me dobi t\u00eb madhe shpirt\u00ebrore, duke u k\u00ebshilluar prej tij p\u00ebr probleme t\u00eb ndryshme q\u00eb hasnin n\u00eb krahinat e tyre.<\/span><\/span><\/span><\/div>\n<div style=\"text-align: justify;\">\n\t<br \/>\n\t<span style=\"font-family:tahoma,geneva,sans-serif;\"><span style=\"font-size: 12px;\"><span style=\"color: rgb(0, 0, 0);\">&nbsp;&nbsp;&nbsp; Kur arriti n\u00eb Troadh\u00eb, u informua se p\u00ebrndjekja n\u00eb Siri kishte p\u00ebrfunduar. Ky lajm&nbsp; sigurisht e g\u00ebzoi jasht\u00eb mase dhe e shtyu t\u2019u drejtonte letra t\u00eb krishter\u00ebve t\u00eb Filadelfis\u00eb, Smirn\u00ebs, Polikarpit (personale) e ndoshta grigj\u00ebs s\u00eb tij (let\u00ebr, e cila nuk na ka shp\u00ebtuar). M\u00eb pas, ndoqi pa u ankuar rrug\u00ebn tok\u00ebsore (Via Egnatia) nga Filipia deri n\u00eb Dyrrah (Durr\u00ebsi i sot\u00ebm) dhe p\u00ebrs\u00ebri rrug\u00ebn detare p\u00ebr n\u00eb Brindizi, me destinacion p\u00ebrfundimtar Rom\u00ebn. Atje, disa t\u00eb krishter\u00eb me pozita t\u00eb larta shtet\u00ebrore u p\u00ebrpoq\u00ebn t\u00eb nd\u00ebrmjet\u00ebsonin tek autoritetet romake, me q\u00ebllim q\u00eb t\u00eb anulohej ekzekutimi. Por, ai kur d\u00ebgjoi p\u00ebr k\u00ebto p\u00ebrpjekje, me an\u00ebn e nj\u00eb letre iu lut atyre q\u00eb t\u00eb mos e pengonin t\u00eb martirizohej (Rom.4:2-3). Martirizimi u krye n\u00eb amfiteatrin e Koloseut, rreth dat\u00ebs 20 dhjetor. Eshtrat e tij i mblodh\u00ebn disa t\u00eb krishter\u00eb dhe i d\u00ebrguan n\u00eb vendlindjen e tij. N\u00eb shekujt e m\u00ebvonsh\u00ebm u transferuan p\u00ebrs\u00ebri n\u00eb Rom\u00eb.<\/span><\/span><\/span><\/div>\n<div style=\"text-align: justify;\">\n\t&nbsp;<\/div>\n<div style=\"text-align: justify;\">\n\t<span style=\"color:#b22222;\"><span style=\"font-family: tahoma,geneva,sans-serif;\"><span style=\"font-size: 12px;\"><strong>&nbsp;&nbsp;&nbsp; 3) Rreth mbiemrit t\u00eb tij<\/strong><\/span><\/span><\/span><\/div>\n<div style=\"text-align: justify;\">\n\t&nbsp;<\/div>\n<div style=\"text-align: justify;\">\n\t<span style=\"font-family:tahoma,geneva,sans-serif;\"><span style=\"font-size: 12px;\"><span style=\"color: rgb(0, 0, 0);\">&nbsp;&nbsp;&nbsp; N\u00eb letrat e tij Ignati p\u00ebrdor p\u00ebr veten mbiemrin \u201c\u03b8\u03b5\u03bf\u03c6\u03cc\u03c1\u03bf\u03c2\u201d = hyjmbajt\u00ebsi. Tradita e krijuar ka shp\u00ebtuar dy versione: a) Pasi nd\u00ebrroi jet\u00eb u gjend i gdhendur n\u00eb zemr\u00ebn e tij me shkronja t\u00eb arta emri i Krishtit dhe, b) Ai ishte f\u00ebmija i vog\u00ebl q\u00eb Krishti e mori, e p\u00ebrqafoi, e vendosi n\u00eb mes t\u00eb nx\u00ebn\u00ebsve t\u00eb Tij dhe ua shfaqi si shembull p\u00ebruljeje e pafaj\u00ebsie (Mtth. 18:2-5. Mk. 9:36-37. Lk.9:47-48). Sipas disave, ai e quan veten hyjmbajt\u00ebs, sepse p\u00ebrjetonte lidhjen reale me Krishtin dhe se i sh\u00ebrbeu Atij me zell deri n\u00eb fund t\u00eb jet\u00ebs.<\/span><\/span><\/span><\/div>\n<div style=\"text-align: justify;\">\n\t&nbsp;<\/div>\n<div style=\"text-align: justify;\">\n\t<span style=\"color:#b22222;\"><span style=\"font-family: tahoma,geneva,sans-serif;\"><span style=\"font-size: 12px;\"><strong>&nbsp;&nbsp;&nbsp; 4) Kontributi i tij n\u00eb Kish\u00eb<\/strong><\/span><\/span><\/span><\/div>\n<div style=\"text-align: justify;\">\n\t&nbsp;<\/div>\n<div style=\"text-align: justify;\">\n\t<span style=\"font-family:tahoma,geneva,sans-serif;\"><span style=\"font-size: 12px;\"><span style=\"color: rgb(0, 0, 0);\">&nbsp;&nbsp;&nbsp; Nga veprat e tij q\u00eb kan\u00eb arritur deri m\u00eb sot, 7 letra konsiderohen t\u00eb v\u00ebrteta, t\u00eb cilat kan\u00eb nj\u00eb r\u00ebnd\u00ebsi t\u00eb ve\u00e7ant\u00eb theologjike. Sh\u00ebn Ignati \u00ebsht\u00eb Ati dhe M\u00ebsuesi i par\u00eb i Kish\u00ebs dhe theologu i par\u00eb pas Apostujve. \u00cbsht\u00eb i pari q\u00eb inaguron termin (Kish\u00eb Katholike = Kish\u00eb e bashkuar dhe e shp\u00ebrndar\u00eb n\u00eb t\u00ebr\u00eb bot\u00ebn p\u00ebr t\u00eb p\u00ebrfshir\u00eb gjith\u00eb bot\u00ebn) dhe ai q\u00eb na jep nj\u00eb informacion mjaft t\u00eb r\u00ebnd\u00ebsish\u00ebm dhe unikal p\u00ebr formimin e struktur\u00ebs pasapostolike kishtare. Theologjia e tij mund t\u00eb dallohet n\u00eb tri pika: a) Episkopi dhe pozita e tij n\u00eb Kish\u00eb. b) Uniteti i Kish\u00ebs dhe c) Liturgjia Hyjnore = bashkimi i besimtarit me Krishtin. Autoriteti dhe fama e emrit t\u00eb tij shpirt\u00ebror u p\u00ebrhap edhe m\u00eb gjer\u00eb se vendlindja e tij. Kjo duket nga respekti dhe besimi absolut q\u00eb treguan p\u00ebr t\u00eb t\u00eb krishter\u00ebt e Azis\u00eb s\u00eb Vog\u00ebl dhe t\u00eb Rom\u00ebs. Gj\u00eb q\u00eb tregon se ai ishte nj\u00eb episkop me autoritet ekumenik. Edhe vet\u00eb fakti se ai vazhdon t\u00eb nderohet p\u00ebr 1900 vjet&nbsp; resht, si n\u00eb Lindje ashtu dhe n\u00eb Per\u00ebndim, \u00ebsht\u00eb dometh\u00ebn\u00ebse p\u00ebr k\u00ebt\u00eb episkop martir, pasardh\u00ebs i&nbsp; denj\u00eb i&nbsp; apostujve, bari i Kish\u00ebs dhe imitues i Krishtit.<\/span><\/span><\/span><\/div>\n<div style=\"text-align: justify;\">\n\t<br \/>\n\t<span style=\"font-family:tahoma,geneva,sans-serif;\"><span style=\"font-size: 12px;\"><span style=\"color: rgb(0, 0, 0);\">&nbsp;&nbsp;&nbsp; Zoti Per\u00ebndi t\u00eb na jap\u00eb t\u00eb gjith\u00ebve zellin e tij t\u00eb zjarrt\u00eb p\u00ebr t\u2019i besuar, sh\u00ebrbyer dhe p\u00ebr ta ndjekur Krishtin deri n\u00eb fund me p\u00ebrul\u00ebsin\u00eb dhe bindjen e tij t\u00eb plot\u00eb p\u00ebr t\u00eb v\u00ebrtet\u00ebn e besi-mit q\u00eb ai mbarte dhe p\u00ebrfaq\u00ebsonte.<\/span><\/span><\/span><\/div>\n<div style=\"text-align: justify;\">\n\t&nbsp;<\/div>\n<div style=\"text-align: justify;\">\n\t&nbsp;<\/div>\n<div style=\"text-align: right;\">\n\t<span style=\"font-family:tahoma,geneva,sans-serif;\"><span style=\"font-size: 12px;\"><span style=\"color: rgb(0, 0, 0);\"><strong>&nbsp;&nbsp;&nbsp;&nbsp; Arkimandrit Kozma Sovjani<\/strong><\/span><\/span><\/span><\/div>\n<div style=\"text-align: right;\">\n\t&nbsp;<\/div>\n<div style=\"text-align: center;\">\n<p>\t<span style=\"font-family:tahoma,geneva,sans-serif;\"><span style=\"font-size: 12px;\"><span style=\"color: rgb(0, 0, 0);\"><span style=\"font-family:tahoma,geneva,sans-serif;\"><span style=\"font-size: 12px;\"><span style=\"color: rgb(0, 0, 0);\"><strong><em>&#8211; Martirizimi i Sh\u00ebn Ignatit. Minologu i Vasilit II (Vat. gr. 1613) shek.XI. &#8211;<\/em><\/strong><\/span><\/span><\/span><\/span><\/span><\/span><\/div>\n<div style=\"text-align: center;\">\n\t<br \/>\n\t<span style=\"font-family:tahoma,geneva,sans-serif;\"><span style=\"font-size: 12px;\"><span style=\"color: rgb(0, 0, 0);\">&nbsp; <img decoding=\"async\" class=\"lazyload HAa Eha\" src=\"data:image\/gif;base64,R0lGODlhAQABAAAAACH5BAEKAAEALAAAAAABAAEAAAICTAEAOw==\" data-orig-src=\"https:\/\/lh5.googleusercontent.com\/-s-ixRPWVdb0\/UrLpOLaDqQI\/AAAAAAAAHDQ\/jB-fuIcCqks\/w640-h446-no\/Saint+Ignatius+of+Antioch.jpg\" style=\"height: 418px; width: 600px; margin: 10px; border-width: 1px; border-style: solid;\" \/><br \/>\n\t<strong><em>&nbsp;&nbsp;&nbsp;&nbsp;&nbsp;&nbsp;&nbsp;&nbsp;&nbsp;&nbsp; <\/em><\/strong><\/span><\/span><\/span><\/div>\n","protected":false},"excerpt":{"rendered":"<p>Hieromartiri i shenjt\u00eb, Ignat Hyjmbajt\u00ebsi &nbsp; &nbsp;&nbsp;&nbsp; &#8220;Le t\u00eb vijn\u00eb mbi mua, zjarri, kryqi, eg\u00ebrsira, prerja e gjymtyr\u00ebve, bluarja e t\u00eb gjitha kockave dhe t\u00eb gjitha torturat e k\u00ebqija t\u00eb djallit, vet\u00ebm dua q\u00eb t\u00eb fitoj Jisu Krishtin (Rom. 5:3).&#8221; &nbsp; &nbsp;&nbsp;&nbsp; Rrall\u00eb her\u00eb ndodh q\u00eb p\u00ebr nj\u00eb person kaq t\u00eb r\u00ebnd\u00ebsish\u00ebm t\u00eb njer\u00ebzimit historia na ruajti kaq pak t\u00eb dh\u00ebna biografike. Disa e kan\u00eb<\/p>\n","protected":false},"author":1,"featured_media":0,"comment_status":"open","ping_status":"open","sticky":false,"template":"","format":"standard","meta":{"_acf_changed":false,"pagelayer_contact_templates":[],"_pagelayer_content":"","inline_featured_image":false,"fifu_image_url":"","fifu_image_alt":"","footnotes":""},"categories":[108],"tags":[141,212],"class_list":["post-920","post","type-post","status-publish","format-standard","hentry","category-lajme","tag-141","tag-lajme-d27"],"acf":[],"yoast_head":"<!-- This site is optimized with the Yoast SEO plugin v27.2 - https:\/\/yoast.com\/product\/yoast-seo-wordpress\/ -->\n<title>Me rastin e 1900 - vjetorit t\u00eb martirizimit t\u00eb Sh\u00ebn Ignat Hyjmbajt\u00ebsit. (Dhjetor 2013) - Kisha Orthodh\u03bfkse Autoqefale e Shqip\u00ebris\u00eb<\/title>\n<meta name=\"robots\" content=\"index, follow, max-snippet:-1, max-image-preview:large, max-video-preview:-1\" \/>\n<link rel=\"canonical\" href=\"https:\/\/orthodoxalbania.org\/2020\/2013\/12\/19\/me-rastin-e-1900-vjetorit-te-martirizimit-te-shen-ignat-hyjmbajtesit\/\" \/>\n<meta property=\"og:locale\" content=\"en_US\" \/>\n<meta property=\"og:type\" content=\"article\" \/>\n<meta property=\"og:title\" content=\"Me rastin e 1900 - vjetorit t\u00eb martirizimit t\u00eb Sh\u00ebn Ignat Hyjmbajt\u00ebsit. (Dhjetor 2013) - Kisha Orthodh\u03bfkse Autoqefale e Shqip\u00ebris\u00eb\" \/>\n<meta property=\"og:description\" content=\"Hieromartiri i shenjt\u00eb, Ignat Hyjmbajt\u00ebsi &nbsp; &nbsp;&nbsp;&nbsp; &#8220;Le t\u00eb vijn\u00eb mbi mua, zjarri, kryqi, eg\u00ebrsira, prerja e gjymtyr\u00ebve, bluarja e t\u00eb gjitha kockave dhe t\u00eb gjitha torturat e k\u00ebqija t\u00eb djallit, vet\u00ebm dua q\u00eb t\u00eb fitoj Jisu Krishtin (Rom. 5:3).&#8221; &nbsp; &nbsp;&nbsp;&nbsp; Rrall\u00eb her\u00eb ndodh q\u00eb p\u00ebr nj\u00eb person kaq t\u00eb r\u00ebnd\u00ebsish\u00ebm t\u00eb njer\u00ebzimit historia na ruajti kaq pak t\u00eb dh\u00ebna biografike. Disa e kan\u00eb\" \/>\n<meta property=\"og:url\" content=\"https:\/\/orthodoxalbania.org\/2020\/2013\/12\/19\/me-rastin-e-1900-vjetorit-te-martirizimit-te-shen-ignat-hyjmbajtesit\/\" \/>\n<meta property=\"og:site_name\" content=\"Kisha Orthodh\u03bfkse Autoqefale e Shqip\u00ebris\u00eb\" \/>\n<meta property=\"article:publisher\" content=\"https:\/\/www.facebook.com\/koash1991\" \/>\n<meta property=\"article:published_time\" content=\"2013-12-19T12:20:35+00:00\" \/>\n<meta property=\"article:modified_time\" content=\"2020-04-06T20:05:25+00:00\" \/>\n<meta property=\"og:image\" content=\"https:\/\/lh5.googleusercontent.com\/-s-ixRPWVdb0\/UrLpOLaDqQI\/AAAAAAAAHDQ\/jB-fuIcCqks\/w640-h446-no\/Saint+Ignatius+of+Antioch.jpg\" \/>\n<meta name=\"author\" content=\"Kisha Orthodhokse\" \/>\n<meta name=\"twitter:card\" content=\"summary_large_image\" \/>\n<meta name=\"twitter:label1\" content=\"Written by\" \/>\n\t<meta name=\"twitter:data1\" content=\"Kisha Orthodhokse\" \/>\n\t<meta name=\"twitter:label2\" content=\"Est. reading time\" \/>\n\t<meta name=\"twitter:data2\" content=\"8 minutes\" \/>\n<script type=\"application\/ld+json\" class=\"yoast-schema-graph\">{\"@context\":\"https:\/\/schema.org\",\"@graph\":[{\"@type\":\"Article\",\"@id\":\"https:\/\/orthodoxalbania.org\/2020\/2013\/12\/19\/me-rastin-e-1900-vjetorit-te-martirizimit-te-shen-ignat-hyjmbajtesit\/#article\",\"isPartOf\":{\"@id\":\"https:\/\/orthodoxalbania.org\/2020\/2013\/12\/19\/me-rastin-e-1900-vjetorit-te-martirizimit-te-shen-ignat-hyjmbajtesit\/\"},\"author\":{\"name\":\"Kisha Orthodhokse\",\"@id\":\"https:\/\/orthodoxalbania.org\/2020\/#\/schema\/person\/0c387634a7063ac612d7ed9ce71c7e86\"},\"headline\":\"Me rastin e 1900 &#8211; vjetorit t\u00eb martirizimit t\u00eb Sh\u00ebn Ignat Hyjmbajt\u00ebsit. (Dhjetor 2013)\",\"datePublished\":\"2013-12-19T12:20:35+00:00\",\"dateModified\":\"2020-04-06T20:05:25+00:00\",\"mainEntityOfPage\":{\"@id\":\"https:\/\/orthodoxalbania.org\/2020\/2013\/12\/19\/me-rastin-e-1900-vjetorit-te-martirizimit-te-shen-ignat-hyjmbajtesit\/\"},\"wordCount\":1564,\"commentCount\":0,\"publisher\":{\"@id\":\"https:\/\/orthodoxalbania.org\/2020\/#organization\"},\"image\":{\"@id\":\"https:\/\/orthodoxalbania.org\/2020\/2013\/12\/19\/me-rastin-e-1900-vjetorit-te-martirizimit-te-shen-ignat-hyjmbajtesit\/#primaryimage\"},\"thumbnailUrl\":\"https:\/\/lh5.googleusercontent.com\/-s-ixRPWVdb0\/UrLpOLaDqQI\/AAAAAAAAHDQ\/jB-fuIcCqks\/w640-h446-no\/Saint+Ignatius+of+Antioch.jpg\",\"keywords\":[\"2013\",\"lajme\"],\"articleSection\":[\"Lajme\"],\"inLanguage\":\"en-US\"},{\"@type\":\"WebPage\",\"@id\":\"https:\/\/orthodoxalbania.org\/2020\/2013\/12\/19\/me-rastin-e-1900-vjetorit-te-martirizimit-te-shen-ignat-hyjmbajtesit\/\",\"url\":\"https:\/\/orthodoxalbania.org\/2020\/2013\/12\/19\/me-rastin-e-1900-vjetorit-te-martirizimit-te-shen-ignat-hyjmbajtesit\/\",\"name\":\"Me rastin e 1900 - vjetorit t\u00eb martirizimit t\u00eb Sh\u00ebn Ignat Hyjmbajt\u00ebsit. (Dhjetor 2013) - Kisha Orthodh\u03bfkse Autoqefale e Shqip\u00ebris\u00eb\",\"isPartOf\":{\"@id\":\"https:\/\/orthodoxalbania.org\/2020\/#website\"},\"primaryImageOfPage\":{\"@id\":\"https:\/\/orthodoxalbania.org\/2020\/2013\/12\/19\/me-rastin-e-1900-vjetorit-te-martirizimit-te-shen-ignat-hyjmbajtesit\/#primaryimage\"},\"image\":{\"@id\":\"https:\/\/orthodoxalbania.org\/2020\/2013\/12\/19\/me-rastin-e-1900-vjetorit-te-martirizimit-te-shen-ignat-hyjmbajtesit\/#primaryimage\"},\"thumbnailUrl\":\"https:\/\/lh5.googleusercontent.com\/-s-ixRPWVdb0\/UrLpOLaDqQI\/AAAAAAAAHDQ\/jB-fuIcCqks\/w640-h446-no\/Saint+Ignatius+of+Antioch.jpg\",\"datePublished\":\"2013-12-19T12:20:35+00:00\",\"dateModified\":\"2020-04-06T20:05:25+00:00\",\"breadcrumb\":{\"@id\":\"https:\/\/orthodoxalbania.org\/2020\/2013\/12\/19\/me-rastin-e-1900-vjetorit-te-martirizimit-te-shen-ignat-hyjmbajtesit\/#breadcrumb\"},\"inLanguage\":\"en-US\",\"potentialAction\":[{\"@type\":\"ReadAction\",\"target\":[\"https:\/\/orthodoxalbania.org\/2020\/2013\/12\/19\/me-rastin-e-1900-vjetorit-te-martirizimit-te-shen-ignat-hyjmbajtesit\/\"]}]},{\"@type\":\"ImageObject\",\"inLanguage\":\"en-US\",\"@id\":\"https:\/\/orthodoxalbania.org\/2020\/2013\/12\/19\/me-rastin-e-1900-vjetorit-te-martirizimit-te-shen-ignat-hyjmbajtesit\/#primaryimage\",\"url\":\"https:\/\/lh5.googleusercontent.com\/-s-ixRPWVdb0\/UrLpOLaDqQI\/AAAAAAAAHDQ\/jB-fuIcCqks\/w640-h446-no\/Saint+Ignatius+of+Antioch.jpg\",\"contentUrl\":\"https:\/\/lh5.googleusercontent.com\/-s-ixRPWVdb0\/UrLpOLaDqQI\/AAAAAAAAHDQ\/jB-fuIcCqks\/w640-h446-no\/Saint+Ignatius+of+Antioch.jpg\"},{\"@type\":\"BreadcrumbList\",\"@id\":\"https:\/\/orthodoxalbania.org\/2020\/2013\/12\/19\/me-rastin-e-1900-vjetorit-te-martirizimit-te-shen-ignat-hyjmbajtesit\/#breadcrumb\",\"itemListElement\":[{\"@type\":\"ListItem\",\"position\":1,\"name\":\"Home\",\"item\":\"https:\/\/orthodoxalbania.org\/2020\/\"},{\"@type\":\"ListItem\",\"position\":2,\"name\":\"Me rastin e 1900 &#8211; vjetorit t\u00eb martirizimit t\u00eb Sh\u00ebn Ignat Hyjmbajt\u00ebsit. (Dhjetor 2013)\"}]},{\"@type\":\"WebSite\",\"@id\":\"https:\/\/orthodoxalbania.org\/2020\/#website\",\"url\":\"https:\/\/orthodoxalbania.org\/2020\/\",\"name\":\"Kisha Orthodh\u03bfkse Autoqefale e Shqip\u00ebris\u00eb\",\"description\":\"Fqja Zyrtare e Kish\u00ebs Orthodhokse Autoqefale e Shqip\u00ebris\u00eb me lajmet edhe informacionet zyrtare p\u00ebr struktur\u00ebn edhe veprimtarin e saj.\",\"publisher\":{\"@id\":\"https:\/\/orthodoxalbania.org\/2020\/#organization\"},\"potentialAction\":[{\"@type\":\"SearchAction\",\"target\":{\"@type\":\"EntryPoint\",\"urlTemplate\":\"https:\/\/orthodoxalbania.org\/2020\/?s={search_term_string}\"},\"query-input\":{\"@type\":\"PropertyValueSpecification\",\"valueRequired\":true,\"valueName\":\"search_term_string\"}}],\"inLanguage\":\"en-US\"},{\"@type\":\"Organization\",\"@id\":\"https:\/\/orthodoxalbania.org\/2020\/#organization\",\"name\":\"Kisha Orthodhokse Autoqefale e Shqip\u00ebris\u00eb\",\"url\":\"https:\/\/orthodoxalbania.org\/2020\/\",\"logo\":{\"@type\":\"ImageObject\",\"inLanguage\":\"en-US\",\"@id\":\"https:\/\/orthodoxalbania.org\/2020\/#\/schema\/logo\/image\/\",\"url\":\"https:\/\/orthodoxalbania.org\/2020\/wp-content\/uploads\/2020\/05\/albania.jpeg\",\"contentUrl\":\"https:\/\/orthodoxalbania.org\/2020\/wp-content\/uploads\/2020\/05\/albania.jpeg\",\"width\":540,\"height\":540,\"caption\":\"Kisha Orthodhokse Autoqefale e Shqip\u00ebris\u00eb\"},\"image\":{\"@id\":\"https:\/\/orthodoxalbania.org\/2020\/#\/schema\/logo\/image\/\"},\"sameAs\":[\"https:\/\/www.facebook.com\/koash1991\"]},{\"@type\":\"Person\",\"@id\":\"https:\/\/orthodoxalbania.org\/2020\/#\/schema\/person\/0c387634a7063ac612d7ed9ce71c7e86\",\"name\":\"Kisha Orthodhokse\",\"image\":{\"@type\":\"ImageObject\",\"inLanguage\":\"en-US\",\"@id\":\"https:\/\/secure.gravatar.com\/avatar\/596e7c417251e30f2fbb9c00e026fce61a695a00e51c889caded71c96cbbdde5?s=96&d=mm&r=g\",\"url\":\"https:\/\/secure.gravatar.com\/avatar\/596e7c417251e30f2fbb9c00e026fce61a695a00e51c889caded71c96cbbdde5?s=96&d=mm&r=g\",\"contentUrl\":\"https:\/\/secure.gravatar.com\/avatar\/596e7c417251e30f2fbb9c00e026fce61a695a00e51c889caded71c96cbbdde5?s=96&d=mm&r=g\",\"caption\":\"Kisha Orthodhokse\"}}]}<\/script>\n<!-- \/ Yoast SEO plugin. -->","yoast_head_json":{"title":"Me rastin e 1900 - vjetorit t\u00eb martirizimit t\u00eb Sh\u00ebn Ignat Hyjmbajt\u00ebsit. (Dhjetor 2013) - Kisha Orthodh\u03bfkse Autoqefale e Shqip\u00ebris\u00eb","robots":{"index":"index","follow":"follow","max-snippet":"max-snippet:-1","max-image-preview":"max-image-preview:large","max-video-preview":"max-video-preview:-1"},"canonical":"https:\/\/orthodoxalbania.org\/2020\/2013\/12\/19\/me-rastin-e-1900-vjetorit-te-martirizimit-te-shen-ignat-hyjmbajtesit\/","og_locale":"en_US","og_type":"article","og_title":"Me rastin e 1900 - vjetorit t\u00eb martirizimit t\u00eb Sh\u00ebn Ignat Hyjmbajt\u00ebsit. (Dhjetor 2013) - Kisha Orthodh\u03bfkse Autoqefale e Shqip\u00ebris\u00eb","og_description":"Hieromartiri i shenjt\u00eb, Ignat Hyjmbajt\u00ebsi &nbsp; &nbsp;&nbsp;&nbsp; &#8220;Le t\u00eb vijn\u00eb mbi mua, zjarri, kryqi, eg\u00ebrsira, prerja e gjymtyr\u00ebve, bluarja e t\u00eb gjitha kockave dhe t\u00eb gjitha torturat e k\u00ebqija t\u00eb djallit, vet\u00ebm dua q\u00eb t\u00eb fitoj Jisu Krishtin (Rom. 5:3).&#8221; &nbsp; &nbsp;&nbsp;&nbsp; Rrall\u00eb her\u00eb ndodh q\u00eb p\u00ebr nj\u00eb person kaq t\u00eb r\u00ebnd\u00ebsish\u00ebm t\u00eb njer\u00ebzimit historia na ruajti kaq pak t\u00eb dh\u00ebna biografike. Disa e kan\u00eb","og_url":"https:\/\/orthodoxalbania.org\/2020\/2013\/12\/19\/me-rastin-e-1900-vjetorit-te-martirizimit-te-shen-ignat-hyjmbajtesit\/","og_site_name":"Kisha Orthodh\u03bfkse Autoqefale e Shqip\u00ebris\u00eb","article_publisher":"https:\/\/www.facebook.com\/koash1991","article_published_time":"2013-12-19T12:20:35+00:00","article_modified_time":"2020-04-06T20:05:25+00:00","og_image":[{"url":"https:\/\/lh5.googleusercontent.com\/-s-ixRPWVdb0\/UrLpOLaDqQI\/AAAAAAAAHDQ\/jB-fuIcCqks\/w640-h446-no\/Saint+Ignatius+of+Antioch.jpg","type":"","width":"","height":""}],"author":"Kisha Orthodhokse","twitter_card":"summary_large_image","twitter_misc":{"Written by":"Kisha Orthodhokse","Est. reading time":"8 minutes"},"schema":{"@context":"https:\/\/schema.org","@graph":[{"@type":"Article","@id":"https:\/\/orthodoxalbania.org\/2020\/2013\/12\/19\/me-rastin-e-1900-vjetorit-te-martirizimit-te-shen-ignat-hyjmbajtesit\/#article","isPartOf":{"@id":"https:\/\/orthodoxalbania.org\/2020\/2013\/12\/19\/me-rastin-e-1900-vjetorit-te-martirizimit-te-shen-ignat-hyjmbajtesit\/"},"author":{"name":"Kisha Orthodhokse","@id":"https:\/\/orthodoxalbania.org\/2020\/#\/schema\/person\/0c387634a7063ac612d7ed9ce71c7e86"},"headline":"Me rastin e 1900 &#8211; vjetorit t\u00eb martirizimit t\u00eb Sh\u00ebn Ignat Hyjmbajt\u00ebsit. (Dhjetor 2013)","datePublished":"2013-12-19T12:20:35+00:00","dateModified":"2020-04-06T20:05:25+00:00","mainEntityOfPage":{"@id":"https:\/\/orthodoxalbania.org\/2020\/2013\/12\/19\/me-rastin-e-1900-vjetorit-te-martirizimit-te-shen-ignat-hyjmbajtesit\/"},"wordCount":1564,"commentCount":0,"publisher":{"@id":"https:\/\/orthodoxalbania.org\/2020\/#organization"},"image":{"@id":"https:\/\/orthodoxalbania.org\/2020\/2013\/12\/19\/me-rastin-e-1900-vjetorit-te-martirizimit-te-shen-ignat-hyjmbajtesit\/#primaryimage"},"thumbnailUrl":"https:\/\/lh5.googleusercontent.com\/-s-ixRPWVdb0\/UrLpOLaDqQI\/AAAAAAAAHDQ\/jB-fuIcCqks\/w640-h446-no\/Saint+Ignatius+of+Antioch.jpg","keywords":["2013","lajme"],"articleSection":["Lajme"],"inLanguage":"en-US"},{"@type":"WebPage","@id":"https:\/\/orthodoxalbania.org\/2020\/2013\/12\/19\/me-rastin-e-1900-vjetorit-te-martirizimit-te-shen-ignat-hyjmbajtesit\/","url":"https:\/\/orthodoxalbania.org\/2020\/2013\/12\/19\/me-rastin-e-1900-vjetorit-te-martirizimit-te-shen-ignat-hyjmbajtesit\/","name":"Me rastin e 1900 - vjetorit t\u00eb martirizimit t\u00eb Sh\u00ebn Ignat Hyjmbajt\u00ebsit. (Dhjetor 2013) - Kisha Orthodh\u03bfkse Autoqefale e Shqip\u00ebris\u00eb","isPartOf":{"@id":"https:\/\/orthodoxalbania.org\/2020\/#website"},"primaryImageOfPage":{"@id":"https:\/\/orthodoxalbania.org\/2020\/2013\/12\/19\/me-rastin-e-1900-vjetorit-te-martirizimit-te-shen-ignat-hyjmbajtesit\/#primaryimage"},"image":{"@id":"https:\/\/orthodoxalbania.org\/2020\/2013\/12\/19\/me-rastin-e-1900-vjetorit-te-martirizimit-te-shen-ignat-hyjmbajtesit\/#primaryimage"},"thumbnailUrl":"https:\/\/lh5.googleusercontent.com\/-s-ixRPWVdb0\/UrLpOLaDqQI\/AAAAAAAAHDQ\/jB-fuIcCqks\/w640-h446-no\/Saint+Ignatius+of+Antioch.jpg","datePublished":"2013-12-19T12:20:35+00:00","dateModified":"2020-04-06T20:05:25+00:00","breadcrumb":{"@id":"https:\/\/orthodoxalbania.org\/2020\/2013\/12\/19\/me-rastin-e-1900-vjetorit-te-martirizimit-te-shen-ignat-hyjmbajtesit\/#breadcrumb"},"inLanguage":"en-US","potentialAction":[{"@type":"ReadAction","target":["https:\/\/orthodoxalbania.org\/2020\/2013\/12\/19\/me-rastin-e-1900-vjetorit-te-martirizimit-te-shen-ignat-hyjmbajtesit\/"]}]},{"@type":"ImageObject","inLanguage":"en-US","@id":"https:\/\/orthodoxalbania.org\/2020\/2013\/12\/19\/me-rastin-e-1900-vjetorit-te-martirizimit-te-shen-ignat-hyjmbajtesit\/#primaryimage","url":"https:\/\/lh5.googleusercontent.com\/-s-ixRPWVdb0\/UrLpOLaDqQI\/AAAAAAAAHDQ\/jB-fuIcCqks\/w640-h446-no\/Saint+Ignatius+of+Antioch.jpg","contentUrl":"https:\/\/lh5.googleusercontent.com\/-s-ixRPWVdb0\/UrLpOLaDqQI\/AAAAAAAAHDQ\/jB-fuIcCqks\/w640-h446-no\/Saint+Ignatius+of+Antioch.jpg"},{"@type":"BreadcrumbList","@id":"https:\/\/orthodoxalbania.org\/2020\/2013\/12\/19\/me-rastin-e-1900-vjetorit-te-martirizimit-te-shen-ignat-hyjmbajtesit\/#breadcrumb","itemListElement":[{"@type":"ListItem","position":1,"name":"Home","item":"https:\/\/orthodoxalbania.org\/2020\/"},{"@type":"ListItem","position":2,"name":"Me rastin e 1900 &#8211; vjetorit t\u00eb martirizimit t\u00eb Sh\u00ebn Ignat Hyjmbajt\u00ebsit. (Dhjetor 2013)"}]},{"@type":"WebSite","@id":"https:\/\/orthodoxalbania.org\/2020\/#website","url":"https:\/\/orthodoxalbania.org\/2020\/","name":"Kisha Orthodh\u03bfkse Autoqefale e Shqip\u00ebris\u00eb","description":"Fqja Zyrtare e Kish\u00ebs Orthodhokse Autoqefale e Shqip\u00ebris\u00eb me lajmet edhe informacionet zyrtare p\u00ebr struktur\u00ebn edhe veprimtarin e saj.","publisher":{"@id":"https:\/\/orthodoxalbania.org\/2020\/#organization"},"potentialAction":[{"@type":"SearchAction","target":{"@type":"EntryPoint","urlTemplate":"https:\/\/orthodoxalbania.org\/2020\/?s={search_term_string}"},"query-input":{"@type":"PropertyValueSpecification","valueRequired":true,"valueName":"search_term_string"}}],"inLanguage":"en-US"},{"@type":"Organization","@id":"https:\/\/orthodoxalbania.org\/2020\/#organization","name":"Kisha Orthodhokse Autoqefale e Shqip\u00ebris\u00eb","url":"https:\/\/orthodoxalbania.org\/2020\/","logo":{"@type":"ImageObject","inLanguage":"en-US","@id":"https:\/\/orthodoxalbania.org\/2020\/#\/schema\/logo\/image\/","url":"https:\/\/orthodoxalbania.org\/2020\/wp-content\/uploads\/2020\/05\/albania.jpeg","contentUrl":"https:\/\/orthodoxalbania.org\/2020\/wp-content\/uploads\/2020\/05\/albania.jpeg","width":540,"height":540,"caption":"Kisha Orthodhokse Autoqefale e Shqip\u00ebris\u00eb"},"image":{"@id":"https:\/\/orthodoxalbania.org\/2020\/#\/schema\/logo\/image\/"},"sameAs":["https:\/\/www.facebook.com\/koash1991"]},{"@type":"Person","@id":"https:\/\/orthodoxalbania.org\/2020\/#\/schema\/person\/0c387634a7063ac612d7ed9ce71c7e86","name":"Kisha Orthodhokse","image":{"@type":"ImageObject","inLanguage":"en-US","@id":"https:\/\/secure.gravatar.com\/avatar\/596e7c417251e30f2fbb9c00e026fce61a695a00e51c889caded71c96cbbdde5?s=96&d=mm&r=g","url":"https:\/\/secure.gravatar.com\/avatar\/596e7c417251e30f2fbb9c00e026fce61a695a00e51c889caded71c96cbbdde5?s=96&d=mm&r=g","contentUrl":"https:\/\/secure.gravatar.com\/avatar\/596e7c417251e30f2fbb9c00e026fce61a695a00e51c889caded71c96cbbdde5?s=96&d=mm&r=g","caption":"Kisha Orthodhokse"}}]}},"_links":{"self":[{"href":"https:\/\/orthodoxalbania.org\/2020\/wp-json\/wp\/v2\/posts\/920","targetHints":{"allow":["GET"]}}],"collection":[{"href":"https:\/\/orthodoxalbania.org\/2020\/wp-json\/wp\/v2\/posts"}],"about":[{"href":"https:\/\/orthodoxalbania.org\/2020\/wp-json\/wp\/v2\/types\/post"}],"author":[{"embeddable":true,"href":"https:\/\/orthodoxalbania.org\/2020\/wp-json\/wp\/v2\/users\/1"}],"replies":[{"embeddable":true,"href":"https:\/\/orthodoxalbania.org\/2020\/wp-json\/wp\/v2\/comments?post=920"}],"version-history":[{"count":1,"href":"https:\/\/orthodoxalbania.org\/2020\/wp-json\/wp\/v2\/posts\/920\/revisions"}],"predecessor-version":[{"id":15145,"href":"https:\/\/orthodoxalbania.org\/2020\/wp-json\/wp\/v2\/posts\/920\/revisions\/15145"}],"wp:attachment":[{"href":"https:\/\/orthodoxalbania.org\/2020\/wp-json\/wp\/v2\/media?parent=920"}],"wp:term":[{"taxonomy":"category","embeddable":true,"href":"https:\/\/orthodoxalbania.org\/2020\/wp-json\/wp\/v2\/categories?post=920"},{"taxonomy":"post_tag","embeddable":true,"href":"https:\/\/orthodoxalbania.org\/2020\/wp-json\/wp\/v2\/tags?post=920"}],"curies":[{"name":"wp","href":"https:\/\/api.w.org\/{rel}","templated":true}]}}