{"id":918,"date":"2008-02-26T00:00:00","date_gmt":"2008-02-26T00:00:00","guid":{"rendered":""},"modified":"2020-04-06T22:35:25","modified_gmt":"2020-04-06T20:35:25","slug":"mbyllet-viti-shkollor-ne-institucionet-arsimore-te-kishes-sone-2008","status":"publish","type":"post","link":"https:\/\/orthodoxalbania.org\/2020\/2008\/02\/26\/mbyllet-viti-shkollor-ne-institucionet-arsimore-te-kishes-sone-2008\/","title":{"rendered":"Mbyllet viti shkollor n\u00eb institucionet arsimore t\u00eb Kish\u00ebs son\u00eb. (2008)"},"content":{"rendered":"<table id=\"AutoNumber2\" border=\"0\">\n<tbody>\n<tr>\n<td colspan=\"2\">\n<p style=\"text-align: center;\"><span style=\"color: #b22222;\"><strong><span style=\"font-family: tahoma,geneva,sans-serif;\"><span style=\"font-size: 12px;\"><em>\u201cFundi i vitit shkollor 2007-2008 rezultoi i suksessh\u00ebm<br \/> dhe p\u00ebrparimi i v\u00ebrtet\u00eb i nx\u00ebn\u00ebsve ka qen\u00eb n\u00eb jet\u00ebn shpirt\u00ebrore\u201d<\/em><\/span><\/span><\/strong><\/span><\/p>\n<\/td>\n<\/tr>\n<tr>\n<td>\n<p dir=\"ltr\"><span style=\"color: #000000;\"><span style=\"font-family: tahoma,geneva,sans-serif;\"><span style=\"font-size: 12px;\"><img decoding=\"async\" class=\"lazyload HAa Eha\" style=\"border-width: 1px; border-style: solid; margin: 10px auto; display: block;\" alt=\"\" src=\"data:image\/gif;base64,R0lGODlhAQABAAAAACH5BAEKAAEALAAAAAABAAEAAAICTAEAOw==\" data-orig-src=\"https:\/\/lh3.googleusercontent.com\/-1bjDoT845xU\/VI7K1Q277vI\/AAAAAAAAHu8\/sJ7BwBmK4IE\/w400-h272-no\/instituti%2B%2BTirane.jpg\" \/><\/span><\/span><\/span><\/p>\n<\/td>\n<td>\n<p style=\"text-align: justify;\"><span style=\"color: #000000;\"><span style=\"font-family: tahoma,geneva,sans-serif;\"><span style=\"font-size: 12px;\">&nbsp;&nbsp;&nbsp; Nx\u00ebn\u00ebsit dhe student\u00ebt, Bijt\u00eb e Drit\u00ebs q\u00eb nuk per\u00ebndon, p\u00ebrb\u00ebjn\u00eb n\u00eb thelb ecjen p\u00ebrpara t\u00eb Kish\u00ebs son\u00eb, duke punuar vazhdimisht p\u00ebr t\u00eb qen\u00eb t\u00eb par\u00ebt n\u00eb m\u00ebsime, n\u00eb moral dhe n\u00eb ndjenj\u00ebn e p\u00ebrpjekjes. Ata e din\u00eb mir\u00eb se njeriu q\u00eb u ka q\u00ebndruar m\u00eb shum\u00eb pran\u00eb n\u00eb p\u00ebrparimin e tyre e do shum\u00eb arsimin dhe dijen. Gjithmon\u00eb Kryepiskopi Anastas e ka par\u00eb t\u00eb ardhmen e Kish\u00ebs dhe t\u00eb vendit n\u00eb \u201csyt\u00eb e tyre\u201d, n\u00eb perspektiv\u00ebn e dijes p\u00ebr Per\u00ebndin\u00eb dhe pranin\u00eb me dinjitet n\u00eb profesione t\u00eb ndryshme t\u00eb shoq\u00ebris\u00eb.<\/span><\/span><\/span><\/p>\n<\/td>\n<\/tr>\n<tr>\n<td>\n<p style=\"text-align: justify;\"><span style=\"color: #000000;\"><span style=\"font-family: tahoma,geneva,sans-serif;\"><span style=\"font-size: 12px;\">&nbsp;&nbsp;&nbsp; N\u00eb t\u00eb gjith\u00eb institucionet arsimore t\u00eb Kish\u00ebs Orthodhokse n\u00eb Shqip\u00ebri \u00ebsht\u00eb treguar kujdes i ve\u00e7ant\u00eb nga Kryepiskopi, i cili ka mund\u00ebsuar mbulimin e t\u00eb gjitha shpenzimeve, p\u00ebrfshir\u00eb edhe ato shkollore. Dhe n\u00eb fund vijn\u00eb rezultatet, t\u00eb cilat kuror\u00ebzojn\u00eb p\u00ebrpjekjet e p\u00ebrbashk\u00ebta, t\u00eb mundimshme, por edhe me fryte t\u00eb \u00ebmbla.<\/span><\/span><\/span><\/p>\n<\/td>\n<td>\n<p><span style=\"color: #000000;\"><span style=\"font-family: tahoma,geneva,sans-serif;\"><span style=\"font-size: 12px;\"><img decoding=\"async\" class=\"lazyload HAa Eha\" style=\"border-width: 1px; border-style: solid; margin: 10px auto; display: block;\" alt=\"\" src=\"data:image\/gif;base64,R0lGODlhAQABAAAAACH5BAEKAAEALAAAAAABAAEAAAICTAEAOw==\" data-orig-src=\"https:\/\/lh3.googleusercontent.com\/-I2vfG1d8eMI\/VI7K1tqxLvI\/AAAAAAAAHus\/iV59i6yUOkc\/w400-h231-no\/shk.%2B9-vjecare%2BDurres.jpg\" \/><\/span><\/span><\/span><\/p>\n<\/td>\n<\/tr>\n<tr>\n<td>\n<p><span style=\"color: #000000;\"><span style=\"font-family: tahoma,geneva,sans-serif;\"><span style=\"font-size: 12px;\"><img decoding=\"async\" class=\"lazyload HAa Eha\" style=\"border-width: 1px; border-style: solid; margin: 10px auto; display: block;\" alt=\"\" src=\"data:image\/gif;base64,R0lGODlhAQABAAAAACH5BAEKAAEALAAAAAABAAEAAAICTAEAOw==\" data-orig-src=\"https:\/\/lh5.googleusercontent.com\/-8MflHnmwOio\/VI7K2MECoLI\/AAAAAAAAHu0\/rBvcWSoAcbk\/w400-h285-no\/sukth.jpg\" \/><\/span><\/span><\/span><\/p>\n<\/td>\n<td>\n<p style=\"text-align: justify;\"><span style=\"color: #000000;\"><span style=\"font-family: tahoma,geneva,sans-serif;\"><span style=\"font-size: 12px;\">&nbsp;&nbsp;&nbsp; \u201cFundi i vitit shkollor 2007-2008 rezultoi i suksessh\u00ebm dhe p\u00ebrparimi i v\u00ebrtet\u00eb i nx\u00ebn\u00ebsve ka qen\u00eb n\u00eb jet\u00ebn shpirt\u00ebrore\u201d \u2013 tha drejtori i Liceut Kishtar \u201cKryqi i nderuar\u201d n\u00eb Sukth t\u00eb Durr\u00ebsit, z. Anastas Dodbiba. Kjo shkoll\u00eb konkludoi vitin e par\u00eb t\u00eb jet\u00ebs s\u00eb saj dhe g\u00ebzimi nuk fshihet nga askush, as nga nx\u00ebn\u00ebsit dhe as nga stafi pedagogjik.<\/span><\/span><\/span><\/p>\n<\/td>\n<\/tr>\n<tr>\n<td colspan=\"2\">\n<p style=\"text-align: justify;\"><span style=\"color: #000000;\"><span style=\"font-family: tahoma,geneva,sans-serif;\"><span style=\"font-size: 12px;\">&nbsp;&nbsp;&nbsp; P\u00ebrparimi ka qen\u00eb i duksh\u00ebm dhe 37 nx\u00ebn\u00ebsit e klas\u00ebs s\u00eb par\u00eb dhe t\u00eb dyt\u00eb ndihen m\u00eb t\u00eb p\u00ebrgatitur n\u00eb formimin edukativ dhe shpirt\u00ebror. Mjediset e&nbsp; reja t\u00eb k\u00ebsaj shkolle jan\u00eb nga m\u00eb modernet, aq sa ishte i gjetur etiketimi nga nj\u00eb vizitor, se ky ambient i ngjan \u201cnj\u00eb aristokracie t\u00eb v\u00ebrtet\u00eb angleze\u201d. Megjithat\u00eb drejtuesit jan\u00eb t\u00eb kujdessh\u00ebm dhe modest, duke pretenduar se ka ende shum\u00eb pun\u00eb p\u00ebrpara.<\/span><\/span><\/span><\/p>\n<\/td>\n<\/tr>\n<tr>\n<td>\n<p><span style=\"color: #000000;\"><span style=\"font-family: tahoma,geneva,sans-serif;\"><span style=\"font-size: 12px;\"><img decoding=\"async\" class=\"lazyload HAa Eha\" style=\"border-width: 1px; border-style: solid; margin: 10px auto; display: block;\" alt=\"\" src=\"data:image\/gif;base64,R0lGODlhAQABAAAAACH5BAEKAAEALAAAAAABAAEAAAICTAEAOw==\" data-orig-src=\"https:\/\/lh5.googleusercontent.com\/-L7J6tt-Ox04\/VI7K0fygHcI\/AAAAAAAAHu4\/xkTY_bqnaAQ\/w400-h279-no\/Liceu%2BGjirokaster.jpg\" \/><\/span><\/span><\/span><\/p>\n<\/td>\n<td>\n<p style=\"text-align: justify;\"><span style=\"color: #000000;\"><span style=\"font-family: tahoma,geneva,sans-serif;\"><span style=\"font-size: 12px;\">&nbsp;&nbsp;&nbsp; 62 nx\u00ebn\u00ebsit e Liceut tjet\u00ebr Kishtar \u201cKryqi i nderuar\u201d n\u00eb Gjirokast\u00ebr, me p\u00ebrvoj\u00eb 10-vje\u00e7are mbyll\u00ebn ciklin e studimeve me arritje t\u00eb spikatura p\u00ebr t\u00eb p\u00ebrgatitur kuadrot e rinj t\u00eb Kish\u00ebs dhe t\u00eb shoq\u00ebris\u00eb. Nx\u00ebn\u00ebsit e vitit t\u00eb fundit i kaluan me sukses \u201cethet\u201d e provimeve t\u00eb Matur\u00ebs Shtet\u00ebrore dhe tani presin tetorin p\u00ebr t\u00eb ndjekur studimet n\u00eb Akademin\u00eb Teologjike \u201cNgjallja e Krishtit\u201d, n\u00eb Sh\u00ebn Vlash t\u00eb Durr\u00ebsit, ose studimet n\u00eb universitetet brenda dhe jasht\u00eb vendit.<\/span><\/span><\/span><\/p>\n<\/td>\n<\/tr>\n<tr>\n<td>\n<p style=\"text-align: justify;\"><span style=\"color: #000000;\"><span style=\"font-family: tahoma,geneva,sans-serif;\"><span style=\"font-size: 12px;\">&nbsp;&nbsp;&nbsp; K\u00ebt\u00eb vit, nj\u00eb pjes\u00eb e konsiderueshme e k\u00ebtyre nx\u00ebn\u00ebsve, t\u00eb cil\u00ebt jan\u00eb p\u00ebrgatitur edhe n\u00eb jet\u00ebn e tyre shpirt\u00ebrore, duke m\u00ebsuar disa l\u00ebnd\u00eb fetare gjat\u00eb procesit m\u00ebsimor, kan\u00eb pohuar p\u00ebr faqen zyrtare t\u00eb Kish\u00ebs (<\/span><\/span><\/span><span style=\"font-family: tahoma,geneva,sans-serif;\"><span style=\"font-size: 12px;\"><a href=\"http:\/\/www.orthodoxalbania.org\/\"><span style=\"color: #000000;\">www.orthodoxalbania.org<\/span><\/a><\/span><\/span><span style=\"color: #000000;\"><span style=\"font-family: tahoma,geneva,sans-serif;\"><span style=\"font-size: 12px;\">) se do t\u00eb ndjekin studimet e tyre n\u00eb Akademin\u00eb Teologjike.<\/span><\/span><\/span><br \/> &nbsp;<\/p>\n<\/td>\n<td>\n<p><span style=\"color: #000000;\"><span style=\"font-family: tahoma,geneva,sans-serif;\"><span style=\"font-size: 12px;\"><img decoding=\"async\" class=\"lazyload HAa Eha\" style=\"border-width: 1px; border-style: solid; margin: 10px auto; display: block;\" alt=\"\" src=\"data:image\/gif;base64,R0lGODlhAQABAAAAACH5BAEKAAEALAAAAAABAAEAAAICTAEAOw==\" data-orig-src=\"https:\/\/lh5.googleusercontent.com\/-s3_Doq-6Ces\/VI7K0fgGcEI\/AAAAAAAAHvE\/064x8SX9UA8\/w400-h213-no\/Instituti%2BGjirokaster.jpg\" \/><\/span><\/span><\/span><\/p>\n<\/td>\n<\/tr>\n<tr>\n<td>\n<p><span style=\"color: #000000;\"><span style=\"font-family: tahoma,geneva,sans-serif;\"><span style=\"font-size: 12px;\"><img decoding=\"async\" class=\"lazyload HAa Eha\" style=\"border-width: 1px; border-style: solid; margin: 10px auto; display: block;\" alt=\"\" src=\"data:image\/gif;base64,R0lGODlhAQABAAAAACH5BAEKAAEALAAAAAABAAEAAAICTAEAOw==\" data-orig-src=\"https:\/\/lh4.googleusercontent.com\/-U9E-a_b8Epc\/VI7K0cK0KZI\/AAAAAAAAHuQ\/EztRkZ2q7eY\/w400-h207-no\/Mesopotam.jpg\" \/><\/span><\/span><\/span><\/p>\n<\/td>\n<td>\n<p style=\"text-align: justify;\"><span style=\"color: #000000;\"><span style=\"font-family: tahoma,geneva,sans-serif;\"><span style=\"font-size: 12px;\">&nbsp;&nbsp;&nbsp; Arsimi kishtar dhe profesional n\u00eb Mitropolin\u00eb e Gjirokastr\u00ebs po njeh nga viti n\u00eb vit nj\u00eb p\u00ebrparim t\u00eb duksh\u00ebm. N\u00eb vitin e dyt\u00eb t\u00eb saj mbylli vitin m\u00ebsimor edhe shkolla profesionale n\u00eb Mesopotam t\u00eb Sarand\u00ebs, duke p\u00ebrgatitur n\u00eb m\u00ebnyr\u00eb dinjitoze 104 nx\u00ebn\u00ebs n\u00eb deg\u00ebt: Informatik\u00eb, Instalime hidraulike, Instalime elektrike dhe Instalime frigoriferike, duke sh\u00ebrbyer si nj\u00eb fidanishte e t\u00eb ardhmes s\u00eb Kish\u00ebs dhe t\u00eb shoq\u00ebris\u00eb shqiptare. M\u00ebsuesit dhe pedagog\u00ebt shqiptar\u00eb dhe t\u00eb huaj dhan\u00eb eksperienc\u00ebn e tyre n\u00eb dijet shkencore, duke i njohur nx\u00ebn\u00ebsit edhe me element\u00ebt m\u00eb bashk\u00ebkohor\u00eb t\u00eb deg\u00ebve p\u00ebrkat\u00ebse.<\/span><\/span><\/span><\/p>\n<\/td>\n<\/tr>\n<tr>\n<td>\n<p style=\"text-align: justify;\"><span style=\"color: #000000;\"><span style=\"font-family: tahoma,geneva,sans-serif;\"><span style=\"font-size: 12px;\">&nbsp;&nbsp;&nbsp; Shkolla shqiptaro-amerikane \u201cProtagonist\u00ebt\u201d \u00ebsht\u00eb dalluar edhe k\u00ebt\u00eb vit si nj\u00eb nga shkollat m\u00eb t\u00eb mira 9-vje\u00e7are n\u00eb kryeqytet. Sipas drejtoresh\u00ebs s\u00eb saj, znj. Pauline Russell, k\u00ebt\u00eb vit u p\u00ebrgatit\u00ebn me metodat m\u00eb bashk\u00ebkohore t\u00eb m\u00ebsimarrjes 172 nx\u00ebn\u00ebs, t\u00eb cil\u00ebt shk\u00eblqyen edhe n\u00eb Olimpiadat n\u00eb rang qyteti, duke dal\u00eb nd\u00ebr nx\u00ebn\u00ebsit m\u00eb t\u00eb mir\u00eb.<\/span><\/span><\/span><\/p>\n<\/td>\n<td>\n<p><span style=\"color: #000000;\"><span style=\"font-family: tahoma,geneva,sans-serif;\"><span style=\"font-size: 12px;\"><img decoding=\"async\" class=\"lazyload HAa Eha\" style=\"border-width: 1px; border-style: solid; margin: 10px auto; display: block;\" alt=\"\" src=\"data:image\/gif;base64,R0lGODlhAQABAAAAACH5BAEKAAEALAAAAAABAAEAAAICTAEAOw==\" data-orig-src=\"https:\/\/lh4.googleusercontent.com\/-WB_3tfLybrg\/VI7K0wnRaLI\/AAAAAAAAHuc\/4KxpXa9yAFI\/w400-h288-no\/Protagonistet%2BTirane.jpg\" \/><\/span><\/span><\/span><\/p>\n<\/td>\n<\/tr>\n<tr>\n<td>\n<p><span style=\"color: #000000;\"><span style=\"font-family: tahoma,geneva,sans-serif;\"><span style=\"font-size: 12px;\"><img decoding=\"async\" class=\"lazyload HAa Eha\" style=\"border-width: 1px; border-style: solid; margin: 10px auto; display: block;\" alt=\"\" src=\"data:image\/gif;base64,R0lGODlhAQABAAAAACH5BAEKAAEALAAAAAABAAEAAAICTAEAOw==\" data-orig-src=\"https:\/\/lh4.googleusercontent.com\/-bjJmTzZrhjY\/VI7K1CX1jxI\/AAAAAAAAHuk\/m5Y5UnW9D9g\/w400-h246-no\/Sh.%2BVlash%2C.jpg\" \/><\/span><\/span><\/span><\/p>\n<\/td>\n<td>\n<p style=\"text-align: justify;\"><span style=\"color: #000000;\"><span style=\"font-family: tahoma,geneva,sans-serif;\"><span style=\"font-size: 12px;\">&nbsp;&nbsp;&nbsp; Edhe n\u00eb p\u00ebrgatitjen e aktiviteteve brenda dhe jasht\u00eb shkoll\u00ebs, nx\u00ebn\u00ebsit ishin protagonist\u00ebt e v\u00ebrtet\u00eb. N\u00eb dy veprimtarit\u00eb e fundit, fest\u00ebn e Abetares dhe mbylljen e vitit shkollor, ata mahnit\u00ebn prind\u00ebrit dhe m\u00ebsuesit e tyre me nivelin e formimit dhe krijueshm\u00ebris\u00eb. Dit\u00ebn e fundit t\u00eb shkoll\u00ebs, nx\u00ebn\u00ebsit organizuan vet\u00eb nj\u00eb panair me produkte t\u00eb ndryshme t\u00eb b\u00ebra me dor\u00ebn e tyre, t\u00eb cilat i shk\u00ebmbyen me nj\u00ebri-tjetri p\u00ebr t\u00eb treguar aft\u00ebsit\u00eb dhe bashk\u00ebpunimin e tyre.<\/span><\/span><\/span><\/p>\n<\/td>\n<\/tr>\n<tr>\n<td dir=\"ltr\" colspan=\"2\">\n<p style=\"text-align: justify;\"><span style=\"color: #000000;\"><span style=\"font-family: tahoma,geneva,sans-serif;\"><span style=\"font-size: 12px;\">&nbsp;&nbsp;&nbsp; Gjat\u00eb vitit m\u00ebsimor, rreth 25 m\u00ebsuesit e k\u00ebsaj shkolle u trajnuan me metodat m\u00eb bashk\u00ebkohore per\u00ebndimore n\u00eb fush\u00ebn e m\u00ebsimdh\u00ebnies. Vitin e ardhsh\u00ebm, Kryepiskopi Anastas ka menduar nj\u00eb tjet\u00ebr dhurat\u00eb p\u00ebr k\u00ebt\u00eb shkoll\u00eb, mjediset e reja dhe moderne q\u00eb jan\u00eb n\u00eb proces nd\u00ebrtimi te Rruga e Kavaj\u00ebs.<\/span><\/span><\/span><\/p>\n<p style=\"text-align: justify;\"><span style=\"color: #000000;\"><span style=\"font-family: tahoma,geneva,sans-serif;\"><span style=\"font-size: 12px;\">&nbsp;&nbsp;&nbsp; Edhe shkolla fillore shqiptaro-greke \u201cFrym\u00eb Dashurie\u201d, n\u00eb Durr\u00ebs, p\u00ebrfundoi vitin shkollor me p\u00ebrparime n\u00eb fush\u00ebn e dijes p\u00ebr 44 nx\u00ebn\u00ebsit e tre klasave t\u00eb para t\u00eb saj. Sipas drejtorit t\u00eb shkoll\u00ebs, z. Kristaq Mile, pati nj\u00eb nivel t\u00eb lart\u00eb n\u00eb rezultate nga ana e nx\u00ebn\u00ebsve, duke u dalluar si nj\u00eb nd\u00ebr shkollat m\u00eb t\u00eb mira n\u00eb Durr\u00ebs, bashk\u00eb edhe me&nbsp; ambientet komode dhe baz\u00ebn materiale e didaktike moderne.<\/span><\/span><\/span><\/p>\n<p style=\"text-align: justify;\"><span style=\"color: #000000;\"><span style=\"font-family: tahoma,geneva,sans-serif;\"><span style=\"font-size: 12px;\">&nbsp;&nbsp;&nbsp; Instituti i Formimit Profesional \u201cFryma e Dashuris\u00eb\u201d me qend\u00ebr n\u00eb Tiran\u00eb dhe filialin n\u00eb qendr\u00ebn \u201cEmaus\u201d, n\u00eb Gjirokast\u00ebr, p\u00ebrfunduan vitin akademik 2007-2008 me standarde t\u00eb larta kualifikuese. 250 student\u00ebt e deg\u00ebve: Kuad\u00ebr Menaxher, Specialist n\u00eb Llogarit\u00eb e Kompjuterizuara, Informatik\u00eb, Specialist n\u00eb Laborator\u00ebt Mjek\u00ebsor\u00eb, Restaurim dhe Konservim veprash arti, si edhe Ikonografi Bizantine, n\u00eb Tiran\u00eb, p\u00ebrvet\u00ebsuan me sukses programin m\u00ebsimor.<\/span><\/span><\/span><\/p>\n<p style=\"text-align: justify;\"><span style=\"color: #000000;\"><span style=\"font-family: tahoma,geneva,sans-serif;\"><span style=\"font-size: 12px;\">&nbsp;&nbsp;&nbsp; Edhe n\u00eb Institutin tjet\u00ebr q\u00eb ndodhet n\u00eb qendr\u00ebn \u201cEmaus\u201d, n\u00eb hyrje t\u00eb qytetit t\u00eb Gjirokastr\u00ebs p\u00ebrfunduan studimet e k\u00ebtij viti akademik 100 student\u00eb t\u00eb viteve t\u00eb para dhe t\u00eb dyta n\u00eb deg\u00ebt: Specialist n\u00eb Llogarit\u00eb e Kompjuterizuara, Administrim Nd\u00ebrmarrjesh, Specialist i Enteve Turistike dhe Informatik\u00eb e Zbatuar. P\u00ebrve\u00e7 l\u00ebnd\u00ebve teorike, student\u00ebt ndoq\u00ebn edhe praktikat m\u00ebsimore, p\u00ebr t\u00eb qen\u00eb t\u00eb aft\u00eb dhe konkurrues n\u00eb tregun e pun\u00ebs n\u00eb p\u00ebrfundim t\u00eb studimeve dyvje\u00e7are.<\/span><\/span><\/span><\/p>\n<p style=\"text-align: justify;\"><span style=\"color: #000000;\"><span style=\"font-family: tahoma,geneva,sans-serif;\"><span style=\"font-size: 12px;\">&nbsp;&nbsp;&nbsp; Shkollat 9-vje\u00e7are dhe t\u00eb mesme s\u00eb bashku me institutet profesionale t\u00eb Kish\u00ebs sh\u00ebrbejn\u00eb si laborator\u00eb t\u00eb ringjalljes shpirt\u00ebrore dhe morale t\u00eb shoq\u00ebris\u00eb son\u00eb dhe p\u00ebrgatitjes cil\u00ebsore n\u00eb profesionet e jet\u00ebs. Organizimi shum\u00eb i mir\u00eb p\u00ebr mbylljen me sukses t\u00eb vitit t\u00eb ri shkollor, me bekimin dhe mund\u00ebsit\u00eb e krijuara nga Fortlumturia e Tij, Kryepiskopi Anastas, tregon vler\u00ebsimin e madh q\u00eb i jepet formimit t\u00eb nj\u00eb brezi t\u00eb ri me dije e kultur\u00eb p\u00ebr t\u00eb ardhmen e Kish\u00ebs dhe vendit.<\/span><\/span><\/span><\/p>\n<\/td>\n<\/tr>\n<tr>\n<td dir=\"ltr\" colspan=\"2\">\n<p>&nbsp;<\/p>\n<p>&nbsp;<\/p>\n<\/td>\n<\/tr>\n<tr>\n<td dir=\"ltr\" colspan=\"2\">\n<p style=\"text-align: right;\"><span style=\"color: #000000;\"><span style=\"font-family: tahoma,geneva,sans-serif;\"><span style=\"font-size: 12px;\"><strong>Isidor Koti<\/strong><\/span><\/span><\/span><\/p>\n<\/td>\n<\/tr>\n<\/tbody>\n<\/table>\n","protected":false},"excerpt":{"rendered":"<p>\u201cFundi i vitit shkollor 2007-2008 rezultoi i suksessh\u00ebm dhe p\u00ebrparimi i v\u00ebrtet\u00eb i nx\u00ebn\u00ebsve ka qen\u00eb n\u00eb jet\u00ebn shpirt\u00ebrore\u201d &nbsp;&nbsp;&nbsp; Nx\u00ebn\u00ebsit dhe student\u00ebt, Bijt\u00eb e Drit\u00ebs q\u00eb nuk per\u00ebndon, p\u00ebrb\u00ebjn\u00eb n\u00eb thelb ecjen p\u00ebrpara t\u00eb Kish\u00ebs son\u00eb, duke punuar vazhdimisht p\u00ebr t\u00eb qen\u00eb t\u00eb par\u00ebt n\u00eb m\u00ebsime, n\u00eb moral dhe n\u00eb ndjenj\u00ebn e p\u00ebrpjekjes. Ata e din\u00eb mir\u00eb se njeriu q\u00eb u ka q\u00ebndruar m\u00eb<\/p>\n","protected":false},"author":1,"featured_media":0,"comment_status":"open","ping_status":"open","sticky":false,"template":"","format":"standard","meta":{"_acf_changed":false,"pagelayer_contact_templates":[],"_pagelayer_content":"","inline_featured_image":false,"fifu_image_url":"","fifu_image_alt":"","footnotes":""},"categories":[108],"tags":[146,175,196,212],"class_list":["post-918","post","type-post","status-publish","format-standard","hentry","category-lajme","tag-146","tag-institucione-parashkollore-te-kishes-orthodhokse","tag-tirane","tag-lajme-d27"],"acf":[],"yoast_head":"<!-- This site is optimized with the Yoast SEO plugin v27.2 - https:\/\/yoast.com\/product\/yoast-seo-wordpress\/ -->\n<title>Mbyllet viti shkollor n\u00eb institucionet arsimore t\u00eb Kish\u00ebs son\u00eb. (2008) - Kisha Orthodh\u03bfkse Autoqefale e Shqip\u00ebris\u00eb<\/title>\n<meta name=\"robots\" content=\"index, follow, max-snippet:-1, max-image-preview:large, max-video-preview:-1\" \/>\n<link rel=\"canonical\" href=\"https:\/\/orthodoxalbania.org\/2020\/2008\/02\/26\/mbyllet-viti-shkollor-ne-institucionet-arsimore-te-kishes-sone-2008\/\" \/>\n<meta property=\"og:locale\" content=\"en_US\" \/>\n<meta property=\"og:type\" content=\"article\" \/>\n<meta property=\"og:title\" content=\"Mbyllet viti shkollor n\u00eb institucionet arsimore t\u00eb Kish\u00ebs son\u00eb. (2008) - Kisha Orthodh\u03bfkse Autoqefale e Shqip\u00ebris\u00eb\" \/>\n<meta property=\"og:description\" content=\"\u201cFundi i vitit shkollor 2007-2008 rezultoi i suksessh\u00ebm dhe p\u00ebrparimi i v\u00ebrtet\u00eb i nx\u00ebn\u00ebsve ka qen\u00eb n\u00eb jet\u00ebn shpirt\u00ebrore\u201d &nbsp;&nbsp;&nbsp; Nx\u00ebn\u00ebsit dhe student\u00ebt, Bijt\u00eb e Drit\u00ebs q\u00eb nuk per\u00ebndon, p\u00ebrb\u00ebjn\u00eb n\u00eb thelb ecjen p\u00ebrpara t\u00eb Kish\u00ebs son\u00eb, duke punuar vazhdimisht p\u00ebr t\u00eb qen\u00eb t\u00eb par\u00ebt n\u00eb m\u00ebsime, n\u00eb moral dhe n\u00eb ndjenj\u00ebn e p\u00ebrpjekjes. Ata e din\u00eb mir\u00eb se njeriu q\u00eb u ka q\u00ebndruar m\u00eb\" \/>\n<meta property=\"og:url\" content=\"https:\/\/orthodoxalbania.org\/2020\/2008\/02\/26\/mbyllet-viti-shkollor-ne-institucionet-arsimore-te-kishes-sone-2008\/\" \/>\n<meta property=\"og:site_name\" content=\"Kisha Orthodh\u03bfkse Autoqefale e Shqip\u00ebris\u00eb\" \/>\n<meta property=\"article:publisher\" content=\"https:\/\/www.facebook.com\/koash1991\" \/>\n<meta property=\"article:published_time\" content=\"2008-02-26T00:00:00+00:00\" \/>\n<meta property=\"article:modified_time\" content=\"2020-04-06T20:35:25+00:00\" \/>\n<meta property=\"og:image\" content=\"https:\/\/lh3.googleusercontent.com\/-1bjDoT845xU\/VI7K1Q277vI\/AAAAAAAAHu8\/sJ7BwBmK4IE\/w400-h272-no\/instituti%2B%2BTirane.jpg\" \/>\n<meta name=\"author\" content=\"Kisha Orthodhokse\" \/>\n<meta name=\"twitter:card\" content=\"summary_large_image\" \/>\n<meta name=\"twitter:label1\" content=\"Written by\" \/>\n\t<meta name=\"twitter:data1\" content=\"Kisha Orthodhokse\" \/>\n\t<meta name=\"twitter:label2\" content=\"Est. reading time\" \/>\n\t<meta name=\"twitter:data2\" content=\"6 minutes\" \/>\n<script type=\"application\/ld+json\" class=\"yoast-schema-graph\">{\"@context\":\"https:\/\/schema.org\",\"@graph\":[{\"@type\":\"Article\",\"@id\":\"https:\/\/orthodoxalbania.org\/2020\/2008\/02\/26\/mbyllet-viti-shkollor-ne-institucionet-arsimore-te-kishes-sone-2008\/#article\",\"isPartOf\":{\"@id\":\"https:\/\/orthodoxalbania.org\/2020\/2008\/02\/26\/mbyllet-viti-shkollor-ne-institucionet-arsimore-te-kishes-sone-2008\/\"},\"author\":{\"name\":\"Kisha Orthodhokse\",\"@id\":\"https:\/\/orthodoxalbania.org\/2020\/#\/schema\/person\/0c387634a7063ac612d7ed9ce71c7e86\"},\"headline\":\"Mbyllet viti shkollor n\u00eb institucionet arsimore t\u00eb Kish\u00ebs son\u00eb. (2008)\",\"datePublished\":\"2008-02-26T00:00:00+00:00\",\"dateModified\":\"2020-04-06T20:35:25+00:00\",\"mainEntityOfPage\":{\"@id\":\"https:\/\/orthodoxalbania.org\/2020\/2008\/02\/26\/mbyllet-viti-shkollor-ne-institucionet-arsimore-te-kishes-sone-2008\/\"},\"wordCount\":1220,\"commentCount\":0,\"publisher\":{\"@id\":\"https:\/\/orthodoxalbania.org\/2020\/#organization\"},\"image\":{\"@id\":\"https:\/\/orthodoxalbania.org\/2020\/2008\/02\/26\/mbyllet-viti-shkollor-ne-institucionet-arsimore-te-kishes-sone-2008\/#primaryimage\"},\"thumbnailUrl\":\"https:\/\/lh3.googleusercontent.com\/-1bjDoT845xU\/VI7K1Q277vI\/AAAAAAAAHu8\/sJ7BwBmK4IE\/w400-h272-no\/instituti%2B%2BTirane.jpg\",\"keywords\":[\"2008\",\"Institucione Parashkollore t\u00eb Kish\u00ebs Orthodhokse\",\"Kryepiskopata Tiran\u00eb\",\"lajme\"],\"articleSection\":[\"Lajme\"],\"inLanguage\":\"en-US\"},{\"@type\":\"WebPage\",\"@id\":\"https:\/\/orthodoxalbania.org\/2020\/2008\/02\/26\/mbyllet-viti-shkollor-ne-institucionet-arsimore-te-kishes-sone-2008\/\",\"url\":\"https:\/\/orthodoxalbania.org\/2020\/2008\/02\/26\/mbyllet-viti-shkollor-ne-institucionet-arsimore-te-kishes-sone-2008\/\",\"name\":\"Mbyllet viti shkollor n\u00eb institucionet arsimore t\u00eb Kish\u00ebs son\u00eb. (2008) - Kisha Orthodh\u03bfkse Autoqefale e Shqip\u00ebris\u00eb\",\"isPartOf\":{\"@id\":\"https:\/\/orthodoxalbania.org\/2020\/#website\"},\"primaryImageOfPage\":{\"@id\":\"https:\/\/orthodoxalbania.org\/2020\/2008\/02\/26\/mbyllet-viti-shkollor-ne-institucionet-arsimore-te-kishes-sone-2008\/#primaryimage\"},\"image\":{\"@id\":\"https:\/\/orthodoxalbania.org\/2020\/2008\/02\/26\/mbyllet-viti-shkollor-ne-institucionet-arsimore-te-kishes-sone-2008\/#primaryimage\"},\"thumbnailUrl\":\"https:\/\/lh3.googleusercontent.com\/-1bjDoT845xU\/VI7K1Q277vI\/AAAAAAAAHu8\/sJ7BwBmK4IE\/w400-h272-no\/instituti%2B%2BTirane.jpg\",\"datePublished\":\"2008-02-26T00:00:00+00:00\",\"dateModified\":\"2020-04-06T20:35:25+00:00\",\"breadcrumb\":{\"@id\":\"https:\/\/orthodoxalbania.org\/2020\/2008\/02\/26\/mbyllet-viti-shkollor-ne-institucionet-arsimore-te-kishes-sone-2008\/#breadcrumb\"},\"inLanguage\":\"en-US\",\"potentialAction\":[{\"@type\":\"ReadAction\",\"target\":[\"https:\/\/orthodoxalbania.org\/2020\/2008\/02\/26\/mbyllet-viti-shkollor-ne-institucionet-arsimore-te-kishes-sone-2008\/\"]}]},{\"@type\":\"ImageObject\",\"inLanguage\":\"en-US\",\"@id\":\"https:\/\/orthodoxalbania.org\/2020\/2008\/02\/26\/mbyllet-viti-shkollor-ne-institucionet-arsimore-te-kishes-sone-2008\/#primaryimage\",\"url\":\"https:\/\/lh3.googleusercontent.com\/-1bjDoT845xU\/VI7K1Q277vI\/AAAAAAAAHu8\/sJ7BwBmK4IE\/w400-h272-no\/instituti%2B%2BTirane.jpg\",\"contentUrl\":\"https:\/\/lh3.googleusercontent.com\/-1bjDoT845xU\/VI7K1Q277vI\/AAAAAAAAHu8\/sJ7BwBmK4IE\/w400-h272-no\/instituti%2B%2BTirane.jpg\"},{\"@type\":\"BreadcrumbList\",\"@id\":\"https:\/\/orthodoxalbania.org\/2020\/2008\/02\/26\/mbyllet-viti-shkollor-ne-institucionet-arsimore-te-kishes-sone-2008\/#breadcrumb\",\"itemListElement\":[{\"@type\":\"ListItem\",\"position\":1,\"name\":\"Home\",\"item\":\"https:\/\/orthodoxalbania.org\/2020\/\"},{\"@type\":\"ListItem\",\"position\":2,\"name\":\"Mbyllet viti shkollor n\u00eb institucionet arsimore t\u00eb Kish\u00ebs son\u00eb. (2008)\"}]},{\"@type\":\"WebSite\",\"@id\":\"https:\/\/orthodoxalbania.org\/2020\/#website\",\"url\":\"https:\/\/orthodoxalbania.org\/2020\/\",\"name\":\"Kisha Orthodh\u03bfkse Autoqefale e Shqip\u00ebris\u00eb\",\"description\":\"Fqja Zyrtare e Kish\u00ebs Orthodhokse Autoqefale e Shqip\u00ebris\u00eb me lajmet edhe informacionet zyrtare p\u00ebr struktur\u00ebn edhe veprimtarin e saj.\",\"publisher\":{\"@id\":\"https:\/\/orthodoxalbania.org\/2020\/#organization\"},\"potentialAction\":[{\"@type\":\"SearchAction\",\"target\":{\"@type\":\"EntryPoint\",\"urlTemplate\":\"https:\/\/orthodoxalbania.org\/2020\/?s={search_term_string}\"},\"query-input\":{\"@type\":\"PropertyValueSpecification\",\"valueRequired\":true,\"valueName\":\"search_term_string\"}}],\"inLanguage\":\"en-US\"},{\"@type\":\"Organization\",\"@id\":\"https:\/\/orthodoxalbania.org\/2020\/#organization\",\"name\":\"Kisha Orthodhokse Autoqefale e Shqip\u00ebris\u00eb\",\"url\":\"https:\/\/orthodoxalbania.org\/2020\/\",\"logo\":{\"@type\":\"ImageObject\",\"inLanguage\":\"en-US\",\"@id\":\"https:\/\/orthodoxalbania.org\/2020\/#\/schema\/logo\/image\/\",\"url\":\"https:\/\/orthodoxalbania.org\/2020\/wp-content\/uploads\/2020\/05\/albania.jpeg\",\"contentUrl\":\"https:\/\/orthodoxalbania.org\/2020\/wp-content\/uploads\/2020\/05\/albania.jpeg\",\"width\":540,\"height\":540,\"caption\":\"Kisha Orthodhokse Autoqefale e Shqip\u00ebris\u00eb\"},\"image\":{\"@id\":\"https:\/\/orthodoxalbania.org\/2020\/#\/schema\/logo\/image\/\"},\"sameAs\":[\"https:\/\/www.facebook.com\/koash1991\"]},{\"@type\":\"Person\",\"@id\":\"https:\/\/orthodoxalbania.org\/2020\/#\/schema\/person\/0c387634a7063ac612d7ed9ce71c7e86\",\"name\":\"Kisha Orthodhokse\",\"image\":{\"@type\":\"ImageObject\",\"inLanguage\":\"en-US\",\"@id\":\"https:\/\/secure.gravatar.com\/avatar\/596e7c417251e30f2fbb9c00e026fce61a695a00e51c889caded71c96cbbdde5?s=96&d=mm&r=g\",\"url\":\"https:\/\/secure.gravatar.com\/avatar\/596e7c417251e30f2fbb9c00e026fce61a695a00e51c889caded71c96cbbdde5?s=96&d=mm&r=g\",\"contentUrl\":\"https:\/\/secure.gravatar.com\/avatar\/596e7c417251e30f2fbb9c00e026fce61a695a00e51c889caded71c96cbbdde5?s=96&d=mm&r=g\",\"caption\":\"Kisha Orthodhokse\"}}]}<\/script>\n<!-- \/ Yoast SEO plugin. -->","yoast_head_json":{"title":"Mbyllet viti shkollor n\u00eb institucionet arsimore t\u00eb Kish\u00ebs son\u00eb. (2008) - Kisha Orthodh\u03bfkse Autoqefale e Shqip\u00ebris\u00eb","robots":{"index":"index","follow":"follow","max-snippet":"max-snippet:-1","max-image-preview":"max-image-preview:large","max-video-preview":"max-video-preview:-1"},"canonical":"https:\/\/orthodoxalbania.org\/2020\/2008\/02\/26\/mbyllet-viti-shkollor-ne-institucionet-arsimore-te-kishes-sone-2008\/","og_locale":"en_US","og_type":"article","og_title":"Mbyllet viti shkollor n\u00eb institucionet arsimore t\u00eb Kish\u00ebs son\u00eb. (2008) - Kisha Orthodh\u03bfkse Autoqefale e Shqip\u00ebris\u00eb","og_description":"\u201cFundi i vitit shkollor 2007-2008 rezultoi i suksessh\u00ebm dhe p\u00ebrparimi i v\u00ebrtet\u00eb i nx\u00ebn\u00ebsve ka qen\u00eb n\u00eb jet\u00ebn shpirt\u00ebrore\u201d &nbsp;&nbsp;&nbsp; Nx\u00ebn\u00ebsit dhe student\u00ebt, Bijt\u00eb e Drit\u00ebs q\u00eb nuk per\u00ebndon, p\u00ebrb\u00ebjn\u00eb n\u00eb thelb ecjen p\u00ebrpara t\u00eb Kish\u00ebs son\u00eb, duke punuar vazhdimisht p\u00ebr t\u00eb qen\u00eb t\u00eb par\u00ebt n\u00eb m\u00ebsime, n\u00eb moral dhe n\u00eb ndjenj\u00ebn e p\u00ebrpjekjes. Ata e din\u00eb mir\u00eb se njeriu q\u00eb u ka q\u00ebndruar m\u00eb","og_url":"https:\/\/orthodoxalbania.org\/2020\/2008\/02\/26\/mbyllet-viti-shkollor-ne-institucionet-arsimore-te-kishes-sone-2008\/","og_site_name":"Kisha Orthodh\u03bfkse Autoqefale e Shqip\u00ebris\u00eb","article_publisher":"https:\/\/www.facebook.com\/koash1991","article_published_time":"2008-02-26T00:00:00+00:00","article_modified_time":"2020-04-06T20:35:25+00:00","og_image":[{"url":"https:\/\/lh3.googleusercontent.com\/-1bjDoT845xU\/VI7K1Q277vI\/AAAAAAAAHu8\/sJ7BwBmK4IE\/w400-h272-no\/instituti%2B%2BTirane.jpg","type":"","width":"","height":""}],"author":"Kisha Orthodhokse","twitter_card":"summary_large_image","twitter_misc":{"Written by":"Kisha Orthodhokse","Est. reading time":"6 minutes"},"schema":{"@context":"https:\/\/schema.org","@graph":[{"@type":"Article","@id":"https:\/\/orthodoxalbania.org\/2020\/2008\/02\/26\/mbyllet-viti-shkollor-ne-institucionet-arsimore-te-kishes-sone-2008\/#article","isPartOf":{"@id":"https:\/\/orthodoxalbania.org\/2020\/2008\/02\/26\/mbyllet-viti-shkollor-ne-institucionet-arsimore-te-kishes-sone-2008\/"},"author":{"name":"Kisha Orthodhokse","@id":"https:\/\/orthodoxalbania.org\/2020\/#\/schema\/person\/0c387634a7063ac612d7ed9ce71c7e86"},"headline":"Mbyllet viti shkollor n\u00eb institucionet arsimore t\u00eb Kish\u00ebs son\u00eb. (2008)","datePublished":"2008-02-26T00:00:00+00:00","dateModified":"2020-04-06T20:35:25+00:00","mainEntityOfPage":{"@id":"https:\/\/orthodoxalbania.org\/2020\/2008\/02\/26\/mbyllet-viti-shkollor-ne-institucionet-arsimore-te-kishes-sone-2008\/"},"wordCount":1220,"commentCount":0,"publisher":{"@id":"https:\/\/orthodoxalbania.org\/2020\/#organization"},"image":{"@id":"https:\/\/orthodoxalbania.org\/2020\/2008\/02\/26\/mbyllet-viti-shkollor-ne-institucionet-arsimore-te-kishes-sone-2008\/#primaryimage"},"thumbnailUrl":"https:\/\/lh3.googleusercontent.com\/-1bjDoT845xU\/VI7K1Q277vI\/AAAAAAAAHu8\/sJ7BwBmK4IE\/w400-h272-no\/instituti%2B%2BTirane.jpg","keywords":["2008","Institucione Parashkollore t\u00eb Kish\u00ebs Orthodhokse","Kryepiskopata Tiran\u00eb","lajme"],"articleSection":["Lajme"],"inLanguage":"en-US"},{"@type":"WebPage","@id":"https:\/\/orthodoxalbania.org\/2020\/2008\/02\/26\/mbyllet-viti-shkollor-ne-institucionet-arsimore-te-kishes-sone-2008\/","url":"https:\/\/orthodoxalbania.org\/2020\/2008\/02\/26\/mbyllet-viti-shkollor-ne-institucionet-arsimore-te-kishes-sone-2008\/","name":"Mbyllet viti shkollor n\u00eb institucionet arsimore t\u00eb Kish\u00ebs son\u00eb. (2008) - Kisha Orthodh\u03bfkse Autoqefale e Shqip\u00ebris\u00eb","isPartOf":{"@id":"https:\/\/orthodoxalbania.org\/2020\/#website"},"primaryImageOfPage":{"@id":"https:\/\/orthodoxalbania.org\/2020\/2008\/02\/26\/mbyllet-viti-shkollor-ne-institucionet-arsimore-te-kishes-sone-2008\/#primaryimage"},"image":{"@id":"https:\/\/orthodoxalbania.org\/2020\/2008\/02\/26\/mbyllet-viti-shkollor-ne-institucionet-arsimore-te-kishes-sone-2008\/#primaryimage"},"thumbnailUrl":"https:\/\/lh3.googleusercontent.com\/-1bjDoT845xU\/VI7K1Q277vI\/AAAAAAAAHu8\/sJ7BwBmK4IE\/w400-h272-no\/instituti%2B%2BTirane.jpg","datePublished":"2008-02-26T00:00:00+00:00","dateModified":"2020-04-06T20:35:25+00:00","breadcrumb":{"@id":"https:\/\/orthodoxalbania.org\/2020\/2008\/02\/26\/mbyllet-viti-shkollor-ne-institucionet-arsimore-te-kishes-sone-2008\/#breadcrumb"},"inLanguage":"en-US","potentialAction":[{"@type":"ReadAction","target":["https:\/\/orthodoxalbania.org\/2020\/2008\/02\/26\/mbyllet-viti-shkollor-ne-institucionet-arsimore-te-kishes-sone-2008\/"]}]},{"@type":"ImageObject","inLanguage":"en-US","@id":"https:\/\/orthodoxalbania.org\/2020\/2008\/02\/26\/mbyllet-viti-shkollor-ne-institucionet-arsimore-te-kishes-sone-2008\/#primaryimage","url":"https:\/\/lh3.googleusercontent.com\/-1bjDoT845xU\/VI7K1Q277vI\/AAAAAAAAHu8\/sJ7BwBmK4IE\/w400-h272-no\/instituti%2B%2BTirane.jpg","contentUrl":"https:\/\/lh3.googleusercontent.com\/-1bjDoT845xU\/VI7K1Q277vI\/AAAAAAAAHu8\/sJ7BwBmK4IE\/w400-h272-no\/instituti%2B%2BTirane.jpg"},{"@type":"BreadcrumbList","@id":"https:\/\/orthodoxalbania.org\/2020\/2008\/02\/26\/mbyllet-viti-shkollor-ne-institucionet-arsimore-te-kishes-sone-2008\/#breadcrumb","itemListElement":[{"@type":"ListItem","position":1,"name":"Home","item":"https:\/\/orthodoxalbania.org\/2020\/"},{"@type":"ListItem","position":2,"name":"Mbyllet viti shkollor n\u00eb institucionet arsimore t\u00eb Kish\u00ebs son\u00eb. (2008)"}]},{"@type":"WebSite","@id":"https:\/\/orthodoxalbania.org\/2020\/#website","url":"https:\/\/orthodoxalbania.org\/2020\/","name":"Kisha Orthodh\u03bfkse Autoqefale e Shqip\u00ebris\u00eb","description":"Fqja Zyrtare e Kish\u00ebs Orthodhokse Autoqefale e Shqip\u00ebris\u00eb me lajmet edhe informacionet zyrtare p\u00ebr struktur\u00ebn edhe veprimtarin e saj.","publisher":{"@id":"https:\/\/orthodoxalbania.org\/2020\/#organization"},"potentialAction":[{"@type":"SearchAction","target":{"@type":"EntryPoint","urlTemplate":"https:\/\/orthodoxalbania.org\/2020\/?s={search_term_string}"},"query-input":{"@type":"PropertyValueSpecification","valueRequired":true,"valueName":"search_term_string"}}],"inLanguage":"en-US"},{"@type":"Organization","@id":"https:\/\/orthodoxalbania.org\/2020\/#organization","name":"Kisha Orthodhokse Autoqefale e Shqip\u00ebris\u00eb","url":"https:\/\/orthodoxalbania.org\/2020\/","logo":{"@type":"ImageObject","inLanguage":"en-US","@id":"https:\/\/orthodoxalbania.org\/2020\/#\/schema\/logo\/image\/","url":"https:\/\/orthodoxalbania.org\/2020\/wp-content\/uploads\/2020\/05\/albania.jpeg","contentUrl":"https:\/\/orthodoxalbania.org\/2020\/wp-content\/uploads\/2020\/05\/albania.jpeg","width":540,"height":540,"caption":"Kisha Orthodhokse Autoqefale e Shqip\u00ebris\u00eb"},"image":{"@id":"https:\/\/orthodoxalbania.org\/2020\/#\/schema\/logo\/image\/"},"sameAs":["https:\/\/www.facebook.com\/koash1991"]},{"@type":"Person","@id":"https:\/\/orthodoxalbania.org\/2020\/#\/schema\/person\/0c387634a7063ac612d7ed9ce71c7e86","name":"Kisha Orthodhokse","image":{"@type":"ImageObject","inLanguage":"en-US","@id":"https:\/\/secure.gravatar.com\/avatar\/596e7c417251e30f2fbb9c00e026fce61a695a00e51c889caded71c96cbbdde5?s=96&d=mm&r=g","url":"https:\/\/secure.gravatar.com\/avatar\/596e7c417251e30f2fbb9c00e026fce61a695a00e51c889caded71c96cbbdde5?s=96&d=mm&r=g","contentUrl":"https:\/\/secure.gravatar.com\/avatar\/596e7c417251e30f2fbb9c00e026fce61a695a00e51c889caded71c96cbbdde5?s=96&d=mm&r=g","caption":"Kisha Orthodhokse"}}]}},"_links":{"self":[{"href":"https:\/\/orthodoxalbania.org\/2020\/wp-json\/wp\/v2\/posts\/918","targetHints":{"allow":["GET"]}}],"collection":[{"href":"https:\/\/orthodoxalbania.org\/2020\/wp-json\/wp\/v2\/posts"}],"about":[{"href":"https:\/\/orthodoxalbania.org\/2020\/wp-json\/wp\/v2\/types\/post"}],"author":[{"embeddable":true,"href":"https:\/\/orthodoxalbania.org\/2020\/wp-json\/wp\/v2\/users\/1"}],"replies":[{"embeddable":true,"href":"https:\/\/orthodoxalbania.org\/2020\/wp-json\/wp\/v2\/comments?post=918"}],"version-history":[{"count":1,"href":"https:\/\/orthodoxalbania.org\/2020\/wp-json\/wp\/v2\/posts\/918\/revisions"}],"predecessor-version":[{"id":15676,"href":"https:\/\/orthodoxalbania.org\/2020\/wp-json\/wp\/v2\/posts\/918\/revisions\/15676"}],"wp:attachment":[{"href":"https:\/\/orthodoxalbania.org\/2020\/wp-json\/wp\/v2\/media?parent=918"}],"wp:term":[{"taxonomy":"category","embeddable":true,"href":"https:\/\/orthodoxalbania.org\/2020\/wp-json\/wp\/v2\/categories?post=918"},{"taxonomy":"post_tag","embeddable":true,"href":"https:\/\/orthodoxalbania.org\/2020\/wp-json\/wp\/v2\/tags?post=918"}],"curies":[{"name":"wp","href":"https:\/\/api.w.org\/{rel}","templated":true}]}}