{"id":917,"date":"2008-02-26T00:00:00","date_gmt":"2008-02-26T00:00:00","guid":{"rendered":""},"modified":"2020-04-06T22:35:24","modified_gmt":"2020-04-06T20:35:24","slug":"mbyllet-viti-kushtuar-100-vjetorit-te-kishes-shqiptare-ne-shba-2008","status":"publish","type":"post","link":"https:\/\/orthodoxalbania.org\/2020\/2008\/02\/26\/mbyllet-viti-kushtuar-100-vjetorit-te-kishes-shqiptare-ne-shba-2008\/","title":{"rendered":"Mbyllet viti kushtuar 100-vjetorit t\u00eb Kish\u00ebs Shqiptare n\u00eb SHBA. (2008)"},"content":{"rendered":"<div style=\"text-align: center;\"><span style=\"color: #b22222;\"><span style=\"font-family: tahoma,geneva,sans-serif;\"><span style=\"font-size: 12px;\"><span class=\"style15\"><strong>Kremtim festiv me rastin e p\u00ebrvjetorit t\u00eb Liturgjis\u00eb<\/strong> <strong>s\u00eb par\u00eb Hyjnore n\u00eb shqip<\/strong><\/span><\/span><\/span><\/span><\/div>\n<table border=\"0\">\n<tbody>\n<tr>\n<th scope=\"col\">&nbsp;<\/th>\n<th scope=\"col\">&nbsp;<\/th>\n<th scope=\"col\">&nbsp;<\/th>\n<th scope=\"col\">&nbsp;<\/th>\n<th scope=\"col\">&nbsp;<\/th>\n<th scope=\"col\">&nbsp;<\/th>\n<\/tr>\n<\/tbody>\n<\/table>\n<table border=\"0\">\n<tbody>\n<tr>\n<td>\n<div><span style=\"color: #000000;\"><span style=\"font-family: tahoma,geneva,sans-serif;\"><span style=\"font-size: 12px;\">&nbsp;&nbsp;&nbsp;<\/span><\/span><\/span><\/div>\n<div style=\"text-align: justify;\"><span style=\"color: #000000;\"><span style=\"font-family: tahoma,geneva,sans-serif;\"><span style=\"font-size: 12px;\">&nbsp;&nbsp;&nbsp;&nbsp;&nbsp; Viti Nolian, u mbyll k\u00ebt\u00eb fundjav\u00eb, ku n\u00eb Boston ishin mbledhur m\u00eb shum\u00eb se nj\u00eb mij\u00eb pjes\u00ebmarr\u00ebs.<\/p>\n<p> <img decoding=\"async\" class=\"lazyload HAa Eha\" style=\"border-width: 1px; border-style: solid; margin: 10px; float: left; height: 227px; width: 300px;\" alt=\"\" src=\"data:image\/gif;base64,R0lGODlhAQABAAAAACH5BAEKAAEALAAAAAABAAEAAAICTAEAOw==\" data-orig-src=\"https:\/\/lh3.googleusercontent.com\/-zTThWm573qk\/VJFUKTzi69I\/AAAAAAAAH-c\/E1zF89pWw38\/w445-h336-no\/7.jpg\" \/>&nbsp;&nbsp;&nbsp;&nbsp; T\u00eb shtun\u00ebn m\u00eb 27 dhe t\u00eb diel\u00ebn, m\u00eb 28 shtator, n\u00eb mbyllje t\u00eb vitit kushtuar 100 vjetorit t\u00eb Kish\u00ebs dhe Mesh\u00ebs s\u00eb par\u00eb n\u00eb shqip n\u00eb SHBA, shqiptar\u00ebt e Bostonit p\u00ebrkujtuan Nolin me nj\u00eb festim madh\u00ebshtor. Kishte t\u00eb ardhur p\u00ebr k\u00ebt\u00eb rast nga shum\u00eb qytete. Baba Edmond Halili, z\u00ebvend\u00ebsi i Kryegjyshit Bot\u00ebror me qend\u00ebr n\u00eb Tiran\u00eb, p\u00ebrfaq\u00ebsonte bektashinjt\u00eb shqiptar\u00eb, nd\u00ebrsa besimtar\u00ebt mysliman\u00eb p\u00ebrfaq\u00ebsoheshin nga hoxha i xhamis\u00eb s\u00eb Detroitit. Kisha Orthodhokse Autoqefale e Shqip\u00ebris\u00eb p\u00ebrfaq\u00ebsohej nga Mitropoliti i Kor\u00e7\u00ebs, Hir\u00ebsia e Tij Joani dhe Hir\u00ebsia e Tij Ilia, Drejtor i Akademis\u00eb Teologjike \u201cNgjallja e Krishtit\u201d, Sh\u00ebn Vlash, Durr\u00ebs.<\/span><\/span><\/span><\/div>\n<div style=\"text-align: justify;\"> <span style=\"color: #000000;\"><span style=\"font-family: tahoma,geneva,sans-serif;\"><span style=\"font-size: 12px;\">&nbsp;&nbsp; Kremtimi nisi n\u00eb Boston t\u00eb shtun\u00ebn, 27 shtator, n\u00eb mbr\u00ebmje, n\u00eb Qendr\u00ebn e Tregtis\u00eb Bot\u00ebrore t\u00eb qytetit, n\u00eb prani edhe t\u00eb Presidentit Bamir Topi. Fjal\u00ebn e hapjes e mbajti Episkopi Nikon. Nd\u00ebrsa Imzot Ilia Ketri, bekoi dark\u00ebn. P\u00ebr historin\u00eb e 100-vjetorit t\u00eb Kish\u00ebs s\u00eb Nolit, foli Michael Gregory. Grupi i valleve \u201cBashkimi\u201d dhe koncerti i grupit \u201cThe <img decoding=\"async\" class=\"lazyload HAa Eha\" style=\"height: 204px; width: 300px; border-width: 1px; border-style: solid; margin: 10px; float: right;\" alt=\"\" src=\"data:image\/gif;base64,R0lGODlhAQABAAAAACH5BAEKAAEALAAAAAABAAEAAAICTAEAOw==\" data-orig-src=\"https:\/\/lh3.googleusercontent.com\/-LoxNCBA_PCM\/VJFUKscA4MI\/AAAAAAAAH-o\/emMzleUOShU\/w448-h305-no\/8.jpg\" \/>Mathouse Ensemble\u201d i dhan\u00eb kolorit t\u00eb ve\u00e7ant\u00eb mbr\u00ebmjes. Me k\u00ebt\u00eb rast, Presidenti Topi dekoroi Kish\u00ebn e Sh\u00ebn Gjergjit me Urdhrin \u201cNaim Frash\u00ebri i Art\u00eb\u201d. N\u00eb vijim, Presidenti i Republik\u00ebs vler\u00ebsoi gjithashtu edhe kontributin e pashembullt dhe t\u00eb r\u00ebnd\u00ebsish\u00ebm t\u00eb Imzot Theofan S. Nolit, duke e nderuar, pas vdekjes, me Urdhrin e lart\u00eb \u201cGjergj Kastriot Sk\u00ebnderbeu\u201d. Urdhri i lart\u00eb iu dor\u00ebzua At\u00eb Artur Liolinit, i cili, duke folur edhe n\u00eb em\u00ebr t\u00eb bashkatdhetar\u00ebve t\u00eb pranish\u00ebm n\u00eb k\u00ebt\u00eb ceremoni madh\u00ebshtore, e fal\u00ebnderoi nga zemra.<\/span><\/span><\/span><\/div>\n<div style=\"text-align: justify;\"><a href=\"..\/old\/index.php\/shq\/lajme\/2671-letra-e-kryepiskopit-anastas-drejtuar-episkopit-nikon-liolin-te-arqidioqezes-shqiptare-ne-shba-ne-mbylljen-e-festimeve-te-100-vjetorit-te-krijimit-te-kishes-shqiptare-ne-amerike-2008\"><br \/> <span style=\"color: #000000;\"><span style=\"font-family: tahoma,geneva,sans-serif;\"><span style=\"font-size: 12px;\">&nbsp;&nbsp;&nbsp; Edhe Kryepiskopi i Tiran\u00ebs, Durr\u00ebsit dhe i gjith\u00eb Shqip\u00ebris\u00eb Fortlumturia e Tij Anastasi n\u00eb mbylljen e festimeve t\u00eb 100 vjetorit t\u00eb krijimit t\u00eb Kish\u00ebs Shqiptare n\u00eb Amerik\u00eb i d\u00ebrgoi nj\u00eb let\u00ebr Episkopit t\u00eb Bostonit dhe New England Hir\u00ebsis\u00eb s\u00eb Tij Nikon Liolin, t\u00eb Arqidioqez\u00ebs Shqiptare n\u00eb SHBA.<\/span><\/span><\/span><\/a><\/div>\n<div style=\"text-align: justify;\"> <span style=\"color: #000000;\"><span style=\"font-family: tahoma,geneva,sans-serif;\"><span style=\"font-size: 12px;\">&nbsp;&nbsp;&nbsp;&nbsp; T\u00eb nes\u00ebrmen, 28 shtator, n\u00eb Kish\u00ebn Katedrale t\u00eb Sh\u00ebn Gjergjit, n\u00eb South Boston, u mbajt Liturgjia Hyjnore solemne. Ajo u krye n\u00eb gjuh\u00ebn shqipe dhe mor\u00ebn pjes\u00eb Hir\u00ebsia e Tij Nikoni, Hir\u00ebsia e Tij Joani, Hir\u00ebsia e Tij Ilia, At\u00eb Arturi dhe shum\u00eb klerik\u00eb t\u00eb kishave shqiptare t\u00eb Amerik\u00ebs. T\u00eb pranish\u00ebm ishin p\u00ebrs\u00ebri shqiptar\u00eb me banim n\u00eb qytete t\u00eb ndryshme t\u00eb SHBA e Kanadas\u00eb.<\/span><\/span><\/span><\/div>\n<div style=\"text-align: justify;\">&nbsp;<\/div>\n<div style=\"text-align: justify;\"><span style=\"color: #000000;\"><span style=\"font-family: tahoma,geneva,sans-serif;\"><span style=\"font-size: 12px;\">&nbsp;&nbsp;&nbsp;&nbsp; P\u00ebr m\u00eb tep\u00ebr informacion dhe foto, klikoni k\u00ebtu:&nbsp;&nbsp; <\/span><\/span><\/span><span style=\"font-family: tahoma,geneva,sans-serif;\"><span style=\"font-size: 12px;\"><span class=\"style16\"><a href=\"http:\/\/www.saintgeorgecathedral.com\/anniversary.html\" target=\"_blank\" rel=\"noopener noreferrer\"><span style=\"color: #000000;\">http:\/\/www.saintgeorgecathedral.com\/anniversary.html<\/span><\/a><\/span><\/p>\n<p> <span style=\"color: #000000;\"> &nbsp;&nbsp;&nbsp;&nbsp; <\/span><a href=\"http:\/\/www.orthodoxalbania.org\/Shqip\/Shtypi%20&amp;%20Publikimet\/year08\/100vjetnolit.htm\" target=\"_blank\" rel=\"noopener noreferrer\"><span style=\"color: #000000;\">S\u00eb fundmi kujtojm\u00eb se n\u00eb fillimet e festimeve p\u00ebr 100 vjetorin e Kish\u00ebs Ortodokse Shqiptare n\u00eb SHBA mori pjes\u00eb n\u00eb Boston edhe Kryepiskopi i Tiran\u00ebs, Durr\u00ebsit dhe i gjith\u00eb Shqip\u00ebris\u00eb Anastasi.<\/span><\/a><\/span><\/span><\/div>\n<div>&nbsp;<\/div>\n<\/td>\n<\/tr>\n<\/tbody>\n<\/table>\n<div>&nbsp;<\/div>\n<div>&nbsp;<\/div>\n<div style=\"text-align: center;\"><span style=\"color: #000000;\"><img decoding=\"async\" class=\"lazyload HAa Eha\" style=\"border-width: 1px; border-style: solid; margin: 10px;\" alt=\"\" src=\"data:image\/gif;base64,R0lGODlhAQABAAAAACH5BAEKAAEALAAAAAABAAEAAAICTAEAOw==\" data-orig-src=\"https:\/\/lh5.googleusercontent.com\/-kzP6YvsJXhc\/VJFUJGN_fpI\/AAAAAAAAH-4\/owvMhrSl_e4\/w297-h342-no\/1.jpg\" \/><\/span><\/div>\n<div style=\"text-align: center;\">&nbsp;<\/div>\n<div style=\"text-align: center;\"><span style=\"color: #000000;\"><img decoding=\"async\" class=\"lazyload HAa Eha\" style=\"border-width: 1px; border-style: solid; margin: 10px;\" alt=\"\" src=\"data:image\/gif;base64,R0lGODlhAQABAAAAACH5BAEKAAEALAAAAAABAAEAAAICTAEAOw==\" data-orig-src=\"https:\/\/lh4.googleusercontent.com\/-_JMf6KDt70M\/VJFUJtj2GRI\/AAAAAAAAH-Q\/vfXxwV6MQoM\/w448-h298-no\/2.jpg\" \/><\/span><\/div>\n<div style=\"text-align: center;\"><span style=\"color: #000000;\"><img decoding=\"async\" class=\"lazyload HAa Eha\" style=\"border-width: 1px; border-style: solid; margin: 10px;\" alt=\"\" src=\"data:image\/gif;base64,R0lGODlhAQABAAAAACH5BAEKAAEALAAAAAABAAEAAAICTAEAOw==\" data-orig-src=\"https:\/\/lh3.googleusercontent.com\/-jrfMk8Osw2E\/VJFUJWoveWI\/AAAAAAAAH-w\/eR9oeY5Tqm4\/w448-h299-no\/3.JPG\" \/><\/span><\/div>\n<div style=\"text-align: center;\"><span style=\"color: #000000;\"><img decoding=\"async\" class=\"lazyload HAa Eha\" style=\"border-width: 1px; border-style: solid; margin: 10px;\" alt=\"\" src=\"data:image\/gif;base64,R0lGODlhAQABAAAAACH5BAEKAAEALAAAAAABAAEAAAICTAEAOw==\" data-orig-src=\"https:\/\/lh4.googleusercontent.com\/-GC9J8rZHB3g\/VJFUJ0_DQrI\/AAAAAAAAH-k\/Ak7KwM56GKM\/w429-h336-no\/4.jpg\" \/><\/span><\/div>\n<div style=\"text-align: center;\"><span style=\"color: #000000;\"><img decoding=\"async\" class=\"lazyload HAa Eha\" style=\"border-width: 1px; border-style: solid; margin: 10px;\" alt=\"\" src=\"data:image\/gif;base64,R0lGODlhAQABAAAAACH5BAEKAAEALAAAAAABAAEAAAICTAEAOw==\" data-orig-src=\"https:\/\/lh3.googleusercontent.com\/-5gR_aVHaCxQ\/VJFUJ1_M6lI\/AAAAAAAAH-0\/QEMKhogGA4I\/w448-h298-no\/5.jpg\" \/><\/span><\/div>\n<div style=\"text-align: center;\"><span style=\"color: #000000;\"><img decoding=\"async\" class=\"lazyload HAa Eha\" style=\"border-width: 1px; border-style: solid; margin: 10px;\" alt=\"\" src=\"data:image\/gif;base64,R0lGODlhAQABAAAAACH5BAEKAAEALAAAAAABAAEAAAICTAEAOw==\" data-orig-src=\"https:\/\/lh3.googleusercontent.com\/-ST7mY9WSNw4\/VJFUKEY603I\/AAAAAAAAH-g\/vzyjR6zeN-s\/w448-h336-no\/6.JPG\" \/><\/span><\/div>\n<div style=\"text-align: center;\">&nbsp;<\/div>\n<div style=\"text-align: center;\">&nbsp;<\/div>\n","protected":false},"excerpt":{"rendered":"<p>Kremtim festiv me rastin e p\u00ebrvjetorit t\u00eb Liturgjis\u00eb s\u00eb par\u00eb Hyjnore n\u00eb shqip &nbsp; &nbsp; &nbsp; &nbsp; &nbsp; &nbsp; &nbsp;&nbsp;&nbsp; &nbsp;&nbsp;&nbsp;&nbsp;&nbsp; Viti Nolian, u mbyll k\u00ebt\u00eb fundjav\u00eb, ku n\u00eb Boston ishin mbledhur m\u00eb shum\u00eb se nj\u00eb mij\u00eb pjes\u00ebmarr\u00ebs. &nbsp;&nbsp;&nbsp;&nbsp; T\u00eb shtun\u00ebn m\u00eb 27 dhe t\u00eb diel\u00ebn, m\u00eb 28 shtator, n\u00eb mbyllje t\u00eb vitit kushtuar 100 vjetorit t\u00eb Kish\u00ebs dhe Mesh\u00ebs s\u00eb par\u00eb n\u00eb shqip n\u00eb<\/p>\n","protected":false},"author":1,"featured_media":0,"comment_status":"open","ping_status":"open","sticky":false,"template":"","format":"standard","meta":{"_acf_changed":false,"pagelayer_contact_templates":[],"_pagelayer_content":"","inline_featured_image":false,"fifu_image_url":"","fifu_image_alt":"","footnotes":""},"categories":[108],"tags":[146,153,196,212],"class_list":["post-917","post","type-post","status-publish","format-standard","hentry","category-lajme","tag-146","tag-deklarata-njoftime-zyrtare-d75","tag-tirane","tag-lajme-d27"],"acf":[],"yoast_head":"<!-- This site is optimized with the Yoast SEO plugin v27.2 - https:\/\/yoast.com\/product\/yoast-seo-wordpress\/ -->\n<title>Mbyllet viti kushtuar 100-vjetorit t\u00eb Kish\u00ebs Shqiptare n\u00eb SHBA. (2008) - Kisha Orthodh\u03bfkse Autoqefale e Shqip\u00ebris\u00eb<\/title>\n<meta name=\"robots\" content=\"index, follow, max-snippet:-1, max-image-preview:large, max-video-preview:-1\" \/>\n<link rel=\"canonical\" href=\"https:\/\/orthodoxalbania.org\/2020\/2008\/02\/26\/mbyllet-viti-kushtuar-100-vjetorit-te-kishes-shqiptare-ne-shba-2008\/\" \/>\n<meta property=\"og:locale\" content=\"en_US\" \/>\n<meta property=\"og:type\" content=\"article\" \/>\n<meta property=\"og:title\" content=\"Mbyllet viti kushtuar 100-vjetorit t\u00eb Kish\u00ebs Shqiptare n\u00eb SHBA. (2008) - Kisha Orthodh\u03bfkse Autoqefale e Shqip\u00ebris\u00eb\" \/>\n<meta property=\"og:description\" content=\"Kremtim festiv me rastin e p\u00ebrvjetorit t\u00eb Liturgjis\u00eb s\u00eb par\u00eb Hyjnore n\u00eb shqip &nbsp; &nbsp; &nbsp; &nbsp; &nbsp; &nbsp; &nbsp;&nbsp;&nbsp; &nbsp;&nbsp;&nbsp;&nbsp;&nbsp; Viti Nolian, u mbyll k\u00ebt\u00eb fundjav\u00eb, ku n\u00eb Boston ishin mbledhur m\u00eb shum\u00eb se nj\u00eb mij\u00eb pjes\u00ebmarr\u00ebs. &nbsp;&nbsp;&nbsp;&nbsp; T\u00eb shtun\u00ebn m\u00eb 27 dhe t\u00eb diel\u00ebn, m\u00eb 28 shtator, n\u00eb mbyllje t\u00eb vitit kushtuar 100 vjetorit t\u00eb Kish\u00ebs dhe Mesh\u00ebs s\u00eb par\u00eb n\u00eb shqip n\u00eb\" \/>\n<meta property=\"og:url\" content=\"https:\/\/orthodoxalbania.org\/2020\/2008\/02\/26\/mbyllet-viti-kushtuar-100-vjetorit-te-kishes-shqiptare-ne-shba-2008\/\" \/>\n<meta property=\"og:site_name\" content=\"Kisha Orthodh\u03bfkse Autoqefale e Shqip\u00ebris\u00eb\" \/>\n<meta property=\"article:publisher\" content=\"https:\/\/www.facebook.com\/koash1991\" \/>\n<meta property=\"article:published_time\" content=\"2008-02-26T00:00:00+00:00\" \/>\n<meta property=\"article:modified_time\" content=\"2020-04-06T20:35:24+00:00\" \/>\n<meta property=\"og:image\" content=\"https:\/\/lh3.googleusercontent.com\/-zTThWm573qk\/VJFUKTzi69I\/AAAAAAAAH-c\/E1zF89pWw38\/w445-h336-no\/7.jpg\" \/>\n<meta name=\"author\" content=\"Kisha Orthodhokse\" \/>\n<meta name=\"twitter:card\" content=\"summary_large_image\" \/>\n<meta name=\"twitter:label1\" content=\"Written by\" \/>\n\t<meta name=\"twitter:data1\" content=\"Kisha Orthodhokse\" \/>\n\t<meta name=\"twitter:label2\" content=\"Est. reading time\" \/>\n\t<meta name=\"twitter:data2\" content=\"3 minutes\" \/>\n<script type=\"application\/ld+json\" class=\"yoast-schema-graph\">{\"@context\":\"https:\/\/schema.org\",\"@graph\":[{\"@type\":\"Article\",\"@id\":\"https:\/\/orthodoxalbania.org\/2020\/2008\/02\/26\/mbyllet-viti-kushtuar-100-vjetorit-te-kishes-shqiptare-ne-shba-2008\/#article\",\"isPartOf\":{\"@id\":\"https:\/\/orthodoxalbania.org\/2020\/2008\/02\/26\/mbyllet-viti-kushtuar-100-vjetorit-te-kishes-shqiptare-ne-shba-2008\/\"},\"author\":{\"name\":\"Kisha Orthodhokse\",\"@id\":\"https:\/\/orthodoxalbania.org\/2020\/#\/schema\/person\/0c387634a7063ac612d7ed9ce71c7e86\"},\"headline\":\"Mbyllet viti kushtuar 100-vjetorit t\u00eb Kish\u00ebs Shqiptare n\u00eb SHBA. (2008)\",\"datePublished\":\"2008-02-26T00:00:00+00:00\",\"dateModified\":\"2020-04-06T20:35:24+00:00\",\"mainEntityOfPage\":{\"@id\":\"https:\/\/orthodoxalbania.org\/2020\/2008\/02\/26\/mbyllet-viti-kushtuar-100-vjetorit-te-kishes-shqiptare-ne-shba-2008\/\"},\"wordCount\":557,\"commentCount\":0,\"publisher\":{\"@id\":\"https:\/\/orthodoxalbania.org\/2020\/#organization\"},\"image\":{\"@id\":\"https:\/\/orthodoxalbania.org\/2020\/2008\/02\/26\/mbyllet-viti-kushtuar-100-vjetorit-te-kishes-shqiptare-ne-shba-2008\/#primaryimage\"},\"thumbnailUrl\":\"https:\/\/lh3.googleusercontent.com\/-zTThWm573qk\/VJFUKTzi69I\/AAAAAAAAH-c\/E1zF89pWw38\/w445-h336-no\/7.jpg\",\"keywords\":[\"2008\",\"Deklarata - Njoftime Zyrtare\",\"Kryepiskopata Tiran\u00eb\",\"lajme\"],\"articleSection\":[\"Lajme\"],\"inLanguage\":\"en-US\"},{\"@type\":\"WebPage\",\"@id\":\"https:\/\/orthodoxalbania.org\/2020\/2008\/02\/26\/mbyllet-viti-kushtuar-100-vjetorit-te-kishes-shqiptare-ne-shba-2008\/\",\"url\":\"https:\/\/orthodoxalbania.org\/2020\/2008\/02\/26\/mbyllet-viti-kushtuar-100-vjetorit-te-kishes-shqiptare-ne-shba-2008\/\",\"name\":\"Mbyllet viti kushtuar 100-vjetorit t\u00eb Kish\u00ebs Shqiptare n\u00eb SHBA. (2008) - Kisha Orthodh\u03bfkse Autoqefale e Shqip\u00ebris\u00eb\",\"isPartOf\":{\"@id\":\"https:\/\/orthodoxalbania.org\/2020\/#website\"},\"primaryImageOfPage\":{\"@id\":\"https:\/\/orthodoxalbania.org\/2020\/2008\/02\/26\/mbyllet-viti-kushtuar-100-vjetorit-te-kishes-shqiptare-ne-shba-2008\/#primaryimage\"},\"image\":{\"@id\":\"https:\/\/orthodoxalbania.org\/2020\/2008\/02\/26\/mbyllet-viti-kushtuar-100-vjetorit-te-kishes-shqiptare-ne-shba-2008\/#primaryimage\"},\"thumbnailUrl\":\"https:\/\/lh3.googleusercontent.com\/-zTThWm573qk\/VJFUKTzi69I\/AAAAAAAAH-c\/E1zF89pWw38\/w445-h336-no\/7.jpg\",\"datePublished\":\"2008-02-26T00:00:00+00:00\",\"dateModified\":\"2020-04-06T20:35:24+00:00\",\"breadcrumb\":{\"@id\":\"https:\/\/orthodoxalbania.org\/2020\/2008\/02\/26\/mbyllet-viti-kushtuar-100-vjetorit-te-kishes-shqiptare-ne-shba-2008\/#breadcrumb\"},\"inLanguage\":\"en-US\",\"potentialAction\":[{\"@type\":\"ReadAction\",\"target\":[\"https:\/\/orthodoxalbania.org\/2020\/2008\/02\/26\/mbyllet-viti-kushtuar-100-vjetorit-te-kishes-shqiptare-ne-shba-2008\/\"]}]},{\"@type\":\"ImageObject\",\"inLanguage\":\"en-US\",\"@id\":\"https:\/\/orthodoxalbania.org\/2020\/2008\/02\/26\/mbyllet-viti-kushtuar-100-vjetorit-te-kishes-shqiptare-ne-shba-2008\/#primaryimage\",\"url\":\"https:\/\/lh3.googleusercontent.com\/-zTThWm573qk\/VJFUKTzi69I\/AAAAAAAAH-c\/E1zF89pWw38\/w445-h336-no\/7.jpg\",\"contentUrl\":\"https:\/\/lh3.googleusercontent.com\/-zTThWm573qk\/VJFUKTzi69I\/AAAAAAAAH-c\/E1zF89pWw38\/w445-h336-no\/7.jpg\"},{\"@type\":\"BreadcrumbList\",\"@id\":\"https:\/\/orthodoxalbania.org\/2020\/2008\/02\/26\/mbyllet-viti-kushtuar-100-vjetorit-te-kishes-shqiptare-ne-shba-2008\/#breadcrumb\",\"itemListElement\":[{\"@type\":\"ListItem\",\"position\":1,\"name\":\"Home\",\"item\":\"https:\/\/orthodoxalbania.org\/2020\/\"},{\"@type\":\"ListItem\",\"position\":2,\"name\":\"Mbyllet viti kushtuar 100-vjetorit t\u00eb Kish\u00ebs Shqiptare n\u00eb SHBA. (2008)\"}]},{\"@type\":\"WebSite\",\"@id\":\"https:\/\/orthodoxalbania.org\/2020\/#website\",\"url\":\"https:\/\/orthodoxalbania.org\/2020\/\",\"name\":\"Kisha Orthodh\u03bfkse Autoqefale e Shqip\u00ebris\u00eb\",\"description\":\"Fqja Zyrtare e Kish\u00ebs Orthodhokse Autoqefale e Shqip\u00ebris\u00eb me lajmet edhe informacionet zyrtare p\u00ebr struktur\u00ebn edhe veprimtarin e saj.\",\"publisher\":{\"@id\":\"https:\/\/orthodoxalbania.org\/2020\/#organization\"},\"potentialAction\":[{\"@type\":\"SearchAction\",\"target\":{\"@type\":\"EntryPoint\",\"urlTemplate\":\"https:\/\/orthodoxalbania.org\/2020\/?s={search_term_string}\"},\"query-input\":{\"@type\":\"PropertyValueSpecification\",\"valueRequired\":true,\"valueName\":\"search_term_string\"}}],\"inLanguage\":\"en-US\"},{\"@type\":\"Organization\",\"@id\":\"https:\/\/orthodoxalbania.org\/2020\/#organization\",\"name\":\"Kisha Orthodhokse Autoqefale e Shqip\u00ebris\u00eb\",\"url\":\"https:\/\/orthodoxalbania.org\/2020\/\",\"logo\":{\"@type\":\"ImageObject\",\"inLanguage\":\"en-US\",\"@id\":\"https:\/\/orthodoxalbania.org\/2020\/#\/schema\/logo\/image\/\",\"url\":\"https:\/\/orthodoxalbania.org\/2020\/wp-content\/uploads\/2020\/05\/albania.jpeg\",\"contentUrl\":\"https:\/\/orthodoxalbania.org\/2020\/wp-content\/uploads\/2020\/05\/albania.jpeg\",\"width\":540,\"height\":540,\"caption\":\"Kisha Orthodhokse Autoqefale e Shqip\u00ebris\u00eb\"},\"image\":{\"@id\":\"https:\/\/orthodoxalbania.org\/2020\/#\/schema\/logo\/image\/\"},\"sameAs\":[\"https:\/\/www.facebook.com\/koash1991\"]},{\"@type\":\"Person\",\"@id\":\"https:\/\/orthodoxalbania.org\/2020\/#\/schema\/person\/0c387634a7063ac612d7ed9ce71c7e86\",\"name\":\"Kisha Orthodhokse\",\"image\":{\"@type\":\"ImageObject\",\"inLanguage\":\"en-US\",\"@id\":\"https:\/\/secure.gravatar.com\/avatar\/596e7c417251e30f2fbb9c00e026fce61a695a00e51c889caded71c96cbbdde5?s=96&d=mm&r=g\",\"url\":\"https:\/\/secure.gravatar.com\/avatar\/596e7c417251e30f2fbb9c00e026fce61a695a00e51c889caded71c96cbbdde5?s=96&d=mm&r=g\",\"contentUrl\":\"https:\/\/secure.gravatar.com\/avatar\/596e7c417251e30f2fbb9c00e026fce61a695a00e51c889caded71c96cbbdde5?s=96&d=mm&r=g\",\"caption\":\"Kisha Orthodhokse\"}}]}<\/script>\n<!-- \/ Yoast SEO plugin. -->","yoast_head_json":{"title":"Mbyllet viti kushtuar 100-vjetorit t\u00eb Kish\u00ebs Shqiptare n\u00eb SHBA. (2008) - Kisha Orthodh\u03bfkse Autoqefale e Shqip\u00ebris\u00eb","robots":{"index":"index","follow":"follow","max-snippet":"max-snippet:-1","max-image-preview":"max-image-preview:large","max-video-preview":"max-video-preview:-1"},"canonical":"https:\/\/orthodoxalbania.org\/2020\/2008\/02\/26\/mbyllet-viti-kushtuar-100-vjetorit-te-kishes-shqiptare-ne-shba-2008\/","og_locale":"en_US","og_type":"article","og_title":"Mbyllet viti kushtuar 100-vjetorit t\u00eb Kish\u00ebs Shqiptare n\u00eb SHBA. (2008) - Kisha Orthodh\u03bfkse Autoqefale e Shqip\u00ebris\u00eb","og_description":"Kremtim festiv me rastin e p\u00ebrvjetorit t\u00eb Liturgjis\u00eb s\u00eb par\u00eb Hyjnore n\u00eb shqip &nbsp; &nbsp; &nbsp; &nbsp; &nbsp; &nbsp; &nbsp;&nbsp;&nbsp; &nbsp;&nbsp;&nbsp;&nbsp;&nbsp; Viti Nolian, u mbyll k\u00ebt\u00eb fundjav\u00eb, ku n\u00eb Boston ishin mbledhur m\u00eb shum\u00eb se nj\u00eb mij\u00eb pjes\u00ebmarr\u00ebs. &nbsp;&nbsp;&nbsp;&nbsp; T\u00eb shtun\u00ebn m\u00eb 27 dhe t\u00eb diel\u00ebn, m\u00eb 28 shtator, n\u00eb mbyllje t\u00eb vitit kushtuar 100 vjetorit t\u00eb Kish\u00ebs dhe Mesh\u00ebs s\u00eb par\u00eb n\u00eb shqip n\u00eb","og_url":"https:\/\/orthodoxalbania.org\/2020\/2008\/02\/26\/mbyllet-viti-kushtuar-100-vjetorit-te-kishes-shqiptare-ne-shba-2008\/","og_site_name":"Kisha Orthodh\u03bfkse Autoqefale e Shqip\u00ebris\u00eb","article_publisher":"https:\/\/www.facebook.com\/koash1991","article_published_time":"2008-02-26T00:00:00+00:00","article_modified_time":"2020-04-06T20:35:24+00:00","og_image":[{"url":"https:\/\/lh3.googleusercontent.com\/-zTThWm573qk\/VJFUKTzi69I\/AAAAAAAAH-c\/E1zF89pWw38\/w445-h336-no\/7.jpg","type":"","width":"","height":""}],"author":"Kisha Orthodhokse","twitter_card":"summary_large_image","twitter_misc":{"Written by":"Kisha Orthodhokse","Est. reading time":"3 minutes"},"schema":{"@context":"https:\/\/schema.org","@graph":[{"@type":"Article","@id":"https:\/\/orthodoxalbania.org\/2020\/2008\/02\/26\/mbyllet-viti-kushtuar-100-vjetorit-te-kishes-shqiptare-ne-shba-2008\/#article","isPartOf":{"@id":"https:\/\/orthodoxalbania.org\/2020\/2008\/02\/26\/mbyllet-viti-kushtuar-100-vjetorit-te-kishes-shqiptare-ne-shba-2008\/"},"author":{"name":"Kisha Orthodhokse","@id":"https:\/\/orthodoxalbania.org\/2020\/#\/schema\/person\/0c387634a7063ac612d7ed9ce71c7e86"},"headline":"Mbyllet viti kushtuar 100-vjetorit t\u00eb Kish\u00ebs Shqiptare n\u00eb SHBA. (2008)","datePublished":"2008-02-26T00:00:00+00:00","dateModified":"2020-04-06T20:35:24+00:00","mainEntityOfPage":{"@id":"https:\/\/orthodoxalbania.org\/2020\/2008\/02\/26\/mbyllet-viti-kushtuar-100-vjetorit-te-kishes-shqiptare-ne-shba-2008\/"},"wordCount":557,"commentCount":0,"publisher":{"@id":"https:\/\/orthodoxalbania.org\/2020\/#organization"},"image":{"@id":"https:\/\/orthodoxalbania.org\/2020\/2008\/02\/26\/mbyllet-viti-kushtuar-100-vjetorit-te-kishes-shqiptare-ne-shba-2008\/#primaryimage"},"thumbnailUrl":"https:\/\/lh3.googleusercontent.com\/-zTThWm573qk\/VJFUKTzi69I\/AAAAAAAAH-c\/E1zF89pWw38\/w445-h336-no\/7.jpg","keywords":["2008","Deklarata - Njoftime Zyrtare","Kryepiskopata Tiran\u00eb","lajme"],"articleSection":["Lajme"],"inLanguage":"en-US"},{"@type":"WebPage","@id":"https:\/\/orthodoxalbania.org\/2020\/2008\/02\/26\/mbyllet-viti-kushtuar-100-vjetorit-te-kishes-shqiptare-ne-shba-2008\/","url":"https:\/\/orthodoxalbania.org\/2020\/2008\/02\/26\/mbyllet-viti-kushtuar-100-vjetorit-te-kishes-shqiptare-ne-shba-2008\/","name":"Mbyllet viti kushtuar 100-vjetorit t\u00eb Kish\u00ebs Shqiptare n\u00eb SHBA. (2008) - Kisha Orthodh\u03bfkse Autoqefale e Shqip\u00ebris\u00eb","isPartOf":{"@id":"https:\/\/orthodoxalbania.org\/2020\/#website"},"primaryImageOfPage":{"@id":"https:\/\/orthodoxalbania.org\/2020\/2008\/02\/26\/mbyllet-viti-kushtuar-100-vjetorit-te-kishes-shqiptare-ne-shba-2008\/#primaryimage"},"image":{"@id":"https:\/\/orthodoxalbania.org\/2020\/2008\/02\/26\/mbyllet-viti-kushtuar-100-vjetorit-te-kishes-shqiptare-ne-shba-2008\/#primaryimage"},"thumbnailUrl":"https:\/\/lh3.googleusercontent.com\/-zTThWm573qk\/VJFUKTzi69I\/AAAAAAAAH-c\/E1zF89pWw38\/w445-h336-no\/7.jpg","datePublished":"2008-02-26T00:00:00+00:00","dateModified":"2020-04-06T20:35:24+00:00","breadcrumb":{"@id":"https:\/\/orthodoxalbania.org\/2020\/2008\/02\/26\/mbyllet-viti-kushtuar-100-vjetorit-te-kishes-shqiptare-ne-shba-2008\/#breadcrumb"},"inLanguage":"en-US","potentialAction":[{"@type":"ReadAction","target":["https:\/\/orthodoxalbania.org\/2020\/2008\/02\/26\/mbyllet-viti-kushtuar-100-vjetorit-te-kishes-shqiptare-ne-shba-2008\/"]}]},{"@type":"ImageObject","inLanguage":"en-US","@id":"https:\/\/orthodoxalbania.org\/2020\/2008\/02\/26\/mbyllet-viti-kushtuar-100-vjetorit-te-kishes-shqiptare-ne-shba-2008\/#primaryimage","url":"https:\/\/lh3.googleusercontent.com\/-zTThWm573qk\/VJFUKTzi69I\/AAAAAAAAH-c\/E1zF89pWw38\/w445-h336-no\/7.jpg","contentUrl":"https:\/\/lh3.googleusercontent.com\/-zTThWm573qk\/VJFUKTzi69I\/AAAAAAAAH-c\/E1zF89pWw38\/w445-h336-no\/7.jpg"},{"@type":"BreadcrumbList","@id":"https:\/\/orthodoxalbania.org\/2020\/2008\/02\/26\/mbyllet-viti-kushtuar-100-vjetorit-te-kishes-shqiptare-ne-shba-2008\/#breadcrumb","itemListElement":[{"@type":"ListItem","position":1,"name":"Home","item":"https:\/\/orthodoxalbania.org\/2020\/"},{"@type":"ListItem","position":2,"name":"Mbyllet viti kushtuar 100-vjetorit t\u00eb Kish\u00ebs Shqiptare n\u00eb SHBA. (2008)"}]},{"@type":"WebSite","@id":"https:\/\/orthodoxalbania.org\/2020\/#website","url":"https:\/\/orthodoxalbania.org\/2020\/","name":"Kisha Orthodh\u03bfkse Autoqefale e Shqip\u00ebris\u00eb","description":"Fqja Zyrtare e Kish\u00ebs Orthodhokse Autoqefale e Shqip\u00ebris\u00eb me lajmet edhe informacionet zyrtare p\u00ebr struktur\u00ebn edhe veprimtarin e saj.","publisher":{"@id":"https:\/\/orthodoxalbania.org\/2020\/#organization"},"potentialAction":[{"@type":"SearchAction","target":{"@type":"EntryPoint","urlTemplate":"https:\/\/orthodoxalbania.org\/2020\/?s={search_term_string}"},"query-input":{"@type":"PropertyValueSpecification","valueRequired":true,"valueName":"search_term_string"}}],"inLanguage":"en-US"},{"@type":"Organization","@id":"https:\/\/orthodoxalbania.org\/2020\/#organization","name":"Kisha Orthodhokse Autoqefale e Shqip\u00ebris\u00eb","url":"https:\/\/orthodoxalbania.org\/2020\/","logo":{"@type":"ImageObject","inLanguage":"en-US","@id":"https:\/\/orthodoxalbania.org\/2020\/#\/schema\/logo\/image\/","url":"https:\/\/orthodoxalbania.org\/2020\/wp-content\/uploads\/2020\/05\/albania.jpeg","contentUrl":"https:\/\/orthodoxalbania.org\/2020\/wp-content\/uploads\/2020\/05\/albania.jpeg","width":540,"height":540,"caption":"Kisha Orthodhokse Autoqefale e Shqip\u00ebris\u00eb"},"image":{"@id":"https:\/\/orthodoxalbania.org\/2020\/#\/schema\/logo\/image\/"},"sameAs":["https:\/\/www.facebook.com\/koash1991"]},{"@type":"Person","@id":"https:\/\/orthodoxalbania.org\/2020\/#\/schema\/person\/0c387634a7063ac612d7ed9ce71c7e86","name":"Kisha Orthodhokse","image":{"@type":"ImageObject","inLanguage":"en-US","@id":"https:\/\/secure.gravatar.com\/avatar\/596e7c417251e30f2fbb9c00e026fce61a695a00e51c889caded71c96cbbdde5?s=96&d=mm&r=g","url":"https:\/\/secure.gravatar.com\/avatar\/596e7c417251e30f2fbb9c00e026fce61a695a00e51c889caded71c96cbbdde5?s=96&d=mm&r=g","contentUrl":"https:\/\/secure.gravatar.com\/avatar\/596e7c417251e30f2fbb9c00e026fce61a695a00e51c889caded71c96cbbdde5?s=96&d=mm&r=g","caption":"Kisha Orthodhokse"}}]}},"_links":{"self":[{"href":"https:\/\/orthodoxalbania.org\/2020\/wp-json\/wp\/v2\/posts\/917","targetHints":{"allow":["GET"]}}],"collection":[{"href":"https:\/\/orthodoxalbania.org\/2020\/wp-json\/wp\/v2\/posts"}],"about":[{"href":"https:\/\/orthodoxalbania.org\/2020\/wp-json\/wp\/v2\/types\/post"}],"author":[{"embeddable":true,"href":"https:\/\/orthodoxalbania.org\/2020\/wp-json\/wp\/v2\/users\/1"}],"replies":[{"embeddable":true,"href":"https:\/\/orthodoxalbania.org\/2020\/wp-json\/wp\/v2\/comments?post=917"}],"version-history":[{"count":1,"href":"https:\/\/orthodoxalbania.org\/2020\/wp-json\/wp\/v2\/posts\/917\/revisions"}],"predecessor-version":[{"id":15670,"href":"https:\/\/orthodoxalbania.org\/2020\/wp-json\/wp\/v2\/posts\/917\/revisions\/15670"}],"wp:attachment":[{"href":"https:\/\/orthodoxalbania.org\/2020\/wp-json\/wp\/v2\/media?parent=917"}],"wp:term":[{"taxonomy":"category","embeddable":true,"href":"https:\/\/orthodoxalbania.org\/2020\/wp-json\/wp\/v2\/categories?post=917"},{"taxonomy":"post_tag","embeddable":true,"href":"https:\/\/orthodoxalbania.org\/2020\/wp-json\/wp\/v2\/tags?post=917"}],"curies":[{"name":"wp","href":"https:\/\/api.w.org\/{rel}","templated":true}]}}