{"id":916,"date":"2009-03-13T10:01:39","date_gmt":"2009-03-13T10:01:39","guid":{"rendered":""},"modified":"2020-04-06T22:35:13","modified_gmt":"2020-04-06T20:35:13","slug":"mblidhet-ne-tirane-komiteti-ekzekutiv-i-keshillit-evropian-te-lidereve-fetare","status":"publish","type":"post","link":"https:\/\/orthodoxalbania.org\/2020\/2009\/03\/13\/mblidhet-ne-tirane-komiteti-ekzekutiv-i-keshillit-evropian-te-lidereve-fetare\/","title":{"rendered":"Mblidhet n\u00eb Tiran\u00eb Komiteti Ekzekutiv i K\u00ebshillit Evropian t\u00eb Lider\u00ebve Fetar\u00eb. (21 Tetor 2009)"},"content":{"rendered":"<div style=\"text-align: justify;\"><span style=\"font-family: tahoma,geneva,sans-serif;\"><span style=\"font-size: 12px;\"><span style=\"color: #000000;\"><span class=\"style2\">&nbsp;&nbsp;&nbsp; Komiteti Ekzekutiv i K\u00ebshillit Evropian t\u00eb Lider\u00ebve Fetar\u00eb \u2013 Fet\u00eb p\u00ebr Paqen, u mblodh n\u00eb Tiran\u00eb m\u00eb 21 tetor, me tem\u00eb \u201cNj\u00eb kultur\u00eb p\u00ebr paqen\u201d, n\u00eb vazhdim t\u00eb deklarat\u00ebs t\u00eb Lil\u00ebs, Franc\u00eb, n\u00eb maj t\u00eb k\u00ebtij viti.<\/span><\/span><\/span><\/span><\/div>\n<div style=\"text-align: justify;\">&nbsp;<\/div>\n<div style=\"text-align: justify;\"><span style=\"font-family: tahoma,geneva,sans-serif;\"><span style=\"font-size: 12px;\"><span style=\"color: #000000;\"><span class=\"style2\">&nbsp;&nbsp;&nbsp; \u00c7\u00ebshtja kryesore q\u00eb u diskutua, ishte krijimi i nj\u00eb kodi sjelljeje n\u00eb vendet e shenjta, sidomos n\u00eb ato q\u00eb jan\u00eb t\u00eb tilla ose banohen nga dy ose m\u00eb shum\u00eb besime.<\/span><\/span><\/span><\/span><\/div>\n<div style=\"text-align: justify;\"> <span style=\"font-family: tahoma,geneva,sans-serif;\"><span style=\"font-size: 12px;\"><span style=\"color: #000000;\"><span class=\"style2\">&nbsp;&nbsp;&nbsp; Ky ka qen\u00eb nj\u00eb proces q\u00eb vazhdon prej dy vitesh, duke p\u00ebrfshir\u00eb lider\u00eb fetar\u00eb t\u00eb Evrop\u00ebs dhe Lindjes s\u00eb Mesme. Gjithashtu hartimin e k\u00ebtij dokumenti e kan\u00eb mb\u00ebshtetur dhe UNESKO dhe Qendra p\u00ebr Paqe dhe t\u00eb drejtat e njeriut e Oslos, Norvegji.<\/span><\/span><\/span><\/span><\/div>\n<div style=\"text-align: justify;\"> <span style=\"font-family: tahoma,geneva,sans-serif;\"><span style=\"font-size: 12px;\"><span style=\"color: #000000;\"><span class=\"style2\">&nbsp;&nbsp;&nbsp; N\u00eb k\u00ebt\u00eb mbledhje mori pjes\u00eb aktive edhe Kryepiskopi Anastas, si an\u00ebtar i k\u00ebtij organizmi dhe President nderi i Fet\u00eb p\u00ebr Paqen.<\/span> <\/span><\/span><\/span><\/div>\n<div style=\"text-align: justify;\">&nbsp;<\/div>\n<div class=\"style2\" style=\"text-align: justify;\"><span style=\"font-family: tahoma,geneva,sans-serif;\"><span style=\"font-size: 12px;\"><span style=\"color: #000000;\">&nbsp;&nbsp;&nbsp; P\u00ebr m\u00eb tep\u00ebr informacion&nbsp;klikoni k\u00ebtu: &nbsp; <\/span><a href=\"http:\/\/www.rfp-europe.eu\/index.cfm?id=264080\" target=\"_blank\" rel=\"noopener noreferrer\"><span style=\"color: #000000;\">http:\/\/www.rfp-europe.eu\/index.cfm?id=264080<\/span><\/a><\/span><\/span><\/div>\n","protected":false},"excerpt":{"rendered":"<p>&nbsp;&nbsp;&nbsp; Komiteti Ekzekutiv i K\u00ebshillit Evropian t\u00eb Lider\u00ebve Fetar\u00eb \u2013 Fet\u00eb p\u00ebr Paqen, u mblodh n\u00eb Tiran\u00eb m\u00eb 21 tetor, me tem\u00eb \u201cNj\u00eb kultur\u00eb p\u00ebr paqen\u201d, n\u00eb vazhdim t\u00eb deklarat\u00ebs t\u00eb Lil\u00ebs, Franc\u00eb, n\u00eb maj t\u00eb k\u00ebtij viti. &nbsp; &nbsp;&nbsp;&nbsp; \u00c7\u00ebshtja kryesore q\u00eb u diskutua, ishte krijimi i nj\u00eb kodi sjelljeje n\u00eb vendet e shenjta, sidomos n\u00eb ato q\u00eb jan\u00eb t\u00eb tilla ose banohen nga<\/p>\n","protected":false},"author":1,"featured_media":0,"comment_status":"open","ping_status":"open","sticky":false,"template":"","format":"standard","meta":{"_acf_changed":false,"pagelayer_contact_templates":[],"_pagelayer_content":"","inline_featured_image":false,"fifu_image_url":"","fifu_image_alt":"","footnotes":""},"categories":[108],"tags":[145,153,196,212],"class_list":["post-916","post","type-post","status-publish","format-standard","hentry","category-lajme","tag-145","tag-deklarata-njoftime-zyrtare-d75","tag-tirane","tag-lajme-d27"],"acf":[],"yoast_head":"<!-- This site is optimized with the Yoast SEO plugin v27.2 - https:\/\/yoast.com\/product\/yoast-seo-wordpress\/ -->\n<title>Mblidhet n\u00eb Tiran\u00eb Komiteti Ekzekutiv i K\u00ebshillit Evropian t\u00eb Lider\u00ebve Fetar\u00eb. (21 Tetor 2009) - Kisha Orthodh\u03bfkse Autoqefale e Shqip\u00ebris\u00eb<\/title>\n<meta name=\"robots\" content=\"index, follow, max-snippet:-1, max-image-preview:large, max-video-preview:-1\" \/>\n<link rel=\"canonical\" href=\"https:\/\/orthodoxalbania.org\/2020\/2009\/03\/13\/mblidhet-ne-tirane-komiteti-ekzekutiv-i-keshillit-evropian-te-lidereve-fetare\/\" \/>\n<meta property=\"og:locale\" content=\"en_US\" \/>\n<meta property=\"og:type\" content=\"article\" \/>\n<meta property=\"og:title\" content=\"Mblidhet n\u00eb Tiran\u00eb Komiteti Ekzekutiv i K\u00ebshillit Evropian t\u00eb Lider\u00ebve Fetar\u00eb. (21 Tetor 2009) - Kisha Orthodh\u03bfkse Autoqefale e Shqip\u00ebris\u00eb\" \/>\n<meta property=\"og:description\" content=\"&nbsp;&nbsp;&nbsp; Komiteti Ekzekutiv i K\u00ebshillit Evropian t\u00eb Lider\u00ebve Fetar\u00eb \u2013 Fet\u00eb p\u00ebr Paqen, u mblodh n\u00eb Tiran\u00eb m\u00eb 21 tetor, me tem\u00eb \u201cNj\u00eb kultur\u00eb p\u00ebr paqen\u201d, n\u00eb vazhdim t\u00eb deklarat\u00ebs t\u00eb Lil\u00ebs, Franc\u00eb, n\u00eb maj t\u00eb k\u00ebtij viti. &nbsp; &nbsp;&nbsp;&nbsp; \u00c7\u00ebshtja kryesore q\u00eb u diskutua, ishte krijimi i nj\u00eb kodi sjelljeje n\u00eb vendet e shenjta, sidomos n\u00eb ato q\u00eb jan\u00eb t\u00eb tilla ose banohen nga\" \/>\n<meta property=\"og:url\" content=\"https:\/\/orthodoxalbania.org\/2020\/2009\/03\/13\/mblidhet-ne-tirane-komiteti-ekzekutiv-i-keshillit-evropian-te-lidereve-fetare\/\" \/>\n<meta property=\"og:site_name\" content=\"Kisha Orthodh\u03bfkse Autoqefale e Shqip\u00ebris\u00eb\" \/>\n<meta property=\"article:publisher\" content=\"https:\/\/www.facebook.com\/koash1991\" \/>\n<meta property=\"article:published_time\" content=\"2009-03-13T10:01:39+00:00\" \/>\n<meta property=\"article:modified_time\" content=\"2020-04-06T20:35:13+00:00\" \/>\n<meta property=\"og:image\" content=\"https:\/\/orthodoxalbania.org\/2020\/wp-content\/uploads\/2021\/02\/LogoLastALb-200.png\" \/>\n\t<meta property=\"og:image:width\" content=\"200\" \/>\n\t<meta property=\"og:image:height\" content=\"172\" \/>\n\t<meta property=\"og:image:type\" content=\"image\/png\" \/>\n<meta name=\"author\" content=\"Kisha Orthodhokse\" \/>\n<meta name=\"twitter:card\" content=\"summary_large_image\" \/>\n<meta name=\"twitter:label1\" content=\"Written by\" \/>\n\t<meta name=\"twitter:data1\" content=\"Kisha Orthodhokse\" \/>\n\t<meta name=\"twitter:label2\" content=\"Est. reading time\" \/>\n\t<meta name=\"twitter:data2\" content=\"1 minute\" \/>\n<script type=\"application\/ld+json\" class=\"yoast-schema-graph\">{\"@context\":\"https:\/\/schema.org\",\"@graph\":[{\"@type\":\"Article\",\"@id\":\"https:\/\/orthodoxalbania.org\/2020\/2009\/03\/13\/mblidhet-ne-tirane-komiteti-ekzekutiv-i-keshillit-evropian-te-lidereve-fetare\/#article\",\"isPartOf\":{\"@id\":\"https:\/\/orthodoxalbania.org\/2020\/2009\/03\/13\/mblidhet-ne-tirane-komiteti-ekzekutiv-i-keshillit-evropian-te-lidereve-fetare\/\"},\"author\":{\"name\":\"Kisha Orthodhokse\",\"@id\":\"https:\/\/orthodoxalbania.org\/2020\/#\/schema\/person\/0c387634a7063ac612d7ed9ce71c7e86\"},\"headline\":\"Mblidhet n\u00eb Tiran\u00eb Komiteti Ekzekutiv i K\u00ebshillit Evropian t\u00eb Lider\u00ebve Fetar\u00eb. (21 Tetor 2009)\",\"datePublished\":\"2009-03-13T10:01:39+00:00\",\"dateModified\":\"2020-04-06T20:35:13+00:00\",\"mainEntityOfPage\":{\"@id\":\"https:\/\/orthodoxalbania.org\/2020\/2009\/03\/13\/mblidhet-ne-tirane-komiteti-ekzekutiv-i-keshillit-evropian-te-lidereve-fetare\/\"},\"wordCount\":193,\"commentCount\":0,\"publisher\":{\"@id\":\"https:\/\/orthodoxalbania.org\/2020\/#organization\"},\"keywords\":[\"2009\",\"Deklarata - Njoftime Zyrtare\",\"Kryepiskopata Tiran\u00eb\",\"lajme\"],\"articleSection\":[\"Lajme\"],\"inLanguage\":\"en-US\"},{\"@type\":\"WebPage\",\"@id\":\"https:\/\/orthodoxalbania.org\/2020\/2009\/03\/13\/mblidhet-ne-tirane-komiteti-ekzekutiv-i-keshillit-evropian-te-lidereve-fetare\/\",\"url\":\"https:\/\/orthodoxalbania.org\/2020\/2009\/03\/13\/mblidhet-ne-tirane-komiteti-ekzekutiv-i-keshillit-evropian-te-lidereve-fetare\/\",\"name\":\"Mblidhet n\u00eb Tiran\u00eb Komiteti Ekzekutiv i K\u00ebshillit Evropian t\u00eb Lider\u00ebve Fetar\u00eb. (21 Tetor 2009) - Kisha Orthodh\u03bfkse Autoqefale e Shqip\u00ebris\u00eb\",\"isPartOf\":{\"@id\":\"https:\/\/orthodoxalbania.org\/2020\/#website\"},\"datePublished\":\"2009-03-13T10:01:39+00:00\",\"dateModified\":\"2020-04-06T20:35:13+00:00\",\"breadcrumb\":{\"@id\":\"https:\/\/orthodoxalbania.org\/2020\/2009\/03\/13\/mblidhet-ne-tirane-komiteti-ekzekutiv-i-keshillit-evropian-te-lidereve-fetare\/#breadcrumb\"},\"inLanguage\":\"en-US\",\"potentialAction\":[{\"@type\":\"ReadAction\",\"target\":[\"https:\/\/orthodoxalbania.org\/2020\/2009\/03\/13\/mblidhet-ne-tirane-komiteti-ekzekutiv-i-keshillit-evropian-te-lidereve-fetare\/\"]}]},{\"@type\":\"BreadcrumbList\",\"@id\":\"https:\/\/orthodoxalbania.org\/2020\/2009\/03\/13\/mblidhet-ne-tirane-komiteti-ekzekutiv-i-keshillit-evropian-te-lidereve-fetare\/#breadcrumb\",\"itemListElement\":[{\"@type\":\"ListItem\",\"position\":1,\"name\":\"Home\",\"item\":\"https:\/\/orthodoxalbania.org\/2020\/\"},{\"@type\":\"ListItem\",\"position\":2,\"name\":\"Mblidhet n\u00eb Tiran\u00eb Komiteti Ekzekutiv i K\u00ebshillit Evropian t\u00eb Lider\u00ebve Fetar\u00eb. (21 Tetor 2009)\"}]},{\"@type\":\"WebSite\",\"@id\":\"https:\/\/orthodoxalbania.org\/2020\/#website\",\"url\":\"https:\/\/orthodoxalbania.org\/2020\/\",\"name\":\"Kisha Orthodh\u03bfkse Autoqefale e Shqip\u00ebris\u00eb\",\"description\":\"Fqja Zyrtare e Kish\u00ebs Orthodhokse Autoqefale e Shqip\u00ebris\u00eb me lajmet edhe informacionet zyrtare p\u00ebr struktur\u00ebn edhe veprimtarin e saj.\",\"publisher\":{\"@id\":\"https:\/\/orthodoxalbania.org\/2020\/#organization\"},\"potentialAction\":[{\"@type\":\"SearchAction\",\"target\":{\"@type\":\"EntryPoint\",\"urlTemplate\":\"https:\/\/orthodoxalbania.org\/2020\/?s={search_term_string}\"},\"query-input\":{\"@type\":\"PropertyValueSpecification\",\"valueRequired\":true,\"valueName\":\"search_term_string\"}}],\"inLanguage\":\"en-US\"},{\"@type\":\"Organization\",\"@id\":\"https:\/\/orthodoxalbania.org\/2020\/#organization\",\"name\":\"Kisha Orthodhokse Autoqefale e Shqip\u00ebris\u00eb\",\"url\":\"https:\/\/orthodoxalbania.org\/2020\/\",\"logo\":{\"@type\":\"ImageObject\",\"inLanguage\":\"en-US\",\"@id\":\"https:\/\/orthodoxalbania.org\/2020\/#\/schema\/logo\/image\/\",\"url\":\"https:\/\/orthodoxalbania.org\/2020\/wp-content\/uploads\/2020\/05\/albania.jpeg\",\"contentUrl\":\"https:\/\/orthodoxalbania.org\/2020\/wp-content\/uploads\/2020\/05\/albania.jpeg\",\"width\":540,\"height\":540,\"caption\":\"Kisha Orthodhokse Autoqefale e Shqip\u00ebris\u00eb\"},\"image\":{\"@id\":\"https:\/\/orthodoxalbania.org\/2020\/#\/schema\/logo\/image\/\"},\"sameAs\":[\"https:\/\/www.facebook.com\/koash1991\"]},{\"@type\":\"Person\",\"@id\":\"https:\/\/orthodoxalbania.org\/2020\/#\/schema\/person\/0c387634a7063ac612d7ed9ce71c7e86\",\"name\":\"Kisha Orthodhokse\",\"image\":{\"@type\":\"ImageObject\",\"inLanguage\":\"en-US\",\"@id\":\"https:\/\/secure.gravatar.com\/avatar\/596e7c417251e30f2fbb9c00e026fce61a695a00e51c889caded71c96cbbdde5?s=96&d=mm&r=g\",\"url\":\"https:\/\/secure.gravatar.com\/avatar\/596e7c417251e30f2fbb9c00e026fce61a695a00e51c889caded71c96cbbdde5?s=96&d=mm&r=g\",\"contentUrl\":\"https:\/\/secure.gravatar.com\/avatar\/596e7c417251e30f2fbb9c00e026fce61a695a00e51c889caded71c96cbbdde5?s=96&d=mm&r=g\",\"caption\":\"Kisha Orthodhokse\"}}]}<\/script>\n<!-- \/ Yoast SEO plugin. -->","yoast_head_json":{"title":"Mblidhet n\u00eb Tiran\u00eb Komiteti Ekzekutiv i K\u00ebshillit Evropian t\u00eb Lider\u00ebve Fetar\u00eb. (21 Tetor 2009) - Kisha Orthodh\u03bfkse Autoqefale e Shqip\u00ebris\u00eb","robots":{"index":"index","follow":"follow","max-snippet":"max-snippet:-1","max-image-preview":"max-image-preview:large","max-video-preview":"max-video-preview:-1"},"canonical":"https:\/\/orthodoxalbania.org\/2020\/2009\/03\/13\/mblidhet-ne-tirane-komiteti-ekzekutiv-i-keshillit-evropian-te-lidereve-fetare\/","og_locale":"en_US","og_type":"article","og_title":"Mblidhet n\u00eb Tiran\u00eb Komiteti Ekzekutiv i K\u00ebshillit Evropian t\u00eb Lider\u00ebve Fetar\u00eb. (21 Tetor 2009) - Kisha Orthodh\u03bfkse Autoqefale e Shqip\u00ebris\u00eb","og_description":"&nbsp;&nbsp;&nbsp; Komiteti Ekzekutiv i K\u00ebshillit Evropian t\u00eb Lider\u00ebve Fetar\u00eb \u2013 Fet\u00eb p\u00ebr Paqen, u mblodh n\u00eb Tiran\u00eb m\u00eb 21 tetor, me tem\u00eb \u201cNj\u00eb kultur\u00eb p\u00ebr paqen\u201d, n\u00eb vazhdim t\u00eb deklarat\u00ebs t\u00eb Lil\u00ebs, Franc\u00eb, n\u00eb maj t\u00eb k\u00ebtij viti. &nbsp; &nbsp;&nbsp;&nbsp; \u00c7\u00ebshtja kryesore q\u00eb u diskutua, ishte krijimi i nj\u00eb kodi sjelljeje n\u00eb vendet e shenjta, sidomos n\u00eb ato q\u00eb jan\u00eb t\u00eb tilla ose banohen nga","og_url":"https:\/\/orthodoxalbania.org\/2020\/2009\/03\/13\/mblidhet-ne-tirane-komiteti-ekzekutiv-i-keshillit-evropian-te-lidereve-fetare\/","og_site_name":"Kisha Orthodh\u03bfkse Autoqefale e Shqip\u00ebris\u00eb","article_publisher":"https:\/\/www.facebook.com\/koash1991","article_published_time":"2009-03-13T10:01:39+00:00","article_modified_time":"2020-04-06T20:35:13+00:00","og_image":[{"width":200,"height":172,"url":"https:\/\/orthodoxalbania.org\/2020\/wp-content\/uploads\/2021\/02\/LogoLastALb-200.png","type":"image\/png"}],"author":"Kisha Orthodhokse","twitter_card":"summary_large_image","twitter_misc":{"Written by":"Kisha Orthodhokse","Est. reading time":"1 minute"},"schema":{"@context":"https:\/\/schema.org","@graph":[{"@type":"Article","@id":"https:\/\/orthodoxalbania.org\/2020\/2009\/03\/13\/mblidhet-ne-tirane-komiteti-ekzekutiv-i-keshillit-evropian-te-lidereve-fetare\/#article","isPartOf":{"@id":"https:\/\/orthodoxalbania.org\/2020\/2009\/03\/13\/mblidhet-ne-tirane-komiteti-ekzekutiv-i-keshillit-evropian-te-lidereve-fetare\/"},"author":{"name":"Kisha Orthodhokse","@id":"https:\/\/orthodoxalbania.org\/2020\/#\/schema\/person\/0c387634a7063ac612d7ed9ce71c7e86"},"headline":"Mblidhet n\u00eb Tiran\u00eb Komiteti Ekzekutiv i K\u00ebshillit Evropian t\u00eb Lider\u00ebve Fetar\u00eb. (21 Tetor 2009)","datePublished":"2009-03-13T10:01:39+00:00","dateModified":"2020-04-06T20:35:13+00:00","mainEntityOfPage":{"@id":"https:\/\/orthodoxalbania.org\/2020\/2009\/03\/13\/mblidhet-ne-tirane-komiteti-ekzekutiv-i-keshillit-evropian-te-lidereve-fetare\/"},"wordCount":193,"commentCount":0,"publisher":{"@id":"https:\/\/orthodoxalbania.org\/2020\/#organization"},"keywords":["2009","Deklarata - Njoftime Zyrtare","Kryepiskopata Tiran\u00eb","lajme"],"articleSection":["Lajme"],"inLanguage":"en-US"},{"@type":"WebPage","@id":"https:\/\/orthodoxalbania.org\/2020\/2009\/03\/13\/mblidhet-ne-tirane-komiteti-ekzekutiv-i-keshillit-evropian-te-lidereve-fetare\/","url":"https:\/\/orthodoxalbania.org\/2020\/2009\/03\/13\/mblidhet-ne-tirane-komiteti-ekzekutiv-i-keshillit-evropian-te-lidereve-fetare\/","name":"Mblidhet n\u00eb Tiran\u00eb Komiteti Ekzekutiv i K\u00ebshillit Evropian t\u00eb Lider\u00ebve Fetar\u00eb. (21 Tetor 2009) - Kisha Orthodh\u03bfkse Autoqefale e Shqip\u00ebris\u00eb","isPartOf":{"@id":"https:\/\/orthodoxalbania.org\/2020\/#website"},"datePublished":"2009-03-13T10:01:39+00:00","dateModified":"2020-04-06T20:35:13+00:00","breadcrumb":{"@id":"https:\/\/orthodoxalbania.org\/2020\/2009\/03\/13\/mblidhet-ne-tirane-komiteti-ekzekutiv-i-keshillit-evropian-te-lidereve-fetare\/#breadcrumb"},"inLanguage":"en-US","potentialAction":[{"@type":"ReadAction","target":["https:\/\/orthodoxalbania.org\/2020\/2009\/03\/13\/mblidhet-ne-tirane-komiteti-ekzekutiv-i-keshillit-evropian-te-lidereve-fetare\/"]}]},{"@type":"BreadcrumbList","@id":"https:\/\/orthodoxalbania.org\/2020\/2009\/03\/13\/mblidhet-ne-tirane-komiteti-ekzekutiv-i-keshillit-evropian-te-lidereve-fetare\/#breadcrumb","itemListElement":[{"@type":"ListItem","position":1,"name":"Home","item":"https:\/\/orthodoxalbania.org\/2020\/"},{"@type":"ListItem","position":2,"name":"Mblidhet n\u00eb Tiran\u00eb Komiteti Ekzekutiv i K\u00ebshillit Evropian t\u00eb Lider\u00ebve Fetar\u00eb. (21 Tetor 2009)"}]},{"@type":"WebSite","@id":"https:\/\/orthodoxalbania.org\/2020\/#website","url":"https:\/\/orthodoxalbania.org\/2020\/","name":"Kisha Orthodh\u03bfkse Autoqefale e Shqip\u00ebris\u00eb","description":"Fqja Zyrtare e Kish\u00ebs Orthodhokse Autoqefale e Shqip\u00ebris\u00eb me lajmet edhe informacionet zyrtare p\u00ebr struktur\u00ebn edhe veprimtarin e saj.","publisher":{"@id":"https:\/\/orthodoxalbania.org\/2020\/#organization"},"potentialAction":[{"@type":"SearchAction","target":{"@type":"EntryPoint","urlTemplate":"https:\/\/orthodoxalbania.org\/2020\/?s={search_term_string}"},"query-input":{"@type":"PropertyValueSpecification","valueRequired":true,"valueName":"search_term_string"}}],"inLanguage":"en-US"},{"@type":"Organization","@id":"https:\/\/orthodoxalbania.org\/2020\/#organization","name":"Kisha Orthodhokse Autoqefale e Shqip\u00ebris\u00eb","url":"https:\/\/orthodoxalbania.org\/2020\/","logo":{"@type":"ImageObject","inLanguage":"en-US","@id":"https:\/\/orthodoxalbania.org\/2020\/#\/schema\/logo\/image\/","url":"https:\/\/orthodoxalbania.org\/2020\/wp-content\/uploads\/2020\/05\/albania.jpeg","contentUrl":"https:\/\/orthodoxalbania.org\/2020\/wp-content\/uploads\/2020\/05\/albania.jpeg","width":540,"height":540,"caption":"Kisha Orthodhokse Autoqefale e Shqip\u00ebris\u00eb"},"image":{"@id":"https:\/\/orthodoxalbania.org\/2020\/#\/schema\/logo\/image\/"},"sameAs":["https:\/\/www.facebook.com\/koash1991"]},{"@type":"Person","@id":"https:\/\/orthodoxalbania.org\/2020\/#\/schema\/person\/0c387634a7063ac612d7ed9ce71c7e86","name":"Kisha Orthodhokse","image":{"@type":"ImageObject","inLanguage":"en-US","@id":"https:\/\/secure.gravatar.com\/avatar\/596e7c417251e30f2fbb9c00e026fce61a695a00e51c889caded71c96cbbdde5?s=96&d=mm&r=g","url":"https:\/\/secure.gravatar.com\/avatar\/596e7c417251e30f2fbb9c00e026fce61a695a00e51c889caded71c96cbbdde5?s=96&d=mm&r=g","contentUrl":"https:\/\/secure.gravatar.com\/avatar\/596e7c417251e30f2fbb9c00e026fce61a695a00e51c889caded71c96cbbdde5?s=96&d=mm&r=g","caption":"Kisha Orthodhokse"}}]}},"_links":{"self":[{"href":"https:\/\/orthodoxalbania.org\/2020\/wp-json\/wp\/v2\/posts\/916","targetHints":{"allow":["GET"]}}],"collection":[{"href":"https:\/\/orthodoxalbania.org\/2020\/wp-json\/wp\/v2\/posts"}],"about":[{"href":"https:\/\/orthodoxalbania.org\/2020\/wp-json\/wp\/v2\/types\/post"}],"author":[{"embeddable":true,"href":"https:\/\/orthodoxalbania.org\/2020\/wp-json\/wp\/v2\/users\/1"}],"replies":[{"embeddable":true,"href":"https:\/\/orthodoxalbania.org\/2020\/wp-json\/wp\/v2\/comments?post=916"}],"version-history":[{"count":1,"href":"https:\/\/orthodoxalbania.org\/2020\/wp-json\/wp\/v2\/posts\/916\/revisions"}],"predecessor-version":[{"id":15621,"href":"https:\/\/orthodoxalbania.org\/2020\/wp-json\/wp\/v2\/posts\/916\/revisions\/15621"}],"wp:attachment":[{"href":"https:\/\/orthodoxalbania.org\/2020\/wp-json\/wp\/v2\/media?parent=916"}],"wp:term":[{"taxonomy":"category","embeddable":true,"href":"https:\/\/orthodoxalbania.org\/2020\/wp-json\/wp\/v2\/categories?post=916"},{"taxonomy":"post_tag","embeddable":true,"href":"https:\/\/orthodoxalbania.org\/2020\/wp-json\/wp\/v2\/tags?post=916"}],"curies":[{"name":"wp","href":"https:\/\/api.w.org\/{rel}","templated":true}]}}