{"id":915,"date":"2013-03-20T12:55:21","date_gmt":"2013-03-20T12:55:21","guid":{"rendered":""},"modified":"2020-04-06T22:32:22","modified_gmt":"2020-04-06T20:32:22","slug":"mbledhje-e-pergjithshme-e-klerikeve-te-kishes-te-shqiperise-ne-kuadrin-e-50-vjetorit-te-sherbimit-ne-kishe-te-kryepiskopit-anastas","status":"publish","type":"post","link":"https:\/\/orthodoxalbania.org\/2020\/2013\/03\/20\/mbledhje-e-pergjithshme-e-klerikeve-te-kishes-te-shqiperise-ne-kuadrin-e-50-vjetorit-te-sherbimit-ne-kishe-te-kryepiskopit-anastas\/","title":{"rendered":"Mbledhje e p\u00ebrgjithshme e klerik\u00ebve t\u00eb Kish\u00ebs t\u00eb Shqip\u00ebris\u00eb n\u00eb kuadrin e 50-vjetorit t\u00eb sh\u00ebrbimit n\u00eb Kish\u00eb t\u00eb Kryepiskopit Anastas. (6 &#8211; 7 Gusht 2010)"},"content":{"rendered":"<div style=\"text-align: justify;\"><span style=\"color: #000000;\"><span style=\"font-family: tahoma,geneva,sans-serif;\"><span style=\"font-size: 12px;\"><img decoding=\"async\" class=\"lazyload HAa Eha\" style=\"height: 225px; width: 300px; border-width: 1px; border-style: solid; margin: 10px; float: left;\" alt=\"\" src=\"data:image\/gif;base64,R0lGODlhAQABAAAAACH5BAEKAAEALAAAAAABAAEAAAICTAEAOw==\" data-orig-src=\"https:\/\/lh5.googleusercontent.com\/-Z-hu9Y6jc8M\/VK0eM7JizRI\/AAAAAAAAKTo\/OYuqNhFr6x8\/w600-h450-no\/1_600x450.jpg\" \/>&nbsp; &nbsp; N\u00eb datat 6 dhe 7 gusht n\u00eb Manastirin e Ri t\u00eb Sh\u00ebn Vlashit u b\u00eb nj\u00eb mbledhje e p\u00ebrgjithshme e &nbsp;klerik\u00ebve t\u00eb Kish\u00ebs Orthodhokse Autoqefale &nbsp;t\u00eb Shqip\u00ebris\u00eb. Ajo iu dedikua rinovimit t\u00eb tyre &nbsp;shpirt\u00ebror n\u00ebp\u00ebrmjet sh\u00ebrbesave t\u00eb p\u00ebrbashk\u00ebta, temave t\u00eb mbajtura nga Kryepiskopi e Mitropolit\u00ebt, diskutimeve e pyetjeve etj.N\u00eb k\u00ebto dit\u00eb u festua dhe nj\u00eb p\u00ebrvjetor i ve\u00e7ant\u00eb &nbsp;dhe q\u00eb solli g\u00ebzim mes pjes\u00ebmarr\u00ebsve dhe urime t\u00eb shumta: 50-vjetori i dor\u00ebzimit n\u00eb dhjak i Kryepiskopit Anastas, q\u00eb do t\u00eb sh\u00ebnonte &nbsp;nisjen e nj\u00eb rrug\u00ebtimi shpirt\u00ebror t\u00eb jasht\u00ebzakonsh\u00ebm, brenda t\u00eb cilit duam t\u00eb ve\u00e7ojm\u00eb mrekullin\u00eb e ringjalljes s\u00eb Kish\u00ebs Orthodhokse n\u00eb Shqip\u00ebri.<\/span><\/span><\/span><\/div>\n<div style=\"text-align: justify;\">&nbsp;<\/div>\n<div style=\"text-align: justify;\"><span style=\"color: #000000;\"><span style=\"font-family: tahoma,geneva,sans-serif;\"><span style=\"font-size: 12px;\">&nbsp;&nbsp;&nbsp; Takimi do t\u00eb niste t\u00eb premten, 6 gusht,ora 1800, me Paraklisin e s\u00eb T\u00ebr\u00ebshenjt\u00ebs. Pastaj, n\u00eb or\u00ebn 19, filloi mbledhja, me fjal\u00ebn hyr\u00ebse t\u00eb Kryepiskopit t\u00eb Tiran\u00ebs, Durr\u00ebsit dhe t\u00eb gjith\u00eb Shqip\u00ebris\u00eb, Fortlumturis\u00eb s\u00eb Tij Anastasit, q\u00eb e merrte tem\u00ebn nga Letra e dyt\u00eb e Petros (1:10) \u201cPrandaj, v\u00ebllez\u00ebr, kujdesuni m\u00eb tep\u00ebr t\u00eb siguroni thirrjen dhe zgjedhjen tuaj\u201d. &nbsp;M\u00eb pas Hir\u00ebsia e Tij Ignati, Mitropolit i Beratit, mbajti tem\u00ebn \u201cTransformimi yn\u00eb personal\u201d, nd\u00ebrsa Hir\u00ebsi Joani, Mitropolit i Kor\u00e7\u00ebs, mbajti tem\u00ebn, q\u00eb lidhej me p\u00ebrvjetorin e dor\u00ebzimit q\u00eb kremtonte Kryepiskopi Anastas \u201c50 vite sh\u00ebrbimi: Shembull p\u00ebr t\u2019u imituar\u201d.<\/span><\/span><\/span><\/div>\n<div style=\"text-align: justify;\">&nbsp;<\/div>\n<div style=\"text-align: justify;\"><span style=\"color: #000000;\"><span style=\"font-family: tahoma,geneva,sans-serif;\"><span style=\"font-size: 12px;\">&nbsp;&nbsp;&nbsp; T\u00eb nes\u00ebrmen, 7 gusht, takimi vazhdoi pas Liturgjis\u00eb Hyjnore, me referatin e Hir\u00ebsi Dhimitrit, Mitropolit i Gjirokastr\u00ebs, me tem\u00eb \u201cSh\u00ebrbimi prift\u00ebror\u201d. M\u00eb pas u vazhdua t\u00eb ndar\u00eb &nbsp;n\u00eb disa grupe, me diskutime rreth temave dhe problemeve q\u00eb dalin n\u00eb kisha. P\u00ebrfundimet e takimit, n\u00eb seanc\u00ebn e fundit, u b\u00ebn\u00eb nga Fortlumturia e Tij Anastasi.<\/span><\/span><\/span><\/div>\n<div style=\"text-align: justify;\">&nbsp;<\/div>\n<div style=\"text-align: justify;\">&nbsp;<\/div>\n<div style=\"text-align: justify;\">&nbsp;<\/div>\n<div style=\"text-align: center;\"><span style=\"color: #000000;\"><img decoding=\"async\" class=\"lazyload HAa Eha\" style=\"height: 299px; width: 400px; margin: 10px auto; display: block; border: 1px solid;\" alt=\"\" src=\"data:image\/svg+xml,%3Csvg%20xmlns%3D%27http%3A%2F%2Fwww.w3.org%2F2000%2Fsvg%27%20width%3D%27400%27%20height%3D%27299%27%20viewBox%3D%270%200%20400%20299%27%3E%3Crect%20width%3D%27400%27%20height%3D%27299%27%20fill-opacity%3D%220%22%2F%3E%3C%2Fsvg%3E\" data-orig-src=\"https:\/\/lh5.googleusercontent.com\/-5a2dkPCvldk\/VK0d-3sK-BI\/AAAAAAAAKTA\/VeVQdexW15c\/w958-h717-no\/2.JPG\" height=\"299px\" width=\"400px\" \/><\/span><span style=\"color: #000000;\"><img decoding=\"async\" class=\"lazyload HAa Eha\" style=\"height: 299px; width: 400px; margin: 10px auto; display: block; border: 1px solid;\" alt=\"\" src=\"data:image\/svg+xml,%3Csvg%20xmlns%3D%27http%3A%2F%2Fwww.w3.org%2F2000%2Fsvg%27%20width%3D%27400%27%20height%3D%27299%27%20viewBox%3D%270%200%20400%20299%27%3E%3Crect%20width%3D%27400%27%20height%3D%27299%27%20fill-opacity%3D%220%22%2F%3E%3C%2Fsvg%3E\" data-orig-src=\"https:\/\/lh3.googleusercontent.com\/-cPtf68GQiMI\/VK0d-_fQ79I\/AAAAAAAAKTE\/ETgUM2BIbek\/w958-h717-no\/3.JPG\" height=\"299px\" width=\"400px\" \/><\/span><span style=\"color: #000000;\"><img decoding=\"async\" class=\"lazyload HAa Eha\" style=\"height: 299px; width: 400px; margin: 10px auto; display: block; border: 1px solid;\" alt=\"\" src=\"data:image\/svg+xml,%3Csvg%20xmlns%3D%27http%3A%2F%2Fwww.w3.org%2F2000%2Fsvg%27%20width%3D%27400%27%20height%3D%27299%27%20viewBox%3D%270%200%20400%20299%27%3E%3Crect%20width%3D%27400%27%20height%3D%27299%27%20fill-opacity%3D%220%22%2F%3E%3C%2Fsvg%3E\" data-orig-src=\"https:\/\/lh6.googleusercontent.com\/-ZSm0jnrd4Ks\/VK0d--HtqAI\/AAAAAAAAKTI\/k3Pclg5gwlM\/w958-h717-no\/4.JPG\" height=\"299px\" width=\"400px\" \/><\/span><span style=\"color: #000000;\"><img decoding=\"async\" class=\"lazyload HAa Eha\" style=\"height: 299px; width: 400px; margin: 10px auto; display: block; border: 1px solid;\" alt=\"\" src=\"data:image\/svg+xml,%3Csvg%20xmlns%3D%27http%3A%2F%2Fwww.w3.org%2F2000%2Fsvg%27%20width%3D%27400%27%20height%3D%27299%27%20viewBox%3D%270%200%20400%20299%27%3E%3Crect%20width%3D%27400%27%20height%3D%27299%27%20fill-opacity%3D%220%22%2F%3E%3C%2Fsvg%3E\" data-orig-src=\"https:\/\/lh4.googleusercontent.com\/-wZecAq014ls\/VK0eAd6Zy5I\/AAAAAAAAKTU\/b6XdTirG98g\/w958-h717-no\/5.JPG\" height=\"299px\" width=\"400px\" \/><\/span><span style=\"color: #000000;\"><img decoding=\"async\" class=\"lazyload HAa Eha\" style=\"height: 299px; width: 400px; margin: 10px auto; display: block; border: 1px solid;\" alt=\"\" src=\"data:image\/svg+xml,%3Csvg%20xmlns%3D%27http%3A%2F%2Fwww.w3.org%2F2000%2Fsvg%27%20width%3D%27400%27%20height%3D%27299%27%20viewBox%3D%270%200%20400%20299%27%3E%3Crect%20width%3D%27400%27%20height%3D%27299%27%20fill-opacity%3D%220%22%2F%3E%3C%2Fsvg%3E\" data-orig-src=\"https:\/\/lh3.googleusercontent.com\/-74f4CPicI34\/VK0eA01kHZI\/AAAAAAAAKTY\/G02OQ66zLcA\/w958-h717-no\/6.JPG\" height=\"299px\" width=\"400px\" \/><\/span>&nbsp;<\/div>\n","protected":false},"excerpt":{"rendered":"<p>&nbsp; &nbsp; N\u00eb datat 6 dhe 7 gusht n\u00eb Manastirin e Ri t\u00eb Sh\u00ebn Vlashit u b\u00eb nj\u00eb mbledhje e p\u00ebrgjithshme e &nbsp;klerik\u00ebve t\u00eb Kish\u00ebs Orthodhokse Autoqefale &nbsp;t\u00eb Shqip\u00ebris\u00eb. Ajo iu dedikua rinovimit t\u00eb tyre &nbsp;shpirt\u00ebror n\u00ebp\u00ebrmjet sh\u00ebrbesave t\u00eb p\u00ebrbashk\u00ebta, temave t\u00eb mbajtura nga Kryepiskopi e Mitropolit\u00ebt, diskutimeve e pyetjeve etj.N\u00eb k\u00ebto dit\u00eb u festua dhe nj\u00eb p\u00ebrvjetor i ve\u00e7ant\u00eb &nbsp;dhe q\u00eb solli g\u00ebzim mes<\/p>\n","protected":false},"author":1,"featured_media":0,"comment_status":"open","ping_status":"open","sticky":false,"template":"","format":"standard","meta":{"_acf_changed":false,"pagelayer_contact_templates":[],"_pagelayer_content":"","inline_featured_image":false,"fifu_image_url":"","fifu_image_alt":"","footnotes":""},"categories":[108],"tags":[144,153,196,201,212],"class_list":["post-915","post","type-post","status-publish","format-standard","hentry","category-lajme","tag-144","tag-deklarata-njoftime-zyrtare-d75","tag-tirane","tag-kryepiskopi-anastas","tag-lajme-d27"],"acf":[],"yoast_head":"<!-- This site is optimized with the Yoast SEO plugin v27.2 - https:\/\/yoast.com\/product\/yoast-seo-wordpress\/ -->\n<title>Mbledhje e p\u00ebrgjithshme e klerik\u00ebve t\u00eb Kish\u00ebs t\u00eb Shqip\u00ebris\u00eb n\u00eb kuadrin e 50-vjetorit t\u00eb sh\u00ebrbimit n\u00eb Kish\u00eb t\u00eb Kryepiskopit Anastas. (6 - 7 Gusht 2010) - Kisha Orthodh\u03bfkse Autoqefale e Shqip\u00ebris\u00eb<\/title>\n<meta name=\"robots\" content=\"index, follow, max-snippet:-1, max-image-preview:large, max-video-preview:-1\" \/>\n<link rel=\"canonical\" href=\"https:\/\/orthodoxalbania.org\/2020\/2013\/03\/20\/mbledhje-e-pergjithshme-e-klerikeve-te-kishes-te-shqiperise-ne-kuadrin-e-50-vjetorit-te-sherbimit-ne-kishe-te-kryepiskopit-anastas\/\" \/>\n<meta property=\"og:locale\" content=\"en_US\" \/>\n<meta property=\"og:type\" content=\"article\" \/>\n<meta property=\"og:title\" content=\"Mbledhje e p\u00ebrgjithshme e klerik\u00ebve t\u00eb Kish\u00ebs t\u00eb Shqip\u00ebris\u00eb n\u00eb kuadrin e 50-vjetorit t\u00eb sh\u00ebrbimit n\u00eb Kish\u00eb t\u00eb Kryepiskopit Anastas. (6 - 7 Gusht 2010) - Kisha Orthodh\u03bfkse Autoqefale e Shqip\u00ebris\u00eb\" \/>\n<meta property=\"og:description\" content=\"&nbsp; &nbsp; N\u00eb datat 6 dhe 7 gusht n\u00eb Manastirin e Ri t\u00eb Sh\u00ebn Vlashit u b\u00eb nj\u00eb mbledhje e p\u00ebrgjithshme e &nbsp;klerik\u00ebve t\u00eb Kish\u00ebs Orthodhokse Autoqefale &nbsp;t\u00eb Shqip\u00ebris\u00eb. Ajo iu dedikua rinovimit t\u00eb tyre &nbsp;shpirt\u00ebror n\u00ebp\u00ebrmjet sh\u00ebrbesave t\u00eb p\u00ebrbashk\u00ebta, temave t\u00eb mbajtura nga Kryepiskopi e Mitropolit\u00ebt, diskutimeve e pyetjeve etj.N\u00eb k\u00ebto dit\u00eb u festua dhe nj\u00eb p\u00ebrvjetor i ve\u00e7ant\u00eb &nbsp;dhe q\u00eb solli g\u00ebzim mes\" \/>\n<meta property=\"og:url\" content=\"https:\/\/orthodoxalbania.org\/2020\/2013\/03\/20\/mbledhje-e-pergjithshme-e-klerikeve-te-kishes-te-shqiperise-ne-kuadrin-e-50-vjetorit-te-sherbimit-ne-kishe-te-kryepiskopit-anastas\/\" \/>\n<meta property=\"og:site_name\" content=\"Kisha Orthodh\u03bfkse Autoqefale e Shqip\u00ebris\u00eb\" \/>\n<meta property=\"article:publisher\" content=\"https:\/\/www.facebook.com\/koash1991\" \/>\n<meta property=\"article:published_time\" content=\"2013-03-20T12:55:21+00:00\" \/>\n<meta property=\"article:modified_time\" content=\"2020-04-06T20:32:22+00:00\" \/>\n<meta property=\"og:image\" content=\"https:\/\/lh5.googleusercontent.com\/-Z-hu9Y6jc8M\/VK0eM7JizRI\/AAAAAAAAKTo\/OYuqNhFr6x8\/w600-h450-no\/1_600x450.jpg\" \/>\n<meta name=\"author\" content=\"Kisha Orthodhokse\" \/>\n<meta name=\"twitter:card\" content=\"summary_large_image\" \/>\n<meta name=\"twitter:label1\" content=\"Written by\" \/>\n\t<meta name=\"twitter:data1\" content=\"Kisha Orthodhokse\" \/>\n\t<meta name=\"twitter:label2\" content=\"Est. reading time\" \/>\n\t<meta name=\"twitter:data2\" content=\"2 minutes\" \/>\n<script type=\"application\/ld+json\" class=\"yoast-schema-graph\">{\"@context\":\"https:\/\/schema.org\",\"@graph\":[{\"@type\":\"Article\",\"@id\":\"https:\/\/orthodoxalbania.org\/2020\/2013\/03\/20\/mbledhje-e-pergjithshme-e-klerikeve-te-kishes-te-shqiperise-ne-kuadrin-e-50-vjetorit-te-sherbimit-ne-kishe-te-kryepiskopit-anastas\/#article\",\"isPartOf\":{\"@id\":\"https:\/\/orthodoxalbania.org\/2020\/2013\/03\/20\/mbledhje-e-pergjithshme-e-klerikeve-te-kishes-te-shqiperise-ne-kuadrin-e-50-vjetorit-te-sherbimit-ne-kishe-te-kryepiskopit-anastas\/\"},\"author\":{\"name\":\"Kisha Orthodhokse\",\"@id\":\"https:\/\/orthodoxalbania.org\/2020\/#\/schema\/person\/0c387634a7063ac612d7ed9ce71c7e86\"},\"headline\":\"Mbledhje e p\u00ebrgjithshme e klerik\u00ebve t\u00eb Kish\u00ebs t\u00eb Shqip\u00ebris\u00eb n\u00eb kuadrin e 50-vjetorit t\u00eb sh\u00ebrbimit n\u00eb Kish\u00eb t\u00eb Kryepiskopit Anastas. (6 &#8211; 7 Gusht 2010)\",\"datePublished\":\"2013-03-20T12:55:21+00:00\",\"dateModified\":\"2020-04-06T20:32:22+00:00\",\"mainEntityOfPage\":{\"@id\":\"https:\/\/orthodoxalbania.org\/2020\/2013\/03\/20\/mbledhje-e-pergjithshme-e-klerikeve-te-kishes-te-shqiperise-ne-kuadrin-e-50-vjetorit-te-sherbimit-ne-kishe-te-kryepiskopit-anastas\/\"},\"wordCount\":353,\"commentCount\":0,\"publisher\":{\"@id\":\"https:\/\/orthodoxalbania.org\/2020\/#organization\"},\"image\":{\"@id\":\"https:\/\/orthodoxalbania.org\/2020\/2013\/03\/20\/mbledhje-e-pergjithshme-e-klerikeve-te-kishes-te-shqiperise-ne-kuadrin-e-50-vjetorit-te-sherbimit-ne-kishe-te-kryepiskopit-anastas\/#primaryimage\"},\"thumbnailUrl\":\"https:\/\/lh5.googleusercontent.com\/-Z-hu9Y6jc8M\/VK0eM7JizRI\/AAAAAAAAKTo\/OYuqNhFr6x8\/w600-h450-no\/1_600x450.jpg\",\"keywords\":[\"2010\",\"Deklarata - Njoftime Zyrtare\",\"Kryepiskopata Tiran\u00eb\",\"Kryepiskopi Anastas\",\"lajme\"],\"articleSection\":[\"Lajme\"],\"inLanguage\":\"en-US\"},{\"@type\":\"WebPage\",\"@id\":\"https:\/\/orthodoxalbania.org\/2020\/2013\/03\/20\/mbledhje-e-pergjithshme-e-klerikeve-te-kishes-te-shqiperise-ne-kuadrin-e-50-vjetorit-te-sherbimit-ne-kishe-te-kryepiskopit-anastas\/\",\"url\":\"https:\/\/orthodoxalbania.org\/2020\/2013\/03\/20\/mbledhje-e-pergjithshme-e-klerikeve-te-kishes-te-shqiperise-ne-kuadrin-e-50-vjetorit-te-sherbimit-ne-kishe-te-kryepiskopit-anastas\/\",\"name\":\"Mbledhje e p\u00ebrgjithshme e klerik\u00ebve t\u00eb Kish\u00ebs t\u00eb Shqip\u00ebris\u00eb n\u00eb kuadrin e 50-vjetorit t\u00eb sh\u00ebrbimit n\u00eb Kish\u00eb t\u00eb Kryepiskopit Anastas. (6 - 7 Gusht 2010) - Kisha Orthodh\u03bfkse Autoqefale e Shqip\u00ebris\u00eb\",\"isPartOf\":{\"@id\":\"https:\/\/orthodoxalbania.org\/2020\/#website\"},\"primaryImageOfPage\":{\"@id\":\"https:\/\/orthodoxalbania.org\/2020\/2013\/03\/20\/mbledhje-e-pergjithshme-e-klerikeve-te-kishes-te-shqiperise-ne-kuadrin-e-50-vjetorit-te-sherbimit-ne-kishe-te-kryepiskopit-anastas\/#primaryimage\"},\"image\":{\"@id\":\"https:\/\/orthodoxalbania.org\/2020\/2013\/03\/20\/mbledhje-e-pergjithshme-e-klerikeve-te-kishes-te-shqiperise-ne-kuadrin-e-50-vjetorit-te-sherbimit-ne-kishe-te-kryepiskopit-anastas\/#primaryimage\"},\"thumbnailUrl\":\"https:\/\/lh5.googleusercontent.com\/-Z-hu9Y6jc8M\/VK0eM7JizRI\/AAAAAAAAKTo\/OYuqNhFr6x8\/w600-h450-no\/1_600x450.jpg\",\"datePublished\":\"2013-03-20T12:55:21+00:00\",\"dateModified\":\"2020-04-06T20:32:22+00:00\",\"breadcrumb\":{\"@id\":\"https:\/\/orthodoxalbania.org\/2020\/2013\/03\/20\/mbledhje-e-pergjithshme-e-klerikeve-te-kishes-te-shqiperise-ne-kuadrin-e-50-vjetorit-te-sherbimit-ne-kishe-te-kryepiskopit-anastas\/#breadcrumb\"},\"inLanguage\":\"en-US\",\"potentialAction\":[{\"@type\":\"ReadAction\",\"target\":[\"https:\/\/orthodoxalbania.org\/2020\/2013\/03\/20\/mbledhje-e-pergjithshme-e-klerikeve-te-kishes-te-shqiperise-ne-kuadrin-e-50-vjetorit-te-sherbimit-ne-kishe-te-kryepiskopit-anastas\/\"]}]},{\"@type\":\"ImageObject\",\"inLanguage\":\"en-US\",\"@id\":\"https:\/\/orthodoxalbania.org\/2020\/2013\/03\/20\/mbledhje-e-pergjithshme-e-klerikeve-te-kishes-te-shqiperise-ne-kuadrin-e-50-vjetorit-te-sherbimit-ne-kishe-te-kryepiskopit-anastas\/#primaryimage\",\"url\":\"https:\/\/lh5.googleusercontent.com\/-Z-hu9Y6jc8M\/VK0eM7JizRI\/AAAAAAAAKTo\/OYuqNhFr6x8\/w600-h450-no\/1_600x450.jpg\",\"contentUrl\":\"https:\/\/lh5.googleusercontent.com\/-Z-hu9Y6jc8M\/VK0eM7JizRI\/AAAAAAAAKTo\/OYuqNhFr6x8\/w600-h450-no\/1_600x450.jpg\"},{\"@type\":\"BreadcrumbList\",\"@id\":\"https:\/\/orthodoxalbania.org\/2020\/2013\/03\/20\/mbledhje-e-pergjithshme-e-klerikeve-te-kishes-te-shqiperise-ne-kuadrin-e-50-vjetorit-te-sherbimit-ne-kishe-te-kryepiskopit-anastas\/#breadcrumb\",\"itemListElement\":[{\"@type\":\"ListItem\",\"position\":1,\"name\":\"Home\",\"item\":\"https:\/\/orthodoxalbania.org\/2020\/\"},{\"@type\":\"ListItem\",\"position\":2,\"name\":\"Mbledhje e p\u00ebrgjithshme e klerik\u00ebve t\u00eb Kish\u00ebs t\u00eb Shqip\u00ebris\u00eb n\u00eb kuadrin e 50-vjetorit t\u00eb sh\u00ebrbimit n\u00eb Kish\u00eb t\u00eb Kryepiskopit Anastas. (6 &#8211; 7 Gusht 2010)\"}]},{\"@type\":\"WebSite\",\"@id\":\"https:\/\/orthodoxalbania.org\/2020\/#website\",\"url\":\"https:\/\/orthodoxalbania.org\/2020\/\",\"name\":\"Kisha Orthodh\u03bfkse Autoqefale e Shqip\u00ebris\u00eb\",\"description\":\"Fqja Zyrtare e Kish\u00ebs Orthodhokse Autoqefale e Shqip\u00ebris\u00eb me lajmet edhe informacionet zyrtare p\u00ebr struktur\u00ebn edhe veprimtarin e saj.\",\"publisher\":{\"@id\":\"https:\/\/orthodoxalbania.org\/2020\/#organization\"},\"potentialAction\":[{\"@type\":\"SearchAction\",\"target\":{\"@type\":\"EntryPoint\",\"urlTemplate\":\"https:\/\/orthodoxalbania.org\/2020\/?s={search_term_string}\"},\"query-input\":{\"@type\":\"PropertyValueSpecification\",\"valueRequired\":true,\"valueName\":\"search_term_string\"}}],\"inLanguage\":\"en-US\"},{\"@type\":\"Organization\",\"@id\":\"https:\/\/orthodoxalbania.org\/2020\/#organization\",\"name\":\"Kisha Orthodhokse Autoqefale e Shqip\u00ebris\u00eb\",\"url\":\"https:\/\/orthodoxalbania.org\/2020\/\",\"logo\":{\"@type\":\"ImageObject\",\"inLanguage\":\"en-US\",\"@id\":\"https:\/\/orthodoxalbania.org\/2020\/#\/schema\/logo\/image\/\",\"url\":\"https:\/\/orthodoxalbania.org\/2020\/wp-content\/uploads\/2020\/05\/albania.jpeg\",\"contentUrl\":\"https:\/\/orthodoxalbania.org\/2020\/wp-content\/uploads\/2020\/05\/albania.jpeg\",\"width\":540,\"height\":540,\"caption\":\"Kisha Orthodhokse Autoqefale e Shqip\u00ebris\u00eb\"},\"image\":{\"@id\":\"https:\/\/orthodoxalbania.org\/2020\/#\/schema\/logo\/image\/\"},\"sameAs\":[\"https:\/\/www.facebook.com\/koash1991\"]},{\"@type\":\"Person\",\"@id\":\"https:\/\/orthodoxalbania.org\/2020\/#\/schema\/person\/0c387634a7063ac612d7ed9ce71c7e86\",\"name\":\"Kisha Orthodhokse\",\"image\":{\"@type\":\"ImageObject\",\"inLanguage\":\"en-US\",\"@id\":\"https:\/\/secure.gravatar.com\/avatar\/596e7c417251e30f2fbb9c00e026fce61a695a00e51c889caded71c96cbbdde5?s=96&d=mm&r=g\",\"url\":\"https:\/\/secure.gravatar.com\/avatar\/596e7c417251e30f2fbb9c00e026fce61a695a00e51c889caded71c96cbbdde5?s=96&d=mm&r=g\",\"contentUrl\":\"https:\/\/secure.gravatar.com\/avatar\/596e7c417251e30f2fbb9c00e026fce61a695a00e51c889caded71c96cbbdde5?s=96&d=mm&r=g\",\"caption\":\"Kisha Orthodhokse\"}}]}<\/script>\n<!-- \/ Yoast SEO plugin. -->","yoast_head_json":{"title":"Mbledhje e p\u00ebrgjithshme e klerik\u00ebve t\u00eb Kish\u00ebs t\u00eb Shqip\u00ebris\u00eb n\u00eb kuadrin e 50-vjetorit t\u00eb sh\u00ebrbimit n\u00eb Kish\u00eb t\u00eb Kryepiskopit Anastas. (6 - 7 Gusht 2010) - Kisha Orthodh\u03bfkse Autoqefale e Shqip\u00ebris\u00eb","robots":{"index":"index","follow":"follow","max-snippet":"max-snippet:-1","max-image-preview":"max-image-preview:large","max-video-preview":"max-video-preview:-1"},"canonical":"https:\/\/orthodoxalbania.org\/2020\/2013\/03\/20\/mbledhje-e-pergjithshme-e-klerikeve-te-kishes-te-shqiperise-ne-kuadrin-e-50-vjetorit-te-sherbimit-ne-kishe-te-kryepiskopit-anastas\/","og_locale":"en_US","og_type":"article","og_title":"Mbledhje e p\u00ebrgjithshme e klerik\u00ebve t\u00eb Kish\u00ebs t\u00eb Shqip\u00ebris\u00eb n\u00eb kuadrin e 50-vjetorit t\u00eb sh\u00ebrbimit n\u00eb Kish\u00eb t\u00eb Kryepiskopit Anastas. (6 - 7 Gusht 2010) - Kisha Orthodh\u03bfkse Autoqefale e Shqip\u00ebris\u00eb","og_description":"&nbsp; &nbsp; N\u00eb datat 6 dhe 7 gusht n\u00eb Manastirin e Ri t\u00eb Sh\u00ebn Vlashit u b\u00eb nj\u00eb mbledhje e p\u00ebrgjithshme e &nbsp;klerik\u00ebve t\u00eb Kish\u00ebs Orthodhokse Autoqefale &nbsp;t\u00eb Shqip\u00ebris\u00eb. Ajo iu dedikua rinovimit t\u00eb tyre &nbsp;shpirt\u00ebror n\u00ebp\u00ebrmjet sh\u00ebrbesave t\u00eb p\u00ebrbashk\u00ebta, temave t\u00eb mbajtura nga Kryepiskopi e Mitropolit\u00ebt, diskutimeve e pyetjeve etj.N\u00eb k\u00ebto dit\u00eb u festua dhe nj\u00eb p\u00ebrvjetor i ve\u00e7ant\u00eb &nbsp;dhe q\u00eb solli g\u00ebzim mes","og_url":"https:\/\/orthodoxalbania.org\/2020\/2013\/03\/20\/mbledhje-e-pergjithshme-e-klerikeve-te-kishes-te-shqiperise-ne-kuadrin-e-50-vjetorit-te-sherbimit-ne-kishe-te-kryepiskopit-anastas\/","og_site_name":"Kisha Orthodh\u03bfkse Autoqefale e Shqip\u00ebris\u00eb","article_publisher":"https:\/\/www.facebook.com\/koash1991","article_published_time":"2013-03-20T12:55:21+00:00","article_modified_time":"2020-04-06T20:32:22+00:00","og_image":[{"url":"https:\/\/lh5.googleusercontent.com\/-Z-hu9Y6jc8M\/VK0eM7JizRI\/AAAAAAAAKTo\/OYuqNhFr6x8\/w600-h450-no\/1_600x450.jpg","type":"","width":"","height":""}],"author":"Kisha Orthodhokse","twitter_card":"summary_large_image","twitter_misc":{"Written by":"Kisha Orthodhokse","Est. reading time":"2 minutes"},"schema":{"@context":"https:\/\/schema.org","@graph":[{"@type":"Article","@id":"https:\/\/orthodoxalbania.org\/2020\/2013\/03\/20\/mbledhje-e-pergjithshme-e-klerikeve-te-kishes-te-shqiperise-ne-kuadrin-e-50-vjetorit-te-sherbimit-ne-kishe-te-kryepiskopit-anastas\/#article","isPartOf":{"@id":"https:\/\/orthodoxalbania.org\/2020\/2013\/03\/20\/mbledhje-e-pergjithshme-e-klerikeve-te-kishes-te-shqiperise-ne-kuadrin-e-50-vjetorit-te-sherbimit-ne-kishe-te-kryepiskopit-anastas\/"},"author":{"name":"Kisha Orthodhokse","@id":"https:\/\/orthodoxalbania.org\/2020\/#\/schema\/person\/0c387634a7063ac612d7ed9ce71c7e86"},"headline":"Mbledhje e p\u00ebrgjithshme e klerik\u00ebve t\u00eb Kish\u00ebs t\u00eb Shqip\u00ebris\u00eb n\u00eb kuadrin e 50-vjetorit t\u00eb sh\u00ebrbimit n\u00eb Kish\u00eb t\u00eb Kryepiskopit Anastas. (6 &#8211; 7 Gusht 2010)","datePublished":"2013-03-20T12:55:21+00:00","dateModified":"2020-04-06T20:32:22+00:00","mainEntityOfPage":{"@id":"https:\/\/orthodoxalbania.org\/2020\/2013\/03\/20\/mbledhje-e-pergjithshme-e-klerikeve-te-kishes-te-shqiperise-ne-kuadrin-e-50-vjetorit-te-sherbimit-ne-kishe-te-kryepiskopit-anastas\/"},"wordCount":353,"commentCount":0,"publisher":{"@id":"https:\/\/orthodoxalbania.org\/2020\/#organization"},"image":{"@id":"https:\/\/orthodoxalbania.org\/2020\/2013\/03\/20\/mbledhje-e-pergjithshme-e-klerikeve-te-kishes-te-shqiperise-ne-kuadrin-e-50-vjetorit-te-sherbimit-ne-kishe-te-kryepiskopit-anastas\/#primaryimage"},"thumbnailUrl":"https:\/\/lh5.googleusercontent.com\/-Z-hu9Y6jc8M\/VK0eM7JizRI\/AAAAAAAAKTo\/OYuqNhFr6x8\/w600-h450-no\/1_600x450.jpg","keywords":["2010","Deklarata - Njoftime Zyrtare","Kryepiskopata Tiran\u00eb","Kryepiskopi Anastas","lajme"],"articleSection":["Lajme"],"inLanguage":"en-US"},{"@type":"WebPage","@id":"https:\/\/orthodoxalbania.org\/2020\/2013\/03\/20\/mbledhje-e-pergjithshme-e-klerikeve-te-kishes-te-shqiperise-ne-kuadrin-e-50-vjetorit-te-sherbimit-ne-kishe-te-kryepiskopit-anastas\/","url":"https:\/\/orthodoxalbania.org\/2020\/2013\/03\/20\/mbledhje-e-pergjithshme-e-klerikeve-te-kishes-te-shqiperise-ne-kuadrin-e-50-vjetorit-te-sherbimit-ne-kishe-te-kryepiskopit-anastas\/","name":"Mbledhje e p\u00ebrgjithshme e klerik\u00ebve t\u00eb Kish\u00ebs t\u00eb Shqip\u00ebris\u00eb n\u00eb kuadrin e 50-vjetorit t\u00eb sh\u00ebrbimit n\u00eb Kish\u00eb t\u00eb Kryepiskopit Anastas. (6 - 7 Gusht 2010) - Kisha Orthodh\u03bfkse Autoqefale e Shqip\u00ebris\u00eb","isPartOf":{"@id":"https:\/\/orthodoxalbania.org\/2020\/#website"},"primaryImageOfPage":{"@id":"https:\/\/orthodoxalbania.org\/2020\/2013\/03\/20\/mbledhje-e-pergjithshme-e-klerikeve-te-kishes-te-shqiperise-ne-kuadrin-e-50-vjetorit-te-sherbimit-ne-kishe-te-kryepiskopit-anastas\/#primaryimage"},"image":{"@id":"https:\/\/orthodoxalbania.org\/2020\/2013\/03\/20\/mbledhje-e-pergjithshme-e-klerikeve-te-kishes-te-shqiperise-ne-kuadrin-e-50-vjetorit-te-sherbimit-ne-kishe-te-kryepiskopit-anastas\/#primaryimage"},"thumbnailUrl":"https:\/\/lh5.googleusercontent.com\/-Z-hu9Y6jc8M\/VK0eM7JizRI\/AAAAAAAAKTo\/OYuqNhFr6x8\/w600-h450-no\/1_600x450.jpg","datePublished":"2013-03-20T12:55:21+00:00","dateModified":"2020-04-06T20:32:22+00:00","breadcrumb":{"@id":"https:\/\/orthodoxalbania.org\/2020\/2013\/03\/20\/mbledhje-e-pergjithshme-e-klerikeve-te-kishes-te-shqiperise-ne-kuadrin-e-50-vjetorit-te-sherbimit-ne-kishe-te-kryepiskopit-anastas\/#breadcrumb"},"inLanguage":"en-US","potentialAction":[{"@type":"ReadAction","target":["https:\/\/orthodoxalbania.org\/2020\/2013\/03\/20\/mbledhje-e-pergjithshme-e-klerikeve-te-kishes-te-shqiperise-ne-kuadrin-e-50-vjetorit-te-sherbimit-ne-kishe-te-kryepiskopit-anastas\/"]}]},{"@type":"ImageObject","inLanguage":"en-US","@id":"https:\/\/orthodoxalbania.org\/2020\/2013\/03\/20\/mbledhje-e-pergjithshme-e-klerikeve-te-kishes-te-shqiperise-ne-kuadrin-e-50-vjetorit-te-sherbimit-ne-kishe-te-kryepiskopit-anastas\/#primaryimage","url":"https:\/\/lh5.googleusercontent.com\/-Z-hu9Y6jc8M\/VK0eM7JizRI\/AAAAAAAAKTo\/OYuqNhFr6x8\/w600-h450-no\/1_600x450.jpg","contentUrl":"https:\/\/lh5.googleusercontent.com\/-Z-hu9Y6jc8M\/VK0eM7JizRI\/AAAAAAAAKTo\/OYuqNhFr6x8\/w600-h450-no\/1_600x450.jpg"},{"@type":"BreadcrumbList","@id":"https:\/\/orthodoxalbania.org\/2020\/2013\/03\/20\/mbledhje-e-pergjithshme-e-klerikeve-te-kishes-te-shqiperise-ne-kuadrin-e-50-vjetorit-te-sherbimit-ne-kishe-te-kryepiskopit-anastas\/#breadcrumb","itemListElement":[{"@type":"ListItem","position":1,"name":"Home","item":"https:\/\/orthodoxalbania.org\/2020\/"},{"@type":"ListItem","position":2,"name":"Mbledhje e p\u00ebrgjithshme e klerik\u00ebve t\u00eb Kish\u00ebs t\u00eb Shqip\u00ebris\u00eb n\u00eb kuadrin e 50-vjetorit t\u00eb sh\u00ebrbimit n\u00eb Kish\u00eb t\u00eb Kryepiskopit Anastas. (6 &#8211; 7 Gusht 2010)"}]},{"@type":"WebSite","@id":"https:\/\/orthodoxalbania.org\/2020\/#website","url":"https:\/\/orthodoxalbania.org\/2020\/","name":"Kisha Orthodh\u03bfkse Autoqefale e Shqip\u00ebris\u00eb","description":"Fqja Zyrtare e Kish\u00ebs Orthodhokse Autoqefale e Shqip\u00ebris\u00eb me lajmet edhe informacionet zyrtare p\u00ebr struktur\u00ebn edhe veprimtarin e saj.","publisher":{"@id":"https:\/\/orthodoxalbania.org\/2020\/#organization"},"potentialAction":[{"@type":"SearchAction","target":{"@type":"EntryPoint","urlTemplate":"https:\/\/orthodoxalbania.org\/2020\/?s={search_term_string}"},"query-input":{"@type":"PropertyValueSpecification","valueRequired":true,"valueName":"search_term_string"}}],"inLanguage":"en-US"},{"@type":"Organization","@id":"https:\/\/orthodoxalbania.org\/2020\/#organization","name":"Kisha Orthodhokse Autoqefale e Shqip\u00ebris\u00eb","url":"https:\/\/orthodoxalbania.org\/2020\/","logo":{"@type":"ImageObject","inLanguage":"en-US","@id":"https:\/\/orthodoxalbania.org\/2020\/#\/schema\/logo\/image\/","url":"https:\/\/orthodoxalbania.org\/2020\/wp-content\/uploads\/2020\/05\/albania.jpeg","contentUrl":"https:\/\/orthodoxalbania.org\/2020\/wp-content\/uploads\/2020\/05\/albania.jpeg","width":540,"height":540,"caption":"Kisha Orthodhokse Autoqefale e Shqip\u00ebris\u00eb"},"image":{"@id":"https:\/\/orthodoxalbania.org\/2020\/#\/schema\/logo\/image\/"},"sameAs":["https:\/\/www.facebook.com\/koash1991"]},{"@type":"Person","@id":"https:\/\/orthodoxalbania.org\/2020\/#\/schema\/person\/0c387634a7063ac612d7ed9ce71c7e86","name":"Kisha Orthodhokse","image":{"@type":"ImageObject","inLanguage":"en-US","@id":"https:\/\/secure.gravatar.com\/avatar\/596e7c417251e30f2fbb9c00e026fce61a695a00e51c889caded71c96cbbdde5?s=96&d=mm&r=g","url":"https:\/\/secure.gravatar.com\/avatar\/596e7c417251e30f2fbb9c00e026fce61a695a00e51c889caded71c96cbbdde5?s=96&d=mm&r=g","contentUrl":"https:\/\/secure.gravatar.com\/avatar\/596e7c417251e30f2fbb9c00e026fce61a695a00e51c889caded71c96cbbdde5?s=96&d=mm&r=g","caption":"Kisha Orthodhokse"}}]}},"_links":{"self":[{"href":"https:\/\/orthodoxalbania.org\/2020\/wp-json\/wp\/v2\/posts\/915","targetHints":{"allow":["GET"]}}],"collection":[{"href":"https:\/\/orthodoxalbania.org\/2020\/wp-json\/wp\/v2\/posts"}],"about":[{"href":"https:\/\/orthodoxalbania.org\/2020\/wp-json\/wp\/v2\/types\/post"}],"author":[{"embeddable":true,"href":"https:\/\/orthodoxalbania.org\/2020\/wp-json\/wp\/v2\/users\/1"}],"replies":[{"embeddable":true,"href":"https:\/\/orthodoxalbania.org\/2020\/wp-json\/wp\/v2\/comments?post=915"}],"version-history":[{"count":1,"href":"https:\/\/orthodoxalbania.org\/2020\/wp-json\/wp\/v2\/posts\/915\/revisions"}],"predecessor-version":[{"id":15480,"href":"https:\/\/orthodoxalbania.org\/2020\/wp-json\/wp\/v2\/posts\/915\/revisions\/15480"}],"wp:attachment":[{"href":"https:\/\/orthodoxalbania.org\/2020\/wp-json\/wp\/v2\/media?parent=915"}],"wp:term":[{"taxonomy":"category","embeddable":true,"href":"https:\/\/orthodoxalbania.org\/2020\/wp-json\/wp\/v2\/categories?post=915"},{"taxonomy":"post_tag","embeddable":true,"href":"https:\/\/orthodoxalbania.org\/2020\/wp-json\/wp\/v2\/tags?post=915"}],"curies":[{"name":"wp","href":"https:\/\/api.w.org\/{rel}","templated":true}]}}