{"id":911,"date":"2013-03-20T12:56:32","date_gmt":"2013-03-20T12:56:32","guid":{"rendered":""},"modified":"2020-04-12T17:40:51","modified_gmt":"2020-04-12T15:40:51","slug":"malisheve-2010-again-this-year-camps-for-children-in-kosovo-were-organized-with-great-joy-16-31-august-2010","status":"publish","type":"post","link":"https:\/\/orthodoxalbania.org\/2020\/2013\/03\/20\/malisheve-2010-again-this-year-camps-for-children-in-kosovo-were-organized-with-great-joy-16-31-august-2010\/","title":{"rendered":"Malishev\u00eb, 2010 \u2013 Again this Year, Camps for Children in Kosovo were organized with Great Joy. (16 &#8211; 31 August 2010)"},"content":{"rendered":"<div class=\"style23\" style=\"text-align: justify;\"><span style=\"font-family: tahoma,geneva,sans-serif;\"><span style=\"font-size: 12px;\"><span style=\"color: #000000;\"><span class=\"style30\"><\/span><\/span><\/span><\/span><\/div>\n<div class=\"style31\" style=\"text-align: justify;\"><span style=\"font-family: tahoma,geneva,sans-serif;\"><span style=\"font-size: 12px;\"><span style=\"color: #000000;\"><img decoding=\"async\" class=\"lazyload HAa Eha\" style=\"height: 258px; width: 388px; border-width: 1px; border-style: solid; margin: 10px; float: left;\" alt=\"\" src=\"data:image\/gif;base64,R0lGODlhAQABAAAAACH5BAEKAAEALAAAAAABAAEAAAICTAEAOw==\" data-orig-src=\"https:\/\/lh5.googleusercontent.com\/-bZcokxvpNJw\/U_7sS9dRiDI\/AAAAAAAABks\/XLFcNdc9zX0\/w800-h531-no\/1%2B-%2Btekst.JPG\" \/> &nbsp; &nbsp; From the moment that the van appeared, the children of the commune of Malisheva welcomed their old friends by running to meet them. With childish smiles and openness, they began to sing and dance without regard for the weather conditions. The children from the primary classes have now become old friends and are very loving. They called the Albanian young people, \u2018teachers\u2019, although they are simply volunteers coming from the Orthodox Church of Albania who organize educational activities and entertainment games for them. A major feature of this program is that the Kosovo children and young Albanians have established a strong fraternal connection, which is very apparent also to the teachers and parents. Now there has been more than a decade of experience and friendship that has passed from generation to generation through these activities, which have left deep footprints in children\u2019s memories.<\/span><\/span><\/span><\/div>\n<div class=\"style31\" style=\"text-align: justify;\">&nbsp;<\/div>\n<div class=\"style31\" style=\"text-align: justify;\"><span style=\"font-family: tahoma,geneva,sans-serif;\"><span style=\"font-size: 12px;\"><span style=\"color: #000000;\">&nbsp;&nbsp;&nbsp; This year, in the commune of Malisheva, during the period August 16- 31 three camps were held in the schools of the villages: Begaj, Banj\u00eb and Caralluk\u00eb. The central theme was, &#8220;The Beauty of Nature.&#8221; Every day children had the possibility to see dramas about various aspects of environmental care inside the family and school. The program contained games, songs, group discussions, cocktail and arts and crafts. Children participated in the activity four hours per day. During the morning, the camp was attended by children from pre-school to the fourth classes; and in afternoon the camp was attended by the fifth to the ninth classes. One of the days of the camp was dedicated to games and it was called, \u2018The Day of the Olympic Games\u2019. Children played a lot and learned a lot during these games. On the last day of the camp a feast took place which was prepared by the groups of children who participated in the camp.<\/span><\/span><\/span><\/div>\n<div class=\"style31\" style=\"text-align: justify;\">&nbsp;<\/div>\n<div class=\"style31\" style=\"text-align: justify;\"><span style=\"font-family: tahoma,geneva,sans-serif;\"><span style=\"font-size: 12px;\"><span style=\"color: #000000;\"><img decoding=\"async\" class=\"lazyload HAa Eha\" style=\"height: 199px; width: 300px; border-width: 1px; border-style: solid; margin: 10px; float: right;\" alt=\"\" src=\"data:image\/gif;base64,R0lGODlhAQABAAAAACH5BAEKAAEALAAAAAABAAEAAAICTAEAOw==\" data-orig-src=\"https:\/\/lh3.googleusercontent.com\/-aXQ6F6QoESw\/U_7sSqWMCMI\/AAAAAAAABko\/IEHg2Uj8bOc\/w800-h531-no\/2%2B-%2Btekst.JPG\" \/>&nbsp;&nbsp;&nbsp; &#8220;I liked very much this activity and I can hardly wait for all of you to come back again next year&#8221; &#8211; says Erjona Krasniqi, a student at the school, &#8220;Imer Krasniqi&#8221;, in Caralluk\u00eb, Malisheva. She was full of joy and zeal telling to her family and friends about the activities of the program of the camp. Children, more than anyone else have a need for such activities, to play, rejoice, and learn. This is a fruitful collaboration, and parents and teachers feel satisfied with their children\u2019s joy.<\/span><\/span><\/span><\/div>\n<div class=\"style31\" style=\"text-align: justify;\">&nbsp;<\/div>\n<div class=\"style31\" style=\"text-align: justify;\"><span style=\"font-family: tahoma,geneva,sans-serif;\"><span style=\"font-size: 12px;\"><span style=\"color: #000000;\">&nbsp;&nbsp;&nbsp; The leader of this activity, Mr. Nathan Hoppe told Kosovo students:&nbsp; \u201cWe have the joy to bring to you the greetings of Archbishop Anastasios and of the Orthodox Autocephalous Church of Albania\u201d.<\/span><\/span><\/span><\/div>\n<div class=\"style31\" style=\"text-align: justify;\">&nbsp;<\/div>\n<div class=\"style31\" style=\"text-align: justify;\"><span style=\"font-family: tahoma,geneva,sans-serif;\"><span style=\"font-size: 12px;\"><span style=\"color: #000000;\">&nbsp;&nbsp;&nbsp; Beauty is one of the greatest values of human life. We have many beautiful things around us that we should value, and we hope that this camp will have an effect in the development of these children.<\/span><\/span><\/span><\/div>\n<div class=\"style31\" style=\"text-align: justify;\">&nbsp;<\/div>\n<div class=\"style31\" style=\"text-align: justify;\"><span style=\"font-family: tahoma,geneva,sans-serif;\"><span style=\"font-size: 12px;\"><span style=\"color: #000000;\"><img decoding=\"async\" class=\"lazyload HAa Eha\" style=\"height: 199px; width: 300px; border-width: 1px; border-style: solid; margin: 10px; float: left;\" alt=\"\" src=\"data:image\/gif;base64,R0lGODlhAQABAAAAACH5BAEKAAEALAAAAAABAAEAAAICTAEAOw==\" data-orig-src=\"https:\/\/lh3.googleusercontent.com\/-4ctLAwYip6w\/U_7sZ7kl6QI\/AAAAAAAABmc\/k76lJOIlK4g\/w800-h531-no\/3%2B-%2Btekst.JPG\" \/>&nbsp;&nbsp;&nbsp; As a sign of respect for organizing this camp with children, the teaching staff of the school, &#8220;Imer Krasniqi&#8221;, prepared a reception and a special program, accompanied also with a gift of appreciation. While the director of the school of Begaj, Mr. Izet Shala, considered the program to be of a high level. &#8220;We really appreciate the theme for the protection of the Albanian nature. It has been a beneficial preparation for our students on the eve of the start of the school year &#8220;- he said.<\/span><\/span><\/span><\/div>\n<div class=\"style31\" style=\"text-align: justify;\">&nbsp;<\/div>\n<div class=\"style31\" style=\"text-align: justify;\"><span style=\"font-family: tahoma,geneva,sans-serif;\"><span style=\"font-size: 12px;\"><span style=\"color: #000000;\">&nbsp;&nbsp;&nbsp; The children and staff parted rejoicing because they had the opportunity to be together for a few days, but also with a feeling of sadness because they would not see each other until next year.<\/span><\/span><\/span><\/div>\n<div class=\"style31\" style=\"text-align: justify;\"><span style=\"font-family: tahoma,geneva,sans-serif;\"><span style=\"font-size: 12px;\"><span style=\"color: #000000;\"><strong>Isidor Koti<\/strong><\/span><\/span><\/span><\/div>\n<div class=\"style31\" style=\"text-align: justify;\">&nbsp;<\/div>\n<div class=\"style31\" style=\"text-align: justify;\"><span style=\"font-family: tahoma,geneva,sans-serif;\"><span style=\"font-size: 12px;\"><span style=\"color: #000000;\"><em>Translated by<\/em> <strong>Ana Meni<\/strong><\/span><\/span><\/span><\/div>\n<div class=\"style31\" style=\"text-align: justify;\"> <span style=\"font-family: tahoma,geneva,sans-serif;\"><span style=\"font-size: 12px;\"><span style=\"color: #000000;\"><em>Edited by<\/em><strong> Anastasia Pamela Barksdale<\/strong><\/span><\/span><\/span><\/div>\n<div class=\"style31\" style=\"text-align: justify;\">&nbsp;<\/div>\n<div class=\"style31\" style=\"text-align: justify;\">&nbsp;<\/div>\n<div class=\"style31\" style=\"text-align: justify;\">&nbsp;<\/p>\n<table>\n<tbody>\n<tr>\n<td><img decoding=\"async\" class=\"lazyload HAa Eha\" style=\"height: 292px; width: 440px; margin: 10px auto; border: 1px solid; display: block;\" alt=\"\" src=\"data:image\/svg+xml,%3Csvg%20xmlns%3D%27http%3A%2F%2Fwww.w3.org%2F2000%2Fsvg%27%20width%3D%27440%27%20height%3D%27292%27%20viewBox%3D%270%200%20440%20292%27%3E%3Crect%20width%3D%27440%27%20height%3D%27292%27%20fill-opacity%3D%220%22%2F%3E%3C%2Fsvg%3E\" data-orig-src=\"https:\/\/lh3.googleusercontent.com\/-H7U8Z632J8U\/U_7sTLHx5qI\/AAAAAAAABk4\/fxvjXtMPzhA\/w600-h398-no\/DSC_0071_600x398.JPG\" height=\"292px\" width=\"440px\" \/><\/td>\n<\/tr>\n<tr>\n<td><img decoding=\"async\" class=\"lazyload HAa Eha\" style=\"height: 292px; width: 440px; margin: 10px auto; border: 1px solid; display: block;\" alt=\"\" src=\"data:image\/svg+xml,%3Csvg%20xmlns%3D%27http%3A%2F%2Fwww.w3.org%2F2000%2Fsvg%27%20width%3D%27440%27%20height%3D%27292%27%20viewBox%3D%270%200%20440%20292%27%3E%3Crect%20width%3D%27440%27%20height%3D%27292%27%20fill-opacity%3D%220%22%2F%3E%3C%2Fsvg%3E\" data-orig-src=\"https:\/\/lh4.googleusercontent.com\/-U-qbDHw1F0U\/U_7sTs5M32I\/AAAAAAAABmY\/c4IzAY_7AZo\/w600-h398-no\/DSC_0113_600x398.JPG\" height=\"292px\" width=\"440px\" \/><\/td>\n<\/tr>\n<tr>\n<td><img decoding=\"async\" class=\"lazyload HAa Eha\" style=\"height: 292px; width: 440px; border-width: 1px; border-style: solid; margin: 10px auto; display: block;\" alt=\"\" src=\"data:image\/gif;base64,R0lGODlhAQABAAAAACH5BAEKAAEALAAAAAABAAEAAAICTAEAOw==\" data-orig-src=\"https:\/\/lh6.googleusercontent.com\/-hYZD0gLL2u8\/U_7sT4u5RRI\/AAAAAAAABlE\/62-vgxmOTNg\/w600-h398-no\/DSC_0261_600x398.JPG\" \/><\/td>\n<\/tr>\n<tr>\n<td><img decoding=\"async\" class=\"lazyload HAa Eha\" style=\"height: 292px; width: 440px; border-width: 1px; border-style: solid; margin: 10px auto; display: block;\" alt=\"\" src=\"data:image\/gif;base64,R0lGODlhAQABAAAAACH5BAEKAAEALAAAAAABAAEAAAICTAEAOw==\" data-orig-src=\"https:\/\/lh5.googleusercontent.com\/-vIzXAIObfo4\/U_7sULdnQeI\/AAAAAAAABlo\/6071nDvusQo\/w600-h398-no\/DSC_0269_600x398.JPG\" \/><\/td>\n<\/tr>\n<tr>\n<td><img decoding=\"async\" class=\"lazyload HAa Eha\" style=\"height: 292px; width: 440px; border-width: 1px; border-style: solid; margin: 10px auto; display: block;\" alt=\"\" src=\"data:image\/gif;base64,R0lGODlhAQABAAAAACH5BAEKAAEALAAAAAABAAEAAAICTAEAOw==\" data-orig-src=\"https:\/\/lh3.googleusercontent.com\/-hcNlE3Xw1NY\/U_7sVIypSyI\/AAAAAAAABlU\/BwF1Iacu9q4\/w600-h398-no\/DSC_0386_600x398.JPG\" \/><\/td>\n<\/tr>\n<tr>\n<td><img decoding=\"async\" class=\"lazyload HAa Eha\" style=\"margin: 10px auto; width: 440px; height: 286px; border: 1px solid; display: block;\" alt=\"\" src=\"data:image\/svg+xml,%3Csvg%20xmlns%3D%27http%3A%2F%2Fwww.w3.org%2F2000%2Fsvg%27%20width%3D%27440%27%20height%3D%27286%27%20viewBox%3D%270%200%20440%20286%27%3E%3Crect%20width%3D%27440%27%20height%3D%27286%27%20fill-opacity%3D%220%22%2F%3E%3C%2Fsvg%3E\" data-orig-src=\"https:\/\/lh5.googleusercontent.com\/-0j6sJ5KpLjQ\/U_7sUnXpfNI\/AAAAAAAABlY\/T6wqD3nfQmw\/w600-h398-no\/DSC_0308_600x398.JPG\" height=\"286px\" width=\"440px\" \/><\/td>\n<\/tr>\n<tr>\n<td><img decoding=\"async\" class=\"lazyload HAa Eha\" style=\"height: 603px; width: 400px; border-width: 1px; border-style: solid; margin: 10px auto; display: block;\" alt=\"\" src=\"data:image\/gif;base64,R0lGODlhAQABAAAAACH5BAEKAAEALAAAAAABAAEAAAICTAEAOw==\" data-orig-src=\"https:\/\/lh3.googleusercontent.com\/-IfEHG30u21M\/U_7sWPmljMI\/AAAAAAAABls\/4NH2CJ7uJLk\/w398-h600-no\/DSC_0460_398x600.JPG\" \/><\/td>\n<\/tr>\n<tr>\n<td><img decoding=\"async\" class=\"lazyload HAa Eha\" style=\"height: 603px; width: 400px; border-width: 1px; border-style: solid; margin: 10px auto; display: block;\" alt=\"\" src=\"data:image\/gif;base64,R0lGODlhAQABAAAAACH5BAEKAAEALAAAAAABAAEAAAICTAEAOw==\" data-orig-src=\"https:\/\/lh5.googleusercontent.com\/-HnUWRrNBpgI\/U_7sVZ4mFSI\/AAAAAAAABlc\/jvRPkkFBIgs\/w398-h600-no\/DSC_0437_398x600.JPG\" \/><\/td>\n<\/tr>\n<tr>\n<td><img decoding=\"async\" class=\"lazyload HAa Eha\" style=\"height: 292px; width: 440px; border-width: 1px; border-style: solid; margin: 10px auto; display: block;\" alt=\"\" src=\"data:image\/gif;base64,R0lGODlhAQABAAAAACH5BAEKAAEALAAAAAABAAEAAAICTAEAOw==\" data-orig-src=\"https:\/\/lh4.googleusercontent.com\/-lxjf28DkIo0\/U_7sXGeSIxI\/AAAAAAAABmA\/cxov8hrCwQA\/w600-h398-no\/DSC_0487_600x398.JPG\" \/><\/td>\n<\/tr>\n<tr>\n<td><img decoding=\"async\" class=\"lazyload HAa Eha\" style=\"height: 292px; width: 440px; border-width: 1px; border-style: solid; margin: 10px auto; display: block;\" alt=\"\" src=\"data:image\/gif;base64,R0lGODlhAQABAAAAACH5BAEKAAEALAAAAAABAAEAAAICTAEAOw==\" data-orig-src=\"https:\/\/lh6.googleusercontent.com\/-U0gD3xCnNdE\/U_7sXGB4gTI\/AAAAAAAABl4\/9KHry1re9_A\/w600-h398-no\/DSC_0498_600x398.JPG\" \/><\/td>\n<\/tr>\n<tr>\n<td><img decoding=\"async\" class=\"lazyload HAa Eha\" style=\"height: 603px; width: 400px; border-width: 1px; border-style: solid; margin: 10px auto; display: block;\" alt=\"\" src=\"data:image\/gif;base64,R0lGODlhAQABAAAAACH5BAEKAAEALAAAAAABAAEAAAICTAEAOw==\" data-orig-src=\"https:\/\/lh6.googleusercontent.com\/-kjaeBH2XlKw\/U_7sYdpjoAI\/AAAAAAAABmQ\/eYZr0C7v4XM\/w398-h600-no\/DSC_0799_398x600.JPG\" \/><\/td>\n<\/tr>\n<tr>\n<td><img decoding=\"async\" class=\"lazyload HAa Eha\" style=\"height: 603px; width: 400px; border-width: 1px; border-style: solid; margin: 10px auto; display: block;\" alt=\"\" src=\"data:image\/gif;base64,R0lGODlhAQABAAAAACH5BAEKAAEALAAAAAABAAEAAAICTAEAOw==\" data-orig-src=\"https:\/\/lh5.googleusercontent.com\/-jxX6bv_LDOA\/U_7sYnsF4jI\/AAAAAAAABmI\/hR8prhQvSzw\/w398-h600-no\/DSC_0831_398x600.JPG\" \/><\/td>\n<\/tr>\n<tr>\n<td><img decoding=\"async\" class=\"lazyload HAa Eha\" style=\"height: 292px; width: 440px; border-width: 1px; border-style: solid; margin: 10px auto; display: block;\" alt=\"\" src=\"data:image\/gif;base64,R0lGODlhAQABAAAAACH5BAEKAAEALAAAAAABAAEAAAICTAEAOw==\" data-orig-src=\"https:\/\/lh3.googleusercontent.com\/-jOPeZh3J9wA\/U_7sWUz4gtI\/AAAAAAAABmM\/3021SdGLObY\/w600-h398-no\/DSC_0463_600x398.JPG\" \/><\/td>\n<\/tr>\n<\/tbody>\n<\/table>\n<\/div>\n<div class=\"style31\" style=\"text-align: justify;\">&nbsp;<\/div>\n<div class=\"style31\" style=\"text-align: left;\">&nbsp;<\/div>\n","protected":false},"excerpt":{"rendered":"<p>&nbsp; &nbsp; From the moment that the van appeared, the children of the commune of Malisheva welcomed their old friends by running to meet them. With childish smiles and openness, they began to sing and dance without regard for the weather conditions. The children from the primary classes have now become old friends and are very loving. They called the Albanian young people, \u2018teachers\u2019, although<\/p>\n","protected":false},"author":7,"featured_media":0,"comment_status":"open","ping_status":"open","sticky":false,"template":"","format":"standard","meta":{"_acf_changed":false,"pagelayer_contact_templates":[],"_pagelayer_content":"","inline_featured_image":false,"fifu_image_url":"","fifu_image_alt":"","footnotes":""},"categories":[1935],"tags":[144,200,196,156],"class_list":["post-911","post","type-post","status-publish","format-standard","hentry","category-news-sq","tag-144","tag-kampe-verore","tag-tirane","tag-femijet"],"acf":[],"yoast_head":"<!-- This site is optimized with the Yoast SEO plugin v27.2 - https:\/\/yoast.com\/product\/yoast-seo-wordpress\/ -->\n<title>Malishev\u00eb, 2010 \u2013 Again this Year, Camps for Children in Kosovo were organized with Great Joy. (16 - 31 August 2010) - Kisha Orthodh\u03bfkse Autoqefale e Shqip\u00ebris\u00eb<\/title>\n<meta name=\"robots\" content=\"index, follow, max-snippet:-1, max-image-preview:large, max-video-preview:-1\" \/>\n<link rel=\"canonical\" href=\"https:\/\/orthodoxalbania.org\/2020\/2013\/03\/20\/malisheve-2010-again-this-year-camps-for-children-in-kosovo-were-organized-with-great-joy-16-31-august-2010\/\" \/>\n<meta property=\"og:locale\" content=\"en_US\" \/>\n<meta property=\"og:type\" content=\"article\" \/>\n<meta property=\"og:title\" content=\"Malishev\u00eb, 2010 \u2013 Again this Year, Camps for Children in Kosovo were organized with Great Joy. (16 - 31 August 2010) - Kisha Orthodh\u03bfkse Autoqefale e Shqip\u00ebris\u00eb\" \/>\n<meta property=\"og:description\" content=\"&nbsp; &nbsp; From the moment that the van appeared, the children of the commune of Malisheva welcomed their old friends by running to meet them. With childish smiles and openness, they began to sing and dance without regard for the weather conditions. The children from the primary classes have now become old friends and are very loving. They called the Albanian young people, \u2018teachers\u2019, although\" \/>\n<meta property=\"og:url\" content=\"https:\/\/orthodoxalbania.org\/2020\/2013\/03\/20\/malisheve-2010-again-this-year-camps-for-children-in-kosovo-were-organized-with-great-joy-16-31-august-2010\/\" \/>\n<meta property=\"og:site_name\" content=\"Kisha Orthodh\u03bfkse Autoqefale e Shqip\u00ebris\u00eb\" \/>\n<meta property=\"article:publisher\" content=\"https:\/\/www.facebook.com\/koash1991\" \/>\n<meta property=\"article:published_time\" content=\"2013-03-20T12:56:32+00:00\" \/>\n<meta property=\"article:modified_time\" content=\"2020-04-12T15:40:51+00:00\" \/>\n<meta property=\"og:image\" content=\"https:\/\/lh5.googleusercontent.com\/-bZcokxvpNJw\/U_7sS9dRiDI\/AAAAAAAABks\/XLFcNdc9zX0\/w800-h531-no\/1%2B-%2Btekst.JPG\" \/>\n<meta name=\"author\" content=\"Kisha Orthodhokse\" \/>\n<meta name=\"twitter:card\" content=\"summary_large_image\" \/>\n<meta name=\"twitter:label1\" content=\"Written by\" \/>\n\t<meta name=\"twitter:data1\" content=\"Kisha Orthodhokse\" \/>\n\t<meta name=\"twitter:label2\" content=\"Est. reading time\" \/>\n\t<meta name=\"twitter:data2\" content=\"3 minutes\" \/>\n<script type=\"application\/ld+json\" class=\"yoast-schema-graph\">{\"@context\":\"https:\/\/schema.org\",\"@graph\":[{\"@type\":\"Article\",\"@id\":\"https:\/\/orthodoxalbania.org\/2020\/2013\/03\/20\/malisheve-2010-again-this-year-camps-for-children-in-kosovo-were-organized-with-great-joy-16-31-august-2010\/#article\",\"isPartOf\":{\"@id\":\"https:\/\/orthodoxalbania.org\/2020\/2013\/03\/20\/malisheve-2010-again-this-year-camps-for-children-in-kosovo-were-organized-with-great-joy-16-31-august-2010\/\"},\"author\":{\"name\":\"Kisha Orthodhokse\",\"@id\":\"https:\/\/orthodoxalbania.org\/2020\/#\/schema\/person\/df745f942b70e045b3dc05a30211f0de\"},\"headline\":\"Malishev\u00eb, 2010 \u2013 Again this Year, Camps for Children in Kosovo were organized with Great Joy. (16 &#8211; 31 August 2010)\",\"datePublished\":\"2013-03-20T12:56:32+00:00\",\"dateModified\":\"2020-04-12T15:40:51+00:00\",\"mainEntityOfPage\":{\"@id\":\"https:\/\/orthodoxalbania.org\/2020\/2013\/03\/20\/malisheve-2010-again-this-year-camps-for-children-in-kosovo-were-organized-with-great-joy-16-31-august-2010\/\"},\"wordCount\":644,\"commentCount\":0,\"publisher\":{\"@id\":\"https:\/\/orthodoxalbania.org\/2020\/#organization\"},\"image\":{\"@id\":\"https:\/\/orthodoxalbania.org\/2020\/2013\/03\/20\/malisheve-2010-again-this-year-camps-for-children-in-kosovo-were-organized-with-great-joy-16-31-august-2010\/#primaryimage\"},\"thumbnailUrl\":\"https:\/\/lh5.googleusercontent.com\/-bZcokxvpNJw\/U_7sS9dRiDI\/AAAAAAAABks\/XLFcNdc9zX0\/w800-h531-no\/1%2B-%2Btekst.JPG\",\"keywords\":[\"2010\",\"Kampe verore\",\"Kryepiskopata Tiran\u00eb\",\"Zyra e F\u00ebmij\u00ebve\"],\"articleSection\":[\"Lajme AL\"],\"inLanguage\":\"en-US\"},{\"@type\":\"WebPage\",\"@id\":\"https:\/\/orthodoxalbania.org\/2020\/2013\/03\/20\/malisheve-2010-again-this-year-camps-for-children-in-kosovo-were-organized-with-great-joy-16-31-august-2010\/\",\"url\":\"https:\/\/orthodoxalbania.org\/2020\/2013\/03\/20\/malisheve-2010-again-this-year-camps-for-children-in-kosovo-were-organized-with-great-joy-16-31-august-2010\/\",\"name\":\"Malishev\u00eb, 2010 \u2013 Again this Year, Camps for Children in Kosovo were organized with Great Joy. (16 - 31 August 2010) - Kisha Orthodh\u03bfkse Autoqefale e Shqip\u00ebris\u00eb\",\"isPartOf\":{\"@id\":\"https:\/\/orthodoxalbania.org\/2020\/#website\"},\"primaryImageOfPage\":{\"@id\":\"https:\/\/orthodoxalbania.org\/2020\/2013\/03\/20\/malisheve-2010-again-this-year-camps-for-children-in-kosovo-were-organized-with-great-joy-16-31-august-2010\/#primaryimage\"},\"image\":{\"@id\":\"https:\/\/orthodoxalbania.org\/2020\/2013\/03\/20\/malisheve-2010-again-this-year-camps-for-children-in-kosovo-were-organized-with-great-joy-16-31-august-2010\/#primaryimage\"},\"thumbnailUrl\":\"https:\/\/lh5.googleusercontent.com\/-bZcokxvpNJw\/U_7sS9dRiDI\/AAAAAAAABks\/XLFcNdc9zX0\/w800-h531-no\/1%2B-%2Btekst.JPG\",\"datePublished\":\"2013-03-20T12:56:32+00:00\",\"dateModified\":\"2020-04-12T15:40:51+00:00\",\"breadcrumb\":{\"@id\":\"https:\/\/orthodoxalbania.org\/2020\/2013\/03\/20\/malisheve-2010-again-this-year-camps-for-children-in-kosovo-were-organized-with-great-joy-16-31-august-2010\/#breadcrumb\"},\"inLanguage\":\"en-US\",\"potentialAction\":[{\"@type\":\"ReadAction\",\"target\":[\"https:\/\/orthodoxalbania.org\/2020\/2013\/03\/20\/malisheve-2010-again-this-year-camps-for-children-in-kosovo-were-organized-with-great-joy-16-31-august-2010\/\"]}]},{\"@type\":\"ImageObject\",\"inLanguage\":\"en-US\",\"@id\":\"https:\/\/orthodoxalbania.org\/2020\/2013\/03\/20\/malisheve-2010-again-this-year-camps-for-children-in-kosovo-were-organized-with-great-joy-16-31-august-2010\/#primaryimage\",\"url\":\"https:\/\/lh5.googleusercontent.com\/-bZcokxvpNJw\/U_7sS9dRiDI\/AAAAAAAABks\/XLFcNdc9zX0\/w800-h531-no\/1%2B-%2Btekst.JPG\",\"contentUrl\":\"https:\/\/lh5.googleusercontent.com\/-bZcokxvpNJw\/U_7sS9dRiDI\/AAAAAAAABks\/XLFcNdc9zX0\/w800-h531-no\/1%2B-%2Btekst.JPG\"},{\"@type\":\"BreadcrumbList\",\"@id\":\"https:\/\/orthodoxalbania.org\/2020\/2013\/03\/20\/malisheve-2010-again-this-year-camps-for-children-in-kosovo-were-organized-with-great-joy-16-31-august-2010\/#breadcrumb\",\"itemListElement\":[{\"@type\":\"ListItem\",\"position\":1,\"name\":\"Home\",\"item\":\"https:\/\/orthodoxalbania.org\/2020\/\"},{\"@type\":\"ListItem\",\"position\":2,\"name\":\"Malishev\u00eb, 2010 \u2013 Again this Year, Camps for Children in Kosovo were organized with Great Joy. (16 &#8211; 31 August 2010)\"}]},{\"@type\":\"WebSite\",\"@id\":\"https:\/\/orthodoxalbania.org\/2020\/#website\",\"url\":\"https:\/\/orthodoxalbania.org\/2020\/\",\"name\":\"Kisha Orthodh\u03bfkse Autoqefale e Shqip\u00ebris\u00eb\",\"description\":\"Fqja Zyrtare e Kish\u00ebs Orthodhokse Autoqefale e Shqip\u00ebris\u00eb me lajmet edhe informacionet zyrtare p\u00ebr struktur\u00ebn edhe veprimtarin e saj.\",\"publisher\":{\"@id\":\"https:\/\/orthodoxalbania.org\/2020\/#organization\"},\"potentialAction\":[{\"@type\":\"SearchAction\",\"target\":{\"@type\":\"EntryPoint\",\"urlTemplate\":\"https:\/\/orthodoxalbania.org\/2020\/?s={search_term_string}\"},\"query-input\":{\"@type\":\"PropertyValueSpecification\",\"valueRequired\":true,\"valueName\":\"search_term_string\"}}],\"inLanguage\":\"en-US\"},{\"@type\":\"Organization\",\"@id\":\"https:\/\/orthodoxalbania.org\/2020\/#organization\",\"name\":\"Kisha Orthodhokse Autoqefale e Shqip\u00ebris\u00eb\",\"url\":\"https:\/\/orthodoxalbania.org\/2020\/\",\"logo\":{\"@type\":\"ImageObject\",\"inLanguage\":\"en-US\",\"@id\":\"https:\/\/orthodoxalbania.org\/2020\/#\/schema\/logo\/image\/\",\"url\":\"https:\/\/orthodoxalbania.org\/2020\/wp-content\/uploads\/2020\/05\/albania.jpeg\",\"contentUrl\":\"https:\/\/orthodoxalbania.org\/2020\/wp-content\/uploads\/2020\/05\/albania.jpeg\",\"width\":540,\"height\":540,\"caption\":\"Kisha Orthodhokse Autoqefale e Shqip\u00ebris\u00eb\"},\"image\":{\"@id\":\"https:\/\/orthodoxalbania.org\/2020\/#\/schema\/logo\/image\/\"},\"sameAs\":[\"https:\/\/www.facebook.com\/koash1991\"]},{\"@type\":\"Person\",\"@id\":\"https:\/\/orthodoxalbania.org\/2020\/#\/schema\/person\/df745f942b70e045b3dc05a30211f0de\",\"name\":\"Kisha Orthodhokse\",\"image\":{\"@type\":\"ImageObject\",\"inLanguage\":\"en-US\",\"@id\":\"https:\/\/secure.gravatar.com\/avatar\/2676eb8d97178435c9f691a7871595a1da6c33542dec218bce40885573150e28?s=96&d=mm&r=g\",\"url\":\"https:\/\/secure.gravatar.com\/avatar\/2676eb8d97178435c9f691a7871595a1da6c33542dec218bce40885573150e28?s=96&d=mm&r=g\",\"contentUrl\":\"https:\/\/secure.gravatar.com\/avatar\/2676eb8d97178435c9f691a7871595a1da6c33542dec218bce40885573150e28?s=96&d=mm&r=g\",\"caption\":\"Kisha Orthodhokse\"}}]}<\/script>\n<!-- \/ Yoast SEO plugin. -->","yoast_head_json":{"title":"Malishev\u00eb, 2010 \u2013 Again this Year, Camps for Children in Kosovo were organized with Great Joy. (16 - 31 August 2010) - Kisha Orthodh\u03bfkse Autoqefale e Shqip\u00ebris\u00eb","robots":{"index":"index","follow":"follow","max-snippet":"max-snippet:-1","max-image-preview":"max-image-preview:large","max-video-preview":"max-video-preview:-1"},"canonical":"https:\/\/orthodoxalbania.org\/2020\/2013\/03\/20\/malisheve-2010-again-this-year-camps-for-children-in-kosovo-were-organized-with-great-joy-16-31-august-2010\/","og_locale":"en_US","og_type":"article","og_title":"Malishev\u00eb, 2010 \u2013 Again this Year, Camps for Children in Kosovo were organized with Great Joy. (16 - 31 August 2010) - Kisha Orthodh\u03bfkse Autoqefale e Shqip\u00ebris\u00eb","og_description":"&nbsp; &nbsp; From the moment that the van appeared, the children of the commune of Malisheva welcomed their old friends by running to meet them. With childish smiles and openness, they began to sing and dance without regard for the weather conditions. The children from the primary classes have now become old friends and are very loving. They called the Albanian young people, \u2018teachers\u2019, although","og_url":"https:\/\/orthodoxalbania.org\/2020\/2013\/03\/20\/malisheve-2010-again-this-year-camps-for-children-in-kosovo-were-organized-with-great-joy-16-31-august-2010\/","og_site_name":"Kisha Orthodh\u03bfkse Autoqefale e Shqip\u00ebris\u00eb","article_publisher":"https:\/\/www.facebook.com\/koash1991","article_published_time":"2013-03-20T12:56:32+00:00","article_modified_time":"2020-04-12T15:40:51+00:00","og_image":[{"url":"https:\/\/lh5.googleusercontent.com\/-bZcokxvpNJw\/U_7sS9dRiDI\/AAAAAAAABks\/XLFcNdc9zX0\/w800-h531-no\/1%2B-%2Btekst.JPG","type":"","width":"","height":""}],"author":"Kisha Orthodhokse","twitter_card":"summary_large_image","twitter_misc":{"Written by":"Kisha Orthodhokse","Est. reading time":"3 minutes"},"schema":{"@context":"https:\/\/schema.org","@graph":[{"@type":"Article","@id":"https:\/\/orthodoxalbania.org\/2020\/2013\/03\/20\/malisheve-2010-again-this-year-camps-for-children-in-kosovo-were-organized-with-great-joy-16-31-august-2010\/#article","isPartOf":{"@id":"https:\/\/orthodoxalbania.org\/2020\/2013\/03\/20\/malisheve-2010-again-this-year-camps-for-children-in-kosovo-were-organized-with-great-joy-16-31-august-2010\/"},"author":{"name":"Kisha Orthodhokse","@id":"https:\/\/orthodoxalbania.org\/2020\/#\/schema\/person\/df745f942b70e045b3dc05a30211f0de"},"headline":"Malishev\u00eb, 2010 \u2013 Again this Year, Camps for Children in Kosovo were organized with Great Joy. (16 &#8211; 31 August 2010)","datePublished":"2013-03-20T12:56:32+00:00","dateModified":"2020-04-12T15:40:51+00:00","mainEntityOfPage":{"@id":"https:\/\/orthodoxalbania.org\/2020\/2013\/03\/20\/malisheve-2010-again-this-year-camps-for-children-in-kosovo-were-organized-with-great-joy-16-31-august-2010\/"},"wordCount":644,"commentCount":0,"publisher":{"@id":"https:\/\/orthodoxalbania.org\/2020\/#organization"},"image":{"@id":"https:\/\/orthodoxalbania.org\/2020\/2013\/03\/20\/malisheve-2010-again-this-year-camps-for-children-in-kosovo-were-organized-with-great-joy-16-31-august-2010\/#primaryimage"},"thumbnailUrl":"https:\/\/lh5.googleusercontent.com\/-bZcokxvpNJw\/U_7sS9dRiDI\/AAAAAAAABks\/XLFcNdc9zX0\/w800-h531-no\/1%2B-%2Btekst.JPG","keywords":["2010","Kampe verore","Kryepiskopata Tiran\u00eb","Zyra e F\u00ebmij\u00ebve"],"articleSection":["Lajme AL"],"inLanguage":"en-US"},{"@type":"WebPage","@id":"https:\/\/orthodoxalbania.org\/2020\/2013\/03\/20\/malisheve-2010-again-this-year-camps-for-children-in-kosovo-were-organized-with-great-joy-16-31-august-2010\/","url":"https:\/\/orthodoxalbania.org\/2020\/2013\/03\/20\/malisheve-2010-again-this-year-camps-for-children-in-kosovo-were-organized-with-great-joy-16-31-august-2010\/","name":"Malishev\u00eb, 2010 \u2013 Again this Year, Camps for Children in Kosovo were organized with Great Joy. (16 - 31 August 2010) - Kisha Orthodh\u03bfkse Autoqefale e Shqip\u00ebris\u00eb","isPartOf":{"@id":"https:\/\/orthodoxalbania.org\/2020\/#website"},"primaryImageOfPage":{"@id":"https:\/\/orthodoxalbania.org\/2020\/2013\/03\/20\/malisheve-2010-again-this-year-camps-for-children-in-kosovo-were-organized-with-great-joy-16-31-august-2010\/#primaryimage"},"image":{"@id":"https:\/\/orthodoxalbania.org\/2020\/2013\/03\/20\/malisheve-2010-again-this-year-camps-for-children-in-kosovo-were-organized-with-great-joy-16-31-august-2010\/#primaryimage"},"thumbnailUrl":"https:\/\/lh5.googleusercontent.com\/-bZcokxvpNJw\/U_7sS9dRiDI\/AAAAAAAABks\/XLFcNdc9zX0\/w800-h531-no\/1%2B-%2Btekst.JPG","datePublished":"2013-03-20T12:56:32+00:00","dateModified":"2020-04-12T15:40:51+00:00","breadcrumb":{"@id":"https:\/\/orthodoxalbania.org\/2020\/2013\/03\/20\/malisheve-2010-again-this-year-camps-for-children-in-kosovo-were-organized-with-great-joy-16-31-august-2010\/#breadcrumb"},"inLanguage":"en-US","potentialAction":[{"@type":"ReadAction","target":["https:\/\/orthodoxalbania.org\/2020\/2013\/03\/20\/malisheve-2010-again-this-year-camps-for-children-in-kosovo-were-organized-with-great-joy-16-31-august-2010\/"]}]},{"@type":"ImageObject","inLanguage":"en-US","@id":"https:\/\/orthodoxalbania.org\/2020\/2013\/03\/20\/malisheve-2010-again-this-year-camps-for-children-in-kosovo-were-organized-with-great-joy-16-31-august-2010\/#primaryimage","url":"https:\/\/lh5.googleusercontent.com\/-bZcokxvpNJw\/U_7sS9dRiDI\/AAAAAAAABks\/XLFcNdc9zX0\/w800-h531-no\/1%2B-%2Btekst.JPG","contentUrl":"https:\/\/lh5.googleusercontent.com\/-bZcokxvpNJw\/U_7sS9dRiDI\/AAAAAAAABks\/XLFcNdc9zX0\/w800-h531-no\/1%2B-%2Btekst.JPG"},{"@type":"BreadcrumbList","@id":"https:\/\/orthodoxalbania.org\/2020\/2013\/03\/20\/malisheve-2010-again-this-year-camps-for-children-in-kosovo-were-organized-with-great-joy-16-31-august-2010\/#breadcrumb","itemListElement":[{"@type":"ListItem","position":1,"name":"Home","item":"https:\/\/orthodoxalbania.org\/2020\/"},{"@type":"ListItem","position":2,"name":"Malishev\u00eb, 2010 \u2013 Again this Year, Camps for Children in Kosovo were organized with Great Joy. (16 &#8211; 31 August 2010)"}]},{"@type":"WebSite","@id":"https:\/\/orthodoxalbania.org\/2020\/#website","url":"https:\/\/orthodoxalbania.org\/2020\/","name":"Kisha Orthodh\u03bfkse Autoqefale e Shqip\u00ebris\u00eb","description":"Fqja Zyrtare e Kish\u00ebs Orthodhokse Autoqefale e Shqip\u00ebris\u00eb me lajmet edhe informacionet zyrtare p\u00ebr struktur\u00ebn edhe veprimtarin e saj.","publisher":{"@id":"https:\/\/orthodoxalbania.org\/2020\/#organization"},"potentialAction":[{"@type":"SearchAction","target":{"@type":"EntryPoint","urlTemplate":"https:\/\/orthodoxalbania.org\/2020\/?s={search_term_string}"},"query-input":{"@type":"PropertyValueSpecification","valueRequired":true,"valueName":"search_term_string"}}],"inLanguage":"en-US"},{"@type":"Organization","@id":"https:\/\/orthodoxalbania.org\/2020\/#organization","name":"Kisha Orthodhokse Autoqefale e Shqip\u00ebris\u00eb","url":"https:\/\/orthodoxalbania.org\/2020\/","logo":{"@type":"ImageObject","inLanguage":"en-US","@id":"https:\/\/orthodoxalbania.org\/2020\/#\/schema\/logo\/image\/","url":"https:\/\/orthodoxalbania.org\/2020\/wp-content\/uploads\/2020\/05\/albania.jpeg","contentUrl":"https:\/\/orthodoxalbania.org\/2020\/wp-content\/uploads\/2020\/05\/albania.jpeg","width":540,"height":540,"caption":"Kisha Orthodhokse Autoqefale e Shqip\u00ebris\u00eb"},"image":{"@id":"https:\/\/orthodoxalbania.org\/2020\/#\/schema\/logo\/image\/"},"sameAs":["https:\/\/www.facebook.com\/koash1991"]},{"@type":"Person","@id":"https:\/\/orthodoxalbania.org\/2020\/#\/schema\/person\/df745f942b70e045b3dc05a30211f0de","name":"Kisha Orthodhokse","image":{"@type":"ImageObject","inLanguage":"en-US","@id":"https:\/\/secure.gravatar.com\/avatar\/2676eb8d97178435c9f691a7871595a1da6c33542dec218bce40885573150e28?s=96&d=mm&r=g","url":"https:\/\/secure.gravatar.com\/avatar\/2676eb8d97178435c9f691a7871595a1da6c33542dec218bce40885573150e28?s=96&d=mm&r=g","contentUrl":"https:\/\/secure.gravatar.com\/avatar\/2676eb8d97178435c9f691a7871595a1da6c33542dec218bce40885573150e28?s=96&d=mm&r=g","caption":"Kisha Orthodhokse"}}]}},"_links":{"self":[{"href":"https:\/\/orthodoxalbania.org\/2020\/wp-json\/wp\/v2\/posts\/911","targetHints":{"allow":["GET"]}}],"collection":[{"href":"https:\/\/orthodoxalbania.org\/2020\/wp-json\/wp\/v2\/posts"}],"about":[{"href":"https:\/\/orthodoxalbania.org\/2020\/wp-json\/wp\/v2\/types\/post"}],"author":[{"embeddable":true,"href":"https:\/\/orthodoxalbania.org\/2020\/wp-json\/wp\/v2\/users\/7"}],"replies":[{"embeddable":true,"href":"https:\/\/orthodoxalbania.org\/2020\/wp-json\/wp\/v2\/comments?post=911"}],"version-history":[{"count":1,"href":"https:\/\/orthodoxalbania.org\/2020\/wp-json\/wp\/v2\/posts\/911\/revisions"}],"predecessor-version":[{"id":18118,"href":"https:\/\/orthodoxalbania.org\/2020\/wp-json\/wp\/v2\/posts\/911\/revisions\/18118"}],"wp:attachment":[{"href":"https:\/\/orthodoxalbania.org\/2020\/wp-json\/wp\/v2\/media?parent=911"}],"wp:term":[{"taxonomy":"category","embeddable":true,"href":"https:\/\/orthodoxalbania.org\/2020\/wp-json\/wp\/v2\/categories?post=911"},{"taxonomy":"post_tag","embeddable":true,"href":"https:\/\/orthodoxalbania.org\/2020\/wp-json\/wp\/v2\/tags?post=911"}],"curies":[{"name":"wp","href":"https:\/\/api.w.org\/{rel}","templated":true}]}}