{"id":908,"date":"2006-02-26T00:00:00","date_gmt":"2006-02-26T00:00:00","guid":{"rendered":""},"modified":"2020-04-06T22:36:01","modified_gmt":"2020-04-06T20:36:01","slug":"lynette-katherine-hoppe-nje-deshmi-e-krishtere-e-jetes-dhe-vdekjes-gusht-06","status":"publish","type":"post","link":"https:\/\/orthodoxalbania.org\/2020\/2006\/02\/26\/lynette-katherine-hoppe-nje-deshmi-e-krishtere-e-jetes-dhe-vdekjes-gusht-06\/","title":{"rendered":"Lynette Katherine Hoppe Nj\u00eb d\u00ebshmi e krishter\u00eb e jet\u00ebs dhe vdekjes. (27 Gusht 2006)"},"content":{"rendered":"<table id=\"AutoNumber4\" border=\"0\">\n<tbody>\n<tr>\n<td>\n<div style=\"text-align: justify;\"><span style=\"color: #000000;\"><span style=\"font-family: tahoma,geneva,sans-serif;\"><span style=\"font-size: 12px;\">&nbsp;&nbsp;&nbsp; U nda nga jeta n\u00eb dat\u00eb 27 gusht 2006 misionarja orthodhokse amerikane Lynette Katherine Hoppe, e cila prej 8 vjet\u00ebsh jetoi dhe punoi n\u00eb Shqip\u00ebri, n\u00eb Kish\u00ebn Orthodhokse Autoqefale t\u00eb Shqip\u00ebris\u00eb s\u00eb bashku me familjen e saj: bashk\u00ebshortin Natan dhe dy f\u00ebmij\u00ebt Tristani, lindur n\u00eb dhjetor 1997 dhe Katerina, lindur n\u00eb prill 2000.<\/span><\/span><\/span><\/div>\n<div style=\"text-align: justify;\">&nbsp;<\/div>\n<div style=\"text-align: justify;\"><span style=\"color: #000000;\"><span style=\"font-family: tahoma,geneva,sans-serif;\"><span style=\"font-size: 12px;\">&nbsp;&nbsp; Lynette (Holm) Hoppe lindi n\u00eb 8 maj 1960 n\u00eb Hammond, Indiana n\u00eb Shtetet e Bashkuara t\u00eb Amerik\u00ebs. Kur ishte 3 vje\u00e7e familja e saj u shp\u00ebrngul n\u00eb Uganda, n\u00eb Afrik\u00ebn Lindore ku prind\u00ebrit e saj sh\u00ebrbyen si misionar\u00eb, duke q\u00ebndruar 10 vjet nga viti 1963 \u2013 1973. M\u00eb pas ajo ndoqi Institutin Moody Bible p\u00ebr 3 vjet ku m\u00eb pas shkoi si misionare n\u00eb Kenia, n\u00eb Afrik\u00ebn Lindore p\u00ebr 1 vit. M\u00eb pas ajo vazhdoi Kolegjin Northwestern n\u00eb Minneapolis p\u00ebr 2 vjet ku edhe u diplomua n\u00eb Artet e Bukura. Ndoqi shkoll\u00ebn pasuniversitare Weaton p\u00ebr master n\u00eb mision ku dhe u diplomua n\u00eb dhjetor 1989.<\/span><\/span><\/span><\/div>\n<div style=\"text-align: justify;\">&nbsp;<\/div>\n<\/td>\n<td>\n<div style=\"text-align: center;\"><span style=\"color: #000000;\"><span style=\"font-family: tahoma,geneva,sans-serif;\"><span style=\"font-size: 12px;\"><img decoding=\"async\" class=\"lazyload HAa Eha\" style=\"border-width: 1px; border-style: solid; margin: 10px;\" alt=\"\" src=\"data:image\/gif;base64,R0lGODlhAQABAAAAACH5BAEKAAEALAAAAAABAAEAAAICTAEAOw==\" data-orig-src=\"https:\/\/lh4.googleusercontent.com\/-SisbrelIvN4\/VIggWYtYhYI\/AAAAAAAAFxg\/-s6uX6dHqjQ\/w361-h450-no\/untitled1.jpg\" \/><\/span><\/span><\/span><\/div>\n<\/td>\n<\/tr>\n<tr>\n<td>\n<div style=\"text-align: center;\"><span style=\"color: #000000;\"><span style=\"font-family: tahoma,geneva,sans-serif;\"><span style=\"font-size: 12px;\"><img decoding=\"async\" class=\"lazyload HAa Eha\" style=\"border-width: 1px; border-style: solid; margin: 10px;\" alt=\"\" src=\"data:image\/gif;base64,R0lGODlhAQABAAAAACH5BAEKAAEALAAAAAABAAEAAAICTAEAOw==\" data-orig-src=\"https:\/\/lh3.googleusercontent.com\/-cidfpYhbgjo\/VIggWss3uaI\/AAAAAAAAFws\/t9-LjxGk7eE\/w400-h266-no\/untitled2.jpg\" \/><\/span><\/span><\/span><\/div>\n<\/td>\n<td>\n<div style=\"text-align: justify;\"><span style=\"color: #000000;\"><span style=\"font-family: tahoma,geneva,sans-serif;\"><span style=\"font-size: 12px;\">&nbsp;&nbsp;&nbsp;&nbsp; Ajo u martua n\u00eb 28 qershor 1992 n\u00eb Illinois, t\u00eb Shteteve t\u00eb Bashkuara me Nathan Hoppe. T\u00eb dy u miros\u00ebn si t\u00eb krishter\u00eb orthodhoks\u00eb t\u00eb Diel\u00ebn e Dafinave n\u00eb vitin 1994 ku Lineta mori emrin Katherine (Katerina). N\u00eb mars 1998 ata erdh\u00ebn n\u00eb Shqip\u00ebri t\u2019i sh\u00ebrbejn\u00eb Krishtit dhe Kish\u00ebs s\u00eb Tij t\u00eb Shenjt\u00eb. Ajo punoi si koordinatore e programeve p\u00ebr f\u00ebmij\u00eb, drejtuese e kampeve verore p\u00ebr vajza, ndihm\u00ebtare p\u00ebr njer\u00ebzit n\u00eb nevoj\u00eb, ideuese dhe bashk\u00ebpun\u00ebtore e talentuar n\u00eb pun\u00ebt grafike n\u00eb projekte t\u00eb ndryshme t\u00eb Kish\u00ebs, autore e librit \u201cResurrection\u201d etj.<\/span><\/span><\/span><\/div>\n<\/td>\n<\/tr>\n<tr>\n<td>\n<div style=\"text-align: justify;\"><span style=\"color: #000000;\"><span style=\"font-family: tahoma,geneva,sans-serif;\"><span style=\"font-size: 12px;\">&nbsp;&nbsp;&nbsp;&nbsp; Lineta prej rreth 20 muajsh, vuante nga kanceri fillimisht i shfaqur n\u00eb gji dhe m\u00eb pas n\u00eb kocka dhe s\u00eb fundmi n\u00eb m\u00ebl\u00e7i, iu n\u00ebshtrua nj\u00eb trajtimi t\u00eb mir\u00ebfillt\u00eb n\u00eb Shtetet e Bashkuara dhe erdhi p\u00ebrs\u00ebri n\u00eb Shqip\u00ebri megjith\u00ebse s\u00ebmundja p\u00ebrparonte m\u00eb shum\u00eb. Q\u00eb nga momenti kur s\u00eb bashku me familjen e saj u rikthyen n\u00eb Shqip\u00ebri, nuk u shk\u00ebput asnj\u00eb moment me ndihmes\u00ebn e saj t\u00eb zjarrt\u00eb misionare n\u00eb aktivitetet e ndryshme e Kish\u00ebs sidomos n\u00eb kampet verore p\u00ebr vajzat, me projektet e pun\u00ebs s\u00eb dor\u00ebs, me tema t\u00eb ndryshme fetare dhe sociale t\u00eb mbajtura n\u00eb to. Asnj\u00ebher\u00eb nuk pushoi s\u00eb lavd\u00ebruari Per\u00ebndin\u00eb p\u00ebr gjith\u00eb kujdesin q\u00eb po tregonte ndaj saj dhe dit\u00ebve t\u00eb fundit t\u00eb jet\u00ebs q\u00eb po kalonte me miqt\u00eb, v\u00ebllez\u00ebrit e motrat shqiptar\u00eb m\u00eb Krishtin.<\/span><\/span><\/span><\/div>\n<\/td>\n<td>\n<div style=\"text-align: center;\"><span style=\"color: #000000;\"><span style=\"font-family: tahoma,geneva,sans-serif;\"><span style=\"font-size: 12px;\"><img decoding=\"async\" class=\"lazyload HAa Eha\" style=\"border-width: 1px; border-style: solid; margin: 10px;\" alt=\"\" src=\"data:image\/gif;base64,R0lGODlhAQABAAAAACH5BAEKAAEALAAAAAABAAEAAAICTAEAOw==\" data-orig-src=\"https:\/\/lh6.googleusercontent.com\/-5WWJvIdxbZg\/VIggWQVHCKI\/AAAAAAAAFwo\/85Mmq8Jpjos\/w400-h266-no\/untitled3.jpg\" \/><\/span><\/span><\/span><\/div>\n<\/td>\n<\/tr>\n<tr>\n<td>\n<div style=\"text-align: center;\"><span style=\"color: #000000;\"><span style=\"font-family: tahoma,geneva,sans-serif;\"><span style=\"font-size: 12px;\"><img decoding=\"async\" class=\"lazyload HAa Eha\" style=\"border-width: 1px; border-style: solid; margin: 10px;\" alt=\"\" src=\"data:image\/gif;base64,R0lGODlhAQABAAAAACH5BAEKAAEALAAAAAABAAEAAAICTAEAOw==\" data-orig-src=\"https:\/\/lh5.googleusercontent.com\/-q8wuI1YZ81k\/VIggWzH1KoI\/AAAAAAAAFxY\/yPsFvDiqJS8\/w400-h300-no\/untitled4.jpg\" \/><\/span><\/span><\/span><\/div>\n<\/td>\n<td>\n<div style=\"text-align: justify;\"><span style=\"color: #000000;\"><span style=\"font-family: tahoma,geneva,sans-serif;\"><span style=\"font-size: 12px;\">&nbsp;&nbsp;&nbsp;&nbsp; Edhe pse n\u00eb gjendje shum\u00eb t\u00eb v\u00ebshtir\u00eb sh\u00ebndet\u00ebsore dhe fizike, rrezatonte g\u00ebzim e paqe duke dh\u00ebn\u00eb k\u00ebshtu p\u00ebr t\u00eb gjith\u00eb ata, t\u00eb cil\u00ebt pat\u00ebn mund\u00ebsin\u00eb t\u00eb q\u00ebndronin ose t\u00eb takonin at\u00eb, nj\u00eb shembull mjaft t\u00eb bukur t\u00eb dashuris\u00eb s\u00eb saj p\u00ebr Krishtin Jisu. Gjithmon\u00eb e qeshur, gjithmon\u00eb me shum\u00eb g\u00ebzim p\u00ebr jet\u00ebn me Krishtin, gjithmon\u00eb e bukur -ashtu si\u00e7 thot\u00eb bashk\u00ebshorti i saj Natani kur flet p\u00ebr t\u00eb. Asnj\u00ebher\u00eb nuk harroi t\u00eb falenderonte t\u00eb gjith\u00eb njer\u00ebzit q\u00eb u kujdes\u00ebn p\u00ebr t\u00eb, t\u00eb gjith\u00eb ata q\u00eb u lut\u00ebn p\u00ebr t\u00eb, t\u00eb gjith\u00eb ata q\u00eb ndihmuan n\u00eb nj\u00eb m\u00ebnyr\u00eb ose nj\u00eb tjet\u00ebr, t\u00eb gjith\u00eb njer\u00ebzit q\u00eb ajo i quante familja e madhe shqiptare. N\u00eb letrat e saj, t\u00eb pasqyruara n\u00eb faqen e saj t\u00eb internetit &nbsp;<\/span><\/span><\/span><span style=\"font-family: tahoma,geneva,sans-serif;\"><span style=\"font-size: 12px;\"><a href=\"http:\/\/www.prayforlynette.org\/\"><span style=\"color: #000000;\">www.prayforlynette.org<\/span><\/a><\/span><\/span><span style=\"color: #000000;\"><span style=\"font-family: tahoma,geneva,sans-serif;\"><span style=\"font-size: 12px;\"> , ajo vazhdimisht shkruante rreth p\u00ebrgatitjes e p\u00ebrballjes me vdekjen, bisedave me bashk\u00ebshortin e f\u00ebmij\u00ebt p\u00ebr largimin e saj nga kjo bot\u00eb, reagimit t\u00eb tyre, ardhjes s\u00eb njer\u00ebzve t\u00eb dashur, babait, v\u00ebllez\u00ebrve, motrave, miqve dhe klerik\u00ebve At\u00eb Patrikut, At\u00eb Luk\u00ebs, At\u00eb Martinit, etj nga Shtetet e Bashkuara n\u00eb sht\u00ebpin\u00eb e saj.<\/span><\/span><\/span><\/div>\n<\/td>\n<\/tr>\n<tr>\n<td>\n<div style=\"text-align: justify;\"><span style=\"color: #000000;\"><span style=\"font-family: tahoma,geneva,sans-serif;\"><span style=\"font-size: 12px;\">&nbsp;&nbsp;&nbsp;&nbsp; Lineta t\u00eb diel\u00ebn n\u00eb dat\u00eb 27 gusht n\u00eb m\u00ebngjes ra n\u00eb gjendje kome dhe po at\u00eb dit\u00eb mbasdite rreth or\u00ebs 17:00 u nda nga jeta dhe t\u00eb af\u00ebrmit e saj. Gjat\u00eb koh\u00ebs q\u00eb trupi ishte n\u00eb sht\u00ebpi shum\u00eb njer\u00ebz erdh\u00ebn p\u00ebr b\u00ebr\u00eb p\u00ebrsh\u00ebndetjen e fundit duke ngush\u00eblluar dhe dh\u00ebn\u00eb ndihm\u00ebn e tyre p\u00ebr familjar\u00ebt e saj. Psalmet e k\u00ebnduara nga vajzat e miqt\u00eb e Linet\u00ebs dhe k\u00ebng\u00ebt e krishtera t\u00eb k\u00ebnduara nga vet\u00eb ajo ishin sfondi q\u00eb shoq\u00ebruan dhe dhan\u00eb kurajo tek t\u00eb gjith\u00eb njer\u00ebzit q\u00eb q\u00ebndronin me t\u00eb n\u00eb momentet e fundit.<\/span><\/span><\/span><\/div>\n<\/td>\n<td>\n<div style=\"text-align: center;\"><span style=\"color: #000000;\"><span style=\"font-family: tahoma,geneva,sans-serif;\"><span style=\"font-size: 12px;\"><img decoding=\"async\" class=\"lazyload HAa Eha\" style=\"border-width: 1px; border-style: solid; margin: 10px;\" alt=\"\" src=\"data:image\/gif;base64,R0lGODlhAQABAAAAACH5BAEKAAEALAAAAAABAAEAAAICTAEAOw==\" data-orig-src=\"https:\/\/lh6.googleusercontent.com\/-xxZlppQM9Hw\/VIggXQrJnsI\/AAAAAAAAFxA\/aD1kTxdXmPQ\/w400-h266-no\/untitled5.jpg\" \/><\/span><\/span><\/span><\/div>\n<\/td>\n<\/tr>\n<tr>\n<td>\n<div style=\"text-align: center;\"><span style=\"color: #000000;\"><span style=\"font-family: tahoma,geneva,sans-serif;\"><span style=\"font-size: 12px;\"><img decoding=\"async\" class=\"lazyload HAa Eha\" style=\"border-width: 1px; border-style: solid; margin: 10px;\" alt=\"\" src=\"data:image\/gif;base64,R0lGODlhAQABAAAAACH5BAEKAAEALAAAAAABAAEAAAICTAEAOw==\" data-orig-src=\"https:\/\/lh3.googleusercontent.com\/-WH-yALryVKs\/VIggXeWYoJI\/AAAAAAAAFxU\/2xb4ju3_o-I\/w400-h266-no\/untitled6.jpg\" \/><\/span><\/span><\/span><\/div>\n<\/td>\n<td>\n<div style=\"text-align: justify;\"><span style=\"color: #000000;\"><span style=\"font-family: tahoma,geneva,sans-serif;\"><span style=\"font-size: 12px;\">&nbsp;&nbsp;&nbsp;&nbsp; D\u00ebshira e saj p\u00ebr t\u2019u varrosur n\u00eb Shqip\u00ebri u realizua. Varri i saj gjendet n\u00eb varrezat e fshatit n\u00eb Sh\u00ebn Vlash, pran\u00eb Manastirit t\u00eb bukur t\u00eb Sh\u00ebn Vlashit, ku mbizot\u00ebron nj\u00eb qet\u00ebsi dhe paqe qiellore. Sh\u00ebrbesa e Varrimit u b\u00eb n\u00eb kish\u00ebn e manastirit, t\u00eb cil\u00ebn e drejtoi vet\u00eb Fortlumturia e Tij Kryepiskopi Anastas. N\u00eb t\u00eb mor\u00ebn pjes\u00eb edhe Mitropoliti I Beratit H. Ignati dhe Mitropoliti i Kor\u00e7\u00ebs H. Joani, arkimandrit\u00ebt Nikolla dhe Andon, disa prift\u00ebrinj si edhe at\u00eb Martin Ritsi, drejtor i OCMC (Qendr\u00ebs Misionare t\u00eb Krishter\u00eb Orthodhokse n\u00eb SHBA) dhe&nbsp; at\u00eb &nbsp;Patriku dhe at\u00eb Davidi po nga SHBA. Tropari i Pashk\u00ebs \u201cKrishti u Ngjall \u2026. \u201d u psal nga t\u00eb gjith\u00eb besimtar\u00ebt pjesmarr\u00ebs n\u00eb funeralin e Lynette Hoppe, duke i dh\u00ebn\u00eb nj\u00eb tjet\u00ebr ngjyr\u00eb k\u00ebsaj ndarjeje, ngjyr\u00eb g\u00ebzimi dhe shprese.<\/span><\/span><\/span><\/div>\n<\/td>\n<\/tr>\n<tr>\n<td>\n<div style=\"text-align: justify;\"><span style=\"color: #000000;\"><span style=\"font-family: tahoma,geneva,sans-serif;\"><span style=\"font-size: 12px;\">&nbsp;&nbsp;&nbsp;&nbsp; N\u00eb fund t\u00eb Sh\u00ebrbes\u00ebs s\u00eb Varrimit n\u00eb kish\u00eb, Kryepiskopi Anastas b\u00ebri p\u00ebrsh\u00ebndetjen e fundit duke p\u00ebrcjell\u00eb falenderim dhe mir\u00ebnjohje p\u00ebr Linet\u00ebn dhe familjen e saj, duke pranuar nj\u00ebkoh\u00ebsisht q\u00eb vdekja e saj ishte nj\u00eb humbje e madhe p\u00ebr Kish\u00ebn ton\u00eb. Ai nd\u00ebr t\u00eb tjera tha: \u201cLineta d\u00ebgjoi z\u00ebrin e Krishtit, besoi me zem\u00ebr dhe dha nj\u00eb d\u00ebshmi t\u00eb dashuris\u00eb s\u00eb saj p\u00ebr Krishtin. Ajo ishte n\u00eb kungim t\u00eb vazhduesh\u00ebm me Krishtin, duke iu bindur porosis\u00eb s\u00eb fundit t\u00eb Tij, duke rrezatuar nj\u00eb drit\u00eb t\u00eb fsheht\u00eb, sepse ajo pati vul\u00ebn e Shpirtit t\u00eb Shenjt\u00eb. Me fuqin\u00eb e Shpirtit ajo p\u00ebrballoi 20 muajt e s\u00ebmundjes s\u00eb saj. E kujtoj Linet\u00ebn si nj\u00eb martire, q\u00eb ishte gati t\u00eb p\u00ebrballej me martirizimin e saj n\u00eb nj\u00eb koloseum t\u00eb fsheht\u00eb. Ajo u p\u00ebrball faqe m\u00eb faqe me vdekjen p\u00ebr nj\u00eb periudh\u00eb t\u00eb gjat\u00eb kohe, s\u00eb pari me nj\u00eb besim t\u00eb fort\u00eb n\u00eb Krishtin e kryq\u00ebzuar dhe t\u00eb ngjallur, s\u00eb dyti me nj\u00eb paqe t\u00eb thell\u00eb, s\u00eb treti me nj\u00eb ndjenj\u00eb falenderimi dhe mir\u00ebnjohjeje p\u00ebr Zotin, s\u00eb kat\u00ebrti me nj\u00eb g\u00ebzim t\u00eb v\u00ebrtet\u00eb dhe s\u00eb fundi duke rrezatuar dashuri dhe duke transmetuar rreth saj m\u00eb tep\u00ebr besim, m\u00eb tep\u00ebr paqe, m\u00eb tep\u00ebr dashuri. U b\u00eb nj\u00eb magnet dashuri gj\u00eb q\u00eb u d\u00ebshmua nga ardhja e gjith\u00eb njer\u00ebze, t\u00eb cil\u00ebt u thith\u00ebn nga ky magnet. Lynette \u00ebsht\u00eb nj\u00eb martire e re dhe e fsheht\u00eb me nj\u00eb shpirt t\u00eb guximsh\u00ebm dhe fisnik. U p\u00ebrball me vdekjen duke menduar: \u201cKush do t\u00eb na ndaj\u00eb nga dashuria e Krishtit?\u201d&nbsp; Nga jeta e saj ajo d\u00ebshmoi se edhe sikur t\u00eb jetojm\u00eb edhe sikur t\u00eb vdesim, ne i p\u00ebrkasim Zotit.<\/span><\/span><\/span><\/div>\n<\/td>\n<td>\n<div style=\"text-align: center;\"><span style=\"color: #000000;\"><span style=\"font-family: tahoma,geneva,sans-serif;\"><span style=\"font-size: 12px;\"><img decoding=\"async\" class=\"lazyload HAa Eha\" style=\"border-width: 1px; border-style: solid; margin: 10px;\" alt=\"\" src=\"data:image\/gif;base64,R0lGODlhAQABAAAAACH5BAEKAAEALAAAAAABAAEAAAICTAEAOw==\" data-orig-src=\"https:\/\/lh3.googleusercontent.com\/-HSetUSIre9w\/VIggX9XifLI\/AAAAAAAAFxM\/RC0BIw7MulI\/w280-h420-no\/untitled7.jpg\" \/><\/span><\/span><\/span><\/div>\n<\/td>\n<\/tr>\n<tr>\n<td>\n<div style=\"text-align: center;\"><span style=\"color: #000000;\"><span style=\"font-family: tahoma,geneva,sans-serif;\"><span style=\"font-size: 12px;\"><img decoding=\"async\" class=\"lazyload HAa Eha\" style=\"border-width: 1px; border-style: solid; margin: 10px;\" alt=\"\" src=\"data:image\/gif;base64,R0lGODlhAQABAAAAACH5BAEKAAEALAAAAAABAAEAAAICTAEAOw==\" data-orig-src=\"https:\/\/lh4.googleusercontent.com\/-YgDZwKYapJo\/VIggYcBV1-I\/AAAAAAAAFxI\/M3O3WWPy6g0\/w400-h266-no\/untitled8.jpg\" \/><\/span><\/span><\/span><\/div>\n<\/td>\n<td>\n<div style=\"text-align: justify;\"><span style=\"color: #000000;\"><span style=\"font-family: tahoma,geneva,sans-serif;\"><span style=\"font-size: 12px;\">&nbsp;&nbsp;&nbsp; Do t\u00eb doja t\u00eb theksoja r\u00ebnd\u00ebsin\u00eb e Linet\u00ebs dhe t\u00eb familjes s\u00eb saj p\u00ebr Kish\u00ebn ton\u00eb. Thash\u00eb q\u00eb \u00ebsht\u00eb nj\u00eb humbje e madhe, por n\u00eb t\u00eb nj\u00ebjt\u00ebn koh\u00eb \u00ebsht\u00eb nj\u00eb thesar i \u00e7muar p\u00ebr t\u00eb gjith\u00eb ne. Familja Hoppe ka ardhur n\u00eb Shqip\u00ebri n\u00eb momentin kur t\u00eb gjith\u00eb ata q\u00eb thonin se e donin Shqip\u00ebrin\u00eb u larguan. Lineta dhe Natani vendos\u00ebn t\u00eb vijn\u00eb dhe t\u00eb vdesin k\u00ebtu ose m\u00eb mir\u00eb t\u00eb kalojn\u00eb nga vdekja n\u00eb jet\u00eb k\u00ebtu, t\u00eb varroset n\u00eb tok\u00ebn shqiptare si nj\u00eb simbol i p\u00ebrjetsh\u00ebm i dashuris\u00eb s\u00eb Krishtit.<\/span><\/span><\/span><\/div>\n<div style=\"text-align: justify;\">&nbsp;<\/div>\n<div style=\"text-align: justify;\"><span style=\"color: #000000;\"><span style=\"font-family: tahoma,geneva,sans-serif;\"><span style=\"font-size: 12px;\">&nbsp;&nbsp;&nbsp; I jemi mir\u00ebnjoh\u00ebs atyre dhe familjes s\u00eb tyre p\u00ebr gjith\u00e7ka. Nj\u00ebkoh\u00ebsisht dua t\u00eb shpreh falenderimet e mia n\u00eb em\u00ebr t\u00eb Kish\u00ebs Orthodhokse t\u00eb Shqip\u00ebris\u00eb babait, v\u00ebllez\u00ebrve dhe motr\u00ebs s\u00eb saj q\u00eb e rrethuan me dashuri dhe e mb\u00ebshtet\u00ebn at\u00eb n\u00eb vendimin dhe misionin e saj. Ajo tani do t\u00eb jet\u00eb nj\u00eb ambasadore n\u00eb qiell, duke u lutur p\u00ebr t\u00eb gjith\u00eb ne dhe ve\u00e7an\u00ebrisht p\u00ebr t\u00eb rinjt\u00eb q\u00eb kaq shum\u00eb i donte. Dasht\u00eb Zoti t\u00eb frym\u00ebzohen m\u00eb tep\u00ebr njer\u00ebz t\u00eb ndjekin shembullin e saj n\u00eb bindjen ndaj Krishtit. Kjo p\u00ebrsh\u00ebndetje e fundit nuk krijon nj\u00eb atmosfer\u00eb d\u00ebshp\u00ebrimi dhe trishtimi, por nj\u00eb atmosfer\u00eb shprese, sepse ne e dim\u00eb q\u00eb Lineta \u00ebsht\u00eb n\u00eb duart e Zotit, sepse ajo jetoi gjat\u00eb gjith\u00eb k\u00ebsaj kohe me nj\u00eb shpres\u00eb p\u00ebr Ngjalljen dhe Drit\u00ebn e Ngjalljes. I P\u00ebrjetsh\u00eb qoft\u00eb kujtimi i saj!\u201d.<\/span><\/span><\/span><\/div>\n<div style=\"text-align: justify;\">&nbsp;<\/div>\n<\/td>\n<\/tr>\n<tr>\n<td>\n<div style=\"text-align: justify;\"><span style=\"color: #000000;\"><span style=\"font-family: tahoma,geneva,sans-serif;\"><span style=\"font-size: 12px;\">&nbsp;&nbsp;&nbsp; P\u00ebr t\u00eb gjith\u00eb pjesmarr\u00ebsit n\u00eb k\u00ebt\u00eb sh\u00ebrbes\u00eb n\u00eb fund u shp\u00ebrnda nj\u00eb material n\u00eb dy gjuh\u00eb (anglisht dhe shqip) biografia e Lynette Hoppe dhe materiali me titull \u201cNj\u00eb d\u00ebshmi e krishter\u00eb e jet\u00ebs dhe vdekjes p\u00ebr nder t\u00eb Linet\u00ebs\u201d, nga at\u00eb Luka Veronis. Ja disa citime nga d\u00ebshmia e at\u00eb Luka Veronis p\u00ebrgatitur p\u00ebr nder t\u00eb saj:<\/span><\/span><\/span><\/div>\n<div style=\"text-align: justify;\">&nbsp;<\/div>\n<div style=\"text-align: justify;\"><span style=\"color: #000000;\"><span style=\"font-family: tahoma,geneva,sans-serif;\"><span style=\"font-size: 12px;\">&nbsp;&nbsp;&nbsp; \u201cNd\u00ebrsa shum\u00eb njer\u00ebz mund t\u00eb pyesin se p\u00ebrse nj\u00eb njeri i per\u00ebndish\u00ebm, sh\u00ebrb\u00ebtore besnike e Zotit n\u00eb kulmin e jet\u00ebs dhe n\u00eb mes t\u00eb sh\u00ebrbimit frytdh\u00ebn\u00ebs, duhej t\u00eb p\u00ebrballej me kancerin dhe me nj\u00eb vdekje n\u00eb nj\u00eb mosh\u00eb kaq t\u00eb re \u2013 dhe p\u00ebr m\u00eb tep\u00ebr me dy f\u00ebmij\u00eb t\u00eb vegj\u00ebl \u2013 Lineta tregoi se si shtegu i s\u00ebmundjes dhe madje i vdekjes, kur p\u00ebrjetohet me besim, e drejton nj\u00eb person n\u00eb nj\u00eb bashkim m\u00eb t\u00eb plot\u00eb me Zotin dhe ofron nj\u00eb d\u00ebshmi m\u00eb t\u00eb fuqishme dhe m\u00eb t\u00eb paharrueshme se sa nj\u00eb jet\u00eb e gjat\u00eb mbi dhe. Ajo me t\u00eb v\u00ebrtet\u00eb ofroi nj\u00eb d\u00ebshmi bashk\u00ebkohore q\u00eb shenjtor\u00ebt e kan\u00eb dh\u00ebn\u00eb n\u00eb bot\u00eb p\u00ebrgjat\u00eb koh\u00ebrave.<\/span><\/span><\/span><\/div>\n<\/td>\n<td>\n<div style=\"text-align: center;\"><span style=\"color: #000000;\"><span style=\"font-family: tahoma,geneva,sans-serif;\"><span style=\"font-size: 12px;\"><img decoding=\"async\" class=\"lazyload HAa Eha\" style=\"border-width: 1px; border-style: solid; margin: 10px;\" alt=\"\" src=\"data:image\/gif;base64,R0lGODlhAQABAAAAACH5BAEKAAEALAAAAAABAAEAAAICTAEAOw==\" data-orig-src=\"https:\/\/lh4.googleusercontent.com\/-uNB716sibUI\/VIggYnVKR3I\/AAAAAAAAFxQ\/TI6zcRYGHco\/w300-h450-no\/untitled9.jpg\" \/><\/span><\/span><\/span><\/div>\n<\/td>\n<\/tr>\n<\/tbody>\n<\/table>\n<div style=\"text-align: justify;\"><span style=\"color: #000000;\"><span style=\"font-family: tahoma,geneva,sans-serif;\"><span style=\"font-size: 12px;\">&nbsp;&nbsp;&nbsp; P\u00ebr mua, karakteristikat m\u00eb ndri\u00e7use q\u00eb ajo rrezatoi gjat\u00eb 20 muajve t\u00eb s\u00ebmundjes ishte fryma e g\u00ebzimit dhe mir\u00ebnjohjes. Sh\u00ebn Pavli shkruan: <em>\u201cG\u00ebzohuni gjithmon\u00eb\u2026 falenderoni n\u00eb \u00e7do rrethan\u00eb\u201d<\/em> (1Thes. 5:16,18). Kryepiskopi Anastas ka th\u00ebn\u00eb se mungesa e mir\u00ebnjohjes \u00ebsht\u00eb shenj\u00eb e dukshme e dob\u00ebsis\u00eb shpirt\u00ebrore dhe e papjekuris\u00eb. E pra nuk po e ekzagj\u00ebroj kur them se n\u00eb \u00e7do stad t\u00eb s\u00ebmundjes, dhe ve\u00e7an\u00ebrisht kur lajmet sh\u00ebndet\u00ebsore shkonin nga keq n\u00eb shum\u00eb keq, fjal\u00ebt e saj t\u00eb para q\u00eb m\u00eb thoshte ishin \u201cEdhe pse lajmi nuk \u00ebsht\u00eb aq i mir\u00eb, prap\u00eb e falenderoj Per\u00ebndin\u00eb\u2026\u201d.<\/span><\/span><\/span><\/div>\n<div style=\"text-align: justify;\">&nbsp;<\/div>\n<div style=\"text-align: justify;\"><span style=\"color: #000000;\"><span style=\"font-family: tahoma,geneva,sans-serif;\"><span style=\"font-size: 12px;\">&nbsp;&nbsp;&nbsp; Kam d\u00ebgjuar Linet\u00ebn q\u00eb t\u00eb fal\u00ebnderonte Per\u00ebndin\u00eb pak pasi zbuloi q\u00eb kishte kancer. E kam d\u00ebgjuar t\u00eb falenderonte Per\u00ebndin\u00eb pak pasi m\u00ebsoi q\u00eb kanceri ishte p\u00ebrhapur. E kam d\u00ebgjuar t\u00eb falenderonte Per\u00ebndin\u00eb pak pasi kanceri i preku kockat. Madje edhe n\u00eb dit\u00ebt e fundit t\u00eb jet\u00ebs, kur m\u00eb tregoi se kanceri i kishte prekur m\u00ebl\u00e7in\u00eb dhe doktor\u00ebt i than\u00eb se kishte vet\u00ebm disa jav\u00eb p\u00ebr t\u00eb jetuar, por s\u00ebrish ajo e falenderoi Per\u00ebndin\u00eb p\u00ebr hirin q\u00eb kishte ndjer\u00eb p\u00ebrgjat\u00eb s\u00ebmundjes, p\u00ebr dashurin\u00eb e treguar nga i shoqi Natani, p\u00ebr t\u00eb shtrenjt\u00ebt e saj Tristanin dhe Katerin\u00ebn, dhe p\u00ebr miqt\u00eb e shumt\u00eb nga e gjith\u00eb bota q\u00eb e mb\u00ebshtet\u00ebn me dashurin\u00eb dhe lutjet e tyre. Ajo falenderonte Per\u00ebndin\u00eb p\u00ebr m\u00ebsimet e jet\u00ebs q\u00eb aq shum\u00eb m\u00ebsoi nga s\u00ebmundja \u2013 m\u00ebsime p\u00ebr dashurin\u00eb e Per\u00ebndis\u00eb, p\u00ebr veten e saj, p\u00ebr marrdh\u00ebnien e saj me t\u00eb tjer\u00ebt dhe p\u00ebr shum\u00eb gj\u00ebra t\u00eb tjera. Ajo madje e falenderoi Per\u00ebndin\u00eb q\u00eb i dha fuqi dhe hir p\u00ebr t\u2019u rikthyer n\u00eb Shqip\u00ebri, n\u00eb atdheun e adoptuar, gjat\u00eb muajve t\u00eb fundit t\u00eb jet\u00ebs, duke sh\u00ebrbyer n\u00eb m\u00ebnyr\u00eb aktive n\u00eb kampin rinor t\u00eb vajzave deri n\u00eb dit\u00ebt e fundit. Q\u00eb t\u00eb jem i ndersh\u00ebm me ju, n\u00ebse nuk do t\u00eb kisha folur me Linet\u00ebn vazhdimisht dhe t\u00eb d\u00ebshmoja v\u00ebrtet\u00ebsin\u00eb e mir\u00ebnjohjes s\u00eb saj, nuk jam i sigurt n\u00ebse do ta kisha besuar se ajo ishte kaq e sinqert\u00eb.<\/span><\/span><\/span><\/div>\n<div style=\"text-align: justify;\">&nbsp;<\/div>\n<div style=\"text-align: justify;\"><span style=\"color: #000000;\"><span style=\"font-family: tahoma,geneva,sans-serif;\"><span style=\"font-size: 12px;\">&nbsp;&nbsp;&nbsp; Shum\u00eb gj\u00ebra mund t\u00eb thuhen p\u00ebr t\u00eb treguar se sa grua e talentuar ishte ajo. Shum\u00eb m\u00eb tep\u00ebr mund t\u00eb thuhen, por mendoj se bashk\u00ebshorti i saj i dashur Natani e ka p\u00ebrmbledhur at\u00eb kur shkruajti disa dit\u00eb para vdekjes s\u00eb saj: <em>\u201cNd\u00ebrsa ju shkruaj syt\u00eb e mi jan\u00eb mbushur me lot, por gjithashtu kam nj\u00eb ndjenj\u00eb t\u00eb madhe g\u00ebzimi. Xhevahiri q\u00eb kam patur privilegjin t\u00eb mbaj p\u00ebr nj\u00eb koh\u00eb t\u00eb shkurt\u00ebr po ik\u00ebn nga duart e mia, por e di se do t\u00eb mbahet nga duar shum\u00eb m\u00eb t\u00eb denja derisa t\u00eb ribashkohemi. Jam shum\u00eb i bekuar k\u00ebto dit\u00eb nga g\u00ebzimi, besimi dhe dashuria e saj. Ajo \u00ebsht\u00eb me t\u00eb v\u00ebrtet\u00eb nj\u00eb ikon\u00eb e Krishtit p\u00ebr mua\u201d.<\/em> Linet\u00eb me t\u00eb v\u00ebrtet\u00eb mund t\u00eb thuash bashk\u00eb me Apostull Pavlin: <em>\u201cLuft\u00ebn e mir\u00eb e luftova, e p\u00ebrfundova vrapimin, e ruajta besimin. Pas k\u00ebsaj m\u00eb pret gati kurora e drejt\u00ebsis\u00eb q\u00eb Per\u00ebndia, gjykat\u00ebsi i drejt\u00eb, do t\u00eb ma jap\u00eb at\u00eb dit\u00eb, dhe jo vet\u00ebm mua, por edhe gjith\u00eb atyre q\u00eb presin me dashuri t\u00eb shfaqurit e tij\u201d<\/em> (2 Tim. 4:7-8)<\/span><\/span><\/span><\/div>\n<div style=\"text-align: justify;\">&nbsp;<\/div>\n<div style=\"text-align: justify;\"><span style=\"color: #000000;\"><span style=\"font-family: tahoma,geneva,sans-serif;\"><span style=\"font-size: 12px;\">&nbsp;&nbsp;&nbsp; Pas p\u00ebrcjelljes s\u00eb saj p\u00ebr n\u00eb banes\u00ebn e fundit n\u00eb ambientet e menc\u00ebs s\u00eb Akademis\u00eb Teologjike, gjat\u00eb drek\u00ebs familjar\u00ebt e saj p\u00ebrcoll\u00ebn p\u00ebr t\u00eb gjith\u00eb pjesmarr\u00ebsit kujtimet e tyre me Linet\u00ebn si edhe fal\u00ebnderimet p\u00ebr nderimin e b\u00ebr\u00eb. Bashk\u00ebshorti i saj Natani fal\u00ebnderoi t\u00eb gjith\u00eb ata q\u00eb kishin q\u00ebndruar pran\u00eb n\u00eb udh\u00ebtimin e saj. P\u00ebrsh\u00ebndetjet p\u00ebr Linet\u00ebn p\u00ebrfunduan me<em>\u201cI p\u00ebrjetsh\u00ebm dhe i paharruar qoft\u00eb kujtimi i saj!\u201d.<\/em><\/span><\/span><\/span><\/div>\n<div style=\"text-align: justify;\">&nbsp;<\/div>\n<div style=\"text-align: justify;\"><span style=\"color: #000000;\"><span style=\"font-family: tahoma,geneva,sans-serif;\"><span style=\"font-size: 12px;\">&nbsp;<strong>Sonila Dedja<\/strong><\/span><\/span><\/span><\/div>\n","protected":false},"excerpt":{"rendered":"<p>&nbsp;&nbsp;&nbsp; U nda nga jeta n\u00eb dat\u00eb 27 gusht 2006 misionarja orthodhokse amerikane Lynette Katherine Hoppe, e cila prej 8 vjet\u00ebsh jetoi dhe punoi n\u00eb Shqip\u00ebri, n\u00eb Kish\u00ebn Orthodhokse Autoqefale t\u00eb Shqip\u00ebris\u00eb s\u00eb bashku me familjen e saj: bashk\u00ebshortin Natan dhe dy f\u00ebmij\u00ebt Tristani, lindur n\u00eb dhjetor 1997 dhe Katerina, lindur n\u00eb prill 2000. &nbsp; &nbsp;&nbsp; Lynette (Holm) Hoppe lindi n\u00eb 8 maj 1960 n\u00eb<\/p>\n","protected":false},"author":1,"featured_media":0,"comment_status":"open","ping_status":"open","sticky":false,"template":"","format":"standard","meta":{"_acf_changed":false,"pagelayer_contact_templates":[],"_pagelayer_content":"","inline_featured_image":false,"fifu_image_url":"","fifu_image_alt":"","footnotes":""},"categories":[108],"tags":[148,196,212],"class_list":["post-908","post","type-post","status-publish","format-standard","hentry","category-lajme","tag-148","tag-tirane","tag-lajme-d27"],"acf":[],"yoast_head":"<!-- This site is optimized with the Yoast SEO plugin v27.2 - https:\/\/yoast.com\/product\/yoast-seo-wordpress\/ -->\n<title>Lynette Katherine Hoppe Nj\u00eb d\u00ebshmi e krishter\u00eb e jet\u00ebs dhe vdekjes. (27 Gusht 2006) - Kisha Orthodh\u03bfkse Autoqefale e Shqip\u00ebris\u00eb<\/title>\n<meta name=\"robots\" content=\"index, follow, max-snippet:-1, max-image-preview:large, max-video-preview:-1\" \/>\n<link rel=\"canonical\" href=\"https:\/\/orthodoxalbania.org\/2020\/2006\/02\/26\/lynette-katherine-hoppe-nje-deshmi-e-krishtere-e-jetes-dhe-vdekjes-gusht-06\/\" \/>\n<meta property=\"og:locale\" content=\"en_US\" \/>\n<meta property=\"og:type\" content=\"article\" \/>\n<meta property=\"og:title\" content=\"Lynette Katherine Hoppe Nj\u00eb d\u00ebshmi e krishter\u00eb e jet\u00ebs dhe vdekjes. (27 Gusht 2006) - Kisha Orthodh\u03bfkse Autoqefale e Shqip\u00ebris\u00eb\" \/>\n<meta property=\"og:description\" content=\"&nbsp;&nbsp;&nbsp; U nda nga jeta n\u00eb dat\u00eb 27 gusht 2006 misionarja orthodhokse amerikane Lynette Katherine Hoppe, e cila prej 8 vjet\u00ebsh jetoi dhe punoi n\u00eb Shqip\u00ebri, n\u00eb Kish\u00ebn Orthodhokse Autoqefale t\u00eb Shqip\u00ebris\u00eb s\u00eb bashku me familjen e saj: bashk\u00ebshortin Natan dhe dy f\u00ebmij\u00ebt Tristani, lindur n\u00eb dhjetor 1997 dhe Katerina, lindur n\u00eb prill 2000. &nbsp; &nbsp;&nbsp; Lynette (Holm) Hoppe lindi n\u00eb 8 maj 1960 n\u00eb\" \/>\n<meta property=\"og:url\" content=\"https:\/\/orthodoxalbania.org\/2020\/2006\/02\/26\/lynette-katherine-hoppe-nje-deshmi-e-krishtere-e-jetes-dhe-vdekjes-gusht-06\/\" \/>\n<meta property=\"og:site_name\" content=\"Kisha Orthodh\u03bfkse Autoqefale e Shqip\u00ebris\u00eb\" \/>\n<meta property=\"article:publisher\" content=\"https:\/\/www.facebook.com\/koash1991\" \/>\n<meta property=\"article:published_time\" content=\"2006-02-26T00:00:00+00:00\" \/>\n<meta property=\"article:modified_time\" content=\"2020-04-06T20:36:01+00:00\" \/>\n<meta property=\"og:image\" content=\"https:\/\/lh4.googleusercontent.com\/-SisbrelIvN4\/VIggWYtYhYI\/AAAAAAAAFxg\/-s6uX6dHqjQ\/w361-h450-no\/untitled1.jpg\" \/>\n<meta name=\"author\" content=\"Kisha Orthodhokse\" \/>\n<meta name=\"twitter:card\" content=\"summary_large_image\" \/>\n<meta name=\"twitter:label1\" content=\"Written by\" \/>\n\t<meta name=\"twitter:data1\" content=\"Kisha Orthodhokse\" \/>\n\t<meta name=\"twitter:label2\" content=\"Est. reading time\" \/>\n\t<meta name=\"twitter:data2\" content=\"12 minutes\" \/>\n<script type=\"application\/ld+json\" class=\"yoast-schema-graph\">{\"@context\":\"https:\/\/schema.org\",\"@graph\":[{\"@type\":\"Article\",\"@id\":\"https:\/\/orthodoxalbania.org\/2020\/2006\/02\/26\/lynette-katherine-hoppe-nje-deshmi-e-krishtere-e-jetes-dhe-vdekjes-gusht-06\/#article\",\"isPartOf\":{\"@id\":\"https:\/\/orthodoxalbania.org\/2020\/2006\/02\/26\/lynette-katherine-hoppe-nje-deshmi-e-krishtere-e-jetes-dhe-vdekjes-gusht-06\/\"},\"author\":{\"name\":\"Kisha Orthodhokse\",\"@id\":\"https:\/\/orthodoxalbania.org\/2020\/#\/schema\/person\/0c387634a7063ac612d7ed9ce71c7e86\"},\"headline\":\"Lynette Katherine Hoppe Nj\u00eb d\u00ebshmi e krishter\u00eb e jet\u00ebs dhe vdekjes. (27 Gusht 2006)\",\"datePublished\":\"2006-02-26T00:00:00+00:00\",\"dateModified\":\"2020-04-06T20:36:01+00:00\",\"mainEntityOfPage\":{\"@id\":\"https:\/\/orthodoxalbania.org\/2020\/2006\/02\/26\/lynette-katherine-hoppe-nje-deshmi-e-krishtere-e-jetes-dhe-vdekjes-gusht-06\/\"},\"wordCount\":2467,\"commentCount\":0,\"publisher\":{\"@id\":\"https:\/\/orthodoxalbania.org\/2020\/#organization\"},\"image\":{\"@id\":\"https:\/\/orthodoxalbania.org\/2020\/2006\/02\/26\/lynette-katherine-hoppe-nje-deshmi-e-krishtere-e-jetes-dhe-vdekjes-gusht-06\/#primaryimage\"},\"thumbnailUrl\":\"https:\/\/lh4.googleusercontent.com\/-SisbrelIvN4\/VIggWYtYhYI\/AAAAAAAAFxg\/-s6uX6dHqjQ\/w361-h450-no\/untitled1.jpg\",\"keywords\":[\"2006\",\"Kryepiskopata Tiran\u00eb\",\"lajme\"],\"articleSection\":[\"Lajme\"],\"inLanguage\":\"en-US\"},{\"@type\":\"WebPage\",\"@id\":\"https:\/\/orthodoxalbania.org\/2020\/2006\/02\/26\/lynette-katherine-hoppe-nje-deshmi-e-krishtere-e-jetes-dhe-vdekjes-gusht-06\/\",\"url\":\"https:\/\/orthodoxalbania.org\/2020\/2006\/02\/26\/lynette-katherine-hoppe-nje-deshmi-e-krishtere-e-jetes-dhe-vdekjes-gusht-06\/\",\"name\":\"Lynette Katherine Hoppe Nj\u00eb d\u00ebshmi e krishter\u00eb e jet\u00ebs dhe vdekjes. (27 Gusht 2006) - Kisha Orthodh\u03bfkse Autoqefale e Shqip\u00ebris\u00eb\",\"isPartOf\":{\"@id\":\"https:\/\/orthodoxalbania.org\/2020\/#website\"},\"primaryImageOfPage\":{\"@id\":\"https:\/\/orthodoxalbania.org\/2020\/2006\/02\/26\/lynette-katherine-hoppe-nje-deshmi-e-krishtere-e-jetes-dhe-vdekjes-gusht-06\/#primaryimage\"},\"image\":{\"@id\":\"https:\/\/orthodoxalbania.org\/2020\/2006\/02\/26\/lynette-katherine-hoppe-nje-deshmi-e-krishtere-e-jetes-dhe-vdekjes-gusht-06\/#primaryimage\"},\"thumbnailUrl\":\"https:\/\/lh4.googleusercontent.com\/-SisbrelIvN4\/VIggWYtYhYI\/AAAAAAAAFxg\/-s6uX6dHqjQ\/w361-h450-no\/untitled1.jpg\",\"datePublished\":\"2006-02-26T00:00:00+00:00\",\"dateModified\":\"2020-04-06T20:36:01+00:00\",\"breadcrumb\":{\"@id\":\"https:\/\/orthodoxalbania.org\/2020\/2006\/02\/26\/lynette-katherine-hoppe-nje-deshmi-e-krishtere-e-jetes-dhe-vdekjes-gusht-06\/#breadcrumb\"},\"inLanguage\":\"en-US\",\"potentialAction\":[{\"@type\":\"ReadAction\",\"target\":[\"https:\/\/orthodoxalbania.org\/2020\/2006\/02\/26\/lynette-katherine-hoppe-nje-deshmi-e-krishtere-e-jetes-dhe-vdekjes-gusht-06\/\"]}]},{\"@type\":\"ImageObject\",\"inLanguage\":\"en-US\",\"@id\":\"https:\/\/orthodoxalbania.org\/2020\/2006\/02\/26\/lynette-katherine-hoppe-nje-deshmi-e-krishtere-e-jetes-dhe-vdekjes-gusht-06\/#primaryimage\",\"url\":\"https:\/\/lh4.googleusercontent.com\/-SisbrelIvN4\/VIggWYtYhYI\/AAAAAAAAFxg\/-s6uX6dHqjQ\/w361-h450-no\/untitled1.jpg\",\"contentUrl\":\"https:\/\/lh4.googleusercontent.com\/-SisbrelIvN4\/VIggWYtYhYI\/AAAAAAAAFxg\/-s6uX6dHqjQ\/w361-h450-no\/untitled1.jpg\"},{\"@type\":\"BreadcrumbList\",\"@id\":\"https:\/\/orthodoxalbania.org\/2020\/2006\/02\/26\/lynette-katherine-hoppe-nje-deshmi-e-krishtere-e-jetes-dhe-vdekjes-gusht-06\/#breadcrumb\",\"itemListElement\":[{\"@type\":\"ListItem\",\"position\":1,\"name\":\"Home\",\"item\":\"https:\/\/orthodoxalbania.org\/2020\/\"},{\"@type\":\"ListItem\",\"position\":2,\"name\":\"Lynette Katherine Hoppe Nj\u00eb d\u00ebshmi e krishter\u00eb e jet\u00ebs dhe vdekjes. (27 Gusht 2006)\"}]},{\"@type\":\"WebSite\",\"@id\":\"https:\/\/orthodoxalbania.org\/2020\/#website\",\"url\":\"https:\/\/orthodoxalbania.org\/2020\/\",\"name\":\"Kisha Orthodh\u03bfkse Autoqefale e Shqip\u00ebris\u00eb\",\"description\":\"Fqja Zyrtare e Kish\u00ebs Orthodhokse Autoqefale e Shqip\u00ebris\u00eb me lajmet edhe informacionet zyrtare p\u00ebr struktur\u00ebn edhe veprimtarin e saj.\",\"publisher\":{\"@id\":\"https:\/\/orthodoxalbania.org\/2020\/#organization\"},\"potentialAction\":[{\"@type\":\"SearchAction\",\"target\":{\"@type\":\"EntryPoint\",\"urlTemplate\":\"https:\/\/orthodoxalbania.org\/2020\/?s={search_term_string}\"},\"query-input\":{\"@type\":\"PropertyValueSpecification\",\"valueRequired\":true,\"valueName\":\"search_term_string\"}}],\"inLanguage\":\"en-US\"},{\"@type\":\"Organization\",\"@id\":\"https:\/\/orthodoxalbania.org\/2020\/#organization\",\"name\":\"Kisha Orthodhokse Autoqefale e Shqip\u00ebris\u00eb\",\"url\":\"https:\/\/orthodoxalbania.org\/2020\/\",\"logo\":{\"@type\":\"ImageObject\",\"inLanguage\":\"en-US\",\"@id\":\"https:\/\/orthodoxalbania.org\/2020\/#\/schema\/logo\/image\/\",\"url\":\"https:\/\/orthodoxalbania.org\/2020\/wp-content\/uploads\/2020\/05\/albania.jpeg\",\"contentUrl\":\"https:\/\/orthodoxalbania.org\/2020\/wp-content\/uploads\/2020\/05\/albania.jpeg\",\"width\":540,\"height\":540,\"caption\":\"Kisha Orthodhokse Autoqefale e Shqip\u00ebris\u00eb\"},\"image\":{\"@id\":\"https:\/\/orthodoxalbania.org\/2020\/#\/schema\/logo\/image\/\"},\"sameAs\":[\"https:\/\/www.facebook.com\/koash1991\"]},{\"@type\":\"Person\",\"@id\":\"https:\/\/orthodoxalbania.org\/2020\/#\/schema\/person\/0c387634a7063ac612d7ed9ce71c7e86\",\"name\":\"Kisha Orthodhokse\",\"image\":{\"@type\":\"ImageObject\",\"inLanguage\":\"en-US\",\"@id\":\"https:\/\/secure.gravatar.com\/avatar\/596e7c417251e30f2fbb9c00e026fce61a695a00e51c889caded71c96cbbdde5?s=96&d=mm&r=g\",\"url\":\"https:\/\/secure.gravatar.com\/avatar\/596e7c417251e30f2fbb9c00e026fce61a695a00e51c889caded71c96cbbdde5?s=96&d=mm&r=g\",\"contentUrl\":\"https:\/\/secure.gravatar.com\/avatar\/596e7c417251e30f2fbb9c00e026fce61a695a00e51c889caded71c96cbbdde5?s=96&d=mm&r=g\",\"caption\":\"Kisha Orthodhokse\"}}]}<\/script>\n<!-- \/ Yoast SEO plugin. -->","yoast_head_json":{"title":"Lynette Katherine Hoppe Nj\u00eb d\u00ebshmi e krishter\u00eb e jet\u00ebs dhe vdekjes. (27 Gusht 2006) - Kisha Orthodh\u03bfkse Autoqefale e Shqip\u00ebris\u00eb","robots":{"index":"index","follow":"follow","max-snippet":"max-snippet:-1","max-image-preview":"max-image-preview:large","max-video-preview":"max-video-preview:-1"},"canonical":"https:\/\/orthodoxalbania.org\/2020\/2006\/02\/26\/lynette-katherine-hoppe-nje-deshmi-e-krishtere-e-jetes-dhe-vdekjes-gusht-06\/","og_locale":"en_US","og_type":"article","og_title":"Lynette Katherine Hoppe Nj\u00eb d\u00ebshmi e krishter\u00eb e jet\u00ebs dhe vdekjes. (27 Gusht 2006) - Kisha Orthodh\u03bfkse Autoqefale e Shqip\u00ebris\u00eb","og_description":"&nbsp;&nbsp;&nbsp; U nda nga jeta n\u00eb dat\u00eb 27 gusht 2006 misionarja orthodhokse amerikane Lynette Katherine Hoppe, e cila prej 8 vjet\u00ebsh jetoi dhe punoi n\u00eb Shqip\u00ebri, n\u00eb Kish\u00ebn Orthodhokse Autoqefale t\u00eb Shqip\u00ebris\u00eb s\u00eb bashku me familjen e saj: bashk\u00ebshortin Natan dhe dy f\u00ebmij\u00ebt Tristani, lindur n\u00eb dhjetor 1997 dhe Katerina, lindur n\u00eb prill 2000. &nbsp; &nbsp;&nbsp; Lynette (Holm) Hoppe lindi n\u00eb 8 maj 1960 n\u00eb","og_url":"https:\/\/orthodoxalbania.org\/2020\/2006\/02\/26\/lynette-katherine-hoppe-nje-deshmi-e-krishtere-e-jetes-dhe-vdekjes-gusht-06\/","og_site_name":"Kisha Orthodh\u03bfkse Autoqefale e Shqip\u00ebris\u00eb","article_publisher":"https:\/\/www.facebook.com\/koash1991","article_published_time":"2006-02-26T00:00:00+00:00","article_modified_time":"2020-04-06T20:36:01+00:00","og_image":[{"url":"https:\/\/lh4.googleusercontent.com\/-SisbrelIvN4\/VIggWYtYhYI\/AAAAAAAAFxg\/-s6uX6dHqjQ\/w361-h450-no\/untitled1.jpg","type":"","width":"","height":""}],"author":"Kisha Orthodhokse","twitter_card":"summary_large_image","twitter_misc":{"Written by":"Kisha Orthodhokse","Est. reading time":"12 minutes"},"schema":{"@context":"https:\/\/schema.org","@graph":[{"@type":"Article","@id":"https:\/\/orthodoxalbania.org\/2020\/2006\/02\/26\/lynette-katherine-hoppe-nje-deshmi-e-krishtere-e-jetes-dhe-vdekjes-gusht-06\/#article","isPartOf":{"@id":"https:\/\/orthodoxalbania.org\/2020\/2006\/02\/26\/lynette-katherine-hoppe-nje-deshmi-e-krishtere-e-jetes-dhe-vdekjes-gusht-06\/"},"author":{"name":"Kisha Orthodhokse","@id":"https:\/\/orthodoxalbania.org\/2020\/#\/schema\/person\/0c387634a7063ac612d7ed9ce71c7e86"},"headline":"Lynette Katherine Hoppe Nj\u00eb d\u00ebshmi e krishter\u00eb e jet\u00ebs dhe vdekjes. (27 Gusht 2006)","datePublished":"2006-02-26T00:00:00+00:00","dateModified":"2020-04-06T20:36:01+00:00","mainEntityOfPage":{"@id":"https:\/\/orthodoxalbania.org\/2020\/2006\/02\/26\/lynette-katherine-hoppe-nje-deshmi-e-krishtere-e-jetes-dhe-vdekjes-gusht-06\/"},"wordCount":2467,"commentCount":0,"publisher":{"@id":"https:\/\/orthodoxalbania.org\/2020\/#organization"},"image":{"@id":"https:\/\/orthodoxalbania.org\/2020\/2006\/02\/26\/lynette-katherine-hoppe-nje-deshmi-e-krishtere-e-jetes-dhe-vdekjes-gusht-06\/#primaryimage"},"thumbnailUrl":"https:\/\/lh4.googleusercontent.com\/-SisbrelIvN4\/VIggWYtYhYI\/AAAAAAAAFxg\/-s6uX6dHqjQ\/w361-h450-no\/untitled1.jpg","keywords":["2006","Kryepiskopata Tiran\u00eb","lajme"],"articleSection":["Lajme"],"inLanguage":"en-US"},{"@type":"WebPage","@id":"https:\/\/orthodoxalbania.org\/2020\/2006\/02\/26\/lynette-katherine-hoppe-nje-deshmi-e-krishtere-e-jetes-dhe-vdekjes-gusht-06\/","url":"https:\/\/orthodoxalbania.org\/2020\/2006\/02\/26\/lynette-katherine-hoppe-nje-deshmi-e-krishtere-e-jetes-dhe-vdekjes-gusht-06\/","name":"Lynette Katherine Hoppe Nj\u00eb d\u00ebshmi e krishter\u00eb e jet\u00ebs dhe vdekjes. (27 Gusht 2006) - Kisha Orthodh\u03bfkse Autoqefale e Shqip\u00ebris\u00eb","isPartOf":{"@id":"https:\/\/orthodoxalbania.org\/2020\/#website"},"primaryImageOfPage":{"@id":"https:\/\/orthodoxalbania.org\/2020\/2006\/02\/26\/lynette-katherine-hoppe-nje-deshmi-e-krishtere-e-jetes-dhe-vdekjes-gusht-06\/#primaryimage"},"image":{"@id":"https:\/\/orthodoxalbania.org\/2020\/2006\/02\/26\/lynette-katherine-hoppe-nje-deshmi-e-krishtere-e-jetes-dhe-vdekjes-gusht-06\/#primaryimage"},"thumbnailUrl":"https:\/\/lh4.googleusercontent.com\/-SisbrelIvN4\/VIggWYtYhYI\/AAAAAAAAFxg\/-s6uX6dHqjQ\/w361-h450-no\/untitled1.jpg","datePublished":"2006-02-26T00:00:00+00:00","dateModified":"2020-04-06T20:36:01+00:00","breadcrumb":{"@id":"https:\/\/orthodoxalbania.org\/2020\/2006\/02\/26\/lynette-katherine-hoppe-nje-deshmi-e-krishtere-e-jetes-dhe-vdekjes-gusht-06\/#breadcrumb"},"inLanguage":"en-US","potentialAction":[{"@type":"ReadAction","target":["https:\/\/orthodoxalbania.org\/2020\/2006\/02\/26\/lynette-katherine-hoppe-nje-deshmi-e-krishtere-e-jetes-dhe-vdekjes-gusht-06\/"]}]},{"@type":"ImageObject","inLanguage":"en-US","@id":"https:\/\/orthodoxalbania.org\/2020\/2006\/02\/26\/lynette-katherine-hoppe-nje-deshmi-e-krishtere-e-jetes-dhe-vdekjes-gusht-06\/#primaryimage","url":"https:\/\/lh4.googleusercontent.com\/-SisbrelIvN4\/VIggWYtYhYI\/AAAAAAAAFxg\/-s6uX6dHqjQ\/w361-h450-no\/untitled1.jpg","contentUrl":"https:\/\/lh4.googleusercontent.com\/-SisbrelIvN4\/VIggWYtYhYI\/AAAAAAAAFxg\/-s6uX6dHqjQ\/w361-h450-no\/untitled1.jpg"},{"@type":"BreadcrumbList","@id":"https:\/\/orthodoxalbania.org\/2020\/2006\/02\/26\/lynette-katherine-hoppe-nje-deshmi-e-krishtere-e-jetes-dhe-vdekjes-gusht-06\/#breadcrumb","itemListElement":[{"@type":"ListItem","position":1,"name":"Home","item":"https:\/\/orthodoxalbania.org\/2020\/"},{"@type":"ListItem","position":2,"name":"Lynette Katherine Hoppe Nj\u00eb d\u00ebshmi e krishter\u00eb e jet\u00ebs dhe vdekjes. (27 Gusht 2006)"}]},{"@type":"WebSite","@id":"https:\/\/orthodoxalbania.org\/2020\/#website","url":"https:\/\/orthodoxalbania.org\/2020\/","name":"Kisha Orthodh\u03bfkse Autoqefale e Shqip\u00ebris\u00eb","description":"Fqja Zyrtare e Kish\u00ebs Orthodhokse Autoqefale e Shqip\u00ebris\u00eb me lajmet edhe informacionet zyrtare p\u00ebr struktur\u00ebn edhe veprimtarin e saj.","publisher":{"@id":"https:\/\/orthodoxalbania.org\/2020\/#organization"},"potentialAction":[{"@type":"SearchAction","target":{"@type":"EntryPoint","urlTemplate":"https:\/\/orthodoxalbania.org\/2020\/?s={search_term_string}"},"query-input":{"@type":"PropertyValueSpecification","valueRequired":true,"valueName":"search_term_string"}}],"inLanguage":"en-US"},{"@type":"Organization","@id":"https:\/\/orthodoxalbania.org\/2020\/#organization","name":"Kisha Orthodhokse Autoqefale e Shqip\u00ebris\u00eb","url":"https:\/\/orthodoxalbania.org\/2020\/","logo":{"@type":"ImageObject","inLanguage":"en-US","@id":"https:\/\/orthodoxalbania.org\/2020\/#\/schema\/logo\/image\/","url":"https:\/\/orthodoxalbania.org\/2020\/wp-content\/uploads\/2020\/05\/albania.jpeg","contentUrl":"https:\/\/orthodoxalbania.org\/2020\/wp-content\/uploads\/2020\/05\/albania.jpeg","width":540,"height":540,"caption":"Kisha Orthodhokse Autoqefale e Shqip\u00ebris\u00eb"},"image":{"@id":"https:\/\/orthodoxalbania.org\/2020\/#\/schema\/logo\/image\/"},"sameAs":["https:\/\/www.facebook.com\/koash1991"]},{"@type":"Person","@id":"https:\/\/orthodoxalbania.org\/2020\/#\/schema\/person\/0c387634a7063ac612d7ed9ce71c7e86","name":"Kisha Orthodhokse","image":{"@type":"ImageObject","inLanguage":"en-US","@id":"https:\/\/secure.gravatar.com\/avatar\/596e7c417251e30f2fbb9c00e026fce61a695a00e51c889caded71c96cbbdde5?s=96&d=mm&r=g","url":"https:\/\/secure.gravatar.com\/avatar\/596e7c417251e30f2fbb9c00e026fce61a695a00e51c889caded71c96cbbdde5?s=96&d=mm&r=g","contentUrl":"https:\/\/secure.gravatar.com\/avatar\/596e7c417251e30f2fbb9c00e026fce61a695a00e51c889caded71c96cbbdde5?s=96&d=mm&r=g","caption":"Kisha Orthodhokse"}}]}},"_links":{"self":[{"href":"https:\/\/orthodoxalbania.org\/2020\/wp-json\/wp\/v2\/posts\/908","targetHints":{"allow":["GET"]}}],"collection":[{"href":"https:\/\/orthodoxalbania.org\/2020\/wp-json\/wp\/v2\/posts"}],"about":[{"href":"https:\/\/orthodoxalbania.org\/2020\/wp-json\/wp\/v2\/types\/post"}],"author":[{"embeddable":true,"href":"https:\/\/orthodoxalbania.org\/2020\/wp-json\/wp\/v2\/users\/1"}],"replies":[{"embeddable":true,"href":"https:\/\/orthodoxalbania.org\/2020\/wp-json\/wp\/v2\/comments?post=908"}],"version-history":[{"count":1,"href":"https:\/\/orthodoxalbania.org\/2020\/wp-json\/wp\/v2\/posts\/908\/revisions"}],"predecessor-version":[{"id":15825,"href":"https:\/\/orthodoxalbania.org\/2020\/wp-json\/wp\/v2\/posts\/908\/revisions\/15825"}],"wp:attachment":[{"href":"https:\/\/orthodoxalbania.org\/2020\/wp-json\/wp\/v2\/media?parent=908"}],"wp:term":[{"taxonomy":"category","embeddable":true,"href":"https:\/\/orthodoxalbania.org\/2020\/wp-json\/wp\/v2\/categories?post=908"},{"taxonomy":"post_tag","embeddable":true,"href":"https:\/\/orthodoxalbania.org\/2020\/wp-json\/wp\/v2\/tags?post=908"}],"curies":[{"name":"wp","href":"https:\/\/api.w.org\/{rel}","templated":true}]}}