{"id":906,"date":"2013-03-21T11:56:32","date_gmt":"2013-03-21T11:56:32","guid":{"rendered":""},"modified":"2020-04-06T22:06:05","modified_gmt":"2020-04-06T20:06:05","slug":"libri-lutja-pervoje-e-perjetesise-i-arkimandrit-sofron-saharov","status":"publish","type":"post","link":"https:\/\/orthodoxalbania.org\/2020\/2013\/03\/21\/libri-lutja-pervoje-e-perjetesise-i-arkimandrit-sofron-saharov\/","title":{"rendered":"Libri \u201cLutja, p\u00ebrvoj\u00eb e p\u00ebrjet\u00ebsis\u00eb\u201d i arkimandrit Sofron Saharov. (Maj 2012)"},"content":{"rendered":"<p>\n\t<span style=\"color:#000000;\"><img class=\"lazyload\" decoding=\"async\" alt=\"\" src=\"data:image\/gif;base64,R0lGODlhAQABAAAAACH5BAEKAAEALAAAAAABAAEAAAICTAEAOw==\" data-orig-src=\"https:\/\/lh5.googleusercontent.com\/-R3tprUV02CI\/T7y0RJeMZfI\/AAAAAAAAAGI\/CCFVrEw9BrA\/s424\/lutja%20kopertina%20per%20shtyp%203%20maj_600x4242.jpg\" style=\"border-width: 1px; border-style: solid; margin: 10px; float: left; width: 200px; height: 270px;\" \/><\/span><\/p>\n<div style=\"text-align: justify;\">\n\t<span style=\"color:#000000;\"><span style=\"font-family: tahoma,geneva,sans-serif;\"><span style=\"font-size: 12px;\">&nbsp;&nbsp; Doli n\u00eb qarkullim libri \u201cLutja, p\u00ebrvoj\u00eb e p\u00ebrjet\u00ebsis\u00eb\u201d i arkimandrit Sofron Saharov (1896-1993), p\u00ebrkthyer nga fr\u00ebngjishtja nga Eleni Pani. Libri i jep p\u00ebrgjigje pyetjes \u201cCili \u00ebsht\u00eb kuptimi i jet\u00ebs\u201d dhe si t\u00eb b\u00ebhesh \u201cperson\u201d.<\/span><\/span><\/span><\/div>\n<div style=\"text-align: justify;\">\n\t<br \/>\n\t<span style=\"color:#000000;\"><span style=\"font-family: tahoma,geneva,sans-serif;\"><span style=\"font-size: 12px;\">&nbsp; &nbsp; Q\u00eb t\u00eb b\u00ebhesh \u201cperson\u201d, do t\u00eb thot\u00eb t\u00eb bashkohesh dhe t\u2019i ngjasosh Krishtit, t\u00eb b\u00ebhesh&nbsp; mbajt\u00ebs edhe i plot\u00ebsis\u00eb hyjnore, edhe i mbar\u00eb njer\u00ebzimit, me vuajtjet dhe g\u00ebzimet e tij. Por si t\u00eb hysh pra, n\u00eb dashurin\u00eb e Per\u00ebndis\u00eb, n\u00eb Drit\u00ebn e Tij q\u00eb na u zbulua n\u00eb malin Thavor? P\u00ebrmes p\u00ebrul\u00ebsis\u00eb, shnd\u00ebrrimit t\u00eb pand\u00ebrprer\u00eb t\u00eb t\u00eb gjith\u00eb qenies, trupit, shpirtit dhe mendjes.<\/span><\/span><\/span><\/div>\n<div style=\"text-align: justify;\">\n\t<br \/>\n\t<span style=\"color:#000000;\"><span style=\"font-family: tahoma,geneva,sans-serif;\"><span style=\"font-size: 12px;\">&nbsp; &nbsp; Si \u201carti i arteve\u201d, lutja \u00ebsht\u00eb \u00e7el\u00ebsi i k\u00ebsaj metamorfoze t\u00eb brendshme. Si dhunti e jet\u00ebs s\u00eb bollshme t\u00eb Shpirtit t\u00eb Shenjt\u00eb, ajo e restauron ikon\u00ebn e Per\u00ebndis\u00eb te ne. Lutja ball\u00eb p\u00ebr ball\u00eb Qenies s\u00eb p\u00ebrjetshme, \u00ebsht\u00eb burimi i at\u00ebsis\u00eb shpirt\u00ebrore dhe i teologjis\u00eb s\u00eb v\u00ebrtet\u00eb, \u00ebsht\u00eb njohje q\u00eb t\u00eb kungon me Per\u00ebndin\u00eb. Por, \u201csi krijim q\u00eb gufon gjithmon\u00eb\u201d, lutja \u00ebsht\u00eb edhe udh\u00eb e kryqit, betej\u00eb pa fund n\u00eb zem\u00ebr mes Drit\u00ebs hyjnore dhe err\u00ebsirave t\u00eb njeriut t\u00eb vjet\u00ebr, fuqia \u00e7liruese e Krishtit nga pushteti skllav\u00ebrues i pasioneve.<\/span><\/span><\/span><\/div>\n<div style=\"text-align: justify;\">\n\t<br \/>\n\t<span style=\"color:#000000;\"><span style=\"font-family: tahoma,geneva,sans-serif;\"><span style=\"font-size: 12px;\">&nbsp; &nbsp; P\u00ebr k\u00ebt\u00eb \u201cudh\u00eb t\u00eb ngusht\u00eb\u201d n\u00eb kufijt\u00eb e t\u00eb dukshmes dhe t\u00eb padukshmes, mes r\u00ebnieve dhe ngritjeve, d\u00ebshp\u00ebrimit dhe g\u00ebzimit paskal, na flet at\u00eb Sofroni. Jo nga jasht\u00eb, duke u nisur nga dija livreske, por nga brenda, nga p\u00ebrvoja e tij vetjake si murg, eremit, prift, rr\u00ebfyes, at\u00eb shpirt\u00ebror i shum\u00eb manastireve n\u00eb Malin Athos q\u00eb prej vitit 1925, dhe m\u00eb pas n\u00eb Evrop\u00eb (1947&#8230;). Kjo p\u00ebrvoj\u00eb, duke qen\u00eb pjes\u00eb e tradit\u00ebs s\u00eb Et\u00ebrve asket\u00eb t\u00eb Kish\u00ebs dhe t\u00eb m\u00ebsuesit t\u00eb tij, starec Siluanit (1866-1938), u jep shkrimeve t\u00eb tij fjal\u00eb \u201cjete dhe fryme\u201d.<\/span><\/span><\/span><\/p>\n<p>\t&nbsp;<\/p><\/div>\n","protected":false},"excerpt":{"rendered":"<p>&nbsp;&nbsp; Doli n\u00eb qarkullim libri \u201cLutja, p\u00ebrvoj\u00eb e p\u00ebrjet\u00ebsis\u00eb\u201d i arkimandrit Sofron Saharov (1896-1993), p\u00ebrkthyer nga fr\u00ebngjishtja nga Eleni Pani. Libri i jep p\u00ebrgjigje pyetjes \u201cCili \u00ebsht\u00eb kuptimi i jet\u00ebs\u201d dhe si t\u00eb b\u00ebhesh \u201cperson\u201d. &nbsp; &nbsp; Q\u00eb t\u00eb b\u00ebhesh \u201cperson\u201d, do t\u00eb thot\u00eb t\u00eb bashkohesh dhe t\u2019i ngjasosh Krishtit, t\u00eb b\u00ebhesh&nbsp; mbajt\u00ebs edhe i plot\u00ebsis\u00eb hyjnore, edhe i mbar\u00eb njer\u00ebzimit, me vuajtjet dhe g\u00ebzimet<\/p>\n","protected":false},"author":1,"featured_media":0,"comment_status":"open","ping_status":"open","sticky":false,"template":"","format":"standard","meta":{"_acf_changed":false,"pagelayer_contact_templates":[],"_pagelayer_content":"","inline_featured_image":false,"fifu_image_url":"","fifu_image_alt":"","footnotes":""},"categories":[108],"tags":[142,196,212,607],"class_list":["post-906","post","type-post","status-publish","format-standard","hentry","category-lajme","tag-142","tag-tirane","tag-lajme-d27","tag-promovimepublikime"],"acf":[],"yoast_head":"<!-- This site is optimized with the Yoast SEO plugin v27.2 - https:\/\/yoast.com\/product\/yoast-seo-wordpress\/ -->\n<title>Libri \u201cLutja, p\u00ebrvoj\u00eb e p\u00ebrjet\u00ebsis\u00eb\u201d i arkimandrit Sofron Saharov. (Maj 2012) - Kisha Orthodh\u03bfkse Autoqefale e Shqip\u00ebris\u00eb<\/title>\n<meta name=\"robots\" content=\"index, follow, max-snippet:-1, max-image-preview:large, max-video-preview:-1\" \/>\n<link rel=\"canonical\" href=\"https:\/\/orthodoxalbania.org\/2020\/2013\/03\/21\/libri-lutja-pervoje-e-perjetesise-i-arkimandrit-sofron-saharov\/\" \/>\n<meta property=\"og:locale\" content=\"en_US\" \/>\n<meta property=\"og:type\" content=\"article\" \/>\n<meta property=\"og:title\" content=\"Libri \u201cLutja, p\u00ebrvoj\u00eb e p\u00ebrjet\u00ebsis\u00eb\u201d i arkimandrit Sofron Saharov. (Maj 2012) - Kisha Orthodh\u03bfkse Autoqefale e Shqip\u00ebris\u00eb\" \/>\n<meta property=\"og:description\" content=\"&nbsp;&nbsp; Doli n\u00eb qarkullim libri \u201cLutja, p\u00ebrvoj\u00eb e p\u00ebrjet\u00ebsis\u00eb\u201d i arkimandrit Sofron Saharov (1896-1993), p\u00ebrkthyer nga fr\u00ebngjishtja nga Eleni Pani. Libri i jep p\u00ebrgjigje pyetjes \u201cCili \u00ebsht\u00eb kuptimi i jet\u00ebs\u201d dhe si t\u00eb b\u00ebhesh \u201cperson\u201d. &nbsp; &nbsp; Q\u00eb t\u00eb b\u00ebhesh \u201cperson\u201d, do t\u00eb thot\u00eb t\u00eb bashkohesh dhe t\u2019i ngjasosh Krishtit, t\u00eb b\u00ebhesh&nbsp; mbajt\u00ebs edhe i plot\u00ebsis\u00eb hyjnore, edhe i mbar\u00eb njer\u00ebzimit, me vuajtjet dhe g\u00ebzimet\" \/>\n<meta property=\"og:url\" content=\"https:\/\/orthodoxalbania.org\/2020\/2013\/03\/21\/libri-lutja-pervoje-e-perjetesise-i-arkimandrit-sofron-saharov\/\" \/>\n<meta property=\"og:site_name\" content=\"Kisha Orthodh\u03bfkse Autoqefale e Shqip\u00ebris\u00eb\" \/>\n<meta property=\"article:publisher\" content=\"https:\/\/www.facebook.com\/koash1991\" \/>\n<meta property=\"article:published_time\" content=\"2013-03-21T11:56:32+00:00\" \/>\n<meta property=\"article:modified_time\" content=\"2020-04-06T20:06:05+00:00\" \/>\n<meta property=\"og:image\" content=\"https:\/\/lh5.googleusercontent.com\/-R3tprUV02CI\/T7y0RJeMZfI\/AAAAAAAAAGI\/CCFVrEw9BrA\/s424\/lutja%20kopertina%20per%20shtyp%203%20maj_600x4242.jpg\" \/>\n<meta name=\"author\" content=\"Kisha Orthodhokse\" \/>\n<meta name=\"twitter:card\" content=\"summary_large_image\" \/>\n<meta name=\"twitter:label1\" content=\"Written by\" \/>\n\t<meta name=\"twitter:data1\" content=\"Kisha Orthodhokse\" \/>\n\t<meta name=\"twitter:label2\" content=\"Est. reading time\" \/>\n\t<meta name=\"twitter:data2\" content=\"2 minutes\" \/>\n<script type=\"application\/ld+json\" class=\"yoast-schema-graph\">{\"@context\":\"https:\/\/schema.org\",\"@graph\":[{\"@type\":\"Article\",\"@id\":\"https:\/\/orthodoxalbania.org\/2020\/2013\/03\/21\/libri-lutja-pervoje-e-perjetesise-i-arkimandrit-sofron-saharov\/#article\",\"isPartOf\":{\"@id\":\"https:\/\/orthodoxalbania.org\/2020\/2013\/03\/21\/libri-lutja-pervoje-e-perjetesise-i-arkimandrit-sofron-saharov\/\"},\"author\":{\"name\":\"Kisha Orthodhokse\",\"@id\":\"https:\/\/orthodoxalbania.org\/2020\/#\/schema\/person\/0c387634a7063ac612d7ed9ce71c7e86\"},\"headline\":\"Libri \u201cLutja, p\u00ebrvoj\u00eb e p\u00ebrjet\u00ebsis\u00eb\u201d i arkimandrit Sofron Saharov. (Maj 2012)\",\"datePublished\":\"2013-03-21T11:56:32+00:00\",\"dateModified\":\"2020-04-06T20:06:05+00:00\",\"mainEntityOfPage\":{\"@id\":\"https:\/\/orthodoxalbania.org\/2020\/2013\/03\/21\/libri-lutja-pervoje-e-perjetesise-i-arkimandrit-sofron-saharov\/\"},\"wordCount\":353,\"commentCount\":0,\"publisher\":{\"@id\":\"https:\/\/orthodoxalbania.org\/2020\/#organization\"},\"image\":{\"@id\":\"https:\/\/orthodoxalbania.org\/2020\/2013\/03\/21\/libri-lutja-pervoje-e-perjetesise-i-arkimandrit-sofron-saharov\/#primaryimage\"},\"thumbnailUrl\":\"https:\/\/lh5.googleusercontent.com\/-R3tprUV02CI\/T7y0RJeMZfI\/AAAAAAAAAGI\/CCFVrEw9BrA\/s424\/lutja%20kopertina%20per%20shtyp%203%20maj_600x4242.jpg\",\"keywords\":[\"2012\",\"Kryepiskopata Tiran\u00eb\",\"lajme\",\"PromovimePublikime\"],\"articleSection\":[\"Lajme\"],\"inLanguage\":\"en-US\"},{\"@type\":\"WebPage\",\"@id\":\"https:\/\/orthodoxalbania.org\/2020\/2013\/03\/21\/libri-lutja-pervoje-e-perjetesise-i-arkimandrit-sofron-saharov\/\",\"url\":\"https:\/\/orthodoxalbania.org\/2020\/2013\/03\/21\/libri-lutja-pervoje-e-perjetesise-i-arkimandrit-sofron-saharov\/\",\"name\":\"Libri \u201cLutja, p\u00ebrvoj\u00eb e p\u00ebrjet\u00ebsis\u00eb\u201d i arkimandrit Sofron Saharov. (Maj 2012) - Kisha Orthodh\u03bfkse Autoqefale e Shqip\u00ebris\u00eb\",\"isPartOf\":{\"@id\":\"https:\/\/orthodoxalbania.org\/2020\/#website\"},\"primaryImageOfPage\":{\"@id\":\"https:\/\/orthodoxalbania.org\/2020\/2013\/03\/21\/libri-lutja-pervoje-e-perjetesise-i-arkimandrit-sofron-saharov\/#primaryimage\"},\"image\":{\"@id\":\"https:\/\/orthodoxalbania.org\/2020\/2013\/03\/21\/libri-lutja-pervoje-e-perjetesise-i-arkimandrit-sofron-saharov\/#primaryimage\"},\"thumbnailUrl\":\"https:\/\/lh5.googleusercontent.com\/-R3tprUV02CI\/T7y0RJeMZfI\/AAAAAAAAAGI\/CCFVrEw9BrA\/s424\/lutja%20kopertina%20per%20shtyp%203%20maj_600x4242.jpg\",\"datePublished\":\"2013-03-21T11:56:32+00:00\",\"dateModified\":\"2020-04-06T20:06:05+00:00\",\"breadcrumb\":{\"@id\":\"https:\/\/orthodoxalbania.org\/2020\/2013\/03\/21\/libri-lutja-pervoje-e-perjetesise-i-arkimandrit-sofron-saharov\/#breadcrumb\"},\"inLanguage\":\"en-US\",\"potentialAction\":[{\"@type\":\"ReadAction\",\"target\":[\"https:\/\/orthodoxalbania.org\/2020\/2013\/03\/21\/libri-lutja-pervoje-e-perjetesise-i-arkimandrit-sofron-saharov\/\"]}]},{\"@type\":\"ImageObject\",\"inLanguage\":\"en-US\",\"@id\":\"https:\/\/orthodoxalbania.org\/2020\/2013\/03\/21\/libri-lutja-pervoje-e-perjetesise-i-arkimandrit-sofron-saharov\/#primaryimage\",\"url\":\"https:\/\/lh5.googleusercontent.com\/-R3tprUV02CI\/T7y0RJeMZfI\/AAAAAAAAAGI\/CCFVrEw9BrA\/s424\/lutja%20kopertina%20per%20shtyp%203%20maj_600x4242.jpg\",\"contentUrl\":\"https:\/\/lh5.googleusercontent.com\/-R3tprUV02CI\/T7y0RJeMZfI\/AAAAAAAAAGI\/CCFVrEw9BrA\/s424\/lutja%20kopertina%20per%20shtyp%203%20maj_600x4242.jpg\"},{\"@type\":\"BreadcrumbList\",\"@id\":\"https:\/\/orthodoxalbania.org\/2020\/2013\/03\/21\/libri-lutja-pervoje-e-perjetesise-i-arkimandrit-sofron-saharov\/#breadcrumb\",\"itemListElement\":[{\"@type\":\"ListItem\",\"position\":1,\"name\":\"Home\",\"item\":\"https:\/\/orthodoxalbania.org\/2020\/\"},{\"@type\":\"ListItem\",\"position\":2,\"name\":\"Libri \u201cLutja, p\u00ebrvoj\u00eb e p\u00ebrjet\u00ebsis\u00eb\u201d i arkimandrit Sofron Saharov. (Maj 2012)\"}]},{\"@type\":\"WebSite\",\"@id\":\"https:\/\/orthodoxalbania.org\/2020\/#website\",\"url\":\"https:\/\/orthodoxalbania.org\/2020\/\",\"name\":\"Kisha Orthodh\u03bfkse Autoqefale e Shqip\u00ebris\u00eb\",\"description\":\"Fqja Zyrtare e Kish\u00ebs Orthodhokse Autoqefale e Shqip\u00ebris\u00eb me lajmet edhe informacionet zyrtare p\u00ebr struktur\u00ebn edhe veprimtarin e saj.\",\"publisher\":{\"@id\":\"https:\/\/orthodoxalbania.org\/2020\/#organization\"},\"potentialAction\":[{\"@type\":\"SearchAction\",\"target\":{\"@type\":\"EntryPoint\",\"urlTemplate\":\"https:\/\/orthodoxalbania.org\/2020\/?s={search_term_string}\"},\"query-input\":{\"@type\":\"PropertyValueSpecification\",\"valueRequired\":true,\"valueName\":\"search_term_string\"}}],\"inLanguage\":\"en-US\"},{\"@type\":\"Organization\",\"@id\":\"https:\/\/orthodoxalbania.org\/2020\/#organization\",\"name\":\"Kisha Orthodhokse Autoqefale e Shqip\u00ebris\u00eb\",\"url\":\"https:\/\/orthodoxalbania.org\/2020\/\",\"logo\":{\"@type\":\"ImageObject\",\"inLanguage\":\"en-US\",\"@id\":\"https:\/\/orthodoxalbania.org\/2020\/#\/schema\/logo\/image\/\",\"url\":\"https:\/\/orthodoxalbania.org\/2020\/wp-content\/uploads\/2020\/05\/albania.jpeg\",\"contentUrl\":\"https:\/\/orthodoxalbania.org\/2020\/wp-content\/uploads\/2020\/05\/albania.jpeg\",\"width\":540,\"height\":540,\"caption\":\"Kisha Orthodhokse Autoqefale e Shqip\u00ebris\u00eb\"},\"image\":{\"@id\":\"https:\/\/orthodoxalbania.org\/2020\/#\/schema\/logo\/image\/\"},\"sameAs\":[\"https:\/\/www.facebook.com\/koash1991\"]},{\"@type\":\"Person\",\"@id\":\"https:\/\/orthodoxalbania.org\/2020\/#\/schema\/person\/0c387634a7063ac612d7ed9ce71c7e86\",\"name\":\"Kisha Orthodhokse\",\"image\":{\"@type\":\"ImageObject\",\"inLanguage\":\"en-US\",\"@id\":\"https:\/\/secure.gravatar.com\/avatar\/596e7c417251e30f2fbb9c00e026fce61a695a00e51c889caded71c96cbbdde5?s=96&d=mm&r=g\",\"url\":\"https:\/\/secure.gravatar.com\/avatar\/596e7c417251e30f2fbb9c00e026fce61a695a00e51c889caded71c96cbbdde5?s=96&d=mm&r=g\",\"contentUrl\":\"https:\/\/secure.gravatar.com\/avatar\/596e7c417251e30f2fbb9c00e026fce61a695a00e51c889caded71c96cbbdde5?s=96&d=mm&r=g\",\"caption\":\"Kisha Orthodhokse\"}}]}<\/script>\n<!-- \/ Yoast SEO plugin. -->","yoast_head_json":{"title":"Libri \u201cLutja, p\u00ebrvoj\u00eb e p\u00ebrjet\u00ebsis\u00eb\u201d i arkimandrit Sofron Saharov. (Maj 2012) - Kisha Orthodh\u03bfkse Autoqefale e Shqip\u00ebris\u00eb","robots":{"index":"index","follow":"follow","max-snippet":"max-snippet:-1","max-image-preview":"max-image-preview:large","max-video-preview":"max-video-preview:-1"},"canonical":"https:\/\/orthodoxalbania.org\/2020\/2013\/03\/21\/libri-lutja-pervoje-e-perjetesise-i-arkimandrit-sofron-saharov\/","og_locale":"en_US","og_type":"article","og_title":"Libri \u201cLutja, p\u00ebrvoj\u00eb e p\u00ebrjet\u00ebsis\u00eb\u201d i arkimandrit Sofron Saharov. (Maj 2012) - Kisha Orthodh\u03bfkse Autoqefale e Shqip\u00ebris\u00eb","og_description":"&nbsp;&nbsp; Doli n\u00eb qarkullim libri \u201cLutja, p\u00ebrvoj\u00eb e p\u00ebrjet\u00ebsis\u00eb\u201d i arkimandrit Sofron Saharov (1896-1993), p\u00ebrkthyer nga fr\u00ebngjishtja nga Eleni Pani. Libri i jep p\u00ebrgjigje pyetjes \u201cCili \u00ebsht\u00eb kuptimi i jet\u00ebs\u201d dhe si t\u00eb b\u00ebhesh \u201cperson\u201d. &nbsp; &nbsp; Q\u00eb t\u00eb b\u00ebhesh \u201cperson\u201d, do t\u00eb thot\u00eb t\u00eb bashkohesh dhe t\u2019i ngjasosh Krishtit, t\u00eb b\u00ebhesh&nbsp; mbajt\u00ebs edhe i plot\u00ebsis\u00eb hyjnore, edhe i mbar\u00eb njer\u00ebzimit, me vuajtjet dhe g\u00ebzimet","og_url":"https:\/\/orthodoxalbania.org\/2020\/2013\/03\/21\/libri-lutja-pervoje-e-perjetesise-i-arkimandrit-sofron-saharov\/","og_site_name":"Kisha Orthodh\u03bfkse Autoqefale e Shqip\u00ebris\u00eb","article_publisher":"https:\/\/www.facebook.com\/koash1991","article_published_time":"2013-03-21T11:56:32+00:00","article_modified_time":"2020-04-06T20:06:05+00:00","og_image":[{"url":"https:\/\/lh5.googleusercontent.com\/-R3tprUV02CI\/T7y0RJeMZfI\/AAAAAAAAAGI\/CCFVrEw9BrA\/s424\/lutja%20kopertina%20per%20shtyp%203%20maj_600x4242.jpg","type":"","width":"","height":""}],"author":"Kisha Orthodhokse","twitter_card":"summary_large_image","twitter_misc":{"Written by":"Kisha Orthodhokse","Est. reading time":"2 minutes"},"schema":{"@context":"https:\/\/schema.org","@graph":[{"@type":"Article","@id":"https:\/\/orthodoxalbania.org\/2020\/2013\/03\/21\/libri-lutja-pervoje-e-perjetesise-i-arkimandrit-sofron-saharov\/#article","isPartOf":{"@id":"https:\/\/orthodoxalbania.org\/2020\/2013\/03\/21\/libri-lutja-pervoje-e-perjetesise-i-arkimandrit-sofron-saharov\/"},"author":{"name":"Kisha Orthodhokse","@id":"https:\/\/orthodoxalbania.org\/2020\/#\/schema\/person\/0c387634a7063ac612d7ed9ce71c7e86"},"headline":"Libri \u201cLutja, p\u00ebrvoj\u00eb e p\u00ebrjet\u00ebsis\u00eb\u201d i arkimandrit Sofron Saharov. (Maj 2012)","datePublished":"2013-03-21T11:56:32+00:00","dateModified":"2020-04-06T20:06:05+00:00","mainEntityOfPage":{"@id":"https:\/\/orthodoxalbania.org\/2020\/2013\/03\/21\/libri-lutja-pervoje-e-perjetesise-i-arkimandrit-sofron-saharov\/"},"wordCount":353,"commentCount":0,"publisher":{"@id":"https:\/\/orthodoxalbania.org\/2020\/#organization"},"image":{"@id":"https:\/\/orthodoxalbania.org\/2020\/2013\/03\/21\/libri-lutja-pervoje-e-perjetesise-i-arkimandrit-sofron-saharov\/#primaryimage"},"thumbnailUrl":"https:\/\/lh5.googleusercontent.com\/-R3tprUV02CI\/T7y0RJeMZfI\/AAAAAAAAAGI\/CCFVrEw9BrA\/s424\/lutja%20kopertina%20per%20shtyp%203%20maj_600x4242.jpg","keywords":["2012","Kryepiskopata Tiran\u00eb","lajme","PromovimePublikime"],"articleSection":["Lajme"],"inLanguage":"en-US"},{"@type":"WebPage","@id":"https:\/\/orthodoxalbania.org\/2020\/2013\/03\/21\/libri-lutja-pervoje-e-perjetesise-i-arkimandrit-sofron-saharov\/","url":"https:\/\/orthodoxalbania.org\/2020\/2013\/03\/21\/libri-lutja-pervoje-e-perjetesise-i-arkimandrit-sofron-saharov\/","name":"Libri \u201cLutja, p\u00ebrvoj\u00eb e p\u00ebrjet\u00ebsis\u00eb\u201d i arkimandrit Sofron Saharov. (Maj 2012) - Kisha Orthodh\u03bfkse Autoqefale e Shqip\u00ebris\u00eb","isPartOf":{"@id":"https:\/\/orthodoxalbania.org\/2020\/#website"},"primaryImageOfPage":{"@id":"https:\/\/orthodoxalbania.org\/2020\/2013\/03\/21\/libri-lutja-pervoje-e-perjetesise-i-arkimandrit-sofron-saharov\/#primaryimage"},"image":{"@id":"https:\/\/orthodoxalbania.org\/2020\/2013\/03\/21\/libri-lutja-pervoje-e-perjetesise-i-arkimandrit-sofron-saharov\/#primaryimage"},"thumbnailUrl":"https:\/\/lh5.googleusercontent.com\/-R3tprUV02CI\/T7y0RJeMZfI\/AAAAAAAAAGI\/CCFVrEw9BrA\/s424\/lutja%20kopertina%20per%20shtyp%203%20maj_600x4242.jpg","datePublished":"2013-03-21T11:56:32+00:00","dateModified":"2020-04-06T20:06:05+00:00","breadcrumb":{"@id":"https:\/\/orthodoxalbania.org\/2020\/2013\/03\/21\/libri-lutja-pervoje-e-perjetesise-i-arkimandrit-sofron-saharov\/#breadcrumb"},"inLanguage":"en-US","potentialAction":[{"@type":"ReadAction","target":["https:\/\/orthodoxalbania.org\/2020\/2013\/03\/21\/libri-lutja-pervoje-e-perjetesise-i-arkimandrit-sofron-saharov\/"]}]},{"@type":"ImageObject","inLanguage":"en-US","@id":"https:\/\/orthodoxalbania.org\/2020\/2013\/03\/21\/libri-lutja-pervoje-e-perjetesise-i-arkimandrit-sofron-saharov\/#primaryimage","url":"https:\/\/lh5.googleusercontent.com\/-R3tprUV02CI\/T7y0RJeMZfI\/AAAAAAAAAGI\/CCFVrEw9BrA\/s424\/lutja%20kopertina%20per%20shtyp%203%20maj_600x4242.jpg","contentUrl":"https:\/\/lh5.googleusercontent.com\/-R3tprUV02CI\/T7y0RJeMZfI\/AAAAAAAAAGI\/CCFVrEw9BrA\/s424\/lutja%20kopertina%20per%20shtyp%203%20maj_600x4242.jpg"},{"@type":"BreadcrumbList","@id":"https:\/\/orthodoxalbania.org\/2020\/2013\/03\/21\/libri-lutja-pervoje-e-perjetesise-i-arkimandrit-sofron-saharov\/#breadcrumb","itemListElement":[{"@type":"ListItem","position":1,"name":"Home","item":"https:\/\/orthodoxalbania.org\/2020\/"},{"@type":"ListItem","position":2,"name":"Libri \u201cLutja, p\u00ebrvoj\u00eb e p\u00ebrjet\u00ebsis\u00eb\u201d i arkimandrit Sofron Saharov. (Maj 2012)"}]},{"@type":"WebSite","@id":"https:\/\/orthodoxalbania.org\/2020\/#website","url":"https:\/\/orthodoxalbania.org\/2020\/","name":"Kisha Orthodh\u03bfkse Autoqefale e Shqip\u00ebris\u00eb","description":"Fqja Zyrtare e Kish\u00ebs Orthodhokse Autoqefale e Shqip\u00ebris\u00eb me lajmet edhe informacionet zyrtare p\u00ebr struktur\u00ebn edhe veprimtarin e saj.","publisher":{"@id":"https:\/\/orthodoxalbania.org\/2020\/#organization"},"potentialAction":[{"@type":"SearchAction","target":{"@type":"EntryPoint","urlTemplate":"https:\/\/orthodoxalbania.org\/2020\/?s={search_term_string}"},"query-input":{"@type":"PropertyValueSpecification","valueRequired":true,"valueName":"search_term_string"}}],"inLanguage":"en-US"},{"@type":"Organization","@id":"https:\/\/orthodoxalbania.org\/2020\/#organization","name":"Kisha Orthodhokse Autoqefale e Shqip\u00ebris\u00eb","url":"https:\/\/orthodoxalbania.org\/2020\/","logo":{"@type":"ImageObject","inLanguage":"en-US","@id":"https:\/\/orthodoxalbania.org\/2020\/#\/schema\/logo\/image\/","url":"https:\/\/orthodoxalbania.org\/2020\/wp-content\/uploads\/2020\/05\/albania.jpeg","contentUrl":"https:\/\/orthodoxalbania.org\/2020\/wp-content\/uploads\/2020\/05\/albania.jpeg","width":540,"height":540,"caption":"Kisha Orthodhokse Autoqefale e Shqip\u00ebris\u00eb"},"image":{"@id":"https:\/\/orthodoxalbania.org\/2020\/#\/schema\/logo\/image\/"},"sameAs":["https:\/\/www.facebook.com\/koash1991"]},{"@type":"Person","@id":"https:\/\/orthodoxalbania.org\/2020\/#\/schema\/person\/0c387634a7063ac612d7ed9ce71c7e86","name":"Kisha Orthodhokse","image":{"@type":"ImageObject","inLanguage":"en-US","@id":"https:\/\/secure.gravatar.com\/avatar\/596e7c417251e30f2fbb9c00e026fce61a695a00e51c889caded71c96cbbdde5?s=96&d=mm&r=g","url":"https:\/\/secure.gravatar.com\/avatar\/596e7c417251e30f2fbb9c00e026fce61a695a00e51c889caded71c96cbbdde5?s=96&d=mm&r=g","contentUrl":"https:\/\/secure.gravatar.com\/avatar\/596e7c417251e30f2fbb9c00e026fce61a695a00e51c889caded71c96cbbdde5?s=96&d=mm&r=g","caption":"Kisha Orthodhokse"}}]}},"_links":{"self":[{"href":"https:\/\/orthodoxalbania.org\/2020\/wp-json\/wp\/v2\/posts\/906","targetHints":{"allow":["GET"]}}],"collection":[{"href":"https:\/\/orthodoxalbania.org\/2020\/wp-json\/wp\/v2\/posts"}],"about":[{"href":"https:\/\/orthodoxalbania.org\/2020\/wp-json\/wp\/v2\/types\/post"}],"author":[{"embeddable":true,"href":"https:\/\/orthodoxalbania.org\/2020\/wp-json\/wp\/v2\/users\/1"}],"replies":[{"embeddable":true,"href":"https:\/\/orthodoxalbania.org\/2020\/wp-json\/wp\/v2\/comments?post=906"}],"version-history":[{"count":1,"href":"https:\/\/orthodoxalbania.org\/2020\/wp-json\/wp\/v2\/posts\/906\/revisions"}],"predecessor-version":[{"id":15323,"href":"https:\/\/orthodoxalbania.org\/2020\/wp-json\/wp\/v2\/posts\/906\/revisions\/15323"}],"wp:attachment":[{"href":"https:\/\/orthodoxalbania.org\/2020\/wp-json\/wp\/v2\/media?parent=906"}],"wp:term":[{"taxonomy":"category","embeddable":true,"href":"https:\/\/orthodoxalbania.org\/2020\/wp-json\/wp\/v2\/categories?post=906"},{"taxonomy":"post_tag","embeddable":true,"href":"https:\/\/orthodoxalbania.org\/2020\/wp-json\/wp\/v2\/tags?post=906"}],"curies":[{"name":"wp","href":"https:\/\/api.w.org\/{rel}","templated":true}]}}