{"id":904,"date":"2013-03-21T08:58:48","date_gmt":"2013-03-21T08:58:48","guid":{"rendered":""},"modified":"2020-04-06T22:32:13","modified_gmt":"2020-04-06T20:32:13","slug":"liber-i-ri-ne-duart-e-lexuesit-2010","status":"publish","type":"post","link":"https:\/\/orthodoxalbania.org\/2020\/2013\/03\/21\/liber-i-ri-ne-duart-e-lexuesit-2010\/","title":{"rendered":"Lib\u00ebr i ri, n\u00eb duart e lexuesit. (2010)"},"content":{"rendered":"<div style=\"text-align: center;\">\n\t<span style=\"color:#b22222;\"><strong><span style=\"font-family: tahoma,geneva,sans-serif;\"><span style=\"font-size: 12px;\">\u201cSi do t\u00eb besojn\u00eb, po t\u00eb mos d\u00ebgjojn\u00eb\u201d<\/span><\/span><\/strong><\/span><\/div>\n<div style=\"text-align: center;\">\n\t&nbsp;<\/div>\n<div style=\"text-align: justify;\">\n\t<span style=\"color:#000000;\"><span style=\"font-family: tahoma,geneva,sans-serif;\"><span style=\"font-size: 12px;\">&nbsp;&nbsp;&nbsp; Ka dal\u00eb n\u00eb qarkullim, n\u00eb stendat e librarive t\u00eb Kish\u00ebs Orthodhokse libri i ri \u201cSi do t\u00eb besojn\u00eb, po t\u00eb mos d\u00ebgjojn\u00eb\u201d, me autor Mitropolitin e Polianis\u00eb dhe i Kilkisit, (\u2020) Apostoli. Pas 54 vitesh sh\u00ebrbimi t\u00eb fjal\u00ebs s\u00eb Per\u00ebndis\u00eb, 17 vite si predikues dhe 37 vite si episkop, vepra e tij ka arritur gjithmon\u00eb n\u00eb formulime thelb\u00ebsore. \u201cNevojitet lutje e vazhdueshme, q\u00eb mendja t\u00eb ndri\u00e7ohet dhe t\u00eb \u00e7elen syt\u00eb <em>n\u00eb kuptimin e predikimeve ungjillore<\/em> dhe nj\u00eb k\u00ebrkim intensiv, q\u00eb t\u00eb gjej\u00eb dikush ato gj\u00ebra p\u00ebr t\u00eb cilat bota k\u00ebrkon p\u00ebrgjigje\u201d \u2013 tregon autori n\u00eb parath\u00ebnien e librit.<\/span><\/span><\/span><\/div>\n<div style=\"text-align: justify;\">\n\t<br \/>\n\t<span style=\"color:#000000;\"><span style=\"font-family: tahoma,geneva,sans-serif;\"><span style=\"font-size: 12px;\">&nbsp; &nbsp; Libri \u00ebsht\u00eb p\u00ebrkthyer nga greqishtja prej dhjakon Anastas Bendo dhe p\u00ebrmban mesazhe t\u00eb shkruara kryesisht mbi leximet ungjillore t\u00eb t\u00eb Dielave t\u00eb vitit kishtar, duke u ndalur n\u00eb t\u00eb v\u00ebrtetat esenciale t\u00eb besimit orthodhoks.<\/span><\/span><\/span><\/div>\n<div style=\"text-align: justify;\">\n\t<br \/>\n\t<span style=\"color:#000000;\"><span style=\"font-family: tahoma,geneva,sans-serif;\"><span style=\"font-size: 12px;\">&nbsp;&nbsp;&nbsp; Me thjesht\u00ebsin\u00eb e t\u00eb shpjeguarit, ky botim \u00ebsht\u00eb mjaft i vlefsh\u00ebm edhe p\u00ebr jobesimtar\u00ebt q\u00eb vizitojn\u00eb Kish\u00ebn Orthodhokse, n\u00eb m\u00ebnyr\u00eb q\u00eb kur ata t\u00eb konstatojn\u00eb tekstet liturgjike, leximet biblike, himnet dhe uratat t\u00eb mos mbeten t\u00eb huaj, por t\u00eb kuptojn\u00eb sh\u00ebrbes\u00ebn si adhurim logjik dhe jo si \u201cceremonial magjik\u201d.<\/span><\/span><\/span><\/div>\n<div style=\"text-align: justify;\">\n\t<br \/>\n\t<span style=\"color:#000000;\"><span style=\"font-family: tahoma,geneva,sans-serif;\"><span style=\"font-size: 12px;\">&nbsp;&nbsp;&nbsp; N\u00eb k\u00ebt\u00eb v\u00ebllim, p\u00ebrfshihen predikimet e shkruara t\u00eb kat\u00ebr viteve (1999-2003). Jan\u00eb vendosur n\u00eb radh\u00eb kronologjike, sipas t\u00eb Dielave t\u00eb vitit liturgjik.<\/span><\/span><\/span><\/div>\n<div style=\"text-align: justify;\">\n\t<br \/>\n\t<span style=\"color:#000000;\"><span style=\"font-family: tahoma,geneva,sans-serif;\"><span style=\"font-size: 12px;\">&nbsp;&nbsp; Botohen me lutjen e nxeht\u00eb, q\u00eb t\u00eb ndihmojn\u00eb n\u00eb fuqizimin e pjes\u00ebmarrjes s\u00eb nd\u00ebrgjegjshme t\u00eb lexuesve n\u00eb mbledhjen eukaristike dhe n\u00eb prezenc\u00ebn e p\u00ebrgjegjshme t\u00eb tyre brenda shoq\u00ebris\u00eb son\u00eb multikulturore. <\/span><\/span><\/span><\/div>\n<div style=\"text-align: justify;\">\n\t&nbsp;<\/div>\n<div style=\"text-align: justify;\">\n\t&nbsp;<\/div>\n<div style=\"text-align: center;\">\n\t<span style=\"color:#000000;\"><strong><span style=\"font-family: tahoma,geneva,sans-serif;\"><span style=\"font-size: 12px;\">&#8211; P\u00ebrmbajtia &#8211;<\/span><\/span><\/strong><\/span><\/div>\n<div style=\"text-align: center;\">\n\t<img decoding=\"async\" class=\"lazyload HAa Eha\" src=\"data:image\/gif;base64,R0lGODlhAQABAAAAACH5BAEKAAEALAAAAAABAAEAAAICTAEAOw==\" data-orig-src=\"https:\/\/lh3.googleusercontent.com\/-PkayXl7_uqQ\/VK0Xc3B07NI\/AAAAAAAAKRw\/_PiaUzmEsqY\/w545-h823-no\/Pages%2Bfrom%2Bpermbajtja%2Bper%2Binternet2009%2B1.jpg\" style=\"border-width: 1px; border-style: solid; margin: 10px;\" \/><\/div>\n<div style=\"text-align: center;\">\n\t<img decoding=\"async\" class=\"lazyload HAa Eha\" src=\"data:image\/gif;base64,R0lGODlhAQABAAAAACH5BAEKAAEALAAAAAABAAEAAAICTAEAOw==\" data-orig-src=\"https:\/\/lh3.googleusercontent.com\/-62PTxI0WAKw\/VK0Xc0_8VsI\/AAAAAAAAKR0\/S5lZKZ7wYIE\/w549-h823-no\/Pages%2Bfrom%2Bpermbajtja%2Bper%2Binternet2009-2.jpg\" style=\"border-width: 1px; border-style: solid; margin: 10px;\" \/><\/div>\n<div style=\"text-align: center;\">\n\t<img decoding=\"async\" class=\"lazyload HAa Eha\" src=\"data:image\/gif;base64,R0lGODlhAQABAAAAACH5BAEKAAEALAAAAAABAAEAAAICTAEAOw==\" data-orig-src=\"https:\/\/lh5.googleusercontent.com\/-7thSirGNajM\/VK0XcqeDgQI\/AAAAAAAAKR8\/w6WdBZd9Iv0\/w549-h823-no\/Pages%2Bfrom%2Bpermbajtja%2Bper%2Binternet2009-3.jpg\" style=\"border-width: 1px; border-style: solid; margin: 10px;\" \/><\/div>\n<div style=\"text-align: center;\">\n\t<img decoding=\"async\" class=\"lazyload HAa Eha\" src=\"data:image\/gif;base64,R0lGODlhAQABAAAAACH5BAEKAAEALAAAAAABAAEAAAICTAEAOw==\" data-orig-src=\"https:\/\/lh6.googleusercontent.com\/-Oag3t4rEP6w\/VK0XdXxpPpI\/AAAAAAAAKR4\/3HCJDi_dEps\/w549-h823-no\/Pages%2Bfrom%2Bpermbajtja%2Bper%2Binternet2009-4.jpg\" style=\"border-width: 1px; border-style: solid; margin: 10px;\" \/><\/div>\n","protected":false},"excerpt":{"rendered":"<p>\u201cSi do t\u00eb besojn\u00eb, po t\u00eb mos d\u00ebgjojn\u00eb\u201d &nbsp; &nbsp;&nbsp;&nbsp; Ka dal\u00eb n\u00eb qarkullim, n\u00eb stendat e librarive t\u00eb Kish\u00ebs Orthodhokse libri i ri \u201cSi do t\u00eb besojn\u00eb, po t\u00eb mos d\u00ebgjojn\u00eb\u201d, me autor Mitropolitin e Polianis\u00eb dhe i Kilkisit, (\u2020) Apostoli. Pas 54 vitesh sh\u00ebrbimi t\u00eb fjal\u00ebs s\u00eb Per\u00ebndis\u00eb, 17 vite si predikues dhe 37 vite si episkop, vepra e tij ka arritur gjithmon\u00eb<\/p>\n","protected":false},"author":1,"featured_media":0,"comment_status":"open","ping_status":"open","sticky":false,"template":"","format":"standard","meta":{"_acf_changed":false,"pagelayer_contact_templates":[],"_pagelayer_content":"","inline_featured_image":false,"fifu_image_url":"","fifu_image_alt":"","footnotes":""},"categories":[108],"tags":[144,196,212,607],"class_list":["post-904","post","type-post","status-publish","format-standard","hentry","category-lajme","tag-144","tag-tirane","tag-lajme-d27","tag-promovimepublikime"],"acf":[],"yoast_head":"<!-- This site is optimized with the Yoast SEO plugin v27.2 - https:\/\/yoast.com\/product\/yoast-seo-wordpress\/ -->\n<title>Lib\u00ebr i ri, n\u00eb duart e lexuesit. (2010) - Kisha Orthodh\u03bfkse Autoqefale e Shqip\u00ebris\u00eb<\/title>\n<meta name=\"robots\" content=\"index, follow, max-snippet:-1, max-image-preview:large, max-video-preview:-1\" \/>\n<link rel=\"canonical\" href=\"https:\/\/orthodoxalbania.org\/2020\/2013\/03\/21\/liber-i-ri-ne-duart-e-lexuesit-2010\/\" \/>\n<meta property=\"og:locale\" content=\"en_US\" \/>\n<meta property=\"og:type\" content=\"article\" \/>\n<meta property=\"og:title\" content=\"Lib\u00ebr i ri, n\u00eb duart e lexuesit. (2010) - Kisha Orthodh\u03bfkse Autoqefale e Shqip\u00ebris\u00eb\" \/>\n<meta property=\"og:description\" content=\"\u201cSi do t\u00eb besojn\u00eb, po t\u00eb mos d\u00ebgjojn\u00eb\u201d &nbsp; &nbsp;&nbsp;&nbsp; Ka dal\u00eb n\u00eb qarkullim, n\u00eb stendat e librarive t\u00eb Kish\u00ebs Orthodhokse libri i ri \u201cSi do t\u00eb besojn\u00eb, po t\u00eb mos d\u00ebgjojn\u00eb\u201d, me autor Mitropolitin e Polianis\u00eb dhe i Kilkisit, (\u2020) Apostoli. Pas 54 vitesh sh\u00ebrbimi t\u00eb fjal\u00ebs s\u00eb Per\u00ebndis\u00eb, 17 vite si predikues dhe 37 vite si episkop, vepra e tij ka arritur gjithmon\u00eb\" \/>\n<meta property=\"og:url\" content=\"https:\/\/orthodoxalbania.org\/2020\/2013\/03\/21\/liber-i-ri-ne-duart-e-lexuesit-2010\/\" \/>\n<meta property=\"og:site_name\" content=\"Kisha Orthodh\u03bfkse Autoqefale e Shqip\u00ebris\u00eb\" \/>\n<meta property=\"article:publisher\" content=\"https:\/\/www.facebook.com\/koash1991\" \/>\n<meta property=\"article:published_time\" content=\"2013-03-21T08:58:48+00:00\" \/>\n<meta property=\"article:modified_time\" content=\"2020-04-06T20:32:13+00:00\" \/>\n<meta property=\"og:image\" content=\"https:\/\/lh3.googleusercontent.com\/-PkayXl7_uqQ\/VK0Xc3B07NI\/AAAAAAAAKRw\/_PiaUzmEsqY\/w545-h823-no\/Pages%2Bfrom%2Bpermbajtja%2Bper%2Binternet2009%2B1.jpg\" \/>\n<meta name=\"author\" content=\"Kisha Orthodhokse\" \/>\n<meta name=\"twitter:card\" content=\"summary_large_image\" \/>\n<meta name=\"twitter:label1\" content=\"Written by\" \/>\n\t<meta name=\"twitter:data1\" content=\"Kisha Orthodhokse\" \/>\n\t<meta name=\"twitter:label2\" content=\"Est. reading time\" \/>\n\t<meta name=\"twitter:data2\" content=\"1 minute\" \/>\n<script type=\"application\/ld+json\" class=\"yoast-schema-graph\">{\"@context\":\"https:\/\/schema.org\",\"@graph\":[{\"@type\":\"Article\",\"@id\":\"https:\/\/orthodoxalbania.org\/2020\/2013\/03\/21\/liber-i-ri-ne-duart-e-lexuesit-2010\/#article\",\"isPartOf\":{\"@id\":\"https:\/\/orthodoxalbania.org\/2020\/2013\/03\/21\/liber-i-ri-ne-duart-e-lexuesit-2010\/\"},\"author\":{\"name\":\"Kisha Orthodhokse\",\"@id\":\"https:\/\/orthodoxalbania.org\/2020\/#\/schema\/person\/0c387634a7063ac612d7ed9ce71c7e86\"},\"headline\":\"Lib\u00ebr i ri, n\u00eb duart e lexuesit. (2010)\",\"datePublished\":\"2013-03-21T08:58:48+00:00\",\"dateModified\":\"2020-04-06T20:32:13+00:00\",\"mainEntityOfPage\":{\"@id\":\"https:\/\/orthodoxalbania.org\/2020\/2013\/03\/21\/liber-i-ri-ne-duart-e-lexuesit-2010\/\"},\"wordCount\":297,\"commentCount\":0,\"publisher\":{\"@id\":\"https:\/\/orthodoxalbania.org\/2020\/#organization\"},\"image\":{\"@id\":\"https:\/\/orthodoxalbania.org\/2020\/2013\/03\/21\/liber-i-ri-ne-duart-e-lexuesit-2010\/#primaryimage\"},\"thumbnailUrl\":\"https:\/\/lh3.googleusercontent.com\/-PkayXl7_uqQ\/VK0Xc3B07NI\/AAAAAAAAKRw\/_PiaUzmEsqY\/w545-h823-no\/Pages%2Bfrom%2Bpermbajtja%2Bper%2Binternet2009%2B1.jpg\",\"keywords\":[\"2010\",\"Kryepiskopata Tiran\u00eb\",\"lajme\",\"PromovimePublikime\"],\"articleSection\":[\"Lajme\"],\"inLanguage\":\"en-US\"},{\"@type\":\"WebPage\",\"@id\":\"https:\/\/orthodoxalbania.org\/2020\/2013\/03\/21\/liber-i-ri-ne-duart-e-lexuesit-2010\/\",\"url\":\"https:\/\/orthodoxalbania.org\/2020\/2013\/03\/21\/liber-i-ri-ne-duart-e-lexuesit-2010\/\",\"name\":\"Lib\u00ebr i ri, n\u00eb duart e lexuesit. (2010) - Kisha Orthodh\u03bfkse Autoqefale e Shqip\u00ebris\u00eb\",\"isPartOf\":{\"@id\":\"https:\/\/orthodoxalbania.org\/2020\/#website\"},\"primaryImageOfPage\":{\"@id\":\"https:\/\/orthodoxalbania.org\/2020\/2013\/03\/21\/liber-i-ri-ne-duart-e-lexuesit-2010\/#primaryimage\"},\"image\":{\"@id\":\"https:\/\/orthodoxalbania.org\/2020\/2013\/03\/21\/liber-i-ri-ne-duart-e-lexuesit-2010\/#primaryimage\"},\"thumbnailUrl\":\"https:\/\/lh3.googleusercontent.com\/-PkayXl7_uqQ\/VK0Xc3B07NI\/AAAAAAAAKRw\/_PiaUzmEsqY\/w545-h823-no\/Pages%2Bfrom%2Bpermbajtja%2Bper%2Binternet2009%2B1.jpg\",\"datePublished\":\"2013-03-21T08:58:48+00:00\",\"dateModified\":\"2020-04-06T20:32:13+00:00\",\"breadcrumb\":{\"@id\":\"https:\/\/orthodoxalbania.org\/2020\/2013\/03\/21\/liber-i-ri-ne-duart-e-lexuesit-2010\/#breadcrumb\"},\"inLanguage\":\"en-US\",\"potentialAction\":[{\"@type\":\"ReadAction\",\"target\":[\"https:\/\/orthodoxalbania.org\/2020\/2013\/03\/21\/liber-i-ri-ne-duart-e-lexuesit-2010\/\"]}]},{\"@type\":\"ImageObject\",\"inLanguage\":\"en-US\",\"@id\":\"https:\/\/orthodoxalbania.org\/2020\/2013\/03\/21\/liber-i-ri-ne-duart-e-lexuesit-2010\/#primaryimage\",\"url\":\"https:\/\/lh3.googleusercontent.com\/-PkayXl7_uqQ\/VK0Xc3B07NI\/AAAAAAAAKRw\/_PiaUzmEsqY\/w545-h823-no\/Pages%2Bfrom%2Bpermbajtja%2Bper%2Binternet2009%2B1.jpg\",\"contentUrl\":\"https:\/\/lh3.googleusercontent.com\/-PkayXl7_uqQ\/VK0Xc3B07NI\/AAAAAAAAKRw\/_PiaUzmEsqY\/w545-h823-no\/Pages%2Bfrom%2Bpermbajtja%2Bper%2Binternet2009%2B1.jpg\"},{\"@type\":\"BreadcrumbList\",\"@id\":\"https:\/\/orthodoxalbania.org\/2020\/2013\/03\/21\/liber-i-ri-ne-duart-e-lexuesit-2010\/#breadcrumb\",\"itemListElement\":[{\"@type\":\"ListItem\",\"position\":1,\"name\":\"Home\",\"item\":\"https:\/\/orthodoxalbania.org\/2020\/\"},{\"@type\":\"ListItem\",\"position\":2,\"name\":\"Lib\u00ebr i ri, n\u00eb duart e lexuesit. (2010)\"}]},{\"@type\":\"WebSite\",\"@id\":\"https:\/\/orthodoxalbania.org\/2020\/#website\",\"url\":\"https:\/\/orthodoxalbania.org\/2020\/\",\"name\":\"Kisha Orthodh\u03bfkse Autoqefale e Shqip\u00ebris\u00eb\",\"description\":\"Fqja Zyrtare e Kish\u00ebs Orthodhokse Autoqefale e Shqip\u00ebris\u00eb me lajmet edhe informacionet zyrtare p\u00ebr struktur\u00ebn edhe veprimtarin e saj.\",\"publisher\":{\"@id\":\"https:\/\/orthodoxalbania.org\/2020\/#organization\"},\"potentialAction\":[{\"@type\":\"SearchAction\",\"target\":{\"@type\":\"EntryPoint\",\"urlTemplate\":\"https:\/\/orthodoxalbania.org\/2020\/?s={search_term_string}\"},\"query-input\":{\"@type\":\"PropertyValueSpecification\",\"valueRequired\":true,\"valueName\":\"search_term_string\"}}],\"inLanguage\":\"en-US\"},{\"@type\":\"Organization\",\"@id\":\"https:\/\/orthodoxalbania.org\/2020\/#organization\",\"name\":\"Kisha Orthodhokse Autoqefale e Shqip\u00ebris\u00eb\",\"url\":\"https:\/\/orthodoxalbania.org\/2020\/\",\"logo\":{\"@type\":\"ImageObject\",\"inLanguage\":\"en-US\",\"@id\":\"https:\/\/orthodoxalbania.org\/2020\/#\/schema\/logo\/image\/\",\"url\":\"https:\/\/orthodoxalbania.org\/2020\/wp-content\/uploads\/2020\/05\/albania.jpeg\",\"contentUrl\":\"https:\/\/orthodoxalbania.org\/2020\/wp-content\/uploads\/2020\/05\/albania.jpeg\",\"width\":540,\"height\":540,\"caption\":\"Kisha Orthodhokse Autoqefale e Shqip\u00ebris\u00eb\"},\"image\":{\"@id\":\"https:\/\/orthodoxalbania.org\/2020\/#\/schema\/logo\/image\/\"},\"sameAs\":[\"https:\/\/www.facebook.com\/koash1991\"]},{\"@type\":\"Person\",\"@id\":\"https:\/\/orthodoxalbania.org\/2020\/#\/schema\/person\/0c387634a7063ac612d7ed9ce71c7e86\",\"name\":\"Kisha Orthodhokse\",\"image\":{\"@type\":\"ImageObject\",\"inLanguage\":\"en-US\",\"@id\":\"https:\/\/secure.gravatar.com\/avatar\/596e7c417251e30f2fbb9c00e026fce61a695a00e51c889caded71c96cbbdde5?s=96&d=mm&r=g\",\"url\":\"https:\/\/secure.gravatar.com\/avatar\/596e7c417251e30f2fbb9c00e026fce61a695a00e51c889caded71c96cbbdde5?s=96&d=mm&r=g\",\"contentUrl\":\"https:\/\/secure.gravatar.com\/avatar\/596e7c417251e30f2fbb9c00e026fce61a695a00e51c889caded71c96cbbdde5?s=96&d=mm&r=g\",\"caption\":\"Kisha Orthodhokse\"}}]}<\/script>\n<!-- \/ Yoast SEO plugin. -->","yoast_head_json":{"title":"Lib\u00ebr i ri, n\u00eb duart e lexuesit. (2010) - Kisha Orthodh\u03bfkse Autoqefale e Shqip\u00ebris\u00eb","robots":{"index":"index","follow":"follow","max-snippet":"max-snippet:-1","max-image-preview":"max-image-preview:large","max-video-preview":"max-video-preview:-1"},"canonical":"https:\/\/orthodoxalbania.org\/2020\/2013\/03\/21\/liber-i-ri-ne-duart-e-lexuesit-2010\/","og_locale":"en_US","og_type":"article","og_title":"Lib\u00ebr i ri, n\u00eb duart e lexuesit. (2010) - Kisha Orthodh\u03bfkse Autoqefale e Shqip\u00ebris\u00eb","og_description":"\u201cSi do t\u00eb besojn\u00eb, po t\u00eb mos d\u00ebgjojn\u00eb\u201d &nbsp; &nbsp;&nbsp;&nbsp; Ka dal\u00eb n\u00eb qarkullim, n\u00eb stendat e librarive t\u00eb Kish\u00ebs Orthodhokse libri i ri \u201cSi do t\u00eb besojn\u00eb, po t\u00eb mos d\u00ebgjojn\u00eb\u201d, me autor Mitropolitin e Polianis\u00eb dhe i Kilkisit, (\u2020) Apostoli. Pas 54 vitesh sh\u00ebrbimi t\u00eb fjal\u00ebs s\u00eb Per\u00ebndis\u00eb, 17 vite si predikues dhe 37 vite si episkop, vepra e tij ka arritur gjithmon\u00eb","og_url":"https:\/\/orthodoxalbania.org\/2020\/2013\/03\/21\/liber-i-ri-ne-duart-e-lexuesit-2010\/","og_site_name":"Kisha Orthodh\u03bfkse Autoqefale e Shqip\u00ebris\u00eb","article_publisher":"https:\/\/www.facebook.com\/koash1991","article_published_time":"2013-03-21T08:58:48+00:00","article_modified_time":"2020-04-06T20:32:13+00:00","og_image":[{"url":"https:\/\/lh3.googleusercontent.com\/-PkayXl7_uqQ\/VK0Xc3B07NI\/AAAAAAAAKRw\/_PiaUzmEsqY\/w545-h823-no\/Pages%2Bfrom%2Bpermbajtja%2Bper%2Binternet2009%2B1.jpg","type":"","width":"","height":""}],"author":"Kisha Orthodhokse","twitter_card":"summary_large_image","twitter_misc":{"Written by":"Kisha Orthodhokse","Est. reading time":"1 minute"},"schema":{"@context":"https:\/\/schema.org","@graph":[{"@type":"Article","@id":"https:\/\/orthodoxalbania.org\/2020\/2013\/03\/21\/liber-i-ri-ne-duart-e-lexuesit-2010\/#article","isPartOf":{"@id":"https:\/\/orthodoxalbania.org\/2020\/2013\/03\/21\/liber-i-ri-ne-duart-e-lexuesit-2010\/"},"author":{"name":"Kisha Orthodhokse","@id":"https:\/\/orthodoxalbania.org\/2020\/#\/schema\/person\/0c387634a7063ac612d7ed9ce71c7e86"},"headline":"Lib\u00ebr i ri, n\u00eb duart e lexuesit. (2010)","datePublished":"2013-03-21T08:58:48+00:00","dateModified":"2020-04-06T20:32:13+00:00","mainEntityOfPage":{"@id":"https:\/\/orthodoxalbania.org\/2020\/2013\/03\/21\/liber-i-ri-ne-duart-e-lexuesit-2010\/"},"wordCount":297,"commentCount":0,"publisher":{"@id":"https:\/\/orthodoxalbania.org\/2020\/#organization"},"image":{"@id":"https:\/\/orthodoxalbania.org\/2020\/2013\/03\/21\/liber-i-ri-ne-duart-e-lexuesit-2010\/#primaryimage"},"thumbnailUrl":"https:\/\/lh3.googleusercontent.com\/-PkayXl7_uqQ\/VK0Xc3B07NI\/AAAAAAAAKRw\/_PiaUzmEsqY\/w545-h823-no\/Pages%2Bfrom%2Bpermbajtja%2Bper%2Binternet2009%2B1.jpg","keywords":["2010","Kryepiskopata Tiran\u00eb","lajme","PromovimePublikime"],"articleSection":["Lajme"],"inLanguage":"en-US"},{"@type":"WebPage","@id":"https:\/\/orthodoxalbania.org\/2020\/2013\/03\/21\/liber-i-ri-ne-duart-e-lexuesit-2010\/","url":"https:\/\/orthodoxalbania.org\/2020\/2013\/03\/21\/liber-i-ri-ne-duart-e-lexuesit-2010\/","name":"Lib\u00ebr i ri, n\u00eb duart e lexuesit. (2010) - Kisha Orthodh\u03bfkse Autoqefale e Shqip\u00ebris\u00eb","isPartOf":{"@id":"https:\/\/orthodoxalbania.org\/2020\/#website"},"primaryImageOfPage":{"@id":"https:\/\/orthodoxalbania.org\/2020\/2013\/03\/21\/liber-i-ri-ne-duart-e-lexuesit-2010\/#primaryimage"},"image":{"@id":"https:\/\/orthodoxalbania.org\/2020\/2013\/03\/21\/liber-i-ri-ne-duart-e-lexuesit-2010\/#primaryimage"},"thumbnailUrl":"https:\/\/lh3.googleusercontent.com\/-PkayXl7_uqQ\/VK0Xc3B07NI\/AAAAAAAAKRw\/_PiaUzmEsqY\/w545-h823-no\/Pages%2Bfrom%2Bpermbajtja%2Bper%2Binternet2009%2B1.jpg","datePublished":"2013-03-21T08:58:48+00:00","dateModified":"2020-04-06T20:32:13+00:00","breadcrumb":{"@id":"https:\/\/orthodoxalbania.org\/2020\/2013\/03\/21\/liber-i-ri-ne-duart-e-lexuesit-2010\/#breadcrumb"},"inLanguage":"en-US","potentialAction":[{"@type":"ReadAction","target":["https:\/\/orthodoxalbania.org\/2020\/2013\/03\/21\/liber-i-ri-ne-duart-e-lexuesit-2010\/"]}]},{"@type":"ImageObject","inLanguage":"en-US","@id":"https:\/\/orthodoxalbania.org\/2020\/2013\/03\/21\/liber-i-ri-ne-duart-e-lexuesit-2010\/#primaryimage","url":"https:\/\/lh3.googleusercontent.com\/-PkayXl7_uqQ\/VK0Xc3B07NI\/AAAAAAAAKRw\/_PiaUzmEsqY\/w545-h823-no\/Pages%2Bfrom%2Bpermbajtja%2Bper%2Binternet2009%2B1.jpg","contentUrl":"https:\/\/lh3.googleusercontent.com\/-PkayXl7_uqQ\/VK0Xc3B07NI\/AAAAAAAAKRw\/_PiaUzmEsqY\/w545-h823-no\/Pages%2Bfrom%2Bpermbajtja%2Bper%2Binternet2009%2B1.jpg"},{"@type":"BreadcrumbList","@id":"https:\/\/orthodoxalbania.org\/2020\/2013\/03\/21\/liber-i-ri-ne-duart-e-lexuesit-2010\/#breadcrumb","itemListElement":[{"@type":"ListItem","position":1,"name":"Home","item":"https:\/\/orthodoxalbania.org\/2020\/"},{"@type":"ListItem","position":2,"name":"Lib\u00ebr i ri, n\u00eb duart e lexuesit. (2010)"}]},{"@type":"WebSite","@id":"https:\/\/orthodoxalbania.org\/2020\/#website","url":"https:\/\/orthodoxalbania.org\/2020\/","name":"Kisha Orthodh\u03bfkse Autoqefale e Shqip\u00ebris\u00eb","description":"Fqja Zyrtare e Kish\u00ebs Orthodhokse Autoqefale e Shqip\u00ebris\u00eb me lajmet edhe informacionet zyrtare p\u00ebr struktur\u00ebn edhe veprimtarin e saj.","publisher":{"@id":"https:\/\/orthodoxalbania.org\/2020\/#organization"},"potentialAction":[{"@type":"SearchAction","target":{"@type":"EntryPoint","urlTemplate":"https:\/\/orthodoxalbania.org\/2020\/?s={search_term_string}"},"query-input":{"@type":"PropertyValueSpecification","valueRequired":true,"valueName":"search_term_string"}}],"inLanguage":"en-US"},{"@type":"Organization","@id":"https:\/\/orthodoxalbania.org\/2020\/#organization","name":"Kisha Orthodhokse Autoqefale e Shqip\u00ebris\u00eb","url":"https:\/\/orthodoxalbania.org\/2020\/","logo":{"@type":"ImageObject","inLanguage":"en-US","@id":"https:\/\/orthodoxalbania.org\/2020\/#\/schema\/logo\/image\/","url":"https:\/\/orthodoxalbania.org\/2020\/wp-content\/uploads\/2020\/05\/albania.jpeg","contentUrl":"https:\/\/orthodoxalbania.org\/2020\/wp-content\/uploads\/2020\/05\/albania.jpeg","width":540,"height":540,"caption":"Kisha Orthodhokse Autoqefale e Shqip\u00ebris\u00eb"},"image":{"@id":"https:\/\/orthodoxalbania.org\/2020\/#\/schema\/logo\/image\/"},"sameAs":["https:\/\/www.facebook.com\/koash1991"]},{"@type":"Person","@id":"https:\/\/orthodoxalbania.org\/2020\/#\/schema\/person\/0c387634a7063ac612d7ed9ce71c7e86","name":"Kisha Orthodhokse","image":{"@type":"ImageObject","inLanguage":"en-US","@id":"https:\/\/secure.gravatar.com\/avatar\/596e7c417251e30f2fbb9c00e026fce61a695a00e51c889caded71c96cbbdde5?s=96&d=mm&r=g","url":"https:\/\/secure.gravatar.com\/avatar\/596e7c417251e30f2fbb9c00e026fce61a695a00e51c889caded71c96cbbdde5?s=96&d=mm&r=g","contentUrl":"https:\/\/secure.gravatar.com\/avatar\/596e7c417251e30f2fbb9c00e026fce61a695a00e51c889caded71c96cbbdde5?s=96&d=mm&r=g","caption":"Kisha Orthodhokse"}}]}},"_links":{"self":[{"href":"https:\/\/orthodoxalbania.org\/2020\/wp-json\/wp\/v2\/posts\/904","targetHints":{"allow":["GET"]}}],"collection":[{"href":"https:\/\/orthodoxalbania.org\/2020\/wp-json\/wp\/v2\/posts"}],"about":[{"href":"https:\/\/orthodoxalbania.org\/2020\/wp-json\/wp\/v2\/types\/post"}],"author":[{"embeddable":true,"href":"https:\/\/orthodoxalbania.org\/2020\/wp-json\/wp\/v2\/users\/1"}],"replies":[{"embeddable":true,"href":"https:\/\/orthodoxalbania.org\/2020\/wp-json\/wp\/v2\/comments?post=904"}],"version-history":[{"count":1,"href":"https:\/\/orthodoxalbania.org\/2020\/wp-json\/wp\/v2\/posts\/904\/revisions"}],"predecessor-version":[{"id":15435,"href":"https:\/\/orthodoxalbania.org\/2020\/wp-json\/wp\/v2\/posts\/904\/revisions\/15435"}],"wp:attachment":[{"href":"https:\/\/orthodoxalbania.org\/2020\/wp-json\/wp\/v2\/media?parent=904"}],"wp:term":[{"taxonomy":"category","embeddable":true,"href":"https:\/\/orthodoxalbania.org\/2020\/wp-json\/wp\/v2\/categories?post=904"},{"taxonomy":"post_tag","embeddable":true,"href":"https:\/\/orthodoxalbania.org\/2020\/wp-json\/wp\/v2\/tags?post=904"}],"curies":[{"name":"wp","href":"https:\/\/api.w.org\/{rel}","templated":true}]}}