{"id":903,"date":"2008-02-26T00:00:00","date_gmt":"2008-02-26T00:00:00","guid":{"rendered":""},"modified":"2020-04-06T22:35:32","modified_gmt":"2020-04-06T20:35:32","slug":"letra-e-kryepiskopit-anastas-drejtuar-episkopit-nikon-liolin-te-arqidioqezes-shqiptare-ne-shba-ne-mbylljen-e-festimeve-te-100-vjetorit-te-krijimit-te-kishes-shqiptare-ne-amerike-2008","status":"publish","type":"post","link":"https:\/\/orthodoxalbania.org\/2020\/2008\/02\/26\/letra-e-kryepiskopit-anastas-drejtuar-episkopit-nikon-liolin-te-arqidioqezes-shqiptare-ne-shba-ne-mbylljen-e-festimeve-te-100-vjetorit-te-krijimit-te-kishes-shqiptare-ne-amerike-2008\/","title":{"rendered":"Letra e Kryepiskopit Anastas drejtuar Episkopit Nikon Liolin t\u00eb Arqidioqez\u00ebs Shqiptare n\u00eb SHBA n\u00eb mbylljen e festimeve t\u00eb 100 vjetorit t\u00eb krijimit t\u00eb Kish\u00ebs Shqiptare n\u00eb Amerik\u00eb. (2008)"},"content":{"rendered":"<div style=\"text-align: center;\"><span style=\"color: #000000;\"><span style=\"font-family: tahoma,geneva,sans-serif;\"><span style=\"font-size: 12px;\"><strong>Hir\u00ebsis\u00eb s\u00eb Tij, Episkopit Nikon<\/strong><\/span><\/span><\/span><\/div>\n<div style=\"text-align: center;\"> <span style=\"color: #000000;\"><span style=\"font-family: tahoma,geneva,sans-serif;\"><span style=\"font-size: 12px;\"><strong>Arqidioqeza Shqiptare, SHBA<\/strong><\/span><\/span><\/span><\/div>\n<div style=\"text-align: center;\">&nbsp;<\/div>\n<div style=\"text-align: justify;\">&nbsp;<\/div>\n<div style=\"text-align: justify;\"><span style=\"color: #000000;\"><span style=\"font-family: tahoma,geneva,sans-serif;\"><span style=\"font-size: 12px;\"><em>&nbsp;&nbsp;&nbsp;&nbsp;&nbsp;&nbsp;&nbsp;&nbsp;&nbsp;&nbsp; Shum\u00eb i dashur v\u00eblla m\u00eb Krishtin<\/em><\/span><\/span><\/span><\/div>\n<div style=\"text-align: justify;\"><span style=\"color: #000000;\"><span style=\"font-family: tahoma,geneva,sans-serif;\"><span style=\"font-size: 12px;\"><em>&nbsp;&nbsp;&nbsp;&nbsp;&nbsp;&nbsp;&nbsp;&nbsp;&nbsp; Hir\u00ebsia Juaj Nikon,<\/em><\/span><\/span><\/span><\/div>\n<div style=\"text-align: justify;\">&nbsp;<\/div>\n<div style=\"text-align: justify;\"><span style=\"color: #000000;\"><span style=\"font-family: tahoma,geneva,sans-serif;\"><span style=\"font-size: 12px;\">&nbsp;&nbsp;&nbsp; Ishte nj\u00eb k\u00ebnaq\u00ebsi e ve\u00e7ant\u00eb t\u00eb isha i pranish\u00ebm me ju, Hir\u00ebsin\u00eb e Tij Episkopin Ilia t\u00eb Filomilit dhe shum\u00eb t\u00eb nderuarin At\u00eb Arturin, s\u00eb bashku me komunitetin shqiptar, 9 marsin e shkuar, p\u00ebr nisjen e kremtimeve t\u00eb 100-vjetorit t\u00eb hierapostolis\u00eb shqiptare n\u00eb Amerik\u00ebn e Veriut. U pa shum\u00eb e p\u00ebrshtatshme q\u00eb ne nis\u00ebm k\u00ebto celebrime n\u00eb t\u00eb Diel\u00ebn e Faljes, n\u00eb fillim t\u00eb Kreshm\u00ebve t\u00eb M\u00ebdha, si nj\u00eb shenj\u00eb e pajtimit Hyjnor tek i cili na th\u00ebrret Zoti yn\u00eb t\u00eb gjith\u00ebve. Ju fal\u00ebnderoj p\u00ebr mikpritjen q\u00eb m\u00eb treguat.<br \/> <\/span><\/span><\/span><\/div>\n<div style=\"text-align: justify;\">&nbsp;<\/div>\n<div style=\"text-align: justify;\"><span style=\"color: #000000;\"><span style=\"font-family: tahoma,geneva,sans-serif;\"><span style=\"font-size: 12px;\">&nbsp;&nbsp;&nbsp; Ky vit sh\u00ebnon nj\u00eb rast shum\u00eb dometh\u00ebn\u00ebs p\u00ebr Arqidioqez\u00ebn Shqiptare t\u00eb Amerik\u00ebs. Duke p\u00ebrballuar shum\u00eb sprova dhe beteja n\u00eb fillim t\u00eb shekullit t\u00eb kaluar, prifti i ri Theofan Stilian Noli, q\u00eb m\u00eb pas u b\u00eb nj\u00eb hierark me talente dhe dhurat\u00eb t\u00eb shum\u00ebllojshme, ofroi lidershipin e nevojsh\u00ebm dhe t\u00eb p\u00ebrshtatsh\u00ebm p\u00ebr t\u00eb krijuar enorin\u00eb e par\u00eb shqiptare n\u00eb Amerik\u00eb. Kjo enori e Bostonit u b\u00eb nj\u00eb shtys\u00eb p\u00ebr nj\u00eb arqidioqez\u00eb t\u00eb gjer\u00eb.<br \/> &nbsp;<\/span><\/span><\/span><\/div>\n<div style=\"text-align: justify;\"><span style=\"color: #000000;\"><span style=\"font-family: tahoma,geneva,sans-serif;\"><span style=\"font-size: 12px;\">&nbsp;&nbsp; Episkopi Theofan, nuk e kufizoi kontributin e tij t\u00eb jasht\u00ebzakonsh\u00ebm p\u00ebr Orthodhoks\u00ebt e Amerik\u00ebs, por krijimtaria e tij, aft\u00ebsit\u00eb intelektuale dhe t\u00eb gjithanshme ndikuan fuqish\u00ebm shqiptar\u00ebt Orthodhoks\u00eb n\u00eb atdheun e tij. Ai ishte personalitet q\u00eb jetonte me shqet\u00ebsimet e koh\u00ebs, shum\u00eb i ndjesh\u00ebm p\u00ebr problemet bot\u00ebrore, p\u00ebr drejt\u00ebsi shoq\u00ebrore, me interes t\u00eb madh p\u00ebr njer\u00ebzit n\u00eb nevoj\u00eb: nj\u00eb person dinamik, me horizont t\u00eb gjer\u00eb, ide krijuese dhe nisma t\u00eb guximshme, p\u00ebr p\u00ebrparimin e popullit.<br \/> &nbsp;<\/span><\/span><\/span><\/div>\n<div style=\"text-align: justify;\"><span style=\"color: #000000;\"><span style=\"font-family: tahoma,geneva,sans-serif;\"><span style=\"font-size: 12px;\">&nbsp;&nbsp; Si Orthodhoks\u00eb, ne kujtojm\u00eb paraardh\u00ebsit jo vet\u00ebm historikisht, por n\u00ebnkuptojm\u00eb se me Per\u00ebndin\u00eb, ata jan\u00eb t\u00eb pranish\u00ebm n\u00eb kungim me ne edhe tani, n\u00eb k\u00ebt\u00eb \u00e7ast. K\u00ebshtu, \u00ebsht\u00eb radha jon\u00eb t\u00eb ushqejm\u00eb dhe p\u00ebrcjellim k\u00ebt\u00eb njohje dhe thesar besimi te gjeneratat e reja t\u00eb besimtar\u00ebve. N\u00eb k\u00ebt\u00eb rast t\u00eb mbar\u00eb, d\u00ebshira dhe lutja ime baritore \u00ebsht\u00eb p\u00ebr Per\u00ebndin\u00eb ton\u00eb Triadike.<br \/> <\/span><\/span><\/span><\/div>\n<div style=\"text-align: justify;\">&nbsp;<\/div>\n<div style=\"text-align: justify;\"><span style=\"color: #000000;\"><span style=\"font-family: tahoma,geneva,sans-serif;\"><span style=\"font-size: 12px;\">&nbsp;&nbsp;&nbsp; Q\u00eb t\u00eb udh\u00ebheq\u00eb dhe t\u00eb drejtoj\u00eb shqiptar\u00ebt Orthodhoks\u00eb t\u00eb Amerik\u00ebs drejt unitetit dhe dashuris\u00eb, q\u00eb t\u00eb prosperojn\u00eb e shtohen me shum\u00eb besim dhe d\u00ebshmin\u00eb e p\u00ebrbashk\u00ebt n\u00eb mjedisin q\u00eb i rrethon.<\/span><\/span><\/span><\/div>\n<div style=\"text-align: justify;\"><span style=\"color: #000000;\"><span style=\"font-family: tahoma,geneva,sans-serif;\"><span style=\"font-size: 12px;\">&nbsp;&nbsp;&nbsp; <\/span><\/span><\/span><\/div>\n<div style=\"text-align: justify;\"><span style=\"color: #000000;\"><span style=\"font-family: tahoma,geneva,sans-serif;\"><span style=\"font-size: 12px;\">&nbsp;&nbsp;&nbsp; Me dashuri t\u00eb thell\u00eb m\u00eb Krishtin,&nbsp;<\/span><\/span><\/span><\/div>\n<div style=\"text-align: justify;\"><span style=\"color: #000000;\"><span style=\"font-family: tahoma,geneva,sans-serif;\"><span style=\"font-size: 12px;\">&nbsp;&nbsp;&nbsp;&nbsp;&nbsp;&nbsp;&nbsp;&nbsp;<\/span><\/span><\/span><\/div>\n<div style=\"text-align: justify;\"><span style=\"color: #000000;\"><span style=\"font-family: tahoma,geneva,sans-serif;\"><span style=\"font-size: 12px;\">&nbsp;&nbsp;&nbsp;&nbsp;&nbsp;&nbsp;&nbsp; + Anastasi<\/span><\/span><\/span><\/div>\n<div style=\"text-align: justify;\"><span style=\"color: #000000;\"><span style=\"font-family: tahoma,geneva,sans-serif;\"><span style=\"font-size: 12px;\">&nbsp;&nbsp;&nbsp;&nbsp;&nbsp;&nbsp;&nbsp; Kryepiskop i Tiran\u00ebs, Durr\u00ebsit dhe gjith\u00eb Shqip\u00ebris\u00eb &nbsp;<\/span><\/span><\/span><\/div>\n<div style=\"text-align: right;\"><span style=\"color: #000000;\"><span style=\"font-family: tahoma,geneva,sans-serif;\"><span style=\"font-size: 12px;\">Tiran\u00eb, 17 Shtator 2008. &nbsp;&nbsp;&nbsp;&nbsp;&nbsp;&nbsp;&nbsp;&nbsp;&nbsp;&nbsp;&nbsp;&nbsp;&nbsp;&nbsp;&nbsp;&nbsp;&nbsp;&nbsp;&nbsp;&nbsp;&nbsp;&nbsp;&nbsp; <\/span><\/span><\/span><\/div>\n","protected":false},"excerpt":{"rendered":"<p>Hir\u00ebsis\u00eb s\u00eb Tij, Episkopit Nikon Arqidioqeza Shqiptare, SHBA &nbsp; &nbsp; &nbsp;&nbsp;&nbsp;&nbsp;&nbsp;&nbsp;&nbsp;&nbsp;&nbsp;&nbsp; Shum\u00eb i dashur v\u00eblla m\u00eb Krishtin &nbsp;&nbsp;&nbsp;&nbsp;&nbsp;&nbsp;&nbsp;&nbsp;&nbsp; Hir\u00ebsia Juaj Nikon, &nbsp; &nbsp;&nbsp;&nbsp; Ishte nj\u00eb k\u00ebnaq\u00ebsi e ve\u00e7ant\u00eb t\u00eb isha i pranish\u00ebm me ju, Hir\u00ebsin\u00eb e Tij Episkopin Ilia t\u00eb Filomilit dhe shum\u00eb t\u00eb nderuarin At\u00eb Arturin, s\u00eb bashku me komunitetin shqiptar, 9 marsin e shkuar, p\u00ebr nisjen e kremtimeve t\u00eb 100-vjetorit t\u00eb hierapostolis\u00eb shqiptare<\/p>\n","protected":false},"author":1,"featured_media":0,"comment_status":"open","ping_status":"open","sticky":false,"template":"","format":"standard","meta":{"_acf_changed":false,"pagelayer_contact_templates":[],"_pagelayer_content":"","inline_featured_image":false,"fifu_image_url":"","fifu_image_alt":"","footnotes":""},"categories":[108],"tags":[146,153,196,201,212],"class_list":["post-903","post","type-post","status-publish","format-standard","hentry","category-lajme","tag-146","tag-deklarata-njoftime-zyrtare-d75","tag-tirane","tag-kryepiskopi-anastas","tag-lajme-d27"],"acf":[],"yoast_head":"<!-- This site is optimized with the Yoast SEO plugin v27.2 - https:\/\/yoast.com\/product\/yoast-seo-wordpress\/ -->\n<title>Letra e Kryepiskopit Anastas drejtuar Episkopit Nikon Liolin t\u00eb Arqidioqez\u00ebs Shqiptare n\u00eb SHBA n\u00eb mbylljen e festimeve t\u00eb 100 vjetorit t\u00eb krijimit t\u00eb Kish\u00ebs Shqiptare n\u00eb Amerik\u00eb. (2008) - Kisha Orthodh\u03bfkse Autoqefale e Shqip\u00ebris\u00eb<\/title>\n<meta name=\"robots\" content=\"index, follow, max-snippet:-1, max-image-preview:large, max-video-preview:-1\" \/>\n<link rel=\"canonical\" href=\"https:\/\/orthodoxalbania.org\/2020\/2008\/02\/26\/letra-e-kryepiskopit-anastas-drejtuar-episkopit-nikon-liolin-te-arqidioqezes-shqiptare-ne-shba-ne-mbylljen-e-festimeve-te-100-vjetorit-te-krijimit-te-kishes-shqiptare-ne-amerike-2008\/\" \/>\n<meta property=\"og:locale\" content=\"en_US\" \/>\n<meta property=\"og:type\" content=\"article\" \/>\n<meta property=\"og:title\" content=\"Letra e Kryepiskopit Anastas drejtuar Episkopit Nikon Liolin t\u00eb Arqidioqez\u00ebs Shqiptare n\u00eb SHBA n\u00eb mbylljen e festimeve t\u00eb 100 vjetorit t\u00eb krijimit t\u00eb Kish\u00ebs Shqiptare n\u00eb Amerik\u00eb. (2008) - Kisha Orthodh\u03bfkse Autoqefale e Shqip\u00ebris\u00eb\" \/>\n<meta property=\"og:description\" content=\"Hir\u00ebsis\u00eb s\u00eb Tij, Episkopit Nikon Arqidioqeza Shqiptare, SHBA &nbsp; &nbsp; &nbsp;&nbsp;&nbsp;&nbsp;&nbsp;&nbsp;&nbsp;&nbsp;&nbsp;&nbsp; Shum\u00eb i dashur v\u00eblla m\u00eb Krishtin &nbsp;&nbsp;&nbsp;&nbsp;&nbsp;&nbsp;&nbsp;&nbsp;&nbsp; Hir\u00ebsia Juaj Nikon, &nbsp; &nbsp;&nbsp;&nbsp; Ishte nj\u00eb k\u00ebnaq\u00ebsi e ve\u00e7ant\u00eb t\u00eb isha i pranish\u00ebm me ju, Hir\u00ebsin\u00eb e Tij Episkopin Ilia t\u00eb Filomilit dhe shum\u00eb t\u00eb nderuarin At\u00eb Arturin, s\u00eb bashku me komunitetin shqiptar, 9 marsin e shkuar, p\u00ebr nisjen e kremtimeve t\u00eb 100-vjetorit t\u00eb hierapostolis\u00eb shqiptare\" \/>\n<meta property=\"og:url\" content=\"https:\/\/orthodoxalbania.org\/2020\/2008\/02\/26\/letra-e-kryepiskopit-anastas-drejtuar-episkopit-nikon-liolin-te-arqidioqezes-shqiptare-ne-shba-ne-mbylljen-e-festimeve-te-100-vjetorit-te-krijimit-te-kishes-shqiptare-ne-amerike-2008\/\" \/>\n<meta property=\"og:site_name\" content=\"Kisha Orthodh\u03bfkse Autoqefale e Shqip\u00ebris\u00eb\" \/>\n<meta property=\"article:publisher\" content=\"https:\/\/www.facebook.com\/koash1991\" \/>\n<meta property=\"article:published_time\" content=\"2008-02-26T00:00:00+00:00\" \/>\n<meta property=\"article:modified_time\" content=\"2020-04-06T20:35:32+00:00\" \/>\n<meta property=\"og:image\" content=\"https:\/\/orthodoxalbania.org\/2020\/wp-content\/uploads\/2021\/02\/LogoLastALb-200.png\" \/>\n\t<meta property=\"og:image:width\" content=\"200\" \/>\n\t<meta property=\"og:image:height\" content=\"172\" \/>\n\t<meta property=\"og:image:type\" content=\"image\/png\" \/>\n<meta name=\"author\" content=\"Kisha Orthodhokse\" \/>\n<meta name=\"twitter:card\" content=\"summary_large_image\" \/>\n<meta name=\"twitter:label1\" content=\"Written by\" \/>\n\t<meta name=\"twitter:data1\" content=\"Kisha Orthodhokse\" \/>\n\t<meta name=\"twitter:label2\" content=\"Est. reading time\" \/>\n\t<meta name=\"twitter:data2\" content=\"3 minutes\" \/>\n<script type=\"application\/ld+json\" class=\"yoast-schema-graph\">{\"@context\":\"https:\/\/schema.org\",\"@graph\":[{\"@type\":\"Article\",\"@id\":\"https:\/\/orthodoxalbania.org\/2020\/2008\/02\/26\/letra-e-kryepiskopit-anastas-drejtuar-episkopit-nikon-liolin-te-arqidioqezes-shqiptare-ne-shba-ne-mbylljen-e-festimeve-te-100-vjetorit-te-krijimit-te-kishes-shqiptare-ne-amerike-2008\/#article\",\"isPartOf\":{\"@id\":\"https:\/\/orthodoxalbania.org\/2020\/2008\/02\/26\/letra-e-kryepiskopit-anastas-drejtuar-episkopit-nikon-liolin-te-arqidioqezes-shqiptare-ne-shba-ne-mbylljen-e-festimeve-te-100-vjetorit-te-krijimit-te-kishes-shqiptare-ne-amerike-2008\/\"},\"author\":{\"name\":\"Kisha Orthodhokse\",\"@id\":\"https:\/\/orthodoxalbania.org\/2020\/#\/schema\/person\/0c387634a7063ac612d7ed9ce71c7e86\"},\"headline\":\"Letra e Kryepiskopit Anastas drejtuar Episkopit Nikon Liolin t\u00eb Arqidioqez\u00ebs Shqiptare n\u00eb SHBA n\u00eb mbylljen e festimeve t\u00eb 100 vjetorit t\u00eb krijimit t\u00eb Kish\u00ebs Shqiptare n\u00eb Amerik\u00eb. (2008)\",\"datePublished\":\"2008-02-26T00:00:00+00:00\",\"dateModified\":\"2020-04-06T20:35:32+00:00\",\"mainEntityOfPage\":{\"@id\":\"https:\/\/orthodoxalbania.org\/2020\/2008\/02\/26\/letra-e-kryepiskopit-anastas-drejtuar-episkopit-nikon-liolin-te-arqidioqezes-shqiptare-ne-shba-ne-mbylljen-e-festimeve-te-100-vjetorit-te-krijimit-te-kishes-shqiptare-ne-amerike-2008\/\"},\"wordCount\":554,\"commentCount\":0,\"publisher\":{\"@id\":\"https:\/\/orthodoxalbania.org\/2020\/#organization\"},\"keywords\":[\"2008\",\"Deklarata - Njoftime Zyrtare\",\"Kryepiskopata Tiran\u00eb\",\"Kryepiskopi Anastas\",\"lajme\"],\"articleSection\":[\"Lajme\"],\"inLanguage\":\"en-US\"},{\"@type\":\"WebPage\",\"@id\":\"https:\/\/orthodoxalbania.org\/2020\/2008\/02\/26\/letra-e-kryepiskopit-anastas-drejtuar-episkopit-nikon-liolin-te-arqidioqezes-shqiptare-ne-shba-ne-mbylljen-e-festimeve-te-100-vjetorit-te-krijimit-te-kishes-shqiptare-ne-amerike-2008\/\",\"url\":\"https:\/\/orthodoxalbania.org\/2020\/2008\/02\/26\/letra-e-kryepiskopit-anastas-drejtuar-episkopit-nikon-liolin-te-arqidioqezes-shqiptare-ne-shba-ne-mbylljen-e-festimeve-te-100-vjetorit-te-krijimit-te-kishes-shqiptare-ne-amerike-2008\/\",\"name\":\"Letra e Kryepiskopit Anastas drejtuar Episkopit Nikon Liolin t\u00eb Arqidioqez\u00ebs Shqiptare n\u00eb SHBA n\u00eb mbylljen e festimeve t\u00eb 100 vjetorit t\u00eb krijimit t\u00eb Kish\u00ebs Shqiptare n\u00eb Amerik\u00eb. (2008) - Kisha Orthodh\u03bfkse Autoqefale e Shqip\u00ebris\u00eb\",\"isPartOf\":{\"@id\":\"https:\/\/orthodoxalbania.org\/2020\/#website\"},\"datePublished\":\"2008-02-26T00:00:00+00:00\",\"dateModified\":\"2020-04-06T20:35:32+00:00\",\"breadcrumb\":{\"@id\":\"https:\/\/orthodoxalbania.org\/2020\/2008\/02\/26\/letra-e-kryepiskopit-anastas-drejtuar-episkopit-nikon-liolin-te-arqidioqezes-shqiptare-ne-shba-ne-mbylljen-e-festimeve-te-100-vjetorit-te-krijimit-te-kishes-shqiptare-ne-amerike-2008\/#breadcrumb\"},\"inLanguage\":\"en-US\",\"potentialAction\":[{\"@type\":\"ReadAction\",\"target\":[\"https:\/\/orthodoxalbania.org\/2020\/2008\/02\/26\/letra-e-kryepiskopit-anastas-drejtuar-episkopit-nikon-liolin-te-arqidioqezes-shqiptare-ne-shba-ne-mbylljen-e-festimeve-te-100-vjetorit-te-krijimit-te-kishes-shqiptare-ne-amerike-2008\/\"]}]},{\"@type\":\"BreadcrumbList\",\"@id\":\"https:\/\/orthodoxalbania.org\/2020\/2008\/02\/26\/letra-e-kryepiskopit-anastas-drejtuar-episkopit-nikon-liolin-te-arqidioqezes-shqiptare-ne-shba-ne-mbylljen-e-festimeve-te-100-vjetorit-te-krijimit-te-kishes-shqiptare-ne-amerike-2008\/#breadcrumb\",\"itemListElement\":[{\"@type\":\"ListItem\",\"position\":1,\"name\":\"Home\",\"item\":\"https:\/\/orthodoxalbania.org\/2020\/\"},{\"@type\":\"ListItem\",\"position\":2,\"name\":\"Letra e Kryepiskopit Anastas drejtuar Episkopit Nikon Liolin t\u00eb Arqidioqez\u00ebs Shqiptare n\u00eb SHBA n\u00eb mbylljen e festimeve t\u00eb 100 vjetorit t\u00eb krijimit t\u00eb Kish\u00ebs Shqiptare n\u00eb Amerik\u00eb. (2008)\"}]},{\"@type\":\"WebSite\",\"@id\":\"https:\/\/orthodoxalbania.org\/2020\/#website\",\"url\":\"https:\/\/orthodoxalbania.org\/2020\/\",\"name\":\"Kisha Orthodh\u03bfkse Autoqefale e Shqip\u00ebris\u00eb\",\"description\":\"Fqja Zyrtare e Kish\u00ebs Orthodhokse Autoqefale e Shqip\u00ebris\u00eb me lajmet edhe informacionet zyrtare p\u00ebr struktur\u00ebn edhe veprimtarin e saj.\",\"publisher\":{\"@id\":\"https:\/\/orthodoxalbania.org\/2020\/#organization\"},\"potentialAction\":[{\"@type\":\"SearchAction\",\"target\":{\"@type\":\"EntryPoint\",\"urlTemplate\":\"https:\/\/orthodoxalbania.org\/2020\/?s={search_term_string}\"},\"query-input\":{\"@type\":\"PropertyValueSpecification\",\"valueRequired\":true,\"valueName\":\"search_term_string\"}}],\"inLanguage\":\"en-US\"},{\"@type\":\"Organization\",\"@id\":\"https:\/\/orthodoxalbania.org\/2020\/#organization\",\"name\":\"Kisha Orthodhokse Autoqefale e Shqip\u00ebris\u00eb\",\"url\":\"https:\/\/orthodoxalbania.org\/2020\/\",\"logo\":{\"@type\":\"ImageObject\",\"inLanguage\":\"en-US\",\"@id\":\"https:\/\/orthodoxalbania.org\/2020\/#\/schema\/logo\/image\/\",\"url\":\"https:\/\/orthodoxalbania.org\/2020\/wp-content\/uploads\/2020\/05\/albania.jpeg\",\"contentUrl\":\"https:\/\/orthodoxalbania.org\/2020\/wp-content\/uploads\/2020\/05\/albania.jpeg\",\"width\":540,\"height\":540,\"caption\":\"Kisha Orthodhokse Autoqefale e Shqip\u00ebris\u00eb\"},\"image\":{\"@id\":\"https:\/\/orthodoxalbania.org\/2020\/#\/schema\/logo\/image\/\"},\"sameAs\":[\"https:\/\/www.facebook.com\/koash1991\"]},{\"@type\":\"Person\",\"@id\":\"https:\/\/orthodoxalbania.org\/2020\/#\/schema\/person\/0c387634a7063ac612d7ed9ce71c7e86\",\"name\":\"Kisha Orthodhokse\",\"image\":{\"@type\":\"ImageObject\",\"inLanguage\":\"en-US\",\"@id\":\"https:\/\/secure.gravatar.com\/avatar\/596e7c417251e30f2fbb9c00e026fce61a695a00e51c889caded71c96cbbdde5?s=96&d=mm&r=g\",\"url\":\"https:\/\/secure.gravatar.com\/avatar\/596e7c417251e30f2fbb9c00e026fce61a695a00e51c889caded71c96cbbdde5?s=96&d=mm&r=g\",\"contentUrl\":\"https:\/\/secure.gravatar.com\/avatar\/596e7c417251e30f2fbb9c00e026fce61a695a00e51c889caded71c96cbbdde5?s=96&d=mm&r=g\",\"caption\":\"Kisha Orthodhokse\"}}]}<\/script>\n<!-- \/ Yoast SEO plugin. -->","yoast_head_json":{"title":"Letra e Kryepiskopit Anastas drejtuar Episkopit Nikon Liolin t\u00eb Arqidioqez\u00ebs Shqiptare n\u00eb SHBA n\u00eb mbylljen e festimeve t\u00eb 100 vjetorit t\u00eb krijimit t\u00eb Kish\u00ebs Shqiptare n\u00eb Amerik\u00eb. (2008) - Kisha Orthodh\u03bfkse Autoqefale e Shqip\u00ebris\u00eb","robots":{"index":"index","follow":"follow","max-snippet":"max-snippet:-1","max-image-preview":"max-image-preview:large","max-video-preview":"max-video-preview:-1"},"canonical":"https:\/\/orthodoxalbania.org\/2020\/2008\/02\/26\/letra-e-kryepiskopit-anastas-drejtuar-episkopit-nikon-liolin-te-arqidioqezes-shqiptare-ne-shba-ne-mbylljen-e-festimeve-te-100-vjetorit-te-krijimit-te-kishes-shqiptare-ne-amerike-2008\/","og_locale":"en_US","og_type":"article","og_title":"Letra e Kryepiskopit Anastas drejtuar Episkopit Nikon Liolin t\u00eb Arqidioqez\u00ebs Shqiptare n\u00eb SHBA n\u00eb mbylljen e festimeve t\u00eb 100 vjetorit t\u00eb krijimit t\u00eb Kish\u00ebs Shqiptare n\u00eb Amerik\u00eb. (2008) - Kisha Orthodh\u03bfkse Autoqefale e Shqip\u00ebris\u00eb","og_description":"Hir\u00ebsis\u00eb s\u00eb Tij, Episkopit Nikon Arqidioqeza Shqiptare, SHBA &nbsp; &nbsp; &nbsp;&nbsp;&nbsp;&nbsp;&nbsp;&nbsp;&nbsp;&nbsp;&nbsp;&nbsp; Shum\u00eb i dashur v\u00eblla m\u00eb Krishtin &nbsp;&nbsp;&nbsp;&nbsp;&nbsp;&nbsp;&nbsp;&nbsp;&nbsp; Hir\u00ebsia Juaj Nikon, &nbsp; &nbsp;&nbsp;&nbsp; Ishte nj\u00eb k\u00ebnaq\u00ebsi e ve\u00e7ant\u00eb t\u00eb isha i pranish\u00ebm me ju, Hir\u00ebsin\u00eb e Tij Episkopin Ilia t\u00eb Filomilit dhe shum\u00eb t\u00eb nderuarin At\u00eb Arturin, s\u00eb bashku me komunitetin shqiptar, 9 marsin e shkuar, p\u00ebr nisjen e kremtimeve t\u00eb 100-vjetorit t\u00eb hierapostolis\u00eb shqiptare","og_url":"https:\/\/orthodoxalbania.org\/2020\/2008\/02\/26\/letra-e-kryepiskopit-anastas-drejtuar-episkopit-nikon-liolin-te-arqidioqezes-shqiptare-ne-shba-ne-mbylljen-e-festimeve-te-100-vjetorit-te-krijimit-te-kishes-shqiptare-ne-amerike-2008\/","og_site_name":"Kisha Orthodh\u03bfkse Autoqefale e Shqip\u00ebris\u00eb","article_publisher":"https:\/\/www.facebook.com\/koash1991","article_published_time":"2008-02-26T00:00:00+00:00","article_modified_time":"2020-04-06T20:35:32+00:00","og_image":[{"width":200,"height":172,"url":"https:\/\/orthodoxalbania.org\/2020\/wp-content\/uploads\/2021\/02\/LogoLastALb-200.png","type":"image\/png"}],"author":"Kisha Orthodhokse","twitter_card":"summary_large_image","twitter_misc":{"Written by":"Kisha Orthodhokse","Est. reading time":"3 minutes"},"schema":{"@context":"https:\/\/schema.org","@graph":[{"@type":"Article","@id":"https:\/\/orthodoxalbania.org\/2020\/2008\/02\/26\/letra-e-kryepiskopit-anastas-drejtuar-episkopit-nikon-liolin-te-arqidioqezes-shqiptare-ne-shba-ne-mbylljen-e-festimeve-te-100-vjetorit-te-krijimit-te-kishes-shqiptare-ne-amerike-2008\/#article","isPartOf":{"@id":"https:\/\/orthodoxalbania.org\/2020\/2008\/02\/26\/letra-e-kryepiskopit-anastas-drejtuar-episkopit-nikon-liolin-te-arqidioqezes-shqiptare-ne-shba-ne-mbylljen-e-festimeve-te-100-vjetorit-te-krijimit-te-kishes-shqiptare-ne-amerike-2008\/"},"author":{"name":"Kisha Orthodhokse","@id":"https:\/\/orthodoxalbania.org\/2020\/#\/schema\/person\/0c387634a7063ac612d7ed9ce71c7e86"},"headline":"Letra e Kryepiskopit Anastas drejtuar Episkopit Nikon Liolin t\u00eb Arqidioqez\u00ebs Shqiptare n\u00eb SHBA n\u00eb mbylljen e festimeve t\u00eb 100 vjetorit t\u00eb krijimit t\u00eb Kish\u00ebs Shqiptare n\u00eb Amerik\u00eb. (2008)","datePublished":"2008-02-26T00:00:00+00:00","dateModified":"2020-04-06T20:35:32+00:00","mainEntityOfPage":{"@id":"https:\/\/orthodoxalbania.org\/2020\/2008\/02\/26\/letra-e-kryepiskopit-anastas-drejtuar-episkopit-nikon-liolin-te-arqidioqezes-shqiptare-ne-shba-ne-mbylljen-e-festimeve-te-100-vjetorit-te-krijimit-te-kishes-shqiptare-ne-amerike-2008\/"},"wordCount":554,"commentCount":0,"publisher":{"@id":"https:\/\/orthodoxalbania.org\/2020\/#organization"},"keywords":["2008","Deklarata - Njoftime Zyrtare","Kryepiskopata Tiran\u00eb","Kryepiskopi Anastas","lajme"],"articleSection":["Lajme"],"inLanguage":"en-US"},{"@type":"WebPage","@id":"https:\/\/orthodoxalbania.org\/2020\/2008\/02\/26\/letra-e-kryepiskopit-anastas-drejtuar-episkopit-nikon-liolin-te-arqidioqezes-shqiptare-ne-shba-ne-mbylljen-e-festimeve-te-100-vjetorit-te-krijimit-te-kishes-shqiptare-ne-amerike-2008\/","url":"https:\/\/orthodoxalbania.org\/2020\/2008\/02\/26\/letra-e-kryepiskopit-anastas-drejtuar-episkopit-nikon-liolin-te-arqidioqezes-shqiptare-ne-shba-ne-mbylljen-e-festimeve-te-100-vjetorit-te-krijimit-te-kishes-shqiptare-ne-amerike-2008\/","name":"Letra e Kryepiskopit Anastas drejtuar Episkopit Nikon Liolin t\u00eb Arqidioqez\u00ebs Shqiptare n\u00eb SHBA n\u00eb mbylljen e festimeve t\u00eb 100 vjetorit t\u00eb krijimit t\u00eb Kish\u00ebs Shqiptare n\u00eb Amerik\u00eb. (2008) - Kisha Orthodh\u03bfkse Autoqefale e Shqip\u00ebris\u00eb","isPartOf":{"@id":"https:\/\/orthodoxalbania.org\/2020\/#website"},"datePublished":"2008-02-26T00:00:00+00:00","dateModified":"2020-04-06T20:35:32+00:00","breadcrumb":{"@id":"https:\/\/orthodoxalbania.org\/2020\/2008\/02\/26\/letra-e-kryepiskopit-anastas-drejtuar-episkopit-nikon-liolin-te-arqidioqezes-shqiptare-ne-shba-ne-mbylljen-e-festimeve-te-100-vjetorit-te-krijimit-te-kishes-shqiptare-ne-amerike-2008\/#breadcrumb"},"inLanguage":"en-US","potentialAction":[{"@type":"ReadAction","target":["https:\/\/orthodoxalbania.org\/2020\/2008\/02\/26\/letra-e-kryepiskopit-anastas-drejtuar-episkopit-nikon-liolin-te-arqidioqezes-shqiptare-ne-shba-ne-mbylljen-e-festimeve-te-100-vjetorit-te-krijimit-te-kishes-shqiptare-ne-amerike-2008\/"]}]},{"@type":"BreadcrumbList","@id":"https:\/\/orthodoxalbania.org\/2020\/2008\/02\/26\/letra-e-kryepiskopit-anastas-drejtuar-episkopit-nikon-liolin-te-arqidioqezes-shqiptare-ne-shba-ne-mbylljen-e-festimeve-te-100-vjetorit-te-krijimit-te-kishes-shqiptare-ne-amerike-2008\/#breadcrumb","itemListElement":[{"@type":"ListItem","position":1,"name":"Home","item":"https:\/\/orthodoxalbania.org\/2020\/"},{"@type":"ListItem","position":2,"name":"Letra e Kryepiskopit Anastas drejtuar Episkopit Nikon Liolin t\u00eb Arqidioqez\u00ebs Shqiptare n\u00eb SHBA n\u00eb mbylljen e festimeve t\u00eb 100 vjetorit t\u00eb krijimit t\u00eb Kish\u00ebs Shqiptare n\u00eb Amerik\u00eb. (2008)"}]},{"@type":"WebSite","@id":"https:\/\/orthodoxalbania.org\/2020\/#website","url":"https:\/\/orthodoxalbania.org\/2020\/","name":"Kisha Orthodh\u03bfkse Autoqefale e Shqip\u00ebris\u00eb","description":"Fqja Zyrtare e Kish\u00ebs Orthodhokse Autoqefale e Shqip\u00ebris\u00eb me lajmet edhe informacionet zyrtare p\u00ebr struktur\u00ebn edhe veprimtarin e saj.","publisher":{"@id":"https:\/\/orthodoxalbania.org\/2020\/#organization"},"potentialAction":[{"@type":"SearchAction","target":{"@type":"EntryPoint","urlTemplate":"https:\/\/orthodoxalbania.org\/2020\/?s={search_term_string}"},"query-input":{"@type":"PropertyValueSpecification","valueRequired":true,"valueName":"search_term_string"}}],"inLanguage":"en-US"},{"@type":"Organization","@id":"https:\/\/orthodoxalbania.org\/2020\/#organization","name":"Kisha Orthodhokse Autoqefale e Shqip\u00ebris\u00eb","url":"https:\/\/orthodoxalbania.org\/2020\/","logo":{"@type":"ImageObject","inLanguage":"en-US","@id":"https:\/\/orthodoxalbania.org\/2020\/#\/schema\/logo\/image\/","url":"https:\/\/orthodoxalbania.org\/2020\/wp-content\/uploads\/2020\/05\/albania.jpeg","contentUrl":"https:\/\/orthodoxalbania.org\/2020\/wp-content\/uploads\/2020\/05\/albania.jpeg","width":540,"height":540,"caption":"Kisha Orthodhokse Autoqefale e Shqip\u00ebris\u00eb"},"image":{"@id":"https:\/\/orthodoxalbania.org\/2020\/#\/schema\/logo\/image\/"},"sameAs":["https:\/\/www.facebook.com\/koash1991"]},{"@type":"Person","@id":"https:\/\/orthodoxalbania.org\/2020\/#\/schema\/person\/0c387634a7063ac612d7ed9ce71c7e86","name":"Kisha Orthodhokse","image":{"@type":"ImageObject","inLanguage":"en-US","@id":"https:\/\/secure.gravatar.com\/avatar\/596e7c417251e30f2fbb9c00e026fce61a695a00e51c889caded71c96cbbdde5?s=96&d=mm&r=g","url":"https:\/\/secure.gravatar.com\/avatar\/596e7c417251e30f2fbb9c00e026fce61a695a00e51c889caded71c96cbbdde5?s=96&d=mm&r=g","contentUrl":"https:\/\/secure.gravatar.com\/avatar\/596e7c417251e30f2fbb9c00e026fce61a695a00e51c889caded71c96cbbdde5?s=96&d=mm&r=g","caption":"Kisha Orthodhokse"}}]}},"_links":{"self":[{"href":"https:\/\/orthodoxalbania.org\/2020\/wp-json\/wp\/v2\/posts\/903","targetHints":{"allow":["GET"]}}],"collection":[{"href":"https:\/\/orthodoxalbania.org\/2020\/wp-json\/wp\/v2\/posts"}],"about":[{"href":"https:\/\/orthodoxalbania.org\/2020\/wp-json\/wp\/v2\/types\/post"}],"author":[{"embeddable":true,"href":"https:\/\/orthodoxalbania.org\/2020\/wp-json\/wp\/v2\/users\/1"}],"replies":[{"embeddable":true,"href":"https:\/\/orthodoxalbania.org\/2020\/wp-json\/wp\/v2\/comments?post=903"}],"version-history":[{"count":1,"href":"https:\/\/orthodoxalbania.org\/2020\/wp-json\/wp\/v2\/posts\/903\/revisions"}],"predecessor-version":[{"id":15706,"href":"https:\/\/orthodoxalbania.org\/2020\/wp-json\/wp\/v2\/posts\/903\/revisions\/15706"}],"wp:attachment":[{"href":"https:\/\/orthodoxalbania.org\/2020\/wp-json\/wp\/v2\/media?parent=903"}],"wp:term":[{"taxonomy":"category","embeddable":true,"href":"https:\/\/orthodoxalbania.org\/2020\/wp-json\/wp\/v2\/categories?post=903"},{"taxonomy":"post_tag","embeddable":true,"href":"https:\/\/orthodoxalbania.org\/2020\/wp-json\/wp\/v2\/tags?post=903"}],"curies":[{"name":"wp","href":"https:\/\/api.w.org\/{rel}","templated":true}]}}