{"id":900,"date":"2013-03-20T12:54:42","date_gmt":"2013-03-20T12:54:42","guid":{"rendered":""},"modified":"2020-04-06T22:32:22","modified_gmt":"2020-04-06T20:32:22","slug":"kujtimi-i-hierodeshmorit-te-shenjte-kozma-nga-etolia-kozmai-stolia-dhe-bukuria-e-botes-pasi-braktisi-boten-e-perkohshme-jeton-ne-perjetesi","status":"publish","type":"post","link":"https:\/\/orthodoxalbania.org\/2020\/2013\/03\/20\/kujtimi-i-hierodeshmorit-te-shenjte-kozma-nga-etolia-kozmai-stolia-dhe-bukuria-e-botes-pasi-braktisi-boten-e-perkohshme-jeton-ne-perjetesi\/","title":{"rendered":"Kujtimi i Hierod\u00ebshmorit t\u00eb Shenjt\u00eb Kozma nga Etolia  \u201cKozmai, stolia dhe bukuria e bot\u00ebs, pasi braktisi bot\u00ebn e p\u00ebrkohshme, jeton n\u00eb p\u00ebrjet\u00ebsi\u201d. (24 Gusht  2010)"},"content":{"rendered":"<div><\/p>\n<div class=\"style8\" style=\"font-family: Verdana, Arial, Helvetica, sans-serif; font-size: 11px; text-align: justify; background-color: #ffffff;\"><span style=\"color: #000000;\"><span style=\"font-family: tahoma, geneva, sans-serif;\"><span style=\"font-size: 12px;\"><img decoding=\"async\" class=\"lazyload HAa Eha\" style=\"border: 1px solid; cursor: default; display: block; max-width: 100%; height: auto; margin: 10px; float: left;\" alt=\"\" src=\"data:image\/svg+xml,%3Csvg%20xmlns%3D%27http%3A%2F%2Fwww.w3.org%2F2000%2Fsvg%27%20width%3D%27203%27%20height%3D%27295%27%20viewBox%3D%270%200%20203%20295%27%3E%3Crect%20width%3D%27203%27%20height%3D%27295%27%20fill-opacity%3D%220%22%2F%3E%3C%2Fsvg%3E\" data-orig-src=\"https:\/\/lh6.googleusercontent.com\/-vPRjvvMW0Kg\/VK5Og_EI4kI\/AAAAAAAAKeQ\/9tHYkdBxfAI\/w412-h600-no\/tekst%2B1_412x600.jpg\" height=\"295\" width=\"203\" \/><\/span><\/span><\/span><\/div>\n<div class=\"style8\" style=\"font-family: Verdana, Arial, Helvetica, sans-serif; font-size: 11px; text-align: justify; background-color: #ffffff;\"><span style=\"color: #000000;\"><\/span><\/div>\n<div class=\"style8\" style=\"font-family: Verdana, Arial, Helvetica, sans-serif; font-size: 11px; text-align: justify; background-color: #ffffff;\"><span style=\"color: #000000;\"><span style=\"font-family: tahoma, geneva, sans-serif;\"><span style=\"font-size: 12px;\">&nbsp;&nbsp;&nbsp; Me k\u00ebto fjal\u00eb, biografi i hirsh\u00ebm, karakterizon personalitetin e shenjt\u00eb dhe pun\u00ebn e hierod\u00ebshmorit sh\u00ebn Kozma, i cili kremtohet \u00e7do 24 Gusht.<\/span><\/span><\/span><\/div>\n<div class=\"style8\" style=\"font-family: Verdana, Arial, Helvetica, sans-serif; font-size: 11px; text-align: justify; background-color: #ffffff;\"><span style=\"color: #000000;\"><span style=\"font-family: tahoma, geneva, sans-serif;\"><span style=\"font-size: 12px;\">&nbsp;&nbsp;&nbsp; Me qindra besimtar\u00eb u mblodh\u00ebn dhe sivjet ne Manastirin e hirsh\u00ebm t\u00eb Sh\u00ebn Kozmait n\u00eb Kolkondas t\u00eb Fierit, t\u00eb cil\u00ebt ndoq\u00ebn dhe mor\u00ebn pjes\u00eb n\u00eb Liturgjin\u00eb e Shenjt\u00eb t\u00eb drejtuar nga Mitropoliti i Beratit, Vlor\u00ebs, Kanin\u00ebs dhe gjith\u00eb Myzeqes\u00eb Imzot Ignati.<\/span><\/span><\/span><\/div>\n<div class=\"style8\" style=\"font-family: Verdana, Arial, Helvetica, sans-serif; font-size: 11px; text-align: justify; background-color: #ffffff;\"><span style=\"color: #000000;\"><span style=\"font-family: tahoma, geneva, sans-serif;\"><span style=\"font-size: 12px;\">&nbsp;&nbsp;&nbsp;&nbsp; Sh\u00ebn Kozmai zbukuron bot\u00ebn me jet\u00ebn e tij t\u00eb shenjt\u00eb, me m\u00ebsimdh\u00ebniet e tij t\u00eb frym\u00ebzuara nga Shpirti i Shenjt\u00eb, me p\u00ebrfundimin e tij martirik t\u00eb lavd\u00ebruar. Figura, si sh\u00ebn Kozmai i Etolis\u00eb, rrall\u00eb shfaqen n\u00eb sken\u00ebn e historis\u00eb njer\u00ebzore.<\/span><\/span><\/span><\/div>\n<div class=\"style8\" style=\"font-family: Verdana, Arial, Helvetica, sans-serif; font-size: 11px; text-align: justify; background-color: #ffffff;\"><span style=\"color: #000000;\"><span style=\"font-family: tahoma, geneva, sans-serif;\"><span style=\"font-size: 12px;\">&nbsp;&nbsp;&nbsp;&nbsp; Nj\u00eb referim i shkurt\u00ebr rreth jet\u00ebs dhe ofres\u00ebs s\u00eb tij, do t\u00eb ket\u00eb shum\u00eb dobi shpirt\u00ebrore.<\/span><\/span><\/span><\/div>\n<div class=\"style8\" style=\"font-family: Verdana, Arial, Helvetica, sans-serif; font-size: 11px; text-align: justify; background-color: #ffffff;\"><span style=\"color: #000000;\"><span style=\"font-family: tahoma, geneva, sans-serif;\"><span style=\"font-size: 12px;\">&nbsp;&nbsp;&nbsp; Kosta, u quajt n\u00eb pag\u00ebzimit e shenjt\u00eb. Lindi m\u00eb 1714 n\u00eb fshatin Megalo Dhendro t\u00eb Etolis\u00eb, prandaj dhe quhet Etolosi. Prind\u00ebrit e tij ishin shpres\u00ebtar\u00eb dhe e rrit\u00ebn&nbsp;<em>\u201cme edukimin dhe k\u00ebshillat m\u00eb Zotin\u201d<\/em>. Q\u00eb i vog\u00ebl tregonte nj\u00eb prirje t\u00eb madhe dhe gatishm\u00ebri p\u00ebr Bes\u00ebn dhe Shkrimet. Nga m\u00ebsuesit e urt\u00eb t\u00eb atdheut t\u00eb tij m\u00ebsoi shkrimet e Hirshme dhe klasike. Pas studimeve t\u00eb tij u em\u00ebrua m\u00ebsues. Dhe, kur m\u00eb von\u00eb u hap shkolla e famshme Athoniadha, n\u00eb Malin e Shenjt\u00eb, la profesionin e m\u00ebsuesit dhe u regjistrua atje, ku mori m\u00ebsime m\u00eb t\u00eb larta nga pedagog\u00eb t\u00eb shquar.<\/span><\/span><\/span><\/div>\n<div class=\"style8\" style=\"font-family: Verdana, Arial, Helvetica, sans-serif; font-size: 11px; text-align: justify; background-color: #ffffff;\"><span style=\"color: #000000;\"><span style=\"font-family: tahoma, geneva, sans-serif;\"><span style=\"font-size: 12px;\">&nbsp;&nbsp;&nbsp; N\u00eb vitin 1759 u b\u00eb mura n\u00eb manastirin e Filotheut dhe mori emrin Kozma. M\u00eb pas u hirotonis prift. Me zell t\u00eb madh iu p\u00ebrkushtua ushtrimit murgj\u00ebror dhe luft\u00ebs shpirt\u00ebrore. Por Kozmai nuk gjente prehje n\u00eb manastir. Ideja se v\u00ebllez\u00ebrit e tij n\u00eb bot\u00eb ishin t\u00eb rob\u00ebruar dhe vuanin, e torturonte dhe mendonte t\u00eb dilte nga Mali i Shenjt\u00eb dhe t\u00eb punonte p\u00ebr k\u00ebt\u00eb qellim, edhe pse n\u00eb d\u00ebm t\u00eb interesit t\u00eb tij shpirt\u00ebror.<\/span><\/span><\/span><\/div>\n<div class=\"style8\" style=\"font-family: Verdana, Arial, Helvetica, sans-serif; font-size: 11px; text-align: justify; background-color: #ffffff;\"><span style=\"color: #000000;\"><span style=\"font-family: tahoma, geneva, sans-serif;\"><span style=\"font-size: 12px;\">&nbsp; &nbsp; Shk\u00ebndija u ndez brenda tij kur lexoi vargun e Shkrimit t\u00eb Shenjt\u00eb:&nbsp;<em>\u201cAskush le t\u00eb mos k\u00ebrkoj\u00eb t\u00eb mir\u00ebn e tij; por secili t\u00eb tjetrit\u201d (I Kor. 10:24)<\/em>. Imazhi i epok\u00ebs s\u00eb tij, nga pik\u00ebpamja fetare dhe shpirt\u00ebrore, ishte i mjer\u00eb p\u00ebr popullin e Per\u00ebndis\u00eb. Kudo, dhe ve\u00e7an\u00ebrisht n\u00eb krahinat malore, prift\u00ebrinjt\u00eb ishin t\u00eb rrall\u00eb, njer\u00ebzit vdisnin pa u pag\u00ebzuar dhe pa sh\u00ebrbesa kishtare. Shkolla nuk ekzistonin. Padije dhe err\u00ebsir\u00eb kishte n\u00eb shpirtrat e njer\u00ebzve. T\u00eb gjitha k\u00ebto, plus privimet materiale dhe pasojat e skllav\u00ebris\u00eb, krijonin nj\u00eb gjendje t\u00eb eg\u00ebr dhe primitive. Vjedhjet, hakmarrjet, barbarit\u00eb, mbret\u00ebronin. Por gj\u00ebja m\u00eb e tmerrshme, q\u00eb k\u00ebrc\u00ebnonte zhdukjen e plot\u00eb t\u00eb gjinis\u00eb orthodokse, ishte islamizimi. Shum\u00eb njer\u00ebz nuk mund t\u2019i p\u00ebrballonin taksat e r\u00ebnda dhe k\u00ebrkonin vet\u00eb, q\u00eb t\u00eb b\u00ebheshin muhamedan\u00eb. Fshatra t\u00eb t\u00ebra dhe krahina islamizoheshin bashk\u00eb me prift\u00ebrinjt\u00eb dhe k\u00ebshtu humbnin besimin e tyre, gjuh\u00ebn dhe nd\u00ebrgjegjen komb\u00ebtare.<\/span><\/span><\/span><\/div>\n<div class=\"style8\" style=\"font-family: Verdana, Arial, Helvetica, sans-serif; font-size: 11px; text-align: center; background-color: #ffffff;\"><span style=\"color: #000000;\"><span style=\"font-family: tahoma, geneva, sans-serif;\"><span style=\"font-size: 12px;\">*&nbsp; *&nbsp; *<\/span><\/span><\/span><\/div>\n<div class=\"style8\" style=\"font-family: Verdana, Arial, Helvetica, sans-serif; font-size: 11px; text-align: justify; background-color: #ffffff;\"><span style=\"color: #000000;\"><span style=\"font-family: tahoma, geneva, sans-serif;\"><span style=\"font-size: 12px;\">&nbsp;&nbsp;&nbsp; Kozmai shkoi n\u00eb Kostandinopoj\u00eb, ku u takua me v\u00ebllan\u00eb e tij, Krisanthin, i cili ishte pedagog i shkoll\u00ebs s\u00eb atjeshme patriarkale dhe ndaj t\u00eb cilit, stafi patriarkal kishte vler\u00ebsim dhe besim t\u00eb madh. N\u00ebp\u00ebrmjet tij njohu patrikun, Serafimin e dyt\u00eb dhe kryeprift\u00ebrinj t\u00eb tjer\u00eb, t\u00eb cil\u00ebt e mb\u00ebshtet\u00ebn shpirt\u00ebrisht n\u00eb p\u00ebrpjekjen e tij. Dhe k\u00ebshtu mori zyrtarisht miratimin patriarkal dhe bekimin q\u00eb t\u00eb filloj\u00eb predikimin tek populli i rob\u00ebruar. K\u00ebshtu n\u00eb 1760, Kozmai, n\u00eb mosh\u00ebn 46 vje\u00e7are, filloi vepr\u00ebn e tij misionare q\u00eb zgjati 20 vjet dhe t\u00eb cil\u00ebn e vulosi me martirizimin e tij.<\/span><\/span><\/span><\/div>\n<div class=\"style8\" style=\"font-family: Verdana, Arial, Helvetica, sans-serif; font-size: 11px; text-align: justify; background-color: #ffffff;\"><span style=\"color: #000000;\"><span style=\"font-family: tahoma, geneva, sans-serif;\"><span style=\"font-size: 12px;\">&nbsp;&nbsp;&nbsp; Sh\u00ebn Kozmai b\u00ebri kat\u00ebr udh\u00ebtime t\u00eb m\u00ebdha n\u00eb vende t\u00eb ndryshme t\u00eb Greqis\u00eb, vep\u00ebr shum\u00eb e mundimshme p\u00ebr at\u00eb periudh\u00eb. Shkoi n\u00eb Thrak\u00eb, n\u00eb Malin e Shenjt\u00eb, n\u00eb Greqin\u00eb qendrore, n\u00eb Akai, n\u00eb Thesali, n\u00eb Maqedoni, n\u00eb Epir, n\u00eb ishujt e detit Jon dhe Egje, n\u00eb pjes\u00eb t\u00eb Serbis\u00eb, dhe n\u00eb Shqip\u00ebri. Predikoi n\u00eb qytete, fshatra, n\u00eb zona malore dhe t\u00eb ve\u00e7uara, shum\u00eb her\u00eb n\u00eb kushte tep\u00ebr t\u00eb v\u00ebshtira, me durim t\u00eb hekurt. Predikimi i tij kishte karakter fetar dhe etiko-shoq\u00ebror. Theksonte, ve\u00e7an\u00ebrisht, q\u00ebndrimin n\u00eb bes\u00ebn ortodokse. Dashuria ndaj Per\u00ebndis\u00eb dhe dashuria ndaj t\u00eb af\u00ebrmit, ishin dy polet rreth t\u00eb cilave v\u00ebrtitej predikimi i tij. Shprestaria ndaj Per\u00ebndis\u00eb duhej t\u00eb shfaqej edhe me pushimin gjat\u00eb dit\u00ebs s\u00eb diel, gj\u00eb q\u00eb e shkelnin hebrenjt\u00eb. Por, me gjith\u00eb kund\u00ebrshtimin e hebrenjve ia arriti suksesit t\u2019i transferoj\u00eb pazaret, nga dita e diel, n\u00eb dit\u00ebn e shtun\u00ebn. Dashuria ndaj njer\u00ebzve duhej t\u00eb shfaqej edhe me l\u00ebmosh\u00ebn dhe ve\u00e7an\u00ebrisht me dhimbsurin\u00eb ndaj f\u00ebmij\u00ebve jetim\u00eb dhe t\u00eb varf\u00ebr.<\/span><\/span><\/span><\/div>\n<div class=\"style8\" style=\"font-family: Verdana, Arial, Helvetica, sans-serif; font-size: 11px; text-align: justify; background-color: #ffffff;\"><span style=\"color: #000000;\"><span style=\"font-family: tahoma, geneva, sans-serif;\"><span style=\"font-size: 12px;\">&nbsp;&nbsp;&nbsp; Shum\u00eb her\u00eb, n\u00eb udh\u00ebtimet e tij, shoq\u00ebrohej nga shumic\u00eb prift\u00ebrinjsh, t\u00eb cil\u00ebt m\u00eb pas shp\u00ebrndaheshin dhe i p\u00ebrs\u00ebrisnin fjalimet e tij n\u00eb popull. Kudo ku kalonte, predikimi i tij shkaktonte t\u00ebrmet nd\u00ebrgjegjesh dhe ndjenja pendimi. Ish armiqt\u00eb pajtoheshin midis tyre. Vjedh\u00ebsit kthenin ato q\u00eb kishin vjedhur. Ka\u00e7ak\u00ebt zbuteshin, t\u00eb shthururit b\u00ebheshin t\u00eb urt\u00eb. Grat\u00eb aristokrate jepnin stolit\u00eb e tyre p\u00ebr vepra bamir\u00ebsie. Dhe, m\u00eb e r\u00ebnd\u00ebsishmja \u00ebsht\u00eb se pushoi val\u00ebn e islamizimit.<\/span><\/span><\/span><\/div>\n<div class=\"style8\" style=\"font-family: Verdana, Arial, Helvetica, sans-serif; font-size: 11px; text-align: center; background-color: #ffffff;\"><span style=\"color: #000000;\"><span style=\"font-family: tahoma, geneva, sans-serif;\"><span style=\"font-size: 12px;\">*&nbsp; *&nbsp; *<\/span><\/span><\/span><\/div>\n<div class=\"style8\" style=\"font-family: Verdana, Arial, Helvetica, sans-serif; font-size: 11px; text-align: justify; background-color: #ffffff;\"><span style=\"color: #000000;\"><span style=\"font-family: tahoma, geneva, sans-serif;\"><span style=\"font-size: 12px;\">&nbsp;&nbsp;&nbsp; Sh\u00ebn Kozmain e respektonin shum\u00eb edhe turqit, kurse hebrenjt\u00eb e urrenin p\u00ebr vdekje. Hebrenjt\u00eb e Epirit shpif\u00ebn tek prij\u00ebsit turq, i dhan\u00eb para Kurt Pashait t\u00eb Beratit dhe k\u00ebshtu arrit\u00ebn t\u00eb merret vendimi p\u00ebr vdekjen e tij. Kur xhelat\u00ebt turq e \u00e7uan n\u00eb vendin e ekzekutimit dhe e lajm\u00ebruan p\u00ebr d\u00ebnimin e tij, Shenjtori u p\u00ebrgjunj dhe fal\u00ebnderoi Per\u00ebndin\u00eb q\u00eb e denj\u00ebsoi t\u00eb pranoj\u00eb sakrific\u00ebn e tij. M\u00eb pas u ngrit, bekoi kat\u00ebr an\u00ebt e horizontit, u lut p\u00ebr t\u00eb gjith\u00eb t\u00eb krishter\u00ebt, q\u00eb t\u00eb ruajn\u00eb urdhrat e Per\u00ebndis\u00eb dhe uli kok\u00ebn tek xhelat\u00ebt q\u00eb t\u00eb shkonin litarin rreth qaf\u00ebs s\u00eb tij.<\/span><\/span><\/span><\/div>\n<div class=\"style8\" style=\"font-family: Verdana, Arial, Helvetica, sans-serif; font-size: 11px; text-align: justify; background-color: #ffffff;\"><span style=\"color: #000000;\"><span style=\"font-family: tahoma, geneva, sans-serif;\"><span style=\"font-size: 12px;\">&nbsp;&nbsp;&nbsp; U var n\u00eb nj\u00eb pem\u00eb dhe u martirizua m\u00eb 24 gusht t\u00eb vitit 1779. Nj\u00eb dit\u00eb m\u00eb par\u00eb, kur larguan nga burgu nx\u00ebn\u00ebsit e tij dhe at\u00eb e mbajt\u00ebn, kishte th\u00ebn\u00eb vargjet e psalmit:&nbsp;<em>\u201cKaluam p\u00ebrmes zjarrit e ujit, dhe na nxore n\u00eb vend qet\u00ebsimi\u201d (Psal. 65:12)<\/em>.<\/span><\/span><\/span><\/div>\n<div class=\"style8\" style=\"font-family: Verdana, Arial, Helvetica, sans-serif; font-size: 11px; text-align: justify; background-color: #ffffff;\"><span style=\"color: #000000;\"><span style=\"font-family: tahoma, geneva, sans-serif;\"><span style=\"font-size: 12px;\">&nbsp;&nbsp;&nbsp;&nbsp; Lipsanin e tij, xhelat\u00ebt, e hodh\u00ebn n\u00eb lum\u00eb, pasi m\u00eb par\u00eb i kishin lidhur nj\u00eb gur t\u00eb r\u00ebnd\u00eb n\u00eb qaf\u00eb. Pas p\u00ebrpjekjesh tredit\u00ebshe t\u00eb pafryt\u00eb, trupi i tij u gjend, u nxor nga uji dhe u varros n\u00eb fshatin Kolkondas, n\u00eb manastirin e Hyjlind\u00ebses s\u00eb T\u00ebr\u00ebshenjt\u00eb, mbrapa Ajodhim\u00ebs, nga prifti At\u00eb Marko.<\/span><\/span><\/span><\/div>\n<div class=\"style8\" style=\"font-family: Verdana, Arial, Helvetica, sans-serif; font-size: 11px; text-align: justify; background-color: #ffffff;\"><span style=\"color: #000000;\"><span style=\"font-family: tahoma, geneva, sans-serif;\"><span style=\"font-size: 12px;\">&nbsp;&nbsp;&nbsp;&nbsp; M\u00eb von\u00eb Ali Pasha, p\u00ebr jet\u00ebn e t\u00eb cilit kishte parath\u00ebn\u00eb sh\u00ebn Kozmai, n\u00eb vendin e varrit t\u00eb tij, me ndihm\u00ebn e t\u00eb par\u00ebve t\u00eb Kish\u00ebs vendore dhe me shpenzime t\u00eb tija, ngriti tempull madh\u00ebshtor. Me hirin e Per\u00ebndis\u00eb, n\u00eb periudh\u00ebn e regjimit ateist, lipsanet e tij \u00e7udib\u00ebr\u00ebse u ruajt\u00ebn t\u00eb paprekura. K\u00ebshtu, prezenca e shenjtorit \u00ebsht\u00eb edhe sot e gjall\u00eb dhe p\u00ebrb\u00ebn p\u00ebr t\u00eb gjith\u00eb t\u00eb krishter\u00ebt Ortodoks\u00eb nj\u00eb bekim t\u00eb madh. Jeta dhe vepra e sh\u00ebn Kozmait ka shum\u00eb ngjashm\u00ebri me at\u00eb t\u00eb Apostujve t\u00eb Zotit dhe ve\u00e7an\u00ebrisht me t\u00eb apostull Pavlit, dashurin\u00eb e zjarrt\u00eb ndaj Zotit Krisht, t\u00eb t\u00eb cilit imitoi. Pas vdekjes martirike t\u00eb krishter\u00ebt e konsideronin shenjtor. Zyrtarisht, Patriarkana Ekumenike e shpalli shenjt\u00ebrimin e tij, me vendim sinodik patriarkal, m\u00eb 20 Prill t\u00eb vitit 1961.<\/span><\/span><\/span><\/div>\n<div class=\"style8\" style=\"font-family: Verdana, Arial, Helvetica, sans-serif; font-size: 11px; text-align: center; background-color: #ffffff;\"><span style=\"color: #000000;\"><span style=\"font-family: tahoma, geneva, sans-serif;\"><span style=\"font-size: 12px;\">*&nbsp; *&nbsp; *<\/span><\/span><\/span><\/div>\n<div class=\"style8\" style=\"font-family: Verdana, Arial, Helvetica, sans-serif; font-size: 11px; text-align: justify; background-color: #ffffff;\"><span style=\"color: #000000;\"><span style=\"font-family: tahoma, geneva, sans-serif;\"><span style=\"font-size: 12px;\">&nbsp;&nbsp;&nbsp; Sh\u00ebn Kozma Etolosi, i dob\u00ebt si skelet, i zbardhur dhe i lodhur, i mb\u00ebshtjell\u00eb me rason e tij t\u00eb lesht\u00eb, me torb\u00ebn e tij mbi sup, me shkopin n\u00eb dor\u00eb, i k\u00ebrrusur, ngjitet n\u00eb majat e maleve dhe zbret n\u00eb thell\u00ebsit\u00eb e shpirtrave t\u00eb njer\u00ebzve t\u00eb \u00e7do epoke dhe p\u00ebrs\u00ebrit ndaj tyre dhe ndaj shpirtrave tan\u00eb:&nbsp;<em>\u201cN\u00eb jet\u00ebn tuaj keni rrug\u00eb p\u00ebr t\u00eb b\u00ebr\u00eb, n\u00eb udh\u00ebtimin tuaj peripeci, n\u00eb historin\u00eb tuaj luft\u00ebra kund\u00ebr padrejt\u00ebsis\u00eb, padijes, injoranc\u00ebs, urrejtjes, pasioneve, mashtrimeve, paudh\u00ebsive, smir\u00ebs, krimeve. Luftoni. Fitorja fshihet n\u00eb gjoksin e njer\u00ebzve. Per\u00ebndis\u00eb i p\u00ebrkisni, p\u00ebr tek Ai drejtoheni. Dhe kur t\u00eb arrini, t\u00eb dini se fituat n\u00eb jet\u00eb\u201d!<\/em>&nbsp;K\u00ebto na thot\u00eb hierod\u00ebshmori i shenjt\u00eb Kozma, kleriku i zjarrt\u00eb, t\u00eb cilin me madh\u00ebshti e nderon Kisha jon\u00eb e shenjt\u00eb. Amin.<\/span><\/span><\/span><\/div>\n<div class=\"style11\" style=\"font-family: Verdana, Arial, Helvetica, sans-serif; font-size: 11px; background-color: #ffffff;\"><span style=\"color: #000000;\"><\/span><\/div>\n<div class=\"style11\" style=\"font-family: Verdana, Arial, Helvetica, sans-serif; font-size: 11px; text-align: right; background-color: #ffffff;\"><span style=\"color: #000000;\"><strong><span style=\"font-family: tahoma, geneva, sans-serif;\"><span style=\"font-size: 12px;\">Joan Qako<\/span><\/span><\/strong><\/span><\/div>\n<\/div>\n<div><span style=\"color: #000000;\"><\/span><\/div>\n<div><span style=\"color: #000000;\"><\/span><\/div>\n<p><span style=\"color: #000000;\"><img decoding=\"async\" class=\"lazyload HAa Eha\" style=\"height: 300px; width: 400px; border-width: 1px; border-style: solid; margin: 10px auto; display: block;\" alt=\"\" src=\"data:image\/gif;base64,R0lGODlhAQABAAAAACH5BAEKAAEALAAAAAABAAEAAAICTAEAOw==\" data-orig-src=\"https:\/\/lh4.googleusercontent.com\/-88nT2qB6lY4\/VK5OfPoNavI\/AAAAAAAAKek\/1i9igiTqo6Q\/w600-h450-no\/100_7006_600x450.JPG\" \/><\/span><\/p>\n<div><span style=\"color: #000000;\"><\/span><\/div>\n<p><span style=\"color: #000000;\"><img decoding=\"async\" class=\"lazyload HAa Eha\" style=\"height: 300px; width: 400px; border-width: 1px; border-style: solid; margin: 10px auto; display: block;\" alt=\"\" src=\"data:image\/gif;base64,R0lGODlhAQABAAAAACH5BAEKAAEALAAAAAABAAEAAAICTAEAOw==\" data-orig-src=\"https:\/\/lh6.googleusercontent.com\/-_hEPS0iIN5M\/VK5OfFYjYPI\/AAAAAAAAKeg\/3hVx1LTD38E\/w600-h450-no\/100_7033_600x450.JPG\" \/><\/span><\/p>\n<div><span style=\"color: #000000;\"><\/span><\/div>\n<div><span style=\"color: #000000;\"><img decoding=\"async\" class=\"lazyload HAa Eha\" style=\"height: 300px; width: 400px; border-width: 1px; border-style: solid; margin: 10px auto; display: block;\" alt=\"\" src=\"data:image\/gif;base64,R0lGODlhAQABAAAAACH5BAEKAAEALAAAAAABAAEAAAICTAEAOw==\" data-orig-src=\"https:\/\/lh6.googleusercontent.com\/-l2RdDsQDI-8\/VK5OfC1_c8I\/AAAAAAAAKdw\/b0HaF_J3qyM\/w600-h450-no\/100_7036_600x450.JPG\" \/><\/span><\/div>\n<div><span style=\"color: #000000;\"><\/span><\/div>\n<div><span style=\"color: #000000;\"><img decoding=\"async\" class=\"lazyload HAa Eha\" style=\"height: 300px; width: 400px; border-width: 1px; border-style: solid; margin: 10px auto; display: block;\" alt=\"\" src=\"data:image\/gif;base64,R0lGODlhAQABAAAAACH5BAEKAAEALAAAAAABAAEAAAICTAEAOw==\" data-orig-src=\"https:\/\/lh3.googleusercontent.com\/-6822rTf8X3w\/VK5OgGJ0eXI\/AAAAAAAAKeA\/X6-5NXcMBgY\/w600-h450-no\/100_7043_600x450.JPG\" \/><\/span><\/div>\n<div><span style=\"color: #000000;\"><\/span><\/div>\n<div><span style=\"color: #000000;\"><img decoding=\"async\" class=\"lazyload HAa Eha\" style=\"height: 300px; width: 400px; border-width: 1px; border-style: solid; margin: 10px auto; display: block;\" alt=\"\" src=\"data:image\/gif;base64,R0lGODlhAQABAAAAACH5BAEKAAEALAAAAAABAAEAAAICTAEAOw==\" data-orig-src=\"https:\/\/lh6.googleusercontent.com\/-ne7PYWfjcF8\/VK5Of3X078I\/AAAAAAAAKeU\/BTCj2V_P4Ec\/w600-h450-no\/100_7048_600x450.JPG\" \/><\/span><\/div>\n<div><span style=\"color: #000000;\"><\/span><\/div>\n<div><span style=\"color: #000000;\"><img decoding=\"async\" class=\"lazyload HAa Eha\" style=\"height: 300px; width: 400px; border-width: 1px; border-style: solid; margin: 10px auto; display: block;\" alt=\"\" src=\"data:image\/gif;base64,R0lGODlhAQABAAAAACH5BAEKAAEALAAAAAABAAEAAAICTAEAOw==\" data-orig-src=\"https:\/\/lh3.googleusercontent.com\/-rjCqzSir1go\/VK5OgBhsmuI\/AAAAAAAAKeo\/NAX4gzY0J8w\/w600-h450-no\/100_7050_600x450.JPG\" \/><\/span><\/div>\n<div><span style=\"color: #000000;\"><\/span><\/div>\n<div><span style=\"color: #000000;\"><img decoding=\"async\" class=\"lazyload HAa Eha\" style=\"height: 300px; width: 400px; border-width: 1px; border-style: solid; margin: 10px auto; display: block;\" alt=\"\" src=\"data:image\/gif;base64,R0lGODlhAQABAAAAACH5BAEKAAEALAAAAAABAAEAAAICTAEAOw==\" data-orig-src=\"https:\/\/lh6.googleusercontent.com\/-ojxin-XtbHQ\/VK5OgWKecgI\/AAAAAAAAKeE\/8NG2V9hQJUI\/w600-h450-no\/100_7060_600x450.JPG\" \/><\/span><\/div>\n<div><span style=\"color: #000000;\"><\/span><\/div>\n<div><span style=\"color: #000000;\"><img decoding=\"async\" class=\"lazyload HAa Eha\" style=\"height: 300px; width: 400px; border-width: 1px; border-style: solid; margin: 10px auto; display: block;\" alt=\"\" src=\"data:image\/gif;base64,R0lGODlhAQABAAAAACH5BAEKAAEALAAAAAABAAEAAAICTAEAOw==\" data-orig-src=\"https:\/\/lh6.googleusercontent.com\/-w4uEiBGp8qg\/VK5Ogj45FfI\/AAAAAAAAKeY\/-MWhVu1E2hQ\/w600-h450-no\/100_7071_600x450.JPG\" \/><\/span><\/div>\n","protected":false},"excerpt":{"rendered":"<p>&nbsp;&nbsp;&nbsp; Me k\u00ebto fjal\u00eb, biografi i hirsh\u00ebm, karakterizon personalitetin e shenjt\u00eb dhe pun\u00ebn e hierod\u00ebshmorit sh\u00ebn Kozma, i cili kremtohet \u00e7do 24 Gusht. &nbsp;&nbsp;&nbsp; Me qindra besimtar\u00eb u mblodh\u00ebn dhe sivjet ne Manastirin e hirsh\u00ebm t\u00eb Sh\u00ebn Kozmait n\u00eb Kolkondas t\u00eb Fierit, t\u00eb cil\u00ebt ndoq\u00ebn dhe mor\u00ebn pjes\u00eb n\u00eb Liturgjin\u00eb e Shenjt\u00eb t\u00eb drejtuar nga Mitropoliti i Beratit, Vlor\u00ebs, Kanin\u00ebs dhe gjith\u00eb Myzeqes\u00eb Imzot Ignati.<\/p>\n","protected":false},"author":1,"featured_media":0,"comment_status":"open","ping_status":"open","sticky":false,"template":"","format":"standard","meta":{"_acf_changed":false,"pagelayer_contact_templates":[],"_pagelayer_content":"","inline_featured_image":false,"fifu_image_url":"","fifu_image_alt":"","footnotes":""},"categories":[108],"tags":[144,157,212,197],"class_list":["post-900","post","type-post","status-publish","format-standard","hentry","category-lajme","tag-144","tag-kremtime","tag-lajme-d27","tag-berat"],"acf":[],"yoast_head":"<!-- This site is optimized with the Yoast SEO plugin v27.2 - https:\/\/yoast.com\/product\/yoast-seo-wordpress\/ -->\n<title>Kujtimi i Hierod\u00ebshmorit t\u00eb Shenjt\u00eb Kozma nga Etolia \u201cKozmai, stolia dhe bukuria e bot\u00ebs, pasi braktisi bot\u00ebn e p\u00ebrkohshme, jeton n\u00eb p\u00ebrjet\u00ebsi\u201d. (24 Gusht 2010) - Kisha Orthodh\u03bfkse Autoqefale e Shqip\u00ebris\u00eb<\/title>\n<meta name=\"robots\" content=\"index, follow, max-snippet:-1, max-image-preview:large, max-video-preview:-1\" \/>\n<link rel=\"canonical\" href=\"https:\/\/orthodoxalbania.org\/2020\/2013\/03\/20\/kujtimi-i-hierodeshmorit-te-shenjte-kozma-nga-etolia-kozmai-stolia-dhe-bukuria-e-botes-pasi-braktisi-boten-e-perkohshme-jeton-ne-perjetesi\/\" \/>\n<meta property=\"og:locale\" content=\"en_US\" \/>\n<meta property=\"og:type\" content=\"article\" \/>\n<meta property=\"og:title\" content=\"Kujtimi i Hierod\u00ebshmorit t\u00eb Shenjt\u00eb Kozma nga Etolia \u201cKozmai, stolia dhe bukuria e bot\u00ebs, pasi braktisi bot\u00ebn e p\u00ebrkohshme, jeton n\u00eb p\u00ebrjet\u00ebsi\u201d. (24 Gusht 2010) - Kisha Orthodh\u03bfkse Autoqefale e Shqip\u00ebris\u00eb\" \/>\n<meta property=\"og:description\" content=\"&nbsp;&nbsp;&nbsp; Me k\u00ebto fjal\u00eb, biografi i hirsh\u00ebm, karakterizon personalitetin e shenjt\u00eb dhe pun\u00ebn e hierod\u00ebshmorit sh\u00ebn Kozma, i cili kremtohet \u00e7do 24 Gusht. &nbsp;&nbsp;&nbsp; Me qindra besimtar\u00eb u mblodh\u00ebn dhe sivjet ne Manastirin e hirsh\u00ebm t\u00eb Sh\u00ebn Kozmait n\u00eb Kolkondas t\u00eb Fierit, t\u00eb cil\u00ebt ndoq\u00ebn dhe mor\u00ebn pjes\u00eb n\u00eb Liturgjin\u00eb e Shenjt\u00eb t\u00eb drejtuar nga Mitropoliti i Beratit, Vlor\u00ebs, Kanin\u00ebs dhe gjith\u00eb Myzeqes\u00eb Imzot Ignati.\" \/>\n<meta property=\"og:url\" content=\"https:\/\/orthodoxalbania.org\/2020\/2013\/03\/20\/kujtimi-i-hierodeshmorit-te-shenjte-kozma-nga-etolia-kozmai-stolia-dhe-bukuria-e-botes-pasi-braktisi-boten-e-perkohshme-jeton-ne-perjetesi\/\" \/>\n<meta property=\"og:site_name\" content=\"Kisha Orthodh\u03bfkse Autoqefale e Shqip\u00ebris\u00eb\" \/>\n<meta property=\"article:publisher\" content=\"https:\/\/www.facebook.com\/koash1991\" \/>\n<meta property=\"article:published_time\" content=\"2013-03-20T12:54:42+00:00\" \/>\n<meta property=\"article:modified_time\" content=\"2020-04-06T20:32:22+00:00\" \/>\n<meta property=\"og:image\" content=\"https:\/\/lh6.googleusercontent.com\/-vPRjvvMW0Kg\/VK5Og_EI4kI\/AAAAAAAAKeQ\/9tHYkdBxfAI\/w412-h600-no\/tekst%2B1_412x600.jpg\" \/>\n<meta name=\"author\" content=\"Kisha Orthodhokse\" \/>\n<meta name=\"twitter:card\" content=\"summary_large_image\" \/>\n<meta name=\"twitter:label1\" content=\"Written by\" \/>\n\t<meta name=\"twitter:data1\" content=\"Kisha Orthodhokse\" \/>\n\t<meta name=\"twitter:label2\" content=\"Est. reading time\" \/>\n\t<meta name=\"twitter:data2\" content=\"8 minutes\" \/>\n<script type=\"application\/ld+json\" class=\"yoast-schema-graph\">{\"@context\":\"https:\/\/schema.org\",\"@graph\":[{\"@type\":\"Article\",\"@id\":\"https:\/\/orthodoxalbania.org\/2020\/2013\/03\/20\/kujtimi-i-hierodeshmorit-te-shenjte-kozma-nga-etolia-kozmai-stolia-dhe-bukuria-e-botes-pasi-braktisi-boten-e-perkohshme-jeton-ne-perjetesi\/#article\",\"isPartOf\":{\"@id\":\"https:\/\/orthodoxalbania.org\/2020\/2013\/03\/20\/kujtimi-i-hierodeshmorit-te-shenjte-kozma-nga-etolia-kozmai-stolia-dhe-bukuria-e-botes-pasi-braktisi-boten-e-perkohshme-jeton-ne-perjetesi\/\"},\"author\":{\"name\":\"Kisha Orthodhokse\",\"@id\":\"https:\/\/orthodoxalbania.org\/2020\/#\/schema\/person\/0c387634a7063ac612d7ed9ce71c7e86\"},\"headline\":\"Kujtimi i Hierod\u00ebshmorit t\u00eb Shenjt\u00eb Kozma nga Etolia \u201cKozmai, stolia dhe bukuria e bot\u00ebs, pasi braktisi bot\u00ebn e p\u00ebrkohshme, jeton n\u00eb p\u00ebrjet\u00ebsi\u201d. (24 Gusht 2010)\",\"datePublished\":\"2013-03-20T12:54:42+00:00\",\"dateModified\":\"2020-04-06T20:32:22+00:00\",\"mainEntityOfPage\":{\"@id\":\"https:\/\/orthodoxalbania.org\/2020\/2013\/03\/20\/kujtimi-i-hierodeshmorit-te-shenjte-kozma-nga-etolia-kozmai-stolia-dhe-bukuria-e-botes-pasi-braktisi-boten-e-perkohshme-jeton-ne-perjetesi\/\"},\"wordCount\":1552,\"commentCount\":0,\"publisher\":{\"@id\":\"https:\/\/orthodoxalbania.org\/2020\/#organization\"},\"image\":{\"@id\":\"https:\/\/orthodoxalbania.org\/2020\/2013\/03\/20\/kujtimi-i-hierodeshmorit-te-shenjte-kozma-nga-etolia-kozmai-stolia-dhe-bukuria-e-botes-pasi-braktisi-boten-e-perkohshme-jeton-ne-perjetesi\/#primaryimage\"},\"thumbnailUrl\":\"https:\/\/lh6.googleusercontent.com\/-vPRjvvMW0Kg\/VK5Og_EI4kI\/AAAAAAAAKeQ\/9tHYkdBxfAI\/w412-h600-no\/tekst%2B1_412x600.jpg\",\"keywords\":[\"2010\",\"Kremtime\",\"lajme\",\"Mitropolia Berat\"],\"articleSection\":[\"Lajme\"],\"inLanguage\":\"en-US\"},{\"@type\":\"WebPage\",\"@id\":\"https:\/\/orthodoxalbania.org\/2020\/2013\/03\/20\/kujtimi-i-hierodeshmorit-te-shenjte-kozma-nga-etolia-kozmai-stolia-dhe-bukuria-e-botes-pasi-braktisi-boten-e-perkohshme-jeton-ne-perjetesi\/\",\"url\":\"https:\/\/orthodoxalbania.org\/2020\/2013\/03\/20\/kujtimi-i-hierodeshmorit-te-shenjte-kozma-nga-etolia-kozmai-stolia-dhe-bukuria-e-botes-pasi-braktisi-boten-e-perkohshme-jeton-ne-perjetesi\/\",\"name\":\"Kujtimi i Hierod\u00ebshmorit t\u00eb Shenjt\u00eb Kozma nga Etolia \u201cKozmai, stolia dhe bukuria e bot\u00ebs, pasi braktisi bot\u00ebn e p\u00ebrkohshme, jeton n\u00eb p\u00ebrjet\u00ebsi\u201d. (24 Gusht 2010) - Kisha Orthodh\u03bfkse Autoqefale e Shqip\u00ebris\u00eb\",\"isPartOf\":{\"@id\":\"https:\/\/orthodoxalbania.org\/2020\/#website\"},\"primaryImageOfPage\":{\"@id\":\"https:\/\/orthodoxalbania.org\/2020\/2013\/03\/20\/kujtimi-i-hierodeshmorit-te-shenjte-kozma-nga-etolia-kozmai-stolia-dhe-bukuria-e-botes-pasi-braktisi-boten-e-perkohshme-jeton-ne-perjetesi\/#primaryimage\"},\"image\":{\"@id\":\"https:\/\/orthodoxalbania.org\/2020\/2013\/03\/20\/kujtimi-i-hierodeshmorit-te-shenjte-kozma-nga-etolia-kozmai-stolia-dhe-bukuria-e-botes-pasi-braktisi-boten-e-perkohshme-jeton-ne-perjetesi\/#primaryimage\"},\"thumbnailUrl\":\"https:\/\/lh6.googleusercontent.com\/-vPRjvvMW0Kg\/VK5Og_EI4kI\/AAAAAAAAKeQ\/9tHYkdBxfAI\/w412-h600-no\/tekst%2B1_412x600.jpg\",\"datePublished\":\"2013-03-20T12:54:42+00:00\",\"dateModified\":\"2020-04-06T20:32:22+00:00\",\"breadcrumb\":{\"@id\":\"https:\/\/orthodoxalbania.org\/2020\/2013\/03\/20\/kujtimi-i-hierodeshmorit-te-shenjte-kozma-nga-etolia-kozmai-stolia-dhe-bukuria-e-botes-pasi-braktisi-boten-e-perkohshme-jeton-ne-perjetesi\/#breadcrumb\"},\"inLanguage\":\"en-US\",\"potentialAction\":[{\"@type\":\"ReadAction\",\"target\":[\"https:\/\/orthodoxalbania.org\/2020\/2013\/03\/20\/kujtimi-i-hierodeshmorit-te-shenjte-kozma-nga-etolia-kozmai-stolia-dhe-bukuria-e-botes-pasi-braktisi-boten-e-perkohshme-jeton-ne-perjetesi\/\"]}]},{\"@type\":\"ImageObject\",\"inLanguage\":\"en-US\",\"@id\":\"https:\/\/orthodoxalbania.org\/2020\/2013\/03\/20\/kujtimi-i-hierodeshmorit-te-shenjte-kozma-nga-etolia-kozmai-stolia-dhe-bukuria-e-botes-pasi-braktisi-boten-e-perkohshme-jeton-ne-perjetesi\/#primaryimage\",\"url\":\"https:\/\/lh6.googleusercontent.com\/-vPRjvvMW0Kg\/VK5Og_EI4kI\/AAAAAAAAKeQ\/9tHYkdBxfAI\/w412-h600-no\/tekst%2B1_412x600.jpg\",\"contentUrl\":\"https:\/\/lh6.googleusercontent.com\/-vPRjvvMW0Kg\/VK5Og_EI4kI\/AAAAAAAAKeQ\/9tHYkdBxfAI\/w412-h600-no\/tekst%2B1_412x600.jpg\"},{\"@type\":\"BreadcrumbList\",\"@id\":\"https:\/\/orthodoxalbania.org\/2020\/2013\/03\/20\/kujtimi-i-hierodeshmorit-te-shenjte-kozma-nga-etolia-kozmai-stolia-dhe-bukuria-e-botes-pasi-braktisi-boten-e-perkohshme-jeton-ne-perjetesi\/#breadcrumb\",\"itemListElement\":[{\"@type\":\"ListItem\",\"position\":1,\"name\":\"Home\",\"item\":\"https:\/\/orthodoxalbania.org\/2020\/\"},{\"@type\":\"ListItem\",\"position\":2,\"name\":\"Kujtimi i Hierod\u00ebshmorit t\u00eb Shenjt\u00eb Kozma nga Etolia \u201cKozmai, stolia dhe bukuria e bot\u00ebs, pasi braktisi bot\u00ebn e p\u00ebrkohshme, jeton n\u00eb p\u00ebrjet\u00ebsi\u201d. (24 Gusht 2010)\"}]},{\"@type\":\"WebSite\",\"@id\":\"https:\/\/orthodoxalbania.org\/2020\/#website\",\"url\":\"https:\/\/orthodoxalbania.org\/2020\/\",\"name\":\"Kisha Orthodh\u03bfkse Autoqefale e Shqip\u00ebris\u00eb\",\"description\":\"Fqja Zyrtare e Kish\u00ebs Orthodhokse Autoqefale e Shqip\u00ebris\u00eb me lajmet edhe informacionet zyrtare p\u00ebr struktur\u00ebn edhe veprimtarin e saj.\",\"publisher\":{\"@id\":\"https:\/\/orthodoxalbania.org\/2020\/#organization\"},\"potentialAction\":[{\"@type\":\"SearchAction\",\"target\":{\"@type\":\"EntryPoint\",\"urlTemplate\":\"https:\/\/orthodoxalbania.org\/2020\/?s={search_term_string}\"},\"query-input\":{\"@type\":\"PropertyValueSpecification\",\"valueRequired\":true,\"valueName\":\"search_term_string\"}}],\"inLanguage\":\"en-US\"},{\"@type\":\"Organization\",\"@id\":\"https:\/\/orthodoxalbania.org\/2020\/#organization\",\"name\":\"Kisha Orthodhokse Autoqefale e Shqip\u00ebris\u00eb\",\"url\":\"https:\/\/orthodoxalbania.org\/2020\/\",\"logo\":{\"@type\":\"ImageObject\",\"inLanguage\":\"en-US\",\"@id\":\"https:\/\/orthodoxalbania.org\/2020\/#\/schema\/logo\/image\/\",\"url\":\"https:\/\/orthodoxalbania.org\/2020\/wp-content\/uploads\/2020\/05\/albania.jpeg\",\"contentUrl\":\"https:\/\/orthodoxalbania.org\/2020\/wp-content\/uploads\/2020\/05\/albania.jpeg\",\"width\":540,\"height\":540,\"caption\":\"Kisha Orthodhokse Autoqefale e Shqip\u00ebris\u00eb\"},\"image\":{\"@id\":\"https:\/\/orthodoxalbania.org\/2020\/#\/schema\/logo\/image\/\"},\"sameAs\":[\"https:\/\/www.facebook.com\/koash1991\"]},{\"@type\":\"Person\",\"@id\":\"https:\/\/orthodoxalbania.org\/2020\/#\/schema\/person\/0c387634a7063ac612d7ed9ce71c7e86\",\"name\":\"Kisha Orthodhokse\",\"image\":{\"@type\":\"ImageObject\",\"inLanguage\":\"en-US\",\"@id\":\"https:\/\/secure.gravatar.com\/avatar\/596e7c417251e30f2fbb9c00e026fce61a695a00e51c889caded71c96cbbdde5?s=96&d=mm&r=g\",\"url\":\"https:\/\/secure.gravatar.com\/avatar\/596e7c417251e30f2fbb9c00e026fce61a695a00e51c889caded71c96cbbdde5?s=96&d=mm&r=g\",\"contentUrl\":\"https:\/\/secure.gravatar.com\/avatar\/596e7c417251e30f2fbb9c00e026fce61a695a00e51c889caded71c96cbbdde5?s=96&d=mm&r=g\",\"caption\":\"Kisha Orthodhokse\"}}]}<\/script>\n<!-- \/ Yoast SEO plugin. -->","yoast_head_json":{"title":"Kujtimi i Hierod\u00ebshmorit t\u00eb Shenjt\u00eb Kozma nga Etolia \u201cKozmai, stolia dhe bukuria e bot\u00ebs, pasi braktisi bot\u00ebn e p\u00ebrkohshme, jeton n\u00eb p\u00ebrjet\u00ebsi\u201d. (24 Gusht 2010) - Kisha Orthodh\u03bfkse Autoqefale e Shqip\u00ebris\u00eb","robots":{"index":"index","follow":"follow","max-snippet":"max-snippet:-1","max-image-preview":"max-image-preview:large","max-video-preview":"max-video-preview:-1"},"canonical":"https:\/\/orthodoxalbania.org\/2020\/2013\/03\/20\/kujtimi-i-hierodeshmorit-te-shenjte-kozma-nga-etolia-kozmai-stolia-dhe-bukuria-e-botes-pasi-braktisi-boten-e-perkohshme-jeton-ne-perjetesi\/","og_locale":"en_US","og_type":"article","og_title":"Kujtimi i Hierod\u00ebshmorit t\u00eb Shenjt\u00eb Kozma nga Etolia \u201cKozmai, stolia dhe bukuria e bot\u00ebs, pasi braktisi bot\u00ebn e p\u00ebrkohshme, jeton n\u00eb p\u00ebrjet\u00ebsi\u201d. (24 Gusht 2010) - Kisha Orthodh\u03bfkse Autoqefale e Shqip\u00ebris\u00eb","og_description":"&nbsp;&nbsp;&nbsp; Me k\u00ebto fjal\u00eb, biografi i hirsh\u00ebm, karakterizon personalitetin e shenjt\u00eb dhe pun\u00ebn e hierod\u00ebshmorit sh\u00ebn Kozma, i cili kremtohet \u00e7do 24 Gusht. &nbsp;&nbsp;&nbsp; Me qindra besimtar\u00eb u mblodh\u00ebn dhe sivjet ne Manastirin e hirsh\u00ebm t\u00eb Sh\u00ebn Kozmait n\u00eb Kolkondas t\u00eb Fierit, t\u00eb cil\u00ebt ndoq\u00ebn dhe mor\u00ebn pjes\u00eb n\u00eb Liturgjin\u00eb e Shenjt\u00eb t\u00eb drejtuar nga Mitropoliti i Beratit, Vlor\u00ebs, Kanin\u00ebs dhe gjith\u00eb Myzeqes\u00eb Imzot Ignati.","og_url":"https:\/\/orthodoxalbania.org\/2020\/2013\/03\/20\/kujtimi-i-hierodeshmorit-te-shenjte-kozma-nga-etolia-kozmai-stolia-dhe-bukuria-e-botes-pasi-braktisi-boten-e-perkohshme-jeton-ne-perjetesi\/","og_site_name":"Kisha Orthodh\u03bfkse Autoqefale e Shqip\u00ebris\u00eb","article_publisher":"https:\/\/www.facebook.com\/koash1991","article_published_time":"2013-03-20T12:54:42+00:00","article_modified_time":"2020-04-06T20:32:22+00:00","og_image":[{"url":"https:\/\/lh6.googleusercontent.com\/-vPRjvvMW0Kg\/VK5Og_EI4kI\/AAAAAAAAKeQ\/9tHYkdBxfAI\/w412-h600-no\/tekst%2B1_412x600.jpg","type":"","width":"","height":""}],"author":"Kisha Orthodhokse","twitter_card":"summary_large_image","twitter_misc":{"Written by":"Kisha Orthodhokse","Est. reading time":"8 minutes"},"schema":{"@context":"https:\/\/schema.org","@graph":[{"@type":"Article","@id":"https:\/\/orthodoxalbania.org\/2020\/2013\/03\/20\/kujtimi-i-hierodeshmorit-te-shenjte-kozma-nga-etolia-kozmai-stolia-dhe-bukuria-e-botes-pasi-braktisi-boten-e-perkohshme-jeton-ne-perjetesi\/#article","isPartOf":{"@id":"https:\/\/orthodoxalbania.org\/2020\/2013\/03\/20\/kujtimi-i-hierodeshmorit-te-shenjte-kozma-nga-etolia-kozmai-stolia-dhe-bukuria-e-botes-pasi-braktisi-boten-e-perkohshme-jeton-ne-perjetesi\/"},"author":{"name":"Kisha Orthodhokse","@id":"https:\/\/orthodoxalbania.org\/2020\/#\/schema\/person\/0c387634a7063ac612d7ed9ce71c7e86"},"headline":"Kujtimi i Hierod\u00ebshmorit t\u00eb Shenjt\u00eb Kozma nga Etolia \u201cKozmai, stolia dhe bukuria e bot\u00ebs, pasi braktisi bot\u00ebn e p\u00ebrkohshme, jeton n\u00eb p\u00ebrjet\u00ebsi\u201d. (24 Gusht 2010)","datePublished":"2013-03-20T12:54:42+00:00","dateModified":"2020-04-06T20:32:22+00:00","mainEntityOfPage":{"@id":"https:\/\/orthodoxalbania.org\/2020\/2013\/03\/20\/kujtimi-i-hierodeshmorit-te-shenjte-kozma-nga-etolia-kozmai-stolia-dhe-bukuria-e-botes-pasi-braktisi-boten-e-perkohshme-jeton-ne-perjetesi\/"},"wordCount":1552,"commentCount":0,"publisher":{"@id":"https:\/\/orthodoxalbania.org\/2020\/#organization"},"image":{"@id":"https:\/\/orthodoxalbania.org\/2020\/2013\/03\/20\/kujtimi-i-hierodeshmorit-te-shenjte-kozma-nga-etolia-kozmai-stolia-dhe-bukuria-e-botes-pasi-braktisi-boten-e-perkohshme-jeton-ne-perjetesi\/#primaryimage"},"thumbnailUrl":"https:\/\/lh6.googleusercontent.com\/-vPRjvvMW0Kg\/VK5Og_EI4kI\/AAAAAAAAKeQ\/9tHYkdBxfAI\/w412-h600-no\/tekst%2B1_412x600.jpg","keywords":["2010","Kremtime","lajme","Mitropolia Berat"],"articleSection":["Lajme"],"inLanguage":"en-US"},{"@type":"WebPage","@id":"https:\/\/orthodoxalbania.org\/2020\/2013\/03\/20\/kujtimi-i-hierodeshmorit-te-shenjte-kozma-nga-etolia-kozmai-stolia-dhe-bukuria-e-botes-pasi-braktisi-boten-e-perkohshme-jeton-ne-perjetesi\/","url":"https:\/\/orthodoxalbania.org\/2020\/2013\/03\/20\/kujtimi-i-hierodeshmorit-te-shenjte-kozma-nga-etolia-kozmai-stolia-dhe-bukuria-e-botes-pasi-braktisi-boten-e-perkohshme-jeton-ne-perjetesi\/","name":"Kujtimi i Hierod\u00ebshmorit t\u00eb Shenjt\u00eb Kozma nga Etolia \u201cKozmai, stolia dhe bukuria e bot\u00ebs, pasi braktisi bot\u00ebn e p\u00ebrkohshme, jeton n\u00eb p\u00ebrjet\u00ebsi\u201d. (24 Gusht 2010) - Kisha Orthodh\u03bfkse Autoqefale e Shqip\u00ebris\u00eb","isPartOf":{"@id":"https:\/\/orthodoxalbania.org\/2020\/#website"},"primaryImageOfPage":{"@id":"https:\/\/orthodoxalbania.org\/2020\/2013\/03\/20\/kujtimi-i-hierodeshmorit-te-shenjte-kozma-nga-etolia-kozmai-stolia-dhe-bukuria-e-botes-pasi-braktisi-boten-e-perkohshme-jeton-ne-perjetesi\/#primaryimage"},"image":{"@id":"https:\/\/orthodoxalbania.org\/2020\/2013\/03\/20\/kujtimi-i-hierodeshmorit-te-shenjte-kozma-nga-etolia-kozmai-stolia-dhe-bukuria-e-botes-pasi-braktisi-boten-e-perkohshme-jeton-ne-perjetesi\/#primaryimage"},"thumbnailUrl":"https:\/\/lh6.googleusercontent.com\/-vPRjvvMW0Kg\/VK5Og_EI4kI\/AAAAAAAAKeQ\/9tHYkdBxfAI\/w412-h600-no\/tekst%2B1_412x600.jpg","datePublished":"2013-03-20T12:54:42+00:00","dateModified":"2020-04-06T20:32:22+00:00","breadcrumb":{"@id":"https:\/\/orthodoxalbania.org\/2020\/2013\/03\/20\/kujtimi-i-hierodeshmorit-te-shenjte-kozma-nga-etolia-kozmai-stolia-dhe-bukuria-e-botes-pasi-braktisi-boten-e-perkohshme-jeton-ne-perjetesi\/#breadcrumb"},"inLanguage":"en-US","potentialAction":[{"@type":"ReadAction","target":["https:\/\/orthodoxalbania.org\/2020\/2013\/03\/20\/kujtimi-i-hierodeshmorit-te-shenjte-kozma-nga-etolia-kozmai-stolia-dhe-bukuria-e-botes-pasi-braktisi-boten-e-perkohshme-jeton-ne-perjetesi\/"]}]},{"@type":"ImageObject","inLanguage":"en-US","@id":"https:\/\/orthodoxalbania.org\/2020\/2013\/03\/20\/kujtimi-i-hierodeshmorit-te-shenjte-kozma-nga-etolia-kozmai-stolia-dhe-bukuria-e-botes-pasi-braktisi-boten-e-perkohshme-jeton-ne-perjetesi\/#primaryimage","url":"https:\/\/lh6.googleusercontent.com\/-vPRjvvMW0Kg\/VK5Og_EI4kI\/AAAAAAAAKeQ\/9tHYkdBxfAI\/w412-h600-no\/tekst%2B1_412x600.jpg","contentUrl":"https:\/\/lh6.googleusercontent.com\/-vPRjvvMW0Kg\/VK5Og_EI4kI\/AAAAAAAAKeQ\/9tHYkdBxfAI\/w412-h600-no\/tekst%2B1_412x600.jpg"},{"@type":"BreadcrumbList","@id":"https:\/\/orthodoxalbania.org\/2020\/2013\/03\/20\/kujtimi-i-hierodeshmorit-te-shenjte-kozma-nga-etolia-kozmai-stolia-dhe-bukuria-e-botes-pasi-braktisi-boten-e-perkohshme-jeton-ne-perjetesi\/#breadcrumb","itemListElement":[{"@type":"ListItem","position":1,"name":"Home","item":"https:\/\/orthodoxalbania.org\/2020\/"},{"@type":"ListItem","position":2,"name":"Kujtimi i Hierod\u00ebshmorit t\u00eb Shenjt\u00eb Kozma nga Etolia \u201cKozmai, stolia dhe bukuria e bot\u00ebs, pasi braktisi bot\u00ebn e p\u00ebrkohshme, jeton n\u00eb p\u00ebrjet\u00ebsi\u201d. (24 Gusht 2010)"}]},{"@type":"WebSite","@id":"https:\/\/orthodoxalbania.org\/2020\/#website","url":"https:\/\/orthodoxalbania.org\/2020\/","name":"Kisha Orthodh\u03bfkse Autoqefale e Shqip\u00ebris\u00eb","description":"Fqja Zyrtare e Kish\u00ebs Orthodhokse Autoqefale e Shqip\u00ebris\u00eb me lajmet edhe informacionet zyrtare p\u00ebr struktur\u00ebn edhe veprimtarin e saj.","publisher":{"@id":"https:\/\/orthodoxalbania.org\/2020\/#organization"},"potentialAction":[{"@type":"SearchAction","target":{"@type":"EntryPoint","urlTemplate":"https:\/\/orthodoxalbania.org\/2020\/?s={search_term_string}"},"query-input":{"@type":"PropertyValueSpecification","valueRequired":true,"valueName":"search_term_string"}}],"inLanguage":"en-US"},{"@type":"Organization","@id":"https:\/\/orthodoxalbania.org\/2020\/#organization","name":"Kisha Orthodhokse Autoqefale e Shqip\u00ebris\u00eb","url":"https:\/\/orthodoxalbania.org\/2020\/","logo":{"@type":"ImageObject","inLanguage":"en-US","@id":"https:\/\/orthodoxalbania.org\/2020\/#\/schema\/logo\/image\/","url":"https:\/\/orthodoxalbania.org\/2020\/wp-content\/uploads\/2020\/05\/albania.jpeg","contentUrl":"https:\/\/orthodoxalbania.org\/2020\/wp-content\/uploads\/2020\/05\/albania.jpeg","width":540,"height":540,"caption":"Kisha Orthodhokse Autoqefale e Shqip\u00ebris\u00eb"},"image":{"@id":"https:\/\/orthodoxalbania.org\/2020\/#\/schema\/logo\/image\/"},"sameAs":["https:\/\/www.facebook.com\/koash1991"]},{"@type":"Person","@id":"https:\/\/orthodoxalbania.org\/2020\/#\/schema\/person\/0c387634a7063ac612d7ed9ce71c7e86","name":"Kisha Orthodhokse","image":{"@type":"ImageObject","inLanguage":"en-US","@id":"https:\/\/secure.gravatar.com\/avatar\/596e7c417251e30f2fbb9c00e026fce61a695a00e51c889caded71c96cbbdde5?s=96&d=mm&r=g","url":"https:\/\/secure.gravatar.com\/avatar\/596e7c417251e30f2fbb9c00e026fce61a695a00e51c889caded71c96cbbdde5?s=96&d=mm&r=g","contentUrl":"https:\/\/secure.gravatar.com\/avatar\/596e7c417251e30f2fbb9c00e026fce61a695a00e51c889caded71c96cbbdde5?s=96&d=mm&r=g","caption":"Kisha Orthodhokse"}}]}},"_links":{"self":[{"href":"https:\/\/orthodoxalbania.org\/2020\/wp-json\/wp\/v2\/posts\/900","targetHints":{"allow":["GET"]}}],"collection":[{"href":"https:\/\/orthodoxalbania.org\/2020\/wp-json\/wp\/v2\/posts"}],"about":[{"href":"https:\/\/orthodoxalbania.org\/2020\/wp-json\/wp\/v2\/types\/post"}],"author":[{"embeddable":true,"href":"https:\/\/orthodoxalbania.org\/2020\/wp-json\/wp\/v2\/users\/1"}],"replies":[{"embeddable":true,"href":"https:\/\/orthodoxalbania.org\/2020\/wp-json\/wp\/v2\/comments?post=900"}],"version-history":[{"count":1,"href":"https:\/\/orthodoxalbania.org\/2020\/wp-json\/wp\/v2\/posts\/900\/revisions"}],"predecessor-version":[{"id":15481,"href":"https:\/\/orthodoxalbania.org\/2020\/wp-json\/wp\/v2\/posts\/900\/revisions\/15481"}],"wp:attachment":[{"href":"https:\/\/orthodoxalbania.org\/2020\/wp-json\/wp\/v2\/media?parent=900"}],"wp:term":[{"taxonomy":"category","embeddable":true,"href":"https:\/\/orthodoxalbania.org\/2020\/wp-json\/wp\/v2\/categories?post=900"},{"taxonomy":"post_tag","embeddable":true,"href":"https:\/\/orthodoxalbania.org\/2020\/wp-json\/wp\/v2\/tags?post=900"}],"curies":[{"name":"wp","href":"https:\/\/api.w.org\/{rel}","templated":true}]}}