{"id":898,"date":"2013-03-20T13:09:59","date_gmt":"2013-03-20T13:09:59","guid":{"rendered":""},"modified":"2020-04-06T22:32:16","modified_gmt":"2020-04-06T20:32:16","slug":"kryeredaktorit-te-gazeta-shqiptare","status":"publish","type":"post","link":"https:\/\/orthodoxalbania.org\/2020\/2013\/03\/20\/kryeredaktorit-te-gazeta-shqiptare\/","title":{"rendered":"Kryeredaktorit t\u00eb GAZETA SHQIPTARE. (25 N\u00ebntor 2010)"},"content":{"rendered":"<div style=\"text-align: justify;\">\n\t<span style=\"color:#000000;\"><span style=\"font-family: tahoma,geneva,sans-serif;\"><span style=\"font-size: 12px;\">&nbsp;&nbsp;&nbsp; T\u00eb m\u00ebrkur\u00ebn, m\u00eb 17 n\u00ebntor 2010, n\u00eb mjediset e Hotel Tirana International Bashkia e Tiran\u00ebs paraqiti projektin p\u00ebr nj\u00eb muze t\u00eb bashk\u00ebjet\u00ebs\u00ebs fetare. N\u00eb ket\u00eb takim mor\u00ebn pjes\u00eb dhe p\u00ebrsh\u00ebndet\u00ebn edhe p\u00ebrfaq\u00ebsuesit e t\u00eb kat\u00ebr Komuniteteve Fetare tradicionale. Vum\u00eb re me keqardhje se n\u00eb gazet\u00ebn tuaj t\u00eb dat\u00ebs 18 n\u00ebntor, n\u00eb shkrimin p\u00ebrkat\u00ebs, nga gazetarja Ermelinda Hoxhaj ishte b\u00ebr\u00eb nj\u00eb paraqitje e deformuar e veprimtaris\u00eb. N\u00eb asnj\u00eb rresht t\u00eb tij nuk p\u00ebrmendej pjes\u00ebmarrja dhe p\u00ebrsh\u00ebndetja e p\u00ebrfaq\u00ebsuesit t\u00eb Kish\u00ebs Orthodhokse Autoqefale t\u00eb Shqip\u00ebris\u00eb. Nd\u00ebrsa Komunitetet e tjera Fetare jo vet\u00ebm p\u00ebrmendeshin, por n\u00eb tri kolona t\u00eb ve\u00e7anta ishin vendosur emrat, funksionet, si dhe citime nga p\u00ebrsh\u00ebndetjet e tyre. Edhe m\u00eb i \u00e7uditsh\u00ebm e tendencioz ishte p\u00ebrcaktimi i priftit katolik Dom Gjergj Meta si p\u00ebrfaq\u00ebsues edhe i Komunitetit Orthodhoks!<\/span><\/span><\/span><\/div>\n<div style=\"text-align: justify;\">\n\t<br \/>\n\t<span style=\"color:#000000;\"><span style=\"font-family: tahoma,geneva,sans-serif;\"><span style=\"font-size: 12px;\">&nbsp;&nbsp;&nbsp; Kjo m\u00ebnyr\u00eb paraqitjeje dhe diskriminimi e nj\u00ebrit nga Komunitetet Fetare tradicionale c\u00ebnon harmonin\u00eb dhe barazin\u00eb fetare, p\u00ebr t\u00eb cil\u00ebn vendi yn\u00eb \u00ebsht\u00eb krenohet e p\u00ebr t\u00eb cil\u00ebn flitet nga t\u00eb gjith\u00eb, brenda dhe jasht\u00eb vendit, si edhe nga gazeta juaj, si\u00e7 ishte edhe q\u00ebllimi i aktivitetit n\u00eb fjal\u00eb. Gjithashtu, mendojm\u00eb se, kjo m\u00ebnyr\u00eb paraqitjeje nuk pasqyron standardet e nj\u00eb media korrekte, t\u00eb lir\u00eb, t\u00eb emancipuar dhe t\u00eb pavarur q\u00eb pretendon t\u00eb pasqyroj\u00eb frym\u00ebn dhe kultur\u00ebn evropiane n\u00eb Shqip\u00ebri.<\/span><\/span><\/span><\/div>\n<div style=\"text-align: justify;\">\n\t<br \/>\n\t<span style=\"color:#000000;\"><span style=\"font-family: tahoma,geneva,sans-serif;\"><span style=\"font-size: 12px;\">&nbsp;&nbsp;&nbsp;&nbsp; Mbetemi me shpres\u00ebn se gabime t\u00eb tilla nuk do t\u00eb p\u00ebrs\u00ebriten m\u00eb n\u00eb t\u00eb ardhmen.<\/span><\/span><\/span><\/div>\n<div style=\"text-align: justify;\">\n\t&nbsp;<\/div>\n<div style=\"text-align: right;\">\n\t<br \/>\n\t<span style=\"color:#000000;\"><span style=\"font-family: tahoma,geneva,sans-serif;\"><span style=\"font-size: 12px;\">Tiran\u00eb, 25. 11. 2010<\/span><\/span><\/span><\/div>\n<div style=\"text-align: right;\">\n\t<br \/>\n\t<span style=\"color:#000000;\"><span style=\"font-family: tahoma,geneva,sans-serif;\"><span style=\"font-size: 12px;\"><strong>Zyra e Shtypit<\/strong><br \/>\n\t<strong>e Kish\u00ebs Orthodhokse Autoqefale t\u00eb Shqip\u00ebris\u00eb<\/strong><\/span><\/span><\/span><\/div>\n","protected":false},"excerpt":{"rendered":"<p>&nbsp;&nbsp;&nbsp; T\u00eb m\u00ebrkur\u00ebn, m\u00eb 17 n\u00ebntor 2010, n\u00eb mjediset e Hotel Tirana International Bashkia e Tiran\u00ebs paraqiti projektin p\u00ebr nj\u00eb muze t\u00eb bashk\u00ebjet\u00ebs\u00ebs fetare. N\u00eb ket\u00eb takim mor\u00ebn pjes\u00eb dhe p\u00ebrsh\u00ebndet\u00ebn edhe p\u00ebrfaq\u00ebsuesit e t\u00eb kat\u00ebr Komuniteteve Fetare tradicionale. Vum\u00eb re me keqardhje se n\u00eb gazet\u00ebn tuaj t\u00eb dat\u00ebs 18 n\u00ebntor, n\u00eb shkrimin p\u00ebrkat\u00ebs, nga gazetarja Ermelinda Hoxhaj ishte b\u00ebr\u00eb nj\u00eb paraqitje e deformuar e<\/p>\n","protected":false},"author":1,"featured_media":0,"comment_status":"open","ping_status":"open","sticky":false,"template":"","format":"standard","meta":{"_acf_changed":false,"pagelayer_contact_templates":[],"_pagelayer_content":"","inline_featured_image":false,"fifu_image_url":"","fifu_image_alt":"","footnotes":""},"categories":[108],"tags":[144,153,196,212,203],"class_list":["post-898","post","type-post","status-publish","format-standard","hentry","category-lajme","tag-144","tag-deklarata-njoftime-zyrtare-d75","tag-tirane","tag-lajme-d27","tag-pergjigje-ndaj-akuzave"],"acf":[],"yoast_head":"<!-- This site is optimized with the Yoast SEO plugin v27.2 - https:\/\/yoast.com\/product\/yoast-seo-wordpress\/ -->\n<title>Kryeredaktorit t\u00eb GAZETA SHQIPTARE. (25 N\u00ebntor 2010) - Kisha Orthodh\u03bfkse Autoqefale e Shqip\u00ebris\u00eb<\/title>\n<meta name=\"robots\" content=\"index, follow, max-snippet:-1, max-image-preview:large, max-video-preview:-1\" \/>\n<link rel=\"canonical\" href=\"https:\/\/orthodoxalbania.org\/2020\/2013\/03\/20\/kryeredaktorit-te-gazeta-shqiptare\/\" \/>\n<meta property=\"og:locale\" content=\"en_US\" \/>\n<meta property=\"og:type\" content=\"article\" \/>\n<meta property=\"og:title\" content=\"Kryeredaktorit t\u00eb GAZETA SHQIPTARE. (25 N\u00ebntor 2010) - Kisha Orthodh\u03bfkse Autoqefale e Shqip\u00ebris\u00eb\" \/>\n<meta property=\"og:description\" content=\"&nbsp;&nbsp;&nbsp; T\u00eb m\u00ebrkur\u00ebn, m\u00eb 17 n\u00ebntor 2010, n\u00eb mjediset e Hotel Tirana International Bashkia e Tiran\u00ebs paraqiti projektin p\u00ebr nj\u00eb muze t\u00eb bashk\u00ebjet\u00ebs\u00ebs fetare. N\u00eb ket\u00eb takim mor\u00ebn pjes\u00eb dhe p\u00ebrsh\u00ebndet\u00ebn edhe p\u00ebrfaq\u00ebsuesit e t\u00eb kat\u00ebr Komuniteteve Fetare tradicionale. Vum\u00eb re me keqardhje se n\u00eb gazet\u00ebn tuaj t\u00eb dat\u00ebs 18 n\u00ebntor, n\u00eb shkrimin p\u00ebrkat\u00ebs, nga gazetarja Ermelinda Hoxhaj ishte b\u00ebr\u00eb nj\u00eb paraqitje e deformuar e\" \/>\n<meta property=\"og:url\" content=\"https:\/\/orthodoxalbania.org\/2020\/2013\/03\/20\/kryeredaktorit-te-gazeta-shqiptare\/\" \/>\n<meta property=\"og:site_name\" content=\"Kisha Orthodh\u03bfkse Autoqefale e Shqip\u00ebris\u00eb\" \/>\n<meta property=\"article:publisher\" content=\"https:\/\/www.facebook.com\/koash1991\" \/>\n<meta property=\"article:published_time\" content=\"2013-03-20T13:09:59+00:00\" \/>\n<meta property=\"article:modified_time\" content=\"2020-04-06T20:32:16+00:00\" \/>\n<meta property=\"og:image\" content=\"https:\/\/orthodoxalbania.org\/2020\/wp-content\/uploads\/2021\/02\/LogoLastALb-200.png\" \/>\n\t<meta property=\"og:image:width\" content=\"200\" \/>\n\t<meta property=\"og:image:height\" content=\"172\" \/>\n\t<meta property=\"og:image:type\" content=\"image\/png\" \/>\n<meta name=\"author\" content=\"Kisha Orthodhokse\" \/>\n<meta name=\"twitter:card\" content=\"summary_large_image\" \/>\n<meta name=\"twitter:label1\" content=\"Written by\" \/>\n\t<meta name=\"twitter:data1\" content=\"Kisha Orthodhokse\" \/>\n\t<meta name=\"twitter:label2\" content=\"Est. reading time\" \/>\n\t<meta name=\"twitter:data2\" content=\"1 minute\" \/>\n<script type=\"application\/ld+json\" class=\"yoast-schema-graph\">{\"@context\":\"https:\/\/schema.org\",\"@graph\":[{\"@type\":\"Article\",\"@id\":\"https:\/\/orthodoxalbania.org\/2020\/2013\/03\/20\/kryeredaktorit-te-gazeta-shqiptare\/#article\",\"isPartOf\":{\"@id\":\"https:\/\/orthodoxalbania.org\/2020\/2013\/03\/20\/kryeredaktorit-te-gazeta-shqiptare\/\"},\"author\":{\"name\":\"Kisha Orthodhokse\",\"@id\":\"https:\/\/orthodoxalbania.org\/2020\/#\/schema\/person\/0c387634a7063ac612d7ed9ce71c7e86\"},\"headline\":\"Kryeredaktorit t\u00eb GAZETA SHQIPTARE. (25 N\u00ebntor 2010)\",\"datePublished\":\"2013-03-20T13:09:59+00:00\",\"dateModified\":\"2020-04-06T20:32:16+00:00\",\"mainEntityOfPage\":{\"@id\":\"https:\/\/orthodoxalbania.org\/2020\/2013\/03\/20\/kryeredaktorit-te-gazeta-shqiptare\/\"},\"wordCount\":301,\"commentCount\":0,\"publisher\":{\"@id\":\"https:\/\/orthodoxalbania.org\/2020\/#organization\"},\"keywords\":[\"2010\",\"Deklarata - Njoftime Zyrtare\",\"Kryepiskopata Tiran\u00eb\",\"lajme\",\"P\u00ebrgjigje ndaj akuzave\"],\"articleSection\":[\"Lajme\"],\"inLanguage\":\"en-US\"},{\"@type\":\"WebPage\",\"@id\":\"https:\/\/orthodoxalbania.org\/2020\/2013\/03\/20\/kryeredaktorit-te-gazeta-shqiptare\/\",\"url\":\"https:\/\/orthodoxalbania.org\/2020\/2013\/03\/20\/kryeredaktorit-te-gazeta-shqiptare\/\",\"name\":\"Kryeredaktorit t\u00eb GAZETA SHQIPTARE. (25 N\u00ebntor 2010) - Kisha Orthodh\u03bfkse Autoqefale e Shqip\u00ebris\u00eb\",\"isPartOf\":{\"@id\":\"https:\/\/orthodoxalbania.org\/2020\/#website\"},\"datePublished\":\"2013-03-20T13:09:59+00:00\",\"dateModified\":\"2020-04-06T20:32:16+00:00\",\"breadcrumb\":{\"@id\":\"https:\/\/orthodoxalbania.org\/2020\/2013\/03\/20\/kryeredaktorit-te-gazeta-shqiptare\/#breadcrumb\"},\"inLanguage\":\"en-US\",\"potentialAction\":[{\"@type\":\"ReadAction\",\"target\":[\"https:\/\/orthodoxalbania.org\/2020\/2013\/03\/20\/kryeredaktorit-te-gazeta-shqiptare\/\"]}]},{\"@type\":\"BreadcrumbList\",\"@id\":\"https:\/\/orthodoxalbania.org\/2020\/2013\/03\/20\/kryeredaktorit-te-gazeta-shqiptare\/#breadcrumb\",\"itemListElement\":[{\"@type\":\"ListItem\",\"position\":1,\"name\":\"Home\",\"item\":\"https:\/\/orthodoxalbania.org\/2020\/\"},{\"@type\":\"ListItem\",\"position\":2,\"name\":\"Kryeredaktorit t\u00eb GAZETA SHQIPTARE. (25 N\u00ebntor 2010)\"}]},{\"@type\":\"WebSite\",\"@id\":\"https:\/\/orthodoxalbania.org\/2020\/#website\",\"url\":\"https:\/\/orthodoxalbania.org\/2020\/\",\"name\":\"Kisha Orthodh\u03bfkse Autoqefale e Shqip\u00ebris\u00eb\",\"description\":\"Fqja Zyrtare e Kish\u00ebs Orthodhokse Autoqefale e Shqip\u00ebris\u00eb me lajmet edhe informacionet zyrtare p\u00ebr struktur\u00ebn edhe veprimtarin e saj.\",\"publisher\":{\"@id\":\"https:\/\/orthodoxalbania.org\/2020\/#organization\"},\"potentialAction\":[{\"@type\":\"SearchAction\",\"target\":{\"@type\":\"EntryPoint\",\"urlTemplate\":\"https:\/\/orthodoxalbania.org\/2020\/?s={search_term_string}\"},\"query-input\":{\"@type\":\"PropertyValueSpecification\",\"valueRequired\":true,\"valueName\":\"search_term_string\"}}],\"inLanguage\":\"en-US\"},{\"@type\":\"Organization\",\"@id\":\"https:\/\/orthodoxalbania.org\/2020\/#organization\",\"name\":\"Kisha Orthodhokse Autoqefale e Shqip\u00ebris\u00eb\",\"url\":\"https:\/\/orthodoxalbania.org\/2020\/\",\"logo\":{\"@type\":\"ImageObject\",\"inLanguage\":\"en-US\",\"@id\":\"https:\/\/orthodoxalbania.org\/2020\/#\/schema\/logo\/image\/\",\"url\":\"https:\/\/orthodoxalbania.org\/2020\/wp-content\/uploads\/2020\/05\/albania.jpeg\",\"contentUrl\":\"https:\/\/orthodoxalbania.org\/2020\/wp-content\/uploads\/2020\/05\/albania.jpeg\",\"width\":540,\"height\":540,\"caption\":\"Kisha Orthodhokse Autoqefale e Shqip\u00ebris\u00eb\"},\"image\":{\"@id\":\"https:\/\/orthodoxalbania.org\/2020\/#\/schema\/logo\/image\/\"},\"sameAs\":[\"https:\/\/www.facebook.com\/koash1991\"]},{\"@type\":\"Person\",\"@id\":\"https:\/\/orthodoxalbania.org\/2020\/#\/schema\/person\/0c387634a7063ac612d7ed9ce71c7e86\",\"name\":\"Kisha Orthodhokse\",\"image\":{\"@type\":\"ImageObject\",\"inLanguage\":\"en-US\",\"@id\":\"https:\/\/secure.gravatar.com\/avatar\/596e7c417251e30f2fbb9c00e026fce61a695a00e51c889caded71c96cbbdde5?s=96&d=mm&r=g\",\"url\":\"https:\/\/secure.gravatar.com\/avatar\/596e7c417251e30f2fbb9c00e026fce61a695a00e51c889caded71c96cbbdde5?s=96&d=mm&r=g\",\"contentUrl\":\"https:\/\/secure.gravatar.com\/avatar\/596e7c417251e30f2fbb9c00e026fce61a695a00e51c889caded71c96cbbdde5?s=96&d=mm&r=g\",\"caption\":\"Kisha Orthodhokse\"}}]}<\/script>\n<!-- \/ Yoast SEO plugin. -->","yoast_head_json":{"title":"Kryeredaktorit t\u00eb GAZETA SHQIPTARE. (25 N\u00ebntor 2010) - Kisha Orthodh\u03bfkse Autoqefale e Shqip\u00ebris\u00eb","robots":{"index":"index","follow":"follow","max-snippet":"max-snippet:-1","max-image-preview":"max-image-preview:large","max-video-preview":"max-video-preview:-1"},"canonical":"https:\/\/orthodoxalbania.org\/2020\/2013\/03\/20\/kryeredaktorit-te-gazeta-shqiptare\/","og_locale":"en_US","og_type":"article","og_title":"Kryeredaktorit t\u00eb GAZETA SHQIPTARE. (25 N\u00ebntor 2010) - Kisha Orthodh\u03bfkse Autoqefale e Shqip\u00ebris\u00eb","og_description":"&nbsp;&nbsp;&nbsp; T\u00eb m\u00ebrkur\u00ebn, m\u00eb 17 n\u00ebntor 2010, n\u00eb mjediset e Hotel Tirana International Bashkia e Tiran\u00ebs paraqiti projektin p\u00ebr nj\u00eb muze t\u00eb bashk\u00ebjet\u00ebs\u00ebs fetare. N\u00eb ket\u00eb takim mor\u00ebn pjes\u00eb dhe p\u00ebrsh\u00ebndet\u00ebn edhe p\u00ebrfaq\u00ebsuesit e t\u00eb kat\u00ebr Komuniteteve Fetare tradicionale. Vum\u00eb re me keqardhje se n\u00eb gazet\u00ebn tuaj t\u00eb dat\u00ebs 18 n\u00ebntor, n\u00eb shkrimin p\u00ebrkat\u00ebs, nga gazetarja Ermelinda Hoxhaj ishte b\u00ebr\u00eb nj\u00eb paraqitje e deformuar e","og_url":"https:\/\/orthodoxalbania.org\/2020\/2013\/03\/20\/kryeredaktorit-te-gazeta-shqiptare\/","og_site_name":"Kisha Orthodh\u03bfkse Autoqefale e Shqip\u00ebris\u00eb","article_publisher":"https:\/\/www.facebook.com\/koash1991","article_published_time":"2013-03-20T13:09:59+00:00","article_modified_time":"2020-04-06T20:32:16+00:00","og_image":[{"width":200,"height":172,"url":"https:\/\/orthodoxalbania.org\/2020\/wp-content\/uploads\/2021\/02\/LogoLastALb-200.png","type":"image\/png"}],"author":"Kisha Orthodhokse","twitter_card":"summary_large_image","twitter_misc":{"Written by":"Kisha Orthodhokse","Est. reading time":"1 minute"},"schema":{"@context":"https:\/\/schema.org","@graph":[{"@type":"Article","@id":"https:\/\/orthodoxalbania.org\/2020\/2013\/03\/20\/kryeredaktorit-te-gazeta-shqiptare\/#article","isPartOf":{"@id":"https:\/\/orthodoxalbania.org\/2020\/2013\/03\/20\/kryeredaktorit-te-gazeta-shqiptare\/"},"author":{"name":"Kisha Orthodhokse","@id":"https:\/\/orthodoxalbania.org\/2020\/#\/schema\/person\/0c387634a7063ac612d7ed9ce71c7e86"},"headline":"Kryeredaktorit t\u00eb GAZETA SHQIPTARE. (25 N\u00ebntor 2010)","datePublished":"2013-03-20T13:09:59+00:00","dateModified":"2020-04-06T20:32:16+00:00","mainEntityOfPage":{"@id":"https:\/\/orthodoxalbania.org\/2020\/2013\/03\/20\/kryeredaktorit-te-gazeta-shqiptare\/"},"wordCount":301,"commentCount":0,"publisher":{"@id":"https:\/\/orthodoxalbania.org\/2020\/#organization"},"keywords":["2010","Deklarata - Njoftime Zyrtare","Kryepiskopata Tiran\u00eb","lajme","P\u00ebrgjigje ndaj akuzave"],"articleSection":["Lajme"],"inLanguage":"en-US"},{"@type":"WebPage","@id":"https:\/\/orthodoxalbania.org\/2020\/2013\/03\/20\/kryeredaktorit-te-gazeta-shqiptare\/","url":"https:\/\/orthodoxalbania.org\/2020\/2013\/03\/20\/kryeredaktorit-te-gazeta-shqiptare\/","name":"Kryeredaktorit t\u00eb GAZETA SHQIPTARE. (25 N\u00ebntor 2010) - Kisha Orthodh\u03bfkse Autoqefale e Shqip\u00ebris\u00eb","isPartOf":{"@id":"https:\/\/orthodoxalbania.org\/2020\/#website"},"datePublished":"2013-03-20T13:09:59+00:00","dateModified":"2020-04-06T20:32:16+00:00","breadcrumb":{"@id":"https:\/\/orthodoxalbania.org\/2020\/2013\/03\/20\/kryeredaktorit-te-gazeta-shqiptare\/#breadcrumb"},"inLanguage":"en-US","potentialAction":[{"@type":"ReadAction","target":["https:\/\/orthodoxalbania.org\/2020\/2013\/03\/20\/kryeredaktorit-te-gazeta-shqiptare\/"]}]},{"@type":"BreadcrumbList","@id":"https:\/\/orthodoxalbania.org\/2020\/2013\/03\/20\/kryeredaktorit-te-gazeta-shqiptare\/#breadcrumb","itemListElement":[{"@type":"ListItem","position":1,"name":"Home","item":"https:\/\/orthodoxalbania.org\/2020\/"},{"@type":"ListItem","position":2,"name":"Kryeredaktorit t\u00eb GAZETA SHQIPTARE. (25 N\u00ebntor 2010)"}]},{"@type":"WebSite","@id":"https:\/\/orthodoxalbania.org\/2020\/#website","url":"https:\/\/orthodoxalbania.org\/2020\/","name":"Kisha Orthodh\u03bfkse Autoqefale e Shqip\u00ebris\u00eb","description":"Fqja Zyrtare e Kish\u00ebs Orthodhokse Autoqefale e Shqip\u00ebris\u00eb me lajmet edhe informacionet zyrtare p\u00ebr struktur\u00ebn edhe veprimtarin e saj.","publisher":{"@id":"https:\/\/orthodoxalbania.org\/2020\/#organization"},"potentialAction":[{"@type":"SearchAction","target":{"@type":"EntryPoint","urlTemplate":"https:\/\/orthodoxalbania.org\/2020\/?s={search_term_string}"},"query-input":{"@type":"PropertyValueSpecification","valueRequired":true,"valueName":"search_term_string"}}],"inLanguage":"en-US"},{"@type":"Organization","@id":"https:\/\/orthodoxalbania.org\/2020\/#organization","name":"Kisha Orthodhokse Autoqefale e Shqip\u00ebris\u00eb","url":"https:\/\/orthodoxalbania.org\/2020\/","logo":{"@type":"ImageObject","inLanguage":"en-US","@id":"https:\/\/orthodoxalbania.org\/2020\/#\/schema\/logo\/image\/","url":"https:\/\/orthodoxalbania.org\/2020\/wp-content\/uploads\/2020\/05\/albania.jpeg","contentUrl":"https:\/\/orthodoxalbania.org\/2020\/wp-content\/uploads\/2020\/05\/albania.jpeg","width":540,"height":540,"caption":"Kisha Orthodhokse Autoqefale e Shqip\u00ebris\u00eb"},"image":{"@id":"https:\/\/orthodoxalbania.org\/2020\/#\/schema\/logo\/image\/"},"sameAs":["https:\/\/www.facebook.com\/koash1991"]},{"@type":"Person","@id":"https:\/\/orthodoxalbania.org\/2020\/#\/schema\/person\/0c387634a7063ac612d7ed9ce71c7e86","name":"Kisha Orthodhokse","image":{"@type":"ImageObject","inLanguage":"en-US","@id":"https:\/\/secure.gravatar.com\/avatar\/596e7c417251e30f2fbb9c00e026fce61a695a00e51c889caded71c96cbbdde5?s=96&d=mm&r=g","url":"https:\/\/secure.gravatar.com\/avatar\/596e7c417251e30f2fbb9c00e026fce61a695a00e51c889caded71c96cbbdde5?s=96&d=mm&r=g","contentUrl":"https:\/\/secure.gravatar.com\/avatar\/596e7c417251e30f2fbb9c00e026fce61a695a00e51c889caded71c96cbbdde5?s=96&d=mm&r=g","caption":"Kisha Orthodhokse"}}]}},"_links":{"self":[{"href":"https:\/\/orthodoxalbania.org\/2020\/wp-json\/wp\/v2\/posts\/898","targetHints":{"allow":["GET"]}}],"collection":[{"href":"https:\/\/orthodoxalbania.org\/2020\/wp-json\/wp\/v2\/posts"}],"about":[{"href":"https:\/\/orthodoxalbania.org\/2020\/wp-json\/wp\/v2\/types\/post"}],"author":[{"embeddable":true,"href":"https:\/\/orthodoxalbania.org\/2020\/wp-json\/wp\/v2\/users\/1"}],"replies":[{"embeddable":true,"href":"https:\/\/orthodoxalbania.org\/2020\/wp-json\/wp\/v2\/comments?post=898"}],"version-history":[{"count":1,"href":"https:\/\/orthodoxalbania.org\/2020\/wp-json\/wp\/v2\/posts\/898\/revisions"}],"predecessor-version":[{"id":15448,"href":"https:\/\/orthodoxalbania.org\/2020\/wp-json\/wp\/v2\/posts\/898\/revisions\/15448"}],"wp:attachment":[{"href":"https:\/\/orthodoxalbania.org\/2020\/wp-json\/wp\/v2\/media?parent=898"}],"wp:term":[{"taxonomy":"category","embeddable":true,"href":"https:\/\/orthodoxalbania.org\/2020\/wp-json\/wp\/v2\/categories?post=898"},{"taxonomy":"post_tag","embeddable":true,"href":"https:\/\/orthodoxalbania.org\/2020\/wp-json\/wp\/v2\/tags?post=898"}],"curies":[{"name":"wp","href":"https:\/\/api.w.org\/{rel}","templated":true}]}}