{"id":897,"date":"2007-02-26T00:00:00","date_gmt":"2007-02-26T00:00:00","guid":{"rendered":""},"modified":"2020-04-06T22:35:47","modified_gmt":"2020-04-06T20:35:47","slug":"kryepiskopit-anastas-i-shikoni-punen-maj-2007","status":"publish","type":"post","link":"https:\/\/orthodoxalbania.org\/2020\/2007\/02\/26\/kryepiskopit-anastas-i-shikoni-punen-maj-2007\/","title":{"rendered":"Kryepiskopit Anastas i shikoni pun\u00ebn. (Maj  2007)"},"content":{"rendered":"<div style=\"text-align: justify;\"><span style=\"color: #000000;\"><span style=\"font-family: tahoma,geneva,sans-serif;\"><span style=\"font-size: 12px;\">&nbsp;&nbsp;&nbsp; Nj\u00eb intervist\u00eb e dh\u00ebn\u00eb para disa muajsh nga Kryepiskopi Anastas n\u00eb programin shqip t\u00eb radios Doj\u00e7e Vele dhe e publikuar disa dit\u00eb m\u00eb par\u00eb n\u00eb mediat e p\u00ebrditshme, ka ndezur nj\u00eb debat t\u00eb fragmentarizuar. Pretendimi, i p\u00ebrs\u00ebritur, \u00ebsht\u00eb i nj\u00ebjt\u00eb: t\u00eb largohet Kryepiskopi aktual nga Kisha Orthodhokse Autoqefale e Shqip\u00ebris\u00eb dhe t\u00eb vendoset nj\u00eb shqiptar. T\u00eb njohur apo jo me zhvillimet e Kish\u00ebs n\u00eb Shqip\u00ebri, tashm\u00eb identik\u00eb n\u00eb q\u00ebndrimet e tyre, k\u00ebta njer\u00ebz marrin p\u00ebrsip\u00ebr, pa ua njohur kush t\u00eb drejt\u00ebn, t\u00eb \u201cb\u00ebjn\u00eb\u201d politikat kishtare dhe t\u00eb \u201cvendosin\u201d se kush duhet t\u00eb jet\u00eb dhe kush nuk duhet t\u00eb jet\u00eb n\u00eb krye Kish\u00ebs, sikur t\u00eb b\u00ebhej fjal\u00eb p\u00ebr nj\u00eb institucion laik si ai i kryeprokurorit, apo presidentit\u2026 apo \u00e7far\u00ebdoqoft\u00eb. Gjithsesi, kushdo \u00ebsht\u00eb i lir\u00eb t\u00eb shpreh\u00eb mendimet e tij n\u00eb nj\u00eb sistem ku e drejta e fjal\u00ebs njihet dhe legjitimohet n\u00eb \u00e7do dokument kushtetues e ligjor. Por, kur shigjetohet e v\u00ebrteta p\u00ebr Kish\u00ebn dhe sulmohet padrejt\u00ebsisht institucioni i Kryepiskopit, nuk \u00ebsht\u00eb logjike t\u00eb pranohen mendime radikale, q\u00eb c\u00ebnojn\u00eb r\u00ebnd\u00eb dinjitetin e nj\u00eb komuniteti t\u00eb t\u00ebr\u00eb. Po a vjen e gjitha nga padija? Fakti q\u00eb disa syresh, m\u00eb t\u00eb p\u00ebrpunuar n\u00eb ideologjit\u00eb e tyre nacional-ekstremiste synojn\u00eb t\u00eb arrijn\u00eb q\u00ebllime t\u00eb caktuara lobesh dhe publikojn\u00eb gjithfar\u00eblloj mendimesh, tregon q\u00eb e din\u00eb mir\u00eb an\u00ebn tjet\u00ebr t\u00eb medaljes.<\/span><\/span><\/span><\/div>\n<div style=\"text-align: justify;\">&nbsp;<\/div>\n<div style=\"text-align: justify;\"><span style=\"color: #000000;\"><span style=\"font-family: tahoma,geneva,sans-serif;\"><span style=\"font-size: 12px;\">&nbsp;&nbsp;&nbsp; Shkurt, Kryepiskopi Anastas nuk \u00ebsht\u00eb i pal\u00ebvizsh\u00ebm dhe i p\u00ebrjetsh\u00ebm, por as nuk ka arsye t\u00eb largohet. Pik\u00ebrisht n\u00eb k\u00ebto momente dinamike Kisha Orthodhokse Autoqefale e Shqip\u00ebris\u00eb, e cila po njeh nj\u00eb zhvillim t\u00eb jasht\u00ebzakonsh\u00ebm n\u00eb nj\u00eb koh\u00eb shum\u00eb t\u00eb shkurt\u00ebr, ka nevoj\u00eb p\u00ebr kryebariun e saj dhe kjo familje e madhe e krishter\u00eb di t\u2019i zgjidh\u00eb vet\u00eb \u00e7\u00ebshtjet e saj. N\u00eb nj\u00eb sht\u00ebpi gjithsecili ka detyrat e veta dhe p\u00ebrgjegj\u00ebsit\u00eb q\u00eb i takojn\u00eb. Aq m\u00eb tep\u00ebr n\u00eb sht\u00ebpin\u00eb e Zotit kur b\u00ebhet fjal\u00eb p\u00ebr gj\u00ebra t\u00eb shenjta dhe njer\u00ebz q\u00eb synojn\u00eb shenjt\u00ebrimin tek e v\u00ebrteta, rruga dhe jeta.<\/span><\/span><\/span><\/div>\n<div style=\"text-align: justify;\">&nbsp;<\/div>\n<div style=\"text-align: justify;\"><span style=\"color: #000000;\"><span style=\"font-family: tahoma,geneva,sans-serif;\"><span style=\"font-size: 12px;\">&nbsp;&nbsp;&nbsp; P\u00ebr figur\u00ebn e Kryepiskopit Anastas flet vet\u00eb historia 16-vje\u00e7are e q\u00ebndrimit t\u00eb tij n\u00eb krye t\u00eb Kish\u00ebs n\u00eb Shqip\u00ebri. Q\u00eb n\u00eb fillim ai e pa k\u00ebt\u00eb sfid\u00eb t\u00eb re si nj\u00eb mund\u00ebsi p\u00ebr t\u00eb mbledhur s\u00eb bashku t\u00eb gjitha pjes\u00ebt e jet\u00ebs s\u00eb tij. Vet\u00eb Kryepiskopi ka th\u00ebn\u00eb: <em>\u201cKy \u00ebsht\u00eb dhe kontributi m\u00eb i madh q\u00eb kam dh\u00ebn\u00eb, nj\u00eb kontribut teologjik p\u00ebr t\u00eb ndihmuar Kish\u00ebn t\u00eb rizbuloj\u00eb kush \u00ebsht\u00eb n\u00eb t\u00eb v\u00ebrtet\u00eb. \u00cbsht\u00eb nj\u00eb kontribut jete. Pozicioni im teologjik ka qen\u00eb gjithmon\u00eb t\u00eb jetoj n\u00eb misterin e nj\u00eb Kishe t\u00eb Shenjt\u00eb, Katholike dhe Apostolike. T\u00eb jetoj misionin e Kish\u00ebs n\u00eb k\u00ebndv\u00ebshtrimin e saj t\u00eb sakt\u00eb universal dhe eskatologjik\u201d.<\/em>Jeta e Kryepiskopit Anastas dhe puna e tij mund t\u00eb p\u00ebrmblidhen n\u00eb vet\u00eb fjal\u00ebt e tij. Gjat\u00eb shtat\u00ebdhjet\u00eb e tet\u00eb viteve t\u00eb jet\u00ebs ai \u00ebsht\u00eb p\u00ebrpjekur t\u00eb jetoj\u00eb dhe t\u00eb shpall\u00eb misterin e \u201cnj\u00eb Kishe t\u00eb Shenjt\u00eb, Katholike dhe Apostolike\u201d. Ai \u00ebsht\u00eb p\u00ebrpjekur t\u00eb jetoj\u00eb misionin e Kish\u00ebs brenda k\u00ebndv\u00ebshtrimit t\u00eb duhur universal. Misioni \u00ebsht\u00eb nj\u00eb shprehje e r\u00ebnd\u00ebsishme e nd\u00ebrgjegjes orthodhokse, nj\u00eb thirrje p\u00ebr t\u00eb plot\u00ebsuar me vepra vullnetin e Per\u00ebndis\u00eb n\u00eb tok\u00eb dhe n\u00eb qiell. Indiferenca ndaj misionarizmit \u00ebsht\u00eb mohim i Orthodhoksis\u00eb. K\u00ebtu nuk b\u00ebhet fjal\u00eb p\u00ebr politik\u00eb nacionalitetesh, por p\u00ebr vullnet t\u00eb hekurt n\u00eb sh\u00ebrbimin ndaj Zotit.<\/span><\/span><\/span><\/div>\n<div style=\"text-align: justify;\">&nbsp;<\/div>\n<div style=\"text-align: justify;\"><span style=\"color: #000000;\"><span style=\"font-family: tahoma,geneva,sans-serif;\"><span style=\"font-size: 12px;\">&nbsp;&nbsp;&nbsp; N\u00ebn petkun e variacionit t\u00eb intelektit p\u00ebr t\u00eb p\u00ebrzier politik\u00ebn me fen\u00eb, p\u00ebrmes thirrjeve emocionale, duke justifikuar zgjimin e nd\u00ebrgjegjes komb\u00ebtare n\u00eb mbrojtje t\u00eb identitetit, figura e Kryepiskopit gjat\u00eb gjith\u00eb k\u00ebtyre viteve po p\u00ebrdoret si nj\u00eb busull q\u00eb gjithkush p\u00ebrpiqet ta orientoj\u00eb n\u00eb interesat personale ose nacionale. K\u00ebta njer\u00ebz nuk e kan\u00eb kuptuar misionin e tij, ose m\u00eb mir\u00eb nuk e kan\u00eb d\u00ebshiruar pranin\u00eb e misionit t\u00eb tij me p\u00ebrmasa apostolike. N\u00eb Shqip\u00ebri ai nuk c\u00ebnon identitetin komb\u00ebtar shqiptar, por e forcon m\u00eb mir\u00eb se kushdo tjet\u00ebr jo vet\u00ebm n\u00eb vendin ton\u00eb, por kudo n\u00eb bot\u00eb. Kisha shqiptare nuk rrezikon t\u00eb helenizohet. P\u00ebrkundrazi, flet m\u00eb shum\u00eb shqip se \u00e7do komunitet tjet\u00ebr fetar n\u00eb vendin ton\u00eb. P\u00ebr k\u00ebt\u00eb mund t\u00eb b\u00ebhen edhe sondazhe, sidomos ata q\u00eb gum\u00ebzhijn\u00eb n\u00ebp\u00ebr media. Argumenti tjet\u00ebr se Kryepiskopi Anastas ka shkelur statusin e Kish\u00ebs, nuk \u00ebsht\u00eb bind\u00ebs dhe as referues, sepse nuk mund t\u00eb gjykohet statusi i Kish\u00ebs nga dylbit\u00eb e atyre q\u00eb&nbsp; e shikojn\u00eb p\u00ebr s\u00eb largu k\u00ebt\u00eb institucion dhe funksionimin e tij. Fakti q\u00eb Kryepiskopi Anastas \u00ebsht\u00eb ende n\u00eb krye t\u00eb Kish\u00ebs suportohet edhe nga domosdoshm\u00ebria e pranis\u00eb s\u00eb tij p\u00ebr vet\u00eb nevojat e shumta q\u00eb ka Kisha e Shqip\u00ebris\u00eb dhe nga personaliteti i jasht\u00ebzakonsh\u00ebm q\u00eb ka kryebariu i saj.<\/span><\/span><\/span><\/div>\n<div style=\"text-align: justify;\">&nbsp;<\/div>\n<div style=\"text-align: justify;\"><span style=\"color: #000000;\"><span style=\"font-family: tahoma,geneva,sans-serif;\"><span style=\"font-size: 12px;\">&nbsp;&nbsp;&nbsp; P\u00ebr ortodoks\u00ebt shqiptar\u00eb ka r\u00ebnd\u00ebsi prania e Hirit t\u00eb Per\u00ebndis\u00eb dhe rritja shpirt\u00ebrore e besnik\u00ebve t\u00eb saj. Kisha dhe drejtuesit e saj luten p\u00ebr t\u00eb gjith\u00eb njer\u00ebzit, madje edhe p\u00ebr ata q\u00eb po p\u00ebrpiqen me t\u00eb gjitha m\u00ebnyrat ta d\u00ebmtojn\u00eb. Por, zhdukja e Kish\u00ebs \u00ebsht\u00eb e pamundur! Nj\u00eb ide e gabuar n\u00eb mendjet e atyre q\u00eb nuk e duan Fjal\u00ebn dhe vepr\u00ebn e Zotit! Kisha dhe Kryepiskopi dhe t\u00eb gjith\u00eb besimtar\u00ebt e saj nuk mb\u00ebshteten n\u00eb politika dhe pal\u00eb t\u00eb caktuara q\u00eb ngjiten e zbresin n\u00eb pushtete njer\u00ebzore, por n\u00eb lavdin\u00eb e Per\u00ebndis\u00eb. Kushdo q\u00eb do shihte nga af\u00ebr pun\u00ebn dhe bekimet e Kish\u00ebs dhe njer\u00ebzve t\u00eb saj, kishte p\u00ebr t\u00eb njohur madh\u00ebshtin\u00eb e Orthodhoksis\u00eb, q\u00eb nuk e ka burimin tek kombet, por tek Krishti. Lum ata q\u00eb do shikojn\u00eb k\u00ebto vepra.<\/span><\/span><\/span><br \/> &nbsp;<\/div>\n<div style=\"text-align: justify;\">&nbsp;<\/div>\n<div style=\"text-align: justify;\"><span style=\"color: #000000;\"><span style=\"font-family: tahoma,geneva,sans-serif;\"><span style=\"font-size: 12px;\"><strong>Isidor Koti<\/strong><\/span><\/span><\/span><\/div>\n","protected":false},"excerpt":{"rendered":"<p>&nbsp;&nbsp;&nbsp; Nj\u00eb intervist\u00eb e dh\u00ebn\u00eb para disa muajsh nga Kryepiskopi Anastas n\u00eb programin shqip t\u00eb radios Doj\u00e7e Vele dhe e publikuar disa dit\u00eb m\u00eb par\u00eb n\u00eb mediat e p\u00ebrditshme, ka ndezur nj\u00eb debat t\u00eb fragmentarizuar. Pretendimi, i p\u00ebrs\u00ebritur, \u00ebsht\u00eb i nj\u00ebjt\u00eb: t\u00eb largohet Kryepiskopi aktual nga Kisha Orthodhokse Autoqefale e Shqip\u00ebris\u00eb dhe t\u00eb vendoset nj\u00eb shqiptar. T\u00eb njohur apo jo me zhvillimet e Kish\u00ebs n\u00eb<\/p>\n","protected":false},"author":1,"featured_media":0,"comment_status":"open","ping_status":"open","sticky":false,"template":"","format":"standard","meta":{"_acf_changed":false,"pagelayer_contact_templates":[],"_pagelayer_content":"","inline_featured_image":false,"fifu_image_url":"","fifu_image_alt":"","footnotes":""},"categories":[108],"tags":[147,153,196,201,212,203],"class_list":["post-897","post","type-post","status-publish","format-standard","hentry","category-lajme","tag-147","tag-deklarata-njoftime-zyrtare-d75","tag-tirane","tag-kryepiskopi-anastas","tag-lajme-d27","tag-pergjigje-ndaj-akuzave"],"acf":[],"yoast_head":"<!-- This site is optimized with the Yoast SEO plugin v27.2 - https:\/\/yoast.com\/product\/yoast-seo-wordpress\/ -->\n<title>Kryepiskopit Anastas i shikoni pun\u00ebn. (Maj 2007) - Kisha Orthodh\u03bfkse Autoqefale e Shqip\u00ebris\u00eb<\/title>\n<meta name=\"robots\" content=\"index, follow, max-snippet:-1, max-image-preview:large, max-video-preview:-1\" \/>\n<link rel=\"canonical\" href=\"https:\/\/orthodoxalbania.org\/2020\/2007\/02\/26\/kryepiskopit-anastas-i-shikoni-punen-maj-2007\/\" \/>\n<meta property=\"og:locale\" content=\"en_US\" \/>\n<meta property=\"og:type\" content=\"article\" \/>\n<meta property=\"og:title\" content=\"Kryepiskopit Anastas i shikoni pun\u00ebn. (Maj 2007) - Kisha Orthodh\u03bfkse Autoqefale e Shqip\u00ebris\u00eb\" \/>\n<meta property=\"og:description\" content=\"&nbsp;&nbsp;&nbsp; Nj\u00eb intervist\u00eb e dh\u00ebn\u00eb para disa muajsh nga Kryepiskopi Anastas n\u00eb programin shqip t\u00eb radios Doj\u00e7e Vele dhe e publikuar disa dit\u00eb m\u00eb par\u00eb n\u00eb mediat e p\u00ebrditshme, ka ndezur nj\u00eb debat t\u00eb fragmentarizuar. Pretendimi, i p\u00ebrs\u00ebritur, \u00ebsht\u00eb i nj\u00ebjt\u00eb: t\u00eb largohet Kryepiskopi aktual nga Kisha Orthodhokse Autoqefale e Shqip\u00ebris\u00eb dhe t\u00eb vendoset nj\u00eb shqiptar. T\u00eb njohur apo jo me zhvillimet e Kish\u00ebs n\u00eb\" \/>\n<meta property=\"og:url\" content=\"https:\/\/orthodoxalbania.org\/2020\/2007\/02\/26\/kryepiskopit-anastas-i-shikoni-punen-maj-2007\/\" \/>\n<meta property=\"og:site_name\" content=\"Kisha Orthodh\u03bfkse Autoqefale e Shqip\u00ebris\u00eb\" \/>\n<meta property=\"article:publisher\" content=\"https:\/\/www.facebook.com\/koash1991\" \/>\n<meta property=\"article:published_time\" content=\"2007-02-26T00:00:00+00:00\" \/>\n<meta property=\"article:modified_time\" content=\"2020-04-06T20:35:47+00:00\" \/>\n<meta property=\"og:image\" content=\"https:\/\/orthodoxalbania.org\/2020\/wp-content\/uploads\/2021\/02\/LogoLastALb-200.png\" \/>\n\t<meta property=\"og:image:width\" content=\"200\" \/>\n\t<meta property=\"og:image:height\" content=\"172\" \/>\n\t<meta property=\"og:image:type\" content=\"image\/png\" \/>\n<meta name=\"author\" content=\"Kisha Orthodhokse\" \/>\n<meta name=\"twitter:card\" content=\"summary_large_image\" \/>\n<meta name=\"twitter:label1\" content=\"Written by\" \/>\n\t<meta name=\"twitter:data1\" content=\"Kisha Orthodhokse\" \/>\n\t<meta name=\"twitter:label2\" content=\"Est. reading time\" \/>\n\t<meta name=\"twitter:data2\" content=\"5 minutes\" \/>\n<script type=\"application\/ld+json\" class=\"yoast-schema-graph\">{\"@context\":\"https:\/\/schema.org\",\"@graph\":[{\"@type\":\"Article\",\"@id\":\"https:\/\/orthodoxalbania.org\/2020\/2007\/02\/26\/kryepiskopit-anastas-i-shikoni-punen-maj-2007\/#article\",\"isPartOf\":{\"@id\":\"https:\/\/orthodoxalbania.org\/2020\/2007\/02\/26\/kryepiskopit-anastas-i-shikoni-punen-maj-2007\/\"},\"author\":{\"name\":\"Kisha Orthodhokse\",\"@id\":\"https:\/\/orthodoxalbania.org\/2020\/#\/schema\/person\/0c387634a7063ac612d7ed9ce71c7e86\"},\"headline\":\"Kryepiskopit Anastas i shikoni pun\u00ebn. (Maj 2007)\",\"datePublished\":\"2007-02-26T00:00:00+00:00\",\"dateModified\":\"2020-04-06T20:35:47+00:00\",\"mainEntityOfPage\":{\"@id\":\"https:\/\/orthodoxalbania.org\/2020\/2007\/02\/26\/kryepiskopit-anastas-i-shikoni-punen-maj-2007\/\"},\"wordCount\":1050,\"commentCount\":0,\"publisher\":{\"@id\":\"https:\/\/orthodoxalbania.org\/2020\/#organization\"},\"keywords\":[\"2007\",\"Deklarata - Njoftime Zyrtare\",\"Kryepiskopata Tiran\u00eb\",\"Kryepiskopi Anastas\",\"lajme\",\"P\u00ebrgjigje ndaj akuzave\"],\"articleSection\":[\"Lajme\"],\"inLanguage\":\"en-US\"},{\"@type\":\"WebPage\",\"@id\":\"https:\/\/orthodoxalbania.org\/2020\/2007\/02\/26\/kryepiskopit-anastas-i-shikoni-punen-maj-2007\/\",\"url\":\"https:\/\/orthodoxalbania.org\/2020\/2007\/02\/26\/kryepiskopit-anastas-i-shikoni-punen-maj-2007\/\",\"name\":\"Kryepiskopit Anastas i shikoni pun\u00ebn. (Maj 2007) - Kisha Orthodh\u03bfkse Autoqefale e Shqip\u00ebris\u00eb\",\"isPartOf\":{\"@id\":\"https:\/\/orthodoxalbania.org\/2020\/#website\"},\"datePublished\":\"2007-02-26T00:00:00+00:00\",\"dateModified\":\"2020-04-06T20:35:47+00:00\",\"breadcrumb\":{\"@id\":\"https:\/\/orthodoxalbania.org\/2020\/2007\/02\/26\/kryepiskopit-anastas-i-shikoni-punen-maj-2007\/#breadcrumb\"},\"inLanguage\":\"en-US\",\"potentialAction\":[{\"@type\":\"ReadAction\",\"target\":[\"https:\/\/orthodoxalbania.org\/2020\/2007\/02\/26\/kryepiskopit-anastas-i-shikoni-punen-maj-2007\/\"]}]},{\"@type\":\"BreadcrumbList\",\"@id\":\"https:\/\/orthodoxalbania.org\/2020\/2007\/02\/26\/kryepiskopit-anastas-i-shikoni-punen-maj-2007\/#breadcrumb\",\"itemListElement\":[{\"@type\":\"ListItem\",\"position\":1,\"name\":\"Home\",\"item\":\"https:\/\/orthodoxalbania.org\/2020\/\"},{\"@type\":\"ListItem\",\"position\":2,\"name\":\"Kryepiskopit Anastas i shikoni pun\u00ebn. (Maj 2007)\"}]},{\"@type\":\"WebSite\",\"@id\":\"https:\/\/orthodoxalbania.org\/2020\/#website\",\"url\":\"https:\/\/orthodoxalbania.org\/2020\/\",\"name\":\"Kisha Orthodh\u03bfkse Autoqefale e Shqip\u00ebris\u00eb\",\"description\":\"Fqja Zyrtare e Kish\u00ebs Orthodhokse Autoqefale e Shqip\u00ebris\u00eb me lajmet edhe informacionet zyrtare p\u00ebr struktur\u00ebn edhe veprimtarin e saj.\",\"publisher\":{\"@id\":\"https:\/\/orthodoxalbania.org\/2020\/#organization\"},\"potentialAction\":[{\"@type\":\"SearchAction\",\"target\":{\"@type\":\"EntryPoint\",\"urlTemplate\":\"https:\/\/orthodoxalbania.org\/2020\/?s={search_term_string}\"},\"query-input\":{\"@type\":\"PropertyValueSpecification\",\"valueRequired\":true,\"valueName\":\"search_term_string\"}}],\"inLanguage\":\"en-US\"},{\"@type\":\"Organization\",\"@id\":\"https:\/\/orthodoxalbania.org\/2020\/#organization\",\"name\":\"Kisha Orthodhokse Autoqefale e Shqip\u00ebris\u00eb\",\"url\":\"https:\/\/orthodoxalbania.org\/2020\/\",\"logo\":{\"@type\":\"ImageObject\",\"inLanguage\":\"en-US\",\"@id\":\"https:\/\/orthodoxalbania.org\/2020\/#\/schema\/logo\/image\/\",\"url\":\"https:\/\/orthodoxalbania.org\/2020\/wp-content\/uploads\/2020\/05\/albania.jpeg\",\"contentUrl\":\"https:\/\/orthodoxalbania.org\/2020\/wp-content\/uploads\/2020\/05\/albania.jpeg\",\"width\":540,\"height\":540,\"caption\":\"Kisha Orthodhokse Autoqefale e Shqip\u00ebris\u00eb\"},\"image\":{\"@id\":\"https:\/\/orthodoxalbania.org\/2020\/#\/schema\/logo\/image\/\"},\"sameAs\":[\"https:\/\/www.facebook.com\/koash1991\"]},{\"@type\":\"Person\",\"@id\":\"https:\/\/orthodoxalbania.org\/2020\/#\/schema\/person\/0c387634a7063ac612d7ed9ce71c7e86\",\"name\":\"Kisha Orthodhokse\",\"image\":{\"@type\":\"ImageObject\",\"inLanguage\":\"en-US\",\"@id\":\"https:\/\/secure.gravatar.com\/avatar\/596e7c417251e30f2fbb9c00e026fce61a695a00e51c889caded71c96cbbdde5?s=96&d=mm&r=g\",\"url\":\"https:\/\/secure.gravatar.com\/avatar\/596e7c417251e30f2fbb9c00e026fce61a695a00e51c889caded71c96cbbdde5?s=96&d=mm&r=g\",\"contentUrl\":\"https:\/\/secure.gravatar.com\/avatar\/596e7c417251e30f2fbb9c00e026fce61a695a00e51c889caded71c96cbbdde5?s=96&d=mm&r=g\",\"caption\":\"Kisha Orthodhokse\"}}]}<\/script>\n<!-- \/ Yoast SEO plugin. -->","yoast_head_json":{"title":"Kryepiskopit Anastas i shikoni pun\u00ebn. (Maj 2007) - Kisha Orthodh\u03bfkse Autoqefale e Shqip\u00ebris\u00eb","robots":{"index":"index","follow":"follow","max-snippet":"max-snippet:-1","max-image-preview":"max-image-preview:large","max-video-preview":"max-video-preview:-1"},"canonical":"https:\/\/orthodoxalbania.org\/2020\/2007\/02\/26\/kryepiskopit-anastas-i-shikoni-punen-maj-2007\/","og_locale":"en_US","og_type":"article","og_title":"Kryepiskopit Anastas i shikoni pun\u00ebn. (Maj 2007) - Kisha Orthodh\u03bfkse Autoqefale e Shqip\u00ebris\u00eb","og_description":"&nbsp;&nbsp;&nbsp; Nj\u00eb intervist\u00eb e dh\u00ebn\u00eb para disa muajsh nga Kryepiskopi Anastas n\u00eb programin shqip t\u00eb radios Doj\u00e7e Vele dhe e publikuar disa dit\u00eb m\u00eb par\u00eb n\u00eb mediat e p\u00ebrditshme, ka ndezur nj\u00eb debat t\u00eb fragmentarizuar. Pretendimi, i p\u00ebrs\u00ebritur, \u00ebsht\u00eb i nj\u00ebjt\u00eb: t\u00eb largohet Kryepiskopi aktual nga Kisha Orthodhokse Autoqefale e Shqip\u00ebris\u00eb dhe t\u00eb vendoset nj\u00eb shqiptar. T\u00eb njohur apo jo me zhvillimet e Kish\u00ebs n\u00eb","og_url":"https:\/\/orthodoxalbania.org\/2020\/2007\/02\/26\/kryepiskopit-anastas-i-shikoni-punen-maj-2007\/","og_site_name":"Kisha Orthodh\u03bfkse Autoqefale e Shqip\u00ebris\u00eb","article_publisher":"https:\/\/www.facebook.com\/koash1991","article_published_time":"2007-02-26T00:00:00+00:00","article_modified_time":"2020-04-06T20:35:47+00:00","og_image":[{"width":200,"height":172,"url":"https:\/\/orthodoxalbania.org\/2020\/wp-content\/uploads\/2021\/02\/LogoLastALb-200.png","type":"image\/png"}],"author":"Kisha Orthodhokse","twitter_card":"summary_large_image","twitter_misc":{"Written by":"Kisha Orthodhokse","Est. reading time":"5 minutes"},"schema":{"@context":"https:\/\/schema.org","@graph":[{"@type":"Article","@id":"https:\/\/orthodoxalbania.org\/2020\/2007\/02\/26\/kryepiskopit-anastas-i-shikoni-punen-maj-2007\/#article","isPartOf":{"@id":"https:\/\/orthodoxalbania.org\/2020\/2007\/02\/26\/kryepiskopit-anastas-i-shikoni-punen-maj-2007\/"},"author":{"name":"Kisha Orthodhokse","@id":"https:\/\/orthodoxalbania.org\/2020\/#\/schema\/person\/0c387634a7063ac612d7ed9ce71c7e86"},"headline":"Kryepiskopit Anastas i shikoni pun\u00ebn. (Maj 2007)","datePublished":"2007-02-26T00:00:00+00:00","dateModified":"2020-04-06T20:35:47+00:00","mainEntityOfPage":{"@id":"https:\/\/orthodoxalbania.org\/2020\/2007\/02\/26\/kryepiskopit-anastas-i-shikoni-punen-maj-2007\/"},"wordCount":1050,"commentCount":0,"publisher":{"@id":"https:\/\/orthodoxalbania.org\/2020\/#organization"},"keywords":["2007","Deklarata - Njoftime Zyrtare","Kryepiskopata Tiran\u00eb","Kryepiskopi Anastas","lajme","P\u00ebrgjigje ndaj akuzave"],"articleSection":["Lajme"],"inLanguage":"en-US"},{"@type":"WebPage","@id":"https:\/\/orthodoxalbania.org\/2020\/2007\/02\/26\/kryepiskopit-anastas-i-shikoni-punen-maj-2007\/","url":"https:\/\/orthodoxalbania.org\/2020\/2007\/02\/26\/kryepiskopit-anastas-i-shikoni-punen-maj-2007\/","name":"Kryepiskopit Anastas i shikoni pun\u00ebn. (Maj 2007) - Kisha Orthodh\u03bfkse Autoqefale e Shqip\u00ebris\u00eb","isPartOf":{"@id":"https:\/\/orthodoxalbania.org\/2020\/#website"},"datePublished":"2007-02-26T00:00:00+00:00","dateModified":"2020-04-06T20:35:47+00:00","breadcrumb":{"@id":"https:\/\/orthodoxalbania.org\/2020\/2007\/02\/26\/kryepiskopit-anastas-i-shikoni-punen-maj-2007\/#breadcrumb"},"inLanguage":"en-US","potentialAction":[{"@type":"ReadAction","target":["https:\/\/orthodoxalbania.org\/2020\/2007\/02\/26\/kryepiskopit-anastas-i-shikoni-punen-maj-2007\/"]}]},{"@type":"BreadcrumbList","@id":"https:\/\/orthodoxalbania.org\/2020\/2007\/02\/26\/kryepiskopit-anastas-i-shikoni-punen-maj-2007\/#breadcrumb","itemListElement":[{"@type":"ListItem","position":1,"name":"Home","item":"https:\/\/orthodoxalbania.org\/2020\/"},{"@type":"ListItem","position":2,"name":"Kryepiskopit Anastas i shikoni pun\u00ebn. (Maj 2007)"}]},{"@type":"WebSite","@id":"https:\/\/orthodoxalbania.org\/2020\/#website","url":"https:\/\/orthodoxalbania.org\/2020\/","name":"Kisha Orthodh\u03bfkse Autoqefale e Shqip\u00ebris\u00eb","description":"Fqja Zyrtare e Kish\u00ebs Orthodhokse Autoqefale e Shqip\u00ebris\u00eb me lajmet edhe informacionet zyrtare p\u00ebr struktur\u00ebn edhe veprimtarin e saj.","publisher":{"@id":"https:\/\/orthodoxalbania.org\/2020\/#organization"},"potentialAction":[{"@type":"SearchAction","target":{"@type":"EntryPoint","urlTemplate":"https:\/\/orthodoxalbania.org\/2020\/?s={search_term_string}"},"query-input":{"@type":"PropertyValueSpecification","valueRequired":true,"valueName":"search_term_string"}}],"inLanguage":"en-US"},{"@type":"Organization","@id":"https:\/\/orthodoxalbania.org\/2020\/#organization","name":"Kisha Orthodhokse Autoqefale e Shqip\u00ebris\u00eb","url":"https:\/\/orthodoxalbania.org\/2020\/","logo":{"@type":"ImageObject","inLanguage":"en-US","@id":"https:\/\/orthodoxalbania.org\/2020\/#\/schema\/logo\/image\/","url":"https:\/\/orthodoxalbania.org\/2020\/wp-content\/uploads\/2020\/05\/albania.jpeg","contentUrl":"https:\/\/orthodoxalbania.org\/2020\/wp-content\/uploads\/2020\/05\/albania.jpeg","width":540,"height":540,"caption":"Kisha Orthodhokse Autoqefale e Shqip\u00ebris\u00eb"},"image":{"@id":"https:\/\/orthodoxalbania.org\/2020\/#\/schema\/logo\/image\/"},"sameAs":["https:\/\/www.facebook.com\/koash1991"]},{"@type":"Person","@id":"https:\/\/orthodoxalbania.org\/2020\/#\/schema\/person\/0c387634a7063ac612d7ed9ce71c7e86","name":"Kisha Orthodhokse","image":{"@type":"ImageObject","inLanguage":"en-US","@id":"https:\/\/secure.gravatar.com\/avatar\/596e7c417251e30f2fbb9c00e026fce61a695a00e51c889caded71c96cbbdde5?s=96&d=mm&r=g","url":"https:\/\/secure.gravatar.com\/avatar\/596e7c417251e30f2fbb9c00e026fce61a695a00e51c889caded71c96cbbdde5?s=96&d=mm&r=g","contentUrl":"https:\/\/secure.gravatar.com\/avatar\/596e7c417251e30f2fbb9c00e026fce61a695a00e51c889caded71c96cbbdde5?s=96&d=mm&r=g","caption":"Kisha Orthodhokse"}}]}},"_links":{"self":[{"href":"https:\/\/orthodoxalbania.org\/2020\/wp-json\/wp\/v2\/posts\/897","targetHints":{"allow":["GET"]}}],"collection":[{"href":"https:\/\/orthodoxalbania.org\/2020\/wp-json\/wp\/v2\/posts"}],"about":[{"href":"https:\/\/orthodoxalbania.org\/2020\/wp-json\/wp\/v2\/types\/post"}],"author":[{"embeddable":true,"href":"https:\/\/orthodoxalbania.org\/2020\/wp-json\/wp\/v2\/users\/1"}],"replies":[{"embeddable":true,"href":"https:\/\/orthodoxalbania.org\/2020\/wp-json\/wp\/v2\/comments?post=897"}],"version-history":[{"count":1,"href":"https:\/\/orthodoxalbania.org\/2020\/wp-json\/wp\/v2\/posts\/897\/revisions"}],"predecessor-version":[{"id":15764,"href":"https:\/\/orthodoxalbania.org\/2020\/wp-json\/wp\/v2\/posts\/897\/revisions\/15764"}],"wp:attachment":[{"href":"https:\/\/orthodoxalbania.org\/2020\/wp-json\/wp\/v2\/media?parent=897"}],"wp:term":[{"taxonomy":"category","embeddable":true,"href":"https:\/\/orthodoxalbania.org\/2020\/wp-json\/wp\/v2\/categories?post=897"},{"taxonomy":"post_tag","embeddable":true,"href":"https:\/\/orthodoxalbania.org\/2020\/wp-json\/wp\/v2\/tags?post=897"}],"curies":[{"name":"wp","href":"https:\/\/api.w.org\/{rel}","templated":true}]}}