{"id":896,"date":"2007-02-26T00:00:00","date_gmt":"2007-02-26T00:00:00","guid":{"rendered":""},"modified":"2020-04-06T22:35:46","modified_gmt":"2020-04-06T20:35:46","slug":"kryepiskopit-anastas-i-jepet-titulli-qytetar-nderi-korces-janar-07","status":"publish","type":"post","link":"https:\/\/orthodoxalbania.org\/2020\/2007\/02\/26\/kryepiskopit-anastas-i-jepet-titulli-qytetar-nderi-korces-janar-07\/","title":{"rendered":"Kryepiskopit Anastas i jepet titulli \u201cQytetar nderi\u201d Kor\u00e7\u00ebs. (18 Janar 2007)"},"content":{"rendered":"<table id=\"AutoNumber4\" border=\"0\">\n<tbody>\n<tr>\n<td colspan=\"2\">\n<div style=\"text-align: justify;\"><span style=\"color: #000000;\"><span style=\"font-family: tahoma,geneva,sans-serif;\"><span style=\"font-size: 12px;\">&nbsp;&nbsp;&nbsp; N\u00eb dt. 18 Janar 2007 K\u00ebshilli Bashkiak i qytetit t\u00eb Kor\u00e7\u00ebs i dor\u00ebzoi Fortlumturis\u00eb s\u00eb Tij, Kryepiskopit Anastas titullin \u201cQytetar nderi\u201d me motivacionin: \u201cP\u00ebr merita t\u00eb shquara n\u00eb ringjalljen e madhe t\u00eb Orthodhoksis\u00eb, si dhe ngritjen e mjaft institucioneve fetare n\u00eb qytetin e Kor\u00e7\u00ebs, p\u00ebrmes nj\u00eb ceremonie t\u00eb organizuar nga Bashkia e Kor\u00e7\u00ebs n\u00eb bashk\u00ebpunim me Mitropolin\u00eb e Kor\u00e7\u00ebs.<\/span><\/span><\/span><\/div>\n<\/td>\n<\/tr>\n<tr>\n<td>\n<div><span style=\"color: #000000;\"><span style=\"font-family: tahoma,geneva,sans-serif;\"><span style=\"font-size: 12px;\">&nbsp;<img decoding=\"async\" class=\"lazyload HAa Eha\" style=\"border-width: 1px; border-style: solid; margin: 10px auto; display: block;\" alt=\"\" src=\"data:image\/gif;base64,R0lGODlhAQABAAAAACH5BAEKAAEALAAAAAABAAEAAAICTAEAOw==\" data-orig-src=\"https:\/\/lh4.googleusercontent.com\/-WRkRiQFr-as\/VIhAg5d6wPI\/AAAAAAAAGDQ\/9GKJ19lOsgA\/w370-h278-no\/untitled1.jpg\" \/><\/span><\/span><\/span><\/div>\n<\/td>\n<td>\n<div style=\"text-align: justify;\"><span style=\"color: #000000;\"><span style=\"font-family: tahoma,geneva,sans-serif;\"><span style=\"font-size: 12px;\">&nbsp;&nbsp;&nbsp; Ishin t\u00eb pranish\u00ebm kryetari i Bashkis\u00eb Robert Damo, prefektja e Qarkut Elfrida Zefi si edhe p\u00ebrfaq\u00ebsues t\u00eb tjer\u00eb t\u00eb pushtetit vendor, t\u00eb partive politike dhe shum\u00eb intelektual\u00eb t\u00eb qytetit, p\u00ebrfaq\u00ebsues t\u00eb komunitetit mysliman suni dhe bektashi etj. Ceremonia u zhvillua n\u00eb kineman\u00eb e qytetit \u201cMillenium\u201d. Kryepiskopi u prit me valle tradicionale kor\u00e7are nga grupi folklorik i f\u00ebmij\u00ebve t\u00eb qytetit.<\/span><\/span><\/span><\/div>\n<\/td>\n<\/tr>\n<tr>\n<td>\n<div style=\"text-align: justify;\"><span style=\"color: #000000;\"><span style=\"font-family: tahoma,geneva,sans-serif;\"><span style=\"font-size: 12px;\">&nbsp;&nbsp;&nbsp; \u201cProf. dr. Anastasi \u00ebsht\u00eb ai q\u00eb solli pranver\u00ebn e v\u00ebrtet\u00eb n\u00eb ringjalljen e Kish\u00ebs Orthodhokse Autoqefale t\u00eb Shqip\u00ebris\u00eb. \u00cbsht\u00eb ai q\u00eb e ngriti at\u00eb nga g\u00ebrmadhat. Ai q\u00eb ngriti Sinodin e Shenjt\u00eb me hirotonisjen e episkop\u00ebve t\u00eb tjer\u00eb\u2026\u201d &#8211; tha nd\u00ebr t\u00eb tjera Kryetari i Bashkis\u00eb.<\/span><\/span><\/span><\/div>\n<\/td>\n<td>\n<div><span style=\"color: #000000;\"><span style=\"font-family: tahoma,geneva,sans-serif;\"><span style=\"font-size: 12px;\"><img decoding=\"async\" class=\"lazyload HAa Eha\" style=\"border-width: 1px; border-style: solid; margin: 10px auto; display: block;\" alt=\"\" src=\"data:image\/gif;base64,R0lGODlhAQABAAAAACH5BAEKAAEALAAAAAABAAEAAAICTAEAOw==\" data-orig-src=\"https:\/\/lh4.googleusercontent.com\/-2tAYeKwY_hE\/VIhAg12aqMI\/AAAAAAAAGDc\/DQPCCB0fR9k\/w370-h278-no\/untitled2.jpg\" \/><\/span><\/span><\/span><\/div>\n<\/td>\n<\/tr>\n<tr>\n<td>\n<div><span style=\"color: #000000;\"><span style=\"font-family: tahoma,geneva,sans-serif;\"><span style=\"font-size: 12px;\">&nbsp;<img decoding=\"async\" class=\"lazyload HAa Eha\" style=\"border-width: 1px; border-style: solid; margin: 10px auto; display: block;\" alt=\"\" src=\"data:image\/gif;base64,R0lGODlhAQABAAAAACH5BAEKAAEALAAAAAABAAEAAAICTAEAOw==\" data-orig-src=\"https:\/\/lh6.googleusercontent.com\/-wn90OcyjBZw\/VIhAgidbbCI\/AAAAAAAAGDU\/mtgZKCVwfIw\/w370-h278-no\/untitled3.jpg\" \/><\/span><\/span><\/span><\/div>\n<\/td>\n<td>\n<div style=\"text-align: justify;\"><span style=\"color: #000000;\"><span style=\"font-family: tahoma,geneva,sans-serif;\"><span style=\"font-size: 12px;\">&nbsp;&nbsp;&nbsp; Pasi p\u00ebrmendi disa nga veprat e Kryepiskopit Anastas ne Mitropolin\u00eb e Kor\u00e7\u00ebs si edhe rolin q\u00eb ka luajtur dhe luan Kryepiskopi Anastas n\u00eb k\u00ebt\u00eb dioqez\u00eb p\u00ebr bashk\u00ebjetes\u00ebn dhe toleranc\u00ebn fetare, ai njoftoi t\u00eb pranishmit n\u00eb sall\u00eb se me vendim t\u00eb qeveris\u00eb ambientet e Muzeut t\u00eb Artit Mesjetar n\u00eb Kor\u00e7\u00eb do t\u00eb kalojn\u00eb n\u00ebn administrimin e Kish\u00ebs Orthodhokse.<\/span><\/span><\/span><\/div>\n<\/td>\n<\/tr>\n<tr>\n<td>\n<div style=\"text-align: justify;\"><span style=\"color: #000000;\"><span style=\"font-family: tahoma,geneva,sans-serif;\"><span style=\"font-size: 12px;\">&nbsp;&nbsp;&nbsp; Mitropoliti i Kor\u00e7\u00ebs, Hir\u00ebsi Joani, pasi b\u00ebri nj\u00eb p\u00ebrmbledhje t\u00eb jet\u00ebs dhe vepr\u00ebs s\u00eb Kryepiskopit n\u00eb p\u00ebrfundim tha: \u201cRingritja e Kish\u00ebs Orthodhokse n\u00eb Kor\u00e7\u00eb n\u00eb t\u00eb gjitha aspektet i atribuohet Kryepiskopit Anastas. \u00cbsht\u00eb nj\u00eb merit\u00eb e qytetaris\u00eb kor\u00e7are q\u00eb n\u00ebp\u00ebrmjet k\u00ebrkes\u00ebs p\u00ebr dh\u00ebnie t\u00eb titullit: \u201cQytetar nderi\u201d Kryepiskopit Anastas, shprehu mir\u00ebnjohjen ndaj k\u00ebtij personaliteti dhe humanisti t\u00eb madh. Gjithashtu ishte n\u00eb nderin e K\u00ebshillit Bashkiak t\u00eb qytetit t\u00eb Kor\u00e7\u00ebs q\u00eb aprovoi k\u00ebrkes\u00ebn e qytetaris\u00eb kor\u00e7are.<\/span><\/span><\/span><\/div>\n<\/td>\n<td>\n<div style=\"text-align: justify;\">&nbsp;<\/div>\n<p><span style=\"color: #000000;\"><img decoding=\"async\" class=\"lazyload HAa Eha\" style=\"border-width: 1px; border-style: solid; margin: 10px auto; display: block;\" alt=\"\" src=\"data:image\/gif;base64,R0lGODlhAQABAAAAACH5BAEKAAEALAAAAAABAAEAAAICTAEAOw==\" data-orig-src=\"https:\/\/lh4.googleusercontent.com\/-WNoPmisn_Sk\/VIhAhPvxqlI\/AAAAAAAAGDM\/z8fLXVTcifY\/w256-h336-no\/untitled4.jpg\" \/><\/span><\/p>\n<\/td>\n<\/tr>\n<tr>\n<td>\n<div><span style=\"color: #000000;\"><span style=\"font-family: tahoma,geneva,sans-serif;\"><span style=\"font-size: 12px;\"><img decoding=\"async\" class=\"lazyload HAa Eha\" style=\"border-width: 1px; border-style: solid; margin: 10px auto; display: block;\" alt=\"\" src=\"data:image\/gif;base64,R0lGODlhAQABAAAAACH5BAEKAAEALAAAAAABAAEAAAICTAEAOw==\" data-orig-src=\"https:\/\/lh6.googleusercontent.com\/-27J09eaAz5E\/VIhAhTDCNjI\/AAAAAAAAGC4\/2HYWB2DPrJs\/w370-h278-no\/untitled5.jpg\" \/><\/span><\/span><\/span><\/div>\n<\/td>\n<td>\n<div style=\"text-align: justify;\"><span style=\"color: #000000;\"><span style=\"font-family: tahoma,geneva,sans-serif;\"><span style=\"font-size: 12px;\">&nbsp;&nbsp;&nbsp;&nbsp; T\u00eb njoh\u00ebsh kontribute, t\u00eb jesh mir\u00ebnjoh\u00ebs p\u00ebr njer\u00ebzit, t\u00eb cil\u00ebt na kan\u00eb ndihmuar n\u00eb koh\u00eb shum\u00eb t\u00eb v\u00ebshtira, t\u00eb fal\u00ebnderosh bamir\u00ebsit \u00ebsht\u00eb nj\u00eb vler\u00eb e madhe. Nj\u00eb komunitet i till\u00eb \u00ebsht\u00eb nj\u00eb komunitet i qytet\u00ebruar dhe q\u00eb ka nj\u00eb t\u00eb ardhme. Kor\u00e7a, e cila ka qen\u00eb nj\u00eb pioniere n\u00eb shum\u00eb drejtime t\u00eb jet\u00ebs shqiptare si n\u00eb: arsim, kultur\u00eb dhe n\u00eb pun\u00eb, edhe n\u00eb k\u00ebt\u00eb rast u tregua p\u00ebrs\u00ebri nj\u00eb pioniere, duke njohur kontributin e jasht\u00ebzakonsh\u00ebm q\u00eb ka dh\u00ebn\u00eb Kryepiskopi Anastas p\u00ebr vendin ton\u00eb n\u00eb p\u00ebrgjith\u00ebsi dhe Kor\u00e7\u00ebn n\u00eb ve\u00e7anti, sepse t\u00eb them t\u00eb drejt\u00ebn un\u00eb nuk njoh njeri tjet\u00ebr gjat\u00eb k\u00ebtyre 16 viteve q\u00eb t\u00eb ket\u00eb b\u00ebr\u00eb kaq shum\u00eb p\u00ebr k\u00ebt\u00eb vend, sa Kryepiskopi Anastas dhe t\u00eb mos ket\u00eb marr\u00eb pothuajse asgj\u00eb.<\/span><\/span><\/span><\/div>\n<\/td>\n<\/tr>\n<tr>\n<td>\n<div style=\"text-align: justify;\">&nbsp;<\/div>\n<\/td>\n<td>\n<div style=\"text-align: justify;\">&nbsp;<\/div>\n<\/td>\n<\/tr>\n<tr>\n<td>\n<div style=\"text-align: justify;\"><span style=\"color: #000000;\"><span style=\"font-family: tahoma,geneva,sans-serif;\"><span style=\"font-size: 12px;\">&nbsp;&nbsp;&nbsp;&nbsp; Prandaj dua t\u00eb fal\u00ebnderoj t\u00eb gjith\u00eb nism\u00ebtar\u00ebt si dhe K\u00ebshillin Bashkiak t\u00eb qytetit t\u00eb Kor\u00e7\u00ebs, sepse duke nderuar figur\u00ebn e Kryepiskopit Anastas dhe duke njohur publikisht kontributin e Tij, ata nderuan veten dhe qytetin e tyre. Ata d\u00ebshmuan se Kor\u00e7a mbetet nj\u00eb qytet i kulturuar, mir\u00ebnjoh\u00ebs dhe me nj\u00eb ndjenj\u00eb t\u00eb madhe qytetarie, q\u00eb jo vet\u00ebm ka lindur njer\u00ebz dhe bamir\u00ebs t\u00eb m\u00ebdhenj, por edhe i nderon, i respekton dhe i \u00e7mon ata\u201d.<\/span><\/span><\/span><\/div>\n<\/td>\n<td>\n<div><span style=\"color: #000000;\"><span style=\"font-family: tahoma,geneva,sans-serif;\"><span style=\"font-size: 12px;\"><img decoding=\"async\" class=\"lazyload HAa Eha\" style=\"border-width: 1px; border-style: solid; margin: 10px auto; display: block;\" alt=\"\" src=\"data:image\/gif;base64,R0lGODlhAQABAAAAACH5BAEKAAEALAAAAAABAAEAAAICTAEAOw==\" data-orig-src=\"https:\/\/lh6.googleusercontent.com\/-llGFSa9k_1c\/VIhAhipjFLI\/AAAAAAAAGDE\/mH02raMTa3I\/w370-h278-no\/untitled6.jpg\" \/><\/span><\/span><\/span><\/div>\n<\/td>\n<\/tr>\n<tr>\n<td dir=\"ltr\">\n<div><span style=\"color: #000000;\"><span style=\"font-family: tahoma,geneva,sans-serif;\"><span style=\"font-size: 12px;\"><img decoding=\"async\" class=\"lazyload HAa Eha\" style=\"border-width: 1px; border-style: solid; margin: 10px auto; display: block;\" alt=\"\" src=\"data:image\/gif;base64,R0lGODlhAQABAAAAACH5BAEKAAEALAAAAAABAAEAAAICTAEAOw==\" data-orig-src=\"https:\/\/lh4.googleusercontent.com\/-IYTCJFqSHUg\/VIhAh2JAXNI\/AAAAAAAAGDA\/FZlpEUD8Ijk\/w370-h278-no\/untitled7.jpg\" \/><\/span><\/span><\/span><\/div>\n<\/td>\n<td dir=\"ltr\">\n<div style=\"text-align: justify;\"><span style=\"color: #000000;\"><span style=\"font-family: tahoma,geneva,sans-serif;\"><span style=\"font-size: 12px;\">&nbsp;&nbsp;&nbsp;&nbsp; N\u00eb vazhdim, Kryetari i Bashkis\u00eb s\u00eb Kor\u00e7\u00ebs, z. Robert Damo, i dor\u00ebzoi titullin Kryepiskopit Anastas n\u00ebn shoq\u00ebrimin e duartrokitjeve t\u00eb zgjatura. Kryepiskopi Anastas, i emocionuar tha: \u201cMe gjith\u00eb zem\u00ebr d\u00ebshiroj t\u00eb shpreh fal\u00ebnderimet e mia t\u00eb sinqerta ndaj jush dhe an\u00ebtar\u00ebve t\u00eb nderuar t\u00eb K\u00ebshillit Bashkiak p\u00ebr vendimin unanim dhe fisnik, duke m\u00eb dh\u00ebn\u00eb titullin \u201cQytetar nderi\u201d i Kor\u00e7\u00ebs. Ndihem qytetar i Kor\u00e7\u00ebs jo nga dita e sotme, por q\u00eb nga viti 1991, kur erdha p\u00ebr her\u00eb t\u00eb par\u00eb n\u00eb k\u00ebt\u00eb qytet. Shpesh n\u00eb k\u00ebto vite kam qen\u00eb n\u00eb qytete t\u00eb ndryshme t\u00eb Shqip\u00ebris\u00eb dhe aty kam deklaruar se \u201cjam nj\u00eb kor\u00e7ar i vog\u00ebl\u201d.<\/span><\/span><\/span><\/div>\n<\/td>\n<\/tr>\n<tr>\n<td dir=\"ltr\">\n<div style=\"text-align: justify;\"><span style=\"color: #000000;\"><span style=\"font-family: tahoma,geneva,sans-serif;\"><span style=\"font-size: 12px;\">&nbsp;&nbsp;&nbsp;&nbsp; Un\u00eb jetova gjat\u00eb k\u00ebtyre viteve duke marr\u00eb pjes\u00eb n\u00eb t\u00eb gjitha sprovat, dhimbjet dhe g\u00ebzimin e k\u00ebtij populli dhe bashk\u00eb me lider\u00ebt e tjer\u00eb t\u00eb dashur fetar\u00eb, ne u p\u00ebrpoq\u00ebm q\u00eb t\u00eb kontribuonim n\u00eb bashkekzistenc\u00ebn dhe harmonin\u00eb fetare n\u00eb vend, n\u00eb zhvillimin e vet\u00eb vendit me Fjal\u00ebn e Per\u00ebndis\u00eb.<\/span><\/span><\/span><br \/> &nbsp;<\/div>\n<\/td>\n<td dir=\"ltr\">\n<div><span style=\"color: #000000;\"><span style=\"font-family: tahoma,geneva,sans-serif;\"><span style=\"font-size: 12px;\"><img decoding=\"async\" class=\"lazyload HAa Eha\" style=\"border-width: 1px; border-style: solid; margin: 10px auto; display: block;\" alt=\"\" src=\"data:image\/gif;base64,R0lGODlhAQABAAAAACH5BAEKAAEALAAAAAABAAEAAAICTAEAOw==\" data-orig-src=\"https:\/\/lh4.googleusercontent.com\/-eZ5hIohlM_g\/VIhAiFDpnKI\/AAAAAAAAGDI\/tbBmuPLYtR0\/w370-h278-no\/untitled8.jpg\" \/><\/span><\/span><\/span><\/div>\n<\/td>\n<\/tr>\n<tr>\n<td dir=\"ltr\" colspan=\"2\">\n<div style=\"text-align: justify;\"><span style=\"color: #000000;\"><span style=\"font-family: tahoma,geneva,sans-serif;\"><span style=\"font-size: 12px;\">&nbsp;&nbsp;&nbsp; Shpeshher\u00eb, duke marr\u00eb iniciativa q\u00eb ishin pararoj\u00eb n\u00eb fusha t\u00eb sh\u00ebndetit, t\u00eb arsimit dhe t\u00eb p\u00ebrkujdesit shoq\u00ebror t\u00eb zhvillimit dhe t\u00eb kultur\u00ebs. N\u00eb Kor\u00e7\u00eb kam gjetur gjithmon\u00eb mikpritjen, p\u00ebrkushtimin dhe fuqi rip\u00ebrt\u00ebrit\u00ebse. Keni nderin t\u00eb keni njer\u00ebz me t\u00eb v\u00ebrtet\u00eb t\u00eb talentuar. Dua t\u2019ju uroj nga thell\u00ebsia e zemr\u00ebs sime sh\u00ebndet dhe urt\u00ebsi shpirt\u00ebrore, por edhe durim q\u00eb ju t\u00eb vazhdoni t\u00eb realizoni planet tuaja p\u00ebr Kor\u00e7\u00ebn ton\u00eb t\u00eb dashur, e bekuar nga Zoti. Per\u00ebndia le t\u00eb na ndihmoj\u00eb t\u00eb gjith\u00ebve ne p\u00ebr t\u00eb vazhduar me iniciativa krijuese p\u00ebrpjekjen ton\u00eb q\u00eb ta b\u00ebjm\u00eb Kor\u00e7\u00ebn nj\u00eb qytet t\u00eb bukur, ku t\u00eb sundoj\u00eb harmonia nd\u00ebrfetare, p\u00ebrparimi, solidariteti, dashuria dhe shpresa. Edhe nj\u00ebher\u00eb fal\u00ebnderime nga nj\u00eb kor\u00e7ar i ri\u201d.<\/span><\/span><\/span><\/div>\n<div style=\"text-align: justify;\">&nbsp;<\/div>\n<div style=\"text-align: justify;\"><span style=\"color: #000000;\"><span style=\"font-family: tahoma,geneva,sans-serif;\"><span style=\"font-size: 12px;\">&nbsp;&nbsp;&nbsp; Duke i dor\u00ebzuar Kryetarit t\u00eb Bashkis\u00eb si dhurat\u00eb nj\u00eb shandan t\u00eb argjendt\u00eb n\u00eb shenj\u00eb simboli t\u00eb k\u00ebsaj dite, Kryepiskopi Anastas tha: \u201cJu jap k\u00ebt\u00eb dhurat\u00eb q\u00eb n\u00eb dit\u00eb t\u00eb v\u00ebshtira \u201ckur nuk ka energji\u201d, keni rastin t\u00eb ndri\u00e7oheni. \u00cbsht\u00eb nj\u00eb llambadh\u00eb e thjesht\u00eb, nj\u00eb llambadh\u00eb Pashke, duke patur si simbol bashkimin\u201d.<\/span><\/span><\/span><\/div>\n<div style=\"text-align: justify;\">&nbsp;<\/div>\n<div style=\"text-align: justify;\"><span style=\"color: #000000;\"><span style=\"font-family: tahoma,geneva,sans-serif;\"><span style=\"font-size: 12px;\">&nbsp;&nbsp;&nbsp; Prefektja Elfrida Zefi duke p\u00ebrcjell\u00eb mesazhet e qeveris\u00eb shqiptare nd\u00ebr t\u00eb tjera tha: \u201cE vler\u00ebsojm\u00eb shum\u00eb vepr\u00ebn apostolike t\u00eb Kryepiskopit Anastas. N\u00ebp\u00ebrmjet dy lajmeve t\u00eb mira t\u00eb konfirmuara n\u00eb m\u00ebnyr\u00eb zyrtare nga ministrat p\u00ebrkat\u00ebs mb\u00ebshtetjen financiare t\u00eb transferimit t\u00eb Muzeut t\u00eb Artit Mesjetar p\u00ebr t\u00eb mund\u00ebsuar kthimin e Katedrales \u201cBurimi Jet\u00ebdh\u00ebn\u00ebs\u201d n\u00eb origjinalitet. Ndaj p\u00ebrfitoj nga rasti t\u00eb drejtoj fjal\u00eb fal\u00ebnderimi p\u00ebr prezenc\u00ebn sot n\u00eb Kor\u00e7\u00eb t\u00eb apostullit t\u00eb dit\u00ebve tona, Fortlumturis\u00eb s\u00eb Tij, Kryepiskopit Anastas. Ne kuptojm\u00eb se sa e r\u00ebnd\u00ebsishme \u00ebsht\u00eb t\u00eb ndjesh \u00e7do t\u00eb thot\u00eb \u201cPer\u00ebndi, m\u00eb jep fjal\u00ebn dhe un\u00eb do ta gdhend at\u00eb tek njer\u00ebzit\u201d. Kjo ceremoni dhe atmosfer\u00eb u p\u00ebrcoll n\u00eb publikun e gjer\u00eb shqiptar nga media lokale dhe komb\u00ebtare.<\/span><\/span><\/span><\/div>\n<div style=\"text-align: justify;\">&nbsp;<\/div>\n<div style=\"text-align: justify;\"><span style=\"color: #000000;\"><span style=\"font-family: tahoma,geneva,sans-serif;\"><span style=\"font-size: 12px;\">&nbsp;&nbsp;&nbsp; N\u00eb fund, p\u00ebr t\u00eb pranishmit u shtrua nj\u00eb drek\u00eb n\u00eb restorantin e godin\u00ebs polifunksionale \u201cSh\u00ebn Gjergji\u201d t\u00eb Kish\u00ebs, e cila kaloi n\u00eb nj\u00eb atmosfer\u00eb t\u00eb ngroht\u00eb dhe miq\u00ebsore t\u00eb shoq\u00ebruar me k\u00ebng\u00eb, muzik\u00eb qytetare kor\u00e7are dhe kishtare nga t\u00eb rinj muzikant\u00eb dhe artist\u00eb.<\/span><\/span><\/span><\/div>\n<\/td>\n<\/tr>\n<tr>\n<td colspan=\"2\">\n<div style=\"text-align: justify;\">&nbsp;<\/div>\n<div style=\"text-align: justify;\">&nbsp;<\/div>\n<div style=\"text-align: justify;\"><span style=\"color: #000000;\"><span style=\"font-family: tahoma,geneva,sans-serif;\"><span style=\"font-size: 12px;\"><strong>Julia Pjetri <\/strong><\/span><\/span><\/span><\/div>\n<\/td>\n<\/tr>\n<\/tbody>\n<\/table>\n","protected":false},"excerpt":{"rendered":"<p>&nbsp;&nbsp;&nbsp; N\u00eb dt. 18 Janar 2007 K\u00ebshilli Bashkiak i qytetit t\u00eb Kor\u00e7\u00ebs i dor\u00ebzoi Fortlumturis\u00eb s\u00eb Tij, Kryepiskopit Anastas titullin \u201cQytetar nderi\u201d me motivacionin: \u201cP\u00ebr merita t\u00eb shquara n\u00eb ringjalljen e madhe t\u00eb Orthodhoksis\u00eb, si dhe ngritjen e mjaft institucioneve fetare n\u00eb qytetin e Kor\u00e7\u00ebs, p\u00ebrmes nj\u00eb ceremonie t\u00eb organizuar nga Bashkia e Kor\u00e7\u00ebs n\u00eb bashk\u00ebpunim me Mitropolin\u00eb e Kor\u00e7\u00ebs. &nbsp; &nbsp;&nbsp;&nbsp; Ishin t\u00eb pranish\u00ebm<\/p>\n","protected":false},"author":1,"featured_media":0,"comment_status":"open","ping_status":"open","sticky":false,"template":"","format":"standard","meta":{"_acf_changed":false,"pagelayer_contact_templates":[],"_pagelayer_content":"","inline_featured_image":false,"fifu_image_url":"","fifu_image_alt":"","footnotes":""},"categories":[108],"tags":[147,153,201,212,181],"class_list":["post-896","post","type-post","status-publish","format-standard","hentry","category-lajme","tag-147","tag-deklarata-njoftime-zyrtare-d75","tag-kryepiskopi-anastas","tag-lajme-d27","tag-korce"],"acf":[],"yoast_head":"<!-- This site is optimized with the Yoast SEO plugin v27.2 - https:\/\/yoast.com\/product\/yoast-seo-wordpress\/ -->\n<title>Kryepiskopit Anastas i jepet titulli \u201cQytetar nderi\u201d Kor\u00e7\u00ebs. (18 Janar 2007) - Kisha Orthodh\u03bfkse Autoqefale e Shqip\u00ebris\u00eb<\/title>\n<meta name=\"robots\" content=\"index, follow, max-snippet:-1, max-image-preview:large, max-video-preview:-1\" \/>\n<link rel=\"canonical\" href=\"https:\/\/orthodoxalbania.org\/2020\/2007\/02\/26\/kryepiskopit-anastas-i-jepet-titulli-qytetar-nderi-korces-janar-07\/\" \/>\n<meta property=\"og:locale\" content=\"en_US\" \/>\n<meta property=\"og:type\" content=\"article\" \/>\n<meta property=\"og:title\" content=\"Kryepiskopit Anastas i jepet titulli \u201cQytetar nderi\u201d Kor\u00e7\u00ebs. (18 Janar 2007) - Kisha Orthodh\u03bfkse Autoqefale e Shqip\u00ebris\u00eb\" \/>\n<meta property=\"og:description\" content=\"&nbsp;&nbsp;&nbsp; N\u00eb dt. 18 Janar 2007 K\u00ebshilli Bashkiak i qytetit t\u00eb Kor\u00e7\u00ebs i dor\u00ebzoi Fortlumturis\u00eb s\u00eb Tij, Kryepiskopit Anastas titullin \u201cQytetar nderi\u201d me motivacionin: \u201cP\u00ebr merita t\u00eb shquara n\u00eb ringjalljen e madhe t\u00eb Orthodhoksis\u00eb, si dhe ngritjen e mjaft institucioneve fetare n\u00eb qytetin e Kor\u00e7\u00ebs, p\u00ebrmes nj\u00eb ceremonie t\u00eb organizuar nga Bashkia e Kor\u00e7\u00ebs n\u00eb bashk\u00ebpunim me Mitropolin\u00eb e Kor\u00e7\u00ebs. &nbsp; &nbsp;&nbsp;&nbsp; Ishin t\u00eb pranish\u00ebm\" \/>\n<meta property=\"og:url\" content=\"https:\/\/orthodoxalbania.org\/2020\/2007\/02\/26\/kryepiskopit-anastas-i-jepet-titulli-qytetar-nderi-korces-janar-07\/\" \/>\n<meta property=\"og:site_name\" content=\"Kisha Orthodh\u03bfkse Autoqefale e Shqip\u00ebris\u00eb\" \/>\n<meta property=\"article:publisher\" content=\"https:\/\/www.facebook.com\/koash1991\" \/>\n<meta property=\"article:published_time\" content=\"2007-02-26T00:00:00+00:00\" \/>\n<meta property=\"article:modified_time\" content=\"2020-04-06T20:35:46+00:00\" \/>\n<meta property=\"og:image\" content=\"https:\/\/lh4.googleusercontent.com\/-WRkRiQFr-as\/VIhAg5d6wPI\/AAAAAAAAGDQ\/9GKJ19lOsgA\/w370-h278-no\/untitled1.jpg\" \/>\n<meta name=\"author\" content=\"Kisha Orthodhokse\" \/>\n<meta name=\"twitter:card\" content=\"summary_large_image\" \/>\n<meta name=\"twitter:label1\" content=\"Written by\" \/>\n\t<meta name=\"twitter:data1\" content=\"Kisha Orthodhokse\" \/>\n\t<meta name=\"twitter:label2\" content=\"Est. reading time\" \/>\n\t<meta name=\"twitter:data2\" content=\"6 minutes\" \/>\n<script type=\"application\/ld+json\" class=\"yoast-schema-graph\">{\"@context\":\"https:\/\/schema.org\",\"@graph\":[{\"@type\":\"Article\",\"@id\":\"https:\/\/orthodoxalbania.org\/2020\/2007\/02\/26\/kryepiskopit-anastas-i-jepet-titulli-qytetar-nderi-korces-janar-07\/#article\",\"isPartOf\":{\"@id\":\"https:\/\/orthodoxalbania.org\/2020\/2007\/02\/26\/kryepiskopit-anastas-i-jepet-titulli-qytetar-nderi-korces-janar-07\/\"},\"author\":{\"name\":\"Kisha Orthodhokse\",\"@id\":\"https:\/\/orthodoxalbania.org\/2020\/#\/schema\/person\/0c387634a7063ac612d7ed9ce71c7e86\"},\"headline\":\"Kryepiskopit Anastas i jepet titulli \u201cQytetar nderi\u201d Kor\u00e7\u00ebs. (18 Janar 2007)\",\"datePublished\":\"2007-02-26T00:00:00+00:00\",\"dateModified\":\"2020-04-06T20:35:46+00:00\",\"mainEntityOfPage\":{\"@id\":\"https:\/\/orthodoxalbania.org\/2020\/2007\/02\/26\/kryepiskopit-anastas-i-jepet-titulli-qytetar-nderi-korces-janar-07\/\"},\"wordCount\":1228,\"commentCount\":0,\"publisher\":{\"@id\":\"https:\/\/orthodoxalbania.org\/2020\/#organization\"},\"image\":{\"@id\":\"https:\/\/orthodoxalbania.org\/2020\/2007\/02\/26\/kryepiskopit-anastas-i-jepet-titulli-qytetar-nderi-korces-janar-07\/#primaryimage\"},\"thumbnailUrl\":\"https:\/\/lh4.googleusercontent.com\/-WRkRiQFr-as\/VIhAg5d6wPI\/AAAAAAAAGDQ\/9GKJ19lOsgA\/w370-h278-no\/untitled1.jpg\",\"keywords\":[\"2007\",\"Deklarata - Njoftime Zyrtare\",\"Kryepiskopi Anastas\",\"lajme\",\"Mitropolia Kor\u00e7\u00eb\"],\"articleSection\":[\"Lajme\"],\"inLanguage\":\"en-US\"},{\"@type\":\"WebPage\",\"@id\":\"https:\/\/orthodoxalbania.org\/2020\/2007\/02\/26\/kryepiskopit-anastas-i-jepet-titulli-qytetar-nderi-korces-janar-07\/\",\"url\":\"https:\/\/orthodoxalbania.org\/2020\/2007\/02\/26\/kryepiskopit-anastas-i-jepet-titulli-qytetar-nderi-korces-janar-07\/\",\"name\":\"Kryepiskopit Anastas i jepet titulli \u201cQytetar nderi\u201d Kor\u00e7\u00ebs. (18 Janar 2007) - Kisha Orthodh\u03bfkse Autoqefale e Shqip\u00ebris\u00eb\",\"isPartOf\":{\"@id\":\"https:\/\/orthodoxalbania.org\/2020\/#website\"},\"primaryImageOfPage\":{\"@id\":\"https:\/\/orthodoxalbania.org\/2020\/2007\/02\/26\/kryepiskopit-anastas-i-jepet-titulli-qytetar-nderi-korces-janar-07\/#primaryimage\"},\"image\":{\"@id\":\"https:\/\/orthodoxalbania.org\/2020\/2007\/02\/26\/kryepiskopit-anastas-i-jepet-titulli-qytetar-nderi-korces-janar-07\/#primaryimage\"},\"thumbnailUrl\":\"https:\/\/lh4.googleusercontent.com\/-WRkRiQFr-as\/VIhAg5d6wPI\/AAAAAAAAGDQ\/9GKJ19lOsgA\/w370-h278-no\/untitled1.jpg\",\"datePublished\":\"2007-02-26T00:00:00+00:00\",\"dateModified\":\"2020-04-06T20:35:46+00:00\",\"breadcrumb\":{\"@id\":\"https:\/\/orthodoxalbania.org\/2020\/2007\/02\/26\/kryepiskopit-anastas-i-jepet-titulli-qytetar-nderi-korces-janar-07\/#breadcrumb\"},\"inLanguage\":\"en-US\",\"potentialAction\":[{\"@type\":\"ReadAction\",\"target\":[\"https:\/\/orthodoxalbania.org\/2020\/2007\/02\/26\/kryepiskopit-anastas-i-jepet-titulli-qytetar-nderi-korces-janar-07\/\"]}]},{\"@type\":\"ImageObject\",\"inLanguage\":\"en-US\",\"@id\":\"https:\/\/orthodoxalbania.org\/2020\/2007\/02\/26\/kryepiskopit-anastas-i-jepet-titulli-qytetar-nderi-korces-janar-07\/#primaryimage\",\"url\":\"https:\/\/lh4.googleusercontent.com\/-WRkRiQFr-as\/VIhAg5d6wPI\/AAAAAAAAGDQ\/9GKJ19lOsgA\/w370-h278-no\/untitled1.jpg\",\"contentUrl\":\"https:\/\/lh4.googleusercontent.com\/-WRkRiQFr-as\/VIhAg5d6wPI\/AAAAAAAAGDQ\/9GKJ19lOsgA\/w370-h278-no\/untitled1.jpg\"},{\"@type\":\"BreadcrumbList\",\"@id\":\"https:\/\/orthodoxalbania.org\/2020\/2007\/02\/26\/kryepiskopit-anastas-i-jepet-titulli-qytetar-nderi-korces-janar-07\/#breadcrumb\",\"itemListElement\":[{\"@type\":\"ListItem\",\"position\":1,\"name\":\"Home\",\"item\":\"https:\/\/orthodoxalbania.org\/2020\/\"},{\"@type\":\"ListItem\",\"position\":2,\"name\":\"Kryepiskopit Anastas i jepet titulli \u201cQytetar nderi\u201d Kor\u00e7\u00ebs. (18 Janar 2007)\"}]},{\"@type\":\"WebSite\",\"@id\":\"https:\/\/orthodoxalbania.org\/2020\/#website\",\"url\":\"https:\/\/orthodoxalbania.org\/2020\/\",\"name\":\"Kisha Orthodh\u03bfkse Autoqefale e Shqip\u00ebris\u00eb\",\"description\":\"Fqja Zyrtare e Kish\u00ebs Orthodhokse Autoqefale e Shqip\u00ebris\u00eb me lajmet edhe informacionet zyrtare p\u00ebr struktur\u00ebn edhe veprimtarin e saj.\",\"publisher\":{\"@id\":\"https:\/\/orthodoxalbania.org\/2020\/#organization\"},\"potentialAction\":[{\"@type\":\"SearchAction\",\"target\":{\"@type\":\"EntryPoint\",\"urlTemplate\":\"https:\/\/orthodoxalbania.org\/2020\/?s={search_term_string}\"},\"query-input\":{\"@type\":\"PropertyValueSpecification\",\"valueRequired\":true,\"valueName\":\"search_term_string\"}}],\"inLanguage\":\"en-US\"},{\"@type\":\"Organization\",\"@id\":\"https:\/\/orthodoxalbania.org\/2020\/#organization\",\"name\":\"Kisha Orthodhokse Autoqefale e Shqip\u00ebris\u00eb\",\"url\":\"https:\/\/orthodoxalbania.org\/2020\/\",\"logo\":{\"@type\":\"ImageObject\",\"inLanguage\":\"en-US\",\"@id\":\"https:\/\/orthodoxalbania.org\/2020\/#\/schema\/logo\/image\/\",\"url\":\"https:\/\/orthodoxalbania.org\/2020\/wp-content\/uploads\/2020\/05\/albania.jpeg\",\"contentUrl\":\"https:\/\/orthodoxalbania.org\/2020\/wp-content\/uploads\/2020\/05\/albania.jpeg\",\"width\":540,\"height\":540,\"caption\":\"Kisha Orthodhokse Autoqefale e Shqip\u00ebris\u00eb\"},\"image\":{\"@id\":\"https:\/\/orthodoxalbania.org\/2020\/#\/schema\/logo\/image\/\"},\"sameAs\":[\"https:\/\/www.facebook.com\/koash1991\"]},{\"@type\":\"Person\",\"@id\":\"https:\/\/orthodoxalbania.org\/2020\/#\/schema\/person\/0c387634a7063ac612d7ed9ce71c7e86\",\"name\":\"Kisha Orthodhokse\",\"image\":{\"@type\":\"ImageObject\",\"inLanguage\":\"en-US\",\"@id\":\"https:\/\/secure.gravatar.com\/avatar\/596e7c417251e30f2fbb9c00e026fce61a695a00e51c889caded71c96cbbdde5?s=96&d=mm&r=g\",\"url\":\"https:\/\/secure.gravatar.com\/avatar\/596e7c417251e30f2fbb9c00e026fce61a695a00e51c889caded71c96cbbdde5?s=96&d=mm&r=g\",\"contentUrl\":\"https:\/\/secure.gravatar.com\/avatar\/596e7c417251e30f2fbb9c00e026fce61a695a00e51c889caded71c96cbbdde5?s=96&d=mm&r=g\",\"caption\":\"Kisha Orthodhokse\"}}]}<\/script>\n<!-- \/ Yoast SEO plugin. -->","yoast_head_json":{"title":"Kryepiskopit Anastas i jepet titulli \u201cQytetar nderi\u201d Kor\u00e7\u00ebs. (18 Janar 2007) - Kisha Orthodh\u03bfkse Autoqefale e Shqip\u00ebris\u00eb","robots":{"index":"index","follow":"follow","max-snippet":"max-snippet:-1","max-image-preview":"max-image-preview:large","max-video-preview":"max-video-preview:-1"},"canonical":"https:\/\/orthodoxalbania.org\/2020\/2007\/02\/26\/kryepiskopit-anastas-i-jepet-titulli-qytetar-nderi-korces-janar-07\/","og_locale":"en_US","og_type":"article","og_title":"Kryepiskopit Anastas i jepet titulli \u201cQytetar nderi\u201d Kor\u00e7\u00ebs. (18 Janar 2007) - Kisha Orthodh\u03bfkse Autoqefale e Shqip\u00ebris\u00eb","og_description":"&nbsp;&nbsp;&nbsp; N\u00eb dt. 18 Janar 2007 K\u00ebshilli Bashkiak i qytetit t\u00eb Kor\u00e7\u00ebs i dor\u00ebzoi Fortlumturis\u00eb s\u00eb Tij, Kryepiskopit Anastas titullin \u201cQytetar nderi\u201d me motivacionin: \u201cP\u00ebr merita t\u00eb shquara n\u00eb ringjalljen e madhe t\u00eb Orthodhoksis\u00eb, si dhe ngritjen e mjaft institucioneve fetare n\u00eb qytetin e Kor\u00e7\u00ebs, p\u00ebrmes nj\u00eb ceremonie t\u00eb organizuar nga Bashkia e Kor\u00e7\u00ebs n\u00eb bashk\u00ebpunim me Mitropolin\u00eb e Kor\u00e7\u00ebs. &nbsp; &nbsp;&nbsp;&nbsp; Ishin t\u00eb pranish\u00ebm","og_url":"https:\/\/orthodoxalbania.org\/2020\/2007\/02\/26\/kryepiskopit-anastas-i-jepet-titulli-qytetar-nderi-korces-janar-07\/","og_site_name":"Kisha Orthodh\u03bfkse Autoqefale e Shqip\u00ebris\u00eb","article_publisher":"https:\/\/www.facebook.com\/koash1991","article_published_time":"2007-02-26T00:00:00+00:00","article_modified_time":"2020-04-06T20:35:46+00:00","og_image":[{"url":"https:\/\/lh4.googleusercontent.com\/-WRkRiQFr-as\/VIhAg5d6wPI\/AAAAAAAAGDQ\/9GKJ19lOsgA\/w370-h278-no\/untitled1.jpg","type":"","width":"","height":""}],"author":"Kisha Orthodhokse","twitter_card":"summary_large_image","twitter_misc":{"Written by":"Kisha Orthodhokse","Est. reading time":"6 minutes"},"schema":{"@context":"https:\/\/schema.org","@graph":[{"@type":"Article","@id":"https:\/\/orthodoxalbania.org\/2020\/2007\/02\/26\/kryepiskopit-anastas-i-jepet-titulli-qytetar-nderi-korces-janar-07\/#article","isPartOf":{"@id":"https:\/\/orthodoxalbania.org\/2020\/2007\/02\/26\/kryepiskopit-anastas-i-jepet-titulli-qytetar-nderi-korces-janar-07\/"},"author":{"name":"Kisha Orthodhokse","@id":"https:\/\/orthodoxalbania.org\/2020\/#\/schema\/person\/0c387634a7063ac612d7ed9ce71c7e86"},"headline":"Kryepiskopit Anastas i jepet titulli \u201cQytetar nderi\u201d Kor\u00e7\u00ebs. (18 Janar 2007)","datePublished":"2007-02-26T00:00:00+00:00","dateModified":"2020-04-06T20:35:46+00:00","mainEntityOfPage":{"@id":"https:\/\/orthodoxalbania.org\/2020\/2007\/02\/26\/kryepiskopit-anastas-i-jepet-titulli-qytetar-nderi-korces-janar-07\/"},"wordCount":1228,"commentCount":0,"publisher":{"@id":"https:\/\/orthodoxalbania.org\/2020\/#organization"},"image":{"@id":"https:\/\/orthodoxalbania.org\/2020\/2007\/02\/26\/kryepiskopit-anastas-i-jepet-titulli-qytetar-nderi-korces-janar-07\/#primaryimage"},"thumbnailUrl":"https:\/\/lh4.googleusercontent.com\/-WRkRiQFr-as\/VIhAg5d6wPI\/AAAAAAAAGDQ\/9GKJ19lOsgA\/w370-h278-no\/untitled1.jpg","keywords":["2007","Deklarata - Njoftime Zyrtare","Kryepiskopi Anastas","lajme","Mitropolia Kor\u00e7\u00eb"],"articleSection":["Lajme"],"inLanguage":"en-US"},{"@type":"WebPage","@id":"https:\/\/orthodoxalbania.org\/2020\/2007\/02\/26\/kryepiskopit-anastas-i-jepet-titulli-qytetar-nderi-korces-janar-07\/","url":"https:\/\/orthodoxalbania.org\/2020\/2007\/02\/26\/kryepiskopit-anastas-i-jepet-titulli-qytetar-nderi-korces-janar-07\/","name":"Kryepiskopit Anastas i jepet titulli \u201cQytetar nderi\u201d Kor\u00e7\u00ebs. (18 Janar 2007) - Kisha Orthodh\u03bfkse Autoqefale e Shqip\u00ebris\u00eb","isPartOf":{"@id":"https:\/\/orthodoxalbania.org\/2020\/#website"},"primaryImageOfPage":{"@id":"https:\/\/orthodoxalbania.org\/2020\/2007\/02\/26\/kryepiskopit-anastas-i-jepet-titulli-qytetar-nderi-korces-janar-07\/#primaryimage"},"image":{"@id":"https:\/\/orthodoxalbania.org\/2020\/2007\/02\/26\/kryepiskopit-anastas-i-jepet-titulli-qytetar-nderi-korces-janar-07\/#primaryimage"},"thumbnailUrl":"https:\/\/lh4.googleusercontent.com\/-WRkRiQFr-as\/VIhAg5d6wPI\/AAAAAAAAGDQ\/9GKJ19lOsgA\/w370-h278-no\/untitled1.jpg","datePublished":"2007-02-26T00:00:00+00:00","dateModified":"2020-04-06T20:35:46+00:00","breadcrumb":{"@id":"https:\/\/orthodoxalbania.org\/2020\/2007\/02\/26\/kryepiskopit-anastas-i-jepet-titulli-qytetar-nderi-korces-janar-07\/#breadcrumb"},"inLanguage":"en-US","potentialAction":[{"@type":"ReadAction","target":["https:\/\/orthodoxalbania.org\/2020\/2007\/02\/26\/kryepiskopit-anastas-i-jepet-titulli-qytetar-nderi-korces-janar-07\/"]}]},{"@type":"ImageObject","inLanguage":"en-US","@id":"https:\/\/orthodoxalbania.org\/2020\/2007\/02\/26\/kryepiskopit-anastas-i-jepet-titulli-qytetar-nderi-korces-janar-07\/#primaryimage","url":"https:\/\/lh4.googleusercontent.com\/-WRkRiQFr-as\/VIhAg5d6wPI\/AAAAAAAAGDQ\/9GKJ19lOsgA\/w370-h278-no\/untitled1.jpg","contentUrl":"https:\/\/lh4.googleusercontent.com\/-WRkRiQFr-as\/VIhAg5d6wPI\/AAAAAAAAGDQ\/9GKJ19lOsgA\/w370-h278-no\/untitled1.jpg"},{"@type":"BreadcrumbList","@id":"https:\/\/orthodoxalbania.org\/2020\/2007\/02\/26\/kryepiskopit-anastas-i-jepet-titulli-qytetar-nderi-korces-janar-07\/#breadcrumb","itemListElement":[{"@type":"ListItem","position":1,"name":"Home","item":"https:\/\/orthodoxalbania.org\/2020\/"},{"@type":"ListItem","position":2,"name":"Kryepiskopit Anastas i jepet titulli \u201cQytetar nderi\u201d Kor\u00e7\u00ebs. (18 Janar 2007)"}]},{"@type":"WebSite","@id":"https:\/\/orthodoxalbania.org\/2020\/#website","url":"https:\/\/orthodoxalbania.org\/2020\/","name":"Kisha Orthodh\u03bfkse Autoqefale e Shqip\u00ebris\u00eb","description":"Fqja Zyrtare e Kish\u00ebs Orthodhokse Autoqefale e Shqip\u00ebris\u00eb me lajmet edhe informacionet zyrtare p\u00ebr struktur\u00ebn edhe veprimtarin e saj.","publisher":{"@id":"https:\/\/orthodoxalbania.org\/2020\/#organization"},"potentialAction":[{"@type":"SearchAction","target":{"@type":"EntryPoint","urlTemplate":"https:\/\/orthodoxalbania.org\/2020\/?s={search_term_string}"},"query-input":{"@type":"PropertyValueSpecification","valueRequired":true,"valueName":"search_term_string"}}],"inLanguage":"en-US"},{"@type":"Organization","@id":"https:\/\/orthodoxalbania.org\/2020\/#organization","name":"Kisha Orthodhokse Autoqefale e Shqip\u00ebris\u00eb","url":"https:\/\/orthodoxalbania.org\/2020\/","logo":{"@type":"ImageObject","inLanguage":"en-US","@id":"https:\/\/orthodoxalbania.org\/2020\/#\/schema\/logo\/image\/","url":"https:\/\/orthodoxalbania.org\/2020\/wp-content\/uploads\/2020\/05\/albania.jpeg","contentUrl":"https:\/\/orthodoxalbania.org\/2020\/wp-content\/uploads\/2020\/05\/albania.jpeg","width":540,"height":540,"caption":"Kisha Orthodhokse Autoqefale e Shqip\u00ebris\u00eb"},"image":{"@id":"https:\/\/orthodoxalbania.org\/2020\/#\/schema\/logo\/image\/"},"sameAs":["https:\/\/www.facebook.com\/koash1991"]},{"@type":"Person","@id":"https:\/\/orthodoxalbania.org\/2020\/#\/schema\/person\/0c387634a7063ac612d7ed9ce71c7e86","name":"Kisha Orthodhokse","image":{"@type":"ImageObject","inLanguage":"en-US","@id":"https:\/\/secure.gravatar.com\/avatar\/596e7c417251e30f2fbb9c00e026fce61a695a00e51c889caded71c96cbbdde5?s=96&d=mm&r=g","url":"https:\/\/secure.gravatar.com\/avatar\/596e7c417251e30f2fbb9c00e026fce61a695a00e51c889caded71c96cbbdde5?s=96&d=mm&r=g","contentUrl":"https:\/\/secure.gravatar.com\/avatar\/596e7c417251e30f2fbb9c00e026fce61a695a00e51c889caded71c96cbbdde5?s=96&d=mm&r=g","caption":"Kisha Orthodhokse"}}]}},"_links":{"self":[{"href":"https:\/\/orthodoxalbania.org\/2020\/wp-json\/wp\/v2\/posts\/896","targetHints":{"allow":["GET"]}}],"collection":[{"href":"https:\/\/orthodoxalbania.org\/2020\/wp-json\/wp\/v2\/posts"}],"about":[{"href":"https:\/\/orthodoxalbania.org\/2020\/wp-json\/wp\/v2\/types\/post"}],"author":[{"embeddable":true,"href":"https:\/\/orthodoxalbania.org\/2020\/wp-json\/wp\/v2\/users\/1"}],"replies":[{"embeddable":true,"href":"https:\/\/orthodoxalbania.org\/2020\/wp-json\/wp\/v2\/comments?post=896"}],"version-history":[{"count":1,"href":"https:\/\/orthodoxalbania.org\/2020\/wp-json\/wp\/v2\/posts\/896\/revisions"}],"predecessor-version":[{"id":15758,"href":"https:\/\/orthodoxalbania.org\/2020\/wp-json\/wp\/v2\/posts\/896\/revisions\/15758"}],"wp:attachment":[{"href":"https:\/\/orthodoxalbania.org\/2020\/wp-json\/wp\/v2\/media?parent=896"}],"wp:term":[{"taxonomy":"category","embeddable":true,"href":"https:\/\/orthodoxalbania.org\/2020\/wp-json\/wp\/v2\/categories?post=896"},{"taxonomy":"post_tag","embeddable":true,"href":"https:\/\/orthodoxalbania.org\/2020\/wp-json\/wp\/v2\/tags?post=896"}],"curies":[{"name":"wp","href":"https:\/\/api.w.org\/{rel}","templated":true}]}}