{"id":895,"date":"2009-03-13T10:22:48","date_gmt":"2009-03-13T10:22:48","guid":{"rendered":""},"modified":"2020-04-06T22:35:09","modified_gmt":"2020-04-06T20:35:09","slug":"kryepiskopit-anastas-i-jepet-titulli-doktor-honoris-causa-nga-universiteti-pontifik-i-italise-se-jugut","status":"publish","type":"post","link":"https:\/\/orthodoxalbania.org\/2020\/2009\/03\/13\/kryepiskopit-anastas-i-jepet-titulli-doktor-honoris-causa-nga-universiteti-pontifik-i-italise-se-jugut\/","title":{"rendered":"Kryepiskopit Anastas i jepet titulli Doktor Honoris Causa nga Universiteti Pontifik i Italis\u00eb s\u00eb Jugut. (8 Dhjetor 2009)"},"content":{"rendered":"<div>\n<div class=\"style18\" style=\"text-align: justify;\"><span style=\"color: #000000;\"><span style=\"font-family: tahoma,geneva,sans-serif;\"><span style=\"font-size: 12px;\"><strong><img decoding=\"async\" class=\"lazyload HAa Eha\" style=\"height: 281px; width: 374px; border-width: 1px; border-style: solid; margin: 10px; float: left;\" alt=\"\" src=\"data:image\/gif;base64,R0lGODlhAQABAAAAACH5BAEKAAEALAAAAAABAAEAAAICTAEAOw==\" data-orig-src=\"https:\/\/lh4.googleusercontent.com\/-c9ycCWnTJ94\/U_2OgdmIMvI\/AAAAAAAABRI\/vblM3FG1u_A\/w800-h600-no\/t1.jpg\" \/>&nbsp;&nbsp;&nbsp; N\u00eb dat\u00ebn 8 dhjetor<\/strong>, Kryepiskopi Anastas mb\u00ebrriti n\u00eb Napoli, shoq\u00ebruar nga nj\u00eb pjes\u00eb e delegacionit kishtar q\u00eb ishin n\u00eb vizit\u00ebn n\u00eb Vatikan, e shkoi p\u00ebr t\u00eb p\u00ebrsh\u00ebndetur kardinalin Kreshenco Sepe t\u00eb k\u00ebtij qyteti n\u00eb kish\u00ebn e Sh\u00ebn Maris\u00eb s\u00eb Panjollshme, q\u00eb kremtonte n\u00eb at\u00eb dit\u00eb. Pas nj\u00eb p\u00ebrsh\u00ebndetje t\u00eb ngroht\u00eb t\u00eb rezervuar nga ana e kardinalit dhe autoriteteve t\u00eb tjera t\u00eb qytetit, midis tyre edhe kryetarja e Bashkis\u00eb s\u00eb Napolit, Kryepiskopi p\u00ebrsh\u00ebndeti popullin e qytetit nga tribuna e ngritur pran\u00eb kish\u00ebs n\u00eb dialektin napolitan, duke uruar q\u00eb e P\u00ebrmbishenjta Hyjlind\u00ebse t\u00eb bekoj\u00eb dhe t\u00eb shoq\u00ebroj\u00eb sa her\u00eb popullin besimtar t\u00eb Napolit p\u00ebr kap\u00ebrcimin e problemeve dhe plag\u00ebve shoq\u00ebrore q\u00eb e mundojn\u00eb. M\u00eb pas Kryepiskopi vizitoi selin\u00eb e Kardinalit Sepe t\u00eb ndodhur n\u00eb qendr\u00ebn historike t\u00eb qytetit, i shoq\u00ebruar edhe nga kryetari i Komunitetit t\u00eb San Exhidios, Rikardi, e mjaft miq t\u00eb tjer\u00eb.<\/span><\/span><\/span><\/div>\n<div class=\"style18\" style=\"text-align: justify;\"> <span style=\"color: #000000;\"><span style=\"font-family: tahoma,geneva,sans-serif;\"><span style=\"font-size: 12px;\">&nbsp;&nbsp;&nbsp; <strong>T\u00eb nes\u00ebrmen, 9 dhjetor<\/strong>, kardinali Sepe e ftoi Kryepiskopin Anastas n\u00eb Universiteti Pontifik t\u00eb Italis\u00eb s\u00eb Jugut n\u00eb Napoli, n\u00eb cil\u00ebsin\u00eb e kryekancelari t\u00eb k\u00ebtij Universiteti, p\u00ebr t\u00eb dh\u00ebn\u00eb Lectio Magestralis-in, fjalimin p\u00ebrkat\u00ebs me rastin e hapjes zyrtare t\u00eb vitit t\u00eb ri akademik n\u00eb k\u00ebt\u00eb qend\u00ebr universitare, ku u krye edhe ceremonia e rastit dhe me rastin e dh\u00ebnies s\u00eb Honoris Causa Fortlumturis\u00eb s\u00eb Tij Anastasi po nga ky universitet.<\/span><\/span><\/span><\/div>\n<div class=\"style18\" style=\"text-align: justify;\"> <span style=\"color: #000000;\"><span style=\"font-family: tahoma,geneva,sans-serif;\"><span style=\"font-size: 12px;\">&nbsp; <img decoding=\"async\" class=\"lazyload HAa Eha\" style=\"height: 291px; width: 374px; border-width: 1px; border-style: solid; margin: 10px; float: right;\" alt=\"\" src=\"data:image\/gif;base64,R0lGODlhAQABAAAAACH5BAEKAAEALAAAAAABAAEAAAICTAEAOw==\" data-orig-src=\"https:\/\/lh6.googleusercontent.com\/R1HtYyVlwJQntZ-Atugl0WABGduSS-d2QE71WsoaPg4=w771-h600-no\" \/> N\u00eb aul\u00ebn kryesore t\u00eb tij, u mblodh\u00ebn shum\u00eb profesor\u00eb, akademik\u00eb, student\u00eb, p\u00ebrfaq\u00ebsues t\u00eb misioneve ushtarake t\u00eb Natos n\u00eb baz\u00ebn e njohur t\u00eb Napolit, t\u00eb ftuar nga autoritetet lokale etj. Dekani i Fakultetit t\u00eb Teologjis\u00eb, dr. Karlo Greko, b\u00ebri nj\u00eb ekspoze t\u00eb gjall\u00eb dhe prek\u00ebse t\u00eb jet\u00ebs dhe vepr\u00ebs s\u00eb Kryepiskopit Anastas, duke nxjerr\u00eb n\u00eb pah kontributi e madh t\u00eb tij n\u00eb l\u00ebmin e misionarologjis\u00eb, fetarologjis\u00eb dhe etnologjis\u00eb, unitetit t\u00eb t\u00eb krishter\u00ebve n\u00eb mbar\u00eb bot\u00ebn; p\u00ebrshkroi vepr\u00ebn e madhe t\u00eb Kryepiskopit n\u00eb Kish\u00eb, duke p\u00ebrshkruar para t\u00eb pranishm\u00ebve ngritjen dhe fuqizimin e Kish\u00ebs Orthodhokse n\u00eb Kenia, Uganda dhe n\u00eb Tanzani, ringritjen nga themelet t\u00eb Kish\u00ebs Orthodhokse Autoqefale t\u00eb Shqip\u00ebris\u00eb dhe rip\u00ebrt\u00ebritjen e biom\u00ebs fetare n\u00eb Shqip\u00ebri. At\u00eb Karlo Greko foli p\u00ebr rolin e paz\u00ebvend\u00ebsuesh\u00ebm t\u00eb Kryepiskopit n\u00eb krijimin e nj\u00eb klime tolerance dhe bashk\u00ebjetese paq\u00ebsore dhe v\u00ebllaz\u00ebrore midis komuniteteve fetare n\u00eb Shqip\u00ebri. Ky fakt u prezantua si nj\u00eb model p\u00ebr t\u00eb t\u00ebr\u00eb ata q\u00eb duan t\u00eb nd\u00ebrtojn\u00eb nj\u00eb dialog jete, duke l\u00ebn\u00eb m\u00ebnjan\u00eb interesat e vogla dhe t\u00eb ngushta etnike, klanore apo fetare.<\/span><\/span><\/span><\/div>\n<div class=\"style18\" style=\"text-align: justify;\"> <span style=\"color: #000000;\"><span style=\"font-family: tahoma,geneva,sans-serif;\"><span style=\"font-size: 12px;\">&nbsp;&nbsp;&nbsp; M\u00eb tej kardinali Sepe e ftoi Kryepiskopin Anastas, pasi b\u00ebri edhe ai nga ana e tij nj\u00eb vler\u00ebsim t\u00eb gjith\u00eb vepr\u00ebs s\u00eb tij dhe jet\u00ebs s\u00eb Kryepiskopit \u00eb sh\u00ebrbim t\u00eb Kish\u00ebs dhe t\u00eb njeriut. Kryepiskopi mbajti ligj\u00ebrat\u00eb me tem\u00eb: \u201cDuke hulumtuar shtresat paqembajt\u00ebse n\u00eb fet\u00eb e m\u00ebdha\u201d. N\u00eb nj\u00eb sall\u00eb t\u00eb mbushur plot, q\u00eb e ndoqi me v\u00ebmendje ligj\u00ebrat\u00ebn, q\u00eb u p\u00ebrkthye edhe n\u00eb gjuh\u00ebn italiane nga profesor\u00eb t\u00eb k\u00ebtij Universiteti, t\u00eb pranishmit u njoh\u00ebn me \u201cshtresat paqembajt\u00ebse\u201d, t\u00eb feve kryesore n\u00eb bot\u00eb, q\u00eb kan\u00eb luajtur nj\u00eb rol dhe ndikim t\u00eb madh n\u00eb mbar\u00eb historin\u00eb e njer\u00ebzimit. Ai p\u00ebrmendi fakte t\u00eb para n\u00eb nj\u00eb optik\u00eb t\u00eb re, nga shkrimet e <img decoding=\"async\" class=\"lazyload HAa Eha\" style=\"height: 267px; width: 374px; border-width: 1px; border-style: solid; margin: 10px; float: left;\" alt=\"\" src=\"data:image\/gif;base64,R0lGODlhAQABAAAAACH5BAEKAAEALAAAAAABAAEAAAICTAEAOw==\" data-orig-src=\"https:\/\/lh4.googleusercontent.com\/-TbGyj86NsGY\/U_2OgrqZvHI\/AAAAAAAABQ8\/fpFFICUpn4E\/w800-h572-no\/t3.jpg\" \/>shenjta dhe tradita fetare t\u00eb feve t\u00eb mbar\u00eb bot\u00ebs, duke pohuar se paqja p\u00ebrb\u00ebn nj\u00eb gjendje fillestare primare p\u00ebr \u00e7do popull, individ ose grup shoq\u00ebror q\u00eb k\u00ebrkon t\u00eb njoh\u00eb Trashendenten dhe ta p\u00ebrjetoj\u00eb at\u00eb n\u00eb nj\u00eb form\u00eb t\u00eb past\u00ebr. Kryepiskopi preku edhe rolin e jasht\u00ebzakonsh\u00ebm t\u00eb Krisht\u00ebrimit dhe kontributin e madh q\u00eb ka luajtur qytet\u00ebrimi i krishter\u00eb p\u00ebr mbizot\u00ebrimin e paqes dhe t\u00eb vlerave t\u00eb bashk\u00ebjetes\u00ebs paq\u00ebsore, toleranc\u00ebs dhe pranimit t\u00eb tjetrit sikund\u00ebr ai \u00ebsht\u00eb. Duke shtjelluar pasazhe nga shkrimet e Et\u00ebrve t\u00eb Kish\u00ebs, sh\u00ebn Vasilit t\u00eb Madh, sh\u00ebn Grigor Teologut, sh\u00ebn Maksim Konfesorit etj., Kryepiskopi Anastas n\u00ebnvizoi mesazhin e krishter\u00eb t\u00eb paqes si t\u00eb brendshme ashtu dhe me t\u00eb tjer\u00ebt dhe me krijes\u00ebn, q\u00eb vjen si dhurat\u00eb q\u00eb lartazi nga vet\u00eb Per\u00ebndia, q\u00eb \u00ebsht\u00eb vet\u00eb paqja.<\/span><\/span><\/span><\/div>\n<div class=\"style18\" style=\"text-align: justify;\"> <span style=\"color: #000000;\"><span style=\"font-family: tahoma,geneva,sans-serif;\"><span style=\"font-size: 12px;\">&nbsp;&nbsp;&nbsp; N\u00eb p\u00ebrfundim t\u00eb k\u00ebsaj ligj\u00ebrate, Kryepiskopit iu shpall Doktor Nderi i Universitetit Pontifik t\u00eb Napolit, n\u00eb mes t\u00eb nj\u00eb atmosfere t\u00eb ngroht\u00eb dhe t\u00eb mbushur me ndjenja t\u00eb forta paqeje dhe shprese p\u00ebr t\u00eb ardhmen.<br \/> &nbsp;&nbsp;&nbsp;&nbsp; <\/span><\/span><\/span><\/div>\n<div class=\"style18\" style=\"text-align: justify;\"><span style=\"color: #000000;\"><span style=\"font-family: tahoma,geneva,sans-serif;\"><span style=\"font-size: 12px;\">&nbsp;&nbsp;&nbsp; Po at\u00eb dit\u00eb Kryepiskopi Anastas dhe delegacioni q\u00eb e shoq\u00ebronte u kthye n\u00eb Shqip\u00ebri.<\/span><\/span><\/span><\/div>\n<div class=\"style18\">&nbsp;<\/div>\n<div class=\"style18\">&nbsp;<\/div>\n<div class=\"style18\" style=\"text-align: right;\"><span style=\"color: #000000;\"><span style=\"font-family: tahoma,geneva,sans-serif;\"><span style=\"font-size: 12px;\"><strong>Dhjakon Anastas Bendo<\/strong><\/span><\/span><\/span><\/div>\n<div>\n<div class=\"style18\">&nbsp;<\/div>\n<div class=\"style18\">&nbsp;<\/div>\n<div class=\"style18\">&nbsp;<\/div>\n<\/div>\n<\/div>\n","protected":false},"excerpt":{"rendered":"<p>&nbsp;&nbsp;&nbsp; N\u00eb dat\u00ebn 8 dhjetor, Kryepiskopi Anastas mb\u00ebrriti n\u00eb Napoli, shoq\u00ebruar nga nj\u00eb pjes\u00eb e delegacionit kishtar q\u00eb ishin n\u00eb vizit\u00ebn n\u00eb Vatikan, e shkoi p\u00ebr t\u00eb p\u00ebrsh\u00ebndetur kardinalin Kreshenco Sepe t\u00eb k\u00ebtij qyteti n\u00eb kish\u00ebn e Sh\u00ebn Maris\u00eb s\u00eb Panjollshme, q\u00eb kremtonte n\u00eb at\u00eb dit\u00eb. Pas nj\u00eb p\u00ebrsh\u00ebndetje t\u00eb ngroht\u00eb t\u00eb rezervuar nga ana e kardinalit dhe autoriteteve t\u00eb tjera t\u00eb qytetit, midis tyre<\/p>\n","protected":false},"author":1,"featured_media":0,"comment_status":"open","ping_status":"open","sticky":false,"template":"","format":"standard","meta":{"_acf_changed":false,"pagelayer_contact_templates":[],"_pagelayer_content":"","inline_featured_image":false,"fifu_image_url":"","fifu_image_alt":"","footnotes":""},"categories":[108],"tags":[145,153,196,201,212],"class_list":["post-895","post","type-post","status-publish","format-standard","hentry","category-lajme","tag-145","tag-deklarata-njoftime-zyrtare-d75","tag-tirane","tag-kryepiskopi-anastas","tag-lajme-d27"],"acf":[],"yoast_head":"<!-- This site is optimized with the Yoast SEO plugin v27.2 - https:\/\/yoast.com\/product\/yoast-seo-wordpress\/ -->\n<title>Kryepiskopit Anastas i jepet titulli Doktor Honoris Causa nga Universiteti Pontifik i Italis\u00eb s\u00eb Jugut. (8 Dhjetor 2009) - Kisha Orthodh\u03bfkse Autoqefale e Shqip\u00ebris\u00eb<\/title>\n<meta name=\"robots\" content=\"index, follow, max-snippet:-1, max-image-preview:large, max-video-preview:-1\" \/>\n<link rel=\"canonical\" href=\"https:\/\/orthodoxalbania.org\/2020\/2009\/03\/13\/kryepiskopit-anastas-i-jepet-titulli-doktor-honoris-causa-nga-universiteti-pontifik-i-italise-se-jugut\/\" \/>\n<meta property=\"og:locale\" content=\"en_US\" \/>\n<meta property=\"og:type\" content=\"article\" \/>\n<meta property=\"og:title\" content=\"Kryepiskopit Anastas i jepet titulli Doktor Honoris Causa nga Universiteti Pontifik i Italis\u00eb s\u00eb Jugut. (8 Dhjetor 2009) - Kisha Orthodh\u03bfkse Autoqefale e Shqip\u00ebris\u00eb\" \/>\n<meta property=\"og:description\" content=\"&nbsp;&nbsp;&nbsp; N\u00eb dat\u00ebn 8 dhjetor, Kryepiskopi Anastas mb\u00ebrriti n\u00eb Napoli, shoq\u00ebruar nga nj\u00eb pjes\u00eb e delegacionit kishtar q\u00eb ishin n\u00eb vizit\u00ebn n\u00eb Vatikan, e shkoi p\u00ebr t\u00eb p\u00ebrsh\u00ebndetur kardinalin Kreshenco Sepe t\u00eb k\u00ebtij qyteti n\u00eb kish\u00ebn e Sh\u00ebn Maris\u00eb s\u00eb Panjollshme, q\u00eb kremtonte n\u00eb at\u00eb dit\u00eb. Pas nj\u00eb p\u00ebrsh\u00ebndetje t\u00eb ngroht\u00eb t\u00eb rezervuar nga ana e kardinalit dhe autoriteteve t\u00eb tjera t\u00eb qytetit, midis tyre\" \/>\n<meta property=\"og:url\" content=\"https:\/\/orthodoxalbania.org\/2020\/2009\/03\/13\/kryepiskopit-anastas-i-jepet-titulli-doktor-honoris-causa-nga-universiteti-pontifik-i-italise-se-jugut\/\" \/>\n<meta property=\"og:site_name\" content=\"Kisha Orthodh\u03bfkse Autoqefale e Shqip\u00ebris\u00eb\" \/>\n<meta property=\"article:publisher\" content=\"https:\/\/www.facebook.com\/koash1991\" \/>\n<meta property=\"article:published_time\" content=\"2009-03-13T10:22:48+00:00\" \/>\n<meta property=\"article:modified_time\" content=\"2020-04-06T20:35:09+00:00\" \/>\n<meta property=\"og:image\" content=\"https:\/\/lh4.googleusercontent.com\/-c9ycCWnTJ94\/U_2OgdmIMvI\/AAAAAAAABRI\/vblM3FG1u_A\/w800-h600-no\/t1.jpg\" \/>\n<meta name=\"author\" content=\"Kisha Orthodhokse\" \/>\n<meta name=\"twitter:card\" content=\"summary_large_image\" \/>\n<meta name=\"twitter:label1\" content=\"Written by\" \/>\n\t<meta name=\"twitter:data1\" content=\"Kisha Orthodhokse\" \/>\n\t<meta name=\"twitter:label2\" content=\"Est. reading time\" \/>\n\t<meta name=\"twitter:data2\" content=\"4 minutes\" \/>\n<script type=\"application\/ld+json\" class=\"yoast-schema-graph\">{\"@context\":\"https:\/\/schema.org\",\"@graph\":[{\"@type\":\"Article\",\"@id\":\"https:\/\/orthodoxalbania.org\/2020\/2009\/03\/13\/kryepiskopit-anastas-i-jepet-titulli-doktor-honoris-causa-nga-universiteti-pontifik-i-italise-se-jugut\/#article\",\"isPartOf\":{\"@id\":\"https:\/\/orthodoxalbania.org\/2020\/2009\/03\/13\/kryepiskopit-anastas-i-jepet-titulli-doktor-honoris-causa-nga-universiteti-pontifik-i-italise-se-jugut\/\"},\"author\":{\"name\":\"Kisha Orthodhokse\",\"@id\":\"https:\/\/orthodoxalbania.org\/2020\/#\/schema\/person\/0c387634a7063ac612d7ed9ce71c7e86\"},\"headline\":\"Kryepiskopit Anastas i jepet titulli Doktor Honoris Causa nga Universiteti Pontifik i Italis\u00eb s\u00eb Jugut. (8 Dhjetor 2009)\",\"datePublished\":\"2009-03-13T10:22:48+00:00\",\"dateModified\":\"2020-04-06T20:35:09+00:00\",\"mainEntityOfPage\":{\"@id\":\"https:\/\/orthodoxalbania.org\/2020\/2009\/03\/13\/kryepiskopit-anastas-i-jepet-titulli-doktor-honoris-causa-nga-universiteti-pontifik-i-italise-se-jugut\/\"},\"wordCount\":835,\"commentCount\":0,\"publisher\":{\"@id\":\"https:\/\/orthodoxalbania.org\/2020\/#organization\"},\"image\":{\"@id\":\"https:\/\/orthodoxalbania.org\/2020\/2009\/03\/13\/kryepiskopit-anastas-i-jepet-titulli-doktor-honoris-causa-nga-universiteti-pontifik-i-italise-se-jugut\/#primaryimage\"},\"thumbnailUrl\":\"https:\/\/lh4.googleusercontent.com\/-c9ycCWnTJ94\/U_2OgdmIMvI\/AAAAAAAABRI\/vblM3FG1u_A\/w800-h600-no\/t1.jpg\",\"keywords\":[\"2009\",\"Deklarata - Njoftime Zyrtare\",\"Kryepiskopata Tiran\u00eb\",\"Kryepiskopi Anastas\",\"lajme\"],\"articleSection\":[\"Lajme\"],\"inLanguage\":\"en-US\"},{\"@type\":\"WebPage\",\"@id\":\"https:\/\/orthodoxalbania.org\/2020\/2009\/03\/13\/kryepiskopit-anastas-i-jepet-titulli-doktor-honoris-causa-nga-universiteti-pontifik-i-italise-se-jugut\/\",\"url\":\"https:\/\/orthodoxalbania.org\/2020\/2009\/03\/13\/kryepiskopit-anastas-i-jepet-titulli-doktor-honoris-causa-nga-universiteti-pontifik-i-italise-se-jugut\/\",\"name\":\"Kryepiskopit Anastas i jepet titulli Doktor Honoris Causa nga Universiteti Pontifik i Italis\u00eb s\u00eb Jugut. (8 Dhjetor 2009) - Kisha Orthodh\u03bfkse Autoqefale e Shqip\u00ebris\u00eb\",\"isPartOf\":{\"@id\":\"https:\/\/orthodoxalbania.org\/2020\/#website\"},\"primaryImageOfPage\":{\"@id\":\"https:\/\/orthodoxalbania.org\/2020\/2009\/03\/13\/kryepiskopit-anastas-i-jepet-titulli-doktor-honoris-causa-nga-universiteti-pontifik-i-italise-se-jugut\/#primaryimage\"},\"image\":{\"@id\":\"https:\/\/orthodoxalbania.org\/2020\/2009\/03\/13\/kryepiskopit-anastas-i-jepet-titulli-doktor-honoris-causa-nga-universiteti-pontifik-i-italise-se-jugut\/#primaryimage\"},\"thumbnailUrl\":\"https:\/\/lh4.googleusercontent.com\/-c9ycCWnTJ94\/U_2OgdmIMvI\/AAAAAAAABRI\/vblM3FG1u_A\/w800-h600-no\/t1.jpg\",\"datePublished\":\"2009-03-13T10:22:48+00:00\",\"dateModified\":\"2020-04-06T20:35:09+00:00\",\"breadcrumb\":{\"@id\":\"https:\/\/orthodoxalbania.org\/2020\/2009\/03\/13\/kryepiskopit-anastas-i-jepet-titulli-doktor-honoris-causa-nga-universiteti-pontifik-i-italise-se-jugut\/#breadcrumb\"},\"inLanguage\":\"en-US\",\"potentialAction\":[{\"@type\":\"ReadAction\",\"target\":[\"https:\/\/orthodoxalbania.org\/2020\/2009\/03\/13\/kryepiskopit-anastas-i-jepet-titulli-doktor-honoris-causa-nga-universiteti-pontifik-i-italise-se-jugut\/\"]}]},{\"@type\":\"ImageObject\",\"inLanguage\":\"en-US\",\"@id\":\"https:\/\/orthodoxalbania.org\/2020\/2009\/03\/13\/kryepiskopit-anastas-i-jepet-titulli-doktor-honoris-causa-nga-universiteti-pontifik-i-italise-se-jugut\/#primaryimage\",\"url\":\"https:\/\/lh4.googleusercontent.com\/-c9ycCWnTJ94\/U_2OgdmIMvI\/AAAAAAAABRI\/vblM3FG1u_A\/w800-h600-no\/t1.jpg\",\"contentUrl\":\"https:\/\/lh4.googleusercontent.com\/-c9ycCWnTJ94\/U_2OgdmIMvI\/AAAAAAAABRI\/vblM3FG1u_A\/w800-h600-no\/t1.jpg\"},{\"@type\":\"BreadcrumbList\",\"@id\":\"https:\/\/orthodoxalbania.org\/2020\/2009\/03\/13\/kryepiskopit-anastas-i-jepet-titulli-doktor-honoris-causa-nga-universiteti-pontifik-i-italise-se-jugut\/#breadcrumb\",\"itemListElement\":[{\"@type\":\"ListItem\",\"position\":1,\"name\":\"Home\",\"item\":\"https:\/\/orthodoxalbania.org\/2020\/\"},{\"@type\":\"ListItem\",\"position\":2,\"name\":\"Kryepiskopit Anastas i jepet titulli Doktor Honoris Causa nga Universiteti Pontifik i Italis\u00eb s\u00eb Jugut. (8 Dhjetor 2009)\"}]},{\"@type\":\"WebSite\",\"@id\":\"https:\/\/orthodoxalbania.org\/2020\/#website\",\"url\":\"https:\/\/orthodoxalbania.org\/2020\/\",\"name\":\"Kisha Orthodh\u03bfkse Autoqefale e Shqip\u00ebris\u00eb\",\"description\":\"Fqja Zyrtare e Kish\u00ebs Orthodhokse Autoqefale e Shqip\u00ebris\u00eb me lajmet edhe informacionet zyrtare p\u00ebr struktur\u00ebn edhe veprimtarin e saj.\",\"publisher\":{\"@id\":\"https:\/\/orthodoxalbania.org\/2020\/#organization\"},\"potentialAction\":[{\"@type\":\"SearchAction\",\"target\":{\"@type\":\"EntryPoint\",\"urlTemplate\":\"https:\/\/orthodoxalbania.org\/2020\/?s={search_term_string}\"},\"query-input\":{\"@type\":\"PropertyValueSpecification\",\"valueRequired\":true,\"valueName\":\"search_term_string\"}}],\"inLanguage\":\"en-US\"},{\"@type\":\"Organization\",\"@id\":\"https:\/\/orthodoxalbania.org\/2020\/#organization\",\"name\":\"Kisha Orthodhokse Autoqefale e Shqip\u00ebris\u00eb\",\"url\":\"https:\/\/orthodoxalbania.org\/2020\/\",\"logo\":{\"@type\":\"ImageObject\",\"inLanguage\":\"en-US\",\"@id\":\"https:\/\/orthodoxalbania.org\/2020\/#\/schema\/logo\/image\/\",\"url\":\"https:\/\/orthodoxalbania.org\/2020\/wp-content\/uploads\/2020\/05\/albania.jpeg\",\"contentUrl\":\"https:\/\/orthodoxalbania.org\/2020\/wp-content\/uploads\/2020\/05\/albania.jpeg\",\"width\":540,\"height\":540,\"caption\":\"Kisha Orthodhokse Autoqefale e Shqip\u00ebris\u00eb\"},\"image\":{\"@id\":\"https:\/\/orthodoxalbania.org\/2020\/#\/schema\/logo\/image\/\"},\"sameAs\":[\"https:\/\/www.facebook.com\/koash1991\"]},{\"@type\":\"Person\",\"@id\":\"https:\/\/orthodoxalbania.org\/2020\/#\/schema\/person\/0c387634a7063ac612d7ed9ce71c7e86\",\"name\":\"Kisha Orthodhokse\",\"image\":{\"@type\":\"ImageObject\",\"inLanguage\":\"en-US\",\"@id\":\"https:\/\/secure.gravatar.com\/avatar\/596e7c417251e30f2fbb9c00e026fce61a695a00e51c889caded71c96cbbdde5?s=96&d=mm&r=g\",\"url\":\"https:\/\/secure.gravatar.com\/avatar\/596e7c417251e30f2fbb9c00e026fce61a695a00e51c889caded71c96cbbdde5?s=96&d=mm&r=g\",\"contentUrl\":\"https:\/\/secure.gravatar.com\/avatar\/596e7c417251e30f2fbb9c00e026fce61a695a00e51c889caded71c96cbbdde5?s=96&d=mm&r=g\",\"caption\":\"Kisha Orthodhokse\"}}]}<\/script>\n<!-- \/ Yoast SEO plugin. -->","yoast_head_json":{"title":"Kryepiskopit Anastas i jepet titulli Doktor Honoris Causa nga Universiteti Pontifik i Italis\u00eb s\u00eb Jugut. (8 Dhjetor 2009) - Kisha Orthodh\u03bfkse Autoqefale e Shqip\u00ebris\u00eb","robots":{"index":"index","follow":"follow","max-snippet":"max-snippet:-1","max-image-preview":"max-image-preview:large","max-video-preview":"max-video-preview:-1"},"canonical":"https:\/\/orthodoxalbania.org\/2020\/2009\/03\/13\/kryepiskopit-anastas-i-jepet-titulli-doktor-honoris-causa-nga-universiteti-pontifik-i-italise-se-jugut\/","og_locale":"en_US","og_type":"article","og_title":"Kryepiskopit Anastas i jepet titulli Doktor Honoris Causa nga Universiteti Pontifik i Italis\u00eb s\u00eb Jugut. (8 Dhjetor 2009) - Kisha Orthodh\u03bfkse Autoqefale e Shqip\u00ebris\u00eb","og_description":"&nbsp;&nbsp;&nbsp; N\u00eb dat\u00ebn 8 dhjetor, Kryepiskopi Anastas mb\u00ebrriti n\u00eb Napoli, shoq\u00ebruar nga nj\u00eb pjes\u00eb e delegacionit kishtar q\u00eb ishin n\u00eb vizit\u00ebn n\u00eb Vatikan, e shkoi p\u00ebr t\u00eb p\u00ebrsh\u00ebndetur kardinalin Kreshenco Sepe t\u00eb k\u00ebtij qyteti n\u00eb kish\u00ebn e Sh\u00ebn Maris\u00eb s\u00eb Panjollshme, q\u00eb kremtonte n\u00eb at\u00eb dit\u00eb. Pas nj\u00eb p\u00ebrsh\u00ebndetje t\u00eb ngroht\u00eb t\u00eb rezervuar nga ana e kardinalit dhe autoriteteve t\u00eb tjera t\u00eb qytetit, midis tyre","og_url":"https:\/\/orthodoxalbania.org\/2020\/2009\/03\/13\/kryepiskopit-anastas-i-jepet-titulli-doktor-honoris-causa-nga-universiteti-pontifik-i-italise-se-jugut\/","og_site_name":"Kisha Orthodh\u03bfkse Autoqefale e Shqip\u00ebris\u00eb","article_publisher":"https:\/\/www.facebook.com\/koash1991","article_published_time":"2009-03-13T10:22:48+00:00","article_modified_time":"2020-04-06T20:35:09+00:00","og_image":[{"url":"https:\/\/lh4.googleusercontent.com\/-c9ycCWnTJ94\/U_2OgdmIMvI\/AAAAAAAABRI\/vblM3FG1u_A\/w800-h600-no\/t1.jpg","type":"","width":"","height":""}],"author":"Kisha Orthodhokse","twitter_card":"summary_large_image","twitter_misc":{"Written by":"Kisha Orthodhokse","Est. reading time":"4 minutes"},"schema":{"@context":"https:\/\/schema.org","@graph":[{"@type":"Article","@id":"https:\/\/orthodoxalbania.org\/2020\/2009\/03\/13\/kryepiskopit-anastas-i-jepet-titulli-doktor-honoris-causa-nga-universiteti-pontifik-i-italise-se-jugut\/#article","isPartOf":{"@id":"https:\/\/orthodoxalbania.org\/2020\/2009\/03\/13\/kryepiskopit-anastas-i-jepet-titulli-doktor-honoris-causa-nga-universiteti-pontifik-i-italise-se-jugut\/"},"author":{"name":"Kisha Orthodhokse","@id":"https:\/\/orthodoxalbania.org\/2020\/#\/schema\/person\/0c387634a7063ac612d7ed9ce71c7e86"},"headline":"Kryepiskopit Anastas i jepet titulli Doktor Honoris Causa nga Universiteti Pontifik i Italis\u00eb s\u00eb Jugut. (8 Dhjetor 2009)","datePublished":"2009-03-13T10:22:48+00:00","dateModified":"2020-04-06T20:35:09+00:00","mainEntityOfPage":{"@id":"https:\/\/orthodoxalbania.org\/2020\/2009\/03\/13\/kryepiskopit-anastas-i-jepet-titulli-doktor-honoris-causa-nga-universiteti-pontifik-i-italise-se-jugut\/"},"wordCount":835,"commentCount":0,"publisher":{"@id":"https:\/\/orthodoxalbania.org\/2020\/#organization"},"image":{"@id":"https:\/\/orthodoxalbania.org\/2020\/2009\/03\/13\/kryepiskopit-anastas-i-jepet-titulli-doktor-honoris-causa-nga-universiteti-pontifik-i-italise-se-jugut\/#primaryimage"},"thumbnailUrl":"https:\/\/lh4.googleusercontent.com\/-c9ycCWnTJ94\/U_2OgdmIMvI\/AAAAAAAABRI\/vblM3FG1u_A\/w800-h600-no\/t1.jpg","keywords":["2009","Deklarata - Njoftime Zyrtare","Kryepiskopata Tiran\u00eb","Kryepiskopi Anastas","lajme"],"articleSection":["Lajme"],"inLanguage":"en-US"},{"@type":"WebPage","@id":"https:\/\/orthodoxalbania.org\/2020\/2009\/03\/13\/kryepiskopit-anastas-i-jepet-titulli-doktor-honoris-causa-nga-universiteti-pontifik-i-italise-se-jugut\/","url":"https:\/\/orthodoxalbania.org\/2020\/2009\/03\/13\/kryepiskopit-anastas-i-jepet-titulli-doktor-honoris-causa-nga-universiteti-pontifik-i-italise-se-jugut\/","name":"Kryepiskopit Anastas i jepet titulli Doktor Honoris Causa nga Universiteti Pontifik i Italis\u00eb s\u00eb Jugut. (8 Dhjetor 2009) - Kisha Orthodh\u03bfkse Autoqefale e Shqip\u00ebris\u00eb","isPartOf":{"@id":"https:\/\/orthodoxalbania.org\/2020\/#website"},"primaryImageOfPage":{"@id":"https:\/\/orthodoxalbania.org\/2020\/2009\/03\/13\/kryepiskopit-anastas-i-jepet-titulli-doktor-honoris-causa-nga-universiteti-pontifik-i-italise-se-jugut\/#primaryimage"},"image":{"@id":"https:\/\/orthodoxalbania.org\/2020\/2009\/03\/13\/kryepiskopit-anastas-i-jepet-titulli-doktor-honoris-causa-nga-universiteti-pontifik-i-italise-se-jugut\/#primaryimage"},"thumbnailUrl":"https:\/\/lh4.googleusercontent.com\/-c9ycCWnTJ94\/U_2OgdmIMvI\/AAAAAAAABRI\/vblM3FG1u_A\/w800-h600-no\/t1.jpg","datePublished":"2009-03-13T10:22:48+00:00","dateModified":"2020-04-06T20:35:09+00:00","breadcrumb":{"@id":"https:\/\/orthodoxalbania.org\/2020\/2009\/03\/13\/kryepiskopit-anastas-i-jepet-titulli-doktor-honoris-causa-nga-universiteti-pontifik-i-italise-se-jugut\/#breadcrumb"},"inLanguage":"en-US","potentialAction":[{"@type":"ReadAction","target":["https:\/\/orthodoxalbania.org\/2020\/2009\/03\/13\/kryepiskopit-anastas-i-jepet-titulli-doktor-honoris-causa-nga-universiteti-pontifik-i-italise-se-jugut\/"]}]},{"@type":"ImageObject","inLanguage":"en-US","@id":"https:\/\/orthodoxalbania.org\/2020\/2009\/03\/13\/kryepiskopit-anastas-i-jepet-titulli-doktor-honoris-causa-nga-universiteti-pontifik-i-italise-se-jugut\/#primaryimage","url":"https:\/\/lh4.googleusercontent.com\/-c9ycCWnTJ94\/U_2OgdmIMvI\/AAAAAAAABRI\/vblM3FG1u_A\/w800-h600-no\/t1.jpg","contentUrl":"https:\/\/lh4.googleusercontent.com\/-c9ycCWnTJ94\/U_2OgdmIMvI\/AAAAAAAABRI\/vblM3FG1u_A\/w800-h600-no\/t1.jpg"},{"@type":"BreadcrumbList","@id":"https:\/\/orthodoxalbania.org\/2020\/2009\/03\/13\/kryepiskopit-anastas-i-jepet-titulli-doktor-honoris-causa-nga-universiteti-pontifik-i-italise-se-jugut\/#breadcrumb","itemListElement":[{"@type":"ListItem","position":1,"name":"Home","item":"https:\/\/orthodoxalbania.org\/2020\/"},{"@type":"ListItem","position":2,"name":"Kryepiskopit Anastas i jepet titulli Doktor Honoris Causa nga Universiteti Pontifik i Italis\u00eb s\u00eb Jugut. (8 Dhjetor 2009)"}]},{"@type":"WebSite","@id":"https:\/\/orthodoxalbania.org\/2020\/#website","url":"https:\/\/orthodoxalbania.org\/2020\/","name":"Kisha Orthodh\u03bfkse Autoqefale e Shqip\u00ebris\u00eb","description":"Fqja Zyrtare e Kish\u00ebs Orthodhokse Autoqefale e Shqip\u00ebris\u00eb me lajmet edhe informacionet zyrtare p\u00ebr struktur\u00ebn edhe veprimtarin e saj.","publisher":{"@id":"https:\/\/orthodoxalbania.org\/2020\/#organization"},"potentialAction":[{"@type":"SearchAction","target":{"@type":"EntryPoint","urlTemplate":"https:\/\/orthodoxalbania.org\/2020\/?s={search_term_string}"},"query-input":{"@type":"PropertyValueSpecification","valueRequired":true,"valueName":"search_term_string"}}],"inLanguage":"en-US"},{"@type":"Organization","@id":"https:\/\/orthodoxalbania.org\/2020\/#organization","name":"Kisha Orthodhokse Autoqefale e Shqip\u00ebris\u00eb","url":"https:\/\/orthodoxalbania.org\/2020\/","logo":{"@type":"ImageObject","inLanguage":"en-US","@id":"https:\/\/orthodoxalbania.org\/2020\/#\/schema\/logo\/image\/","url":"https:\/\/orthodoxalbania.org\/2020\/wp-content\/uploads\/2020\/05\/albania.jpeg","contentUrl":"https:\/\/orthodoxalbania.org\/2020\/wp-content\/uploads\/2020\/05\/albania.jpeg","width":540,"height":540,"caption":"Kisha Orthodhokse Autoqefale e Shqip\u00ebris\u00eb"},"image":{"@id":"https:\/\/orthodoxalbania.org\/2020\/#\/schema\/logo\/image\/"},"sameAs":["https:\/\/www.facebook.com\/koash1991"]},{"@type":"Person","@id":"https:\/\/orthodoxalbania.org\/2020\/#\/schema\/person\/0c387634a7063ac612d7ed9ce71c7e86","name":"Kisha Orthodhokse","image":{"@type":"ImageObject","inLanguage":"en-US","@id":"https:\/\/secure.gravatar.com\/avatar\/596e7c417251e30f2fbb9c00e026fce61a695a00e51c889caded71c96cbbdde5?s=96&d=mm&r=g","url":"https:\/\/secure.gravatar.com\/avatar\/596e7c417251e30f2fbb9c00e026fce61a695a00e51c889caded71c96cbbdde5?s=96&d=mm&r=g","contentUrl":"https:\/\/secure.gravatar.com\/avatar\/596e7c417251e30f2fbb9c00e026fce61a695a00e51c889caded71c96cbbdde5?s=96&d=mm&r=g","caption":"Kisha Orthodhokse"}}]}},"_links":{"self":[{"href":"https:\/\/orthodoxalbania.org\/2020\/wp-json\/wp\/v2\/posts\/895","targetHints":{"allow":["GET"]}}],"collection":[{"href":"https:\/\/orthodoxalbania.org\/2020\/wp-json\/wp\/v2\/posts"}],"about":[{"href":"https:\/\/orthodoxalbania.org\/2020\/wp-json\/wp\/v2\/types\/post"}],"author":[{"embeddable":true,"href":"https:\/\/orthodoxalbania.org\/2020\/wp-json\/wp\/v2\/users\/1"}],"replies":[{"embeddable":true,"href":"https:\/\/orthodoxalbania.org\/2020\/wp-json\/wp\/v2\/comments?post=895"}],"version-history":[{"count":1,"href":"https:\/\/orthodoxalbania.org\/2020\/wp-json\/wp\/v2\/posts\/895\/revisions"}],"predecessor-version":[{"id":15606,"href":"https:\/\/orthodoxalbania.org\/2020\/wp-json\/wp\/v2\/posts\/895\/revisions\/15606"}],"wp:attachment":[{"href":"https:\/\/orthodoxalbania.org\/2020\/wp-json\/wp\/v2\/media?parent=895"}],"wp:term":[{"taxonomy":"category","embeddable":true,"href":"https:\/\/orthodoxalbania.org\/2020\/wp-json\/wp\/v2\/categories?post=895"},{"taxonomy":"post_tag","embeddable":true,"href":"https:\/\/orthodoxalbania.org\/2020\/wp-json\/wp\/v2\/tags?post=895"}],"curies":[{"name":"wp","href":"https:\/\/api.w.org\/{rel}","templated":true}]}}