{"id":8941,"date":"2019-03-13T13:39:21","date_gmt":"2019-03-13T13:39:21","guid":{"rendered":""},"modified":"2020-04-07T00:36:33","modified_gmt":"2020-04-06T22:36:33","slug":"54-vjet-nga-fjetja-e-imzot-theofan-nolit","status":"publish","type":"post","link":"https:\/\/orthodoxalbania.org\/2020\/2019\/03\/13\/54-vjet-nga-fjetja-e-imzot-theofan-nolit\/","title":{"rendered":"54 vjet nga fjetja e Imzot Theofan Nolit"},"content":{"rendered":"<p style=\"margin: 6px 0px; font-family: Helvetica, Arial, sans-serif; color: #1d2129; font-size: 14px;\"><span style=\"font-size: 12pt; font-family: helvetica;\"><img class=\"lazyload\" decoding=\"async\" style=\"color: #1d2129; font-family: helvetica; font-size: 16px; margin: 6px; float: left;\" alt=\"\" src=\"data:image\/svg+xml,%3Csvg%20xmlns%3D%27http%3A%2F%2Fwww.w3.org%2F2000%2Fsvg%27%20width%3D%27193%27%20height%3D%27256%27%20viewBox%3D%270%200%20193%20256%27%3E%3Crect%20width%3D%27193%27%20height%3D%27256%27%20fill-opacity%3D%220%22%2F%3E%3C%2Fsvg%3E\" data-orig-src=\"https:\/\/scontent.ftia1-1.fna.fbcdn.net\/v\/t1.0-9\/53641329_1217594255082257_9198940819766116352_n.jpg?_nc_cat=109&amp;_nc_eui2=AeFJWhKptkb-nUKovm7kP8SerWI2qq5OeDEgqbaIxkDzLBfqiM22aPKNwHCCc8l_11rDAj_L4PKZVRujdq5es4GurEtLKWekPHVmhVnvRyNeEw&amp;_nc_ht=scontent.ftia1-1.fna&amp;oh=5d085312d8f0ca7927afd41bd5cafc29&amp;oe=5D144804\" height=\"256\" width=\"193\" \/>13 marsi sh\u00ebnon 54 vjet nga fjetja e personalitetit t\u00eb shquar t\u00eb Kish\u00ebs son\u00eb dhe t\u00eb gjith\u00eb kombit, Imzot Theofanit (Nolit). Ai i mbylli syt\u00eb m\u0451 13 mars t\u0451 vitit 1965, n\u00eb qytetin e Bostonit, SHBA, larg atdheut p\u00ebr t\u00eb cilin u p\u00ebrpoq e vuajti aq shum\u00eb, po gjithmon\u00eb pran\u00eb me shpirtin e tij t\u00eb paepur.<\/span><\/p>\n<p style=\"margin: 6px 0px; font-family: Helvetica, Arial, sans-serif; color: #1d2129; font-size: 14px;\"><span style=\"font-size: 12pt; font-family: helvetica;\">Imzot Theofani luajti nj\u0451 rol shum\u00eb t\u0451r\u0451nd\u0451sish\u0451m, p\u0451r adhurimin e Per\u0451ndis\u0451 n\u0451 gjuh\u0451n shqipe. Ve\u04aban\u0451risht pas dor\u0451zimit t\u0451 tij si klerik p\u0451<span class=\"text_exposed_show\" style=\"display: inline;\">r komunitetin shqiptar n\u0451 Amerik\u0451 e deri te dor\u00ebzimi n\u00eb episkop n\u00eb Kor\u00e7\u00eb, n\u00eb vitin 1923, nga Imzot Jerotheu dhe Imzot Kristofori. Dor\u0451zimi i tij nuk ishte rast\u0451si, por lidhej me origjin\u00ebn e familjes, me tradita t\u00eb thella kishtare, me formimin e tij arsimor, me angazhimin si psalt, si m\u0451sues i fes\u0451 dhe i muzik\u0451s kishtare bizantine. Ndaj ai kishte nj\u00eb nd\u0451rgjegje t\u0451 thell\u0451 p\u0451r sh\u0451rbes\u0451n e klerikut dhe p\u0451r sakrificat e k\u0451saj sh\u0451rbese.<\/span><\/span><\/p>\n<div class=\"text_exposed_show\" style=\"display: inline; font-family: Helvetica, Arial, sans-serif; color: #1d2129; font-size: 14px;\">\n<p style=\"margin: 0px 0px 6px; font-family: inherit;\"><span style=\"font-size: 12pt; font-family: helvetica;\">Imzot Theofani edhe pse n\u0451 thelb mbetet njeriu i fes\u0451, nuk u izolua brenda tempullit. Ai ishte edhe nj\u00eb intelektual e politikan i shquar. Veshja e klerikut nuk do t\u0451 b\u0451hej penges\u0451 p\u0451r t\u0451 folur dhe shkruar p\u0451r situata t\u0451 ndryshme, duke iu p\u0451rgjigjur nevojave t\u0451 koh\u0451s. Veprimtaria e tij \u0451sht\u0451 dinamike, e nj\u0451 personaliteti me vlera t\u0451 shquara intelektuale. Ato shfaqen n\u0451 proz\u0451, poezi, publicistik\u0451, n\u0451 ligj\u0451rata oratorike t\u0451 sferave fetare, shoq\u0451rore, politike, kulturore si dhe n\u0451 tregime biografike me plot argumente historike. Ai nxirrte n\u0451 pah vlerat shpirt\u0451rore t\u0451 k\u0451tij populli, duke synuar t\u0451 mish\u0451rohej Ungjilli n\u0451 gjuh\u0451n e tij.<\/span><\/p>\n<p style=\"margin: 6px 0px; font-family: inherit;\"><span style=\"font-size: 12pt; font-family: helvetica;\">Edhe pse jetoi shum\u0451 pak n\u0451 Shqip\u0451ri, ai punoi me shum\u0451 energji dhe dinamiz\u0451m p\u00ebr demokratizimin e shoq\u00ebris\u00eb shqiptare, kund\u00ebr prapambetjes s\u00eb trash\u00ebguar nga shekujt e rob\u00ebris\u00eb otomane.<\/span><\/p>\n<p style=\"margin: 6px 0px; font-family: inherit;\"><span style=\"font-size: 12pt; font-family: helvetica;\">Imzot Noli dha nj\u0451 kontribut t\u0451 r\u0451nd\u0451sish\u0451m n\u0451 hapjen e rrug\u00ebs p\u0451r Autoqefalin\u0451 e Kish\u0451s Orthodhoks\u0451 Autoqefale t\u0451 Shqip\u0451ris\u0451 dhe kreu nj\u00eb vep\u00ebr titanike me p\u00ebrkthimet n\u00eb shqip, p\u00ebr nj\u00eb koh\u00eb relativisht t\u00eb shkurt\u00ebr, t\u00eb sh\u00ebrbesave kishtare. Ndaj, Kisha Orthodhokse Autoqefale e Shqip\u0451ris\u0451 n\u0451 tradit\u00ebn e saj liturgjike dhe historike, vazhdimisht i kujton hierark\u0451t e saj si dhe gjith\u0451 sa kan\u0451 kontribuar p\u0451r T\u0451, si\u00e7 kujton edhe Imzot Theofanin n\u00eb \u00e7do p\u00ebrvjetor dhe dat\u00eb t\u00eb sh\u00ebnuar.<\/span><\/p>\n<\/div>\n<p style=\"text-align: left;\"><img class=\"lazyload\" decoding=\"async\" alt=\"\" src=\"data:image\/svg+xml,%3Csvg%20xmlns%3D%27http%3A%2F%2Fwww.w3.org%2F2000%2Fsvg%27%20width%3D%27429%27%20height%3D%27670%27%20viewBox%3D%270%200%20429%20670%27%3E%3Crect%20width%3D%27429%27%20height%3D%27670%27%20fill-opacity%3D%220%22%2F%3E%3C%2Fsvg%3E\" data-orig-src=\"https:\/\/scontent.ftia1-1.fna.fbcdn.net\/v\/t1.0-9\/54799521_1217594265082256_6690797669725503488_n.jpg?_nc_cat=108&amp;_nc_eui2=AeGMUa0SYSS5FJchhvxOLXpgFksJTXQpXlOl4n8OPdJZu105RaUr2KE8iz2faztZ5DvbXqJNdS-2jWOwyZ3LAluue8ecX2YaULnkc5u2GjE_tA&amp;_nc_ht=scontent.ftia1-1.fna&amp;oh=a00802554f76f1164eb5e8aa48c06473&amp;oe=5D13E100\" height=\"670\" width=\"429\" \/><img class=\"lazyload\" decoding=\"async\" alt=\"\" src=\"data:image\/svg+xml,%3Csvg%20xmlns%3D%27http%3A%2F%2Fwww.w3.org%2F2000%2Fsvg%27%20width%3D%27428%27%20height%3D%27689%27%20viewBox%3D%270%200%20428%20689%27%3E%3Crect%20width%3D%27428%27%20height%3D%27689%27%20fill-opacity%3D%220%22%2F%3E%3C%2Fsvg%3E\" data-orig-src=\"https:\/\/scontent.ftia1-1.fna.fbcdn.net\/v\/t1.0-9\/53613561_1217599978415018_7496476218116538368_n.jpg?_nc_cat=108&amp;_nc_eui2=AeHyZNovatE0dhZSn2Gm3w7LSMa4vK062i0-vslzBBDEvACx0DSnj41YsMBluju8KBaQc9rSIDjKCph9XA4dOOn9Zwcxuqy9XCHnyX8C9yTwsA&amp;_nc_ht=scontent.ftia1-1.fna&amp;oh=6972d98e407b39cda374127012a732e5&amp;oe=5D192EC5\" height=\"689\" width=\"428\" \/><\/p>\n","protected":false},"excerpt":{"rendered":"<p>13 marsi sh\u00ebnon 54 vjet nga fjetja e personalitetit t\u00eb shquar t\u00eb Kish\u00ebs son\u00eb dhe t\u00eb gjith\u00eb kombit, Imzot Theofanit (Nolit). Ai i mbylli syt\u00eb m\u0451 13 mars t\u0451 vitit 1965, n\u00eb qytetin e Bostonit, SHBA, larg atdheut p\u00ebr t\u00eb cilin u p\u00ebrpoq e vuajti aq shum\u00eb, po gjithmon\u00eb pran\u00eb me shpirtin e tij t\u00eb paepur. Imzot Theofani luajti nj\u0451 rol shum\u00eb t\u0451r\u0451nd\u0451sish\u0451m, p\u0451r adhurimin<\/p>\n","protected":false},"author":1,"featured_media":8942,"comment_status":"open","ping_status":"open","sticky":false,"template":"","format":"standard","meta":{"_acf_changed":false,"pagelayer_contact_templates":[],"_pagelayer_content":"","inline_featured_image":false,"fifu_image_url":"","fifu_image_alt":"","footnotes":""},"categories":[108],"tags":[212],"class_list":["post-8941","post","type-post","status-publish","format-standard","has-post-thumbnail","hentry","category-lajme","tag-lajme-d27"],"acf":[],"yoast_head":"<!-- This site is optimized with the Yoast SEO plugin v27.2 - https:\/\/yoast.com\/product\/yoast-seo-wordpress\/ -->\n<title>54 vjet nga fjetja e Imzot Theofan Nolit - Kisha Orthodh\u03bfkse Autoqefale e Shqip\u00ebris\u00eb<\/title>\n<meta name=\"robots\" content=\"index, follow, max-snippet:-1, max-image-preview:large, max-video-preview:-1\" \/>\n<link rel=\"canonical\" href=\"https:\/\/orthodoxalbania.org\/2020\/2019\/03\/13\/54-vjet-nga-fjetja-e-imzot-theofan-nolit\/\" \/>\n<meta property=\"og:locale\" content=\"en_US\" \/>\n<meta property=\"og:type\" content=\"article\" \/>\n<meta property=\"og:title\" content=\"54 vjet nga fjetja e Imzot Theofan Nolit - Kisha Orthodh\u03bfkse Autoqefale e Shqip\u00ebris\u00eb\" \/>\n<meta property=\"og:description\" content=\"13 marsi sh\u00ebnon 54 vjet nga fjetja e personalitetit t\u00eb shquar t\u00eb Kish\u00ebs son\u00eb dhe t\u00eb gjith\u00eb kombit, Imzot Theofanit (Nolit). Ai i mbylli syt\u00eb m\u0451 13 mars t\u0451 vitit 1965, n\u00eb qytetin e Bostonit, SHBA, larg atdheut p\u00ebr t\u00eb cilin u p\u00ebrpoq e vuajti aq shum\u00eb, po gjithmon\u00eb pran\u00eb me shpirtin e tij t\u00eb paepur. Imzot Theofani luajti nj\u0451 rol shum\u00eb t\u0451r\u0451nd\u0451sish\u0451m, p\u0451r adhurimin\" \/>\n<meta property=\"og:url\" content=\"https:\/\/orthodoxalbania.org\/2020\/2019\/03\/13\/54-vjet-nga-fjetja-e-imzot-theofan-nolit\/\" \/>\n<meta property=\"og:site_name\" content=\"Kisha Orthodh\u03bfkse Autoqefale e Shqip\u00ebris\u00eb\" \/>\n<meta property=\"article:publisher\" content=\"https:\/\/www.facebook.com\/koash1991\" \/>\n<meta property=\"article:published_time\" content=\"2019-03-13T13:39:21+00:00\" \/>\n<meta property=\"article:modified_time\" content=\"2020-04-06T22:36:33+00:00\" \/>\n<meta property=\"og:image\" content=\"https:\/\/orthodoxalbania.org\/2020\/wp-content\/uploads\/2020\/04\/og-fan-s-noli-6869.jpg\" \/>\n\t<meta property=\"og:image:width\" content=\"150\" \/>\n\t<meta property=\"og:image:height\" content=\"150\" \/>\n\t<meta property=\"og:image:type\" content=\"image\/jpeg\" \/>\n<meta name=\"author\" content=\"Kisha Orthodhokse\" \/>\n<meta name=\"twitter:card\" content=\"summary_large_image\" \/>\n<meta name=\"twitter:label1\" content=\"Written by\" \/>\n\t<meta name=\"twitter:data1\" content=\"Kisha Orthodhokse\" \/>\n\t<meta name=\"twitter:label2\" content=\"Est. reading time\" \/>\n\t<meta name=\"twitter:data2\" content=\"2 minutes\" \/>\n<script type=\"application\/ld+json\" class=\"yoast-schema-graph\">{\"@context\":\"https:\/\/schema.org\",\"@graph\":[{\"@type\":\"Article\",\"@id\":\"https:\/\/orthodoxalbania.org\/2020\/2019\/03\/13\/54-vjet-nga-fjetja-e-imzot-theofan-nolit\/#article\",\"isPartOf\":{\"@id\":\"https:\/\/orthodoxalbania.org\/2020\/2019\/03\/13\/54-vjet-nga-fjetja-e-imzot-theofan-nolit\/\"},\"author\":{\"name\":\"Kisha Orthodhokse\",\"@id\":\"https:\/\/orthodoxalbania.org\/2020\/#\/schema\/person\/0c387634a7063ac612d7ed9ce71c7e86\"},\"headline\":\"54 vjet nga fjetja e Imzot Theofan Nolit\",\"datePublished\":\"2019-03-13T13:39:21+00:00\",\"dateModified\":\"2020-04-06T22:36:33+00:00\",\"mainEntityOfPage\":{\"@id\":\"https:\/\/orthodoxalbania.org\/2020\/2019\/03\/13\/54-vjet-nga-fjetja-e-imzot-theofan-nolit\/\"},\"wordCount\":423,\"commentCount\":0,\"publisher\":{\"@id\":\"https:\/\/orthodoxalbania.org\/2020\/#organization\"},\"image\":{\"@id\":\"https:\/\/orthodoxalbania.org\/2020\/2019\/03\/13\/54-vjet-nga-fjetja-e-imzot-theofan-nolit\/#primaryimage\"},\"thumbnailUrl\":\"https:\/\/orthodoxalbania.org\/2020\/wp-content\/uploads\/2020\/04\/og-fan-s-noli-6869.jpg\",\"keywords\":[\"lajme\"],\"articleSection\":[\"Lajme\"],\"inLanguage\":\"en-US\"},{\"@type\":\"WebPage\",\"@id\":\"https:\/\/orthodoxalbania.org\/2020\/2019\/03\/13\/54-vjet-nga-fjetja-e-imzot-theofan-nolit\/\",\"url\":\"https:\/\/orthodoxalbania.org\/2020\/2019\/03\/13\/54-vjet-nga-fjetja-e-imzot-theofan-nolit\/\",\"name\":\"54 vjet nga fjetja e Imzot Theofan Nolit - Kisha Orthodh\u03bfkse Autoqefale e Shqip\u00ebris\u00eb\",\"isPartOf\":{\"@id\":\"https:\/\/orthodoxalbania.org\/2020\/#website\"},\"primaryImageOfPage\":{\"@id\":\"https:\/\/orthodoxalbania.org\/2020\/2019\/03\/13\/54-vjet-nga-fjetja-e-imzot-theofan-nolit\/#primaryimage\"},\"image\":{\"@id\":\"https:\/\/orthodoxalbania.org\/2020\/2019\/03\/13\/54-vjet-nga-fjetja-e-imzot-theofan-nolit\/#primaryimage\"},\"thumbnailUrl\":\"https:\/\/orthodoxalbania.org\/2020\/wp-content\/uploads\/2020\/04\/og-fan-s-noli-6869.jpg\",\"datePublished\":\"2019-03-13T13:39:21+00:00\",\"dateModified\":\"2020-04-06T22:36:33+00:00\",\"breadcrumb\":{\"@id\":\"https:\/\/orthodoxalbania.org\/2020\/2019\/03\/13\/54-vjet-nga-fjetja-e-imzot-theofan-nolit\/#breadcrumb\"},\"inLanguage\":\"en-US\",\"potentialAction\":[{\"@type\":\"ReadAction\",\"target\":[\"https:\/\/orthodoxalbania.org\/2020\/2019\/03\/13\/54-vjet-nga-fjetja-e-imzot-theofan-nolit\/\"]}]},{\"@type\":\"ImageObject\",\"inLanguage\":\"en-US\",\"@id\":\"https:\/\/orthodoxalbania.org\/2020\/2019\/03\/13\/54-vjet-nga-fjetja-e-imzot-theofan-nolit\/#primaryimage\",\"url\":\"https:\/\/orthodoxalbania.org\/2020\/wp-content\/uploads\/2020\/04\/og-fan-s-noli-6869.jpg\",\"contentUrl\":\"https:\/\/orthodoxalbania.org\/2020\/wp-content\/uploads\/2020\/04\/og-fan-s-noli-6869.jpg\",\"width\":150,\"height\":150},{\"@type\":\"BreadcrumbList\",\"@id\":\"https:\/\/orthodoxalbania.org\/2020\/2019\/03\/13\/54-vjet-nga-fjetja-e-imzot-theofan-nolit\/#breadcrumb\",\"itemListElement\":[{\"@type\":\"ListItem\",\"position\":1,\"name\":\"Home\",\"item\":\"https:\/\/orthodoxalbania.org\/2020\/\"},{\"@type\":\"ListItem\",\"position\":2,\"name\":\"54 vjet nga fjetja e Imzot Theofan Nolit\"}]},{\"@type\":\"WebSite\",\"@id\":\"https:\/\/orthodoxalbania.org\/2020\/#website\",\"url\":\"https:\/\/orthodoxalbania.org\/2020\/\",\"name\":\"Kisha Orthodh\u03bfkse Autoqefale e Shqip\u00ebris\u00eb\",\"description\":\"Fqja Zyrtare e Kish\u00ebs Orthodhokse Autoqefale e Shqip\u00ebris\u00eb me lajmet edhe informacionet zyrtare p\u00ebr struktur\u00ebn edhe veprimtarin e saj.\",\"publisher\":{\"@id\":\"https:\/\/orthodoxalbania.org\/2020\/#organization\"},\"potentialAction\":[{\"@type\":\"SearchAction\",\"target\":{\"@type\":\"EntryPoint\",\"urlTemplate\":\"https:\/\/orthodoxalbania.org\/2020\/?s={search_term_string}\"},\"query-input\":{\"@type\":\"PropertyValueSpecification\",\"valueRequired\":true,\"valueName\":\"search_term_string\"}}],\"inLanguage\":\"en-US\"},{\"@type\":\"Organization\",\"@id\":\"https:\/\/orthodoxalbania.org\/2020\/#organization\",\"name\":\"Kisha Orthodhokse Autoqefale e Shqip\u00ebris\u00eb\",\"url\":\"https:\/\/orthodoxalbania.org\/2020\/\",\"logo\":{\"@type\":\"ImageObject\",\"inLanguage\":\"en-US\",\"@id\":\"https:\/\/orthodoxalbania.org\/2020\/#\/schema\/logo\/image\/\",\"url\":\"https:\/\/orthodoxalbania.org\/2020\/wp-content\/uploads\/2020\/05\/albania.jpeg\",\"contentUrl\":\"https:\/\/orthodoxalbania.org\/2020\/wp-content\/uploads\/2020\/05\/albania.jpeg\",\"width\":540,\"height\":540,\"caption\":\"Kisha Orthodhokse Autoqefale e Shqip\u00ebris\u00eb\"},\"image\":{\"@id\":\"https:\/\/orthodoxalbania.org\/2020\/#\/schema\/logo\/image\/\"},\"sameAs\":[\"https:\/\/www.facebook.com\/koash1991\"]},{\"@type\":\"Person\",\"@id\":\"https:\/\/orthodoxalbania.org\/2020\/#\/schema\/person\/0c387634a7063ac612d7ed9ce71c7e86\",\"name\":\"Kisha Orthodhokse\",\"image\":{\"@type\":\"ImageObject\",\"inLanguage\":\"en-US\",\"@id\":\"https:\/\/secure.gravatar.com\/avatar\/596e7c417251e30f2fbb9c00e026fce61a695a00e51c889caded71c96cbbdde5?s=96&d=mm&r=g\",\"url\":\"https:\/\/secure.gravatar.com\/avatar\/596e7c417251e30f2fbb9c00e026fce61a695a00e51c889caded71c96cbbdde5?s=96&d=mm&r=g\",\"contentUrl\":\"https:\/\/secure.gravatar.com\/avatar\/596e7c417251e30f2fbb9c00e026fce61a695a00e51c889caded71c96cbbdde5?s=96&d=mm&r=g\",\"caption\":\"Kisha Orthodhokse\"}}]}<\/script>\n<!-- \/ Yoast SEO plugin. -->","yoast_head_json":{"title":"54 vjet nga fjetja e Imzot Theofan Nolit - Kisha Orthodh\u03bfkse Autoqefale e Shqip\u00ebris\u00eb","robots":{"index":"index","follow":"follow","max-snippet":"max-snippet:-1","max-image-preview":"max-image-preview:large","max-video-preview":"max-video-preview:-1"},"canonical":"https:\/\/orthodoxalbania.org\/2020\/2019\/03\/13\/54-vjet-nga-fjetja-e-imzot-theofan-nolit\/","og_locale":"en_US","og_type":"article","og_title":"54 vjet nga fjetja e Imzot Theofan Nolit - Kisha Orthodh\u03bfkse Autoqefale e Shqip\u00ebris\u00eb","og_description":"13 marsi sh\u00ebnon 54 vjet nga fjetja e personalitetit t\u00eb shquar t\u00eb Kish\u00ebs son\u00eb dhe t\u00eb gjith\u00eb kombit, Imzot Theofanit (Nolit). Ai i mbylli syt\u00eb m\u0451 13 mars t\u0451 vitit 1965, n\u00eb qytetin e Bostonit, SHBA, larg atdheut p\u00ebr t\u00eb cilin u p\u00ebrpoq e vuajti aq shum\u00eb, po gjithmon\u00eb pran\u00eb me shpirtin e tij t\u00eb paepur. Imzot Theofani luajti nj\u0451 rol shum\u00eb t\u0451r\u0451nd\u0451sish\u0451m, p\u0451r adhurimin","og_url":"https:\/\/orthodoxalbania.org\/2020\/2019\/03\/13\/54-vjet-nga-fjetja-e-imzot-theofan-nolit\/","og_site_name":"Kisha Orthodh\u03bfkse Autoqefale e Shqip\u00ebris\u00eb","article_publisher":"https:\/\/www.facebook.com\/koash1991","article_published_time":"2019-03-13T13:39:21+00:00","article_modified_time":"2020-04-06T22:36:33+00:00","og_image":[{"width":150,"height":150,"url":"https:\/\/orthodoxalbania.org\/2020\/wp-content\/uploads\/2020\/04\/og-fan-s-noli-6869.jpg","type":"image\/jpeg"}],"author":"Kisha Orthodhokse","twitter_card":"summary_large_image","twitter_misc":{"Written by":"Kisha Orthodhokse","Est. reading time":"2 minutes"},"schema":{"@context":"https:\/\/schema.org","@graph":[{"@type":"Article","@id":"https:\/\/orthodoxalbania.org\/2020\/2019\/03\/13\/54-vjet-nga-fjetja-e-imzot-theofan-nolit\/#article","isPartOf":{"@id":"https:\/\/orthodoxalbania.org\/2020\/2019\/03\/13\/54-vjet-nga-fjetja-e-imzot-theofan-nolit\/"},"author":{"name":"Kisha Orthodhokse","@id":"https:\/\/orthodoxalbania.org\/2020\/#\/schema\/person\/0c387634a7063ac612d7ed9ce71c7e86"},"headline":"54 vjet nga fjetja e Imzot Theofan Nolit","datePublished":"2019-03-13T13:39:21+00:00","dateModified":"2020-04-06T22:36:33+00:00","mainEntityOfPage":{"@id":"https:\/\/orthodoxalbania.org\/2020\/2019\/03\/13\/54-vjet-nga-fjetja-e-imzot-theofan-nolit\/"},"wordCount":423,"commentCount":0,"publisher":{"@id":"https:\/\/orthodoxalbania.org\/2020\/#organization"},"image":{"@id":"https:\/\/orthodoxalbania.org\/2020\/2019\/03\/13\/54-vjet-nga-fjetja-e-imzot-theofan-nolit\/#primaryimage"},"thumbnailUrl":"https:\/\/orthodoxalbania.org\/2020\/wp-content\/uploads\/2020\/04\/og-fan-s-noli-6869.jpg","keywords":["lajme"],"articleSection":["Lajme"],"inLanguage":"en-US"},{"@type":"WebPage","@id":"https:\/\/orthodoxalbania.org\/2020\/2019\/03\/13\/54-vjet-nga-fjetja-e-imzot-theofan-nolit\/","url":"https:\/\/orthodoxalbania.org\/2020\/2019\/03\/13\/54-vjet-nga-fjetja-e-imzot-theofan-nolit\/","name":"54 vjet nga fjetja e Imzot Theofan Nolit - Kisha Orthodh\u03bfkse Autoqefale e Shqip\u00ebris\u00eb","isPartOf":{"@id":"https:\/\/orthodoxalbania.org\/2020\/#website"},"primaryImageOfPage":{"@id":"https:\/\/orthodoxalbania.org\/2020\/2019\/03\/13\/54-vjet-nga-fjetja-e-imzot-theofan-nolit\/#primaryimage"},"image":{"@id":"https:\/\/orthodoxalbania.org\/2020\/2019\/03\/13\/54-vjet-nga-fjetja-e-imzot-theofan-nolit\/#primaryimage"},"thumbnailUrl":"https:\/\/orthodoxalbania.org\/2020\/wp-content\/uploads\/2020\/04\/og-fan-s-noli-6869.jpg","datePublished":"2019-03-13T13:39:21+00:00","dateModified":"2020-04-06T22:36:33+00:00","breadcrumb":{"@id":"https:\/\/orthodoxalbania.org\/2020\/2019\/03\/13\/54-vjet-nga-fjetja-e-imzot-theofan-nolit\/#breadcrumb"},"inLanguage":"en-US","potentialAction":[{"@type":"ReadAction","target":["https:\/\/orthodoxalbania.org\/2020\/2019\/03\/13\/54-vjet-nga-fjetja-e-imzot-theofan-nolit\/"]}]},{"@type":"ImageObject","inLanguage":"en-US","@id":"https:\/\/orthodoxalbania.org\/2020\/2019\/03\/13\/54-vjet-nga-fjetja-e-imzot-theofan-nolit\/#primaryimage","url":"https:\/\/orthodoxalbania.org\/2020\/wp-content\/uploads\/2020\/04\/og-fan-s-noli-6869.jpg","contentUrl":"https:\/\/orthodoxalbania.org\/2020\/wp-content\/uploads\/2020\/04\/og-fan-s-noli-6869.jpg","width":150,"height":150},{"@type":"BreadcrumbList","@id":"https:\/\/orthodoxalbania.org\/2020\/2019\/03\/13\/54-vjet-nga-fjetja-e-imzot-theofan-nolit\/#breadcrumb","itemListElement":[{"@type":"ListItem","position":1,"name":"Home","item":"https:\/\/orthodoxalbania.org\/2020\/"},{"@type":"ListItem","position":2,"name":"54 vjet nga fjetja e Imzot Theofan Nolit"}]},{"@type":"WebSite","@id":"https:\/\/orthodoxalbania.org\/2020\/#website","url":"https:\/\/orthodoxalbania.org\/2020\/","name":"Kisha Orthodh\u03bfkse Autoqefale e Shqip\u00ebris\u00eb","description":"Fqja Zyrtare e Kish\u00ebs Orthodhokse Autoqefale e Shqip\u00ebris\u00eb me lajmet edhe informacionet zyrtare p\u00ebr struktur\u00ebn edhe veprimtarin e saj.","publisher":{"@id":"https:\/\/orthodoxalbania.org\/2020\/#organization"},"potentialAction":[{"@type":"SearchAction","target":{"@type":"EntryPoint","urlTemplate":"https:\/\/orthodoxalbania.org\/2020\/?s={search_term_string}"},"query-input":{"@type":"PropertyValueSpecification","valueRequired":true,"valueName":"search_term_string"}}],"inLanguage":"en-US"},{"@type":"Organization","@id":"https:\/\/orthodoxalbania.org\/2020\/#organization","name":"Kisha Orthodhokse Autoqefale e Shqip\u00ebris\u00eb","url":"https:\/\/orthodoxalbania.org\/2020\/","logo":{"@type":"ImageObject","inLanguage":"en-US","@id":"https:\/\/orthodoxalbania.org\/2020\/#\/schema\/logo\/image\/","url":"https:\/\/orthodoxalbania.org\/2020\/wp-content\/uploads\/2020\/05\/albania.jpeg","contentUrl":"https:\/\/orthodoxalbania.org\/2020\/wp-content\/uploads\/2020\/05\/albania.jpeg","width":540,"height":540,"caption":"Kisha Orthodhokse Autoqefale e Shqip\u00ebris\u00eb"},"image":{"@id":"https:\/\/orthodoxalbania.org\/2020\/#\/schema\/logo\/image\/"},"sameAs":["https:\/\/www.facebook.com\/koash1991"]},{"@type":"Person","@id":"https:\/\/orthodoxalbania.org\/2020\/#\/schema\/person\/0c387634a7063ac612d7ed9ce71c7e86","name":"Kisha Orthodhokse","image":{"@type":"ImageObject","inLanguage":"en-US","@id":"https:\/\/secure.gravatar.com\/avatar\/596e7c417251e30f2fbb9c00e026fce61a695a00e51c889caded71c96cbbdde5?s=96&d=mm&r=g","url":"https:\/\/secure.gravatar.com\/avatar\/596e7c417251e30f2fbb9c00e026fce61a695a00e51c889caded71c96cbbdde5?s=96&d=mm&r=g","contentUrl":"https:\/\/secure.gravatar.com\/avatar\/596e7c417251e30f2fbb9c00e026fce61a695a00e51c889caded71c96cbbdde5?s=96&d=mm&r=g","caption":"Kisha Orthodhokse"}}]}},"_links":{"self":[{"href":"https:\/\/orthodoxalbania.org\/2020\/wp-json\/wp\/v2\/posts\/8941","targetHints":{"allow":["GET"]}}],"collection":[{"href":"https:\/\/orthodoxalbania.org\/2020\/wp-json\/wp\/v2\/posts"}],"about":[{"href":"https:\/\/orthodoxalbania.org\/2020\/wp-json\/wp\/v2\/types\/post"}],"author":[{"embeddable":true,"href":"https:\/\/orthodoxalbania.org\/2020\/wp-json\/wp\/v2\/users\/1"}],"replies":[{"embeddable":true,"href":"https:\/\/orthodoxalbania.org\/2020\/wp-json\/wp\/v2\/comments?post=8941"}],"version-history":[{"count":1,"href":"https:\/\/orthodoxalbania.org\/2020\/wp-json\/wp\/v2\/posts\/8941\/revisions"}],"predecessor-version":[{"id":14720,"href":"https:\/\/orthodoxalbania.org\/2020\/wp-json\/wp\/v2\/posts\/8941\/revisions\/14720"}],"wp:featuredmedia":[{"embeddable":true,"href":"https:\/\/orthodoxalbania.org\/2020\/wp-json\/wp\/v2\/media\/8942"}],"wp:attachment":[{"href":"https:\/\/orthodoxalbania.org\/2020\/wp-json\/wp\/v2\/media?parent=8941"}],"wp:term":[{"taxonomy":"category","embeddable":true,"href":"https:\/\/orthodoxalbania.org\/2020\/wp-json\/wp\/v2\/categories?post=8941"},{"taxonomy":"post_tag","embeddable":true,"href":"https:\/\/orthodoxalbania.org\/2020\/wp-json\/wp\/v2\/tags?post=8941"}],"curies":[{"name":"wp","href":"https:\/\/api.w.org\/{rel}","templated":true}]}}