{"id":894,"date":"2007-02-26T00:00:00","date_gmt":"2007-02-26T00:00:00","guid":{"rendered":""},"modified":"2020-04-06T22:35:43","modified_gmt":"2020-04-06T20:35:43","slug":"kryepiskopit-anastas-i-jepet-titulli-honoris-causa-nga-universiteti-jonian-i-korfuzit-greqi-mars-07","status":"publish","type":"post","link":"https:\/\/orthodoxalbania.org\/2020\/2007\/02\/26\/kryepiskopit-anastas-i-jepet-titulli-honoris-causa-nga-universiteti-jonian-i-korfuzit-greqi-mars-07\/","title":{"rendered":"Kryepiskopit  Anastas i jepet titulli \u201cHonoris Causa\u201d nga Universiteti Jonian i Korfuzit, Greqi. (20 Mars 2007)"},"content":{"rendered":"<div style=\"text-align: justify;\"><span style=\"font-family: tahoma,geneva,sans-serif;\"><span style=\"font-size: 12px;\"><span style=\"color: #000000;\">&nbsp;&nbsp;&nbsp; Nj\u00eb ceremoni mbres\u00ebl\u00ebn\u00ebse kishin organizuar drejtuesit e Universitetit Jonian n\u00eb Korfuz, Greqi, p\u00ebr t\u2019i dor\u00ebzuar Kryepiskopit t\u00eb Tiran\u00ebs, Durr\u00ebsit dhe t\u00eb gjith\u00eb Shqip\u00ebris\u00eb, Fortlumturis\u00eb s\u00eb Tij Anastasit, titullin Dr. \u201cHonoris Causa\u201d i Departamentit t\u00eb Historis\u00eb t\u00eb k\u00ebtij Universiteti. \u00cbsht\u00eb e 15-ta her\u00eb e nderimit t\u00eb Kryepiskopit Anastas me nj\u00eb titull t\u00eb till\u00eb.<\/span><\/span><\/span><\/div>\n<table id=\"AutoNumber3\" border=\"0\">\n<tbody>\n<tr>\n<td>\n<div><span style=\"font-family: tahoma,geneva,sans-serif;\"><span style=\"font-size: 12px;\"><span style=\"color: #000000;\"><img decoding=\"async\" class=\"lazyload HAa Eha\" style=\"border-width: 1px; border-style: solid; margin: 10px auto; display: block;\" alt=\"\" src=\"data:image\/gif;base64,R0lGODlhAQABAAAAACH5BAEKAAEALAAAAAABAAEAAAICTAEAOw==\" data-orig-src=\"https:\/\/lh5.googleusercontent.com\/-RwGC-x5bjNI\/VIlH5uIb8yI\/AAAAAAAAGKY\/BemVWcggSmE\/w370-h285-no\/untitled1m.jpg\" \/><\/span><\/span><\/span><\/div>\n<\/td>\n<td>\n<div style=\"text-align: justify;\"><span style=\"font-family: tahoma,geneva,sans-serif;\"><span style=\"font-size: 12px;\"><span style=\"color: #000000;\">&nbsp;&nbsp; M\u00eb 20 mars, Kryepiskopin Anastas kishin dal\u00eb p\u00ebr ta pritur Mitropoliti i Korfuzit, Paksit dhe Ishujve Diapontile, Nektari, Mitropoliti i Zakinthit, Krisostomi, Prefekti i ishullit S. Pulimenos, Kryetari i Bashkis\u00eb S. Mikalef, Rektori i Universitetit prof. dr. \u00c7ugarakis etj.<\/span><\/span><\/span><\/div>\n<div style=\"text-align: justify;\"><span style=\"font-family: tahoma,geneva,sans-serif;\"><span style=\"font-size: 12px;\"><span style=\"color: #000000;\">&nbsp;&nbsp;&nbsp; <\/span><\/span><\/span><\/div>\n<div style=\"text-align: justify;\"><span style=\"font-family: tahoma,geneva,sans-serif;\"><span style=\"font-size: 12px;\"><span style=\"color: #000000;\">&nbsp;&nbsp;&nbsp;&nbsp; Kryepiskopi shoq\u00ebrohej nga Mitropoliti i Gjirokastr\u00ebs Dhimitri dhe p\u00ebrfaq\u00ebsues t\u00eb tjer\u00eb nga &nbsp;Kisha jon\u00eb.<\/span><\/span><\/span><\/div>\n<\/td>\n<\/tr>\n<tr>\n<td>\n<div style=\"text-align: justify;\"><span style=\"font-family: tahoma,geneva,sans-serif;\"><span style=\"font-size: 12px;\"><span style=\"color: #000000;\">&nbsp;&nbsp;&nbsp; &nbsp;N\u00eb sheshin qendror t\u00eb qytetit, para kish\u00ebs historike dhe t\u00eb nderuar t\u00eb \u201cSh\u00ebn Spiridhonit\u201d, vend i njohur pelegrinazhi, u organizua pritja madh\u00ebshtore nga populli, klerik\u00ebt dhe autoritetet e qytetit dhe Shtat\u00eb Ishujve. N\u00eb kish\u00ebn e \u201cSh\u00ebn Spiridhonit\u201d u psal nj\u00eb lutje e shkurt\u00ebr, u k\u00ebmbyen fjalimet e mir\u00ebseardhjes nga ana e Mitropolitit t\u00eb Korfuzit, Hir\u00ebsis\u00eb s\u00eb Tij Nektarit si dhe fjala p\u00ebrsh\u00ebndet\u00ebse e Fortlumturis\u00eb s\u00eb Tij Anastasit.<\/span><\/span><\/span><\/div>\n<\/td>\n<td>\n<div><span style=\"font-family: tahoma,geneva,sans-serif;\"><span style=\"font-size: 12px;\"><span style=\"color: #000000;\"><img decoding=\"async\" class=\"lazyload HAa Eha\" style=\"border-width: 1px; border-style: solid; margin: 10px auto; display: block;\" alt=\"\" src=\"data:image\/gif;base64,R0lGODlhAQABAAAAACH5BAEKAAEALAAAAAABAAEAAAICTAEAOw==\" data-orig-src=\"https:\/\/lh5.googleusercontent.com\/-uOLAWZQerlg\/VIlH5jm3g6I\/AAAAAAAAGLc\/XyYogctv9EY\/w370-h274-no\/untitled2d.jpg\" \/><\/span><\/span><\/span><\/div>\n<\/td>\n<\/tr>\n<tr>\n<td>\n<div><span style=\"font-family: tahoma,geneva,sans-serif;\"><span style=\"font-size: 12px;\"><span style=\"color: #000000;\"><img decoding=\"async\" class=\"lazyload HAa Eha\" style=\"border-width: 1px; border-style: solid; margin: 10px auto; display: block;\" alt=\"\" src=\"data:image\/gif;base64,R0lGODlhAQABAAAAACH5BAEKAAEALAAAAAABAAEAAAICTAEAOw==\" data-orig-src=\"https:\/\/lh5.googleusercontent.com\/-NNf7-7zrCmI\/VIlH6QMAx6I\/AAAAAAAAGLQ\/b9rxK8aVQ-8\/w370-h278-no\/untitled3m.jpg\" \/><\/span><\/span><\/span><\/div>\n<\/td>\n<td>\n<div style=\"text-align: justify;\"><span style=\"font-family: tahoma,geneva,sans-serif;\"><span style=\"font-size: 12px;\"><span style=\"color: #000000;\">&nbsp;&nbsp;&nbsp;&nbsp; N\u00eb fjal\u00ebn e tij, Kryepiskopi me fakte konkrete theksoi zhvillimin e papar\u00eb n\u00eb procesin e ringjalljes dhe ringritjes s\u00eb Kish\u00ebs Orthodhokse n\u00eb Shqip\u00ebri. Ndon\u00ebse t\u00eb pranishmit kishin d\u00ebgjuar p\u00ebr k\u00ebt\u00eb mrekulli q\u00eb po ndodh pak milje larg ishullit t\u00eb tyre, nuk mund t\u00eb imagjinonin p\u00ebrmasat reale t\u00eb saj.<\/span><\/span><\/span><\/div>\n<\/td>\n<\/tr>\n<tr>\n<td>\n<div style=\"text-align: justify;\"><span style=\"font-family: tahoma,geneva,sans-serif;\"><span style=\"font-size: 12px;\"><span style=\"color: #000000;\">&nbsp;&nbsp;&nbsp;&nbsp;<\/span><\/span><\/span><\/div>\n<div style=\"text-align: justify;\"><span style=\"font-family: tahoma,geneva,sans-serif;\"><span style=\"font-size: 12px;\"><span style=\"color: #000000;\">&nbsp;&nbsp;&nbsp; I ve\u00e7ant\u00eb ishte interesimi i mediave lokale, t\u00eb shkruara dhe elektronike, q\u00eb transmetuan, t\u00eb plota dhe n\u00eb p\u00ebrs\u00ebritje, t\u00eb gjitha aktivitetet q\u00eb zhvilloi Kryepiskopi.<\/span><\/span><\/span><\/div>\n<div style=\"text-align: justify;\">&nbsp;<\/div>\n<div style=\"text-align: justify;\"><span style=\"font-family: tahoma,geneva,sans-serif;\"><span style=\"font-size: 12px;\"><span style=\"color: #000000;\">&nbsp;&nbsp; Pasdite u organizua nj\u00eb ceremoni shum\u00eb e bukur n\u00eb sall\u00ebn e veprimtarive t\u00eb korpusit qendror t\u00eb Universitetit, e cila ishte mbushur plot e p\u00ebrplot nga stafi pedagogjik, student\u00eb, intelektual\u00eb t\u00eb qytetit etj.<\/span><\/span><\/span><\/div>\n<\/td>\n<td>\n<div style=\"text-align: center;\"><span style=\"font-family: tahoma,geneva,sans-serif;\"><span style=\"font-size: 12px;\"><span style=\"color: #000000;\">&nbsp; <img decoding=\"async\" class=\"lazyload HAa Eha\" style=\"margin: 10px auto; display: block; border: 1px solid;\" alt=\"\" src=\"data:image\/gif;base64,R0lGODlhAQABAAAAACH5BAEKAAEALAAAAAABAAEAAAICTAEAOw==\" data-orig-src=\"https:\/\/lh3.googleusercontent.com\/-lvNARMP3vBY\/VIlH6rJdG9I\/AAAAAAAAGLM\/QurST8LkyjM\/w370-h270-no\/untitled4d.jpg\" \/>&nbsp; <\/span><\/span><\/span><\/div>\n<\/td>\n<\/tr>\n<tr>\n<td>\n<div style=\"text-align: center;\"><span style=\"font-family: tahoma,geneva,sans-serif;\"><span style=\"font-size: 12px;\"><span style=\"color: #000000;\">&nbsp;<img decoding=\"async\" class=\"lazyload HAa Eha\" style=\"margin: 10px auto; display: block; border: 1px solid;\" alt=\"\" src=\"data:image\/gif;base64,R0lGODlhAQABAAAAACH5BAEKAAEALAAAAAABAAEAAAICTAEAOw==\" data-orig-src=\"https:\/\/lh6.googleusercontent.com\/-wE9HAiH2Zaw\/VIlH66dl33I\/AAAAAAAAGLI\/dQIQdKzDmq4\/w304-h370-no\/untitled5m.jpg\" \/>&nbsp;&nbsp; <\/span><\/span><\/span><\/div>\n<\/td>\n<td>\n<div style=\"text-align: justify;\"><span style=\"font-family: tahoma,geneva,sans-serif;\"><span style=\"font-size: 12px;\"><span style=\"color: #000000;\">&nbsp;&nbsp;&nbsp;&nbsp; Mir\u00ebseardhjen Kryepiskopit Anastas ia uroi Rektori i Universitetit prof. dr. \u00c7ugarakis, nd\u00ebrsa vendimin e Senatit p\u00ebr shpalljen e Fortlumturis\u00eb s\u00eb Tij Doktor Nderi i Departamentit t\u00eb Historis\u00eb t\u00eb Universitetit Jonian e lexoi znj. Xh. Harlafti, p\u00ebrgjegj\u00ebse e k\u00ebtij Departamenti. Profesori i Filozofis\u00eb Klasike z. Vajos Vajopoulos kishte p\u00ebrgatitur nj\u00eb fjal\u00eb t\u00eb p\u00ebrzem\u00ebrt me rit\u00ebm poetik p\u00ebr Kryepiskopin Anastas, p\u00ebr jet\u00ebn e tij, e cila p\u00ebrb\u00ebn shembull q\u00eb flet p\u00ebr t\u00eb gjith\u00eb njer\u00ebzit, p\u00ebr vepr\u00ebn e tij si hierapostull n\u00eb Afrik\u00eb dhe si Kryepiskop i nj\u00eb Kishe t\u00eb ringritur nga g\u00ebrmadhat, p\u00ebr veprimtarin\u00eb e tij shkencore dhe n\u00eb fush\u00ebn e botimeve etj.<\/span><\/span><\/span><\/div>\n<\/td>\n<\/tr>\n<tr>\n<td>\n<div style=\"text-align: justify;\"><span style=\"font-family: tahoma,geneva,sans-serif;\"><span style=\"font-size: 12px;\"><span style=\"color: #000000;\">&nbsp;&nbsp;&nbsp; Mes duartrokitjesh t\u00eb t\u00eb gjith\u00eb pjes\u00ebmarr\u00ebsve Kryepiskopi u vesh me timvonin e profesorit dhe mbajti ligj\u00ebrat\u00ebn \u201cEvropa me fe t\u00eb ndryshme dhe Orthodhoksia\u201d, e cila u prit ngroht\u00eb dhe u komentua gjer\u00ebsisht n\u00eb qarqet intelektuale t\u00eb ishullit edhe n\u00eb dit\u00ebt pasardh\u00ebse.<\/span><\/span><\/span><\/div>\n<div style=\"text-align: justify;\">&nbsp;<\/div>\n<div style=\"text-align: justify;\"><span style=\"font-family: tahoma,geneva,sans-serif;\"><span style=\"font-size: 12px;\"><span style=\"color: #000000;\">&nbsp;&nbsp;&nbsp; Pjes\u00ebmarr\u00ebsit, n\u00eb pak minuta, ndoq\u00ebn nj\u00eb dokumentar t\u00eb shkurt\u00ebr, ku prezantohej gjendja n\u00eb t\u00eb cil\u00ebn Kryepiskopi e gjeti Kish\u00ebn Orthodhokse n\u00eb Shqip\u00ebri dhe disa nga arritjet n\u00eb p\u00ebrpjekjen p\u00ebr ringritjen e saj.<\/span><\/span><\/span><\/div>\n<div style=\"text-align: justify;\">&nbsp;<\/div>\n<\/td>\n<td>\n<div><span style=\"font-family: tahoma,geneva,sans-serif;\"><span style=\"font-size: 12px;\"><span style=\"color: #000000;\"><img decoding=\"async\" class=\"lazyload HAa Eha\" style=\"border-width: 1px; border-style: solid; margin: 10px auto; display: block;\" alt=\"\" src=\"data:image\/gif;base64,R0lGODlhAQABAAAAACH5BAEKAAEALAAAAAABAAEAAAICTAEAOw==\" data-orig-src=\"https:\/\/lh4.googleusercontent.com\/-wmnkorwGlpg\/VIlH7PH06qI\/AAAAAAAAGLE\/_NoeMkYMTxY\/w370-h278-no\/untitled6d.jpg\" \/><\/span><\/span><\/span><\/div>\n<\/td>\n<\/tr>\n<tr>\n<td>\n<div><span style=\"font-family: tahoma,geneva,sans-serif;\"><span style=\"font-size: 12px;\"><span style=\"color: #000000;\"><img decoding=\"async\" class=\"lazyload HAa Eha\" style=\"border-width: 1px; border-style: solid; margin: 10px auto; display: block;\" alt=\"\" src=\"data:image\/gif;base64,R0lGODlhAQABAAAAACH5BAEKAAEALAAAAAABAAEAAAICTAEAOw==\" data-orig-src=\"https:\/\/lh3.googleusercontent.com\/-ZEEp2jKfhHU\/VIlH7QdQ-3I\/AAAAAAAAGLA\/lYaTpPKZzCo\/w245-h370-no\/untitled7m.jpg\" \/><\/span><\/span><\/span><\/div>\n<\/td>\n<td>\n<div style=\"text-align: justify;\"><span style=\"font-family: tahoma,geneva,sans-serif;\"><span style=\"font-size: 12px;\"><span style=\"color: #000000;\">&nbsp;&nbsp; Ceremonia u mbyll me himne kishtare t\u00eb k\u00ebnduara nga kori i Departamentit t\u00eb Muzik\u00ebs t\u00eb k\u00ebtij Universiteti dhe kori i Shoqat\u00ebs s\u00eb Psalt\u00ebve t\u00eb Korfuzit.<\/span><\/span><\/span><\/div>\n<div style=\"text-align: justify;\">&nbsp;<\/div>\n<div style=\"text-align: justify;\"><span style=\"font-family: tahoma,geneva,sans-serif;\"><span style=\"font-size: 12px;\"><span style=\"color: #000000;\">&nbsp;&nbsp;&nbsp; Interesimi i ve\u00e7ant\u00eb p\u00ebr t\u00eb ndjekur ligj\u00ebrat\u00ebn e Kryepiskopit kishte mbushur p\u00ebrve\u00e7 sall\u00ebs qendrore edhe sallonin e madh t\u00eb pritjes n\u00eb Universitet, nd\u00ebrsa nj\u00eb fotoprojektor ishte vendosur n\u00eb fasad\u00eb, n\u00eb parkun e godin\u00ebs dhe ndiqej nga qytetar\u00eb t\u00eb shumt\u00eb.<\/span><\/span><\/span><\/div>\n<div style=\"text-align: justify;\">&nbsp;<\/div>\n<\/td>\n<\/tr>\n<tr>\n<td>\n<div style=\"text-align: justify;\"><span style=\"font-family: tahoma,geneva,sans-serif;\"><span style=\"font-size: 12px;\"><span style=\"color: #000000;\">&nbsp;&nbsp;&nbsp; N\u00eb hollin e Universitetit Kryepiskopi p\u00ebrsh\u00ebndeti dhe bekoi nj\u00eb nga nj\u00eb t\u00eb gjith\u00eb pjes\u00ebmarr\u00ebsit. Vlen t\u00eb theksojm\u00eb se aktiviteti u b\u00eb pik\u00ebrisht n\u00eb godin\u00ebn ku dikur ishte krijuar dhe funksiononte shkolla e famshme tregtare e Korfuzit. N\u00eb k\u00ebt\u00eb shkoll\u00eb kan\u00eb studiuar edhe shum\u00eb nx\u00ebn\u00ebs nga krahina t\u00eb ndryshme t\u00eb Shqip\u00ebris\u00eb, t\u00eb cil\u00ebt pas kthimit n\u00eb vend luajt\u00ebn nj\u00eb rol t\u00eb r\u00ebnd\u00ebsish\u00ebm n\u00eb zhvillimin e ekonomis\u00eb.<\/span><\/span><\/span><\/div>\n<\/td>\n<td>\n<div><span style=\"font-family: tahoma,geneva,sans-serif;\"><span style=\"font-size: 12px;\"><span style=\"color: #000000;\"><img decoding=\"async\" class=\"lazyload HAa Eha\" style=\"border-width: 1px; border-style: solid; margin: 10px auto; display: block;\" alt=\"\" src=\"data:image\/gif;base64,R0lGODlhAQABAAAAACH5BAEKAAEALAAAAAABAAEAAAICTAEAOw==\" data-orig-src=\"https:\/\/lh5.googleusercontent.com\/-klrWeinR-Nk\/VIlH7-O6i0I\/AAAAAAAAGK4\/q7SWMdJuxFA\/w370-h278-no\/untitled8d.jpg\" \/><\/span><\/span><\/span><\/div>\n<\/td>\n<\/tr>\n<tr>\n<td>\n<div style=\"text-align: justify;\">&nbsp;<\/div>\n<p><img decoding=\"async\" class=\"lazyload HAa Eha\" style=\"border-width: 1px; border-style: solid; margin: 10px auto; display: block;\" alt=\"\" src=\"data:image\/gif;base64,R0lGODlhAQABAAAAACH5BAEKAAEALAAAAAABAAEAAAICTAEAOw==\" data-orig-src=\"https:\/\/lh6.googleusercontent.com\/-oh28thgp3jA\/VIlH8MMKfGI\/AAAAAAAAGK8\/a6vOTf38hNA\/w370-h278-no\/untitled9m.jpg\" \/><\/p>\n<\/td>\n<td>\n<div style=\"text-align: justify;\"><span style=\"font-family: tahoma,geneva,sans-serif;\"><span style=\"font-size: 12px;\"><span style=\"color: #000000;\">&nbsp;&nbsp;&nbsp;&nbsp; Edhe shum\u00eb nga besimtar\u00ebt, an\u00ebtar\u00eb t\u00eb Kish\u00ebs son\u00eb, q\u00eb ndodhen p\u00ebr studime apo me m\u00ebrgim n\u00eb Korfuz, erdh\u00ebn p\u00ebr t\u00eb marr\u00eb bekimin e atit t\u00eb tyre shpirt\u00ebror dhe p\u00ebr t\u2019u g\u00ebzuar e krenuar n\u00eb k\u00ebt\u00eb nderim n\u00eb personin e Kryepiskopit ton\u00eb.<\/span><\/span><\/span><\/div>\n<\/td>\n<\/tr>\n<tr>\n<td>\n<div dir=\"ltr\" style=\"text-align: justify;\"><span style=\"font-family: tahoma,geneva,sans-serif;\"><span style=\"font-size: 12px;\"><span style=\"color: #000000;\">&nbsp;&nbsp; T\u00eb nes\u00ebrmen Kryepiskopi vizitoi disa manastire t\u00eb ishullit, duke vazhduar me v\u00ebllaz\u00ebrit\u00eb e murgjve dhe murgeshave bised\u00ebn p\u00ebr arritjet dhe momentet e hareshme t\u00eb ringjalljes s\u00eb Kish\u00ebs Orthodhokse n\u00eb Shqip\u00ebri.<\/span><\/span><\/span><\/div>\n<div dir=\"ltr\" style=\"text-align: justify;\"><span style=\"font-family: tahoma,geneva,sans-serif;\"><span style=\"font-size: 12px;\"><span style=\"color: #000000;\"><\/span><\/span><\/span><\/div>\n<div dir=\"ltr\" style=\"text-align: justify;\"><span style=\"font-family: tahoma,geneva,sans-serif;\"><span style=\"font-size: 12px;\"><span style=\"color: #000000;\">&nbsp;&nbsp;&nbsp; M\u00eb pas Mitropoliti i Korfuzit, n\u00eb pritjen q\u00eb organizoi me k\u00ebt\u00eb rast n\u00eb prani t\u00eb personaliteteve t\u00eb rajonit, i dor\u00ebzoi Kryepiskopit Anastas medaljen e lart\u00eb \u201cKryqi i Art\u00eb i Sh\u00ebn Spiridhonit\u201d.<\/span><\/span><\/span><\/div>\n<\/td>\n<td>\n<div style=\"text-align: justify;\">&nbsp;<\/div>\n<p><img decoding=\"async\" class=\"lazyload HAa Eha\" style=\"border-width: 1px; border-style: solid; margin: 10px auto; display: block;\" alt=\"\" src=\"data:image\/gif;base64,R0lGODlhAQABAAAAACH5BAEKAAEALAAAAAABAAEAAAICTAEAOw==\" data-orig-src=\"https:\/\/lh6.googleusercontent.com\/-L3jyqjKQtvo\/VIlH5ysrBWI\/AAAAAAAAGLU\/hQuvCeD0_ZA\/w370-h263-no\/untitled10d.jpg\" \/><\/p>\n<\/td>\n<\/tr>\n<tr>\n<td colspan=\"2\">\n<div style=\"text-align: justify;\"><span style=\"font-family: tahoma,geneva,sans-serif;\"><span style=\"font-size: 12px;\"><span style=\"color: #000000;\">Nderimi dhe ngroht\u00ebsia e mikpritjes korfiate vazhdoi edhe n\u00eb ceremonin\u00eb e p\u00ebrcjelljes n\u00eb portin e qytetit, nga ku Kryepiskopi dhe personat q\u00eb e shoq\u00ebronin u larguan p\u00ebr n\u00eb Sarand\u00eb.<\/span><\/span><\/span><\/div>\n<\/td>\n<\/tr>\n<\/tbody>\n<\/table>\n","protected":false},"excerpt":{"rendered":"<p>&nbsp;&nbsp;&nbsp; Nj\u00eb ceremoni mbres\u00ebl\u00ebn\u00ebse kishin organizuar drejtuesit e Universitetit Jonian n\u00eb Korfuz, Greqi, p\u00ebr t\u2019i dor\u00ebzuar Kryepiskopit t\u00eb Tiran\u00ebs, Durr\u00ebsit dhe t\u00eb gjith\u00eb Shqip\u00ebris\u00eb, Fortlumturis\u00eb s\u00eb Tij Anastasit, titullin Dr. \u201cHonoris Causa\u201d i Departamentit t\u00eb Historis\u00eb t\u00eb k\u00ebtij Universiteti. \u00cbsht\u00eb e 15-ta her\u00eb e nderimit t\u00eb Kryepiskopit Anastas me nj\u00eb titull t\u00eb till\u00eb. &nbsp;&nbsp; M\u00eb 20 mars, Kryepiskopin Anastas kishin dal\u00eb p\u00ebr ta pritur Mitropoliti<\/p>\n","protected":false},"author":1,"featured_media":0,"comment_status":"open","ping_status":"open","sticky":false,"template":"","format":"standard","meta":{"_acf_changed":false,"pagelayer_contact_templates":[],"_pagelayer_content":"","inline_featured_image":false,"fifu_image_url":"","fifu_image_alt":"","footnotes":""},"categories":[108],"tags":[147,153,196,201,212],"class_list":["post-894","post","type-post","status-publish","format-standard","hentry","category-lajme","tag-147","tag-deklarata-njoftime-zyrtare-d75","tag-tirane","tag-kryepiskopi-anastas","tag-lajme-d27"],"acf":[],"yoast_head":"<!-- This site is optimized with the Yoast SEO plugin v27.2 - https:\/\/yoast.com\/product\/yoast-seo-wordpress\/ -->\n<title>Kryepiskopit Anastas i jepet titulli \u201cHonoris Causa\u201d nga Universiteti Jonian i Korfuzit, Greqi. (20 Mars 2007) - Kisha Orthodh\u03bfkse Autoqefale e Shqip\u00ebris\u00eb<\/title>\n<meta name=\"robots\" content=\"index, follow, max-snippet:-1, max-image-preview:large, max-video-preview:-1\" \/>\n<link rel=\"canonical\" href=\"https:\/\/orthodoxalbania.org\/2020\/2007\/02\/26\/kryepiskopit-anastas-i-jepet-titulli-honoris-causa-nga-universiteti-jonian-i-korfuzit-greqi-mars-07\/\" \/>\n<meta property=\"og:locale\" content=\"en_US\" \/>\n<meta property=\"og:type\" content=\"article\" \/>\n<meta property=\"og:title\" content=\"Kryepiskopit Anastas i jepet titulli \u201cHonoris Causa\u201d nga Universiteti Jonian i Korfuzit, Greqi. (20 Mars 2007) - Kisha Orthodh\u03bfkse Autoqefale e Shqip\u00ebris\u00eb\" \/>\n<meta property=\"og:description\" content=\"&nbsp;&nbsp;&nbsp; Nj\u00eb ceremoni mbres\u00ebl\u00ebn\u00ebse kishin organizuar drejtuesit e Universitetit Jonian n\u00eb Korfuz, Greqi, p\u00ebr t\u2019i dor\u00ebzuar Kryepiskopit t\u00eb Tiran\u00ebs, Durr\u00ebsit dhe t\u00eb gjith\u00eb Shqip\u00ebris\u00eb, Fortlumturis\u00eb s\u00eb Tij Anastasit, titullin Dr. \u201cHonoris Causa\u201d i Departamentit t\u00eb Historis\u00eb t\u00eb k\u00ebtij Universiteti. \u00cbsht\u00eb e 15-ta her\u00eb e nderimit t\u00eb Kryepiskopit Anastas me nj\u00eb titull t\u00eb till\u00eb. &nbsp;&nbsp; M\u00eb 20 mars, Kryepiskopin Anastas kishin dal\u00eb p\u00ebr ta pritur Mitropoliti\" \/>\n<meta property=\"og:url\" content=\"https:\/\/orthodoxalbania.org\/2020\/2007\/02\/26\/kryepiskopit-anastas-i-jepet-titulli-honoris-causa-nga-universiteti-jonian-i-korfuzit-greqi-mars-07\/\" \/>\n<meta property=\"og:site_name\" content=\"Kisha Orthodh\u03bfkse Autoqefale e Shqip\u00ebris\u00eb\" \/>\n<meta property=\"article:publisher\" content=\"https:\/\/www.facebook.com\/koash1991\" \/>\n<meta property=\"article:published_time\" content=\"2007-02-26T00:00:00+00:00\" \/>\n<meta property=\"article:modified_time\" content=\"2020-04-06T20:35:43+00:00\" \/>\n<meta property=\"og:image\" content=\"https:\/\/lh5.googleusercontent.com\/-RwGC-x5bjNI\/VIlH5uIb8yI\/AAAAAAAAGKY\/BemVWcggSmE\/w370-h285-no\/untitled1m.jpg\" \/>\n<meta name=\"author\" content=\"Kisha Orthodhokse\" \/>\n<meta name=\"twitter:card\" content=\"summary_large_image\" \/>\n<meta name=\"twitter:label1\" content=\"Written by\" \/>\n\t<meta name=\"twitter:data1\" content=\"Kisha Orthodhokse\" \/>\n\t<meta name=\"twitter:label2\" content=\"Est. reading time\" \/>\n\t<meta name=\"twitter:data2\" content=\"5 minutes\" \/>\n<script type=\"application\/ld+json\" class=\"yoast-schema-graph\">{\"@context\":\"https:\/\/schema.org\",\"@graph\":[{\"@type\":\"Article\",\"@id\":\"https:\/\/orthodoxalbania.org\/2020\/2007\/02\/26\/kryepiskopit-anastas-i-jepet-titulli-honoris-causa-nga-universiteti-jonian-i-korfuzit-greqi-mars-07\/#article\",\"isPartOf\":{\"@id\":\"https:\/\/orthodoxalbania.org\/2020\/2007\/02\/26\/kryepiskopit-anastas-i-jepet-titulli-honoris-causa-nga-universiteti-jonian-i-korfuzit-greqi-mars-07\/\"},\"author\":{\"name\":\"Kisha Orthodhokse\",\"@id\":\"https:\/\/orthodoxalbania.org\/2020\/#\/schema\/person\/0c387634a7063ac612d7ed9ce71c7e86\"},\"headline\":\"Kryepiskopit Anastas i jepet titulli \u201cHonoris Causa\u201d nga Universiteti Jonian i Korfuzit, Greqi. (20 Mars 2007)\",\"datePublished\":\"2007-02-26T00:00:00+00:00\",\"dateModified\":\"2020-04-06T20:35:43+00:00\",\"mainEntityOfPage\":{\"@id\":\"https:\/\/orthodoxalbania.org\/2020\/2007\/02\/26\/kryepiskopit-anastas-i-jepet-titulli-honoris-causa-nga-universiteti-jonian-i-korfuzit-greqi-mars-07\/\"},\"wordCount\":925,\"commentCount\":0,\"publisher\":{\"@id\":\"https:\/\/orthodoxalbania.org\/2020\/#organization\"},\"image\":{\"@id\":\"https:\/\/orthodoxalbania.org\/2020\/2007\/02\/26\/kryepiskopit-anastas-i-jepet-titulli-honoris-causa-nga-universiteti-jonian-i-korfuzit-greqi-mars-07\/#primaryimage\"},\"thumbnailUrl\":\"https:\/\/lh5.googleusercontent.com\/-RwGC-x5bjNI\/VIlH5uIb8yI\/AAAAAAAAGKY\/BemVWcggSmE\/w370-h285-no\/untitled1m.jpg\",\"keywords\":[\"2007\",\"Deklarata - Njoftime Zyrtare\",\"Kryepiskopata Tiran\u00eb\",\"Kryepiskopi Anastas\",\"lajme\"],\"articleSection\":[\"Lajme\"],\"inLanguage\":\"en-US\"},{\"@type\":\"WebPage\",\"@id\":\"https:\/\/orthodoxalbania.org\/2020\/2007\/02\/26\/kryepiskopit-anastas-i-jepet-titulli-honoris-causa-nga-universiteti-jonian-i-korfuzit-greqi-mars-07\/\",\"url\":\"https:\/\/orthodoxalbania.org\/2020\/2007\/02\/26\/kryepiskopit-anastas-i-jepet-titulli-honoris-causa-nga-universiteti-jonian-i-korfuzit-greqi-mars-07\/\",\"name\":\"Kryepiskopit Anastas i jepet titulli \u201cHonoris Causa\u201d nga Universiteti Jonian i Korfuzit, Greqi. (20 Mars 2007) - Kisha Orthodh\u03bfkse Autoqefale e Shqip\u00ebris\u00eb\",\"isPartOf\":{\"@id\":\"https:\/\/orthodoxalbania.org\/2020\/#website\"},\"primaryImageOfPage\":{\"@id\":\"https:\/\/orthodoxalbania.org\/2020\/2007\/02\/26\/kryepiskopit-anastas-i-jepet-titulli-honoris-causa-nga-universiteti-jonian-i-korfuzit-greqi-mars-07\/#primaryimage\"},\"image\":{\"@id\":\"https:\/\/orthodoxalbania.org\/2020\/2007\/02\/26\/kryepiskopit-anastas-i-jepet-titulli-honoris-causa-nga-universiteti-jonian-i-korfuzit-greqi-mars-07\/#primaryimage\"},\"thumbnailUrl\":\"https:\/\/lh5.googleusercontent.com\/-RwGC-x5bjNI\/VIlH5uIb8yI\/AAAAAAAAGKY\/BemVWcggSmE\/w370-h285-no\/untitled1m.jpg\",\"datePublished\":\"2007-02-26T00:00:00+00:00\",\"dateModified\":\"2020-04-06T20:35:43+00:00\",\"breadcrumb\":{\"@id\":\"https:\/\/orthodoxalbania.org\/2020\/2007\/02\/26\/kryepiskopit-anastas-i-jepet-titulli-honoris-causa-nga-universiteti-jonian-i-korfuzit-greqi-mars-07\/#breadcrumb\"},\"inLanguage\":\"en-US\",\"potentialAction\":[{\"@type\":\"ReadAction\",\"target\":[\"https:\/\/orthodoxalbania.org\/2020\/2007\/02\/26\/kryepiskopit-anastas-i-jepet-titulli-honoris-causa-nga-universiteti-jonian-i-korfuzit-greqi-mars-07\/\"]}]},{\"@type\":\"ImageObject\",\"inLanguage\":\"en-US\",\"@id\":\"https:\/\/orthodoxalbania.org\/2020\/2007\/02\/26\/kryepiskopit-anastas-i-jepet-titulli-honoris-causa-nga-universiteti-jonian-i-korfuzit-greqi-mars-07\/#primaryimage\",\"url\":\"https:\/\/lh5.googleusercontent.com\/-RwGC-x5bjNI\/VIlH5uIb8yI\/AAAAAAAAGKY\/BemVWcggSmE\/w370-h285-no\/untitled1m.jpg\",\"contentUrl\":\"https:\/\/lh5.googleusercontent.com\/-RwGC-x5bjNI\/VIlH5uIb8yI\/AAAAAAAAGKY\/BemVWcggSmE\/w370-h285-no\/untitled1m.jpg\"},{\"@type\":\"BreadcrumbList\",\"@id\":\"https:\/\/orthodoxalbania.org\/2020\/2007\/02\/26\/kryepiskopit-anastas-i-jepet-titulli-honoris-causa-nga-universiteti-jonian-i-korfuzit-greqi-mars-07\/#breadcrumb\",\"itemListElement\":[{\"@type\":\"ListItem\",\"position\":1,\"name\":\"Home\",\"item\":\"https:\/\/orthodoxalbania.org\/2020\/\"},{\"@type\":\"ListItem\",\"position\":2,\"name\":\"Kryepiskopit Anastas i jepet titulli \u201cHonoris Causa\u201d nga Universiteti Jonian i Korfuzit, Greqi. (20 Mars 2007)\"}]},{\"@type\":\"WebSite\",\"@id\":\"https:\/\/orthodoxalbania.org\/2020\/#website\",\"url\":\"https:\/\/orthodoxalbania.org\/2020\/\",\"name\":\"Kisha Orthodh\u03bfkse Autoqefale e Shqip\u00ebris\u00eb\",\"description\":\"Fqja Zyrtare e Kish\u00ebs Orthodhokse Autoqefale e Shqip\u00ebris\u00eb me lajmet edhe informacionet zyrtare p\u00ebr struktur\u00ebn edhe veprimtarin e saj.\",\"publisher\":{\"@id\":\"https:\/\/orthodoxalbania.org\/2020\/#organization\"},\"potentialAction\":[{\"@type\":\"SearchAction\",\"target\":{\"@type\":\"EntryPoint\",\"urlTemplate\":\"https:\/\/orthodoxalbania.org\/2020\/?s={search_term_string}\"},\"query-input\":{\"@type\":\"PropertyValueSpecification\",\"valueRequired\":true,\"valueName\":\"search_term_string\"}}],\"inLanguage\":\"en-US\"},{\"@type\":\"Organization\",\"@id\":\"https:\/\/orthodoxalbania.org\/2020\/#organization\",\"name\":\"Kisha Orthodhokse Autoqefale e Shqip\u00ebris\u00eb\",\"url\":\"https:\/\/orthodoxalbania.org\/2020\/\",\"logo\":{\"@type\":\"ImageObject\",\"inLanguage\":\"en-US\",\"@id\":\"https:\/\/orthodoxalbania.org\/2020\/#\/schema\/logo\/image\/\",\"url\":\"https:\/\/orthodoxalbania.org\/2020\/wp-content\/uploads\/2020\/05\/albania.jpeg\",\"contentUrl\":\"https:\/\/orthodoxalbania.org\/2020\/wp-content\/uploads\/2020\/05\/albania.jpeg\",\"width\":540,\"height\":540,\"caption\":\"Kisha Orthodhokse Autoqefale e Shqip\u00ebris\u00eb\"},\"image\":{\"@id\":\"https:\/\/orthodoxalbania.org\/2020\/#\/schema\/logo\/image\/\"},\"sameAs\":[\"https:\/\/www.facebook.com\/koash1991\"]},{\"@type\":\"Person\",\"@id\":\"https:\/\/orthodoxalbania.org\/2020\/#\/schema\/person\/0c387634a7063ac612d7ed9ce71c7e86\",\"name\":\"Kisha Orthodhokse\",\"image\":{\"@type\":\"ImageObject\",\"inLanguage\":\"en-US\",\"@id\":\"https:\/\/secure.gravatar.com\/avatar\/596e7c417251e30f2fbb9c00e026fce61a695a00e51c889caded71c96cbbdde5?s=96&d=mm&r=g\",\"url\":\"https:\/\/secure.gravatar.com\/avatar\/596e7c417251e30f2fbb9c00e026fce61a695a00e51c889caded71c96cbbdde5?s=96&d=mm&r=g\",\"contentUrl\":\"https:\/\/secure.gravatar.com\/avatar\/596e7c417251e30f2fbb9c00e026fce61a695a00e51c889caded71c96cbbdde5?s=96&d=mm&r=g\",\"caption\":\"Kisha Orthodhokse\"}}]}<\/script>\n<!-- \/ Yoast SEO plugin. -->","yoast_head_json":{"title":"Kryepiskopit Anastas i jepet titulli \u201cHonoris Causa\u201d nga Universiteti Jonian i Korfuzit, Greqi. (20 Mars 2007) - Kisha Orthodh\u03bfkse Autoqefale e Shqip\u00ebris\u00eb","robots":{"index":"index","follow":"follow","max-snippet":"max-snippet:-1","max-image-preview":"max-image-preview:large","max-video-preview":"max-video-preview:-1"},"canonical":"https:\/\/orthodoxalbania.org\/2020\/2007\/02\/26\/kryepiskopit-anastas-i-jepet-titulli-honoris-causa-nga-universiteti-jonian-i-korfuzit-greqi-mars-07\/","og_locale":"en_US","og_type":"article","og_title":"Kryepiskopit Anastas i jepet titulli \u201cHonoris Causa\u201d nga Universiteti Jonian i Korfuzit, Greqi. (20 Mars 2007) - Kisha Orthodh\u03bfkse Autoqefale e Shqip\u00ebris\u00eb","og_description":"&nbsp;&nbsp;&nbsp; Nj\u00eb ceremoni mbres\u00ebl\u00ebn\u00ebse kishin organizuar drejtuesit e Universitetit Jonian n\u00eb Korfuz, Greqi, p\u00ebr t\u2019i dor\u00ebzuar Kryepiskopit t\u00eb Tiran\u00ebs, Durr\u00ebsit dhe t\u00eb gjith\u00eb Shqip\u00ebris\u00eb, Fortlumturis\u00eb s\u00eb Tij Anastasit, titullin Dr. \u201cHonoris Causa\u201d i Departamentit t\u00eb Historis\u00eb t\u00eb k\u00ebtij Universiteti. \u00cbsht\u00eb e 15-ta her\u00eb e nderimit t\u00eb Kryepiskopit Anastas me nj\u00eb titull t\u00eb till\u00eb. &nbsp;&nbsp; M\u00eb 20 mars, Kryepiskopin Anastas kishin dal\u00eb p\u00ebr ta pritur Mitropoliti","og_url":"https:\/\/orthodoxalbania.org\/2020\/2007\/02\/26\/kryepiskopit-anastas-i-jepet-titulli-honoris-causa-nga-universiteti-jonian-i-korfuzit-greqi-mars-07\/","og_site_name":"Kisha Orthodh\u03bfkse Autoqefale e Shqip\u00ebris\u00eb","article_publisher":"https:\/\/www.facebook.com\/koash1991","article_published_time":"2007-02-26T00:00:00+00:00","article_modified_time":"2020-04-06T20:35:43+00:00","og_image":[{"url":"https:\/\/lh5.googleusercontent.com\/-RwGC-x5bjNI\/VIlH5uIb8yI\/AAAAAAAAGKY\/BemVWcggSmE\/w370-h285-no\/untitled1m.jpg","type":"","width":"","height":""}],"author":"Kisha Orthodhokse","twitter_card":"summary_large_image","twitter_misc":{"Written by":"Kisha Orthodhokse","Est. reading time":"5 minutes"},"schema":{"@context":"https:\/\/schema.org","@graph":[{"@type":"Article","@id":"https:\/\/orthodoxalbania.org\/2020\/2007\/02\/26\/kryepiskopit-anastas-i-jepet-titulli-honoris-causa-nga-universiteti-jonian-i-korfuzit-greqi-mars-07\/#article","isPartOf":{"@id":"https:\/\/orthodoxalbania.org\/2020\/2007\/02\/26\/kryepiskopit-anastas-i-jepet-titulli-honoris-causa-nga-universiteti-jonian-i-korfuzit-greqi-mars-07\/"},"author":{"name":"Kisha Orthodhokse","@id":"https:\/\/orthodoxalbania.org\/2020\/#\/schema\/person\/0c387634a7063ac612d7ed9ce71c7e86"},"headline":"Kryepiskopit Anastas i jepet titulli \u201cHonoris Causa\u201d nga Universiteti Jonian i Korfuzit, Greqi. (20 Mars 2007)","datePublished":"2007-02-26T00:00:00+00:00","dateModified":"2020-04-06T20:35:43+00:00","mainEntityOfPage":{"@id":"https:\/\/orthodoxalbania.org\/2020\/2007\/02\/26\/kryepiskopit-anastas-i-jepet-titulli-honoris-causa-nga-universiteti-jonian-i-korfuzit-greqi-mars-07\/"},"wordCount":925,"commentCount":0,"publisher":{"@id":"https:\/\/orthodoxalbania.org\/2020\/#organization"},"image":{"@id":"https:\/\/orthodoxalbania.org\/2020\/2007\/02\/26\/kryepiskopit-anastas-i-jepet-titulli-honoris-causa-nga-universiteti-jonian-i-korfuzit-greqi-mars-07\/#primaryimage"},"thumbnailUrl":"https:\/\/lh5.googleusercontent.com\/-RwGC-x5bjNI\/VIlH5uIb8yI\/AAAAAAAAGKY\/BemVWcggSmE\/w370-h285-no\/untitled1m.jpg","keywords":["2007","Deklarata - Njoftime Zyrtare","Kryepiskopata Tiran\u00eb","Kryepiskopi Anastas","lajme"],"articleSection":["Lajme"],"inLanguage":"en-US"},{"@type":"WebPage","@id":"https:\/\/orthodoxalbania.org\/2020\/2007\/02\/26\/kryepiskopit-anastas-i-jepet-titulli-honoris-causa-nga-universiteti-jonian-i-korfuzit-greqi-mars-07\/","url":"https:\/\/orthodoxalbania.org\/2020\/2007\/02\/26\/kryepiskopit-anastas-i-jepet-titulli-honoris-causa-nga-universiteti-jonian-i-korfuzit-greqi-mars-07\/","name":"Kryepiskopit Anastas i jepet titulli \u201cHonoris Causa\u201d nga Universiteti Jonian i Korfuzit, Greqi. (20 Mars 2007) - Kisha Orthodh\u03bfkse Autoqefale e Shqip\u00ebris\u00eb","isPartOf":{"@id":"https:\/\/orthodoxalbania.org\/2020\/#website"},"primaryImageOfPage":{"@id":"https:\/\/orthodoxalbania.org\/2020\/2007\/02\/26\/kryepiskopit-anastas-i-jepet-titulli-honoris-causa-nga-universiteti-jonian-i-korfuzit-greqi-mars-07\/#primaryimage"},"image":{"@id":"https:\/\/orthodoxalbania.org\/2020\/2007\/02\/26\/kryepiskopit-anastas-i-jepet-titulli-honoris-causa-nga-universiteti-jonian-i-korfuzit-greqi-mars-07\/#primaryimage"},"thumbnailUrl":"https:\/\/lh5.googleusercontent.com\/-RwGC-x5bjNI\/VIlH5uIb8yI\/AAAAAAAAGKY\/BemVWcggSmE\/w370-h285-no\/untitled1m.jpg","datePublished":"2007-02-26T00:00:00+00:00","dateModified":"2020-04-06T20:35:43+00:00","breadcrumb":{"@id":"https:\/\/orthodoxalbania.org\/2020\/2007\/02\/26\/kryepiskopit-anastas-i-jepet-titulli-honoris-causa-nga-universiteti-jonian-i-korfuzit-greqi-mars-07\/#breadcrumb"},"inLanguage":"en-US","potentialAction":[{"@type":"ReadAction","target":["https:\/\/orthodoxalbania.org\/2020\/2007\/02\/26\/kryepiskopit-anastas-i-jepet-titulli-honoris-causa-nga-universiteti-jonian-i-korfuzit-greqi-mars-07\/"]}]},{"@type":"ImageObject","inLanguage":"en-US","@id":"https:\/\/orthodoxalbania.org\/2020\/2007\/02\/26\/kryepiskopit-anastas-i-jepet-titulli-honoris-causa-nga-universiteti-jonian-i-korfuzit-greqi-mars-07\/#primaryimage","url":"https:\/\/lh5.googleusercontent.com\/-RwGC-x5bjNI\/VIlH5uIb8yI\/AAAAAAAAGKY\/BemVWcggSmE\/w370-h285-no\/untitled1m.jpg","contentUrl":"https:\/\/lh5.googleusercontent.com\/-RwGC-x5bjNI\/VIlH5uIb8yI\/AAAAAAAAGKY\/BemVWcggSmE\/w370-h285-no\/untitled1m.jpg"},{"@type":"BreadcrumbList","@id":"https:\/\/orthodoxalbania.org\/2020\/2007\/02\/26\/kryepiskopit-anastas-i-jepet-titulli-honoris-causa-nga-universiteti-jonian-i-korfuzit-greqi-mars-07\/#breadcrumb","itemListElement":[{"@type":"ListItem","position":1,"name":"Home","item":"https:\/\/orthodoxalbania.org\/2020\/"},{"@type":"ListItem","position":2,"name":"Kryepiskopit Anastas i jepet titulli \u201cHonoris Causa\u201d nga Universiteti Jonian i Korfuzit, Greqi. (20 Mars 2007)"}]},{"@type":"WebSite","@id":"https:\/\/orthodoxalbania.org\/2020\/#website","url":"https:\/\/orthodoxalbania.org\/2020\/","name":"Kisha Orthodh\u03bfkse Autoqefale e Shqip\u00ebris\u00eb","description":"Fqja Zyrtare e Kish\u00ebs Orthodhokse Autoqefale e Shqip\u00ebris\u00eb me lajmet edhe informacionet zyrtare p\u00ebr struktur\u00ebn edhe veprimtarin e saj.","publisher":{"@id":"https:\/\/orthodoxalbania.org\/2020\/#organization"},"potentialAction":[{"@type":"SearchAction","target":{"@type":"EntryPoint","urlTemplate":"https:\/\/orthodoxalbania.org\/2020\/?s={search_term_string}"},"query-input":{"@type":"PropertyValueSpecification","valueRequired":true,"valueName":"search_term_string"}}],"inLanguage":"en-US"},{"@type":"Organization","@id":"https:\/\/orthodoxalbania.org\/2020\/#organization","name":"Kisha Orthodhokse Autoqefale e Shqip\u00ebris\u00eb","url":"https:\/\/orthodoxalbania.org\/2020\/","logo":{"@type":"ImageObject","inLanguage":"en-US","@id":"https:\/\/orthodoxalbania.org\/2020\/#\/schema\/logo\/image\/","url":"https:\/\/orthodoxalbania.org\/2020\/wp-content\/uploads\/2020\/05\/albania.jpeg","contentUrl":"https:\/\/orthodoxalbania.org\/2020\/wp-content\/uploads\/2020\/05\/albania.jpeg","width":540,"height":540,"caption":"Kisha Orthodhokse Autoqefale e Shqip\u00ebris\u00eb"},"image":{"@id":"https:\/\/orthodoxalbania.org\/2020\/#\/schema\/logo\/image\/"},"sameAs":["https:\/\/www.facebook.com\/koash1991"]},{"@type":"Person","@id":"https:\/\/orthodoxalbania.org\/2020\/#\/schema\/person\/0c387634a7063ac612d7ed9ce71c7e86","name":"Kisha Orthodhokse","image":{"@type":"ImageObject","inLanguage":"en-US","@id":"https:\/\/secure.gravatar.com\/avatar\/596e7c417251e30f2fbb9c00e026fce61a695a00e51c889caded71c96cbbdde5?s=96&d=mm&r=g","url":"https:\/\/secure.gravatar.com\/avatar\/596e7c417251e30f2fbb9c00e026fce61a695a00e51c889caded71c96cbbdde5?s=96&d=mm&r=g","contentUrl":"https:\/\/secure.gravatar.com\/avatar\/596e7c417251e30f2fbb9c00e026fce61a695a00e51c889caded71c96cbbdde5?s=96&d=mm&r=g","caption":"Kisha Orthodhokse"}}]}},"_links":{"self":[{"href":"https:\/\/orthodoxalbania.org\/2020\/wp-json\/wp\/v2\/posts\/894","targetHints":{"allow":["GET"]}}],"collection":[{"href":"https:\/\/orthodoxalbania.org\/2020\/wp-json\/wp\/v2\/posts"}],"about":[{"href":"https:\/\/orthodoxalbania.org\/2020\/wp-json\/wp\/v2\/types\/post"}],"author":[{"embeddable":true,"href":"https:\/\/orthodoxalbania.org\/2020\/wp-json\/wp\/v2\/users\/1"}],"replies":[{"embeddable":true,"href":"https:\/\/orthodoxalbania.org\/2020\/wp-json\/wp\/v2\/comments?post=894"}],"version-history":[{"count":1,"href":"https:\/\/orthodoxalbania.org\/2020\/wp-json\/wp\/v2\/posts\/894\/revisions"}],"predecessor-version":[{"id":15747,"href":"https:\/\/orthodoxalbania.org\/2020\/wp-json\/wp\/v2\/posts\/894\/revisions\/15747"}],"wp:attachment":[{"href":"https:\/\/orthodoxalbania.org\/2020\/wp-json\/wp\/v2\/media?parent=894"}],"wp:term":[{"taxonomy":"category","embeddable":true,"href":"https:\/\/orthodoxalbania.org\/2020\/wp-json\/wp\/v2\/categories?post=894"},{"taxonomy":"post_tag","embeddable":true,"href":"https:\/\/orthodoxalbania.org\/2020\/wp-json\/wp\/v2\/tags?post=894"}],"curies":[{"name":"wp","href":"https:\/\/api.w.org\/{rel}","templated":true}]}}