{"id":893,"date":"2005-02-14T10:09:32","date_gmt":"2005-02-14T10:09:32","guid":{"rendered":""},"modified":"2020-04-06T22:41:54","modified_gmt":"2020-04-06T20:41:54","slug":"kryepiskopi-qytetar-nderi-i-tiranes-dhjetor-05","status":"publish","type":"post","link":"https:\/\/orthodoxalbania.org\/2020\/2005\/02\/14\/kryepiskopi-qytetar-nderi-i-tiranes-dhjetor-05\/","title":{"rendered":"Kryepiskopi Qytetar Nderi i Tiran\u00ebs. (23 Dhjetor 2005)"},"content":{"rendered":"<p style=\"text-align: justify;\"><span style=\"color: #000000;\"><span style=\"font-family: tahoma,geneva,sans-serif;\"><span style=\"font-size: 12px;\"><img decoding=\"async\" class=\"lazyload HAa Eha\" style=\"border-width: 1px; border-style: solid; margin: 10px; float: left;\" alt=\"\" src=\"data:image\/svg+xml,%3Csvg%20xmlns%3D%27http%3A%2F%2Fwww.w3.org%2F2000%2Fsvg%27%20width%3D%27341%27%20height%3D%27202%27%20viewBox%3D%270%200%20341%20202%27%3E%3Crect%20width%3D%27341%27%20height%3D%27202%27%20fill-opacity%3D%220%22%2F%3E%3C%2Fsvg%3E\" data-orig-src=\"https:\/\/lh5.googleusercontent.com\/-HoqcT46yGHU\/VIa9b5YEV-I\/AAAAAAAAFLk\/XJCytk8Yieg\/w350-h233-no\/pic1.jpg\" height=\"202\" width=\"341\" \/>&nbsp; T\u00eb premten paradite, m\u00eb dat\u00eb 23 dhjetor 2005 n\u00eb hotel \u201cSheraton\u201d n\u00eb kryeqytet, Bashkia e Tiran\u00ebs organizoi ceremonin\u00eb e dh\u00ebnies s\u00eb titullit \u201cQytetar Nderi i Tiran\u00ebs\u201d, krer\u00ebve t\u00eb komuniteteve fetare n\u00eb Shqip\u00ebri, me sh\u00ebnimin: \u201cKrer\u00ebve fetar\u00eb n\u00eb Shqip\u00ebri p\u00ebr kontributin e tyre t\u00eb jasht\u00ebzakonsh\u00ebm p\u00ebr harmonin\u00eb nd\u00ebrfetare, rikthimin e besimit n\u00eb mbar\u00eb vendin si dhe p\u00ebr kap\u00ebrcimin me urt\u00ebsi t\u00eb situatave t\u00eb v\u00ebshtira politike\u201d.<\/p>\n<p> 1) Ish-kryetari i Komunitetit Musliman n\u00eb Shqip\u00ebri, Haxhi Hafiz SabriKo\u00e7i (pas vdekjes).<br \/> 2) Kryepiskopi i Tiran\u00ebs, Durr\u00ebsit dhe i gjith\u00eb Shqip\u00ebris\u00eb, Prof. DrAnastasi<br \/> 3) Monsinjor Rrok Mirdita, Arqipeshkv i Mitropolitis\u00eb s\u00eb Tiran\u00ebs dheDurr\u00ebsit<br \/> 4) Baba Reshat Bardhi, Kryetar i Komunitetit Bektashi<\/span><\/span><\/span><\/p>\n<p style=\"text-align: justify;\"><span style=\"color: #000000;\"><span style=\"font-family: tahoma,geneva,sans-serif;\"><span style=\"font-size: 12px;\">&nbsp;&nbsp; Kjo ceremoni u kryesua nga Kryetari i Bashkis\u00eb s\u00eb Tiran\u00ebs, z. Edi&nbsp;Rama. N\u00eb fjal\u00ebn e tij, kryetari Rama nd\u00ebr t\u00eb tjera tha: \u201c\u2026 P\u00ebrfaq\u00ebsuesit e klerit shqiptar jan\u00eb njer\u00ebz q\u00eb meritojn\u00eb jo thjesht dhe vet\u00ebm nderimin e kryeqytetasve p\u00ebr \u00e7ka b\u00ebjn\u00eb n\u00eb suaz\u00ebn e besimit q\u00eb ata p\u00ebrfaq\u00ebsojn\u00eb. Ata meritojn\u00eb nderimin e kryeqytetasve n\u00eb radh\u00eb t\u00eb par\u00eb p\u00ebr sakrificat dhe durimin e pashoq p\u00ebrmes t\u00eb cil\u00ebve ata mund\u00ebn t\u00eb ngren\u00eb tempujt e besimit n\u00eb shkret\u00ebtir\u00ebn morale t\u00eb fillimviteve 90-t\u00eb. Un\u00eb besoj q\u00eb q\u00ebndrimi i k\u00ebtyre qytetar\u00ebve m\u00eb t\u00eb rinj t\u00eb nderit t\u00eb Tiran\u00ebs, \u00ebsht\u00eb nj\u00eb q\u00ebndrim q\u00eb i kap\u00ebrcen kufijt\u00eb e \u00e7do komuniteti fetar dhe \u00e7do vathe besimtar\u00ebsh, \u00ebsht\u00eb nj\u00eb q\u00ebndrim q\u00eb reflekton dashuri dhe toleranc\u00eb edhe tek qytetar\u00ebt laik\u00eb, t\u00eb cil\u00ebt fal\u00eb k\u00ebsaj bashk\u00ebjetese dhe k\u00ebsaj paqeje t\u00eb garantuar brenda dhe nd\u00ebrmjet komuniteteve fetare ndjehen jo vet\u00ebm t\u00eb pak\u00ebrc\u00ebnuar nga ato simptoma destabiliteti q\u00eb gjenden r\u00ebndom n\u00eb bot\u00ebn e sotme, n\u00eb ato vende ku besime t\u00eb ndryshme p\u00ebrplasen me nj\u00ebra-tjetr\u00ebn p\u00ebr shkak devijacionesh, por mbi t\u00eb gjitha gjenden t\u00eb rrethuar nga dashuria dhe paqja q\u00eb p\u00ebr\u00e7ojn\u00eb fjal\u00ebt e k\u00ebtyre kat\u00ebr figurave\u201d.<\/span><\/span><\/span><\/p>\n<p style=\"text-align: justify;\"><span style=\"color: #000000;\"><span style=\"font-family: tahoma,geneva,sans-serif;\"><span style=\"font-size: 12px;\"><img decoding=\"async\" class=\"lazyload HAa Eha\" style=\"border-width: 1px; border-style: solid; margin: 10px; float: right;\" alt=\"\" src=\"data:image\/svg+xml,%3Csvg%20xmlns%3D%27http%3A%2F%2Fwww.w3.org%2F2000%2Fsvg%27%20width%3D%27245%27%20height%3D%27163%27%20viewBox%3D%270%200%20245%20163%27%3E%3Crect%20width%3D%27245%27%20height%3D%27163%27%20fill-opacity%3D%220%22%2F%3E%3C%2Fsvg%3E\" data-orig-src=\"https:\/\/lh5.googleusercontent.com\/-gO9bSOF_mIs\/VIa9cARTdRI\/AAAAAAAAFL0\/DGaJVnQ8TWY\/w350-h233-no\/ne%2Btekst%2Bpas%2B%2Bemrave%2Bte%2Budheqeheqesve%2Bfetare%2B-.jpg\" height=\"163\" width=\"245\" \/>&nbsp;&nbsp; Kryetari i Bashkis\u00eb Rama, pasi sqaroi se biografia e k\u00ebtyre njer\u00ebzve n\u00eb asnj\u00eb rast tjet\u00ebr nuk u lexohet, pasi ajo \u00e7ka ata b\u00ebjn\u00eb n\u00eb t\u00eb p\u00ebrditshmen \u00ebsht\u00eb e vetmja gj\u00eb q\u00eb \u00ebsht\u00eb e r\u00ebnd\u00ebsishme p\u00ebr ta dhe ajo q\u00eb ka t\u00eb b\u00ebj\u00eb me t\u00eb kaluar\u00ebn mbetet di\u00e7ka thjesht vet\u00ebm e shkruar t\u00eb cil\u00ebn nuk mund&nbsp; t\u00eb presim t\u00eb na i thon\u00eb k\u00ebta njer\u00ebz q\u00eb jan\u00eb madh\u00ebshtor\u00eb, p\u00ebr faktin se karakterizohen n\u00eb radh\u00eb t\u00eb par\u00eb nga ajo modesti intelektuale dhe shpirt\u00ebrore aq shum\u00eb e munguar n\u00eb qytetin ton\u00eb, lexoi p\u00ebrpara t\u00eb pranishm\u00ebve biografin\u00eb e kat\u00ebr krer\u00ebve t\u00eb komuniteteve fetare n\u00eb Shqip\u00ebri, t\u00eb cil\u00ebt mor\u00ebn titullin \u201cQytetar Nderi i Tiran\u00ebs\u201d.<\/span><\/span><\/span><\/p>\n<p style=\"text-align: justify;\"><span style=\"color: #000000;\"><span style=\"font-family: tahoma,geneva,sans-serif;\"><span style=\"font-size: 12px;\">&nbsp;&nbsp; Gjat\u00eb paraqitjes s\u00eb biografis\u00eb s\u00eb Fortlumturis\u00eb s\u00eb Tij, Kryepiskopit Anastas, Kryetari i Bashkis\u00eb Rama tha nd\u00ebr t\u00eb tjera: \u201cN\u00eb biografin\u00eb e shkruar q\u00eb mua ma kan\u00eb sjell\u00eb, kan\u00eb harruar t\u00eb thon\u00eb se ai zot\u00ebron mir\u00eb, madje mjaft mir\u00eb edhe gjuh\u00ebn shqipe. Dhe kjo t\u00eb them t\u00eb v\u00ebrtet\u00ebn \u00ebsht\u00eb nj\u00eb harres\u00eb q\u00eb mua m\u00eb p\u00eblqen. P\u00ebr t\u00eb \u00ebsht\u00eb shkruar k\u00ebtu si t\u00eb ishte nj\u00eb shqiptar q\u00eb zot\u00ebron dhe greqishten. Si kryetar i komunitetit orthodhoks, ai ka dh\u00ebn\u00eb vlera t\u00eb jasht\u00ebzakonshme p\u00ebr rip\u00ebrt\u00ebritjen e komunitetit orthodhoks, p\u00ebr nd\u00ebrtimin e objektit t\u00eb kultit, edhe ato t\u00eb rr\u00ebnuara dhe t\u00eb d\u00ebmtuara gjat\u00eb periudh\u00ebs s\u00eb brutalitetit komunist, si dhe p\u00ebr rikthimin e besimit n\u00eb mbar\u00eb vendin. Komuniteti orthodhoks ashtu si edhe komunitetet e tjera fetare n\u00eb Shqip\u00ebri kan\u00eb ndihmuar p\u00ebr zbutjen e traumave n\u00eb vitin 1997 dhe p\u00ebr qet\u00ebsimin e shpirtrave t\u00eb trazuar, t\u00eb t\u00eb p\u00ebrz\u00ebn\u00ebve nga dhuna e Miloshevi\u00e7it n\u00eb vitin 1999 dhe kontributi i Kryepiskopit t\u00eb Tiran\u00ebs, Durr\u00ebsit dhe gjith\u00eb Shqip\u00ebris\u00eb \u00ebsht\u00eb nj\u00eb kontribut q\u00eb shtrihet edhe p\u00ebrtej k\u00ebtyre q\u00eb thash\u00eb, p\u00ebrmes shum\u00eb e shum\u00eb konferencave e seminareve, p\u00ebr t\u00eb b\u00ebr\u00eb t\u00eb njohura besimet fetare n\u00eb Shqip\u00ebri n\u00eb plot auditor\u00eb universitetesh dhe auditor\u00ebsh t\u00eb bot\u00ebs, gj\u00eb q\u00eb rithekson edhe nj\u00ebher\u00eb q\u00eb harmonia nd\u00ebrfetare dhe njohja e respekteve reciproke mes besimeve n\u00eb qytetin ton\u00eb \u00ebsht\u00eb n\u00eb radh\u00eb t\u00eb par\u00eb nj\u00eb vet\u00ebdije e rr\u00ebnjosur thell\u00eb n\u00eb zemrat dhe mendjet e k\u00ebtyre kat\u00ebr burrave\u2026\u201d.<\/span><\/span><\/span><\/p>\n<p style=\"text-align: justify;\"><span style=\"color: #000000;\"><span style=\"font-family: tahoma,geneva,sans-serif;\"><span style=\"font-size: 12px;\"><img decoding=\"async\" class=\"lazyload HAa Eha\" style=\"border-width: 1px; border-style: solid; margin: 10px; float: left;\" alt=\"\" src=\"data:image\/svg+xml,%3Csvg%20xmlns%3D%27http%3A%2F%2Fwww.w3.org%2F2000%2Fsvg%27%20width%3D%27150%27%20height%3D%27232%27%20viewBox%3D%270%200%20150%20232%27%3E%3Crect%20width%3D%27150%27%20height%3D%27232%27%20fill-opacity%3D%220%22%2F%3E%3C%2Fsvg%3E\" data-orig-src=\"https:\/\/lh4.googleusercontent.com\/-kbIj2H20rzY\/VIa9cCKmPsI\/AAAAAAAAFLo\/wMOIDuZ3fpQ\/w226-h350-no\/pic2.jpg\" height=\"232\" width=\"150\" \/>&nbsp;&nbsp;&nbsp; M\u00eb pas Kryetari i Bashkis\u00eb s\u00eb Tiran\u00ebs z. Edi Rama iu dor\u00ebzoi simbolet kat\u00ebr kryetar\u00ebve t\u00eb komuniteteve fetare. N\u00eb momentin e marrjes s\u00eb simbolit \u201cQytetar<img decoding=\"async\" class=\"lazyload HAa Eha\" style=\"border-width: 1px; border-style: solid; margin: 10px; float: right;\" alt=\"\" src=\"data:image\/gif;base64,R0lGODlhAQABAAAAACH5BAEKAAEALAAAAAABAAEAAAICTAEAOw==\" data-orig-src=\"https:\/\/lh5.googleusercontent.com\/-m_Ls3TY_zN8\/VIa9ciN3nsI\/AAAAAAAAFLs\/fA2xJqE0MuQ\/w236-h238-no\/pic3.jpg\" \/> Nderi i Tiran\u00ebs: Kryepiskopi Anastas tha: \u201cI nderuar zoti Kryetar i Bashkis\u00eb dhe Kryetar i Partis\u00eb Socialiste, zoti Edi Rama dhe t\u00eb nderuar t\u00eb pranish\u00ebm. Me gjith\u00eb zem\u00ebr do t\u00eb d\u00ebshiroja t\u00eb shprehja fal\u00ebnderimet e mia t\u00eb sinqerta ndaj jush dhe an\u00ebtar\u00ebve t\u00eb nderuar t\u00eb K\u00ebshillit Bashkiak p\u00ebr vendimin tuaj fisnik, duke m\u00eb dh\u00ebn\u00eb titullin, \u201cQytetar Nderi i Tiran\u00ebs\u201d. Pohoj se ndihem qytetar i Tiran\u00ebs q\u00eb nga viti 1991 kur p\u00ebr her\u00eb t\u00eb par\u00eb erdha n\u00eb k\u00ebt\u00eb qytet. Jam duke q\u00ebndruar k\u00ebtu gjat\u00eb k\u00ebtyre 15 vjet\u00ebve t\u00eb fundit dhe deklaroj se: Jam nj\u00eb tiranas i vog\u00ebl pes\u00ebmb\u00ebdhjet\u00eb vje\u00e7ar. Gjith\u00eb k\u00ebto vite q\u00eb kam jetuar k\u00ebtu kam marr\u00eb pjes\u00eb n\u00eb v\u00ebshtir\u00ebsit\u00eb, problemet, shpresat e njer\u00ebzve, vuajtjet dhe g\u00ebzimet e tyre. Dhe s\u00eb bashku me drejtuesit e tjer\u00eb t\u00eb dashur fetar\u00eb jemi p\u00ebrpjekur t\u00eb kontribuojm\u00eb n\u00eb harmonin\u00eb fetare, n\u00eb bashkekzistenc\u00ebn paq\u00ebsore p\u00ebr zhvillimin e jet\u00ebs s\u00eb qytetit, duke ndar\u00eb fjal\u00ebn dhe dashurin\u00eb e Per\u00ebndis\u00eb n\u00ebp\u00ebrmjet iniciativave n\u00eb sektor\u00ebt e sh\u00ebndetit, edukimit, sh\u00ebrbimeve sociale etj. Duke shprehur p\u00ebrg\u00ebzimet e mia t\u00eb sinqerta ndaj Bashkiakut ton\u00eb t\u00eb aft\u00eb dhe bashk\u00ebpun\u00ebtor\u00ebve t\u00eb tij t\u00eb shk\u00eblqyer, p\u00ebr arritjet e tyre t\u00eb mrekullueshme n\u00eb k\u00ebto vitet e fundit, uroj nga thell\u00ebsia e zemr\u00ebs sime, sh\u00ebndet, fuqi, vizion dhe durim n\u00eb p\u00ebrmbushje t\u00eb planeve t\u00eb tyre ndaj qytetit ton\u00eb t\u00eb dashur. Per\u00ebndia le t\u00eb na ndihmoj\u00eb t\u00eb gjith\u00eb ne p\u00ebr t\u00eb vazhduar me iniciativa krijuese p\u00ebrpjekjet tona, q\u00eb ta b\u00ebjm\u00eb Tiran\u00ebn nj\u00eb qytet t\u00eb bukur, ku t\u00eb sundoj\u00eb harmonia nd\u00ebrfetare, krijimtaria, p\u00ebrparimi, solidariteti, dashuria dhe shpresa. Edhe nj\u00eb her\u00eb fal\u00ebnderime t\u00eb ngrohta nga nj\u00eb Tiranas pes\u00ebmb\u00ebdhjet\u00eb vje\u00e7ar.\u201d<\/span><\/span><\/span><\/p>\n<p style=\"text-align: justify;\"><span style=\"color: #000000;\"><span style=\"font-family: tahoma,geneva,sans-serif;\"><span style=\"font-size: 12px;\">&nbsp;&nbsp;&nbsp;&nbsp; N\u00eb ceremoni merrnin pjes\u00eb poeti dhe shkrimtari Drit\u00ebro Agolli, si \u201cQytetar Nderi i vjet\u00ebr i Tiran\u00ebs\u201d,&nbsp; kryetari i Komitetit t\u00eb Kulteve, k\u00ebshilltari i Presidentit, p\u00ebrfaq\u00ebsues nga K\u00ebshilli Bashkiak, rektori i Universitetit t\u00eb Tiran\u00ebs, p\u00ebrfaq\u00ebsues t\u00eb trupit diplomatik t\u00eb akredituar n\u00eb Shqip\u00ebri, klerik\u00eb dhe laik\u00eb p\u00ebrfaq\u00ebsues t\u00eb kat\u00ebr komuniteteve fetare n\u00eb Shqip\u00ebri, p\u00ebrfaq\u00ebsues t\u00eb medias, etj.<\/span><\/span><\/span><\/p>\n<p style=\"text-align: justify;\">&nbsp;<\/p>\n<p style=\"text-align: justify;\"><span style=\"color: #000000;\"><span style=\"font-family: tahoma,geneva,sans-serif;\"><span style=\"font-size: 12px;\">&nbsp;Julia Pjetri<br \/> Korrespodent i Radios \u201cNgjallja\u201d<\/span><\/span><\/span><\/p>\n<p style=\"text-align: justify;\"><span style=\"color: #000000;\"><span style=\"font-family: tahoma,geneva,sans-serif;\"><span style=\"font-size: 12px;\">&nbsp;&nbsp;&nbsp;&nbsp;&nbsp;&nbsp;&nbsp;&nbsp;&nbsp;&nbsp;&nbsp;&nbsp;&nbsp;&nbsp;&nbsp;&nbsp;&nbsp;&nbsp;&nbsp;&nbsp;&nbsp;&nbsp;&nbsp;&nbsp;&nbsp;&nbsp;&nbsp;&nbsp;&nbsp;&nbsp;&nbsp;&nbsp;&nbsp;&nbsp;&nbsp;&nbsp;&nbsp;&nbsp;&nbsp;&nbsp;&nbsp;&nbsp;&nbsp;&nbsp;&nbsp;&nbsp;&nbsp;&nbsp;&nbsp;&nbsp;&nbsp;&nbsp;&nbsp;&nbsp;&nbsp;&nbsp;&nbsp;&nbsp;&nbsp;&nbsp;&nbsp; <\/span><\/span><\/span><\/p>\n","protected":false},"excerpt":{"rendered":"<p>&nbsp; T\u00eb premten paradite, m\u00eb dat\u00eb 23 dhjetor 2005 n\u00eb hotel \u201cSheraton\u201d n\u00eb kryeqytet, Bashkia e Tiran\u00ebs organizoi ceremonin\u00eb e dh\u00ebnies s\u00eb titullit \u201cQytetar Nderi i Tiran\u00ebs\u201d, krer\u00ebve t\u00eb komuniteteve fetare n\u00eb Shqip\u00ebri, me sh\u00ebnimin: \u201cKrer\u00ebve fetar\u00eb n\u00eb Shqip\u00ebri p\u00ebr kontributin e tyre t\u00eb jasht\u00ebzakonsh\u00ebm p\u00ebr harmonin\u00eb nd\u00ebrfetare, rikthimin e besimit n\u00eb mbar\u00eb vendin si dhe p\u00ebr kap\u00ebrcimin me urt\u00ebsi t\u00eb situatave t\u00eb v\u00ebshtira politike\u201d.<\/p>\n","protected":false},"author":1,"featured_media":0,"comment_status":"open","ping_status":"open","sticky":false,"template":"","format":"standard","meta":{"_acf_changed":false,"pagelayer_contact_templates":[],"_pagelayer_content":"","inline_featured_image":false,"fifu_image_url":"","fifu_image_alt":"","footnotes":""},"categories":[108],"tags":[149,153,196,201,212],"class_list":["post-893","post","type-post","status-publish","format-standard","hentry","category-lajme","tag-149","tag-deklarata-njoftime-zyrtare-d75","tag-tirane","tag-kryepiskopi-anastas","tag-lajme-d27"],"acf":[],"yoast_head":"<!-- This site is optimized with the Yoast SEO plugin v27.2 - https:\/\/yoast.com\/product\/yoast-seo-wordpress\/ -->\n<title>Kryepiskopi Qytetar Nderi i Tiran\u00ebs. (23 Dhjetor 2005) - Kisha Orthodh\u03bfkse Autoqefale e Shqip\u00ebris\u00eb<\/title>\n<meta name=\"robots\" content=\"index, follow, max-snippet:-1, max-image-preview:large, max-video-preview:-1\" \/>\n<link rel=\"canonical\" href=\"https:\/\/orthodoxalbania.org\/2020\/2005\/02\/14\/kryepiskopi-qytetar-nderi-i-tiranes-dhjetor-05\/\" \/>\n<meta property=\"og:locale\" content=\"en_US\" \/>\n<meta property=\"og:type\" content=\"article\" \/>\n<meta property=\"og:title\" content=\"Kryepiskopi Qytetar Nderi i Tiran\u00ebs. (23 Dhjetor 2005) - Kisha Orthodh\u03bfkse Autoqefale e Shqip\u00ebris\u00eb\" \/>\n<meta property=\"og:description\" content=\"&nbsp; T\u00eb premten paradite, m\u00eb dat\u00eb 23 dhjetor 2005 n\u00eb hotel \u201cSheraton\u201d n\u00eb kryeqytet, Bashkia e Tiran\u00ebs organizoi ceremonin\u00eb e dh\u00ebnies s\u00eb titullit \u201cQytetar Nderi i Tiran\u00ebs\u201d, krer\u00ebve t\u00eb komuniteteve fetare n\u00eb Shqip\u00ebri, me sh\u00ebnimin: \u201cKrer\u00ebve fetar\u00eb n\u00eb Shqip\u00ebri p\u00ebr kontributin e tyre t\u00eb jasht\u00ebzakonsh\u00ebm p\u00ebr harmonin\u00eb nd\u00ebrfetare, rikthimin e besimit n\u00eb mbar\u00eb vendin si dhe p\u00ebr kap\u00ebrcimin me urt\u00ebsi t\u00eb situatave t\u00eb v\u00ebshtira politike\u201d.\" \/>\n<meta property=\"og:url\" content=\"https:\/\/orthodoxalbania.org\/2020\/2005\/02\/14\/kryepiskopi-qytetar-nderi-i-tiranes-dhjetor-05\/\" \/>\n<meta property=\"og:site_name\" content=\"Kisha Orthodh\u03bfkse Autoqefale e Shqip\u00ebris\u00eb\" \/>\n<meta property=\"article:publisher\" content=\"https:\/\/www.facebook.com\/koash1991\" \/>\n<meta property=\"article:published_time\" content=\"2005-02-14T10:09:32+00:00\" \/>\n<meta property=\"article:modified_time\" content=\"2020-04-06T20:41:54+00:00\" \/>\n<meta property=\"og:image\" content=\"https:\/\/lh5.googleusercontent.com\/-HoqcT46yGHU\/VIa9b5YEV-I\/AAAAAAAAFLk\/XJCytk8Yieg\/w350-h233-no\/pic1.jpg\" \/>\n<meta name=\"author\" content=\"Kisha Orthodhokse\" \/>\n<meta name=\"twitter:card\" content=\"summary_large_image\" \/>\n<meta name=\"twitter:label1\" content=\"Written by\" \/>\n\t<meta name=\"twitter:data1\" content=\"Kisha Orthodhokse\" \/>\n\t<meta name=\"twitter:label2\" content=\"Est. reading time\" \/>\n\t<meta name=\"twitter:data2\" content=\"6 minutes\" \/>\n<script type=\"application\/ld+json\" class=\"yoast-schema-graph\">{\"@context\":\"https:\/\/schema.org\",\"@graph\":[{\"@type\":\"Article\",\"@id\":\"https:\/\/orthodoxalbania.org\/2020\/2005\/02\/14\/kryepiskopi-qytetar-nderi-i-tiranes-dhjetor-05\/#article\",\"isPartOf\":{\"@id\":\"https:\/\/orthodoxalbania.org\/2020\/2005\/02\/14\/kryepiskopi-qytetar-nderi-i-tiranes-dhjetor-05\/\"},\"author\":{\"name\":\"Kisha Orthodhokse\",\"@id\":\"https:\/\/orthodoxalbania.org\/2020\/#\/schema\/person\/0c387634a7063ac612d7ed9ce71c7e86\"},\"headline\":\"Kryepiskopi Qytetar Nderi i Tiran\u00ebs. (23 Dhjetor 2005)\",\"datePublished\":\"2005-02-14T10:09:32+00:00\",\"dateModified\":\"2020-04-06T20:41:54+00:00\",\"mainEntityOfPage\":{\"@id\":\"https:\/\/orthodoxalbania.org\/2020\/2005\/02\/14\/kryepiskopi-qytetar-nderi-i-tiranes-dhjetor-05\/\"},\"wordCount\":1270,\"commentCount\":0,\"publisher\":{\"@id\":\"https:\/\/orthodoxalbania.org\/2020\/#organization\"},\"image\":{\"@id\":\"https:\/\/orthodoxalbania.org\/2020\/2005\/02\/14\/kryepiskopi-qytetar-nderi-i-tiranes-dhjetor-05\/#primaryimage\"},\"thumbnailUrl\":\"https:\/\/lh5.googleusercontent.com\/-HoqcT46yGHU\/VIa9b5YEV-I\/AAAAAAAAFLk\/XJCytk8Yieg\/w350-h233-no\/pic1.jpg\",\"keywords\":[\"2005\",\"Deklarata - Njoftime Zyrtare\",\"Kryepiskopata Tiran\u00eb\",\"Kryepiskopi Anastas\",\"lajme\"],\"articleSection\":[\"Lajme\"],\"inLanguage\":\"en-US\"},{\"@type\":\"WebPage\",\"@id\":\"https:\/\/orthodoxalbania.org\/2020\/2005\/02\/14\/kryepiskopi-qytetar-nderi-i-tiranes-dhjetor-05\/\",\"url\":\"https:\/\/orthodoxalbania.org\/2020\/2005\/02\/14\/kryepiskopi-qytetar-nderi-i-tiranes-dhjetor-05\/\",\"name\":\"Kryepiskopi Qytetar Nderi i Tiran\u00ebs. (23 Dhjetor 2005) - Kisha Orthodh\u03bfkse Autoqefale e Shqip\u00ebris\u00eb\",\"isPartOf\":{\"@id\":\"https:\/\/orthodoxalbania.org\/2020\/#website\"},\"primaryImageOfPage\":{\"@id\":\"https:\/\/orthodoxalbania.org\/2020\/2005\/02\/14\/kryepiskopi-qytetar-nderi-i-tiranes-dhjetor-05\/#primaryimage\"},\"image\":{\"@id\":\"https:\/\/orthodoxalbania.org\/2020\/2005\/02\/14\/kryepiskopi-qytetar-nderi-i-tiranes-dhjetor-05\/#primaryimage\"},\"thumbnailUrl\":\"https:\/\/lh5.googleusercontent.com\/-HoqcT46yGHU\/VIa9b5YEV-I\/AAAAAAAAFLk\/XJCytk8Yieg\/w350-h233-no\/pic1.jpg\",\"datePublished\":\"2005-02-14T10:09:32+00:00\",\"dateModified\":\"2020-04-06T20:41:54+00:00\",\"breadcrumb\":{\"@id\":\"https:\/\/orthodoxalbania.org\/2020\/2005\/02\/14\/kryepiskopi-qytetar-nderi-i-tiranes-dhjetor-05\/#breadcrumb\"},\"inLanguage\":\"en-US\",\"potentialAction\":[{\"@type\":\"ReadAction\",\"target\":[\"https:\/\/orthodoxalbania.org\/2020\/2005\/02\/14\/kryepiskopi-qytetar-nderi-i-tiranes-dhjetor-05\/\"]}]},{\"@type\":\"ImageObject\",\"inLanguage\":\"en-US\",\"@id\":\"https:\/\/orthodoxalbania.org\/2020\/2005\/02\/14\/kryepiskopi-qytetar-nderi-i-tiranes-dhjetor-05\/#primaryimage\",\"url\":\"https:\/\/lh5.googleusercontent.com\/-HoqcT46yGHU\/VIa9b5YEV-I\/AAAAAAAAFLk\/XJCytk8Yieg\/w350-h233-no\/pic1.jpg\",\"contentUrl\":\"https:\/\/lh5.googleusercontent.com\/-HoqcT46yGHU\/VIa9b5YEV-I\/AAAAAAAAFLk\/XJCytk8Yieg\/w350-h233-no\/pic1.jpg\"},{\"@type\":\"BreadcrumbList\",\"@id\":\"https:\/\/orthodoxalbania.org\/2020\/2005\/02\/14\/kryepiskopi-qytetar-nderi-i-tiranes-dhjetor-05\/#breadcrumb\",\"itemListElement\":[{\"@type\":\"ListItem\",\"position\":1,\"name\":\"Home\",\"item\":\"https:\/\/orthodoxalbania.org\/2020\/\"},{\"@type\":\"ListItem\",\"position\":2,\"name\":\"Kryepiskopi Qytetar Nderi i Tiran\u00ebs. (23 Dhjetor 2005)\"}]},{\"@type\":\"WebSite\",\"@id\":\"https:\/\/orthodoxalbania.org\/2020\/#website\",\"url\":\"https:\/\/orthodoxalbania.org\/2020\/\",\"name\":\"Kisha Orthodh\u03bfkse Autoqefale e Shqip\u00ebris\u00eb\",\"description\":\"Fqja Zyrtare e Kish\u00ebs Orthodhokse Autoqefale e Shqip\u00ebris\u00eb me lajmet edhe informacionet zyrtare p\u00ebr struktur\u00ebn edhe veprimtarin e saj.\",\"publisher\":{\"@id\":\"https:\/\/orthodoxalbania.org\/2020\/#organization\"},\"potentialAction\":[{\"@type\":\"SearchAction\",\"target\":{\"@type\":\"EntryPoint\",\"urlTemplate\":\"https:\/\/orthodoxalbania.org\/2020\/?s={search_term_string}\"},\"query-input\":{\"@type\":\"PropertyValueSpecification\",\"valueRequired\":true,\"valueName\":\"search_term_string\"}}],\"inLanguage\":\"en-US\"},{\"@type\":\"Organization\",\"@id\":\"https:\/\/orthodoxalbania.org\/2020\/#organization\",\"name\":\"Kisha Orthodhokse Autoqefale e Shqip\u00ebris\u00eb\",\"url\":\"https:\/\/orthodoxalbania.org\/2020\/\",\"logo\":{\"@type\":\"ImageObject\",\"inLanguage\":\"en-US\",\"@id\":\"https:\/\/orthodoxalbania.org\/2020\/#\/schema\/logo\/image\/\",\"url\":\"https:\/\/orthodoxalbania.org\/2020\/wp-content\/uploads\/2020\/05\/albania.jpeg\",\"contentUrl\":\"https:\/\/orthodoxalbania.org\/2020\/wp-content\/uploads\/2020\/05\/albania.jpeg\",\"width\":540,\"height\":540,\"caption\":\"Kisha Orthodhokse Autoqefale e Shqip\u00ebris\u00eb\"},\"image\":{\"@id\":\"https:\/\/orthodoxalbania.org\/2020\/#\/schema\/logo\/image\/\"},\"sameAs\":[\"https:\/\/www.facebook.com\/koash1991\"]},{\"@type\":\"Person\",\"@id\":\"https:\/\/orthodoxalbania.org\/2020\/#\/schema\/person\/0c387634a7063ac612d7ed9ce71c7e86\",\"name\":\"Kisha Orthodhokse\",\"image\":{\"@type\":\"ImageObject\",\"inLanguage\":\"en-US\",\"@id\":\"https:\/\/secure.gravatar.com\/avatar\/596e7c417251e30f2fbb9c00e026fce61a695a00e51c889caded71c96cbbdde5?s=96&d=mm&r=g\",\"url\":\"https:\/\/secure.gravatar.com\/avatar\/596e7c417251e30f2fbb9c00e026fce61a695a00e51c889caded71c96cbbdde5?s=96&d=mm&r=g\",\"contentUrl\":\"https:\/\/secure.gravatar.com\/avatar\/596e7c417251e30f2fbb9c00e026fce61a695a00e51c889caded71c96cbbdde5?s=96&d=mm&r=g\",\"caption\":\"Kisha Orthodhokse\"}}]}<\/script>\n<!-- \/ Yoast SEO plugin. -->","yoast_head_json":{"title":"Kryepiskopi Qytetar Nderi i Tiran\u00ebs. (23 Dhjetor 2005) - Kisha Orthodh\u03bfkse Autoqefale e Shqip\u00ebris\u00eb","robots":{"index":"index","follow":"follow","max-snippet":"max-snippet:-1","max-image-preview":"max-image-preview:large","max-video-preview":"max-video-preview:-1"},"canonical":"https:\/\/orthodoxalbania.org\/2020\/2005\/02\/14\/kryepiskopi-qytetar-nderi-i-tiranes-dhjetor-05\/","og_locale":"en_US","og_type":"article","og_title":"Kryepiskopi Qytetar Nderi i Tiran\u00ebs. (23 Dhjetor 2005) - Kisha Orthodh\u03bfkse Autoqefale e Shqip\u00ebris\u00eb","og_description":"&nbsp; T\u00eb premten paradite, m\u00eb dat\u00eb 23 dhjetor 2005 n\u00eb hotel \u201cSheraton\u201d n\u00eb kryeqytet, Bashkia e Tiran\u00ebs organizoi ceremonin\u00eb e dh\u00ebnies s\u00eb titullit \u201cQytetar Nderi i Tiran\u00ebs\u201d, krer\u00ebve t\u00eb komuniteteve fetare n\u00eb Shqip\u00ebri, me sh\u00ebnimin: \u201cKrer\u00ebve fetar\u00eb n\u00eb Shqip\u00ebri p\u00ebr kontributin e tyre t\u00eb jasht\u00ebzakonsh\u00ebm p\u00ebr harmonin\u00eb nd\u00ebrfetare, rikthimin e besimit n\u00eb mbar\u00eb vendin si dhe p\u00ebr kap\u00ebrcimin me urt\u00ebsi t\u00eb situatave t\u00eb v\u00ebshtira politike\u201d.","og_url":"https:\/\/orthodoxalbania.org\/2020\/2005\/02\/14\/kryepiskopi-qytetar-nderi-i-tiranes-dhjetor-05\/","og_site_name":"Kisha Orthodh\u03bfkse Autoqefale e Shqip\u00ebris\u00eb","article_publisher":"https:\/\/www.facebook.com\/koash1991","article_published_time":"2005-02-14T10:09:32+00:00","article_modified_time":"2020-04-06T20:41:54+00:00","og_image":[{"url":"https:\/\/lh5.googleusercontent.com\/-HoqcT46yGHU\/VIa9b5YEV-I\/AAAAAAAAFLk\/XJCytk8Yieg\/w350-h233-no\/pic1.jpg","type":"","width":"","height":""}],"author":"Kisha Orthodhokse","twitter_card":"summary_large_image","twitter_misc":{"Written by":"Kisha Orthodhokse","Est. reading time":"6 minutes"},"schema":{"@context":"https:\/\/schema.org","@graph":[{"@type":"Article","@id":"https:\/\/orthodoxalbania.org\/2020\/2005\/02\/14\/kryepiskopi-qytetar-nderi-i-tiranes-dhjetor-05\/#article","isPartOf":{"@id":"https:\/\/orthodoxalbania.org\/2020\/2005\/02\/14\/kryepiskopi-qytetar-nderi-i-tiranes-dhjetor-05\/"},"author":{"name":"Kisha Orthodhokse","@id":"https:\/\/orthodoxalbania.org\/2020\/#\/schema\/person\/0c387634a7063ac612d7ed9ce71c7e86"},"headline":"Kryepiskopi Qytetar Nderi i Tiran\u00ebs. (23 Dhjetor 2005)","datePublished":"2005-02-14T10:09:32+00:00","dateModified":"2020-04-06T20:41:54+00:00","mainEntityOfPage":{"@id":"https:\/\/orthodoxalbania.org\/2020\/2005\/02\/14\/kryepiskopi-qytetar-nderi-i-tiranes-dhjetor-05\/"},"wordCount":1270,"commentCount":0,"publisher":{"@id":"https:\/\/orthodoxalbania.org\/2020\/#organization"},"image":{"@id":"https:\/\/orthodoxalbania.org\/2020\/2005\/02\/14\/kryepiskopi-qytetar-nderi-i-tiranes-dhjetor-05\/#primaryimage"},"thumbnailUrl":"https:\/\/lh5.googleusercontent.com\/-HoqcT46yGHU\/VIa9b5YEV-I\/AAAAAAAAFLk\/XJCytk8Yieg\/w350-h233-no\/pic1.jpg","keywords":["2005","Deklarata - Njoftime Zyrtare","Kryepiskopata Tiran\u00eb","Kryepiskopi Anastas","lajme"],"articleSection":["Lajme"],"inLanguage":"en-US"},{"@type":"WebPage","@id":"https:\/\/orthodoxalbania.org\/2020\/2005\/02\/14\/kryepiskopi-qytetar-nderi-i-tiranes-dhjetor-05\/","url":"https:\/\/orthodoxalbania.org\/2020\/2005\/02\/14\/kryepiskopi-qytetar-nderi-i-tiranes-dhjetor-05\/","name":"Kryepiskopi Qytetar Nderi i Tiran\u00ebs. (23 Dhjetor 2005) - Kisha Orthodh\u03bfkse Autoqefale e Shqip\u00ebris\u00eb","isPartOf":{"@id":"https:\/\/orthodoxalbania.org\/2020\/#website"},"primaryImageOfPage":{"@id":"https:\/\/orthodoxalbania.org\/2020\/2005\/02\/14\/kryepiskopi-qytetar-nderi-i-tiranes-dhjetor-05\/#primaryimage"},"image":{"@id":"https:\/\/orthodoxalbania.org\/2020\/2005\/02\/14\/kryepiskopi-qytetar-nderi-i-tiranes-dhjetor-05\/#primaryimage"},"thumbnailUrl":"https:\/\/lh5.googleusercontent.com\/-HoqcT46yGHU\/VIa9b5YEV-I\/AAAAAAAAFLk\/XJCytk8Yieg\/w350-h233-no\/pic1.jpg","datePublished":"2005-02-14T10:09:32+00:00","dateModified":"2020-04-06T20:41:54+00:00","breadcrumb":{"@id":"https:\/\/orthodoxalbania.org\/2020\/2005\/02\/14\/kryepiskopi-qytetar-nderi-i-tiranes-dhjetor-05\/#breadcrumb"},"inLanguage":"en-US","potentialAction":[{"@type":"ReadAction","target":["https:\/\/orthodoxalbania.org\/2020\/2005\/02\/14\/kryepiskopi-qytetar-nderi-i-tiranes-dhjetor-05\/"]}]},{"@type":"ImageObject","inLanguage":"en-US","@id":"https:\/\/orthodoxalbania.org\/2020\/2005\/02\/14\/kryepiskopi-qytetar-nderi-i-tiranes-dhjetor-05\/#primaryimage","url":"https:\/\/lh5.googleusercontent.com\/-HoqcT46yGHU\/VIa9b5YEV-I\/AAAAAAAAFLk\/XJCytk8Yieg\/w350-h233-no\/pic1.jpg","contentUrl":"https:\/\/lh5.googleusercontent.com\/-HoqcT46yGHU\/VIa9b5YEV-I\/AAAAAAAAFLk\/XJCytk8Yieg\/w350-h233-no\/pic1.jpg"},{"@type":"BreadcrumbList","@id":"https:\/\/orthodoxalbania.org\/2020\/2005\/02\/14\/kryepiskopi-qytetar-nderi-i-tiranes-dhjetor-05\/#breadcrumb","itemListElement":[{"@type":"ListItem","position":1,"name":"Home","item":"https:\/\/orthodoxalbania.org\/2020\/"},{"@type":"ListItem","position":2,"name":"Kryepiskopi Qytetar Nderi i Tiran\u00ebs. (23 Dhjetor 2005)"}]},{"@type":"WebSite","@id":"https:\/\/orthodoxalbania.org\/2020\/#website","url":"https:\/\/orthodoxalbania.org\/2020\/","name":"Kisha Orthodh\u03bfkse Autoqefale e Shqip\u00ebris\u00eb","description":"Fqja Zyrtare e Kish\u00ebs Orthodhokse Autoqefale e Shqip\u00ebris\u00eb me lajmet edhe informacionet zyrtare p\u00ebr struktur\u00ebn edhe veprimtarin e saj.","publisher":{"@id":"https:\/\/orthodoxalbania.org\/2020\/#organization"},"potentialAction":[{"@type":"SearchAction","target":{"@type":"EntryPoint","urlTemplate":"https:\/\/orthodoxalbania.org\/2020\/?s={search_term_string}"},"query-input":{"@type":"PropertyValueSpecification","valueRequired":true,"valueName":"search_term_string"}}],"inLanguage":"en-US"},{"@type":"Organization","@id":"https:\/\/orthodoxalbania.org\/2020\/#organization","name":"Kisha Orthodhokse Autoqefale e Shqip\u00ebris\u00eb","url":"https:\/\/orthodoxalbania.org\/2020\/","logo":{"@type":"ImageObject","inLanguage":"en-US","@id":"https:\/\/orthodoxalbania.org\/2020\/#\/schema\/logo\/image\/","url":"https:\/\/orthodoxalbania.org\/2020\/wp-content\/uploads\/2020\/05\/albania.jpeg","contentUrl":"https:\/\/orthodoxalbania.org\/2020\/wp-content\/uploads\/2020\/05\/albania.jpeg","width":540,"height":540,"caption":"Kisha Orthodhokse Autoqefale e Shqip\u00ebris\u00eb"},"image":{"@id":"https:\/\/orthodoxalbania.org\/2020\/#\/schema\/logo\/image\/"},"sameAs":["https:\/\/www.facebook.com\/koash1991"]},{"@type":"Person","@id":"https:\/\/orthodoxalbania.org\/2020\/#\/schema\/person\/0c387634a7063ac612d7ed9ce71c7e86","name":"Kisha Orthodhokse","image":{"@type":"ImageObject","inLanguage":"en-US","@id":"https:\/\/secure.gravatar.com\/avatar\/596e7c417251e30f2fbb9c00e026fce61a695a00e51c889caded71c96cbbdde5?s=96&d=mm&r=g","url":"https:\/\/secure.gravatar.com\/avatar\/596e7c417251e30f2fbb9c00e026fce61a695a00e51c889caded71c96cbbdde5?s=96&d=mm&r=g","contentUrl":"https:\/\/secure.gravatar.com\/avatar\/596e7c417251e30f2fbb9c00e026fce61a695a00e51c889caded71c96cbbdde5?s=96&d=mm&r=g","caption":"Kisha Orthodhokse"}}]}},"_links":{"self":[{"href":"https:\/\/orthodoxalbania.org\/2020\/wp-json\/wp\/v2\/posts\/893","targetHints":{"allow":["GET"]}}],"collection":[{"href":"https:\/\/orthodoxalbania.org\/2020\/wp-json\/wp\/v2\/posts"}],"about":[{"href":"https:\/\/orthodoxalbania.org\/2020\/wp-json\/wp\/v2\/types\/post"}],"author":[{"embeddable":true,"href":"https:\/\/orthodoxalbania.org\/2020\/wp-json\/wp\/v2\/users\/1"}],"replies":[{"embeddable":true,"href":"https:\/\/orthodoxalbania.org\/2020\/wp-json\/wp\/v2\/comments?post=893"}],"version-history":[{"count":1,"href":"https:\/\/orthodoxalbania.org\/2020\/wp-json\/wp\/v2\/posts\/893\/revisions"}],"predecessor-version":[{"id":15858,"href":"https:\/\/orthodoxalbania.org\/2020\/wp-json\/wp\/v2\/posts\/893\/revisions\/15858"}],"wp:attachment":[{"href":"https:\/\/orthodoxalbania.org\/2020\/wp-json\/wp\/v2\/media?parent=893"}],"wp:term":[{"taxonomy":"category","embeddable":true,"href":"https:\/\/orthodoxalbania.org\/2020\/wp-json\/wp\/v2\/categories?post=893"},{"taxonomy":"post_tag","embeddable":true,"href":"https:\/\/orthodoxalbania.org\/2020\/wp-json\/wp\/v2\/tags?post=893"}],"curies":[{"name":"wp","href":"https:\/\/api.w.org\/{rel}","templated":true}]}}