{"id":892,"date":"2013-03-21T09:54:20","date_gmt":"2013-03-21T09:54:20","guid":{"rendered":""},"modified":"2020-04-06T22:32:02","modified_gmt":"2020-04-06T20:32:02","slug":"kryepiskopi-anastas-i-ftuari-kryesor-ne-sinodin-e-pergjithshem-te-kishes-se-anglise-qe-do-te-mbahet-ne-jork","status":"publish","type":"post","link":"https:\/\/orthodoxalbania.org\/2020\/2013\/03\/21\/kryepiskopi-anastas-i-ftuari-kryesor-ne-sinodin-e-pergjithshem-te-kishes-se-anglise-qe-do-te-mbahet-ne-jork\/","title":{"rendered":"Kryepiskopi Anastas, i ftuari kryesor n\u00eb Sinodin e P\u00ebrgjithsh\u00ebm t\u00eb Kish\u00ebs s\u00eb Anglis\u00eb q\u00eb do t\u00eb mbahet n\u00eb Jork. (8 &#8211; 12 Korrik 2011)"},"content":{"rendered":"<div style=\"text-align: justify;\">\n\t<span style=\"color:#000000;\"><span style=\"font-family: tahoma,geneva,sans-serif;\"><span style=\"font-size: 12px;\">&nbsp;&nbsp;&nbsp; <span class=\"style10\">N\u00eb datat 8-12 korrik 2011, n\u00eb Universitetin e Jorkut n\u00eb Angli, do t\u00eb mblidhet Sinodi i P\u00ebrgjithsh\u00ebm i Kish\u00ebs s\u00eb Anglis\u00eb, me tem\u00eb \u201cDuke ndar\u00eb Lajmin e Mir\u00eb dhe duke nd\u00ebrtuar Kish\u00ebn sot\u201d. N\u00eb t\u00eb do t\u00eb marrin pjes\u00eb t\u00eb gjith\u00eb episkop\u00ebt e saj dhe p\u00ebrfaq\u00ebsues t\u00eb klerik\u00ebve dhe laik\u00ebve.<\/span><\/span><\/span><\/span><\/div>\n<div style=\"text-align: justify;\">\n\t<br \/>\n\t<span style=\"color:#000000;\"><span style=\"font-family: tahoma,geneva,sans-serif;\"><span style=\"font-size: 12px;\"><span class=\"style10\"><span class=\"style14\">&nbsp;&nbsp;&nbsp; <\/span>Kisha Anglikane \u00ebsht\u00eb&nbsp; Kisha zyrtare e Anglis\u00eb. Ajo luan nj\u00eb rol t\u00eb r\u00ebnd\u00ebsish\u00ebm n\u00eb mbar\u00eb jet\u00ebn e vendit. Nj\u00eb pjes\u00eb e episkop\u00ebve t\u00eb saj jan\u00eb edhe an\u00ebtar\u00eb t\u00eb Dhom\u00ebs s\u00eb Lord\u00ebve. N\u00eb k\u00ebt\u00eb Sinod do t\u00eb p\u00ebrfshihen diskutime t\u00eb ndryshme n\u00eb lidhje me rolin e Kish\u00ebs Anglikane n\u00eb fush\u00ebn e edukimit, si dhe puna e saj n\u00eb fusha t\u00eb tjera jasht\u00eb kuadrit fetar dhe marr\u00ebdh\u00ebniet me Kishat e tjera.<\/span><\/span><\/span><\/span><\/div>\n<div style=\"text-align: justify;\">\n\t&nbsp;<\/div>\n<div style=\"text-align: justify;\">\n\t<span style=\"color:#000000;\"><span style=\"font-family: tahoma,geneva,sans-serif;\"><span style=\"font-size: 12px;\"><span class=\"style10\"><span class=\"style14\">&nbsp;&nbsp; <\/span>Me ftes\u00eb t\u00eb Kryepiskopit t\u00eb Kish\u00ebs s\u00eb Anglis\u00eb, Dr. Rowan Williams, i ftuari kryesor (principal guest) i k\u00ebtij Sinodi do t\u00eb jet\u00eb Kryepiskopi i Tiran\u00ebs, Durr\u00ebsit dhe i gjith\u00eb Shqip\u00ebris\u00eb, prof. dr. Anastasi. Kryepiskopi Anastas, q\u00eb \u00ebsht\u00eb edhe President i K\u00ebshillit Bot\u00ebror t\u00eb Kishave (WCC), organizmi m\u00eb i madh kishtar global i k\u00ebtij lloji, do t\u00eb mbaj\u00eb fjal\u00ebn e Tij p\u00ebrpara Sinodit t\u00eb premten pasdite.Kryepiskopi Anastas g\u00ebzon nj\u00eb vler\u00ebsim t\u00eb jasht\u00ebzakonsh\u00ebm n\u00eb rrethet e Kish\u00ebs s\u00eb Anglis\u00eb, si edhe n\u00eb bot\u00ebn e krishter\u00eb moderne, p\u00ebr kontributin e madh q\u00eb ka dh\u00ebn\u00eb n\u00eb dialogun midis t\u00eb gjitha konfesioneve t\u00eb krishtera dhe p\u00ebr promovimin e dialogut nd\u00ebrfetar n\u00eb rang global. <\/span><\/span><\/span><\/span><\/div>\n","protected":false},"excerpt":{"rendered":"<p>&nbsp;&nbsp;&nbsp; N\u00eb datat 8-12 korrik 2011, n\u00eb Universitetin e Jorkut n\u00eb Angli, do t\u00eb mblidhet Sinodi i P\u00ebrgjithsh\u00ebm i Kish\u00ebs s\u00eb Anglis\u00eb, me tem\u00eb \u201cDuke ndar\u00eb Lajmin e Mir\u00eb dhe duke nd\u00ebrtuar Kish\u00ebn sot\u201d. N\u00eb t\u00eb do t\u00eb marrin pjes\u00eb t\u00eb gjith\u00eb episkop\u00ebt e saj dhe p\u00ebrfaq\u00ebsues t\u00eb klerik\u00ebve dhe laik\u00ebve. &nbsp;&nbsp;&nbsp; Kisha Anglikane \u00ebsht\u00eb&nbsp; Kisha zyrtare e Anglis\u00eb. Ajo luan nj\u00eb rol t\u00eb r\u00ebnd\u00ebsish\u00ebm<\/p>\n","protected":false},"author":1,"featured_media":0,"comment_status":"open","ping_status":"open","sticky":false,"template":"","format":"standard","meta":{"_acf_changed":false,"pagelayer_contact_templates":[],"_pagelayer_content":"","inline_featured_image":false,"fifu_image_url":"","fifu_image_alt":"","footnotes":""},"categories":[108],"tags":[143,153,196,201,212],"class_list":["post-892","post","type-post","status-publish","format-standard","hentry","category-lajme","tag-143","tag-deklarata-njoftime-zyrtare-d75","tag-tirane","tag-kryepiskopi-anastas","tag-lajme-d27"],"acf":[],"yoast_head":"<!-- This site is optimized with the Yoast SEO plugin v27.2 - https:\/\/yoast.com\/product\/yoast-seo-wordpress\/ -->\n<title>Kryepiskopi Anastas, i ftuari kryesor n\u00eb Sinodin e P\u00ebrgjithsh\u00ebm t\u00eb Kish\u00ebs s\u00eb Anglis\u00eb q\u00eb do t\u00eb mbahet n\u00eb Jork. (8 - 12 Korrik 2011) - Kisha Orthodh\u03bfkse Autoqefale e Shqip\u00ebris\u00eb<\/title>\n<meta name=\"robots\" content=\"index, follow, max-snippet:-1, max-image-preview:large, max-video-preview:-1\" \/>\n<link rel=\"canonical\" href=\"https:\/\/orthodoxalbania.org\/2020\/2013\/03\/21\/kryepiskopi-anastas-i-ftuari-kryesor-ne-sinodin-e-pergjithshem-te-kishes-se-anglise-qe-do-te-mbahet-ne-jork\/\" \/>\n<meta property=\"og:locale\" content=\"en_US\" \/>\n<meta property=\"og:type\" content=\"article\" \/>\n<meta property=\"og:title\" content=\"Kryepiskopi Anastas, i ftuari kryesor n\u00eb Sinodin e P\u00ebrgjithsh\u00ebm t\u00eb Kish\u00ebs s\u00eb Anglis\u00eb q\u00eb do t\u00eb mbahet n\u00eb Jork. (8 - 12 Korrik 2011) - Kisha Orthodh\u03bfkse Autoqefale e Shqip\u00ebris\u00eb\" \/>\n<meta property=\"og:description\" content=\"&nbsp;&nbsp;&nbsp; N\u00eb datat 8-12 korrik 2011, n\u00eb Universitetin e Jorkut n\u00eb Angli, do t\u00eb mblidhet Sinodi i P\u00ebrgjithsh\u00ebm i Kish\u00ebs s\u00eb Anglis\u00eb, me tem\u00eb \u201cDuke ndar\u00eb Lajmin e Mir\u00eb dhe duke nd\u00ebrtuar Kish\u00ebn sot\u201d. N\u00eb t\u00eb do t\u00eb marrin pjes\u00eb t\u00eb gjith\u00eb episkop\u00ebt e saj dhe p\u00ebrfaq\u00ebsues t\u00eb klerik\u00ebve dhe laik\u00ebve. &nbsp;&nbsp;&nbsp; Kisha Anglikane \u00ebsht\u00eb&nbsp; Kisha zyrtare e Anglis\u00eb. Ajo luan nj\u00eb rol t\u00eb r\u00ebnd\u00ebsish\u00ebm\" \/>\n<meta property=\"og:url\" content=\"https:\/\/orthodoxalbania.org\/2020\/2013\/03\/21\/kryepiskopi-anastas-i-ftuari-kryesor-ne-sinodin-e-pergjithshem-te-kishes-se-anglise-qe-do-te-mbahet-ne-jork\/\" \/>\n<meta property=\"og:site_name\" content=\"Kisha Orthodh\u03bfkse Autoqefale e Shqip\u00ebris\u00eb\" \/>\n<meta property=\"article:publisher\" content=\"https:\/\/www.facebook.com\/koash1991\" \/>\n<meta property=\"article:published_time\" content=\"2013-03-21T09:54:20+00:00\" \/>\n<meta property=\"article:modified_time\" content=\"2020-04-06T20:32:02+00:00\" \/>\n<meta property=\"og:image\" content=\"https:\/\/orthodoxalbania.org\/2020\/wp-content\/uploads\/2021\/02\/LogoLastALb-200.png\" \/>\n\t<meta property=\"og:image:width\" content=\"200\" \/>\n\t<meta property=\"og:image:height\" content=\"172\" \/>\n\t<meta property=\"og:image:type\" content=\"image\/png\" \/>\n<meta name=\"author\" content=\"Kisha Orthodhokse\" \/>\n<meta name=\"twitter:card\" content=\"summary_large_image\" \/>\n<meta name=\"twitter:label1\" content=\"Written by\" \/>\n\t<meta name=\"twitter:data1\" content=\"Kisha Orthodhokse\" \/>\n\t<meta name=\"twitter:label2\" content=\"Est. reading time\" \/>\n\t<meta name=\"twitter:data2\" content=\"1 minute\" \/>\n<script type=\"application\/ld+json\" class=\"yoast-schema-graph\">{\"@context\":\"https:\/\/schema.org\",\"@graph\":[{\"@type\":\"Article\",\"@id\":\"https:\/\/orthodoxalbania.org\/2020\/2013\/03\/21\/kryepiskopi-anastas-i-ftuari-kryesor-ne-sinodin-e-pergjithshem-te-kishes-se-anglise-qe-do-te-mbahet-ne-jork\/#article\",\"isPartOf\":{\"@id\":\"https:\/\/orthodoxalbania.org\/2020\/2013\/03\/21\/kryepiskopi-anastas-i-ftuari-kryesor-ne-sinodin-e-pergjithshem-te-kishes-se-anglise-qe-do-te-mbahet-ne-jork\/\"},\"author\":{\"name\":\"Kisha Orthodhokse\",\"@id\":\"https:\/\/orthodoxalbania.org\/2020\/#\/schema\/person\/0c387634a7063ac612d7ed9ce71c7e86\"},\"headline\":\"Kryepiskopi Anastas, i ftuari kryesor n\u00eb Sinodin e P\u00ebrgjithsh\u00ebm t\u00eb Kish\u00ebs s\u00eb Anglis\u00eb q\u00eb do t\u00eb mbahet n\u00eb Jork. (8 &#8211; 12 Korrik 2011)\",\"datePublished\":\"2013-03-21T09:54:20+00:00\",\"dateModified\":\"2020-04-06T20:32:02+00:00\",\"mainEntityOfPage\":{\"@id\":\"https:\/\/orthodoxalbania.org\/2020\/2013\/03\/21\/kryepiskopi-anastas-i-ftuari-kryesor-ne-sinodin-e-pergjithshem-te-kishes-se-anglise-qe-do-te-mbahet-ne-jork\/\"},\"wordCount\":305,\"commentCount\":0,\"publisher\":{\"@id\":\"https:\/\/orthodoxalbania.org\/2020\/#organization\"},\"keywords\":[\"2011\",\"Deklarata - Njoftime Zyrtare\",\"Kryepiskopata Tiran\u00eb\",\"Kryepiskopi Anastas\",\"lajme\"],\"articleSection\":[\"Lajme\"],\"inLanguage\":\"en-US\"},{\"@type\":\"WebPage\",\"@id\":\"https:\/\/orthodoxalbania.org\/2020\/2013\/03\/21\/kryepiskopi-anastas-i-ftuari-kryesor-ne-sinodin-e-pergjithshem-te-kishes-se-anglise-qe-do-te-mbahet-ne-jork\/\",\"url\":\"https:\/\/orthodoxalbania.org\/2020\/2013\/03\/21\/kryepiskopi-anastas-i-ftuari-kryesor-ne-sinodin-e-pergjithshem-te-kishes-se-anglise-qe-do-te-mbahet-ne-jork\/\",\"name\":\"Kryepiskopi Anastas, i ftuari kryesor n\u00eb Sinodin e P\u00ebrgjithsh\u00ebm t\u00eb Kish\u00ebs s\u00eb Anglis\u00eb q\u00eb do t\u00eb mbahet n\u00eb Jork. (8 - 12 Korrik 2011) - Kisha Orthodh\u03bfkse Autoqefale e Shqip\u00ebris\u00eb\",\"isPartOf\":{\"@id\":\"https:\/\/orthodoxalbania.org\/2020\/#website\"},\"datePublished\":\"2013-03-21T09:54:20+00:00\",\"dateModified\":\"2020-04-06T20:32:02+00:00\",\"breadcrumb\":{\"@id\":\"https:\/\/orthodoxalbania.org\/2020\/2013\/03\/21\/kryepiskopi-anastas-i-ftuari-kryesor-ne-sinodin-e-pergjithshem-te-kishes-se-anglise-qe-do-te-mbahet-ne-jork\/#breadcrumb\"},\"inLanguage\":\"en-US\",\"potentialAction\":[{\"@type\":\"ReadAction\",\"target\":[\"https:\/\/orthodoxalbania.org\/2020\/2013\/03\/21\/kryepiskopi-anastas-i-ftuari-kryesor-ne-sinodin-e-pergjithshem-te-kishes-se-anglise-qe-do-te-mbahet-ne-jork\/\"]}]},{\"@type\":\"BreadcrumbList\",\"@id\":\"https:\/\/orthodoxalbania.org\/2020\/2013\/03\/21\/kryepiskopi-anastas-i-ftuari-kryesor-ne-sinodin-e-pergjithshem-te-kishes-se-anglise-qe-do-te-mbahet-ne-jork\/#breadcrumb\",\"itemListElement\":[{\"@type\":\"ListItem\",\"position\":1,\"name\":\"Home\",\"item\":\"https:\/\/orthodoxalbania.org\/2020\/\"},{\"@type\":\"ListItem\",\"position\":2,\"name\":\"Kryepiskopi Anastas, i ftuari kryesor n\u00eb Sinodin e P\u00ebrgjithsh\u00ebm t\u00eb Kish\u00ebs s\u00eb Anglis\u00eb q\u00eb do t\u00eb mbahet n\u00eb Jork. (8 &#8211; 12 Korrik 2011)\"}]},{\"@type\":\"WebSite\",\"@id\":\"https:\/\/orthodoxalbania.org\/2020\/#website\",\"url\":\"https:\/\/orthodoxalbania.org\/2020\/\",\"name\":\"Kisha Orthodh\u03bfkse Autoqefale e Shqip\u00ebris\u00eb\",\"description\":\"Fqja Zyrtare e Kish\u00ebs Orthodhokse Autoqefale e Shqip\u00ebris\u00eb me lajmet edhe informacionet zyrtare p\u00ebr struktur\u00ebn edhe veprimtarin e saj.\",\"publisher\":{\"@id\":\"https:\/\/orthodoxalbania.org\/2020\/#organization\"},\"potentialAction\":[{\"@type\":\"SearchAction\",\"target\":{\"@type\":\"EntryPoint\",\"urlTemplate\":\"https:\/\/orthodoxalbania.org\/2020\/?s={search_term_string}\"},\"query-input\":{\"@type\":\"PropertyValueSpecification\",\"valueRequired\":true,\"valueName\":\"search_term_string\"}}],\"inLanguage\":\"en-US\"},{\"@type\":\"Organization\",\"@id\":\"https:\/\/orthodoxalbania.org\/2020\/#organization\",\"name\":\"Kisha Orthodhokse Autoqefale e Shqip\u00ebris\u00eb\",\"url\":\"https:\/\/orthodoxalbania.org\/2020\/\",\"logo\":{\"@type\":\"ImageObject\",\"inLanguage\":\"en-US\",\"@id\":\"https:\/\/orthodoxalbania.org\/2020\/#\/schema\/logo\/image\/\",\"url\":\"https:\/\/orthodoxalbania.org\/2020\/wp-content\/uploads\/2020\/05\/albania.jpeg\",\"contentUrl\":\"https:\/\/orthodoxalbania.org\/2020\/wp-content\/uploads\/2020\/05\/albania.jpeg\",\"width\":540,\"height\":540,\"caption\":\"Kisha Orthodhokse Autoqefale e Shqip\u00ebris\u00eb\"},\"image\":{\"@id\":\"https:\/\/orthodoxalbania.org\/2020\/#\/schema\/logo\/image\/\"},\"sameAs\":[\"https:\/\/www.facebook.com\/koash1991\"]},{\"@type\":\"Person\",\"@id\":\"https:\/\/orthodoxalbania.org\/2020\/#\/schema\/person\/0c387634a7063ac612d7ed9ce71c7e86\",\"name\":\"Kisha Orthodhokse\",\"image\":{\"@type\":\"ImageObject\",\"inLanguage\":\"en-US\",\"@id\":\"https:\/\/secure.gravatar.com\/avatar\/596e7c417251e30f2fbb9c00e026fce61a695a00e51c889caded71c96cbbdde5?s=96&d=mm&r=g\",\"url\":\"https:\/\/secure.gravatar.com\/avatar\/596e7c417251e30f2fbb9c00e026fce61a695a00e51c889caded71c96cbbdde5?s=96&d=mm&r=g\",\"contentUrl\":\"https:\/\/secure.gravatar.com\/avatar\/596e7c417251e30f2fbb9c00e026fce61a695a00e51c889caded71c96cbbdde5?s=96&d=mm&r=g\",\"caption\":\"Kisha Orthodhokse\"}}]}<\/script>\n<!-- \/ Yoast SEO plugin. -->","yoast_head_json":{"title":"Kryepiskopi Anastas, i ftuari kryesor n\u00eb Sinodin e P\u00ebrgjithsh\u00ebm t\u00eb Kish\u00ebs s\u00eb Anglis\u00eb q\u00eb do t\u00eb mbahet n\u00eb Jork. (8 - 12 Korrik 2011) - Kisha Orthodh\u03bfkse Autoqefale e Shqip\u00ebris\u00eb","robots":{"index":"index","follow":"follow","max-snippet":"max-snippet:-1","max-image-preview":"max-image-preview:large","max-video-preview":"max-video-preview:-1"},"canonical":"https:\/\/orthodoxalbania.org\/2020\/2013\/03\/21\/kryepiskopi-anastas-i-ftuari-kryesor-ne-sinodin-e-pergjithshem-te-kishes-se-anglise-qe-do-te-mbahet-ne-jork\/","og_locale":"en_US","og_type":"article","og_title":"Kryepiskopi Anastas, i ftuari kryesor n\u00eb Sinodin e P\u00ebrgjithsh\u00ebm t\u00eb Kish\u00ebs s\u00eb Anglis\u00eb q\u00eb do t\u00eb mbahet n\u00eb Jork. (8 - 12 Korrik 2011) - Kisha Orthodh\u03bfkse Autoqefale e Shqip\u00ebris\u00eb","og_description":"&nbsp;&nbsp;&nbsp; N\u00eb datat 8-12 korrik 2011, n\u00eb Universitetin e Jorkut n\u00eb Angli, do t\u00eb mblidhet Sinodi i P\u00ebrgjithsh\u00ebm i Kish\u00ebs s\u00eb Anglis\u00eb, me tem\u00eb \u201cDuke ndar\u00eb Lajmin e Mir\u00eb dhe duke nd\u00ebrtuar Kish\u00ebn sot\u201d. N\u00eb t\u00eb do t\u00eb marrin pjes\u00eb t\u00eb gjith\u00eb episkop\u00ebt e saj dhe p\u00ebrfaq\u00ebsues t\u00eb klerik\u00ebve dhe laik\u00ebve. &nbsp;&nbsp;&nbsp; Kisha Anglikane \u00ebsht\u00eb&nbsp; Kisha zyrtare e Anglis\u00eb. Ajo luan nj\u00eb rol t\u00eb r\u00ebnd\u00ebsish\u00ebm","og_url":"https:\/\/orthodoxalbania.org\/2020\/2013\/03\/21\/kryepiskopi-anastas-i-ftuari-kryesor-ne-sinodin-e-pergjithshem-te-kishes-se-anglise-qe-do-te-mbahet-ne-jork\/","og_site_name":"Kisha Orthodh\u03bfkse Autoqefale e Shqip\u00ebris\u00eb","article_publisher":"https:\/\/www.facebook.com\/koash1991","article_published_time":"2013-03-21T09:54:20+00:00","article_modified_time":"2020-04-06T20:32:02+00:00","og_image":[{"width":200,"height":172,"url":"https:\/\/orthodoxalbania.org\/2020\/wp-content\/uploads\/2021\/02\/LogoLastALb-200.png","type":"image\/png"}],"author":"Kisha Orthodhokse","twitter_card":"summary_large_image","twitter_misc":{"Written by":"Kisha Orthodhokse","Est. reading time":"1 minute"},"schema":{"@context":"https:\/\/schema.org","@graph":[{"@type":"Article","@id":"https:\/\/orthodoxalbania.org\/2020\/2013\/03\/21\/kryepiskopi-anastas-i-ftuari-kryesor-ne-sinodin-e-pergjithshem-te-kishes-se-anglise-qe-do-te-mbahet-ne-jork\/#article","isPartOf":{"@id":"https:\/\/orthodoxalbania.org\/2020\/2013\/03\/21\/kryepiskopi-anastas-i-ftuari-kryesor-ne-sinodin-e-pergjithshem-te-kishes-se-anglise-qe-do-te-mbahet-ne-jork\/"},"author":{"name":"Kisha Orthodhokse","@id":"https:\/\/orthodoxalbania.org\/2020\/#\/schema\/person\/0c387634a7063ac612d7ed9ce71c7e86"},"headline":"Kryepiskopi Anastas, i ftuari kryesor n\u00eb Sinodin e P\u00ebrgjithsh\u00ebm t\u00eb Kish\u00ebs s\u00eb Anglis\u00eb q\u00eb do t\u00eb mbahet n\u00eb Jork. (8 &#8211; 12 Korrik 2011)","datePublished":"2013-03-21T09:54:20+00:00","dateModified":"2020-04-06T20:32:02+00:00","mainEntityOfPage":{"@id":"https:\/\/orthodoxalbania.org\/2020\/2013\/03\/21\/kryepiskopi-anastas-i-ftuari-kryesor-ne-sinodin-e-pergjithshem-te-kishes-se-anglise-qe-do-te-mbahet-ne-jork\/"},"wordCount":305,"commentCount":0,"publisher":{"@id":"https:\/\/orthodoxalbania.org\/2020\/#organization"},"keywords":["2011","Deklarata - Njoftime Zyrtare","Kryepiskopata Tiran\u00eb","Kryepiskopi Anastas","lajme"],"articleSection":["Lajme"],"inLanguage":"en-US"},{"@type":"WebPage","@id":"https:\/\/orthodoxalbania.org\/2020\/2013\/03\/21\/kryepiskopi-anastas-i-ftuari-kryesor-ne-sinodin-e-pergjithshem-te-kishes-se-anglise-qe-do-te-mbahet-ne-jork\/","url":"https:\/\/orthodoxalbania.org\/2020\/2013\/03\/21\/kryepiskopi-anastas-i-ftuari-kryesor-ne-sinodin-e-pergjithshem-te-kishes-se-anglise-qe-do-te-mbahet-ne-jork\/","name":"Kryepiskopi Anastas, i ftuari kryesor n\u00eb Sinodin e P\u00ebrgjithsh\u00ebm t\u00eb Kish\u00ebs s\u00eb Anglis\u00eb q\u00eb do t\u00eb mbahet n\u00eb Jork. (8 - 12 Korrik 2011) - Kisha Orthodh\u03bfkse Autoqefale e Shqip\u00ebris\u00eb","isPartOf":{"@id":"https:\/\/orthodoxalbania.org\/2020\/#website"},"datePublished":"2013-03-21T09:54:20+00:00","dateModified":"2020-04-06T20:32:02+00:00","breadcrumb":{"@id":"https:\/\/orthodoxalbania.org\/2020\/2013\/03\/21\/kryepiskopi-anastas-i-ftuari-kryesor-ne-sinodin-e-pergjithshem-te-kishes-se-anglise-qe-do-te-mbahet-ne-jork\/#breadcrumb"},"inLanguage":"en-US","potentialAction":[{"@type":"ReadAction","target":["https:\/\/orthodoxalbania.org\/2020\/2013\/03\/21\/kryepiskopi-anastas-i-ftuari-kryesor-ne-sinodin-e-pergjithshem-te-kishes-se-anglise-qe-do-te-mbahet-ne-jork\/"]}]},{"@type":"BreadcrumbList","@id":"https:\/\/orthodoxalbania.org\/2020\/2013\/03\/21\/kryepiskopi-anastas-i-ftuari-kryesor-ne-sinodin-e-pergjithshem-te-kishes-se-anglise-qe-do-te-mbahet-ne-jork\/#breadcrumb","itemListElement":[{"@type":"ListItem","position":1,"name":"Home","item":"https:\/\/orthodoxalbania.org\/2020\/"},{"@type":"ListItem","position":2,"name":"Kryepiskopi Anastas, i ftuari kryesor n\u00eb Sinodin e P\u00ebrgjithsh\u00ebm t\u00eb Kish\u00ebs s\u00eb Anglis\u00eb q\u00eb do t\u00eb mbahet n\u00eb Jork. (8 &#8211; 12 Korrik 2011)"}]},{"@type":"WebSite","@id":"https:\/\/orthodoxalbania.org\/2020\/#website","url":"https:\/\/orthodoxalbania.org\/2020\/","name":"Kisha Orthodh\u03bfkse Autoqefale e Shqip\u00ebris\u00eb","description":"Fqja Zyrtare e Kish\u00ebs Orthodhokse Autoqefale e Shqip\u00ebris\u00eb me lajmet edhe informacionet zyrtare p\u00ebr struktur\u00ebn edhe veprimtarin e saj.","publisher":{"@id":"https:\/\/orthodoxalbania.org\/2020\/#organization"},"potentialAction":[{"@type":"SearchAction","target":{"@type":"EntryPoint","urlTemplate":"https:\/\/orthodoxalbania.org\/2020\/?s={search_term_string}"},"query-input":{"@type":"PropertyValueSpecification","valueRequired":true,"valueName":"search_term_string"}}],"inLanguage":"en-US"},{"@type":"Organization","@id":"https:\/\/orthodoxalbania.org\/2020\/#organization","name":"Kisha Orthodhokse Autoqefale e Shqip\u00ebris\u00eb","url":"https:\/\/orthodoxalbania.org\/2020\/","logo":{"@type":"ImageObject","inLanguage":"en-US","@id":"https:\/\/orthodoxalbania.org\/2020\/#\/schema\/logo\/image\/","url":"https:\/\/orthodoxalbania.org\/2020\/wp-content\/uploads\/2020\/05\/albania.jpeg","contentUrl":"https:\/\/orthodoxalbania.org\/2020\/wp-content\/uploads\/2020\/05\/albania.jpeg","width":540,"height":540,"caption":"Kisha Orthodhokse Autoqefale e Shqip\u00ebris\u00eb"},"image":{"@id":"https:\/\/orthodoxalbania.org\/2020\/#\/schema\/logo\/image\/"},"sameAs":["https:\/\/www.facebook.com\/koash1991"]},{"@type":"Person","@id":"https:\/\/orthodoxalbania.org\/2020\/#\/schema\/person\/0c387634a7063ac612d7ed9ce71c7e86","name":"Kisha Orthodhokse","image":{"@type":"ImageObject","inLanguage":"en-US","@id":"https:\/\/secure.gravatar.com\/avatar\/596e7c417251e30f2fbb9c00e026fce61a695a00e51c889caded71c96cbbdde5?s=96&d=mm&r=g","url":"https:\/\/secure.gravatar.com\/avatar\/596e7c417251e30f2fbb9c00e026fce61a695a00e51c889caded71c96cbbdde5?s=96&d=mm&r=g","contentUrl":"https:\/\/secure.gravatar.com\/avatar\/596e7c417251e30f2fbb9c00e026fce61a695a00e51c889caded71c96cbbdde5?s=96&d=mm&r=g","caption":"Kisha Orthodhokse"}}]}},"_links":{"self":[{"href":"https:\/\/orthodoxalbania.org\/2020\/wp-json\/wp\/v2\/posts\/892","targetHints":{"allow":["GET"]}}],"collection":[{"href":"https:\/\/orthodoxalbania.org\/2020\/wp-json\/wp\/v2\/posts"}],"about":[{"href":"https:\/\/orthodoxalbania.org\/2020\/wp-json\/wp\/v2\/types\/post"}],"author":[{"embeddable":true,"href":"https:\/\/orthodoxalbania.org\/2020\/wp-json\/wp\/v2\/users\/1"}],"replies":[{"embeddable":true,"href":"https:\/\/orthodoxalbania.org\/2020\/wp-json\/wp\/v2\/comments?post=892"}],"version-history":[{"count":1,"href":"https:\/\/orthodoxalbania.org\/2020\/wp-json\/wp\/v2\/posts\/892\/revisions"}],"predecessor-version":[{"id":15377,"href":"https:\/\/orthodoxalbania.org\/2020\/wp-json\/wp\/v2\/posts\/892\/revisions\/15377"}],"wp:attachment":[{"href":"https:\/\/orthodoxalbania.org\/2020\/wp-json\/wp\/v2\/media?parent=892"}],"wp:term":[{"taxonomy":"category","embeddable":true,"href":"https:\/\/orthodoxalbania.org\/2020\/wp-json\/wp\/v2\/categories?post=892"},{"taxonomy":"post_tag","embeddable":true,"href":"https:\/\/orthodoxalbania.org\/2020\/wp-json\/wp\/v2\/tags?post=892"}],"curies":[{"name":"wp","href":"https:\/\/api.w.org\/{rel}","templated":true}]}}