{"id":890,"date":"2013-03-21T12:25:46","date_gmt":"2013-03-21T12:25:46","guid":{"rendered":""},"modified":"2020-04-06T22:05:56","modified_gmt":"2020-04-06T20:05:56","slug":"kryepiskopi-anastas-viziton-beratin-ne-panairin-e-shen-dhimitrit","status":"publish","type":"post","link":"https:\/\/orthodoxalbania.org\/2020\/2013\/03\/21\/kryepiskopi-anastas-viziton-beratin-ne-panairin-e-shen-dhimitrit\/","title":{"rendered":"Kryepiskopi Anastas viziton Beratin n\u00eb Panairin e Sh\u00ebn Dhimitrit. (26 Tetor 2012)"},"content":{"rendered":"<div style=\"text-align: justify;\">\n\t<span style=\"color:#000000;\"><span style=\"font-family: tahoma,geneva,sans-serif;\"><span style=\"font-size: 12px;\"><img class=\"lazyload\" decoding=\"async\" src=\"data:image\/gif;base64,R0lGODlhAQABAAAAACH5BAEKAAEALAAAAAABAAEAAAICTAEAOw==\" data-orig-src=\"https:\/\/lh3.googleusercontent.com\/-SECI6I_fpOA\/UK9HMqw55-I\/AAAAAAAABIw\/Jcmr2imjoCo\/s640\/11(1).jpg\" style=\"width: 300px; height: 200px; border-width: 1px; border-style: solid; margin: 10px; float: left;\" \/>&nbsp;&nbsp;&nbsp; 26 tetori ishte nj\u00eb dit\u00eb e ve\u00e7ant\u00eb, e cila do t\u00eb mbetet gjat\u00eb n\u00eb kujtes\u00ebn e besimtar\u00ebve beratas. Tradicionalisht kjo e kremte p\u00ebrcillet me madh\u00ebshti n\u00eb qytet, sepse feston martiri i madh Sh\u00ebn Dhimit\u00ebr Mirovliti, emrin e t\u00eb cilit mban katedralja e Beratit. Kjo katedrale, e nd\u00ebrtuar t\u00ebr\u00ebsisht me fondet e siguruara nga Kryepiskopi Anastas, hapi dyert para 4 viteve dhe ngrihet madh\u00ebshtore n\u00eb qend\u00ebr t\u00eb qytetit, af\u00ebr vendit t\u00eb kish\u00ebs s\u00eb vjet\u00ebr, t\u00eb shkat\u00ebrruar nga regjimi ateist.&nbsp;<\/span><\/span><\/span><\/div>\n<div style=\"text-align: justify;\">\n\t<br \/>\n\t<span style=\"color:#000000;\"><span style=\"font-family: tahoma,geneva,sans-serif;\"><span style=\"font-size: 12px;\">&nbsp;&nbsp;&nbsp; Kremtimet filluan n\u00eb vigjiljet e fest\u00ebs, me Sh\u00ebrbes\u00ebn&nbsp; e Mbr\u00ebm\u00ebsores n\u00ebn drejtimin e Mitropolitit t\u00eb Beratit, Imzot Ignatit. Besimtar\u00eb t\u00eb shumt\u00eb u b\u00ebn\u00eb pjes\u00eb e k\u00ebsaj sh\u00ebrbese t\u00eb shenjt\u00eb dhe mor\u00ebn pjes\u00eb n\u00eb litanin\u00eb me ikon\u00ebn e hirshme te Sh\u00ebn Dhimitrit,&nbsp; si dhe n\u00eb Nekimin e pes\u00eb buk\u00ebve p\u00ebr nder t\u00eb shenjtorit.<\/span><\/span><\/span><\/div>\n<div style=\"text-align: justify;\">\n\t<br \/>\n\t<span style=\"color:#000000;\"><span style=\"font-family: tahoma,geneva,sans-serif;\"><span style=\"font-size: 12px;\">&nbsp;&nbsp;&nbsp; E nes\u00ebrmja do t\u00eb ishte nj\u00eb dit\u00eb e ve\u00e7ant\u00eb, sepse panairit t\u00eb ndritsh\u00ebm do t\u2019i bashkohej Kryepiskopi i Tiran\u00ebs, Durr\u00ebsit dhe i gjith\u00eb Shqip\u00ebris\u00eb, Ati dhe Kryebariu yn\u00eb, Imzot Anastasi. Prania e tij gjithmon\u00eb ka sjell\u00eb g\u00ebzim mbar\u00ebqytetar, dhe nuk kishte se si t\u00eb ishte ndryshe edhe n\u00eb k\u00ebt\u00eb dit\u00eb. Me Kryepiskopin Anastas, q\u00eb kreu Liturgjin\u00eb Hyjnore, bashk\u00ebmeshuan Mitropolit Ignati dhe Episkopi i Bylisit, Asti.<\/span><\/span><\/span><\/div>\n<div style=\"text-align: justify;\">\n\t<br \/>\n\t<span style=\"color:#000000;\"><span style=\"font-family: tahoma,geneva,sans-serif;\"><span style=\"font-size: 12px;\">&nbsp;&nbsp;&nbsp; N\u00eb p\u00ebrsh\u00ebndetjet e rastit, i pari foli Imzot Ignati, i cili tha nd\u00ebr t\u00eb tjera: \u201cShum\u00eb i p\u00ebrndritur Fortlumturi! Kam nderin e ve\u00e7ant\u00eb dhe k\u00ebnaq\u00ebsin\u00eb e pakufishme t\u2019Ju shpreh fal\u00ebnderimet m\u00eb t\u00eb thella e m\u00eb t\u00eb p\u00ebrzem\u00ebrta n\u00eb em\u00ebr t\u00eb klerik\u00ebve dhe t\u00eb besimtar\u00ebve orthodhoks\u00eb t\u00eb qytetit ton\u00eb t\u00eb lasht\u00eb.<\/span><\/span><\/span><\/div>\n<div style=\"text-align: justify;\">\n\t<br \/>\n\t<span style=\"color:#000000;\"><span style=\"font-family: tahoma,geneva,sans-serif;\"><span style=\"font-size: 12px;\">&nbsp;&nbsp;&nbsp; E quaj me vend t\u00eb theksoj k\u00ebtu se \u00ebsht\u00eb interesimi dhe k\u00ebmb\u00ebngulja Juaj, si dhe kontributi i pakursyer q\u00eb keni dh\u00ebn\u00eb e po jepni, q\u00eb nga dita e hedhjes s\u00eb themeleve e deri n\u00eb dit\u00ebn e p\u00ebrfundimit me sukses t\u00eb plot\u00eb t\u00eb k\u00ebtij tempulli t\u00eb lavdish\u00ebm. Nuk u mjaftuat vet\u00ebm me kaq, por u kujdes\u00ebt me p\u00ebrkushtim p\u00ebr ta pajisur k\u00ebt\u00eb monument shpirt\u00ebror me ikonostasin mbres\u00ebl\u00ebn\u00ebs. K\u00ebtij ikonostasi sot i bashk\u00ebngjitet edhe Froni Kryeprift\u00ebror, i gdhendur po&nbsp; me aq mjesht\u00ebri.<\/span><\/span><\/span><\/div>\n<div style=\"text-align: justify;\">\n\t<br \/>\n\t<span style=\"color:#000000;\"><span style=\"font-family: tahoma,geneva,sans-serif;\"><span style=\"font-size: 12px;\">&nbsp;&nbsp;&nbsp; M\u00eb mbetet mua personalisht t\u2019Ju p\u00ebrg\u00ebzoj nga thell\u00ebsia e shpirtit p\u00ebr gjith\u00e7ka q\u00eb keni b\u00ebr\u00eb dhe vazhdoni t\u00eb b\u00ebni p\u00ebr forcimin e Kish\u00ebs son\u00eb Autoqefale dhe ve\u00e7an\u00ebrisht p\u00ebr ndihmes\u00ebn Tuaj t\u00eb vyer n\u00eb dobi t\u00eb bashk\u00ebsis\u00eb orthodhokse beratase. Zoti Ju dh\u00ebnt\u00eb sh\u00ebndet t\u00eb plot\u00eb dhe frym\u00ebzim shpirt\u00ebror p\u00ebr t\u00eb mir\u00ebn ton\u00eb t\u00eb p\u00ebrbashk\u00ebt.<\/span><\/span><\/span><\/div>\n<div style=\"text-align: justify;\">\n\t<br \/>\n\t<span style=\"color:#000000;\"><span style=\"font-family: tahoma,geneva,sans-serif;\"><span style=\"font-size: 12px;\">&nbsp;&nbsp;&nbsp; M\u00eb pas e mori fjal\u00ebn Kryepiskopi Anastas, i cili nd\u00ebr t\u00eb tjera theksoi: \u201cHir\u00ebsi, v\u00ebllai im i shtrenjt\u00eb m\u00eb Krishtin, zoti Ignat. N\u00eb fillim dua t\u2019Ju fal\u00ebnderoj me gjith\u00eb shpirt p\u00ebr fjal\u00ebn Tuaj fisnike, p\u00ebr mb\u00ebshtetjen e vazhdueshme dhe p\u00ebr p\u00ebrpjekjen ton\u00eb t\u00eb p\u00ebrbashk\u00ebt p\u00ebr Kish\u00ebn. Dua t\u00eb them q\u00eb me g\u00ebzim ndodhem sot n\u00eb mesin tuaj. M\u00eb kujtohet hera e par\u00eb m\u00eb 1991, kur erdha n\u00eb Berat. Sigurisht, at\u00ebher\u00eb gjendja k\u00ebtu, ishte krejt\u00ebsisht e ndryshme. Meshuam n\u00eb kish\u00ebn e shkat\u00ebrruar t\u00eb Sh\u00ebn Spiridhonit. Nj\u00eb her\u00eb tjet\u00ebr meshuam n\u00eb kish\u00ebn e Sh\u00ebn Thomait, s\u00eb cil\u00ebs i kishin mbetur vet\u00ebm muret rrethuese. M\u00eb kujtohet gjithashtu kur n\u00eb vitin 1994 b\u00ebm\u00eb themelimin e k\u00ebsaj kishe, t\u00eb Sh\u00ebn Dhimitrit. At\u00ebher\u00eb ishte koh\u00eb e v\u00ebshtir\u00eb, kishte r\u00ebn\u00eb kolera n\u00eb Berat. Kisha porosituri ila\u00e7e p\u00ebr t\u00eb s\u00ebmur\u00ebt dhe aparatura p\u00ebr spitalin. Besoj se pjesa m\u00eb e madhe k\u00ebtu i kujtojn\u00eb, kurse t\u00eb rinjt\u00eb \u00ebsht\u00eb mir\u00eb t\u2019i m\u00ebsojn\u00eb.<\/span><\/span><\/span><\/div>\n<div style=\"text-align: justify;\">\n\t<br \/>\n\t<span style=\"color:#000000;\"><span style=\"font-family: tahoma,geneva,sans-serif;\"><span style=\"font-size: 12px;\">&nbsp; &nbsp; Erdha pik\u00ebrisht n\u00eb k\u00ebt\u00eb vend, p\u00ebr t\u00eb b\u00ebr\u00eb themelimin e kish\u00ebs. At\u00ebher\u00eb autoritetet shtet\u00ebrore nuk ishin shum\u00eb pozitive ndaj Kish\u00ebs Orthodhokse. Ishte koha kur donin t\u00eb zbonin Kryepiskopin, si dhe t\u00eb ndalnin p\u00ebrparimin e Kish\u00ebs Orthodhokse n\u00eb Shqip\u00ebri. Ndodheshim k\u00ebtu k\u00ebtu t\u00eb vet\u00ebm, bashk\u00eb me protopresviterin Jani Trebicka. Larg nesh q\u00ebndronin disa besimtar\u00eb q\u00eb na ndiqnin me mjaft shqet\u00ebsim, se \u00e7far\u00eb do t\u00eb ndodhte, dhe disa polic\u00eb, t\u00eb cil\u00ebt i pengonin ata q\u00eb t\u00eb afroheshin. Ishte nj\u00eb themelim i \u00e7uditsh\u00ebm, brenda heshtjes dhe persekutimit. Nuk mund ta shlyej nga kujtesa ime at\u00eb pasdite.<\/span><\/span><\/span><\/div>\n<div style=\"text-align: justify;\">\n\t<br \/>\n\t<span style=\"color:#000000;\"><span style=\"font-family: tahoma,geneva,sans-serif;\"><span style=\"font-size: 12px;\">&nbsp;&nbsp;&nbsp; Kaluan disa vite ku nuk pat\u00ebm mund\u00ebsi t\u00eb fillonim punimet p\u00ebr nd\u00ebrtimin e kish\u00ebs. U b\u00ebn\u00eb shum\u00eb p\u00ebrpjekje q\u00eb t\u00eb grumbullonim parat\u00eb dhe, lavdi Zotit, sot kemi k\u00ebt\u00eb kish\u00eb katedrale kaq t\u00eb bukur. G\u00ebzimi im m\u00eb i madh \u00ebsht\u00eb q\u00eb ju keni Mitropolit, v\u00ebllan\u00eb tim m\u00eb Krishtin, zotin Ignat, i cili me shum\u00eb zell dhe dashuri kujdeset p\u00ebr baritimin e k\u00ebsaj mitropolie, t\u00eb cil\u00ebn para se t\u00eb vinte ai e kisha un\u00eb n\u00ebn kujdes.<\/span><\/span><\/span><\/div>\n<div style=\"text-align: justify;\">\n\t<br \/>\n\t<span style=\"color:#000000;\"><span style=\"font-family: tahoma,geneva,sans-serif;\"><span style=\"font-size: 12px;\">&nbsp;&nbsp;&nbsp; Ka r\u00ebnd\u00ebsi t\u2019i kujtojm\u00eb ato vite dhe \u00e7aste t\u00eb v\u00ebshtira q\u00eb kemi kaluar. T\u00eb vjetrit e kujtojn\u00eb shum\u00eb mir\u00eb persekutimin dhe \u00e7do t\u00eb thot\u00eb t\u00eb jetosh pa kisha, pa prift\u00ebrinj dhe pa episkop\u00eb. T\u00eb rinjt\u00eb duhet t\u00eb pyesin m\u00eb t\u00eb m\u00ebdhenjt\u00eb se \u00e7far\u00eb ka ndodhur m\u00eb par\u00eb dhe t\u00eb fal\u00ebnderojn\u00eb Per\u00ebndin\u00eb p\u00ebr \u00e7far\u00eb ka falur gjat\u00eb k\u00ebtyre 20 vjet\u00ebve. Ka dy fjal\u00eb baz\u00eb n\u00eb Kish\u00ebn Orthodhokse. E para \u00ebsht\u00eb \u201cfal\u00ebnderimi\u201d, mir\u00ebnjohje p\u00ebr Per\u00ebndin\u00eb, p\u00ebr ato q\u00eb Ai na ka falur. Tjetra \u00ebsht\u00eb \u201cfalja\u201d, m\u00eb fal p\u00ebr m\u00ebkatet q\u00eb un\u00eb kam b\u00ebr\u00eb. K\u00ebto dy fjal\u00eb nuk p\u00ebrdoren shum\u00eb k\u00ebtu n\u00eb Shqip\u00ebri, por jan\u00eb p\u00ebrcaktuese n\u00eb identitetin ton\u00eb orthodhoks\u00eb. Mir\u00ebnjohje p\u00ebr Per\u00ebndin\u00eb, p\u00ebr ato q\u00eb Ai na ka falur dhe pendim p\u00ebr fajet q\u00eb kemi b\u00ebr\u00eb.E nd\u00ebrsa sot ne kremtojm\u00eb k\u00ebt\u00eb fest\u00eb t\u00eb madhe t\u00eb Sh\u00ebn Dhimitrit, ju uroj m\u00eb shum\u00eb g\u00ebzim, m\u00eb shum\u00eb paqe, me bekimin dhe dashurin\u00eb e Sh\u00ebn Dhimitrit. P\u00ebr shum\u00eb vjet! Me shum\u00eb dashuri, shpres\u00eb dhe kuraj\u00eb!\u201d<\/span><\/span><\/span><\/div>\n<div style=\"text-align: justify;\">\n\t<br \/>\n\t<span style=\"color:#000000;\"><span style=\"font-family: tahoma,geneva,sans-serif;\"><span style=\"font-size: 12px;\">&nbsp;&nbsp;&nbsp; N\u00ebn kujdesin e Mitropolis\u00eb s\u00eb Hirshme t\u00eb Beratit u organizua, nj\u00eb drek\u00eb p\u00ebr nder t\u00eb s\u00eb kremtes s\u00eb ndritshme t\u00eb Sh\u00ebn Dhimit\u00ebr Mirovlitit. Nderuan me pjes\u00ebmarrjen e tyre Kryepiskopi Anastas, autoritet m\u00eb t\u00eb larta vendore, si dhe besimtar\u00eb t\u00eb shumt\u00eb.<\/span><\/span><\/span><\/div>\n<div style=\"text-align: right;\">\n\t<br \/>\n\t<span style=\"color:#000000;\"><span style=\"font-family: tahoma,geneva,sans-serif;\"><span style=\"font-size: 12px;\"><strong>Joan Qako<\/strong><\/span><\/span><\/span><\/div>\n<div style=\"text-align: right;\">\n\t&nbsp;<\/div>\n<div style=\"text-align: justify;\">\n\t<span style=\"color:#000000;\"><span style=\"font-family: tahoma,geneva,sans-serif;\"><span style=\"font-size: 12px;\"><img class=\"lazyload\" decoding=\"async\" src=\"data:image\/gif;base64,R0lGODlhAQABAAAAACH5BAEKAAEALAAAAAABAAEAAAICTAEAOw==\" data-orig-src=\"https:\/\/lh4.googleusercontent.com\/-1h1ssM2H3xc\/UK9HMUjLtxI\/AAAAAAAABI4\/d0BHaGXj8fA\/s640\/1(1).jpg\" style=\"width: 600px; height: 348px; border-width: 1px; border-style: solid; margin: 10px; float: left;\" \/><\/span><\/span><\/span><\/div>\n<div style=\"text-align: justify;\">\n\t<span style=\"color:#000000;\"><span style=\"font-family: tahoma,geneva,sans-serif;\"><span style=\"font-size: 12px;\"><img class=\"lazyload\" decoding=\"async\" src=\"data:image\/gif;base64,R0lGODlhAQABAAAAACH5BAEKAAEALAAAAAABAAEAAAICTAEAOw==\" data-orig-src=\"https:\/\/lh3.googleusercontent.com\/-wlbIOEaRqg8\/UK9HSo_lw-I\/AAAAAAAABJw\/8lQATrIDN0s\/s640\/3.jpg\" style=\"width: 600px; height: 385px; border-width: 1px; border-style: solid; margin: 10px; float: left;\" \/><\/span><\/span><\/span><\/div>\n<div style=\"text-align: justify;\">\n\t<span style=\"color:#000000;\"><span style=\"font-family: tahoma,geneva,sans-serif;\"><span style=\"font-size: 12px;\"><img class=\"lazyload\" decoding=\"async\" src=\"data:image\/gif;base64,R0lGODlhAQABAAAAACH5BAEKAAEALAAAAAABAAEAAAICTAEAOw==\" data-orig-src=\"https:\/\/lh5.googleusercontent.com\/-SxBslpJPbNY\/UK9HN7iGHFI\/AAAAAAAABI8\/-S3gwFkpw1s\/s640\/12.jpg\" style=\"width: 600px; height: 400px; border-width: 1px; border-style: solid; margin: 10px; float: left;\" \/><\/span><\/span><\/span><\/div>\n<div style=\"text-align: justify;\">\n\t<span style=\"color:#000000;\"><span style=\"font-family: tahoma,geneva,sans-serif;\"><span style=\"font-size: 12px;\"><img class=\"lazyload\" decoding=\"async\" src=\"data:image\/gif;base64,R0lGODlhAQABAAAAACH5BAEKAAEALAAAAAABAAEAAAICTAEAOw==\" data-orig-src=\"https:\/\/lh6.googleusercontent.com\/-U-Jc9SOWLNc\/UK9HQIzSTnI\/AAAAAAAABJY\/Vc-dBcBACZE\/s640\/19.jpg\" style=\"width: 600px; height: 400px; border-width: 1px; border-style: solid; margin: 10px; float: left;\" \/><\/span><\/span><\/span><\/div>\n<div style=\"text-align: justify;\">\n\t<span style=\"color:#000000;\"><span style=\"font-family: tahoma,geneva,sans-serif;\"><span style=\"font-size: 12px;\"><img class=\"lazyload\" decoding=\"async\" src=\"data:image\/gif;base64,R0lGODlhAQABAAAAACH5BAEKAAEALAAAAAABAAEAAAICTAEAOw==\" data-orig-src=\"https:\/\/lh5.googleusercontent.com\/-MfbgsNFtfho\/UK9HRWiMu5I\/AAAAAAAABJk\/IMKuHHh-i-0\/s640\/29.jpg\" style=\"width: 600px; height: 330px; border-width: 1px; border-style: solid; margin: 10px; float: left;\" \/><\/span><\/span><\/span><\/div>\n<div style=\"text-align: justify;\">\n\t&nbsp;<\/div>\n<div style=\"text-align: justify;\">\n\t&nbsp;<\/div>\n<div style=\"text-align: justify;\">\n\t&nbsp;<\/div>\n<div style=\"text-align: justify;\">\n\t<br \/>\n\t&nbsp;<\/div>\n","protected":false},"excerpt":{"rendered":"<p>&nbsp;&nbsp;&nbsp; 26 tetori ishte nj\u00eb dit\u00eb e ve\u00e7ant\u00eb, e cila do t\u00eb mbetet gjat\u00eb n\u00eb kujtes\u00ebn e besimtar\u00ebve beratas. Tradicionalisht kjo e kremte p\u00ebrcillet me madh\u00ebshti n\u00eb qytet, sepse feston martiri i madh Sh\u00ebn Dhimit\u00ebr Mirovliti, emrin e t\u00eb cilit mban katedralja e Beratit. Kjo katedrale, e nd\u00ebrtuar t\u00ebr\u00ebsisht me fondet e siguruara nga Kryepiskopi Anastas, hapi dyert para 4 viteve dhe ngrihet madh\u00ebshtore n\u00eb<\/p>\n","protected":false},"author":1,"featured_media":0,"comment_status":"open","ping_status":"open","sticky":false,"template":"","format":"standard","meta":{"_acf_changed":false,"pagelayer_contact_templates":[],"_pagelayer_content":"","inline_featured_image":false,"fifu_image_url":"","fifu_image_alt":"","footnotes":""},"categories":[108],"tags":[142,196,201,212,197],"class_list":["post-890","post","type-post","status-publish","format-standard","hentry","category-lajme","tag-142","tag-tirane","tag-kryepiskopi-anastas","tag-lajme-d27","tag-berat"],"acf":[],"yoast_head":"<!-- This site is optimized with the Yoast SEO plugin v27.2 - https:\/\/yoast.com\/product\/yoast-seo-wordpress\/ -->\n<title>Kryepiskopi Anastas viziton Beratin n\u00eb Panairin e Sh\u00ebn Dhimitrit. (26 Tetor 2012) - Kisha Orthodh\u03bfkse Autoqefale e Shqip\u00ebris\u00eb<\/title>\n<meta name=\"robots\" content=\"index, follow, max-snippet:-1, max-image-preview:large, max-video-preview:-1\" \/>\n<link rel=\"canonical\" href=\"https:\/\/orthodoxalbania.org\/2020\/2013\/03\/21\/kryepiskopi-anastas-viziton-beratin-ne-panairin-e-shen-dhimitrit\/\" \/>\n<meta property=\"og:locale\" content=\"en_US\" \/>\n<meta property=\"og:type\" content=\"article\" \/>\n<meta property=\"og:title\" content=\"Kryepiskopi Anastas viziton Beratin n\u00eb Panairin e Sh\u00ebn Dhimitrit. (26 Tetor 2012) - Kisha Orthodh\u03bfkse Autoqefale e Shqip\u00ebris\u00eb\" \/>\n<meta property=\"og:description\" content=\"&nbsp;&nbsp;&nbsp; 26 tetori ishte nj\u00eb dit\u00eb e ve\u00e7ant\u00eb, e cila do t\u00eb mbetet gjat\u00eb n\u00eb kujtes\u00ebn e besimtar\u00ebve beratas. Tradicionalisht kjo e kremte p\u00ebrcillet me madh\u00ebshti n\u00eb qytet, sepse feston martiri i madh Sh\u00ebn Dhimit\u00ebr Mirovliti, emrin e t\u00eb cilit mban katedralja e Beratit. Kjo katedrale, e nd\u00ebrtuar t\u00ebr\u00ebsisht me fondet e siguruara nga Kryepiskopi Anastas, hapi dyert para 4 viteve dhe ngrihet madh\u00ebshtore n\u00eb\" \/>\n<meta property=\"og:url\" content=\"https:\/\/orthodoxalbania.org\/2020\/2013\/03\/21\/kryepiskopi-anastas-viziton-beratin-ne-panairin-e-shen-dhimitrit\/\" \/>\n<meta property=\"og:site_name\" content=\"Kisha Orthodh\u03bfkse Autoqefale e Shqip\u00ebris\u00eb\" \/>\n<meta property=\"article:publisher\" content=\"https:\/\/www.facebook.com\/koash1991\" \/>\n<meta property=\"article:published_time\" content=\"2013-03-21T12:25:46+00:00\" \/>\n<meta property=\"article:modified_time\" content=\"2020-04-06T20:05:56+00:00\" \/>\n<meta property=\"og:image\" content=\"https:\/\/lh3.googleusercontent.com\/-SECI6I_fpOA\/UK9HMqw55-I\/AAAAAAAABIw\/Jcmr2imjoCo\/s640\/11(1).jpg\" \/>\n<meta name=\"author\" content=\"Kisha Orthodhokse\" \/>\n<meta name=\"twitter:card\" content=\"summary_large_image\" \/>\n<meta name=\"twitter:label1\" content=\"Written by\" \/>\n\t<meta name=\"twitter:data1\" content=\"Kisha Orthodhokse\" \/>\n\t<meta name=\"twitter:label2\" content=\"Est. reading time\" \/>\n\t<meta name=\"twitter:data2\" content=\"6 minutes\" \/>\n<script type=\"application\/ld+json\" class=\"yoast-schema-graph\">{\"@context\":\"https:\/\/schema.org\",\"@graph\":[{\"@type\":\"Article\",\"@id\":\"https:\/\/orthodoxalbania.org\/2020\/2013\/03\/21\/kryepiskopi-anastas-viziton-beratin-ne-panairin-e-shen-dhimitrit\/#article\",\"isPartOf\":{\"@id\":\"https:\/\/orthodoxalbania.org\/2020\/2013\/03\/21\/kryepiskopi-anastas-viziton-beratin-ne-panairin-e-shen-dhimitrit\/\"},\"author\":{\"name\":\"Kisha Orthodhokse\",\"@id\":\"https:\/\/orthodoxalbania.org\/2020\/#\/schema\/person\/0c387634a7063ac612d7ed9ce71c7e86\"},\"headline\":\"Kryepiskopi Anastas viziton Beratin n\u00eb Panairin e Sh\u00ebn Dhimitrit. (26 Tetor 2012)\",\"datePublished\":\"2013-03-21T12:25:46+00:00\",\"dateModified\":\"2020-04-06T20:05:56+00:00\",\"mainEntityOfPage\":{\"@id\":\"https:\/\/orthodoxalbania.org\/2020\/2013\/03\/21\/kryepiskopi-anastas-viziton-beratin-ne-panairin-e-shen-dhimitrit\/\"},\"wordCount\":1161,\"commentCount\":0,\"publisher\":{\"@id\":\"https:\/\/orthodoxalbania.org\/2020\/#organization\"},\"image\":{\"@id\":\"https:\/\/orthodoxalbania.org\/2020\/2013\/03\/21\/kryepiskopi-anastas-viziton-beratin-ne-panairin-e-shen-dhimitrit\/#primaryimage\"},\"thumbnailUrl\":\"https:\/\/lh3.googleusercontent.com\/-SECI6I_fpOA\/UK9HMqw55-I\/AAAAAAAABIw\/Jcmr2imjoCo\/s640\/11(1).jpg\",\"keywords\":[\"2012\",\"Kryepiskopata Tiran\u00eb\",\"Kryepiskopi Anastas\",\"lajme\",\"Mitropolia Berat\"],\"articleSection\":[\"Lajme\"],\"inLanguage\":\"en-US\"},{\"@type\":\"WebPage\",\"@id\":\"https:\/\/orthodoxalbania.org\/2020\/2013\/03\/21\/kryepiskopi-anastas-viziton-beratin-ne-panairin-e-shen-dhimitrit\/\",\"url\":\"https:\/\/orthodoxalbania.org\/2020\/2013\/03\/21\/kryepiskopi-anastas-viziton-beratin-ne-panairin-e-shen-dhimitrit\/\",\"name\":\"Kryepiskopi Anastas viziton Beratin n\u00eb Panairin e Sh\u00ebn Dhimitrit. (26 Tetor 2012) - Kisha Orthodh\u03bfkse Autoqefale e Shqip\u00ebris\u00eb\",\"isPartOf\":{\"@id\":\"https:\/\/orthodoxalbania.org\/2020\/#website\"},\"primaryImageOfPage\":{\"@id\":\"https:\/\/orthodoxalbania.org\/2020\/2013\/03\/21\/kryepiskopi-anastas-viziton-beratin-ne-panairin-e-shen-dhimitrit\/#primaryimage\"},\"image\":{\"@id\":\"https:\/\/orthodoxalbania.org\/2020\/2013\/03\/21\/kryepiskopi-anastas-viziton-beratin-ne-panairin-e-shen-dhimitrit\/#primaryimage\"},\"thumbnailUrl\":\"https:\/\/lh3.googleusercontent.com\/-SECI6I_fpOA\/UK9HMqw55-I\/AAAAAAAABIw\/Jcmr2imjoCo\/s640\/11(1).jpg\",\"datePublished\":\"2013-03-21T12:25:46+00:00\",\"dateModified\":\"2020-04-06T20:05:56+00:00\",\"breadcrumb\":{\"@id\":\"https:\/\/orthodoxalbania.org\/2020\/2013\/03\/21\/kryepiskopi-anastas-viziton-beratin-ne-panairin-e-shen-dhimitrit\/#breadcrumb\"},\"inLanguage\":\"en-US\",\"potentialAction\":[{\"@type\":\"ReadAction\",\"target\":[\"https:\/\/orthodoxalbania.org\/2020\/2013\/03\/21\/kryepiskopi-anastas-viziton-beratin-ne-panairin-e-shen-dhimitrit\/\"]}]},{\"@type\":\"ImageObject\",\"inLanguage\":\"en-US\",\"@id\":\"https:\/\/orthodoxalbania.org\/2020\/2013\/03\/21\/kryepiskopi-anastas-viziton-beratin-ne-panairin-e-shen-dhimitrit\/#primaryimage\",\"url\":\"https:\/\/lh3.googleusercontent.com\/-SECI6I_fpOA\/UK9HMqw55-I\/AAAAAAAABIw\/Jcmr2imjoCo\/s640\/11(1).jpg\",\"contentUrl\":\"https:\/\/lh3.googleusercontent.com\/-SECI6I_fpOA\/UK9HMqw55-I\/AAAAAAAABIw\/Jcmr2imjoCo\/s640\/11(1).jpg\"},{\"@type\":\"BreadcrumbList\",\"@id\":\"https:\/\/orthodoxalbania.org\/2020\/2013\/03\/21\/kryepiskopi-anastas-viziton-beratin-ne-panairin-e-shen-dhimitrit\/#breadcrumb\",\"itemListElement\":[{\"@type\":\"ListItem\",\"position\":1,\"name\":\"Home\",\"item\":\"https:\/\/orthodoxalbania.org\/2020\/\"},{\"@type\":\"ListItem\",\"position\":2,\"name\":\"Kryepiskopi Anastas viziton Beratin n\u00eb Panairin e Sh\u00ebn Dhimitrit. (26 Tetor 2012)\"}]},{\"@type\":\"WebSite\",\"@id\":\"https:\/\/orthodoxalbania.org\/2020\/#website\",\"url\":\"https:\/\/orthodoxalbania.org\/2020\/\",\"name\":\"Kisha Orthodh\u03bfkse Autoqefale e Shqip\u00ebris\u00eb\",\"description\":\"Fqja Zyrtare e Kish\u00ebs Orthodhokse Autoqefale e Shqip\u00ebris\u00eb me lajmet edhe informacionet zyrtare p\u00ebr struktur\u00ebn edhe veprimtarin e saj.\",\"publisher\":{\"@id\":\"https:\/\/orthodoxalbania.org\/2020\/#organization\"},\"potentialAction\":[{\"@type\":\"SearchAction\",\"target\":{\"@type\":\"EntryPoint\",\"urlTemplate\":\"https:\/\/orthodoxalbania.org\/2020\/?s={search_term_string}\"},\"query-input\":{\"@type\":\"PropertyValueSpecification\",\"valueRequired\":true,\"valueName\":\"search_term_string\"}}],\"inLanguage\":\"en-US\"},{\"@type\":\"Organization\",\"@id\":\"https:\/\/orthodoxalbania.org\/2020\/#organization\",\"name\":\"Kisha Orthodhokse Autoqefale e Shqip\u00ebris\u00eb\",\"url\":\"https:\/\/orthodoxalbania.org\/2020\/\",\"logo\":{\"@type\":\"ImageObject\",\"inLanguage\":\"en-US\",\"@id\":\"https:\/\/orthodoxalbania.org\/2020\/#\/schema\/logo\/image\/\",\"url\":\"https:\/\/orthodoxalbania.org\/2020\/wp-content\/uploads\/2020\/05\/albania.jpeg\",\"contentUrl\":\"https:\/\/orthodoxalbania.org\/2020\/wp-content\/uploads\/2020\/05\/albania.jpeg\",\"width\":540,\"height\":540,\"caption\":\"Kisha Orthodhokse Autoqefale e Shqip\u00ebris\u00eb\"},\"image\":{\"@id\":\"https:\/\/orthodoxalbania.org\/2020\/#\/schema\/logo\/image\/\"},\"sameAs\":[\"https:\/\/www.facebook.com\/koash1991\"]},{\"@type\":\"Person\",\"@id\":\"https:\/\/orthodoxalbania.org\/2020\/#\/schema\/person\/0c387634a7063ac612d7ed9ce71c7e86\",\"name\":\"Kisha Orthodhokse\",\"image\":{\"@type\":\"ImageObject\",\"inLanguage\":\"en-US\",\"@id\":\"https:\/\/secure.gravatar.com\/avatar\/596e7c417251e30f2fbb9c00e026fce61a695a00e51c889caded71c96cbbdde5?s=96&d=mm&r=g\",\"url\":\"https:\/\/secure.gravatar.com\/avatar\/596e7c417251e30f2fbb9c00e026fce61a695a00e51c889caded71c96cbbdde5?s=96&d=mm&r=g\",\"contentUrl\":\"https:\/\/secure.gravatar.com\/avatar\/596e7c417251e30f2fbb9c00e026fce61a695a00e51c889caded71c96cbbdde5?s=96&d=mm&r=g\",\"caption\":\"Kisha Orthodhokse\"}}]}<\/script>\n<!-- \/ Yoast SEO plugin. -->","yoast_head_json":{"title":"Kryepiskopi Anastas viziton Beratin n\u00eb Panairin e Sh\u00ebn Dhimitrit. (26 Tetor 2012) - Kisha Orthodh\u03bfkse Autoqefale e Shqip\u00ebris\u00eb","robots":{"index":"index","follow":"follow","max-snippet":"max-snippet:-1","max-image-preview":"max-image-preview:large","max-video-preview":"max-video-preview:-1"},"canonical":"https:\/\/orthodoxalbania.org\/2020\/2013\/03\/21\/kryepiskopi-anastas-viziton-beratin-ne-panairin-e-shen-dhimitrit\/","og_locale":"en_US","og_type":"article","og_title":"Kryepiskopi Anastas viziton Beratin n\u00eb Panairin e Sh\u00ebn Dhimitrit. (26 Tetor 2012) - Kisha Orthodh\u03bfkse Autoqefale e Shqip\u00ebris\u00eb","og_description":"&nbsp;&nbsp;&nbsp; 26 tetori ishte nj\u00eb dit\u00eb e ve\u00e7ant\u00eb, e cila do t\u00eb mbetet gjat\u00eb n\u00eb kujtes\u00ebn e besimtar\u00ebve beratas. Tradicionalisht kjo e kremte p\u00ebrcillet me madh\u00ebshti n\u00eb qytet, sepse feston martiri i madh Sh\u00ebn Dhimit\u00ebr Mirovliti, emrin e t\u00eb cilit mban katedralja e Beratit. Kjo katedrale, e nd\u00ebrtuar t\u00ebr\u00ebsisht me fondet e siguruara nga Kryepiskopi Anastas, hapi dyert para 4 viteve dhe ngrihet madh\u00ebshtore n\u00eb","og_url":"https:\/\/orthodoxalbania.org\/2020\/2013\/03\/21\/kryepiskopi-anastas-viziton-beratin-ne-panairin-e-shen-dhimitrit\/","og_site_name":"Kisha Orthodh\u03bfkse Autoqefale e Shqip\u00ebris\u00eb","article_publisher":"https:\/\/www.facebook.com\/koash1991","article_published_time":"2013-03-21T12:25:46+00:00","article_modified_time":"2020-04-06T20:05:56+00:00","og_image":[{"url":"https:\/\/lh3.googleusercontent.com\/-SECI6I_fpOA\/UK9HMqw55-I\/AAAAAAAABIw\/Jcmr2imjoCo\/s640\/11(1).jpg","type":"","width":"","height":""}],"author":"Kisha Orthodhokse","twitter_card":"summary_large_image","twitter_misc":{"Written by":"Kisha Orthodhokse","Est. reading time":"6 minutes"},"schema":{"@context":"https:\/\/schema.org","@graph":[{"@type":"Article","@id":"https:\/\/orthodoxalbania.org\/2020\/2013\/03\/21\/kryepiskopi-anastas-viziton-beratin-ne-panairin-e-shen-dhimitrit\/#article","isPartOf":{"@id":"https:\/\/orthodoxalbania.org\/2020\/2013\/03\/21\/kryepiskopi-anastas-viziton-beratin-ne-panairin-e-shen-dhimitrit\/"},"author":{"name":"Kisha Orthodhokse","@id":"https:\/\/orthodoxalbania.org\/2020\/#\/schema\/person\/0c387634a7063ac612d7ed9ce71c7e86"},"headline":"Kryepiskopi Anastas viziton Beratin n\u00eb Panairin e Sh\u00ebn Dhimitrit. (26 Tetor 2012)","datePublished":"2013-03-21T12:25:46+00:00","dateModified":"2020-04-06T20:05:56+00:00","mainEntityOfPage":{"@id":"https:\/\/orthodoxalbania.org\/2020\/2013\/03\/21\/kryepiskopi-anastas-viziton-beratin-ne-panairin-e-shen-dhimitrit\/"},"wordCount":1161,"commentCount":0,"publisher":{"@id":"https:\/\/orthodoxalbania.org\/2020\/#organization"},"image":{"@id":"https:\/\/orthodoxalbania.org\/2020\/2013\/03\/21\/kryepiskopi-anastas-viziton-beratin-ne-panairin-e-shen-dhimitrit\/#primaryimage"},"thumbnailUrl":"https:\/\/lh3.googleusercontent.com\/-SECI6I_fpOA\/UK9HMqw55-I\/AAAAAAAABIw\/Jcmr2imjoCo\/s640\/11(1).jpg","keywords":["2012","Kryepiskopata Tiran\u00eb","Kryepiskopi Anastas","lajme","Mitropolia Berat"],"articleSection":["Lajme"],"inLanguage":"en-US"},{"@type":"WebPage","@id":"https:\/\/orthodoxalbania.org\/2020\/2013\/03\/21\/kryepiskopi-anastas-viziton-beratin-ne-panairin-e-shen-dhimitrit\/","url":"https:\/\/orthodoxalbania.org\/2020\/2013\/03\/21\/kryepiskopi-anastas-viziton-beratin-ne-panairin-e-shen-dhimitrit\/","name":"Kryepiskopi Anastas viziton Beratin n\u00eb Panairin e Sh\u00ebn Dhimitrit. (26 Tetor 2012) - Kisha Orthodh\u03bfkse Autoqefale e Shqip\u00ebris\u00eb","isPartOf":{"@id":"https:\/\/orthodoxalbania.org\/2020\/#website"},"primaryImageOfPage":{"@id":"https:\/\/orthodoxalbania.org\/2020\/2013\/03\/21\/kryepiskopi-anastas-viziton-beratin-ne-panairin-e-shen-dhimitrit\/#primaryimage"},"image":{"@id":"https:\/\/orthodoxalbania.org\/2020\/2013\/03\/21\/kryepiskopi-anastas-viziton-beratin-ne-panairin-e-shen-dhimitrit\/#primaryimage"},"thumbnailUrl":"https:\/\/lh3.googleusercontent.com\/-SECI6I_fpOA\/UK9HMqw55-I\/AAAAAAAABIw\/Jcmr2imjoCo\/s640\/11(1).jpg","datePublished":"2013-03-21T12:25:46+00:00","dateModified":"2020-04-06T20:05:56+00:00","breadcrumb":{"@id":"https:\/\/orthodoxalbania.org\/2020\/2013\/03\/21\/kryepiskopi-anastas-viziton-beratin-ne-panairin-e-shen-dhimitrit\/#breadcrumb"},"inLanguage":"en-US","potentialAction":[{"@type":"ReadAction","target":["https:\/\/orthodoxalbania.org\/2020\/2013\/03\/21\/kryepiskopi-anastas-viziton-beratin-ne-panairin-e-shen-dhimitrit\/"]}]},{"@type":"ImageObject","inLanguage":"en-US","@id":"https:\/\/orthodoxalbania.org\/2020\/2013\/03\/21\/kryepiskopi-anastas-viziton-beratin-ne-panairin-e-shen-dhimitrit\/#primaryimage","url":"https:\/\/lh3.googleusercontent.com\/-SECI6I_fpOA\/UK9HMqw55-I\/AAAAAAAABIw\/Jcmr2imjoCo\/s640\/11(1).jpg","contentUrl":"https:\/\/lh3.googleusercontent.com\/-SECI6I_fpOA\/UK9HMqw55-I\/AAAAAAAABIw\/Jcmr2imjoCo\/s640\/11(1).jpg"},{"@type":"BreadcrumbList","@id":"https:\/\/orthodoxalbania.org\/2020\/2013\/03\/21\/kryepiskopi-anastas-viziton-beratin-ne-panairin-e-shen-dhimitrit\/#breadcrumb","itemListElement":[{"@type":"ListItem","position":1,"name":"Home","item":"https:\/\/orthodoxalbania.org\/2020\/"},{"@type":"ListItem","position":2,"name":"Kryepiskopi Anastas viziton Beratin n\u00eb Panairin e Sh\u00ebn Dhimitrit. (26 Tetor 2012)"}]},{"@type":"WebSite","@id":"https:\/\/orthodoxalbania.org\/2020\/#website","url":"https:\/\/orthodoxalbania.org\/2020\/","name":"Kisha Orthodh\u03bfkse Autoqefale e Shqip\u00ebris\u00eb","description":"Fqja Zyrtare e Kish\u00ebs Orthodhokse Autoqefale e Shqip\u00ebris\u00eb me lajmet edhe informacionet zyrtare p\u00ebr struktur\u00ebn edhe veprimtarin e saj.","publisher":{"@id":"https:\/\/orthodoxalbania.org\/2020\/#organization"},"potentialAction":[{"@type":"SearchAction","target":{"@type":"EntryPoint","urlTemplate":"https:\/\/orthodoxalbania.org\/2020\/?s={search_term_string}"},"query-input":{"@type":"PropertyValueSpecification","valueRequired":true,"valueName":"search_term_string"}}],"inLanguage":"en-US"},{"@type":"Organization","@id":"https:\/\/orthodoxalbania.org\/2020\/#organization","name":"Kisha Orthodhokse Autoqefale e Shqip\u00ebris\u00eb","url":"https:\/\/orthodoxalbania.org\/2020\/","logo":{"@type":"ImageObject","inLanguage":"en-US","@id":"https:\/\/orthodoxalbania.org\/2020\/#\/schema\/logo\/image\/","url":"https:\/\/orthodoxalbania.org\/2020\/wp-content\/uploads\/2020\/05\/albania.jpeg","contentUrl":"https:\/\/orthodoxalbania.org\/2020\/wp-content\/uploads\/2020\/05\/albania.jpeg","width":540,"height":540,"caption":"Kisha Orthodhokse Autoqefale e Shqip\u00ebris\u00eb"},"image":{"@id":"https:\/\/orthodoxalbania.org\/2020\/#\/schema\/logo\/image\/"},"sameAs":["https:\/\/www.facebook.com\/koash1991"]},{"@type":"Person","@id":"https:\/\/orthodoxalbania.org\/2020\/#\/schema\/person\/0c387634a7063ac612d7ed9ce71c7e86","name":"Kisha Orthodhokse","image":{"@type":"ImageObject","inLanguage":"en-US","@id":"https:\/\/secure.gravatar.com\/avatar\/596e7c417251e30f2fbb9c00e026fce61a695a00e51c889caded71c96cbbdde5?s=96&d=mm&r=g","url":"https:\/\/secure.gravatar.com\/avatar\/596e7c417251e30f2fbb9c00e026fce61a695a00e51c889caded71c96cbbdde5?s=96&d=mm&r=g","contentUrl":"https:\/\/secure.gravatar.com\/avatar\/596e7c417251e30f2fbb9c00e026fce61a695a00e51c889caded71c96cbbdde5?s=96&d=mm&r=g","caption":"Kisha Orthodhokse"}}]}},"_links":{"self":[{"href":"https:\/\/orthodoxalbania.org\/2020\/wp-json\/wp\/v2\/posts\/890","targetHints":{"allow":["GET"]}}],"collection":[{"href":"https:\/\/orthodoxalbania.org\/2020\/wp-json\/wp\/v2\/posts"}],"about":[{"href":"https:\/\/orthodoxalbania.org\/2020\/wp-json\/wp\/v2\/types\/post"}],"author":[{"embeddable":true,"href":"https:\/\/orthodoxalbania.org\/2020\/wp-json\/wp\/v2\/users\/1"}],"replies":[{"embeddable":true,"href":"https:\/\/orthodoxalbania.org\/2020\/wp-json\/wp\/v2\/comments?post=890"}],"version-history":[{"count":1,"href":"https:\/\/orthodoxalbania.org\/2020\/wp-json\/wp\/v2\/posts\/890\/revisions"}],"predecessor-version":[{"id":15285,"href":"https:\/\/orthodoxalbania.org\/2020\/wp-json\/wp\/v2\/posts\/890\/revisions\/15285"}],"wp:attachment":[{"href":"https:\/\/orthodoxalbania.org\/2020\/wp-json\/wp\/v2\/media?parent=890"}],"wp:term":[{"taxonomy":"category","embeddable":true,"href":"https:\/\/orthodoxalbania.org\/2020\/wp-json\/wp\/v2\/categories?post=890"},{"taxonomy":"post_tag","embeddable":true,"href":"https:\/\/orthodoxalbania.org\/2020\/wp-json\/wp\/v2\/tags?post=890"}],"curies":[{"name":"wp","href":"https:\/\/api.w.org\/{rel}","templated":true}]}}