{"id":889,"date":"2013-03-20T12:50:27","date_gmt":"2013-03-20T12:50:27","guid":{"rendered":""},"modified":"2020-04-06T22:32:24","modified_gmt":"2020-04-06T20:32:24","slug":"kryepiskopi-anastas-vendos-gurin-e-themelit-per-kishen-e-re-katedrale-te-ngjalljes-se-zotit-ne-gjirokaster","status":"publish","type":"post","link":"https:\/\/orthodoxalbania.org\/2020\/2013\/03\/20\/kryepiskopi-anastas-vendos-gurin-e-themelit-per-kishen-e-re-katedrale-te-ngjalljes-se-zotit-ne-gjirokaster\/","title":{"rendered":"Kryepiskopi Anastas vendos gurin e themelit p\u00ebr kish\u00ebn e re katedrale t\u00eb Ngjalljes s\u00eb Zotit, n\u00eb Gjirokast\u00ebr. (20 Qershor 2010)"},"content":{"rendered":"<p style=\"text-align: justify;\"><span style=\"font-size: 10pt; font-family: tahoma,arial,helvetica,sans-serif; color: #000000;\"><img decoding=\"async\" class=\"lazyload HAa Eha\" style=\"height: 389px; width: 259px; border-width: 1px; border-style: solid; margin: 10px; float: left;\" alt=\"\" src=\"data:image\/gif;base64,R0lGODlhAQABAAAAACH5BAEKAAEALAAAAAABAAEAAAICTAEAOw==\" data-orig-src=\"https:\/\/lh5.googleusercontent.com\/-bR7xbqcNmLY\/U_7i74oqGOI\/AAAAAAAABkA\/2-2Rgb6htgU\/w400-h600-no\/1_400x600.jpg\" \/>&nbsp;&nbsp;&nbsp; Bekim i ve\u00e7ant\u00eb ishte p\u00ebr Gjirokastr\u00ebn vizita e Fortlumturis\u00eb s\u00eb Tij, Kryepiskopit t\u00eb Tiran\u00ebs dhe gjith\u00eb Shqip\u00ebris\u00eb, Anastasit. Duke ardhur nga Qiproja, ku Universiteti i saj, n\u00eb nj\u00eb ceremoni t\u00eb shk\u00eblqyer, e shpalli \u201cDoktor Nderi\u201d, Kryepiskopi mbushi me g\u00ebzim edhe zemrat e besimtar\u00ebve n\u00eb Mitropolin\u00eb e Gjirokastr\u00ebs. <\/span><\/p>\n<p style=\"text-align: justify;\"><span style=\"font-size: 10pt; font-family: tahoma,arial,helvetica,sans-serif; color: #000000;\">&nbsp;&nbsp; T\u00eb diel\u00ebn, 20 qershor, n\u00eb kish\u00ebn e Kryeengj\u00ebjve n\u00eb Varrosh, Fortlumturia e Tij, s\u00eb bashku me Mitropolitin e Gjirokastr\u00ebs, Hir\u00ebsin\u00eb e Tij Dhimitrin, kryesoi Liturgjin\u00eb Hyjnore Arkihieratike. Kisha ishte e mbushur p\u00ebrplot me besimtar\u00eb jo vet\u00ebm nga qyteti, por nga t\u00eb gjitha zonat e Mitropolis\u00eb. Binte n\u00eb sy edhe prania e shum\u00eb t\u00eb rinjve nga grupet e katekizmit dhe shkollat e Kish\u00ebs son\u00eb.<\/span><\/p>\n<p style=\"text-align: justify;\"><span style=\"font-size: 10pt; font-family: tahoma,arial,helvetica,sans-serif; color: #000000;\">&nbsp;&nbsp;&nbsp;&nbsp; Kryepiskopi, n\u00eb predikimin e tij, duke iu referuar Ungjillit t\u00eb dit\u00ebs dhe historis\u00eb s\u00eb mrekullueshme t\u00eb centurionit q\u00eb tregohet n\u00eb t\u00eb, i nxiti edhe nj\u00eb her\u00eb tjet\u00ebr besimtar\u00ebt t\u00eb p\u00ebrpiqen akoma m\u00eb shum\u00eb q\u00eb t\u00eb p\u00ebrforcojn\u00eb, t\u00eb shtojn\u00eb dhe t\u00eb kultivojn\u00eb besimin e tyre. Besimi Orthodhoks \u00ebsht\u00eb i gjall\u00eb, \u00ebsht\u00eb nj\u00eb marr\u00ebdh\u00ebnie personale me Krishtin Per\u00ebndi, nuk \u00ebsht\u00eb thjesht nj\u00eb sistem vlerash dhe rregullash morale. Dhe q\u00eb t\u00eb p\u00ebrforcohet ai, sikund\u00ebr tregon edhe historia e Ungjillit t\u00eb dit\u00ebs, besimin ton\u00eb duhet ta manifestojm\u00eb me dashurin\u00eb ndaj t\u00eb tjer\u00ebve dhe k\u00ebt\u00eb dashuri ta shprehim me p\u00ebrul\u00ebsi. <\/span><\/p>\n<p style=\"text-align: justify;\"><span style=\"font-size: 10pt; font-family: tahoma,arial,helvetica,sans-serif; color: #000000;\"><img decoding=\"async\" class=\"lazyload HAa Eha\" style=\"border-width: 1px; border-style: solid; margin: 10px; float: right;\" alt=\"\" src=\"data:image\/svg+xml,%3Csvg%20xmlns%3D%27http%3A%2F%2Fwww.w3.org%2F2000%2Fsvg%27%20width%3D%27248%27%20height%3D%27165%27%20viewBox%3D%270%200%20248%20165%27%3E%3Crect%20width%3D%27248%27%20height%3D%27165%27%20fill-opacity%3D%220%22%2F%3E%3C%2Fsvg%3E\" data-orig-src=\"https:\/\/lh4.googleusercontent.com\/-dUBDXM7WlTo\/U_7i7wHVroI\/AAAAAAAABj8\/lUUHQoN5BQo\/w600-h400-no\/2_600x400.jpg\" height=\"165\" width=\"248\" \/>&nbsp;&nbsp;&nbsp; Pas Liturgjis\u00eb, t\u00eb gjith\u00eb pjes\u00ebmarr\u00ebsit dhe shum\u00eb qytetar\u00eb t\u00eb tjer\u00eb u nis\u00ebn n\u00eb drejtim t\u00eb truallit, i cili ndodhet n\u00eb nj\u00eb pik\u00eb qendrore t\u00eb qytetit, ku do t\u00eb nd\u00ebrtohet Kisha e re Katedrale e Gjirokastr\u00ebs. Vendosjen e Gurit t\u00eb Themelit s\u00eb bashku me Akolluthin\u00eb e Ajazm\u00ebs e kreu Kryepiskopi Anastas. Vet\u00eb Fortlumturia e Tij, u kujdes p\u00ebr blerjen e k\u00ebtij trualli disa vite m\u00eb par\u00eb, si edhe p\u00ebr realizimin e studimit dhe projekteve p\u00ebr k\u00ebt\u00eb vep\u00ebr kaq t\u00eb r\u00ebnd\u00ebsishme p\u00ebr gjith\u00eb Mitropolin\u00eb. Kryepiskopi, pasi foli p\u00ebr pengesat e shumta q\u00eb ekzistonin deri m\u00eb sot lidhur me lejen e nd\u00ebrtimit t\u00eb katedrales, komunikoi nj\u00eb lajm tjet\u00ebr t\u00eb g\u00ebzuar: Bashk\u00eb me kish\u00ebn do t\u00eb nd\u00ebrtohet edhe nj\u00eb godin\u00eb p\u00ebr kompleksin arsimor kishtar, sall\u00eb p\u00ebr veprimtari shpirt\u00ebrore e kulturore etj.<\/span><\/p>\n<p style=\"text-align: justify;\"><span style=\"font-size: 10pt; font-family: tahoma,arial,helvetica,sans-serif; color: #000000;\"><img decoding=\"async\" class=\"lazyload HAa Eha\" style=\"border-width: 1px; border-style: solid; margin: 10px; float: left;\" alt=\"\" src=\"data:image\/svg+xml,%3Csvg%20xmlns%3D%27http%3A%2F%2Fwww.w3.org%2F2000%2Fsvg%27%20width%3D%27304%27%20height%3D%27203%27%20viewBox%3D%270%200%20304%20203%27%3E%3Crect%20width%3D%27304%27%20height%3D%27203%27%20fill-opacity%3D%220%22%2F%3E%3C%2Fsvg%3E\" data-orig-src=\"https:\/\/lh5.googleusercontent.com\/-JKCJN_-hGqc\/U_7i84uE53I\/AAAAAAAABkM\/PsehB0HopRY\/w600-h400-no\/5_600x400.jpg\" height=\"203\" width=\"304\" \/>&nbsp;&nbsp;&nbsp; N\u00eb ceremoni merrnin pjes\u00eb edhe Ministri i Pun\u00ebs, z. S. Ksera, Kryetari i Bashkis\u00eb s\u00eb Gjirokastr\u00ebs z. F. Bime, Konsulli i P\u00ebrgjithsh\u00ebm i Greqis\u00eb n\u00eb Gjirokast\u00ebr, z. J. Rizopullos, deputeti dhe Kryetar i PBDNJ, z. Vangjel Dule, p\u00ebrfaq\u00ebsues t\u00eb tjer\u00eb t\u00eb pushtetit lokal etj. <\/span><\/p>\n<p style=\"text-align: justify;\"><span style=\"font-size: 10pt; font-family: tahoma,arial,helvetica,sans-serif; color: #000000;\">&nbsp;&nbsp;&nbsp; Sh\u00ebrbesa ishte nj\u00eb rast q\u00eb Kryepiskopi t\u00eb theksoj\u00eb edhe nj\u00eb her\u00eb tjet\u00ebr r\u00ebnd\u00ebsin\u00eb q\u00eb ka nd\u00ebrtimi i nj\u00eb kishe t\u00eb re orthodhokse, si qend\u00ebr lutjeje, v\u00ebllaz\u00ebrimi, paqtimi social, e cila duhet t\u00eb rrezatoj\u00eb kudo dashuri. Kryepiskopi foli gjithashtu p\u00ebr ndjeshm\u00ebrin\u00eb dhe p\u00ebrkujdesjen e Kish\u00ebs Orthodhokse p\u00ebr arkitektur\u00ebn e zgjedhur dhe p\u00ebr t\u00eb bukur\u00ebn n\u00eb p\u00ebrgjith\u00ebsi. N\u00eb k\u00ebt\u00eb kuad\u00ebr, bashk\u00eb me nd\u00ebrtimin e Kish\u00ebs, do t\u00eb nd\u00ebrhyhet edhe n\u00eb gjith\u00eb territorin p\u00ebrreth, duke e kthyer at\u00eb n\u00eb nj\u00eb mjedis t\u00eb bukur, q\u00eb do t\u2019i shtohet qytetit dhe q\u00eb ka p\u00ebr t\u00eb ngritur vler\u00ebn e gjith\u00eb zon\u00ebs ku ndodhet. Por edhe vet\u00eb nd\u00ebrtesa ka p\u00ebr t\u00eb shtuar shum\u00eb element\u00eb hijeshie arkitekturore n\u00eb nj\u00eb qytet q\u00eb \u00ebsht\u00eb i famsh\u00ebm p\u00ebr arkitektur\u00ebn e ve\u00e7ant\u00eb.<\/span><\/p>\n<p style=\"text-align: right;\"><span style=\"font-size: 10pt; font-family: tahoma,arial,helvetica,sans-serif; color: #000000;\"><\/span><br \/><strong><span style=\"font-size: 10pt; font-family: tahoma,arial,helvetica,sans-serif; color: #000000;\">Korrespondenti i gazet\u00ebs \u201cNgjallja\u201d<\/span><\/strong><\/p>\n<table style=\"width: 856px; height: 326px;\">\n<tbody>\n<tr>\n<td>\n<div><span style=\"color: #000000; font-size: 10pt; font-family: tahoma,arial,helvetica,sans-serif;\"><img decoding=\"async\" class=\"lazyload HAa Eha\" style=\"height: 267px; width: 400px; border-width: 1px; border-style: solid; margin: 10px auto; display: block;\" alt=\"\" src=\"data:image\/gif;base64,R0lGODlhAQABAAAAACH5BAEKAAEALAAAAAABAAEAAAICTAEAOw==\" data-orig-src=\"https:\/\/lh6.googleusercontent.com\/-ny9ADHJWIi8\/U_7i8hDI3nI\/AAAAAAAABkU\/xF_aDXYb_zc\/w600-h400-no\/4_600x400.jpg\" \/><\/span><\/div>\n<\/td>\n<td>&nbsp;&nbsp;&nbsp;&nbsp;&nbsp;&nbsp;<\/p>\n<div><span style=\"color: #000000; font-size: 10pt; font-family: tahoma,arial,helvetica,sans-serif;\"><img decoding=\"async\" class=\"lazyload HAa Eha\" style=\"height: 267px; width: 400px; border-width: 1px; border-style: solid; margin: 10px auto; display: block;\" alt=\"\" src=\"data:image\/gif;base64,R0lGODlhAQABAAAAACH5BAEKAAEALAAAAAABAAEAAAICTAEAOw==\" data-orig-src=\"https:\/\/lh6.googleusercontent.com\/-ggjNFJrpI2s\/U_7i74Q_5QI\/AAAAAAAABkQ\/ede93l8yEM4\/w600-h400-no\/3_600x400.jpg\" \/><\/span><\/div>\n<p>&nbsp;&nbsp;&nbsp;<\/td>\n<\/tr>\n<\/tbody>\n<\/table>\n<div><span style=\"color: #000000; font-size: 10pt; font-family: tahoma,arial,helvetica,sans-serif;\"><\/span><\/div>\n<div><span style=\"color: #000000; font-size: 10pt; font-family: tahoma,arial,helvetica,sans-serif;\"><\/span><\/div>\n","protected":false},"excerpt":{"rendered":"<p>&nbsp;&nbsp;&nbsp; Bekim i ve\u00e7ant\u00eb ishte p\u00ebr Gjirokastr\u00ebn vizita e Fortlumturis\u00eb s\u00eb Tij, Kryepiskopit t\u00eb Tiran\u00ebs dhe gjith\u00eb Shqip\u00ebris\u00eb, Anastasit. Duke ardhur nga Qiproja, ku Universiteti i saj, n\u00eb nj\u00eb ceremoni t\u00eb shk\u00eblqyer, e shpalli \u201cDoktor Nderi\u201d, Kryepiskopi mbushi me g\u00ebzim edhe zemrat e besimtar\u00ebve n\u00eb Mitropolin\u00eb e Gjirokastr\u00ebs. &nbsp;&nbsp; T\u00eb diel\u00ebn, 20 qershor, n\u00eb kish\u00ebn e Kryeengj\u00ebjve n\u00eb Varrosh, Fortlumturia e Tij, s\u00eb bashku me<\/p>\n","protected":false},"author":1,"featured_media":0,"comment_status":"open","ping_status":"open","sticky":false,"template":"","format":"standard","meta":{"_acf_changed":false,"pagelayer_contact_templates":[],"_pagelayer_content":"","inline_featured_image":false,"fifu_image_url":"","fifu_image_alt":"","footnotes":""},"categories":[108],"tags":[144,196,201,212,198],"class_list":["post-889","post","type-post","status-publish","format-standard","hentry","category-lajme","tag-144","tag-tirane","tag-kryepiskopi-anastas","tag-lajme-d27","tag-gjirokaster"],"acf":[],"yoast_head":"<!-- This site is optimized with the Yoast SEO plugin v27.2 - https:\/\/yoast.com\/product\/yoast-seo-wordpress\/ -->\n<title>Kryepiskopi Anastas vendos gurin e themelit p\u00ebr kish\u00ebn e re katedrale t\u00eb Ngjalljes s\u00eb Zotit, n\u00eb Gjirokast\u00ebr. (20 Qershor 2010) - Kisha Orthodh\u03bfkse Autoqefale e Shqip\u00ebris\u00eb<\/title>\n<meta name=\"robots\" content=\"index, follow, max-snippet:-1, max-image-preview:large, max-video-preview:-1\" \/>\n<link rel=\"canonical\" href=\"https:\/\/orthodoxalbania.org\/2020\/2013\/03\/20\/kryepiskopi-anastas-vendos-gurin-e-themelit-per-kishen-e-re-katedrale-te-ngjalljes-se-zotit-ne-gjirokaster\/\" \/>\n<meta property=\"og:locale\" content=\"en_US\" \/>\n<meta property=\"og:type\" content=\"article\" \/>\n<meta property=\"og:title\" content=\"Kryepiskopi Anastas vendos gurin e themelit p\u00ebr kish\u00ebn e re katedrale t\u00eb Ngjalljes s\u00eb Zotit, n\u00eb Gjirokast\u00ebr. (20 Qershor 2010) - Kisha Orthodh\u03bfkse Autoqefale e Shqip\u00ebris\u00eb\" \/>\n<meta property=\"og:description\" content=\"&nbsp;&nbsp;&nbsp; Bekim i ve\u00e7ant\u00eb ishte p\u00ebr Gjirokastr\u00ebn vizita e Fortlumturis\u00eb s\u00eb Tij, Kryepiskopit t\u00eb Tiran\u00ebs dhe gjith\u00eb Shqip\u00ebris\u00eb, Anastasit. Duke ardhur nga Qiproja, ku Universiteti i saj, n\u00eb nj\u00eb ceremoni t\u00eb shk\u00eblqyer, e shpalli \u201cDoktor Nderi\u201d, Kryepiskopi mbushi me g\u00ebzim edhe zemrat e besimtar\u00ebve n\u00eb Mitropolin\u00eb e Gjirokastr\u00ebs. &nbsp;&nbsp; T\u00eb diel\u00ebn, 20 qershor, n\u00eb kish\u00ebn e Kryeengj\u00ebjve n\u00eb Varrosh, Fortlumturia e Tij, s\u00eb bashku me\" \/>\n<meta property=\"og:url\" content=\"https:\/\/orthodoxalbania.org\/2020\/2013\/03\/20\/kryepiskopi-anastas-vendos-gurin-e-themelit-per-kishen-e-re-katedrale-te-ngjalljes-se-zotit-ne-gjirokaster\/\" \/>\n<meta property=\"og:site_name\" content=\"Kisha Orthodh\u03bfkse Autoqefale e Shqip\u00ebris\u00eb\" \/>\n<meta property=\"article:publisher\" content=\"https:\/\/www.facebook.com\/koash1991\" \/>\n<meta property=\"article:published_time\" content=\"2013-03-20T12:50:27+00:00\" \/>\n<meta property=\"article:modified_time\" content=\"2020-04-06T20:32:24+00:00\" \/>\n<meta property=\"og:image\" content=\"https:\/\/lh5.googleusercontent.com\/-bR7xbqcNmLY\/U_7i74oqGOI\/AAAAAAAABkA\/2-2Rgb6htgU\/w400-h600-no\/1_400x600.jpg\" \/>\n<meta name=\"author\" content=\"Kisha Orthodhokse\" \/>\n<meta name=\"twitter:card\" content=\"summary_large_image\" \/>\n<meta name=\"twitter:label1\" content=\"Written by\" \/>\n\t<meta name=\"twitter:data1\" content=\"Kisha Orthodhokse\" \/>\n\t<meta name=\"twitter:label2\" content=\"Est. reading time\" \/>\n\t<meta name=\"twitter:data2\" content=\"3 minutes\" \/>\n<script type=\"application\/ld+json\" class=\"yoast-schema-graph\">{\"@context\":\"https:\/\/schema.org\",\"@graph\":[{\"@type\":\"Article\",\"@id\":\"https:\/\/orthodoxalbania.org\/2020\/2013\/03\/20\/kryepiskopi-anastas-vendos-gurin-e-themelit-per-kishen-e-re-katedrale-te-ngjalljes-se-zotit-ne-gjirokaster\/#article\",\"isPartOf\":{\"@id\":\"https:\/\/orthodoxalbania.org\/2020\/2013\/03\/20\/kryepiskopi-anastas-vendos-gurin-e-themelit-per-kishen-e-re-katedrale-te-ngjalljes-se-zotit-ne-gjirokaster\/\"},\"author\":{\"name\":\"Kisha Orthodhokse\",\"@id\":\"https:\/\/orthodoxalbania.org\/2020\/#\/schema\/person\/0c387634a7063ac612d7ed9ce71c7e86\"},\"headline\":\"Kryepiskopi Anastas vendos gurin e themelit p\u00ebr kish\u00ebn e re katedrale t\u00eb Ngjalljes s\u00eb Zotit, n\u00eb Gjirokast\u00ebr. (20 Qershor 2010)\",\"datePublished\":\"2013-03-20T12:50:27+00:00\",\"dateModified\":\"2020-04-06T20:32:24+00:00\",\"mainEntityOfPage\":{\"@id\":\"https:\/\/orthodoxalbania.org\/2020\/2013\/03\/20\/kryepiskopi-anastas-vendos-gurin-e-themelit-per-kishen-e-re-katedrale-te-ngjalljes-se-zotit-ne-gjirokaster\/\"},\"wordCount\":645,\"commentCount\":0,\"publisher\":{\"@id\":\"https:\/\/orthodoxalbania.org\/2020\/#organization\"},\"image\":{\"@id\":\"https:\/\/orthodoxalbania.org\/2020\/2013\/03\/20\/kryepiskopi-anastas-vendos-gurin-e-themelit-per-kishen-e-re-katedrale-te-ngjalljes-se-zotit-ne-gjirokaster\/#primaryimage\"},\"thumbnailUrl\":\"https:\/\/lh5.googleusercontent.com\/-bR7xbqcNmLY\/U_7i74oqGOI\/AAAAAAAABkA\/2-2Rgb6htgU\/w400-h600-no\/1_400x600.jpg\",\"keywords\":[\"2010\",\"Kryepiskopata Tiran\u00eb\",\"Kryepiskopi Anastas\",\"lajme\",\"Mitropolia Gjirokast\u00ebr\"],\"articleSection\":[\"Lajme\"],\"inLanguage\":\"en-US\"},{\"@type\":\"WebPage\",\"@id\":\"https:\/\/orthodoxalbania.org\/2020\/2013\/03\/20\/kryepiskopi-anastas-vendos-gurin-e-themelit-per-kishen-e-re-katedrale-te-ngjalljes-se-zotit-ne-gjirokaster\/\",\"url\":\"https:\/\/orthodoxalbania.org\/2020\/2013\/03\/20\/kryepiskopi-anastas-vendos-gurin-e-themelit-per-kishen-e-re-katedrale-te-ngjalljes-se-zotit-ne-gjirokaster\/\",\"name\":\"Kryepiskopi Anastas vendos gurin e themelit p\u00ebr kish\u00ebn e re katedrale t\u00eb Ngjalljes s\u00eb Zotit, n\u00eb Gjirokast\u00ebr. (20 Qershor 2010) - Kisha Orthodh\u03bfkse Autoqefale e Shqip\u00ebris\u00eb\",\"isPartOf\":{\"@id\":\"https:\/\/orthodoxalbania.org\/2020\/#website\"},\"primaryImageOfPage\":{\"@id\":\"https:\/\/orthodoxalbania.org\/2020\/2013\/03\/20\/kryepiskopi-anastas-vendos-gurin-e-themelit-per-kishen-e-re-katedrale-te-ngjalljes-se-zotit-ne-gjirokaster\/#primaryimage\"},\"image\":{\"@id\":\"https:\/\/orthodoxalbania.org\/2020\/2013\/03\/20\/kryepiskopi-anastas-vendos-gurin-e-themelit-per-kishen-e-re-katedrale-te-ngjalljes-se-zotit-ne-gjirokaster\/#primaryimage\"},\"thumbnailUrl\":\"https:\/\/lh5.googleusercontent.com\/-bR7xbqcNmLY\/U_7i74oqGOI\/AAAAAAAABkA\/2-2Rgb6htgU\/w400-h600-no\/1_400x600.jpg\",\"datePublished\":\"2013-03-20T12:50:27+00:00\",\"dateModified\":\"2020-04-06T20:32:24+00:00\",\"breadcrumb\":{\"@id\":\"https:\/\/orthodoxalbania.org\/2020\/2013\/03\/20\/kryepiskopi-anastas-vendos-gurin-e-themelit-per-kishen-e-re-katedrale-te-ngjalljes-se-zotit-ne-gjirokaster\/#breadcrumb\"},\"inLanguage\":\"en-US\",\"potentialAction\":[{\"@type\":\"ReadAction\",\"target\":[\"https:\/\/orthodoxalbania.org\/2020\/2013\/03\/20\/kryepiskopi-anastas-vendos-gurin-e-themelit-per-kishen-e-re-katedrale-te-ngjalljes-se-zotit-ne-gjirokaster\/\"]}]},{\"@type\":\"ImageObject\",\"inLanguage\":\"en-US\",\"@id\":\"https:\/\/orthodoxalbania.org\/2020\/2013\/03\/20\/kryepiskopi-anastas-vendos-gurin-e-themelit-per-kishen-e-re-katedrale-te-ngjalljes-se-zotit-ne-gjirokaster\/#primaryimage\",\"url\":\"https:\/\/lh5.googleusercontent.com\/-bR7xbqcNmLY\/U_7i74oqGOI\/AAAAAAAABkA\/2-2Rgb6htgU\/w400-h600-no\/1_400x600.jpg\",\"contentUrl\":\"https:\/\/lh5.googleusercontent.com\/-bR7xbqcNmLY\/U_7i74oqGOI\/AAAAAAAABkA\/2-2Rgb6htgU\/w400-h600-no\/1_400x600.jpg\"},{\"@type\":\"BreadcrumbList\",\"@id\":\"https:\/\/orthodoxalbania.org\/2020\/2013\/03\/20\/kryepiskopi-anastas-vendos-gurin-e-themelit-per-kishen-e-re-katedrale-te-ngjalljes-se-zotit-ne-gjirokaster\/#breadcrumb\",\"itemListElement\":[{\"@type\":\"ListItem\",\"position\":1,\"name\":\"Home\",\"item\":\"https:\/\/orthodoxalbania.org\/2020\/\"},{\"@type\":\"ListItem\",\"position\":2,\"name\":\"Kryepiskopi Anastas vendos gurin e themelit p\u00ebr kish\u00ebn e re katedrale t\u00eb Ngjalljes s\u00eb Zotit, n\u00eb Gjirokast\u00ebr. (20 Qershor 2010)\"}]},{\"@type\":\"WebSite\",\"@id\":\"https:\/\/orthodoxalbania.org\/2020\/#website\",\"url\":\"https:\/\/orthodoxalbania.org\/2020\/\",\"name\":\"Kisha Orthodh\u03bfkse Autoqefale e Shqip\u00ebris\u00eb\",\"description\":\"Fqja Zyrtare e Kish\u00ebs Orthodhokse Autoqefale e Shqip\u00ebris\u00eb me lajmet edhe informacionet zyrtare p\u00ebr struktur\u00ebn edhe veprimtarin e saj.\",\"publisher\":{\"@id\":\"https:\/\/orthodoxalbania.org\/2020\/#organization\"},\"potentialAction\":[{\"@type\":\"SearchAction\",\"target\":{\"@type\":\"EntryPoint\",\"urlTemplate\":\"https:\/\/orthodoxalbania.org\/2020\/?s={search_term_string}\"},\"query-input\":{\"@type\":\"PropertyValueSpecification\",\"valueRequired\":true,\"valueName\":\"search_term_string\"}}],\"inLanguage\":\"en-US\"},{\"@type\":\"Organization\",\"@id\":\"https:\/\/orthodoxalbania.org\/2020\/#organization\",\"name\":\"Kisha Orthodhokse Autoqefale e Shqip\u00ebris\u00eb\",\"url\":\"https:\/\/orthodoxalbania.org\/2020\/\",\"logo\":{\"@type\":\"ImageObject\",\"inLanguage\":\"en-US\",\"@id\":\"https:\/\/orthodoxalbania.org\/2020\/#\/schema\/logo\/image\/\",\"url\":\"https:\/\/orthodoxalbania.org\/2020\/wp-content\/uploads\/2020\/05\/albania.jpeg\",\"contentUrl\":\"https:\/\/orthodoxalbania.org\/2020\/wp-content\/uploads\/2020\/05\/albania.jpeg\",\"width\":540,\"height\":540,\"caption\":\"Kisha Orthodhokse Autoqefale e Shqip\u00ebris\u00eb\"},\"image\":{\"@id\":\"https:\/\/orthodoxalbania.org\/2020\/#\/schema\/logo\/image\/\"},\"sameAs\":[\"https:\/\/www.facebook.com\/koash1991\"]},{\"@type\":\"Person\",\"@id\":\"https:\/\/orthodoxalbania.org\/2020\/#\/schema\/person\/0c387634a7063ac612d7ed9ce71c7e86\",\"name\":\"Kisha Orthodhokse\",\"image\":{\"@type\":\"ImageObject\",\"inLanguage\":\"en-US\",\"@id\":\"https:\/\/secure.gravatar.com\/avatar\/596e7c417251e30f2fbb9c00e026fce61a695a00e51c889caded71c96cbbdde5?s=96&d=mm&r=g\",\"url\":\"https:\/\/secure.gravatar.com\/avatar\/596e7c417251e30f2fbb9c00e026fce61a695a00e51c889caded71c96cbbdde5?s=96&d=mm&r=g\",\"contentUrl\":\"https:\/\/secure.gravatar.com\/avatar\/596e7c417251e30f2fbb9c00e026fce61a695a00e51c889caded71c96cbbdde5?s=96&d=mm&r=g\",\"caption\":\"Kisha Orthodhokse\"}}]}<\/script>\n<!-- \/ Yoast SEO plugin. -->","yoast_head_json":{"title":"Kryepiskopi Anastas vendos gurin e themelit p\u00ebr kish\u00ebn e re katedrale t\u00eb Ngjalljes s\u00eb Zotit, n\u00eb Gjirokast\u00ebr. (20 Qershor 2010) - Kisha Orthodh\u03bfkse Autoqefale e Shqip\u00ebris\u00eb","robots":{"index":"index","follow":"follow","max-snippet":"max-snippet:-1","max-image-preview":"max-image-preview:large","max-video-preview":"max-video-preview:-1"},"canonical":"https:\/\/orthodoxalbania.org\/2020\/2013\/03\/20\/kryepiskopi-anastas-vendos-gurin-e-themelit-per-kishen-e-re-katedrale-te-ngjalljes-se-zotit-ne-gjirokaster\/","og_locale":"en_US","og_type":"article","og_title":"Kryepiskopi Anastas vendos gurin e themelit p\u00ebr kish\u00ebn e re katedrale t\u00eb Ngjalljes s\u00eb Zotit, n\u00eb Gjirokast\u00ebr. (20 Qershor 2010) - Kisha Orthodh\u03bfkse Autoqefale e Shqip\u00ebris\u00eb","og_description":"&nbsp;&nbsp;&nbsp; Bekim i ve\u00e7ant\u00eb ishte p\u00ebr Gjirokastr\u00ebn vizita e Fortlumturis\u00eb s\u00eb Tij, Kryepiskopit t\u00eb Tiran\u00ebs dhe gjith\u00eb Shqip\u00ebris\u00eb, Anastasit. Duke ardhur nga Qiproja, ku Universiteti i saj, n\u00eb nj\u00eb ceremoni t\u00eb shk\u00eblqyer, e shpalli \u201cDoktor Nderi\u201d, Kryepiskopi mbushi me g\u00ebzim edhe zemrat e besimtar\u00ebve n\u00eb Mitropolin\u00eb e Gjirokastr\u00ebs. &nbsp;&nbsp; T\u00eb diel\u00ebn, 20 qershor, n\u00eb kish\u00ebn e Kryeengj\u00ebjve n\u00eb Varrosh, Fortlumturia e Tij, s\u00eb bashku me","og_url":"https:\/\/orthodoxalbania.org\/2020\/2013\/03\/20\/kryepiskopi-anastas-vendos-gurin-e-themelit-per-kishen-e-re-katedrale-te-ngjalljes-se-zotit-ne-gjirokaster\/","og_site_name":"Kisha Orthodh\u03bfkse Autoqefale e Shqip\u00ebris\u00eb","article_publisher":"https:\/\/www.facebook.com\/koash1991","article_published_time":"2013-03-20T12:50:27+00:00","article_modified_time":"2020-04-06T20:32:24+00:00","og_image":[{"url":"https:\/\/lh5.googleusercontent.com\/-bR7xbqcNmLY\/U_7i74oqGOI\/AAAAAAAABkA\/2-2Rgb6htgU\/w400-h600-no\/1_400x600.jpg","type":"","width":"","height":""}],"author":"Kisha Orthodhokse","twitter_card":"summary_large_image","twitter_misc":{"Written by":"Kisha Orthodhokse","Est. reading time":"3 minutes"},"schema":{"@context":"https:\/\/schema.org","@graph":[{"@type":"Article","@id":"https:\/\/orthodoxalbania.org\/2020\/2013\/03\/20\/kryepiskopi-anastas-vendos-gurin-e-themelit-per-kishen-e-re-katedrale-te-ngjalljes-se-zotit-ne-gjirokaster\/#article","isPartOf":{"@id":"https:\/\/orthodoxalbania.org\/2020\/2013\/03\/20\/kryepiskopi-anastas-vendos-gurin-e-themelit-per-kishen-e-re-katedrale-te-ngjalljes-se-zotit-ne-gjirokaster\/"},"author":{"name":"Kisha Orthodhokse","@id":"https:\/\/orthodoxalbania.org\/2020\/#\/schema\/person\/0c387634a7063ac612d7ed9ce71c7e86"},"headline":"Kryepiskopi Anastas vendos gurin e themelit p\u00ebr kish\u00ebn e re katedrale t\u00eb Ngjalljes s\u00eb Zotit, n\u00eb Gjirokast\u00ebr. (20 Qershor 2010)","datePublished":"2013-03-20T12:50:27+00:00","dateModified":"2020-04-06T20:32:24+00:00","mainEntityOfPage":{"@id":"https:\/\/orthodoxalbania.org\/2020\/2013\/03\/20\/kryepiskopi-anastas-vendos-gurin-e-themelit-per-kishen-e-re-katedrale-te-ngjalljes-se-zotit-ne-gjirokaster\/"},"wordCount":645,"commentCount":0,"publisher":{"@id":"https:\/\/orthodoxalbania.org\/2020\/#organization"},"image":{"@id":"https:\/\/orthodoxalbania.org\/2020\/2013\/03\/20\/kryepiskopi-anastas-vendos-gurin-e-themelit-per-kishen-e-re-katedrale-te-ngjalljes-se-zotit-ne-gjirokaster\/#primaryimage"},"thumbnailUrl":"https:\/\/lh5.googleusercontent.com\/-bR7xbqcNmLY\/U_7i74oqGOI\/AAAAAAAABkA\/2-2Rgb6htgU\/w400-h600-no\/1_400x600.jpg","keywords":["2010","Kryepiskopata Tiran\u00eb","Kryepiskopi Anastas","lajme","Mitropolia Gjirokast\u00ebr"],"articleSection":["Lajme"],"inLanguage":"en-US"},{"@type":"WebPage","@id":"https:\/\/orthodoxalbania.org\/2020\/2013\/03\/20\/kryepiskopi-anastas-vendos-gurin-e-themelit-per-kishen-e-re-katedrale-te-ngjalljes-se-zotit-ne-gjirokaster\/","url":"https:\/\/orthodoxalbania.org\/2020\/2013\/03\/20\/kryepiskopi-anastas-vendos-gurin-e-themelit-per-kishen-e-re-katedrale-te-ngjalljes-se-zotit-ne-gjirokaster\/","name":"Kryepiskopi Anastas vendos gurin e themelit p\u00ebr kish\u00ebn e re katedrale t\u00eb Ngjalljes s\u00eb Zotit, n\u00eb Gjirokast\u00ebr. (20 Qershor 2010) - Kisha Orthodh\u03bfkse Autoqefale e Shqip\u00ebris\u00eb","isPartOf":{"@id":"https:\/\/orthodoxalbania.org\/2020\/#website"},"primaryImageOfPage":{"@id":"https:\/\/orthodoxalbania.org\/2020\/2013\/03\/20\/kryepiskopi-anastas-vendos-gurin-e-themelit-per-kishen-e-re-katedrale-te-ngjalljes-se-zotit-ne-gjirokaster\/#primaryimage"},"image":{"@id":"https:\/\/orthodoxalbania.org\/2020\/2013\/03\/20\/kryepiskopi-anastas-vendos-gurin-e-themelit-per-kishen-e-re-katedrale-te-ngjalljes-se-zotit-ne-gjirokaster\/#primaryimage"},"thumbnailUrl":"https:\/\/lh5.googleusercontent.com\/-bR7xbqcNmLY\/U_7i74oqGOI\/AAAAAAAABkA\/2-2Rgb6htgU\/w400-h600-no\/1_400x600.jpg","datePublished":"2013-03-20T12:50:27+00:00","dateModified":"2020-04-06T20:32:24+00:00","breadcrumb":{"@id":"https:\/\/orthodoxalbania.org\/2020\/2013\/03\/20\/kryepiskopi-anastas-vendos-gurin-e-themelit-per-kishen-e-re-katedrale-te-ngjalljes-se-zotit-ne-gjirokaster\/#breadcrumb"},"inLanguage":"en-US","potentialAction":[{"@type":"ReadAction","target":["https:\/\/orthodoxalbania.org\/2020\/2013\/03\/20\/kryepiskopi-anastas-vendos-gurin-e-themelit-per-kishen-e-re-katedrale-te-ngjalljes-se-zotit-ne-gjirokaster\/"]}]},{"@type":"ImageObject","inLanguage":"en-US","@id":"https:\/\/orthodoxalbania.org\/2020\/2013\/03\/20\/kryepiskopi-anastas-vendos-gurin-e-themelit-per-kishen-e-re-katedrale-te-ngjalljes-se-zotit-ne-gjirokaster\/#primaryimage","url":"https:\/\/lh5.googleusercontent.com\/-bR7xbqcNmLY\/U_7i74oqGOI\/AAAAAAAABkA\/2-2Rgb6htgU\/w400-h600-no\/1_400x600.jpg","contentUrl":"https:\/\/lh5.googleusercontent.com\/-bR7xbqcNmLY\/U_7i74oqGOI\/AAAAAAAABkA\/2-2Rgb6htgU\/w400-h600-no\/1_400x600.jpg"},{"@type":"BreadcrumbList","@id":"https:\/\/orthodoxalbania.org\/2020\/2013\/03\/20\/kryepiskopi-anastas-vendos-gurin-e-themelit-per-kishen-e-re-katedrale-te-ngjalljes-se-zotit-ne-gjirokaster\/#breadcrumb","itemListElement":[{"@type":"ListItem","position":1,"name":"Home","item":"https:\/\/orthodoxalbania.org\/2020\/"},{"@type":"ListItem","position":2,"name":"Kryepiskopi Anastas vendos gurin e themelit p\u00ebr kish\u00ebn e re katedrale t\u00eb Ngjalljes s\u00eb Zotit, n\u00eb Gjirokast\u00ebr. (20 Qershor 2010)"}]},{"@type":"WebSite","@id":"https:\/\/orthodoxalbania.org\/2020\/#website","url":"https:\/\/orthodoxalbania.org\/2020\/","name":"Kisha Orthodh\u03bfkse Autoqefale e Shqip\u00ebris\u00eb","description":"Fqja Zyrtare e Kish\u00ebs Orthodhokse Autoqefale e Shqip\u00ebris\u00eb me lajmet edhe informacionet zyrtare p\u00ebr struktur\u00ebn edhe veprimtarin e saj.","publisher":{"@id":"https:\/\/orthodoxalbania.org\/2020\/#organization"},"potentialAction":[{"@type":"SearchAction","target":{"@type":"EntryPoint","urlTemplate":"https:\/\/orthodoxalbania.org\/2020\/?s={search_term_string}"},"query-input":{"@type":"PropertyValueSpecification","valueRequired":true,"valueName":"search_term_string"}}],"inLanguage":"en-US"},{"@type":"Organization","@id":"https:\/\/orthodoxalbania.org\/2020\/#organization","name":"Kisha Orthodhokse Autoqefale e Shqip\u00ebris\u00eb","url":"https:\/\/orthodoxalbania.org\/2020\/","logo":{"@type":"ImageObject","inLanguage":"en-US","@id":"https:\/\/orthodoxalbania.org\/2020\/#\/schema\/logo\/image\/","url":"https:\/\/orthodoxalbania.org\/2020\/wp-content\/uploads\/2020\/05\/albania.jpeg","contentUrl":"https:\/\/orthodoxalbania.org\/2020\/wp-content\/uploads\/2020\/05\/albania.jpeg","width":540,"height":540,"caption":"Kisha Orthodhokse Autoqefale e Shqip\u00ebris\u00eb"},"image":{"@id":"https:\/\/orthodoxalbania.org\/2020\/#\/schema\/logo\/image\/"},"sameAs":["https:\/\/www.facebook.com\/koash1991"]},{"@type":"Person","@id":"https:\/\/orthodoxalbania.org\/2020\/#\/schema\/person\/0c387634a7063ac612d7ed9ce71c7e86","name":"Kisha Orthodhokse","image":{"@type":"ImageObject","inLanguage":"en-US","@id":"https:\/\/secure.gravatar.com\/avatar\/596e7c417251e30f2fbb9c00e026fce61a695a00e51c889caded71c96cbbdde5?s=96&d=mm&r=g","url":"https:\/\/secure.gravatar.com\/avatar\/596e7c417251e30f2fbb9c00e026fce61a695a00e51c889caded71c96cbbdde5?s=96&d=mm&r=g","contentUrl":"https:\/\/secure.gravatar.com\/avatar\/596e7c417251e30f2fbb9c00e026fce61a695a00e51c889caded71c96cbbdde5?s=96&d=mm&r=g","caption":"Kisha Orthodhokse"}}]}},"_links":{"self":[{"href":"https:\/\/orthodoxalbania.org\/2020\/wp-json\/wp\/v2\/posts\/889","targetHints":{"allow":["GET"]}}],"collection":[{"href":"https:\/\/orthodoxalbania.org\/2020\/wp-json\/wp\/v2\/posts"}],"about":[{"href":"https:\/\/orthodoxalbania.org\/2020\/wp-json\/wp\/v2\/types\/post"}],"author":[{"embeddable":true,"href":"https:\/\/orthodoxalbania.org\/2020\/wp-json\/wp\/v2\/users\/1"}],"replies":[{"embeddable":true,"href":"https:\/\/orthodoxalbania.org\/2020\/wp-json\/wp\/v2\/comments?post=889"}],"version-history":[{"count":1,"href":"https:\/\/orthodoxalbania.org\/2020\/wp-json\/wp\/v2\/posts\/889\/revisions"}],"predecessor-version":[{"id":15492,"href":"https:\/\/orthodoxalbania.org\/2020\/wp-json\/wp\/v2\/posts\/889\/revisions\/15492"}],"wp:attachment":[{"href":"https:\/\/orthodoxalbania.org\/2020\/wp-json\/wp\/v2\/media?parent=889"}],"wp:term":[{"taxonomy":"category","embeddable":true,"href":"https:\/\/orthodoxalbania.org\/2020\/wp-json\/wp\/v2\/categories?post=889"},{"taxonomy":"post_tag","embeddable":true,"href":"https:\/\/orthodoxalbania.org\/2020\/wp-json\/wp\/v2\/tags?post=889"}],"curies":[{"name":"wp","href":"https:\/\/api.w.org\/{rel}","templated":true}]}}